{"id":85162,"date":"2021-11-08T17:49:46","date_gmt":"2021-11-08T20:49:46","guid":{"rendered":"https:\/\/www.jornalja.com.br\/cultura\/?p=85162"},"modified":"2021-11-08T17:49:46","modified_gmt":"2021-11-08T20:49:46","slug":"l-f-verissimo-recebe-desenhos-por-vandalismo-ao-seu-retrato-na-mostra-autorias","status":"publish","type":"post","link":"https:\/\/www.jornalja.com.br\/cultura\/l-f-verissimo-recebe-desenhos-por-vandalismo-ao-seu-retrato-na-mostra-autorias\/","title":{"rendered":"L. F. Verissimo recebe desenhos por vandalismo ao seu retrato na mostra &#8220;Autorias&#8221;"},"content":{"rendered":"<p style=\"font-weight: 400\">O jornalista e escritor Luis Fernando Verissimo, que convalesce em casa, recebeu um presente especial entregue pela idealizadora da exposi\u00e7\u00e3o &#8220;Autorias&#8221;, Gra\u00e7a Craidy: uma pasta com os trabalhos da atividade \u201cDesenhando Verissimo\u201d, em desagravo ao fato de a tela com o retrato de LFV ter sido vandalizada em meio \u00e0 mostra ao ar livre na galeria Escadaria, no Viaduto Ot\u00e1vio Rocha, Centro Hist\u00f3rico de Porto Alegre.<\/p>\n<figure id=\"attachment_85164\" aria-describedby=\"caption-attachment-85164\" style=\"width: 300px\" class=\"wp-caption alignnone\"><img decoding=\"async\" data-attachment-id=\"85164\" data-permalink=\"https:\/\/www.jornalja.com.br\/cultura\/l-f-verissimo-recebe-desenhos-por-vandalismo-ao-seu-retrato-na-mostra-autorias\/verissimo-entrega-da-pasta\/\" data-orig-file=\"https:\/\/www.jornalja.com.br\/cultura\/wp-content\/uploads\/sites\/2\/2021\/11\/verissimo-entrega-da-pasta-scaled.jpg\" data-orig-size=\"2560,1919\" data-comments-opened=\"1\" data-image-meta=\"{&quot;aperture&quot;:&quot;0&quot;,&quot;credit&quot;:&quot;&quot;,&quot;camera&quot;:&quot;&quot;,&quot;caption&quot;:&quot;&quot;,&quot;created_timestamp&quot;:&quot;0&quot;,&quot;copyright&quot;:&quot;&quot;,&quot;focal_length&quot;:&quot;0&quot;,&quot;iso&quot;:&quot;0&quot;,&quot;shutter_speed&quot;:&quot;0&quot;,&quot;title&quot;:&quot;&quot;,&quot;orientation&quot;:&quot;1&quot;}\" data-image-title=\"\" data-image-description=\"\" data-image-caption=\"&lt;p&gt;Gra\u00e7a Craidy, Pedro e L\u00facia Verissimo. Foto; Divulga\u00e7\u00e3o&lt;\/p&gt;\n\" data-large-file=\"https:\/\/www.jornalja.com.br\/cultura\/wp-content\/uploads\/sites\/2\/2021\/11\/verissimo-entrega-da-pasta-1024x768.jpg\" class=\"size-medium wp-image-85164\" src=\"https:\/\/www.jornalja.com.br\/cultura\/wp-content\/uploads\/sites\/2\/2021\/11\/verissimo-entrega-da-pasta-300x225.jpg\" alt=\"\" width=\"300\" height=\"225\" srcset=\"https:\/\/www.jornalja.com.br\/cultura\/wp-content\/uploads\/sites\/2\/2021\/11\/verissimo-entrega-da-pasta-300x225.jpg 300w, https:\/\/www.jornalja.com.br\/cultura\/wp-content\/uploads\/sites\/2\/2021\/11\/verissimo-entrega-da-pasta-1024x768.jpg 1024w, https:\/\/www.jornalja.com.br\/cultura\/wp-content\/uploads\/sites\/2\/2021\/11\/verissimo-entrega-da-pasta-768x576.jpg 768w, https:\/\/www.jornalja.com.br\/cultura\/wp-content\/uploads\/sites\/2\/2021\/11\/verissimo-entrega-da-pasta-1536x1151.jpg 1536w, https:\/\/www.jornalja.com.br\/cultura\/wp-content\/uploads\/sites\/2\/2021\/11\/verissimo-entrega-da-pasta-2048x1535.jpg 2048w, https:\/\/www.jornalja.com.br\/cultura\/wp-content\/uploads\/sites\/2\/2021\/11\/verissimo-entrega-da-pasta-1200x899.jpg 1200w\" sizes=\"(max-width: 300px) 100vw, 300px\" \/><figcaption id=\"caption-attachment-85164\" class=\"wp-caption-text\">Gra\u00e7a Craidy, Pedro e L\u00facia Verissimo. Foto; Divulga\u00e7\u00e3o<\/figcaption><\/figure>\n<p style=\"font-weight: 400\">A entrega da pasta, em nome dos 18 artistas visuais da mostra e tamb\u00e9m dos participantes que aderiram ao desagravo, realizado a quatro dias do final da exposi\u00e7\u00e3o, foi feita \u00e0 esposa de Verissimo, L\u00facia, e ao filho, Pedro, na tarde de domingo (7). Eles agradeceram e elogiaram a iniciativa dos artistas de repudiar o ataque a arte.<\/p>\n<p style=\"font-weight: 400\">A pasta cont\u00e9m 25 desenhos (e alguns breves textos) feitos para Verissimo. Em um deles, o escritor \u00e9 retratado como saxofonista, uma de suas grandes paix\u00f5es fora do jornalismo e da literatura. \u201cA pasta foi entregue ao querido Verissimo como prova de nosso afeto e admira\u00e7\u00e3o\u201d, disse Gra\u00e7a Craidy.<\/p>\n<p style=\"font-weight: 400\">A tela original, atacada provavelmente com um estilete, foi substitu\u00edda por uma foto adesivada do quadro que foi danificada outras duas vezes com uso de subst\u00e2ncias qu\u00edmicas. Houve registro das ocorr\u00eancias na Pol\u00edcia Civil, mas ainda n\u00e3o se conhece a identidade do criminoso.<\/p>\n<p style=\"font-weight: 400\"><img decoding=\"async\" data-attachment-id=\"85165\" data-permalink=\"https:\/\/www.jornalja.com.br\/cultura\/l-f-verissimo-recebe-desenhos-por-vandalismo-ao-seu-retrato-na-mostra-autorias\/verissimo-pasta\/\" data-orig-file=\"https:\/\/www.jornalja.com.br\/cultura\/wp-content\/uploads\/sites\/2\/2021\/11\/verissimo-pasta-scaled.jpg\" data-orig-size=\"2560,2149\" data-comments-opened=\"1\" data-image-meta=\"{&quot;aperture&quot;:&quot;0&quot;,&quot;credit&quot;:&quot;&quot;,&quot;camera&quot;:&quot;&quot;,&quot;caption&quot;:&quot;&quot;,&quot;created_timestamp&quot;:&quot;0&quot;,&quot;copyright&quot;:&quot;&quot;,&quot;focal_length&quot;:&quot;0&quot;,&quot;iso&quot;:&quot;0&quot;,&quot;shutter_speed&quot;:&quot;0&quot;,&quot;title&quot;:&quot;&quot;,&quot;orientation&quot;:&quot;1&quot;}\" data-image-title=\"ver\u00edssimo pasta\" data-image-description=\"\" data-image-caption=\"\" data-large-file=\"https:\/\/www.jornalja.com.br\/cultura\/wp-content\/uploads\/sites\/2\/2021\/11\/verissimo-pasta-1024x860.jpg\" class=\"alignnone size-medium wp-image-85165\" src=\"https:\/\/www.jornalja.com.br\/cultura\/wp-content\/uploads\/sites\/2\/2021\/11\/verissimo-pasta-300x252.jpg\" alt=\"\" width=\"300\" height=\"252\" srcset=\"https:\/\/www.jornalja.com.br\/cultura\/wp-content\/uploads\/sites\/2\/2021\/11\/verissimo-pasta-300x252.jpg 300w, https:\/\/www.jornalja.com.br\/cultura\/wp-content\/uploads\/sites\/2\/2021\/11\/verissimo-pasta-1024x860.jpg 1024w, https:\/\/www.jornalja.com.br\/cultura\/wp-content\/uploads\/sites\/2\/2021\/11\/verissimo-pasta-768x645.jpg 768w, https:\/\/www.jornalja.com.br\/cultura\/wp-content\/uploads\/sites\/2\/2021\/11\/verissimo-pasta-1536x1290.jpg 1536w, https:\/\/www.jornalja.com.br\/cultura\/wp-content\/uploads\/sites\/2\/2021\/11\/verissimo-pasta-2048x1719.jpg 2048w, https:\/\/www.jornalja.com.br\/cultura\/wp-content\/uploads\/sites\/2\/2021\/11\/verissimo-pasta-1200x1007.jpg 1200w\" sizes=\"(max-width: 300px) 100vw, 300px\" \/><\/p>\n<p style=\"font-weight: 400\">A pintura do artista Gustavo Burkhart foi restaurada e far\u00e1 parte de futuras remontagens da exposi\u00e7\u00e3o. Os demais 25 retratos de escritores ga\u00fachos da mostra n\u00e3o sofreram ataques.<\/p>\n<p style=\"font-weight: 400\">&#8211;<\/p>\n","protected":false},"excerpt":{"rendered":"<p>O jornalista e escritor Luis Fernando Verissimo, que convalesce em casa, recebeu um presente especial entregue pela idealizadora da exposi\u00e7\u00e3o &#8220;Autorias&#8221;, Gra\u00e7a Craidy: uma pasta com os trabalhos da atividade \u201cDesenhando Verissimo\u201d, em desagravo ao fato de a tela com o retrato de LFV ter sido vandalizada em meio \u00e0 mostra ao ar livre na [&hellip;]<\/p>\n","protected":false},"author":4,"featured_media":85163,"comment_status":"open","ping_status":"open","sticky":false,"template":"","format":"standard","meta":{"jetpack_post_was_ever_published":false,"_jetpack_newsletter_access":"","_jetpack_dont_email_post_to_subs":false,"_jetpack_newsletter_tier_id":0,"_jetpack_memberships_contains_paywalled_content":false,"_jetpack_memberships_contains_paid_content":false,"footnotes":"","jetpack_publicize_message":"","jetpack_publicize_feature_enabled":true,"jetpack_social_post_already_shared":true,"jetpack_social_options":{"image_generator_settings":{"template":"highway","default_image_id":0,"font":"","enabled":false},"version":2}},"categories":[2],"tags":[],"class_list":["post-85162","post","type-post","status-publish","format-standard","has-post-thumbnail","hentry","category-materiasecundaria"],"aioseo_notices":[],"jetpack_publicize_connections":[],"jetpack_featured_media_url":"https:\/\/www.jornalja.com.br\/cultura\/wp-content\/uploads\/sites\/2\/2021\/11\/verissimo-dezenas-de-desenhos-retratando-verissimo-foram-entregues-em-desagravo-e-em-homenagem-a-ele-scaled.jpeg","jetpack-related-posts":[{"id":86773,"url":"https:\/\/www.jornalja.com.br\/cultura\/100-vezes-graca-craidy-na-exposicao-de-retratos-em-caxias-do-sul\/","url_meta":{"origin":85162,"position":0},"title":"100 vezes Gra\u00e7a Craidy, na exposi\u00e7\u00e3o de retratos, em Caxias do Sul","author":"da Reda\u00e7\u00e3o","date":"29 de setembro de 2022","format":false,"excerpt":"Exatos 100 retratos de personalidades nacionais e internacionais da literatura, da m\u00fasica, das artes e de outras importantes atividades humanas comp\u00f5em a exposi\u00e7\u00e3o individual\u00a0\u201c100 Ritratti\u201d,\u00a0da artista visual ga\u00facha Gra\u00e7a Craidy, na Galeria Municipal de Arte Gerd Bornheim, em Caxias do Sul. A mostra ser\u00e1 aberta no s\u00e1bado (1\u00ba\/10), \u00e0s 11h,\u2026","rel":"","context":"Em &quot;Cultura-MAT\u00c9RIA&quot;","block_context":{"text":"Cultura-MAT\u00c9RIA","link":"https:\/\/www.jornalja.com.br\/cultura\/category\/materiasecundaria\/"},"img":{"alt_text":"","src":"https:\/\/i0.wp.com\/www.jornalja.com.br\/cultura\/wp-content\/uploads\/sites\/2\/2022\/09\/graca-11-oartista-gracacraidy-foto-de-wanderlei-oliveira.jpg?resize=350%2C200&ssl=1","width":350,"height":200,"srcset":"https:\/\/i0.wp.com\/www.jornalja.com.br\/cultura\/wp-content\/uploads\/sites\/2\/2022\/09\/graca-11-oartista-gracacraidy-foto-de-wanderlei-oliveira.jpg?resize=350%2C200&ssl=1 1x, https:\/\/i0.wp.com\/www.jornalja.com.br\/cultura\/wp-content\/uploads\/sites\/2\/2022\/09\/graca-11-oartista-gracacraidy-foto-de-wanderlei-oliveira.jpg?resize=525%2C300&ssl=1 1.5x, https:\/\/i0.wp.com\/www.jornalja.com.br\/cultura\/wp-content\/uploads\/sites\/2\/2022\/09\/graca-11-oartista-gracacraidy-foto-de-wanderlei-oliveira.jpg?resize=700%2C400&ssl=1 2x, https:\/\/i0.wp.com\/www.jornalja.com.br\/cultura\/wp-content\/uploads\/sites\/2\/2022\/09\/graca-11-oartista-gracacraidy-foto-de-wanderlei-oliveira.jpg?resize=1050%2C600&ssl=1 3x"},"classes":[]},{"id":91505,"url":"https:\/\/www.jornalja.com.br\/cultura\/exposicao-de-47-artistas-visuais-homenageia-erico-verissimo-no-espaco-forca-e-luz\/","url_meta":{"origin":85162,"position":1},"title":"Exposi\u00e7\u00e3o de 47 artistas visuais homenageia Erico\u00a0Verissimo no Espa\u00e7o For\u00e7a e Luz","author":"da Reda\u00e7\u00e3o","date":"29 de outubro de 2025","format":false,"excerpt":"\u00a0 O Rio Grande do Sul est\u00e1 mobilizado para lembrar as datas de nascimento (17 de dezembro de 1905) e morte (28 de novembro de 1975) de Erico Verissimo. Um grupo de 47 artistas visuais apresentar\u00e1 em Porto Alegre uma exposi\u00e7\u00e3o em homenagem ao escritor. Fato pouco conhecido \u00e9 que\u2026","rel":"","context":"Em &quot;Cultura-MAT\u00c9RIA&quot;","block_context":{"text":"Cultura-MAT\u00c9RIA","link":"https:\/\/www.jornalja.com.br\/cultura\/category\/materiasecundaria\/"},"img":{"alt_text":"","src":"https:\/\/i0.wp.com\/www.jornalja.com.br\/cultura\/wp-content\/uploads\/sites\/2\/2025\/10\/erico-1erico-por-graca-craidy-scaled.jpg?resize=350%2C200&ssl=1","width":350,"height":200,"srcset":"https:\/\/i0.wp.com\/www.jornalja.com.br\/cultura\/wp-content\/uploads\/sites\/2\/2025\/10\/erico-1erico-por-graca-craidy-scaled.jpg?resize=350%2C200&ssl=1 1x, https:\/\/i0.wp.com\/www.jornalja.com.br\/cultura\/wp-content\/uploads\/sites\/2\/2025\/10\/erico-1erico-por-graca-craidy-scaled.jpg?resize=525%2C300&ssl=1 1.5x, https:\/\/i0.wp.com\/www.jornalja.com.br\/cultura\/wp-content\/uploads\/sites\/2\/2025\/10\/erico-1erico-por-graca-craidy-scaled.jpg?resize=700%2C400&ssl=1 2x, https:\/\/i0.wp.com\/www.jornalja.com.br\/cultura\/wp-content\/uploads\/sites\/2\/2025\/10\/erico-1erico-por-graca-craidy-scaled.jpg?resize=1050%2C600&ssl=1 3x, https:\/\/i0.wp.com\/www.jornalja.com.br\/cultura\/wp-content\/uploads\/sites\/2\/2025\/10\/erico-1erico-por-graca-craidy-scaled.jpg?resize=1400%2C800&ssl=1 4x"},"classes":[]},{"id":73049,"url":"https:\/\/www.jornalja.com.br\/cultura\/nova-exposicao-de-graca-craidy-tem-como-tema-o-machismo-que-mata\/","url_meta":{"origin":85162,"position":2},"title":"Nova exposi\u00e7\u00e3o de Gra\u00e7a Craidy tem como tema o machismo que mata","author":"da Reda\u00e7\u00e3o","date":"27 de fevereiro de 2019","format":false,"excerpt":"Feminicidas - O machismo que mata. Esse \u00e9 o tema da exposi\u00e7\u00e3o da artista\u00a0pl\u00e1stica ga\u00facha Gra\u00e7a Craidy, que alerta para o crescente n\u00famero de feminic\u00eddios no Brasil. A mostra inaugura na quinta-feira, 7 de mar\u00e7o, \u00e0s 19h, no Foyer da Sala O Retrato, no 4\u00ba andar, do Centro Cultural CEEE\u2026","rel":"","context":"Em &quot;Cultura-MAT\u00c9RIA&quot;","block_context":{"text":"Cultura-MAT\u00c9RIA","link":"https:\/\/www.jornalja.com.br\/cultura\/category\/materiasecundaria\/"},"img":{"alt_text":"","src":"https:\/\/i0.wp.com\/www.jornalja.com.br\/wp-content\/uploads\/2019\/02\/gra%C3%A7a-1-001-450x207.jpg?resize=350%2C200&ssl=1","width":350,"height":200},"classes":[]},{"id":85095,"url":"https:\/\/www.jornalja.com.br\/cultura\/artistas-visuais-e-escritores-fazem-ato-de-desagravo-a-vandalismo-em-quadro-de-l-f-verissimo-na-galeria-escadaria\/","url_meta":{"origin":85162,"position":3},"title":"Artistas visuais e escritores fazem ato de desagravo \u00e0 vandalismo em quadro de L. F. Verissimo na Galeria Escadaria","author":"Higino Barros","date":"30 de outubro de 2021","format":false,"excerpt":"Higino Barros Artistas visuais, escritores, simpatizantes e p\u00fablico em geral participaram nesse s\u00e1bado do ato em homenagem e de desagravo ao escritor Luis Fernando Ver\u00edssimo, cujo quadro exposto na exposi\u00e7\u00e3o \"Autorias\", na Galeria Escadaria, no Viaduto Ot\u00e1vio Rocha, foi vandalizado tr\u00eas vezes nos \u00faltimos dez dias. A organizadora da mostra\u2026","rel":"","context":"Em &quot;Cultura-MAT\u00c9RIA&quot;","block_context":{"text":"Cultura-MAT\u00c9RIA","link":"https:\/\/www.jornalja.com.br\/cultura\/category\/materiasecundaria\/"},"img":{"alt_text":"","src":"https:\/\/i0.wp.com\/www.jornalja.com.br\/cultura\/wp-content\/uploads\/sites\/2\/2021\/10\/verissimo-3.jpg?resize=350%2C200&ssl=1","width":350,"height":200,"srcset":"https:\/\/i0.wp.com\/www.jornalja.com.br\/cultura\/wp-content\/uploads\/sites\/2\/2021\/10\/verissimo-3.jpg?resize=350%2C200&ssl=1 1x, https:\/\/i0.wp.com\/www.jornalja.com.br\/cultura\/wp-content\/uploads\/sites\/2\/2021\/10\/verissimo-3.jpg?resize=525%2C300&ssl=1 1.5x, https:\/\/i0.wp.com\/www.jornalja.com.br\/cultura\/wp-content\/uploads\/sites\/2\/2021\/10\/verissimo-3.jpg?resize=700%2C400&ssl=1 2x, https:\/\/i0.wp.com\/www.jornalja.com.br\/cultura\/wp-content\/uploads\/sites\/2\/2021\/10\/verissimo-3.jpg?resize=1050%2C600&ssl=1 3x, https:\/\/i0.wp.com\/www.jornalja.com.br\/cultura\/wp-content\/uploads\/sites\/2\/2021\/10\/verissimo-3.jpg?resize=1400%2C800&ssl=1 4x"},"classes":[]},{"id":84963,"url":"https:\/\/www.jornalja.com.br\/cultura\/galeria-ao-ar-livre-expoe-arte-na-rua-e-vira-novo-point-cultural-em-porto-alegre\/","url_meta":{"origin":85162,"position":4},"title":"Galeria ao ar livre exp\u00f5e arte na rua e vira novo\u00a0point\u00a0cultural em Porto Alegre","author":"da Reda\u00e7\u00e3o","date":"15 de outubro de 2021","format":false,"excerpt":"Carlos Souza, jornalista. Um novo e inusitado espa\u00e7o cultural oferece \u00e0 popula\u00e7\u00e3o e turistas que visitam Porto Alegre uma conjuga\u00e7\u00e3o de fatores positivos e ben\u00e9ficos neste momento de crise sanit\u00e1ria e de amea\u00e7as de retrocesso pol\u00edtico: ar livre, exposi\u00e7\u00e3o de arte 24 horas por dia, gratuidade, possibilidade de total despojamento\u2026","rel":"","context":"Em &quot;Cultura-MAT\u00c9RIA&quot;","block_context":{"text":"Cultura-MAT\u00c9RIA","link":"https:\/\/www.jornalja.com.br\/cultura\/category\/materiasecundaria\/"},"img":{"alt_text":"","src":"https:\/\/i0.wp.com\/www.jornalja.com.br\/cultura\/wp-content\/uploads\/sites\/2\/2021\/10\/galeria-4-scaled.jpg?resize=350%2C200&ssl=1","width":350,"height":200,"srcset":"https:\/\/i0.wp.com\/www.jornalja.com.br\/cultura\/wp-content\/uploads\/sites\/2\/2021\/10\/galeria-4-scaled.jpg?resize=350%2C200&ssl=1 1x, https:\/\/i0.wp.com\/www.jornalja.com.br\/cultura\/wp-content\/uploads\/sites\/2\/2021\/10\/galeria-4-scaled.jpg?resize=525%2C300&ssl=1 1.5x, https:\/\/i0.wp.com\/www.jornalja.com.br\/cultura\/wp-content\/uploads\/sites\/2\/2021\/10\/galeria-4-scaled.jpg?resize=700%2C400&ssl=1 2x, https:\/\/i0.wp.com\/www.jornalja.com.br\/cultura\/wp-content\/uploads\/sites\/2\/2021\/10\/galeria-4-scaled.jpg?resize=1050%2C600&ssl=1 3x, https:\/\/i0.wp.com\/www.jornalja.com.br\/cultura\/wp-content\/uploads\/sites\/2\/2021\/10\/galeria-4-scaled.jpg?resize=1400%2C800&ssl=1 4x"},"classes":[]},{"id":74438,"url":"https:\/\/www.jornalja.com.br\/cultura\/28-vezes-frida-kahlo-na-pintura-de-graca-graidy\/","url_meta":{"origin":85162,"position":5},"title":"28 vezes Frida Kahlo na pintura de Gra\u00e7a Craidy","author":"da Reda\u00e7\u00e3o","date":"6 de maio de 2019","format":false,"excerpt":"A figura m\u00edtica e apaixonante de Frida Kahlo estar\u00e1 em destaque na exposi\u00e7\u00e3o Fridas, da artista Gra\u00e7a Craidy, na Pinacoteca da Ajuris (Associa\u00e7\u00e3o dos Ju\u00edzes do Rio Grande do Sul), localizada na Rua Celeste Gobatto, 229, em Porto Alegre, com vernissage no dia 9 de maio, a partir das 18h30.\u2026","rel":"","context":"Em &quot;Cultura-MAT\u00c9RIA&quot;","block_context":{"text":"Cultura-MAT\u00c9RIA","link":"https:\/\/www.jornalja.com.br\/cultura\/category\/materiasecundaria\/"},"img":{"alt_text":"","src":"https:\/\/i0.wp.com\/www.jornalja.com.br\/wp-content\/uploads\/2019\/05\/arte-Frida-Medieval-Baixa-Resolu%C3%A7%C3%A3o-304x450.jpg?resize=350%2C200&ssl=1","width":350,"height":200},"classes":[]}],"jetpack_shortlink":"https:\/\/wp.me\/pbKnZc-m9A","jetpack_sharing_enabled":true,"_links":{"self":[{"href":"https:\/\/www.jornalja.com.br\/cultura\/wp-json\/wp\/v2\/posts\/85162","targetHints":{"allow":["GET"]}}],"collection":[{"href":"https:\/\/www.jornalja.com.br\/cultura\/wp-json\/wp\/v2\/posts"}],"about":[{"href":"https:\/\/www.jornalja.com.br\/cultura\/wp-json\/wp\/v2\/types\/post"}],"author":[{"embeddable":true,"href":"https:\/\/www.jornalja.com.br\/cultura\/wp-json\/wp\/v2\/users\/4"}],"replies":[{"embeddable":true,"href":"https:\/\/www.jornalja.com.br\/cultura\/wp-json\/wp\/v2\/comments?post=85162"}],"version-history":[{"count":2,"href":"https:\/\/www.jornalja.com.br\/cultura\/wp-json\/wp\/v2\/posts\/85162\/revisions"}],"predecessor-version":[{"id":85167,"href":"https:\/\/www.jornalja.com.br\/cultura\/wp-json\/wp\/v2\/posts\/85162\/revisions\/85167"}],"wp:featuredmedia":[{"embeddable":true,"href":"https:\/\/www.jornalja.com.br\/cultura\/wp-json\/wp\/v2\/media\/85163"}],"wp:attachment":[{"href":"https:\/\/www.jornalja.com.br\/cultura\/wp-json\/wp\/v2\/media?parent=85162"}],"wp:term":[{"taxonomy":"category","embeddable":true,"href":"https:\/\/www.jornalja.com.br\/cultura\/wp-json\/wp\/v2\/categories?post=85162"},{"taxonomy":"post_tag","embeddable":true,"href":"https:\/\/www.jornalja.com.br\/cultura\/wp-json\/wp\/v2\/tags?post=85162"}],"curies":[{"name":"wp","href":"https:\/\/api.w.org\/{rel}","templated":true}]}}