{"id":85764,"date":"2022-04-08T13:36:37","date_gmt":"2022-04-08T16:36:37","guid":{"rendered":"https:\/\/www.jornalja.com.br\/cultura\/?p=85764"},"modified":"2022-04-08T13:36:37","modified_gmt":"2022-04-08T16:36:37","slug":"almoco-do-chef-oferece-gastronomia-especial-em-reduto-de-musica-na-cidade-baixa","status":"publish","type":"post","link":"https:\/\/www.jornalja.com.br\/cultura\/almoco-do-chef-oferece-gastronomia-especial-em-reduto-de-musica-na-cidade-baixa\/","title":{"rendered":"&#8220;Almo\u00e7o do chef&#8221; oferece gastronomia especial, em reduto de m\u00fasica na Cidade Baixa"},"content":{"rendered":"<div dir=\"ltr\">\n<div><\/div>\n<div>Na sua terceira edi\u00e7\u00e3o, O Almo\u00e7o do Chef, o Bar Parangol\u00e9 e o cozinheiro Daniel Ninov, apresentam um card\u00e1pio cl\u00e1ssico da cozinha portuguesa e uma op\u00e7\u00e3o para vegetarianos e simpatizantes. O encontro acontece nesse s\u00e1bado, 9 de abril das 12:00 as 14:30hs, ser\u00e1 servido, mediante reservas.<\/div>\n<div><\/div>\n<div>\n<figure id=\"attachment_85766\" aria-describedby=\"caption-attachment-85766\" style=\"width: 300px\" class=\"wp-caption alignnone\"><img loading=\"lazy\" decoding=\"async\" data-attachment-id=\"85766\" data-permalink=\"https:\/\/www.jornalja.com.br\/cultura\/almoco-do-chef-oferece-gastronomia-especial-em-reduto-de-musica-na-cidade-baixa\/daniel-2\/\" data-orig-file=\"https:\/\/www.jornalja.com.br\/cultura\/wp-content\/uploads\/sites\/2\/2022\/04\/daniel-2.jpeg\" data-orig-size=\"1280,853\" data-comments-opened=\"1\" data-image-meta=\"{&quot;aperture&quot;:&quot;0&quot;,&quot;credit&quot;:&quot;&quot;,&quot;camera&quot;:&quot;&quot;,&quot;caption&quot;:&quot;&quot;,&quot;created_timestamp&quot;:&quot;0&quot;,&quot;copyright&quot;:&quot;&quot;,&quot;focal_length&quot;:&quot;0&quot;,&quot;iso&quot;:&quot;0&quot;,&quot;shutter_speed&quot;:&quot;0&quot;,&quot;title&quot;:&quot;&quot;,&quot;orientation&quot;:&quot;0&quot;}\" data-image-title=\"DANIEL 2\" data-image-description=\"\" data-image-caption=\"&lt;p&gt;Foto Beto Rodrigues\/ Divulga\u00e7\u00e3o&lt;\/p&gt;\n\" data-large-file=\"https:\/\/www.jornalja.com.br\/cultura\/wp-content\/uploads\/sites\/2\/2022\/04\/daniel-2-1024x682.jpeg\" class=\"size-medium wp-image-85766\" src=\"https:\/\/www.jornalja.com.br\/cultura\/wp-content\/uploads\/sites\/2\/2022\/04\/daniel-2-300x200.jpeg\" alt=\"\" width=\"300\" height=\"200\" srcset=\"https:\/\/www.jornalja.com.br\/cultura\/wp-content\/uploads\/sites\/2\/2022\/04\/daniel-2-300x200.jpeg 300w, https:\/\/www.jornalja.com.br\/cultura\/wp-content\/uploads\/sites\/2\/2022\/04\/daniel-2-1024x682.jpeg 1024w, https:\/\/www.jornalja.com.br\/cultura\/wp-content\/uploads\/sites\/2\/2022\/04\/daniel-2-768x512.jpeg 768w, https:\/\/www.jornalja.com.br\/cultura\/wp-content\/uploads\/sites\/2\/2022\/04\/daniel-2-1200x800.jpeg 1200w, https:\/\/www.jornalja.com.br\/cultura\/wp-content\/uploads\/sites\/2\/2022\/04\/daniel-2.jpeg 1280w\" sizes=\"auto, (max-width: 300px) 100vw, 300px\" \/><figcaption id=\"caption-attachment-85766\" class=\"wp-caption-text\">Foto Beto Rodrigues\/ Divulga\u00e7\u00e3o<\/figcaption><\/figure>\n<\/div>\n<div>O Bacalhau \u00e0 Gomes de S\u00e1 com arroz negro e um Risoto de cogumelos frescos, al\u00e9m de sobremesas da maravilhosa cozinha da Filipa p\u00e3o e caf\u00e9, tortas tipo cheesecake de frutas vermelhas e outra de chocolate e doce de leite.<\/div>\n<\/div>\n<div dir=\"ltr\">\n<div dir=\"ltr\">\n<div dir=\"ltr\"><\/div>\n<div dir=\"ltr\">O cozinheiro Daniel Ninov, valoriza o paladar e a est\u00e9tica no prato e tem\u00a0 pesquisa e experi\u00eancia de longa data. O bar Parangol\u00e9,\u00a0 inspirado no artista H\u00e9lio Oiticica, &#8220;\u00e9 um lugar acolhedor e de bom gosto em tudo que faz&#8221;, segundo seu propriet\u00e1rio, seu Cl\u00e1udio e completou 16 anos de trajet\u00f3ria, oferecendo para a noite de Porto Alegre o que tem de melhor da m\u00fasica local, bebidas e comidas de buteco.<\/div>\n<div dir=\"ltr\">\n<div>Servi\u00e7o:<\/div>\n<div>Endere\u00e7o: av. Lima e Silva, 240, Cidade Baixa, Porto Alegre<\/div>\n<div>Card\u00e1pio: Bacalhau \u00e0 Gomes de S\u00e1 com arroz negro: R$ 55,00<\/p>\n<div dir=\"ltr\">\u00a0\u00a0\u00a0\u00a0\u00a0\u00a0\u00a0\u00a0\u00a0\u00a0\u00a0\u00a0\u00a0\u00a0\u00a0\u00a0 Risoto de cogumelos tipo italiano: R$ 43,00<\/p>\n<div dir=\"ltr\">\u00a0\u00a0\u00a0\u00a0\u00a0\u00a0\u00a0\u00a0\u00a0\u00a0\u00a0\u00a0\u00a0\u00a0\u00a0\u00a0 Sobremesas Felipa: R$ 15,00<\/p>\n<div>Reservas pelos n\u00fameros 96825544 &#8211; Daniel Ninov e 991963899 Seu Cl\u00e1udio.<\/p>\n<div class=\"yj6qo\"><\/div>\n<div class=\"adL\"><\/div>\n<\/div>\n<\/div>\n<\/div>\n<\/div>\n<\/div>\n<\/div>\n<\/div>\n","protected":false},"excerpt":{"rendered":"<p>Na sua terceira edi\u00e7\u00e3o, O Almo\u00e7o do Chef, o Bar Parangol\u00e9 e o cozinheiro Daniel Ninov, apresentam um card\u00e1pio cl\u00e1ssico da cozinha portuguesa e uma op\u00e7\u00e3o para vegetarianos e simpatizantes. O encontro acontece nesse s\u00e1bado, 9 de abril das 12:00 as 14:30hs, ser\u00e1 servido, mediante reservas. O Bacalhau \u00e0 Gomes de S\u00e1 com arroz negro [&hellip;]<\/p>\n","protected":false},"author":4,"featured_media":85765,"comment_status":"open","ping_status":"open","sticky":false,"template":"","format":"standard","meta":{"_jetpack_newsletter_access":"","_jetpack_dont_email_post_to_subs":false,"_jetpack_newsletter_tier_id":0,"_jetpack_memberships_contains_paywalled_content":false,"_jetpack_feature_clip_id":0,"_jetpack_memberships_contains_paid_content":false,"footnotes":"","jetpack_publicize_message":"","jetpack_publicize_feature_enabled":true,"jetpack_social_post_already_shared":true,"jetpack_social_options":{"image_generator_settings":{"template":"highway","default_image_id":0,"font":"","enabled":false},"version":2},"jetpack_post_was_ever_published":false},"categories":[2],"tags":[],"class_list":["post-85764","post","type-post","status-publish","format-standard","has-post-thumbnail","hentry","category-materiasecundaria"],"aioseo_notices":[],"aioseo_head":"\n\t\t<!-- All in One SEO 5.0.1.1 - aioseo.com -->\n\t<meta name=\"description\" content=\"Na sua terceira edi\u00e7\u00e3o, O Almo\u00e7o do Chef, o Bar Parangol\u00e9 e o cozinheiro Daniel Ninov, apresentam um card\u00e1pio cl\u00e1ssico da cozinha portuguesa e uma op\u00e7\u00e3o para vegetarianos e simpatizantes. O encontro acontece nesse s\u00e1bado, 9 de abril das 12:00 as 14:30hs, ser\u00e1 servido, mediante reservas. O Bacalhau \u00e0 Gomes de S\u00e1 com arroz negro\" \/>\n\t<meta name=\"robots\" content=\"max-image-preview:large\" \/>\n\t<meta name=\"author\" content=\"da Reda\u00e7\u00e3o\"\/>\n\t<link rel=\"canonical\" href=\"https:\/\/www.jornalja.com.br\/cultura\/almoco-do-chef-oferece-gastronomia-especial-em-reduto-de-musica-na-cidade-baixa\/\" \/>\n\t<meta name=\"generator\" content=\"All in One SEO (AIOSEO) 5.0.1.1\" \/>\n\t\t<meta property=\"og:locale\" content=\"pt_BR\" \/>\n\t\t<meta property=\"og:site_name\" content=\"Cultura\" \/>\n\t\t<meta property=\"og:type\" content=\"article\" \/>\n\t\t<meta property=\"og:title\" content=\"\u201cAlmo\u00e7o do chef\u201d oferece gastronomia especial, em reduto de m\u00fasica na Cidade Baixa | Cultura\" \/>\n\t\t<meta property=\"og:description\" content=\"Na sua terceira edi\u00e7\u00e3o, O Almo\u00e7o do Chef, o Bar Parangol\u00e9 e o cozinheiro Daniel Ninov, apresentam um card\u00e1pio cl\u00e1ssico da cozinha portuguesa e uma op\u00e7\u00e3o para vegetarianos e simpatizantes. O encontro acontece nesse s\u00e1bado, 9 de abril das 12:00 as 14:30hs, ser\u00e1 servido, mediante reservas. O Bacalhau \u00e0 Gomes de S\u00e1 com arroz negro\" \/>\n\t\t<meta property=\"og:url\" content=\"https:\/\/www.jornalja.com.br\/cultura\/almoco-do-chef-oferece-gastronomia-especial-em-reduto-de-musica-na-cidade-baixa\/\" \/>\n\t\t<meta property=\"og:image\" content=\"https:\/\/www.jornalja.com.br\/cultura\/wp-content\/uploads\/sites\/2\/2022\/04\/daniel-2.jpeg\" \/>\n\t\t<meta property=\"og:image:secure_url\" content=\"https:\/\/www.jornalja.com.br\/cultura\/wp-content\/uploads\/sites\/2\/2022\/04\/daniel-2.jpeg\" \/>\n\t\t<meta property=\"og:image:width\" content=\"1280\" \/>\n\t\t<meta property=\"og:image:height\" content=\"853\" \/>\n\t\t<meta property=\"article:published_time\" content=\"2022-04-08T16:36:37+00:00\" \/>\n\t\t<meta property=\"article:modified_time\" content=\"2022-04-08T16:36:37+00:00\" \/>\n\t\t<meta property=\"article:publisher\" content=\"https:\/\/www.facebook.com\/jornaljanaweb\" \/>\n\t\t<meta name=\"twitter:card\" content=\"summary\" \/>\n\t\t<meta name=\"twitter:site\" content=\"@jornal_ja\" \/>\n\t\t<meta name=\"twitter:title\" content=\"\u201cAlmo\u00e7o do chef\u201d oferece gastronomia especial, em reduto de m\u00fasica na Cidade Baixa | Cultura\" \/>\n\t\t<meta name=\"twitter:description\" content=\"Na sua terceira edi\u00e7\u00e3o, O Almo\u00e7o do Chef, o Bar Parangol\u00e9 e o cozinheiro Daniel Ninov, apresentam um card\u00e1pio cl\u00e1ssico da cozinha portuguesa e uma op\u00e7\u00e3o para vegetarianos e simpatizantes. O encontro acontece nesse s\u00e1bado, 9 de abril das 12:00 as 14:30hs, ser\u00e1 servido, mediante reservas. O Bacalhau \u00e0 Gomes de S\u00e1 com arroz negro\" \/>\n\t\t<meta name=\"twitter:image\" content=\"https:\/\/www.jornalja.com.br\/cultura\/wp-content\/uploads\/sites\/2\/2022\/04\/daniel-2.jpeg\" \/>\n\t\t<script type=\"application\/ld+json\" class=\"aioseo-schema\">\n\t\t\t{\"@context\":\"https:\\\/\\\/schema.org\",\"@graph\":[{\"@type\":\"Article\",\"@id\":\"https:\\\/\\\/www.jornalja.com.br\\\/cultura\\\/almoco-do-chef-oferece-gastronomia-especial-em-reduto-de-musica-na-cidade-baixa\\\/#article\",\"name\":\"\\u201cAlmo\\u00e7o do chef\\u201d oferece gastronomia especial, em reduto de m\\u00fasica na Cidade Baixa | Cultura\",\"headline\":\"&#8220;Almo\\u00e7o do chef&#8221; oferece gastronomia especial, em reduto de m\\u00fasica na Cidade Baixa\",\"author\":{\"@id\":\"https:\\\/\\\/www.jornalja.com.br\\\/cultura\\\/author\\\/daredacao\\\/#author\"},\"publisher\":{\"@id\":\"https:\\\/\\\/www.jornalja.com.br\\\/cultura\\\/#organization\"},\"image\":{\"@type\":\"ImageObject\",\"url\":\"https:\\\/\\\/www.jornalja.com.br\\\/cultura\\\/wp-content\\\/uploads\\\/sites\\\/2\\\/2022\\\/04\\\/daniel-1.jpeg\",\"width\":853,\"height\":1280,\"caption\":\"p cozinheiro Daniel Ninov. Foto Beto Rodrigues\\\/ Divulga\\u00e7\\u00e3o\"},\"datePublished\":\"2022-04-08T13:36:37-03:00\",\"dateModified\":\"2022-04-08T13:36:37-03:00\",\"inLanguage\":\"pt-BR\",\"mainEntityOfPage\":{\"@id\":\"https:\\\/\\\/www.jornalja.com.br\\\/cultura\\\/almoco-do-chef-oferece-gastronomia-especial-em-reduto-de-musica-na-cidade-baixa\\\/#webpage\"},\"isPartOf\":{\"@id\":\"https:\\\/\\\/www.jornalja.com.br\\\/cultura\\\/almoco-do-chef-oferece-gastronomia-especial-em-reduto-de-musica-na-cidade-baixa\\\/#webpage\"},\"articleSection\":\"Cultura-MAT\\u00c9RIA\"},{\"@type\":\"BreadcrumbList\",\"@id\":\"https:\\\/\\\/www.jornalja.com.br\\\/cultura\\\/almoco-do-chef-oferece-gastronomia-especial-em-reduto-de-musica-na-cidade-baixa\\\/#breadcrumblist\",\"itemListElement\":[{\"@type\":\"ListItem\",\"@id\":\"https:\\\/\\\/www.jornalja.com.br\\\/cultura#listItem\",\"position\":1,\"name\":\"Home\",\"item\":\"https:\\\/\\\/www.jornalja.com.br\\\/cultura\",\"nextItem\":{\"@type\":\"ListItem\",\"@id\":\"https:\\\/\\\/www.jornalja.com.br\\\/cultura\\\/category\\\/materiasecundaria\\\/#listItem\",\"name\":\"Cultura-MAT\\u00c9RIA\"}},{\"@type\":\"ListItem\",\"@id\":\"https:\\\/\\\/www.jornalja.com.br\\\/cultura\\\/category\\\/materiasecundaria\\\/#listItem\",\"position\":2,\"name\":\"Cultura-MAT\\u00c9RIA\",\"item\":\"https:\\\/\\\/www.jornalja.com.br\\\/cultura\\\/category\\\/materiasecundaria\\\/\",\"nextItem\":{\"@type\":\"ListItem\",\"@id\":\"https:\\\/\\\/www.jornalja.com.br\\\/cultura\\\/almoco-do-chef-oferece-gastronomia-especial-em-reduto-de-musica-na-cidade-baixa\\\/#listItem\",\"name\":\"&#8220;Almo\\u00e7o do chef&#8221; oferece gastronomia especial, em reduto de m\\u00fasica na Cidade Baixa\"},\"previousItem\":{\"@type\":\"ListItem\",\"@id\":\"https:\\\/\\\/www.jornalja.com.br\\\/cultura#listItem\",\"name\":\"Home\"}},{\"@type\":\"ListItem\",\"@id\":\"https:\\\/\\\/www.jornalja.com.br\\\/cultura\\\/almoco-do-chef-oferece-gastronomia-especial-em-reduto-de-musica-na-cidade-baixa\\\/#listItem\",\"position\":3,\"name\":\"&#8220;Almo\\u00e7o do chef&#8221; oferece gastronomia especial, em reduto de m\\u00fasica na Cidade Baixa\",\"previousItem\":{\"@type\":\"ListItem\",\"@id\":\"https:\\\/\\\/www.jornalja.com.br\\\/cultura\\\/category\\\/materiasecundaria\\\/#listItem\",\"name\":\"Cultura-MAT\\u00c9RIA\"}}]},{\"@type\":\"Organization\",\"@id\":\"https:\\\/\\\/www.jornalja.com.br\\\/cultura\\\/#organization\",\"name\":\"Jornal J\\u00c1 Editora\",\"description\":\"Jornal J\\u00c1 | Porto Alegre\",\"url\":\"https:\\\/\\\/www.jornalja.com.br\\\/cultura\\\/\",\"telephone\":\"+555133307272\",\"logo\":{\"@type\":\"ImageObject\",\"url\":\"https:\\\/\\\/www.jornalja.com.br\\\/cultura\\\/wp-content\\\/uploads\\\/sites\\\/2\\\/2021\\\/05\\\/2020-logotipia-ja-35anos.jpg\",\"@id\":\"https:\\\/\\\/www.jornalja.com.br\\\/cultura\\\/almoco-do-chef-oferece-gastronomia-especial-em-reduto-de-musica-na-cidade-baixa\\\/#organizationLogo\",\"width\":1067,\"height\":800},\"image\":{\"@id\":\"https:\\\/\\\/www.jornalja.com.br\\\/cultura\\\/almoco-do-chef-oferece-gastronomia-especial-em-reduto-de-musica-na-cidade-baixa\\\/#organizationLogo\"},\"sameAs\":[\"https:\\\/\\\/www.instagram.com\\\/jornaljapoa\",\"https:\\\/\\\/www.youtube.com\\\/c\\\/JornalJ\"]},{\"@type\":\"Person\",\"@id\":\"https:\\\/\\\/www.jornalja.com.br\\\/cultura\\\/author\\\/daredacao\\\/#author\",\"url\":\"https:\\\/\\\/www.jornalja.com.br\\\/cultura\\\/author\\\/daredacao\\\/\",\"name\":\"da Reda\\u00e7\\u00e3o\",\"image\":{\"@type\":\"ImageObject\",\"@id\":\"https:\\\/\\\/www.jornalja.com.br\\\/cultura\\\/almoco-do-chef-oferece-gastronomia-especial-em-reduto-de-musica-na-cidade-baixa\\\/#authorImage\",\"url\":\"https:\\\/\\\/secure.gravatar.com\\\/avatar\\\/469fd857d6605ad19919d27ed29d35a968a25f6e8fd9318356bbb7f57aae9c65?s=96&d=mm&r=g\",\"width\":96,\"height\":96,\"caption\":\"da Reda\\u00e7\\u00e3o\"}},{\"@type\":\"WebPage\",\"@id\":\"https:\\\/\\\/www.jornalja.com.br\\\/cultura\\\/almoco-do-chef-oferece-gastronomia-especial-em-reduto-de-musica-na-cidade-baixa\\\/#webpage\",\"url\":\"https:\\\/\\\/www.jornalja.com.br\\\/cultura\\\/almoco-do-chef-oferece-gastronomia-especial-em-reduto-de-musica-na-cidade-baixa\\\/\",\"name\":\"\\u201cAlmo\\u00e7o do chef\\u201d oferece gastronomia especial, em reduto de m\\u00fasica na Cidade Baixa | Cultura\",\"description\":\"Na sua terceira edi\\u00e7\\u00e3o, O Almo\\u00e7o do Chef, o Bar Parangol\\u00e9 e o cozinheiro Daniel Ninov, apresentam um card\\u00e1pio cl\\u00e1ssico da cozinha portuguesa e uma op\\u00e7\\u00e3o para vegetarianos e simpatizantes. O encontro acontece nesse s\\u00e1bado, 9 de abril das 12:00 as 14:30hs, ser\\u00e1 servido, mediante reservas. O Bacalhau \\u00e0 Gomes de S\\u00e1 com arroz negro\",\"inLanguage\":\"pt-BR\",\"isPartOf\":{\"@id\":\"https:\\\/\\\/www.jornalja.com.br\\\/cultura\\\/#website\"},\"breadcrumb\":{\"@id\":\"https:\\\/\\\/www.jornalja.com.br\\\/cultura\\\/almoco-do-chef-oferece-gastronomia-especial-em-reduto-de-musica-na-cidade-baixa\\\/#breadcrumblist\"},\"author\":{\"@id\":\"https:\\\/\\\/www.jornalja.com.br\\\/cultura\\\/author\\\/daredacao\\\/#author\"},\"creator\":{\"@id\":\"https:\\\/\\\/www.jornalja.com.br\\\/cultura\\\/author\\\/daredacao\\\/#author\"},\"image\":{\"@type\":\"ImageObject\",\"url\":\"https:\\\/\\\/www.jornalja.com.br\\\/cultura\\\/wp-content\\\/uploads\\\/sites\\\/2\\\/2022\\\/04\\\/daniel-1.jpeg\",\"@id\":\"https:\\\/\\\/www.jornalja.com.br\\\/cultura\\\/almoco-do-chef-oferece-gastronomia-especial-em-reduto-de-musica-na-cidade-baixa\\\/#mainImage\",\"width\":853,\"height\":1280,\"caption\":\"p cozinheiro Daniel Ninov. Foto Beto Rodrigues\\\/ Divulga\\u00e7\\u00e3o\"},\"primaryImageOfPage\":{\"@id\":\"https:\\\/\\\/www.jornalja.com.br\\\/cultura\\\/almoco-do-chef-oferece-gastronomia-especial-em-reduto-de-musica-na-cidade-baixa\\\/#mainImage\"},\"datePublished\":\"2022-04-08T13:36:37-03:00\",\"dateModified\":\"2022-04-08T13:36:37-03:00\"},{\"@type\":\"WebSite\",\"@id\":\"https:\\\/\\\/www.jornalja.com.br\\\/cultura\\\/#website\",\"url\":\"https:\\\/\\\/www.jornalja.com.br\\\/cultura\\\/\",\"name\":\"Cultura\",\"description\":\"Jornal J\\u00c1 | Porto Alegre\",\"inLanguage\":\"pt-BR\",\"publisher\":{\"@id\":\"https:\\\/\\\/www.jornalja.com.br\\\/cultura\\\/#organization\"}}]}\n\t\t<\/script>\n\t\t<!-- All in One SEO -->\n\n","aioseo_head_json":{"title":"\u201cAlmo\u00e7o do chef\u201d oferece gastronomia especial, em reduto de m\u00fasica na Cidade Baixa | Cultura","description":"Na sua terceira edi\u00e7\u00e3o, O Almo\u00e7o do Chef, o Bar Parangol\u00e9 e o cozinheiro Daniel Ninov, apresentam um card\u00e1pio cl\u00e1ssico da cozinha portuguesa e uma op\u00e7\u00e3o para vegetarianos e simpatizantes. O encontro acontece nesse s\u00e1bado, 9 de abril das 12:00 as 14:30hs, ser\u00e1 servido, mediante reservas. O Bacalhau \u00e0 Gomes de S\u00e1 com arroz negro","canonical_url":"https:\/\/www.jornalja.com.br\/cultura\/almoco-do-chef-oferece-gastronomia-especial-em-reduto-de-musica-na-cidade-baixa\/","robots":"max-image-preview:large","keywords":"","webmasterTools":{"miscellaneous":""},"schema":{"@context":"https:\/\/schema.org","@graph":[{"@type":"Article","@id":"https:\/\/www.jornalja.com.br\/cultura\/almoco-do-chef-oferece-gastronomia-especial-em-reduto-de-musica-na-cidade-baixa\/#article","name":"\u201cAlmo\u00e7o do chef\u201d oferece gastronomia especial, em reduto de m\u00fasica na Cidade Baixa | Cultura","headline":"&#8220;Almo\u00e7o do chef&#8221; oferece gastronomia especial, em reduto de m\u00fasica na Cidade Baixa","author":{"@id":"https:\/\/www.jornalja.com.br\/cultura\/author\/daredacao\/#author"},"publisher":{"@id":"https:\/\/www.jornalja.com.br\/cultura\/#organization"},"image":{"@type":"ImageObject","url":"https:\/\/www.jornalja.com.br\/cultura\/wp-content\/uploads\/sites\/2\/2022\/04\/daniel-1.jpeg","width":853,"height":1280,"caption":"p cozinheiro Daniel Ninov. Foto Beto Rodrigues\/ Divulga\u00e7\u00e3o"},"datePublished":"2022-04-08T13:36:37-03:00","dateModified":"2022-04-08T13:36:37-03:00","inLanguage":"pt-BR","mainEntityOfPage":{"@id":"https:\/\/www.jornalja.com.br\/cultura\/almoco-do-chef-oferece-gastronomia-especial-em-reduto-de-musica-na-cidade-baixa\/#webpage"},"isPartOf":{"@id":"https:\/\/www.jornalja.com.br\/cultura\/almoco-do-chef-oferece-gastronomia-especial-em-reduto-de-musica-na-cidade-baixa\/#webpage"},"articleSection":"Cultura-MAT\u00c9RIA"},{"@type":"BreadcrumbList","@id":"https:\/\/www.jornalja.com.br\/cultura\/almoco-do-chef-oferece-gastronomia-especial-em-reduto-de-musica-na-cidade-baixa\/#breadcrumblist","itemListElement":[{"@type":"ListItem","@id":"https:\/\/www.jornalja.com.br\/cultura#listItem","position":1,"name":"Home","item":"https:\/\/www.jornalja.com.br\/cultura","nextItem":{"@type":"ListItem","@id":"https:\/\/www.jornalja.com.br\/cultura\/category\/materiasecundaria\/#listItem","name":"Cultura-MAT\u00c9RIA"}},{"@type":"ListItem","@id":"https:\/\/www.jornalja.com.br\/cultura\/category\/materiasecundaria\/#listItem","position":2,"name":"Cultura-MAT\u00c9RIA","item":"https:\/\/www.jornalja.com.br\/cultura\/category\/materiasecundaria\/","nextItem":{"@type":"ListItem","@id":"https:\/\/www.jornalja.com.br\/cultura\/almoco-do-chef-oferece-gastronomia-especial-em-reduto-de-musica-na-cidade-baixa\/#listItem","name":"&#8220;Almo\u00e7o do chef&#8221; oferece gastronomia especial, em reduto de m\u00fasica na Cidade Baixa"},"previousItem":{"@type":"ListItem","@id":"https:\/\/www.jornalja.com.br\/cultura#listItem","name":"Home"}},{"@type":"ListItem","@id":"https:\/\/www.jornalja.com.br\/cultura\/almoco-do-chef-oferece-gastronomia-especial-em-reduto-de-musica-na-cidade-baixa\/#listItem","position":3,"name":"&#8220;Almo\u00e7o do chef&#8221; oferece gastronomia especial, em reduto de m\u00fasica na Cidade Baixa","previousItem":{"@type":"ListItem","@id":"https:\/\/www.jornalja.com.br\/cultura\/category\/materiasecundaria\/#listItem","name":"Cultura-MAT\u00c9RIA"}}]},{"@type":"Organization","@id":"https:\/\/www.jornalja.com.br\/cultura\/#organization","name":"Jornal J\u00c1 Editora","description":"Jornal J\u00c1 | Porto Alegre","url":"https:\/\/www.jornalja.com.br\/cultura\/","telephone":"+555133307272","logo":{"@type":"ImageObject","url":"https:\/\/www.jornalja.com.br\/cultura\/wp-content\/uploads\/sites\/2\/2021\/05\/2020-logotipia-ja-35anos.jpg","@id":"https:\/\/www.jornalja.com.br\/cultura\/almoco-do-chef-oferece-gastronomia-especial-em-reduto-de-musica-na-cidade-baixa\/#organizationLogo","width":1067,"height":800},"image":{"@id":"https:\/\/www.jornalja.com.br\/cultura\/almoco-do-chef-oferece-gastronomia-especial-em-reduto-de-musica-na-cidade-baixa\/#organizationLogo"},"sameAs":["https:\/\/www.instagram.com\/jornaljapoa","https:\/\/www.youtube.com\/c\/JornalJ"]},{"@type":"Person","@id":"https:\/\/www.jornalja.com.br\/cultura\/author\/daredacao\/#author","url":"https:\/\/www.jornalja.com.br\/cultura\/author\/daredacao\/","name":"da Reda\u00e7\u00e3o","image":{"@type":"ImageObject","@id":"https:\/\/www.jornalja.com.br\/cultura\/almoco-do-chef-oferece-gastronomia-especial-em-reduto-de-musica-na-cidade-baixa\/#authorImage","url":"https:\/\/secure.gravatar.com\/avatar\/469fd857d6605ad19919d27ed29d35a968a25f6e8fd9318356bbb7f57aae9c65?s=96&d=mm&r=g","width":96,"height":96,"caption":"da Reda\u00e7\u00e3o"}},{"@type":"WebPage","@id":"https:\/\/www.jornalja.com.br\/cultura\/almoco-do-chef-oferece-gastronomia-especial-em-reduto-de-musica-na-cidade-baixa\/#webpage","url":"https:\/\/www.jornalja.com.br\/cultura\/almoco-do-chef-oferece-gastronomia-especial-em-reduto-de-musica-na-cidade-baixa\/","name":"\u201cAlmo\u00e7o do chef\u201d oferece gastronomia especial, em reduto de m\u00fasica na Cidade Baixa | Cultura","description":"Na sua terceira edi\u00e7\u00e3o, O Almo\u00e7o do Chef, o Bar Parangol\u00e9 e o cozinheiro Daniel Ninov, apresentam um card\u00e1pio cl\u00e1ssico da cozinha portuguesa e uma op\u00e7\u00e3o para vegetarianos e simpatizantes. O encontro acontece nesse s\u00e1bado, 9 de abril das 12:00 as 14:30hs, ser\u00e1 servido, mediante reservas. O Bacalhau \u00e0 Gomes de S\u00e1 com arroz negro","inLanguage":"pt-BR","isPartOf":{"@id":"https:\/\/www.jornalja.com.br\/cultura\/#website"},"breadcrumb":{"@id":"https:\/\/www.jornalja.com.br\/cultura\/almoco-do-chef-oferece-gastronomia-especial-em-reduto-de-musica-na-cidade-baixa\/#breadcrumblist"},"author":{"@id":"https:\/\/www.jornalja.com.br\/cultura\/author\/daredacao\/#author"},"creator":{"@id":"https:\/\/www.jornalja.com.br\/cultura\/author\/daredacao\/#author"},"image":{"@type":"ImageObject","url":"https:\/\/www.jornalja.com.br\/cultura\/wp-content\/uploads\/sites\/2\/2022\/04\/daniel-1.jpeg","@id":"https:\/\/www.jornalja.com.br\/cultura\/almoco-do-chef-oferece-gastronomia-especial-em-reduto-de-musica-na-cidade-baixa\/#mainImage","width":853,"height":1280,"caption":"p cozinheiro Daniel Ninov. Foto Beto Rodrigues\/ Divulga\u00e7\u00e3o"},"primaryImageOfPage":{"@id":"https:\/\/www.jornalja.com.br\/cultura\/almoco-do-chef-oferece-gastronomia-especial-em-reduto-de-musica-na-cidade-baixa\/#mainImage"},"datePublished":"2022-04-08T13:36:37-03:00","dateModified":"2022-04-08T13:36:37-03:00"},{"@type":"WebSite","@id":"https:\/\/www.jornalja.com.br\/cultura\/#website","url":"https:\/\/www.jornalja.com.br\/cultura\/","name":"Cultura","description":"Jornal J\u00c1 | Porto Alegre","inLanguage":"pt-BR","publisher":{"@id":"https:\/\/www.jornalja.com.br\/cultura\/#organization"}}]},"og:locale":"pt_BR","og:site_name":"Cultura","og:type":"article","og:title":"\u201cAlmo\u00e7o do chef\u201d oferece gastronomia especial, em reduto de m\u00fasica na Cidade Baixa | Cultura","og:description":"Na sua terceira edi\u00e7\u00e3o, O Almo\u00e7o do Chef, o Bar Parangol\u00e9 e o cozinheiro Daniel Ninov, apresentam um card\u00e1pio cl\u00e1ssico da cozinha portuguesa e uma op\u00e7\u00e3o para vegetarianos e simpatizantes. O encontro acontece nesse s\u00e1bado, 9 de abril das 12:00 as 14:30hs, ser\u00e1 servido, mediante reservas. O Bacalhau \u00e0 Gomes de S\u00e1 com arroz negro","og:url":"https:\/\/www.jornalja.com.br\/cultura\/almoco-do-chef-oferece-gastronomia-especial-em-reduto-de-musica-na-cidade-baixa\/","og:image":"https:\/\/www.jornalja.com.br\/cultura\/wp-content\/uploads\/sites\/2\/2022\/04\/daniel-2.jpeg","og:image:secure_url":"https:\/\/www.jornalja.com.br\/cultura\/wp-content\/uploads\/sites\/2\/2022\/04\/daniel-2.jpeg","og:image:width":1280,"og:image:height":853,"article:published_time":"2022-04-08T16:36:37+00:00","article:modified_time":"2022-04-08T16:36:37+00:00","article:publisher":"https:\/\/www.facebook.com\/jornaljanaweb","twitter:card":"summary","twitter:site":"@jornal_ja","twitter:title":"\u201cAlmo\u00e7o do chef\u201d oferece gastronomia especial, em reduto de m\u00fasica na Cidade Baixa | Cultura","twitter:description":"Na sua terceira edi\u00e7\u00e3o, O Almo\u00e7o do Chef, o Bar Parangol\u00e9 e o cozinheiro Daniel Ninov, apresentam um card\u00e1pio cl\u00e1ssico da cozinha portuguesa e uma op\u00e7\u00e3o para vegetarianos e simpatizantes. O encontro acontece nesse s\u00e1bado, 9 de abril das 12:00 as 14:30hs, ser\u00e1 servido, mediante reservas. O Bacalhau \u00e0 Gomes de S\u00e1 com arroz negro","twitter:image":"https:\/\/www.jornalja.com.br\/cultura\/wp-content\/uploads\/sites\/2\/2022\/04\/daniel-2.jpeg"},"aioseo_meta_data":{"post_id":"85764","title":null,"description":null,"keywords":[],"keyphrases":{"focus":{"keyphrase":"","score":0,"analysis":{"keyphraseInTitle":{"score":0,"maxScore":9,"error":1}}},"additional":[]},"primary_term":null,"canonical_url":null,"og_title":null,"og_description":null,"og_object_type":"default","og_image_type":"default","og_image_url":null,"og_image_width":null,"og_image_height":null,"og_image_custom_url":null,"og_image_custom_fields":null,"og_video":"","og_custom_url":null,"og_article_section":null,"og_article_tags":[],"twitter_use_og":false,"twitter_card":"default","twitter_image_type":"default","twitter_image_url":null,"twitter_image_custom_url":null,"twitter_image_custom_fields":null,"twitter_title":null,"twitter_description":null,"schema":{"blockGraphs":[],"customGraphs":[],"default":{"data":{"Article":[],"Course":[],"Dataset":[],"FAQPage":[],"Movie":[],"Person":[],"Product":[],"ProductReview":[],"Car":[],"Recipe":[],"Service":[],"SoftwareApplication":[],"WebPage":[]},"graphName":"","isEnabled":true},"graphs":[]},"schema_type":"default","schema_type_options":"{\"article\":{\"articleType\":\"BlogPosting\"},\"course\":{\"name\":\"\",\"description\":\"\",\"provider\":\"\"},\"faq\":{\"pages\":[]},\"product\":{\"reviews\":[]},\"recipe\":{\"ingredients\":[],\"instructions\":[],\"keywords\":[]},\"software\":{\"reviews\":[],\"operatingSystems\":[]},\"webPage\":{\"webPageType\":\"WebPage\"}}","pillar_content":false,"robots_default":true,"robots_noindex":false,"robots_noarchive":false,"robots_nosnippet":false,"robots_nofollow":false,"robots_noimageindex":false,"robots_noodp":false,"robots_notranslate":false,"robots_max_snippet":"-1","robots_max_videopreview":"-1","robots_max_imagepreview":"large","priority":null,"frequency":"default","location":null,"local_seo":null,"breadcrumb_settings":null,"limit_modified_date":false,"ai":null,"created":"2022-04-08 16:21:08","updated":"2025-06-04 13:03:24","seo_analyzer_scan_date":null,"focus_keyword":null,"additional_keywords":null,"truseo_locale":null},"jetpack_publicize_connections":[],"jetpack-related-posts":[{"id":87842,"url":"https:\/\/www.jornalja.com.br\/cultura\/time-de-futebol-de-musicos-celebra-26-anos-de-existencia-no-bar-odeon\/","url_meta":{"origin":85764,"position":0},"title":"Time de futebol de m\u00fasicos celebra 26 anos de exist\u00eancia, no Bar Odeon","author":"Higino Barros","date":"9 de maio de 2023","format":false,"excerpt":"\u00a0 Higino Barros O Bar Odeon, local m\u00edtico no centro de Porto Alegre, por ter uma programa\u00e7\u00e3o musical que contempla o que h\u00e1 de melhor na produ\u00e7\u00e3o instrumental e vocal ga\u00facha, principalmente jazz, abriga nesse s\u00e1bado, dia 13, uma comemora\u00e7\u00e3o: o encontro do Bota Fogo, um time de futebol que\u2026","rel":"","context":"Em &quot;Cultura-MAT\u00c9RIA&quot;","block_context":{"text":"Cultura-MAT\u00c9RIA","link":"https:\/\/www.jornalja.com.br\/cultura\/category\/materiasecundaria\/"},"img":{"alt_text":"","src":"https:\/\/i0.wp.com\/www.jornalja.com.br\/cultura\/wp-content\/uploads\/sites\/2\/2023\/05\/odeon-1.jpg?resize=350%2C200&ssl=1","width":350,"height":200,"srcset":"https:\/\/i0.wp.com\/www.jornalja.com.br\/cultura\/wp-content\/uploads\/sites\/2\/2023\/05\/odeon-1.jpg?resize=350%2C200&ssl=1 1x, https:\/\/i0.wp.com\/www.jornalja.com.br\/cultura\/wp-content\/uploads\/sites\/2\/2023\/05\/odeon-1.jpg?resize=525%2C300&ssl=1 1.5x, https:\/\/i0.wp.com\/www.jornalja.com.br\/cultura\/wp-content\/uploads\/sites\/2\/2023\/05\/odeon-1.jpg?resize=700%2C400&ssl=1 2x, https:\/\/i0.wp.com\/www.jornalja.com.br\/cultura\/wp-content\/uploads\/sites\/2\/2023\/05\/odeon-1.jpg?resize=1050%2C600&ssl=1 3x"},"classes":[]},{"id":83498,"url":"https:\/\/www.jornalja.com.br\/cultura\/os-15-anos-do-bar-parangole-na-cena-cultural-gaucha\/","url_meta":{"origin":85764,"position":1},"title":"Os 15 anos do bar Parangol\u00e9 na cena cultural ga\u00facha","author":"da Reda\u00e7\u00e3o","date":"3 de mar\u00e7o de 2021","format":false,"excerpt":"O bar Parangol\u00e9 completa 15 anos de hist\u00f3ria na pr\u00f3xima ter\u00e7a-feira (9), com foco no servi\u00e7o de tele-entrega devido \u00e0 pandemia de Covid-19. Ao longo dessa jornada, o bar promoveu e produziu centenas de eventos musicais, al\u00e9m de abrir as portas para apoiar artistas estreantes e consagrados da m\u00fasica e\u2026","rel":"","context":"Em &quot;Cultura-MAT\u00c9RIA&quot;","block_context":{"text":"Cultura-MAT\u00c9RIA","link":"https:\/\/www.jornalja.com.br\/cultura\/category\/materiasecundaria\/"},"img":{"alt_text":"","src":"https:\/\/i0.wp.com\/www.jornalja.com.br\/cultura\/wp-content\/uploads\/sites\/2\/2021\/03\/parangole-claudio-freitas-por-sofia-cortese.png?resize=350%2C200&ssl=1","width":350,"height":200,"srcset":"https:\/\/i0.wp.com\/www.jornalja.com.br\/cultura\/wp-content\/uploads\/sites\/2\/2021\/03\/parangole-claudio-freitas-por-sofia-cortese.png?resize=350%2C200&ssl=1 1x, https:\/\/i0.wp.com\/www.jornalja.com.br\/cultura\/wp-content\/uploads\/sites\/2\/2021\/03\/parangole-claudio-freitas-por-sofia-cortese.png?resize=525%2C300&ssl=1 1.5x, https:\/\/i0.wp.com\/www.jornalja.com.br\/cultura\/wp-content\/uploads\/sites\/2\/2021\/03\/parangole-claudio-freitas-por-sofia-cortese.png?resize=700%2C400&ssl=1 2x"},"classes":[]},{"id":82269,"url":"https:\/\/www.jornalja.com.br\/cultura\/blues-de-mari-kerber-e-ale-ramalho-abre-as-lives-de-julho-do-bar-parangole\/","url_meta":{"origin":85764,"position":2},"title":"Blues de Mari Kerber e Ale Ramalho abre as lives de julho do bar Parangol\u00e9","author":"da Reda\u00e7\u00e3o","date":"29 de junho de 2020","format":false,"excerpt":"\u00a0 O duo de blues formado por Mari Kerber e Ale Ravanello se apresenta ao vivo nas redes sociais do Parangol\u00e9 nesta quinta-feira (2) \u00e0s 20h. A apresenta\u00e7\u00e3o faz parte da segunda edi\u00e7\u00e3o de uma s\u00e9rie de lives que o bar tem realizado com o objetivo de arrecadar recursos para\u2026","rel":"","context":"Em &quot;Cultura-MAT\u00c9RIA&quot;","block_context":{"text":"Cultura-MAT\u00c9RIA","link":"https:\/\/www.jornalja.com.br\/cultura\/category\/materiasecundaria\/"},"img":{"alt_text":"","src":"https:\/\/i0.wp.com\/www.jornalja.com.br\/cultura\/wp-content\/uploads\/sites\/2\/2020\/06\/arte-blues.png?resize=350%2C200&ssl=1","width":350,"height":200,"srcset":"https:\/\/i0.wp.com\/www.jornalja.com.br\/cultura\/wp-content\/uploads\/sites\/2\/2020\/06\/arte-blues.png?resize=350%2C200&ssl=1 1x, https:\/\/i0.wp.com\/www.jornalja.com.br\/cultura\/wp-content\/uploads\/sites\/2\/2020\/06\/arte-blues.png?resize=525%2C300&ssl=1 1.5x, https:\/\/i0.wp.com\/www.jornalja.com.br\/cultura\/wp-content\/uploads\/sites\/2\/2020\/06\/arte-blues.png?resize=700%2C400&ssl=1 2x, https:\/\/i0.wp.com\/www.jornalja.com.br\/cultura\/wp-content\/uploads\/sites\/2\/2020\/06\/arte-blues.png?resize=1050%2C600&ssl=1 3x"},"classes":[]},{"id":81922,"url":"https:\/\/www.jornalja.com.br\/cultura\/bar-parangole-lanca-serie-de-lives-para-arrecadar-recursos-aos-artistas\/","url_meta":{"origin":85764,"position":3},"title":"Bar Parangol\u00e9 lan\u00e7a s\u00e9rie de &#8216;lives&#8217; para arrecadar recursos aos artistas","author":"Cleber Dioni Tentardini","date":"4 de maio de 2020","format":false,"excerpt":"O Parangol\u00e9, tradicional bar e restaurante da Cidade Baixa, em Porto Alegre, inicia nesta ter\u00e7a-feira, 05, uma s\u00e9rie de lives na sua p\u00e1gina no Facebook para relembrar um pouco das boas noites de m\u00fasica e arrecadar recursos aos artistas, que est\u00e3o parados sem conseguir se apresentar. O propriet\u00e1rio do bar,\u2026","rel":"","context":"Em &quot;Cultura-MAT\u00c9RIA&quot;","block_context":{"text":"Cultura-MAT\u00c9RIA","link":"https:\/\/www.jornalja.com.br\/cultura\/category\/materiasecundaria\/"},"img":{"alt_text":"","src":"https:\/\/i0.wp.com\/www.jornalja.com.br\/cultura\/wp-content\/uploads\/sites\/2\/2020\/05\/89992006_1573940352743916_6373561240530190336_o.jpg?resize=350%2C200&ssl=1","width":350,"height":200,"srcset":"https:\/\/i0.wp.com\/www.jornalja.com.br\/cultura\/wp-content\/uploads\/sites\/2\/2020\/05\/89992006_1573940352743916_6373561240530190336_o.jpg?resize=350%2C200&ssl=1 1x, https:\/\/i0.wp.com\/www.jornalja.com.br\/cultura\/wp-content\/uploads\/sites\/2\/2020\/05\/89992006_1573940352743916_6373561240530190336_o.jpg?resize=525%2C300&ssl=1 1.5x, https:\/\/i0.wp.com\/www.jornalja.com.br\/cultura\/wp-content\/uploads\/sites\/2\/2020\/05\/89992006_1573940352743916_6373561240530190336_o.jpg?resize=700%2C400&ssl=1 2x"},"classes":[]},{"id":79449,"url":"https:\/\/www.jornalja.com.br\/cultura\/laura-dalmas-canta-sucessos-da-musica-brasileira-do-jazz-e-soul-no-um-barcozinha\/","url_meta":{"origin":85764,"position":4},"title":"Laura Dalm\u00e1s canta sucessos\u00a0 da m\u00fasica brasileira, do jazz e soul, no UM Bar&amp;Cozinha\u00a0","author":"da Reda\u00e7\u00e3o","date":"26 de novembro de 2019","format":false,"excerpt":"Dona de voz potente e t\u00e9cnica apurada, Laura Dalm\u00e1s \u00e9 um dos grandes destaques da nova gera\u00e7\u00e3o musical ga\u00facha. Com passagens pelo The Voice Brasil e Malha\u00e7\u00e3o, a cantora lan\u00e7ou neste ano seu primeiro EP autoral,\u201cTua\u201d, atingindo a marca de mais de 190 mil visualiza\u00e7\u00f5es no Youtube com o single\u2026","rel":"","context":"Em &quot;Cultura-MAT\u00c9RIA&quot;","block_context":{"text":"Cultura-MAT\u00c9RIA","link":"https:\/\/www.jornalja.com.br\/cultura\/category\/materiasecundaria\/"},"img":{"alt_text":"","src":"https:\/\/i0.wp.com\/www.jornalja.com.br\/wp-content\/uploads\/2019\/11\/arte-laura-Cre%CC%81dito-BrunoAlencastro-9-300x450.jpg?resize=350%2C200&ssl=1","width":350,"height":200},"classes":[]},{"id":83304,"url":"https:\/\/www.jornalja.com.br\/cultura\/roda-de-choro-presencial-no-parangole-com-entrada-gratuita\/","url_meta":{"origin":85764,"position":5},"title":"Roda de Choro, presencial, no Parangol\u00e9 com entrada gratuita","author":"da Reda\u00e7\u00e3o","date":"19 de janeiro de 2021","format":false,"excerpt":"Depois de dez meses sem programa\u00e7\u00e3o de shows presenciais, o bar Parangol\u00e9 retoma aos poucos sua agenda, inicialmente, com m\u00fasica instrumental. Uma edi\u00e7\u00e3o especial de sua tradicional Roda de Choro ocorre neste s\u00e1bado, a partir das 19h. A apresenta\u00e7\u00e3o \u00e9 uma contrapartida do Inciso II da Lei Aldir Blanc, destinado\u2026","rel":"","context":"Em &quot;Cultura-MAT\u00c9RIA&quot;","block_context":{"text":"Cultura-MAT\u00c9RIA","link":"https:\/\/www.jornalja.com.br\/cultura\/category\/materiasecundaria\/"},"img":{"alt_text":"","src":"https:\/\/i0.wp.com\/www.jornalja.com.br\/cultura\/wp-content\/uploads\/sites\/2\/2021\/01\/parangole-elias-barboza-credito-tiago-trindade.jpg?resize=350%2C200&ssl=1","width":350,"height":200,"srcset":"https:\/\/i0.wp.com\/www.jornalja.com.br\/cultura\/wp-content\/uploads\/sites\/2\/2021\/01\/parangole-elias-barboza-credito-tiago-trindade.jpg?resize=350%2C200&ssl=1 1x, https:\/\/i0.wp.com\/www.jornalja.com.br\/cultura\/wp-content\/uploads\/sites\/2\/2021\/01\/parangole-elias-barboza-credito-tiago-trindade.jpg?resize=525%2C300&ssl=1 1.5x, https:\/\/i0.wp.com\/www.jornalja.com.br\/cultura\/wp-content\/uploads\/sites\/2\/2021\/01\/parangole-elias-barboza-credito-tiago-trindade.jpg?resize=700%2C400&ssl=1 2x, https:\/\/i0.wp.com\/www.jornalja.com.br\/cultura\/wp-content\/uploads\/sites\/2\/2021\/01\/parangole-elias-barboza-credito-tiago-trindade.jpg?resize=1050%2C600&ssl=1 3x, https:\/\/i0.wp.com\/www.jornalja.com.br\/cultura\/wp-content\/uploads\/sites\/2\/2021\/01\/parangole-elias-barboza-credito-tiago-trindade.jpg?resize=1400%2C800&ssl=1 4x"},"classes":[]}],"jetpack_shortlink":"https:\/\/wp.me\/pbKnZc-mji","jetpack_sharing_enabled":true,"jetpack_featured_media_url":"https:\/\/www.jornalja.com.br\/cultura\/wp-content\/uploads\/sites\/2\/2022\/04\/daniel-1.jpeg","_links":{"self":[{"href":"https:\/\/www.jornalja.com.br\/cultura\/wp-json\/wp\/v2\/posts\/85764","targetHints":{"allow":["GET"]}}],"collection":[{"href":"https:\/\/www.jornalja.com.br\/cultura\/wp-json\/wp\/v2\/posts"}],"about":[{"href":"https:\/\/www.jornalja.com.br\/cultura\/wp-json\/wp\/v2\/types\/post"}],"author":[{"embeddable":true,"href":"https:\/\/www.jornalja.com.br\/cultura\/wp-json\/wp\/v2\/users\/4"}],"replies":[{"embeddable":true,"href":"https:\/\/www.jornalja.com.br\/cultura\/wp-json\/wp\/v2\/comments?post=85764"}],"version-history":[{"count":1,"href":"https:\/\/www.jornalja.com.br\/cultura\/wp-json\/wp\/v2\/posts\/85764\/revisions"}],"predecessor-version":[{"id":85767,"href":"https:\/\/www.jornalja.com.br\/cultura\/wp-json\/wp\/v2\/posts\/85764\/revisions\/85767"}],"wp:featuredmedia":[{"embeddable":true,"href":"https:\/\/www.jornalja.com.br\/cultura\/wp-json\/wp\/v2\/media\/85765"}],"wp:attachment":[{"href":"https:\/\/www.jornalja.com.br\/cultura\/wp-json\/wp\/v2\/media?parent=85764"}],"wp:term":[{"taxonomy":"category","embeddable":true,"href":"https:\/\/www.jornalja.com.br\/cultura\/wp-json\/wp\/v2\/categories?post=85764"},{"taxonomy":"post_tag","embeddable":true,"href":"https:\/\/www.jornalja.com.br\/cultura\/wp-json\/wp\/v2\/tags?post=85764"}],"curies":[{"name":"wp","href":"https:\/\/api.w.org\/{rel}","templated":true}]}}