{"id":86275,"date":"2022-07-07T21:05:32","date_gmt":"2022-07-08T00:05:32","guid":{"rendered":"https:\/\/www.jornalja.com.br\/cultura\/?p=86275"},"modified":"2022-07-07T21:05:32","modified_gmt":"2022-07-08T00:05:32","slug":"uma-mostra-de-tirar-o-folego-zoravia-bettiol-expoe-160-obras-de-sua-colecao-particular","status":"publish","type":"post","link":"https:\/\/www.jornalja.com.br\/cultura\/uma-mostra-de-tirar-o-folego-zoravia-bettiol-expoe-160-obras-de-sua-colecao-particular\/","title":{"rendered":"Uma mostra de tirar o f\u00f4lego: Zoravia Bettiol exp\u00f5e 160 obras de sua cole\u00e7\u00e3o particular"},"content":{"rendered":"<p>Al\u00e9m de artista visual de m\u00faltiplas t\u00e9cnicas, Zoravia Bettiol \u00e9 uma caprichosa colecionadora de arte.<\/p>\n<p>Neste s\u00e1bado, 9 de julho, ela abre seu atelier-galeria na Zona Sul de Porto Alegre com a exposi\u00e7\u00e3o \u201cAcervo Zoravia Bettiol \u2013 Artistas Brasileiros e Estrangeiros\u201d.<\/p>\n<p>S\u00f3 nesta mostra s\u00e3o nada menos que 160 obras, de artistas da Alemanha, Argentina, Brasil, Bol\u00edvia, Chile, Cuba, Gr\u00e9cia, Pol\u00f4nia, Portugal, Su\u00ed\u00e7a e Uruguai.<\/p>\n<p>Adquiridas a partir de 1960, quando tinha 25 anos de idade, a primeira foi uma pintura da Regina Silveira, sua conterr\u00e2nea e contempor\u00e2nea, \u201cimportante artista nacional e internacionalmente, que tamb\u00e9m integra a mostra\u201d, frisa Zoravia.<\/p>\n<p>A maior parte das obras em exposi\u00e7\u00e3o s\u00e3o desenhos e gravuras, mas o acervo tamb\u00e9m conta com pinturas e esculturas. \u201cCostumava comprar obras com frequ\u00eancia, inclusive quando fazia exposi\u00e7\u00f5es no exterior. Depois de um tempo me dei conta que estava colecionando\u201d, conta ela.<\/p>\n<p>Nesta mostra, destacam-se trabalhos de artistas brasileiros como Vasco Prado, Maria Bonomi, Marcelo Grassmann, Farnese de Andrade, Carlos Scliar e Ado Malagoli. E dos estrangeiros Luis Solari, Jorge P\u00e1ez Vilar\u00f3, Lela Pascale, Adolf Frohner, Rudolf Kr\u00e4mmer e Hector Capurro.<\/p>\n<p>Al\u00e9m, \u00e9 claro, de boas oportunidades para come\u00e7ar ou ampliar uma cole\u00e7\u00e3o com os trabalhos da pr\u00f3pria Zoravia.<\/p>\n<p>&nbsp;<\/p>\n<p><strong>Exposi\u00e7\u00e3o \u201cAcervo Zoravia Bettiol \u2013 Artistas Brasileiros e Estrangeiros\u201d<\/strong><\/p>\n<p>Inaugura\u00e7\u00e3o:\u00a0 s\u00e1bado, 09 de julho de 2022 \u2013 das 14h \u00e0s 18 horas<\/p>\n<p>Local: Galeria Zoravia Bettiol &#8211; Rua Paradiso Biacchi, 109 \u2013 Ipanema &#8211; Porto Alegre<\/p>\n<p>Per\u00edodo: de 11 de julho a 27 de agosto de 2022<\/p>\n<p>Hor\u00e1rios: de segunda \u00e0 sexta-feira das 9h \u00e0s 18h e s\u00e1bados das 15h \u00e0s 18h<\/p>\n<p>Informa\u00e7\u00f5es e contatos: (51) 3354-2456 ou (51) 99351-8143<\/p>\n","protected":false},"excerpt":{"rendered":"<p>Al\u00e9m de artista visual de m\u00faltiplas t\u00e9cnicas, Zoravia Bettiol \u00e9 uma caprichosa colecionadora de arte. Neste s\u00e1bado, 9 de julho, ela abre seu atelier-galeria na Zona Sul de Porto Alegre com a exposi\u00e7\u00e3o \u201cAcervo Zoravia Bettiol \u2013 Artistas Brasileiros e Estrangeiros\u201d. S\u00f3 nesta mostra s\u00e3o nada menos que 160 obras, de artistas da Alemanha, Argentina, [&hellip;]<\/p>\n","protected":false},"author":4,"featured_media":86276,"comment_status":"open","ping_status":"open","sticky":false,"template":"","format":"standard","meta":{"_jetpack_newsletter_access":"","_jetpack_dont_email_post_to_subs":false,"_jetpack_newsletter_tier_id":0,"_jetpack_memberships_contains_paywalled_content":false,"_jetpack_feature_clip_id":0,"_jetpack_memberships_contains_paid_content":false,"footnotes":"","jetpack_publicize_message":"","jetpack_publicize_feature_enabled":true,"jetpack_social_post_already_shared":true,"jetpack_social_options":{"image_generator_settings":{"template":"highway","default_image_id":0,"font":"","enabled":false},"version":2},"jetpack_post_was_ever_published":false},"categories":[2],"tags":[],"class_list":["post-86275","post","type-post","status-publish","format-standard","has-post-thumbnail","hentry","category-materiasecundaria"],"aioseo_notices":[],"aioseo_head":"\n\t\t<!-- All in One SEO 5.0.1.1 - aioseo.com -->\n\t<meta name=\"description\" content=\"Al\u00e9m de artista visual de m\u00faltiplas t\u00e9cnicas, Zoravia Bettiol \u00e9 uma caprichosa colecionadora de arte. Neste s\u00e1bado, 9 de julho, ela abre seu atelier-galeria na Zona Sul de Porto Alegre com a exposi\u00e7\u00e3o \u201cAcervo Zoravia Bettiol \u2013 Artistas Brasileiros e Estrangeiros\u201d. S\u00f3 nesta mostra s\u00e3o nada menos que 160 obras, de artistas da Alemanha, Argentina,\" \/>\n\t<meta name=\"robots\" content=\"max-image-preview:large\" \/>\n\t<meta name=\"author\" content=\"da Reda\u00e7\u00e3o\"\/>\n\t<link rel=\"canonical\" href=\"https:\/\/www.jornalja.com.br\/cultura\/uma-mostra-de-tirar-o-folego-zoravia-bettiol-expoe-160-obras-de-sua-colecao-particular\/\" \/>\n\t<meta name=\"generator\" content=\"All in One SEO (AIOSEO) 5.0.1.1\" \/>\n\t\t<meta property=\"og:locale\" content=\"pt_BR\" \/>\n\t\t<meta property=\"og:site_name\" content=\"Cultura\" \/>\n\t\t<meta property=\"og:type\" content=\"article\" \/>\n\t\t<meta property=\"og:title\" content=\"Uma mostra de tirar o f\u00f4lego: Zoravia Bettiol exp\u00f5e 160 obras de sua cole\u00e7\u00e3o particular | Cultura\" \/>\n\t\t<meta property=\"og:description\" content=\"Al\u00e9m de artista visual de m\u00faltiplas t\u00e9cnicas, Zoravia Bettiol \u00e9 uma caprichosa colecionadora de arte. Neste s\u00e1bado, 9 de julho, ela abre seu atelier-galeria na Zona Sul de Porto Alegre com a exposi\u00e7\u00e3o \u201cAcervo Zoravia Bettiol \u2013 Artistas Brasileiros e Estrangeiros\u201d. S\u00f3 nesta mostra s\u00e3o nada menos que 160 obras, de artistas da Alemanha, Argentina,\" \/>\n\t\t<meta property=\"og:url\" content=\"https:\/\/www.jornalja.com.br\/cultura\/uma-mostra-de-tirar-o-folego-zoravia-bettiol-expoe-160-obras-de-sua-colecao-particular\/\" \/>\n\t\t<meta property=\"og:image\" content=\"https:\/\/www.jornalja.com.br\/economics\/wp-content\/uploads\/sites\/11\/2026\/08\/ja-folhaderosto-facebook.jpg\" \/>\n\t\t<meta property=\"og:image:secure_url\" content=\"https:\/\/www.jornalja.com.br\/economics\/wp-content\/uploads\/sites\/11\/2026\/08\/ja-folhaderosto-facebook.jpg\" \/>\n\t\t<meta property=\"article:published_time\" content=\"2022-07-08T00:05:32+00:00\" \/>\n\t\t<meta property=\"article:modified_time\" content=\"2022-07-08T00:05:32+00:00\" \/>\n\t\t<meta property=\"article:publisher\" content=\"https:\/\/www.facebook.com\/jornaljanaweb\" \/>\n\t\t<meta name=\"twitter:card\" content=\"summary\" \/>\n\t\t<meta name=\"twitter:site\" content=\"@jornal_ja\" \/>\n\t\t<meta name=\"twitter:title\" content=\"Uma mostra de tirar o f\u00f4lego: Zoravia Bettiol exp\u00f5e 160 obras de sua cole\u00e7\u00e3o particular | Cultura\" \/>\n\t\t<meta name=\"twitter:description\" content=\"Al\u00e9m de artista visual de m\u00faltiplas t\u00e9cnicas, Zoravia Bettiol \u00e9 uma caprichosa colecionadora de arte. Neste s\u00e1bado, 9 de julho, ela abre seu atelier-galeria na Zona Sul de Porto Alegre com a exposi\u00e7\u00e3o \u201cAcervo Zoravia Bettiol \u2013 Artistas Brasileiros e Estrangeiros\u201d. S\u00f3 nesta mostra s\u00e3o nada menos que 160 obras, de artistas da Alemanha, Argentina,\" \/>\n\t\t<meta name=\"twitter:image\" content=\"https:\/\/www.jornalja.com.br\/economics\/wp-content\/uploads\/sites\/11\/2026\/08\/ja-folhaderosto-facebook.jpg\" \/>\n\t\t<script type=\"application\/ld+json\" class=\"aioseo-schema\">\n\t\t\t{\"@context\":\"https:\\\/\\\/schema.org\",\"@graph\":[{\"@type\":\"Article\",\"@id\":\"https:\\\/\\\/www.jornalja.com.br\\\/cultura\\\/uma-mostra-de-tirar-o-folego-zoravia-bettiol-expoe-160-obras-de-sua-colecao-particular\\\/#article\",\"name\":\"Uma mostra de tirar o f\\u00f4lego: Zoravia Bettiol exp\\u00f5e 160 obras de sua cole\\u00e7\\u00e3o particular | Cultura\",\"headline\":\"Uma mostra de tirar o f\\u00f4lego: Zoravia Bettiol exp\\u00f5e 160 obras de sua cole\\u00e7\\u00e3o particular\",\"author\":{\"@id\":\"https:\\\/\\\/www.jornalja.com.br\\\/cultura\\\/author\\\/daredacao\\\/#author\"},\"publisher\":{\"@id\":\"https:\\\/\\\/www.jornalja.com.br\\\/cultura\\\/#organization\"},\"image\":{\"@type\":\"ImageObject\",\"url\":\"https:\\\/\\\/www.jornalja.com.br\\\/cultura\\\/wp-content\\\/uploads\\\/sites\\\/2\\\/2022\\\/07\\\/exposicao-acervo-zoravia-bettiol-artistas-nacionais-card-baixa-qualidade.jpg\",\"width\":975,\"height\":975,\"caption\":\"No atelier-galeria, 160 obras de artistas brasileiros e estrangeiros\"},\"datePublished\":\"2022-07-07T21:05:32-03:00\",\"dateModified\":\"2022-07-07T21:05:32-03:00\",\"inLanguage\":\"pt-BR\",\"mainEntityOfPage\":{\"@id\":\"https:\\\/\\\/www.jornalja.com.br\\\/cultura\\\/uma-mostra-de-tirar-o-folego-zoravia-bettiol-expoe-160-obras-de-sua-colecao-particular\\\/#webpage\"},\"isPartOf\":{\"@id\":\"https:\\\/\\\/www.jornalja.com.br\\\/cultura\\\/uma-mostra-de-tirar-o-folego-zoravia-bettiol-expoe-160-obras-de-sua-colecao-particular\\\/#webpage\"},\"articleSection\":\"Cultura-MAT\\u00c9RIA\"},{\"@type\":\"BreadcrumbList\",\"@id\":\"https:\\\/\\\/www.jornalja.com.br\\\/cultura\\\/uma-mostra-de-tirar-o-folego-zoravia-bettiol-expoe-160-obras-de-sua-colecao-particular\\\/#breadcrumblist\",\"itemListElement\":[{\"@type\":\"ListItem\",\"@id\":\"https:\\\/\\\/www.jornalja.com.br\\\/cultura#listItem\",\"position\":1,\"name\":\"Home\",\"item\":\"https:\\\/\\\/www.jornalja.com.br\\\/cultura\",\"nextItem\":{\"@type\":\"ListItem\",\"@id\":\"https:\\\/\\\/www.jornalja.com.br\\\/cultura\\\/category\\\/materiasecundaria\\\/#listItem\",\"name\":\"Cultura-MAT\\u00c9RIA\"}},{\"@type\":\"ListItem\",\"@id\":\"https:\\\/\\\/www.jornalja.com.br\\\/cultura\\\/category\\\/materiasecundaria\\\/#listItem\",\"position\":2,\"name\":\"Cultura-MAT\\u00c9RIA\",\"item\":\"https:\\\/\\\/www.jornalja.com.br\\\/cultura\\\/category\\\/materiasecundaria\\\/\",\"nextItem\":{\"@type\":\"ListItem\",\"@id\":\"https:\\\/\\\/www.jornalja.com.br\\\/cultura\\\/uma-mostra-de-tirar-o-folego-zoravia-bettiol-expoe-160-obras-de-sua-colecao-particular\\\/#listItem\",\"name\":\"Uma mostra de tirar o f\\u00f4lego: Zoravia Bettiol exp\\u00f5e 160 obras de sua cole\\u00e7\\u00e3o particular\"},\"previousItem\":{\"@type\":\"ListItem\",\"@id\":\"https:\\\/\\\/www.jornalja.com.br\\\/cultura#listItem\",\"name\":\"Home\"}},{\"@type\":\"ListItem\",\"@id\":\"https:\\\/\\\/www.jornalja.com.br\\\/cultura\\\/uma-mostra-de-tirar-o-folego-zoravia-bettiol-expoe-160-obras-de-sua-colecao-particular\\\/#listItem\",\"position\":3,\"name\":\"Uma mostra de tirar o f\\u00f4lego: Zoravia Bettiol exp\\u00f5e 160 obras de sua cole\\u00e7\\u00e3o particular\",\"previousItem\":{\"@type\":\"ListItem\",\"@id\":\"https:\\\/\\\/www.jornalja.com.br\\\/cultura\\\/category\\\/materiasecundaria\\\/#listItem\",\"name\":\"Cultura-MAT\\u00c9RIA\"}}]},{\"@type\":\"Organization\",\"@id\":\"https:\\\/\\\/www.jornalja.com.br\\\/cultura\\\/#organization\",\"name\":\"Jornal J\\u00c1 Editora\",\"description\":\"Jornal J\\u00c1 | Porto Alegre\",\"url\":\"https:\\\/\\\/www.jornalja.com.br\\\/cultura\\\/\",\"telephone\":\"+555133307272\",\"logo\":{\"@type\":\"ImageObject\",\"url\":\"https:\\\/\\\/www.jornalja.com.br\\\/cultura\\\/wp-content\\\/uploads\\\/sites\\\/2\\\/2021\\\/05\\\/2020-logotipia-ja-35anos.jpg\",\"@id\":\"https:\\\/\\\/www.jornalja.com.br\\\/cultura\\\/uma-mostra-de-tirar-o-folego-zoravia-bettiol-expoe-160-obras-de-sua-colecao-particular\\\/#organizationLogo\",\"width\":1067,\"height\":800},\"image\":{\"@id\":\"https:\\\/\\\/www.jornalja.com.br\\\/cultura\\\/uma-mostra-de-tirar-o-folego-zoravia-bettiol-expoe-160-obras-de-sua-colecao-particular\\\/#organizationLogo\"},\"sameAs\":[\"https:\\\/\\\/www.instagram.com\\\/jornaljapoa\",\"https:\\\/\\\/www.youtube.com\\\/c\\\/JornalJ\"]},{\"@type\":\"Person\",\"@id\":\"https:\\\/\\\/www.jornalja.com.br\\\/cultura\\\/author\\\/daredacao\\\/#author\",\"url\":\"https:\\\/\\\/www.jornalja.com.br\\\/cultura\\\/author\\\/daredacao\\\/\",\"name\":\"da Reda\\u00e7\\u00e3o\",\"image\":{\"@type\":\"ImageObject\",\"@id\":\"https:\\\/\\\/www.jornalja.com.br\\\/cultura\\\/uma-mostra-de-tirar-o-folego-zoravia-bettiol-expoe-160-obras-de-sua-colecao-particular\\\/#authorImage\",\"url\":\"https:\\\/\\\/secure.gravatar.com\\\/avatar\\\/469fd857d6605ad19919d27ed29d35a968a25f6e8fd9318356bbb7f57aae9c65?s=96&d=mm&r=g\",\"width\":96,\"height\":96,\"caption\":\"da Reda\\u00e7\\u00e3o\"}},{\"@type\":\"WebPage\",\"@id\":\"https:\\\/\\\/www.jornalja.com.br\\\/cultura\\\/uma-mostra-de-tirar-o-folego-zoravia-bettiol-expoe-160-obras-de-sua-colecao-particular\\\/#webpage\",\"url\":\"https:\\\/\\\/www.jornalja.com.br\\\/cultura\\\/uma-mostra-de-tirar-o-folego-zoravia-bettiol-expoe-160-obras-de-sua-colecao-particular\\\/\",\"name\":\"Uma mostra de tirar o f\\u00f4lego: Zoravia Bettiol exp\\u00f5e 160 obras de sua cole\\u00e7\\u00e3o particular | Cultura\",\"description\":\"Al\\u00e9m de artista visual de m\\u00faltiplas t\\u00e9cnicas, Zoravia Bettiol \\u00e9 uma caprichosa colecionadora de arte. Neste s\\u00e1bado, 9 de julho, ela abre seu atelier-galeria na Zona Sul de Porto Alegre com a exposi\\u00e7\\u00e3o \\u201cAcervo Zoravia Bettiol \\u2013 Artistas Brasileiros e Estrangeiros\\u201d. S\\u00f3 nesta mostra s\\u00e3o nada menos que 160 obras, de artistas da Alemanha, Argentina,\",\"inLanguage\":\"pt-BR\",\"isPartOf\":{\"@id\":\"https:\\\/\\\/www.jornalja.com.br\\\/cultura\\\/#website\"},\"breadcrumb\":{\"@id\":\"https:\\\/\\\/www.jornalja.com.br\\\/cultura\\\/uma-mostra-de-tirar-o-folego-zoravia-bettiol-expoe-160-obras-de-sua-colecao-particular\\\/#breadcrumblist\"},\"author\":{\"@id\":\"https:\\\/\\\/www.jornalja.com.br\\\/cultura\\\/author\\\/daredacao\\\/#author\"},\"creator\":{\"@id\":\"https:\\\/\\\/www.jornalja.com.br\\\/cultura\\\/author\\\/daredacao\\\/#author\"},\"image\":{\"@type\":\"ImageObject\",\"url\":\"https:\\\/\\\/www.jornalja.com.br\\\/cultura\\\/wp-content\\\/uploads\\\/sites\\\/2\\\/2022\\\/07\\\/exposicao-acervo-zoravia-bettiol-artistas-nacionais-card-baixa-qualidade.jpg\",\"@id\":\"https:\\\/\\\/www.jornalja.com.br\\\/cultura\\\/uma-mostra-de-tirar-o-folego-zoravia-bettiol-expoe-160-obras-de-sua-colecao-particular\\\/#mainImage\",\"width\":975,\"height\":975,\"caption\":\"No atelier-galeria, 160 obras de artistas brasileiros e estrangeiros\"},\"primaryImageOfPage\":{\"@id\":\"https:\\\/\\\/www.jornalja.com.br\\\/cultura\\\/uma-mostra-de-tirar-o-folego-zoravia-bettiol-expoe-160-obras-de-sua-colecao-particular\\\/#mainImage\"},\"datePublished\":\"2022-07-07T21:05:32-03:00\",\"dateModified\":\"2022-07-07T21:05:32-03:00\"},{\"@type\":\"WebSite\",\"@id\":\"https:\\\/\\\/www.jornalja.com.br\\\/cultura\\\/#website\",\"url\":\"https:\\\/\\\/www.jornalja.com.br\\\/cultura\\\/\",\"name\":\"Cultura\",\"description\":\"Jornal J\\u00c1 | Porto Alegre\",\"inLanguage\":\"pt-BR\",\"publisher\":{\"@id\":\"https:\\\/\\\/www.jornalja.com.br\\\/cultura\\\/#organization\"}}]}\n\t\t<\/script>\n\t\t<!-- All in One SEO -->\n\n","aioseo_head_json":{"title":"Uma mostra de tirar o f\u00f4lego: Zoravia Bettiol exp\u00f5e 160 obras de sua cole\u00e7\u00e3o particular | Cultura","description":"Al\u00e9m de artista visual de m\u00faltiplas t\u00e9cnicas, Zoravia Bettiol \u00e9 uma caprichosa colecionadora de arte. Neste s\u00e1bado, 9 de julho, ela abre seu atelier-galeria na Zona Sul de Porto Alegre com a exposi\u00e7\u00e3o \u201cAcervo Zoravia Bettiol \u2013 Artistas Brasileiros e Estrangeiros\u201d. S\u00f3 nesta mostra s\u00e3o nada menos que 160 obras, de artistas da Alemanha, Argentina,","canonical_url":"https:\/\/www.jornalja.com.br\/cultura\/uma-mostra-de-tirar-o-folego-zoravia-bettiol-expoe-160-obras-de-sua-colecao-particular\/","robots":"max-image-preview:large","keywords":"","webmasterTools":{"miscellaneous":""},"schema":{"@context":"https:\/\/schema.org","@graph":[{"@type":"Article","@id":"https:\/\/www.jornalja.com.br\/cultura\/uma-mostra-de-tirar-o-folego-zoravia-bettiol-expoe-160-obras-de-sua-colecao-particular\/#article","name":"Uma mostra de tirar o f\u00f4lego: Zoravia Bettiol exp\u00f5e 160 obras de sua cole\u00e7\u00e3o particular | Cultura","headline":"Uma mostra de tirar o f\u00f4lego: Zoravia Bettiol exp\u00f5e 160 obras de sua cole\u00e7\u00e3o particular","author":{"@id":"https:\/\/www.jornalja.com.br\/cultura\/author\/daredacao\/#author"},"publisher":{"@id":"https:\/\/www.jornalja.com.br\/cultura\/#organization"},"image":{"@type":"ImageObject","url":"https:\/\/www.jornalja.com.br\/cultura\/wp-content\/uploads\/sites\/2\/2022\/07\/exposicao-acervo-zoravia-bettiol-artistas-nacionais-card-baixa-qualidade.jpg","width":975,"height":975,"caption":"No atelier-galeria, 160 obras de artistas brasileiros e estrangeiros"},"datePublished":"2022-07-07T21:05:32-03:00","dateModified":"2022-07-07T21:05:32-03:00","inLanguage":"pt-BR","mainEntityOfPage":{"@id":"https:\/\/www.jornalja.com.br\/cultura\/uma-mostra-de-tirar-o-folego-zoravia-bettiol-expoe-160-obras-de-sua-colecao-particular\/#webpage"},"isPartOf":{"@id":"https:\/\/www.jornalja.com.br\/cultura\/uma-mostra-de-tirar-o-folego-zoravia-bettiol-expoe-160-obras-de-sua-colecao-particular\/#webpage"},"articleSection":"Cultura-MAT\u00c9RIA"},{"@type":"BreadcrumbList","@id":"https:\/\/www.jornalja.com.br\/cultura\/uma-mostra-de-tirar-o-folego-zoravia-bettiol-expoe-160-obras-de-sua-colecao-particular\/#breadcrumblist","itemListElement":[{"@type":"ListItem","@id":"https:\/\/www.jornalja.com.br\/cultura#listItem","position":1,"name":"Home","item":"https:\/\/www.jornalja.com.br\/cultura","nextItem":{"@type":"ListItem","@id":"https:\/\/www.jornalja.com.br\/cultura\/category\/materiasecundaria\/#listItem","name":"Cultura-MAT\u00c9RIA"}},{"@type":"ListItem","@id":"https:\/\/www.jornalja.com.br\/cultura\/category\/materiasecundaria\/#listItem","position":2,"name":"Cultura-MAT\u00c9RIA","item":"https:\/\/www.jornalja.com.br\/cultura\/category\/materiasecundaria\/","nextItem":{"@type":"ListItem","@id":"https:\/\/www.jornalja.com.br\/cultura\/uma-mostra-de-tirar-o-folego-zoravia-bettiol-expoe-160-obras-de-sua-colecao-particular\/#listItem","name":"Uma mostra de tirar o f\u00f4lego: Zoravia Bettiol exp\u00f5e 160 obras de sua cole\u00e7\u00e3o particular"},"previousItem":{"@type":"ListItem","@id":"https:\/\/www.jornalja.com.br\/cultura#listItem","name":"Home"}},{"@type":"ListItem","@id":"https:\/\/www.jornalja.com.br\/cultura\/uma-mostra-de-tirar-o-folego-zoravia-bettiol-expoe-160-obras-de-sua-colecao-particular\/#listItem","position":3,"name":"Uma mostra de tirar o f\u00f4lego: Zoravia Bettiol exp\u00f5e 160 obras de sua cole\u00e7\u00e3o particular","previousItem":{"@type":"ListItem","@id":"https:\/\/www.jornalja.com.br\/cultura\/category\/materiasecundaria\/#listItem","name":"Cultura-MAT\u00c9RIA"}}]},{"@type":"Organization","@id":"https:\/\/www.jornalja.com.br\/cultura\/#organization","name":"Jornal J\u00c1 Editora","description":"Jornal J\u00c1 | Porto Alegre","url":"https:\/\/www.jornalja.com.br\/cultura\/","telephone":"+555133307272","logo":{"@type":"ImageObject","url":"https:\/\/www.jornalja.com.br\/cultura\/wp-content\/uploads\/sites\/2\/2021\/05\/2020-logotipia-ja-35anos.jpg","@id":"https:\/\/www.jornalja.com.br\/cultura\/uma-mostra-de-tirar-o-folego-zoravia-bettiol-expoe-160-obras-de-sua-colecao-particular\/#organizationLogo","width":1067,"height":800},"image":{"@id":"https:\/\/www.jornalja.com.br\/cultura\/uma-mostra-de-tirar-o-folego-zoravia-bettiol-expoe-160-obras-de-sua-colecao-particular\/#organizationLogo"},"sameAs":["https:\/\/www.instagram.com\/jornaljapoa","https:\/\/www.youtube.com\/c\/JornalJ"]},{"@type":"Person","@id":"https:\/\/www.jornalja.com.br\/cultura\/author\/daredacao\/#author","url":"https:\/\/www.jornalja.com.br\/cultura\/author\/daredacao\/","name":"da Reda\u00e7\u00e3o","image":{"@type":"ImageObject","@id":"https:\/\/www.jornalja.com.br\/cultura\/uma-mostra-de-tirar-o-folego-zoravia-bettiol-expoe-160-obras-de-sua-colecao-particular\/#authorImage","url":"https:\/\/secure.gravatar.com\/avatar\/469fd857d6605ad19919d27ed29d35a968a25f6e8fd9318356bbb7f57aae9c65?s=96&d=mm&r=g","width":96,"height":96,"caption":"da Reda\u00e7\u00e3o"}},{"@type":"WebPage","@id":"https:\/\/www.jornalja.com.br\/cultura\/uma-mostra-de-tirar-o-folego-zoravia-bettiol-expoe-160-obras-de-sua-colecao-particular\/#webpage","url":"https:\/\/www.jornalja.com.br\/cultura\/uma-mostra-de-tirar-o-folego-zoravia-bettiol-expoe-160-obras-de-sua-colecao-particular\/","name":"Uma mostra de tirar o f\u00f4lego: Zoravia Bettiol exp\u00f5e 160 obras de sua cole\u00e7\u00e3o particular | Cultura","description":"Al\u00e9m de artista visual de m\u00faltiplas t\u00e9cnicas, Zoravia Bettiol \u00e9 uma caprichosa colecionadora de arte. Neste s\u00e1bado, 9 de julho, ela abre seu atelier-galeria na Zona Sul de Porto Alegre com a exposi\u00e7\u00e3o \u201cAcervo Zoravia Bettiol \u2013 Artistas Brasileiros e Estrangeiros\u201d. S\u00f3 nesta mostra s\u00e3o nada menos que 160 obras, de artistas da Alemanha, Argentina,","inLanguage":"pt-BR","isPartOf":{"@id":"https:\/\/www.jornalja.com.br\/cultura\/#website"},"breadcrumb":{"@id":"https:\/\/www.jornalja.com.br\/cultura\/uma-mostra-de-tirar-o-folego-zoravia-bettiol-expoe-160-obras-de-sua-colecao-particular\/#breadcrumblist"},"author":{"@id":"https:\/\/www.jornalja.com.br\/cultura\/author\/daredacao\/#author"},"creator":{"@id":"https:\/\/www.jornalja.com.br\/cultura\/author\/daredacao\/#author"},"image":{"@type":"ImageObject","url":"https:\/\/www.jornalja.com.br\/cultura\/wp-content\/uploads\/sites\/2\/2022\/07\/exposicao-acervo-zoravia-bettiol-artistas-nacionais-card-baixa-qualidade.jpg","@id":"https:\/\/www.jornalja.com.br\/cultura\/uma-mostra-de-tirar-o-folego-zoravia-bettiol-expoe-160-obras-de-sua-colecao-particular\/#mainImage","width":975,"height":975,"caption":"No atelier-galeria, 160 obras de artistas brasileiros e estrangeiros"},"primaryImageOfPage":{"@id":"https:\/\/www.jornalja.com.br\/cultura\/uma-mostra-de-tirar-o-folego-zoravia-bettiol-expoe-160-obras-de-sua-colecao-particular\/#mainImage"},"datePublished":"2022-07-07T21:05:32-03:00","dateModified":"2022-07-07T21:05:32-03:00"},{"@type":"WebSite","@id":"https:\/\/www.jornalja.com.br\/cultura\/#website","url":"https:\/\/www.jornalja.com.br\/cultura\/","name":"Cultura","description":"Jornal J\u00c1 | Porto Alegre","inLanguage":"pt-BR","publisher":{"@id":"https:\/\/www.jornalja.com.br\/cultura\/#organization"}}]},"og:locale":"pt_BR","og:site_name":"Cultura","og:type":"article","og:title":"Uma mostra de tirar o f\u00f4lego: Zoravia Bettiol exp\u00f5e 160 obras de sua cole\u00e7\u00e3o particular | Cultura","og:description":"Al\u00e9m de artista visual de m\u00faltiplas t\u00e9cnicas, Zoravia Bettiol \u00e9 uma caprichosa colecionadora de arte. Neste s\u00e1bado, 9 de julho, ela abre seu atelier-galeria na Zona Sul de Porto Alegre com a exposi\u00e7\u00e3o \u201cAcervo Zoravia Bettiol \u2013 Artistas Brasileiros e Estrangeiros\u201d. S\u00f3 nesta mostra s\u00e3o nada menos que 160 obras, de artistas da Alemanha, Argentina,","og:url":"https:\/\/www.jornalja.com.br\/cultura\/uma-mostra-de-tirar-o-folego-zoravia-bettiol-expoe-160-obras-de-sua-colecao-particular\/","og:image":"https:\/\/www.jornalja.com.br\/economics\/wp-content\/uploads\/sites\/11\/2026\/08\/ja-folhaderosto-facebook.jpg","og:image:secure_url":"https:\/\/www.jornalja.com.br\/economics\/wp-content\/uploads\/sites\/11\/2026\/08\/ja-folhaderosto-facebook.jpg","article:published_time":"2022-07-08T00:05:32+00:00","article:modified_time":"2022-07-08T00:05:32+00:00","article:publisher":"https:\/\/www.facebook.com\/jornaljanaweb","twitter:card":"summary","twitter:site":"@jornal_ja","twitter:title":"Uma mostra de tirar o f\u00f4lego: Zoravia Bettiol exp\u00f5e 160 obras de sua cole\u00e7\u00e3o particular | Cultura","twitter:description":"Al\u00e9m de artista visual de m\u00faltiplas t\u00e9cnicas, Zoravia Bettiol \u00e9 uma caprichosa colecionadora de arte. Neste s\u00e1bado, 9 de julho, ela abre seu atelier-galeria na Zona Sul de Porto Alegre com a exposi\u00e7\u00e3o \u201cAcervo Zoravia Bettiol \u2013 Artistas Brasileiros e Estrangeiros\u201d. S\u00f3 nesta mostra s\u00e3o nada menos que 160 obras, de artistas da Alemanha, Argentina,","twitter:image":"https:\/\/www.jornalja.com.br\/economics\/wp-content\/uploads\/sites\/11\/2026\/08\/ja-folhaderosto-facebook.jpg"},"aioseo_meta_data":{"post_id":"86275","title":null,"description":null,"keywords":[],"keyphrases":{"focus":{"keyphrase":"","score":0,"analysis":{"keyphraseInTitle":{"score":0,"maxScore":9,"error":1}}},"additional":[]},"primary_term":null,"canonical_url":null,"og_title":null,"og_description":null,"og_object_type":"default","og_image_type":"default","og_image_url":null,"og_image_width":null,"og_image_height":null,"og_image_custom_url":null,"og_image_custom_fields":null,"og_video":"","og_custom_url":null,"og_article_section":null,"og_article_tags":[],"twitter_use_og":false,"twitter_card":"default","twitter_image_type":"default","twitter_image_url":null,"twitter_image_custom_url":null,"twitter_image_custom_fields":null,"twitter_title":null,"twitter_description":null,"schema":{"blockGraphs":[],"customGraphs":[],"default":{"data":{"Article":[],"Course":[],"Dataset":[],"FAQPage":[],"Movie":[],"Person":[],"Product":[],"ProductReview":[],"Car":[],"Recipe":[],"Service":[],"SoftwareApplication":[],"WebPage":[]},"graphName":"","isEnabled":true},"graphs":[]},"schema_type":"default","schema_type_options":"{\"article\":{\"articleType\":\"BlogPosting\"},\"course\":{\"name\":\"\",\"description\":\"\",\"provider\":\"\"},\"faq\":{\"pages\":[]},\"product\":{\"reviews\":[]},\"recipe\":{\"ingredients\":[],\"instructions\":[],\"keywords\":[]},\"software\":{\"reviews\":[],\"operatingSystems\":[]},\"webPage\":{\"webPageType\":\"WebPage\"}}","pillar_content":false,"robots_default":true,"robots_noindex":false,"robots_noarchive":false,"robots_nosnippet":false,"robots_nofollow":false,"robots_noimageindex":false,"robots_noodp":false,"robots_notranslate":false,"robots_max_snippet":"-1","robots_max_videopreview":"-1","robots_max_imagepreview":"large","priority":null,"frequency":"default","location":null,"local_seo":null,"breadcrumb_settings":null,"limit_modified_date":false,"ai":null,"created":"2022-07-07 23:23:55","updated":"2025-06-04 13:08:56","seo_analyzer_scan_date":null,"focus_keyword":null,"additional_keywords":null,"truseo_locale":null},"jetpack_publicize_connections":[],"jetpack-related-posts":[{"id":80537,"url":"https:\/\/www.jornalja.com.br\/cultura\/zoravia-bettiol-expoe-seu-acervo-formado-durante-60-anos\/","url_meta":{"origin":86275,"position":0},"title":"Zoravia Bettiol exp\u00f5e seu acervo formado durante 60 anos","author":"da Reda\u00e7\u00e3o","date":"14 de janeiro de 2020","format":false,"excerpt":"Segue aberta a mostra do acervo da artista pl\u00e1stica Zoravia Bettiol, composta por 80 obras de artistas brasileiros e estrangeiros. Est\u00e3o expostas pinturas, gravuras, desenhos e esculturas. Os artistas estrangeiros s\u00e3o da Alemanha, Argentina, Gr\u00e9cia, Jap\u00e3o, Pol\u00f4nia, Portugal e Uruguai. A exposi\u00e7\u00e3o ficar\u00e1 aberta at\u00e9 9 de mar\u00e7o, por\u00e9m as\u2026","rel":"","context":"Em &quot;Cultura-MAT\u00c9RIA&quot;","block_context":{"text":"Cultura-MAT\u00c9RIA","link":"https:\/\/www.jornalja.com.br\/cultura\/category\/materiasecundaria\/"},"img":{"alt_text":"","src":"https:\/\/i0.wp.com\/www.jornalja.com.br\/cultura\/wp-content\/uploads\/sites\/2\/2020\/01\/ANT%C3%94NIO-POTEIRO-Cavaleiros.jpg?resize=350%2C200&ssl=1","width":350,"height":200,"srcset":"https:\/\/i0.wp.com\/www.jornalja.com.br\/cultura\/wp-content\/uploads\/sites\/2\/2020\/01\/ANT%C3%94NIO-POTEIRO-Cavaleiros.jpg?resize=350%2C200&ssl=1 1x, https:\/\/i0.wp.com\/www.jornalja.com.br\/cultura\/wp-content\/uploads\/sites\/2\/2020\/01\/ANT%C3%94NIO-POTEIRO-Cavaleiros.jpg?resize=525%2C300&ssl=1 1.5x, https:\/\/i0.wp.com\/www.jornalja.com.br\/cultura\/wp-content\/uploads\/sites\/2\/2020\/01\/ANT%C3%94NIO-POTEIRO-Cavaleiros.jpg?resize=700%2C400&ssl=1 2x, https:\/\/i0.wp.com\/www.jornalja.com.br\/cultura\/wp-content\/uploads\/sites\/2\/2020\/01\/ANT%C3%94NIO-POTEIRO-Cavaleiros.jpg?resize=1050%2C600&ssl=1 3x"},"classes":[]},{"id":87756,"url":"https:\/\/www.jornalja.com.br\/cultura\/a-multiplicidade-da-arte-de-zoravia-bettiol-em-80-quadros\/","url_meta":{"origin":86275,"position":1},"title":"A multiplicidade da arte de Zoravia Bettiol em 80 quadros","author":"da Reda\u00e7\u00e3o","date":"11 de abril de 2023","format":false,"excerpt":"\u00a0 A artista visual Zoravia Bettiol abrir\u00e1, no s\u00e1bado (15\/04), uma exposi\u00e7\u00e3o abundante em obras, tem\u00e1ticas e t\u00e9cnicas. Ela receber\u00e1 o p\u00fablico das 14h \u00e0s 18h na sua galeria, \u00e0 Rua Paradiso Biacchi, 109, em Ipanema. Uma visita ao local, que fica no t\u00e9rreo de um sobrado ajardinado, em frente\u2026","rel":"","context":"Em &quot;Cultura-MAT\u00c9RIA&quot;","block_context":{"text":"Cultura-MAT\u00c9RIA","link":"https:\/\/www.jornalja.com.br\/cultura\/category\/materiasecundaria\/"},"img":{"alt_text":"","src":"https:\/\/i0.wp.com\/www.jornalja.com.br\/cultura\/wp-content\/uploads\/sites\/2\/2023\/04\/zoravia-7minha-casa-minha-vida-deve-ser-mantida-gravura-digital.jpeg?resize=350%2C200&ssl=1","width":350,"height":200,"srcset":"https:\/\/i0.wp.com\/www.jornalja.com.br\/cultura\/wp-content\/uploads\/sites\/2\/2023\/04\/zoravia-7minha-casa-minha-vida-deve-ser-mantida-gravura-digital.jpeg?resize=350%2C200&ssl=1 1x, https:\/\/i0.wp.com\/www.jornalja.com.br\/cultura\/wp-content\/uploads\/sites\/2\/2023\/04\/zoravia-7minha-casa-minha-vida-deve-ser-mantida-gravura-digital.jpeg?resize=525%2C300&ssl=1 1.5x"},"classes":[]},{"id":83192,"url":"https:\/\/www.jornalja.com.br\/cultura\/zoravia-bettiol-celebra-em-dezembro-85-anos-de-idade-e-65-anos-dedicados-a-arte-visual\/","url_meta":{"origin":86275,"position":2},"title":"Zoravia Bettiol celebra, em dezembro, 85 anos de idade e 65 anos dedicados \u00e0 arte visual","author":"da Reda\u00e7\u00e3o","date":"12 de dezembro de 2020","format":false,"excerpt":"\u00a0 A artista visual Zoravia Bettiol completa 85 anos em dezembro, dos quais\u00a0 65 anos dedicados, initerruptamente, \u00e0s artes visuais. Ela comemora essas datas realizando, de forma virtual, a mostra de pinturas \"\u00cdcones.\" S\u00e3o quinze obras nas quais homenageia personalidades relacionadas \u00e0s artes, como Mercedes Sosa, Tamara Toumanova, Mario Quintana\u2026","rel":"","context":"Em &quot;Cultura-MAT\u00c9RIA&quot;","block_context":{"text":"Cultura-MAT\u00c9RIA","link":"https:\/\/www.jornalja.com.br\/cultura\/category\/materiasecundaria\/"},"img":{"alt_text":"","src":"https:\/\/i0.wp.com\/www.jornalja.com.br\/cultura\/wp-content\/uploads\/sites\/2\/2020\/12\/perfil-zoravia-bettiol.jpg?resize=350%2C200&ssl=1","width":350,"height":200,"srcset":"https:\/\/i0.wp.com\/www.jornalja.com.br\/cultura\/wp-content\/uploads\/sites\/2\/2020\/12\/perfil-zoravia-bettiol.jpg?resize=350%2C200&ssl=1 1x, https:\/\/i0.wp.com\/www.jornalja.com.br\/cultura\/wp-content\/uploads\/sites\/2\/2020\/12\/perfil-zoravia-bettiol.jpg?resize=525%2C300&ssl=1 1.5x, https:\/\/i0.wp.com\/www.jornalja.com.br\/cultura\/wp-content\/uploads\/sites\/2\/2020\/12\/perfil-zoravia-bettiol.jpg?resize=700%2C400&ssl=1 2x, https:\/\/i0.wp.com\/www.jornalja.com.br\/cultura\/wp-content\/uploads\/sites\/2\/2020\/12\/perfil-zoravia-bettiol.jpg?resize=1050%2C600&ssl=1 3x, https:\/\/i0.wp.com\/www.jornalja.com.br\/cultura\/wp-content\/uploads\/sites\/2\/2020\/12\/perfil-zoravia-bettiol.jpg?resize=1400%2C800&ssl=1 4x"},"classes":[]},{"id":85156,"url":"https:\/\/www.jornalja.com.br\/cultura\/zoravia-bettiol-abre-mostra-com-duas-series-no-seu-estudio-galeria\/","url_meta":{"origin":86275,"position":3},"title":"Zoravia Bettiol abre mostra com duas s\u00e9ries no seu est\u00fadio-galeria","author":"Patr\u00edcia Marini","date":"5 de novembro de 2021","format":false,"excerpt":"A artista Zoravia Bettiol abre mostra que re\u00fane duas s\u00e9ries na sua galeria em Porto Alegre, neste s\u00e1bado. Uma das s\u00e9ries foi totalmente produzida durante a pandemia: as 37 ilustra\u00e7\u00f5es para o livro Divina Rima \u2013 um di\u00e1logo com a Divina Com\u00e9dia de Dante Alighieri,\u00a0 do professor e escritor Gilberto\u2026","rel":"","context":"Em &quot;Cultura-MAT\u00c9RIA&quot;","block_context":{"text":"Cultura-MAT\u00c9RIA","link":"https:\/\/www.jornalja.com.br\/cultura\/category\/materiasecundaria\/"},"img":{"alt_text":"","src":"https:\/\/i0.wp.com\/www.jornalja.com.br\/cultura\/wp-content\/uploads\/sites\/2\/2021\/11\/divina-rima-e-voadores-zoravia.jpg?resize=350%2C200&ssl=1","width":350,"height":200},"classes":[]},{"id":88685,"url":"https:\/\/www.jornalja.com.br\/cultura\/combo-de-arte-gratuito-ao-publico-uma-acao-do-instituto-zoravia-bettiol\/","url_meta":{"origin":86275,"position":4},"title":"Combo de arte gratuito ao p\u00fablico: uma a\u00e7\u00e3o do Instituto Zoravia Bettiol","author":"da Reda\u00e7\u00e3o","date":"9 de novembro de 2023","format":false,"excerpt":"\u00a0O Instituto Zoravia Bettiol montou uma programa\u00e7\u00e3o especial, com diferentes manifesta\u00e7\u00f5es art\u00edsticas e culturais, para receber o p\u00fablico neste s\u00e1bado (11\/11), das 16h \u00e0s 20h, na galeria da artista e no jardim que a ornamenta, na Rua Paradiso Biacchi, 109, Ipanema, zona sul de Porto Alegre. Prestes a completar 88\u2026","rel":"","context":"Em &quot;Cultura-MAT\u00c9RIA&quot;","block_context":{"text":"Cultura-MAT\u00c9RIA","link":"https:\/\/www.jornalja.com.br\/cultura\/category\/materiasecundaria\/"},"img":{"alt_text":"","src":"https:\/\/i0.wp.com\/www.jornalja.com.br\/cultura\/wp-content\/uploads\/sites\/2\/2023\/11\/galeria.jpg?resize=350%2C200&ssl=1","width":350,"height":200,"srcset":"https:\/\/i0.wp.com\/www.jornalja.com.br\/cultura\/wp-content\/uploads\/sites\/2\/2023\/11\/galeria.jpg?resize=350%2C200&ssl=1 1x, https:\/\/i0.wp.com\/www.jornalja.com.br\/cultura\/wp-content\/uploads\/sites\/2\/2023\/11\/galeria.jpg?resize=525%2C300&ssl=1 1.5x"},"classes":[]},{"id":82988,"url":"https:\/\/www.jornalja.com.br\/cultura\/narrativas-pandemicas-na-visao-de-18-artistas-brasileiros-com-destaque-para-zoravia-bettiol\/","url_meta":{"origin":86275,"position":5},"title":"&#8220;Narrativas pand\u00eamicas&#8221;, na vis\u00e3o de 18 artistas brasileiros, com destaque para Zoravia Bettiol","author":"da Reda\u00e7\u00e3o","date":"7 de novembro de 2020","format":false,"excerpt":"Teve in\u00edcio nessa sexta-feira, dia 06, em Santa Maria, a exposi\u00e7\u00e3o virtual, \"Narrativas Pand\u00eamicas\", com participa\u00e7\u00e3o de 18 artistas e curadoria da tamb\u00e9m artista visual, Susane Kochhann. Presen\u00e7a destacada na mostra \u00e9 da artista Zoravia Bettiol, decana no meio art\u00edstico visual ga\u00facho e brasileiro. O texto de divulga\u00e7\u00e3o da mostra\u2026","rel":"","context":"Em &quot;Cultura-MAT\u00c9RIA&quot;","block_context":{"text":"Cultura-MAT\u00c9RIA","link":"https:\/\/www.jornalja.com.br\/cultura\/category\/materiasecundaria\/"},"img":{"alt_text":"","src":"https:\/\/i0.wp.com\/www.jornalja.com.br\/cultura\/wp-content\/uploads\/sites\/2\/2020\/11\/exposicao-5-zoravia.jpg?resize=350%2C200&ssl=1","width":350,"height":200,"srcset":"https:\/\/i0.wp.com\/www.jornalja.com.br\/cultura\/wp-content\/uploads\/sites\/2\/2020\/11\/exposicao-5-zoravia.jpg?resize=350%2C200&ssl=1 1x, https:\/\/i0.wp.com\/www.jornalja.com.br\/cultura\/wp-content\/uploads\/sites\/2\/2020\/11\/exposicao-5-zoravia.jpg?resize=525%2C300&ssl=1 1.5x, https:\/\/i0.wp.com\/www.jornalja.com.br\/cultura\/wp-content\/uploads\/sites\/2\/2020\/11\/exposicao-5-zoravia.jpg?resize=700%2C400&ssl=1 2x, https:\/\/i0.wp.com\/www.jornalja.com.br\/cultura\/wp-content\/uploads\/sites\/2\/2020\/11\/exposicao-5-zoravia.jpg?resize=1050%2C600&ssl=1 3x"},"classes":[]}],"jetpack_shortlink":"https:\/\/wp.me\/pbKnZc-mrx","jetpack_sharing_enabled":true,"jetpack_featured_media_url":"https:\/\/www.jornalja.com.br\/cultura\/wp-content\/uploads\/sites\/2\/2022\/07\/exposicao-acervo-zoravia-bettiol-artistas-nacionais-card-baixa-qualidade.jpg","_links":{"self":[{"href":"https:\/\/www.jornalja.com.br\/cultura\/wp-json\/wp\/v2\/posts\/86275","targetHints":{"allow":["GET"]}}],"collection":[{"href":"https:\/\/www.jornalja.com.br\/cultura\/wp-json\/wp\/v2\/posts"}],"about":[{"href":"https:\/\/www.jornalja.com.br\/cultura\/wp-json\/wp\/v2\/types\/post"}],"author":[{"embeddable":true,"href":"https:\/\/www.jornalja.com.br\/cultura\/wp-json\/wp\/v2\/users\/4"}],"replies":[{"embeddable":true,"href":"https:\/\/www.jornalja.com.br\/cultura\/wp-json\/wp\/v2\/comments?post=86275"}],"version-history":[{"count":2,"href":"https:\/\/www.jornalja.com.br\/cultura\/wp-json\/wp\/v2\/posts\/86275\/revisions"}],"predecessor-version":[{"id":86278,"href":"https:\/\/www.jornalja.com.br\/cultura\/wp-json\/wp\/v2\/posts\/86275\/revisions\/86278"}],"wp:featuredmedia":[{"embeddable":true,"href":"https:\/\/www.jornalja.com.br\/cultura\/wp-json\/wp\/v2\/media\/86276"}],"wp:attachment":[{"href":"https:\/\/www.jornalja.com.br\/cultura\/wp-json\/wp\/v2\/media?parent=86275"}],"wp:term":[{"taxonomy":"category","embeddable":true,"href":"https:\/\/www.jornalja.com.br\/cultura\/wp-json\/wp\/v2\/categories?post=86275"},{"taxonomy":"post_tag","embeddable":true,"href":"https:\/\/www.jornalja.com.br\/cultura\/wp-json\/wp\/v2\/tags?post=86275"}],"curies":[{"name":"wp","href":"https:\/\/api.w.org\/{rel}","templated":true}]}}