{"id":86307,"date":"2022-07-13T20:26:52","date_gmt":"2022-07-13T23:26:52","guid":{"rendered":"https:\/\/www.jornalja.com.br\/cultura\/?p=86307"},"modified":"2022-07-13T20:26:52","modified_gmt":"2022-07-13T23:26:52","slug":"banda-maria-bonita-e-a-atracao-do-arraial-solidario-do-espaco-marin","status":"publish","type":"post","link":"https:\/\/www.jornalja.com.br\/cultura\/banda-maria-bonita-e-a-atracao-do-arraial-solidario-do-espaco-marin\/","title":{"rendered":"Banda Maria Bonita \u00e9 a atra\u00e7\u00e3o do Arraial Solid\u00e1rio do Espa\u00e7o Marin"},"content":{"rendered":"<div>\n<div>Este inverno promete ser o mais rigoroso dos \u00faltimos anos. Diante disso, o\u00a0Espa\u00e7o Marin\u00a0mobiliza a comunidade para o\u00a0Arraial Solid\u00e1rio\u00a0no dia\u00a016 de julho\u00a0(s\u00e1bado), das 16h at\u00e9 a meia-noite. A entrada \u00e9 gratuita, com ponto de coleta de agasalhos no local (Rua Professora Cecy Cordeiro Thofehrn, 413 \u2013 Porto Alegre\/RS).\u00a0O espa\u00e7o j\u00e1 est\u00e1 recebendo doa\u00e7\u00f5es.<\/div>\n<div>\n<figure id=\"attachment_86310\" aria-describedby=\"caption-attachment-86310\" style=\"width: 300px\" class=\"wp-caption alignnone\"><img loading=\"lazy\" decoding=\"async\" data-attachment-id=\"86310\" data-permalink=\"https:\/\/www.jornalja.com.br\/cultura\/banda-maria-bonita-e-a-atracao-do-arraial-solidario-do-espaco-marin\/forrrrrro-grupo-andancas-foto-tiago-trindade\/\" data-orig-file=\"https:\/\/www.jornalja.com.br\/cultura\/wp-content\/uploads\/sites\/2\/2022\/07\/forrrrrro-grupo-andancas-foto-tiago-trindade.jpg\" data-orig-size=\"1400,934\" data-comments-opened=\"1\" data-image-meta=\"{&quot;aperture&quot;:&quot;2.2&quot;,&quot;credit&quot;:&quot;Tiago Trindade&quot;,&quot;camera&quot;:&quot;ILCE-7M3&quot;,&quot;caption&quot;:&quot;&quot;,&quot;created_timestamp&quot;:&quot;1655856938&quot;,&quot;copyright&quot;:&quot;Tiago Trindade&quot;,&quot;focal_length&quot;:&quot;50&quot;,&quot;iso&quot;:&quot;2500&quot;,&quot;shutter_speed&quot;:&quot;0.005&quot;,&quot;title&quot;:&quot;&quot;,&quot;orientation&quot;:&quot;1&quot;}\" data-image-title=\"FORRRRRRO Grupo Andan\u00e7as foto Tiago Trindade\" data-image-description=\"\" data-image-caption=\"&lt;p&gt; Grupo Andan\u00e7as. Foto Tiago Trindade- Divulga\u00e7\u00e3o&lt;\/p&gt;\n\" data-large-file=\"https:\/\/www.jornalja.com.br\/cultura\/wp-content\/uploads\/sites\/2\/2022\/07\/forrrrrro-grupo-andancas-foto-tiago-trindade-1024x683.jpg\" class=\"size-medium wp-image-86310\" src=\"https:\/\/www.jornalja.com.br\/cultura\/wp-content\/uploads\/sites\/2\/2022\/07\/forrrrrro-grupo-andancas-foto-tiago-trindade-300x200.jpg\" alt=\"\" width=\"300\" height=\"200\" srcset=\"https:\/\/www.jornalja.com.br\/cultura\/wp-content\/uploads\/sites\/2\/2022\/07\/forrrrrro-grupo-andancas-foto-tiago-trindade-300x200.jpg 300w, https:\/\/www.jornalja.com.br\/cultura\/wp-content\/uploads\/sites\/2\/2022\/07\/forrrrrro-grupo-andancas-foto-tiago-trindade-1024x683.jpg 1024w, https:\/\/www.jornalja.com.br\/cultura\/wp-content\/uploads\/sites\/2\/2022\/07\/forrrrrro-grupo-andancas-foto-tiago-trindade-768x512.jpg 768w, https:\/\/www.jornalja.com.br\/cultura\/wp-content\/uploads\/sites\/2\/2022\/07\/forrrrrro-grupo-andancas-foto-tiago-trindade-1200x801.jpg 1200w, https:\/\/www.jornalja.com.br\/cultura\/wp-content\/uploads\/sites\/2\/2022\/07\/forrrrrro-grupo-andancas-foto-tiago-trindade.jpg 1400w\" sizes=\"auto, (max-width: 300px) 100vw, 300px\" \/><figcaption id=\"caption-attachment-86310\" class=\"wp-caption-text\">Grupo Andan\u00e7as. Foto Tiago Trindade- Divulga\u00e7\u00e3o<\/figcaption><\/figure>\n<\/div>\n<div dir=\"ltr\">O evento conta com o grande show do\u00a0Forr\u00f3 Maria Bonita, banda pioneira do estilo no sul do pa\u00eds e abertura do m\u00fasico\u00a0Emerson Ribeiro. O Espa\u00e7o Marin vem se destacando por receber grandes nomes da m\u00fasica brasileira e promete um caloroso arraial com muito quent\u00e3o, pipoca, quadrilha, casamento na ro\u00e7a, brincadeiras, decora\u00e7\u00e3o e guloseimas juninas, promovendo uma bela causa social, engajado com a Campanha do Agasalho 2022. A anima\u00e7\u00e3o fica a cargo do\u00a0Grupo Andan\u00e7as\u00a0e da\u00a0DJ Santinha, com um set especial de forr\u00f3 p\u00e9-de-serra.<\/div>\n<figure id=\"attachment_86309\" aria-describedby=\"caption-attachment-86309\" style=\"width: 300px\" class=\"wp-caption alignnone\"><img loading=\"lazy\" decoding=\"async\" data-attachment-id=\"86309\" data-permalink=\"https:\/\/www.jornalja.com.br\/cultura\/banda-maria-bonita-e-a-atracao-do-arraial-solidario-do-espaco-marin\/forro-grupo-andancas_foto-tiago-trindade\/\" data-orig-file=\"https:\/\/www.jornalja.com.br\/cultura\/wp-content\/uploads\/sites\/2\/2022\/07\/forro-grupo-andancas-foto-tiago-trindade.jpg\" data-orig-size=\"1330,913\" data-comments-opened=\"1\" data-image-meta=\"{&quot;aperture&quot;:&quot;2.5&quot;,&quot;credit&quot;:&quot;Tiago Trindade&quot;,&quot;camera&quot;:&quot;ILCE-7M3&quot;,&quot;caption&quot;:&quot;&quot;,&quot;created_timestamp&quot;:&quot;1655857769&quot;,&quot;copyright&quot;:&quot;Tiago Trindade&quot;,&quot;focal_length&quot;:&quot;50&quot;,&quot;iso&quot;:&quot;3200&quot;,&quot;shutter_speed&quot;:&quot;0.005&quot;,&quot;title&quot;:&quot;&quot;,&quot;orientation&quot;:&quot;1&quot;}\" data-image-title=\"FORRO Grupo Andan\u00e7as_foto Tiago Trindade\" data-image-description=\"\" data-image-caption=\"&lt;p&gt;Grupo Andan\u00e7as. Foto Tiago Trindade- Divulga\u00e7\u00e3o&lt;\/p&gt;\n\" data-large-file=\"https:\/\/www.jornalja.com.br\/cultura\/wp-content\/uploads\/sites\/2\/2022\/07\/forro-grupo-andancas-foto-tiago-trindade-1024x703.jpg\" class=\"size-medium wp-image-86309\" src=\"https:\/\/www.jornalja.com.br\/cultura\/wp-content\/uploads\/sites\/2\/2022\/07\/forro-grupo-andancas-foto-tiago-trindade-300x206.jpg\" alt=\"\" width=\"300\" height=\"206\" srcset=\"https:\/\/www.jornalja.com.br\/cultura\/wp-content\/uploads\/sites\/2\/2022\/07\/forro-grupo-andancas-foto-tiago-trindade-300x206.jpg 300w, https:\/\/www.jornalja.com.br\/cultura\/wp-content\/uploads\/sites\/2\/2022\/07\/forro-grupo-andancas-foto-tiago-trindade-1024x703.jpg 1024w, https:\/\/www.jornalja.com.br\/cultura\/wp-content\/uploads\/sites\/2\/2022\/07\/forro-grupo-andancas-foto-tiago-trindade-768x527.jpg 768w, https:\/\/www.jornalja.com.br\/cultura\/wp-content\/uploads\/sites\/2\/2022\/07\/forro-grupo-andancas-foto-tiago-trindade-1200x824.jpg 1200w, https:\/\/www.jornalja.com.br\/cultura\/wp-content\/uploads\/sites\/2\/2022\/07\/forro-grupo-andancas-foto-tiago-trindade.jpg 1330w\" sizes=\"auto, (max-width: 300px) 100vw, 300px\" \/><figcaption id=\"caption-attachment-86309\" class=\"wp-caption-text\">Grupo Andan\u00e7as. Foto Tiago Trindade- Divulga\u00e7\u00e3o<\/figcaption><\/figure>\n<p>A Banda Maria Bonita \u00e9 formada por\u00a0Elojac\u00a0(viol\u00e3o e voz e voz),\u00a0M\u00e1rcio Bar\u00e3o\u00a0(Sanfona),\u00a0Mestre Chico\u00a0(zabumba) e\u00a0Lua Barros\u00a0(Tri\u00e2ngulo), com participa\u00e7\u00e3o especial de convidados, bailarinos e brincantes. O grupo, que re\u00fane 3 gera\u00e7\u00f5es de musicistas, est\u00e1 preparando o videoclipe da m\u00fasica &#8220;Reabra\u00e7o&#8221;, com dire\u00e7\u00e3o de\u00a0Tiago Trindade. No repert\u00f3rio, can\u00e7\u00f5es autorais como \u201cFul\u00f4 di minina\u201d, \u201cDanielle\u201d, \u201cColcha de Retalhos\u201d, \u201cChuva de Bai\u00e3o\u201d, al\u00e9m da m\u00fasica \u201cTorpedo\u201d, composta exclusivamente para a banda por Adriana Calcanhotto, da releitura de &#8220;Asa Morena&#8221; do ga\u00facho Z\u00e9 Carad\u00edpia, can\u00e7\u00e3o consagrada nos anos 80 na voz de Zizi Possi e sucessos do momento.<\/p>\n<div><\/div>\n<div dir=\"ltr\"><\/div>\n<div dir=\"ltr\"><b>Arraial Solid\u00e1rio do Marin<\/b><\/div>\n<p>S\u00e1bado, dia 16 de Julho a partir das 16h at\u00e9 a meia noite.<\/p>\n<p>Espa\u00e7o Marin &#8211; Rua Cecy Cordeiro Thofehrn 413, Porto Alegre\/RS<\/p>\n<p>Entrada gratuita como ponto de coleta de agasalhos<\/p>\n<p>Atra\u00e7\u00f5es: Maria Bonita, Emerson Ribeiro e DJ Santinha<\/p>\n<p>Quent\u00e3o, cerveja artesanal, comidinhas t\u00edpicas, quadrilha, casamento na ro\u00e7a, brincadeiras e decora\u00e7\u00e3o especial.<\/p>\n<p>&nbsp;<\/p>\n<div>Programa\u00e7\u00e3o :\u00a0<img decoding=\"async\" class=\"an1\" src=\"https:\/\/fonts.gstatic.com\/s\/e\/notoemoji\/14.0\/1f3a4\/32.png\" alt=\"\ud83c\udfa4\" data-emoji=\"\ud83c\udfa4\" aria-label=\"\ud83c\udfa4\" \/><img decoding=\"async\" class=\"an1\" src=\"https:\/\/fonts.gstatic.com\/s\/e\/notoemoji\/14.0\/1f3bc\/32.png\" alt=\"\ud83c\udfbc\" data-emoji=\"\ud83c\udfbc\" aria-label=\"\ud83c\udfbc\" \/><img decoding=\"async\" class=\"an1\" src=\"https:\/\/fonts.gstatic.com\/s\/e\/notoemoji\/14.0\/1f3ad\/32.png\" alt=\"\ud83c\udfad\" data-emoji=\"\ud83c\udfad\" aria-label=\"\ud83c\udfad\" \/><\/div>\n<div><\/div>\n<div>\u00a0\u2022 16h Abertura<\/div>\n<div><\/div>\n<div>\u00a0\u2022 17h Quadro cangaceiros com o Grupo Andan\u00e7as<\/div>\n<div><\/div>\n<div>\u00a0\u2022 18h Casamento na ro\u00e7a<\/div>\n<div><\/div>\n<div>\u00a0\u2022 19h Show do Emerson Ribeiro<\/div>\n<div><\/div>\n<div>\u00a0\u2022 21h Dj Santinha<\/div>\n<div><\/div>\n<div>\u00a0\u2022 22h Show da Banda Maria Bonita<\/div>\n<div><\/div>\n<div>\u00a0\u2022 24h Quadrilha de encerramento<\/div>\n<\/div>\n<div><\/div>\n<div><\/div>\n<div dir=\"ltr\">\n<div>ABERTO AO P\u00daBLICO<\/div>\n<div><\/div>\n<div>Classifica\u00e7\u00e3o et\u00e1ria: Livre (Evento para toda a fam\u00edlia)<\/div>\n<p><img decoding=\"async\" class=\"an1\" src=\"https:\/\/fonts.gstatic.com\/s\/e\/notoemoji\/14.0\/1f9e3\/32.png\" alt=\"\ud83e\udde3\" data-emoji=\"\ud83e\udde3\" aria-label=\"\ud83e\udde3\" \/>\u00a0Ponto de coleta de agasalho que ser\u00e1 doado para comunidades do bairro Sarandi e arredores.<\/p>\n<div dir=\"ltr\"><a href=\"http:\/\/www.espacomarin.com\/\" target=\"_blank\" rel=\"noopener\" data-saferedirecturl=\"https:\/\/www.google.com\/url?q=http:\/\/www.espacomarin.com&amp;source=gmail&amp;ust=1657840286220000&amp;usg=AOvVaw1_s8bMzl8MtdOrK0xWZBUO\">www.espacomarin.com<\/a><\/div>\n<p>Fotos: @tiagotrindadebr<\/p>\n<\/div>\n","protected":false},"excerpt":{"rendered":"<p>Este inverno promete ser o mais rigoroso dos \u00faltimos anos. Diante disso, o\u00a0Espa\u00e7o Marin\u00a0mobiliza a comunidade para o\u00a0Arraial Solid\u00e1rio\u00a0no dia\u00a016 de julho\u00a0(s\u00e1bado), das 16h at\u00e9 a meia-noite. A entrada \u00e9 gratuita, com ponto de coleta de agasalhos no local (Rua Professora Cecy Cordeiro Thofehrn, 413 \u2013 Porto Alegre\/RS).\u00a0O espa\u00e7o j\u00e1 est\u00e1 recebendo doa\u00e7\u00f5es. O evento [&hellip;]<\/p>\n","protected":false},"author":4,"featured_media":86308,"comment_status":"open","ping_status":"open","sticky":false,"template":"","format":"standard","meta":{"_jetpack_newsletter_access":"","_jetpack_dont_email_post_to_subs":false,"_jetpack_newsletter_tier_id":0,"_jetpack_memberships_contains_paywalled_content":false,"_jetpack_feature_clip_id":0,"_jetpack_memberships_contains_paid_content":false,"footnotes":"","jetpack_publicize_message":"","jetpack_publicize_feature_enabled":true,"jetpack_social_post_already_shared":true,"jetpack_social_options":{"image_generator_settings":{"template":"highway","default_image_id":0,"font":"","enabled":false},"version":2},"jetpack_post_was_ever_published":false},"categories":[2],"tags":[],"class_list":["post-86307","post","type-post","status-publish","format-standard","has-post-thumbnail","hentry","category-materiasecundaria"],"aioseo_notices":[],"aioseo_head":"\n\t\t<!-- All in One SEO 5.0.1.1 - aioseo.com -->\n\t<meta name=\"description\" content=\"Este inverno promete ser o mais rigoroso dos \u00faltimos anos. Diante disso, o Espa\u00e7o Marin mobiliza a comunidade para o Arraial Solid\u00e1rio no dia 16 de julho (s\u00e1bado), das 16h at\u00e9 a meia-noite. A entrada \u00e9 gratuita, com ponto de coleta de agasalhos no local (Rua Professora Cecy Cordeiro Thofehrn, 413 \u2013 Porto Alegre\/RS). O espa\u00e7o j\u00e1 est\u00e1 recebendo doa\u00e7\u00f5es. O evento\" \/>\n\t<meta name=\"robots\" content=\"max-image-preview:large\" \/>\n\t<meta name=\"author\" content=\"da Reda\u00e7\u00e3o\"\/>\n\t<link rel=\"canonical\" href=\"https:\/\/www.jornalja.com.br\/cultura\/banda-maria-bonita-e-a-atracao-do-arraial-solidario-do-espaco-marin\/\" \/>\n\t<meta name=\"generator\" content=\"All in One SEO (AIOSEO) 5.0.1.1\" \/>\n\t\t<meta property=\"og:locale\" content=\"pt_BR\" \/>\n\t\t<meta property=\"og:site_name\" content=\"Cultura\" \/>\n\t\t<meta property=\"og:type\" content=\"article\" \/>\n\t\t<meta property=\"og:title\" content=\"Banda Maria Bonita \u00e9 a atra\u00e7\u00e3o do Arraial Solid\u00e1rio do Espa\u00e7o Marin | Cultura\" \/>\n\t\t<meta property=\"og:description\" content=\"Este inverno promete ser o mais rigoroso dos \u00faltimos anos. Diante disso, o Espa\u00e7o Marin mobiliza a comunidade para o Arraial Solid\u00e1rio no dia 16 de julho (s\u00e1bado), das 16h at\u00e9 a meia-noite. A entrada \u00e9 gratuita, com ponto de coleta de agasalhos no local (Rua Professora Cecy Cordeiro Thofehrn, 413 \u2013 Porto Alegre\/RS). O espa\u00e7o j\u00e1 est\u00e1 recebendo doa\u00e7\u00f5es. O evento\" \/>\n\t\t<meta property=\"og:url\" content=\"https:\/\/www.jornalja.com.br\/cultura\/banda-maria-bonita-e-a-atracao-do-arraial-solidario-do-espaco-marin\/\" \/>\n\t\t<meta property=\"og:image\" content=\"https:\/\/www.jornalja.com.br\/cultura\/wp-content\/uploads\/sites\/2\/2022\/07\/forrrrrro-grupo-andancas-foto-tiago-trindade.jpg\" \/>\n\t\t<meta property=\"og:image:secure_url\" content=\"https:\/\/www.jornalja.com.br\/cultura\/wp-content\/uploads\/sites\/2\/2022\/07\/forrrrrro-grupo-andancas-foto-tiago-trindade.jpg\" \/>\n\t\t<meta property=\"og:image:width\" content=\"1400\" \/>\n\t\t<meta property=\"og:image:height\" content=\"934\" \/>\n\t\t<meta property=\"article:published_time\" content=\"2022-07-13T23:26:52+00:00\" \/>\n\t\t<meta property=\"article:modified_time\" content=\"2022-07-13T23:26:52+00:00\" \/>\n\t\t<meta property=\"article:publisher\" content=\"https:\/\/www.facebook.com\/jornaljanaweb\" \/>\n\t\t<meta name=\"twitter:card\" content=\"summary\" \/>\n\t\t<meta name=\"twitter:site\" content=\"@jornal_ja\" \/>\n\t\t<meta name=\"twitter:title\" content=\"Banda Maria Bonita \u00e9 a atra\u00e7\u00e3o do Arraial Solid\u00e1rio do Espa\u00e7o Marin | Cultura\" \/>\n\t\t<meta name=\"twitter:description\" content=\"Este inverno promete ser o mais rigoroso dos \u00faltimos anos. Diante disso, o Espa\u00e7o Marin mobiliza a comunidade para o Arraial Solid\u00e1rio no dia 16 de julho (s\u00e1bado), das 16h at\u00e9 a meia-noite. A entrada \u00e9 gratuita, com ponto de coleta de agasalhos no local (Rua Professora Cecy Cordeiro Thofehrn, 413 \u2013 Porto Alegre\/RS). O espa\u00e7o j\u00e1 est\u00e1 recebendo doa\u00e7\u00f5es. O evento\" \/>\n\t\t<meta name=\"twitter:image\" content=\"https:\/\/www.jornalja.com.br\/cultura\/wp-content\/uploads\/sites\/2\/2022\/07\/forrrrrro-grupo-andancas-foto-tiago-trindade.jpg\" \/>\n\t\t<script type=\"application\/ld+json\" class=\"aioseo-schema\">\n\t\t\t{\"@context\":\"https:\\\/\\\/schema.org\",\"@graph\":[{\"@type\":\"Article\",\"@id\":\"https:\\\/\\\/www.jornalja.com.br\\\/cultura\\\/banda-maria-bonita-e-a-atracao-do-arraial-solidario-do-espaco-marin\\\/#article\",\"name\":\"Banda Maria Bonita \\u00e9 a atra\\u00e7\\u00e3o do Arraial Solid\\u00e1rio do Espa\\u00e7o Marin | Cultura\",\"headline\":\"Banda Maria Bonita \\u00e9 a atra\\u00e7\\u00e3o do Arraial Solid\\u00e1rio do Espa\\u00e7o Marin\",\"author\":{\"@id\":\"https:\\\/\\\/www.jornalja.com.br\\\/cultura\\\/author\\\/daredacao\\\/#author\"},\"publisher\":{\"@id\":\"https:\\\/\\\/www.jornalja.com.br\\\/cultura\\\/#organization\"},\"image\":{\"@type\":\"ImageObject\",\"url\":\"https:\\\/\\\/www.jornalja.com.br\\\/cultura\\\/wp-content\\\/uploads\\\/sites\\\/2\\\/2022\\\/07\\\/forro-elojac-maria-bonita-cred-tiago-trindade.jpg\",\"width\":1400,\"height\":883,\"caption\":\"Elojac, da banda Maria Bonita. Foto: Tiago Trindade- Divulga\\u00e7\\u00e3o\"},\"datePublished\":\"2022-07-13T20:26:52-03:00\",\"dateModified\":\"2022-07-13T20:26:52-03:00\",\"inLanguage\":\"pt-BR\",\"mainEntityOfPage\":{\"@id\":\"https:\\\/\\\/www.jornalja.com.br\\\/cultura\\\/banda-maria-bonita-e-a-atracao-do-arraial-solidario-do-espaco-marin\\\/#webpage\"},\"isPartOf\":{\"@id\":\"https:\\\/\\\/www.jornalja.com.br\\\/cultura\\\/banda-maria-bonita-e-a-atracao-do-arraial-solidario-do-espaco-marin\\\/#webpage\"},\"articleSection\":\"Cultura-MAT\\u00c9RIA\"},{\"@type\":\"BreadcrumbList\",\"@id\":\"https:\\\/\\\/www.jornalja.com.br\\\/cultura\\\/banda-maria-bonita-e-a-atracao-do-arraial-solidario-do-espaco-marin\\\/#breadcrumblist\",\"itemListElement\":[{\"@type\":\"ListItem\",\"@id\":\"https:\\\/\\\/www.jornalja.com.br\\\/cultura#listItem\",\"position\":1,\"name\":\"Home\",\"item\":\"https:\\\/\\\/www.jornalja.com.br\\\/cultura\",\"nextItem\":{\"@type\":\"ListItem\",\"@id\":\"https:\\\/\\\/www.jornalja.com.br\\\/cultura\\\/category\\\/materiasecundaria\\\/#listItem\",\"name\":\"Cultura-MAT\\u00c9RIA\"}},{\"@type\":\"ListItem\",\"@id\":\"https:\\\/\\\/www.jornalja.com.br\\\/cultura\\\/category\\\/materiasecundaria\\\/#listItem\",\"position\":2,\"name\":\"Cultura-MAT\\u00c9RIA\",\"item\":\"https:\\\/\\\/www.jornalja.com.br\\\/cultura\\\/category\\\/materiasecundaria\\\/\",\"nextItem\":{\"@type\":\"ListItem\",\"@id\":\"https:\\\/\\\/www.jornalja.com.br\\\/cultura\\\/banda-maria-bonita-e-a-atracao-do-arraial-solidario-do-espaco-marin\\\/#listItem\",\"name\":\"Banda Maria Bonita \\u00e9 a atra\\u00e7\\u00e3o do Arraial Solid\\u00e1rio do Espa\\u00e7o Marin\"},\"previousItem\":{\"@type\":\"ListItem\",\"@id\":\"https:\\\/\\\/www.jornalja.com.br\\\/cultura#listItem\",\"name\":\"Home\"}},{\"@type\":\"ListItem\",\"@id\":\"https:\\\/\\\/www.jornalja.com.br\\\/cultura\\\/banda-maria-bonita-e-a-atracao-do-arraial-solidario-do-espaco-marin\\\/#listItem\",\"position\":3,\"name\":\"Banda Maria Bonita \\u00e9 a atra\\u00e7\\u00e3o do Arraial Solid\\u00e1rio do Espa\\u00e7o Marin\",\"previousItem\":{\"@type\":\"ListItem\",\"@id\":\"https:\\\/\\\/www.jornalja.com.br\\\/cultura\\\/category\\\/materiasecundaria\\\/#listItem\",\"name\":\"Cultura-MAT\\u00c9RIA\"}}]},{\"@type\":\"Organization\",\"@id\":\"https:\\\/\\\/www.jornalja.com.br\\\/cultura\\\/#organization\",\"name\":\"Jornal J\\u00c1 Editora\",\"description\":\"Jornal J\\u00c1 | Porto Alegre\",\"url\":\"https:\\\/\\\/www.jornalja.com.br\\\/cultura\\\/\",\"telephone\":\"+555133307272\",\"logo\":{\"@type\":\"ImageObject\",\"url\":\"https:\\\/\\\/www.jornalja.com.br\\\/cultura\\\/wp-content\\\/uploads\\\/sites\\\/2\\\/2021\\\/05\\\/2020-logotipia-ja-35anos.jpg\",\"@id\":\"https:\\\/\\\/www.jornalja.com.br\\\/cultura\\\/banda-maria-bonita-e-a-atracao-do-arraial-solidario-do-espaco-marin\\\/#organizationLogo\",\"width\":1067,\"height\":800},\"image\":{\"@id\":\"https:\\\/\\\/www.jornalja.com.br\\\/cultura\\\/banda-maria-bonita-e-a-atracao-do-arraial-solidario-do-espaco-marin\\\/#organizationLogo\"},\"sameAs\":[\"https:\\\/\\\/www.instagram.com\\\/jornaljapoa\",\"https:\\\/\\\/www.youtube.com\\\/c\\\/JornalJ\"]},{\"@type\":\"Person\",\"@id\":\"https:\\\/\\\/www.jornalja.com.br\\\/cultura\\\/author\\\/daredacao\\\/#author\",\"url\":\"https:\\\/\\\/www.jornalja.com.br\\\/cultura\\\/author\\\/daredacao\\\/\",\"name\":\"da Reda\\u00e7\\u00e3o\",\"image\":{\"@type\":\"ImageObject\",\"@id\":\"https:\\\/\\\/www.jornalja.com.br\\\/cultura\\\/banda-maria-bonita-e-a-atracao-do-arraial-solidario-do-espaco-marin\\\/#authorImage\",\"url\":\"https:\\\/\\\/secure.gravatar.com\\\/avatar\\\/469fd857d6605ad19919d27ed29d35a968a25f6e8fd9318356bbb7f57aae9c65?s=96&d=mm&r=g\",\"width\":96,\"height\":96,\"caption\":\"da Reda\\u00e7\\u00e3o\"}},{\"@type\":\"WebPage\",\"@id\":\"https:\\\/\\\/www.jornalja.com.br\\\/cultura\\\/banda-maria-bonita-e-a-atracao-do-arraial-solidario-do-espaco-marin\\\/#webpage\",\"url\":\"https:\\\/\\\/www.jornalja.com.br\\\/cultura\\\/banda-maria-bonita-e-a-atracao-do-arraial-solidario-do-espaco-marin\\\/\",\"name\":\"Banda Maria Bonita \\u00e9 a atra\\u00e7\\u00e3o do Arraial Solid\\u00e1rio do Espa\\u00e7o Marin | Cultura\",\"description\":\"Este inverno promete ser o mais rigoroso dos \\u00faltimos anos. Diante disso, o Espa\\u00e7o Marin mobiliza a comunidade para o Arraial Solid\\u00e1rio no dia 16 de julho (s\\u00e1bado), das 16h at\\u00e9 a meia-noite. A entrada \\u00e9 gratuita, com ponto de coleta de agasalhos no local (Rua Professora Cecy Cordeiro Thofehrn, 413 \\u2013 Porto Alegre\\\/RS). O espa\\u00e7o j\\u00e1 est\\u00e1 recebendo doa\\u00e7\\u00f5es. O evento\",\"inLanguage\":\"pt-BR\",\"isPartOf\":{\"@id\":\"https:\\\/\\\/www.jornalja.com.br\\\/cultura\\\/#website\"},\"breadcrumb\":{\"@id\":\"https:\\\/\\\/www.jornalja.com.br\\\/cultura\\\/banda-maria-bonita-e-a-atracao-do-arraial-solidario-do-espaco-marin\\\/#breadcrumblist\"},\"author\":{\"@id\":\"https:\\\/\\\/www.jornalja.com.br\\\/cultura\\\/author\\\/daredacao\\\/#author\"},\"creator\":{\"@id\":\"https:\\\/\\\/www.jornalja.com.br\\\/cultura\\\/author\\\/daredacao\\\/#author\"},\"image\":{\"@type\":\"ImageObject\",\"url\":\"https:\\\/\\\/www.jornalja.com.br\\\/cultura\\\/wp-content\\\/uploads\\\/sites\\\/2\\\/2022\\\/07\\\/forro-elojac-maria-bonita-cred-tiago-trindade.jpg\",\"@id\":\"https:\\\/\\\/www.jornalja.com.br\\\/cultura\\\/banda-maria-bonita-e-a-atracao-do-arraial-solidario-do-espaco-marin\\\/#mainImage\",\"width\":1400,\"height\":883,\"caption\":\"Elojac, da banda Maria Bonita. Foto: Tiago Trindade- Divulga\\u00e7\\u00e3o\"},\"primaryImageOfPage\":{\"@id\":\"https:\\\/\\\/www.jornalja.com.br\\\/cultura\\\/banda-maria-bonita-e-a-atracao-do-arraial-solidario-do-espaco-marin\\\/#mainImage\"},\"datePublished\":\"2022-07-13T20:26:52-03:00\",\"dateModified\":\"2022-07-13T20:26:52-03:00\"},{\"@type\":\"WebSite\",\"@id\":\"https:\\\/\\\/www.jornalja.com.br\\\/cultura\\\/#website\",\"url\":\"https:\\\/\\\/www.jornalja.com.br\\\/cultura\\\/\",\"name\":\"Cultura\",\"description\":\"Jornal J\\u00c1 | Porto Alegre\",\"inLanguage\":\"pt-BR\",\"publisher\":{\"@id\":\"https:\\\/\\\/www.jornalja.com.br\\\/cultura\\\/#organization\"}}]}\n\t\t<\/script>\n\t\t<!-- All in One SEO -->\n\n","aioseo_head_json":{"title":"Banda Maria Bonita \u00e9 a atra\u00e7\u00e3o do Arraial Solid\u00e1rio do Espa\u00e7o Marin | Cultura","description":"Este inverno promete ser o mais rigoroso dos \u00faltimos anos. Diante disso, o Espa\u00e7o Marin mobiliza a comunidade para o Arraial Solid\u00e1rio no dia 16 de julho (s\u00e1bado), das 16h at\u00e9 a meia-noite. A entrada \u00e9 gratuita, com ponto de coleta de agasalhos no local (Rua Professora Cecy Cordeiro Thofehrn, 413 \u2013 Porto Alegre\/RS). O espa\u00e7o j\u00e1 est\u00e1 recebendo doa\u00e7\u00f5es. O evento","canonical_url":"https:\/\/www.jornalja.com.br\/cultura\/banda-maria-bonita-e-a-atracao-do-arraial-solidario-do-espaco-marin\/","robots":"max-image-preview:large","keywords":"","webmasterTools":{"miscellaneous":""},"schema":{"@context":"https:\/\/schema.org","@graph":[{"@type":"Article","@id":"https:\/\/www.jornalja.com.br\/cultura\/banda-maria-bonita-e-a-atracao-do-arraial-solidario-do-espaco-marin\/#article","name":"Banda Maria Bonita \u00e9 a atra\u00e7\u00e3o do Arraial Solid\u00e1rio do Espa\u00e7o Marin | Cultura","headline":"Banda Maria Bonita \u00e9 a atra\u00e7\u00e3o do Arraial Solid\u00e1rio do Espa\u00e7o Marin","author":{"@id":"https:\/\/www.jornalja.com.br\/cultura\/author\/daredacao\/#author"},"publisher":{"@id":"https:\/\/www.jornalja.com.br\/cultura\/#organization"},"image":{"@type":"ImageObject","url":"https:\/\/www.jornalja.com.br\/cultura\/wp-content\/uploads\/sites\/2\/2022\/07\/forro-elojac-maria-bonita-cred-tiago-trindade.jpg","width":1400,"height":883,"caption":"Elojac, da banda Maria Bonita. Foto: Tiago Trindade- Divulga\u00e7\u00e3o"},"datePublished":"2022-07-13T20:26:52-03:00","dateModified":"2022-07-13T20:26:52-03:00","inLanguage":"pt-BR","mainEntityOfPage":{"@id":"https:\/\/www.jornalja.com.br\/cultura\/banda-maria-bonita-e-a-atracao-do-arraial-solidario-do-espaco-marin\/#webpage"},"isPartOf":{"@id":"https:\/\/www.jornalja.com.br\/cultura\/banda-maria-bonita-e-a-atracao-do-arraial-solidario-do-espaco-marin\/#webpage"},"articleSection":"Cultura-MAT\u00c9RIA"},{"@type":"BreadcrumbList","@id":"https:\/\/www.jornalja.com.br\/cultura\/banda-maria-bonita-e-a-atracao-do-arraial-solidario-do-espaco-marin\/#breadcrumblist","itemListElement":[{"@type":"ListItem","@id":"https:\/\/www.jornalja.com.br\/cultura#listItem","position":1,"name":"Home","item":"https:\/\/www.jornalja.com.br\/cultura","nextItem":{"@type":"ListItem","@id":"https:\/\/www.jornalja.com.br\/cultura\/category\/materiasecundaria\/#listItem","name":"Cultura-MAT\u00c9RIA"}},{"@type":"ListItem","@id":"https:\/\/www.jornalja.com.br\/cultura\/category\/materiasecundaria\/#listItem","position":2,"name":"Cultura-MAT\u00c9RIA","item":"https:\/\/www.jornalja.com.br\/cultura\/category\/materiasecundaria\/","nextItem":{"@type":"ListItem","@id":"https:\/\/www.jornalja.com.br\/cultura\/banda-maria-bonita-e-a-atracao-do-arraial-solidario-do-espaco-marin\/#listItem","name":"Banda Maria Bonita \u00e9 a atra\u00e7\u00e3o do Arraial Solid\u00e1rio do Espa\u00e7o Marin"},"previousItem":{"@type":"ListItem","@id":"https:\/\/www.jornalja.com.br\/cultura#listItem","name":"Home"}},{"@type":"ListItem","@id":"https:\/\/www.jornalja.com.br\/cultura\/banda-maria-bonita-e-a-atracao-do-arraial-solidario-do-espaco-marin\/#listItem","position":3,"name":"Banda Maria Bonita \u00e9 a atra\u00e7\u00e3o do Arraial Solid\u00e1rio do Espa\u00e7o Marin","previousItem":{"@type":"ListItem","@id":"https:\/\/www.jornalja.com.br\/cultura\/category\/materiasecundaria\/#listItem","name":"Cultura-MAT\u00c9RIA"}}]},{"@type":"Organization","@id":"https:\/\/www.jornalja.com.br\/cultura\/#organization","name":"Jornal J\u00c1 Editora","description":"Jornal J\u00c1 | Porto Alegre","url":"https:\/\/www.jornalja.com.br\/cultura\/","telephone":"+555133307272","logo":{"@type":"ImageObject","url":"https:\/\/www.jornalja.com.br\/cultura\/wp-content\/uploads\/sites\/2\/2021\/05\/2020-logotipia-ja-35anos.jpg","@id":"https:\/\/www.jornalja.com.br\/cultura\/banda-maria-bonita-e-a-atracao-do-arraial-solidario-do-espaco-marin\/#organizationLogo","width":1067,"height":800},"image":{"@id":"https:\/\/www.jornalja.com.br\/cultura\/banda-maria-bonita-e-a-atracao-do-arraial-solidario-do-espaco-marin\/#organizationLogo"},"sameAs":["https:\/\/www.instagram.com\/jornaljapoa","https:\/\/www.youtube.com\/c\/JornalJ"]},{"@type":"Person","@id":"https:\/\/www.jornalja.com.br\/cultura\/author\/daredacao\/#author","url":"https:\/\/www.jornalja.com.br\/cultura\/author\/daredacao\/","name":"da Reda\u00e7\u00e3o","image":{"@type":"ImageObject","@id":"https:\/\/www.jornalja.com.br\/cultura\/banda-maria-bonita-e-a-atracao-do-arraial-solidario-do-espaco-marin\/#authorImage","url":"https:\/\/secure.gravatar.com\/avatar\/469fd857d6605ad19919d27ed29d35a968a25f6e8fd9318356bbb7f57aae9c65?s=96&d=mm&r=g","width":96,"height":96,"caption":"da Reda\u00e7\u00e3o"}},{"@type":"WebPage","@id":"https:\/\/www.jornalja.com.br\/cultura\/banda-maria-bonita-e-a-atracao-do-arraial-solidario-do-espaco-marin\/#webpage","url":"https:\/\/www.jornalja.com.br\/cultura\/banda-maria-bonita-e-a-atracao-do-arraial-solidario-do-espaco-marin\/","name":"Banda Maria Bonita \u00e9 a atra\u00e7\u00e3o do Arraial Solid\u00e1rio do Espa\u00e7o Marin | Cultura","description":"Este inverno promete ser o mais rigoroso dos \u00faltimos anos. Diante disso, o Espa\u00e7o Marin mobiliza a comunidade para o Arraial Solid\u00e1rio no dia 16 de julho (s\u00e1bado), das 16h at\u00e9 a meia-noite. A entrada \u00e9 gratuita, com ponto de coleta de agasalhos no local (Rua Professora Cecy Cordeiro Thofehrn, 413 \u2013 Porto Alegre\/RS). O espa\u00e7o j\u00e1 est\u00e1 recebendo doa\u00e7\u00f5es. O evento","inLanguage":"pt-BR","isPartOf":{"@id":"https:\/\/www.jornalja.com.br\/cultura\/#website"},"breadcrumb":{"@id":"https:\/\/www.jornalja.com.br\/cultura\/banda-maria-bonita-e-a-atracao-do-arraial-solidario-do-espaco-marin\/#breadcrumblist"},"author":{"@id":"https:\/\/www.jornalja.com.br\/cultura\/author\/daredacao\/#author"},"creator":{"@id":"https:\/\/www.jornalja.com.br\/cultura\/author\/daredacao\/#author"},"image":{"@type":"ImageObject","url":"https:\/\/www.jornalja.com.br\/cultura\/wp-content\/uploads\/sites\/2\/2022\/07\/forro-elojac-maria-bonita-cred-tiago-trindade.jpg","@id":"https:\/\/www.jornalja.com.br\/cultura\/banda-maria-bonita-e-a-atracao-do-arraial-solidario-do-espaco-marin\/#mainImage","width":1400,"height":883,"caption":"Elojac, da banda Maria Bonita. Foto: Tiago Trindade- Divulga\u00e7\u00e3o"},"primaryImageOfPage":{"@id":"https:\/\/www.jornalja.com.br\/cultura\/banda-maria-bonita-e-a-atracao-do-arraial-solidario-do-espaco-marin\/#mainImage"},"datePublished":"2022-07-13T20:26:52-03:00","dateModified":"2022-07-13T20:26:52-03:00"},{"@type":"WebSite","@id":"https:\/\/www.jornalja.com.br\/cultura\/#website","url":"https:\/\/www.jornalja.com.br\/cultura\/","name":"Cultura","description":"Jornal J\u00c1 | Porto Alegre","inLanguage":"pt-BR","publisher":{"@id":"https:\/\/www.jornalja.com.br\/cultura\/#organization"}}]},"og:locale":"pt_BR","og:site_name":"Cultura","og:type":"article","og:title":"Banda Maria Bonita \u00e9 a atra\u00e7\u00e3o do Arraial Solid\u00e1rio do Espa\u00e7o Marin | Cultura","og:description":"Este inverno promete ser o mais rigoroso dos \u00faltimos anos. Diante disso, o Espa\u00e7o Marin mobiliza a comunidade para o Arraial Solid\u00e1rio no dia 16 de julho (s\u00e1bado), das 16h at\u00e9 a meia-noite. A entrada \u00e9 gratuita, com ponto de coleta de agasalhos no local (Rua Professora Cecy Cordeiro Thofehrn, 413 \u2013 Porto Alegre\/RS). O espa\u00e7o j\u00e1 est\u00e1 recebendo doa\u00e7\u00f5es. O evento","og:url":"https:\/\/www.jornalja.com.br\/cultura\/banda-maria-bonita-e-a-atracao-do-arraial-solidario-do-espaco-marin\/","og:image":"https:\/\/www.jornalja.com.br\/cultura\/wp-content\/uploads\/sites\/2\/2022\/07\/forrrrrro-grupo-andancas-foto-tiago-trindade.jpg","og:image:secure_url":"https:\/\/www.jornalja.com.br\/cultura\/wp-content\/uploads\/sites\/2\/2022\/07\/forrrrrro-grupo-andancas-foto-tiago-trindade.jpg","og:image:width":1400,"og:image:height":934,"article:published_time":"2022-07-13T23:26:52+00:00","article:modified_time":"2022-07-13T23:26:52+00:00","article:publisher":"https:\/\/www.facebook.com\/jornaljanaweb","twitter:card":"summary","twitter:site":"@jornal_ja","twitter:title":"Banda Maria Bonita \u00e9 a atra\u00e7\u00e3o do Arraial Solid\u00e1rio do Espa\u00e7o Marin | Cultura","twitter:description":"Este inverno promete ser o mais rigoroso dos \u00faltimos anos. Diante disso, o Espa\u00e7o Marin mobiliza a comunidade para o Arraial Solid\u00e1rio no dia 16 de julho (s\u00e1bado), das 16h at\u00e9 a meia-noite. A entrada \u00e9 gratuita, com ponto de coleta de agasalhos no local (Rua Professora Cecy Cordeiro Thofehrn, 413 \u2013 Porto Alegre\/RS). O espa\u00e7o j\u00e1 est\u00e1 recebendo doa\u00e7\u00f5es. O evento","twitter:image":"https:\/\/www.jornalja.com.br\/cultura\/wp-content\/uploads\/sites\/2\/2022\/07\/forrrrrro-grupo-andancas-foto-tiago-trindade.jpg"},"aioseo_meta_data":{"post_id":"86307","title":null,"description":null,"keywords":[],"keyphrases":{"focus":{"keyphrase":"","score":0,"analysis":{"keyphraseInTitle":{"score":0,"maxScore":9,"error":1}}},"additional":[]},"primary_term":null,"canonical_url":null,"og_title":null,"og_description":null,"og_object_type":"default","og_image_type":"default","og_image_url":null,"og_image_width":null,"og_image_height":null,"og_image_custom_url":null,"og_image_custom_fields":null,"og_video":"","og_custom_url":null,"og_article_section":null,"og_article_tags":[],"twitter_use_og":false,"twitter_card":"default","twitter_image_type":"default","twitter_image_url":null,"twitter_image_custom_url":null,"twitter_image_custom_fields":null,"twitter_title":null,"twitter_description":null,"schema":{"blockGraphs":[],"customGraphs":[],"default":{"data":{"Article":[],"Course":[],"Dataset":[],"FAQPage":[],"Movie":[],"Person":[],"Product":[],"ProductReview":[],"Car":[],"Recipe":[],"Service":[],"SoftwareApplication":[],"WebPage":[]},"graphName":"","isEnabled":true},"graphs":[]},"schema_type":"default","schema_type_options":"{\"article\":{\"articleType\":\"BlogPosting\"},\"course\":{\"name\":\"\",\"description\":\"\",\"provider\":\"\"},\"faq\":{\"pages\":[]},\"product\":{\"reviews\":[]},\"recipe\":{\"ingredients\":[],\"instructions\":[],\"keywords\":[]},\"software\":{\"reviews\":[],\"operatingSystems\":[]},\"webPage\":{\"webPageType\":\"WebPage\"}}","pillar_content":false,"robots_default":true,"robots_noindex":false,"robots_noarchive":false,"robots_nosnippet":false,"robots_nofollow":false,"robots_noimageindex":false,"robots_noodp":false,"robots_notranslate":false,"robots_max_snippet":"-1","robots_max_videopreview":"-1","robots_max_imagepreview":"large","priority":null,"frequency":"default","location":null,"local_seo":null,"breadcrumb_settings":null,"limit_modified_date":false,"ai":null,"created":"2022-07-13 23:14:34","updated":"2025-06-04 13:10:35","seo_analyzer_scan_date":null,"focus_keyword":null,"additional_keywords":null,"truseo_locale":null},"jetpack_publicize_connections":[],"jetpack-related-posts":[{"id":89820,"url":"https:\/\/www.jornalja.com.br\/cultura\/wander-wildner-apresenta-cancoes-iluminadas-de-amor-incondicional\/","url_meta":{"origin":86307,"position":0},"title":"Wander Wildner apresenta &#8220;Can\u00e7\u00f5es Iluminadas de Amor Incondicional&#8221;","author":"da Reda\u00e7\u00e3o","date":"13 de agosto de 2024","format":false,"excerpt":"Prepare-se para uma noite inesquec\u00edvel de m\u00fasica e emo\u00e7\u00e3o! Dia 17 de agosto, s\u00e1bado, o lend\u00e1rio Wander Wildner trar\u00e1 ao Espa\u00e7o Marin, na zona norte de Porto Alegre, seu mais novo show: \"Can\u00e7\u00f5es Iluminadas de Amor Incondicional\". Este evento promete ser um marco para os f\u00e3s do artista. O show\u2026","rel":"","context":"Em &quot;Cultura-NOTAS&quot;","block_context":{"text":"Cultura-NOTAS","link":"https:\/\/www.jornalja.com.br\/cultura\/category\/culturanotas\/"},"img":{"alt_text":"","src":"https:\/\/i0.wp.com\/www.jornalja.com.br\/cultura\/wp-content\/uploads\/sites\/2\/2024\/08\/wander-wildner-foto-fernanda-chemale-scaled.jpg?resize=350%2C200&ssl=1","width":350,"height":200,"srcset":"https:\/\/i0.wp.com\/www.jornalja.com.br\/cultura\/wp-content\/uploads\/sites\/2\/2024\/08\/wander-wildner-foto-fernanda-chemale-scaled.jpg?resize=350%2C200&ssl=1 1x, https:\/\/i0.wp.com\/www.jornalja.com.br\/cultura\/wp-content\/uploads\/sites\/2\/2024\/08\/wander-wildner-foto-fernanda-chemale-scaled.jpg?resize=525%2C300&ssl=1 1.5x, https:\/\/i0.wp.com\/www.jornalja.com.br\/cultura\/wp-content\/uploads\/sites\/2\/2024\/08\/wander-wildner-foto-fernanda-chemale-scaled.jpg?resize=700%2C400&ssl=1 2x, https:\/\/i0.wp.com\/www.jornalja.com.br\/cultura\/wp-content\/uploads\/sites\/2\/2024\/08\/wander-wildner-foto-fernanda-chemale-scaled.jpg?resize=1050%2C600&ssl=1 3x, https:\/\/i0.wp.com\/www.jornalja.com.br\/cultura\/wp-content\/uploads\/sites\/2\/2024\/08\/wander-wildner-foto-fernanda-chemale-scaled.jpg?resize=1400%2C800&ssl=1 4x"},"classes":[]},{"id":89736,"url":"https:\/\/www.jornalja.com.br\/cultura\/banda-maria-bonita-toca-em-evento-de-retomada-cultural-no-centro-historico-da-capital\/","url_meta":{"origin":86307,"position":1},"title":"Banda Maria Bonita toca\u00a0em evento de retomada cultural no Centro Hist\u00f3rico da capital","author":"da Reda\u00e7\u00e3o","date":"17 de julho de 2024","format":false,"excerpt":"\u00a0 Para celebrar o Dia do Amigo, o Chal\u00e9 da Pra\u00e7a XV, ponto de encontro da capital receber\u00e1 a banda Maria Bonita, pioneira do forr\u00f3 no sul.\u00a0O evento faz parte da retomada das atividades culturais e tur\u00edsticas do Centro Hist\u00f3rico de Porto Alegre, no pr\u00f3ximo s\u00e1bado, dia 20 de julho\u2026","rel":"","context":"Em &quot;Cultura-NOTAS&quot;","block_context":{"text":"Cultura-NOTAS","link":"https:\/\/www.jornalja.com.br\/cultura\/category\/culturanotas\/"},"img":{"alt_text":"","src":"https:\/\/i0.wp.com\/www.jornalja.com.br\/cultura\/wp-content\/uploads\/sites\/2\/2024\/07\/elejac-banda-maria-bonita-credito-babi-cocolichio-225x300.jpg?resize=350%2C200&ssl=1","width":350,"height":200},"classes":[]},{"id":83481,"url":"https:\/\/www.jornalja.com.br\/cultura\/municipal-do-rio-homenageia-mignone-o-compositor-paulista-que-botou-samba-na-opera\/","url_meta":{"origin":86307,"position":2},"title":"Rio homenageia Mignone, o compositor paulista que botou samba na \u00f3pera","author":"da Reda\u00e7\u00e3o","date":"1 de mar\u00e7o de 2021","format":false,"excerpt":"Exposi\u00e7\u00e3o virtual no site do Theatro Municipal do Rio de Janeiro homenageia o compositor e maestro Francisco Mignone, um dos mais importantes nomes da m\u00fasica brasileira. \u201cA\u00a0m\u00fasica como luz da exist\u00eancia\u201d, re\u00fane pe\u00e7as de um dos mais importantes do acervo de Mignone que ao morrer em 1986 deixou mais de\u2026","rel":"","context":"Em &quot;Cultura-MAT\u00c9RIA&quot;","block_context":{"text":"Cultura-MAT\u00c9RIA","link":"https:\/\/www.jornalja.com.br\/cultura\/category\/materiasecundaria\/"},"img":{"alt_text":"","src":"https:\/\/i0.wp.com\/www.jornalja.com.br\/cultura\/wp-content\/uploads\/sites\/2\/2021\/02\/francisco-mignone-0.jpg?resize=350%2C200&ssl=1","width":350,"height":200,"srcset":"https:\/\/i0.wp.com\/www.jornalja.com.br\/cultura\/wp-content\/uploads\/sites\/2\/2021\/02\/francisco-mignone-0.jpg?resize=350%2C200&ssl=1 1x, https:\/\/i0.wp.com\/www.jornalja.com.br\/cultura\/wp-content\/uploads\/sites\/2\/2021\/02\/francisco-mignone-0.jpg?resize=525%2C300&ssl=1 1.5x, https:\/\/i0.wp.com\/www.jornalja.com.br\/cultura\/wp-content\/uploads\/sites\/2\/2021\/02\/francisco-mignone-0.jpg?resize=700%2C400&ssl=1 2x, https:\/\/i0.wp.com\/www.jornalja.com.br\/cultura\/wp-content\/uploads\/sites\/2\/2021\/02\/francisco-mignone-0.jpg?resize=1050%2C600&ssl=1 3x"},"classes":[]},{"id":76525,"url":"https:\/\/www.jornalja.com.br\/cultura\/gabriela-lery-lanca-colecao-e-recebe-convidados-no-teatro-de-arena\/","url_meta":{"origin":86307,"position":3},"title":"Gabriela Lery lan\u00e7a \u201cCole\u00e7\u00e3o\u201d e recebe convidados no Teatro de Arena","author":"da Reda\u00e7\u00e3o","date":"20 de agosto de 2019","format":false,"excerpt":"As mulheres do cen\u00e1rio musical ga\u00facho est\u00e3o produzindo muito. Quem parou para contar quantas novas compositoras, cantoras, autoras, poetas e musicistas veem aparecendo nas nossas vidas, nas casas de show e em nossas redes sociais, com certeza se surpreendeu. Festivais inteiros dedicados a elas, projetos, editais e shows apresentando toda\u2026","rel":"","context":"Em &quot;Cultura-MAT\u00c9RIA&quot;","block_context":{"text":"Cultura-MAT\u00c9RIA","link":"https:\/\/www.jornalja.com.br\/cultura\/category\/materiasecundaria\/"},"img":{"alt_text":"","src":"","width":0,"height":0},"classes":[]},{"id":89864,"url":"https:\/\/www.jornalja.com.br\/cultura\/89864-2\/","url_meta":{"origin":86307,"position":4},"title":"Neste\u00a0s\u00e1bado\u00a0(24), o\u00a0Espa\u00e7o 373\u00a0recebe a\u00a0banda carioca\u2026","author":"da Reda\u00e7\u00e3o","date":"23 de agosto de 2024","format":false,"excerpt":"Neste\u00a0s\u00e1bado\u00a0(24), o\u00a0Espa\u00e7o 373\u00a0recebe a\u00a0banda carioca de forr\u00f3 TOCAIA. O\u00a0quarteto feminino, formado por Bela Ciavatta, Mari Jasca, Paloma Ronai e Renata Neves, \u00e9 conhecido pelos bailes e arrasta-p\u00e9s que promovem, principalmente, durante o per\u00edodo dos festejos juninos. Com apenas dois anos de estrada, j\u00e1 tocaram com artistas como Letrux, Juliana Linhares,\u2026","rel":"","context":"Em &quot;Cultura-NOTAS&quot;","block_context":{"text":"Cultura-NOTAS","link":"https:\/\/www.jornalja.com.br\/cultura\/category\/culturanotas\/"},"img":{"alt_text":"","src":"https:\/\/i0.wp.com\/www.jornalja.com.br\/cultura\/wp-content\/uploads\/sites\/2\/2024\/08\/banda-tocaia1-foto-maria-magalhaes-scaled.jpg?resize=350%2C200&ssl=1","width":350,"height":200,"srcset":"https:\/\/i0.wp.com\/www.jornalja.com.br\/cultura\/wp-content\/uploads\/sites\/2\/2024\/08\/banda-tocaia1-foto-maria-magalhaes-scaled.jpg?resize=350%2C200&ssl=1 1x, https:\/\/i0.wp.com\/www.jornalja.com.br\/cultura\/wp-content\/uploads\/sites\/2\/2024\/08\/banda-tocaia1-foto-maria-magalhaes-scaled.jpg?resize=525%2C300&ssl=1 1.5x, https:\/\/i0.wp.com\/www.jornalja.com.br\/cultura\/wp-content\/uploads\/sites\/2\/2024\/08\/banda-tocaia1-foto-maria-magalhaes-scaled.jpg?resize=700%2C400&ssl=1 2x, https:\/\/i0.wp.com\/www.jornalja.com.br\/cultura\/wp-content\/uploads\/sites\/2\/2024\/08\/banda-tocaia1-foto-maria-magalhaes-scaled.jpg?resize=1050%2C600&ssl=1 3x, https:\/\/i0.wp.com\/www.jornalja.com.br\/cultura\/wp-content\/uploads\/sites\/2\/2024\/08\/banda-tocaia1-foto-maria-magalhaes-scaled.jpg?resize=1400%2C800&ssl=1 4x"},"classes":[]},{"id":87583,"url":"https:\/\/www.jornalja.com.br\/cultura\/na-exposicao-fotografica-elas-o-universo-feminino-plural-no-espaco-cultural-correios\/","url_meta":{"origin":86307,"position":5},"title":"Na exposi\u00e7\u00e3o fotogr\u00e1fica &#8220;Elas&#8221;, o universo feminino, no Espa\u00e7o Cultural Correios","author":"Higino Barros","date":"6 de mar\u00e7o de 2023","format":false,"excerpt":"Exposi\u00e7\u00e3o \u201cELAS\u201d, que apresenta obras de Anelise Ferreira, Gutemberg Ostemberg, La\u00e9rcio de Menezes e Marina Menezes, tem vernissage no s\u00e1bado, 11 de mar\u00e7o.\u00a0 A mulher lan\u00e7a olhares e desperta olhares. Na vis\u00e3o dos artistas, as interpreta\u00e7\u00f5es se multiplicam. S\u00e3o simb\u00f3licas, pictogr\u00e1ficas, sensuais ou po\u00e9ticas. Na exposi\u00e7\u00e3o \u201cELAS\u201d, que ser\u00e1 inaugurada\u2026","rel":"","context":"Em &quot;Cultura-MAT\u00c9RIA&quot;","block_context":{"text":"Cultura-MAT\u00c9RIA","link":"https:\/\/www.jornalja.com.br\/cultura\/category\/materiasecundaria\/"},"img":{"alt_text":"","src":"https:\/\/i0.wp.com\/www.jornalja.com.br\/cultura\/wp-content\/uploads\/sites\/2\/2023\/03\/foto-24-vera-laercio-de-menezes.jpg?resize=350%2C200&ssl=1","width":350,"height":200,"srcset":"https:\/\/i0.wp.com\/www.jornalja.com.br\/cultura\/wp-content\/uploads\/sites\/2\/2023\/03\/foto-24-vera-laercio-de-menezes.jpg?resize=350%2C200&ssl=1 1x, https:\/\/i0.wp.com\/www.jornalja.com.br\/cultura\/wp-content\/uploads\/sites\/2\/2023\/03\/foto-24-vera-laercio-de-menezes.jpg?resize=525%2C300&ssl=1 1.5x, https:\/\/i0.wp.com\/www.jornalja.com.br\/cultura\/wp-content\/uploads\/sites\/2\/2023\/03\/foto-24-vera-laercio-de-menezes.jpg?resize=700%2C400&ssl=1 2x, https:\/\/i0.wp.com\/www.jornalja.com.br\/cultura\/wp-content\/uploads\/sites\/2\/2023\/03\/foto-24-vera-laercio-de-menezes.jpg?resize=1050%2C600&ssl=1 3x, https:\/\/i0.wp.com\/www.jornalja.com.br\/cultura\/wp-content\/uploads\/sites\/2\/2023\/03\/foto-24-vera-laercio-de-menezes.jpg?resize=1400%2C800&ssl=1 4x"},"classes":[]}],"jetpack_shortlink":"https:\/\/wp.me\/pbKnZc-ms3","jetpack_sharing_enabled":true,"jetpack_featured_media_url":"https:\/\/www.jornalja.com.br\/cultura\/wp-content\/uploads\/sites\/2\/2022\/07\/forro-elojac-maria-bonita-cred-tiago-trindade.jpg","_links":{"self":[{"href":"https:\/\/www.jornalja.com.br\/cultura\/wp-json\/wp\/v2\/posts\/86307","targetHints":{"allow":["GET"]}}],"collection":[{"href":"https:\/\/www.jornalja.com.br\/cultura\/wp-json\/wp\/v2\/posts"}],"about":[{"href":"https:\/\/www.jornalja.com.br\/cultura\/wp-json\/wp\/v2\/types\/post"}],"author":[{"embeddable":true,"href":"https:\/\/www.jornalja.com.br\/cultura\/wp-json\/wp\/v2\/users\/4"}],"replies":[{"embeddable":true,"href":"https:\/\/www.jornalja.com.br\/cultura\/wp-json\/wp\/v2\/comments?post=86307"}],"version-history":[{"count":1,"href":"https:\/\/www.jornalja.com.br\/cultura\/wp-json\/wp\/v2\/posts\/86307\/revisions"}],"predecessor-version":[{"id":86311,"href":"https:\/\/www.jornalja.com.br\/cultura\/wp-json\/wp\/v2\/posts\/86307\/revisions\/86311"}],"wp:featuredmedia":[{"embeddable":true,"href":"https:\/\/www.jornalja.com.br\/cultura\/wp-json\/wp\/v2\/media\/86308"}],"wp:attachment":[{"href":"https:\/\/www.jornalja.com.br\/cultura\/wp-json\/wp\/v2\/media?parent=86307"}],"wp:term":[{"taxonomy":"category","embeddable":true,"href":"https:\/\/www.jornalja.com.br\/cultura\/wp-json\/wp\/v2\/categories?post=86307"},{"taxonomy":"post_tag","embeddable":true,"href":"https:\/\/www.jornalja.com.br\/cultura\/wp-json\/wp\/v2\/tags?post=86307"}],"curies":[{"name":"wp","href":"https:\/\/api.w.org\/{rel}","templated":true}]}}