{"id":86642,"date":"2022-09-06T21:13:57","date_gmt":"2022-09-07T00:13:57","guid":{"rendered":"https:\/\/www.jornalja.com.br\/cultura\/?p=86642"},"modified":"2022-09-07T22:13:09","modified_gmt":"2022-09-08T01:13:09","slug":"acqua-mostra-as-multiplas-vertentes-da-tecnica-de-aquarela-de-33-artistas-gauchos","status":"publish","type":"post","link":"https:\/\/www.jornalja.com.br\/cultura\/acqua-mostra-as-multiplas-vertentes-da-tecnica-de-aquarela-de-33-artistas-gauchos\/","title":{"rendered":"&#8220;Acqua&#8221;\u00a0mostra as m\u00faltiplas vertentes da t\u00e9cnica\u00a0de aquarela de 33 artistas ga\u00fachos"},"content":{"rendered":"<p>A exposi\u00e7\u00e3o &#8220;Acqua&#8221;, com vernissage no dia 8 de setembro, apresenta o trabalho\u00a0 de 33 aquarelistas do Rio Grande do Sul. <span style=\"font-size: 1.5rem\">Segundo o material de divulga\u00e7\u00e3o,<\/span><span style=\"font-size: 1.5rem\">\u00a0o curador e arquiteto Anaurelino Barros Neto, com P\u00f3s-Gradua\u00e7\u00e3o em Praticas Curatoriais e Bacharelado em Artes Visuais pelo Instituto de Artes da UFRGS, pretende apresentar, atrav\u00e9s da exposi\u00e7\u00e3o, a produ\u00e7\u00e3o de grupos de aquarelistas e artistas independentes , mostrando as m\u00faltiplas vertentes da t\u00e9cnica\u00a0 de aquarela no Estado do RS, desde as linguagens mais tradicionais at\u00e9 as abordagens mais contempor\u00e2neas e abstratas.\u00a0<\/span><\/p>\n<div>\n<div id=\"m_1676222958701084226ydp6aecab7fyiv8495438502ydp266e54e0yiv6443821964\">\n<div id=\"m_1676222958701084226ydp6aecab7fyiv8495438502ydp266e54e0yiv6443821964ydp8b115eb9yiv8039112545\">\n<div dir=\"ltr\">\n<div dir=\"ltr\">\n<figure id=\"attachment_86649\" aria-describedby=\"caption-attachment-86649\" style=\"width: 300px\" class=\"wp-caption alignnone\"><img decoding=\"async\" data-attachment-id=\"86649\" data-permalink=\"https:\/\/www.jornalja.com.br\/cultura\/acqua-mostra-as-multiplas-vertentes-da-tecnica-de-aquarela-de-33-artistas-gauchos\/anau-luciane-dos-anjos\/\" data-orig-file=\"https:\/\/www.jornalja.com.br\/cultura\/wp-content\/uploads\/sites\/2\/2022\/09\/anau-luciane-dos-anjos.jpeg\" data-orig-size=\"1080,793\" data-comments-opened=\"1\" data-image-meta=\"{&quot;aperture&quot;:&quot;0&quot;,&quot;credit&quot;:&quot;&quot;,&quot;camera&quot;:&quot;&quot;,&quot;caption&quot;:&quot;&quot;,&quot;created_timestamp&quot;:&quot;0&quot;,&quot;copyright&quot;:&quot;&quot;,&quot;focal_length&quot;:&quot;0&quot;,&quot;iso&quot;:&quot;0&quot;,&quot;shutter_speed&quot;:&quot;0&quot;,&quot;title&quot;:&quot;&quot;,&quot;orientation&quot;:&quot;0&quot;}\" data-image-title=\"ANAU Luciane dos Anjos\" data-image-description=\"\" data-image-caption=\"&lt;p&gt;Obra de Luciane dos Anjos. Foto; Divulga\u00e7\u00e3o&lt;\/p&gt;\n\" data-large-file=\"https:\/\/www.jornalja.com.br\/cultura\/wp-content\/uploads\/sites\/2\/2022\/09\/anau-luciane-dos-anjos-1024x752.jpeg\" class=\"size-medium wp-image-86649\" src=\"https:\/\/www.jornalja.com.br\/cultura\/wp-content\/uploads\/sites\/2\/2022\/09\/anau-luciane-dos-anjos-300x220.jpeg\" alt=\"\" width=\"300\" height=\"220\" srcset=\"https:\/\/www.jornalja.com.br\/cultura\/wp-content\/uploads\/sites\/2\/2022\/09\/anau-luciane-dos-anjos-300x220.jpeg 300w, https:\/\/www.jornalja.com.br\/cultura\/wp-content\/uploads\/sites\/2\/2022\/09\/anau-luciane-dos-anjos-1024x752.jpeg 1024w, https:\/\/www.jornalja.com.br\/cultura\/wp-content\/uploads\/sites\/2\/2022\/09\/anau-luciane-dos-anjos-768x564.jpeg 768w, https:\/\/www.jornalja.com.br\/cultura\/wp-content\/uploads\/sites\/2\/2022\/09\/anau-luciane-dos-anjos.jpeg 1080w\" sizes=\"(max-width: 300px) 100vw, 300px\" \/><figcaption id=\"caption-attachment-86649\" class=\"wp-caption-text\">Obra de Luciane dos Anjos. Foto; Divulga\u00e7\u00e3o<\/figcaption><\/figure>\n<\/div>\n<div dir=\"ltr\"><strong>ARTISTAS :<\/strong><\/div>\n<div dir=\"ltr\">Ana Lovatto \/\u00a0 Ana Germani \/ Achylles Costa Neto \/ Anderson Neves \/\u00a0 Andrea Amaro \/ Beatriz Gon\u00e7alves \/ D\u00e9bora Duarte \/ Deja Rosa \/ Denise Giacomoni \/ Denise Marcolin \/ Denise Wichmann \/ E. Arigony \/<\/div>\n<div dir=\"ltr\">Eliane Abreu \/ Em\u00edlia Gontow \/ Erico Santos \/ Eron Teixeira \/ Gra\u00e7a Craidy \/\u00a0 Helena Stainer \/ Isabel Ferreira \/<\/div>\n<div dir=\"ltr\">Jo\u00e3o Iganci \/ Kika Herrmann \/ Liana D`Abreu \/ Lilian Maus \/ Luciane dos Anjos \/ Mara Rejane \/ Marlia Fayh \/<\/div>\n<div dir=\"ltr\">Nara Foga\u00e7a \/ Roseli Gertum Becker \/ Sandra Kravetz \/ S\u00edlvia Peruffo \/ S\u00f4nia Benedetto \/ T\u00e2nia Rossari \/<\/div>\n<div dir=\"ltr\">Zez\u00e9 Carpena Ferreira.<\/div>\n<div dir=\"ltr\"><\/div>\n<div dir=\"ltr\">\n<figure id=\"attachment_86648\" aria-describedby=\"caption-attachment-86648\" style=\"width: 216px\" class=\"wp-caption alignnone\"><img decoding=\"async\" data-attachment-id=\"86648\" data-permalink=\"https:\/\/www.jornalja.com.br\/cultura\/acqua-mostra-as-multiplas-vertentes-da-tecnica-de-aquarela-de-33-artistas-gauchos\/anau-liana-dabreu\/\" data-orig-file=\"https:\/\/www.jornalja.com.br\/cultura\/wp-content\/uploads\/sites\/2\/2022\/09\/anau-liana-dabreu.jpeg\" data-orig-size=\"1080,1502\" data-comments-opened=\"1\" data-image-meta=\"{&quot;aperture&quot;:&quot;0&quot;,&quot;credit&quot;:&quot;&quot;,&quot;camera&quot;:&quot;&quot;,&quot;caption&quot;:&quot;&quot;,&quot;created_timestamp&quot;:&quot;0&quot;,&quot;copyright&quot;:&quot;&quot;,&quot;focal_length&quot;:&quot;0&quot;,&quot;iso&quot;:&quot;0&quot;,&quot;shutter_speed&quot;:&quot;0&quot;,&quot;title&quot;:&quot;&quot;,&quot;orientation&quot;:&quot;0&quot;}\" data-image-title=\"ANAU Liana DAbreu\" data-image-description=\"\" data-image-caption=\"&lt;p&gt;Obra de  Liana DAbreu\/ Divulga\u00e7\u00e3o&lt;\/p&gt;\n\" data-large-file=\"https:\/\/www.jornalja.com.br\/cultura\/wp-content\/uploads\/sites\/2\/2022\/09\/anau-liana-dabreu-736x1024.jpeg\" class=\"size-medium wp-image-86648\" src=\"https:\/\/www.jornalja.com.br\/cultura\/wp-content\/uploads\/sites\/2\/2022\/09\/anau-liana-dabreu-216x300.jpeg\" alt=\"\" width=\"216\" height=\"300\" srcset=\"https:\/\/www.jornalja.com.br\/cultura\/wp-content\/uploads\/sites\/2\/2022\/09\/anau-liana-dabreu-216x300.jpeg 216w, https:\/\/www.jornalja.com.br\/cultura\/wp-content\/uploads\/sites\/2\/2022\/09\/anau-liana-dabreu-736x1024.jpeg 736w, https:\/\/www.jornalja.com.br\/cultura\/wp-content\/uploads\/sites\/2\/2022\/09\/anau-liana-dabreu-768x1068.jpeg 768w, https:\/\/www.jornalja.com.br\/cultura\/wp-content\/uploads\/sites\/2\/2022\/09\/anau-liana-dabreu.jpeg 1080w\" sizes=\"(max-width: 216px) 100vw, 216px\" \/><figcaption id=\"caption-attachment-86648\" class=\"wp-caption-text\">Obra de Liana DAbreu\/ Divulga\u00e7\u00e3o<\/figcaption><\/figure>\n<\/div>\n<\/div>\n<div>\n<div>Texto do curador sobre a exposi\u00e7\u00e3o:<\/div>\n<div>&#8220;As aquarelas quase fotogr\u00e1ficas e tradicionais sempre ser\u00e3o\u00a0 \u00a0a\u00a0 \u00a0nossa\u00a0 \u00a0refer\u00eancia\u00a0 \u00a0e\u00a0 \u00a0ter\u00e3o\u00a0 \u00a0nossa\u00a0 \u00a0admira\u00e7\u00e3o.\u00a0 Temos exemplos impressionantes, como o do artista Jos\u00e9 Lutzemberger e sua perfei\u00e7\u00e3o t\u00e9cnica, entre outros aqui mesmo mesmo no Rio Grande do Sul.<\/div>\n<div>\u00a0\u00a0\u00a0\u00a0\u00a0\u00a0\u00a0\u00a0\u00a0\u00a0\u00a0\u00a0\u00a0\u00a0\u00a0\u00a0Na\u00a0 \u00a0aquarela,\u00a0 a\u00a0 \u00a0\u00e1gua\u00a0 \u00a0\u00e9\u00a0 o\u00a0 \u00a0determinante\u00a0 \u00a0fundamental para o \u00eaxito. Quem domina a sua dosagem e evapora\u00e7\u00e3o, em rela\u00e7\u00e3o\u00a0 \u00a0ao\u00a0 \u00a0pigmento,\u00a0 \u00a0certamente\u00a0 \u00a0domina\u00a0 \u00a0a\u00a0 \u00a0t\u00e9cnica.\u00a0 Dessa maneira, \u00e9 poss\u00edvel determinar as diferentes nuances da tinta, a satura\u00e7\u00e3o ou a leveza do pigmento, bem como as sobreposi\u00e7\u00f5es de\u00a0 \u00a0camadas\u00a0 \u00a0de\u00a0 \u00a0tinta.\u00a0 Revelam-se,\u00a0 \u00a0assim, surpreendentes transpar\u00eancias e delicadezas, em descobertas de fus\u00e3o de cores em pinceladas aleat\u00f3rias. Por vezes, chega-se, at\u00e9 mesmo, a desenhar com o pincel.<\/div>\n<div>\n<figure id=\"attachment_86647\" aria-describedby=\"caption-attachment-86647\" style=\"width: 300px\" class=\"wp-caption alignnone\"><img decoding=\"async\" data-attachment-id=\"86647\" data-permalink=\"https:\/\/www.jornalja.com.br\/cultura\/acqua-mostra-as-multiplas-vertentes-da-tecnica-de-aquarela-de-33-artistas-gauchos\/anau-joao-iganci\/\" data-orig-file=\"https:\/\/www.jornalja.com.br\/cultura\/wp-content\/uploads\/sites\/2\/2022\/09\/anau-joao-iganci.jpeg\" data-orig-size=\"1058,893\" data-comments-opened=\"1\" data-image-meta=\"{&quot;aperture&quot;:&quot;0&quot;,&quot;credit&quot;:&quot;&quot;,&quot;camera&quot;:&quot;&quot;,&quot;caption&quot;:&quot;&quot;,&quot;created_timestamp&quot;:&quot;0&quot;,&quot;copyright&quot;:&quot;&quot;,&quot;focal_length&quot;:&quot;0&quot;,&quot;iso&quot;:&quot;0&quot;,&quot;shutter_speed&quot;:&quot;0&quot;,&quot;title&quot;:&quot;&quot;,&quot;orientation&quot;:&quot;0&quot;}\" data-image-title=\"ANAU Joao Iganci\" data-image-description=\"\" data-image-caption=\"&lt;p&gt; Obra de Jo\u00e3o Iganci\/ Divulga\u00e7\u00e3o&lt;\/p&gt;\n\" data-large-file=\"https:\/\/www.jornalja.com.br\/cultura\/wp-content\/uploads\/sites\/2\/2022\/09\/anau-joao-iganci-1024x864.jpeg\" class=\"size-medium wp-image-86647\" src=\"https:\/\/www.jornalja.com.br\/cultura\/wp-content\/uploads\/sites\/2\/2022\/09\/anau-joao-iganci-300x253.jpeg\" alt=\"\" width=\"300\" height=\"253\" srcset=\"https:\/\/www.jornalja.com.br\/cultura\/wp-content\/uploads\/sites\/2\/2022\/09\/anau-joao-iganci-300x253.jpeg 300w, https:\/\/www.jornalja.com.br\/cultura\/wp-content\/uploads\/sites\/2\/2022\/09\/anau-joao-iganci-1024x864.jpeg 1024w, https:\/\/www.jornalja.com.br\/cultura\/wp-content\/uploads\/sites\/2\/2022\/09\/anau-joao-iganci-768x648.jpeg 768w, https:\/\/www.jornalja.com.br\/cultura\/wp-content\/uploads\/sites\/2\/2022\/09\/anau-joao-iganci.jpeg 1058w\" sizes=\"(max-width: 300px) 100vw, 300px\" \/><figcaption id=\"caption-attachment-86647\" class=\"wp-caption-text\">Obra de Jo\u00e3o Iganci\/ Divulga\u00e7\u00e3o<\/figcaption><\/figure>\n<\/div>\n<div>T\u00e3o importante como as t\u00e9cnicas mais tradicionais e acad\u00eamicas,\u00a0 \u00a0s\u00e3o\u00a0 \u00a0os\u00a0 \u00a0processos\u00a0 \u00a0construtivos\u00a0 \u00a0da\u00a0 \u00a0abstra\u00e7\u00e3o\u00a0 \u00a0na aquarela.\u00a0 \u00a0O\u00a0 \u00a0acaso\u00a0 \u00a0e\u00a0 \u00a0suas\u00a0 \u00a0elei\u00e7\u00f5es\u00a0 \u00a0tamb\u00e9m\u00a0 \u00a0exigem\u00a0 \u00a0grande dom\u00ednio\u00a0 \u00a0para\u00a0 \u00a0se\u00a0 \u00a0obterem\u00a0 estruturas\u00a0 \u00a0formais\u00a0 \u00a0poderosas\u00a0 \u00a0e convincentes.<\/div>\n<div>\u00a0\u00a0\u00a0\u00a0\u00a0\u00a0\u00a0\u00a0\u00a0\u00a0\u00a0\u00a0\u00a0\u00a0\u00a0\u00a0Como nos ensinou a grande artista e te\u00f3rica Fayga Ostrower, &#8220;os acasos existenciais ir\u00e3o transformar-se em acasos\u00a0 \u00a0significativos,\u00a0 \u00a0e\u00a0 \u00a0ser\u00e3o\u00a0 \u00a0reconhecidos\u00a0 \u00a0imediatamente&#8221;.\u00a0 \u00a0Essa intui\u00e7\u00e3o, em arte, n\u00e3o significa recursos menores e sem valor: ao contr\u00e1rio, pode corresponder a um resultado repleto de mem\u00f3rias afetivas que foram constru\u00eddas ao longo de sua trajet\u00f3ria.<\/div>\n<div>\n<figure id=\"attachment_86646\" aria-describedby=\"caption-attachment-86646\" style=\"width: 221px\" class=\"wp-caption alignnone\"><img decoding=\"async\" data-attachment-id=\"86646\" data-permalink=\"https:\/\/www.jornalja.com.br\/cultura\/acqua-mostra-as-multiplas-vertentes-da-tecnica-de-aquarela-de-33-artistas-gauchos\/anau-helena-stainer\/\" data-orig-file=\"https:\/\/www.jornalja.com.br\/cultura\/wp-content\/uploads\/sites\/2\/2022\/09\/anau-helena-stainer.jpeg\" data-orig-size=\"1080,1466\" data-comments-opened=\"1\" data-image-meta=\"{&quot;aperture&quot;:&quot;0&quot;,&quot;credit&quot;:&quot;&quot;,&quot;camera&quot;:&quot;&quot;,&quot;caption&quot;:&quot;&quot;,&quot;created_timestamp&quot;:&quot;0&quot;,&quot;copyright&quot;:&quot;&quot;,&quot;focal_length&quot;:&quot;0&quot;,&quot;iso&quot;:&quot;0&quot;,&quot;shutter_speed&quot;:&quot;0&quot;,&quot;title&quot;:&quot;&quot;,&quot;orientation&quot;:&quot;0&quot;}\" data-image-title=\"ANAU Helena Stainer\" data-image-description=\"\" data-image-caption=\"&lt;p&gt;Obra de Helena Stainer\/ Divulga\u00e7\u00e3o&lt;\/p&gt;\n\" data-large-file=\"https:\/\/www.jornalja.com.br\/cultura\/wp-content\/uploads\/sites\/2\/2022\/09\/anau-helena-stainer-754x1024.jpeg\" class=\"size-medium wp-image-86646\" src=\"https:\/\/www.jornalja.com.br\/cultura\/wp-content\/uploads\/sites\/2\/2022\/09\/anau-helena-stainer-221x300.jpeg\" alt=\"\" width=\"221\" height=\"300\" srcset=\"https:\/\/www.jornalja.com.br\/cultura\/wp-content\/uploads\/sites\/2\/2022\/09\/anau-helena-stainer-221x300.jpeg 221w, https:\/\/www.jornalja.com.br\/cultura\/wp-content\/uploads\/sites\/2\/2022\/09\/anau-helena-stainer-754x1024.jpeg 754w, https:\/\/www.jornalja.com.br\/cultura\/wp-content\/uploads\/sites\/2\/2022\/09\/anau-helena-stainer-768x1042.jpeg 768w, https:\/\/www.jornalja.com.br\/cultura\/wp-content\/uploads\/sites\/2\/2022\/09\/anau-helena-stainer.jpeg 1080w\" sizes=\"(max-width: 221px) 100vw, 221px\" \/><figcaption id=\"caption-attachment-86646\" class=\"wp-caption-text\">Obra de Helena Stainer\/ Divulga\u00e7\u00e3o<\/figcaption><\/figure>\n<p>Os\u00a0 \u00a0aquarelistas\u00a0 \u00a0devem\u00a0 \u00a0estar\u00a0 \u00a0atentos\u00a0 \u00a0e\u00a0 \u00a0receptivos durante\u00a0 \u00a0esses\u00a0 \u00a0processos,\u00a0 \u00a0que\u00a0 \u00a0ser\u00e3o\u00a0 \u00a0sempre\u00a0 \u00a0sua\u00a0 \u00a0fonte acumulativa \u2013 casual ou n\u00e3o \u2013 de experi\u00eancias, resultando na bagagem cultural \u00fanica e pessoal de suas cria\u00e7\u00f5es. \u00c9\u00a0 \u00a0em\u00a0 \u00a0seus ateli\u00eas\u00a0 \u00a0que\u00a0 \u00a0n\u00f3s,\u00a0 \u00a0curadores,\u00a0 \u00a0percebemos\u00a0 estes\u00a0 \u00a0resultados\u00a0 \u00a0originais\u00a0 \u00a0e\u00a0 \u00a0autorais.\u00a0 \u00a0Nesse\u00a0 \u00a0espa\u00e7o,\u00a0 \u00a0seus\u00a0 \u00a0processos interiores nos s\u00e3o revelados. As curadorias servem\u00a0 \u00a0justamente para eleger e selecionar \u2013 dentro destes universos\u00a0 solit\u00e1rios que, por vezes, n\u00e3o t\u00eam um referencial exterior \u2013 as obras\u00a0 \u00a0mais\u00a0 \u00a0significativas,\u00a0 \u00a0mais\u00a0 \u00a0contundentes\u00a0 \u00a0e\u00a0 \u00a0ousadas,\u00a0 orientando caminhos futuros, os quais podem ser impercept\u00edveis aos pr\u00f3prios artistas.<\/p>\n<\/div>\n<div>\u00a0\u00a0\u00a0\u00a0\u00a0\u00a0\u00a0\u00a0\u00a0\u00a0\u00a0\u00a0\u00a0\u00a0\u00a0\u00a0\u00c9 justamente essa impulsividade e ousadia que\u00a0 \u00a0permitem\u00a0 \u00a0que\u00a0 \u00a0a\u00a0 \u00a0Arte\u00a0 \u00a0evolua:\u00a0 \u00a0s\u00e3o\u00a0 \u00a0essas\u00a0 \u00a0sucessivas\u00a0 possibilidades criadoras que sempre nos surpreendem.<\/div>\n<\/div>\n<div dir=\"ltr\">\n<div>\n<figure id=\"attachment_86645\" aria-describedby=\"caption-attachment-86645\" style=\"width: 240px\" class=\"wp-caption alignnone\"><img decoding=\"async\" data-attachment-id=\"86645\" data-permalink=\"https:\/\/www.jornalja.com.br\/cultura\/acqua-mostra-as-multiplas-vertentes-da-tecnica-de-aquarela-de-33-artistas-gauchos\/anau-graca-craidy\/\" data-orig-file=\"https:\/\/www.jornalja.com.br\/cultura\/wp-content\/uploads\/sites\/2\/2022\/09\/anau-graca-craidy.jpeg\" data-orig-size=\"1080,1350\" data-comments-opened=\"1\" data-image-meta=\"{&quot;aperture&quot;:&quot;0&quot;,&quot;credit&quot;:&quot;&quot;,&quot;camera&quot;:&quot;&quot;,&quot;caption&quot;:&quot;&quot;,&quot;created_timestamp&quot;:&quot;0&quot;,&quot;copyright&quot;:&quot;&quot;,&quot;focal_length&quot;:&quot;0&quot;,&quot;iso&quot;:&quot;0&quot;,&quot;shutter_speed&quot;:&quot;0&quot;,&quot;title&quot;:&quot;&quot;,&quot;orientation&quot;:&quot;0&quot;}\" data-image-title=\"ANAU Gra\u00e7a Craidy\" data-image-description=\"\" data-image-caption=\"&lt;p&gt;Obra de Gra\u00e7a Craidy\/ Divulga\u00e7\u00e3o&lt;\/p&gt;\n\" data-large-file=\"https:\/\/www.jornalja.com.br\/cultura\/wp-content\/uploads\/sites\/2\/2022\/09\/anau-graca-craidy-819x1024.jpeg\" class=\"size-medium wp-image-86645\" src=\"https:\/\/www.jornalja.com.br\/cultura\/wp-content\/uploads\/sites\/2\/2022\/09\/anau-graca-craidy-240x300.jpeg\" alt=\"\" width=\"240\" height=\"300\" srcset=\"https:\/\/www.jornalja.com.br\/cultura\/wp-content\/uploads\/sites\/2\/2022\/09\/anau-graca-craidy-240x300.jpeg 240w, https:\/\/www.jornalja.com.br\/cultura\/wp-content\/uploads\/sites\/2\/2022\/09\/anau-graca-craidy-819x1024.jpeg 819w, https:\/\/www.jornalja.com.br\/cultura\/wp-content\/uploads\/sites\/2\/2022\/09\/anau-graca-craidy-768x960.jpeg 768w, https:\/\/www.jornalja.com.br\/cultura\/wp-content\/uploads\/sites\/2\/2022\/09\/anau-graca-craidy.jpeg 1080w\" sizes=\"(max-width: 240px) 100vw, 240px\" \/><figcaption id=\"caption-attachment-86645\" class=\"wp-caption-text\">Obra de Gra\u00e7a Craidy\/ Divulga\u00e7\u00e3o<\/figcaption><\/figure>\n<\/div>\n<div><strong>SERVI\u00c7O<\/strong><\/div>\n<\/div>\n<\/div>\n<\/div>\n<\/div>\n<div>\n<div>\n<div>\n<div>\n<div dir=\"ltr\">EXPOSI\u00c7\u00c3O &#8220;ACQUA&#8221;<\/div>\n<div dir=\"ltr\">ONDE : GALERIA STUDIO JARDIM . Av New York , 506 . Bairro Auxiliadora<\/div>\n<div dir=\"ltr\">QUANDO : Vernissage dia 8 de setembro de 2022 . Visita\u00e7\u00e3o de\u00a0 12 de setembro a 21 de outubro de 2022 . Horario de 14 h \u00e1s 18h.<\/div>\n<div dir=\"ltr\">CURADORIA : Anaurelino Corr\u00eaa de Barros Neto.<\/div>\n<div dir=\"ltr\">CONCEP\u00c7\u00c3O DE PROJETO : Ana Isabel Lovatto<\/div>\n<div dir=\"ltr\">\n<figure id=\"attachment_86643\" aria-describedby=\"caption-attachment-86643\" style=\"width: 300px\" class=\"wp-caption alignnone\"><img decoding=\"async\" data-attachment-id=\"86643\" data-permalink=\"https:\/\/www.jornalja.com.br\/cultura\/acqua-mostra-as-multiplas-vertentes-da-tecnica-de-aquarela-de-33-artistas-gauchos\/anau-arigony\/\" data-orig-file=\"https:\/\/www.jornalja.com.br\/cultura\/wp-content\/uploads\/sites\/2\/2022\/09\/anau-arigony.jpeg\" data-orig-size=\"1080,720\" data-comments-opened=\"1\" data-image-meta=\"{&quot;aperture&quot;:&quot;0&quot;,&quot;credit&quot;:&quot;&quot;,&quot;camera&quot;:&quot;&quot;,&quot;caption&quot;:&quot;&quot;,&quot;created_timestamp&quot;:&quot;0&quot;,&quot;copyright&quot;:&quot;&quot;,&quot;focal_length&quot;:&quot;0&quot;,&quot;iso&quot;:&quot;0&quot;,&quot;shutter_speed&quot;:&quot;0&quot;,&quot;title&quot;:&quot;&quot;,&quot;orientation&quot;:&quot;0&quot;}\" data-image-title=\"ANAU Arigony\" data-image-description=\"\" data-image-caption=\"&lt;p&gt;Obra de Arigony\/ Divulga\u00e7\u00e3o&lt;\/p&gt;\n\" data-large-file=\"https:\/\/www.jornalja.com.br\/cultura\/wp-content\/uploads\/sites\/2\/2022\/09\/anau-arigony-1024x683.jpeg\" class=\"size-medium wp-image-86643\" src=\"https:\/\/www.jornalja.com.br\/cultura\/wp-content\/uploads\/sites\/2\/2022\/09\/anau-arigony-300x200.jpeg\" alt=\"\" width=\"300\" height=\"200\" srcset=\"https:\/\/www.jornalja.com.br\/cultura\/wp-content\/uploads\/sites\/2\/2022\/09\/anau-arigony-300x200.jpeg 300w, https:\/\/www.jornalja.com.br\/cultura\/wp-content\/uploads\/sites\/2\/2022\/09\/anau-arigony-1024x683.jpeg 1024w, https:\/\/www.jornalja.com.br\/cultura\/wp-content\/uploads\/sites\/2\/2022\/09\/anau-arigony-768x512.jpeg 768w, https:\/\/www.jornalja.com.br\/cultura\/wp-content\/uploads\/sites\/2\/2022\/09\/anau-arigony.jpeg 1080w\" sizes=\"(max-width: 300px) 100vw, 300px\" \/><figcaption id=\"caption-attachment-86643\" class=\"wp-caption-text\">Obra de Arigony\/ Divulga\u00e7\u00e3o<\/figcaption><\/figure>\n<\/div>\n<div dir=\"ltr\"><\/div>\n<\/div>\n<\/div>\n<\/div>\n<\/div>\n","protected":false},"excerpt":{"rendered":"<p>A exposi\u00e7\u00e3o &#8220;Acqua&#8221;, com vernissage no dia 8 de setembro, apresenta o trabalho\u00a0 de 33 aquarelistas do Rio Grande do Sul. Segundo o material de divulga\u00e7\u00e3o,\u00a0o curador e arquiteto Anaurelino Barros Neto, com P\u00f3s-Gradua\u00e7\u00e3o em Praticas Curatoriais e Bacharelado em Artes Visuais pelo Instituto de Artes da UFRGS, pretende apresentar, atrav\u00e9s da exposi\u00e7\u00e3o, a produ\u00e7\u00e3o [&hellip;]<\/p>\n","protected":false},"author":4,"featured_media":86644,"comment_status":"open","ping_status":"open","sticky":false,"template":"","format":"standard","meta":{"jetpack_post_was_ever_published":false,"_jetpack_newsletter_access":"","_jetpack_dont_email_post_to_subs":false,"_jetpack_newsletter_tier_id":0,"_jetpack_memberships_contains_paywalled_content":false,"_jetpack_memberships_contains_paid_content":false,"footnotes":"","jetpack_publicize_message":"","jetpack_publicize_feature_enabled":true,"jetpack_social_post_already_shared":true,"jetpack_social_options":{"image_generator_settings":{"template":"highway","default_image_id":0,"font":"","enabled":false},"version":2}},"categories":[2],"tags":[],"class_list":["post-86642","post","type-post","status-publish","format-standard","has-post-thumbnail","hentry","category-materiasecundaria"],"aioseo_notices":[],"jetpack_publicize_connections":[],"jetpack_featured_media_url":"https:\/\/www.jornalja.com.br\/cultura\/wp-content\/uploads\/sites\/2\/2022\/09\/anau-debora-duarte.png","jetpack-related-posts":[{"id":91419,"url":"https:\/\/www.jornalja.com.br\/cultura\/paulo-amaral-mostra-uma-selecao-de-50-anos-de-arte\/","url_meta":{"origin":86642,"position":0},"title":"Paulo Amaral mostra uma sele\u00e7\u00e3o de 50 anos de arte visual","author":"da Reda\u00e7\u00e3o","date":"19 de setembro de 2025","format":false,"excerpt":"Um nome que \u00e9 refer\u00eancia na arte do Rio Grande do Sul, Paulo Amaral inaugura exposi\u00e7\u00e3o na Galeria Bublitz no s\u00e1bado, 27 de setembro. A mostra \u201cPaulo Amaral: uma sele\u00e7\u00e3o de 50 anos de Arte\u201d apresenta uma compila\u00e7\u00e3o de obras do artista desde 1970 at\u00e9 a atualidade. O vernissage ser\u00e1\u2026","rel":"","context":"Em &quot;Cultura-MAT\u00c9RIA&quot;","block_context":{"text":"Cultura-MAT\u00c9RIA","link":"https:\/\/www.jornalja.com.br\/cultura\/category\/materiasecundaria\/"},"img":{"alt_text":"","src":"https:\/\/i0.wp.com\/www.jornalja.com.br\/cultura\/wp-content\/uploads\/sites\/2\/2025\/09\/paulo-20250717-paulo-cesar-brasil-do-amaral-foto-nilton-santolin-img-1324-c-scaled.jpg?resize=350%2C200&ssl=1","width":350,"height":200,"srcset":"https:\/\/i0.wp.com\/www.jornalja.com.br\/cultura\/wp-content\/uploads\/sites\/2\/2025\/09\/paulo-20250717-paulo-cesar-brasil-do-amaral-foto-nilton-santolin-img-1324-c-scaled.jpg?resize=350%2C200&ssl=1 1x, https:\/\/i0.wp.com\/www.jornalja.com.br\/cultura\/wp-content\/uploads\/sites\/2\/2025\/09\/paulo-20250717-paulo-cesar-brasil-do-amaral-foto-nilton-santolin-img-1324-c-scaled.jpg?resize=525%2C300&ssl=1 1.5x, https:\/\/i0.wp.com\/www.jornalja.com.br\/cultura\/wp-content\/uploads\/sites\/2\/2025\/09\/paulo-20250717-paulo-cesar-brasil-do-amaral-foto-nilton-santolin-img-1324-c-scaled.jpg?resize=700%2C400&ssl=1 2x, https:\/\/i0.wp.com\/www.jornalja.com.br\/cultura\/wp-content\/uploads\/sites\/2\/2025\/09\/paulo-20250717-paulo-cesar-brasil-do-amaral-foto-nilton-santolin-img-1324-c-scaled.jpg?resize=1050%2C600&ssl=1 3x, https:\/\/i0.wp.com\/www.jornalja.com.br\/cultura\/wp-content\/uploads\/sites\/2\/2025\/09\/paulo-20250717-paulo-cesar-brasil-do-amaral-foto-nilton-santolin-img-1324-c-scaled.jpg?resize=1400%2C800&ssl=1 4x"},"classes":[]},{"id":90138,"url":"https:\/\/www.jornalja.com.br\/cultura\/exposicao-de-grande-sertao-veredas-da-artista-graca-craidy-integra-programacao-da-feira-do-livro\/","url_meta":{"origin":86642,"position":1},"title":"Exposi\u00e7\u00e3o &#8220;Grande Sert\u00e3o: Veredas&#8221;, da artista Gra\u00e7a Craidy, integra programa\u00e7\u00e3o da Feira do Livro","author":"da Reda\u00e7\u00e3o","date":"28 de outubro de 2024","format":false,"excerpt":"A exposi\u00e7\u00e3o \u201cGrande Sert\u00e3o\u201d, da artista visual ga\u00facha Gra\u00e7a Craidy, retrata, em 52 obras, os principais personagens, a flora e a fauna do romance Grande Sert\u00e3o: Veredas, de Guimar\u00e3es Rosa (1908\/1967). A mostra ser\u00e1 aberta sexta-feira (1\u00ba\/11), \u00e0s 18h30, no Clube do Com\u00e9rcio, como parte da programa\u00e7\u00e3o da 70\u00aa Feira\u2026","rel":"","context":"Em &quot;Cultura-MAT\u00c9RIA&quot;","block_context":{"text":"Cultura-MAT\u00c9RIA","link":"https:\/\/www.jornalja.com.br\/cultura\/category\/materiasecundaria\/"},"img":{"alt_text":"","src":"https:\/\/i0.wp.com\/www.jornalja.com.br\/cultura\/wp-content\/uploads\/sites\/2\/2024\/10\/graca-ha-artista-e-um-triptico-da-mostra-copia-w.jpeg?resize=350%2C200&ssl=1","width":350,"height":200,"srcset":"https:\/\/i0.wp.com\/www.jornalja.com.br\/cultura\/wp-content\/uploads\/sites\/2\/2024\/10\/graca-ha-artista-e-um-triptico-da-mostra-copia-w.jpeg?resize=350%2C200&ssl=1 1x, https:\/\/i0.wp.com\/www.jornalja.com.br\/cultura\/wp-content\/uploads\/sites\/2\/2024\/10\/graca-ha-artista-e-um-triptico-da-mostra-copia-w.jpeg?resize=525%2C300&ssl=1 1.5x, https:\/\/i0.wp.com\/www.jornalja.com.br\/cultura\/wp-content\/uploads\/sites\/2\/2024\/10\/graca-ha-artista-e-um-triptico-da-mostra-copia-w.jpeg?resize=700%2C400&ssl=1 2x"},"classes":[]},{"id":82112,"url":"https:\/\/www.jornalja.com.br\/cultura\/exposicao-clara-pechansky-y-sus-amigas-em-grande-estilo-na-gravura-galeria-de-arte\/","url_meta":{"origin":86642,"position":2},"title":"Exposi\u00e7\u00e3o &#8220;Clara Pechansky y Sus Amigas&#8221;, em grande estilo na Gravura Galeria de Arte","author":"Higino Barros","date":"10 de junho de 2020","format":false,"excerpt":"Higino Barros Acontece em grande estilo, na pr\u00f3xima semana, a \"Exposi\u00e7\u00e3o Clara Pechansky y Sus Amigas\", que estreou em fevereiro no M\u00e9xico. A inaugura\u00e7\u00e3o ser\u00e1 no dia 17 de junho, quarta-feira, com lan\u00e7amento virtual tamb\u00e9m nas redes sociais da Gravura Galeria de Arte.\u00a0 A visita\u00e7\u00e3o, com acesso limitado, vai at\u00e9\u2026","rel":"","context":"Em &quot;Cultura-MAT\u00c9RIA&quot;","block_context":{"text":"Cultura-MAT\u00c9RIA","link":"https:\/\/www.jornalja.com.br\/cultura\/category\/materiasecundaria\/"},"img":{"alt_text":"","src":"https:\/\/i0.wp.com\/www.jornalja.com.br\/cultura\/wp-content\/uploads\/sites\/2\/2020\/06\/arte-clara-1-LisaRoos_0140_27112019-scaled.jpg?resize=350%2C200&ssl=1","width":350,"height":200,"srcset":"https:\/\/i0.wp.com\/www.jornalja.com.br\/cultura\/wp-content\/uploads\/sites\/2\/2020\/06\/arte-clara-1-LisaRoos_0140_27112019-scaled.jpg?resize=350%2C200&ssl=1 1x, https:\/\/i0.wp.com\/www.jornalja.com.br\/cultura\/wp-content\/uploads\/sites\/2\/2020\/06\/arte-clara-1-LisaRoos_0140_27112019-scaled.jpg?resize=525%2C300&ssl=1 1.5x, https:\/\/i0.wp.com\/www.jornalja.com.br\/cultura\/wp-content\/uploads\/sites\/2\/2020\/06\/arte-clara-1-LisaRoos_0140_27112019-scaled.jpg?resize=700%2C400&ssl=1 2x"},"classes":[]},{"id":81634,"url":"https:\/\/www.jornalja.com.br\/cultura\/quais-mulheres-exposicao-traz-a-diversidade-e-a-pluralidade-de-quatro-artistas-plasticas\/","url_meta":{"origin":86642,"position":3},"title":"Quais Mulheres?: exposi\u00e7\u00e3o traz a diversidade e a pluralidade de quatro artistas pl\u00e1sticas","author":"da Reda\u00e7\u00e3o","date":"2 de mar\u00e7o de 2020","format":false,"excerpt":"\u00a0 Quais Mulheres? Ser\u00e1 a exposi\u00e7\u00e3o da 2\u00aa Edi\u00e7\u00e3o do Projeto Expositivo Conex\u00f5es Contempor\u00e2neas no Aberto Caminho das Artes\u201d, que vai apresentar de 07 de mar\u00e7o a 25 de abril a diversidade e a pluralidade das mulheres na arte. Buscando conectar o p\u00fablico diretamente com artistas contempor\u00e2neos e suas produ\u00e7\u00f5es\u2026","rel":"","context":"Em &quot;Cultura-MAT\u00c9RIA&quot;","block_context":{"text":"Cultura-MAT\u00c9RIA","link":"https:\/\/www.jornalja.com.br\/cultura\/category\/materiasecundaria\/"},"img":{"alt_text":"","src":"https:\/\/i0.wp.com\/www.jornalja.com.br\/cultura\/wp-content\/uploads\/sites\/2\/2020\/03\/arte-exposi%C3%A7%C3%A3o-scaled.jpg?resize=350%2C200&ssl=1","width":350,"height":200,"srcset":"https:\/\/i0.wp.com\/www.jornalja.com.br\/cultura\/wp-content\/uploads\/sites\/2\/2020\/03\/arte-exposi%C3%A7%C3%A3o-scaled.jpg?resize=350%2C200&ssl=1 1x, https:\/\/i0.wp.com\/www.jornalja.com.br\/cultura\/wp-content\/uploads\/sites\/2\/2020\/03\/arte-exposi%C3%A7%C3%A3o-scaled.jpg?resize=525%2C300&ssl=1 1.5x, https:\/\/i0.wp.com\/www.jornalja.com.br\/cultura\/wp-content\/uploads\/sites\/2\/2020\/03\/arte-exposi%C3%A7%C3%A3o-scaled.jpg?resize=700%2C400&ssl=1 2x, https:\/\/i0.wp.com\/www.jornalja.com.br\/cultura\/wp-content\/uploads\/sites\/2\/2020\/03\/arte-exposi%C3%A7%C3%A3o-scaled.jpg?resize=1050%2C600&ssl=1 3x, https:\/\/i0.wp.com\/www.jornalja.com.br\/cultura\/wp-content\/uploads\/sites\/2\/2020\/03\/arte-exposi%C3%A7%C3%A3o-scaled.jpg?resize=1400%2C800&ssl=1 4x"},"classes":[]},{"id":89642,"url":"https:\/\/www.jornalja.com.br\/cultura\/retomada-de-mostras-na-delphus-galeria-de-arte-revertera-venda-de-obra-ao-sos-rs\/","url_meta":{"origin":86642,"position":4},"title":"Retomada de mostras na Delphus Galeria de Arte reverter\u00e1 venda de obra ao SOS RS","author":"da Reda\u00e7\u00e3o","date":"1 de julho de 2024","format":false,"excerpt":"A Delphus Galeria de Arte e Molduras, que deixou de realizar exposi\u00e7\u00f5es durante os meses de maio e junho, em raz\u00e3o das enchentes que atingiram o estado, retomar\u00e1 o calend\u00e1rio de mostras a partir desta segunda-feira, 1\u00ba dia de julho. Durante todo o m\u00eas, estar\u00e1 em cartaz na Delphus a\u2026","rel":"","context":"Em &quot;Cultura-MAT\u00c9RIA&quot;","block_context":{"text":"Cultura-MAT\u00c9RIA","link":"https:\/\/www.jornalja.com.br\/cultura\/category\/materiasecundaria\/"},"img":{"alt_text":"","src":"https:\/\/i0.wp.com\/www.jornalja.com.br\/cultura\/wp-content\/uploads\/sites\/2\/2024\/07\/mad-100-60x60-1.jpg?resize=350%2C200&ssl=1","width":350,"height":200,"srcset":"https:\/\/i0.wp.com\/www.jornalja.com.br\/cultura\/wp-content\/uploads\/sites\/2\/2024\/07\/mad-100-60x60-1.jpg?resize=350%2C200&ssl=1 1x, https:\/\/i0.wp.com\/www.jornalja.com.br\/cultura\/wp-content\/uploads\/sites\/2\/2024\/07\/mad-100-60x60-1.jpg?resize=525%2C300&ssl=1 1.5x, https:\/\/i0.wp.com\/www.jornalja.com.br\/cultura\/wp-content\/uploads\/sites\/2\/2024\/07\/mad-100-60x60-1.jpg?resize=700%2C400&ssl=1 2x, https:\/\/i0.wp.com\/www.jornalja.com.br\/cultura\/wp-content\/uploads\/sites\/2\/2024\/07\/mad-100-60x60-1.jpg?resize=1050%2C600&ssl=1 3x, https:\/\/i0.wp.com\/www.jornalja.com.br\/cultura\/wp-content\/uploads\/sites\/2\/2024\/07\/mad-100-60x60-1.jpg?resize=1400%2C800&ssl=1 4x"},"classes":[]},{"id":86946,"url":"https:\/\/www.jornalja.com.br\/cultura\/integrando-a-feira-do-livro-clarice-lispector-na-pintura-de-graca-craidy\/","url_meta":{"origin":86642,"position":5},"title":"Integrando  a Feira do Livro, Clarice Lispector na pintura de Gra\u00e7a Craidy","author":"da Reda\u00e7\u00e3o","date":"26 de outubro de 2022","format":false,"excerpt":"\u00a0 Este ano Clarice Lispector n\u00e3o estar\u00e1 apenas nas bancas da Feira do Livro de Porto Alegre com seus muitos t\u00edtulos de sucesso. A 68\u00aa edi\u00e7\u00e3o do evento livreiro tamb\u00e9m homenageia a escritora com uma exposi\u00e7\u00e3o no Espa\u00e7o Cultural Correios, cont\u00edguo \u00e0 Pra\u00e7a da Alf\u00e2ndega.\u00a0Clarices\u00a0apresenta 33 retratos da escritora pintados\u2026","rel":"","context":"Em &quot;Cultura-MAT\u00c9RIA&quot;","block_context":{"text":"Cultura-MAT\u00c9RIA","link":"https:\/\/www.jornalja.com.br\/cultura\/category\/materiasecundaria\/"},"img":{"alt_text":"","src":"https:\/\/i0.wp.com\/www.jornalja.com.br\/cultura\/wp-content\/uploads\/sites\/2\/2022\/10\/clara-7-clarice-mais-velha.png?resize=350%2C200&ssl=1","width":350,"height":200,"srcset":"https:\/\/i0.wp.com\/www.jornalja.com.br\/cultura\/wp-content\/uploads\/sites\/2\/2022\/10\/clara-7-clarice-mais-velha.png?resize=350%2C200&ssl=1 1x, https:\/\/i0.wp.com\/www.jornalja.com.br\/cultura\/wp-content\/uploads\/sites\/2\/2022\/10\/clara-7-clarice-mais-velha.png?resize=525%2C300&ssl=1 1.5x, https:\/\/i0.wp.com\/www.jornalja.com.br\/cultura\/wp-content\/uploads\/sites\/2\/2022\/10\/clara-7-clarice-mais-velha.png?resize=700%2C400&ssl=1 2x, https:\/\/i0.wp.com\/www.jornalja.com.br\/cultura\/wp-content\/uploads\/sites\/2\/2022\/10\/clara-7-clarice-mais-velha.png?resize=1050%2C600&ssl=1 3x, https:\/\/i0.wp.com\/www.jornalja.com.br\/cultura\/wp-content\/uploads\/sites\/2\/2022\/10\/clara-7-clarice-mais-velha.png?resize=1400%2C800&ssl=1 4x"},"classes":[]}],"jetpack_shortlink":"https:\/\/wp.me\/pbKnZc-mxs","jetpack_sharing_enabled":true,"_links":{"self":[{"href":"https:\/\/www.jornalja.com.br\/cultura\/wp-json\/wp\/v2\/posts\/86642","targetHints":{"allow":["GET"]}}],"collection":[{"href":"https:\/\/www.jornalja.com.br\/cultura\/wp-json\/wp\/v2\/posts"}],"about":[{"href":"https:\/\/www.jornalja.com.br\/cultura\/wp-json\/wp\/v2\/types\/post"}],"author":[{"embeddable":true,"href":"https:\/\/www.jornalja.com.br\/cultura\/wp-json\/wp\/v2\/users\/4"}],"replies":[{"embeddable":true,"href":"https:\/\/www.jornalja.com.br\/cultura\/wp-json\/wp\/v2\/comments?post=86642"}],"version-history":[{"count":5,"href":"https:\/\/www.jornalja.com.br\/cultura\/wp-json\/wp\/v2\/posts\/86642\/revisions"}],"predecessor-version":[{"id":86657,"href":"https:\/\/www.jornalja.com.br\/cultura\/wp-json\/wp\/v2\/posts\/86642\/revisions\/86657"}],"wp:featuredmedia":[{"embeddable":true,"href":"https:\/\/www.jornalja.com.br\/cultura\/wp-json\/wp\/v2\/media\/86644"}],"wp:attachment":[{"href":"https:\/\/www.jornalja.com.br\/cultura\/wp-json\/wp\/v2\/media?parent=86642"}],"wp:term":[{"taxonomy":"category","embeddable":true,"href":"https:\/\/www.jornalja.com.br\/cultura\/wp-json\/wp\/v2\/categories?post=86642"},{"taxonomy":"post_tag","embeddable":true,"href":"https:\/\/www.jornalja.com.br\/cultura\/wp-json\/wp\/v2\/tags?post=86642"}],"curies":[{"name":"wp","href":"https:\/\/api.w.org\/{rel}","templated":true}]}}