{"id":88231,"date":"2023-08-03T12:10:05","date_gmt":"2023-08-03T15:10:05","guid":{"rendered":"https:\/\/www.jornalja.com.br\/cultura\/?p=88231"},"modified":"2023-08-03T12:10:05","modified_gmt":"2023-08-03T15:10:05","slug":"musical-aladdin-faz-temporada-em-agosto-no-teatro-do-museu-do-trabalho","status":"publish","type":"post","link":"https:\/\/www.jornalja.com.br\/cultura\/musical-aladdin-faz-temporada-em-agosto-no-teatro-do-museu-do-trabalho\/","title":{"rendered":"Musical &#8220;Aladdin&#8221; faz temporada em agosto no Teatro do Museu do Trabalho."},"content":{"rendered":"<p style=\"font-weight: 400\">O musical infantil que agrada crian\u00e7as, adolescentes e adultos faz temporada em agosto na capital. Com n\u00fameros musicais, dan\u00e7as, figurinos deslumbrantes e muita magia, o espet\u00e1culo Aladdin,\u00a0da Cia. Ronald Radde, \u00a0estar\u00e1 em cartaz nos dias 6, 13, 20 e 27 de agosto, \u00e0s 17h, no\u00a0Teatro do Museu do Trabalho\u00a0(Rua dos Andradas, 230, Centro Hist\u00f3rico). Os ingressos custam R$ 60,00 e podem ser adquiridos na plataforma Sympla (<a href=\"https:\/\/www.sympla.com.br\/evento\/espetaculo-teatral-aladdin-agosto-de-2023\/2096222\" data-saferedirecturl=\"https:\/\/www.google.com\/url?q=https:\/\/www.sympla.com.br\/evento\/espetaculo-teatral-aladdin-agosto-de-2023\/2096222&amp;source=gmail&amp;ust=1691160775674000&amp;usg=AOvVaw0g0AvhdjiWJSdm-aUiPh98\">https:\/\/www.sympla.com.br\/evento\/espetaculo-teatral-aladdin-agosto-de-2023\/2096222<\/a>) \u00a0ou uma hora antes na bilheteria do teatro.<\/p>\n<figure id=\"attachment_88236\" aria-describedby=\"caption-attachment-88236\" style=\"width: 225px\" class=\"wp-caption alignnone\"><img loading=\"lazy\" decoding=\"async\" data-attachment-id=\"88236\" data-permalink=\"https:\/\/www.jornalja.com.br\/cultura\/musical-aladdin-faz-temporada-em-agosto-no-teatro-do-museu-do-trabalho\/aladim-foto-08-adriano-jafar\/\" data-orig-file=\"https:\/\/www.jornalja.com.br\/cultura\/wp-content\/uploads\/sites\/2\/2023\/08\/aladim-foto-08-adriano-jafar.jpg\" data-orig-size=\"1200,1600\" data-comments-opened=\"0\" data-image-meta=\"{&quot;aperture&quot;:&quot;0&quot;,&quot;credit&quot;:&quot;&quot;,&quot;camera&quot;:&quot;&quot;,&quot;caption&quot;:&quot;&quot;,&quot;created_timestamp&quot;:&quot;0&quot;,&quot;copyright&quot;:&quot;&quot;,&quot;focal_length&quot;:&quot;0&quot;,&quot;iso&quot;:&quot;0&quot;,&quot;shutter_speed&quot;:&quot;0&quot;,&quot;title&quot;:&quot;&quot;,&quot;orientation&quot;:&quot;0&quot;}\" data-image-title=\"ALADIM Foto 08 &amp;#8211; Adriano &amp;#8211; Jafar\" data-image-description=\"\" data-image-caption=\"&lt;p&gt;Foto: Adriano Cescani\/ Divulga\u00e7\u00e3o&lt;\/p&gt;\n\" data-large-file=\"https:\/\/www.jornalja.com.br\/cultura\/wp-content\/uploads\/sites\/2\/2023\/08\/aladim-foto-08-adriano-jafar-768x1024.jpg\" class=\"size-medium wp-image-88236\" src=\"https:\/\/www.jornalja.com.br\/cultura\/wp-content\/uploads\/sites\/2\/2023\/08\/aladim-foto-08-adriano-jafar-225x300.jpg\" alt=\"\" width=\"225\" height=\"300\" srcset=\"https:\/\/www.jornalja.com.br\/cultura\/wp-content\/uploads\/sites\/2\/2023\/08\/aladim-foto-08-adriano-jafar-225x300.jpg 225w, https:\/\/www.jornalja.com.br\/cultura\/wp-content\/uploads\/sites\/2\/2023\/08\/aladim-foto-08-adriano-jafar-768x1024.jpg 768w, https:\/\/www.jornalja.com.br\/cultura\/wp-content\/uploads\/sites\/2\/2023\/08\/aladim-foto-08-adriano-jafar-1152x1536.jpg 1152w, https:\/\/www.jornalja.com.br\/cultura\/wp-content\/uploads\/sites\/2\/2023\/08\/aladim-foto-08-adriano-jafar.jpg 1200w\" sizes=\"auto, (max-width: 225px) 100vw, 225px\" \/><figcaption id=\"caption-attachment-88236\" class=\"wp-caption-text\">Foto: Adriano Cescani\/ Divulga\u00e7\u00e3o<\/figcaption><\/figure>\n<p style=\"font-weight: 400\">Apresentada pela primeira vez ao p\u00fablico em 2022, a hist\u00f3ria de Aladdin, dirigida por Karen Radde, foi adaptada em um musical de uma hora de dura\u00e7\u00e3o com can\u00e7\u00f5es autorais, compostas por\u00a0Jennifer Franco e\u00a0Thomas Picinini,\u00a0coreografias pensadas pelo bailarino e core\u00f3grafo\u00a0Mauricio Miranda,\u00a0figurinos coloridos, assinados pelo renomado estilista e figurinista Daniel Lion, cen\u00e1rios criados por Diane Sbardelotto e efeitos especiais, que fazem personagens voar em cena.\u00a0 No elenco, Vinicius Mello (Aladdin), Jennifer Franco (Princesa Jasmin), Evandro Soldatelli (G\u00eanio),\u00a0Daiane Oliveira (Abu), Adriano Cescani (Jafar), Vinicius Petry (Sult\u00e3o) e\u00a0Yuri Niederaurer (Guarda Rachid e Tapete).<\/p>\n<figure id=\"attachment_88234\" aria-describedby=\"caption-attachment-88234\" style=\"width: 225px\" class=\"wp-caption alignnone\"><img loading=\"lazy\" decoding=\"async\" data-attachment-id=\"88234\" data-permalink=\"https:\/\/www.jornalja.com.br\/cultura\/musical-aladdin-faz-temporada-em-agosto-no-teatro-do-museu-do-trabalho\/aladim-foto-03-aladdin-credito-c2-comunica\/\" data-orig-file=\"https:\/\/www.jornalja.com.br\/cultura\/wp-content\/uploads\/sites\/2\/2023\/08\/aladim-foto-03-aladdin-credito-c2-comunica.jpg\" data-orig-size=\"960,1280\" data-comments-opened=\"0\" data-image-meta=\"{&quot;aperture&quot;:&quot;0&quot;,&quot;credit&quot;:&quot;&quot;,&quot;camera&quot;:&quot;&quot;,&quot;caption&quot;:&quot;&quot;,&quot;created_timestamp&quot;:&quot;0&quot;,&quot;copyright&quot;:&quot;&quot;,&quot;focal_length&quot;:&quot;0&quot;,&quot;iso&quot;:&quot;0&quot;,&quot;shutter_speed&quot;:&quot;0&quot;,&quot;title&quot;:&quot;&quot;,&quot;orientation&quot;:&quot;0&quot;}\" data-image-title=\"ALADIM Foto 03 Aladdin &amp;#8211; cr\u00e9dito C2 Comunica\" data-image-description=\"\" data-image-caption=\"&lt;p&gt;Fptp: C2 Comunica\/Divulga\u00e7\u00e3o&lt;\/p&gt;\n\" data-large-file=\"https:\/\/www.jornalja.com.br\/cultura\/wp-content\/uploads\/sites\/2\/2023\/08\/aladim-foto-03-aladdin-credito-c2-comunica-768x1024.jpg\" class=\"size-medium wp-image-88234\" src=\"https:\/\/www.jornalja.com.br\/cultura\/wp-content\/uploads\/sites\/2\/2023\/08\/aladim-foto-03-aladdin-credito-c2-comunica-225x300.jpg\" alt=\"\" width=\"225\" height=\"300\" srcset=\"https:\/\/www.jornalja.com.br\/cultura\/wp-content\/uploads\/sites\/2\/2023\/08\/aladim-foto-03-aladdin-credito-c2-comunica-225x300.jpg 225w, https:\/\/www.jornalja.com.br\/cultura\/wp-content\/uploads\/sites\/2\/2023\/08\/aladim-foto-03-aladdin-credito-c2-comunica-768x1024.jpg 768w, https:\/\/www.jornalja.com.br\/cultura\/wp-content\/uploads\/sites\/2\/2023\/08\/aladim-foto-03-aladdin-credito-c2-comunica.jpg 960w\" sizes=\"auto, (max-width: 225px) 100vw, 225px\" \/><figcaption id=\"caption-attachment-88234\" class=\"wp-caption-text\">Fptp: C2 Comunica\/Divulga\u00e7\u00e3o<\/figcaption><\/figure>\n<p style=\"font-weight: 400\">No cl\u00e1ssico, um jovem pobre descobre uma l\u00e2mpada m\u00e1gica com um g\u00eanio que pode lhe conceder desejos. Agora o rapaz quer conquistar a mo\u00e7a por quem se apaixonou, mas o que ele n\u00e3o sabe \u00e9 que a jovem \u00e9 uma princesa. Agora, com a ajuda do g\u00eanio, ele tenta se passar por um pr\u00edncipe para conquistar o amor da mo\u00e7a e a confian\u00e7a de seu pai.<\/p>\n<figure id=\"attachment_88235\" aria-describedby=\"caption-attachment-88235\" style=\"width: 225px\" class=\"wp-caption alignnone\"><img loading=\"lazy\" decoding=\"async\" data-attachment-id=\"88235\" data-permalink=\"https:\/\/www.jornalja.com.br\/cultura\/musical-aladdin-faz-temporada-em-agosto-no-teatro-do-museu-do-trabalho\/aladim-foto-07-adriano-jafar\/\" data-orig-file=\"https:\/\/www.jornalja.com.br\/cultura\/wp-content\/uploads\/sites\/2\/2023\/08\/aladim-foto-07-adriano-jafar.jpg\" data-orig-size=\"960,1280\" data-comments-opened=\"0\" data-image-meta=\"{&quot;aperture&quot;:&quot;0&quot;,&quot;credit&quot;:&quot;&quot;,&quot;camera&quot;:&quot;&quot;,&quot;caption&quot;:&quot;&quot;,&quot;created_timestamp&quot;:&quot;0&quot;,&quot;copyright&quot;:&quot;&quot;,&quot;focal_length&quot;:&quot;0&quot;,&quot;iso&quot;:&quot;0&quot;,&quot;shutter_speed&quot;:&quot;0&quot;,&quot;title&quot;:&quot;&quot;,&quot;orientation&quot;:&quot;0&quot;}\" data-image-title=\"ALADIM Foto 07 &amp;#8211; Adriano &amp;#8211; Jafar\" data-image-description=\"\" data-image-caption=\"&lt;p&gt;Foto: Adriano Cescani\/Divulga\u00e7\u00e3o&lt;\/p&gt;\n\" data-large-file=\"https:\/\/www.jornalja.com.br\/cultura\/wp-content\/uploads\/sites\/2\/2023\/08\/aladim-foto-07-adriano-jafar-768x1024.jpg\" class=\"size-medium wp-image-88235\" src=\"https:\/\/www.jornalja.com.br\/cultura\/wp-content\/uploads\/sites\/2\/2023\/08\/aladim-foto-07-adriano-jafar-225x300.jpg\" alt=\"\" width=\"225\" height=\"300\" srcset=\"https:\/\/www.jornalja.com.br\/cultura\/wp-content\/uploads\/sites\/2\/2023\/08\/aladim-foto-07-adriano-jafar-225x300.jpg 225w, https:\/\/www.jornalja.com.br\/cultura\/wp-content\/uploads\/sites\/2\/2023\/08\/aladim-foto-07-adriano-jafar-768x1024.jpg 768w, https:\/\/www.jornalja.com.br\/cultura\/wp-content\/uploads\/sites\/2\/2023\/08\/aladim-foto-07-adriano-jafar.jpg 960w\" sizes=\"auto, (max-width: 225px) 100vw, 225px\" \/><figcaption id=\"caption-attachment-88235\" class=\"wp-caption-text\">Foto: Adriano Cescani\/Divulga\u00e7\u00e3o<\/figcaption><\/figure>\n<p>FICHA T\u00c9CNICA<\/p>\n<p>Dire\u00e7\u00e3o &#8211; Karen Radde<\/p>\n<p>Figurinos &#8211; Daniel Lion<\/p>\n<p>Composi\u00e7\u00f5es e Trilha Sonora &#8211; Thomas Picinini e Jennifer Franco<\/p>\n<p>Coreografias &#8211; Mauricio Miranda<\/p>\n<p>Cenografia &#8211; \u00a0Diane Sbardelotto e Vinicius Mello<\/p>\n<p>Artista Gr\u00e1fico &#8211; Daniel Anillo<\/p>\n<p>Produ\u00e7\u00e3o &#8211; Cia Ronald Radde<\/p>\n<p>Produ\u00e7\u00e3o Executiva &#8211; Vinicius Mello<\/p>\n<p>Maquiagem: Renata Bregagnol<\/p>\n<p>Fotografia: Rog\u00e9rio Fernandes<\/p>\n<p>Assessoria de Imprensa: Adriano Cescani<\/p>\n<p><strong>SERVI\u00c7O<\/strong><\/p>\n<p>O QUE:\u00a0ALADDIN<\/p>\n<p>DATA:\u00a0 6, 13, 20 e 27 de agosto<\/p>\n<p>HOR\u00c1RIO:\u00a0 17h<\/p>\n<p>LOCAL:\u00a0\u00a0Teatro do Museu do Trabalho\u00a0(Rua dos Andradas, 230, Centro Hist\u00f3rico)<\/p>\n<p>Informa\u00e7\u00f5es:\u00a051.9107-2473\/51.93288796<\/p>\n<figure id=\"attachment_88233\" aria-describedby=\"caption-attachment-88233\" style=\"width: 225px\" class=\"wp-caption alignnone\"><img loading=\"lazy\" decoding=\"async\" data-attachment-id=\"88233\" data-permalink=\"https:\/\/www.jornalja.com.br\/cultura\/musical-aladdin-faz-temporada-em-agosto-no-teatro-do-museu-do-trabalho\/aladim-foto-03-credito-c2-comunica\/\" data-orig-file=\"https:\/\/www.jornalja.com.br\/cultura\/wp-content\/uploads\/sites\/2\/2023\/08\/aladim-foto-03-credito-c2-comunica.jpg\" data-orig-size=\"867,1156\" data-comments-opened=\"0\" data-image-meta=\"{&quot;aperture&quot;:&quot;0&quot;,&quot;credit&quot;:&quot;&quot;,&quot;camera&quot;:&quot;&quot;,&quot;caption&quot;:&quot;&quot;,&quot;created_timestamp&quot;:&quot;0&quot;,&quot;copyright&quot;:&quot;&quot;,&quot;focal_length&quot;:&quot;0&quot;,&quot;iso&quot;:&quot;0&quot;,&quot;shutter_speed&quot;:&quot;0&quot;,&quot;title&quot;:&quot;&quot;,&quot;orientation&quot;:&quot;0&quot;}\" data-image-title=\"ALADIM Foto 03 &amp;#8211; cr\u00e9dito C2 Comunica\" data-image-description=\"\" data-image-caption=\"&lt;p&gt;Foto: C2 Comunica\/ Divulga\u00e7\u00e3o&lt;\/p&gt;\n\" data-large-file=\"https:\/\/www.jornalja.com.br\/cultura\/wp-content\/uploads\/sites\/2\/2023\/08\/aladim-foto-03-credito-c2-comunica-768x1024.jpg\" class=\"size-medium wp-image-88233\" src=\"https:\/\/www.jornalja.com.br\/cultura\/wp-content\/uploads\/sites\/2\/2023\/08\/aladim-foto-03-credito-c2-comunica-225x300.jpg\" alt=\"\" width=\"225\" height=\"300\" srcset=\"https:\/\/www.jornalja.com.br\/cultura\/wp-content\/uploads\/sites\/2\/2023\/08\/aladim-foto-03-credito-c2-comunica-225x300.jpg 225w, https:\/\/www.jornalja.com.br\/cultura\/wp-content\/uploads\/sites\/2\/2023\/08\/aladim-foto-03-credito-c2-comunica-768x1024.jpg 768w, https:\/\/www.jornalja.com.br\/cultura\/wp-content\/uploads\/sites\/2\/2023\/08\/aladim-foto-03-credito-c2-comunica.jpg 867w\" sizes=\"auto, (max-width: 225px) 100vw, 225px\" \/><figcaption id=\"caption-attachment-88233\" class=\"wp-caption-text\">Foto: C2 Comunica\/ Divulga\u00e7\u00e3o<\/figcaption><\/figure>\n<p>INGRESSOS:<\/p>\n<p>Valor: R$ 60,00<\/p>\n<p>&#8211; SYMPLA:\u00a0<a href=\"https:\/\/www.sympla.com.br\/evento\/espetaculo-teatral-aladdin-agosto-de-2023\/2096222\" data-saferedirecturl=\"https:\/\/www.google.com\/url?q=https:\/\/www.sympla.com.br\/evento\/espetaculo-teatral-aladdin-agosto-de-2023\/2096222&amp;source=gmail&amp;ust=1691160775674000&amp;usg=AOvVaw0g0AvhdjiWJSdm-aUiPh98\">https:\/\/www.sympla.com.br\/evento\/espetaculo-teatral-aladdin-agosto-de-2023\/2096222<\/a><\/p>\n<p>&#8211; No teatro, ponto de venda f\u00edsica: apenas 1h antes do evento<\/p>\n<p>&nbsp;<\/p>\n","protected":false},"excerpt":{"rendered":"<p>O musical infantil que agrada crian\u00e7as, adolescentes e adultos faz temporada em agosto na capital. Com n\u00fameros musicais, dan\u00e7as, figurinos deslumbrantes e muita magia, o espet\u00e1culo Aladdin,\u00a0da Cia. Ronald Radde, \u00a0estar\u00e1 em cartaz nos dias 6, 13, 20 e 27 de agosto, \u00e0s 17h, no\u00a0Teatro do Museu do Trabalho\u00a0(Rua dos Andradas, 230, Centro Hist\u00f3rico). Os [&hellip;]<\/p>\n","protected":false},"author":4,"featured_media":88237,"comment_status":"closed","ping_status":"open","sticky":false,"template":"","format":"standard","meta":{"_jetpack_newsletter_access":"","_jetpack_dont_email_post_to_subs":false,"_jetpack_newsletter_tier_id":0,"_jetpack_memberships_contains_paywalled_content":false,"_jetpack_feature_clip_id":0,"_jetpack_memberships_contains_paid_content":false,"footnotes":"","jetpack_publicize_message":"","jetpack_publicize_feature_enabled":true,"jetpack_social_post_already_shared":true,"jetpack_social_options":{"image_generator_settings":{"template":"highway","default_image_id":0,"font":"","enabled":false},"version":2},"jetpack_post_was_ever_published":false},"categories":[2],"tags":[],"class_list":["post-88231","post","type-post","status-publish","format-standard","has-post-thumbnail","hentry","category-materiasecundaria"],"aioseo_notices":[],"aioseo_head":"\n\t\t<!-- All in One SEO 5.0.1.1 - aioseo.com -->\n\t<meta name=\"description\" content=\"O musical infantil que agrada crian\u00e7as, adolescentes e adultos faz temporada em agosto na capital. Com n\u00fameros musicais, dan\u00e7as, figurinos deslumbrantes e muita magia, o espet\u00e1culo Aladdin, da Cia. Ronald Radde, estar\u00e1 em cartaz nos dias 6, 13, 20 e 27 de agosto, \u00e0s 17h, no Teatro do Museu do Trabalho (Rua dos Andradas, 230, Centro Hist\u00f3rico). Os\" \/>\n\t<meta name=\"robots\" content=\"max-image-preview:large\" \/>\n\t<meta name=\"author\" content=\"da Reda\u00e7\u00e3o\"\/>\n\t<link rel=\"canonical\" href=\"https:\/\/www.jornalja.com.br\/cultura\/musical-aladdin-faz-temporada-em-agosto-no-teatro-do-museu-do-trabalho\/\" \/>\n\t<meta name=\"generator\" content=\"All in One SEO (AIOSEO) 5.0.1.1\" \/>\n\t\t<meta property=\"og:locale\" content=\"pt_BR\" \/>\n\t\t<meta property=\"og:site_name\" content=\"Cultura\" \/>\n\t\t<meta property=\"og:type\" content=\"article\" \/>\n\t\t<meta property=\"og:title\" content=\"Musical \u201cAladdin\u201d faz temporada em agosto no Teatro do Museu do Trabalho. | Cultura\" \/>\n\t\t<meta property=\"og:description\" content=\"O musical infantil que agrada crian\u00e7as, adolescentes e adultos faz temporada em agosto na capital. Com n\u00fameros musicais, dan\u00e7as, figurinos deslumbrantes e muita magia, o espet\u00e1culo Aladdin, da Cia. Ronald Radde, estar\u00e1 em cartaz nos dias 6, 13, 20 e 27 de agosto, \u00e0s 17h, no Teatro do Museu do Trabalho (Rua dos Andradas, 230, Centro Hist\u00f3rico). Os\" \/>\n\t\t<meta property=\"og:url\" content=\"https:\/\/www.jornalja.com.br\/cultura\/musical-aladdin-faz-temporada-em-agosto-no-teatro-do-museu-do-trabalho\/\" \/>\n\t\t<meta property=\"og:image\" content=\"https:\/\/www.jornalja.com.br\/cultura\/wp-content\/uploads\/sites\/2\/2023\/08\/aladim-foto-08-adriano-jafar.jpg\" \/>\n\t\t<meta property=\"og:image:secure_url\" content=\"https:\/\/www.jornalja.com.br\/cultura\/wp-content\/uploads\/sites\/2\/2023\/08\/aladim-foto-08-adriano-jafar.jpg\" \/>\n\t\t<meta property=\"og:image:width\" content=\"1200\" \/>\n\t\t<meta property=\"og:image:height\" content=\"1600\" \/>\n\t\t<meta property=\"article:published_time\" content=\"2023-08-03T15:10:05+00:00\" \/>\n\t\t<meta property=\"article:modified_time\" content=\"2023-08-03T15:10:05+00:00\" \/>\n\t\t<meta property=\"article:publisher\" content=\"https:\/\/www.facebook.com\/jornaljanaweb\" \/>\n\t\t<meta name=\"twitter:card\" content=\"summary\" \/>\n\t\t<meta name=\"twitter:site\" content=\"@jornal_ja\" \/>\n\t\t<meta name=\"twitter:title\" content=\"Musical \u201cAladdin\u201d faz temporada em agosto no Teatro do Museu do Trabalho. | Cultura\" \/>\n\t\t<meta name=\"twitter:description\" content=\"O musical infantil que agrada crian\u00e7as, adolescentes e adultos faz temporada em agosto na capital. Com n\u00fameros musicais, dan\u00e7as, figurinos deslumbrantes e muita magia, o espet\u00e1culo Aladdin, da Cia. Ronald Radde, estar\u00e1 em cartaz nos dias 6, 13, 20 e 27 de agosto, \u00e0s 17h, no Teatro do Museu do Trabalho (Rua dos Andradas, 230, Centro Hist\u00f3rico). Os\" \/>\n\t\t<meta name=\"twitter:image\" content=\"https:\/\/www.jornalja.com.br\/cultura\/wp-content\/uploads\/sites\/2\/2023\/08\/aladim-foto-08-adriano-jafar.jpg\" \/>\n\t\t<script type=\"application\/ld+json\" class=\"aioseo-schema\">\n\t\t\t{\"@context\":\"https:\\\/\\\/schema.org\",\"@graph\":[{\"@type\":\"Article\",\"@id\":\"https:\\\/\\\/www.jornalja.com.br\\\/cultura\\\/musical-aladdin-faz-temporada-em-agosto-no-teatro-do-museu-do-trabalho\\\/#article\",\"name\":\"Musical \\u201cAladdin\\u201d faz temporada em agosto no Teatro do Museu do Trabalho. | Cultura\",\"headline\":\"Musical &#8220;Aladdin&#8221; faz temporada em agosto no Teatro do Museu do Trabalho.\",\"author\":{\"@id\":\"https:\\\/\\\/www.jornalja.com.br\\\/cultura\\\/author\\\/daredacao\\\/#author\"},\"publisher\":{\"@id\":\"https:\\\/\\\/www.jornalja.com.br\\\/cultura\\\/#organization\"},\"image\":{\"@type\":\"ImageObject\",\"url\":\"https:\\\/\\\/www.jornalja.com.br\\\/cultura\\\/wp-content\\\/uploads\\\/sites\\\/2\\\/2023\\\/08\\\/aladim-rogerio-fernandes.jpg\",\"width\":2048,\"height\":1365,\"caption\":\"Foto Rog\\u00e9rio Fernandes\\\/ Divulga\\u00e7\\u00e3o\"},\"datePublished\":\"2023-08-03T12:10:05-03:00\",\"dateModified\":\"2023-08-03T12:10:05-03:00\",\"inLanguage\":\"pt-BR\",\"mainEntityOfPage\":{\"@id\":\"https:\\\/\\\/www.jornalja.com.br\\\/cultura\\\/musical-aladdin-faz-temporada-em-agosto-no-teatro-do-museu-do-trabalho\\\/#webpage\"},\"isPartOf\":{\"@id\":\"https:\\\/\\\/www.jornalja.com.br\\\/cultura\\\/musical-aladdin-faz-temporada-em-agosto-no-teatro-do-museu-do-trabalho\\\/#webpage\"},\"articleSection\":\"Cultura-MAT\\u00c9RIA\"},{\"@type\":\"BreadcrumbList\",\"@id\":\"https:\\\/\\\/www.jornalja.com.br\\\/cultura\\\/musical-aladdin-faz-temporada-em-agosto-no-teatro-do-museu-do-trabalho\\\/#breadcrumblist\",\"itemListElement\":[{\"@type\":\"ListItem\",\"@id\":\"https:\\\/\\\/www.jornalja.com.br\\\/cultura#listItem\",\"position\":1,\"name\":\"Home\",\"item\":\"https:\\\/\\\/www.jornalja.com.br\\\/cultura\",\"nextItem\":{\"@type\":\"ListItem\",\"@id\":\"https:\\\/\\\/www.jornalja.com.br\\\/cultura\\\/category\\\/materiasecundaria\\\/#listItem\",\"name\":\"Cultura-MAT\\u00c9RIA\"}},{\"@type\":\"ListItem\",\"@id\":\"https:\\\/\\\/www.jornalja.com.br\\\/cultura\\\/category\\\/materiasecundaria\\\/#listItem\",\"position\":2,\"name\":\"Cultura-MAT\\u00c9RIA\",\"item\":\"https:\\\/\\\/www.jornalja.com.br\\\/cultura\\\/category\\\/materiasecundaria\\\/\",\"nextItem\":{\"@type\":\"ListItem\",\"@id\":\"https:\\\/\\\/www.jornalja.com.br\\\/cultura\\\/musical-aladdin-faz-temporada-em-agosto-no-teatro-do-museu-do-trabalho\\\/#listItem\",\"name\":\"Musical &#8220;Aladdin&#8221; faz temporada em agosto no Teatro do Museu do Trabalho.\"},\"previousItem\":{\"@type\":\"ListItem\",\"@id\":\"https:\\\/\\\/www.jornalja.com.br\\\/cultura#listItem\",\"name\":\"Home\"}},{\"@type\":\"ListItem\",\"@id\":\"https:\\\/\\\/www.jornalja.com.br\\\/cultura\\\/musical-aladdin-faz-temporada-em-agosto-no-teatro-do-museu-do-trabalho\\\/#listItem\",\"position\":3,\"name\":\"Musical &#8220;Aladdin&#8221; faz temporada em agosto no Teatro do Museu do Trabalho.\",\"previousItem\":{\"@type\":\"ListItem\",\"@id\":\"https:\\\/\\\/www.jornalja.com.br\\\/cultura\\\/category\\\/materiasecundaria\\\/#listItem\",\"name\":\"Cultura-MAT\\u00c9RIA\"}}]},{\"@type\":\"Organization\",\"@id\":\"https:\\\/\\\/www.jornalja.com.br\\\/cultura\\\/#organization\",\"name\":\"Jornal J\\u00c1 Editora\",\"description\":\"Jornal J\\u00c1 | Porto Alegre\",\"url\":\"https:\\\/\\\/www.jornalja.com.br\\\/cultura\\\/\",\"telephone\":\"+555133307272\",\"logo\":{\"@type\":\"ImageObject\",\"url\":\"https:\\\/\\\/www.jornalja.com.br\\\/cultura\\\/wp-content\\\/uploads\\\/sites\\\/2\\\/2021\\\/05\\\/2020-logotipia-ja-35anos.jpg\",\"@id\":\"https:\\\/\\\/www.jornalja.com.br\\\/cultura\\\/musical-aladdin-faz-temporada-em-agosto-no-teatro-do-museu-do-trabalho\\\/#organizationLogo\",\"width\":1067,\"height\":800},\"image\":{\"@id\":\"https:\\\/\\\/www.jornalja.com.br\\\/cultura\\\/musical-aladdin-faz-temporada-em-agosto-no-teatro-do-museu-do-trabalho\\\/#organizationLogo\"},\"sameAs\":[\"https:\\\/\\\/www.instagram.com\\\/jornaljapoa\",\"https:\\\/\\\/www.youtube.com\\\/c\\\/JornalJ\"]},{\"@type\":\"Person\",\"@id\":\"https:\\\/\\\/www.jornalja.com.br\\\/cultura\\\/author\\\/daredacao\\\/#author\",\"url\":\"https:\\\/\\\/www.jornalja.com.br\\\/cultura\\\/author\\\/daredacao\\\/\",\"name\":\"da Reda\\u00e7\\u00e3o\",\"image\":{\"@type\":\"ImageObject\",\"@id\":\"https:\\\/\\\/www.jornalja.com.br\\\/cultura\\\/musical-aladdin-faz-temporada-em-agosto-no-teatro-do-museu-do-trabalho\\\/#authorImage\",\"url\":\"https:\\\/\\\/secure.gravatar.com\\\/avatar\\\/469fd857d6605ad19919d27ed29d35a968a25f6e8fd9318356bbb7f57aae9c65?s=96&d=mm&r=g\",\"width\":96,\"height\":96,\"caption\":\"da Reda\\u00e7\\u00e3o\"}},{\"@type\":\"WebPage\",\"@id\":\"https:\\\/\\\/www.jornalja.com.br\\\/cultura\\\/musical-aladdin-faz-temporada-em-agosto-no-teatro-do-museu-do-trabalho\\\/#webpage\",\"url\":\"https:\\\/\\\/www.jornalja.com.br\\\/cultura\\\/musical-aladdin-faz-temporada-em-agosto-no-teatro-do-museu-do-trabalho\\\/\",\"name\":\"Musical \\u201cAladdin\\u201d faz temporada em agosto no Teatro do Museu do Trabalho. | Cultura\",\"description\":\"O musical infantil que agrada crian\\u00e7as, adolescentes e adultos faz temporada em agosto na capital. Com n\\u00fameros musicais, dan\\u00e7as, figurinos deslumbrantes e muita magia, o espet\\u00e1culo Aladdin, da Cia. Ronald Radde, estar\\u00e1 em cartaz nos dias 6, 13, 20 e 27 de agosto, \\u00e0s 17h, no Teatro do Museu do Trabalho (Rua dos Andradas, 230, Centro Hist\\u00f3rico). Os\",\"inLanguage\":\"pt-BR\",\"isPartOf\":{\"@id\":\"https:\\\/\\\/www.jornalja.com.br\\\/cultura\\\/#website\"},\"breadcrumb\":{\"@id\":\"https:\\\/\\\/www.jornalja.com.br\\\/cultura\\\/musical-aladdin-faz-temporada-em-agosto-no-teatro-do-museu-do-trabalho\\\/#breadcrumblist\"},\"author\":{\"@id\":\"https:\\\/\\\/www.jornalja.com.br\\\/cultura\\\/author\\\/daredacao\\\/#author\"},\"creator\":{\"@id\":\"https:\\\/\\\/www.jornalja.com.br\\\/cultura\\\/author\\\/daredacao\\\/#author\"},\"image\":{\"@type\":\"ImageObject\",\"url\":\"https:\\\/\\\/www.jornalja.com.br\\\/cultura\\\/wp-content\\\/uploads\\\/sites\\\/2\\\/2023\\\/08\\\/aladim-rogerio-fernandes.jpg\",\"@id\":\"https:\\\/\\\/www.jornalja.com.br\\\/cultura\\\/musical-aladdin-faz-temporada-em-agosto-no-teatro-do-museu-do-trabalho\\\/#mainImage\",\"width\":2048,\"height\":1365,\"caption\":\"Foto Rog\\u00e9rio Fernandes\\\/ Divulga\\u00e7\\u00e3o\"},\"primaryImageOfPage\":{\"@id\":\"https:\\\/\\\/www.jornalja.com.br\\\/cultura\\\/musical-aladdin-faz-temporada-em-agosto-no-teatro-do-museu-do-trabalho\\\/#mainImage\"},\"datePublished\":\"2023-08-03T12:10:05-03:00\",\"dateModified\":\"2023-08-03T12:10:05-03:00\"},{\"@type\":\"WebSite\",\"@id\":\"https:\\\/\\\/www.jornalja.com.br\\\/cultura\\\/#website\",\"url\":\"https:\\\/\\\/www.jornalja.com.br\\\/cultura\\\/\",\"name\":\"Cultura\",\"description\":\"Jornal J\\u00c1 | Porto Alegre\",\"inLanguage\":\"pt-BR\",\"publisher\":{\"@id\":\"https:\\\/\\\/www.jornalja.com.br\\\/cultura\\\/#organization\"}}]}\n\t\t<\/script>\n\t\t<!-- All in One SEO -->\n\n","aioseo_head_json":{"title":"Musical \u201cAladdin\u201d faz temporada em agosto no Teatro do Museu do Trabalho. | Cultura","description":"O musical infantil que agrada crian\u00e7as, adolescentes e adultos faz temporada em agosto na capital. Com n\u00fameros musicais, dan\u00e7as, figurinos deslumbrantes e muita magia, o espet\u00e1culo Aladdin, da Cia. Ronald Radde, estar\u00e1 em cartaz nos dias 6, 13, 20 e 27 de agosto, \u00e0s 17h, no Teatro do Museu do Trabalho (Rua dos Andradas, 230, Centro Hist\u00f3rico). Os","canonical_url":"https:\/\/www.jornalja.com.br\/cultura\/musical-aladdin-faz-temporada-em-agosto-no-teatro-do-museu-do-trabalho\/","robots":"max-image-preview:large","keywords":"","webmasterTools":{"miscellaneous":""},"schema":{"@context":"https:\/\/schema.org","@graph":[{"@type":"Article","@id":"https:\/\/www.jornalja.com.br\/cultura\/musical-aladdin-faz-temporada-em-agosto-no-teatro-do-museu-do-trabalho\/#article","name":"Musical \u201cAladdin\u201d faz temporada em agosto no Teatro do Museu do Trabalho. | Cultura","headline":"Musical &#8220;Aladdin&#8221; faz temporada em agosto no Teatro do Museu do Trabalho.","author":{"@id":"https:\/\/www.jornalja.com.br\/cultura\/author\/daredacao\/#author"},"publisher":{"@id":"https:\/\/www.jornalja.com.br\/cultura\/#organization"},"image":{"@type":"ImageObject","url":"https:\/\/www.jornalja.com.br\/cultura\/wp-content\/uploads\/sites\/2\/2023\/08\/aladim-rogerio-fernandes.jpg","width":2048,"height":1365,"caption":"Foto Rog\u00e9rio Fernandes\/ Divulga\u00e7\u00e3o"},"datePublished":"2023-08-03T12:10:05-03:00","dateModified":"2023-08-03T12:10:05-03:00","inLanguage":"pt-BR","mainEntityOfPage":{"@id":"https:\/\/www.jornalja.com.br\/cultura\/musical-aladdin-faz-temporada-em-agosto-no-teatro-do-museu-do-trabalho\/#webpage"},"isPartOf":{"@id":"https:\/\/www.jornalja.com.br\/cultura\/musical-aladdin-faz-temporada-em-agosto-no-teatro-do-museu-do-trabalho\/#webpage"},"articleSection":"Cultura-MAT\u00c9RIA"},{"@type":"BreadcrumbList","@id":"https:\/\/www.jornalja.com.br\/cultura\/musical-aladdin-faz-temporada-em-agosto-no-teatro-do-museu-do-trabalho\/#breadcrumblist","itemListElement":[{"@type":"ListItem","@id":"https:\/\/www.jornalja.com.br\/cultura#listItem","position":1,"name":"Home","item":"https:\/\/www.jornalja.com.br\/cultura","nextItem":{"@type":"ListItem","@id":"https:\/\/www.jornalja.com.br\/cultura\/category\/materiasecundaria\/#listItem","name":"Cultura-MAT\u00c9RIA"}},{"@type":"ListItem","@id":"https:\/\/www.jornalja.com.br\/cultura\/category\/materiasecundaria\/#listItem","position":2,"name":"Cultura-MAT\u00c9RIA","item":"https:\/\/www.jornalja.com.br\/cultura\/category\/materiasecundaria\/","nextItem":{"@type":"ListItem","@id":"https:\/\/www.jornalja.com.br\/cultura\/musical-aladdin-faz-temporada-em-agosto-no-teatro-do-museu-do-trabalho\/#listItem","name":"Musical &#8220;Aladdin&#8221; faz temporada em agosto no Teatro do Museu do Trabalho."},"previousItem":{"@type":"ListItem","@id":"https:\/\/www.jornalja.com.br\/cultura#listItem","name":"Home"}},{"@type":"ListItem","@id":"https:\/\/www.jornalja.com.br\/cultura\/musical-aladdin-faz-temporada-em-agosto-no-teatro-do-museu-do-trabalho\/#listItem","position":3,"name":"Musical &#8220;Aladdin&#8221; faz temporada em agosto no Teatro do Museu do Trabalho.","previousItem":{"@type":"ListItem","@id":"https:\/\/www.jornalja.com.br\/cultura\/category\/materiasecundaria\/#listItem","name":"Cultura-MAT\u00c9RIA"}}]},{"@type":"Organization","@id":"https:\/\/www.jornalja.com.br\/cultura\/#organization","name":"Jornal J\u00c1 Editora","description":"Jornal J\u00c1 | Porto Alegre","url":"https:\/\/www.jornalja.com.br\/cultura\/","telephone":"+555133307272","logo":{"@type":"ImageObject","url":"https:\/\/www.jornalja.com.br\/cultura\/wp-content\/uploads\/sites\/2\/2021\/05\/2020-logotipia-ja-35anos.jpg","@id":"https:\/\/www.jornalja.com.br\/cultura\/musical-aladdin-faz-temporada-em-agosto-no-teatro-do-museu-do-trabalho\/#organizationLogo","width":1067,"height":800},"image":{"@id":"https:\/\/www.jornalja.com.br\/cultura\/musical-aladdin-faz-temporada-em-agosto-no-teatro-do-museu-do-trabalho\/#organizationLogo"},"sameAs":["https:\/\/www.instagram.com\/jornaljapoa","https:\/\/www.youtube.com\/c\/JornalJ"]},{"@type":"Person","@id":"https:\/\/www.jornalja.com.br\/cultura\/author\/daredacao\/#author","url":"https:\/\/www.jornalja.com.br\/cultura\/author\/daredacao\/","name":"da Reda\u00e7\u00e3o","image":{"@type":"ImageObject","@id":"https:\/\/www.jornalja.com.br\/cultura\/musical-aladdin-faz-temporada-em-agosto-no-teatro-do-museu-do-trabalho\/#authorImage","url":"https:\/\/secure.gravatar.com\/avatar\/469fd857d6605ad19919d27ed29d35a968a25f6e8fd9318356bbb7f57aae9c65?s=96&d=mm&r=g","width":96,"height":96,"caption":"da Reda\u00e7\u00e3o"}},{"@type":"WebPage","@id":"https:\/\/www.jornalja.com.br\/cultura\/musical-aladdin-faz-temporada-em-agosto-no-teatro-do-museu-do-trabalho\/#webpage","url":"https:\/\/www.jornalja.com.br\/cultura\/musical-aladdin-faz-temporada-em-agosto-no-teatro-do-museu-do-trabalho\/","name":"Musical \u201cAladdin\u201d faz temporada em agosto no Teatro do Museu do Trabalho. | Cultura","description":"O musical infantil que agrada crian\u00e7as, adolescentes e adultos faz temporada em agosto na capital. Com n\u00fameros musicais, dan\u00e7as, figurinos deslumbrantes e muita magia, o espet\u00e1culo Aladdin, da Cia. Ronald Radde, estar\u00e1 em cartaz nos dias 6, 13, 20 e 27 de agosto, \u00e0s 17h, no Teatro do Museu do Trabalho (Rua dos Andradas, 230, Centro Hist\u00f3rico). Os","inLanguage":"pt-BR","isPartOf":{"@id":"https:\/\/www.jornalja.com.br\/cultura\/#website"},"breadcrumb":{"@id":"https:\/\/www.jornalja.com.br\/cultura\/musical-aladdin-faz-temporada-em-agosto-no-teatro-do-museu-do-trabalho\/#breadcrumblist"},"author":{"@id":"https:\/\/www.jornalja.com.br\/cultura\/author\/daredacao\/#author"},"creator":{"@id":"https:\/\/www.jornalja.com.br\/cultura\/author\/daredacao\/#author"},"image":{"@type":"ImageObject","url":"https:\/\/www.jornalja.com.br\/cultura\/wp-content\/uploads\/sites\/2\/2023\/08\/aladim-rogerio-fernandes.jpg","@id":"https:\/\/www.jornalja.com.br\/cultura\/musical-aladdin-faz-temporada-em-agosto-no-teatro-do-museu-do-trabalho\/#mainImage","width":2048,"height":1365,"caption":"Foto Rog\u00e9rio Fernandes\/ Divulga\u00e7\u00e3o"},"primaryImageOfPage":{"@id":"https:\/\/www.jornalja.com.br\/cultura\/musical-aladdin-faz-temporada-em-agosto-no-teatro-do-museu-do-trabalho\/#mainImage"},"datePublished":"2023-08-03T12:10:05-03:00","dateModified":"2023-08-03T12:10:05-03:00"},{"@type":"WebSite","@id":"https:\/\/www.jornalja.com.br\/cultura\/#website","url":"https:\/\/www.jornalja.com.br\/cultura\/","name":"Cultura","description":"Jornal J\u00c1 | Porto Alegre","inLanguage":"pt-BR","publisher":{"@id":"https:\/\/www.jornalja.com.br\/cultura\/#organization"}}]},"og:locale":"pt_BR","og:site_name":"Cultura","og:type":"article","og:title":"Musical \u201cAladdin\u201d faz temporada em agosto no Teatro do Museu do Trabalho. | Cultura","og:description":"O musical infantil que agrada crian\u00e7as, adolescentes e adultos faz temporada em agosto na capital. Com n\u00fameros musicais, dan\u00e7as, figurinos deslumbrantes e muita magia, o espet\u00e1culo Aladdin, da Cia. Ronald Radde, estar\u00e1 em cartaz nos dias 6, 13, 20 e 27 de agosto, \u00e0s 17h, no Teatro do Museu do Trabalho (Rua dos Andradas, 230, Centro Hist\u00f3rico). Os","og:url":"https:\/\/www.jornalja.com.br\/cultura\/musical-aladdin-faz-temporada-em-agosto-no-teatro-do-museu-do-trabalho\/","og:image":"https:\/\/www.jornalja.com.br\/cultura\/wp-content\/uploads\/sites\/2\/2023\/08\/aladim-foto-08-adriano-jafar.jpg","og:image:secure_url":"https:\/\/www.jornalja.com.br\/cultura\/wp-content\/uploads\/sites\/2\/2023\/08\/aladim-foto-08-adriano-jafar.jpg","og:image:width":1200,"og:image:height":1600,"article:published_time":"2023-08-03T15:10:05+00:00","article:modified_time":"2023-08-03T15:10:05+00:00","article:publisher":"https:\/\/www.facebook.com\/jornaljanaweb","twitter:card":"summary","twitter:site":"@jornal_ja","twitter:title":"Musical \u201cAladdin\u201d faz temporada em agosto no Teatro do Museu do Trabalho. | Cultura","twitter:description":"O musical infantil que agrada crian\u00e7as, adolescentes e adultos faz temporada em agosto na capital. Com n\u00fameros musicais, dan\u00e7as, figurinos deslumbrantes e muita magia, o espet\u00e1culo Aladdin, da Cia. Ronald Radde, estar\u00e1 em cartaz nos dias 6, 13, 20 e 27 de agosto, \u00e0s 17h, no Teatro do Museu do Trabalho (Rua dos Andradas, 230, Centro Hist\u00f3rico). Os","twitter:image":"https:\/\/www.jornalja.com.br\/cultura\/wp-content\/uploads\/sites\/2\/2023\/08\/aladim-foto-08-adriano-jafar.jpg"},"aioseo_meta_data":{"post_id":"88231","title":null,"description":null,"keywords":[],"keyphrases":{"focus":{"keyphrase":"","score":0,"analysis":{"keyphraseInTitle":{"score":0,"maxScore":9,"error":1}}},"additional":[]},"primary_term":null,"canonical_url":null,"og_title":null,"og_description":null,"og_object_type":"default","og_image_type":"default","og_image_url":null,"og_image_width":null,"og_image_height":null,"og_image_custom_url":null,"og_image_custom_fields":null,"og_video":"","og_custom_url":null,"og_article_section":null,"og_article_tags":[],"twitter_use_og":false,"twitter_card":"default","twitter_image_type":"default","twitter_image_url":null,"twitter_image_custom_url":null,"twitter_image_custom_fields":null,"twitter_title":null,"twitter_description":null,"schema":{"blockGraphs":[],"customGraphs":[],"default":{"data":{"Article":[],"Course":[],"Dataset":[],"FAQPage":[],"Movie":[],"Person":[],"Product":[],"ProductReview":[],"Car":[],"Recipe":[],"Service":[],"SoftwareApplication":[],"WebPage":[]},"graphName":"Article","isEnabled":true},"graphs":[]},"schema_type":"default","schema_type_options":null,"pillar_content":false,"robots_default":true,"robots_noindex":false,"robots_noarchive":false,"robots_nosnippet":false,"robots_nofollow":false,"robots_noimageindex":false,"robots_noodp":false,"robots_notranslate":false,"robots_max_snippet":"-1","robots_max_videopreview":"-1","robots_max_imagepreview":"large","priority":null,"frequency":"default","location":null,"local_seo":null,"breadcrumb_settings":null,"limit_modified_date":false,"ai":null,"created":"2023-08-03 14:54:03","updated":"2025-06-04 13:45:42","seo_analyzer_scan_date":null,"focus_keyword":null,"additional_keywords":null,"truseo_locale":null},"jetpack_publicize_connections":[],"jetpack-related-posts":[{"id":86479,"url":"https:\/\/www.jornalja.com.br\/cultura\/trago-sorte-mentira-morte-esta-de-volta-no-teatro-renascenca\/","url_meta":{"origin":88231,"position":0},"title":"&#8220;Trago Sorte Mentira &amp; Morte&#8221; est\u00e1 de volta no Teatro Renascen\u00e7a","author":"da Reda\u00e7\u00e3o","date":"16 de agosto de 2022","format":false,"excerpt":"Espet\u00e1culo estar\u00e1 em quatro apresenta\u00e7\u00f5es, de 18 a 21 de agosto. Durante a temporada, o grupo vai receber doa\u00e7\u00f5es de alimentos para a Casa Mirabal e oferecer ingressos sociais. Um dos mais concorridos espet\u00e1culos do ano est\u00e1 de volta e com op\u00e7\u00f5es de ingressos sociais e a\u00e7\u00e3o solid\u00e1ria. O Grupo\u2026","rel":"","context":"Em &quot;Cultura-MAT\u00c9RIA&quot;","block_context":{"text":"Cultura-MAT\u00c9RIA","link":"https:\/\/www.jornalja.com.br\/cultura\/category\/materiasecundaria\/"},"img":{"alt_text":"","src":"https:\/\/i0.wp.com\/www.jornalja.com.br\/cultura\/wp-content\/uploads\/sites\/2\/2022\/08\/li-adriana-marchiori-coletiva-cena-393.jpg?resize=350%2C200&ssl=1","width":350,"height":200,"srcset":"https:\/\/i0.wp.com\/www.jornalja.com.br\/cultura\/wp-content\/uploads\/sites\/2\/2022\/08\/li-adriana-marchiori-coletiva-cena-393.jpg?resize=350%2C200&ssl=1 1x, https:\/\/i0.wp.com\/www.jornalja.com.br\/cultura\/wp-content\/uploads\/sites\/2\/2022\/08\/li-adriana-marchiori-coletiva-cena-393.jpg?resize=525%2C300&ssl=1 1.5x, https:\/\/i0.wp.com\/www.jornalja.com.br\/cultura\/wp-content\/uploads\/sites\/2\/2022\/08\/li-adriana-marchiori-coletiva-cena-393.jpg?resize=700%2C400&ssl=1 2x, https:\/\/i0.wp.com\/www.jornalja.com.br\/cultura\/wp-content\/uploads\/sites\/2\/2022\/08\/li-adriana-marchiori-coletiva-cena-393.jpg?resize=1050%2C600&ssl=1 3x"},"classes":[]},{"id":84415,"url":"https:\/\/www.jornalja.com.br\/cultura\/a-estreia-de-classe-cordial-espetaculo-de-video-teatro-de-dois-grupos-do-rs\/","url_meta":{"origin":88231,"position":1},"title":"A estreia de &#8220;Classe Cordial&#8221;, espet\u00e1culo de v\u00eddeo-teatro de dois grupos do RS.","author":"da Reda\u00e7\u00e3o","date":"17 de agosto de 2021","format":false,"excerpt":"O Coletivo N\u00f4made de Teatro e Pesquisa C\u00eanica e a Companhia de Solos & Bem Acompanhados est\u00e3o \u00e0 frente do projeto \"Classe Cordial\" que trata de um assunto pertinente e atual na sociedade brasileira: espa\u00e7os manicomiais. O espet\u00e1culo de v\u00eddeo-teatro estreia dia 23 de agosto, \u00e0s 19h. Relatos sobre casos\u2026","rel":"","context":"Em &quot;Cultura-MAT\u00c9RIA&quot;","block_context":{"text":"Cultura-MAT\u00c9RIA","link":"https:\/\/www.jornalja.com.br\/cultura\/category\/materiasecundaria\/"},"img":{"alt_text":"","src":"https:\/\/i0.wp.com\/www.jornalja.com.br\/cultura\/wp-content\/uploads\/sites\/2\/2021\/08\/mani-deborah-finocchiaro-fotos-deborah-finocchiaro-1.png?resize=350%2C200&ssl=1","width":350,"height":200,"srcset":"https:\/\/i0.wp.com\/www.jornalja.com.br\/cultura\/wp-content\/uploads\/sites\/2\/2021\/08\/mani-deborah-finocchiaro-fotos-deborah-finocchiaro-1.png?resize=350%2C200&ssl=1 1x, https:\/\/i0.wp.com\/www.jornalja.com.br\/cultura\/wp-content\/uploads\/sites\/2\/2021\/08\/mani-deborah-finocchiaro-fotos-deborah-finocchiaro-1.png?resize=525%2C300&ssl=1 1.5x, https:\/\/i0.wp.com\/www.jornalja.com.br\/cultura\/wp-content\/uploads\/sites\/2\/2021\/08\/mani-deborah-finocchiaro-fotos-deborah-finocchiaro-1.png?resize=700%2C400&ssl=1 2x, https:\/\/i0.wp.com\/www.jornalja.com.br\/cultura\/wp-content\/uploads\/sites\/2\/2021\/08\/mani-deborah-finocchiaro-fotos-deborah-finocchiaro-1.png?resize=1050%2C600&ssl=1 3x, https:\/\/i0.wp.com\/www.jornalja.com.br\/cultura\/wp-content\/uploads\/sites\/2\/2021\/08\/mani-deborah-finocchiaro-fotos-deborah-finocchiaro-1.png?resize=1400%2C800&ssl=1 4x"},"classes":[]},{"id":79281,"url":"https:\/\/www.jornalja.com.br\/cultura\/em-afluencia-danca-musica-artes-visuais-e-experimentacoes-no-teatro-glenio-peres\/","url_meta":{"origin":88231,"position":2},"title":"Em &quot;Aflu\u00eancia&quot; dan\u00e7a, m\u00fasica, artes visuais e experimenta\u00e7\u00f5es, no Teatro Gl\u00eanio Peres","author":"da Reda\u00e7\u00e3o","date":"18 de novembro de 2019","format":false,"excerpt":"\"Aflu\u00eancia\" \u00e9 um espet\u00e1culo h\u00edbrido. N\u00e3o h\u00e1 centro, h\u00e1 uma esp\u00e9cie de conflu\u00eancia cont\u00ednua de express\u00f5es art\u00edsticas, criando a coreografia do espet\u00e1culo e colocando diferentes vis\u00f5es em di\u00e1logo. As cenas, como met\u00e1foras, sugerem que cada sujeito, centro do seu universo de rela\u00e7\u00f5es, crie as suas imagens e significados. Assim, o\u2026","rel":"","context":"Em &quot;Cultura-MAT\u00c9RIA&quot;","block_context":{"text":"Cultura-MAT\u00c9RIA","link":"https:\/\/www.jornalja.com.br\/cultura\/category\/materiasecundaria\/"},"img":{"alt_text":"","src":"https:\/\/i0.wp.com\/www.jornalja.com.br\/wp-content\/uploads\/2019\/11\/arte-Aflu%C3%AAncia.-Sala-Alvaro-Moreyra.-Foto-de-Renata-Hilal.2-300x450.jpg?resize=350%2C200&ssl=1","width":350,"height":200},"classes":[]},{"id":76045,"url":"https:\/\/www.jornalja.com.br\/cultura\/a-arte-que-se-faz-coletivamente-na-segunda-edicao-do-projeto-rexiste-usina-das-artes\/","url_meta":{"origin":88231,"position":3},"title":"A arte que se faz coletivamente, na segunda edi\u00e7\u00e3o do projeto Rexiste Usina Das Artes","author":"da Reda\u00e7\u00e3o","date":"7 de agosto de 2019","format":false,"excerpt":"A segunda edi\u00e7\u00e3o do projeto Rexiste Usina Das Artes promovida pelos grupos, companhias e coletivos que integram o Projeto Usina das Artes ser\u00e1 realizada de 9 de agosto e se estender\u00e1 at\u00e9 o dia 25. Os eventos ocorrem na KZA Das Artes Santa Terezinha (rua Santa Terezinha, 711 - Santana).\u2026","rel":"","context":"Em &quot;Cultura-MAT\u00c9RIA&quot;","block_context":{"text":"Cultura-MAT\u00c9RIA","link":"https:\/\/www.jornalja.com.br\/cultura\/category\/materiasecundaria\/"},"img":{"alt_text":"","src":"https:\/\/i0.wp.com\/www.jornalja.com.br\/wp-content\/uploads\/2019\/08\/arte-usina-le-bufe-450x300.jpeg?resize=350%2C200&ssl=1","width":350,"height":200},"classes":[]},{"id":76203,"url":"https:\/\/www.jornalja.com.br\/cultura\/a-musica-e-a-poesia-de-vinicius-de-moraes-no-chapeu-acustico-da-bpe\/","url_meta":{"origin":88231,"position":4},"title":"A m\u00fasica e a poesia de Vinicius de Moraes, no Chap\u00e9u Ac\u00fastico da BPE","author":"da Reda\u00e7\u00e3o","date":"11 de agosto de 2019","format":false,"excerpt":"\u00a0 A partir da obra de Vinicius de Moraes, a cantora Anaadi, a atriz Deborah Finocchiaro e o pianista Pablo Trindade falam do amor, exaltam a vida e traduzem quest\u00f5es cruciais dos nossos tempos, em \u201cBen\u00e7\u00e3o Poetinha\u201d. O show litero-musical ser\u00e1 atra\u00e7\u00e3o do projeto Chap\u00e9u Ac\u00fastico no dia 13 de\u2026","rel":"","context":"Em &quot;Cultura-MAT\u00c9RIA&quot;","block_context":{"text":"Cultura-MAT\u00c9RIA","link":"https:\/\/www.jornalja.com.br\/cultura\/category\/materiasecundaria\/"},"img":{"alt_text":"","src":"https:\/\/i0.wp.com\/www.jornalja.com.br\/wp-content\/uploads\/2019\/08\/arte-Ben%C3%A7%C3%A3o-Poetinha-foto-Giovanna-Hagemann-291018GP016-450x300.jpg?resize=350%2C200&ssl=1","width":350,"height":200},"classes":[]},{"id":92369,"url":"https:\/\/www.jornalja.com.br\/cultura\/patrimonio-cultural-dois-dias-de-atividades-gratuitas-para-adultos-e-criancas-na-casa-mario-quintana\/","url_meta":{"origin":88231,"position":5},"title":"Patrim\u00f4nio Cultural: dois dias de atividades gratuitas para adultos e crian\u00e7as na Casa M\u00e1rio Quintana","author":"da Reda\u00e7\u00e3o","date":"10 de agosto de 2026","format":false,"excerpt":"Uma programa\u00e7\u00e3o de atividades culturais e educativas gratuitas marcam o Dia Estadual do Patrim\u00f4nio Cultural, nos dias 15 e 16 de agosto, na Casa de Cultura Mario Quintana (CCMQ), em Porto Alegre.\u00a0 A programa\u00e7\u00e3o de s\u00e1bado (15\/8) come\u00e7a \u00e0s 10h: no 5\u00ba andar, o \u201cClube do Desenho\u201d, do Centro de\u2026","rel":"","context":"Em &quot;Cultura-MAT\u00c9RIA&quot;","block_context":{"text":"Cultura-MAT\u00c9RIA","link":"https:\/\/www.jornalja.com.br\/cultura\/category\/materiasecundaria\/"},"img":{"alt_text":"\u201cBrasil pequeno\u201d \u00e9 um espet\u00e1culo de teatro de bonecos em miniatura - Foto F\u00e1bio Zambom_Divulga\u00e7\u00e3o CCMQ.","src":"https:\/\/i0.wp.com\/www.jornalja.com.br\/cultura\/wp-content\/uploads\/sites\/2\/2026\/08\/cultura-brasil-pequeno-e-um-espetaculo-de-teatro-de-bonecos-em-miniatura-foto-fabio-zambom-divulgacao-ccmq-scaled.jpg?resize=350%2C200&ssl=1","width":350,"height":200,"srcset":"https:\/\/i0.wp.com\/www.jornalja.com.br\/cultura\/wp-content\/uploads\/sites\/2\/2026\/08\/cultura-brasil-pequeno-e-um-espetaculo-de-teatro-de-bonecos-em-miniatura-foto-fabio-zambom-divulgacao-ccmq-scaled.jpg?resize=350%2C200&ssl=1 1x, https:\/\/i0.wp.com\/www.jornalja.com.br\/cultura\/wp-content\/uploads\/sites\/2\/2026\/08\/cultura-brasil-pequeno-e-um-espetaculo-de-teatro-de-bonecos-em-miniatura-foto-fabio-zambom-divulgacao-ccmq-scaled.jpg?resize=525%2C300&ssl=1 1.5x, https:\/\/i0.wp.com\/www.jornalja.com.br\/cultura\/wp-content\/uploads\/sites\/2\/2026\/08\/cultura-brasil-pequeno-e-um-espetaculo-de-teatro-de-bonecos-em-miniatura-foto-fabio-zambom-divulgacao-ccmq-scaled.jpg?resize=700%2C400&ssl=1 2x, https:\/\/i0.wp.com\/www.jornalja.com.br\/cultura\/wp-content\/uploads\/sites\/2\/2026\/08\/cultura-brasil-pequeno-e-um-espetaculo-de-teatro-de-bonecos-em-miniatura-foto-fabio-zambom-divulgacao-ccmq-scaled.jpg?resize=1050%2C600&ssl=1 3x, https:\/\/i0.wp.com\/www.jornalja.com.br\/cultura\/wp-content\/uploads\/sites\/2\/2026\/08\/cultura-brasil-pequeno-e-um-espetaculo-de-teatro-de-bonecos-em-miniatura-foto-fabio-zambom-divulgacao-ccmq-scaled.jpg?resize=1400%2C800&ssl=1 4x"},"classes":[]}],"jetpack_shortlink":"https:\/\/wp.me\/pbKnZc-mX5","jetpack_sharing_enabled":true,"jetpack_featured_media_url":"https:\/\/www.jornalja.com.br\/cultura\/wp-content\/uploads\/sites\/2\/2023\/08\/aladim-rogerio-fernandes.jpg","_links":{"self":[{"href":"https:\/\/www.jornalja.com.br\/cultura\/wp-json\/wp\/v2\/posts\/88231","targetHints":{"allow":["GET"]}}],"collection":[{"href":"https:\/\/www.jornalja.com.br\/cultura\/wp-json\/wp\/v2\/posts"}],"about":[{"href":"https:\/\/www.jornalja.com.br\/cultura\/wp-json\/wp\/v2\/types\/post"}],"author":[{"embeddable":true,"href":"https:\/\/www.jornalja.com.br\/cultura\/wp-json\/wp\/v2\/users\/4"}],"replies":[{"embeddable":true,"href":"https:\/\/www.jornalja.com.br\/cultura\/wp-json\/wp\/v2\/comments?post=88231"}],"version-history":[{"count":1,"href":"https:\/\/www.jornalja.com.br\/cultura\/wp-json\/wp\/v2\/posts\/88231\/revisions"}],"predecessor-version":[{"id":88238,"href":"https:\/\/www.jornalja.com.br\/cultura\/wp-json\/wp\/v2\/posts\/88231\/revisions\/88238"}],"wp:featuredmedia":[{"embeddable":true,"href":"https:\/\/www.jornalja.com.br\/cultura\/wp-json\/wp\/v2\/media\/88237"}],"wp:attachment":[{"href":"https:\/\/www.jornalja.com.br\/cultura\/wp-json\/wp\/v2\/media?parent=88231"}],"wp:term":[{"taxonomy":"category","embeddable":true,"href":"https:\/\/www.jornalja.com.br\/cultura\/wp-json\/wp\/v2\/categories?post=88231"},{"taxonomy":"post_tag","embeddable":true,"href":"https:\/\/www.jornalja.com.br\/cultura\/wp-json\/wp\/v2\/tags?post=88231"}],"curies":[{"name":"wp","href":"https:\/\/api.w.org\/{rel}","templated":true}]}}