{"id":88284,"date":"2023-08-30T18:51:14","date_gmt":"2023-08-30T21:51:14","guid":{"rendered":"https:\/\/www.jornalja.com.br\/cultura\/?p=88284"},"modified":"2023-08-30T18:51:14","modified_gmt":"2023-08-30T21:51:14","slug":"meu-coracao-sempre-me-avisa-uma-homenagem-de-joao-maldonado-aos-65-anos-da-bossa-nova","status":"publish","type":"post","link":"https:\/\/www.jornalja.com.br\/cultura\/meu-coracao-sempre-me-avisa-uma-homenagem-de-joao-maldonado-aos-65-anos-da-bossa-nova\/","title":{"rendered":"\u201cMeu cora\u00e7\u00e3o sempre me avisa\u201d,  uma homenagem de Jo\u00e3o Maldonado aos 65 anos da Bossa Nova,"},"content":{"rendered":"<p style=\"font-weight: 400\">A m\u00fasica, ser\u00e1 lan\u00e7ada no dia 1\u00ba de setembro\u00a0 nesta sexta-feira em todas as plataformas de streaming, conta com as participa\u00e7\u00f5es de Roberto Menescal, da jovem cantautora Analu Sampaio e do baterista Paulo Braga, que tamb\u00e9m faz parta da hist\u00f3ria da Bossa Nova. Completam o time o baixista Luciano Albo e o flautista Franco Salvadoretti.<\/p>\n<p style=\"font-weight: 400\">\u201cMeu cora\u00e7\u00e3o sempre me avisa\u201d estar\u00e1 tamb\u00e9m no pr\u00f3ximo \u00e1lbum de Maldonado em homenagem \u00e0 Bossa Nova, previsto para o final do ano, trazendo diversos convidados para esta celebra\u00e7\u00e3o, como Quarteto do Rio \u2013 cantando m\u00fasica de Jo\u00e3o Maldonado e Paulo Mello (baixista do Taranatiri\u00e7a) e Antonio Villeroy \u2013 interpretando uma de suas can\u00e7\u00f5es nunca gravadas \u2013. O single enfatiza os artistas que iniciaram o movimento e faz cita\u00e7\u00f5es que ativam a mem\u00f3ria afetiva e remetem aos seus maiores cl\u00e1ssicos. Tudo veio despretensiosamente.<\/p>\n<figure id=\"attachment_88285\" aria-describedby=\"caption-attachment-88285\" style=\"width: 300px\" class=\"wp-caption alignnone\"><img loading=\"lazy\" decoding=\"async\" data-attachment-id=\"88285\" data-permalink=\"https:\/\/www.jornalja.com.br\/cultura\/meu-coracao-sempre-me-avisa-uma-homenagem-de-joao-maldonado-aos-65-anos-da-bossa-nova\/2023-nilton-santolin\/\" data-orig-file=\"https:\/\/www.jornalja.com.br\/cultura\/wp-content\/uploads\/sites\/2\/2023\/08\/bossa-0230519-analu-sampaio-no-studio-soma-foto-nilton-santolin-151316-scaled.jpg\" data-orig-size=\"2560,1920\" data-comments-opened=\"0\" data-image-meta=\"{&quot;aperture&quot;:&quot;1.8&quot;,&quot;credit&quot;:&quot;\\u00a92023 Nilton Santolin&quot;,&quot;camera&quot;:&quot;SM-N981B&quot;,&quot;caption&quot;:&quot;\\u00a92023 Nilton Santolin&quot;,&quot;created_timestamp&quot;:&quot;1684519996&quot;,&quot;copyright&quot;:&quot;\\u00a92023 Nilton Santolin&quot;,&quot;focal_length&quot;:&quot;5.4&quot;,&quot;iso&quot;:&quot;400&quot;,&quot;shutter_speed&quot;:&quot;0.033333333333333&quot;,&quot;title&quot;:&quot;\\u00a92023 Nilton Santolin&quot;,&quot;orientation&quot;:&quot;1&quot;}\" data-image-title=\"\u00a92023 Nilton Santolin\" data-image-description=\"&lt;p&gt;Foto: Nilson Santolin\/ Divulga\u00e7\u00e3o&lt;\/p&gt;\n\" data-image-caption=\"&lt;p&gt;\u00a92023 Nilton Santolin&lt;\/p&gt;\n\" data-large-file=\"https:\/\/www.jornalja.com.br\/cultura\/wp-content\/uploads\/sites\/2\/2023\/08\/bossa-0230519-analu-sampaio-no-studio-soma-foto-nilton-santolin-151316-1024x768.jpg\" class=\"size-medium wp-image-88285\" src=\"https:\/\/www.jornalja.com.br\/cultura\/wp-content\/uploads\/sites\/2\/2023\/08\/bossa-0230519-analu-sampaio-no-studio-soma-foto-nilton-santolin-151316-300x225.jpg\" alt=\"\" width=\"300\" height=\"225\" srcset=\"https:\/\/www.jornalja.com.br\/cultura\/wp-content\/uploads\/sites\/2\/2023\/08\/bossa-0230519-analu-sampaio-no-studio-soma-foto-nilton-santolin-151316-300x225.jpg 300w, https:\/\/www.jornalja.com.br\/cultura\/wp-content\/uploads\/sites\/2\/2023\/08\/bossa-0230519-analu-sampaio-no-studio-soma-foto-nilton-santolin-151316-1024x768.jpg 1024w, https:\/\/www.jornalja.com.br\/cultura\/wp-content\/uploads\/sites\/2\/2023\/08\/bossa-0230519-analu-sampaio-no-studio-soma-foto-nilton-santolin-151316-768x576.jpg 768w, https:\/\/www.jornalja.com.br\/cultura\/wp-content\/uploads\/sites\/2\/2023\/08\/bossa-0230519-analu-sampaio-no-studio-soma-foto-nilton-santolin-151316-1536x1152.jpg 1536w, https:\/\/www.jornalja.com.br\/cultura\/wp-content\/uploads\/sites\/2\/2023\/08\/bossa-0230519-analu-sampaio-no-studio-soma-foto-nilton-santolin-151316-2048x1536.jpg 2048w, https:\/\/www.jornalja.com.br\/cultura\/wp-content\/uploads\/sites\/2\/2023\/08\/bossa-0230519-analu-sampaio-no-studio-soma-foto-nilton-santolin-151316-1200x900.jpg 1200w\" sizes=\"auto, (max-width: 300px) 100vw, 300px\" \/><figcaption id=\"caption-attachment-88285\" class=\"wp-caption-text\">Maldonado e Analu Sampaio. Foto: Nilton Santolin\/ Divulga\u00e7\u00e3o<\/figcaption><\/figure>\n<p style=\"font-weight: 400\"><strong><i>Canto suave<\/i><\/strong><\/p>\n<p style=\"font-weight: 400\">A batida do viol\u00e3o de Jo\u00e3o Gilberto aliado a um canto suave marcou o surgimento da Bossa Nova, que, em 2023, completa 65 anos. A data, n\u00e3o por acaso, marca o anivers\u00e1rio de Tom Jobim.<\/p>\n<p style=\"font-weight: 400\">Passadas seis d\u00e9cadas, a Bossa ainda encanta plateias, at\u00e9 muito mais no exterior que no Brasil. \u201cDe Frank Sinatra a Billie Eilish, centenas de compositores e int\u00e9rpretes foram conquistados pelas harmonias sofisticadas e pela sutileza interpretativa caracter\u00edsticas do g\u00eanero que, h\u00e1 muito tempo, j\u00e1 conquistou o seu lugar definitivo no mundo e levou a m\u00fasica brasileira a um patamar que nunca havia sido alcan\u00e7ado\u201d, diz a escritora Bruna Ramos da Fonte, autora do livro Essa Tal de Bossa Nova.<\/p>\n<p style=\"font-weight: 400\">Musicalmente, a Bossa Nova traz o samba em seu DNA. Outros estilos foram se encaixando no estilo, entre eles o cool jazz do trompetista Chet Baker, a guitarra limpa e suave de Barney Kessel e as cria\u00e7\u00f5es de impressionistas franceses, como Debussy e Ravel, sem falar na influ\u00eancia vocal de Frank Sinatra, Julie London e Ella Fitzgerald.<\/p>\n<figure id=\"attachment_88287\" aria-describedby=\"caption-attachment-88287\" style=\"width: 300px\" class=\"wp-caption alignnone\"><img loading=\"lazy\" decoding=\"async\" data-attachment-id=\"88287\" data-permalink=\"https:\/\/www.jornalja.com.br\/cultura\/meu-coracao-sempre-me-avisa-uma-homenagem-de-joao-maldonado-aos-65-anos-da-bossa-nova\/bossa-jm-teatro-oficina-6-foto-alex-vitola\/\" data-orig-file=\"https:\/\/www.jornalja.com.br\/cultura\/wp-content\/uploads\/sites\/2\/2023\/08\/bossa-jm-teatro-oficina-6-foto-alex-vitola.jpeg\" data-orig-size=\"1024,683\" data-comments-opened=\"0\" data-image-meta=\"{&quot;aperture&quot;:&quot;0&quot;,&quot;credit&quot;:&quot;&quot;,&quot;camera&quot;:&quot;&quot;,&quot;caption&quot;:&quot;&quot;,&quot;created_timestamp&quot;:&quot;0&quot;,&quot;copyright&quot;:&quot;&quot;,&quot;focal_length&quot;:&quot;0&quot;,&quot;iso&quot;:&quot;0&quot;,&quot;shutter_speed&quot;:&quot;0&quot;,&quot;title&quot;:&quot;&quot;,&quot;orientation&quot;:&quot;0&quot;}\" data-image-title=\"BOSSA JM Teatro Oficina 6 &amp;#8211; Foto Alex Vitola\" data-image-description=\"\" data-image-caption=\"&lt;p&gt;O pianista e compositor Jo\u00e3o Maldonado. Foto: Alex Vitola\/ Divulga\u00e7\u00e3o&lt;\/p&gt;\n\" data-large-file=\"https:\/\/www.jornalja.com.br\/cultura\/wp-content\/uploads\/sites\/2\/2023\/08\/bossa-jm-teatro-oficina-6-foto-alex-vitola.jpeg\" class=\"size-medium wp-image-88287\" src=\"https:\/\/www.jornalja.com.br\/cultura\/wp-content\/uploads\/sites\/2\/2023\/08\/bossa-jm-teatro-oficina-6-foto-alex-vitola-300x200.jpeg\" alt=\"\" width=\"300\" height=\"200\" srcset=\"https:\/\/www.jornalja.com.br\/cultura\/wp-content\/uploads\/sites\/2\/2023\/08\/bossa-jm-teatro-oficina-6-foto-alex-vitola-300x200.jpeg 300w, https:\/\/www.jornalja.com.br\/cultura\/wp-content\/uploads\/sites\/2\/2023\/08\/bossa-jm-teatro-oficina-6-foto-alex-vitola-768x512.jpeg 768w, https:\/\/www.jornalja.com.br\/cultura\/wp-content\/uploads\/sites\/2\/2023\/08\/bossa-jm-teatro-oficina-6-foto-alex-vitola.jpeg 1024w\" sizes=\"auto, (max-width: 300px) 100vw, 300px\" \/><figcaption id=\"caption-attachment-88287\" class=\"wp-caption-text\">O pianista e compositor Jo\u00e3o Maldonado. Foto: Alex Vitola\/ Divulga\u00e7\u00e3o<\/figcaption><\/figure>\n<p><strong>Batida do viol\u00e3o<\/strong><\/p>\n<p style=\"font-weight: 400\">\u201cTrouxemos para o movimento tr\u00eas coisas b\u00e1sicas: novas harmonias mais elaboradas, novas letras de m\u00fasica calcadas, principalmente, em coisas pra cima, esperan\u00e7osas, evitando sempre aqueles lamentos dos sambas-can\u00e7\u00e3o, e, por fim, as batidas do viol\u00e3o que a gente fazia e n\u00e3o ficava feliz at\u00e9 que Jo\u00e3o Gilberto trouxe a dele e tudo arredondou\u201d, resume\u00a0Roberto Menescal,\u00a0um dos pais da Bossa Nova\u00a0e que\u00a0participa do novo single do pianista Jo\u00e3o Maldonado, \u201cMeu cora\u00e7\u00e3o sempre me avisa\u201d.<\/p>\n<figure id=\"attachment_88288\" aria-describedby=\"caption-attachment-88288\" style=\"width: 200px\" class=\"wp-caption alignnone\"><img loading=\"lazy\" decoding=\"async\" data-attachment-id=\"88288\" data-permalink=\"https:\/\/www.jornalja.com.br\/cultura\/meu-coracao-sempre-me-avisa-uma-homenagem-de-joao-maldonado-aos-65-anos-da-bossa-nova\/bossa-joao-maldonado-foto-marcelo-nunes-2\/\" data-orig-file=\"https:\/\/www.jornalja.com.br\/cultura\/wp-content\/uploads\/sites\/2\/2023\/08\/bossa-joao-maldonado-foto-marcelo-nunes-2-scaled.jpg\" data-orig-size=\"1707,2560\" data-comments-opened=\"0\" data-image-meta=\"{&quot;aperture&quot;:&quot;6.7&quot;,&quot;credit&quot;:&quot;&quot;,&quot;camera&quot;:&quot;Canon EOS 5D&quot;,&quot;caption&quot;:&quot;&quot;,&quot;created_timestamp&quot;:&quot;1685387278&quot;,&quot;copyright&quot;:&quot;&quot;,&quot;focal_length&quot;:&quot;85&quot;,&quot;iso&quot;:&quot;100&quot;,&quot;shutter_speed&quot;:&quot;0.0055555555555556&quot;,&quot;title&quot;:&quot;&quot;,&quot;orientation&quot;:&quot;1&quot;}\" data-image-title=\"BOSSA Jo\u00e3o Maldonado &amp;#8211; Foto Marcelo Nunes 2\" data-image-description=\"\" data-image-caption=\"&lt;p&gt;Jo\u00e3o Maldonado &amp;#8211; Foto Marcelo Nunes\/ Divulga\u00e7\u00e3o&lt;\/p&gt;\n\" data-large-file=\"https:\/\/www.jornalja.com.br\/cultura\/wp-content\/uploads\/sites\/2\/2023\/08\/bossa-joao-maldonado-foto-marcelo-nunes-2-683x1024.jpg\" class=\"size-medium wp-image-88288\" src=\"https:\/\/www.jornalja.com.br\/cultura\/wp-content\/uploads\/sites\/2\/2023\/08\/bossa-joao-maldonado-foto-marcelo-nunes-2-200x300.jpg\" alt=\"\" width=\"200\" height=\"300\" srcset=\"https:\/\/www.jornalja.com.br\/cultura\/wp-content\/uploads\/sites\/2\/2023\/08\/bossa-joao-maldonado-foto-marcelo-nunes-2-200x300.jpg 200w, https:\/\/www.jornalja.com.br\/cultura\/wp-content\/uploads\/sites\/2\/2023\/08\/bossa-joao-maldonado-foto-marcelo-nunes-2-683x1024.jpg 683w, https:\/\/www.jornalja.com.br\/cultura\/wp-content\/uploads\/sites\/2\/2023\/08\/bossa-joao-maldonado-foto-marcelo-nunes-2-768x1152.jpg 768w, https:\/\/www.jornalja.com.br\/cultura\/wp-content\/uploads\/sites\/2\/2023\/08\/bossa-joao-maldonado-foto-marcelo-nunes-2-1024x1536.jpg 1024w, https:\/\/www.jornalja.com.br\/cultura\/wp-content\/uploads\/sites\/2\/2023\/08\/bossa-joao-maldonado-foto-marcelo-nunes-2-1365x2048.jpg 1365w, https:\/\/www.jornalja.com.br\/cultura\/wp-content\/uploads\/sites\/2\/2023\/08\/bossa-joao-maldonado-foto-marcelo-nunes-2-1200x1800.jpg 1200w, https:\/\/www.jornalja.com.br\/cultura\/wp-content\/uploads\/sites\/2\/2023\/08\/bossa-joao-maldonado-foto-marcelo-nunes-2-scaled.jpg 1707w\" sizes=\"auto, (max-width: 200px) 100vw, 200px\" \/><figcaption id=\"caption-attachment-88288\" class=\"wp-caption-text\">Jo\u00e3o Maldonado &#8211; Foto Marcelo Nunes\/ Divulga\u00e7\u00e3o<\/figcaption><\/figure>\n<p style=\"font-weight: 400\">\u201c\u2018Meu cora\u00e7\u00e3o sempre me avisa\u2019 surgiu em 2021, literalmente, de um sonho que tive. Acordei de madrugada com a letra toda na cabe\u00e7a para escrever e gravar. Ela ficou guardada este tempo para ser maturada e aguardar o momento certo e as pessoas certas para gravarem. Tudo se consolidou justamente no ano em que a Bossa Nova celebra 65 anos\u201d, conta Maldonado.<\/p>\n<p style=\"font-weight: 400\">FICHA T\u00c9CNICA<br \/>\nMEU CORA\u00c7\u00c3O SEMPRE ME AVISA<br \/>\nJo\u00e3o Maldonado:\u00a0composi\u00e7\u00e3o, letra, m\u00fasica, piano, voz e arranjos<br \/>\nAnalu Sampaio:\u00a0voz<br \/>\nRoberto Menescal:\u00a0viol\u00e3o<br \/>\nPaulinho Braga:\u00a0bateria<br \/>\nLuciano Albo:\u00a0baixo e arranjos<br \/>\nFranco Salvadoretti:\u00a0Flauta<\/p>\n<p style=\"font-weight: 400\">Est\u00fadio Soma (Porto Alegre):\u00a0Juliano Maffessoni<br \/>\nEst\u00fadio Marini (Rio de Janeiro):\u00a0Mauro Ara\u00fajo<br \/>\nEst\u00fadio La Maison (Rio de Janeiro):\u00a0Didier Fernan<br \/>\nEst\u00fadio Cegonha (Porto Alegre) | Engenheiro de som, mixagem e masteriza\u00e7\u00e3o:\u00a0Luciano Albo<\/p>\n<p style=\"font-weight: 400\">Selo:\u00a0Loop Discos<br \/>\nCom informa\u00e7\u00f5es sobre a Bossa Nova no site da Abramus, com texto de S\u00e9rgio Martins:\u00a0<a href=\"https:\/\/www.abramus.org.br\/noticias\/20578\/bossa-nova-65-anos-e-cada-vez-mais-jovem\/\" data-saferedirecturl=\"https:\/\/www.google.com\/url?q=https:\/\/www.abramus.org.br\/noticias\/20578\/bossa-nova-65-anos-e-cada-vez-mais-jovem\/&amp;source=gmail&amp;ust=1693516999546000&amp;usg=AOvVaw2OSoGe1XlTuAjF2Zis_M-v\">https:\/\/www.abramus.org.br\/noticias\/20578\/bossa-nova-65-anos-e-cada-vez-mais-jovem\/<\/a><\/p>\n","protected":false},"excerpt":{"rendered":"<p>A m\u00fasica, ser\u00e1 lan\u00e7ada no dia 1\u00ba de setembro\u00a0 nesta sexta-feira em todas as plataformas de streaming, conta com as participa\u00e7\u00f5es de Roberto Menescal, da jovem cantautora Analu Sampaio e do baterista Paulo Braga, que tamb\u00e9m faz parta da hist\u00f3ria da Bossa Nova. Completam o time o baixista Luciano Albo e o flautista Franco Salvadoretti. [&hellip;]<\/p>\n","protected":false},"author":4,"featured_media":88286,"comment_status":"closed","ping_status":"open","sticky":false,"template":"","format":"standard","meta":{"_jetpack_newsletter_access":"","_jetpack_dont_email_post_to_subs":false,"_jetpack_newsletter_tier_id":0,"_jetpack_memberships_contains_paywalled_content":false,"_jetpack_feature_clip_id":0,"_jetpack_memberships_contains_paid_content":false,"footnotes":"","jetpack_publicize_message":"","jetpack_publicize_feature_enabled":true,"jetpack_social_post_already_shared":true,"jetpack_social_options":{"image_generator_settings":{"template":"highway","default_image_id":0,"font":"","enabled":false},"version":2},"jetpack_post_was_ever_published":false},"categories":[2],"tags":[],"class_list":["post-88284","post","type-post","status-publish","format-standard","has-post-thumbnail","hentry","category-materiasecundaria"],"aioseo_notices":[],"aioseo_head":"\n\t\t<!-- All in One SEO 5.0.1.1 - aioseo.com -->\n\t<meta name=\"description\" content=\"A m\u00fasica, ser\u00e1 lan\u00e7ada no dia 1\u00ba de setembro nesta sexta-feira em todas as plataformas de streaming, conta com as participa\u00e7\u00f5es de Roberto Menescal, da jovem cantautora Analu Sampaio e do baterista Paulo Braga, que tamb\u00e9m faz parta da hist\u00f3ria da Bossa Nova. Completam o time o baixista Luciano Albo e o flautista Franco Salvadoretti.\" \/>\n\t<meta name=\"robots\" content=\"max-image-preview:large\" \/>\n\t<meta name=\"author\" content=\"da Reda\u00e7\u00e3o\"\/>\n\t<link rel=\"canonical\" href=\"https:\/\/www.jornalja.com.br\/cultura\/meu-coracao-sempre-me-avisa-uma-homenagem-de-joao-maldonado-aos-65-anos-da-bossa-nova\/\" \/>\n\t<meta name=\"generator\" content=\"All in One SEO (AIOSEO) 5.0.1.1\" \/>\n\t\t<meta property=\"og:locale\" content=\"pt_BR\" \/>\n\t\t<meta property=\"og:site_name\" content=\"Cultura\" \/>\n\t\t<meta property=\"og:type\" content=\"article\" \/>\n\t\t<meta property=\"og:title\" content=\"\u201cMeu cora\u00e7\u00e3o sempre me avisa\u201d, uma homenagem de Jo\u00e3o Maldonado aos 65 anos da Bossa Nova, | Cultura\" \/>\n\t\t<meta property=\"og:description\" content=\"A m\u00fasica, ser\u00e1 lan\u00e7ada no dia 1\u00ba de setembro nesta sexta-feira em todas as plataformas de streaming, conta com as participa\u00e7\u00f5es de Roberto Menescal, da jovem cantautora Analu Sampaio e do baterista Paulo Braga, que tamb\u00e9m faz parta da hist\u00f3ria da Bossa Nova. Completam o time o baixista Luciano Albo e o flautista Franco Salvadoretti.\" \/>\n\t\t<meta property=\"og:url\" content=\"https:\/\/www.jornalja.com.br\/cultura\/meu-coracao-sempre-me-avisa-uma-homenagem-de-joao-maldonado-aos-65-anos-da-bossa-nova\/\" \/>\n\t\t<meta property=\"og:image\" content=\"https:\/\/www.jornalja.com.br\/cultura\/wp-content\/uploads\/sites\/2\/2023\/08\/bossa-0230519-analu-sampaio-no-studio-soma-foto-nilton-santolin-151316-300x225.jpg\" \/>\n\t\t<meta property=\"og:image:secure_url\" content=\"https:\/\/www.jornalja.com.br\/cultura\/wp-content\/uploads\/sites\/2\/2023\/08\/bossa-0230519-analu-sampaio-no-studio-soma-foto-nilton-santolin-151316-300x225.jpg\" \/>\n\t\t<meta property=\"article:published_time\" content=\"2023-08-30T21:51:14+00:00\" \/>\n\t\t<meta property=\"article:modified_time\" content=\"2023-08-30T21:51:14+00:00\" \/>\n\t\t<meta property=\"article:publisher\" content=\"https:\/\/www.facebook.com\/jornaljanaweb\" \/>\n\t\t<meta name=\"twitter:card\" content=\"summary\" \/>\n\t\t<meta name=\"twitter:site\" content=\"@jornal_ja\" \/>\n\t\t<meta name=\"twitter:title\" content=\"\u201cMeu cora\u00e7\u00e3o sempre me avisa\u201d, uma homenagem de Jo\u00e3o Maldonado aos 65 anos da Bossa Nova, | Cultura\" \/>\n\t\t<meta name=\"twitter:description\" content=\"A m\u00fasica, ser\u00e1 lan\u00e7ada no dia 1\u00ba de setembro nesta sexta-feira em todas as plataformas de streaming, conta com as participa\u00e7\u00f5es de Roberto Menescal, da jovem cantautora Analu Sampaio e do baterista Paulo Braga, que tamb\u00e9m faz parta da hist\u00f3ria da Bossa Nova. Completam o time o baixista Luciano Albo e o flautista Franco Salvadoretti.\" \/>\n\t\t<meta name=\"twitter:image\" content=\"https:\/\/www.jornalja.com.br\/cultura\/wp-content\/uploads\/sites\/2\/2023\/08\/bossa-0230519-analu-sampaio-no-studio-soma-foto-nilton-santolin-151316-300x225.jpg\" \/>\n\t\t<script type=\"application\/ld+json\" class=\"aioseo-schema\">\n\t\t\t{\"@context\":\"https:\\\/\\\/schema.org\",\"@graph\":[{\"@type\":\"Article\",\"@id\":\"https:\\\/\\\/www.jornalja.com.br\\\/cultura\\\/meu-coracao-sempre-me-avisa-uma-homenagem-de-joao-maldonado-aos-65-anos-da-bossa-nova\\\/#article\",\"name\":\"\\u201cMeu cora\\u00e7\\u00e3o sempre me avisa\\u201d, uma homenagem de Jo\\u00e3o Maldonado aos 65 anos da Bossa Nova, | Cultura\",\"headline\":\"\\u201cMeu cora\\u00e7\\u00e3o sempre me avisa\\u201d,  uma homenagem de Jo\\u00e3o Maldonado aos 65 anos da Bossa Nova,\",\"author\":{\"@id\":\"https:\\\/\\\/www.jornalja.com.br\\\/cultura\\\/author\\\/daredacao\\\/#author\"},\"publisher\":{\"@id\":\"https:\\\/\\\/www.jornalja.com.br\\\/cultura\\\/#organization\"},\"image\":{\"@type\":\"ImageObject\",\"url\":\"https:\\\/\\\/www.jornalja.com.br\\\/cultura\\\/wp-content\\\/uploads\\\/sites\\\/2\\\/2023\\\/08\\\/bossa-capa-do-single-meu-coracao-sempre-me-avisa.jpeg\",\"width\":1600,\"height\":1600,\"caption\":\"CAPA do single \\\"Meu cora\\u00e7\\u00e3o sempre me avisa\\\"\\\/ Divulga\\u00e7\\u00e3o\"},\"datePublished\":\"2023-08-30T18:51:14-03:00\",\"dateModified\":\"2023-08-30T18:51:14-03:00\",\"inLanguage\":\"pt-BR\",\"mainEntityOfPage\":{\"@id\":\"https:\\\/\\\/www.jornalja.com.br\\\/cultura\\\/meu-coracao-sempre-me-avisa-uma-homenagem-de-joao-maldonado-aos-65-anos-da-bossa-nova\\\/#webpage\"},\"isPartOf\":{\"@id\":\"https:\\\/\\\/www.jornalja.com.br\\\/cultura\\\/meu-coracao-sempre-me-avisa-uma-homenagem-de-joao-maldonado-aos-65-anos-da-bossa-nova\\\/#webpage\"},\"articleSection\":\"Cultura-MAT\\u00c9RIA\"},{\"@type\":\"BreadcrumbList\",\"@id\":\"https:\\\/\\\/www.jornalja.com.br\\\/cultura\\\/meu-coracao-sempre-me-avisa-uma-homenagem-de-joao-maldonado-aos-65-anos-da-bossa-nova\\\/#breadcrumblist\",\"itemListElement\":[{\"@type\":\"ListItem\",\"@id\":\"https:\\\/\\\/www.jornalja.com.br\\\/cultura#listItem\",\"position\":1,\"name\":\"Home\",\"item\":\"https:\\\/\\\/www.jornalja.com.br\\\/cultura\",\"nextItem\":{\"@type\":\"ListItem\",\"@id\":\"https:\\\/\\\/www.jornalja.com.br\\\/cultura\\\/category\\\/materiasecundaria\\\/#listItem\",\"name\":\"Cultura-MAT\\u00c9RIA\"}},{\"@type\":\"ListItem\",\"@id\":\"https:\\\/\\\/www.jornalja.com.br\\\/cultura\\\/category\\\/materiasecundaria\\\/#listItem\",\"position\":2,\"name\":\"Cultura-MAT\\u00c9RIA\",\"item\":\"https:\\\/\\\/www.jornalja.com.br\\\/cultura\\\/category\\\/materiasecundaria\\\/\",\"nextItem\":{\"@type\":\"ListItem\",\"@id\":\"https:\\\/\\\/www.jornalja.com.br\\\/cultura\\\/meu-coracao-sempre-me-avisa-uma-homenagem-de-joao-maldonado-aos-65-anos-da-bossa-nova\\\/#listItem\",\"name\":\"\\u201cMeu cora\\u00e7\\u00e3o sempre me avisa\\u201d,  uma homenagem de Jo\\u00e3o Maldonado aos 65 anos da Bossa Nova,\"},\"previousItem\":{\"@type\":\"ListItem\",\"@id\":\"https:\\\/\\\/www.jornalja.com.br\\\/cultura#listItem\",\"name\":\"Home\"}},{\"@type\":\"ListItem\",\"@id\":\"https:\\\/\\\/www.jornalja.com.br\\\/cultura\\\/meu-coracao-sempre-me-avisa-uma-homenagem-de-joao-maldonado-aos-65-anos-da-bossa-nova\\\/#listItem\",\"position\":3,\"name\":\"\\u201cMeu cora\\u00e7\\u00e3o sempre me avisa\\u201d,  uma homenagem de Jo\\u00e3o Maldonado aos 65 anos da Bossa Nova,\",\"previousItem\":{\"@type\":\"ListItem\",\"@id\":\"https:\\\/\\\/www.jornalja.com.br\\\/cultura\\\/category\\\/materiasecundaria\\\/#listItem\",\"name\":\"Cultura-MAT\\u00c9RIA\"}}]},{\"@type\":\"Organization\",\"@id\":\"https:\\\/\\\/www.jornalja.com.br\\\/cultura\\\/#organization\",\"name\":\"Jornal J\\u00c1 Editora\",\"description\":\"Jornal J\\u00c1 | Porto Alegre\",\"url\":\"https:\\\/\\\/www.jornalja.com.br\\\/cultura\\\/\",\"telephone\":\"+555133307272\",\"logo\":{\"@type\":\"ImageObject\",\"url\":\"https:\\\/\\\/www.jornalja.com.br\\\/cultura\\\/wp-content\\\/uploads\\\/sites\\\/2\\\/2021\\\/05\\\/2020-logotipia-ja-35anos.jpg\",\"@id\":\"https:\\\/\\\/www.jornalja.com.br\\\/cultura\\\/meu-coracao-sempre-me-avisa-uma-homenagem-de-joao-maldonado-aos-65-anos-da-bossa-nova\\\/#organizationLogo\",\"width\":1067,\"height\":800},\"image\":{\"@id\":\"https:\\\/\\\/www.jornalja.com.br\\\/cultura\\\/meu-coracao-sempre-me-avisa-uma-homenagem-de-joao-maldonado-aos-65-anos-da-bossa-nova\\\/#organizationLogo\"},\"sameAs\":[\"https:\\\/\\\/www.instagram.com\\\/jornaljapoa\",\"https:\\\/\\\/www.youtube.com\\\/c\\\/JornalJ\"]},{\"@type\":\"Person\",\"@id\":\"https:\\\/\\\/www.jornalja.com.br\\\/cultura\\\/author\\\/daredacao\\\/#author\",\"url\":\"https:\\\/\\\/www.jornalja.com.br\\\/cultura\\\/author\\\/daredacao\\\/\",\"name\":\"da Reda\\u00e7\\u00e3o\",\"image\":{\"@type\":\"ImageObject\",\"@id\":\"https:\\\/\\\/www.jornalja.com.br\\\/cultura\\\/meu-coracao-sempre-me-avisa-uma-homenagem-de-joao-maldonado-aos-65-anos-da-bossa-nova\\\/#authorImage\",\"url\":\"https:\\\/\\\/secure.gravatar.com\\\/avatar\\\/469fd857d6605ad19919d27ed29d35a968a25f6e8fd9318356bbb7f57aae9c65?s=96&d=mm&r=g\",\"width\":96,\"height\":96,\"caption\":\"da Reda\\u00e7\\u00e3o\"}},{\"@type\":\"WebPage\",\"@id\":\"https:\\\/\\\/www.jornalja.com.br\\\/cultura\\\/meu-coracao-sempre-me-avisa-uma-homenagem-de-joao-maldonado-aos-65-anos-da-bossa-nova\\\/#webpage\",\"url\":\"https:\\\/\\\/www.jornalja.com.br\\\/cultura\\\/meu-coracao-sempre-me-avisa-uma-homenagem-de-joao-maldonado-aos-65-anos-da-bossa-nova\\\/\",\"name\":\"\\u201cMeu cora\\u00e7\\u00e3o sempre me avisa\\u201d, uma homenagem de Jo\\u00e3o Maldonado aos 65 anos da Bossa Nova, | Cultura\",\"description\":\"A m\\u00fasica, ser\\u00e1 lan\\u00e7ada no dia 1\\u00ba de setembro nesta sexta-feira em todas as plataformas de streaming, conta com as participa\\u00e7\\u00f5es de Roberto Menescal, da jovem cantautora Analu Sampaio e do baterista Paulo Braga, que tamb\\u00e9m faz parta da hist\\u00f3ria da Bossa Nova. Completam o time o baixista Luciano Albo e o flautista Franco Salvadoretti.\",\"inLanguage\":\"pt-BR\",\"isPartOf\":{\"@id\":\"https:\\\/\\\/www.jornalja.com.br\\\/cultura\\\/#website\"},\"breadcrumb\":{\"@id\":\"https:\\\/\\\/www.jornalja.com.br\\\/cultura\\\/meu-coracao-sempre-me-avisa-uma-homenagem-de-joao-maldonado-aos-65-anos-da-bossa-nova\\\/#breadcrumblist\"},\"author\":{\"@id\":\"https:\\\/\\\/www.jornalja.com.br\\\/cultura\\\/author\\\/daredacao\\\/#author\"},\"creator\":{\"@id\":\"https:\\\/\\\/www.jornalja.com.br\\\/cultura\\\/author\\\/daredacao\\\/#author\"},\"image\":{\"@type\":\"ImageObject\",\"url\":\"https:\\\/\\\/www.jornalja.com.br\\\/cultura\\\/wp-content\\\/uploads\\\/sites\\\/2\\\/2023\\\/08\\\/bossa-capa-do-single-meu-coracao-sempre-me-avisa.jpeg\",\"@id\":\"https:\\\/\\\/www.jornalja.com.br\\\/cultura\\\/meu-coracao-sempre-me-avisa-uma-homenagem-de-joao-maldonado-aos-65-anos-da-bossa-nova\\\/#mainImage\",\"width\":1600,\"height\":1600,\"caption\":\"CAPA do single \\\"Meu cora\\u00e7\\u00e3o sempre me avisa\\\"\\\/ Divulga\\u00e7\\u00e3o\"},\"primaryImageOfPage\":{\"@id\":\"https:\\\/\\\/www.jornalja.com.br\\\/cultura\\\/meu-coracao-sempre-me-avisa-uma-homenagem-de-joao-maldonado-aos-65-anos-da-bossa-nova\\\/#mainImage\"},\"datePublished\":\"2023-08-30T18:51:14-03:00\",\"dateModified\":\"2023-08-30T18:51:14-03:00\"},{\"@type\":\"WebSite\",\"@id\":\"https:\\\/\\\/www.jornalja.com.br\\\/cultura\\\/#website\",\"url\":\"https:\\\/\\\/www.jornalja.com.br\\\/cultura\\\/\",\"name\":\"Cultura\",\"description\":\"Jornal J\\u00c1 | Porto Alegre\",\"inLanguage\":\"pt-BR\",\"publisher\":{\"@id\":\"https:\\\/\\\/www.jornalja.com.br\\\/cultura\\\/#organization\"}}]}\n\t\t<\/script>\n\t\t<!-- All in One SEO -->\n\n","aioseo_head_json":{"title":"\u201cMeu cora\u00e7\u00e3o sempre me avisa\u201d, uma homenagem de Jo\u00e3o Maldonado aos 65 anos da Bossa Nova, | Cultura","description":"A m\u00fasica, ser\u00e1 lan\u00e7ada no dia 1\u00ba de setembro nesta sexta-feira em todas as plataformas de streaming, conta com as participa\u00e7\u00f5es de Roberto Menescal, da jovem cantautora Analu Sampaio e do baterista Paulo Braga, que tamb\u00e9m faz parta da hist\u00f3ria da Bossa Nova. Completam o time o baixista Luciano Albo e o flautista Franco Salvadoretti.","canonical_url":"https:\/\/www.jornalja.com.br\/cultura\/meu-coracao-sempre-me-avisa-uma-homenagem-de-joao-maldonado-aos-65-anos-da-bossa-nova\/","robots":"max-image-preview:large","keywords":"","webmasterTools":{"miscellaneous":""},"schema":{"@context":"https:\/\/schema.org","@graph":[{"@type":"Article","@id":"https:\/\/www.jornalja.com.br\/cultura\/meu-coracao-sempre-me-avisa-uma-homenagem-de-joao-maldonado-aos-65-anos-da-bossa-nova\/#article","name":"\u201cMeu cora\u00e7\u00e3o sempre me avisa\u201d, uma homenagem de Jo\u00e3o Maldonado aos 65 anos da Bossa Nova, | Cultura","headline":"\u201cMeu cora\u00e7\u00e3o sempre me avisa\u201d,  uma homenagem de Jo\u00e3o Maldonado aos 65 anos da Bossa Nova,","author":{"@id":"https:\/\/www.jornalja.com.br\/cultura\/author\/daredacao\/#author"},"publisher":{"@id":"https:\/\/www.jornalja.com.br\/cultura\/#organization"},"image":{"@type":"ImageObject","url":"https:\/\/www.jornalja.com.br\/cultura\/wp-content\/uploads\/sites\/2\/2023\/08\/bossa-capa-do-single-meu-coracao-sempre-me-avisa.jpeg","width":1600,"height":1600,"caption":"CAPA do single \"Meu cora\u00e7\u00e3o sempre me avisa\"\/ Divulga\u00e7\u00e3o"},"datePublished":"2023-08-30T18:51:14-03:00","dateModified":"2023-08-30T18:51:14-03:00","inLanguage":"pt-BR","mainEntityOfPage":{"@id":"https:\/\/www.jornalja.com.br\/cultura\/meu-coracao-sempre-me-avisa-uma-homenagem-de-joao-maldonado-aos-65-anos-da-bossa-nova\/#webpage"},"isPartOf":{"@id":"https:\/\/www.jornalja.com.br\/cultura\/meu-coracao-sempre-me-avisa-uma-homenagem-de-joao-maldonado-aos-65-anos-da-bossa-nova\/#webpage"},"articleSection":"Cultura-MAT\u00c9RIA"},{"@type":"BreadcrumbList","@id":"https:\/\/www.jornalja.com.br\/cultura\/meu-coracao-sempre-me-avisa-uma-homenagem-de-joao-maldonado-aos-65-anos-da-bossa-nova\/#breadcrumblist","itemListElement":[{"@type":"ListItem","@id":"https:\/\/www.jornalja.com.br\/cultura#listItem","position":1,"name":"Home","item":"https:\/\/www.jornalja.com.br\/cultura","nextItem":{"@type":"ListItem","@id":"https:\/\/www.jornalja.com.br\/cultura\/category\/materiasecundaria\/#listItem","name":"Cultura-MAT\u00c9RIA"}},{"@type":"ListItem","@id":"https:\/\/www.jornalja.com.br\/cultura\/category\/materiasecundaria\/#listItem","position":2,"name":"Cultura-MAT\u00c9RIA","item":"https:\/\/www.jornalja.com.br\/cultura\/category\/materiasecundaria\/","nextItem":{"@type":"ListItem","@id":"https:\/\/www.jornalja.com.br\/cultura\/meu-coracao-sempre-me-avisa-uma-homenagem-de-joao-maldonado-aos-65-anos-da-bossa-nova\/#listItem","name":"\u201cMeu cora\u00e7\u00e3o sempre me avisa\u201d,  uma homenagem de Jo\u00e3o Maldonado aos 65 anos da Bossa Nova,"},"previousItem":{"@type":"ListItem","@id":"https:\/\/www.jornalja.com.br\/cultura#listItem","name":"Home"}},{"@type":"ListItem","@id":"https:\/\/www.jornalja.com.br\/cultura\/meu-coracao-sempre-me-avisa-uma-homenagem-de-joao-maldonado-aos-65-anos-da-bossa-nova\/#listItem","position":3,"name":"\u201cMeu cora\u00e7\u00e3o sempre me avisa\u201d,  uma homenagem de Jo\u00e3o Maldonado aos 65 anos da Bossa Nova,","previousItem":{"@type":"ListItem","@id":"https:\/\/www.jornalja.com.br\/cultura\/category\/materiasecundaria\/#listItem","name":"Cultura-MAT\u00c9RIA"}}]},{"@type":"Organization","@id":"https:\/\/www.jornalja.com.br\/cultura\/#organization","name":"Jornal J\u00c1 Editora","description":"Jornal J\u00c1 | Porto Alegre","url":"https:\/\/www.jornalja.com.br\/cultura\/","telephone":"+555133307272","logo":{"@type":"ImageObject","url":"https:\/\/www.jornalja.com.br\/cultura\/wp-content\/uploads\/sites\/2\/2021\/05\/2020-logotipia-ja-35anos.jpg","@id":"https:\/\/www.jornalja.com.br\/cultura\/meu-coracao-sempre-me-avisa-uma-homenagem-de-joao-maldonado-aos-65-anos-da-bossa-nova\/#organizationLogo","width":1067,"height":800},"image":{"@id":"https:\/\/www.jornalja.com.br\/cultura\/meu-coracao-sempre-me-avisa-uma-homenagem-de-joao-maldonado-aos-65-anos-da-bossa-nova\/#organizationLogo"},"sameAs":["https:\/\/www.instagram.com\/jornaljapoa","https:\/\/www.youtube.com\/c\/JornalJ"]},{"@type":"Person","@id":"https:\/\/www.jornalja.com.br\/cultura\/author\/daredacao\/#author","url":"https:\/\/www.jornalja.com.br\/cultura\/author\/daredacao\/","name":"da Reda\u00e7\u00e3o","image":{"@type":"ImageObject","@id":"https:\/\/www.jornalja.com.br\/cultura\/meu-coracao-sempre-me-avisa-uma-homenagem-de-joao-maldonado-aos-65-anos-da-bossa-nova\/#authorImage","url":"https:\/\/secure.gravatar.com\/avatar\/469fd857d6605ad19919d27ed29d35a968a25f6e8fd9318356bbb7f57aae9c65?s=96&d=mm&r=g","width":96,"height":96,"caption":"da Reda\u00e7\u00e3o"}},{"@type":"WebPage","@id":"https:\/\/www.jornalja.com.br\/cultura\/meu-coracao-sempre-me-avisa-uma-homenagem-de-joao-maldonado-aos-65-anos-da-bossa-nova\/#webpage","url":"https:\/\/www.jornalja.com.br\/cultura\/meu-coracao-sempre-me-avisa-uma-homenagem-de-joao-maldonado-aos-65-anos-da-bossa-nova\/","name":"\u201cMeu cora\u00e7\u00e3o sempre me avisa\u201d, uma homenagem de Jo\u00e3o Maldonado aos 65 anos da Bossa Nova, | Cultura","description":"A m\u00fasica, ser\u00e1 lan\u00e7ada no dia 1\u00ba de setembro nesta sexta-feira em todas as plataformas de streaming, conta com as participa\u00e7\u00f5es de Roberto Menescal, da jovem cantautora Analu Sampaio e do baterista Paulo Braga, que tamb\u00e9m faz parta da hist\u00f3ria da Bossa Nova. Completam o time o baixista Luciano Albo e o flautista Franco Salvadoretti.","inLanguage":"pt-BR","isPartOf":{"@id":"https:\/\/www.jornalja.com.br\/cultura\/#website"},"breadcrumb":{"@id":"https:\/\/www.jornalja.com.br\/cultura\/meu-coracao-sempre-me-avisa-uma-homenagem-de-joao-maldonado-aos-65-anos-da-bossa-nova\/#breadcrumblist"},"author":{"@id":"https:\/\/www.jornalja.com.br\/cultura\/author\/daredacao\/#author"},"creator":{"@id":"https:\/\/www.jornalja.com.br\/cultura\/author\/daredacao\/#author"},"image":{"@type":"ImageObject","url":"https:\/\/www.jornalja.com.br\/cultura\/wp-content\/uploads\/sites\/2\/2023\/08\/bossa-capa-do-single-meu-coracao-sempre-me-avisa.jpeg","@id":"https:\/\/www.jornalja.com.br\/cultura\/meu-coracao-sempre-me-avisa-uma-homenagem-de-joao-maldonado-aos-65-anos-da-bossa-nova\/#mainImage","width":1600,"height":1600,"caption":"CAPA do single \"Meu cora\u00e7\u00e3o sempre me avisa\"\/ Divulga\u00e7\u00e3o"},"primaryImageOfPage":{"@id":"https:\/\/www.jornalja.com.br\/cultura\/meu-coracao-sempre-me-avisa-uma-homenagem-de-joao-maldonado-aos-65-anos-da-bossa-nova\/#mainImage"},"datePublished":"2023-08-30T18:51:14-03:00","dateModified":"2023-08-30T18:51:14-03:00"},{"@type":"WebSite","@id":"https:\/\/www.jornalja.com.br\/cultura\/#website","url":"https:\/\/www.jornalja.com.br\/cultura\/","name":"Cultura","description":"Jornal J\u00c1 | Porto Alegre","inLanguage":"pt-BR","publisher":{"@id":"https:\/\/www.jornalja.com.br\/cultura\/#organization"}}]},"og:locale":"pt_BR","og:site_name":"Cultura","og:type":"article","og:title":"\u201cMeu cora\u00e7\u00e3o sempre me avisa\u201d, uma homenagem de Jo\u00e3o Maldonado aos 65 anos da Bossa Nova, | Cultura","og:description":"A m\u00fasica, ser\u00e1 lan\u00e7ada no dia 1\u00ba de setembro nesta sexta-feira em todas as plataformas de streaming, conta com as participa\u00e7\u00f5es de Roberto Menescal, da jovem cantautora Analu Sampaio e do baterista Paulo Braga, que tamb\u00e9m faz parta da hist\u00f3ria da Bossa Nova. Completam o time o baixista Luciano Albo e o flautista Franco Salvadoretti.","og:url":"https:\/\/www.jornalja.com.br\/cultura\/meu-coracao-sempre-me-avisa-uma-homenagem-de-joao-maldonado-aos-65-anos-da-bossa-nova\/","og:image":"https:\/\/www.jornalja.com.br\/cultura\/wp-content\/uploads\/sites\/2\/2023\/08\/bossa-0230519-analu-sampaio-no-studio-soma-foto-nilton-santolin-151316-300x225.jpg","og:image:secure_url":"https:\/\/www.jornalja.com.br\/cultura\/wp-content\/uploads\/sites\/2\/2023\/08\/bossa-0230519-analu-sampaio-no-studio-soma-foto-nilton-santolin-151316-300x225.jpg","article:published_time":"2023-08-30T21:51:14+00:00","article:modified_time":"2023-08-30T21:51:14+00:00","article:publisher":"https:\/\/www.facebook.com\/jornaljanaweb","twitter:card":"summary","twitter:site":"@jornal_ja","twitter:title":"\u201cMeu cora\u00e7\u00e3o sempre me avisa\u201d, uma homenagem de Jo\u00e3o Maldonado aos 65 anos da Bossa Nova, | Cultura","twitter:description":"A m\u00fasica, ser\u00e1 lan\u00e7ada no dia 1\u00ba de setembro nesta sexta-feira em todas as plataformas de streaming, conta com as participa\u00e7\u00f5es de Roberto Menescal, da jovem cantautora Analu Sampaio e do baterista Paulo Braga, que tamb\u00e9m faz parta da hist\u00f3ria da Bossa Nova. Completam o time o baixista Luciano Albo e o flautista Franco Salvadoretti.","twitter:image":"https:\/\/www.jornalja.com.br\/cultura\/wp-content\/uploads\/sites\/2\/2023\/08\/bossa-0230519-analu-sampaio-no-studio-soma-foto-nilton-santolin-151316-300x225.jpg"},"aioseo_meta_data":{"post_id":"88284","title":null,"description":null,"keywords":[],"keyphrases":{"focus":{"keyphrase":"","score":0,"analysis":{"keyphraseInTitle":{"score":0,"maxScore":9,"error":1}}},"additional":[]},"primary_term":null,"canonical_url":null,"og_title":null,"og_description":null,"og_object_type":"default","og_image_type":"default","og_image_url":null,"og_image_width":null,"og_image_height":null,"og_image_custom_url":null,"og_image_custom_fields":null,"og_video":"","og_custom_url":null,"og_article_section":null,"og_article_tags":[],"twitter_use_og":false,"twitter_card":"default","twitter_image_type":"default","twitter_image_url":null,"twitter_image_custom_url":null,"twitter_image_custom_fields":null,"twitter_title":null,"twitter_description":null,"schema":{"blockGraphs":[],"customGraphs":[],"default":{"data":{"Article":[],"Course":[],"Dataset":[],"FAQPage":[],"Movie":[],"Person":[],"Product":[],"ProductReview":[],"Car":[],"Recipe":[],"Service":[],"SoftwareApplication":[],"WebPage":[]},"graphName":"Article","isEnabled":true},"graphs":[]},"schema_type":"default","schema_type_options":null,"pillar_content":false,"robots_default":true,"robots_noindex":false,"robots_noarchive":false,"robots_nosnippet":false,"robots_nofollow":false,"robots_noimageindex":false,"robots_noodp":false,"robots_notranslate":false,"robots_max_snippet":"-1","robots_max_videopreview":"-1","robots_max_imagepreview":"large","priority":null,"frequency":"default","location":null,"local_seo":null,"breadcrumb_settings":null,"limit_modified_date":false,"ai":null,"created":"2023-08-30 21:24:31","updated":"2025-06-04 13:45:42","seo_analyzer_scan_date":null,"focus_keyword":null,"additional_keywords":null,"truseo_locale":null},"jetpack_publicize_connections":[],"jetpack-related-posts":[{"id":89385,"url":"https:\/\/www.jornalja.com.br\/cultura\/joao-maldonado-lanca-financiamento-coletivo-para-album-em-homenagem-a-bossa-nova\/","url_meta":{"origin":88284,"position":0},"title":"Jo\u00e3o Maldonado lan\u00e7a financiamento coletivo para \u00e1lbum em homenagem \u00e0 Bossa Nova","author":"da Reda\u00e7\u00e3o","date":"23 de abril de 2024","format":false,"excerpt":"\u201cTodas as can\u00e7\u00f5es\u201d conta com v\u00e1rias participa\u00e7\u00f5es especiais, como Roberto Menescal, Paulo Braga, M\u00fa Carvalho e Antonio Villeroy, que presenteia o trabalho com m\u00fasica in\u00e9dita Pianista, compositor, arranjador e produtor, Jo\u00e3o Maldonado encontra-se na realiza\u00e7\u00e3o de mais um trabalho. O \u00e1lbum \u201cTodas as can\u00e7\u00f5es\u201d vai reunir nomes importantes da m\u00fasica\u2026","rel":"","context":"Em &quot;Cultura-NOTAS&quot;","block_context":{"text":"Cultura-NOTAS","link":"https:\/\/www.jornalja.com.br\/cultura\/category\/culturanotas\/"},"img":{"alt_text":"","src":"https:\/\/i0.wp.com\/www.jornalja.com.br\/cultura\/wp-content\/uploads\/sites\/2\/2024\/04\/joao-joao-maldonado-foto-marcelo-nunes-4-scaled.jpg?resize=350%2C200&ssl=1","width":350,"height":200,"srcset":"https:\/\/i0.wp.com\/www.jornalja.com.br\/cultura\/wp-content\/uploads\/sites\/2\/2024\/04\/joao-joao-maldonado-foto-marcelo-nunes-4-scaled.jpg?resize=350%2C200&ssl=1 1x, https:\/\/i0.wp.com\/www.jornalja.com.br\/cultura\/wp-content\/uploads\/sites\/2\/2024\/04\/joao-joao-maldonado-foto-marcelo-nunes-4-scaled.jpg?resize=525%2C300&ssl=1 1.5x, https:\/\/i0.wp.com\/www.jornalja.com.br\/cultura\/wp-content\/uploads\/sites\/2\/2024\/04\/joao-joao-maldonado-foto-marcelo-nunes-4-scaled.jpg?resize=700%2C400&ssl=1 2x, https:\/\/i0.wp.com\/www.jornalja.com.br\/cultura\/wp-content\/uploads\/sites\/2\/2024\/04\/joao-joao-maldonado-foto-marcelo-nunes-4-scaled.jpg?resize=1050%2C600&ssl=1 3x, https:\/\/i0.wp.com\/www.jornalja.com.br\/cultura\/wp-content\/uploads\/sites\/2\/2024\/04\/joao-joao-maldonado-foto-marcelo-nunes-4-scaled.jpg?resize=1400%2C800&ssl=1 4x"},"classes":[]},{"id":83131,"url":"https:\/\/www.jornalja.com.br\/cultura\/sem-voce-nao-sou-ninguem-bossa-nova-contemporanea-com-levada-feminina\/","url_meta":{"origin":88284,"position":1},"title":"\u201cSem voc\u00ea\u00a0n\u00e3o sou ningu\u00e9m\u201d:\u00a0bossa nova contempor\u00e2nea com levada feminina","author":"da Reda\u00e7\u00e3o","date":"1 de dezembro de 2020","format":false,"excerpt":"\u00a0 \u00a0 A\u00a0Loop Discos lan\u00e7a\u00a0no dia\u00a011 de dezembro\u00a0(sexta-feira), em todas as plataformas digitais, o\u00a0single\u00a0\u201cSem voc\u00ea\u00a0n\u00e3o sou ningu\u00e9m\u201d. A\u00a0Bossa Nova\u00a0foi\u00a0composta durante a pandemia pelo casal Roberta Amaral, jornalista e Jo\u00e3o Maldonado, pianista, com letra do baixista Netho Vignol. O single composto por ga\u00fachos resgata a originalidade da Bossa Nova e\u00a0\u00e9 levada\u2026","rel":"","context":"Em &quot;Cultura-MAT\u00c9RIA&quot;","block_context":{"text":"Cultura-MAT\u00c9RIA","link":"https:\/\/www.jornalja.com.br\/cultura\/category\/materiasecundaria\/"},"img":{"alt_text":"","src":"https:\/\/i0.wp.com\/www.jornalja.com.br\/cultura\/wp-content\/uploads\/sites\/2\/2020\/12\/bossa-nova-sem-voce-nao-sou-ninguem-arte-aline-stoffel.png?resize=350%2C200&ssl=1","width":350,"height":200,"srcset":"https:\/\/i0.wp.com\/www.jornalja.com.br\/cultura\/wp-content\/uploads\/sites\/2\/2020\/12\/bossa-nova-sem-voce-nao-sou-ninguem-arte-aline-stoffel.png?resize=350%2C200&ssl=1 1x, https:\/\/i0.wp.com\/www.jornalja.com.br\/cultura\/wp-content\/uploads\/sites\/2\/2020\/12\/bossa-nova-sem-voce-nao-sou-ninguem-arte-aline-stoffel.png?resize=525%2C300&ssl=1 1.5x, https:\/\/i0.wp.com\/www.jornalja.com.br\/cultura\/wp-content\/uploads\/sites\/2\/2020\/12\/bossa-nova-sem-voce-nao-sou-ninguem-arte-aline-stoffel.png?resize=700%2C400&ssl=1 2x, https:\/\/i0.wp.com\/www.jornalja.com.br\/cultura\/wp-content\/uploads\/sites\/2\/2020\/12\/bossa-nova-sem-voce-nao-sou-ninguem-arte-aline-stoffel.png?resize=1050%2C600&ssl=1 3x, https:\/\/i0.wp.com\/www.jornalja.com.br\/cultura\/wp-content\/uploads\/sites\/2\/2020\/12\/bossa-nova-sem-voce-nao-sou-ninguem-arte-aline-stoffel.png?resize=1400%2C800&ssl=1 4x"},"classes":[]},{"id":82780,"url":"https:\/\/www.jornalja.com.br\/cultura\/recital-de-piano-em-casa-com-joao-maldonado-na-reabertura-parcial-do-espaco-473\/","url_meta":{"origin":88284,"position":2},"title":"&#8220;Recital de piano em casa&#8221;, com Jo\u00e3o Maldonado, na reabertura parcial do Espa\u00e7o 373","author":"da Reda\u00e7\u00e3o","date":"30 de setembro de 2020","format":false,"excerpt":"No dia 7 de outubro (quarta-feira), \u00e0s\u00a020h,\u00a0Jo\u00e3o Maldonado celebra 56 anos de vida e 37 de carreira com o show \u201cRecital de Piano em Casa\u201d.\u00a0O\u00a0projeto foi contemplado no FAC Digital RS, edital da Secretaria de Estado da Cultura promovido, em parceria com a Universidade Feevale, de Novo Hamburgo. A\u00a0live\u00a0acontece, simultaneamente,\u2026","rel":"","context":"Em &quot;Cultura-MAT\u00c9RIA&quot;","block_context":{"text":"Cultura-MAT\u00c9RIA","link":"https:\/\/www.jornalja.com.br\/cultura\/category\/materiasecundaria\/"},"img":{"alt_text":"","src":"https:\/\/i0.wp.com\/www.jornalja.com.br\/cultura\/wp-content\/uploads\/sites\/2\/2020\/09\/recital-joao-maldonado-foto-roberta-amaral-scaled.jpg?resize=350%2C200&ssl=1","width":350,"height":200,"srcset":"https:\/\/i0.wp.com\/www.jornalja.com.br\/cultura\/wp-content\/uploads\/sites\/2\/2020\/09\/recital-joao-maldonado-foto-roberta-amaral-scaled.jpg?resize=350%2C200&ssl=1 1x, https:\/\/i0.wp.com\/www.jornalja.com.br\/cultura\/wp-content\/uploads\/sites\/2\/2020\/09\/recital-joao-maldonado-foto-roberta-amaral-scaled.jpg?resize=525%2C300&ssl=1 1.5x, https:\/\/i0.wp.com\/www.jornalja.com.br\/cultura\/wp-content\/uploads\/sites\/2\/2020\/09\/recital-joao-maldonado-foto-roberta-amaral-scaled.jpg?resize=700%2C400&ssl=1 2x, https:\/\/i0.wp.com\/www.jornalja.com.br\/cultura\/wp-content\/uploads\/sites\/2\/2020\/09\/recital-joao-maldonado-foto-roberta-amaral-scaled.jpg?resize=1050%2C600&ssl=1 3x, https:\/\/i0.wp.com\/www.jornalja.com.br\/cultura\/wp-content\/uploads\/sites\/2\/2020\/09\/recital-joao-maldonado-foto-roberta-amaral-scaled.jpg?resize=1400%2C800&ssl=1 4x"},"classes":[]},{"id":87994,"url":"https:\/\/www.jornalja.com.br\/cultura\/do-rock-ao-jazz-joao-maldonado-celebra-40-anos-de-carreira-com-show-no-teatro-olga-reberbel\/","url_meta":{"origin":88284,"position":3},"title":"Do rock ao jazz, Jo\u00e3o Maldonado celebra 40 anos de carreira com show no Teatro Olga Reberbel","author":"da Reda\u00e7\u00e3o","date":"26 de junho de 2023","format":false,"excerpt":"Al\u00e9m das instrumentais que est\u00e3o no recente \u00e1lbum\u00a0OITO, o pianista lan\u00e7a o clipe de \u201cNunca mais voltar\u201d, do TNT, banda que integrou no final dos anos 1980. A apresenta\u00e7\u00e3o acontece no dia 1\u00ba de julho, \u00e0s 19h O ditado \u201cO mundo d\u00e1 voltas\u201d \u00e9 o que mais representa a hist\u00f3ria\u2026","rel":"","context":"Em &quot;Cultura-MAT\u00c9RIA&quot;","block_context":{"text":"Cultura-MAT\u00c9RIA","link":"https:\/\/www.jornalja.com.br\/cultura\/category\/materiasecundaria\/"},"img":{"alt_text":"","src":"https:\/\/i0.wp.com\/www.jornalja.com.br\/cultura\/wp-content\/uploads\/sites\/2\/2023\/06\/joao-3-img-9926-scaled-e1687891079410.jpg?resize=350%2C200&ssl=1","width":350,"height":200,"srcset":"https:\/\/i0.wp.com\/www.jornalja.com.br\/cultura\/wp-content\/uploads\/sites\/2\/2023\/06\/joao-3-img-9926-scaled-e1687891079410.jpg?resize=350%2C200&ssl=1 1x, https:\/\/i0.wp.com\/www.jornalja.com.br\/cultura\/wp-content\/uploads\/sites\/2\/2023\/06\/joao-3-img-9926-scaled-e1687891079410.jpg?resize=525%2C300&ssl=1 1.5x, https:\/\/i0.wp.com\/www.jornalja.com.br\/cultura\/wp-content\/uploads\/sites\/2\/2023\/06\/joao-3-img-9926-scaled-e1687891079410.jpg?resize=700%2C400&ssl=1 2x, https:\/\/i0.wp.com\/www.jornalja.com.br\/cultura\/wp-content\/uploads\/sites\/2\/2023\/06\/joao-3-img-9926-scaled-e1687891079410.jpg?resize=1050%2C600&ssl=1 3x, https:\/\/i0.wp.com\/www.jornalja.com.br\/cultura\/wp-content\/uploads\/sites\/2\/2023\/06\/joao-3-img-9926-scaled-e1687891079410.jpg?resize=1400%2C800&ssl=1 4x"},"classes":[]},{"id":84960,"url":"https:\/\/www.jornalja.com.br\/cultura\/guitarrista-norte-americano-phill-fest-se-apresenta-domingo-no-butia\/","url_meta":{"origin":88284,"position":4},"title":"Guitarrista norte-americano Phill Fest se apresenta domingo no Buti\u00e1","author":"da Reda\u00e7\u00e3o","date":"14 de outubro de 2021","format":false,"excerpt":"Em passagem pelo Brasil, o\u00a0guitarrista norte-americano Phill Fest\u00a0sobe ao palco do\u00a0Buti\u00e1, no\u00a0pr\u00f3ximo domingo (17), para um final de tarde de jazz e, tamb\u00e9m, de bossa nova. Al\u00e9m de\u00a0Nico Bueno (baixo),\u00a0Ronie Martinez (bateria), o show contar\u00e1 com a participa\u00e7\u00e3o especial do\u00a0pianista Jo\u00e3o Maldonado.\u00a0No repert\u00f3rio, os cl\u00e1ssicos \u201cAutumn Leaves\u201d, de Jacques Pr\u00e9vert\u2026","rel":"","context":"Em &quot;Cultura-MAT\u00c9RIA&quot;","block_context":{"text":"Cultura-MAT\u00c9RIA","link":"https:\/\/www.jornalja.com.br\/cultura\/category\/materiasecundaria\/"},"img":{"alt_text":"","src":"https:\/\/i0.wp.com\/www.jornalja.com.br\/cultura\/wp-content\/uploads\/sites\/2\/2021\/10\/phill-fest-foto-david-fauss-scaled.jpg?resize=350%2C200&ssl=1","width":350,"height":200,"srcset":"https:\/\/i0.wp.com\/www.jornalja.com.br\/cultura\/wp-content\/uploads\/sites\/2\/2021\/10\/phill-fest-foto-david-fauss-scaled.jpg?resize=350%2C200&ssl=1 1x, https:\/\/i0.wp.com\/www.jornalja.com.br\/cultura\/wp-content\/uploads\/sites\/2\/2021\/10\/phill-fest-foto-david-fauss-scaled.jpg?resize=525%2C300&ssl=1 1.5x, https:\/\/i0.wp.com\/www.jornalja.com.br\/cultura\/wp-content\/uploads\/sites\/2\/2021\/10\/phill-fest-foto-david-fauss-scaled.jpg?resize=700%2C400&ssl=1 2x, https:\/\/i0.wp.com\/www.jornalja.com.br\/cultura\/wp-content\/uploads\/sites\/2\/2021\/10\/phill-fest-foto-david-fauss-scaled.jpg?resize=1050%2C600&ssl=1 3x, https:\/\/i0.wp.com\/www.jornalja.com.br\/cultura\/wp-content\/uploads\/sites\/2\/2021\/10\/phill-fest-foto-david-fauss-scaled.jpg?resize=1400%2C800&ssl=1 4x"},"classes":[]},{"id":85769,"url":"https:\/\/www.jornalja.com.br\/cultura\/samba-choro-e-jazz-no-chapeu-acustico-com-lucas-brum-trio\/","url_meta":{"origin":88284,"position":5},"title":"Samba, choro e jazz no Chap\u00e9u Ac\u00fastico, com Lucas Brum Trio","author":"da Reda\u00e7\u00e3o","date":"9 de abril de 2022","format":false,"excerpt":"A Biblioteca P\u00fablica do Estado (BPE), institui\u00e7\u00e3o da Secretaria de Estado da Cultura, apresenta, no projeto Chap\u00e9u Ac\u00fastico, o show Lucas Brum Trio, com Lucas Brum (guitarra el\u00e9trica), Caio Maurente (baixo ac\u00fastico) e Mano Gomes (bateria). O evento ocorre dia 12 de abril (ter\u00e7a-feira), \u00e0s 19h, no Sal\u00e3o Mourisco da\u2026","rel":"","context":"Em &quot;Cultura-MAT\u00c9RIA&quot;","block_context":{"text":"Cultura-MAT\u00c9RIA","link":"https:\/\/www.jornalja.com.br\/cultura\/category\/materiasecundaria\/"},"img":{"alt_text":"","src":"https:\/\/i0.wp.com\/www.jornalja.com.br\/cultura\/wp-content\/uploads\/sites\/2\/2022\/04\/chapeu-lucas-brum-foto-bruno-dos-anjos-scaled.jpg?resize=350%2C200&ssl=1","width":350,"height":200,"srcset":"https:\/\/i0.wp.com\/www.jornalja.com.br\/cultura\/wp-content\/uploads\/sites\/2\/2022\/04\/chapeu-lucas-brum-foto-bruno-dos-anjos-scaled.jpg?resize=350%2C200&ssl=1 1x, https:\/\/i0.wp.com\/www.jornalja.com.br\/cultura\/wp-content\/uploads\/sites\/2\/2022\/04\/chapeu-lucas-brum-foto-bruno-dos-anjos-scaled.jpg?resize=525%2C300&ssl=1 1.5x, https:\/\/i0.wp.com\/www.jornalja.com.br\/cultura\/wp-content\/uploads\/sites\/2\/2022\/04\/chapeu-lucas-brum-foto-bruno-dos-anjos-scaled.jpg?resize=700%2C400&ssl=1 2x, https:\/\/i0.wp.com\/www.jornalja.com.br\/cultura\/wp-content\/uploads\/sites\/2\/2022\/04\/chapeu-lucas-brum-foto-bruno-dos-anjos-scaled.jpg?resize=1050%2C600&ssl=1 3x, https:\/\/i0.wp.com\/www.jornalja.com.br\/cultura\/wp-content\/uploads\/sites\/2\/2022\/04\/chapeu-lucas-brum-foto-bruno-dos-anjos-scaled.jpg?resize=1400%2C800&ssl=1 4x"},"classes":[]}],"jetpack_shortlink":"https:\/\/wp.me\/pbKnZc-mXW","jetpack_sharing_enabled":true,"jetpack_featured_media_url":"https:\/\/www.jornalja.com.br\/cultura\/wp-content\/uploads\/sites\/2\/2023\/08\/bossa-capa-do-single-meu-coracao-sempre-me-avisa.jpeg","_links":{"self":[{"href":"https:\/\/www.jornalja.com.br\/cultura\/wp-json\/wp\/v2\/posts\/88284","targetHints":{"allow":["GET"]}}],"collection":[{"href":"https:\/\/www.jornalja.com.br\/cultura\/wp-json\/wp\/v2\/posts"}],"about":[{"href":"https:\/\/www.jornalja.com.br\/cultura\/wp-json\/wp\/v2\/types\/post"}],"author":[{"embeddable":true,"href":"https:\/\/www.jornalja.com.br\/cultura\/wp-json\/wp\/v2\/users\/4"}],"replies":[{"embeddable":true,"href":"https:\/\/www.jornalja.com.br\/cultura\/wp-json\/wp\/v2\/comments?post=88284"}],"version-history":[{"count":1,"href":"https:\/\/www.jornalja.com.br\/cultura\/wp-json\/wp\/v2\/posts\/88284\/revisions"}],"predecessor-version":[{"id":88289,"href":"https:\/\/www.jornalja.com.br\/cultura\/wp-json\/wp\/v2\/posts\/88284\/revisions\/88289"}],"wp:featuredmedia":[{"embeddable":true,"href":"https:\/\/www.jornalja.com.br\/cultura\/wp-json\/wp\/v2\/media\/88286"}],"wp:attachment":[{"href":"https:\/\/www.jornalja.com.br\/cultura\/wp-json\/wp\/v2\/media?parent=88284"}],"wp:term":[{"taxonomy":"category","embeddable":true,"href":"https:\/\/www.jornalja.com.br\/cultura\/wp-json\/wp\/v2\/categories?post=88284"},{"taxonomy":"post_tag","embeddable":true,"href":"https:\/\/www.jornalja.com.br\/cultura\/wp-json\/wp\/v2\/tags?post=88284"}],"curies":[{"name":"wp","href":"https:\/\/api.w.org\/{rel}","templated":true}]}}