{"id":88924,"date":"2024-01-04T15:47:05","date_gmt":"2024-01-04T18:47:05","guid":{"rendered":"https:\/\/www.jornalja.com.br\/cultura\/?p=88924"},"modified":"2024-01-04T21:15:33","modified_gmt":"2024-01-05T00:15:33","slug":"a-capacidade-de-captar-o-mundo-na-mostra-fotografica-de-heloiza-averbuck-e-zulaine-santos","status":"publish","type":"post","link":"https:\/\/www.jornalja.com.br\/cultura\/a-capacidade-de-captar-o-mundo-na-mostra-fotografica-de-heloiza-averbuck-e-zulaine-santos\/","title":{"rendered":"A capacidade de captar o (In) Comum, na mostra fotogr\u00e1fica de Heloiza Averbuck e Zulaine Santos"},"content":{"rendered":"<p>&nbsp;<\/p>\n<p>Segundo a apresenta\u00e7\u00e3o do fot\u00f3grafo e autor da concep\u00e7\u00e3o da mostra Alexandre Eckert,\u00a0 &#8221; a possibilidade de captar o mundo est\u00e1 dispon\u00edvel para todos. Nosso perceber \u00e9 um universo amplo e repleto de fragmentos que est\u00e3o gravados nas<br \/>\nmem\u00f3rias, na viv\u00eancia e nas experi\u00eancias de cada um de n\u00f3s.<\/p>\n<figure id=\"attachment_88944\" aria-describedby=\"caption-attachment-88944\" style=\"width: 300px\" class=\"wp-caption alignnone\"><img loading=\"lazy\" decoding=\"async\" data-attachment-id=\"88944\" data-permalink=\"https:\/\/www.jornalja.com.br\/cultura\/a-capacidade-de-captar-o-mundo-na-mostra-fotografica-de-heloiza-averbuck-e-zulaine-santos\/carlos-eu-sou-mata\/\" data-orig-file=\"https:\/\/www.jornalja.com.br\/cultura\/wp-content\/uploads\/sites\/2\/2024\/01\/carlos-eu-sou-mata.jpg\" data-orig-size=\"1920,1878\" data-comments-opened=\"0\" data-image-meta=\"{&quot;aperture&quot;:&quot;0&quot;,&quot;credit&quot;:&quot;&quot;,&quot;camera&quot;:&quot;&quot;,&quot;caption&quot;:&quot;&quot;,&quot;created_timestamp&quot;:&quot;0&quot;,&quot;copyright&quot;:&quot;&quot;,&quot;focal_length&quot;:&quot;0&quot;,&quot;iso&quot;:&quot;0&quot;,&quot;shutter_speed&quot;:&quot;0&quot;,&quot;title&quot;:&quot;&quot;,&quot;orientation&quot;:&quot;0&quot;}\" data-image-title=\"carlos EU SOU MATA\" data-image-description=\"\" data-image-caption=\"\" data-large-file=\"https:\/\/www.jornalja.com.br\/cultura\/wp-content\/uploads\/sites\/2\/2024\/01\/carlos-eu-sou-mata-1024x1002.jpg\" class=\"wp-image-88944 size-medium\" src=\"https:\/\/www.jornalja.com.br\/cultura\/wp-content\/uploads\/sites\/2\/2024\/01\/carlos-eu-sou-mata-300x293.jpg\" alt=\"\" width=\"300\" height=\"293\" srcset=\"https:\/\/www.jornalja.com.br\/cultura\/wp-content\/uploads\/sites\/2\/2024\/01\/carlos-eu-sou-mata-300x293.jpg 300w, https:\/\/www.jornalja.com.br\/cultura\/wp-content\/uploads\/sites\/2\/2024\/01\/carlos-eu-sou-mata-1024x1002.jpg 1024w, https:\/\/www.jornalja.com.br\/cultura\/wp-content\/uploads\/sites\/2\/2024\/01\/carlos-eu-sou-mata-768x751.jpg 768w, https:\/\/www.jornalja.com.br\/cultura\/wp-content\/uploads\/sites\/2\/2024\/01\/carlos-eu-sou-mata-1536x1502.jpg 1536w, https:\/\/www.jornalja.com.br\/cultura\/wp-content\/uploads\/sites\/2\/2024\/01\/carlos-eu-sou-mata-1200x1174.jpg 1200w, https:\/\/www.jornalja.com.br\/cultura\/wp-content\/uploads\/sites\/2\/2024\/01\/carlos-eu-sou-mata.jpg 1920w\" sizes=\"auto, (max-width: 300px) 100vw, 300px\" \/><figcaption id=\"caption-attachment-88944\" class=\"wp-caption-text\">Obra de Zulaine Santos\/ Divulga\u00e7\u00e3o<\/figcaption><\/figure>\n<p>A exposi\u00e7\u00e3o de fotografias &#8220;In comum&#8221; permeia, flui e costura dois universos paralelos, nos quais o encontro \u00e9 inevit\u00e1vel: em um ponto que pode estar no infinito ou no tempo presente, onde a narrativa se expressa<br \/>\nnos detalhes, no aparente e no impercept\u00edvel que vagam entre o sonho e a realidade.<\/p>\n<figure id=\"attachment_88943\" aria-describedby=\"caption-attachment-88943\" style=\"width: 231px\" class=\"wp-caption alignnone\"><img loading=\"lazy\" decoding=\"async\" data-attachment-id=\"88943\" data-permalink=\"https:\/\/www.jornalja.com.br\/cultura\/a-capacidade-de-captar-o-mundo-na-mostra-fotografica-de-heloiza-averbuck-e-zulaine-santos\/carlos-big-hat\/\" data-orig-file=\"https:\/\/www.jornalja.com.br\/cultura\/wp-content\/uploads\/sites\/2\/2024\/01\/carlos-big-hat-scaled.jpg\" data-orig-size=\"1975,2560\" data-comments-opened=\"0\" data-image-meta=\"{&quot;aperture&quot;:&quot;2&quot;,&quot;credit&quot;:&quot;Heloiza Averbuck)&quot;,&quot;camera&quot;:&quot;XT1563&quot;,&quot;caption&quot;:&quot;&quot;,&quot;created_timestamp&quot;:&quot;1495880124&quot;,&quot;copyright&quot;:&quot;&quot;,&quot;focal_length&quot;:&quot;4.67&quot;,&quot;iso&quot;:&quot;80&quot;,&quot;shutter_speed&quot;:&quot;0.00999&quot;,&quot;title&quot;:&quot;&quot;,&quot;orientation&quot;:&quot;1&quot;}\" data-image-title=\"carlos Big Hat\" data-image-description=\"\" data-image-caption=\"\" data-large-file=\"https:\/\/www.jornalja.com.br\/cultura\/wp-content\/uploads\/sites\/2\/2024\/01\/carlos-big-hat-790x1024.jpg\" class=\"wp-image-88943 size-medium\" src=\"https:\/\/www.jornalja.com.br\/cultura\/wp-content\/uploads\/sites\/2\/2024\/01\/carlos-big-hat-231x300.jpg\" alt=\"\" width=\"231\" height=\"300\" srcset=\"https:\/\/www.jornalja.com.br\/cultura\/wp-content\/uploads\/sites\/2\/2024\/01\/carlos-big-hat-231x300.jpg 231w, https:\/\/www.jornalja.com.br\/cultura\/wp-content\/uploads\/sites\/2\/2024\/01\/carlos-big-hat-790x1024.jpg 790w, https:\/\/www.jornalja.com.br\/cultura\/wp-content\/uploads\/sites\/2\/2024\/01\/carlos-big-hat-768x996.jpg 768w, https:\/\/www.jornalja.com.br\/cultura\/wp-content\/uploads\/sites\/2\/2024\/01\/carlos-big-hat-1185x1536.jpg 1185w, https:\/\/www.jornalja.com.br\/cultura\/wp-content\/uploads\/sites\/2\/2024\/01\/carlos-big-hat-1580x2048.jpg 1580w, https:\/\/www.jornalja.com.br\/cultura\/wp-content\/uploads\/sites\/2\/2024\/01\/carlos-big-hat-1200x1556.jpg 1200w, https:\/\/www.jornalja.com.br\/cultura\/wp-content\/uploads\/sites\/2\/2024\/01\/carlos-big-hat-scaled.jpg 1975w\" sizes=\"auto, (max-width: 231px) 100vw, 231px\" \/><figcaption id=\"caption-attachment-88943\" class=\"wp-caption-text\">Obra de Heloiza Averbuck\/ Divulga\u00e7\u00e3o<\/figcaption><\/figure>\n<p>Na proximidade do brilho do olhar, na explos\u00e3o das cores ou no sil\u00eancio e reflex\u00e3o do preto e branco, a arte e a fotografia de Heloiza Averbuck e Zulaine Santos est\u00e3o \u00e0 espera dos olhares de todos n\u00f3s, para encontrarmos na sua narrativa momentos de pura emo\u00e7\u00e3o.&#8221;<\/p>\n<figure id=\"attachment_88942\" aria-describedby=\"caption-attachment-88942\" style=\"width: 231px\" class=\"wp-caption alignnone\"><img loading=\"lazy\" decoding=\"async\" data-attachment-id=\"88942\" data-permalink=\"https:\/\/www.jornalja.com.br\/cultura\/a-capacidade-de-captar-o-mundo-na-mostra-fotografica-de-heloiza-averbuck-e-zulaine-santos\/carlos-arvorescer-45-x-30-h\/\" data-orig-file=\"https:\/\/www.jornalja.com.br\/cultura\/wp-content\/uploads\/sites\/2\/2024\/01\/carlos-arvorescer-45-x-30-h.jpeg\" data-orig-size=\"1735,2253\" data-comments-opened=\"0\" data-image-meta=\"{&quot;aperture&quot;:&quot;2.2&quot;,&quot;credit&quot;:&quot;&quot;,&quot;camera&quot;:&quot;SM-S906E&quot;,&quot;caption&quot;:&quot;&quot;,&quot;created_timestamp&quot;:&quot;1684089816&quot;,&quot;copyright&quot;:&quot;&quot;,&quot;focal_length&quot;:&quot;2.2&quot;,&quot;iso&quot;:&quot;50&quot;,&quot;shutter_speed&quot;:&quot;0.125&quot;,&quot;title&quot;:&quot;&quot;,&quot;orientation&quot;:&quot;1&quot;}\" data-image-title=\"carlos Arvorescer 45 X 30 H\" data-image-description=\"\" data-image-caption=\"\" data-large-file=\"https:\/\/www.jornalja.com.br\/cultura\/wp-content\/uploads\/sites\/2\/2024\/01\/carlos-arvorescer-45-x-30-h-789x1024.jpeg\" class=\"wp-image-88942 size-medium\" src=\"https:\/\/www.jornalja.com.br\/cultura\/wp-content\/uploads\/sites\/2\/2024\/01\/carlos-arvorescer-45-x-30-h-231x300.jpeg\" alt=\"\" width=\"231\" height=\"300\" srcset=\"https:\/\/www.jornalja.com.br\/cultura\/wp-content\/uploads\/sites\/2\/2024\/01\/carlos-arvorescer-45-x-30-h-231x300.jpeg 231w, https:\/\/www.jornalja.com.br\/cultura\/wp-content\/uploads\/sites\/2\/2024\/01\/carlos-arvorescer-45-x-30-h-789x1024.jpeg 789w, https:\/\/www.jornalja.com.br\/cultura\/wp-content\/uploads\/sites\/2\/2024\/01\/carlos-arvorescer-45-x-30-h-768x997.jpeg 768w, https:\/\/www.jornalja.com.br\/cultura\/wp-content\/uploads\/sites\/2\/2024\/01\/carlos-arvorescer-45-x-30-h-1183x1536.jpeg 1183w, https:\/\/www.jornalja.com.br\/cultura\/wp-content\/uploads\/sites\/2\/2024\/01\/carlos-arvorescer-45-x-30-h-1577x2048.jpeg 1577w, https:\/\/www.jornalja.com.br\/cultura\/wp-content\/uploads\/sites\/2\/2024\/01\/carlos-arvorescer-45-x-30-h-1200x1558.jpeg 1200w, https:\/\/www.jornalja.com.br\/cultura\/wp-content\/uploads\/sites\/2\/2024\/01\/carlos-arvorescer-45-x-30-h.jpeg 1735w\" sizes=\"auto, (max-width: 231px) 100vw, 231px\" \/><figcaption id=\"caption-attachment-88942\" class=\"wp-caption-text\">Obra de Heloiza Averbuck\/ Divulga\u00e7\u00e3o<\/figcaption><\/figure>\n<p><strong>SERVI\u00c7O<\/strong><\/p>\n<p>A mostra &#8220;( In) Comum&#8221; inaugura a primeira exposi\u00e7\u00e3o do novo ano na Galeria Carlinhos Rodrigues e<br \/>\ntem abertura, na sexta feira, 05 janeiro \u00e0s 18h, na Confeitaria Maom\u00e9.<br \/>\nA Concep\u00e7\u00e3o e Expografia \u00e9 do tamb\u00e9m fot\u00f3grafo Alexandre Eckert<\/p>\n","protected":false},"excerpt":{"rendered":"<p>&nbsp; Segundo a apresenta\u00e7\u00e3o do fot\u00f3grafo e autor da concep\u00e7\u00e3o da mostra Alexandre Eckert,\u00a0 &#8221; a possibilidade de captar o mundo est\u00e1 dispon\u00edvel para todos. Nosso perceber \u00e9 um universo amplo e repleto de fragmentos que est\u00e3o gravados nas mem\u00f3rias, na viv\u00eancia e nas experi\u00eancias de cada um de n\u00f3s. A exposi\u00e7\u00e3o de fotografias &#8220;In [&hellip;]<\/p>\n","protected":false},"author":4,"featured_media":88941,"comment_status":"closed","ping_status":"open","sticky":false,"template":"","format":"standard","meta":{"_jetpack_newsletter_access":"","_jetpack_dont_email_post_to_subs":false,"_jetpack_newsletter_tier_id":0,"_jetpack_memberships_contains_paywalled_content":false,"_jetpack_feature_clip_id":0,"_jetpack_memberships_contains_paid_content":false,"footnotes":"","jetpack_publicize_message":"","jetpack_publicize_feature_enabled":true,"jetpack_social_post_already_shared":true,"jetpack_social_options":{"image_generator_settings":{"template":"highway","default_image_id":0,"font":"","enabled":false},"version":2},"jetpack_post_was_ever_published":false},"categories":[9],"tags":[],"class_list":["post-88924","post","type-post","status-publish","format-standard","has-post-thumbnail","hentry","category-culturanotas"],"aioseo_notices":[],"aioseo_head":"\n\t\t<!-- All in One SEO 5.0.1.1 - aioseo.com -->\n\t<meta name=\"description\" content=\"Segundo a apresenta\u00e7\u00e3o do fot\u00f3grafo e autor da concep\u00e7\u00e3o da mostra Alexandre Eckert, &quot; a possibilidade de captar o mundo est\u00e1 dispon\u00edvel para todos. Nosso perceber \u00e9 um universo amplo e repleto de fragmentos que est\u00e3o gravados nas mem\u00f3rias, na viv\u00eancia e nas experi\u00eancias de cada um de n\u00f3s. A exposi\u00e7\u00e3o de fotografias &quot;In\" \/>\n\t<meta name=\"robots\" content=\"max-image-preview:large\" \/>\n\t<meta name=\"author\" content=\"da Reda\u00e7\u00e3o\"\/>\n\t<link rel=\"canonical\" href=\"https:\/\/www.jornalja.com.br\/cultura\/a-capacidade-de-captar-o-mundo-na-mostra-fotografica-de-heloiza-averbuck-e-zulaine-santos\/\" \/>\n\t<meta name=\"generator\" content=\"All in One SEO (AIOSEO) 5.0.1.1\" \/>\n\t\t<meta property=\"og:locale\" content=\"pt_BR\" \/>\n\t\t<meta property=\"og:site_name\" content=\"Cultura\" \/>\n\t\t<meta property=\"og:type\" content=\"article\" \/>\n\t\t<meta property=\"og:title\" content=\"A capacidade de captar o (In) Comum, na mostra fotogr\u00e1fica de Heloiza Averbuck e Zulaine Santos | Cultura\" \/>\n\t\t<meta property=\"og:description\" content=\"Segundo a apresenta\u00e7\u00e3o do fot\u00f3grafo e autor da concep\u00e7\u00e3o da mostra Alexandre Eckert, &quot; a possibilidade de captar o mundo est\u00e1 dispon\u00edvel para todos. Nosso perceber \u00e9 um universo amplo e repleto de fragmentos que est\u00e3o gravados nas mem\u00f3rias, na viv\u00eancia e nas experi\u00eancias de cada um de n\u00f3s. A exposi\u00e7\u00e3o de fotografias &quot;In\" \/>\n\t\t<meta property=\"og:url\" content=\"https:\/\/www.jornalja.com.br\/cultura\/a-capacidade-de-captar-o-mundo-na-mostra-fotografica-de-heloiza-averbuck-e-zulaine-santos\/\" \/>\n\t\t<meta property=\"og:image\" content=\"https:\/\/www.jornalja.com.br\/cultura\/wp-content\/uploads\/sites\/2\/2024\/01\/carlos-eu-sou-mata.jpg\" \/>\n\t\t<meta property=\"og:image:secure_url\" content=\"https:\/\/www.jornalja.com.br\/cultura\/wp-content\/uploads\/sites\/2\/2024\/01\/carlos-eu-sou-mata.jpg\" \/>\n\t\t<meta property=\"og:image:width\" content=\"1920\" \/>\n\t\t<meta property=\"og:image:height\" content=\"1878\" \/>\n\t\t<meta property=\"article:published_time\" content=\"2024-01-04T18:47:05+00:00\" \/>\n\t\t<meta property=\"article:modified_time\" content=\"2024-01-05T00:15:33+00:00\" \/>\n\t\t<meta property=\"article:publisher\" content=\"https:\/\/www.facebook.com\/jornaljanaweb\" \/>\n\t\t<meta name=\"twitter:card\" content=\"summary\" \/>\n\t\t<meta name=\"twitter:site\" content=\"@jornal_ja\" \/>\n\t\t<meta name=\"twitter:title\" content=\"A capacidade de captar o (In) Comum, na mostra fotogr\u00e1fica de Heloiza Averbuck e Zulaine Santos | Cultura\" \/>\n\t\t<meta name=\"twitter:description\" content=\"Segundo a apresenta\u00e7\u00e3o do fot\u00f3grafo e autor da concep\u00e7\u00e3o da mostra Alexandre Eckert, &quot; a possibilidade de captar o mundo est\u00e1 dispon\u00edvel para todos. Nosso perceber \u00e9 um universo amplo e repleto de fragmentos que est\u00e3o gravados nas mem\u00f3rias, na viv\u00eancia e nas experi\u00eancias de cada um de n\u00f3s. A exposi\u00e7\u00e3o de fotografias &quot;In\" \/>\n\t\t<meta name=\"twitter:image\" content=\"https:\/\/www.jornalja.com.br\/cultura\/wp-content\/uploads\/sites\/2\/2024\/01\/carlos-eu-sou-mata.jpg\" \/>\n\t\t<script type=\"application\/ld+json\" class=\"aioseo-schema\">\n\t\t\t{\"@context\":\"https:\\\/\\\/schema.org\",\"@graph\":[{\"@type\":\"Article\",\"@id\":\"https:\\\/\\\/www.jornalja.com.br\\\/cultura\\\/a-capacidade-de-captar-o-mundo-na-mostra-fotografica-de-heloiza-averbuck-e-zulaine-santos\\\/#article\",\"name\":\"A capacidade de captar o (In) Comum, na mostra fotogr\\u00e1fica de Heloiza Averbuck e Zulaine Santos | Cultura\",\"headline\":\"A capacidade de captar o (In) Comum, na mostra fotogr\\u00e1fica de Heloiza Averbuck e Zulaine Santos\",\"author\":{\"@id\":\"https:\\\/\\\/www.jornalja.com.br\\\/cultura\\\/author\\\/daredacao\\\/#author\"},\"publisher\":{\"@id\":\"https:\\\/\\\/www.jornalja.com.br\\\/cultura\\\/#organization\"},\"image\":{\"@type\":\"ImageObject\",\"url\":\"https:\\\/\\\/www.jornalja.com.br\\\/cultura\\\/wp-content\\\/uploads\\\/sites\\\/2\\\/2024\\\/01\\\/carlos-16-695-x-49-5-z-scaled.jpg\",\"width\":1920,\"height\":2560,\"caption\":\"Obra de Zulaine Santos\\\/ Divulga\\u00e7\\u00e3o\"},\"datePublished\":\"2024-01-04T15:47:05-03:00\",\"dateModified\":\"2024-01-04T21:15:33-03:00\",\"inLanguage\":\"pt-BR\",\"mainEntityOfPage\":{\"@id\":\"https:\\\/\\\/www.jornalja.com.br\\\/cultura\\\/a-capacidade-de-captar-o-mundo-na-mostra-fotografica-de-heloiza-averbuck-e-zulaine-santos\\\/#webpage\"},\"isPartOf\":{\"@id\":\"https:\\\/\\\/www.jornalja.com.br\\\/cultura\\\/a-capacidade-de-captar-o-mundo-na-mostra-fotografica-de-heloiza-averbuck-e-zulaine-santos\\\/#webpage\"},\"articleSection\":\"Cultura-NOTAS\"},{\"@type\":\"BreadcrumbList\",\"@id\":\"https:\\\/\\\/www.jornalja.com.br\\\/cultura\\\/a-capacidade-de-captar-o-mundo-na-mostra-fotografica-de-heloiza-averbuck-e-zulaine-santos\\\/#breadcrumblist\",\"itemListElement\":[{\"@type\":\"ListItem\",\"@id\":\"https:\\\/\\\/www.jornalja.com.br\\\/cultura#listItem\",\"position\":1,\"name\":\"Home\",\"item\":\"https:\\\/\\\/www.jornalja.com.br\\\/cultura\",\"nextItem\":{\"@type\":\"ListItem\",\"@id\":\"https:\\\/\\\/www.jornalja.com.br\\\/cultura\\\/category\\\/culturanotas\\\/#listItem\",\"name\":\"Cultura-NOTAS\"}},{\"@type\":\"ListItem\",\"@id\":\"https:\\\/\\\/www.jornalja.com.br\\\/cultura\\\/category\\\/culturanotas\\\/#listItem\",\"position\":2,\"name\":\"Cultura-NOTAS\",\"item\":\"https:\\\/\\\/www.jornalja.com.br\\\/cultura\\\/category\\\/culturanotas\\\/\",\"nextItem\":{\"@type\":\"ListItem\",\"@id\":\"https:\\\/\\\/www.jornalja.com.br\\\/cultura\\\/a-capacidade-de-captar-o-mundo-na-mostra-fotografica-de-heloiza-averbuck-e-zulaine-santos\\\/#listItem\",\"name\":\"A capacidade de captar o (In) Comum, na mostra fotogr\\u00e1fica de Heloiza Averbuck e Zulaine Santos\"},\"previousItem\":{\"@type\":\"ListItem\",\"@id\":\"https:\\\/\\\/www.jornalja.com.br\\\/cultura#listItem\",\"name\":\"Home\"}},{\"@type\":\"ListItem\",\"@id\":\"https:\\\/\\\/www.jornalja.com.br\\\/cultura\\\/a-capacidade-de-captar-o-mundo-na-mostra-fotografica-de-heloiza-averbuck-e-zulaine-santos\\\/#listItem\",\"position\":3,\"name\":\"A capacidade de captar o (In) Comum, na mostra fotogr\\u00e1fica de Heloiza Averbuck e Zulaine Santos\",\"previousItem\":{\"@type\":\"ListItem\",\"@id\":\"https:\\\/\\\/www.jornalja.com.br\\\/cultura\\\/category\\\/culturanotas\\\/#listItem\",\"name\":\"Cultura-NOTAS\"}}]},{\"@type\":\"Organization\",\"@id\":\"https:\\\/\\\/www.jornalja.com.br\\\/cultura\\\/#organization\",\"name\":\"Jornal J\\u00c1 Editora\",\"description\":\"Jornal J\\u00c1 | Porto Alegre\",\"url\":\"https:\\\/\\\/www.jornalja.com.br\\\/cultura\\\/\",\"telephone\":\"+555133307272\",\"logo\":{\"@type\":\"ImageObject\",\"url\":\"https:\\\/\\\/www.jornalja.com.br\\\/cultura\\\/wp-content\\\/uploads\\\/sites\\\/2\\\/2021\\\/05\\\/2020-logotipia-ja-35anos.jpg\",\"@id\":\"https:\\\/\\\/www.jornalja.com.br\\\/cultura\\\/a-capacidade-de-captar-o-mundo-na-mostra-fotografica-de-heloiza-averbuck-e-zulaine-santos\\\/#organizationLogo\",\"width\":1067,\"height\":800},\"image\":{\"@id\":\"https:\\\/\\\/www.jornalja.com.br\\\/cultura\\\/a-capacidade-de-captar-o-mundo-na-mostra-fotografica-de-heloiza-averbuck-e-zulaine-santos\\\/#organizationLogo\"},\"sameAs\":[\"https:\\\/\\\/www.instagram.com\\\/jornaljapoa\",\"https:\\\/\\\/www.youtube.com\\\/c\\\/JornalJ\"]},{\"@type\":\"Person\",\"@id\":\"https:\\\/\\\/www.jornalja.com.br\\\/cultura\\\/author\\\/daredacao\\\/#author\",\"url\":\"https:\\\/\\\/www.jornalja.com.br\\\/cultura\\\/author\\\/daredacao\\\/\",\"name\":\"da Reda\\u00e7\\u00e3o\",\"image\":{\"@type\":\"ImageObject\",\"@id\":\"https:\\\/\\\/www.jornalja.com.br\\\/cultura\\\/a-capacidade-de-captar-o-mundo-na-mostra-fotografica-de-heloiza-averbuck-e-zulaine-santos\\\/#authorImage\",\"url\":\"https:\\\/\\\/secure.gravatar.com\\\/avatar\\\/469fd857d6605ad19919d27ed29d35a968a25f6e8fd9318356bbb7f57aae9c65?s=96&d=mm&r=g\",\"width\":96,\"height\":96,\"caption\":\"da Reda\\u00e7\\u00e3o\"}},{\"@type\":\"WebPage\",\"@id\":\"https:\\\/\\\/www.jornalja.com.br\\\/cultura\\\/a-capacidade-de-captar-o-mundo-na-mostra-fotografica-de-heloiza-averbuck-e-zulaine-santos\\\/#webpage\",\"url\":\"https:\\\/\\\/www.jornalja.com.br\\\/cultura\\\/a-capacidade-de-captar-o-mundo-na-mostra-fotografica-de-heloiza-averbuck-e-zulaine-santos\\\/\",\"name\":\"A capacidade de captar o (In) Comum, na mostra fotogr\\u00e1fica de Heloiza Averbuck e Zulaine Santos | Cultura\",\"description\":\"Segundo a apresenta\\u00e7\\u00e3o do fot\\u00f3grafo e autor da concep\\u00e7\\u00e3o da mostra Alexandre Eckert, \\\" a possibilidade de captar o mundo est\\u00e1 dispon\\u00edvel para todos. Nosso perceber \\u00e9 um universo amplo e repleto de fragmentos que est\\u00e3o gravados nas mem\\u00f3rias, na viv\\u00eancia e nas experi\\u00eancias de cada um de n\\u00f3s. A exposi\\u00e7\\u00e3o de fotografias \\\"In\",\"inLanguage\":\"pt-BR\",\"isPartOf\":{\"@id\":\"https:\\\/\\\/www.jornalja.com.br\\\/cultura\\\/#website\"},\"breadcrumb\":{\"@id\":\"https:\\\/\\\/www.jornalja.com.br\\\/cultura\\\/a-capacidade-de-captar-o-mundo-na-mostra-fotografica-de-heloiza-averbuck-e-zulaine-santos\\\/#breadcrumblist\"},\"author\":{\"@id\":\"https:\\\/\\\/www.jornalja.com.br\\\/cultura\\\/author\\\/daredacao\\\/#author\"},\"creator\":{\"@id\":\"https:\\\/\\\/www.jornalja.com.br\\\/cultura\\\/author\\\/daredacao\\\/#author\"},\"image\":{\"@type\":\"ImageObject\",\"url\":\"https:\\\/\\\/www.jornalja.com.br\\\/cultura\\\/wp-content\\\/uploads\\\/sites\\\/2\\\/2024\\\/01\\\/carlos-16-695-x-49-5-z-scaled.jpg\",\"@id\":\"https:\\\/\\\/www.jornalja.com.br\\\/cultura\\\/a-capacidade-de-captar-o-mundo-na-mostra-fotografica-de-heloiza-averbuck-e-zulaine-santos\\\/#mainImage\",\"width\":1920,\"height\":2560,\"caption\":\"Obra de Zulaine Santos\\\/ Divulga\\u00e7\\u00e3o\"},\"primaryImageOfPage\":{\"@id\":\"https:\\\/\\\/www.jornalja.com.br\\\/cultura\\\/a-capacidade-de-captar-o-mundo-na-mostra-fotografica-de-heloiza-averbuck-e-zulaine-santos\\\/#mainImage\"},\"datePublished\":\"2024-01-04T15:47:05-03:00\",\"dateModified\":\"2024-01-04T21:15:33-03:00\"},{\"@type\":\"WebSite\",\"@id\":\"https:\\\/\\\/www.jornalja.com.br\\\/cultura\\\/#website\",\"url\":\"https:\\\/\\\/www.jornalja.com.br\\\/cultura\\\/\",\"name\":\"Cultura\",\"description\":\"Jornal J\\u00c1 | Porto Alegre\",\"inLanguage\":\"pt-BR\",\"publisher\":{\"@id\":\"https:\\\/\\\/www.jornalja.com.br\\\/cultura\\\/#organization\"}}]}\n\t\t<\/script>\n\t\t<!-- All in One SEO -->\n\n","aioseo_head_json":{"title":"A capacidade de captar o (In) Comum, na mostra fotogr\u00e1fica de Heloiza Averbuck e Zulaine Santos | Cultura","description":"Segundo a apresenta\u00e7\u00e3o do fot\u00f3grafo e autor da concep\u00e7\u00e3o da mostra Alexandre Eckert, \" a possibilidade de captar o mundo est\u00e1 dispon\u00edvel para todos. Nosso perceber \u00e9 um universo amplo e repleto de fragmentos que est\u00e3o gravados nas mem\u00f3rias, na viv\u00eancia e nas experi\u00eancias de cada um de n\u00f3s. A exposi\u00e7\u00e3o de fotografias \"In","canonical_url":"https:\/\/www.jornalja.com.br\/cultura\/a-capacidade-de-captar-o-mundo-na-mostra-fotografica-de-heloiza-averbuck-e-zulaine-santos\/","robots":"max-image-preview:large","keywords":"","webmasterTools":{"miscellaneous":""},"schema":{"@context":"https:\/\/schema.org","@graph":[{"@type":"Article","@id":"https:\/\/www.jornalja.com.br\/cultura\/a-capacidade-de-captar-o-mundo-na-mostra-fotografica-de-heloiza-averbuck-e-zulaine-santos\/#article","name":"A capacidade de captar o (In) Comum, na mostra fotogr\u00e1fica de Heloiza Averbuck e Zulaine Santos | Cultura","headline":"A capacidade de captar o (In) Comum, na mostra fotogr\u00e1fica de Heloiza Averbuck e Zulaine Santos","author":{"@id":"https:\/\/www.jornalja.com.br\/cultura\/author\/daredacao\/#author"},"publisher":{"@id":"https:\/\/www.jornalja.com.br\/cultura\/#organization"},"image":{"@type":"ImageObject","url":"https:\/\/www.jornalja.com.br\/cultura\/wp-content\/uploads\/sites\/2\/2024\/01\/carlos-16-695-x-49-5-z-scaled.jpg","width":1920,"height":2560,"caption":"Obra de Zulaine Santos\/ Divulga\u00e7\u00e3o"},"datePublished":"2024-01-04T15:47:05-03:00","dateModified":"2024-01-04T21:15:33-03:00","inLanguage":"pt-BR","mainEntityOfPage":{"@id":"https:\/\/www.jornalja.com.br\/cultura\/a-capacidade-de-captar-o-mundo-na-mostra-fotografica-de-heloiza-averbuck-e-zulaine-santos\/#webpage"},"isPartOf":{"@id":"https:\/\/www.jornalja.com.br\/cultura\/a-capacidade-de-captar-o-mundo-na-mostra-fotografica-de-heloiza-averbuck-e-zulaine-santos\/#webpage"},"articleSection":"Cultura-NOTAS"},{"@type":"BreadcrumbList","@id":"https:\/\/www.jornalja.com.br\/cultura\/a-capacidade-de-captar-o-mundo-na-mostra-fotografica-de-heloiza-averbuck-e-zulaine-santos\/#breadcrumblist","itemListElement":[{"@type":"ListItem","@id":"https:\/\/www.jornalja.com.br\/cultura#listItem","position":1,"name":"Home","item":"https:\/\/www.jornalja.com.br\/cultura","nextItem":{"@type":"ListItem","@id":"https:\/\/www.jornalja.com.br\/cultura\/category\/culturanotas\/#listItem","name":"Cultura-NOTAS"}},{"@type":"ListItem","@id":"https:\/\/www.jornalja.com.br\/cultura\/category\/culturanotas\/#listItem","position":2,"name":"Cultura-NOTAS","item":"https:\/\/www.jornalja.com.br\/cultura\/category\/culturanotas\/","nextItem":{"@type":"ListItem","@id":"https:\/\/www.jornalja.com.br\/cultura\/a-capacidade-de-captar-o-mundo-na-mostra-fotografica-de-heloiza-averbuck-e-zulaine-santos\/#listItem","name":"A capacidade de captar o (In) Comum, na mostra fotogr\u00e1fica de Heloiza Averbuck e Zulaine Santos"},"previousItem":{"@type":"ListItem","@id":"https:\/\/www.jornalja.com.br\/cultura#listItem","name":"Home"}},{"@type":"ListItem","@id":"https:\/\/www.jornalja.com.br\/cultura\/a-capacidade-de-captar-o-mundo-na-mostra-fotografica-de-heloiza-averbuck-e-zulaine-santos\/#listItem","position":3,"name":"A capacidade de captar o (In) Comum, na mostra fotogr\u00e1fica de Heloiza Averbuck e Zulaine Santos","previousItem":{"@type":"ListItem","@id":"https:\/\/www.jornalja.com.br\/cultura\/category\/culturanotas\/#listItem","name":"Cultura-NOTAS"}}]},{"@type":"Organization","@id":"https:\/\/www.jornalja.com.br\/cultura\/#organization","name":"Jornal J\u00c1 Editora","description":"Jornal J\u00c1 | Porto Alegre","url":"https:\/\/www.jornalja.com.br\/cultura\/","telephone":"+555133307272","logo":{"@type":"ImageObject","url":"https:\/\/www.jornalja.com.br\/cultura\/wp-content\/uploads\/sites\/2\/2021\/05\/2020-logotipia-ja-35anos.jpg","@id":"https:\/\/www.jornalja.com.br\/cultura\/a-capacidade-de-captar-o-mundo-na-mostra-fotografica-de-heloiza-averbuck-e-zulaine-santos\/#organizationLogo","width":1067,"height":800},"image":{"@id":"https:\/\/www.jornalja.com.br\/cultura\/a-capacidade-de-captar-o-mundo-na-mostra-fotografica-de-heloiza-averbuck-e-zulaine-santos\/#organizationLogo"},"sameAs":["https:\/\/www.instagram.com\/jornaljapoa","https:\/\/www.youtube.com\/c\/JornalJ"]},{"@type":"Person","@id":"https:\/\/www.jornalja.com.br\/cultura\/author\/daredacao\/#author","url":"https:\/\/www.jornalja.com.br\/cultura\/author\/daredacao\/","name":"da Reda\u00e7\u00e3o","image":{"@type":"ImageObject","@id":"https:\/\/www.jornalja.com.br\/cultura\/a-capacidade-de-captar-o-mundo-na-mostra-fotografica-de-heloiza-averbuck-e-zulaine-santos\/#authorImage","url":"https:\/\/secure.gravatar.com\/avatar\/469fd857d6605ad19919d27ed29d35a968a25f6e8fd9318356bbb7f57aae9c65?s=96&d=mm&r=g","width":96,"height":96,"caption":"da Reda\u00e7\u00e3o"}},{"@type":"WebPage","@id":"https:\/\/www.jornalja.com.br\/cultura\/a-capacidade-de-captar-o-mundo-na-mostra-fotografica-de-heloiza-averbuck-e-zulaine-santos\/#webpage","url":"https:\/\/www.jornalja.com.br\/cultura\/a-capacidade-de-captar-o-mundo-na-mostra-fotografica-de-heloiza-averbuck-e-zulaine-santos\/","name":"A capacidade de captar o (In) Comum, na mostra fotogr\u00e1fica de Heloiza Averbuck e Zulaine Santos | Cultura","description":"Segundo a apresenta\u00e7\u00e3o do fot\u00f3grafo e autor da concep\u00e7\u00e3o da mostra Alexandre Eckert, \" a possibilidade de captar o mundo est\u00e1 dispon\u00edvel para todos. Nosso perceber \u00e9 um universo amplo e repleto de fragmentos que est\u00e3o gravados nas mem\u00f3rias, na viv\u00eancia e nas experi\u00eancias de cada um de n\u00f3s. A exposi\u00e7\u00e3o de fotografias \"In","inLanguage":"pt-BR","isPartOf":{"@id":"https:\/\/www.jornalja.com.br\/cultura\/#website"},"breadcrumb":{"@id":"https:\/\/www.jornalja.com.br\/cultura\/a-capacidade-de-captar-o-mundo-na-mostra-fotografica-de-heloiza-averbuck-e-zulaine-santos\/#breadcrumblist"},"author":{"@id":"https:\/\/www.jornalja.com.br\/cultura\/author\/daredacao\/#author"},"creator":{"@id":"https:\/\/www.jornalja.com.br\/cultura\/author\/daredacao\/#author"},"image":{"@type":"ImageObject","url":"https:\/\/www.jornalja.com.br\/cultura\/wp-content\/uploads\/sites\/2\/2024\/01\/carlos-16-695-x-49-5-z-scaled.jpg","@id":"https:\/\/www.jornalja.com.br\/cultura\/a-capacidade-de-captar-o-mundo-na-mostra-fotografica-de-heloiza-averbuck-e-zulaine-santos\/#mainImage","width":1920,"height":2560,"caption":"Obra de Zulaine Santos\/ Divulga\u00e7\u00e3o"},"primaryImageOfPage":{"@id":"https:\/\/www.jornalja.com.br\/cultura\/a-capacidade-de-captar-o-mundo-na-mostra-fotografica-de-heloiza-averbuck-e-zulaine-santos\/#mainImage"},"datePublished":"2024-01-04T15:47:05-03:00","dateModified":"2024-01-04T21:15:33-03:00"},{"@type":"WebSite","@id":"https:\/\/www.jornalja.com.br\/cultura\/#website","url":"https:\/\/www.jornalja.com.br\/cultura\/","name":"Cultura","description":"Jornal J\u00c1 | Porto Alegre","inLanguage":"pt-BR","publisher":{"@id":"https:\/\/www.jornalja.com.br\/cultura\/#organization"}}]},"og:locale":"pt_BR","og:site_name":"Cultura","og:type":"article","og:title":"A capacidade de captar o (In) Comum, na mostra fotogr\u00e1fica de Heloiza Averbuck e Zulaine Santos | Cultura","og:description":"Segundo a apresenta\u00e7\u00e3o do fot\u00f3grafo e autor da concep\u00e7\u00e3o da mostra Alexandre Eckert, &quot; a possibilidade de captar o mundo est\u00e1 dispon\u00edvel para todos. Nosso perceber \u00e9 um universo amplo e repleto de fragmentos que est\u00e3o gravados nas mem\u00f3rias, na viv\u00eancia e nas experi\u00eancias de cada um de n\u00f3s. A exposi\u00e7\u00e3o de fotografias &quot;In","og:url":"https:\/\/www.jornalja.com.br\/cultura\/a-capacidade-de-captar-o-mundo-na-mostra-fotografica-de-heloiza-averbuck-e-zulaine-santos\/","og:image":"https:\/\/www.jornalja.com.br\/cultura\/wp-content\/uploads\/sites\/2\/2024\/01\/carlos-eu-sou-mata.jpg","og:image:secure_url":"https:\/\/www.jornalja.com.br\/cultura\/wp-content\/uploads\/sites\/2\/2024\/01\/carlos-eu-sou-mata.jpg","og:image:width":1920,"og:image:height":1878,"article:published_time":"2024-01-04T18:47:05+00:00","article:modified_time":"2024-01-05T00:15:33+00:00","article:publisher":"https:\/\/www.facebook.com\/jornaljanaweb","twitter:card":"summary","twitter:site":"@jornal_ja","twitter:title":"A capacidade de captar o (In) Comum, na mostra fotogr\u00e1fica de Heloiza Averbuck e Zulaine Santos | Cultura","twitter:description":"Segundo a apresenta\u00e7\u00e3o do fot\u00f3grafo e autor da concep\u00e7\u00e3o da mostra Alexandre Eckert, &quot; a possibilidade de captar o mundo est\u00e1 dispon\u00edvel para todos. Nosso perceber \u00e9 um universo amplo e repleto de fragmentos que est\u00e3o gravados nas mem\u00f3rias, na viv\u00eancia e nas experi\u00eancias de cada um de n\u00f3s. A exposi\u00e7\u00e3o de fotografias &quot;In","twitter:image":"https:\/\/www.jornalja.com.br\/cultura\/wp-content\/uploads\/sites\/2\/2024\/01\/carlos-eu-sou-mata.jpg"},"aioseo_meta_data":{"post_id":"88924","title":null,"description":null,"keywords":[],"keyphrases":{"focus":{"keyphrase":"","score":0,"analysis":{"keyphraseInTitle":{"score":0,"maxScore":9,"error":1}}},"additional":[]},"primary_term":null,"canonical_url":null,"og_title":null,"og_description":null,"og_object_type":"default","og_image_type":"default","og_image_url":null,"og_image_width":null,"og_image_height":null,"og_image_custom_url":null,"og_image_custom_fields":null,"og_video":"","og_custom_url":null,"og_article_section":null,"og_article_tags":[],"twitter_use_og":false,"twitter_card":"default","twitter_image_type":"default","twitter_image_url":null,"twitter_image_custom_url":null,"twitter_image_custom_fields":null,"twitter_title":null,"twitter_description":null,"schema":{"blockGraphs":[],"customGraphs":[],"default":{"data":{"Article":[],"Course":[],"Dataset":[],"FAQPage":[],"Movie":[],"Person":[],"Product":[],"ProductReview":[],"Car":[],"Recipe":[],"Service":[],"SoftwareApplication":[],"WebPage":[]},"graphName":"Article","isEnabled":true},"graphs":[]},"schema_type":"default","schema_type_options":null,"pillar_content":false,"robots_default":true,"robots_noindex":false,"robots_noarchive":false,"robots_nosnippet":false,"robots_nofollow":false,"robots_noimageindex":false,"robots_noodp":false,"robots_notranslate":false,"robots_max_snippet":"-1","robots_max_videopreview":"-1","robots_max_imagepreview":"large","priority":null,"frequency":"default","location":null,"local_seo":null,"breadcrumb_settings":null,"limit_modified_date":false,"ai":null,"created":"2024-01-04 17:00:12","updated":"2025-06-04 13:56:54","seo_analyzer_scan_date":null,"focus_keyword":null,"additional_keywords":null,"truseo_locale":null},"jetpack_publicize_connections":[],"jetpack-related-posts":[{"id":82421,"url":"https:\/\/www.jornalja.com.br\/cultura\/outros-multiplos-olhares-volta-com-a-visao-de-36-fotografos-em-exposicao-virtual\/","url_meta":{"origin":88924,"position":0},"title":"&#8220;Outros m\u00faltiplos olhares&#8221; volta com a vis\u00e3o de 36 fot\u00f3grafos, em exposi\u00e7\u00e3o virtual","author":"da Reda\u00e7\u00e3o","date":"16 de julho de 2020","format":false,"excerpt":"Em edi\u00e7\u00e3o especialmente concebida para as redes sociais, o projeto M\u00faltiplos Olhares se consolida fiel ao objetivo de estabelecer o di\u00e1logo entre vis\u00f5es distintas na \u00e1rea da fotografia, e se apresenta como\u00a0Outros\u00a0M\u00faltiplos Olhares, sua\u00a0primeira edi\u00e7\u00e3o virtual. Para esta mostra foram selecionadas\u00a0as vis\u00f5es destes tempos de Pandemia,\u00a0formas distintas de express\u00e3o de\u2026","rel":"","context":"Em &quot;Cultura-MAT\u00c9RIA&quot;","block_context":{"text":"Cultura-MAT\u00c9RIA","link":"https:\/\/www.jornalja.com.br\/cultura\/category\/materiasecundaria\/"},"img":{"alt_text":"","src":"https:\/\/i0.wp.com\/www.jornalja.com.br\/cultura\/wp-content\/uploads\/sites\/2\/2020\/07\/andre-andrea-seligman-scaled.jpg?resize=350%2C200&ssl=1","width":350,"height":200,"srcset":"https:\/\/i0.wp.com\/www.jornalja.com.br\/cultura\/wp-content\/uploads\/sites\/2\/2020\/07\/andre-andrea-seligman-scaled.jpg?resize=350%2C200&ssl=1 1x, https:\/\/i0.wp.com\/www.jornalja.com.br\/cultura\/wp-content\/uploads\/sites\/2\/2020\/07\/andre-andrea-seligman-scaled.jpg?resize=525%2C300&ssl=1 1.5x, https:\/\/i0.wp.com\/www.jornalja.com.br\/cultura\/wp-content\/uploads\/sites\/2\/2020\/07\/andre-andrea-seligman-scaled.jpg?resize=700%2C400&ssl=1 2x"},"classes":[]},{"id":86988,"url":"https:\/\/www.jornalja.com.br\/cultura\/a-fotografia-fora-dos-parametros-tradicionais-de-negra-angela-na-galeria-escadaria\/","url_meta":{"origin":88924,"position":1},"title":"A fotografia fora dos par\u00e2metros tradicionais, de Negra Angela, na Galeria Escadaria","author":"da Reda\u00e7\u00e3o","date":"31 de outubro de 2022","format":false,"excerpt":"Um conjunto expositivo formado por 13 fotos em grandes dimens\u00f5es (2mx1m), dispostos ao longo da escadaria do Viaduto Borges de Medeiros, em pleno Centro Hist\u00f3rico de Porto Alegre, comp\u00f5e \u201cO mundo da Nega Angela\u201d, t\u00edtulo da exposi\u00e7\u00e3o da fot\u00f3grafa\u00a0Angela Cristina Ribeiro dos Santos, que inaugura no pr\u00f3ximo dia\u00a005 de novembro,\u2026","rel":"","context":"Em &quot;Cultura-MAT\u00c9RIA&quot;","block_context":{"text":"Cultura-MAT\u00c9RIA","link":"https:\/\/www.jornalja.com.br\/cultura\/category\/materiasecundaria\/"},"img":{"alt_text":"","src":"https:\/\/i0.wp.com\/www.jornalja.com.br\/cultura\/wp-content\/uploads\/sites\/2\/2022\/10\/mundodanegaangela003.png?resize=350%2C200&ssl=1","width":350,"height":200,"srcset":"https:\/\/i0.wp.com\/www.jornalja.com.br\/cultura\/wp-content\/uploads\/sites\/2\/2022\/10\/mundodanegaangela003.png?resize=350%2C200&ssl=1 1x, https:\/\/i0.wp.com\/www.jornalja.com.br\/cultura\/wp-content\/uploads\/sites\/2\/2022\/10\/mundodanegaangela003.png?resize=525%2C300&ssl=1 1.5x, https:\/\/i0.wp.com\/www.jornalja.com.br\/cultura\/wp-content\/uploads\/sites\/2\/2022\/10\/mundodanegaangela003.png?resize=700%2C400&ssl=1 2x, https:\/\/i0.wp.com\/www.jornalja.com.br\/cultura\/wp-content\/uploads\/sites\/2\/2022\/10\/mundodanegaangela003.png?resize=1050%2C600&ssl=1 3x"},"classes":[]},{"id":90782,"url":"https:\/\/www.jornalja.com.br\/cultura\/g-mostra-identidades-celebra-os-cinco-anos-da-galeria-escadaria-com-imagens-de-sete-fotografos\/","url_meta":{"origin":88924,"position":2},"title":"Mostra \u201cIdentidades\u201d celebra os cinco anos da Galeria Escadaria, com imagens de sete fot\u00f3grafos","author":"da Reda\u00e7\u00e3o","date":"18 de mar\u00e7o de 2025","format":false,"excerpt":"\u00a0Para comemorar seus cinco anos de exist\u00eancia, a Galeria Escadaria selecionou sete fot\u00f3grafos \u2013 dois de S\u00e3o Paulo e cinco do Rio Grande do Sul - para compor a coletiva \u00a0\u201cIdentidades\u201d, que abre no dia 23 de mar\u00e7o (domingo), a partir das 16h, no Pier da Usina do Gas\u00f4metro. Com\u2026","rel":"","context":"Em &quot;Cultura-MAT\u00c9RIA&quot;","block_context":{"text":"Cultura-MAT\u00c9RIA","link":"https:\/\/www.jornalja.com.br\/cultura\/category\/materiasecundaria\/"},"img":{"alt_text":"","src":"https:\/\/i0.wp.com\/www.jornalja.com.br\/cultura\/wp-content\/uploads\/sites\/2\/2025\/03\/escadaria-jorge-lansarin-2.jpg?resize=350%2C200&ssl=1","width":350,"height":200,"srcset":"https:\/\/i0.wp.com\/www.jornalja.com.br\/cultura\/wp-content\/uploads\/sites\/2\/2025\/03\/escadaria-jorge-lansarin-2.jpg?resize=350%2C200&ssl=1 1x, https:\/\/i0.wp.com\/www.jornalja.com.br\/cultura\/wp-content\/uploads\/sites\/2\/2025\/03\/escadaria-jorge-lansarin-2.jpg?resize=525%2C300&ssl=1 1.5x, https:\/\/i0.wp.com\/www.jornalja.com.br\/cultura\/wp-content\/uploads\/sites\/2\/2025\/03\/escadaria-jorge-lansarin-2.jpg?resize=700%2C400&ssl=1 2x"},"classes":[]},{"id":84220,"url":"https:\/\/www.jornalja.com.br\/cultura\/multiplos-olhares-de-31-artistas-visuais-em-exposicao-no-espaco-cultural-correios\/","url_meta":{"origin":88924,"position":3},"title":"M\u00faltiplos olhares de 31 artistas visuais em exposi\u00e7\u00e3o, no Espa\u00e7o Cultural Correios\u00a0","author":"da Reda\u00e7\u00e3o","date":"22 de julho de 2021","format":false,"excerpt":"Exposi\u00e7\u00e3o, que inaugura no dia 31 de julho, re\u00fane obras de 31 artistas sob a curadoria de F\u00e1bio Andr\u00e9 Rheinheimer. A 5\u00aa edi\u00e7\u00e3o do Projeto M\u00faltiplos Olhares chega de forma revista e ampliada ao Espa\u00e7o Cultural Correios. Com a curadoria do artista e arquiteto F\u00e1bio Andr\u00e9 Rheinheimer, a exposi\u00e7\u00e3o apresenta\u2026","rel":"","context":"Em &quot;Cultura-MAT\u00c9RIA&quot;","block_context":{"text":"Cultura-MAT\u00c9RIA","link":"https:\/\/www.jornalja.com.br\/cultura\/category\/materiasecundaria\/"},"img":{"alt_text":"","src":"https:\/\/i0.wp.com\/www.jornalja.com.br\/cultura\/wp-content\/uploads\/sites\/2\/2021\/07\/arte-anderson-neves-credito-do-artista-scaled.jpg?resize=350%2C200&ssl=1","width":350,"height":200,"srcset":"https:\/\/i0.wp.com\/www.jornalja.com.br\/cultura\/wp-content\/uploads\/sites\/2\/2021\/07\/arte-anderson-neves-credito-do-artista-scaled.jpg?resize=350%2C200&ssl=1 1x, https:\/\/i0.wp.com\/www.jornalja.com.br\/cultura\/wp-content\/uploads\/sites\/2\/2021\/07\/arte-anderson-neves-credito-do-artista-scaled.jpg?resize=525%2C300&ssl=1 1.5x, https:\/\/i0.wp.com\/www.jornalja.com.br\/cultura\/wp-content\/uploads\/sites\/2\/2021\/07\/arte-anderson-neves-credito-do-artista-scaled.jpg?resize=700%2C400&ssl=1 2x, https:\/\/i0.wp.com\/www.jornalja.com.br\/cultura\/wp-content\/uploads\/sites\/2\/2021\/07\/arte-anderson-neves-credito-do-artista-scaled.jpg?resize=1050%2C600&ssl=1 3x, https:\/\/i0.wp.com\/www.jornalja.com.br\/cultura\/wp-content\/uploads\/sites\/2\/2021\/07\/arte-anderson-neves-credito-do-artista-scaled.jpg?resize=1400%2C800&ssl=1 4x"},"classes":[]},{"id":87380,"url":"https:\/\/www.jornalja.com.br\/cultura\/a-fotografia-e-o-mundo-da-nega-angela-agora-na-galeria-restinga\/","url_meta":{"origin":88924,"position":4},"title":"A fotografia &#8220;meio polvo&#8221; e o mundo da Nega Angela, agora na Galeria Restinga","author":"da Reda\u00e7\u00e3o","date":"21 de dezembro de 2022","format":false,"excerpt":"\u00a0 \u00a0 Depois de surpreender o p\u00fablico com sua exposi\u00e7\u00e3o na Galeria Escadaria, no Centro Hist\u00f3rico de Porto Alegre onde foi presen\u00e7a constante apresentando e comentando sua obra para os transeuntes, a fot\u00f3grafa Angela Cristina Ribeiro dos Santos volta a apresentar a exposi\u00e7\u00e3o \u201cO mundo da Nega Angela\u201d, agora na\u2026","rel":"","context":"Em &quot;Cultura-MAT\u00c9RIA&quot;","block_context":{"text":"Cultura-MAT\u00c9RIA","link":"https:\/\/www.jornalja.com.br\/cultura\/category\/materiasecundaria\/"},"img":{"alt_text":"","src":"https:\/\/i0.wp.com\/www.jornalja.com.br\/cultura\/wp-content\/uploads\/sites\/2\/2022\/12\/nega-angela-1.jpg?resize=350%2C200&ssl=1","width":350,"height":200,"srcset":"https:\/\/i0.wp.com\/www.jornalja.com.br\/cultura\/wp-content\/uploads\/sites\/2\/2022\/12\/nega-angela-1.jpg?resize=350%2C200&ssl=1 1x, https:\/\/i0.wp.com\/www.jornalja.com.br\/cultura\/wp-content\/uploads\/sites\/2\/2022\/12\/nega-angela-1.jpg?resize=525%2C300&ssl=1 1.5x, https:\/\/i0.wp.com\/www.jornalja.com.br\/cultura\/wp-content\/uploads\/sites\/2\/2022\/12\/nega-angela-1.jpg?resize=700%2C400&ssl=1 2x"},"classes":[]},{"id":92409,"url":"https:\/\/www.jornalja.com.br\/cultura\/5a-expo-mob-reune-imagens-de-63-fotografos-em-porto-alegre\/","url_meta":{"origin":88924,"position":5},"title":"5\u00aa Expo Mob re\u00fane imagens de 63 fot\u00f3grafos em Porto Alegre","author":"da Reda\u00e7\u00e3o","date":"24 de agosto de 2026","format":false,"excerpt":"Em sua 5\u00aa edi\u00e7\u00e3o, a Expo Mob re\u00fane os trabalhos de 63 fot\u00f3grafos, provenientes de 19 cidades do Brasil e tamb\u00e9m do exterior, revelando a diversidade de olhares, hist\u00f3rias e linguagens que a fotografia produzida por dispositivos m\u00f3veis \u00e9 capaz de alcan\u00e7ar. S\u00e3o diferentes territ\u00f3rios, experi\u00eancias e sensibilidades reunidos em\u2026","rel":"","context":"Em &quot;Cultura-MAT\u00c9RIA&quot;","block_context":{"text":"Cultura-MAT\u00c9RIA","link":"https:\/\/www.jornalja.com.br\/cultura\/category\/materiasecundaria\/"},"img":{"alt_text":"","src":"https:\/\/i0.wp.com\/www.jornalja.com.br\/cultura\/wp-content\/uploads\/sites\/2\/2026\/08\/expo-mob-camila-medeiros-1.jpg?resize=350%2C200&ssl=1","width":350,"height":200,"srcset":"https:\/\/i0.wp.com\/www.jornalja.com.br\/cultura\/wp-content\/uploads\/sites\/2\/2026\/08\/expo-mob-camila-medeiros-1.jpg?resize=350%2C200&ssl=1 1x, https:\/\/i0.wp.com\/www.jornalja.com.br\/cultura\/wp-content\/uploads\/sites\/2\/2026\/08\/expo-mob-camila-medeiros-1.jpg?resize=525%2C300&ssl=1 1.5x, https:\/\/i0.wp.com\/www.jornalja.com.br\/cultura\/wp-content\/uploads\/sites\/2\/2026\/08\/expo-mob-camila-medeiros-1.jpg?resize=700%2C400&ssl=1 2x, https:\/\/i0.wp.com\/www.jornalja.com.br\/cultura\/wp-content\/uploads\/sites\/2\/2026\/08\/expo-mob-camila-medeiros-1.jpg?resize=1050%2C600&ssl=1 3x"},"classes":[]}],"jetpack_shortlink":"https:\/\/wp.me\/pbKnZc-n8g","jetpack_sharing_enabled":true,"jetpack_featured_media_url":"https:\/\/www.jornalja.com.br\/cultura\/wp-content\/uploads\/sites\/2\/2024\/01\/carlos-16-695-x-49-5-z-scaled.jpg","_links":{"self":[{"href":"https:\/\/www.jornalja.com.br\/cultura\/wp-json\/wp\/v2\/posts\/88924","targetHints":{"allow":["GET"]}}],"collection":[{"href":"https:\/\/www.jornalja.com.br\/cultura\/wp-json\/wp\/v2\/posts"}],"about":[{"href":"https:\/\/www.jornalja.com.br\/cultura\/wp-json\/wp\/v2\/types\/post"}],"author":[{"embeddable":true,"href":"https:\/\/www.jornalja.com.br\/cultura\/wp-json\/wp\/v2\/users\/4"}],"replies":[{"embeddable":true,"href":"https:\/\/www.jornalja.com.br\/cultura\/wp-json\/wp\/v2\/comments?post=88924"}],"version-history":[{"count":5,"href":"https:\/\/www.jornalja.com.br\/cultura\/wp-json\/wp\/v2\/posts\/88924\/revisions"}],"predecessor-version":[{"id":88954,"href":"https:\/\/www.jornalja.com.br\/cultura\/wp-json\/wp\/v2\/posts\/88924\/revisions\/88954"}],"wp:featuredmedia":[{"embeddable":true,"href":"https:\/\/www.jornalja.com.br\/cultura\/wp-json\/wp\/v2\/media\/88941"}],"wp:attachment":[{"href":"https:\/\/www.jornalja.com.br\/cultura\/wp-json\/wp\/v2\/media?parent=88924"}],"wp:term":[{"taxonomy":"category","embeddable":true,"href":"https:\/\/www.jornalja.com.br\/cultura\/wp-json\/wp\/v2\/categories?post=88924"},{"taxonomy":"post_tag","embeddable":true,"href":"https:\/\/www.jornalja.com.br\/cultura\/wp-json\/wp\/v2\/tags?post=88924"}],"curies":[{"name":"wp","href":"https:\/\/api.w.org\/{rel}","templated":true}]}}