{"id":89605,"date":"2024-06-27T16:25:43","date_gmt":"2024-06-27T19:25:43","guid":{"rendered":"https:\/\/www.jornalja.com.br\/cultura\/?p=89605"},"modified":"2024-06-27T16:25:43","modified_gmt":"2024-06-27T19:25:43","slug":"tem-atividades-culturais-e-solidarias-no-domingo-na-praca-mafalda-verissimo","status":"publish","type":"post","link":"https:\/\/www.jornalja.com.br\/cultura\/tem-atividades-culturais-e-solidarias-no-domingo-na-praca-mafalda-verissimo\/","title":{"rendered":"Tem atividades culturais e solid\u00e1rias, no domingo, na Pra\u00e7a Mafalda Ver\u00edssimo"},"content":{"rendered":"<p>O movimento comunit\u00e1rio Vive Petr\u00f3polis realiza feira de artesanato, exposi\u00e7\u00f5es, m\u00fasica, literatura e caminhada cultural neste domingo (30\/6), na pra\u00e7a Mafalda Ver\u00edssimo, conhecida por sua famosa caixa d&#8217;\u00e1gua, na rua Felipe de Oliveira, 1300, bairro Petr\u00f3polis, em Porto Alegre.<\/p>\n<p>O ingresso \u00e9 solid\u00e1rio: doa\u00e7\u00e3o de livros, que ser\u00e3o destinados ao Projeto V\u00f3 Chica- Vila Safira.<\/p>\n<p>O evento inicia \u00e0s 11h com a &#8220;<em>Exposi\u00e7\u00e3o-Protesto Alerta Verde: O fim do futuro?<\/em>&#8220;, que questiona a derrubada de \u00e1rvores saud\u00e1veis na cidade e luta pela manuten\u00e7\u00e3o dos parques p\u00fablicos da Capital.<\/p>\n<p><strong>Confere outras atra\u00e7\u00f5es:<\/strong><\/p>\n<p><img loading=\"lazy\" decoding=\"async\" data-attachment-id=\"89636\" data-permalink=\"https:\/\/www.jornalja.com.br\/cultura\/tem-atividades-culturais-e-solidarias-no-domingo-na-praca-mafalda-verissimo\/910ee142-1ada-446d-bc47-132c6e19b281\/\" data-orig-file=\"https:\/\/www.jornalja.com.br\/cultura\/wp-content\/uploads\/sites\/2\/2024\/06\/910ee142-1ada-446d-bc47-132c6e19b281.jpg\" data-orig-size=\"534,1156\" data-comments-opened=\"0\" data-image-meta=\"{&quot;aperture&quot;:&quot;0&quot;,&quot;credit&quot;:&quot;&quot;,&quot;camera&quot;:&quot;&quot;,&quot;caption&quot;:&quot;&quot;,&quot;created_timestamp&quot;:&quot;0&quot;,&quot;copyright&quot;:&quot;&quot;,&quot;focal_length&quot;:&quot;0&quot;,&quot;iso&quot;:&quot;0&quot;,&quot;shutter_speed&quot;:&quot;0&quot;,&quot;title&quot;:&quot;&quot;,&quot;orientation&quot;:&quot;0&quot;}\" data-image-title=\"910ee142-1ada-446d-bc47-132c6e19b281\" data-image-description=\"\" data-image-caption=\"\" data-large-file=\"https:\/\/www.jornalja.com.br\/cultura\/wp-content\/uploads\/sites\/2\/2024\/06\/910ee142-1ada-446d-bc47-132c6e19b281-473x1024.jpg\" class=\"alignleft size-medium wp-image-89636\" src=\"https:\/\/www.jornalja.com.br\/cultura\/wp-content\/uploads\/sites\/2\/2024\/06\/910ee142-1ada-446d-bc47-132c6e19b281-139x300.jpg\" alt=\"\" width=\"139\" height=\"300\" srcset=\"https:\/\/www.jornalja.com.br\/cultura\/wp-content\/uploads\/sites\/2\/2024\/06\/910ee142-1ada-446d-bc47-132c6e19b281-139x300.jpg 139w, https:\/\/www.jornalja.com.br\/cultura\/wp-content\/uploads\/sites\/2\/2024\/06\/910ee142-1ada-446d-bc47-132c6e19b281-473x1024.jpg 473w, https:\/\/www.jornalja.com.br\/cultura\/wp-content\/uploads\/sites\/2\/2024\/06\/910ee142-1ada-446d-bc47-132c6e19b281.jpg 534w\" sizes=\"auto, (max-width: 139px) 100vw, 139px\" \/>&#8211; Feira de Artesanato<\/p>\n<p>&#8211; Conversa com o jornalista Elmar Bones sobre a import\u00e2ncia dos jornais de bairro e os 39 anos do jornal J\u00c1.<br \/>\n&#8211; Apresenta\u00e7\u00e3o do Grupo de Canto Sol de Si, com coordena\u00e7\u00e3o Marcelo Delacroix<br \/>\n&#8211; Caminhada Liter\u00e1ria (especial: redescobrindo a casa de Cyro Martins)<\/p>\n<p>&#8211; Duo Marcelo Dharma (sax) e Guilherme Kessler (guitarra) &#8211; Grupo Tapera El\u00e9trica, Jonas Dorneles (bumbo leguero) e Rodrigo Sabedot (viol\u00f5es e pedais).<\/p>\n","protected":false},"excerpt":{"rendered":"<p>O movimento comunit\u00e1rio Vive Petr\u00f3polis realiza feira de artesanato, exposi\u00e7\u00f5es, m\u00fasica, literatura e caminhada cultural neste domingo (30\/6), na pra\u00e7a Mafalda Ver\u00edssimo, conhecida por sua famosa caixa d&#8217;\u00e1gua, na rua Felipe de Oliveira, 1300, bairro Petr\u00f3polis, em Porto Alegre. O ingresso \u00e9 solid\u00e1rio: doa\u00e7\u00e3o de livros, que ser\u00e3o destinados ao Projeto V\u00f3 Chica- Vila Safira. [&hellip;]<\/p>\n","protected":false},"author":2,"featured_media":89612,"comment_status":"closed","ping_status":"open","sticky":false,"template":"","format":"standard","meta":{"_jetpack_newsletter_access":"","_jetpack_dont_email_post_to_subs":false,"_jetpack_newsletter_tier_id":0,"_jetpack_memberships_contains_paywalled_content":false,"_jetpack_feature_clip_id":0,"_jetpack_memberships_contains_paid_content":false,"footnotes":"","jetpack_publicize_message":"","jetpack_publicize_feature_enabled":true,"jetpack_social_post_already_shared":true,"jetpack_social_options":{"image_generator_settings":{"template":"highway","default_image_id":0,"font":"","enabled":false},"version":2},"jetpack_post_was_ever_published":false},"categories":[2],"tags":[],"class_list":["post-89605","post","type-post","status-publish","format-standard","has-post-thumbnail","hentry","category-materiasecundaria"],"aioseo_notices":[],"aioseo_head":"\n\t\t<!-- All in One SEO 5.0.1.1 - aioseo.com -->\n\t<meta name=\"description\" content=\"O movimento comunit\u00e1rio Vive Petr\u00f3polis realiza feira de artesanato, exposi\u00e7\u00f5es, m\u00fasica, literatura e caminhada cultural neste domingo (30\/6), na pra\u00e7a Mafalda Ver\u00edssimo, conhecida por sua famosa caixa d&#039;\u00e1gua, na rua Felipe de Oliveira, 1300, bairro Petr\u00f3polis, em Porto Alegre. O ingresso \u00e9 solid\u00e1rio: doa\u00e7\u00e3o de livros, que ser\u00e3o destinados ao Projeto V\u00f3 Chica- Vila Safira.\" \/>\n\t<meta name=\"robots\" content=\"max-image-preview:large\" \/>\n\t<meta name=\"author\" content=\"Cleber Dioni Tentardini\"\/>\n\t<link rel=\"canonical\" href=\"https:\/\/www.jornalja.com.br\/cultura\/tem-atividades-culturais-e-solidarias-no-domingo-na-praca-mafalda-verissimo\/\" \/>\n\t<meta name=\"generator\" content=\"All in One SEO (AIOSEO) 5.0.1.1\" \/>\n\t\t<meta property=\"og:locale\" content=\"pt_BR\" \/>\n\t\t<meta property=\"og:site_name\" content=\"Cultura\" \/>\n\t\t<meta property=\"og:type\" content=\"article\" \/>\n\t\t<meta property=\"og:title\" content=\"Tem atividades culturais e solid\u00e1rias, no domingo, na Pra\u00e7a Mafalda Ver\u00edssimo | Cultura\" \/>\n\t\t<meta property=\"og:description\" content=\"O movimento comunit\u00e1rio Vive Petr\u00f3polis realiza feira de artesanato, exposi\u00e7\u00f5es, m\u00fasica, literatura e caminhada cultural neste domingo (30\/6), na pra\u00e7a Mafalda Ver\u00edssimo, conhecida por sua famosa caixa d&#039;\u00e1gua, na rua Felipe de Oliveira, 1300, bairro Petr\u00f3polis, em Porto Alegre. O ingresso \u00e9 solid\u00e1rio: doa\u00e7\u00e3o de livros, que ser\u00e3o destinados ao Projeto V\u00f3 Chica- Vila Safira.\" \/>\n\t\t<meta property=\"og:url\" content=\"https:\/\/www.jornalja.com.br\/cultura\/tem-atividades-culturais-e-solidarias-no-domingo-na-praca-mafalda-verissimo\/\" \/>\n\t\t<meta property=\"og:image\" content=\"https:\/\/www.jornalja.com.br\/cultura\/wp-content\/uploads\/sites\/2\/2024\/06\/910ee142-1ada-446d-bc47-132c6e19b281.jpg\" \/>\n\t\t<meta property=\"og:image:secure_url\" content=\"https:\/\/www.jornalja.com.br\/cultura\/wp-content\/uploads\/sites\/2\/2024\/06\/910ee142-1ada-446d-bc47-132c6e19b281.jpg\" \/>\n\t\t<meta property=\"og:image:width\" content=\"534\" \/>\n\t\t<meta property=\"og:image:height\" content=\"1156\" \/>\n\t\t<meta property=\"article:published_time\" content=\"2024-06-27T19:25:43+00:00\" \/>\n\t\t<meta property=\"article:modified_time\" content=\"2024-06-27T19:25:43+00:00\" \/>\n\t\t<meta property=\"article:publisher\" content=\"https:\/\/www.facebook.com\/jornaljanaweb\" \/>\n\t\t<meta name=\"twitter:card\" content=\"summary\" \/>\n\t\t<meta name=\"twitter:site\" content=\"@jornal_ja\" \/>\n\t\t<meta name=\"twitter:title\" content=\"Tem atividades culturais e solid\u00e1rias, no domingo, na Pra\u00e7a Mafalda Ver\u00edssimo | Cultura\" \/>\n\t\t<meta name=\"twitter:description\" content=\"O movimento comunit\u00e1rio Vive Petr\u00f3polis realiza feira de artesanato, exposi\u00e7\u00f5es, m\u00fasica, literatura e caminhada cultural neste domingo (30\/6), na pra\u00e7a Mafalda Ver\u00edssimo, conhecida por sua famosa caixa d&#039;\u00e1gua, na rua Felipe de Oliveira, 1300, bairro Petr\u00f3polis, em Porto Alegre. O ingresso \u00e9 solid\u00e1rio: doa\u00e7\u00e3o de livros, que ser\u00e3o destinados ao Projeto V\u00f3 Chica- Vila Safira.\" \/>\n\t\t<meta name=\"twitter:image\" content=\"https:\/\/www.jornalja.com.br\/cultura\/wp-content\/uploads\/sites\/2\/2024\/06\/910ee142-1ada-446d-bc47-132c6e19b281.jpg\" \/>\n\t\t<script type=\"application\/ld+json\" class=\"aioseo-schema\">\n\t\t\t{\"@context\":\"https:\\\/\\\/schema.org\",\"@graph\":[{\"@type\":\"Article\",\"@id\":\"https:\\\/\\\/www.jornalja.com.br\\\/cultura\\\/tem-atividades-culturais-e-solidarias-no-domingo-na-praca-mafalda-verissimo\\\/#article\",\"name\":\"Tem atividades culturais e solid\\u00e1rias, no domingo, na Pra\\u00e7a Mafalda Ver\\u00edssimo | Cultura\",\"headline\":\"Tem atividades culturais e solid\\u00e1rias, no domingo, na Pra\\u00e7a Mafalda Ver\\u00edssimo\",\"author\":{\"@id\":\"https:\\\/\\\/www.jornalja.com.br\\\/cultura\\\/author\\\/cleber\\\/#author\"},\"publisher\":{\"@id\":\"https:\\\/\\\/www.jornalja.com.br\\\/cultura\\\/#organization\"},\"image\":{\"@type\":\"ImageObject\",\"url\":\"https:\\\/\\\/www.jornalja.com.br\\\/cultura\\\/wp-content\\\/uploads\\\/sites\\\/2\\\/2024\\\/06\\\/whatsapp-image-2024-06-25-at-125843.jpeg\",\"width\":1080,\"height\":1080},\"datePublished\":\"2024-06-27T16:25:43-03:00\",\"dateModified\":\"2024-06-27T16:25:43-03:00\",\"inLanguage\":\"pt-BR\",\"mainEntityOfPage\":{\"@id\":\"https:\\\/\\\/www.jornalja.com.br\\\/cultura\\\/tem-atividades-culturais-e-solidarias-no-domingo-na-praca-mafalda-verissimo\\\/#webpage\"},\"isPartOf\":{\"@id\":\"https:\\\/\\\/www.jornalja.com.br\\\/cultura\\\/tem-atividades-culturais-e-solidarias-no-domingo-na-praca-mafalda-verissimo\\\/#webpage\"},\"articleSection\":\"Cultura-MAT\\u00c9RIA\"},{\"@type\":\"BreadcrumbList\",\"@id\":\"https:\\\/\\\/www.jornalja.com.br\\\/cultura\\\/tem-atividades-culturais-e-solidarias-no-domingo-na-praca-mafalda-verissimo\\\/#breadcrumblist\",\"itemListElement\":[{\"@type\":\"ListItem\",\"@id\":\"https:\\\/\\\/www.jornalja.com.br\\\/cultura#listItem\",\"position\":1,\"name\":\"Home\",\"item\":\"https:\\\/\\\/www.jornalja.com.br\\\/cultura\",\"nextItem\":{\"@type\":\"ListItem\",\"@id\":\"https:\\\/\\\/www.jornalja.com.br\\\/cultura\\\/category\\\/materiasecundaria\\\/#listItem\",\"name\":\"Cultura-MAT\\u00c9RIA\"}},{\"@type\":\"ListItem\",\"@id\":\"https:\\\/\\\/www.jornalja.com.br\\\/cultura\\\/category\\\/materiasecundaria\\\/#listItem\",\"position\":2,\"name\":\"Cultura-MAT\\u00c9RIA\",\"item\":\"https:\\\/\\\/www.jornalja.com.br\\\/cultura\\\/category\\\/materiasecundaria\\\/\",\"nextItem\":{\"@type\":\"ListItem\",\"@id\":\"https:\\\/\\\/www.jornalja.com.br\\\/cultura\\\/tem-atividades-culturais-e-solidarias-no-domingo-na-praca-mafalda-verissimo\\\/#listItem\",\"name\":\"Tem atividades culturais e solid\\u00e1rias, no domingo, na Pra\\u00e7a Mafalda Ver\\u00edssimo\"},\"previousItem\":{\"@type\":\"ListItem\",\"@id\":\"https:\\\/\\\/www.jornalja.com.br\\\/cultura#listItem\",\"name\":\"Home\"}},{\"@type\":\"ListItem\",\"@id\":\"https:\\\/\\\/www.jornalja.com.br\\\/cultura\\\/tem-atividades-culturais-e-solidarias-no-domingo-na-praca-mafalda-verissimo\\\/#listItem\",\"position\":3,\"name\":\"Tem atividades culturais e solid\\u00e1rias, no domingo, na Pra\\u00e7a Mafalda Ver\\u00edssimo\",\"previousItem\":{\"@type\":\"ListItem\",\"@id\":\"https:\\\/\\\/www.jornalja.com.br\\\/cultura\\\/category\\\/materiasecundaria\\\/#listItem\",\"name\":\"Cultura-MAT\\u00c9RIA\"}}]},{\"@type\":\"Organization\",\"@id\":\"https:\\\/\\\/www.jornalja.com.br\\\/cultura\\\/#organization\",\"name\":\"Jornal J\\u00c1 Editora\",\"description\":\"Jornal J\\u00c1 | Porto Alegre\",\"url\":\"https:\\\/\\\/www.jornalja.com.br\\\/cultura\\\/\",\"telephone\":\"+555133307272\",\"logo\":{\"@type\":\"ImageObject\",\"url\":\"https:\\\/\\\/www.jornalja.com.br\\\/cultura\\\/wp-content\\\/uploads\\\/sites\\\/2\\\/2021\\\/05\\\/2020-logotipia-ja-35anos.jpg\",\"@id\":\"https:\\\/\\\/www.jornalja.com.br\\\/cultura\\\/tem-atividades-culturais-e-solidarias-no-domingo-na-praca-mafalda-verissimo\\\/#organizationLogo\",\"width\":1067,\"height\":800},\"image\":{\"@id\":\"https:\\\/\\\/www.jornalja.com.br\\\/cultura\\\/tem-atividades-culturais-e-solidarias-no-domingo-na-praca-mafalda-verissimo\\\/#organizationLogo\"},\"sameAs\":[\"https:\\\/\\\/www.instagram.com\\\/jornaljapoa\",\"https:\\\/\\\/www.youtube.com\\\/c\\\/JornalJ\"]},{\"@type\":\"Person\",\"@id\":\"https:\\\/\\\/www.jornalja.com.br\\\/cultura\\\/author\\\/cleber\\\/#author\",\"url\":\"https:\\\/\\\/www.jornalja.com.br\\\/cultura\\\/author\\\/cleber\\\/\",\"name\":\"Cleber Dioni Tentardini\",\"image\":{\"@type\":\"ImageObject\",\"@id\":\"https:\\\/\\\/www.jornalja.com.br\\\/cultura\\\/tem-atividades-culturais-e-solidarias-no-domingo-na-praca-mafalda-verissimo\\\/#authorImage\",\"url\":\"https:\\\/\\\/secure.gravatar.com\\\/avatar\\\/595608379f2f981ef01d32e22896665e50fa497bca735f8c55f97db0381e1b30?s=96&d=mm&r=g\",\"width\":96,\"height\":96,\"caption\":\"Cleber Dioni Tentardini\"}},{\"@type\":\"WebPage\",\"@id\":\"https:\\\/\\\/www.jornalja.com.br\\\/cultura\\\/tem-atividades-culturais-e-solidarias-no-domingo-na-praca-mafalda-verissimo\\\/#webpage\",\"url\":\"https:\\\/\\\/www.jornalja.com.br\\\/cultura\\\/tem-atividades-culturais-e-solidarias-no-domingo-na-praca-mafalda-verissimo\\\/\",\"name\":\"Tem atividades culturais e solid\\u00e1rias, no domingo, na Pra\\u00e7a Mafalda Ver\\u00edssimo | Cultura\",\"description\":\"O movimento comunit\\u00e1rio Vive Petr\\u00f3polis realiza feira de artesanato, exposi\\u00e7\\u00f5es, m\\u00fasica, literatura e caminhada cultural neste domingo (30\\\/6), na pra\\u00e7a Mafalda Ver\\u00edssimo, conhecida por sua famosa caixa d'\\u00e1gua, na rua Felipe de Oliveira, 1300, bairro Petr\\u00f3polis, em Porto Alegre. O ingresso \\u00e9 solid\\u00e1rio: doa\\u00e7\\u00e3o de livros, que ser\\u00e3o destinados ao Projeto V\\u00f3 Chica- Vila Safira.\",\"inLanguage\":\"pt-BR\",\"isPartOf\":{\"@id\":\"https:\\\/\\\/www.jornalja.com.br\\\/cultura\\\/#website\"},\"breadcrumb\":{\"@id\":\"https:\\\/\\\/www.jornalja.com.br\\\/cultura\\\/tem-atividades-culturais-e-solidarias-no-domingo-na-praca-mafalda-verissimo\\\/#breadcrumblist\"},\"author\":{\"@id\":\"https:\\\/\\\/www.jornalja.com.br\\\/cultura\\\/author\\\/cleber\\\/#author\"},\"creator\":{\"@id\":\"https:\\\/\\\/www.jornalja.com.br\\\/cultura\\\/author\\\/cleber\\\/#author\"},\"image\":{\"@type\":\"ImageObject\",\"url\":\"https:\\\/\\\/www.jornalja.com.br\\\/cultura\\\/wp-content\\\/uploads\\\/sites\\\/2\\\/2024\\\/06\\\/whatsapp-image-2024-06-25-at-125843.jpeg\",\"@id\":\"https:\\\/\\\/www.jornalja.com.br\\\/cultura\\\/tem-atividades-culturais-e-solidarias-no-domingo-na-praca-mafalda-verissimo\\\/#mainImage\",\"width\":1080,\"height\":1080},\"primaryImageOfPage\":{\"@id\":\"https:\\\/\\\/www.jornalja.com.br\\\/cultura\\\/tem-atividades-culturais-e-solidarias-no-domingo-na-praca-mafalda-verissimo\\\/#mainImage\"},\"datePublished\":\"2024-06-27T16:25:43-03:00\",\"dateModified\":\"2024-06-27T16:25:43-03:00\"},{\"@type\":\"WebSite\",\"@id\":\"https:\\\/\\\/www.jornalja.com.br\\\/cultura\\\/#website\",\"url\":\"https:\\\/\\\/www.jornalja.com.br\\\/cultura\\\/\",\"name\":\"Cultura\",\"description\":\"Jornal J\\u00c1 | Porto Alegre\",\"inLanguage\":\"pt-BR\",\"publisher\":{\"@id\":\"https:\\\/\\\/www.jornalja.com.br\\\/cultura\\\/#organization\"}}]}\n\t\t<\/script>\n\t\t<!-- All in One SEO -->\n\n","aioseo_head_json":{"title":"Tem atividades culturais e solid\u00e1rias, no domingo, na Pra\u00e7a Mafalda Ver\u00edssimo | Cultura","description":"O movimento comunit\u00e1rio Vive Petr\u00f3polis realiza feira de artesanato, exposi\u00e7\u00f5es, m\u00fasica, literatura e caminhada cultural neste domingo (30\/6), na pra\u00e7a Mafalda Ver\u00edssimo, conhecida por sua famosa caixa d'\u00e1gua, na rua Felipe de Oliveira, 1300, bairro Petr\u00f3polis, em Porto Alegre. O ingresso \u00e9 solid\u00e1rio: doa\u00e7\u00e3o de livros, que ser\u00e3o destinados ao Projeto V\u00f3 Chica- Vila Safira.","canonical_url":"https:\/\/www.jornalja.com.br\/cultura\/tem-atividades-culturais-e-solidarias-no-domingo-na-praca-mafalda-verissimo\/","robots":"max-image-preview:large","keywords":"","webmasterTools":{"miscellaneous":""},"schema":{"@context":"https:\/\/schema.org","@graph":[{"@type":"Article","@id":"https:\/\/www.jornalja.com.br\/cultura\/tem-atividades-culturais-e-solidarias-no-domingo-na-praca-mafalda-verissimo\/#article","name":"Tem atividades culturais e solid\u00e1rias, no domingo, na Pra\u00e7a Mafalda Ver\u00edssimo | Cultura","headline":"Tem atividades culturais e solid\u00e1rias, no domingo, na Pra\u00e7a Mafalda Ver\u00edssimo","author":{"@id":"https:\/\/www.jornalja.com.br\/cultura\/author\/cleber\/#author"},"publisher":{"@id":"https:\/\/www.jornalja.com.br\/cultura\/#organization"},"image":{"@type":"ImageObject","url":"https:\/\/www.jornalja.com.br\/cultura\/wp-content\/uploads\/sites\/2\/2024\/06\/whatsapp-image-2024-06-25-at-125843.jpeg","width":1080,"height":1080},"datePublished":"2024-06-27T16:25:43-03:00","dateModified":"2024-06-27T16:25:43-03:00","inLanguage":"pt-BR","mainEntityOfPage":{"@id":"https:\/\/www.jornalja.com.br\/cultura\/tem-atividades-culturais-e-solidarias-no-domingo-na-praca-mafalda-verissimo\/#webpage"},"isPartOf":{"@id":"https:\/\/www.jornalja.com.br\/cultura\/tem-atividades-culturais-e-solidarias-no-domingo-na-praca-mafalda-verissimo\/#webpage"},"articleSection":"Cultura-MAT\u00c9RIA"},{"@type":"BreadcrumbList","@id":"https:\/\/www.jornalja.com.br\/cultura\/tem-atividades-culturais-e-solidarias-no-domingo-na-praca-mafalda-verissimo\/#breadcrumblist","itemListElement":[{"@type":"ListItem","@id":"https:\/\/www.jornalja.com.br\/cultura#listItem","position":1,"name":"Home","item":"https:\/\/www.jornalja.com.br\/cultura","nextItem":{"@type":"ListItem","@id":"https:\/\/www.jornalja.com.br\/cultura\/category\/materiasecundaria\/#listItem","name":"Cultura-MAT\u00c9RIA"}},{"@type":"ListItem","@id":"https:\/\/www.jornalja.com.br\/cultura\/category\/materiasecundaria\/#listItem","position":2,"name":"Cultura-MAT\u00c9RIA","item":"https:\/\/www.jornalja.com.br\/cultura\/category\/materiasecundaria\/","nextItem":{"@type":"ListItem","@id":"https:\/\/www.jornalja.com.br\/cultura\/tem-atividades-culturais-e-solidarias-no-domingo-na-praca-mafalda-verissimo\/#listItem","name":"Tem atividades culturais e solid\u00e1rias, no domingo, na Pra\u00e7a Mafalda Ver\u00edssimo"},"previousItem":{"@type":"ListItem","@id":"https:\/\/www.jornalja.com.br\/cultura#listItem","name":"Home"}},{"@type":"ListItem","@id":"https:\/\/www.jornalja.com.br\/cultura\/tem-atividades-culturais-e-solidarias-no-domingo-na-praca-mafalda-verissimo\/#listItem","position":3,"name":"Tem atividades culturais e solid\u00e1rias, no domingo, na Pra\u00e7a Mafalda Ver\u00edssimo","previousItem":{"@type":"ListItem","@id":"https:\/\/www.jornalja.com.br\/cultura\/category\/materiasecundaria\/#listItem","name":"Cultura-MAT\u00c9RIA"}}]},{"@type":"Organization","@id":"https:\/\/www.jornalja.com.br\/cultura\/#organization","name":"Jornal J\u00c1 Editora","description":"Jornal J\u00c1 | Porto Alegre","url":"https:\/\/www.jornalja.com.br\/cultura\/","telephone":"+555133307272","logo":{"@type":"ImageObject","url":"https:\/\/www.jornalja.com.br\/cultura\/wp-content\/uploads\/sites\/2\/2021\/05\/2020-logotipia-ja-35anos.jpg","@id":"https:\/\/www.jornalja.com.br\/cultura\/tem-atividades-culturais-e-solidarias-no-domingo-na-praca-mafalda-verissimo\/#organizationLogo","width":1067,"height":800},"image":{"@id":"https:\/\/www.jornalja.com.br\/cultura\/tem-atividades-culturais-e-solidarias-no-domingo-na-praca-mafalda-verissimo\/#organizationLogo"},"sameAs":["https:\/\/www.instagram.com\/jornaljapoa","https:\/\/www.youtube.com\/c\/JornalJ"]},{"@type":"Person","@id":"https:\/\/www.jornalja.com.br\/cultura\/author\/cleber\/#author","url":"https:\/\/www.jornalja.com.br\/cultura\/author\/cleber\/","name":"Cleber Dioni Tentardini","image":{"@type":"ImageObject","@id":"https:\/\/www.jornalja.com.br\/cultura\/tem-atividades-culturais-e-solidarias-no-domingo-na-praca-mafalda-verissimo\/#authorImage","url":"https:\/\/secure.gravatar.com\/avatar\/595608379f2f981ef01d32e22896665e50fa497bca735f8c55f97db0381e1b30?s=96&d=mm&r=g","width":96,"height":96,"caption":"Cleber Dioni Tentardini"}},{"@type":"WebPage","@id":"https:\/\/www.jornalja.com.br\/cultura\/tem-atividades-culturais-e-solidarias-no-domingo-na-praca-mafalda-verissimo\/#webpage","url":"https:\/\/www.jornalja.com.br\/cultura\/tem-atividades-culturais-e-solidarias-no-domingo-na-praca-mafalda-verissimo\/","name":"Tem atividades culturais e solid\u00e1rias, no domingo, na Pra\u00e7a Mafalda Ver\u00edssimo | Cultura","description":"O movimento comunit\u00e1rio Vive Petr\u00f3polis realiza feira de artesanato, exposi\u00e7\u00f5es, m\u00fasica, literatura e caminhada cultural neste domingo (30\/6), na pra\u00e7a Mafalda Ver\u00edssimo, conhecida por sua famosa caixa d'\u00e1gua, na rua Felipe de Oliveira, 1300, bairro Petr\u00f3polis, em Porto Alegre. O ingresso \u00e9 solid\u00e1rio: doa\u00e7\u00e3o de livros, que ser\u00e3o destinados ao Projeto V\u00f3 Chica- Vila Safira.","inLanguage":"pt-BR","isPartOf":{"@id":"https:\/\/www.jornalja.com.br\/cultura\/#website"},"breadcrumb":{"@id":"https:\/\/www.jornalja.com.br\/cultura\/tem-atividades-culturais-e-solidarias-no-domingo-na-praca-mafalda-verissimo\/#breadcrumblist"},"author":{"@id":"https:\/\/www.jornalja.com.br\/cultura\/author\/cleber\/#author"},"creator":{"@id":"https:\/\/www.jornalja.com.br\/cultura\/author\/cleber\/#author"},"image":{"@type":"ImageObject","url":"https:\/\/www.jornalja.com.br\/cultura\/wp-content\/uploads\/sites\/2\/2024\/06\/whatsapp-image-2024-06-25-at-125843.jpeg","@id":"https:\/\/www.jornalja.com.br\/cultura\/tem-atividades-culturais-e-solidarias-no-domingo-na-praca-mafalda-verissimo\/#mainImage","width":1080,"height":1080},"primaryImageOfPage":{"@id":"https:\/\/www.jornalja.com.br\/cultura\/tem-atividades-culturais-e-solidarias-no-domingo-na-praca-mafalda-verissimo\/#mainImage"},"datePublished":"2024-06-27T16:25:43-03:00","dateModified":"2024-06-27T16:25:43-03:00"},{"@type":"WebSite","@id":"https:\/\/www.jornalja.com.br\/cultura\/#website","url":"https:\/\/www.jornalja.com.br\/cultura\/","name":"Cultura","description":"Jornal J\u00c1 | Porto Alegre","inLanguage":"pt-BR","publisher":{"@id":"https:\/\/www.jornalja.com.br\/cultura\/#organization"}}]},"og:locale":"pt_BR","og:site_name":"Cultura","og:type":"article","og:title":"Tem atividades culturais e solid\u00e1rias, no domingo, na Pra\u00e7a Mafalda Ver\u00edssimo | Cultura","og:description":"O movimento comunit\u00e1rio Vive Petr\u00f3polis realiza feira de artesanato, exposi\u00e7\u00f5es, m\u00fasica, literatura e caminhada cultural neste domingo (30\/6), na pra\u00e7a Mafalda Ver\u00edssimo, conhecida por sua famosa caixa d'\u00e1gua, na rua Felipe de Oliveira, 1300, bairro Petr\u00f3polis, em Porto Alegre. O ingresso \u00e9 solid\u00e1rio: doa\u00e7\u00e3o de livros, que ser\u00e3o destinados ao Projeto V\u00f3 Chica- Vila Safira.","og:url":"https:\/\/www.jornalja.com.br\/cultura\/tem-atividades-culturais-e-solidarias-no-domingo-na-praca-mafalda-verissimo\/","og:image":"https:\/\/www.jornalja.com.br\/cultura\/wp-content\/uploads\/sites\/2\/2024\/06\/910ee142-1ada-446d-bc47-132c6e19b281.jpg","og:image:secure_url":"https:\/\/www.jornalja.com.br\/cultura\/wp-content\/uploads\/sites\/2\/2024\/06\/910ee142-1ada-446d-bc47-132c6e19b281.jpg","og:image:width":534,"og:image:height":1156,"article:published_time":"2024-06-27T19:25:43+00:00","article:modified_time":"2024-06-27T19:25:43+00:00","article:publisher":"https:\/\/www.facebook.com\/jornaljanaweb","twitter:card":"summary","twitter:site":"@jornal_ja","twitter:title":"Tem atividades culturais e solid\u00e1rias, no domingo, na Pra\u00e7a Mafalda Ver\u00edssimo | Cultura","twitter:description":"O movimento comunit\u00e1rio Vive Petr\u00f3polis realiza feira de artesanato, exposi\u00e7\u00f5es, m\u00fasica, literatura e caminhada cultural neste domingo (30\/6), na pra\u00e7a Mafalda Ver\u00edssimo, conhecida por sua famosa caixa d'\u00e1gua, na rua Felipe de Oliveira, 1300, bairro Petr\u00f3polis, em Porto Alegre. O ingresso \u00e9 solid\u00e1rio: doa\u00e7\u00e3o de livros, que ser\u00e3o destinados ao Projeto V\u00f3 Chica- Vila Safira.","twitter:image":"https:\/\/www.jornalja.com.br\/cultura\/wp-content\/uploads\/sites\/2\/2024\/06\/910ee142-1ada-446d-bc47-132c6e19b281.jpg"},"aioseo_meta_data":{"post_id":"89605","title":null,"description":null,"keywords":null,"keyphrases":{"focus":{"keyphrase":"","score":0,"analysis":{"keyphraseInTitle":{"score":0,"maxScore":9,"error":1}}},"additional":[]},"primary_term":null,"canonical_url":null,"og_title":null,"og_description":null,"og_object_type":"default","og_image_type":"default","og_image_url":null,"og_image_width":null,"og_image_height":null,"og_image_custom_url":null,"og_image_custom_fields":null,"og_video":"","og_custom_url":null,"og_article_section":null,"og_article_tags":null,"twitter_use_og":false,"twitter_card":"default","twitter_image_type":"default","twitter_image_url":null,"twitter_image_custom_url":null,"twitter_image_custom_fields":null,"twitter_title":null,"twitter_description":null,"schema":{"blockGraphs":[],"customGraphs":[],"default":{"data":{"Article":[],"Course":[],"Dataset":[],"FAQPage":[],"Movie":[],"Person":[],"Product":[],"ProductReview":[],"Car":[],"Recipe":[],"Service":[],"SoftwareApplication":[],"WebPage":[]},"graphName":"Article","isEnabled":true},"graphs":[]},"schema_type":"default","schema_type_options":null,"pillar_content":false,"robots_default":true,"robots_noindex":false,"robots_noarchive":false,"robots_nosnippet":false,"robots_nofollow":false,"robots_noimageindex":false,"robots_noodp":false,"robots_notranslate":false,"robots_max_snippet":"-1","robots_max_videopreview":"-1","robots_max_imagepreview":"large","priority":null,"frequency":"default","location":null,"local_seo":null,"breadcrumb_settings":null,"limit_modified_date":false,"ai":null,"created":"2024-06-25 16:11:21","updated":"2025-06-04 14:13:24","seo_analyzer_scan_date":null,"focus_keyword":null,"additional_keywords":null,"truseo_locale":null},"jetpack_publicize_connections":[],"jetpack-related-posts":[{"id":83781,"url":"https:\/\/www.jornalja.com.br\/cultura\/83781-2\/","url_meta":{"origin":89605,"position":0},"title":"Verissimo manda not\u00edcias: est\u00e1 em casa se recuperando de um AVC","author":"da Reda\u00e7\u00e3o","date":"13 de abril de 2021","format":false,"excerpt":"Uma leitora perguntou a O Globo, na semana passada, o motivo da aus\u00eancia dos textos inteligentes e bem-humorados do escritor Luis Fernando Verissimo das p\u00e1ginas do jornal. \u201cPor que n\u00e3o est\u00e1 mais escrevendo? Como est\u00e1 sua sa\u00fade?\u201d Nesta ter\u00e7a, 13, o jornal respondeu com uma mat\u00e9ria. \"Verissimo, de 84 anos,\u2026","rel":"","context":"Em &quot;Cultura-MAT\u00c9RIA&quot;","block_context":{"text":"Cultura-MAT\u00c9RIA","link":"https:\/\/www.jornalja.com.br\/cultura\/category\/materiasecundaria\/"},"img":{"alt_text":"","src":"https:\/\/i0.wp.com\/www.jornalja.com.br\/cultura\/wp-content\/uploads\/sites\/2\/2021\/04\/verissimo-luiz-fernando.jpg?resize=350%2C200&ssl=1","width":350,"height":200,"srcset":"https:\/\/i0.wp.com\/www.jornalja.com.br\/cultura\/wp-content\/uploads\/sites\/2\/2021\/04\/verissimo-luiz-fernando.jpg?resize=350%2C200&ssl=1 1x, https:\/\/i0.wp.com\/www.jornalja.com.br\/cultura\/wp-content\/uploads\/sites\/2\/2021\/04\/verissimo-luiz-fernando.jpg?resize=525%2C300&ssl=1 1.5x, https:\/\/i0.wp.com\/www.jornalja.com.br\/cultura\/wp-content\/uploads\/sites\/2\/2021\/04\/verissimo-luiz-fernando.jpg?resize=700%2C400&ssl=1 2x, https:\/\/i0.wp.com\/www.jornalja.com.br\/cultura\/wp-content\/uploads\/sites\/2\/2021\/04\/verissimo-luiz-fernando.jpg?resize=1050%2C600&ssl=1 3x"},"classes":[]},{"id":82786,"url":"https:\/\/www.jornalja.com.br\/cultura\/morreu-quino-que-desenhou-o-inconformismo-e-criou-mafalda\/","url_meta":{"origin":89605,"position":1},"title":"Morreu Quino, que desenhou o inconformismo. E criou Mafalda","author":"da Reda\u00e7\u00e3o","date":"30 de setembro de 2020","format":false,"excerpt":"Vitor Nuzzi, da RBA \u00a0 O desenhista argentino morreu hoje, aos 88 anos, um dia depois do \u201canivers\u00e1rio\u201d de 56 anos sua ic\u00f4nica personagem. \u00a0 Em novembro de 1954, a revista semanal argentina Esto\u00a0Es publicou a tira de um estreante de \u201clinha lac\u00f4nica\u201d. Joaqu\u00edn Salvador Lavado Tej\u00f3n, o Quino, tinha\u2026","rel":"","context":"Em &quot;Cultura-MAT\u00c9RIA&quot;","block_context":{"text":"Cultura-MAT\u00c9RIA","link":"https:\/\/www.jornalja.com.br\/cultura\/category\/materiasecundaria\/"},"img":{"alt_text":"","src":"https:\/\/i0.wp.com\/www.jornalja.com.br\/cultura\/wp-content\/uploads\/sites\/2\/2020\/09\/quino-laerte.jpg?resize=350%2C200&ssl=1","width":350,"height":200,"srcset":"https:\/\/i0.wp.com\/www.jornalja.com.br\/cultura\/wp-content\/uploads\/sites\/2\/2020\/09\/quino-laerte.jpg?resize=350%2C200&ssl=1 1x, https:\/\/i0.wp.com\/www.jornalja.com.br\/cultura\/wp-content\/uploads\/sites\/2\/2020\/09\/quino-laerte.jpg?resize=525%2C300&ssl=1 1.5x"},"classes":[]},{"id":91349,"url":"https:\/\/www.jornalja.com.br\/cultura\/luis-fernando-verissimo-1936-2025\/","url_meta":{"origin":89605,"position":2},"title":"&#8220;O pai acaba de falecer. Tranquilo&#8221;","author":"da Reda\u00e7\u00e3o","date":"30 de agosto de 2025","format":false,"excerpt":"\u00c0s 2h42 da madrugada deste s\u00e1bado, 30 de agosto, a filha de Lu\u00eds Fernando Ver\u00edssimo mandou mensagem aos amigos mais pr\u00f3ximos: \"O pai acaba de falecer. Tranquilo.\" \u00a0Ver\u00edssimo, 88 anos, estava internado na UTI do Hospital Moinhos de Vento, em Porto Alegre, h\u00e1\u00a0 tr\u00eas semanas com princ\u00edpio de pneumonia.\u00a0 Verissimo\u2026","rel":"","context":"Em &quot;Cultura-MAT\u00c9RIA&quot;","block_context":{"text":"Cultura-MAT\u00c9RIA","link":"https:\/\/www.jornalja.com.br\/cultura\/category\/materiasecundaria\/"},"img":{"alt_text":"","src":"https:\/\/i0.wp.com\/www.jornalja.com.br\/cultura\/wp-content\/uploads\/sites\/2\/2025\/08\/luis-vernando-verissimo-2.png?resize=350%2C200&ssl=1","width":350,"height":200},"classes":[]},{"id":86495,"url":"https:\/\/www.jornalja.com.br\/cultura\/livro-g-e-tupi-sonho-de-guris-relembra-futebol-na-epoca-da-infancia\/","url_meta":{"origin":89605,"position":3},"title":"Livro &#8220;G.E. Tupi, sonho de guris&#8221;, relembra futebol na \u00e9poca da inf\u00e2ncia, nos anos 1960","author":"da Reda\u00e7\u00e3o","date":"17 de agosto de 2022","format":false,"excerpt":"\u00a0 A editora Escuna lan\u00e7a o livro \"G.E Tupi, sonho de guris\" que re\u00fane textos do jornalista Fl\u00e1vio Dutra e um grupo de amigos sobre experi\u00eancias futebol\u00edsticas de inf\u00e2ncia e pr\u00e9- adolesc\u00eancia. O lan\u00e7amento, acontece ter\u00e7a-feira, dia 23, no restaurante S\u00e3o Rafael, avenida Prot\u00e1ssio Alves 2720. O texto de divulga\u00e7\u00e3o\u2026","rel":"","context":"Em &quot;Cultura-MAT\u00c9RIA&quot;","block_context":{"text":"Cultura-MAT\u00c9RIA","link":"https:\/\/www.jornalja.com.br\/cultura\/category\/materiasecundaria\/"},"img":{"alt_text":"","src":"https:\/\/i0.wp.com\/www.jornalja.com.br\/cultura\/wp-content\/uploads\/sites\/2\/2022\/08\/dutra-unnamed.jpg?resize=350%2C200&ssl=1","width":350,"height":200,"srcset":"https:\/\/i0.wp.com\/www.jornalja.com.br\/cultura\/wp-content\/uploads\/sites\/2\/2022\/08\/dutra-unnamed.jpg?resize=350%2C200&ssl=1 1x, https:\/\/i0.wp.com\/www.jornalja.com.br\/cultura\/wp-content\/uploads\/sites\/2\/2022\/08\/dutra-unnamed.jpg?resize=525%2C300&ssl=1 1.5x, https:\/\/i0.wp.com\/www.jornalja.com.br\/cultura\/wp-content\/uploads\/sites\/2\/2022\/08\/dutra-unnamed.jpg?resize=700%2C400&ssl=1 2x, https:\/\/i0.wp.com\/www.jornalja.com.br\/cultura\/wp-content\/uploads\/sites\/2\/2022\/08\/dutra-unnamed.jpg?resize=1050%2C600&ssl=1 3x"},"classes":[]},{"id":73302,"url":"https:\/\/www.jornalja.com.br\/cultura\/charles-master-e-joao-maldonado-tocam-tnt-na-praca-mauricio-cardoso\/","url_meta":{"origin":89605,"position":4},"title":"Charles Master e Jo\u00e3o Maldonado tocam TNT na Pra\u00e7a Maur\u00edcio Cardoso","author":"da Reda\u00e7\u00e3o","date":"14 de mar\u00e7o de 2019","format":false,"excerpt":"Integrantes da banda ga\u00facha que estourou nos anos 80 se apresentam no dia 17 de mar\u00e7o, \u00e0s 17h, na Pra\u00e7a Mauricio Cardoso, na Feira La Movida em alus\u00e3o a St.Patricks. O evento contar\u00e1 com mais de 30 cervejas artesanais.\u00a0 A Feira La Movida - Especial St. Patricks recebe no pr\u00f3ximo\u2026","rel":"","context":"Em &quot;Cultura-MAT\u00c9RIA&quot;","block_context":{"text":"Cultura-MAT\u00c9RIA","link":"https:\/\/www.jornalja.com.br\/cultura\/category\/materiasecundaria\/"},"img":{"alt_text":"","src":"","width":0,"height":0},"classes":[]},{"id":89543,"url":"https:\/\/www.jornalja.com.br\/cultura\/o-futebol-de-varzea-em-livro-lancado-por-17-autores-gauchos-no-chale-do-praca-15\/","url_meta":{"origin":89605,"position":5},"title":"Relatos do tempo em que o futebol era uma v\u00e1rzea","author":"da Reda\u00e7\u00e3o","date":"11 de junho de 2024","format":false,"excerpt":"\u00c9 hora de recome\u00e7ar e o livro \"Viva a V\u00e1rzea\", que deveria ser lan\u00e7ado dia 30 de abril, por conta do mau tempo foi lan\u00e7ado dia 11 de junho, com sess\u00e3o de aut\u00f3grafos no Chal\u00e9 da Pra\u00e7a 15. O livro resgata hist\u00f3rias e personagens do futebol amador em Porto Alegre.\u2026","rel":"","context":"Em &quot;Cultura-MAT\u00c9RIA&quot;","block_context":{"text":"Cultura-MAT\u00c9RIA","link":"https:\/\/www.jornalja.com.br\/cultura\/category\/materiasecundaria\/"},"img":{"alt_text":"","src":"https:\/\/i0.wp.com\/www.jornalja.com.br\/cultura\/wp-content\/uploads\/sites\/2\/2024\/06\/varzea-capa-em-alta-1.jpg?resize=350%2C200&ssl=1","width":350,"height":200,"srcset":"https:\/\/i0.wp.com\/www.jornalja.com.br\/cultura\/wp-content\/uploads\/sites\/2\/2024\/06\/varzea-capa-em-alta-1.jpg?resize=350%2C200&ssl=1 1x, https:\/\/i0.wp.com\/www.jornalja.com.br\/cultura\/wp-content\/uploads\/sites\/2\/2024\/06\/varzea-capa-em-alta-1.jpg?resize=525%2C300&ssl=1 1.5x, https:\/\/i0.wp.com\/www.jornalja.com.br\/cultura\/wp-content\/uploads\/sites\/2\/2024\/06\/varzea-capa-em-alta-1.jpg?resize=700%2C400&ssl=1 2x, https:\/\/i0.wp.com\/www.jornalja.com.br\/cultura\/wp-content\/uploads\/sites\/2\/2024\/06\/varzea-capa-em-alta-1.jpg?resize=1050%2C600&ssl=1 3x, https:\/\/i0.wp.com\/www.jornalja.com.br\/cultura\/wp-content\/uploads\/sites\/2\/2024\/06\/varzea-capa-em-alta-1.jpg?resize=1400%2C800&ssl=1 4x"},"classes":[]}],"jetpack_shortlink":"https:\/\/wp.me\/pbKnZc-njf","jetpack_sharing_enabled":true,"jetpack_featured_media_url":"https:\/\/www.jornalja.com.br\/cultura\/wp-content\/uploads\/sites\/2\/2024\/06\/whatsapp-image-2024-06-25-at-125843.jpeg","_links":{"self":[{"href":"https:\/\/www.jornalja.com.br\/cultura\/wp-json\/wp\/v2\/posts\/89605","targetHints":{"allow":["GET"]}}],"collection":[{"href":"https:\/\/www.jornalja.com.br\/cultura\/wp-json\/wp\/v2\/posts"}],"about":[{"href":"https:\/\/www.jornalja.com.br\/cultura\/wp-json\/wp\/v2\/types\/post"}],"author":[{"embeddable":true,"href":"https:\/\/www.jornalja.com.br\/cultura\/wp-json\/wp\/v2\/users\/2"}],"replies":[{"embeddable":true,"href":"https:\/\/www.jornalja.com.br\/cultura\/wp-json\/wp\/v2\/comments?post=89605"}],"version-history":[{"count":5,"href":"https:\/\/www.jornalja.com.br\/cultura\/wp-json\/wp\/v2\/posts\/89605\/revisions"}],"predecessor-version":[{"id":89637,"href":"https:\/\/www.jornalja.com.br\/cultura\/wp-json\/wp\/v2\/posts\/89605\/revisions\/89637"}],"wp:featuredmedia":[{"embeddable":true,"href":"https:\/\/www.jornalja.com.br\/cultura\/wp-json\/wp\/v2\/media\/89612"}],"wp:attachment":[{"href":"https:\/\/www.jornalja.com.br\/cultura\/wp-json\/wp\/v2\/media?parent=89605"}],"wp:term":[{"taxonomy":"category","embeddable":true,"href":"https:\/\/www.jornalja.com.br\/cultura\/wp-json\/wp\/v2\/categories?post=89605"},{"taxonomy":"post_tag","embeddable":true,"href":"https:\/\/www.jornalja.com.br\/cultura\/wp-json\/wp\/v2\/tags?post=89605"}],"curies":[{"name":"wp","href":"https:\/\/api.w.org\/{rel}","templated":true}]}}