{"id":90474,"date":"2025-01-08T22:10:13","date_gmt":"2025-01-09T01:10:13","guid":{"rendered":"https:\/\/www.jornalja.com.br\/cultura\/?p=90474"},"modified":"2025-01-10T20:34:03","modified_gmt":"2025-01-10T23:34:03","slug":"dia-do-leitor-acontece-na-praca-da-alfandega-sob-o-absoluto-encantamento-dos-participantes","status":"publish","type":"post","link":"https:\/\/www.jornalja.com.br\/cultura\/dia-do-leitor-acontece-na-praca-da-alfandega-sob-o-absoluto-encantamento-dos-participantes\/","title":{"rendered":"Dia do Leitor acontece na Pra\u00e7a da Alf\u00e2ndega sob o absoluto encantamento dos participantes"},"content":{"rendered":"<p><strong>Higino Barros<\/strong><\/p>\n<figure id=\"attachment_90483\" aria-describedby=\"caption-attachment-90483\" style=\"width: 300px\" class=\"wp-caption alignnone\"><img decoding=\"async\" data-attachment-id=\"90483\" data-permalink=\"https:\/\/www.jornalja.com.br\/cultura\/dia-do-leitor-acontece-na-praca-da-alfandega-sob-o-absoluto-encantamento-dos-participantes\/dia-472759377_10162135857432398_9096859808900444176_n\/\" data-orig-file=\"https:\/\/www.jornalja.com.br\/cultura\/wp-content\/uploads\/sites\/2\/2025\/01\/dia-472759377-10162135857432398-9096859808900444176-n.jpg\" data-orig-size=\"1544,1544\" data-comments-opened=\"0\" data-image-meta=\"{&quot;aperture&quot;:&quot;0&quot;,&quot;credit&quot;:&quot;&quot;,&quot;camera&quot;:&quot;&quot;,&quot;caption&quot;:&quot;&quot;,&quot;created_timestamp&quot;:&quot;0&quot;,&quot;copyright&quot;:&quot;&quot;,&quot;focal_length&quot;:&quot;0&quot;,&quot;iso&quot;:&quot;0&quot;,&quot;shutter_speed&quot;:&quot;0&quot;,&quot;title&quot;:&quot;&quot;,&quot;orientation&quot;:&quot;0&quot;}\" data-image-title=\"dia 472759377_10162135857432398_9096859808900444176_n\" data-image-description=\"\" data-image-caption=\"\" data-large-file=\"https:\/\/www.jornalja.com.br\/cultura\/wp-content\/uploads\/sites\/2\/2025\/01\/dia-472759377-10162135857432398-9096859808900444176-n-1024x1024.jpg\" class=\"wp-image-90483 size-medium\" src=\"https:\/\/www.jornalja.com.br\/cultura\/wp-content\/uploads\/sites\/2\/2025\/01\/dia-472759377-10162135857432398-9096859808900444176-n-300x300.jpg\" alt=\"\" width=\"300\" height=\"300\" srcset=\"https:\/\/www.jornalja.com.br\/cultura\/wp-content\/uploads\/sites\/2\/2025\/01\/dia-472759377-10162135857432398-9096859808900444176-n-300x300.jpg 300w, https:\/\/www.jornalja.com.br\/cultura\/wp-content\/uploads\/sites\/2\/2025\/01\/dia-472759377-10162135857432398-9096859808900444176-n-1024x1024.jpg 1024w, https:\/\/www.jornalja.com.br\/cultura\/wp-content\/uploads\/sites\/2\/2025\/01\/dia-472759377-10162135857432398-9096859808900444176-n-150x150.jpg 150w, https:\/\/www.jornalja.com.br\/cultura\/wp-content\/uploads\/sites\/2\/2025\/01\/dia-472759377-10162135857432398-9096859808900444176-n-768x768.jpg 768w, https:\/\/www.jornalja.com.br\/cultura\/wp-content\/uploads\/sites\/2\/2025\/01\/dia-472759377-10162135857432398-9096859808900444176-n-1536x1536.jpg 1536w, https:\/\/www.jornalja.com.br\/cultura\/wp-content\/uploads\/sites\/2\/2025\/01\/dia-472759377-10162135857432398-9096859808900444176-n-1200x1200.jpg 1200w, https:\/\/www.jornalja.com.br\/cultura\/wp-content\/uploads\/sites\/2\/2025\/01\/dia-472759377-10162135857432398-9096859808900444176-n.jpg 1544w\" sizes=\"(max-width: 300px) 100vw, 300px\" \/><figcaption id=\"caption-attachment-90483\" class=\"wp-caption-text\">O artista visual\u00a0 Wili Cava falando sobre a obra de Quintana | Foto: Carlos Souza\/Divulga\u00e7\u00e3o<\/figcaption><\/figure>\n<figure id=\"attachment_90482\" aria-describedby=\"caption-attachment-90482\" style=\"width: 300px\" class=\"wp-caption alignnone\"><img decoding=\"async\" data-attachment-id=\"90482\" data-permalink=\"https:\/\/www.jornalja.com.br\/cultura\/dia-do-leitor-acontece-na-praca-da-alfandega-sob-o-absoluto-encantamento-dos-participantes\/dia-472726509_10162135859657398_3117984436087159513_n\/\" data-orig-file=\"https:\/\/www.jornalja.com.br\/cultura\/wp-content\/uploads\/sites\/2\/2025\/01\/dia-472726509-10162135859657398-3117984436087159513-n-scaled.jpg\" data-orig-size=\"2560,1152\" data-comments-opened=\"0\" data-image-meta=\"{&quot;aperture&quot;:&quot;0&quot;,&quot;credit&quot;:&quot;&quot;,&quot;camera&quot;:&quot;&quot;,&quot;caption&quot;:&quot;&quot;,&quot;created_timestamp&quot;:&quot;0&quot;,&quot;copyright&quot;:&quot;&quot;,&quot;focal_length&quot;:&quot;0&quot;,&quot;iso&quot;:&quot;0&quot;,&quot;shutter_speed&quot;:&quot;0&quot;,&quot;title&quot;:&quot;&quot;,&quot;orientation&quot;:&quot;0&quot;}\" data-image-title=\"dia 472726509_10162135859657398_3117984436087159513_n\" data-image-description=\"\" data-image-caption=\"\" data-large-file=\"https:\/\/www.jornalja.com.br\/cultura\/wp-content\/uploads\/sites\/2\/2025\/01\/dia-472726509-10162135859657398-3117984436087159513-n-1024x461.jpg\" class=\"wp-image-90482 size-medium\" src=\"https:\/\/www.jornalja.com.br\/cultura\/wp-content\/uploads\/sites\/2\/2025\/01\/dia-472726509-10162135859657398-3117984436087159513-n-300x135.jpg\" alt=\"\" width=\"300\" height=\"135\" srcset=\"https:\/\/www.jornalja.com.br\/cultura\/wp-content\/uploads\/sites\/2\/2025\/01\/dia-472726509-10162135859657398-3117984436087159513-n-300x135.jpg 300w, https:\/\/www.jornalja.com.br\/cultura\/wp-content\/uploads\/sites\/2\/2025\/01\/dia-472726509-10162135859657398-3117984436087159513-n-1024x461.jpg 1024w, https:\/\/www.jornalja.com.br\/cultura\/wp-content\/uploads\/sites\/2\/2025\/01\/dia-472726509-10162135859657398-3117984436087159513-n-768x346.jpg 768w, https:\/\/www.jornalja.com.br\/cultura\/wp-content\/uploads\/sites\/2\/2025\/01\/dia-472726509-10162135859657398-3117984436087159513-n-1536x691.jpg 1536w, https:\/\/www.jornalja.com.br\/cultura\/wp-content\/uploads\/sites\/2\/2025\/01\/dia-472726509-10162135859657398-3117984436087159513-n-2048x922.jpg 2048w, https:\/\/www.jornalja.com.br\/cultura\/wp-content\/uploads\/sites\/2\/2025\/01\/dia-472726509-10162135859657398-3117984436087159513-n-1200x540.jpg 1200w\" sizes=\"(max-width: 300px) 100vw, 300px\" \/><figcaption id=\"caption-attachment-90482\" class=\"wp-caption-text\">A poeta Ana dos Santos declamou poemas de sua autoria | Foto: Carlos Souza\/ Divulga\u00e7\u00e3o<\/figcaption><\/figure>\n<figure id=\"attachment_90481\" aria-describedby=\"caption-attachment-90481\" style=\"width: 300px\" class=\"wp-caption alignnone\"><img decoding=\"async\" data-attachment-id=\"90481\" data-permalink=\"https:\/\/www.jornalja.com.br\/cultura\/dia-do-leitor-acontece-na-praca-da-alfandega-sob-o-absoluto-encantamento-dos-participantes\/dia-472722000_10162135857597398_8559083050219449622_n\/\" data-orig-file=\"https:\/\/www.jornalja.com.br\/cultura\/wp-content\/uploads\/sites\/2\/2025\/01\/dia-472722000-10162135857597398-8559083050219449622-n.jpg\" data-orig-size=\"720,402\" data-comments-opened=\"0\" data-image-meta=\"{&quot;aperture&quot;:&quot;0&quot;,&quot;credit&quot;:&quot;&quot;,&quot;camera&quot;:&quot;&quot;,&quot;caption&quot;:&quot;&quot;,&quot;created_timestamp&quot;:&quot;0&quot;,&quot;copyright&quot;:&quot;&quot;,&quot;focal_length&quot;:&quot;0&quot;,&quot;iso&quot;:&quot;0&quot;,&quot;shutter_speed&quot;:&quot;0&quot;,&quot;title&quot;:&quot;&quot;,&quot;orientation&quot;:&quot;0&quot;}\" data-image-title=\"dia 472722000_10162135857597398_8559083050219449622_n\" data-image-description=\"\" data-image-caption=\"\" data-large-file=\"https:\/\/www.jornalja.com.br\/cultura\/wp-content\/uploads\/sites\/2\/2025\/01\/dia-472722000-10162135857597398-8559083050219449622-n.jpg\" class=\"wp-image-90481 size-medium\" src=\"https:\/\/www.jornalja.com.br\/cultura\/wp-content\/uploads\/sites\/2\/2025\/01\/dia-472722000-10162135857597398-8559083050219449622-n-300x168.jpg\" alt=\"\" width=\"300\" height=\"168\" srcset=\"https:\/\/www.jornalja.com.br\/cultura\/wp-content\/uploads\/sites\/2\/2025\/01\/dia-472722000-10162135857597398-8559083050219449622-n-300x168.jpg 300w, https:\/\/www.jornalja.com.br\/cultura\/wp-content\/uploads\/sites\/2\/2025\/01\/dia-472722000-10162135857597398-8559083050219449622-n.jpg 720w\" sizes=\"(max-width: 300px) 100vw, 300px\" \/><figcaption id=\"caption-attachment-90481\" class=\"wp-caption-text\">O jornalista Paulo Gasparotto falou de suas lembran\u00e7as de M\u00e1rio Quintana e a import\u00e2ncia de le |. Foto: Carlos Souza\/Divulga\u00e7\u00e3o<\/figcaption><\/figure>\n<p>Cerca de 100 pessoas participaram do Dia do Leitor nesta ter\u00e7a-feira, junto \u00e0s est\u00e1tuas dos poetas M\u00e1rio Quintana e Carlos Drummond de Andrade, na pra\u00e7a da Alf\u00e2ndega. O evento aconteceu das 11h \u00e0s 17h e teve presen\u00e7as de v\u00e1rios intelectuais ga\u00fachos, autoridades da Secretaria de Cultura de Porto Alegre e pessoas que estavam transitando pelo local no hor\u00e1rio e pararam desfrutando a fun\u00e7\u00e3o, absolutamente encantadas com o que estava acontecendo. Entre eles dois estrangeiros, visitando a capital ga\u00facha &#8211; um irland\u00eas e um argentino &#8211; e que acabaram declamando poemas em seus idiomas de origem.<\/p>\n<figure id=\"attachment_90488\" aria-describedby=\"caption-attachment-90488\" style=\"width: 300px\" class=\"wp-caption alignnone\"><img decoding=\"async\" data-attachment-id=\"90488\" data-permalink=\"https:\/\/www.jornalja.com.br\/cultura\/dia-do-leitor-acontece-na-praca-da-alfandega-sob-o-absoluto-encantamento-dos-participantes\/dia-472968711_10162135861102398_2700005211802509688_n\/\" data-orig-file=\"https:\/\/www.jornalja.com.br\/cultura\/wp-content\/uploads\/sites\/2\/2025\/01\/dia-472968711-10162135861102398-2700005211802509688-n-scaled.jpg\" data-orig-size=\"2560,1152\" data-comments-opened=\"0\" data-image-meta=\"{&quot;aperture&quot;:&quot;0&quot;,&quot;credit&quot;:&quot;&quot;,&quot;camera&quot;:&quot;&quot;,&quot;caption&quot;:&quot;&quot;,&quot;created_timestamp&quot;:&quot;0&quot;,&quot;copyright&quot;:&quot;&quot;,&quot;focal_length&quot;:&quot;0&quot;,&quot;iso&quot;:&quot;0&quot;,&quot;shutter_speed&quot;:&quot;0&quot;,&quot;title&quot;:&quot;&quot;,&quot;orientation&quot;:&quot;0&quot;}\" data-image-title=\"dia 472968711_10162135861102398_2700005211802509688_n\" data-image-description=\"\" data-image-caption=\"\" data-large-file=\"https:\/\/www.jornalja.com.br\/cultura\/wp-content\/uploads\/sites\/2\/2025\/01\/dia-472968711-10162135861102398-2700005211802509688-n-1024x461.jpg\" class=\"wp-image-90488 size-medium\" src=\"https:\/\/www.jornalja.com.br\/cultura\/wp-content\/uploads\/sites\/2\/2025\/01\/dia-472968711-10162135861102398-2700005211802509688-n-300x135.jpg\" alt=\"\" width=\"300\" height=\"135\" srcset=\"https:\/\/www.jornalja.com.br\/cultura\/wp-content\/uploads\/sites\/2\/2025\/01\/dia-472968711-10162135861102398-2700005211802509688-n-300x135.jpg 300w, https:\/\/www.jornalja.com.br\/cultura\/wp-content\/uploads\/sites\/2\/2025\/01\/dia-472968711-10162135861102398-2700005211802509688-n-1024x461.jpg 1024w, https:\/\/www.jornalja.com.br\/cultura\/wp-content\/uploads\/sites\/2\/2025\/01\/dia-472968711-10162135861102398-2700005211802509688-n-768x346.jpg 768w, https:\/\/www.jornalja.com.br\/cultura\/wp-content\/uploads\/sites\/2\/2025\/01\/dia-472968711-10162135861102398-2700005211802509688-n-1536x691.jpg 1536w, https:\/\/www.jornalja.com.br\/cultura\/wp-content\/uploads\/sites\/2\/2025\/01\/dia-472968711-10162135861102398-2700005211802509688-n-2048x922.jpg 2048w, https:\/\/www.jornalja.com.br\/cultura\/wp-content\/uploads\/sites\/2\/2025\/01\/dia-472968711-10162135861102398-2700005211802509688-n-1200x540.jpg 1200w\" sizes=\"(max-width: 300px) 100vw, 300px\" \/><figcaption id=\"caption-attachment-90488\" class=\"wp-caption-text\">A cantora e compositora Helo\u00edsa Marshall declamou poema de sua autoria | Foto: Carlos Souza\/ Divulga\u00e7\u00e3o<\/figcaption><\/figure>\n<figure id=\"attachment_90484\" aria-describedby=\"caption-attachment-90484\" style=\"width: 300px\" class=\"wp-caption alignnone\"><img decoding=\"async\" data-attachment-id=\"90484\" data-permalink=\"https:\/\/www.jornalja.com.br\/cultura\/dia-do-leitor-acontece-na-praca-da-alfandega-sob-o-absoluto-encantamento-dos-participantes\/dia-472790309_10162135857232398_8869093926790603245_n\/\" data-orig-file=\"https:\/\/www.jornalja.com.br\/cultura\/wp-content\/uploads\/sites\/2\/2025\/01\/dia-472790309-10162135857232398-8869093926790603245-n.jpg\" data-orig-size=\"1544,1544\" data-comments-opened=\"0\" data-image-meta=\"{&quot;aperture&quot;:&quot;0&quot;,&quot;credit&quot;:&quot;&quot;,&quot;camera&quot;:&quot;&quot;,&quot;caption&quot;:&quot;&quot;,&quot;created_timestamp&quot;:&quot;0&quot;,&quot;copyright&quot;:&quot;&quot;,&quot;focal_length&quot;:&quot;0&quot;,&quot;iso&quot;:&quot;0&quot;,&quot;shutter_speed&quot;:&quot;0&quot;,&quot;title&quot;:&quot;&quot;,&quot;orientation&quot;:&quot;0&quot;}\" data-image-title=\"dia 472790309_10162135857232398_8869093926790603245_n\" data-image-description=\"\" data-image-caption=\"\" data-large-file=\"https:\/\/www.jornalja.com.br\/cultura\/wp-content\/uploads\/sites\/2\/2025\/01\/dia-472790309-10162135857232398-8869093926790603245-n-1024x1024.jpg\" class=\"wp-image-90484 size-medium\" src=\"https:\/\/www.jornalja.com.br\/cultura\/wp-content\/uploads\/sites\/2\/2025\/01\/dia-472790309-10162135857232398-8869093926790603245-n-300x300.jpg\" alt=\"\" width=\"300\" height=\"300\" srcset=\"https:\/\/www.jornalja.com.br\/cultura\/wp-content\/uploads\/sites\/2\/2025\/01\/dia-472790309-10162135857232398-8869093926790603245-n-300x300.jpg 300w, https:\/\/www.jornalja.com.br\/cultura\/wp-content\/uploads\/sites\/2\/2025\/01\/dia-472790309-10162135857232398-8869093926790603245-n-1024x1024.jpg 1024w, https:\/\/www.jornalja.com.br\/cultura\/wp-content\/uploads\/sites\/2\/2025\/01\/dia-472790309-10162135857232398-8869093926790603245-n-150x150.jpg 150w, https:\/\/www.jornalja.com.br\/cultura\/wp-content\/uploads\/sites\/2\/2025\/01\/dia-472790309-10162135857232398-8869093926790603245-n-768x768.jpg 768w, https:\/\/www.jornalja.com.br\/cultura\/wp-content\/uploads\/sites\/2\/2025\/01\/dia-472790309-10162135857232398-8869093926790603245-n-1536x1536.jpg 1536w, https:\/\/www.jornalja.com.br\/cultura\/wp-content\/uploads\/sites\/2\/2025\/01\/dia-472790309-10162135857232398-8869093926790603245-n-1200x1200.jpg 1200w, https:\/\/www.jornalja.com.br\/cultura\/wp-content\/uploads\/sites\/2\/2025\/01\/dia-472790309-10162135857232398-8869093926790603245-n.jpg 1544w\" sizes=\"(max-width: 300px) 100vw, 300px\" \/><figcaption id=\"caption-attachment-90484\" class=\"wp-caption-text\">O psicanalista Abr\u00e3o Slavutzsky falou sobre a import\u00e2ncia de ler | Foto: Divulga\u00e7\u00e3o<\/figcaption><\/figure>\n<figure id=\"attachment_90487\" aria-describedby=\"caption-attachment-90487\" style=\"width: 300px\" class=\"wp-caption alignnone\"><img decoding=\"async\" data-attachment-id=\"90487\" data-permalink=\"https:\/\/www.jornalja.com.br\/cultura\/dia-do-leitor-acontece-na-praca-da-alfandega-sob-o-absoluto-encantamento-dos-participantes\/dia-472920697_10162135857652398_6438643756203635713_n\/\" data-orig-file=\"https:\/\/www.jornalja.com.br\/cultura\/wp-content\/uploads\/sites\/2\/2025\/01\/dia-472920697-10162135857652398-6438643756203635713-n.jpg\" data-orig-size=\"720,540\" data-comments-opened=\"0\" data-image-meta=\"{&quot;aperture&quot;:&quot;0&quot;,&quot;credit&quot;:&quot;&quot;,&quot;camera&quot;:&quot;&quot;,&quot;caption&quot;:&quot;&quot;,&quot;created_timestamp&quot;:&quot;0&quot;,&quot;copyright&quot;:&quot;&quot;,&quot;focal_length&quot;:&quot;0&quot;,&quot;iso&quot;:&quot;0&quot;,&quot;shutter_speed&quot;:&quot;0&quot;,&quot;title&quot;:&quot;&quot;,&quot;orientation&quot;:&quot;0&quot;}\" data-image-title=\"dia 472920697_10162135857652398_6438643756203635713_n\" data-image-description=\"\" data-image-caption=\"\" data-large-file=\"https:\/\/www.jornalja.com.br\/cultura\/wp-content\/uploads\/sites\/2\/2025\/01\/dia-472920697-10162135857652398-6438643756203635713-n.jpg\" class=\"wp-image-90487 size-medium\" src=\"https:\/\/www.jornalja.com.br\/cultura\/wp-content\/uploads\/sites\/2\/2025\/01\/dia-472920697-10162135857652398-6438643756203635713-n-300x225.jpg\" alt=\"\" width=\"300\" height=\"225\" srcset=\"https:\/\/www.jornalja.com.br\/cultura\/wp-content\/uploads\/sites\/2\/2025\/01\/dia-472920697-10162135857652398-6438643756203635713-n-300x225.jpg 300w, https:\/\/www.jornalja.com.br\/cultura\/wp-content\/uploads\/sites\/2\/2025\/01\/dia-472920697-10162135857652398-6438643756203635713-n.jpg 720w\" sizes=\"(max-width: 300px) 100vw, 300px\" \/><figcaption id=\"caption-attachment-90487\" class=\"wp-caption-text\">Grupo de fot\u00f3grafos do Foto Clube Porto-alegrense e o jornalista Carlos Souza |Foto: divulga\u00e7\u00e3o<\/figcaption><\/figure>\n<p><img decoding=\"async\" data-attachment-id=\"90486\" data-permalink=\"https:\/\/www.jornalja.com.br\/cultura\/dia-do-leitor-acontece-na-praca-da-alfandega-sob-o-absoluto-encantamento-dos-participantes\/dia-472877927_10162135860582398_6661382855626028808_n\/\" data-orig-file=\"https:\/\/www.jornalja.com.br\/cultura\/wp-content\/uploads\/sites\/2\/2025\/01\/dia-472877927-10162135860582398-6661382855626028808-n-scaled.jpg\" data-orig-size=\"2560,1152\" data-comments-opened=\"0\" data-image-meta=\"{&quot;aperture&quot;:&quot;0&quot;,&quot;credit&quot;:&quot;&quot;,&quot;camera&quot;:&quot;&quot;,&quot;caption&quot;:&quot;&quot;,&quot;created_timestamp&quot;:&quot;0&quot;,&quot;copyright&quot;:&quot;&quot;,&quot;focal_length&quot;:&quot;0&quot;,&quot;iso&quot;:&quot;0&quot;,&quot;shutter_speed&quot;:&quot;0&quot;,&quot;title&quot;:&quot;&quot;,&quot;orientation&quot;:&quot;0&quot;}\" data-image-title=\"dia 472877927_10162135860582398_6661382855626028808_n\" data-image-description=\"\" data-image-caption=\"&lt;p&gt;A cantora Virg\u00ednia Marshall. Foto: Divulga\u00e7\u00e3o&lt;\/p&gt;\n\" data-large-file=\"https:\/\/www.jornalja.com.br\/cultura\/wp-content\/uploads\/sites\/2\/2025\/01\/dia-472877927-10162135860582398-6661382855626028808-n-1024x461.jpg\" class=\"size-medium wp-image-90486\" src=\"https:\/\/www.jornalja.com.br\/cultura\/wp-content\/uploads\/sites\/2\/2025\/01\/dia-472877927-10162135860582398-6661382855626028808-n-300x135.jpg\" alt=\"\" width=\"300\" height=\"135\" srcset=\"https:\/\/www.jornalja.com.br\/cultura\/wp-content\/uploads\/sites\/2\/2025\/01\/dia-472877927-10162135860582398-6661382855626028808-n-300x135.jpg 300w, https:\/\/www.jornalja.com.br\/cultura\/wp-content\/uploads\/sites\/2\/2025\/01\/dia-472877927-10162135860582398-6661382855626028808-n-1024x461.jpg 1024w, https:\/\/www.jornalja.com.br\/cultura\/wp-content\/uploads\/sites\/2\/2025\/01\/dia-472877927-10162135860582398-6661382855626028808-n-768x346.jpg 768w, https:\/\/www.jornalja.com.br\/cultura\/wp-content\/uploads\/sites\/2\/2025\/01\/dia-472877927-10162135860582398-6661382855626028808-n-1536x691.jpg 1536w, https:\/\/www.jornalja.com.br\/cultura\/wp-content\/uploads\/sites\/2\/2025\/01\/dia-472877927-10162135860582398-6661382855626028808-n-2048x922.jpg 2048w, https:\/\/www.jornalja.com.br\/cultura\/wp-content\/uploads\/sites\/2\/2025\/01\/dia-472877927-10162135860582398-6661382855626028808-n-1200x540.jpg 1200w\" sizes=\"(max-width: 300px) 100vw, 300px\" \/><\/p>\n<p>Uma das organizadoras do evento, a artista visual Gra\u00e7a Craidy, ao lado dos jornalistas Ayres Cerutti e Higino Barros, fez uma descri\u00e7\u00e3o assim em suas redes sociais:<\/p>\n<p>&#8220;Teve psicanalista se rendendo \u00e0 poesia: Abr\u00e3o Slavutzky diz que o poeta cura mais que o psicanalista.\u00a0 Paulo Raymundo Gasparotto: que o \u00faltimo grande prazer da vida \u00e9 a leitura.<\/p>\n<figure id=\"attachment_90494\" aria-describedby=\"caption-attachment-90494\" style=\"width: 300px\" class=\"wp-caption alignnone\"><img decoding=\"async\" data-attachment-id=\"90494\" data-permalink=\"https:\/\/www.jornalja.com.br\/cultura\/dia-do-leitor-acontece-na-praca-da-alfandega-sob-o-absoluto-encantamento-dos-participantes\/dia-473154824_10162135761192398_3521248708225004648_n\/\" data-orig-file=\"https:\/\/www.jornalja.com.br\/cultura\/wp-content\/uploads\/sites\/2\/2025\/01\/dia-473154824-10162135761192398-3521248708225004648-n.jpg\" data-orig-size=\"1600,720\" data-comments-opened=\"0\" data-image-meta=\"{&quot;aperture&quot;:&quot;0&quot;,&quot;credit&quot;:&quot;&quot;,&quot;camera&quot;:&quot;&quot;,&quot;caption&quot;:&quot;&quot;,&quot;created_timestamp&quot;:&quot;0&quot;,&quot;copyright&quot;:&quot;&quot;,&quot;focal_length&quot;:&quot;0&quot;,&quot;iso&quot;:&quot;0&quot;,&quot;shutter_speed&quot;:&quot;0&quot;,&quot;title&quot;:&quot;&quot;,&quot;orientation&quot;:&quot;0&quot;}\" data-image-title=\"dia 473154824_10162135761192398_3521248708225004648_n\" data-image-description=\"\" data-image-caption=\"\" data-large-file=\"https:\/\/www.jornalja.com.br\/cultura\/wp-content\/uploads\/sites\/2\/2025\/01\/dia-473154824-10162135761192398-3521248708225004648-n-1024x461.jpg\" class=\"wp-image-90494 size-medium\" src=\"https:\/\/www.jornalja.com.br\/cultura\/wp-content\/uploads\/sites\/2\/2025\/01\/dia-473154824-10162135761192398-3521248708225004648-n-300x135.jpg\" alt=\"\" width=\"300\" height=\"135\" srcset=\"https:\/\/www.jornalja.com.br\/cultura\/wp-content\/uploads\/sites\/2\/2025\/01\/dia-473154824-10162135761192398-3521248708225004648-n-300x135.jpg 300w, https:\/\/www.jornalja.com.br\/cultura\/wp-content\/uploads\/sites\/2\/2025\/01\/dia-473154824-10162135761192398-3521248708225004648-n-1024x461.jpg 1024w, https:\/\/www.jornalja.com.br\/cultura\/wp-content\/uploads\/sites\/2\/2025\/01\/dia-473154824-10162135761192398-3521248708225004648-n-768x346.jpg 768w, https:\/\/www.jornalja.com.br\/cultura\/wp-content\/uploads\/sites\/2\/2025\/01\/dia-473154824-10162135761192398-3521248708225004648-n-1536x691.jpg 1536w, https:\/\/www.jornalja.com.br\/cultura\/wp-content\/uploads\/sites\/2\/2025\/01\/dia-473154824-10162135761192398-3521248708225004648-n-1200x540.jpg 1200w, https:\/\/www.jornalja.com.br\/cultura\/wp-content\/uploads\/sites\/2\/2025\/01\/dia-473154824-10162135761192398-3521248708225004648-n.jpg 1600w\" sizes=\"(max-width: 300px) 100vw, 300px\" \/><figcaption id=\"caption-attachment-90494\" class=\"wp-caption-text\">Os organizadores do evento e o staff da Secretaria de Cultura Municipal de Porto Alegre | Foto: Carlos Souza\/ Divulga\u00e7\u00e3o<\/figcaption><\/figure>\n<figure id=\"attachment_90493\" aria-describedby=\"caption-attachment-90493\" style=\"width: 200px\" class=\"wp-caption alignnone\"><img decoding=\"async\" data-attachment-id=\"90493\" data-permalink=\"https:\/\/www.jornalja.com.br\/cultura\/dia-do-leitor-acontece-na-praca-da-alfandega-sob-o-absoluto-encantamento-dos-participantes\/dia-473097798_10162135857722398_4276552058598015514_n\/\" data-orig-file=\"https:\/\/www.jornalja.com.br\/cultura\/wp-content\/uploads\/sites\/2\/2025\/01\/dia-473097798-10162135857722398-4276552058598015514-n.jpg\" data-orig-size=\"881,1321\" data-comments-opened=\"0\" data-image-meta=\"{&quot;aperture&quot;:&quot;0&quot;,&quot;credit&quot;:&quot;&quot;,&quot;camera&quot;:&quot;&quot;,&quot;caption&quot;:&quot;&quot;,&quot;created_timestamp&quot;:&quot;0&quot;,&quot;copyright&quot;:&quot;&quot;,&quot;focal_length&quot;:&quot;0&quot;,&quot;iso&quot;:&quot;0&quot;,&quot;shutter_speed&quot;:&quot;0&quot;,&quot;title&quot;:&quot;&quot;,&quot;orientation&quot;:&quot;0&quot;}\" data-image-title=\"dia 473097798_10162135857722398_4276552058598015514_n\" data-image-description=\"\" data-image-caption=\"\" data-large-file=\"https:\/\/www.jornalja.com.br\/cultura\/wp-content\/uploads\/sites\/2\/2025\/01\/dia-473097798-10162135857722398-4276552058598015514-n-683x1024.jpg\" class=\"wp-image-90493 size-medium\" src=\"https:\/\/www.jornalja.com.br\/cultura\/wp-content\/uploads\/sites\/2\/2025\/01\/dia-473097798-10162135857722398-4276552058598015514-n-200x300.jpg\" alt=\"\" width=\"200\" height=\"300\" srcset=\"https:\/\/www.jornalja.com.br\/cultura\/wp-content\/uploads\/sites\/2\/2025\/01\/dia-473097798-10162135857722398-4276552058598015514-n-200x300.jpg 200w, https:\/\/www.jornalja.com.br\/cultura\/wp-content\/uploads\/sites\/2\/2025\/01\/dia-473097798-10162135857722398-4276552058598015514-n-683x1024.jpg 683w, https:\/\/www.jornalja.com.br\/cultura\/wp-content\/uploads\/sites\/2\/2025\/01\/dia-473097798-10162135857722398-4276552058598015514-n-768x1152.jpg 768w, https:\/\/www.jornalja.com.br\/cultura\/wp-content\/uploads\/sites\/2\/2025\/01\/dia-473097798-10162135857722398-4276552058598015514-n.jpg 881w\" sizes=\"(max-width: 200px) 100vw, 200px\" \/><figcaption id=\"caption-attachment-90493\" class=\"wp-caption-text\">O escritor Alcy Cheuiche lembrou da sua conviv\u00eancia com o poeta Mario Quintana\/ Divulga\u00e7\u00e3o<\/figcaption><\/figure>\n<figure id=\"attachment_90492\" aria-describedby=\"caption-attachment-90492\" style=\"width: 300px\" class=\"wp-caption alignnone\"><img decoding=\"async\" data-attachment-id=\"90492\" data-permalink=\"https:\/\/www.jornalja.com.br\/cultura\/dia-do-leitor-acontece-na-praca-da-alfandega-sob-o-absoluto-encantamento-dos-participantes\/dia-473044598_10162135860042398_7857288102035351706_n\/\" data-orig-file=\"https:\/\/www.jornalja.com.br\/cultura\/wp-content\/uploads\/sites\/2\/2025\/01\/dia-473044598-10162135860042398-7857288102035351706-n-scaled.jpg\" data-orig-size=\"2560,1152\" data-comments-opened=\"0\" data-image-meta=\"{&quot;aperture&quot;:&quot;0&quot;,&quot;credit&quot;:&quot;&quot;,&quot;camera&quot;:&quot;&quot;,&quot;caption&quot;:&quot;&quot;,&quot;created_timestamp&quot;:&quot;0&quot;,&quot;copyright&quot;:&quot;&quot;,&quot;focal_length&quot;:&quot;0&quot;,&quot;iso&quot;:&quot;0&quot;,&quot;shutter_speed&quot;:&quot;0&quot;,&quot;title&quot;:&quot;&quot;,&quot;orientation&quot;:&quot;0&quot;}\" data-image-title=\"dia 473044598_10162135860042398_7857288102035351706_n\" data-image-description=\"\" data-image-caption=\"\" data-large-file=\"https:\/\/www.jornalja.com.br\/cultura\/wp-content\/uploads\/sites\/2\/2025\/01\/dia-473044598-10162135860042398-7857288102035351706-n-1024x461.jpg\" class=\"wp-image-90492 size-medium\" src=\"https:\/\/www.jornalja.com.br\/cultura\/wp-content\/uploads\/sites\/2\/2025\/01\/dia-473044598-10162135860042398-7857288102035351706-n-300x135.jpg\" alt=\"\" width=\"300\" height=\"135\" srcset=\"https:\/\/www.jornalja.com.br\/cultura\/wp-content\/uploads\/sites\/2\/2025\/01\/dia-473044598-10162135860042398-7857288102035351706-n-300x135.jpg 300w, https:\/\/www.jornalja.com.br\/cultura\/wp-content\/uploads\/sites\/2\/2025\/01\/dia-473044598-10162135860042398-7857288102035351706-n-1024x461.jpg 1024w, https:\/\/www.jornalja.com.br\/cultura\/wp-content\/uploads\/sites\/2\/2025\/01\/dia-473044598-10162135860042398-7857288102035351706-n-768x346.jpg 768w, https:\/\/www.jornalja.com.br\/cultura\/wp-content\/uploads\/sites\/2\/2025\/01\/dia-473044598-10162135860042398-7857288102035351706-n-1536x691.jpg 1536w, https:\/\/www.jornalja.com.br\/cultura\/wp-content\/uploads\/sites\/2\/2025\/01\/dia-473044598-10162135860042398-7857288102035351706-n-2048x922.jpg 2048w, https:\/\/www.jornalja.com.br\/cultura\/wp-content\/uploads\/sites\/2\/2025\/01\/dia-473044598-10162135860042398-7857288102035351706-n-1200x540.jpg 1200w\" sizes=\"(max-width: 300px) 100vw, 300px\" \/><figcaption id=\"caption-attachment-90492\" class=\"wp-caption-text\">O professor S\u00e9rgius Gonzaga leu poema de Carlos Drummond, a quem considera o maior poeta brasileiro | Foto: Divulga\u00e7\u00e3o<\/figcaption><\/figure>\n<figure id=\"attachment_90491\" aria-describedby=\"caption-attachment-90491\" style=\"width: 300px\" class=\"wp-caption alignnone\"><img decoding=\"async\" data-attachment-id=\"90491\" data-permalink=\"https:\/\/www.jornalja.com.br\/cultura\/dia-do-leitor-acontece-na-praca-da-alfandega-sob-o-absoluto-encantamento-dos-participantes\/dia-472980527_10162135857352398_7815633481669650034_n\/\" data-orig-file=\"https:\/\/www.jornalja.com.br\/cultura\/wp-content\/uploads\/sites\/2\/2025\/01\/dia-472980527-10162135857352398-7815633481669650034-n.jpg\" data-orig-size=\"1544,1544\" data-comments-opened=\"0\" data-image-meta=\"{&quot;aperture&quot;:&quot;0&quot;,&quot;credit&quot;:&quot;&quot;,&quot;camera&quot;:&quot;&quot;,&quot;caption&quot;:&quot;&quot;,&quot;created_timestamp&quot;:&quot;0&quot;,&quot;copyright&quot;:&quot;&quot;,&quot;focal_length&quot;:&quot;0&quot;,&quot;iso&quot;:&quot;0&quot;,&quot;shutter_speed&quot;:&quot;0&quot;,&quot;title&quot;:&quot;&quot;,&quot;orientation&quot;:&quot;0&quot;}\" data-image-title=\"dia 472980527_10162135857352398_7815633481669650034_n\" data-image-description=\"\" data-image-caption=\"\" data-large-file=\"https:\/\/www.jornalja.com.br\/cultura\/wp-content\/uploads\/sites\/2\/2025\/01\/dia-472980527-10162135857352398-7815633481669650034-n-1024x1024.jpg\" class=\"wp-image-90491 size-medium\" src=\"https:\/\/www.jornalja.com.br\/cultura\/wp-content\/uploads\/sites\/2\/2025\/01\/dia-472980527-10162135857352398-7815633481669650034-n-300x300.jpg\" alt=\"\" width=\"300\" height=\"300\" srcset=\"https:\/\/www.jornalja.com.br\/cultura\/wp-content\/uploads\/sites\/2\/2025\/01\/dia-472980527-10162135857352398-7815633481669650034-n-300x300.jpg 300w, https:\/\/www.jornalja.com.br\/cultura\/wp-content\/uploads\/sites\/2\/2025\/01\/dia-472980527-10162135857352398-7815633481669650034-n-1024x1024.jpg 1024w, https:\/\/www.jornalja.com.br\/cultura\/wp-content\/uploads\/sites\/2\/2025\/01\/dia-472980527-10162135857352398-7815633481669650034-n-150x150.jpg 150w, https:\/\/www.jornalja.com.br\/cultura\/wp-content\/uploads\/sites\/2\/2025\/01\/dia-472980527-10162135857352398-7815633481669650034-n-768x768.jpg 768w, https:\/\/www.jornalja.com.br\/cultura\/wp-content\/uploads\/sites\/2\/2025\/01\/dia-472980527-10162135857352398-7815633481669650034-n-1536x1536.jpg 1536w, https:\/\/www.jornalja.com.br\/cultura\/wp-content\/uploads\/sites\/2\/2025\/01\/dia-472980527-10162135857352398-7815633481669650034-n-1200x1200.jpg 1200w, https:\/\/www.jornalja.com.br\/cultura\/wp-content\/uploads\/sites\/2\/2025\/01\/dia-472980527-10162135857352398-7815633481669650034-n.jpg 1544w\" sizes=\"(max-width: 300px) 100vw, 300px\" \/><figcaption id=\"caption-attachment-90491\" class=\"wp-caption-text\">A deputada estadual Sofia Cavedon fez den\u00fancia contra fechamentos de bibliotecas p\u00fablicas estaduais\u00a0 | Foto: Carlos Souza\/ Divulga\u00e7\u00e3o<\/figcaption><\/figure>\n<figure id=\"attachment_90490\" aria-describedby=\"caption-attachment-90490\" style=\"width: 300px\" class=\"wp-caption alignnone\"><img decoding=\"async\" data-attachment-id=\"90490\" data-permalink=\"https:\/\/www.jornalja.com.br\/cultura\/dia-do-leitor-acontece-na-praca-da-alfandega-sob-o-absoluto-encantamento-dos-participantes\/dia-472978357_10162135860987398_6781714674058579274_n\/\" data-orig-file=\"https:\/\/www.jornalja.com.br\/cultura\/wp-content\/uploads\/sites\/2\/2025\/01\/dia-472978357-10162135860987398-6781714674058579274-n-scaled.jpg\" data-orig-size=\"2560,1152\" data-comments-opened=\"0\" data-image-meta=\"{&quot;aperture&quot;:&quot;0&quot;,&quot;credit&quot;:&quot;&quot;,&quot;camera&quot;:&quot;&quot;,&quot;caption&quot;:&quot;&quot;,&quot;created_timestamp&quot;:&quot;0&quot;,&quot;copyright&quot;:&quot;&quot;,&quot;focal_length&quot;:&quot;0&quot;,&quot;iso&quot;:&quot;0&quot;,&quot;shutter_speed&quot;:&quot;0&quot;,&quot;title&quot;:&quot;&quot;,&quot;orientation&quot;:&quot;0&quot;}\" data-image-title=\"dia 472978357_10162135860987398_6781714674058579274_n\" data-image-description=\"\" data-image-caption=\"\" data-large-file=\"https:\/\/www.jornalja.com.br\/cultura\/wp-content\/uploads\/sites\/2\/2025\/01\/dia-472978357-10162135860987398-6781714674058579274-n-1024x461.jpg\" class=\"wp-image-90490 size-medium\" src=\"https:\/\/www.jornalja.com.br\/cultura\/wp-content\/uploads\/sites\/2\/2025\/01\/dia-472978357-10162135860987398-6781714674058579274-n-300x135.jpg\" alt=\"\" width=\"300\" height=\"135\" srcset=\"https:\/\/www.jornalja.com.br\/cultura\/wp-content\/uploads\/sites\/2\/2025\/01\/dia-472978357-10162135860987398-6781714674058579274-n-300x135.jpg 300w, https:\/\/www.jornalja.com.br\/cultura\/wp-content\/uploads\/sites\/2\/2025\/01\/dia-472978357-10162135860987398-6781714674058579274-n-1024x461.jpg 1024w, https:\/\/www.jornalja.com.br\/cultura\/wp-content\/uploads\/sites\/2\/2025\/01\/dia-472978357-10162135860987398-6781714674058579274-n-768x346.jpg 768w, https:\/\/www.jornalja.com.br\/cultura\/wp-content\/uploads\/sites\/2\/2025\/01\/dia-472978357-10162135860987398-6781714674058579274-n-1536x691.jpg 1536w, https:\/\/www.jornalja.com.br\/cultura\/wp-content\/uploads\/sites\/2\/2025\/01\/dia-472978357-10162135860987398-6781714674058579274-n-2048x922.jpg 2048w, https:\/\/www.jornalja.com.br\/cultura\/wp-content\/uploads\/sites\/2\/2025\/01\/dia-472978357-10162135860987398-6781714674058579274-n-1200x540.jpg 1200w\" sizes=\"(max-width: 300px) 100vw, 300px\" \/><figcaption id=\"caption-attachment-90490\" class=\"wp-caption-text\">O turista argentino que declamou poema em espanhol | Foto: Carlos Souza\/ Divulga\u00e7\u00e3o<\/figcaption><\/figure>\n<p>E teve tamb\u00e9m vertentes dos pr\u00f3prios autores, elas e eles, em pessoa: Rafael Guimaraens, Lilian Rocha Eira eira eira!, Taiasmin Ohnmacht , Catia Simon, Ana dos Santos, Alcy Cheuiche e Alice Urbim, em nome do querido Carlos Urbim, j\u00e1 falecido.<\/p>\n<p>Professor S\u00e9rgius Gonzaga ostentou um Drummond exclusivo praticamente in\u00e9dito dedicado a Guilhermino C\u00e9sar.<\/p>\n<p>Cheuiche contou causos hil\u00e1rios do Quintana, seu mestre e conterr\u00e2neo do Alegrete. Diz que inventaram uma lenda do poeta: certa madrugada, voltando pra casa j\u00e1 meio alto, ele teria sido visto batendo na &#8220;porta&#8221; dum poste. Ao que o guarda noturno, brincalh\u00e3o, teria\u00a0 alertado: &#8211; N\u00e3o adianta bater que n\u00e3o tem ningu\u00e9m em casa! Contestado, incontinente, por Quintana: &#8211; Tem, sim, n\u00e3o t\u00e1 vendo que a luz t\u00e1 acesa?<\/p>\n<p>Teve garotinha lendo reda\u00e7\u00e3o do col\u00e9gio. Teve um rapaz que me mostrou no celular dele\u00a0mensagem em ingl\u00eas em que dizia ser da Irlanda, n\u00e3o sabia portugu\u00eas, mas queria muito dizer um poema, respondi Why not? E tamb\u00e9m outro muchacho argentino que declamou em espanhol.<\/p>\n<p>Teve inclusive uma cidad\u00e3 do povo, engraxate na Pra\u00e7a da Alf\u00e2ndega, que recitou versos que ela decorou do Poesia no \u00d4nibus, veja a import\u00e2ncia. E que tentou se desculpar dizendo &#8220;eu sou uma mera engraxate&#8221;, ao que devolvi na horita: aqui ningu\u00e9m \u00e9 mero!<\/p>\n<figure id=\"attachment_90480\" aria-describedby=\"caption-attachment-90480\" style=\"width: 300px\" class=\"wp-caption alignnone\"><img decoding=\"async\" data-attachment-id=\"90480\" data-permalink=\"https:\/\/www.jornalja.com.br\/cultura\/dia-do-leitor-acontece-na-praca-da-alfandega-sob-o-absoluto-encantamento-dos-participantes\/dia-472716520_10162135857527398_6691040365869662188_n\/\" data-orig-file=\"https:\/\/www.jornalja.com.br\/cultura\/wp-content\/uploads\/sites\/2\/2025\/01\/dia-472716520-10162135857527398-6691040365869662188-n.jpg\" data-orig-size=\"1280,1280\" data-comments-opened=\"0\" data-image-meta=\"{&quot;aperture&quot;:&quot;0&quot;,&quot;credit&quot;:&quot;&quot;,&quot;camera&quot;:&quot;&quot;,&quot;caption&quot;:&quot;&quot;,&quot;created_timestamp&quot;:&quot;0&quot;,&quot;copyright&quot;:&quot;&quot;,&quot;focal_length&quot;:&quot;0&quot;,&quot;iso&quot;:&quot;0&quot;,&quot;shutter_speed&quot;:&quot;0&quot;,&quot;title&quot;:&quot;&quot;,&quot;orientation&quot;:&quot;0&quot;}\" data-image-title=\"dia 472716520_10162135857527398_6691040365869662188_n\" data-image-description=\"\" data-image-caption=\"\" data-large-file=\"https:\/\/www.jornalja.com.br\/cultura\/wp-content\/uploads\/sites\/2\/2025\/01\/dia-472716520-10162135857527398-6691040365869662188-n-1024x1024.jpg\" class=\"wp-image-90480 size-medium\" src=\"https:\/\/www.jornalja.com.br\/cultura\/wp-content\/uploads\/sites\/2\/2025\/01\/dia-472716520-10162135857527398-6691040365869662188-n-300x300.jpg\" alt=\"\" width=\"300\" height=\"300\" srcset=\"https:\/\/www.jornalja.com.br\/cultura\/wp-content\/uploads\/sites\/2\/2025\/01\/dia-472716520-10162135857527398-6691040365869662188-n-300x300.jpg 300w, https:\/\/www.jornalja.com.br\/cultura\/wp-content\/uploads\/sites\/2\/2025\/01\/dia-472716520-10162135857527398-6691040365869662188-n-1024x1024.jpg 1024w, https:\/\/www.jornalja.com.br\/cultura\/wp-content\/uploads\/sites\/2\/2025\/01\/dia-472716520-10162135857527398-6691040365869662188-n-150x150.jpg 150w, https:\/\/www.jornalja.com.br\/cultura\/wp-content\/uploads\/sites\/2\/2025\/01\/dia-472716520-10162135857527398-6691040365869662188-n-768x768.jpg 768w, https:\/\/www.jornalja.com.br\/cultura\/wp-content\/uploads\/sites\/2\/2025\/01\/dia-472716520-10162135857527398-6691040365869662188-n-1200x1200.jpg 1200w, https:\/\/www.jornalja.com.br\/cultura\/wp-content\/uploads\/sites\/2\/2025\/01\/dia-472716520-10162135857527398-6691040365869662188-n.jpg 1280w\" sizes=\"(max-width: 300px) 100vw, 300px\" \/><figcaption id=\"caption-attachment-90480\" class=\"wp-caption-text\">Jornalista Ayres Cerutti, um dos organizadores do evento | Foto: Divulga\u00e7\u00e3o<\/figcaption><\/figure>\n<figure id=\"attachment_90478\" aria-describedby=\"caption-attachment-90478\" style=\"width: 300px\" class=\"wp-caption alignnone\"><img decoding=\"async\" data-attachment-id=\"90478\" data-permalink=\"https:\/\/www.jornalja.com.br\/cultura\/dia-do-leitor-acontece-na-praca-da-alfandega-sob-o-absoluto-encantamento-dos-participantes\/dia-472560365_10162135860427398_8951996699501253681_n\/\" data-orig-file=\"https:\/\/www.jornalja.com.br\/cultura\/wp-content\/uploads\/sites\/2\/2025\/01\/dia-472560365-10162135860427398-8951996699501253681-n-scaled.jpg\" data-orig-size=\"2560,1152\" data-comments-opened=\"0\" data-image-meta=\"{&quot;aperture&quot;:&quot;0&quot;,&quot;credit&quot;:&quot;&quot;,&quot;camera&quot;:&quot;&quot;,&quot;caption&quot;:&quot;&quot;,&quot;created_timestamp&quot;:&quot;0&quot;,&quot;copyright&quot;:&quot;&quot;,&quot;focal_length&quot;:&quot;0&quot;,&quot;iso&quot;:&quot;0&quot;,&quot;shutter_speed&quot;:&quot;0&quot;,&quot;title&quot;:&quot;&quot;,&quot;orientation&quot;:&quot;0&quot;}\" data-image-title=\"dia 472560365_10162135860427398_8951996699501253681_n\" data-image-description=\"\" data-image-caption=\"\" data-large-file=\"https:\/\/www.jornalja.com.br\/cultura\/wp-content\/uploads\/sites\/2\/2025\/01\/dia-472560365-10162135860427398-8951996699501253681-n-1024x461.jpg\" class=\"wp-image-90478 size-medium\" src=\"https:\/\/www.jornalja.com.br\/cultura\/wp-content\/uploads\/sites\/2\/2025\/01\/dia-472560365-10162135860427398-8951996699501253681-n-300x135.jpg\" alt=\"\" width=\"300\" height=\"135\" srcset=\"https:\/\/www.jornalja.com.br\/cultura\/wp-content\/uploads\/sites\/2\/2025\/01\/dia-472560365-10162135860427398-8951996699501253681-n-300x135.jpg 300w, https:\/\/www.jornalja.com.br\/cultura\/wp-content\/uploads\/sites\/2\/2025\/01\/dia-472560365-10162135860427398-8951996699501253681-n-1024x461.jpg 1024w, https:\/\/www.jornalja.com.br\/cultura\/wp-content\/uploads\/sites\/2\/2025\/01\/dia-472560365-10162135860427398-8951996699501253681-n-768x346.jpg 768w, https:\/\/www.jornalja.com.br\/cultura\/wp-content\/uploads\/sites\/2\/2025\/01\/dia-472560365-10162135860427398-8951996699501253681-n-1536x691.jpg 1536w, https:\/\/www.jornalja.com.br\/cultura\/wp-content\/uploads\/sites\/2\/2025\/01\/dia-472560365-10162135860427398-8951996699501253681-n-2048x922.jpg 2048w, https:\/\/www.jornalja.com.br\/cultura\/wp-content\/uploads\/sites\/2\/2025\/01\/dia-472560365-10162135860427398-8951996699501253681-n-1200x540.jpg 1200w\" sizes=\"(max-width: 300px) 100vw, 300px\" \/><figcaption id=\"caption-attachment-90478\" class=\"wp-caption-text\">O jornalista e escritor Rafael Guimaraens | Foto: Carlos Souza\/ Divulga\u00e7\u00e3o<\/figcaption><\/figure>\n<figure id=\"attachment_90477\" aria-describedby=\"caption-attachment-90477\" style=\"width: 300px\" class=\"wp-caption alignnone\"><img decoding=\"async\" data-attachment-id=\"90477\" data-permalink=\"https:\/\/www.jornalja.com.br\/cultura\/dia-do-leitor-acontece-na-praca-da-alfandega-sob-o-absoluto-encantamento-dos-participantes\/dia-472559835_10162135861342398_735102099166056937_n\/\" data-orig-file=\"https:\/\/www.jornalja.com.br\/cultura\/wp-content\/uploads\/sites\/2\/2025\/01\/dia-472559835-10162135861342398-735102099166056937-n-scaled.jpg\" data-orig-size=\"2560,1152\" data-comments-opened=\"0\" data-image-meta=\"{&quot;aperture&quot;:&quot;0&quot;,&quot;credit&quot;:&quot;&quot;,&quot;camera&quot;:&quot;&quot;,&quot;caption&quot;:&quot;&quot;,&quot;created_timestamp&quot;:&quot;0&quot;,&quot;copyright&quot;:&quot;&quot;,&quot;focal_length&quot;:&quot;0&quot;,&quot;iso&quot;:&quot;0&quot;,&quot;shutter_speed&quot;:&quot;0&quot;,&quot;title&quot;:&quot;&quot;,&quot;orientation&quot;:&quot;0&quot;}\" data-image-title=\"dia 472559835_10162135861342398_735102099166056937_n\" data-image-description=\"\" data-image-caption=\"\" data-large-file=\"https:\/\/www.jornalja.com.br\/cultura\/wp-content\/uploads\/sites\/2\/2025\/01\/dia-472559835-10162135861342398-735102099166056937-n-1024x461.jpg\" class=\"wp-image-90477 size-medium\" src=\"https:\/\/www.jornalja.com.br\/cultura\/wp-content\/uploads\/sites\/2\/2025\/01\/dia-472559835-10162135861342398-735102099166056937-n-300x135.jpg\" alt=\"\" width=\"300\" height=\"135\" srcset=\"https:\/\/www.jornalja.com.br\/cultura\/wp-content\/uploads\/sites\/2\/2025\/01\/dia-472559835-10162135861342398-735102099166056937-n-300x135.jpg 300w, https:\/\/www.jornalja.com.br\/cultura\/wp-content\/uploads\/sites\/2\/2025\/01\/dia-472559835-10162135861342398-735102099166056937-n-1024x461.jpg 1024w, https:\/\/www.jornalja.com.br\/cultura\/wp-content\/uploads\/sites\/2\/2025\/01\/dia-472559835-10162135861342398-735102099166056937-n-768x346.jpg 768w, https:\/\/www.jornalja.com.br\/cultura\/wp-content\/uploads\/sites\/2\/2025\/01\/dia-472559835-10162135861342398-735102099166056937-n-1536x691.jpg 1536w, https:\/\/www.jornalja.com.br\/cultura\/wp-content\/uploads\/sites\/2\/2025\/01\/dia-472559835-10162135861342398-735102099166056937-n-2048x922.jpg 2048w, https:\/\/www.jornalja.com.br\/cultura\/wp-content\/uploads\/sites\/2\/2025\/01\/dia-472559835-10162135861342398-735102099166056937-n-1200x540.jpg 1200w\" sizes=\"(max-width: 300px) 100vw, 300px\" \/><figcaption id=\"caption-attachment-90477\" class=\"wp-caption-text\">O secret\u00e1rio adjunto municipal de Cultura, Victor Hugo | Foto: Carlos Souza\/ Divulga\u00e7\u00e3o<\/figcaption><\/figure>\n<figure id=\"attachment_90476\" aria-describedby=\"caption-attachment-90476\" style=\"width: 300px\" class=\"wp-caption alignnone\"><img decoding=\"async\" data-attachment-id=\"90476\" data-permalink=\"https:\/\/www.jornalja.com.br\/cultura\/dia-do-leitor-acontece-na-praca-da-alfandega-sob-o-absoluto-encantamento-dos-participantes\/dia-472483809_10162135861442398_6070887624515182026_n\/\" data-orig-file=\"https:\/\/www.jornalja.com.br\/cultura\/wp-content\/uploads\/sites\/2\/2025\/01\/dia-472483809-10162135861442398-6070887624515182026-n-scaled.jpg\" data-orig-size=\"2560,1152\" data-comments-opened=\"0\" data-image-meta=\"{&quot;aperture&quot;:&quot;0&quot;,&quot;credit&quot;:&quot;&quot;,&quot;camera&quot;:&quot;&quot;,&quot;caption&quot;:&quot;&quot;,&quot;created_timestamp&quot;:&quot;0&quot;,&quot;copyright&quot;:&quot;&quot;,&quot;focal_length&quot;:&quot;0&quot;,&quot;iso&quot;:&quot;0&quot;,&quot;shutter_speed&quot;:&quot;0&quot;,&quot;title&quot;:&quot;&quot;,&quot;orientation&quot;:&quot;0&quot;}\" data-image-title=\"dia 472483809_10162135861442398_6070887624515182026_n\" data-image-description=\"\" data-image-caption=\"\" data-large-file=\"https:\/\/www.jornalja.com.br\/cultura\/wp-content\/uploads\/sites\/2\/2025\/01\/dia-472483809-10162135861442398-6070887624515182026-n-1024x461.jpg\" class=\"wp-image-90476 size-medium\" src=\"https:\/\/www.jornalja.com.br\/cultura\/wp-content\/uploads\/sites\/2\/2025\/01\/dia-472483809-10162135861442398-6070887624515182026-n-300x135.jpg\" alt=\"\" width=\"300\" height=\"135\" srcset=\"https:\/\/www.jornalja.com.br\/cultura\/wp-content\/uploads\/sites\/2\/2025\/01\/dia-472483809-10162135861442398-6070887624515182026-n-300x135.jpg 300w, https:\/\/www.jornalja.com.br\/cultura\/wp-content\/uploads\/sites\/2\/2025\/01\/dia-472483809-10162135861442398-6070887624515182026-n-1024x461.jpg 1024w, https:\/\/www.jornalja.com.br\/cultura\/wp-content\/uploads\/sites\/2\/2025\/01\/dia-472483809-10162135861442398-6070887624515182026-n-768x346.jpg 768w, https:\/\/www.jornalja.com.br\/cultura\/wp-content\/uploads\/sites\/2\/2025\/01\/dia-472483809-10162135861442398-6070887624515182026-n-1536x691.jpg 1536w, https:\/\/www.jornalja.com.br\/cultura\/wp-content\/uploads\/sites\/2\/2025\/01\/dia-472483809-10162135861442398-6070887624515182026-n-2048x922.jpg 2048w, https:\/\/www.jornalja.com.br\/cultura\/wp-content\/uploads\/sites\/2\/2025\/01\/dia-472483809-10162135861442398-6070887624515182026-n-1200x540.jpg 1200w\" sizes=\"(max-width: 300px) 100vw, 300px\" \/><figcaption id=\"caption-attachment-90476\" class=\"wp-caption-text\">O professor e escritor Francisco Marshall | Foto Carlos Souza\/ Divulga\u00e7\u00e3o<\/figcaption><\/figure>\n<p>Teve presen\u00e7as da Secret\u00e1ria da Cultura e seus assessores e do diretor do IEL &#8211; Instituto Estadual do Livro.<\/p>\n<p>E teve, tamb\u00e9m, den\u00fancia grave da deputada Sofia Cavedon: todas as bibliotecas de escolas p\u00fablicas do Estado &#8211; inclusive a do Instituto de Educa\u00e7\u00e3o! &#8211; foram fechadas pelo Governo Leite e, <em>by the way<\/em>, n\u00e3o existem mais bibliotec\u00e1rias. E o vereador Adeli Sell refor\u00e7ou: as bibliotecas de escolas municipais ainda est\u00e3o fechadas por conta da enchente e do descaso p\u00fablico.<\/p>\n<p>Teve pertinente observa\u00e7\u00e3o feminista de que o dia era do leitor e tamb\u00e9m da leitora.<\/p>\n<p>Teve a revoada amorosa dos fot\u00f3grafos do Fotoclube Porto-alegrense cobrindo o evento.<\/p>\n<p>Gra\u00e7a ainda fez outras observa\u00e7\u00f5es sobre o ocorrido. A rea\u00e7\u00e3o de quem participou do evento foi de absoluto encantamento. As pessoas foram pegas de surpresa e n\u00e3o esperavam o acontecido. Assim todos eram elogios e sentimento de felicidade no final. Com isso o 7 de Janeiro, Dia do Leitor, que na edi\u00e7\u00e3o de 2025 teve o slogan \u201cLeio, logo existo\u201d, passa a forte candidato de efem\u00e9ride a ser \u00a0incorporada ao calend\u00e1rio cultural de Porto Alegre.<\/p>\n<p>&nbsp;<\/p>\n<p>&nbsp;<\/p>\n","protected":false},"excerpt":{"rendered":"<p>Higino Barros Cerca de 100 pessoas participaram do Dia do Leitor nesta ter\u00e7a-feira, junto \u00e0s est\u00e1tuas dos poetas M\u00e1rio Quintana e Carlos Drummond de Andrade, na pra\u00e7a da Alf\u00e2ndega. O evento aconteceu das 11h \u00e0s 17h e teve presen\u00e7as de v\u00e1rios intelectuais ga\u00fachos, autoridades da Secretaria de Cultura de Porto Alegre e pessoas que estavam [&hellip;]<\/p>\n","protected":false},"author":3,"featured_media":90489,"comment_status":"closed","ping_status":"open","sticky":false,"template":"","format":"standard","meta":{"jetpack_post_was_ever_published":false,"_jetpack_newsletter_access":"","_jetpack_dont_email_post_to_subs":false,"_jetpack_newsletter_tier_id":0,"_jetpack_memberships_contains_paywalled_content":false,"_jetpack_memberships_contains_paid_content":false,"footnotes":"","jetpack_publicize_message":"","jetpack_publicize_feature_enabled":true,"jetpack_social_post_already_shared":true,"jetpack_social_options":{"image_generator_settings":{"template":"highway","default_image_id":0,"font":"","enabled":false},"version":2}},"categories":[2],"tags":[],"class_list":["post-90474","post","type-post","status-publish","format-standard","has-post-thumbnail","hentry","category-materiasecundaria"],"aioseo_notices":[],"jetpack_publicize_connections":[],"jetpack_featured_media_url":"https:\/\/www.jornalja.com.br\/cultura\/wp-content\/uploads\/sites\/2\/2025\/01\/dia-472971872-10162135857172398-1993171869669358175-n.jpg","jetpack-related-posts":[{"id":86912,"url":"https:\/\/www.jornalja.com.br\/cultura\/escola-de-musica-da-ospa-oferece-101-vagas-gratuitas-para-aulas-e-pratica-de-canto-e-orquestra\/","url_meta":{"origin":90474,"position":0},"title":"Escola de M\u00fasica da OSPA oferece 101 vagas gratuitas para aulas e pr\u00e1tica de canto e orquestra","author":"da Reda\u00e7\u00e3o","date":"19 de outubro de 2022","format":false,"excerpt":"\u00a0 Primeira etapa do processo seletivo \u00e9 feita de forma on-line at\u00e9 28 de outubro A Escola de M\u00fasica da Orquestra Sinf\u00f4nica de Porto Alegre (OSPA), funda\u00e7\u00e3o vinculada \u00e0 Secretaria de Estado da Cultura, acaba de disponibilizar 101 oportunidades a jovens que buscam se aperfei\u00e7oar num instrumento musical, como aluno\u2026","rel":"","context":"Em &quot;Cultura-MAT\u00c9RIA&quot;","block_context":{"text":"Cultura-MAT\u00c9RIA","link":"https:\/\/www.jornalja.com.br\/cultura\/category\/materiasecundaria\/"},"img":{"alt_text":"","src":"https:\/\/i0.wp.com\/www.jornalja.com.br\/cultura\/wp-content\/uploads\/sites\/2\/2022\/10\/ospa-06-26-escoladaospa-ospajovemebandasinfonica-banda-sinfonica-credito-luiza-piffero.jpg?resize=350%2C200&ssl=1","width":350,"height":200,"srcset":"https:\/\/i0.wp.com\/www.jornalja.com.br\/cultura\/wp-content\/uploads\/sites\/2\/2022\/10\/ospa-06-26-escoladaospa-ospajovemebandasinfonica-banda-sinfonica-credito-luiza-piffero.jpg?resize=350%2C200&ssl=1 1x, https:\/\/i0.wp.com\/www.jornalja.com.br\/cultura\/wp-content\/uploads\/sites\/2\/2022\/10\/ospa-06-26-escoladaospa-ospajovemebandasinfonica-banda-sinfonica-credito-luiza-piffero.jpg?resize=525%2C300&ssl=1 1.5x, https:\/\/i0.wp.com\/www.jornalja.com.br\/cultura\/wp-content\/uploads\/sites\/2\/2022\/10\/ospa-06-26-escoladaospa-ospajovemebandasinfonica-banda-sinfonica-credito-luiza-piffero.jpg?resize=700%2C400&ssl=1 2x, https:\/\/i0.wp.com\/www.jornalja.com.br\/cultura\/wp-content\/uploads\/sites\/2\/2022\/10\/ospa-06-26-escoladaospa-ospajovemebandasinfonica-banda-sinfonica-credito-luiza-piffero.jpg?resize=1050%2C600&ssl=1 3x, https:\/\/i0.wp.com\/www.jornalja.com.br\/cultura\/wp-content\/uploads\/sites\/2\/2022\/10\/ospa-06-26-escoladaospa-ospajovemebandasinfonica-banda-sinfonica-credito-luiza-piffero.jpg?resize=1400%2C800&ssl=1 4x"},"classes":[]},{"id":89870,"url":"https:\/\/www.jornalja.com.br\/cultura\/peca-teatral-g-h-e-encenada-em-meio-a-retratos-da-escritora-clarice-lispector\/","url_meta":{"origin":90474,"position":1},"title":"Pe\u00e7a teatral G.H. \u00e9 encenada em meio a retratos da escritora Clarice Lispector","author":"da Reda\u00e7\u00e3o","date":"5 de setembro de 2024","format":false,"excerpt":"A pe\u00e7a teatral G.H., inspirada livremente no romance \u201cA Paix\u00e3o Segundo G.H.\u201d, de Clarice Lispector, em cartaz nesta sexta-feira (6\/9), s\u00e1bado e domingo, \u00e0s 20h, na La Photo Galeria (Travessa da Paz, 44), em Porto Alegre, \u00e9 encenada pela Cia. Teatrof\u00eddico com uma inova\u00e7\u00e3o cenogr\u00e1fica: o espet\u00e1culo abriga uma exposi\u00e7\u00e3o\u2026","rel":"","context":"Em &quot;Cultura-MAT\u00c9RIA&quot;","block_context":{"text":"Cultura-MAT\u00c9RIA","link":"https:\/\/www.jornalja.com.br\/cultura\/category\/materiasecundaria\/"},"img":{"alt_text":"","src":"https:\/\/i0.wp.com\/www.jornalja.com.br\/cultura\/wp-content\/uploads\/sites\/2\/2024\/09\/clarice-img-20240905-wa0010.jpg?resize=350%2C200&ssl=1","width":350,"height":200,"srcset":"https:\/\/i0.wp.com\/www.jornalja.com.br\/cultura\/wp-content\/uploads\/sites\/2\/2024\/09\/clarice-img-20240905-wa0010.jpg?resize=350%2C200&ssl=1 1x, https:\/\/i0.wp.com\/www.jornalja.com.br\/cultura\/wp-content\/uploads\/sites\/2\/2024\/09\/clarice-img-20240905-wa0010.jpg?resize=525%2C300&ssl=1 1.5x, https:\/\/i0.wp.com\/www.jornalja.com.br\/cultura\/wp-content\/uploads\/sites\/2\/2024\/09\/clarice-img-20240905-wa0010.jpg?resize=700%2C400&ssl=1 2x"},"classes":[]},{"id":89380,"url":"https:\/\/www.jornalja.com.br\/cultura\/graca-craidy-abre-exposicao-sobre-clarice-lispector-no-mercado-publico-de-florianopolis\/","url_meta":{"origin":90474,"position":2},"title":"Gra\u00e7a Craidy abre exposi\u00e7\u00e3o sobre Clarice Lispector no Mercado P\u00fablico de Florian\u00f3polis","author":"Higino Barros","date":"23 de abril de 2024","format":false,"excerpt":"A exposi\u00e7\u00e3o \u201cClarices\u201d, da artista visual ga\u00facha Gra\u00e7a Craidy, ser\u00e1 aberta nesta quarta-feira (24\/04), \u00e0s 18h, na Galeria de Arte do Mercado P\u00fablico de Florian\u00f3polis - Sala Jos\u00e9 Cipriano da Silva. A mostra, em homenagem \u00e0 c\u00e9lebre escritora Clarice Lispector, permanecer\u00e1 em cartaz at\u00e9 14 de junho. A mostra j\u00e1\u2026","rel":"","context":"Em &quot;Cultura-MAT\u00c9RIA&quot;","block_context":{"text":"Cultura-MAT\u00c9RIA","link":"https:\/\/www.jornalja.com.br\/cultura\/category\/materiasecundaria\/"},"img":{"alt_text":"","src":"https:\/\/i0.wp.com\/www.jornalja.com.br\/cultura\/wp-content\/uploads\/sites\/2\/2024\/04\/expo-a-artista-graca-craidy-diante-de-algumas-clarices-de-sua-autoria-scaled.jpeg?resize=350%2C200&ssl=1","width":350,"height":200,"srcset":"https:\/\/i0.wp.com\/www.jornalja.com.br\/cultura\/wp-content\/uploads\/sites\/2\/2024\/04\/expo-a-artista-graca-craidy-diante-de-algumas-clarices-de-sua-autoria-scaled.jpeg?resize=350%2C200&ssl=1 1x, https:\/\/i0.wp.com\/www.jornalja.com.br\/cultura\/wp-content\/uploads\/sites\/2\/2024\/04\/expo-a-artista-graca-craidy-diante-de-algumas-clarices-de-sua-autoria-scaled.jpeg?resize=525%2C300&ssl=1 1.5x, https:\/\/i0.wp.com\/www.jornalja.com.br\/cultura\/wp-content\/uploads\/sites\/2\/2024\/04\/expo-a-artista-graca-craidy-diante-de-algumas-clarices-de-sua-autoria-scaled.jpeg?resize=700%2C400&ssl=1 2x, https:\/\/i0.wp.com\/www.jornalja.com.br\/cultura\/wp-content\/uploads\/sites\/2\/2024\/04\/expo-a-artista-graca-craidy-diante-de-algumas-clarices-de-sua-autoria-scaled.jpeg?resize=1050%2C600&ssl=1 3x, https:\/\/i0.wp.com\/www.jornalja.com.br\/cultura\/wp-content\/uploads\/sites\/2\/2024\/04\/expo-a-artista-graca-craidy-diante-de-algumas-clarices-de-sua-autoria-scaled.jpeg?resize=1400%2C800&ssl=1 4x"},"classes":[]},{"id":87875,"url":"https:\/\/www.jornalja.com.br\/cultura\/conselho-brasileiro-de-danca-promove-festival-em-porto-alegre-com-mais-de-300-coreografias\/","url_meta":{"origin":90474,"position":3},"title":"Conselho Brasileiro de Dan\u00e7a promove festival em Porto Alegre com mais de 300 coreografias","author":"da Reda\u00e7\u00e3o","date":"22 de maio de 2023","format":false,"excerpt":"\u00a0 O mais importante festival de dan\u00e7a para crian\u00e7as e jovens do Pa\u00eds chega \u00e0 segunda edi\u00e7\u00e3o no Rio Grande do Sul com uma s\u00e9rie de atra\u00e7\u00f5es confirmadas. O Festival CBDD Kids, promovido pelo Conselho Brasileiro de Dan\u00e7a, ter\u00e1 mais de 300 coreografias em sua mostra competitiva. Galas de abertura\u2026","rel":"","context":"Em &quot;Cultura-MAT\u00c9RIA&quot;","block_context":{"text":"Cultura-MAT\u00c9RIA","link":"https:\/\/www.jornalja.com.br\/cultura\/category\/materiasecundaria\/"},"img":{"alt_text":"","src":"https:\/\/i0.wp.com\/www.jornalja.com.br\/cultura\/wp-content\/uploads\/sites\/2\/2023\/05\/bale-marcos-silva-e-julia-xavier-cbdd-kids-2023-cesar-prestes-8.jpg?resize=350%2C200&ssl=1","width":350,"height":200,"srcset":"https:\/\/i0.wp.com\/www.jornalja.com.br\/cultura\/wp-content\/uploads\/sites\/2\/2023\/05\/bale-marcos-silva-e-julia-xavier-cbdd-kids-2023-cesar-prestes-8.jpg?resize=350%2C200&ssl=1 1x, https:\/\/i0.wp.com\/www.jornalja.com.br\/cultura\/wp-content\/uploads\/sites\/2\/2023\/05\/bale-marcos-silva-e-julia-xavier-cbdd-kids-2023-cesar-prestes-8.jpg?resize=525%2C300&ssl=1 1.5x, https:\/\/i0.wp.com\/www.jornalja.com.br\/cultura\/wp-content\/uploads\/sites\/2\/2023\/05\/bale-marcos-silva-e-julia-xavier-cbdd-kids-2023-cesar-prestes-8.jpg?resize=700%2C400&ssl=1 2x, https:\/\/i0.wp.com\/www.jornalja.com.br\/cultura\/wp-content\/uploads\/sites\/2\/2023\/05\/bale-marcos-silva-e-julia-xavier-cbdd-kids-2023-cesar-prestes-8.jpg?resize=1050%2C600&ssl=1 3x"},"classes":[]},{"id":79268,"url":"https:\/\/www.jornalja.com.br\/cultura\/65a-feira-do-livro-de-porto-alegre-apresenta-resultados-positivos\/","url_meta":{"origin":90474,"position":4},"title":"65\u00aa Feira do Livro de Porto Alegre apresenta resultados positivos","author":"da Reda\u00e7\u00e3o","date":"18 de novembro de 2019","format":false,"excerpt":"A diretoria da C\u00e2mara Rio-Grandense do Livro (CRL) e integrantes da Comiss\u00e3o Executiva da 65\u00aa Feira do Livro de Porto Alegre divulgaram hoje os n\u00fameros gerais desta edi\u00e7\u00e3o. O presidente da CRL, Isatir Bottin Filho, considerou os resultados muito satisfat\u00f3rios. Em 17 dias, a Feira do Livro 2019 recebeu um\u2026","rel":"","context":"Em &quot;Cultura-MAT\u00c9RIA&quot;","block_context":{"text":"Cultura-MAT\u00c9RIA","link":"https:\/\/www.jornalja.com.br\/cultura\/category\/materiasecundaria\/"},"img":{"alt_text":"","src":"","width":0,"height":0},"classes":[]},{"id":87071,"url":"https:\/\/www.jornalja.com.br\/cultura\/o-amargo-santo-da-purificacao-mova-montagem-do-oi-nois-aqui-traveiz-estreia-na-redencao\/","url_meta":{"origin":90474,"position":5},"title":"&#8220;O Amargo Santo da Purifica\u00e7\u00e3o&#8221;, em nova montagem do \u00d3i N\u00f3is Aqui Traveiz, estreia na Reden\u00e7\u00e3o","author":"da Reda\u00e7\u00e3o","date":"10 de novembro de 2022","format":false,"excerpt":"\u00a0 Numa data tamb\u00e9m emblem\u00e1tica, o Dia da Consci\u00eancia Negra, 20 de novembro, a premiada encena\u00e7\u00e3o marca sua volta em nova montagem, \u00e0s 17h, pr\u00f3ximo ao chafariz central do parque. \u00a0\u00a0\u00a0\u00a0\u00a0\u00a0\u00a0\u00a0\u00a0\u00a0\u00a0\u00a0A Tribo de Atuadores \u00d3i Nois Aqui Traveiz estreia a sua nova vers\u00e3o\u00a0de O Amargo Santo da Purifica\u00e7\u00e3o - uma\u2026","rel":"","context":"Em &quot;Cultura-MAT\u00c9RIA&quot;","block_context":{"text":"Cultura-MAT\u00c9RIA","link":"https:\/\/www.jornalja.com.br\/cultura\/category\/materiasecundaria\/"},"img":{"alt_text":"","src":"https:\/\/i0.wp.com\/www.jornalja.com.br\/cultura\/wp-content\/uploads\/sites\/2\/2022\/11\/teatro-o-amargo-santo-pedro-isaias-lucas-16-scaled.jpg?resize=350%2C200&ssl=1","width":350,"height":200,"srcset":"https:\/\/i0.wp.com\/www.jornalja.com.br\/cultura\/wp-content\/uploads\/sites\/2\/2022\/11\/teatro-o-amargo-santo-pedro-isaias-lucas-16-scaled.jpg?resize=350%2C200&ssl=1 1x, https:\/\/i0.wp.com\/www.jornalja.com.br\/cultura\/wp-content\/uploads\/sites\/2\/2022\/11\/teatro-o-amargo-santo-pedro-isaias-lucas-16-scaled.jpg?resize=525%2C300&ssl=1 1.5x, https:\/\/i0.wp.com\/www.jornalja.com.br\/cultura\/wp-content\/uploads\/sites\/2\/2022\/11\/teatro-o-amargo-santo-pedro-isaias-lucas-16-scaled.jpg?resize=700%2C400&ssl=1 2x, https:\/\/i0.wp.com\/www.jornalja.com.br\/cultura\/wp-content\/uploads\/sites\/2\/2022\/11\/teatro-o-amargo-santo-pedro-isaias-lucas-16-scaled.jpg?resize=1050%2C600&ssl=1 3x, https:\/\/i0.wp.com\/www.jornalja.com.br\/cultura\/wp-content\/uploads\/sites\/2\/2022\/11\/teatro-o-amargo-santo-pedro-isaias-lucas-16-scaled.jpg?resize=1400%2C800&ssl=1 4x"},"classes":[]}],"jetpack_shortlink":"https:\/\/wp.me\/pbKnZc-nxg","jetpack_sharing_enabled":true,"_links":{"self":[{"href":"https:\/\/www.jornalja.com.br\/cultura\/wp-json\/wp\/v2\/posts\/90474","targetHints":{"allow":["GET"]}}],"collection":[{"href":"https:\/\/www.jornalja.com.br\/cultura\/wp-json\/wp\/v2\/posts"}],"about":[{"href":"https:\/\/www.jornalja.com.br\/cultura\/wp-json\/wp\/v2\/types\/post"}],"author":[{"embeddable":true,"href":"https:\/\/www.jornalja.com.br\/cultura\/wp-json\/wp\/v2\/users\/3"}],"replies":[{"embeddable":true,"href":"https:\/\/www.jornalja.com.br\/cultura\/wp-json\/wp\/v2\/comments?post=90474"}],"version-history":[{"count":5,"href":"https:\/\/www.jornalja.com.br\/cultura\/wp-json\/wp\/v2\/posts\/90474\/revisions"}],"predecessor-version":[{"id":90510,"href":"https:\/\/www.jornalja.com.br\/cultura\/wp-json\/wp\/v2\/posts\/90474\/revisions\/90510"}],"wp:featuredmedia":[{"embeddable":true,"href":"https:\/\/www.jornalja.com.br\/cultura\/wp-json\/wp\/v2\/media\/90489"}],"wp:attachment":[{"href":"https:\/\/www.jornalja.com.br\/cultura\/wp-json\/wp\/v2\/media?parent=90474"}],"wp:term":[{"taxonomy":"category","embeddable":true,"href":"https:\/\/www.jornalja.com.br\/cultura\/wp-json\/wp\/v2\/categories?post=90474"},{"taxonomy":"post_tag","embeddable":true,"href":"https:\/\/www.jornalja.com.br\/cultura\/wp-json\/wp\/v2\/tags?post=90474"}],"curies":[{"name":"wp","href":"https:\/\/api.w.org\/{rel}","templated":true}]}}