{"id":90645,"date":"2025-02-16T11:11:14","date_gmt":"2025-02-16T14:11:14","guid":{"rendered":"https:\/\/www.jornalja.com.br\/cultura\/?p=90645"},"modified":"2025-02-16T11:14:01","modified_gmt":"2025-02-16T14:14:01","slug":"adeli-sell-lanca-memorias-do-pt-gaucho-vol-2-no-chale-da-praca-xv","status":"publish","type":"post","link":"https:\/\/www.jornalja.com.br\/cultura\/adeli-sell-lanca-memorias-do-pt-gaucho-vol-2-no-chale-da-praca-xv\/","title":{"rendered":"Adeli Sell lan\u00e7a &#8220;Mem\u00f3rias do PT ga\u00facho-vol. 2&#8221;, no Chal\u00e9 da Pra\u00e7a XV"},"content":{"rendered":"<p>Adeli Sell, militante hist\u00f3rico do Partido dos Trabalhadores RS , dirigente, ex-vereador, ex- secret\u00e1rio municipal em administra\u00e7\u00f5es petistas, h\u00e1 anos vem resgatando\u00a0 o que ele chama de &#8220;as mem\u00f3rias\u201d vivenciadas do PT ga\u00facho&#8221;<br \/>\nNa pr\u00f3xima quinta-feira, dia 20, \u00e0s 17h30min \u00e0s 20h ele promove o lan\u00e7amento do livro &#8220;Mem\u00f3rias do PT ga\u00facho, vol. 2&#8221; no Chal\u00e9 da Pra\u00e7a XV.<br \/>\nSegundo Adeli &#8220;em 202, foi lan\u00e7ado o seu primeiro volume, cujos lan\u00e7amentos e debates foram prejudicados\u00a0 pela pandemia, agora em 2025 acontece o volume II.&#8221;<br \/>\nAdeli salienta que o primeiro &#8220;foi um trabalho de<br \/>\nrememoriza\u00e7\u00f5es das suas andan\u00e7as e de elementos fundantes em tempos \u00e1ridos.&#8221;<br \/>\nNo volume II, Adeli Sell traz alguns textos de militantes<br \/>\nhist\u00f3ricos, como Selvino Heck e David Stival, que presidiram o partido no Estado. Notas sobre a vida de militantes do PDT, PSB e PCB que vieram ao PT.<br \/>\nCome\u00e7a a resgatar a mem\u00f3ria de seus n\u00facleos de base, dos debates das tend\u00eancias, a necessidade de atualizar as concep\u00e7\u00f5es do Modo Petista de Governar e Legislar. N\u00e3o deixa de listar uma s\u00e9rie de t\u00f3picos nos quais considera ter lacunas no partido.<br \/>\nLembra tamb\u00e9m a mem\u00f3ria de militantes hist\u00f3ricos como Cl\u00f3vis Ilgenfritz da Silva, Lorim, \u201cMulita\u201d, Pedro Carleti, entre outros.<br \/>\nO livro est\u00e1 \u00e0 venda por 50 reais. Pedidos podem ser feitos ao autor &#8211; 51.999335309 &#8211; com envio pelos correios, sem custos adicionais.<\/p>\n","protected":false},"excerpt":{"rendered":"<p>Adeli Sell, militante hist\u00f3rico do Partido dos Trabalhadores RS , dirigente, ex-vereador, ex- secret\u00e1rio municipal em administra\u00e7\u00f5es petistas, h\u00e1 anos vem resgatando\u00a0 o que ele chama de &#8220;as mem\u00f3rias\u201d vivenciadas do PT ga\u00facho&#8221; Na pr\u00f3xima quinta-feira, dia 20, \u00e0s 17h30min \u00e0s 20h ele promove o lan\u00e7amento do livro &#8220;Mem\u00f3rias do PT ga\u00facho, vol. 2&#8221; no [&hellip;]<\/p>\n","protected":false},"author":3,"featured_media":90646,"comment_status":"closed","ping_status":"open","sticky":false,"template":"","format":"standard","meta":{"jetpack_post_was_ever_published":false,"_jetpack_newsletter_access":"","_jetpack_dont_email_post_to_subs":false,"_jetpack_newsletter_tier_id":0,"_jetpack_memberships_contains_paywalled_content":false,"_jetpack_memberships_contains_paid_content":false,"footnotes":"","jetpack_publicize_message":"","jetpack_publicize_feature_enabled":true,"jetpack_social_post_already_shared":true,"jetpack_social_options":{"image_generator_settings":{"template":"highway","default_image_id":0,"font":"","enabled":false},"version":2}},"categories":[54],"tags":[],"class_list":["post-90645","post","type-post","status-publish","format-standard","has-post-thumbnail","hentry","category-geral"],"aioseo_notices":[],"jetpack_publicize_connections":[],"jetpack_featured_media_url":"https:\/\/www.jornalja.com.br\/cultura\/wp-content\/uploads\/sites\/2\/2025\/02\/adeli-sell.jpg","jetpack-related-posts":[{"id":91650,"url":"https:\/\/www.jornalja.com.br\/cultura\/roda-de-conversa-e-lancamento-do-livro-cronicas-de-porto-alegre-com-textos-de-29-autores\/","url_meta":{"origin":90645,"position":0},"title":"Roda de conversa e lan\u00e7amento do livro &#8220;Cr\u00f4nicas de Porto Alegre&#8221;, com textos de 29 autores","author":"da Reda\u00e7\u00e3o","date":"3 de dezembro de 2025","format":false,"excerpt":"Paulo Timm e Adeli Sell organizaram uma sele\u00e7\u00e3o de cr\u00f4nicas sobre Porto Alegre. Editado pela Mottironi Editore e Dominus Edi\u00e7\u00f5es, o livro foi lan\u00e7ado em novembro. Nesta quinta-feira, das 17h at\u00e9 as 18h30min, haver\u00e1 uma Roda de Conversa, na Benju\u00e1 Floricultura e Caf\u00e9, na Rua Riachuelo, 1294. Os organizadores prometem\u2026","rel":"","context":"Em &quot;Cultura-MAT\u00c9RIA&quot;","block_context":{"text":"Cultura-MAT\u00c9RIA","link":"https:\/\/www.jornalja.com.br\/cultura\/category\/materiasecundaria\/"},"img":{"alt_text":"","src":"https:\/\/i0.wp.com\/www.jornalja.com.br\/cultura\/wp-content\/uploads\/sites\/2\/2025\/12\/livro-adeli.jpg?resize=350%2C200&ssl=1","width":350,"height":200,"srcset":"https:\/\/i0.wp.com\/www.jornalja.com.br\/cultura\/wp-content\/uploads\/sites\/2\/2025\/12\/livro-adeli.jpg?resize=350%2C200&ssl=1 1x, https:\/\/i0.wp.com\/www.jornalja.com.br\/cultura\/wp-content\/uploads\/sites\/2\/2025\/12\/livro-adeli.jpg?resize=525%2C300&ssl=1 1.5x, https:\/\/i0.wp.com\/www.jornalja.com.br\/cultura\/wp-content\/uploads\/sites\/2\/2025\/12\/livro-adeli.jpg?resize=700%2C400&ssl=1 2x, https:\/\/i0.wp.com\/www.jornalja.com.br\/cultura\/wp-content\/uploads\/sites\/2\/2025\/12\/livro-adeli.jpg?resize=1050%2C600&ssl=1 3x, https:\/\/i0.wp.com\/www.jornalja.com.br\/cultura\/wp-content\/uploads\/sites\/2\/2025\/12\/livro-adeli.jpg?resize=1400%2C800&ssl=1 4x"},"classes":[]},{"id":89736,"url":"https:\/\/www.jornalja.com.br\/cultura\/banda-maria-bonita-toca-em-evento-de-retomada-cultural-no-centro-historico-da-capital\/","url_meta":{"origin":90645,"position":1},"title":"Banda Maria Bonita toca\u00a0em evento de retomada cultural no Centro Hist\u00f3rico da capital","author":"da Reda\u00e7\u00e3o","date":"17 de julho de 2024","format":false,"excerpt":"\u00a0 Para celebrar o Dia do Amigo, o Chal\u00e9 da Pra\u00e7a XV, ponto de encontro da capital receber\u00e1 a banda Maria Bonita, pioneira do forr\u00f3 no sul.\u00a0O evento faz parte da retomada das atividades culturais e tur\u00edsticas do Centro Hist\u00f3rico de Porto Alegre, no pr\u00f3ximo s\u00e1bado, dia 20 de julho\u2026","rel":"","context":"Em &quot;Cultura-NOTAS&quot;","block_context":{"text":"Cultura-NOTAS","link":"https:\/\/www.jornalja.com.br\/cultura\/category\/culturanotas\/"},"img":{"alt_text":"","src":"https:\/\/i0.wp.com\/www.jornalja.com.br\/cultura\/wp-content\/uploads\/sites\/2\/2024\/07\/elejac-banda-maria-bonita-credito-babi-cocolichio-225x300.jpg?resize=350%2C200&ssl=1","width":350,"height":200},"classes":[]},{"id":91270,"url":"https:\/\/www.jornalja.com.br\/cultura\/plano-diretor-e-um-pacto-que-todos-devem-fazer-parte-de-sua-construcao\/","url_meta":{"origin":90645,"position":2},"title":"Plano Diretor \u00e9 um pacto que todos devem fazer parte de sua constru\u00e7\u00e3o.","author":"Higino Barros","date":"14 de agosto de 2025","format":false,"excerpt":"Adeli Sell A Prefeitura Municipal de Porto Alegre em seu s\u00edtio eletr\u00f4nico ao apresentar o tema da REVIS\u00c3O DO PLANO DIRETOR nos diz que: \u201cMais do que uma Lei, o Plano Diretor \u00e9 um pacto entre a sociedade, o Estado (enquanto entidade t\u00e9cnica que deve trabalhar para concretizar o pacto)\u2026","rel":"","context":"Em &quot;analiseopiniao&quot;","block_context":{"text":"analiseopiniao","link":"https:\/\/www.jornalja.com.br\/cultura\/category\/analiseopiniao\/"},"img":{"alt_text":"","src":"","width":0,"height":0},"classes":[]},{"id":89543,"url":"https:\/\/www.jornalja.com.br\/cultura\/o-futebol-de-varzea-em-livro-lancado-por-17-autores-gauchos-no-chale-do-praca-15\/","url_meta":{"origin":90645,"position":3},"title":"Relatos do tempo em que o futebol era uma v\u00e1rzea","author":"da Reda\u00e7\u00e3o","date":"11 de junho de 2024","format":false,"excerpt":"\u00c9 hora de recome\u00e7ar e o livro \"Viva a V\u00e1rzea\", que deveria ser lan\u00e7ado dia 30 de abril, por conta do mau tempo foi lan\u00e7ado dia 11 de junho, com sess\u00e3o de aut\u00f3grafos no Chal\u00e9 da Pra\u00e7a 15. O livro resgata hist\u00f3rias e personagens do futebol amador em Porto Alegre.\u2026","rel":"","context":"Em &quot;Cultura-MAT\u00c9RIA&quot;","block_context":{"text":"Cultura-MAT\u00c9RIA","link":"https:\/\/www.jornalja.com.br\/cultura\/category\/materiasecundaria\/"},"img":{"alt_text":"","src":"https:\/\/i0.wp.com\/www.jornalja.com.br\/cultura\/wp-content\/uploads\/sites\/2\/2024\/06\/varzea-capa-em-alta-1.jpg?resize=350%2C200&ssl=1","width":350,"height":200,"srcset":"https:\/\/i0.wp.com\/www.jornalja.com.br\/cultura\/wp-content\/uploads\/sites\/2\/2024\/06\/varzea-capa-em-alta-1.jpg?resize=350%2C200&ssl=1 1x, https:\/\/i0.wp.com\/www.jornalja.com.br\/cultura\/wp-content\/uploads\/sites\/2\/2024\/06\/varzea-capa-em-alta-1.jpg?resize=525%2C300&ssl=1 1.5x, https:\/\/i0.wp.com\/www.jornalja.com.br\/cultura\/wp-content\/uploads\/sites\/2\/2024\/06\/varzea-capa-em-alta-1.jpg?resize=700%2C400&ssl=1 2x, https:\/\/i0.wp.com\/www.jornalja.com.br\/cultura\/wp-content\/uploads\/sites\/2\/2024\/06\/varzea-capa-em-alta-1.jpg?resize=1050%2C600&ssl=1 3x, https:\/\/i0.wp.com\/www.jornalja.com.br\/cultura\/wp-content\/uploads\/sites\/2\/2024\/06\/varzea-capa-em-alta-1.jpg?resize=1400%2C800&ssl=1 4x"},"classes":[]}],"jetpack_shortlink":"https:\/\/wp.me\/pbKnZc-nA1","jetpack_sharing_enabled":true,"_links":{"self":[{"href":"https:\/\/www.jornalja.com.br\/cultura\/wp-json\/wp\/v2\/posts\/90645","targetHints":{"allow":["GET"]}}],"collection":[{"href":"https:\/\/www.jornalja.com.br\/cultura\/wp-json\/wp\/v2\/posts"}],"about":[{"href":"https:\/\/www.jornalja.com.br\/cultura\/wp-json\/wp\/v2\/types\/post"}],"author":[{"embeddable":true,"href":"https:\/\/www.jornalja.com.br\/cultura\/wp-json\/wp\/v2\/users\/3"}],"replies":[{"embeddable":true,"href":"https:\/\/www.jornalja.com.br\/cultura\/wp-json\/wp\/v2\/comments?post=90645"}],"version-history":[{"count":4,"href":"https:\/\/www.jornalja.com.br\/cultura\/wp-json\/wp\/v2\/posts\/90645\/revisions"}],"predecessor-version":[{"id":90650,"href":"https:\/\/www.jornalja.com.br\/cultura\/wp-json\/wp\/v2\/posts\/90645\/revisions\/90650"}],"wp:featuredmedia":[{"embeddable":true,"href":"https:\/\/www.jornalja.com.br\/cultura\/wp-json\/wp\/v2\/media\/90646"}],"wp:attachment":[{"href":"https:\/\/www.jornalja.com.br\/cultura\/wp-json\/wp\/v2\/media?parent=90645"}],"wp:term":[{"taxonomy":"category","embeddable":true,"href":"https:\/\/www.jornalja.com.br\/cultura\/wp-json\/wp\/v2\/categories?post=90645"},{"taxonomy":"post_tag","embeddable":true,"href":"https:\/\/www.jornalja.com.br\/cultura\/wp-json\/wp\/v2\/tags?post=90645"}],"curies":[{"name":"wp","href":"https:\/\/api.w.org\/{rel}","templated":true}]}}