{"id":90658,"date":"2025-02-25T18:55:34","date_gmt":"2025-02-25T21:55:34","guid":{"rendered":"https:\/\/www.jornalja.com.br\/cultura\/?p=90658"},"modified":"2025-03-08T02:53:17","modified_gmt":"2025-03-08T05:53:17","slug":"acordei-ontem-ainda-era-hoje-na-exposicao-fotografica-de-fabio-del-re","status":"publish","type":"post","link":"https:\/\/www.jornalja.com.br\/cultura\/acordei-ontem-ainda-era-hoje-na-exposicao-fotografica-de-fabio-del-re\/","title":{"rendered":"&#8216;Acordei ontem, ainda era hoje&#8217; na exposi\u00e7\u00e3o fotogr\u00e1fica de F\u00e1bio Del Re"},"content":{"rendered":"<p>O fot\u00f3grafo F\u00e1bio Del Re inaugura no dia\u00a015 de mar\u00e7o\u00a0pr\u00f3ximo,\u00a0s\u00e1bado, \u00e0s\u00a017h, sua nova exposi\u00e7\u00e3o, \u201cAcordei ontem, ainda era hoje\u201d, no\u00a0V744atelier. A mostra re\u00fane uma s\u00e9rie de trabalhos fotogr\u00e1ficos que exploram a interse\u00e7\u00e3o entre mem\u00f3ria, esquecimento e o tempo, criando uma reflex\u00e3o profunda sobre a efemeridade da vida e a perman\u00eancia das imagens. A exposi\u00e7\u00e3o faz parte do projeto \u201cPortas para a Arte &#8211; Funda\u00e7\u00e3o Bienal do Mercosul\u201d e ficar\u00e1 aberta para visita\u00e7\u00e3o at\u00e9 o dia 26 de abril.<\/p>\n<figure id=\"attachment_90659\" aria-describedby=\"caption-attachment-90659\" style=\"width: 228px\" class=\"wp-caption alignnone\"><img loading=\"lazy\" decoding=\"async\" data-attachment-id=\"90659\" data-permalink=\"https:\/\/www.jornalja.com.br\/cultura\/acordei-ontem-ainda-era-hoje-na-exposicao-fotografica-de-fabio-del-re\/fabio-01208_175307delre_vivafoto\/\" data-orig-file=\"https:\/\/www.jornalja.com.br\/cultura\/wp-content\/uploads\/sites\/2\/2025\/02\/fabio-01208-175307delre-vivafoto-scaled.jpg\" data-orig-size=\"1949,2560\" data-comments-opened=\"0\" data-image-meta=\"{&quot;aperture&quot;:&quot;0&quot;,&quot;credit&quot;:&quot;&quot;,&quot;camera&quot;:&quot;NIKON D810&quot;,&quot;caption&quot;:&quot;&quot;,&quot;created_timestamp&quot;:&quot;1607449987&quot;,&quot;copyright&quot;:&quot;&quot;,&quot;focal_length&quot;:&quot;0&quot;,&quot;iso&quot;:&quot;64&quot;,&quot;shutter_speed&quot;:&quot;0.0125&quot;,&quot;title&quot;:&quot;&quot;,&quot;orientation&quot;:&quot;0&quot;}\" data-image-title=\"f\u00e1bio 01208_175307DelRe_VivaFoto\" data-image-description=\"\" data-image-caption=\"&lt;p&gt;Foto de F\u00e1bio Del Re\/Divulga\u00e7\u00e3o&lt;\/p&gt;\n\" data-large-file=\"https:\/\/www.jornalja.com.br\/cultura\/wp-content\/uploads\/sites\/2\/2025\/02\/fabio-01208-175307delre-vivafoto-780x1024.jpg\" class=\"size-medium wp-image-90659\" src=\"https:\/\/www.jornalja.com.br\/cultura\/wp-content\/uploads\/sites\/2\/2025\/02\/fabio-01208-175307delre-vivafoto-228x300.jpg\" alt=\"\" width=\"228\" height=\"300\" srcset=\"https:\/\/www.jornalja.com.br\/cultura\/wp-content\/uploads\/sites\/2\/2025\/02\/fabio-01208-175307delre-vivafoto-228x300.jpg 228w, https:\/\/www.jornalja.com.br\/cultura\/wp-content\/uploads\/sites\/2\/2025\/02\/fabio-01208-175307delre-vivafoto-780x1024.jpg 780w, https:\/\/www.jornalja.com.br\/cultura\/wp-content\/uploads\/sites\/2\/2025\/02\/fabio-01208-175307delre-vivafoto-768x1009.jpg 768w, https:\/\/www.jornalja.com.br\/cultura\/wp-content\/uploads\/sites\/2\/2025\/02\/fabio-01208-175307delre-vivafoto-1170x1536.jpg 1170w, https:\/\/www.jornalja.com.br\/cultura\/wp-content\/uploads\/sites\/2\/2025\/02\/fabio-01208-175307delre-vivafoto-1559x2048.jpg 1559w, https:\/\/www.jornalja.com.br\/cultura\/wp-content\/uploads\/sites\/2\/2025\/02\/fabio-01208-175307delre-vivafoto-1200x1576.jpg 1200w, https:\/\/www.jornalja.com.br\/cultura\/wp-content\/uploads\/sites\/2\/2025\/02\/fabio-01208-175307delre-vivafoto-scaled.jpg 1949w\" sizes=\"auto, (max-width: 228px) 100vw, 228px\" \/><figcaption id=\"caption-attachment-90659\" class=\"wp-caption-text\">Foto de F\u00e1bio Del Re\/Divulga\u00e7\u00e3o<\/figcaption><\/figure>\n<p>A nova fase de F\u00e1bio Del Re, que sempre se destacou por sua produ\u00e7\u00e3o autoral em fotografia, traz uma proposta mais introspectiva, com um olhar sens\u00edvel para o abandono e a perda de identidade. Em \u201cAcordei ontem, ainda era hoje\u201d, o artista explora, entre outros temas, a \u201clinearidade do tempo e como ele pode ser desconstru\u00eddo\u201d. Em suas palavras, \u201cestou fazendo um trabalho que internamente est\u00e1 mexendo muito comigo, com quest\u00f5es sobre o esquecimento, o tempo e a mem\u00f3ria\u201d.<\/p>\n<figure id=\"attachment_90663\" aria-describedby=\"caption-attachment-90663\" style=\"width: 300px\" class=\"wp-caption alignnone\"><img loading=\"lazy\" decoding=\"async\" data-attachment-id=\"90663\" data-permalink=\"https:\/\/www.jornalja.com.br\/cultura\/acordei-ontem-ainda-era-hoje-na-exposicao-fotografica-de-fabio-del-re\/fabio-241003_225710delre_vivafoto\/\" data-orig-file=\"https:\/\/www.jornalja.com.br\/cultura\/wp-content\/uploads\/sites\/2\/2025\/02\/fabio-241003-225710delre-vivafoto.jpg\" data-orig-size=\"2362,1867\" data-comments-opened=\"0\" data-image-meta=\"{&quot;aperture&quot;:&quot;9.5&quot;,&quot;credit&quot;:&quot;DelRe\/Stein_VivaFoto&quot;,&quot;camera&quot;:&quot;NIKON D800&quot;,&quot;caption&quot;:&quot;&quot;,&quot;created_timestamp&quot;:&quot;1727996230&quot;,&quot;copyright&quot;:&quot;DelRe\/Stein_VivaFoto&quot;,&quot;focal_length&quot;:&quot;50&quot;,&quot;iso&quot;:&quot;50&quot;,&quot;shutter_speed&quot;:&quot;0.011111111111111&quot;,&quot;title&quot;:&quot;&quot;,&quot;orientation&quot;:&quot;0&quot;}\" data-image-title=\"f\u00e1bio 241003_225710DelRe_VivaFoto\" data-image-description=\"\" data-image-caption=\"&lt;p&gt;Foto de F\u00e1bio Del Re\/Divulga\u00e7\u00e3o&lt;\/p&gt;\n\" data-large-file=\"https:\/\/www.jornalja.com.br\/cultura\/wp-content\/uploads\/sites\/2\/2025\/02\/fabio-241003-225710delre-vivafoto-1024x809.jpg\" class=\"size-medium wp-image-90663\" src=\"https:\/\/www.jornalja.com.br\/cultura\/wp-content\/uploads\/sites\/2\/2025\/02\/fabio-241003-225710delre-vivafoto-300x237.jpg\" alt=\"\" width=\"300\" height=\"237\" srcset=\"https:\/\/www.jornalja.com.br\/cultura\/wp-content\/uploads\/sites\/2\/2025\/02\/fabio-241003-225710delre-vivafoto-300x237.jpg 300w, https:\/\/www.jornalja.com.br\/cultura\/wp-content\/uploads\/sites\/2\/2025\/02\/fabio-241003-225710delre-vivafoto-1024x809.jpg 1024w, https:\/\/www.jornalja.com.br\/cultura\/wp-content\/uploads\/sites\/2\/2025\/02\/fabio-241003-225710delre-vivafoto-768x607.jpg 768w, https:\/\/www.jornalja.com.br\/cultura\/wp-content\/uploads\/sites\/2\/2025\/02\/fabio-241003-225710delre-vivafoto-1536x1214.jpg 1536w, https:\/\/www.jornalja.com.br\/cultura\/wp-content\/uploads\/sites\/2\/2025\/02\/fabio-241003-225710delre-vivafoto-2048x1619.jpg 2048w, https:\/\/www.jornalja.com.br\/cultura\/wp-content\/uploads\/sites\/2\/2025\/02\/fabio-241003-225710delre-vivafoto-1200x949.jpg 1200w\" sizes=\"auto, (max-width: 300px) 100vw, 300px\" \/><figcaption id=\"caption-attachment-90663\" class=\"wp-caption-text\">Foto de F\u00e1bio Del Re\/Divulga\u00e7\u00e3o<\/figcaption><\/figure>\n<p>Diferente de suas produ\u00e7\u00f5es anteriores, que muitas vezes focaram registros de arquitetura e cultura, esta exposi\u00e7\u00e3o adentra um universo mais pessoal, refletindo sobre o processo de descarte e o esquecimento das imagens, em especial, atrav\u00e9s da compra de fotografias antigas e esquecidas. \u201cChamo estas fotografias de meus \u00f3rf\u00e3os, s\u00e3o \u00f3rf\u00e3os. Elas foram descartadas, ningu\u00e9m mais sabe quem s\u00e3o aquelas pessoas. Fui encontrando nelas algo que me tocou profundamente\u201d, explica Del Re.<\/p>\n<figure id=\"attachment_90662\" aria-describedby=\"caption-attachment-90662\" style=\"width: 208px\" class=\"wp-caption alignnone\"><img loading=\"lazy\" decoding=\"async\" data-attachment-id=\"90662\" data-permalink=\"https:\/\/www.jornalja.com.br\/cultura\/acordei-ontem-ainda-era-hoje-na-exposicao-fotografica-de-fabio-del-re\/fabio-230926_192108delre_vivafoto\/\" data-orig-file=\"https:\/\/www.jornalja.com.br\/cultura\/wp-content\/uploads\/sites\/2\/2025\/02\/fabio-230926-192108delre-vivafoto-scaled.jpg\" data-orig-size=\"1772,2560\" data-comments-opened=\"0\" data-image-meta=\"{&quot;aperture&quot;:&quot;16&quot;,&quot;credit&quot;:&quot;DelRe\/Stein_VivaFoto&quot;,&quot;camera&quot;:&quot;NIKON D800&quot;,&quot;caption&quot;:&quot;&quot;,&quot;created_timestamp&quot;:&quot;1695756068&quot;,&quot;copyright&quot;:&quot;DelRe\/Stein_VivaFoto&quot;,&quot;focal_length&quot;:&quot;50&quot;,&quot;iso&quot;:&quot;50&quot;,&quot;shutter_speed&quot;:&quot;0.011111111111111&quot;,&quot;title&quot;:&quot;&quot;,&quot;orientation&quot;:&quot;0&quot;}\" data-image-title=\"f\u00e1bio 230926_192108DelRe_VivaFoto\" data-image-description=\"\" data-image-caption=\"&lt;p&gt;Foto de F\u00e1bio Del Re\/Divulga\u00e7\u00e3o&lt;\/p&gt;\n\" data-large-file=\"https:\/\/www.jornalja.com.br\/cultura\/wp-content\/uploads\/sites\/2\/2025\/02\/fabio-230926-192108delre-vivafoto-709x1024.jpg\" class=\"size-medium wp-image-90662\" src=\"https:\/\/www.jornalja.com.br\/cultura\/wp-content\/uploads\/sites\/2\/2025\/02\/fabio-230926-192108delre-vivafoto-208x300.jpg\" alt=\"\" width=\"208\" height=\"300\" srcset=\"https:\/\/www.jornalja.com.br\/cultura\/wp-content\/uploads\/sites\/2\/2025\/02\/fabio-230926-192108delre-vivafoto-208x300.jpg 208w, https:\/\/www.jornalja.com.br\/cultura\/wp-content\/uploads\/sites\/2\/2025\/02\/fabio-230926-192108delre-vivafoto-709x1024.jpg 709w, https:\/\/www.jornalja.com.br\/cultura\/wp-content\/uploads\/sites\/2\/2025\/02\/fabio-230926-192108delre-vivafoto-768x1110.jpg 768w, https:\/\/www.jornalja.com.br\/cultura\/wp-content\/uploads\/sites\/2\/2025\/02\/fabio-230926-192108delre-vivafoto-1063x1536.jpg 1063w, https:\/\/www.jornalja.com.br\/cultura\/wp-content\/uploads\/sites\/2\/2025\/02\/fabio-230926-192108delre-vivafoto-1418x2048.jpg 1418w, https:\/\/www.jornalja.com.br\/cultura\/wp-content\/uploads\/sites\/2\/2025\/02\/fabio-230926-192108delre-vivafoto-1200x1734.jpg 1200w, https:\/\/www.jornalja.com.br\/cultura\/wp-content\/uploads\/sites\/2\/2025\/02\/fabio-230926-192108delre-vivafoto-scaled.jpg 1772w\" sizes=\"auto, (max-width: 208px) 100vw, 208px\" \/><figcaption id=\"caption-attachment-90662\" class=\"wp-caption-text\">Foto de F\u00e1bio Del Re\/Divulga\u00e7\u00e3o<\/figcaption><\/figure>\n<p>O trabalho n\u00e3o se limita \u00e0 fotografia tradicional. F\u00e1bio, que prefere \u201ca parceria do acaso, do acidente\u201d, se utiliza de t\u00e9cnicas que incluem o tempo como elemento pr\u00f3prio da obra, com fotos mal fixadas, mofo e furos causados por insetos. Esses elementos acabam criando uma est\u00e9tica \u00fanica que refor\u00e7a o conceito de imperman\u00eancia. Ele afirma: \u201cO tempo fez sua marca nas fotos, nos furos dos insetos, no mofo dos livros&#8230; o mais importante foram os achados e as escolhas das fotos que acompanham a narrativa\u201d. Ainda sobre este tema, em seu texto cr\u00edtico, o escritor Fl\u00e1vio Kiefer comentou: \u00a0\u201cEstamos diante de uma produ\u00e7\u00e3o que quer falar sobre o tempo, sobre a mem\u00f3ria, sobre a presen\u00e7a e a aus\u00eancia como conte\u00fado norteador, mas, se nos deixarmos levar pela frui\u00e7\u00e3o do que nos \u00e9 apresentado, fala de muito mais\u201d.<\/p>\n<figure id=\"attachment_90661\" aria-describedby=\"caption-attachment-90661\" style=\"width: 170px\" class=\"wp-caption alignnone\"><img loading=\"lazy\" decoding=\"async\" data-attachment-id=\"90661\" data-permalink=\"https:\/\/www.jornalja.com.br\/cultura\/acordei-ontem-ainda-era-hoje-na-exposicao-fotografica-de-fabio-del-re\/fabio-221225_151708delre_vivafoto\/\" data-orig-file=\"https:\/\/www.jornalja.com.br\/cultura\/wp-content\/uploads\/sites\/2\/2025\/02\/fabio-221225-151708delre-vivafoto.jpg\" data-orig-size=\"1341,2362\" data-comments-opened=\"0\" data-image-meta=\"{&quot;aperture&quot;:&quot;5.6&quot;,&quot;credit&quot;:&quot;&quot;,&quot;camera&quot;:&quot;NIKON D810&quot;,&quot;caption&quot;:&quot;&quot;,&quot;created_timestamp&quot;:&quot;1671981428&quot;,&quot;copyright&quot;:&quot;&quot;,&quot;focal_length&quot;:&quot;50&quot;,&quot;iso&quot;:&quot;100&quot;,&quot;shutter_speed&quot;:&quot;0.4&quot;,&quot;title&quot;:&quot;&quot;,&quot;orientation&quot;:&quot;0&quot;}\" data-image-title=\"f\u00e1bio 221225_151708DelRe_VivaFoto\" data-image-description=\"\" data-image-caption=\"&lt;p&gt;Foto de F\u00e1bio Del Re\/Divulga\u00e7\u00e3o&lt;\/p&gt;\n\" data-large-file=\"https:\/\/www.jornalja.com.br\/cultura\/wp-content\/uploads\/sites\/2\/2025\/02\/fabio-221225-151708delre-vivafoto-581x1024.jpg\" class=\"size-medium wp-image-90661\" src=\"https:\/\/www.jornalja.com.br\/cultura\/wp-content\/uploads\/sites\/2\/2025\/02\/fabio-221225-151708delre-vivafoto-170x300.jpg\" alt=\"\" width=\"170\" height=\"300\" srcset=\"https:\/\/www.jornalja.com.br\/cultura\/wp-content\/uploads\/sites\/2\/2025\/02\/fabio-221225-151708delre-vivafoto-170x300.jpg 170w, https:\/\/www.jornalja.com.br\/cultura\/wp-content\/uploads\/sites\/2\/2025\/02\/fabio-221225-151708delre-vivafoto-581x1024.jpg 581w, https:\/\/www.jornalja.com.br\/cultura\/wp-content\/uploads\/sites\/2\/2025\/02\/fabio-221225-151708delre-vivafoto-768x1353.jpg 768w, https:\/\/www.jornalja.com.br\/cultura\/wp-content\/uploads\/sites\/2\/2025\/02\/fabio-221225-151708delre-vivafoto-872x1536.jpg 872w, https:\/\/www.jornalja.com.br\/cultura\/wp-content\/uploads\/sites\/2\/2025\/02\/fabio-221225-151708delre-vivafoto-1163x2048.jpg 1163w, https:\/\/www.jornalja.com.br\/cultura\/wp-content\/uploads\/sites\/2\/2025\/02\/fabio-221225-151708delre-vivafoto-1200x2114.jpg 1200w, https:\/\/www.jornalja.com.br\/cultura\/wp-content\/uploads\/sites\/2\/2025\/02\/fabio-221225-151708delre-vivafoto.jpg 1341w\" sizes=\"auto, (max-width: 170px) 100vw, 170px\" \/><figcaption id=\"caption-attachment-90661\" class=\"wp-caption-text\">Foto de F\u00e1bio Del Re\/Divulga\u00e7\u00e3o<\/figcaption><\/figure>\n<p>Al\u00e9m da quest\u00e3o est\u00e9tica e conceitual, o ambiente do V744atelier, uma casa que tamb\u00e9m \u00e9 atelier de Vilma Sonaglio, idealizadora de V744, proporciona uma rela\u00e7\u00e3o mais \u00edntima e org\u00e2nica entre as obras e o p\u00fablico. Del Re destaca: \u201cEste espa\u00e7o \u00e9 muito diferente, \u00e9 uma casa, pessoas moram aqui, n\u00e3o \u00e9 uma galeria. Isso tira a ideia de uma exposi\u00e7\u00e3o convencional e coloca o foco no trabalho em si\u201d. Para ele, esse ambiente sem filtros e sem a formalidade de uma galeria tradicional aproxima o espectador da arte.<\/p>\n<p>A exposi\u00e7\u00e3o contar\u00e1 com 16 obras, aproximadamente, que variam de tamanhos e formatos, e prop\u00f5em uma experi\u00eancia sensorial e introspectiva, convidando os visitantes a refletirem sobre a atemporalidade e a finitude. F\u00e1bio Del Re expressa sua expectativa para a mostra: \u201cGostaria que as pessoas sa\u00edssem atordoadas, tocadas pela ideia de que o tempo \u00e9 algo que nos escapa, que a mem\u00f3ria e o esquecimento caminham juntos, e que o que \u00e9 visto nem sempre reflete a realidade\u201d.<\/p>\n<p>Sobre F\u00e1bio Del Re<\/p>\n<p>F\u00e1bio Del Re \u00e9 fot\u00f3grafo e iniciou sua trajet\u00f3ria na New England School of Photography, em Boston (EUA), onde viveu por seis anos. Durante esse per\u00edodo, foi premiado com o School Honors (1989) e o Honors in Black and White (1989). Desde ent\u00e3o, Del Re tem se dedicado a desenvolver um trabalho autoral em fotografia, sempre com uma forte presen\u00e7a de reflex\u00e3o sobre a mem\u00f3ria, o tempo e a arquitetura.<\/p>\n<p><img loading=\"lazy\" decoding=\"async\" data-attachment-id=\"90664\" data-permalink=\"https:\/\/www.jornalja.com.br\/cultura\/acordei-ontem-ainda-era-hoje-na-exposicao-fotografica-de-fabio-del-re\/fabio-unnamed\/\" data-orig-file=\"https:\/\/www.jornalja.com.br\/cultura\/wp-content\/uploads\/sites\/2\/2025\/02\/fabio-unnamed.jpg\" data-orig-size=\"1096,1096\" data-comments-opened=\"0\" data-image-meta=\"{&quot;aperture&quot;:&quot;0&quot;,&quot;credit&quot;:&quot;vilma Sonaglio&quot;,&quot;camera&quot;:&quot;&quot;,&quot;caption&quot;:&quot;&quot;,&quot;created_timestamp&quot;:&quot;0&quot;,&quot;copyright&quot;:&quot;&quot;,&quot;focal_length&quot;:&quot;0&quot;,&quot;iso&quot;:&quot;0&quot;,&quot;shutter_speed&quot;:&quot;0&quot;,&quot;title&quot;:&quot;&quot;,&quot;orientation&quot;:&quot;0&quot;}\" data-image-title=\"f\u00e1bio unnamed\" data-image-description=\"\" data-image-caption=\"\" data-large-file=\"https:\/\/www.jornalja.com.br\/cultura\/wp-content\/uploads\/sites\/2\/2025\/02\/fabio-unnamed-1024x1024.jpg\" class=\"alignnone size-medium wp-image-90664\" src=\"https:\/\/www.jornalja.com.br\/cultura\/wp-content\/uploads\/sites\/2\/2025\/02\/fabio-unnamed-300x300.jpg\" alt=\"\" width=\"300\" height=\"300\" srcset=\"https:\/\/www.jornalja.com.br\/cultura\/wp-content\/uploads\/sites\/2\/2025\/02\/fabio-unnamed-300x300.jpg 300w, https:\/\/www.jornalja.com.br\/cultura\/wp-content\/uploads\/sites\/2\/2025\/02\/fabio-unnamed-1024x1024.jpg 1024w, https:\/\/www.jornalja.com.br\/cultura\/wp-content\/uploads\/sites\/2\/2025\/02\/fabio-unnamed-150x150.jpg 150w, https:\/\/www.jornalja.com.br\/cultura\/wp-content\/uploads\/sites\/2\/2025\/02\/fabio-unnamed-768x768.jpg 768w, https:\/\/www.jornalja.com.br\/cultura\/wp-content\/uploads\/sites\/2\/2025\/02\/fabio-unnamed.jpg 1096w\" sizes=\"auto, (max-width: 300px) 100vw, 300px\" \/><\/p>\n","protected":false},"excerpt":{"rendered":"<p>O fot\u00f3grafo F\u00e1bio Del Re inaugura no dia\u00a015 de mar\u00e7o\u00a0pr\u00f3ximo,\u00a0s\u00e1bado, \u00e0s\u00a017h, sua nova exposi\u00e7\u00e3o, \u201cAcordei ontem, ainda era hoje\u201d, no\u00a0V744atelier. A mostra re\u00fane uma s\u00e9rie de trabalhos fotogr\u00e1ficos que exploram a interse\u00e7\u00e3o entre mem\u00f3ria, esquecimento e o tempo, criando uma reflex\u00e3o profunda sobre a efemeridade da vida e a perman\u00eancia das imagens. A exposi\u00e7\u00e3o faz [&hellip;]<\/p>\n","protected":false},"author":4,"featured_media":90660,"comment_status":"closed","ping_status":"open","sticky":false,"template":"","format":"standard","meta":{"_jetpack_newsletter_access":"","_jetpack_dont_email_post_to_subs":false,"_jetpack_newsletter_tier_id":0,"_jetpack_memberships_contains_paywalled_content":false,"_jetpack_feature_clip_id":0,"_jetpack_memberships_contains_paid_content":false,"footnotes":"","jetpack_publicize_message":"'Acordei ontem, ainda era hoje' na exposi\u00e7\u00e3o fotogr\u00e1fica de F\u00e1bio Del Re","jetpack_publicize_feature_enabled":true,"jetpack_social_post_already_shared":true,"jetpack_social_options":{"image_generator_settings":{"template":"highway","default_image_id":0,"font":"","enabled":false},"version":2},"jetpack_post_was_ever_published":false},"categories":[2],"tags":[],"class_list":["post-90658","post","type-post","status-publish","format-standard","has-post-thumbnail","hentry","category-materiasecundaria"],"aioseo_notices":[],"aioseo_head":"\n\t\t<!-- All in One SEO 5.0.1.1 - aioseo.com -->\n\t<meta name=\"description\" content=\"O fot\u00f3grafo F\u00e1bio Del Re inaugura no dia 15 de mar\u00e7o pr\u00f3ximo, s\u00e1bado, \u00e0s 17h, sua nova exposi\u00e7\u00e3o, \u201cAcordei ontem, ainda era hoje\u201d, no V744atelier. A mostra re\u00fane uma s\u00e9rie de trabalhos fotogr\u00e1ficos que exploram a interse\u00e7\u00e3o entre mem\u00f3ria, esquecimento e o tempo, criando uma reflex\u00e3o profunda sobre a efemeridade da vida e a perman\u00eancia das imagens. A exposi\u00e7\u00e3o faz\" \/>\n\t<meta name=\"robots\" content=\"max-image-preview:large\" \/>\n\t<meta name=\"author\" content=\"da Reda\u00e7\u00e3o\"\/>\n\t<link rel=\"canonical\" href=\"https:\/\/www.jornalja.com.br\/cultura\/acordei-ontem-ainda-era-hoje-na-exposicao-fotografica-de-fabio-del-re\/\" \/>\n\t<meta name=\"generator\" content=\"All in One SEO (AIOSEO) 5.0.1.1\" \/>\n\t\t<meta property=\"og:locale\" content=\"pt_BR\" \/>\n\t\t<meta property=\"og:site_name\" content=\"Cultura\" \/>\n\t\t<meta property=\"og:type\" content=\"article\" \/>\n\t\t<meta property=\"og:title\" content=\"\u2018Acordei ontem, ainda era hoje\u2019 na exposi\u00e7\u00e3o fotogr\u00e1fica de F\u00e1bio Del Re | Cultura\" \/>\n\t\t<meta property=\"og:description\" content=\"O fot\u00f3grafo F\u00e1bio Del Re inaugura no dia 15 de mar\u00e7o pr\u00f3ximo, s\u00e1bado, \u00e0s 17h, sua nova exposi\u00e7\u00e3o, \u201cAcordei ontem, ainda era hoje\u201d, no V744atelier. A mostra re\u00fane uma s\u00e9rie de trabalhos fotogr\u00e1ficos que exploram a interse\u00e7\u00e3o entre mem\u00f3ria, esquecimento e o tempo, criando uma reflex\u00e3o profunda sobre a efemeridade da vida e a perman\u00eancia das imagens. A exposi\u00e7\u00e3o faz\" \/>\n\t\t<meta property=\"og:url\" content=\"https:\/\/www.jornalja.com.br\/cultura\/acordei-ontem-ainda-era-hoje-na-exposicao-fotografica-de-fabio-del-re\/\" \/>\n\t\t<meta property=\"og:image\" content=\"https:\/\/www.jornalja.com.br\/cultura\/wp-content\/uploads\/sites\/2\/2025\/02\/fabio-01208-175307delre-vivafoto-228x300.jpg\" \/>\n\t\t<meta property=\"og:image:secure_url\" content=\"https:\/\/www.jornalja.com.br\/cultura\/wp-content\/uploads\/sites\/2\/2025\/02\/fabio-01208-175307delre-vivafoto-228x300.jpg\" \/>\n\t\t<meta property=\"article:published_time\" content=\"2025-02-25T21:55:34+00:00\" \/>\n\t\t<meta property=\"article:modified_time\" content=\"2025-03-08T05:53:17+00:00\" \/>\n\t\t<meta property=\"article:publisher\" content=\"https:\/\/www.facebook.com\/jornaljanaweb\" \/>\n\t\t<meta name=\"twitter:card\" content=\"summary\" \/>\n\t\t<meta name=\"twitter:site\" content=\"@jornal_ja\" \/>\n\t\t<meta name=\"twitter:title\" content=\"\u2018Acordei ontem, ainda era hoje\u2019 na exposi\u00e7\u00e3o fotogr\u00e1fica de F\u00e1bio Del Re | Cultura\" \/>\n\t\t<meta name=\"twitter:description\" content=\"O fot\u00f3grafo F\u00e1bio Del Re inaugura no dia 15 de mar\u00e7o pr\u00f3ximo, s\u00e1bado, \u00e0s 17h, sua nova exposi\u00e7\u00e3o, \u201cAcordei ontem, ainda era hoje\u201d, no V744atelier. A mostra re\u00fane uma s\u00e9rie de trabalhos fotogr\u00e1ficos que exploram a interse\u00e7\u00e3o entre mem\u00f3ria, esquecimento e o tempo, criando uma reflex\u00e3o profunda sobre a efemeridade da vida e a perman\u00eancia das imagens. A exposi\u00e7\u00e3o faz\" \/>\n\t\t<meta name=\"twitter:image\" content=\"https:\/\/www.jornalja.com.br\/cultura\/wp-content\/uploads\/sites\/2\/2025\/02\/fabio-01208-175307delre-vivafoto-228x300.jpg\" \/>\n\t\t<script type=\"application\/ld+json\" class=\"aioseo-schema\">\n\t\t\t{\"@context\":\"https:\\\/\\\/schema.org\",\"@graph\":[{\"@type\":\"Article\",\"@id\":\"https:\\\/\\\/www.jornalja.com.br\\\/cultura\\\/acordei-ontem-ainda-era-hoje-na-exposicao-fotografica-de-fabio-del-re\\\/#article\",\"name\":\"\\u2018Acordei ontem, ainda era hoje\\u2019 na exposi\\u00e7\\u00e3o fotogr\\u00e1fica de F\\u00e1bio Del Re | Cultura\",\"headline\":\"&#8216;Acordei ontem, ainda era hoje&#8217; na exposi\\u00e7\\u00e3o fotogr\\u00e1fica de F\\u00e1bio Del Re\",\"author\":{\"@id\":\"https:\\\/\\\/www.jornalja.com.br\\\/cultura\\\/author\\\/daredacao\\\/#author\"},\"publisher\":{\"@id\":\"https:\\\/\\\/www.jornalja.com.br\\\/cultura\\\/#organization\"},\"image\":{\"@type\":\"ImageObject\",\"url\":\"https:\\\/\\\/www.jornalja.com.br\\\/cultura\\\/wp-content\\\/uploads\\\/sites\\\/2\\\/2025\\\/02\\\/fabio-190223-191456delre-vivafoto.jpg\",\"width\":1611,\"height\":2362,\"caption\":\"Foto de F\\u00e1bio Del Re\\\/Divulga\\u00e7\\u00e3o\"},\"datePublished\":\"2025-02-25T18:55:34-03:00\",\"dateModified\":\"2025-03-08T02:53:17-03:00\",\"inLanguage\":\"pt-BR\",\"mainEntityOfPage\":{\"@id\":\"https:\\\/\\\/www.jornalja.com.br\\\/cultura\\\/acordei-ontem-ainda-era-hoje-na-exposicao-fotografica-de-fabio-del-re\\\/#webpage\"},\"isPartOf\":{\"@id\":\"https:\\\/\\\/www.jornalja.com.br\\\/cultura\\\/acordei-ontem-ainda-era-hoje-na-exposicao-fotografica-de-fabio-del-re\\\/#webpage\"},\"articleSection\":\"Cultura-MAT\\u00c9RIA\"},{\"@type\":\"BreadcrumbList\",\"@id\":\"https:\\\/\\\/www.jornalja.com.br\\\/cultura\\\/acordei-ontem-ainda-era-hoje-na-exposicao-fotografica-de-fabio-del-re\\\/#breadcrumblist\",\"itemListElement\":[{\"@type\":\"ListItem\",\"@id\":\"https:\\\/\\\/www.jornalja.com.br\\\/cultura#listItem\",\"position\":1,\"name\":\"Home\",\"item\":\"https:\\\/\\\/www.jornalja.com.br\\\/cultura\",\"nextItem\":{\"@type\":\"ListItem\",\"@id\":\"https:\\\/\\\/www.jornalja.com.br\\\/cultura\\\/category\\\/materiasecundaria\\\/#listItem\",\"name\":\"Cultura-MAT\\u00c9RIA\"}},{\"@type\":\"ListItem\",\"@id\":\"https:\\\/\\\/www.jornalja.com.br\\\/cultura\\\/category\\\/materiasecundaria\\\/#listItem\",\"position\":2,\"name\":\"Cultura-MAT\\u00c9RIA\",\"item\":\"https:\\\/\\\/www.jornalja.com.br\\\/cultura\\\/category\\\/materiasecundaria\\\/\",\"nextItem\":{\"@type\":\"ListItem\",\"@id\":\"https:\\\/\\\/www.jornalja.com.br\\\/cultura\\\/acordei-ontem-ainda-era-hoje-na-exposicao-fotografica-de-fabio-del-re\\\/#listItem\",\"name\":\"&#8216;Acordei ontem, ainda era hoje&#8217; na exposi\\u00e7\\u00e3o fotogr\\u00e1fica de F\\u00e1bio Del Re\"},\"previousItem\":{\"@type\":\"ListItem\",\"@id\":\"https:\\\/\\\/www.jornalja.com.br\\\/cultura#listItem\",\"name\":\"Home\"}},{\"@type\":\"ListItem\",\"@id\":\"https:\\\/\\\/www.jornalja.com.br\\\/cultura\\\/acordei-ontem-ainda-era-hoje-na-exposicao-fotografica-de-fabio-del-re\\\/#listItem\",\"position\":3,\"name\":\"&#8216;Acordei ontem, ainda era hoje&#8217; na exposi\\u00e7\\u00e3o fotogr\\u00e1fica de F\\u00e1bio Del Re\",\"previousItem\":{\"@type\":\"ListItem\",\"@id\":\"https:\\\/\\\/www.jornalja.com.br\\\/cultura\\\/category\\\/materiasecundaria\\\/#listItem\",\"name\":\"Cultura-MAT\\u00c9RIA\"}}]},{\"@type\":\"Organization\",\"@id\":\"https:\\\/\\\/www.jornalja.com.br\\\/cultura\\\/#organization\",\"name\":\"Jornal J\\u00c1 Editora\",\"description\":\"Jornal J\\u00c1 | Porto Alegre\",\"url\":\"https:\\\/\\\/www.jornalja.com.br\\\/cultura\\\/\",\"telephone\":\"+555133307272\",\"logo\":{\"@type\":\"ImageObject\",\"url\":\"https:\\\/\\\/www.jornalja.com.br\\\/cultura\\\/wp-content\\\/uploads\\\/sites\\\/2\\\/2021\\\/05\\\/2020-logotipia-ja-35anos.jpg\",\"@id\":\"https:\\\/\\\/www.jornalja.com.br\\\/cultura\\\/acordei-ontem-ainda-era-hoje-na-exposicao-fotografica-de-fabio-del-re\\\/#organizationLogo\",\"width\":1067,\"height\":800},\"image\":{\"@id\":\"https:\\\/\\\/www.jornalja.com.br\\\/cultura\\\/acordei-ontem-ainda-era-hoje-na-exposicao-fotografica-de-fabio-del-re\\\/#organizationLogo\"},\"sameAs\":[\"https:\\\/\\\/www.instagram.com\\\/jornaljapoa\",\"https:\\\/\\\/www.youtube.com\\\/c\\\/JornalJ\"]},{\"@type\":\"Person\",\"@id\":\"https:\\\/\\\/www.jornalja.com.br\\\/cultura\\\/author\\\/daredacao\\\/#author\",\"url\":\"https:\\\/\\\/www.jornalja.com.br\\\/cultura\\\/author\\\/daredacao\\\/\",\"name\":\"da Reda\\u00e7\\u00e3o\",\"image\":{\"@type\":\"ImageObject\",\"@id\":\"https:\\\/\\\/www.jornalja.com.br\\\/cultura\\\/acordei-ontem-ainda-era-hoje-na-exposicao-fotografica-de-fabio-del-re\\\/#authorImage\",\"url\":\"https:\\\/\\\/secure.gravatar.com\\\/avatar\\\/469fd857d6605ad19919d27ed29d35a968a25f6e8fd9318356bbb7f57aae9c65?s=96&d=mm&r=g\",\"width\":96,\"height\":96,\"caption\":\"da Reda\\u00e7\\u00e3o\"}},{\"@type\":\"WebPage\",\"@id\":\"https:\\\/\\\/www.jornalja.com.br\\\/cultura\\\/acordei-ontem-ainda-era-hoje-na-exposicao-fotografica-de-fabio-del-re\\\/#webpage\",\"url\":\"https:\\\/\\\/www.jornalja.com.br\\\/cultura\\\/acordei-ontem-ainda-era-hoje-na-exposicao-fotografica-de-fabio-del-re\\\/\",\"name\":\"\\u2018Acordei ontem, ainda era hoje\\u2019 na exposi\\u00e7\\u00e3o fotogr\\u00e1fica de F\\u00e1bio Del Re | Cultura\",\"description\":\"O fot\\u00f3grafo F\\u00e1bio Del Re inaugura no dia 15 de mar\\u00e7o pr\\u00f3ximo, s\\u00e1bado, \\u00e0s 17h, sua nova exposi\\u00e7\\u00e3o, \\u201cAcordei ontem, ainda era hoje\\u201d, no V744atelier. A mostra re\\u00fane uma s\\u00e9rie de trabalhos fotogr\\u00e1ficos que exploram a interse\\u00e7\\u00e3o entre mem\\u00f3ria, esquecimento e o tempo, criando uma reflex\\u00e3o profunda sobre a efemeridade da vida e a perman\\u00eancia das imagens. A exposi\\u00e7\\u00e3o faz\",\"inLanguage\":\"pt-BR\",\"isPartOf\":{\"@id\":\"https:\\\/\\\/www.jornalja.com.br\\\/cultura\\\/#website\"},\"breadcrumb\":{\"@id\":\"https:\\\/\\\/www.jornalja.com.br\\\/cultura\\\/acordei-ontem-ainda-era-hoje-na-exposicao-fotografica-de-fabio-del-re\\\/#breadcrumblist\"},\"author\":{\"@id\":\"https:\\\/\\\/www.jornalja.com.br\\\/cultura\\\/author\\\/daredacao\\\/#author\"},\"creator\":{\"@id\":\"https:\\\/\\\/www.jornalja.com.br\\\/cultura\\\/author\\\/daredacao\\\/#author\"},\"image\":{\"@type\":\"ImageObject\",\"url\":\"https:\\\/\\\/www.jornalja.com.br\\\/cultura\\\/wp-content\\\/uploads\\\/sites\\\/2\\\/2025\\\/02\\\/fabio-190223-191456delre-vivafoto.jpg\",\"@id\":\"https:\\\/\\\/www.jornalja.com.br\\\/cultura\\\/acordei-ontem-ainda-era-hoje-na-exposicao-fotografica-de-fabio-del-re\\\/#mainImage\",\"width\":1611,\"height\":2362,\"caption\":\"Foto de F\\u00e1bio Del Re\\\/Divulga\\u00e7\\u00e3o\"},\"primaryImageOfPage\":{\"@id\":\"https:\\\/\\\/www.jornalja.com.br\\\/cultura\\\/acordei-ontem-ainda-era-hoje-na-exposicao-fotografica-de-fabio-del-re\\\/#mainImage\"},\"datePublished\":\"2025-02-25T18:55:34-03:00\",\"dateModified\":\"2025-03-08T02:53:17-03:00\"},{\"@type\":\"WebSite\",\"@id\":\"https:\\\/\\\/www.jornalja.com.br\\\/cultura\\\/#website\",\"url\":\"https:\\\/\\\/www.jornalja.com.br\\\/cultura\\\/\",\"name\":\"Cultura\",\"description\":\"Jornal J\\u00c1 | Porto Alegre\",\"inLanguage\":\"pt-BR\",\"publisher\":{\"@id\":\"https:\\\/\\\/www.jornalja.com.br\\\/cultura\\\/#organization\"}}]}\n\t\t<\/script>\n\t\t<!-- All in One SEO -->\n\n","aioseo_head_json":{"title":"\u2018Acordei ontem, ainda era hoje\u2019 na exposi\u00e7\u00e3o fotogr\u00e1fica de F\u00e1bio Del Re | Cultura","description":"O fot\u00f3grafo F\u00e1bio Del Re inaugura no dia 15 de mar\u00e7o pr\u00f3ximo, s\u00e1bado, \u00e0s 17h, sua nova exposi\u00e7\u00e3o, \u201cAcordei ontem, ainda era hoje\u201d, no V744atelier. A mostra re\u00fane uma s\u00e9rie de trabalhos fotogr\u00e1ficos que exploram a interse\u00e7\u00e3o entre mem\u00f3ria, esquecimento e o tempo, criando uma reflex\u00e3o profunda sobre a efemeridade da vida e a perman\u00eancia das imagens. A exposi\u00e7\u00e3o faz","canonical_url":"https:\/\/www.jornalja.com.br\/cultura\/acordei-ontem-ainda-era-hoje-na-exposicao-fotografica-de-fabio-del-re\/","robots":"max-image-preview:large","keywords":"","webmasterTools":{"miscellaneous":""},"schema":{"@context":"https:\/\/schema.org","@graph":[{"@type":"Article","@id":"https:\/\/www.jornalja.com.br\/cultura\/acordei-ontem-ainda-era-hoje-na-exposicao-fotografica-de-fabio-del-re\/#article","name":"\u2018Acordei ontem, ainda era hoje\u2019 na exposi\u00e7\u00e3o fotogr\u00e1fica de F\u00e1bio Del Re | Cultura","headline":"&#8216;Acordei ontem, ainda era hoje&#8217; na exposi\u00e7\u00e3o fotogr\u00e1fica de F\u00e1bio Del Re","author":{"@id":"https:\/\/www.jornalja.com.br\/cultura\/author\/daredacao\/#author"},"publisher":{"@id":"https:\/\/www.jornalja.com.br\/cultura\/#organization"},"image":{"@type":"ImageObject","url":"https:\/\/www.jornalja.com.br\/cultura\/wp-content\/uploads\/sites\/2\/2025\/02\/fabio-190223-191456delre-vivafoto.jpg","width":1611,"height":2362,"caption":"Foto de F\u00e1bio Del Re\/Divulga\u00e7\u00e3o"},"datePublished":"2025-02-25T18:55:34-03:00","dateModified":"2025-03-08T02:53:17-03:00","inLanguage":"pt-BR","mainEntityOfPage":{"@id":"https:\/\/www.jornalja.com.br\/cultura\/acordei-ontem-ainda-era-hoje-na-exposicao-fotografica-de-fabio-del-re\/#webpage"},"isPartOf":{"@id":"https:\/\/www.jornalja.com.br\/cultura\/acordei-ontem-ainda-era-hoje-na-exposicao-fotografica-de-fabio-del-re\/#webpage"},"articleSection":"Cultura-MAT\u00c9RIA"},{"@type":"BreadcrumbList","@id":"https:\/\/www.jornalja.com.br\/cultura\/acordei-ontem-ainda-era-hoje-na-exposicao-fotografica-de-fabio-del-re\/#breadcrumblist","itemListElement":[{"@type":"ListItem","@id":"https:\/\/www.jornalja.com.br\/cultura#listItem","position":1,"name":"Home","item":"https:\/\/www.jornalja.com.br\/cultura","nextItem":{"@type":"ListItem","@id":"https:\/\/www.jornalja.com.br\/cultura\/category\/materiasecundaria\/#listItem","name":"Cultura-MAT\u00c9RIA"}},{"@type":"ListItem","@id":"https:\/\/www.jornalja.com.br\/cultura\/category\/materiasecundaria\/#listItem","position":2,"name":"Cultura-MAT\u00c9RIA","item":"https:\/\/www.jornalja.com.br\/cultura\/category\/materiasecundaria\/","nextItem":{"@type":"ListItem","@id":"https:\/\/www.jornalja.com.br\/cultura\/acordei-ontem-ainda-era-hoje-na-exposicao-fotografica-de-fabio-del-re\/#listItem","name":"&#8216;Acordei ontem, ainda era hoje&#8217; na exposi\u00e7\u00e3o fotogr\u00e1fica de F\u00e1bio Del Re"},"previousItem":{"@type":"ListItem","@id":"https:\/\/www.jornalja.com.br\/cultura#listItem","name":"Home"}},{"@type":"ListItem","@id":"https:\/\/www.jornalja.com.br\/cultura\/acordei-ontem-ainda-era-hoje-na-exposicao-fotografica-de-fabio-del-re\/#listItem","position":3,"name":"&#8216;Acordei ontem, ainda era hoje&#8217; na exposi\u00e7\u00e3o fotogr\u00e1fica de F\u00e1bio Del Re","previousItem":{"@type":"ListItem","@id":"https:\/\/www.jornalja.com.br\/cultura\/category\/materiasecundaria\/#listItem","name":"Cultura-MAT\u00c9RIA"}}]},{"@type":"Organization","@id":"https:\/\/www.jornalja.com.br\/cultura\/#organization","name":"Jornal J\u00c1 Editora","description":"Jornal J\u00c1 | Porto Alegre","url":"https:\/\/www.jornalja.com.br\/cultura\/","telephone":"+555133307272","logo":{"@type":"ImageObject","url":"https:\/\/www.jornalja.com.br\/cultura\/wp-content\/uploads\/sites\/2\/2021\/05\/2020-logotipia-ja-35anos.jpg","@id":"https:\/\/www.jornalja.com.br\/cultura\/acordei-ontem-ainda-era-hoje-na-exposicao-fotografica-de-fabio-del-re\/#organizationLogo","width":1067,"height":800},"image":{"@id":"https:\/\/www.jornalja.com.br\/cultura\/acordei-ontem-ainda-era-hoje-na-exposicao-fotografica-de-fabio-del-re\/#organizationLogo"},"sameAs":["https:\/\/www.instagram.com\/jornaljapoa","https:\/\/www.youtube.com\/c\/JornalJ"]},{"@type":"Person","@id":"https:\/\/www.jornalja.com.br\/cultura\/author\/daredacao\/#author","url":"https:\/\/www.jornalja.com.br\/cultura\/author\/daredacao\/","name":"da Reda\u00e7\u00e3o","image":{"@type":"ImageObject","@id":"https:\/\/www.jornalja.com.br\/cultura\/acordei-ontem-ainda-era-hoje-na-exposicao-fotografica-de-fabio-del-re\/#authorImage","url":"https:\/\/secure.gravatar.com\/avatar\/469fd857d6605ad19919d27ed29d35a968a25f6e8fd9318356bbb7f57aae9c65?s=96&d=mm&r=g","width":96,"height":96,"caption":"da Reda\u00e7\u00e3o"}},{"@type":"WebPage","@id":"https:\/\/www.jornalja.com.br\/cultura\/acordei-ontem-ainda-era-hoje-na-exposicao-fotografica-de-fabio-del-re\/#webpage","url":"https:\/\/www.jornalja.com.br\/cultura\/acordei-ontem-ainda-era-hoje-na-exposicao-fotografica-de-fabio-del-re\/","name":"\u2018Acordei ontem, ainda era hoje\u2019 na exposi\u00e7\u00e3o fotogr\u00e1fica de F\u00e1bio Del Re | Cultura","description":"O fot\u00f3grafo F\u00e1bio Del Re inaugura no dia 15 de mar\u00e7o pr\u00f3ximo, s\u00e1bado, \u00e0s 17h, sua nova exposi\u00e7\u00e3o, \u201cAcordei ontem, ainda era hoje\u201d, no V744atelier. A mostra re\u00fane uma s\u00e9rie de trabalhos fotogr\u00e1ficos que exploram a interse\u00e7\u00e3o entre mem\u00f3ria, esquecimento e o tempo, criando uma reflex\u00e3o profunda sobre a efemeridade da vida e a perman\u00eancia das imagens. A exposi\u00e7\u00e3o faz","inLanguage":"pt-BR","isPartOf":{"@id":"https:\/\/www.jornalja.com.br\/cultura\/#website"},"breadcrumb":{"@id":"https:\/\/www.jornalja.com.br\/cultura\/acordei-ontem-ainda-era-hoje-na-exposicao-fotografica-de-fabio-del-re\/#breadcrumblist"},"author":{"@id":"https:\/\/www.jornalja.com.br\/cultura\/author\/daredacao\/#author"},"creator":{"@id":"https:\/\/www.jornalja.com.br\/cultura\/author\/daredacao\/#author"},"image":{"@type":"ImageObject","url":"https:\/\/www.jornalja.com.br\/cultura\/wp-content\/uploads\/sites\/2\/2025\/02\/fabio-190223-191456delre-vivafoto.jpg","@id":"https:\/\/www.jornalja.com.br\/cultura\/acordei-ontem-ainda-era-hoje-na-exposicao-fotografica-de-fabio-del-re\/#mainImage","width":1611,"height":2362,"caption":"Foto de F\u00e1bio Del Re\/Divulga\u00e7\u00e3o"},"primaryImageOfPage":{"@id":"https:\/\/www.jornalja.com.br\/cultura\/acordei-ontem-ainda-era-hoje-na-exposicao-fotografica-de-fabio-del-re\/#mainImage"},"datePublished":"2025-02-25T18:55:34-03:00","dateModified":"2025-03-08T02:53:17-03:00"},{"@type":"WebSite","@id":"https:\/\/www.jornalja.com.br\/cultura\/#website","url":"https:\/\/www.jornalja.com.br\/cultura\/","name":"Cultura","description":"Jornal J\u00c1 | Porto Alegre","inLanguage":"pt-BR","publisher":{"@id":"https:\/\/www.jornalja.com.br\/cultura\/#organization"}}]},"og:locale":"pt_BR","og:site_name":"Cultura","og:type":"article","og:title":"\u2018Acordei ontem, ainda era hoje\u2019 na exposi\u00e7\u00e3o fotogr\u00e1fica de F\u00e1bio Del Re | Cultura","og:description":"O fot\u00f3grafo F\u00e1bio Del Re inaugura no dia 15 de mar\u00e7o pr\u00f3ximo, s\u00e1bado, \u00e0s 17h, sua nova exposi\u00e7\u00e3o, \u201cAcordei ontem, ainda era hoje\u201d, no V744atelier. A mostra re\u00fane uma s\u00e9rie de trabalhos fotogr\u00e1ficos que exploram a interse\u00e7\u00e3o entre mem\u00f3ria, esquecimento e o tempo, criando uma reflex\u00e3o profunda sobre a efemeridade da vida e a perman\u00eancia das imagens. A exposi\u00e7\u00e3o faz","og:url":"https:\/\/www.jornalja.com.br\/cultura\/acordei-ontem-ainda-era-hoje-na-exposicao-fotografica-de-fabio-del-re\/","og:image":"https:\/\/www.jornalja.com.br\/cultura\/wp-content\/uploads\/sites\/2\/2025\/02\/fabio-01208-175307delre-vivafoto-228x300.jpg","og:image:secure_url":"https:\/\/www.jornalja.com.br\/cultura\/wp-content\/uploads\/sites\/2\/2025\/02\/fabio-01208-175307delre-vivafoto-228x300.jpg","article:published_time":"2025-02-25T21:55:34+00:00","article:modified_time":"2025-03-08T05:53:17+00:00","article:publisher":"https:\/\/www.facebook.com\/jornaljanaweb","twitter:card":"summary","twitter:site":"@jornal_ja","twitter:title":"\u2018Acordei ontem, ainda era hoje\u2019 na exposi\u00e7\u00e3o fotogr\u00e1fica de F\u00e1bio Del Re | Cultura","twitter:description":"O fot\u00f3grafo F\u00e1bio Del Re inaugura no dia 15 de mar\u00e7o pr\u00f3ximo, s\u00e1bado, \u00e0s 17h, sua nova exposi\u00e7\u00e3o, \u201cAcordei ontem, ainda era hoje\u201d, no V744atelier. A mostra re\u00fane uma s\u00e9rie de trabalhos fotogr\u00e1ficos que exploram a interse\u00e7\u00e3o entre mem\u00f3ria, esquecimento e o tempo, criando uma reflex\u00e3o profunda sobre a efemeridade da vida e a perman\u00eancia das imagens. A exposi\u00e7\u00e3o faz","twitter:image":"https:\/\/www.jornalja.com.br\/cultura\/wp-content\/uploads\/sites\/2\/2025\/02\/fabio-01208-175307delre-vivafoto-228x300.jpg"},"aioseo_meta_data":{"post_id":"90658","title":null,"description":null,"keywords":null,"keyphrases":{"focus":{"keyphrase":"","score":0,"analysis":{"keyphraseInTitle":{"score":0,"maxScore":9,"error":1}}},"additional":[]},"primary_term":null,"canonical_url":null,"og_title":null,"og_description":null,"og_object_type":"default","og_image_type":"default","og_image_url":null,"og_image_width":null,"og_image_height":null,"og_image_custom_url":null,"og_image_custom_fields":null,"og_video":"","og_custom_url":null,"og_article_section":null,"og_article_tags":null,"twitter_use_og":false,"twitter_card":"default","twitter_image_type":"default","twitter_image_url":null,"twitter_image_custom_url":null,"twitter_image_custom_fields":null,"twitter_title":null,"twitter_description":null,"schema":{"blockGraphs":[],"customGraphs":[],"default":{"data":{"Article":[],"Course":[],"Dataset":[],"FAQPage":[],"Movie":[],"Person":[],"Product":[],"ProductReview":[],"Car":[],"Recipe":[],"Service":[],"SoftwareApplication":[],"WebPage":[]},"graphName":"Article","isEnabled":true},"graphs":[]},"schema_type":"default","schema_type_options":null,"pillar_content":false,"robots_default":true,"robots_noindex":false,"robots_noarchive":false,"robots_nosnippet":false,"robots_nofollow":false,"robots_noimageindex":false,"robots_noodp":false,"robots_notranslate":false,"robots_max_snippet":"-1","robots_max_videopreview":"-1","robots_max_imagepreview":"large","priority":null,"frequency":"default","location":null,"local_seo":null,"breadcrumb_settings":null,"limit_modified_date":false,"ai":null,"created":"2025-02-25 21:40:18","updated":"2025-06-04 14:35:24","seo_analyzer_scan_date":null,"focus_keyword":null,"additional_keywords":null,"truseo_locale":null},"jetpack_publicize_connections":[],"jetpack-related-posts":[{"id":73295,"url":"https:\/\/www.jornalja.com.br\/cultura\/visoes-da-redencao-em-desenhos-gravuras-e-pinturas-de-ibere-camargo\/","url_meta":{"origin":90658,"position":0},"title":"Vis\u00f5es da Reden\u00e7\u00e3o em desenhos, gravuras e pinturas de Iber\u00ea Camargo","author":"da Reda\u00e7\u00e3o","date":"14 de mar\u00e7o de 2019","format":false,"excerpt":"A exposi\u00e7\u00e3o Vis\u00f5es da Reden\u00e7\u00e3o apresenta um recorte de 77 obras de Iber\u00ea Camargo (66 desenhos, tr\u00eas gravuras e oito pinturas) de \u00e1rvores e frequentadores do parque, que se desdobraram nas famosas s\u00e9ries Fantasmagoria e Ciclistas. Para celebrar os 247 anos de Porto Alegre, a Funda\u00e7\u00e3o Iber\u00ea inaugura no s\u00e1bado,\u2026","rel":"","context":"Em &quot;Cultura-MAT\u00c9RIA&quot;","block_context":{"text":"Cultura-MAT\u00c9RIA","link":"https:\/\/www.jornalja.com.br\/cultura\/category\/materiasecundaria\/"},"img":{"alt_text":"","src":"https:\/\/i0.wp.com\/www.jornalja.com.br\/wp-content\/uploads\/2019\/03\/exposi%C3%A7%C3%A3o-Vis%C3%B5es-da-Reden%C3%A7%C3%A3o-Foto-R%C3%B4mulo-Fialdini-450x319.jpg?resize=350%2C200&ssl=1","width":350,"height":200},"classes":[]},{"id":84092,"url":"https:\/\/www.jornalja.com.br\/cultura\/projeto-arte-contemporanea-apresenta-o-catalogo-do-acervo-do-macrs\/","url_meta":{"origin":90658,"position":1},"title":"Projeto\u00a0Arte Contempor\u00e2nea apresenta o Cat\u00e1logo do Acervo do MACRS","author":"Higino Barros","date":"18 de junho de 2021","format":false,"excerpt":"Est\u00e1 pronto e com lan\u00e7amento confirmado o cat\u00e1logo geral das obras do acervo do Museu de Arte Contempor\u00e2nea do Rio Grande do Sul \u2013 MACRS, equipamento cultural p\u00fablico vinculado \u00e0 Secretaria de Estado da Cultura. O evento, respeitando as normas de controle sanit\u00e1rio e distanciamento social, ser\u00e1 dia 26 de\u2026","rel":"","context":"Em &quot;Cultura-MAT\u00c9RIA&quot;","block_context":{"text":"Cultura-MAT\u00c9RIA","link":"https:\/\/www.jornalja.com.br\/cultura\/category\/materiasecundaria\/"},"img":{"alt_text":"","src":"https:\/\/i0.wp.com\/www.jornalja.com.br\/cultura\/wp-content\/uploads\/sites\/2\/2021\/06\/mac-1022-nuno-ramos-sem-titulo.jpg?resize=350%2C200&ssl=1","width":350,"height":200,"srcset":"https:\/\/i0.wp.com\/www.jornalja.com.br\/cultura\/wp-content\/uploads\/sites\/2\/2021\/06\/mac-1022-nuno-ramos-sem-titulo.jpg?resize=350%2C200&ssl=1 1x, https:\/\/i0.wp.com\/www.jornalja.com.br\/cultura\/wp-content\/uploads\/sites\/2\/2021\/06\/mac-1022-nuno-ramos-sem-titulo.jpg?resize=525%2C300&ssl=1 1.5x, https:\/\/i0.wp.com\/www.jornalja.com.br\/cultura\/wp-content\/uploads\/sites\/2\/2021\/06\/mac-1022-nuno-ramos-sem-titulo.jpg?resize=700%2C400&ssl=1 2x, https:\/\/i0.wp.com\/www.jornalja.com.br\/cultura\/wp-content\/uploads\/sites\/2\/2021\/06\/mac-1022-nuno-ramos-sem-titulo.jpg?resize=1050%2C600&ssl=1 3x, https:\/\/i0.wp.com\/www.jornalja.com.br\/cultura\/wp-content\/uploads\/sites\/2\/2021\/06\/mac-1022-nuno-ramos-sem-titulo.jpg?resize=1400%2C800&ssl=1 4x"},"classes":[]},{"id":89939,"url":"https:\/\/www.jornalja.com.br\/cultura\/fabio-andre-rheinheimer-revisita-trajetoria-como-artista-com-a-exposicao-portfoliona-az-galeria\/","url_meta":{"origin":90658,"position":2},"title":"F\u00e1bio Andr\u00e9 Rheinheimer revisita trajet\u00f3ria como artista com a exposi\u00e7\u00e3o &#8220;Portf\u00f3lio&#8221;","author":"da Reda\u00e7\u00e3o","date":"24 de setembro de 2024","format":false,"excerpt":"\"Portf\u00f3lio\" abre no dia 5 de outubro, \u00e0s 11h, e pode ser visitada at\u00e9 5 de novembro,\u00a0na rua Casemiro de Abreu, 1412, bairro Bela Vista \u00a0 Nos\u00a0\u00faltimos 37 anos, o\u00a0artista visual, arquiteto e curador F\u00e1bio Andr\u00e9 Rheinheimer\u00a0tem mergulhado em uma pesquisa em fotografia, desenho, pintura e objetos tridimensionais. Dessa imers\u00e3o,\u2026","rel":"","context":"Em &quot;Cultura-MAT\u00c9RIA&quot;","block_context":{"text":"Cultura-MAT\u00c9RIA","link":"https:\/\/www.jornalja.com.br\/cultura\/category\/materiasecundaria\/"},"img":{"alt_text":"","src":"https:\/\/i0.wp.com\/www.jornalja.com.br\/cultura\/wp-content\/uploads\/sites\/2\/2024\/09\/andre-rheinheimer1-foto-juliana-baratojo-scaled.jpg?resize=350%2C200&ssl=1","width":350,"height":200,"srcset":"https:\/\/i0.wp.com\/www.jornalja.com.br\/cultura\/wp-content\/uploads\/sites\/2\/2024\/09\/andre-rheinheimer1-foto-juliana-baratojo-scaled.jpg?resize=350%2C200&ssl=1 1x, https:\/\/i0.wp.com\/www.jornalja.com.br\/cultura\/wp-content\/uploads\/sites\/2\/2024\/09\/andre-rheinheimer1-foto-juliana-baratojo-scaled.jpg?resize=525%2C300&ssl=1 1.5x, https:\/\/i0.wp.com\/www.jornalja.com.br\/cultura\/wp-content\/uploads\/sites\/2\/2024\/09\/andre-rheinheimer1-foto-juliana-baratojo-scaled.jpg?resize=700%2C400&ssl=1 2x, https:\/\/i0.wp.com\/www.jornalja.com.br\/cultura\/wp-content\/uploads\/sites\/2\/2024\/09\/andre-rheinheimer1-foto-juliana-baratojo-scaled.jpg?resize=1050%2C600&ssl=1 3x, https:\/\/i0.wp.com\/www.jornalja.com.br\/cultura\/wp-content\/uploads\/sites\/2\/2024\/09\/andre-rheinheimer1-foto-juliana-baratojo-scaled.jpg?resize=1400%2C800&ssl=1 4x"},"classes":[]},{"id":82838,"url":"https:\/\/www.jornalja.com.br\/cultura\/multiplos-olhares-em-exposicao-virtual-de-11-fotografos\/","url_meta":{"origin":90658,"position":3},"title":"&#8220;M\u00faltiplos olhares&#8221; em exposi\u00e7\u00e3o virtual de 11 fot\u00f3grafos","author":"da Reda\u00e7\u00e3o","date":"8 de outubro de 2020","format":false,"excerpt":"Com\u00a0\u00e0 proposta de celebrar a diversidade da fotografia em tempos de\u00a0Covid\u00a019, a\u00a04\u00aa edi\u00e7\u00e3o do Projeto\u00a0M\u00faltiplos Olhares transborda para al\u00e9m dos limites usuais de uma mostra meramente virtual e se transforma em Galeria M\u00faltiplos Olhares, com obras em grandes dimens\u00f5es de 11 fot\u00f3grafos ga\u00fachos. O projeto de arquitetura \u00e9 do curador\u00a0da\u2026","rel":"","context":"Em &quot;Cultura-MAT\u00c9RIA&quot;","block_context":{"text":"Cultura-MAT\u00c9RIA","link":"https:\/\/www.jornalja.com.br\/cultura\/category\/materiasecundaria\/"},"img":{"alt_text":"","src":"https:\/\/i0.wp.com\/www.jornalja.com.br\/cultura\/wp-content\/uploads\/sites\/2\/2020\/10\/exposicao-helena-stainer.jpg?resize=350%2C200&ssl=1","width":350,"height":200,"srcset":"https:\/\/i0.wp.com\/www.jornalja.com.br\/cultura\/wp-content\/uploads\/sites\/2\/2020\/10\/exposicao-helena-stainer.jpg?resize=350%2C200&ssl=1 1x, https:\/\/i0.wp.com\/www.jornalja.com.br\/cultura\/wp-content\/uploads\/sites\/2\/2020\/10\/exposicao-helena-stainer.jpg?resize=525%2C300&ssl=1 1.5x, https:\/\/i0.wp.com\/www.jornalja.com.br\/cultura\/wp-content\/uploads\/sites\/2\/2020\/10\/exposicao-helena-stainer.jpg?resize=700%2C400&ssl=1 2x, https:\/\/i0.wp.com\/www.jornalja.com.br\/cultura\/wp-content\/uploads\/sites\/2\/2020\/10\/exposicao-helena-stainer.jpg?resize=1050%2C600&ssl=1 3x"},"classes":[]},{"id":75109,"url":"https:\/\/www.jornalja.com.br\/cultura\/conexoes-contemporaneas-na-fotografia-de-gutemberg-ostemberg\/","url_meta":{"origin":90658,"position":4},"title":"&quot;Conex\u00f5es Contempor\u00e2neas&quot; na fotografia de Gutemberg Ostemberg","author":"da Reda\u00e7\u00e3o","date":"27 de junho de 2019","format":false,"excerpt":"O fot\u00f3grafo Gutemberg Ostemberg apresenta a exposi\u00e7\u00e3o \"Conex\u00f5es Contempor\u00e2neas\", no Espa\u00e7o Cultural Correios (Av. Sete de Setembro, 1020, Centro Hist\u00f3rico, Porto Alegre), a partir de 29 de junho, com coquetel para convidados das 16h \u00e0s 18h. Depois, a exposi\u00e7\u00e3o segue em cartaz at\u00e9 o dia 28 de julho. A partir\u2026","rel":"","context":"Em &quot;Cultura-MAT\u00c9RIA&quot;","block_context":{"text":"Cultura-MAT\u00c9RIA","link":"https:\/\/www.jornalja.com.br\/cultura\/category\/materiasecundaria\/"},"img":{"alt_text":"","src":"https:\/\/i0.wp.com\/www.jornalja.com.br\/wp-content\/uploads\/2019\/06\/arte-Foto-9-Mont-Blanc-I-300x450.jpg?resize=350%2C200&ssl=1","width":350,"height":200},"classes":[]},{"id":86590,"url":"https:\/\/www.jornalja.com.br\/cultura\/fotografias-com-alma-e-graca-na-exposicao-ir-real-2-de-marcos-monteiro\/","url_meta":{"origin":90658,"position":5},"title":"Fotografias com alma e gra\u00e7a, na exposi\u00e7\u00e3o \u201cIr-Real 2 \u201d, de Marcos Monteiro","author":"da Reda\u00e7\u00e3o","date":"1 de setembro de 2022","format":false,"excerpt":"\u00a0 O fot\u00f3grafo e produtor cultural Marcos Monteiro abre dia seis, ter\u00e7a-feira, na Galeria Escadaria, no Viaduto Ot\u00e1vio Rocha, onde \u00e9 curador, sua nova exposi\u00e7\u00e3o \u201cIr-Real 2\u201d, que fica no local de tr\u00eas de setembro a 31 de outubro. A mesma mostra ser\u00e1 levada para a Galeria de Arte Restinga,\u2026","rel":"","context":"Em &quot;Cultura-MAT\u00c9RIA&quot;","block_context":{"text":"Cultura-MAT\u00c9RIA","link":"https:\/\/www.jornalja.com.br\/cultura\/category\/materiasecundaria\/"},"img":{"alt_text":"","src":"https:\/\/i0.wp.com\/www.jornalja.com.br\/cultura\/wp-content\/uploads\/sites\/2\/2022\/09\/marcos-9.jpg?resize=350%2C200&ssl=1","width":350,"height":200,"srcset":"https:\/\/i0.wp.com\/www.jornalja.com.br\/cultura\/wp-content\/uploads\/sites\/2\/2022\/09\/marcos-9.jpg?resize=350%2C200&ssl=1 1x, https:\/\/i0.wp.com\/www.jornalja.com.br\/cultura\/wp-content\/uploads\/sites\/2\/2022\/09\/marcos-9.jpg?resize=525%2C300&ssl=1 1.5x, https:\/\/i0.wp.com\/www.jornalja.com.br\/cultura\/wp-content\/uploads\/sites\/2\/2022\/09\/marcos-9.jpg?resize=700%2C400&ssl=1 2x"},"classes":[]}],"jetpack_shortlink":"https:\/\/wp.me\/pbKnZc-nAe","jetpack_sharing_enabled":true,"jetpack_featured_media_url":"https:\/\/www.jornalja.com.br\/cultura\/wp-content\/uploads\/sites\/2\/2025\/02\/fabio-190223-191456delre-vivafoto.jpg","_links":{"self":[{"href":"https:\/\/www.jornalja.com.br\/cultura\/wp-json\/wp\/v2\/posts\/90658","targetHints":{"allow":["GET"]}}],"collection":[{"href":"https:\/\/www.jornalja.com.br\/cultura\/wp-json\/wp\/v2\/posts"}],"about":[{"href":"https:\/\/www.jornalja.com.br\/cultura\/wp-json\/wp\/v2\/types\/post"}],"author":[{"embeddable":true,"href":"https:\/\/www.jornalja.com.br\/cultura\/wp-json\/wp\/v2\/users\/4"}],"replies":[{"embeddable":true,"href":"https:\/\/www.jornalja.com.br\/cultura\/wp-json\/wp\/v2\/comments?post=90658"}],"version-history":[{"count":1,"href":"https:\/\/www.jornalja.com.br\/cultura\/wp-json\/wp\/v2\/posts\/90658\/revisions"}],"predecessor-version":[{"id":90665,"href":"https:\/\/www.jornalja.com.br\/cultura\/wp-json\/wp\/v2\/posts\/90658\/revisions\/90665"}],"wp:featuredmedia":[{"embeddable":true,"href":"https:\/\/www.jornalja.com.br\/cultura\/wp-json\/wp\/v2\/media\/90660"}],"wp:attachment":[{"href":"https:\/\/www.jornalja.com.br\/cultura\/wp-json\/wp\/v2\/media?parent=90658"}],"wp:term":[{"taxonomy":"category","embeddable":true,"href":"https:\/\/www.jornalja.com.br\/cultura\/wp-json\/wp\/v2\/categories?post=90658"},{"taxonomy":"post_tag","embeddable":true,"href":"https:\/\/www.jornalja.com.br\/cultura\/wp-json\/wp\/v2\/tags?post=90658"}],"curies":[{"name":"wp","href":"https:\/\/api.w.org\/{rel}","templated":true}]}}