{"id":91270,"date":"2025-08-14T16:29:08","date_gmt":"2025-08-14T19:29:08","guid":{"rendered":"https:\/\/www.jornalja.com.br\/cultura\/?p=91270"},"modified":"2025-08-14T16:29:08","modified_gmt":"2025-08-14T19:29:08","slug":"plano-diretor-e-um-pacto-que-todos-devem-fazer-parte-de-sua-construcao","status":"publish","type":"post","link":"https:\/\/www.jornalja.com.br\/cultura\/plano-diretor-e-um-pacto-que-todos-devem-fazer-parte-de-sua-construcao\/","title":{"rendered":"Plano Diretor \u00e9 um pacto que todos devem fazer parte de sua constru\u00e7\u00e3o."},"content":{"rendered":"<p>Adeli Sell<\/p>\n<p>A Prefeitura Municipal de Porto Alegre em seu s\u00edtio eletr\u00f4nico ao apresentar o tema da REVIS\u00c3O DO PLANO DIRETOR nos diz que:<br \/>\n\u201cMais do que uma Lei, o Plano Diretor \u00e9 um pacto entre a<br \/>\nsociedade, o Estado (enquanto entidade t\u00e9cnica que deve<br \/>\ntrabalhar para concretizar o pacto) e os governos (atual e os que vir\u00e3o at\u00e9 2030). Ele influi em quest\u00f5es como o tempo que gastamos para nos deslocar na cidade, a seguran\u00e7a, a qualidade de vida e a capacidade de preven\u00e7\u00e3o a eventos clim\u00e1ticos extremos. E, para garantirmos a manuten\u00e7\u00e3o desse pacto ao longo da d\u00e9cada, \u00e9 fundamental que todos fa\u00e7am parte de sua constru\u00e7\u00e3o.\u201d<\/p>\n<p>Neste mesmo espa\u00e7o, os gestores locais sinalizam os passos que foram dados de 2016 at\u00e9 hoje, como as v\u00e1rias consultorias, mesmo n\u00e3o se pronunciando sobre seus resultados, reuni\u00e3o tem\u00e1ticas etc.<br \/>\nPACTO<br \/>\nSim, n\u00e3o d\u00e1 para negar que o resultado do Plano Diretor seja um pacto, j\u00e1 que tem um aval final do poder legislativo local, que deve ser a representa\u00e7\u00e3o do todo da sociedade.<br \/>\nMas para come\u00e7ar a realizar um pacto, como reza a lei para fazer e revisar o Plano ela tem que ter havido ampla e democr\u00e1tica participa\u00e7\u00e3o popular.<br \/>\nA realiza\u00e7\u00e3o de uma audi\u00eancia p\u00fablica num s\u00e1bado, com<br \/>\ndecis\u00e3o no dia anterior de sua suspens\u00e3o pela Justi\u00e7a e depois \u00e0 noite uma decis\u00e3o da cassa\u00e7\u00e3o da decis\u00e3o, numa verdadeira dan\u00e7a de canetas, n\u00e3o pode ser tida como a forma mais ampla e participativa para o povo.<\/p>\n<p>Porto Alegre tem oito Regi\u00f5es de Planejamento com seus<br \/>\nrepresentantes eleitos pela participa\u00e7\u00e3o popular, ampla ou n\u00e3o, mas tem.<\/p>\n<p>Em nenhuma destas foi realizada uma atividade aberta em qualquer momento. Como somos uma sociedade que gira 24 horas por dia, as plen\u00e1rias deveriam ser em hor\u00e1rios diferentes para o povo poder<br \/>\nparticipar. Ademais, nenhuma atividade foi chamada par debater o que chamamos de corredores de desenvolvimento como o econ\u00f4mico, cultural e ecol\u00f3gico. Logo, mais uma falha. Logo, este tal pacto posto e falado pelos gestores locais deve ser questionado.<\/p>\n<p><strong>* Adeli Sell \u00e9 professor, escritor e bacharel em Direito.<\/strong><\/p>\n","protected":false},"excerpt":{"rendered":"<p>Adeli Sell A Prefeitura Municipal de Porto Alegre em seu s\u00edtio eletr\u00f4nico ao apresentar o tema da REVIS\u00c3O DO PLANO DIRETOR nos diz que: \u201cMais do que uma Lei, o Plano Diretor \u00e9 um pacto entre a sociedade, o Estado (enquanto entidade t\u00e9cnica que deve trabalhar para concretizar o pacto) e os governos (atual e [&hellip;]<\/p>\n","protected":false},"author":3,"featured_media":0,"comment_status":"closed","ping_status":"open","sticky":false,"template":"","format":"standard","meta":{"jetpack_post_was_ever_published":false,"_jetpack_newsletter_access":"","_jetpack_dont_email_post_to_subs":false,"_jetpack_newsletter_tier_id":0,"_jetpack_memberships_contains_paywalled_content":false,"_jetpack_memberships_contains_paid_content":false,"footnotes":"","jetpack_publicize_message":"","jetpack_publicize_feature_enabled":true,"jetpack_social_post_already_shared":true,"jetpack_social_options":{"image_generator_settings":{"template":"highway","default_image_id":0,"font":"","enabled":false},"version":2}},"categories":[53],"tags":[],"class_list":["post-91270","post","type-post","status-publish","format-standard","hentry","category-analiseopiniao"],"aioseo_notices":[],"jetpack_publicize_connections":[],"jetpack_featured_media_url":"","jetpack-related-posts":[{"id":92026,"url":"https:\/\/www.jornalja.com.br\/cultura\/feminicidio-artista-visual-graca-craidy-ha-11-anos-produz-obras-sobre-violencia-contra-a-mulher\/","url_meta":{"origin":91270,"position":0},"title":"Feminic\u00eddio &#8211; Artista visual Gra\u00e7a Craidy h\u00e1 11 anos produz obras sobre viol\u00eancia contra a mulher","author":"da Reda\u00e7\u00e3o","date":"3 de mar\u00e7o de 2026","format":false,"excerpt":"A artista visual ga\u00facha Gra\u00e7a Craidy produziu, a partir de 2015, uma cole\u00e7\u00e3o com cerca de 60 obras sobre feminic\u00eddio e viol\u00eancia contra a mulher, a fim de denunciar esses tipos de crimes e ajudar a conscientizar a popula\u00e7\u00e3o em favor do fim dessas pr\u00e1ticas delituosas. Com mais de 20\u2026","rel":"","context":"Em &quot;Cultura-MAT\u00c9RIA&quot;","block_context":{"text":"Cultura-MAT\u00c9RIA","link":"https:\/\/www.jornalja.com.br\/cultura\/category\/materiasecundaria\/"},"img":{"alt_text":"","src":"https:\/\/i0.wp.com\/www.jornalja.com.br\/cultura\/wp-content\/uploads\/sites\/2\/2026\/03\/graca-3mulher-agredida-obra-de-graca-craidy-scaled.jpg?resize=350%2C200&ssl=1","width":350,"height":200,"srcset":"https:\/\/i0.wp.com\/www.jornalja.com.br\/cultura\/wp-content\/uploads\/sites\/2\/2026\/03\/graca-3mulher-agredida-obra-de-graca-craidy-scaled.jpg?resize=350%2C200&ssl=1 1x, https:\/\/i0.wp.com\/www.jornalja.com.br\/cultura\/wp-content\/uploads\/sites\/2\/2026\/03\/graca-3mulher-agredida-obra-de-graca-craidy-scaled.jpg?resize=525%2C300&ssl=1 1.5x, https:\/\/i0.wp.com\/www.jornalja.com.br\/cultura\/wp-content\/uploads\/sites\/2\/2026\/03\/graca-3mulher-agredida-obra-de-graca-craidy-scaled.jpg?resize=700%2C400&ssl=1 2x, https:\/\/i0.wp.com\/www.jornalja.com.br\/cultura\/wp-content\/uploads\/sites\/2\/2026\/03\/graca-3mulher-agredida-obra-de-graca-craidy-scaled.jpg?resize=1050%2C600&ssl=1 3x, https:\/\/i0.wp.com\/www.jornalja.com.br\/cultura\/wp-content\/uploads\/sites\/2\/2026\/03\/graca-3mulher-agredida-obra-de-graca-craidy-scaled.jpg?resize=1400%2C800&ssl=1 4x"},"classes":[]},{"id":89501,"url":"https:\/\/www.jornalja.com.br\/cultura\/margs-poe-em-pratica-plano-de-recuperacao-de-danos-causados-pela-enchentes\/","url_meta":{"origin":91270,"position":1},"title":"MARGS p\u00f5e em pr\u00e1tica plano de recupera\u00e7\u00e3o de danos causados pela enchentes","author":"da Reda\u00e7\u00e3o","date":"4 de junho de 2024","format":false,"excerpt":"\u00a0 O Museu de Arte do Rio Grande do Sul (MARGS), institui\u00e7\u00e3o vinculada \u00e0 Secretaria de Estado da Cultura (Sedac), deu in\u00edcio ao plano de recupera\u00e7\u00e3o de danos causados pela trag\u00e9dia clim\u00e1tica que assolou o Estado no m\u00eas de maio. A opera\u00e7\u00e3o, conduzida por especialistas \u2014 entre eles restauradores e\u2026","rel":"","context":"Em &quot;Cultura-MAT\u00c9RIA&quot;","block_context":{"text":"Cultura-MAT\u00c9RIA","link":"https:\/\/www.jornalja.com.br\/cultura\/category\/materiasecundaria\/"},"img":{"alt_text":"","src":"https:\/\/i0.wp.com\/www.jornalja.com.br\/cultura\/wp-content\/uploads\/sites\/2\/2024\/06\/copia-de-img-3716-scaled.jpg?resize=350%2C200&ssl=1","width":350,"height":200,"srcset":"https:\/\/i0.wp.com\/www.jornalja.com.br\/cultura\/wp-content\/uploads\/sites\/2\/2024\/06\/copia-de-img-3716-scaled.jpg?resize=350%2C200&ssl=1 1x, https:\/\/i0.wp.com\/www.jornalja.com.br\/cultura\/wp-content\/uploads\/sites\/2\/2024\/06\/copia-de-img-3716-scaled.jpg?resize=525%2C300&ssl=1 1.5x, https:\/\/i0.wp.com\/www.jornalja.com.br\/cultura\/wp-content\/uploads\/sites\/2\/2024\/06\/copia-de-img-3716-scaled.jpg?resize=700%2C400&ssl=1 2x, https:\/\/i0.wp.com\/www.jornalja.com.br\/cultura\/wp-content\/uploads\/sites\/2\/2024\/06\/copia-de-img-3716-scaled.jpg?resize=1050%2C600&ssl=1 3x, https:\/\/i0.wp.com\/www.jornalja.com.br\/cultura\/wp-content\/uploads\/sites\/2\/2024\/06\/copia-de-img-3716-scaled.jpg?resize=1400%2C800&ssl=1 4x"},"classes":[]},{"id":81727,"url":"https:\/\/www.jornalja.com.br\/cultura\/espetaculos-de-danca-e-circo-na-travessa-dos-cataventos-da-ccmq\/","url_meta":{"origin":91270,"position":2},"title":"Espet\u00e1culos de dan\u00e7a e circo na Travessa dos Cataventos da CCMQ","author":"da Reda\u00e7\u00e3o","date":"11 de mar\u00e7o de 2020","format":false,"excerpt":"\u00a0 A Travessa dos Cataventos, no cora\u00e7\u00e3o da Casa de Cultura Mario Quintana (CCMQ), recebe quatro espet\u00e1culos, entre os dias 17 e 27 de mar\u00e7o. Os eventos fazem parte dos projetos \u201cCirquintana\u201d e \u201cA Casa Dan\u00e7a\u201d, que integram o Plano Anual de Atividades da CCMQ. A programa\u00e7\u00e3o tem entrada gratuita\u2026","rel":"","context":"Em &quot;Cultura-MAT\u00c9RIA&quot;","block_context":{"text":"Cultura-MAT\u00c9RIA","link":"https:\/\/www.jornalja.com.br\/cultura\/category\/materiasecundaria\/"},"img":{"alt_text":"","src":"https:\/\/i0.wp.com\/www.jornalja.com.br\/cultura\/wp-content\/uploads\/sites\/2\/2020\/03\/arte-CCMQ_Capa_MAR20_sobretudo.png?resize=350%2C200&ssl=1","width":350,"height":200,"srcset":"https:\/\/i0.wp.com\/www.jornalja.com.br\/cultura\/wp-content\/uploads\/sites\/2\/2020\/03\/arte-CCMQ_Capa_MAR20_sobretudo.png?resize=350%2C200&ssl=1 1x, https:\/\/i0.wp.com\/www.jornalja.com.br\/cultura\/wp-content\/uploads\/sites\/2\/2020\/03\/arte-CCMQ_Capa_MAR20_sobretudo.png?resize=525%2C300&ssl=1 1.5x, https:\/\/i0.wp.com\/www.jornalja.com.br\/cultura\/wp-content\/uploads\/sites\/2\/2020\/03\/arte-CCMQ_Capa_MAR20_sobretudo.png?resize=700%2C400&ssl=1 2x"},"classes":[]},{"id":88894,"url":"https:\/\/www.jornalja.com.br\/cultura\/sangue-e-pudins-de-luciano-alabarse-com-violencia-de-todas-as-formas-estreia-em-janeiro\/","url_meta":{"origin":91270,"position":3},"title":"&#8220;Sangue e Pudins&#8221;, de Luciano Alabarse, com viol\u00eancia de todas as formas, estreia em janeiro","author":"da Reda\u00e7\u00e3o","date":"22 de dezembro de 2023","format":false,"excerpt":"\u00a0 Viol\u00eancia expl\u00edcita. Viol\u00eancia psicol\u00f3gica. Viol\u00eancia urbana. Viol\u00eancia disfar\u00e7ada. Viol\u00eancia impl\u00edcita. Viol\u00eancia de todas as formas.\u00a0 \u00c9 assim \u201cSangue e Pudins\u201d, o novo espet\u00e1culo de\u00a0Luciano Alabarse, que estreia dia 16 de janeiro, \u00e0s\u00a020h30min, no\u00a0Teatro Renascen\u00e7a\u00a0(Av. \u00c9rico Ver\u00edssimo, 307 - Menino Deus). A montagem escrita pelo diretor ga\u00facho \u00e9 uma adapta\u00e7\u00e3o\u2026","rel":"","context":"Em &quot;Cultura-MAT\u00c9RIA&quot;","block_context":{"text":"Cultura-MAT\u00c9RIA","link":"https:\/\/www.jornalja.com.br\/cultura\/category\/materiasecundaria\/"},"img":{"alt_text":"","src":"https:\/\/i0.wp.com\/www.jornalja.com.br\/cultura\/wp-content\/uploads\/sites\/2\/2023\/12\/teatro-dsc2686-01-scaled.jpeg?resize=350%2C200&ssl=1","width":350,"height":200,"srcset":"https:\/\/i0.wp.com\/www.jornalja.com.br\/cultura\/wp-content\/uploads\/sites\/2\/2023\/12\/teatro-dsc2686-01-scaled.jpeg?resize=350%2C200&ssl=1 1x, https:\/\/i0.wp.com\/www.jornalja.com.br\/cultura\/wp-content\/uploads\/sites\/2\/2023\/12\/teatro-dsc2686-01-scaled.jpeg?resize=525%2C300&ssl=1 1.5x, https:\/\/i0.wp.com\/www.jornalja.com.br\/cultura\/wp-content\/uploads\/sites\/2\/2023\/12\/teatro-dsc2686-01-scaled.jpeg?resize=700%2C400&ssl=1 2x, https:\/\/i0.wp.com\/www.jornalja.com.br\/cultura\/wp-content\/uploads\/sites\/2\/2023\/12\/teatro-dsc2686-01-scaled.jpeg?resize=1050%2C600&ssl=1 3x, https:\/\/i0.wp.com\/www.jornalja.com.br\/cultura\/wp-content\/uploads\/sites\/2\/2023\/12\/teatro-dsc2686-01-scaled.jpeg?resize=1400%2C800&ssl=1 4x"},"classes":[]}],"jetpack_shortlink":"https:\/\/wp.me\/pbKnZc-nK6","jetpack_sharing_enabled":true,"_links":{"self":[{"href":"https:\/\/www.jornalja.com.br\/cultura\/wp-json\/wp\/v2\/posts\/91270","targetHints":{"allow":["GET"]}}],"collection":[{"href":"https:\/\/www.jornalja.com.br\/cultura\/wp-json\/wp\/v2\/posts"}],"about":[{"href":"https:\/\/www.jornalja.com.br\/cultura\/wp-json\/wp\/v2\/types\/post"}],"author":[{"embeddable":true,"href":"https:\/\/www.jornalja.com.br\/cultura\/wp-json\/wp\/v2\/users\/3"}],"replies":[{"embeddable":true,"href":"https:\/\/www.jornalja.com.br\/cultura\/wp-json\/wp\/v2\/comments?post=91270"}],"version-history":[{"count":1,"href":"https:\/\/www.jornalja.com.br\/cultura\/wp-json\/wp\/v2\/posts\/91270\/revisions"}],"predecessor-version":[{"id":91271,"href":"https:\/\/www.jornalja.com.br\/cultura\/wp-json\/wp\/v2\/posts\/91270\/revisions\/91271"}],"wp:attachment":[{"href":"https:\/\/www.jornalja.com.br\/cultura\/wp-json\/wp\/v2\/media?parent=91270"}],"wp:term":[{"taxonomy":"category","embeddable":true,"href":"https:\/\/www.jornalja.com.br\/cultura\/wp-json\/wp\/v2\/categories?post=91270"},{"taxonomy":"post_tag","embeddable":true,"href":"https:\/\/www.jornalja.com.br\/cultura\/wp-json\/wp\/v2\/tags?post=91270"}],"curies":[{"name":"wp","href":"https:\/\/api.w.org\/{rel}","templated":true}]}}