{"id":91323,"date":"2025-08-28T17:18:14","date_gmt":"2025-08-28T20:18:14","guid":{"rendered":"https:\/\/www.jornalja.com.br\/cultura\/?p=91323"},"modified":"2025-08-28T17:18:14","modified_gmt":"2025-08-28T20:18:14","slug":"doenca-de-alzheimer-e-tema-de-exposicao-da-artista-visual-graca-craidy","status":"publish","type":"post","link":"https:\/\/www.jornalja.com.br\/cultura\/doenca-de-alzheimer-e-tema-de-exposicao-da-artista-visual-graca-craidy\/","title":{"rendered":"Doen\u00e7a de Alzheimer \u00e9 tema de exposi\u00e7\u00e3o da artista visual Gra\u00e7a Craidy"},"content":{"rendered":"<p><em>Mostra da artista visual ga\u00facha ser\u00e1 aberta ter\u00e7a-feira, 2 de setembro, <\/em><em>m\u00eas mundial de conscientiza\u00e7\u00e3o sobre esse transtorno neurodegenerativo, no Memorial do MPRS<\/em><\/p>\n<p>A exposi\u00e7\u00e3o &#8220;<em>Saudade de mim &#8211; ensaio sobre a mem\u00f3ria<\/em>,&#8221; da artista visual Gra\u00e7a Craidy, apresenta 20 pinturas que abordam poeticamente as altera\u00e7\u00f5es de mem\u00f3ria causadas pela Doen\u00e7a de Alzheimer. A mostra ser\u00e1 aberta na ter\u00e7a-feira, 2 de setembro, m\u00eas mundial de conscientiza\u00e7\u00e3o sobre o Alzheimer, no Memorial do Minist\u00e9rio P\u00fablico do Rio Grande do Sul, em Porto Alegre.<\/p>\n<figure id=\"attachment_91328\" aria-describedby=\"caption-attachment-91328\" style=\"width: 225px\" class=\"wp-caption alignnone\"><img decoding=\"async\" data-attachment-id=\"91328\" data-permalink=\"https:\/\/www.jornalja.com.br\/cultura\/doenca-de-alzheimer-e-tema-de-exposicao-da-artista-visual-graca-craidy\/graca-6-saudade-dos-filhos\/\" data-orig-file=\"https:\/\/www.jornalja.com.br\/cultura\/wp-content\/uploads\/sites\/2\/2025\/08\/graca-6saudade-dos-filhos-scaled.jpg\" data-orig-size=\"1920,2560\" data-comments-opened=\"0\" data-image-meta=\"{&quot;aperture&quot;:&quot;0&quot;,&quot;credit&quot;:&quot;&quot;,&quot;camera&quot;:&quot;&quot;,&quot;caption&quot;:&quot;&quot;,&quot;created_timestamp&quot;:&quot;0&quot;,&quot;copyright&quot;:&quot;&quot;,&quot;focal_length&quot;:&quot;0&quot;,&quot;iso&quot;:&quot;0&quot;,&quot;shutter_speed&quot;:&quot;0&quot;,&quot;title&quot;:&quot;&quot;,&quot;orientation&quot;:&quot;1&quot;}\" data-image-title=\"Obra &amp;#8220;Saudade\" data-image-description=\"\" data-image-caption=\"&lt;p&gt;Obra &amp;#8220;Saudade dos filhos&amp;#8221;\/ Divulga\u00e7\u00e3o&lt;\/p&gt;\n\" data-large-file=\"https:\/\/www.jornalja.com.br\/cultura\/wp-content\/uploads\/sites\/2\/2025\/08\/graca-6saudade-dos-filhos-768x1024.jpg\" class=\"size-medium wp-image-91328\" src=\"https:\/\/www.jornalja.com.br\/cultura\/wp-content\/uploads\/sites\/2\/2025\/08\/graca-6saudade-dos-filhos-225x300.jpg\" alt=\"\" width=\"225\" height=\"300\" srcset=\"https:\/\/www.jornalja.com.br\/cultura\/wp-content\/uploads\/sites\/2\/2025\/08\/graca-6saudade-dos-filhos-225x300.jpg 225w, https:\/\/www.jornalja.com.br\/cultura\/wp-content\/uploads\/sites\/2\/2025\/08\/graca-6saudade-dos-filhos-768x1024.jpg 768w, https:\/\/www.jornalja.com.br\/cultura\/wp-content\/uploads\/sites\/2\/2025\/08\/graca-6saudade-dos-filhos-1152x1536.jpg 1152w, https:\/\/www.jornalja.com.br\/cultura\/wp-content\/uploads\/sites\/2\/2025\/08\/graca-6saudade-dos-filhos-1536x2048.jpg 1536w, https:\/\/www.jornalja.com.br\/cultura\/wp-content\/uploads\/sites\/2\/2025\/08\/graca-6saudade-dos-filhos-1200x1600.jpg 1200w, https:\/\/www.jornalja.com.br\/cultura\/wp-content\/uploads\/sites\/2\/2025\/08\/graca-6saudade-dos-filhos-scaled.jpg 1920w\" sizes=\"(max-width: 225px) 100vw, 225px\" \/><figcaption id=\"caption-attachment-91328\" class=\"wp-caption-text\">Obra &#8220;Saudade dos filhos&#8221;\/ Divulga\u00e7\u00e3o<\/figcaption><\/figure>\n<p>Os trabalhos criados pela artista retratam \u201cas muitas aus\u00eancias\u201d causadas pela doen\u00e7a, principalmente em idosos, diz Gra\u00e7a. Nas suas representa\u00e7\u00f5es, os personagens aparecem junto a elementos que aludem \u00e0 mem\u00f3ria perdida de situa\u00e7\u00f5es positivas e afetivas que se transformam em saudade. Por exemplo, saudade de brincar, de ler, de amar, de casar, de jogar, de rir, de viajar, de falar.<\/p>\n<figure id=\"attachment_91330\" aria-describedby=\"caption-attachment-91330\" style=\"width: 300px\" class=\"wp-caption alignnone\"><img decoding=\"async\" data-attachment-id=\"91330\" data-permalink=\"https:\/\/www.jornalja.com.br\/cultura\/doenca-de-alzheimer-e-tema-de-exposicao-da-artista-visual-graca-craidy\/graca-10-artista-graca-craidy-foto-kin-viana\/\" data-orig-file=\"https:\/\/www.jornalja.com.br\/cultura\/wp-content\/uploads\/sites\/2\/2025\/08\/graca-10artista-graca-craidy-foto-kin-viana-scaled.jpg\" data-orig-size=\"2560,1152\" data-comments-opened=\"0\" data-image-meta=\"{&quot;aperture&quot;:&quot;0&quot;,&quot;credit&quot;:&quot;&quot;,&quot;camera&quot;:&quot;&quot;,&quot;caption&quot;:&quot;&quot;,&quot;created_timestamp&quot;:&quot;1756312960&quot;,&quot;copyright&quot;:&quot;&quot;,&quot;focal_length&quot;:&quot;0&quot;,&quot;iso&quot;:&quot;0&quot;,&quot;shutter_speed&quot;:&quot;0&quot;,&quot;title&quot;:&quot;&quot;,&quot;orientation&quot;:&quot;1&quot;}\" data-image-title=\"graca 10.Artista Gra\u00e7a Craidy &amp;#8211; FOTO Kin Viana\" data-image-description=\"\" data-image-caption=\"&lt;p&gt;Artista Gra\u00e7a Craidy &amp;#8211; FOTO Kin Viana\/ Divulga\u00e7\u00e3o&lt;\/p&gt;\n\" data-large-file=\"https:\/\/www.jornalja.com.br\/cultura\/wp-content\/uploads\/sites\/2\/2025\/08\/graca-10artista-graca-craidy-foto-kin-viana-1024x461.jpg\" class=\"size-medium wp-image-91330\" src=\"https:\/\/www.jornalja.com.br\/cultura\/wp-content\/uploads\/sites\/2\/2025\/08\/graca-10artista-graca-craidy-foto-kin-viana-300x135.jpg\" alt=\"\" width=\"300\" height=\"135\" srcset=\"https:\/\/www.jornalja.com.br\/cultura\/wp-content\/uploads\/sites\/2\/2025\/08\/graca-10artista-graca-craidy-foto-kin-viana-300x135.jpg 300w, https:\/\/www.jornalja.com.br\/cultura\/wp-content\/uploads\/sites\/2\/2025\/08\/graca-10artista-graca-craidy-foto-kin-viana-1024x461.jpg 1024w, https:\/\/www.jornalja.com.br\/cultura\/wp-content\/uploads\/sites\/2\/2025\/08\/graca-10artista-graca-craidy-foto-kin-viana-768x346.jpg 768w, https:\/\/www.jornalja.com.br\/cultura\/wp-content\/uploads\/sites\/2\/2025\/08\/graca-10artista-graca-craidy-foto-kin-viana-1536x691.jpg 1536w, https:\/\/www.jornalja.com.br\/cultura\/wp-content\/uploads\/sites\/2\/2025\/08\/graca-10artista-graca-craidy-foto-kin-viana-2048x922.jpg 2048w, https:\/\/www.jornalja.com.br\/cultura\/wp-content\/uploads\/sites\/2\/2025\/08\/graca-10artista-graca-craidy-foto-kin-viana-1200x540.jpg 1200w\" sizes=\"(max-width: 300px) 100vw, 300px\" \/><figcaption id=\"caption-attachment-91330\" class=\"wp-caption-text\">Artista Gra\u00e7a Craidy &#8211; FOTO Kin Viana\/ Divulga\u00e7\u00e3o<\/figcaption><\/figure>\n<p>&#8220;Quem, principalmente na dita \u2018melhor idade\u2019, n\u00e3o tem medo dessa doen\u00e7a terr\u00edvel? Confesso que tenho. \u00c9 s\u00f3 n\u00e3o conseguir lembrar de alguma coisa, nomes de pessoas e de objetos, e j\u00e1 acende o sinal amarelo. Ent\u00e3o decidi transformar o medo em arte. Quem sabe a arte me salva e ajuda tamb\u00e9m a salvar outras pessoas\u201d, observa a artista de 74 anos.<\/p>\n<figure id=\"attachment_91327\" aria-describedby=\"caption-attachment-91327\" style=\"width: 240px\" class=\"wp-caption alignnone\"><img decoding=\"async\" data-attachment-id=\"91327\" data-permalink=\"https:\/\/www.jornalja.com.br\/cultura\/doenca-de-alzheimer-e-tema-de-exposicao-da-artista-visual-graca-craidy\/graca-4-saudade-de-abraco\/\" data-orig-file=\"https:\/\/www.jornalja.com.br\/cultura\/wp-content\/uploads\/sites\/2\/2025\/08\/graca-4saudade-de-abraco-scaled.jpg\" data-orig-size=\"2048,2560\" data-comments-opened=\"0\" data-image-meta=\"{&quot;aperture&quot;:&quot;0&quot;,&quot;credit&quot;:&quot;&quot;,&quot;camera&quot;:&quot;&quot;,&quot;caption&quot;:&quot;&quot;,&quot;created_timestamp&quot;:&quot;0&quot;,&quot;copyright&quot;:&quot;&quot;,&quot;focal_length&quot;:&quot;0&quot;,&quot;iso&quot;:&quot;0&quot;,&quot;shutter_speed&quot;:&quot;0&quot;,&quot;title&quot;:&quot;&quot;,&quot;orientation&quot;:&quot;1&quot;}\" data-image-title=\"graca 4.Saudade de abrac\u0327o\" data-image-description=\"\" data-image-caption=\"&lt;p&gt;Obra &amp;#8220;Saudade de abrac\u0327o&amp;#8221;\/ Divulga\u00e7\u00e3o&lt;\/p&gt;\n\" data-large-file=\"https:\/\/www.jornalja.com.br\/cultura\/wp-content\/uploads\/sites\/2\/2025\/08\/graca-4saudade-de-abraco-819x1024.jpg\" class=\"size-medium wp-image-91327\" src=\"https:\/\/www.jornalja.com.br\/cultura\/wp-content\/uploads\/sites\/2\/2025\/08\/graca-4saudade-de-abraco-240x300.jpg\" alt=\"\" width=\"240\" height=\"300\" srcset=\"https:\/\/www.jornalja.com.br\/cultura\/wp-content\/uploads\/sites\/2\/2025\/08\/graca-4saudade-de-abraco-240x300.jpg 240w, https:\/\/www.jornalja.com.br\/cultura\/wp-content\/uploads\/sites\/2\/2025\/08\/graca-4saudade-de-abraco-819x1024.jpg 819w, https:\/\/www.jornalja.com.br\/cultura\/wp-content\/uploads\/sites\/2\/2025\/08\/graca-4saudade-de-abraco-768x960.jpg 768w, https:\/\/www.jornalja.com.br\/cultura\/wp-content\/uploads\/sites\/2\/2025\/08\/graca-4saudade-de-abraco-1229x1536.jpg 1229w, https:\/\/www.jornalja.com.br\/cultura\/wp-content\/uploads\/sites\/2\/2025\/08\/graca-4saudade-de-abraco-1638x2048.jpg 1638w, https:\/\/www.jornalja.com.br\/cultura\/wp-content\/uploads\/sites\/2\/2025\/08\/graca-4saudade-de-abraco-1200x1500.jpg 1200w, https:\/\/www.jornalja.com.br\/cultura\/wp-content\/uploads\/sites\/2\/2025\/08\/graca-4saudade-de-abraco-scaled.jpg 2048w\" sizes=\"(max-width: 240px) 100vw, 240px\" \/><figcaption id=\"caption-attachment-91327\" class=\"wp-caption-text\">Obra &#8220;Saudade de abrac\u0327o&#8221;\/ Divulga\u00e7\u00e3o<\/figcaption><\/figure>\n<p>No dia 18 de setembro (quinta-feira), \u00e0s 17h, acontecer\u00e1 uma conversa sobre esse s\u00e9rio problema de sa\u00fade com a participa\u00e7\u00e3o do psicanalista Abr\u00e3o Slavutzky,\u00a0da artista visual Zoravia Bettiol, do promotor de Justi\u00e7a Marcos Ferraz Saralegui, do\u00a0coordenador t\u00e9cnico do Memorial do MPRS, Gunter Axt, e da pr\u00f3pria artista, com entrada gratuita.<\/p>\n<figure id=\"attachment_91328\" aria-describedby=\"caption-attachment-91328\" style=\"width: 225px\" class=\"wp-caption alignnone\"><img decoding=\"async\" data-attachment-id=\"91328\" data-permalink=\"https:\/\/www.jornalja.com.br\/cultura\/doenca-de-alzheimer-e-tema-de-exposicao-da-artista-visual-graca-craidy\/graca-6-saudade-dos-filhos\/\" data-orig-file=\"https:\/\/www.jornalja.com.br\/cultura\/wp-content\/uploads\/sites\/2\/2025\/08\/graca-6saudade-dos-filhos-scaled.jpg\" data-orig-size=\"1920,2560\" data-comments-opened=\"0\" data-image-meta=\"{&quot;aperture&quot;:&quot;0&quot;,&quot;credit&quot;:&quot;&quot;,&quot;camera&quot;:&quot;&quot;,&quot;caption&quot;:&quot;&quot;,&quot;created_timestamp&quot;:&quot;0&quot;,&quot;copyright&quot;:&quot;&quot;,&quot;focal_length&quot;:&quot;0&quot;,&quot;iso&quot;:&quot;0&quot;,&quot;shutter_speed&quot;:&quot;0&quot;,&quot;title&quot;:&quot;&quot;,&quot;orientation&quot;:&quot;1&quot;}\" data-image-title=\"Obra &amp;#8220;Saudade\" data-image-description=\"\" data-image-caption=\"&lt;p&gt;Obra &amp;#8220;Saudade dos filhos&amp;#8221;\/ Divulga\u00e7\u00e3o&lt;\/p&gt;\n\" data-large-file=\"https:\/\/www.jornalja.com.br\/cultura\/wp-content\/uploads\/sites\/2\/2025\/08\/graca-6saudade-dos-filhos-768x1024.jpg\" class=\"size-medium wp-image-91328\" src=\"https:\/\/www.jornalja.com.br\/cultura\/wp-content\/uploads\/sites\/2\/2025\/08\/graca-6saudade-dos-filhos-225x300.jpg\" alt=\"\" width=\"225\" height=\"300\" srcset=\"https:\/\/www.jornalja.com.br\/cultura\/wp-content\/uploads\/sites\/2\/2025\/08\/graca-6saudade-dos-filhos-225x300.jpg 225w, https:\/\/www.jornalja.com.br\/cultura\/wp-content\/uploads\/sites\/2\/2025\/08\/graca-6saudade-dos-filhos-768x1024.jpg 768w, https:\/\/www.jornalja.com.br\/cultura\/wp-content\/uploads\/sites\/2\/2025\/08\/graca-6saudade-dos-filhos-1152x1536.jpg 1152w, https:\/\/www.jornalja.com.br\/cultura\/wp-content\/uploads\/sites\/2\/2025\/08\/graca-6saudade-dos-filhos-1536x2048.jpg 1536w, https:\/\/www.jornalja.com.br\/cultura\/wp-content\/uploads\/sites\/2\/2025\/08\/graca-6saudade-dos-filhos-1200x1600.jpg 1200w, https:\/\/www.jornalja.com.br\/cultura\/wp-content\/uploads\/sites\/2\/2025\/08\/graca-6saudade-dos-filhos-scaled.jpg 1920w\" sizes=\"(max-width: 225px) 100vw, 225px\" \/><figcaption id=\"caption-attachment-91328\" class=\"wp-caption-text\">Obra &#8220;Saudade dos filhos&#8221;\/ Divulga\u00e7\u00e3o<\/figcaption><\/figure>\n<p><strong>\u00a0<\/strong><strong>Grande desafio<\/strong><\/p>\n<p>Com o envelhecimento populacional, as doen\u00e7as neurodegenerativas como a Doen\u00e7a de Alzheimer\u00a0tornam-se um grande desafio \u00e0 sa\u00fade p\u00fablica e qualidade de vida dos portadores. A DA \u00e9 uma desordem cr\u00f4nica, progressiva e irrevers\u00edvel, com causa desconhecida, cujas principais manifesta\u00e7\u00f5es s\u00e3o a perda de mem\u00f3ria e de autonomia,\u00a0levando a preju\u00edzos nas rela\u00e7\u00f5es sociais e na cogni\u00e7\u00e3o.<\/p>\n<figure id=\"attachment_91325\" aria-describedby=\"caption-attachment-91325\" style=\"width: 225px\" class=\"wp-caption alignnone\"><img decoding=\"async\" data-attachment-id=\"91325\" data-permalink=\"https:\/\/www.jornalja.com.br\/cultura\/doenca-de-alzheimer-e-tema-de-exposicao-da-artista-visual-graca-craidy\/graca-2-saudade-de-ogum\/\" data-orig-file=\"https:\/\/www.jornalja.com.br\/cultura\/wp-content\/uploads\/sites\/2\/2025\/08\/graca-2saudade-de-ogum-scaled.jpg\" data-orig-size=\"1920,2560\" data-comments-opened=\"0\" data-image-meta=\"{&quot;aperture&quot;:&quot;0&quot;,&quot;credit&quot;:&quot;&quot;,&quot;camera&quot;:&quot;&quot;,&quot;caption&quot;:&quot;&quot;,&quot;created_timestamp&quot;:&quot;0&quot;,&quot;copyright&quot;:&quot;&quot;,&quot;focal_length&quot;:&quot;0&quot;,&quot;iso&quot;:&quot;0&quot;,&quot;shutter_speed&quot;:&quot;0&quot;,&quot;title&quot;:&quot;&quot;,&quot;orientation&quot;:&quot;1&quot;}\" data-image-title=\"graca 2.Saudade de Ogum\" data-image-description=\"\" data-image-caption=\"&lt;p&gt;Obra &amp;#8220;Saudade de Ogum&amp;#8221;\/ Divulga\u00e7\u00e3o&lt;\/p&gt;\n\" data-large-file=\"https:\/\/www.jornalja.com.br\/cultura\/wp-content\/uploads\/sites\/2\/2025\/08\/graca-2saudade-de-ogum-768x1024.jpg\" class=\"size-medium wp-image-91325\" src=\"https:\/\/www.jornalja.com.br\/cultura\/wp-content\/uploads\/sites\/2\/2025\/08\/graca-2saudade-de-ogum-225x300.jpg\" alt=\"\" width=\"225\" height=\"300\" srcset=\"https:\/\/www.jornalja.com.br\/cultura\/wp-content\/uploads\/sites\/2\/2025\/08\/graca-2saudade-de-ogum-225x300.jpg 225w, https:\/\/www.jornalja.com.br\/cultura\/wp-content\/uploads\/sites\/2\/2025\/08\/graca-2saudade-de-ogum-768x1024.jpg 768w, https:\/\/www.jornalja.com.br\/cultura\/wp-content\/uploads\/sites\/2\/2025\/08\/graca-2saudade-de-ogum-1152x1536.jpg 1152w, https:\/\/www.jornalja.com.br\/cultura\/wp-content\/uploads\/sites\/2\/2025\/08\/graca-2saudade-de-ogum-1536x2048.jpg 1536w, https:\/\/www.jornalja.com.br\/cultura\/wp-content\/uploads\/sites\/2\/2025\/08\/graca-2saudade-de-ogum-1200x1600.jpg 1200w, https:\/\/www.jornalja.com.br\/cultura\/wp-content\/uploads\/sites\/2\/2025\/08\/graca-2saudade-de-ogum-scaled.jpg 1920w\" sizes=\"(max-width: 225px) 100vw, 225px\" \/><figcaption id=\"caption-attachment-91325\" class=\"wp-caption-text\">Obra &#8220;Saudade de Ogum&#8221;\/ Divulga\u00e7\u00e3o<\/figcaption><\/figure>\n<p>A doen\u00e7a acomete cerca de 5% dos indiv\u00edduos acima de 65 anos\u00a0e embora os cientistas ainda n\u00e3o tenham descoberto a causa, sabe-se que os maiores fatores de risco s\u00e3o idade avan\u00e7ada\u00a0e hist\u00f3ria familiar positiva.<\/p>\n<p>No Brasil, onde h\u00e1 mais de 29 milh\u00f5es de pessoas acima dos 60 anos, de acordo com o IBGE, acredita-se que\u00a0quase 2 milh\u00f5es de pessoas t\u00eam dem\u00eancias, das quais mais da metade s\u00e3o do tipo Alzheimer.<\/p>\n<figure id=\"attachment_91329\" aria-describedby=\"caption-attachment-91329\" style=\"width: 300px\" class=\"wp-caption alignnone\"><img decoding=\"async\" data-attachment-id=\"91329\" data-permalink=\"https:\/\/www.jornalja.com.br\/cultura\/doenca-de-alzheimer-e-tema-de-exposicao-da-artista-visual-graca-craidy\/graca-7-saudade-de-amar\/\" data-orig-file=\"https:\/\/www.jornalja.com.br\/cultura\/wp-content\/uploads\/sites\/2\/2025\/08\/graca-7saudade-de-amar-scaled.jpg\" data-orig-size=\"2560,2560\" data-comments-opened=\"0\" data-image-meta=\"{&quot;aperture&quot;:&quot;0&quot;,&quot;credit&quot;:&quot;&quot;,&quot;camera&quot;:&quot;&quot;,&quot;caption&quot;:&quot;&quot;,&quot;created_timestamp&quot;:&quot;0&quot;,&quot;copyright&quot;:&quot;&quot;,&quot;focal_length&quot;:&quot;0&quot;,&quot;iso&quot;:&quot;0&quot;,&quot;shutter_speed&quot;:&quot;0&quot;,&quot;title&quot;:&quot;&quot;,&quot;orientation&quot;:&quot;1&quot;}\" data-image-title=\"graca 7.Saudade de amar\" data-image-description=\"\" data-image-caption=\"&lt;p&gt;Obra &amp;#8220;Saudade de amar&amp;#8221;\/ Divulga\u00e7\u00e3o&lt;\/p&gt;\n\" data-large-file=\"https:\/\/www.jornalja.com.br\/cultura\/wp-content\/uploads\/sites\/2\/2025\/08\/graca-7saudade-de-amar-1024x1024.jpg\" class=\"size-medium wp-image-91329\" src=\"https:\/\/www.jornalja.com.br\/cultura\/wp-content\/uploads\/sites\/2\/2025\/08\/graca-7saudade-de-amar-300x300.jpg\" alt=\"\" width=\"300\" height=\"300\" srcset=\"https:\/\/www.jornalja.com.br\/cultura\/wp-content\/uploads\/sites\/2\/2025\/08\/graca-7saudade-de-amar-300x300.jpg 300w, https:\/\/www.jornalja.com.br\/cultura\/wp-content\/uploads\/sites\/2\/2025\/08\/graca-7saudade-de-amar-1024x1024.jpg 1024w, https:\/\/www.jornalja.com.br\/cultura\/wp-content\/uploads\/sites\/2\/2025\/08\/graca-7saudade-de-amar-150x150.jpg 150w, https:\/\/www.jornalja.com.br\/cultura\/wp-content\/uploads\/sites\/2\/2025\/08\/graca-7saudade-de-amar-768x768.jpg 768w, https:\/\/www.jornalja.com.br\/cultura\/wp-content\/uploads\/sites\/2\/2025\/08\/graca-7saudade-de-amar-1536x1536.jpg 1536w, https:\/\/www.jornalja.com.br\/cultura\/wp-content\/uploads\/sites\/2\/2025\/08\/graca-7saudade-de-amar-2048x2048.jpg 2048w, https:\/\/www.jornalja.com.br\/cultura\/wp-content\/uploads\/sites\/2\/2025\/08\/graca-7saudade-de-amar-1200x1200.jpg 1200w\" sizes=\"(max-width: 300px) 100vw, 300px\" \/><figcaption id=\"caption-attachment-91329\" class=\"wp-caption-text\">Obra &#8220;Saudade de amar&#8221;\/ Divulga\u00e7\u00e3o<\/figcaption><\/figure>\n<p>A proposta da artista Gra\u00e7a Craidy e do Memorial do MPRS \u00e9 trazer \u00e0 tona as grandes quest\u00f5es sobre esse tema que envolvem n\u00e3o apenas\u00a0o doente, mas a fam\u00edlia, os cuidadores, o grupo social, a sociedade, os cientistas, o Estado.<\/p>\n<p><strong>SERVI\u00c7O<\/strong><\/p>\n<p><em>\u00a0<\/em><strong>O qu\u00ea<\/strong>: Exposi\u00e7\u00e3o\u00a0<em>Saudade de mim &#8211; ensaio sobre a mem\u00f3ria<\/em>, de Gra\u00e7a Craidy<\/p>\n<p><strong>Abertura<\/strong><em>:\u00a0<\/em>2 de setembro (ter\u00e7a-feira), \u00e0s 17h<\/p>\n<p><strong>\u00a0<\/strong><strong>Visita\u00e7\u00e3o:\u00a0<\/strong>at\u00e9 26 de setembro, de segunda a sexta, das 9h \u00e0s 18h<\/p>\n<p><strong>\u00a0<\/strong><strong>Onde<\/strong><em>: Memorial do Minist\u00e9rio P\u00fablico do RS (pr\u00e9dio hist\u00f3rico tamb\u00e9m conhecido como Forte Apache)<\/em><\/p>\n<p><strong>\u00a0<\/strong><strong>Endere\u00e7o<\/strong>: Pra\u00e7a Marechal Deodoro (Pra\u00e7a da Matriz),\u00a0esquina da Rua Jer\u00f4nimo Coelho. Centro Hist\u00f3rico de Porto Alegre<\/p>\n<p><strong>Entrada franca<\/strong><\/p>\n<p style=\"font-weight: 400\"><strong>Imagens das obras: Divulga\u00e7\u00e3o da artista<\/strong><\/p>\n","protected":false},"excerpt":{"rendered":"<p>Mostra da artista visual ga\u00facha ser\u00e1 aberta ter\u00e7a-feira, 2 de setembro, m\u00eas mundial de conscientiza\u00e7\u00e3o sobre esse transtorno neurodegenerativo, no Memorial do MPRS A exposi\u00e7\u00e3o &#8220;Saudade de mim &#8211; ensaio sobre a mem\u00f3ria,&#8221; da artista visual Gra\u00e7a Craidy, apresenta 20 pinturas que abordam poeticamente as altera\u00e7\u00f5es de mem\u00f3ria causadas pela Doen\u00e7a de Alzheimer. A mostra [&hellip;]<\/p>\n","protected":false},"author":3,"featured_media":91324,"comment_status":"closed","ping_status":"open","sticky":false,"template":"","format":"standard","meta":{"jetpack_post_was_ever_published":false,"_jetpack_newsletter_access":"","_jetpack_dont_email_post_to_subs":false,"_jetpack_newsletter_tier_id":0,"_jetpack_memberships_contains_paywalled_content":false,"_jetpack_memberships_contains_paid_content":false,"footnotes":"","jetpack_publicize_message":"","jetpack_publicize_feature_enabled":true,"jetpack_social_post_already_shared":true,"jetpack_social_options":{"image_generator_settings":{"template":"highway","default_image_id":0,"font":"","enabled":false},"version":2}},"categories":[2],"tags":[],"class_list":["post-91323","post","type-post","status-publish","format-standard","has-post-thumbnail","hentry","category-materiasecundaria"],"aioseo_notices":[],"jetpack_publicize_connections":[],"jetpack_featured_media_url":"https:\/\/www.jornalja.com.br\/cultura\/wp-content\/uploads\/sites\/2\/2025\/08\/graca-saudade-da-infancia-scaled.jpg","jetpack-related-posts":[{"id":89699,"url":"https:\/\/www.jornalja.com.br\/cultura\/mostra-de-graca-craidy-no-memorial-ucraniano-promove-encontro-de-clarice-lispector-com-suas-origens\/","url_meta":{"origin":91323,"position":0},"title":"Mostra de Gra\u00e7a Craidy no Memorial Ucraniano promove encontro de Clarice Lispector com suas origens","author":"Higino Barros","date":"10 de julho de 2024","format":false,"excerpt":"Depois de mais de 103 anos de seu nascimento, em 10 de dezembro de 1920, e 46 de sua morte, em 9 de dezembro de 1977, a escritora Clarice Lispector finalmente encontra, ainda que simbolicamente, o povo e as tradi\u00e7\u00f5es da terra onde nasceu, a Ucr\u00e2nia. Por meio da arte,\u2026","rel":"","context":"Em &quot;Cultura-NOTAS&quot;","block_context":{"text":"Cultura-NOTAS","link":"https:\/\/www.jornalja.com.br\/cultura\/category\/culturanotas\/"},"img":{"alt_text":"","src":"https:\/\/i0.wp.com\/www.jornalja.com.br\/cultura\/wp-content\/uploads\/sites\/2\/2024\/07\/memorial-8a-artista-no-memorial-ucraniano-248x300.jpeg?resize=350%2C200&ssl=1","width":350,"height":200},"classes":[]},{"id":89062,"url":"https:\/\/www.jornalja.com.br\/cultura\/exposicao-quando-os-sonhos-florescem-reune-artistas-que-moram-no-brasil-e-radicados-na-europa\/","url_meta":{"origin":91323,"position":1},"title":"Exposi\u00e7\u00e3o \u201cQuando os sonhos florescem\u201d re\u00fane artistas que moram no Brasil e radicados na Europa","author":"da Reda\u00e7\u00e3o","date":"15 de fevereiro de 2024","format":false,"excerpt":"Coletiva ser\u00e1 aberta ter\u00e7a-feira (20\/02) no Memorial Luiz Carlos Prestes, na Capital \u00a0Entre a ter\u00e7a-feira (20\/02) e 10 de mar\u00e7o, as paredes curvas do Memorial Luiz Carlos Prestes \u2013 \u00fanico projeto arquitet\u00f4nico assinado por Oscar Niemeyer em Porto Alegre \u2013 abrigam as obras da exposi\u00e7\u00e3o \u201cQuando os sonhos florescem\u201d, cuja\u2026","rel":"","context":"Em &quot;Cultura-MAT\u00c9RIA&quot;","block_context":{"text":"Cultura-MAT\u00c9RIA","link":"https:\/\/www.jornalja.com.br\/cultura\/category\/materiasecundaria\/"},"img":{"alt_text":"","src":"https:\/\/i0.wp.com\/www.jornalja.com.br\/cultura\/wp-content\/uploads\/sites\/2\/2024\/02\/carlos-obra-de-graa-craidy-retrato-de-luiz-carlos-prestes.jpg?resize=350%2C200&ssl=1","width":350,"height":200,"srcset":"https:\/\/i0.wp.com\/www.jornalja.com.br\/cultura\/wp-content\/uploads\/sites\/2\/2024\/02\/carlos-obra-de-graa-craidy-retrato-de-luiz-carlos-prestes.jpg?resize=350%2C200&ssl=1 1x, https:\/\/i0.wp.com\/www.jornalja.com.br\/cultura\/wp-content\/uploads\/sites\/2\/2024\/02\/carlos-obra-de-graa-craidy-retrato-de-luiz-carlos-prestes.jpg?resize=525%2C300&ssl=1 1.5x"},"classes":[]},{"id":73049,"url":"https:\/\/www.jornalja.com.br\/cultura\/nova-exposicao-de-graca-craidy-tem-como-tema-o-machismo-que-mata\/","url_meta":{"origin":91323,"position":2},"title":"Nova exposi\u00e7\u00e3o de Gra\u00e7a Craidy tem como tema o machismo que mata","author":"da Reda\u00e7\u00e3o","date":"27 de fevereiro de 2019","format":false,"excerpt":"Feminicidas - O machismo que mata. Esse \u00e9 o tema da exposi\u00e7\u00e3o da artista\u00a0pl\u00e1stica ga\u00facha Gra\u00e7a Craidy, que alerta para o crescente n\u00famero de feminic\u00eddios no Brasil. A mostra inaugura na quinta-feira, 7 de mar\u00e7o, \u00e0s 19h, no Foyer da Sala O Retrato, no 4\u00ba andar, do Centro Cultural CEEE\u2026","rel":"","context":"Em &quot;Cultura-MAT\u00c9RIA&quot;","block_context":{"text":"Cultura-MAT\u00c9RIA","link":"https:\/\/www.jornalja.com.br\/cultura\/category\/materiasecundaria\/"},"img":{"alt_text":"","src":"https:\/\/i0.wp.com\/www.jornalja.com.br\/wp-content\/uploads\/2019\/02\/gra%C3%A7a-1-001-450x207.jpg?resize=350%2C200&ssl=1","width":350,"height":200},"classes":[]},{"id":90575,"url":"https:\/\/www.jornalja.com.br\/cultura\/graca-graidy-completa-dez-anos-de-arte-expondo-violencia-contra-mulher-em-meu-bem-meu-mal\/","url_meta":{"origin":91323,"position":3},"title":"Gra\u00e7a Craidy completa dez anos de arte expondo viol\u00eancia contra mulher em  &#8220;Meu bem, meu mal&#8221;","author":"da Reda\u00e7\u00e3o","date":"5 de fevereiro de 2025","format":false,"excerpt":"\u00a0 Depois de uma d\u00e9cada denunciando viol\u00eancia contra a mulher com suas pinturas, a artista visual ga\u00facha Gra\u00e7a Craidy re\u00fane obras das suas v\u00e1rias cole\u00e7\u00f5es como a s\u00e9rie At\u00e9 que a morte nos separe, com retratos das cenas dos crimes de feminic\u00eddio coletadas em fotos de notici\u00e1rios, a s\u00e9rie Livrai-nos\u2026","rel":"","context":"Em &quot;Cultura-MAT\u00c9RIA&quot;","block_context":{"text":"Cultura-MAT\u00c9RIA","link":"https:\/\/www.jornalja.com.br\/cultura\/category\/materiasecundaria\/"},"img":{"alt_text":"","src":"https:\/\/i0.wp.com\/www.jornalja.com.br\/cultura\/wp-content\/uploads\/sites\/2\/2025\/02\/foto-4-img-20250204-wa0006.jpg?resize=350%2C200&ssl=1","width":350,"height":200,"srcset":"https:\/\/i0.wp.com\/www.jornalja.com.br\/cultura\/wp-content\/uploads\/sites\/2\/2025\/02\/foto-4-img-20250204-wa0006.jpg?resize=350%2C200&ssl=1 1x, https:\/\/i0.wp.com\/www.jornalja.com.br\/cultura\/wp-content\/uploads\/sites\/2\/2025\/02\/foto-4-img-20250204-wa0006.jpg?resize=525%2C300&ssl=1 1.5x, https:\/\/i0.wp.com\/www.jornalja.com.br\/cultura\/wp-content\/uploads\/sites\/2\/2025\/02\/foto-4-img-20250204-wa0006.jpg?resize=700%2C400&ssl=1 2x, https:\/\/i0.wp.com\/www.jornalja.com.br\/cultura\/wp-content\/uploads\/sites\/2\/2025\/02\/foto-4-img-20250204-wa0006.jpg?resize=1050%2C600&ssl=1 3x, https:\/\/i0.wp.com\/www.jornalja.com.br\/cultura\/wp-content\/uploads\/sites\/2\/2025\/02\/foto-4-img-20250204-wa0006.jpg?resize=1400%2C800&ssl=1 4x"},"classes":[]},{"id":86946,"url":"https:\/\/www.jornalja.com.br\/cultura\/integrando-a-feira-do-livro-clarice-lispector-na-pintura-de-graca-craidy\/","url_meta":{"origin":91323,"position":4},"title":"Integrando  a Feira do Livro, Clarice Lispector na pintura de Gra\u00e7a Craidy","author":"da Reda\u00e7\u00e3o","date":"26 de outubro de 2022","format":false,"excerpt":"\u00a0 Este ano Clarice Lispector n\u00e3o estar\u00e1 apenas nas bancas da Feira do Livro de Porto Alegre com seus muitos t\u00edtulos de sucesso. A 68\u00aa edi\u00e7\u00e3o do evento livreiro tamb\u00e9m homenageia a escritora com uma exposi\u00e7\u00e3o no Espa\u00e7o Cultural Correios, cont\u00edguo \u00e0 Pra\u00e7a da Alf\u00e2ndega.\u00a0Clarices\u00a0apresenta 33 retratos da escritora pintados\u2026","rel":"","context":"Em &quot;Cultura-MAT\u00c9RIA&quot;","block_context":{"text":"Cultura-MAT\u00c9RIA","link":"https:\/\/www.jornalja.com.br\/cultura\/category\/materiasecundaria\/"},"img":{"alt_text":"","src":"https:\/\/i0.wp.com\/www.jornalja.com.br\/cultura\/wp-content\/uploads\/sites\/2\/2022\/10\/clara-7-clarice-mais-velha.png?resize=350%2C200&ssl=1","width":350,"height":200,"srcset":"https:\/\/i0.wp.com\/www.jornalja.com.br\/cultura\/wp-content\/uploads\/sites\/2\/2022\/10\/clara-7-clarice-mais-velha.png?resize=350%2C200&ssl=1 1x, https:\/\/i0.wp.com\/www.jornalja.com.br\/cultura\/wp-content\/uploads\/sites\/2\/2022\/10\/clara-7-clarice-mais-velha.png?resize=525%2C300&ssl=1 1.5x, https:\/\/i0.wp.com\/www.jornalja.com.br\/cultura\/wp-content\/uploads\/sites\/2\/2022\/10\/clara-7-clarice-mais-velha.png?resize=700%2C400&ssl=1 2x, https:\/\/i0.wp.com\/www.jornalja.com.br\/cultura\/wp-content\/uploads\/sites\/2\/2022\/10\/clara-7-clarice-mais-velha.png?resize=1050%2C600&ssl=1 3x, https:\/\/i0.wp.com\/www.jornalja.com.br\/cultura\/wp-content\/uploads\/sites\/2\/2022\/10\/clara-7-clarice-mais-velha.png?resize=1400%2C800&ssl=1 4x"},"classes":[]},{"id":92026,"url":"https:\/\/www.jornalja.com.br\/cultura\/feminicidio-artista-visual-graca-craidy-ha-11-anos-produz-obras-sobre-violencia-contra-a-mulher\/","url_meta":{"origin":91323,"position":5},"title":"Feminic\u00eddio &#8211; Artista visual Gra\u00e7a Craidy h\u00e1 11 anos produz obras sobre viol\u00eancia contra a mulher","author":"da Reda\u00e7\u00e3o","date":"3 de mar\u00e7o de 2026","format":false,"excerpt":"A artista visual ga\u00facha Gra\u00e7a Craidy produziu, a partir de 2015, uma cole\u00e7\u00e3o com cerca de 60 obras sobre feminic\u00eddio e viol\u00eancia contra a mulher, a fim de denunciar esses tipos de crimes e ajudar a conscientizar a popula\u00e7\u00e3o em favor do fim dessas pr\u00e1ticas delituosas. Com mais de 20\u2026","rel":"","context":"Em &quot;Cultura-MAT\u00c9RIA&quot;","block_context":{"text":"Cultura-MAT\u00c9RIA","link":"https:\/\/www.jornalja.com.br\/cultura\/category\/materiasecundaria\/"},"img":{"alt_text":"","src":"https:\/\/i0.wp.com\/www.jornalja.com.br\/cultura\/wp-content\/uploads\/sites\/2\/2026\/03\/graca-3mulher-agredida-obra-de-graca-craidy-scaled.jpg?resize=350%2C200&ssl=1","width":350,"height":200,"srcset":"https:\/\/i0.wp.com\/www.jornalja.com.br\/cultura\/wp-content\/uploads\/sites\/2\/2026\/03\/graca-3mulher-agredida-obra-de-graca-craidy-scaled.jpg?resize=350%2C200&ssl=1 1x, https:\/\/i0.wp.com\/www.jornalja.com.br\/cultura\/wp-content\/uploads\/sites\/2\/2026\/03\/graca-3mulher-agredida-obra-de-graca-craidy-scaled.jpg?resize=525%2C300&ssl=1 1.5x, https:\/\/i0.wp.com\/www.jornalja.com.br\/cultura\/wp-content\/uploads\/sites\/2\/2026\/03\/graca-3mulher-agredida-obra-de-graca-craidy-scaled.jpg?resize=700%2C400&ssl=1 2x, https:\/\/i0.wp.com\/www.jornalja.com.br\/cultura\/wp-content\/uploads\/sites\/2\/2026\/03\/graca-3mulher-agredida-obra-de-graca-craidy-scaled.jpg?resize=1050%2C600&ssl=1 3x, https:\/\/i0.wp.com\/www.jornalja.com.br\/cultura\/wp-content\/uploads\/sites\/2\/2026\/03\/graca-3mulher-agredida-obra-de-graca-craidy-scaled.jpg?resize=1400%2C800&ssl=1 4x"},"classes":[]}],"jetpack_shortlink":"https:\/\/wp.me\/pbKnZc-nKX","jetpack_sharing_enabled":true,"_links":{"self":[{"href":"https:\/\/www.jornalja.com.br\/cultura\/wp-json\/wp\/v2\/posts\/91323","targetHints":{"allow":["GET"]}}],"collection":[{"href":"https:\/\/www.jornalja.com.br\/cultura\/wp-json\/wp\/v2\/posts"}],"about":[{"href":"https:\/\/www.jornalja.com.br\/cultura\/wp-json\/wp\/v2\/types\/post"}],"author":[{"embeddable":true,"href":"https:\/\/www.jornalja.com.br\/cultura\/wp-json\/wp\/v2\/users\/3"}],"replies":[{"embeddable":true,"href":"https:\/\/www.jornalja.com.br\/cultura\/wp-json\/wp\/v2\/comments?post=91323"}],"version-history":[{"count":1,"href":"https:\/\/www.jornalja.com.br\/cultura\/wp-json\/wp\/v2\/posts\/91323\/revisions"}],"predecessor-version":[{"id":91331,"href":"https:\/\/www.jornalja.com.br\/cultura\/wp-json\/wp\/v2\/posts\/91323\/revisions\/91331"}],"wp:featuredmedia":[{"embeddable":true,"href":"https:\/\/www.jornalja.com.br\/cultura\/wp-json\/wp\/v2\/media\/91324"}],"wp:attachment":[{"href":"https:\/\/www.jornalja.com.br\/cultura\/wp-json\/wp\/v2\/media?parent=91323"}],"wp:term":[{"taxonomy":"category","embeddable":true,"href":"https:\/\/www.jornalja.com.br\/cultura\/wp-json\/wp\/v2\/categories?post=91323"},{"taxonomy":"post_tag","embeddable":true,"href":"https:\/\/www.jornalja.com.br\/cultura\/wp-json\/wp\/v2\/tags?post=91323"}],"curies":[{"name":"wp","href":"https:\/\/api.w.org\/{rel}","templated":true}]}}