{"id":91443,"date":"2025-10-03T11:24:22","date_gmt":"2025-10-03T14:24:22","guid":{"rendered":"https:\/\/www.jornalja.com.br\/cultura\/?p=91443"},"modified":"2025-10-03T11:38:35","modified_gmt":"2025-10-03T14:38:35","slug":"exposicao-do-centenario-farroupilha-foi-o-apice-na-construcao-das-bases-historicas-e-culturais-do-rgs","status":"publish","type":"post","link":"https:\/\/www.jornalja.com.br\/cultura\/exposicao-do-centenario-farroupilha-foi-o-apice-na-construcao-das-bases-historicas-e-culturais-do-rgs\/","title":{"rendered":"Exposi\u00e7\u00e3o do Centen\u00e1rio Farroupilha foi o \u00e1pice na constru\u00e7\u00e3o das \u201cbases\u201d hist\u00f3ricas e culturais do  RGS"},"content":{"rendered":"<p><strong>Texto: Jos\u00e9 Francisco Alves<\/strong><\/p>\n<p>A Exposi\u00e7\u00e3o do Centen\u00e1rio Farroupilha foi o \u00e1pice na constru\u00e7\u00e3o das \u201cbases\u201d hist\u00f3ricas e culturais do Rio Grande do Sul como indissoci\u00e1veis \u00e0 heran\u00e7a e ao culto da epopeia farrapa (1835-1845). Desde pelo menos 1879 j\u00e1 havia essa tentativa, \u00e0 vista da encomenda ao pintor Guilherme Litran para o retrato equestre do Gen. Bento Gon\u00e7alves. Em 1891, na Constitui\u00e7\u00e3o Estadual, houve a previs\u00e3o de um \u201cmonumento \u00e0 mem\u00f3ria de Bento Gon\u00e7alves e de seus gloriosos companheiros da cruzada de 1835\u201d. Tal \u201cliga\u00e7\u00e3o\u201d das gera\u00e7\u00f5es subsequentes com os farroupilhas foi com o tempo sendo constru\u00edda e institu\u00edda. E cada oportunidade, sempre com apoio de pinturas hist\u00f3ricas, monumentos e celebra\u00e7\u00f5es, foi muito bem aproveitada pelos governantes em suas tentativas de inser\u00e7\u00e3o como \u201cherdeiros\u201d da estirpe farroupilha.<\/p>\n<figure id=\"attachment_91447\" aria-describedby=\"caption-attachment-91447\" style=\"width: 300px\" class=\"wp-caption alignnone\"><img decoding=\"async\" data-attachment-id=\"91447\" data-permalink=\"https:\/\/www.jornalja.com.br\/cultura\/exposicao-do-centenario-farroupilha-foi-o-apice-na-construcao-das-bases-historicas-e-culturais-do-rgs\/francisco-portico-da-exposicao-acervo-do-museu-de-porto-alegre-joaquim-felizardo-fotografia-atribuida-a-olavo-dutra-2\/\" data-orig-file=\"https:\/\/www.jornalja.com.br\/cultura\/wp-content\/uploads\/sites\/2\/2025\/10\/francisco-portico-da-exposicao-acervo-do-museu-de-porto-alegre-joaquim-felizardo-fotografia-atribuida-a-olavo-dutra.jpg\" data-orig-size=\"2481,1771\" data-comments-opened=\"0\" data-image-meta=\"{&quot;aperture&quot;:&quot;0&quot;,&quot;credit&quot;:&quot;&quot;,&quot;camera&quot;:&quot;&quot;,&quot;caption&quot;:&quot;&quot;,&quot;created_timestamp&quot;:&quot;0&quot;,&quot;copyright&quot;:&quot;&quot;,&quot;focal_length&quot;:&quot;0&quot;,&quot;iso&quot;:&quot;0&quot;,&quot;shutter_speed&quot;:&quot;0&quot;,&quot;title&quot;:&quot;&quot;,&quot;orientation&quot;:&quot;1&quot;}\" data-image-title=\"francisco PO\u0301RTICO DA EXPOSIC\u0327A\u0303O &amp;#8211; Acervo do Museu de Porto Alegre Joaquim Felizardo \u2013 Fotografia atribui\u0301da a Olavo Dutra\" data-image-description=\"\" data-image-caption=\"&lt;p&gt;PO\u0301RTICO DA EXPOSIC\u0327A\u0303O &amp;#8211; Acervo do Museu de Porto Alegre Joaquim Felizardo \u2013 Fotografia atribui\u0301da a Olavo Dutra\/ Divulga\u00e7\u00e3o&lt;\/p&gt;\n\" data-large-file=\"https:\/\/www.jornalja.com.br\/cultura\/wp-content\/uploads\/sites\/2\/2025\/10\/francisco-portico-da-exposicao-acervo-do-museu-de-porto-alegre-joaquim-felizardo-fotografia-atribuida-a-olavo-dutra-1024x731.jpg\" class=\"size-medium wp-image-91447\" src=\"https:\/\/www.jornalja.com.br\/cultura\/wp-content\/uploads\/sites\/2\/2025\/10\/francisco-portico-da-exposicao-acervo-do-museu-de-porto-alegre-joaquim-felizardo-fotografia-atribuida-a-olavo-dutra-300x214.jpg\" alt=\"\" width=\"300\" height=\"214\" srcset=\"https:\/\/www.jornalja.com.br\/cultura\/wp-content\/uploads\/sites\/2\/2025\/10\/francisco-portico-da-exposicao-acervo-do-museu-de-porto-alegre-joaquim-felizardo-fotografia-atribuida-a-olavo-dutra-300x214.jpg 300w, https:\/\/www.jornalja.com.br\/cultura\/wp-content\/uploads\/sites\/2\/2025\/10\/francisco-portico-da-exposicao-acervo-do-museu-de-porto-alegre-joaquim-felizardo-fotografia-atribuida-a-olavo-dutra-1024x731.jpg 1024w, https:\/\/www.jornalja.com.br\/cultura\/wp-content\/uploads\/sites\/2\/2025\/10\/francisco-portico-da-exposicao-acervo-do-museu-de-porto-alegre-joaquim-felizardo-fotografia-atribuida-a-olavo-dutra-768x548.jpg 768w, https:\/\/www.jornalja.com.br\/cultura\/wp-content\/uploads\/sites\/2\/2025\/10\/francisco-portico-da-exposicao-acervo-do-museu-de-porto-alegre-joaquim-felizardo-fotografia-atribuida-a-olavo-dutra-1536x1096.jpg 1536w, https:\/\/www.jornalja.com.br\/cultura\/wp-content\/uploads\/sites\/2\/2025\/10\/francisco-portico-da-exposicao-acervo-do-museu-de-porto-alegre-joaquim-felizardo-fotografia-atribuida-a-olavo-dutra-2048x1462.jpg 2048w, https:\/\/www.jornalja.com.br\/cultura\/wp-content\/uploads\/sites\/2\/2025\/10\/francisco-portico-da-exposicao-acervo-do-museu-de-porto-alegre-joaquim-felizardo-fotografia-atribuida-a-olavo-dutra-1200x857.jpg 1200w\" sizes=\"(max-width: 300px) 100vw, 300px\" \/><figcaption id=\"caption-attachment-91447\" class=\"wp-caption-text\">PO\u0301RTICO DA EXPOSIC\u0327A\u0303O &#8211; Acervo do Museu de Porto Alegre Joaquim Felizardo \u2013 Fotografia atribui\u0301da a Olavo Dutra\/ Divulga\u00e7\u00e3o<\/figcaption><\/figure>\n<p>Porto Alegre, a \u201cLeal e Valorosa\u201d, resistiu bravamente aos<\/p>\n<p>cercos farroupilhas. Por\u00e9m, j\u00e1 no Centen\u00e1rio da Revolu\u00e7\u00e3o<\/p>\n<p>(1935) estava impregnada pelo \u201cesp\u00edrito farroupilha\u201d que todos os sul rio-grandenses passaram a encarnar. Assim, a cidade envolveu-se totalmente na realiza\u00e7\u00e3o de uma exposi\u00e7\u00e3o fant\u00e1stica, capitaneada pelo Comiss\u00e1rio Geral da Exposi\u00e7\u00e3o, o prefeito Alberto Bins. O comissariado foi integrado tamb\u00e9m por M\u00e1rio de Oliveira (Secret\u00e1rio-Geral), A. J. Renner (Se\u00e7\u00e3o da Ind\u00fastria), Dario Brossard (Pecu\u00e1ria) e Walter Spalding (Cultura).<\/p>\n<p>Para o evento, ergueram-se na Reden\u00e7\u00e3o pavilh\u00f5es tempor\u00e1rios. O principal foi o Pavilh\u00e3o da Ind\u00fastria Rio-grandense, com nada menos que 230m de frente, 60de profundidade e 14.040m2 constru\u00eddos. Entre os demais, os pavilh\u00f5es da Ind\u00fastria Estrangeira, Agricultura do RS, Inspetoria Federal das Estradas de Ferro e Estrada de Ferro Centra do Brasil, Via\u00e7\u00e3o F\u00e9rrea do RS e Departamento Nacional do Caf\u00e9. Dos estados, os pavilh\u00f5es de S\u00e3o Paulo, Minas Gerais, Rio de Janeiro, Santa Catarina, Paran\u00e1, Pernambuco e Par\u00e1.<\/p>\n<p>Houve tamb\u00e9m in\u00fameros estandes de servi\u00e7os, divers\u00f5es e entretenimento, como o suntuoso Cassino. Todos os pavilh\u00f5es foram realizados sob a mesma influ\u00eancia de linguagem arquitet\u00f4nica, numa interessante utiliza\u00e7\u00e3o local do art d\u00e9co, o estilo moderno que teve sua divulga-\u00e7\u00e3o mundial em 1925, com a \u201cExposition internationale des arts d\u00e9coratifs et industriels modernes\u201d, em Paris. Nesse sentido, destaca-se a articula\u00e7\u00e3o e a coordena\u00e7\u00e3o para que tal unidade estil\u00edstica fosse orientada como o padr\u00e3o da exposi\u00e7\u00e3o farroupilha, dado que os projetistas dos pavilh\u00f5es n\u00e3o foram os mes mos. \u00c0 noite, os estandes e atra\u00e7\u00f5es possu\u00edam uma ilumina\u00e7\u00e3o de alto destaque, algo jamais visto na capital. Das demais constru\u00e7\u00f5es, a mais ic\u00f4nica foi o p\u00f3rtico monumental. Tamb\u00e9m foram edificados um audit\u00f3rio com concha ac\u00fastica, restaurante, casa da vispora, \u201cCasa do Ga\u00facho\u201d e parque de divers\u00f5es. Em frente \u00e0 Rua Santana, havia o can\u00f3dromo (corrida de c\u00e3es).<\/p>\n<figure id=\"attachment_91444\" aria-describedby=\"caption-attachment-91444\" style=\"width: 300px\" class=\"wp-caption alignnone\"><img decoding=\"async\" data-attachment-id=\"91444\" data-permalink=\"https:\/\/www.jornalja.com.br\/cultura\/exposicao-do-centenario-farroupilha-foi-o-apice-na-construcao-das-bases-historicas-e-culturais-do-rgs\/franc-isco-pavilhao-cultural-da-exposicao-do-centenario-farroupilha-1935-in-relatorio-de-alberto-bins-1936-2\/\" data-orig-file=\"https:\/\/www.jornalja.com.br\/cultura\/wp-content\/uploads\/sites\/2\/2025\/10\/franc-isco-pavilhao-cultural-da-exposicao-do-centenario-farroupilha-1935-in-relatorio-de-alberto-bins-1936-scaled.jpg\" data-orig-size=\"2560,1541\" data-comments-opened=\"0\" data-image-meta=\"{&quot;aperture&quot;:&quot;0&quot;,&quot;credit&quot;:&quot;&quot;,&quot;camera&quot;:&quot;&quot;,&quot;caption&quot;:&quot;&quot;,&quot;created_timestamp&quot;:&quot;0&quot;,&quot;copyright&quot;:&quot;&quot;,&quot;focal_length&quot;:&quot;0&quot;,&quot;iso&quot;:&quot;0&quot;,&quot;shutter_speed&quot;:&quot;0&quot;,&quot;title&quot;:&quot;&quot;,&quot;orientation&quot;:&quot;1&quot;}\" data-image-title=\"franc isco Pavilha\u0303o Cultural da Exposic\u0327a\u0303o do Centena\u0301rio Farroupilha 1935 &amp;#8211; In Relato\u0301rio de Alberto Bins 1936\" data-image-description=\"\" data-image-caption=\"&lt;p&gt;Pavilha\u0303o Cultural da Exposic\u0327a\u0303o do Centena\u0301rio Farroupilha 1935 &amp;#8211; In Relato\u0301rio de Alberto Bins 1936\/ Divulga\u00e7\u00e3o&lt;\/p&gt;\n\" data-large-file=\"https:\/\/www.jornalja.com.br\/cultura\/wp-content\/uploads\/sites\/2\/2025\/10\/franc-isco-pavilhao-cultural-da-exposicao-do-centenario-farroupilha-1935-in-relatorio-de-alberto-bins-1936-1024x616.jpg\" class=\"size-medium wp-image-91444\" src=\"https:\/\/www.jornalja.com.br\/cultura\/wp-content\/uploads\/sites\/2\/2025\/10\/franc-isco-pavilhao-cultural-da-exposicao-do-centenario-farroupilha-1935-in-relatorio-de-alberto-bins-1936-300x181.jpg\" alt=\"\" width=\"300\" height=\"181\" srcset=\"https:\/\/www.jornalja.com.br\/cultura\/wp-content\/uploads\/sites\/2\/2025\/10\/franc-isco-pavilhao-cultural-da-exposicao-do-centenario-farroupilha-1935-in-relatorio-de-alberto-bins-1936-300x181.jpg 300w, https:\/\/www.jornalja.com.br\/cultura\/wp-content\/uploads\/sites\/2\/2025\/10\/franc-isco-pavilhao-cultural-da-exposicao-do-centenario-farroupilha-1935-in-relatorio-de-alberto-bins-1936-1024x616.jpg 1024w, https:\/\/www.jornalja.com.br\/cultura\/wp-content\/uploads\/sites\/2\/2025\/10\/franc-isco-pavilhao-cultural-da-exposicao-do-centenario-farroupilha-1935-in-relatorio-de-alberto-bins-1936-768x462.jpg 768w, https:\/\/www.jornalja.com.br\/cultura\/wp-content\/uploads\/sites\/2\/2025\/10\/franc-isco-pavilhao-cultural-da-exposicao-do-centenario-farroupilha-1935-in-relatorio-de-alberto-bins-1936-1536x925.jpg 1536w, https:\/\/www.jornalja.com.br\/cultura\/wp-content\/uploads\/sites\/2\/2025\/10\/franc-isco-pavilhao-cultural-da-exposicao-do-centenario-farroupilha-1935-in-relatorio-de-alberto-bins-1936-2048x1233.jpg 2048w, https:\/\/www.jornalja.com.br\/cultura\/wp-content\/uploads\/sites\/2\/2025\/10\/franc-isco-pavilhao-cultural-da-exposicao-do-centenario-farroupilha-1935-in-relatorio-de-alberto-bins-1936-1200x722.jpg 1200w\" sizes=\"(max-width: 300px) 100vw, 300px\" \/><figcaption id=\"caption-attachment-91444\" class=\"wp-caption-text\">Pavilha\u0303o Cultural da Exposic\u0327a\u0303o do Centena\u0301rio Farroupilha 1935 &#8211; In Relato\u0301rio de Alberto Bins 1936\/ Divulga\u00e7\u00e3o<\/figcaption><\/figure>\n<p>Tamb\u00e9m monumental, foi a exposi\u00e7\u00e3o de animais de nossa agropecu\u00e1ria, uma \u201cmini-Expointer\u201d em plena Reden\u00e7\u00e3o. O Pavilh\u00e3o Cultural foi reali-<\/p>\n<p>zado no \u00fanico pr\u00e9dio edificado para ser permanente e para abrigar, ap\u00f3s a Exposi\u00e7\u00e3o do Centen\u00e1rio Farroupilha, uma escola p\u00fablica modelo, o hoje Instituto de Educa\u00e7\u00e3o Flores da Cunha.<\/p>\n<p>Sua entrada dava-se diretamente pela Av. Osvaldo Aranha, com ingresso pr\u00f3prio. A se\u00e7\u00e3o de artes pl\u00e1sticas do pavilh\u00e3o foi uma das maiores exposi\u00e7\u00f5es de arte j\u00e1 realizadas em Porto Alegre. Somente na Se\u00e7\u00e3o de Pintura, participaram 780 trabalhos.<\/p>\n<p>Aquele contexto do Centen\u00e1rio Farroupilha tomou conta da cidade, influindo na autoestima local, sendo o mais grandioso evento que Porto Alegre j\u00e1 teve, proporcionalmente, a considerar o tamanho da capital \u00e0 \u00e9poca, com estimados 313.500 habitantes.<\/p>\n<p>Nas comemora\u00e7\u00f5es de 1935 houve uma onda de monumentos, em grande n\u00famero de munic\u00edpios ga\u00fachos. Para o ambiente do Campo da Reden\u00e7\u00e3o, na oportunidade batizado de Parque Farroupilha, tamb\u00e9m monumentos foram inaugurados. Infelizmente, este significativo legado em forma de arte encontra-se hoje semidestru\u00eddo, em farrapos. A principal obra foi a est\u00e1tua equestre de Bento Gon\u00e7alves, encomendada a Antonio Caringi.<\/p>\n<p>Esse monumento, em 1940, foi transferido para a Av. Jo\u00e3o Pessoa, junto \u00e0 Pra\u00e7a Piratini. Com os anos, paulatinamente esta obra, realizada na Alemanha os<\/p>\n<p>bronzes, foi esquecida por autoridades e sociedade. Foi completamente abandonado, furtadas pe\u00e7as e emporcalhado: uma vergonha \u00e0 mem\u00f3ria farroupilha \u00e9 o que resta do monumento dedicado aquele que foi um dos mais destacados sul rio-grandenses, o Gen. Bento Gon\u00e7alves.<\/p>\n<figure id=\"attachment_91448\" aria-describedby=\"caption-attachment-91448\" style=\"width: 300px\" class=\"wp-caption alignnone\"><img decoding=\"async\" data-attachment-id=\"91448\" data-permalink=\"https:\/\/www.jornalja.com.br\/cultura\/exposicao-do-centenario-farroupilha-foi-o-apice-na-construcao-das-bases-historicas-e-culturais-do-rgs\/francisco-vista-geral-da-exposicao-do-centenario-farroupilha-1935-foto-do-acervo-do-museu-de-porto-alegre-joaquim-felizardo-fotografia-da-casa-do-amador-2\/\" data-orig-file=\"https:\/\/www.jornalja.com.br\/cultura\/wp-content\/uploads\/sites\/2\/2025\/10\/francisco-vista-geral-da-exposicao-do-centenario-farroupilha-1935-foto-do-acervo-do-museu-de-porto-alegre-joaquim-felizardo-fotografia-da-casa-do-amador-scaled.jpg\" data-orig-size=\"2560,1588\" data-comments-opened=\"0\" data-image-meta=\"{&quot;aperture&quot;:&quot;0&quot;,&quot;credit&quot;:&quot;&quot;,&quot;camera&quot;:&quot;&quot;,&quot;caption&quot;:&quot;&quot;,&quot;created_timestamp&quot;:&quot;0&quot;,&quot;copyright&quot;:&quot;&quot;,&quot;focal_length&quot;:&quot;0&quot;,&quot;iso&quot;:&quot;0&quot;,&quot;shutter_speed&quot;:&quot;0&quot;,&quot;title&quot;:&quot;&quot;,&quot;orientation&quot;:&quot;1&quot;}\" data-image-title=\"francisco Vista geral da Exposic\u0327a\u0303o do Centena\u0301rio Farroupilha 1935 \u2013 Foto do Acervo do Museu de Porto Alegre Joaquim Felizardo \u2013 Fotografia da Casa do Amador\" data-image-description=\"\" data-image-caption=\"&lt;p&gt;Vista geral da Exposic\u0327a\u0303o do Centena\u0301rio Farroupilha 1935 \u2013 Foto do Acervo do Museu de Porto Alegre Joaquim Felizardo \u2013 Fotografia da Casa do Amador\/ Divulga\u00e7\u00e3o&lt;\/p&gt;\n\" data-large-file=\"https:\/\/www.jornalja.com.br\/cultura\/wp-content\/uploads\/sites\/2\/2025\/10\/francisco-vista-geral-da-exposicao-do-centenario-farroupilha-1935-foto-do-acervo-do-museu-de-porto-alegre-joaquim-felizardo-fotografia-da-casa-do-amador-1024x635.jpg\" class=\"size-medium wp-image-91448\" src=\"https:\/\/www.jornalja.com.br\/cultura\/wp-content\/uploads\/sites\/2\/2025\/10\/francisco-vista-geral-da-exposicao-do-centenario-farroupilha-1935-foto-do-acervo-do-museu-de-porto-alegre-joaquim-felizardo-fotografia-da-casa-do-amador-300x186.jpg\" alt=\"\" width=\"300\" height=\"186\" srcset=\"https:\/\/www.jornalja.com.br\/cultura\/wp-content\/uploads\/sites\/2\/2025\/10\/francisco-vista-geral-da-exposicao-do-centenario-farroupilha-1935-foto-do-acervo-do-museu-de-porto-alegre-joaquim-felizardo-fotografia-da-casa-do-amador-300x186.jpg 300w, https:\/\/www.jornalja.com.br\/cultura\/wp-content\/uploads\/sites\/2\/2025\/10\/francisco-vista-geral-da-exposicao-do-centenario-farroupilha-1935-foto-do-acervo-do-museu-de-porto-alegre-joaquim-felizardo-fotografia-da-casa-do-amador-1024x635.jpg 1024w, https:\/\/www.jornalja.com.br\/cultura\/wp-content\/uploads\/sites\/2\/2025\/10\/francisco-vista-geral-da-exposicao-do-centenario-farroupilha-1935-foto-do-acervo-do-museu-de-porto-alegre-joaquim-felizardo-fotografia-da-casa-do-amador-768x476.jpg 768w, https:\/\/www.jornalja.com.br\/cultura\/wp-content\/uploads\/sites\/2\/2025\/10\/francisco-vista-geral-da-exposicao-do-centenario-farroupilha-1935-foto-do-acervo-do-museu-de-porto-alegre-joaquim-felizardo-fotografia-da-casa-do-amador-1536x953.jpg 1536w, https:\/\/www.jornalja.com.br\/cultura\/wp-content\/uploads\/sites\/2\/2025\/10\/francisco-vista-geral-da-exposicao-do-centenario-farroupilha-1935-foto-do-acervo-do-museu-de-porto-alegre-joaquim-felizardo-fotografia-da-casa-do-amador-2048x1271.jpg 2048w, https:\/\/www.jornalja.com.br\/cultura\/wp-content\/uploads\/sites\/2\/2025\/10\/francisco-vista-geral-da-exposicao-do-centenario-farroupilha-1935-foto-do-acervo-do-museu-de-porto-alegre-joaquim-felizardo-fotografia-da-casa-do-amador-1200x744.jpg 1200w\" sizes=\"(max-width: 300px) 100vw, 300px\" \/><figcaption id=\"caption-attachment-91448\" class=\"wp-caption-text\">Vista geral da Exposic\u0327a\u0303o do Centena\u0301rio Farroupilha 1935 \u2013 Foto do Acervo do Museu de Porto Alegre Joaquim Felizardo \u2013 Fotografia da Casa do Amador\/ Divulga\u00e7\u00e3o<\/figcaption><\/figure>\n<p>A hist\u00f3ria da Exposi\u00e7\u00e3o do Centen\u00e1rio Farroupilha encontra-se em exibi\u00e7\u00e3o na Casa da Mem\u00f3ria Unimed Federa\u00e7\u00e3o\/RS, com a exibi\u00e7\u00e3o de fotografias dos pavilh\u00f5es, maquete do p\u00f3rtico, obras de artistas da organiza\u00e7\u00e3o do Pavilh\u00e3o Cultural e outros itens relativos ao evento.<\/p>\n<figure id=\"attachment_91446\" aria-describedby=\"caption-attachment-91446\" style=\"width: 300px\" class=\"wp-caption alignnone\"><img decoding=\"async\" data-attachment-id=\"91446\" data-permalink=\"https:\/\/www.jornalja.com.br\/cultura\/exposicao-do-centenario-farroupilha-foi-o-apice-na-construcao-das-bases-historicas-e-culturais-do-rgs\/francisco-pavilhao-da-industria-estrangeira-1935-foto-do-acervo-do-museu-de-porto-alegre-joaquim-felizardo-atribuida-a-foto-becker-2\/\" data-orig-file=\"https:\/\/www.jornalja.com.br\/cultura\/wp-content\/uploads\/sites\/2\/2025\/10\/francisco-pavilhao-da-industria-estrangeira-1935-foto-do-acervo-do-museu-de-porto-alegre-joaquim-felizardo-atribuida-a-foto-becker-scaled.jpg\" data-orig-size=\"2560,1547\" data-comments-opened=\"0\" data-image-meta=\"{&quot;aperture&quot;:&quot;0&quot;,&quot;credit&quot;:&quot;&quot;,&quot;camera&quot;:&quot;&quot;,&quot;caption&quot;:&quot;&quot;,&quot;created_timestamp&quot;:&quot;0&quot;,&quot;copyright&quot;:&quot;&quot;,&quot;focal_length&quot;:&quot;0&quot;,&quot;iso&quot;:&quot;0&quot;,&quot;shutter_speed&quot;:&quot;0&quot;,&quot;title&quot;:&quot;&quot;,&quot;orientation&quot;:&quot;1&quot;}\" data-image-title=\"Pavilha\u0303o da Indu\u0301stria Estrangeira 1935 \u2013 Foto do Acervo do Museu de Porto Alegre Joaquim Felizardo atribui\u0301da a\u0300 Foto Becker\" data-image-description=\"\" data-image-caption=\"&lt;p&gt;Pavilha\u0303o da Indu\u0301stria Estrangeira 1935 \u2013 Foto do Acervo do Museu de Porto Alegre Joaquim Felizardo atribui\u0301da a\u0300 Foto Becker\/ Divulga\u00e7\u00e3o&lt;\/p&gt;\n\" data-large-file=\"https:\/\/www.jornalja.com.br\/cultura\/wp-content\/uploads\/sites\/2\/2025\/10\/francisco-pavilhao-da-industria-estrangeira-1935-foto-do-acervo-do-museu-de-porto-alegre-joaquim-felizardo-atribuida-a-foto-becker-1024x619.jpg\" class=\"size-medium wp-image-91446\" src=\"https:\/\/www.jornalja.com.br\/cultura\/wp-content\/uploads\/sites\/2\/2025\/10\/francisco-pavilhao-da-industria-estrangeira-1935-foto-do-acervo-do-museu-de-porto-alegre-joaquim-felizardo-atribuida-a-foto-becker-300x181.jpg\" alt=\"\" width=\"300\" height=\"181\" srcset=\"https:\/\/www.jornalja.com.br\/cultura\/wp-content\/uploads\/sites\/2\/2025\/10\/francisco-pavilhao-da-industria-estrangeira-1935-foto-do-acervo-do-museu-de-porto-alegre-joaquim-felizardo-atribuida-a-foto-becker-300x181.jpg 300w, https:\/\/www.jornalja.com.br\/cultura\/wp-content\/uploads\/sites\/2\/2025\/10\/francisco-pavilhao-da-industria-estrangeira-1935-foto-do-acervo-do-museu-de-porto-alegre-joaquim-felizardo-atribuida-a-foto-becker-1024x619.jpg 1024w, https:\/\/www.jornalja.com.br\/cultura\/wp-content\/uploads\/sites\/2\/2025\/10\/francisco-pavilhao-da-industria-estrangeira-1935-foto-do-acervo-do-museu-de-porto-alegre-joaquim-felizardo-atribuida-a-foto-becker-768x464.jpg 768w, https:\/\/www.jornalja.com.br\/cultura\/wp-content\/uploads\/sites\/2\/2025\/10\/francisco-pavilhao-da-industria-estrangeira-1935-foto-do-acervo-do-museu-de-porto-alegre-joaquim-felizardo-atribuida-a-foto-becker-1536x928.jpg 1536w, https:\/\/www.jornalja.com.br\/cultura\/wp-content\/uploads\/sites\/2\/2025\/10\/francisco-pavilhao-da-industria-estrangeira-1935-foto-do-acervo-do-museu-de-porto-alegre-joaquim-felizardo-atribuida-a-foto-becker-2048x1237.jpg 2048w, https:\/\/www.jornalja.com.br\/cultura\/wp-content\/uploads\/sites\/2\/2025\/10\/francisco-pavilhao-da-industria-estrangeira-1935-foto-do-acervo-do-museu-de-porto-alegre-joaquim-felizardo-atribuida-a-foto-becker-1200x725.jpg 1200w\" sizes=\"(max-width: 300px) 100vw, 300px\" \/><figcaption id=\"caption-attachment-91446\" class=\"wp-caption-text\">Pavilha\u0303o da Indu\u0301stria Estrangeira 1935 \u2013 Foto do Acervo do Museu de Porto Alegre Joaquim Felizardo atribui\u0301da a\u0300 Foto Becker\/ Divulga\u00e7\u00e3o<\/figcaption><\/figure>\n<p>Tamb\u00e9m haver\u00e1 mesa redonda sobre arquitetura e hist\u00f3ria, bem como uma visita orientada ao Parque Farroupilha. Trata-se de oportunidade de conhecer um evento que distancia-se no passado, \u00e9 tratado com lendas e equ\u00edvocos de interpreta\u00e7\u00e3o e, por isso, precisa ser devidamente lembrado. Seu maior legado foi definitivamente fazer do Campo da Reden\u00e7\u00e3o um parque p\u00fablico, cujos primeiros elementos do anteprojeto de Alfred Agache, elaborado em 1928, foram constru\u00eddos para a Exposi\u00e7\u00e3o do Centen\u00e1rio Farroupilha.<\/p>\n<p>O Pavilh\u00e3o Cultural foi realizado no \u00fanico pr\u00e9dio edificado para ser permanente e para abrigar, ap\u00f3s a Exposi\u00e7\u00e3o do Centen\u00e1rio Farroupilha, uma escola p\u00fablica modelo, o hoje Instituto de Educa\u00e7\u00e3o Flores da Cunha.<\/p>\n<p>s\u00e1bado A Exposi\u00e7\u00e3o do Centen\u00e1rio Farroupilha<\/p>\n<p>completa 90 anos<\/p>\n<p>Encerramento da Exposi\u00e7\u00e3o do Centen\u00e1rio Farroupilha em Relat\u00f3rio de Alberto Bins no ano de 1936<\/p>\n<p>CP MEM\u00d3RIA<\/p>\n<p>&nbsp;<\/p>\n<p>\u201cExposi\u00e7\u00e3o 90 de 35 \u2013 Arte,<\/p>\n<p>Hist\u00f3ria e Arquitetura na Exposi\u00e7\u00e3o do Centen\u00e1rio Farroupilha<\/p>\n<p>Curadoria de Jos\u00e9 Francisco Alves e Marco Aur\u00e9lio Bier-<\/p>\n<p>mann Pinto.<\/p>\n<p>Visita\u00e7\u00e3o de segundas a sex-<\/p>\n<p>tas, das 13h \u00e0s 18h. At\u00e9 dia 24 de outubro.<\/p>\n<p>Casa da Mem\u00f3ria Unimed Federa\u00e7\u00e3o\/RS. rua Santa Tere-<\/p>\n<p>zinha, 263,<\/p>\n","protected":false},"excerpt":{"rendered":"<p>Texto: Jos\u00e9 Francisco Alves A Exposi\u00e7\u00e3o do Centen\u00e1rio Farroupilha foi o \u00e1pice na constru\u00e7\u00e3o das \u201cbases\u201d hist\u00f3ricas e culturais do Rio Grande do Sul como indissoci\u00e1veis \u00e0 heran\u00e7a e ao culto da epopeia farrapa (1835-1845). Desde pelo menos 1879 j\u00e1 havia essa tentativa, \u00e0 vista da encomenda ao pintor Guilherme Litran para o retrato equestre [&hellip;]<\/p>\n","protected":false},"author":3,"featured_media":0,"comment_status":"closed","ping_status":"open","sticky":false,"template":"","format":"standard","meta":{"jetpack_post_was_ever_published":false,"_jetpack_newsletter_access":"","_jetpack_dont_email_post_to_subs":false,"_jetpack_newsletter_tier_id":0,"_jetpack_memberships_contains_paywalled_content":false,"_jetpack_memberships_contains_paid_content":false,"footnotes":"","jetpack_publicize_message":"","jetpack_publicize_feature_enabled":true,"jetpack_social_post_already_shared":true,"jetpack_social_options":{"image_generator_settings":{"template":"highway","default_image_id":0,"font":"","enabled":false},"version":2}},"categories":[2],"tags":[],"class_list":["post-91443","post","type-post","status-publish","format-standard","hentry","category-materiasecundaria"],"aioseo_notices":[],"jetpack_publicize_connections":[],"jetpack_featured_media_url":"","jetpack-related-posts":[{"id":89896,"url":"https:\/\/www.jornalja.com.br\/cultura\/no-casarao-restaurado-a-memoria-de-bento-goncalves-e-seu-tempo\/","url_meta":{"origin":91443,"position":0},"title":"No casar\u00e3o restaurado, a mem\u00f3ria de Bento Gon\u00e7alves e seu tempo","author":"da Reda\u00e7\u00e3o","date":"16 de setembro de 2024","format":false,"excerpt":"Desde s\u00e1bado, 14\/9, est\u00e1 aberta a exposi\u00e7\u00e3o \u201cBento Gon\u00e7alves \u2013 seu tempo e lugar\u201d, no casar\u00e3o* em que viveu o l\u00edder farroupilha, hoje restaurado e transformado em Museu do Parque Hist\u00f3rico General Bento Gon\u00e7alves, no munic\u00edpio de Cristal, na regi\u00e3o Sul do Estado. Objetos, quadros, fotografias resgatam mem\u00f3rias do homem\u2026","rel":"","context":"Em &quot;Cultura-MAT\u00c9RIA&quot;","block_context":{"text":"Cultura-MAT\u00c9RIA","link":"https:\/\/www.jornalja.com.br\/cultura\/category\/materiasecundaria\/"},"img":{"alt_text":"","src":"https:\/\/i0.wp.com\/www.jornalja.com.br\/cultura\/wp-content\/uploads\/sites\/2\/2024\/09\/bento-goncalves-casarao-do-museu.jpeg?resize=350%2C200&ssl=1","width":350,"height":200,"srcset":"https:\/\/i0.wp.com\/www.jornalja.com.br\/cultura\/wp-content\/uploads\/sites\/2\/2024\/09\/bento-goncalves-casarao-do-museu.jpeg?resize=350%2C200&ssl=1 1x, https:\/\/i0.wp.com\/www.jornalja.com.br\/cultura\/wp-content\/uploads\/sites\/2\/2024\/09\/bento-goncalves-casarao-do-museu.jpeg?resize=525%2C300&ssl=1 1.5x"},"classes":[]},{"id":82687,"url":"https:\/\/www.jornalja.com.br\/cultura\/bento-esse-desconhecido-um-debate-sobre-a-atualidade-do-mito-farroupilha-2\/","url_meta":{"origin":91443,"position":1},"title":"\u201cBento, esse desconhecido\u201d: um debate sobre a atualidade do mito farroupilha","author":"da Reda\u00e7\u00e3o","date":"19 de setembro de 2020","format":false,"excerpt":"Bento Gon\u00e7alves, esse desconhecido, foi o tema da live do Jornal J\u00c1 neste 20 de setembro, no You Tube. Com media\u00e7\u00e3o do editor Elmar Bones, o debate contou com\u00a0Giovanni Mesquita, muse\u00f3logo e historiador, autor da \u00fanica biografia de Bento, cujo primeiro volume j\u00e1 foi publicado; Jos\u00e9 Ant\u00f4nio Severo, jornalista e\u2026","rel":"","context":"Em &quot;Cultura-MAT\u00c9RIA&quot;","block_context":{"text":"Cultura-MAT\u00c9RIA","link":"https:\/\/www.jornalja.com.br\/cultura\/category\/materiasecundaria\/"},"img":{"alt_text":"","src":"https:\/\/i0.wp.com\/www.jornalja.com.br\/cultura\/wp-content\/uploads\/sites\/2\/2020\/09\/bento-live.jpg?resize=350%2C200&ssl=1","width":350,"height":200,"srcset":"https:\/\/i0.wp.com\/www.jornalja.com.br\/cultura\/wp-content\/uploads\/sites\/2\/2020\/09\/bento-live.jpg?resize=350%2C200&ssl=1 1x, https:\/\/i0.wp.com\/www.jornalja.com.br\/cultura\/wp-content\/uploads\/sites\/2\/2020\/09\/bento-live.jpg?resize=525%2C300&ssl=1 1.5x, https:\/\/i0.wp.com\/www.jornalja.com.br\/cultura\/wp-content\/uploads\/sites\/2\/2020\/09\/bento-live.jpg?resize=700%2C400&ssl=1 2x, https:\/\/i0.wp.com\/www.jornalja.com.br\/cultura\/wp-content\/uploads\/sites\/2\/2020\/09\/bento-live.jpg?resize=1050%2C600&ssl=1 3x, https:\/\/i0.wp.com\/www.jornalja.com.br\/cultura\/wp-content\/uploads\/sites\/2\/2020\/09\/bento-live.jpg?resize=1400%2C800&ssl=1 4x"},"classes":[]},{"id":89579,"url":"https:\/\/www.jornalja.com.br\/cultura\/exposicao-lagrima-com-14-esculturas-de-eloisa-tregnago-na-ocre-galeria\/","url_meta":{"origin":91443,"position":2},"title":"Exposi\u00e7\u00e3o \u201cL\u00e1grima&#8221;, com 14 esculturas de Eloisa Tregnago, na Ocre Galeria","author":"da Reda\u00e7\u00e3o","date":"19 de junho de 2024","format":false,"excerpt":"Programada inicialmente para abrir no dia 04 de maio e cancelada devido ao agravamento da crise clim\u00e1tica, a exposi\u00e7\u00e3o \u201cL\u00e1grima\", de\u00a0Eloisa Tregnago, ser\u00e1 inaugurado no pr\u00f3ximo dia\u00a029 de junho, s\u00e1bado, das\u00a011h \u00e0s 14h, na\u00a0Ocre Galeria, localizada na Rua Dem\u00e9trio Ribeiro, 535, Centro Hist\u00f3rico de Porto Alegre. O portentoso conjunto escult\u00f3rico\u2026","rel":"","context":"Em &quot;Cultura-MAT\u00c9RIA&quot;","block_context":{"text":"Cultura-MAT\u00c9RIA","link":"https:\/\/www.jornalja.com.br\/cultura\/category\/materiasecundaria\/"},"img":{"alt_text":"","src":"https:\/\/i0.wp.com\/www.jornalja.com.br\/cultura\/wp-content\/uploads\/sites\/2\/2024\/06\/galeria-1-unnamed.jpg?resize=350%2C200&ssl=1","width":350,"height":200,"srcset":"https:\/\/i0.wp.com\/www.jornalja.com.br\/cultura\/wp-content\/uploads\/sites\/2\/2024\/06\/galeria-1-unnamed.jpg?resize=350%2C200&ssl=1 1x, https:\/\/i0.wp.com\/www.jornalja.com.br\/cultura\/wp-content\/uploads\/sites\/2\/2024\/06\/galeria-1-unnamed.jpg?resize=525%2C300&ssl=1 1.5x, https:\/\/i0.wp.com\/www.jornalja.com.br\/cultura\/wp-content\/uploads\/sites\/2\/2024\/06\/galeria-1-unnamed.jpg?resize=700%2C400&ssl=1 2x, https:\/\/i0.wp.com\/www.jornalja.com.br\/cultura\/wp-content\/uploads\/sites\/2\/2024\/06\/galeria-1-unnamed.jpg?resize=1050%2C600&ssl=1 3x"},"classes":[]},{"id":89439,"url":"https:\/\/www.jornalja.com.br\/cultura\/a-obra-escultorica-de-eloisa-tregnago-de-cabecas-esculpidas-em-marmores-na-ocre-galeria\/","url_meta":{"origin":91443,"position":3},"title":"A obra escult\u00f3rica de\u00a0Eloisa Tregnago, de cabe\u00e7as esculpidas em m\u00e1rmores, na Ocre Galeria","author":"da Reda\u00e7\u00e3o","date":"30 de abril de 2024","format":false,"excerpt":"A portentosa obra escult\u00f3rica de\u00a0Eloisa Tregnago\u00a0constitui a exposi\u00e7\u00e3o \u201cL\u00e1grima\", escolhida para brindar o segundo ano de exist\u00eancia da\u00a0Ocre Galeria, que ser\u00e1 comemorado ao longo do m\u00eas de maio. A artista apresenta cerca de 14 pe\u00e7as esculpidas em m\u00e1rmore nas quais predomina o rosto feminino. A abertura ocorre neste\u00a0s\u00e1bado, dia\u00a04 de\u2026","rel":"","context":"Em &quot;Cultura-NOTAS&quot;","block_context":{"text":"Cultura-NOTAS","link":"https:\/\/www.jornalja.com.br\/cultura\/category\/culturanotas\/"},"img":{"alt_text":"","src":"https:\/\/i0.wp.com\/www.jornalja.com.br\/cultura\/wp-content\/uploads\/sites\/2\/2024\/04\/eloisa-tregnago-f1700media-credito-valdir-ben-scaled.jpg?resize=350%2C200&ssl=1","width":350,"height":200,"srcset":"https:\/\/i0.wp.com\/www.jornalja.com.br\/cultura\/wp-content\/uploads\/sites\/2\/2024\/04\/eloisa-tregnago-f1700media-credito-valdir-ben-scaled.jpg?resize=350%2C200&ssl=1 1x, https:\/\/i0.wp.com\/www.jornalja.com.br\/cultura\/wp-content\/uploads\/sites\/2\/2024\/04\/eloisa-tregnago-f1700media-credito-valdir-ben-scaled.jpg?resize=525%2C300&ssl=1 1.5x, https:\/\/i0.wp.com\/www.jornalja.com.br\/cultura\/wp-content\/uploads\/sites\/2\/2024\/04\/eloisa-tregnago-f1700media-credito-valdir-ben-scaled.jpg?resize=700%2C400&ssl=1 2x, https:\/\/i0.wp.com\/www.jornalja.com.br\/cultura\/wp-content\/uploads\/sites\/2\/2024\/04\/eloisa-tregnago-f1700media-credito-valdir-ben-scaled.jpg?resize=1050%2C600&ssl=1 3x, https:\/\/i0.wp.com\/www.jornalja.com.br\/cultura\/wp-content\/uploads\/sites\/2\/2024\/04\/eloisa-tregnago-f1700media-credito-valdir-ben-scaled.jpg?resize=1400%2C800&ssl=1 4x"},"classes":[]},{"id":89948,"url":"https:\/\/www.jornalja.com.br\/cultura\/luigi-rossetti-o-editor-dos-farrapos-em-lancamento-na-feira-literaria-de-viamao\/","url_meta":{"origin":91443,"position":4},"title":"Luigi Rossetti, o editor dos Farrapos, em lan\u00e7amento na Feira Liter\u00e1ria de Viam\u00e3o","author":"Patr\u00edcia Marini","date":"25 de setembro de 2024","format":false,"excerpt":"O livro O Editor sem Rosto, do jornalista Elmar Bones, resgata a hist\u00f3ria e as ideias de Luigi Rossetti, o revolucion\u00e1rio italiano que criou e editou O Povo, o lend\u00e1rio jornal dos farroupilhas. \u201cEle n\u00e3o podia aparecer, porque era um estrangeiro e acabou completamente esquecido\u201d, diz o autor. Hoje, segundo\u2026","rel":"","context":"Em &quot;Cultura-MAT\u00c9RIA&quot;","block_context":{"text":"Cultura-MAT\u00c9RIA","link":"https:\/\/www.jornalja.com.br\/cultura\/category\/materiasecundaria\/"},"img":{"alt_text":"","src":"https:\/\/i0.wp.com\/www.jornalja.com.br\/cultura\/wp-content\/uploads\/sites\/2\/2024\/09\/rossetti-prmeira-pagina-do-numero-1-o-povo.png?resize=350%2C200&ssl=1","width":350,"height":200,"srcset":"https:\/\/i0.wp.com\/www.jornalja.com.br\/cultura\/wp-content\/uploads\/sites\/2\/2024\/09\/rossetti-prmeira-pagina-do-numero-1-o-povo.png?resize=350%2C200&ssl=1 1x, https:\/\/i0.wp.com\/www.jornalja.com.br\/cultura\/wp-content\/uploads\/sites\/2\/2024\/09\/rossetti-prmeira-pagina-do-numero-1-o-povo.png?resize=525%2C300&ssl=1 1.5x, https:\/\/i0.wp.com\/www.jornalja.com.br\/cultura\/wp-content\/uploads\/sites\/2\/2024\/09\/rossetti-prmeira-pagina-do-numero-1-o-povo.png?resize=700%2C400&ssl=1 2x, https:\/\/i0.wp.com\/www.jornalja.com.br\/cultura\/wp-content\/uploads\/sites\/2\/2024\/09\/rossetti-prmeira-pagina-do-numero-1-o-povo.png?resize=1050%2C600&ssl=1 3x, https:\/\/i0.wp.com\/www.jornalja.com.br\/cultura\/wp-content\/uploads\/sites\/2\/2024\/09\/rossetti-prmeira-pagina-do-numero-1-o-povo.png?resize=1400%2C800&ssl=1 4x"},"classes":[]},{"id":90202,"url":"https:\/\/www.jornalja.com.br\/cultura\/luigi-rossetti-o-editor-dos-farrapos-na-feira-do-livro-de-porto-alegre\/","url_meta":{"origin":91443,"position":5},"title":"Luigi Rossetti, o editor dos Farrapos, na Feira do Livro de Porto Alegre","author":"da Reda\u00e7\u00e3o","date":"5 de novembro de 2024","format":false,"excerpt":"O jornalista\u00a0 Elmar Bones\u00a0 autografa hoje, \u00e0s 19 horas, na Feira do Livro de Porto Alegre, seu livro O Editor sem Rosto, que resgata a hist\u00f3ria e as ideias de Luigi Rossetti, o revolucion\u00e1rio italiano que criou e editou O Povo, o lend\u00e1rio jornal dos farroupilhas. \u201cEle n\u00e3o podia aparecer,\u2026","rel":"","context":"Em &quot;Cultura-MAT\u00c9RIA&quot;","block_context":{"text":"Cultura-MAT\u00c9RIA","link":"https:\/\/www.jornalja.com.br\/cultura\/category\/materiasecundaria\/"},"img":{"alt_text":"","src":"https:\/\/i0.wp.com\/www.jornalja.com.br\/cultura\/wp-content\/uploads\/sites\/2\/2024\/11\/20241031-155758-scaled.jpg?resize=350%2C200&ssl=1","width":350,"height":200,"srcset":"https:\/\/i0.wp.com\/www.jornalja.com.br\/cultura\/wp-content\/uploads\/sites\/2\/2024\/11\/20241031-155758-scaled.jpg?resize=350%2C200&ssl=1 1x, https:\/\/i0.wp.com\/www.jornalja.com.br\/cultura\/wp-content\/uploads\/sites\/2\/2024\/11\/20241031-155758-scaled.jpg?resize=525%2C300&ssl=1 1.5x, https:\/\/i0.wp.com\/www.jornalja.com.br\/cultura\/wp-content\/uploads\/sites\/2\/2024\/11\/20241031-155758-scaled.jpg?resize=700%2C400&ssl=1 2x, https:\/\/i0.wp.com\/www.jornalja.com.br\/cultura\/wp-content\/uploads\/sites\/2\/2024\/11\/20241031-155758-scaled.jpg?resize=1050%2C600&ssl=1 3x, https:\/\/i0.wp.com\/www.jornalja.com.br\/cultura\/wp-content\/uploads\/sites\/2\/2024\/11\/20241031-155758-scaled.jpg?resize=1400%2C800&ssl=1 4x"},"classes":[]}],"jetpack_shortlink":"https:\/\/wp.me\/pbKnZc-nMT","jetpack_sharing_enabled":true,"_links":{"self":[{"href":"https:\/\/www.jornalja.com.br\/cultura\/wp-json\/wp\/v2\/posts\/91443","targetHints":{"allow":["GET"]}}],"collection":[{"href":"https:\/\/www.jornalja.com.br\/cultura\/wp-json\/wp\/v2\/posts"}],"about":[{"href":"https:\/\/www.jornalja.com.br\/cultura\/wp-json\/wp\/v2\/types\/post"}],"author":[{"embeddable":true,"href":"https:\/\/www.jornalja.com.br\/cultura\/wp-json\/wp\/v2\/users\/3"}],"replies":[{"embeddable":true,"href":"https:\/\/www.jornalja.com.br\/cultura\/wp-json\/wp\/v2\/comments?post=91443"}],"version-history":[{"count":5,"href":"https:\/\/www.jornalja.com.br\/cultura\/wp-json\/wp\/v2\/posts\/91443\/revisions"}],"predecessor-version":[{"id":91453,"href":"https:\/\/www.jornalja.com.br\/cultura\/wp-json\/wp\/v2\/posts\/91443\/revisions\/91453"}],"wp:attachment":[{"href":"https:\/\/www.jornalja.com.br\/cultura\/wp-json\/wp\/v2\/media?parent=91443"}],"wp:term":[{"taxonomy":"category","embeddable":true,"href":"https:\/\/www.jornalja.com.br\/cultura\/wp-json\/wp\/v2\/categories?post=91443"},{"taxonomy":"post_tag","embeddable":true,"href":"https:\/\/www.jornalja.com.br\/cultura\/wp-json\/wp\/v2\/tags?post=91443"}],"curies":[{"name":"wp","href":"https:\/\/api.w.org\/{rel}","templated":true}]}}