{"id":91455,"date":"2025-10-03T16:11:24","date_gmt":"2025-10-03T19:11:24","guid":{"rendered":"https:\/\/www.jornalja.com.br\/cultura\/?p=91455"},"modified":"2025-10-03T16:11:24","modified_gmt":"2025-10-03T19:11:24","slug":"margs-apresenta-videoinstalacao-de-grupo-italiano-na-programacao-do-10o-kino-beat","status":"publish","type":"post","link":"https:\/\/www.jornalja.com.br\/cultura\/margs-apresenta-videoinstalacao-de-grupo-italiano-na-programacao-do-10o-kino-beat\/","title":{"rendered":"MARGS apresenta videoinstala\u00e7\u00e3o de grupo italiano,  na programa\u00e7\u00e3o do 10\u00ba Kino Beat"},"content":{"rendered":"<p>&nbsp;<\/p>\n<p><strong>Com inaugura\u00e7\u00e3o no s\u00e1bado (4), exposi\u00e7\u00e3o transforma sonhos em imagens e sons por meio de intelig\u00eancia artificial<\/strong><\/p>\n<p>A exposi\u00e7\u00e3o Onirica () ser\u00e1 inaugurada pelo Museu de Arte do Rio Grande do Sul (MARGS), institui\u00e7\u00e3o da Secretaria da Cultura (Sedac), no pr\u00f3ximo s\u00e1bado (4\/10), \u00e0s 10h30. Trata-se de uma videoinstala\u00e7\u00e3o produzida pelo est\u00fadio italiano fuse* que, por meio de intelig\u00eancia<br \/>\nartificial, utiliza um arquivo de sonhos para transformar os seus relatos em imagens e sons.<br \/>\nCom curadoria de Gabriel Cevallos, a mostra integra a programa\u00e7\u00e3o do 10\u00ba Kino Beat.<br \/>\nDentre 807 narrativas de sonhos reunidas por pesquisadores das universidades de Bolonha<br \/>\n(It\u00e1lia) e da Calif\u00f3rnia (EUA), foram selecionadas 30, organizadas para a exposi\u00e7\u00e3o em cinco<br \/>\nciclos de seis relatos. A tradu\u00e7\u00e3o visual \u00e9 realizada por meio de modelos algor\u00edtmicos de<br \/>\ntexto para imagem, suscitando reflex\u00f5es sobre o inconsciente, a coletividade e a \u00e9tica do<br \/>\nuso de dados para treinar a intelig\u00eancia artificial.<br \/>\nNo Museu, a mostra integra o programa expositivo \u201cPo\u00e9ticas do agora\u201d, voltado a artistas<br \/>\ncom produ\u00e7\u00e3o atual cujas pesquisas recentes em po\u00e9ticas visuais t\u00eam-se mostrado<br \/>\ninovadoras e relevantes no campo art\u00edstico contempor\u00e2neo. O programa objetiva valorizar<br \/>\nprodu\u00e7\u00f5es que investem na pesquisa e experimenta\u00e7\u00e3o de linguagem, bem como na<br \/>\ntransdisciplinaridade dos meios, opera\u00e7\u00f5es e procedimentos.<br \/>\nO MARGS \u00e9 uma institui\u00e7\u00e3o da Sedac. O plano de recupera\u00e7\u00e3o, exposi\u00e7\u00f5es e atividades<br \/>\neducativas do Museu conta com patroc\u00ednio direto do Banrisul e com patroc\u00ednios via Lei de<br \/>\nIncentivo \u00e0 Cultura Federal do Santander, da Hyundai e da EDP.<br \/>\nEst\u00fadio fuse*<br \/>\nRespons\u00e1vel pela cria\u00e7\u00e3o do trabalho, o est\u00fadio fuse* explora, desde 2007, o potencial<br \/>\ncriativo das tecnologias contempor\u00e2neas. Liderado pelos fundadores Mattia Carretti (n.<br \/>\n1981, It\u00e1lia) e Luca Camellini (n. 1981, It\u00e1lia), re\u00fane um grupo multidisciplinar de artistas,<br \/>\narquitetos, engenheiros e designers, em colabora\u00e7\u00e3o com especialistas e centros de<br \/>\npesquisa, que colaboram na cria\u00e7\u00e3o de projetos, obras, espet\u00e1culos e exposi\u00e7\u00f5es.<br \/>\nConhecido por suas instala\u00e7\u00f5es de grande escala e performances ao vivo \u2013 nas quais atua<br \/>\ntamb\u00e9m como companhia de teatro e produtora independente \u2013, o est\u00fadio experimenta<\/p>\n<p>constantemente novas rela\u00e7\u00f5es entre o f\u00edsico, o digital, o natural e o artificial, explorando<br \/>\numa ampla gama de meios art\u00edsticos, incluindo escultura, impress\u00e3o, v\u00eddeo, luz e som. Ao<br \/>\nlongo dos anos, apresentou suas obras internacionalmente, em institui\u00e7\u00f5es de arte e<br \/>\nfestivais.<\/p>\n<p><img decoding=\"async\" data-attachment-id=\"91457\" data-permalink=\"https:\/\/www.jornalja.com.br\/cultura\/margs-apresenta-videoinstalacao-de-grupo-italiano-na-programacao-do-10o-kino-beat\/margs-img2-7b7bd22dca8521d7812b\/\" data-orig-file=\"https:\/\/www.jornalja.com.br\/cultura\/wp-content\/uploads\/sites\/2\/2025\/10\/margs-img27b7bd22dca8521d7812b.jpg\" data-orig-size=\"1388,1878\" data-comments-opened=\"0\" data-image-meta=\"{&quot;aperture&quot;:&quot;0&quot;,&quot;credit&quot;:&quot;&quot;,&quot;camera&quot;:&quot;&quot;,&quot;caption&quot;:&quot;&quot;,&quot;created_timestamp&quot;:&quot;0&quot;,&quot;copyright&quot;:&quot;&quot;,&quot;focal_length&quot;:&quot;0&quot;,&quot;iso&quot;:&quot;0&quot;,&quot;shutter_speed&quot;:&quot;0&quot;,&quot;title&quot;:&quot;&quot;,&quot;orientation&quot;:&quot;1&quot;}\" data-image-title=\"MARGS img2.7b7bd22dca8521d7812b\" data-image-description=\"\" data-image-caption=\"\" data-large-file=\"https:\/\/www.jornalja.com.br\/cultura\/wp-content\/uploads\/sites\/2\/2025\/10\/margs-img27b7bd22dca8521d7812b-757x1024.jpg\" class=\"alignnone size-medium wp-image-91457\" src=\"https:\/\/www.jornalja.com.br\/cultura\/wp-content\/uploads\/sites\/2\/2025\/10\/margs-img27b7bd22dca8521d7812b-222x300.jpg\" alt=\"\" width=\"222\" height=\"300\" srcset=\"https:\/\/www.jornalja.com.br\/cultura\/wp-content\/uploads\/sites\/2\/2025\/10\/margs-img27b7bd22dca8521d7812b-222x300.jpg 222w, https:\/\/www.jornalja.com.br\/cultura\/wp-content\/uploads\/sites\/2\/2025\/10\/margs-img27b7bd22dca8521d7812b-757x1024.jpg 757w, https:\/\/www.jornalja.com.br\/cultura\/wp-content\/uploads\/sites\/2\/2025\/10\/margs-img27b7bd22dca8521d7812b-768x1039.jpg 768w, https:\/\/www.jornalja.com.br\/cultura\/wp-content\/uploads\/sites\/2\/2025\/10\/margs-img27b7bd22dca8521d7812b-1135x1536.jpg 1135w, https:\/\/www.jornalja.com.br\/cultura\/wp-content\/uploads\/sites\/2\/2025\/10\/margs-img27b7bd22dca8521d7812b-1200x1624.jpg 1200w, https:\/\/www.jornalja.com.br\/cultura\/wp-content\/uploads\/sites\/2\/2025\/10\/margs-img27b7bd22dca8521d7812b.jpg 1388w\" sizes=\"(max-width: 222px) 100vw, 222px\" \/><\/p>\n<p>Kino Beat<br \/>\nA parceria deste ano tamb\u00e9m retoma a colabora\u00e7\u00e3o entre o MARGS e o Kino Beat. Na<br \/>\nedi\u00e7\u00e3o de 2019 do festival, o Museu recebeu apresenta\u00e7\u00f5es do Projeto Sonora e de Tomaz<br \/>\nKlotzel, e, em 2021, apresentou a exposi\u00e7\u00e3o Denilson Baniwa \u2014 IN\u00cdPO: Caminho de<br \/>\ntransforma\u00e7\u00e3o.<br \/>\nIniciado em 2009, com uma mostra de filmes sobre m\u00fasica, o Kino Beat se tornou uma<br \/>\nplataforma de arte contempor\u00e2nea, reunindo m\u00faltiplas linguagens \u2013 da arte digital ao<br \/>\naudiovisual ao vivo, da m\u00fasica experimental \u00e0s artes visuais \u2013 e criando espa\u00e7o para<br \/>\nexperimenta\u00e7\u00e3o art\u00edstica e reflex\u00e3o cr\u00edtica. A programa\u00e7\u00e3o inclui exposi\u00e7\u00f5es, instala\u00e7\u00f5es,<br \/>\nperformances, espet\u00e1culos, shows, mostras, resid\u00eancia art\u00edstica, a\u00e7\u00f5es formativas e outros<br \/>\nformatos. O conte\u00fado das atividades deriva da ampla rela\u00e7\u00e3o que o significado do seu<br \/>\npr\u00f3prio nome estabelece: \u201cKino\u201d (imagem, movimento) e \u201cBeat\u201d (ritmo, som).<br \/>\nNesta edi\u00e7\u00e3o, a curadoria atravessa temas como tecnologias emergentes, sons globais,<br \/>\nfic\u00e7\u00f5es especulativas, pensamento ecol\u00f3gico, pr\u00e1ticas colaborativas, cidades imaginadas e<br \/>\noutras formas de escuta e conviv\u00eancia. A principal novidade deste ano \u00e9 a resid\u00eancia<br \/>\nart\u00edstica internacional \u201cPortos Conectados\u201d, que re\u00fane artistas brasileiros e brit\u00e2nicos em<br \/>\numa cria\u00e7\u00e3o transnacional. Realizada em parceria com a Foundation for Art and Creative<br \/>\nTechnology (FACT), do Reino Unido, a iniciativa marca a primeira atua\u00e7\u00e3o internacional<br \/>\nestruturada do Kino Beat.<br \/>\nO 10\u00ba Festival Kino Beat \u00e9 viabilizado por meio da Lei Rouanet e apresentado pela<br \/>\nPetrobras, e conta com patroc\u00ednio da Blue Moon e Crown Embalagens. Apoio Internacional<br \/>\ndo British Council e Instituto Guimar\u00e3es Rosa \u2013 Ano da Cultura Brasil\/Reino Unido. O Festival<br \/>\nconta com financiamento do Pr\u00f3-Cultura RS \u2013 Secretaria de Estado da Cultura \u2013 Governo do<br \/>\nEstado do RS e realiza\u00e7\u00e3o Minist\u00e9rio da Cultura \u2013 Governo Federal \u2013 Do lado do povo<br \/>\nbrasileiro.<\/p>\n<p>Servi\u00e7o<br \/>\nExposi\u00e7\u00e3o Onirica ()<br \/>\nVideoinstala\u00e7\u00e3o do est\u00fadio italiano fuse*, no 10\u00ba Kino Beat<br \/>\nOnde: Museu de Arte do Rio Grande do Sul (MARGS) \u2013 Pra\u00e7a da Alf\u00e2ndega, s\/n\u00ba, Centro<br \/>\nHist\u00f3rico, Porto Alegre<br \/>\nAbertura: S\u00e1bado (4\/10), \u00e0s 10h30<br \/>\nVisita\u00e7\u00e3o: At\u00e9 30 de novembro, de ter\u00e7a a domingo, das 10h \u00e0s 19h (\u00faltimo acesso \u00e0s 18h)<br \/>\nEntrada gratuita<\/p>\n","protected":false},"excerpt":{"rendered":"<p>&nbsp; Com inaugura\u00e7\u00e3o no s\u00e1bado (4), exposi\u00e7\u00e3o transforma sonhos em imagens e sons por meio de intelig\u00eancia artificial A exposi\u00e7\u00e3o Onirica () ser\u00e1 inaugurada pelo Museu de Arte do Rio Grande do Sul (MARGS), institui\u00e7\u00e3o da Secretaria da Cultura (Sedac), no pr\u00f3ximo s\u00e1bado (4\/10), \u00e0s 10h30. Trata-se de uma videoinstala\u00e7\u00e3o produzida pelo est\u00fadio italiano fuse* [&hellip;]<\/p>\n","protected":false},"author":3,"featured_media":91456,"comment_status":"closed","ping_status":"open","sticky":false,"template":"","format":"standard","meta":{"jetpack_post_was_ever_published":false,"_jetpack_newsletter_access":"","_jetpack_dont_email_post_to_subs":false,"_jetpack_newsletter_tier_id":0,"_jetpack_memberships_contains_paywalled_content":false,"_jetpack_memberships_contains_paid_content":false,"footnotes":"","jetpack_publicize_message":"","jetpack_publicize_feature_enabled":true,"jetpack_social_post_already_shared":true,"jetpack_social_options":{"image_generator_settings":{"template":"highway","default_image_id":0,"font":"","enabled":false},"version":2}},"categories":[2],"tags":[],"class_list":["post-91455","post","type-post","status-publish","format-standard","has-post-thumbnail","hentry","category-materiasecundaria"],"aioseo_notices":[],"jetpack_publicize_connections":[],"jetpack_featured_media_url":"https:\/\/www.jornalja.com.br\/cultura\/wp-content\/uploads\/sites\/2\/2025\/10\/margs-imgc87824fe775c2096103d.jpg","jetpack-related-posts":[{"id":80597,"url":"https:\/\/www.jornalja.com.br\/cultura\/invasao-colonial-yvy-opata-a-terra-vai-acabar-em-exposicao-no-museu-de-arte-contemporanea\/","url_meta":{"origin":91455,"position":0},"title":"\u201cInvas\u00e3o colonial \u2018YVY OPATA\u2019 a terra vai acabar\u201d, em exposi\u00e7\u00e3o no Museu de Arte Contempor\u00e2nea","author":"da Reda\u00e7\u00e3o","date":"17 de janeiro de 2020","format":false,"excerpt":"\u00a0 \u00a0 A exposi\u00e7\u00e3o \u201cInvas\u00e3o colonial \u2018YVY OPATA\u2019 a terra vai acabar\u201d, do artista Xadalu, est\u00e1 em cartaz na Galeria Xico Stockinger, do Museu de Arte Contempor\u00e2nea do RS (MAC-RS), na Casa de Cultura Mario Quintana (CCMQ) a partir de 21 de janeiro. A atividade encerra o \u201cFestival Kino Beat\u2026","rel":"","context":"Em &quot;Cultura-MAT\u00c9RIA&quot;","block_context":{"text":"Cultura-MAT\u00c9RIA","link":"https:\/\/www.jornalja.com.br\/cultura\/category\/materiasecundaria\/"},"img":{"alt_text":"","src":"https:\/\/i0.wp.com\/www.jornalja.com.br\/cultura\/wp-content\/uploads\/sites\/2\/2020\/01\/arte-exposi%C3%A7%C3%A3o-indios.jpg?resize=350%2C200&ssl=1","width":350,"height":200,"srcset":"https:\/\/i0.wp.com\/www.jornalja.com.br\/cultura\/wp-content\/uploads\/sites\/2\/2020\/01\/arte-exposi%C3%A7%C3%A3o-indios.jpg?resize=350%2C200&ssl=1 1x, https:\/\/i0.wp.com\/www.jornalja.com.br\/cultura\/wp-content\/uploads\/sites\/2\/2020\/01\/arte-exposi%C3%A7%C3%A3o-indios.jpg?resize=525%2C300&ssl=1 1.5x, https:\/\/i0.wp.com\/www.jornalja.com.br\/cultura\/wp-content\/uploads\/sites\/2\/2020\/01\/arte-exposi%C3%A7%C3%A3o-indios.jpg?resize=700%2C400&ssl=1 2x"},"classes":[]},{"id":82129,"url":"https:\/\/www.jornalja.com.br\/cultura\/saiu-a-lista-dos-indicados-ao-xiii-premio-acorianos-de-artes-plasticas\/","url_meta":{"origin":91455,"position":1},"title":"Saiu a lista dos indicados ao\u00a0XIII Pr\u00eamio A\u00e7orianos de Artes Pl\u00e1sticas","author":"da Reda\u00e7\u00e3o","date":"10 de junho de 2020","format":false,"excerpt":"A Secretaria Municipal da Cultura, atrav\u00e9s da Coordena\u00e7\u00e3o de Artes Pl\u00e1stica, divulgou em edi\u00e7\u00e3o extra do Di\u00e1rio Oficial (DOPA)\u00a0desta quarta-feira, 10, os indicados ao\u00a0XIII Pr\u00eamio A\u00e7orianos de Artes Pl\u00e1sticas.\u00a0O j\u00fari de indica\u00e7\u00e3o foi composto por\u00a0Lu\u00edsa Kiefer, Fernanda Albuquerque e Daniel Escobar. Uma das mais tradicionais premia\u00e7\u00f5es do setor, o A\u00e7orianos\u2026","rel":"","context":"Em &quot;Cultura-MAT\u00c9RIA&quot;","block_context":{"text":"Cultura-MAT\u00c9RIA","link":"https:\/\/www.jornalja.com.br\/cultura\/category\/materiasecundaria\/"},"img":{"alt_text":"","src":"https:\/\/i0.wp.com\/www.jornalja.com.br\/cultura\/wp-content\/uploads\/sites\/2\/2020\/06\/A%C3%A7orianos-de-artes-pl%C3%A1sticas.jpg?resize=350%2C200&ssl=1","width":350,"height":200,"srcset":"https:\/\/i0.wp.com\/www.jornalja.com.br\/cultura\/wp-content\/uploads\/sites\/2\/2020\/06\/A%C3%A7orianos-de-artes-pl%C3%A1sticas.jpg?resize=350%2C200&ssl=1 1x, https:\/\/i0.wp.com\/www.jornalja.com.br\/cultura\/wp-content\/uploads\/sites\/2\/2020\/06\/A%C3%A7orianos-de-artes-pl%C3%A1sticas.jpg?resize=525%2C300&ssl=1 1.5x"},"classes":[]},{"id":90897,"url":"https:\/\/www.jornalja.com.br\/cultura\/instituto-brasa-zona-norte-um-espaco-para-aprender-a-recomecar\/","url_meta":{"origin":91455,"position":2},"title":"Instituto Brasa Zona Norte: um espa\u00e7o para aprender a recome\u00e7ar","author":"da Reda\u00e7\u00e3o","date":"9 de abril de 2025","format":false,"excerpt":"O bairro Sarandi, na capital ga\u00facha, vai ganhar um espa\u00e7o de reconstru\u00e7\u00e3o e esperan\u00e7a. \u00c9 o Instituto Brasa Zona Norte, um local onde a educa\u00e7\u00e3o, o acolhimento e a cultura se encontram para apoiar uma das comunidades mais afetadas pelas enchentes de maio do ano passado. A inaugura\u00e7\u00e3o ser\u00e1 neste\u2026","rel":"","context":"Em &quot;Cultura-MAT\u00c9RIA&quot;","block_context":{"text":"Cultura-MAT\u00c9RIA","link":"https:\/\/www.jornalja.com.br\/cultura\/category\/materiasecundaria\/"},"img":{"alt_text":"","src":"https:\/\/i0.wp.com\/www.jornalja.com.br\/cultura\/wp-content\/uploads\/sites\/2\/2025\/04\/brasa-escola-ritmos-de-danca-vai-ser-integrada-ao-instituto-divulgacao.jpg?resize=350%2C200&ssl=1","width":350,"height":200,"srcset":"https:\/\/i0.wp.com\/www.jornalja.com.br\/cultura\/wp-content\/uploads\/sites\/2\/2025\/04\/brasa-escola-ritmos-de-danca-vai-ser-integrada-ao-instituto-divulgacao.jpg?resize=350%2C200&ssl=1 1x, https:\/\/i0.wp.com\/www.jornalja.com.br\/cultura\/wp-content\/uploads\/sites\/2\/2025\/04\/brasa-escola-ritmos-de-danca-vai-ser-integrada-ao-instituto-divulgacao.jpg?resize=525%2C300&ssl=1 1.5x, https:\/\/i0.wp.com\/www.jornalja.com.br\/cultura\/wp-content\/uploads\/sites\/2\/2025\/04\/brasa-escola-ritmos-de-danca-vai-ser-integrada-ao-instituto-divulgacao.jpg?resize=700%2C400&ssl=1 2x, https:\/\/i0.wp.com\/www.jornalja.com.br\/cultura\/wp-content\/uploads\/sites\/2\/2025\/04\/brasa-escola-ritmos-de-danca-vai-ser-integrada-ao-instituto-divulgacao.jpg?resize=1050%2C600&ssl=1 3x"},"classes":[]},{"id":78321,"url":"https:\/\/www.jornalja.com.br\/cultura\/composta-de-imagens-videos-e-sons-exposicao-o-silencio-que-grita-no-paco-municipal\/","url_meta":{"origin":91455,"position":3},"title":"Composta de imagens, v\u00eddeos e sons, exposi\u00e7\u00e3o &quot;O Sil\u00eancio que Grita&quot;, no Pa\u00e7o Municipal","author":"da Reda\u00e7\u00e3o","date":"15 de outubro de 2019","format":false,"excerpt":"A Prefeitura Municipal de Porto Alegre e a\u00a0Funda\u00e7\u00e3o Brasil Meu Amor (FBMA)\u00a0 trazem para a cidade a\u00a0exposi\u00e7\u00e3o O Sil\u00eancio que Grita, em cartaz at\u00e9 7 de novembro, no Pa\u00e7o dos A\u00e7orianos (Pra\u00e7a Montevid\u00e9u, 10). A visita\u00e7\u00e3o \u00e9 de segunda a sexta-feira, das 9h ao meio-dia\u00a0 e das13h30 \u00e0s 18h. Entrada\u2026","rel":"","context":"Em &quot;Cultura-MAT\u00c9RIA&quot;","block_context":{"text":"Cultura-MAT\u00c9RIA","link":"https:\/\/www.jornalja.com.br\/cultura\/category\/materiasecundaria\/"},"img":{"alt_text":"","src":"","width":0,"height":0},"classes":[]},{"id":89463,"url":"https:\/\/www.jornalja.com.br\/cultura\/margs-realiza-em-maio-programacao-especial-e-gratuita-pensada-para-diversos-publicos\/","url_meta":{"origin":91455,"position":4},"title":"MARGS realiza em maio programa\u00e7\u00e3o especial e gratuita pensada para diversos p\u00fablicos","author":"da Reda\u00e7\u00e3o","date":"2 de maio de 2024","format":false,"excerpt":"Pensadas para atender aos mais diversos p\u00fablicos, as atividades envolvem a\u00e7\u00f5es de acessibilidade, oficinas e sess\u00e3o de curta-metragem. A\u00e7\u00f5es integram os programas p\u00fablicos \u201cMedia\u00e7\u00e3o em Libras\u201d, \u201cOficinas de cria\u00e7\u00e3o\u201d, \u201cCrian\u00e7as no MARGS\u201d e \u201cConversas com artistas\u201d e as mostras \u201cAcervo em movimento\u201d e \u201cMARGS 70\u201d O Museu de Arte do\u2026","rel":"","context":"Em &quot;Cultura-MAT\u00c9RIA&quot;","block_context":{"text":"Cultura-MAT\u00c9RIA","link":"https:\/\/www.jornalja.com.br\/cultura\/category\/materiasecundaria\/"},"img":{"alt_text":"","src":"https:\/\/i0.wp.com\/www.jornalja.com.br\/cultura\/wp-content\/uploads\/sites\/2\/2024\/05\/margs-mediacao-em-libras-scaled.jpg?resize=350%2C200&ssl=1","width":350,"height":200,"srcset":"https:\/\/i0.wp.com\/www.jornalja.com.br\/cultura\/wp-content\/uploads\/sites\/2\/2024\/05\/margs-mediacao-em-libras-scaled.jpg?resize=350%2C200&ssl=1 1x, https:\/\/i0.wp.com\/www.jornalja.com.br\/cultura\/wp-content\/uploads\/sites\/2\/2024\/05\/margs-mediacao-em-libras-scaled.jpg?resize=525%2C300&ssl=1 1.5x, https:\/\/i0.wp.com\/www.jornalja.com.br\/cultura\/wp-content\/uploads\/sites\/2\/2024\/05\/margs-mediacao-em-libras-scaled.jpg?resize=700%2C400&ssl=1 2x, https:\/\/i0.wp.com\/www.jornalja.com.br\/cultura\/wp-content\/uploads\/sites\/2\/2024\/05\/margs-mediacao-em-libras-scaled.jpg?resize=1050%2C600&ssl=1 3x, https:\/\/i0.wp.com\/www.jornalja.com.br\/cultura\/wp-content\/uploads\/sites\/2\/2024\/05\/margs-mediacao-em-libras-scaled.jpg?resize=1400%2C800&ssl=1 4x"},"classes":[]},{"id":75884,"url":"https:\/\/www.jornalja.com.br\/cultura\/margs-celebra-o-centenario-de-francisco-stockinger-com-grande-exposicao\/","url_meta":{"origin":91455,"position":5},"title":"MARGS celebra o centen\u00e1rio de Francisco Stockinger com grande exposi\u00e7\u00e3o","author":"da Reda\u00e7\u00e3o","date":"1 de agosto de 2019","format":false,"excerpt":"Reunindo mais de 100 obras do acervo do museu e de cole\u00e7\u00f5es p\u00fablicas e privadas, mostra com abertura na pr\u00f3xima quarta-feira,dia 7, ocupa as tr\u00eas galerias das Pinacotecas, abordando as diferentes fases do artista reconhecido como um dos mais importantes representantes da escultura no Brasil. Em agosto, o MARGS inaugura\u2026","rel":"","context":"Em &quot;Cultura-MAT\u00c9RIA&quot;","block_context":{"text":"Cultura-MAT\u00c9RIA","link":"https:\/\/www.jornalja.com.br\/cultura\/category\/materiasecundaria\/"},"img":{"alt_text":"","src":"https:\/\/i0.wp.com\/www.jornalja.com.br\/wp-content\/uploads\/2019\/08\/arte-STOCKINGER-FRANCISCO-Gabiru-299x450.jpg?resize=350%2C200&ssl=1","width":350,"height":200},"classes":[]}],"jetpack_shortlink":"https:\/\/wp.me\/pbKnZc-nN5","jetpack_sharing_enabled":true,"_links":{"self":[{"href":"https:\/\/www.jornalja.com.br\/cultura\/wp-json\/wp\/v2\/posts\/91455","targetHints":{"allow":["GET"]}}],"collection":[{"href":"https:\/\/www.jornalja.com.br\/cultura\/wp-json\/wp\/v2\/posts"}],"about":[{"href":"https:\/\/www.jornalja.com.br\/cultura\/wp-json\/wp\/v2\/types\/post"}],"author":[{"embeddable":true,"href":"https:\/\/www.jornalja.com.br\/cultura\/wp-json\/wp\/v2\/users\/3"}],"replies":[{"embeddable":true,"href":"https:\/\/www.jornalja.com.br\/cultura\/wp-json\/wp\/v2\/comments?post=91455"}],"version-history":[{"count":2,"href":"https:\/\/www.jornalja.com.br\/cultura\/wp-json\/wp\/v2\/posts\/91455\/revisions"}],"predecessor-version":[{"id":91459,"href":"https:\/\/www.jornalja.com.br\/cultura\/wp-json\/wp\/v2\/posts\/91455\/revisions\/91459"}],"wp:featuredmedia":[{"embeddable":true,"href":"https:\/\/www.jornalja.com.br\/cultura\/wp-json\/wp\/v2\/media\/91456"}],"wp:attachment":[{"href":"https:\/\/www.jornalja.com.br\/cultura\/wp-json\/wp\/v2\/media?parent=91455"}],"wp:term":[{"taxonomy":"category","embeddable":true,"href":"https:\/\/www.jornalja.com.br\/cultura\/wp-json\/wp\/v2\/categories?post=91455"},{"taxonomy":"post_tag","embeddable":true,"href":"https:\/\/www.jornalja.com.br\/cultura\/wp-json\/wp\/v2\/tags?post=91455"}],"curies":[{"name":"wp","href":"https:\/\/api.w.org\/{rel}","templated":true}]}}