{"id":91471,"date":"2025-10-18T13:25:22","date_gmt":"2025-10-18T16:25:22","guid":{"rendered":"https:\/\/www.jornalja.com.br\/cultura\/?p=91471"},"modified":"2025-10-18T13:25:22","modified_gmt":"2025-10-18T16:25:22","slug":"musica-e-humor-das-cre-tinas-neste-domingo-no-palco-do-espaco-373","status":"publish","type":"post","link":"https:\/\/www.jornalja.com.br\/cultura\/musica-e-humor-das-cre-tinas-neste-domingo-no-palco-do-espaco-373\/","title":{"rendered":"M\u00fasica e humor das &#8220;Cr\u00ea Tinas&#8221;, neste domingo no palco do Espa\u00e7o 373"},"content":{"rendered":"<p style=\"font-weight: 400\">\n<p style=\"font-weight: 400\">No domingo (19), \u00e0s 19h, o trio CR\u00ca TINAS, formado por Cristine Patane, Cristina Oliveira e Daisy Cristina, leva ao Espa\u00e7o 373 um espet\u00e1culo que une m\u00fasica e teatro em uma combina\u00e7\u00e3o \u00fanica de humor, poesia e emo\u00e7\u00e3o.<\/p>\n<figure id=\"attachment_91472\" aria-describedby=\"caption-attachment-91472\" style=\"width: 200px\" class=\"wp-caption alignnone\"><img decoding=\"async\" data-attachment-id=\"91472\" data-permalink=\"https:\/\/www.jornalja.com.br\/cultura\/musica-e-humor-das-cre-tinas-neste-domingo-no-palco-do-espaco-373\/cre-tinas-1_303-sala-de-fotografia\/\" data-orig-file=\"https:\/\/www.jornalja.com.br\/cultura\/wp-content\/uploads\/sites\/2\/2025\/10\/cre-tinas-1-303-sala-de-fotografia-scaled.jpg\" data-orig-size=\"1707,2560\" data-comments-opened=\"0\" data-image-meta=\"{&quot;aperture&quot;:&quot;6.3&quot;,&quot;credit&quot;:&quot;MARIO CARVALHO&quot;,&quot;camera&quot;:&quot;Canon EOS 6D Mark II&quot;,&quot;caption&quot;:&quot;&quot;,&quot;created_timestamp&quot;:&quot;1726693542&quot;,&quot;copyright&quot;:&quot;MARIO.CARVALHO.FOTOGRAFO&quot;,&quot;focal_length&quot;:&quot;28&quot;,&quot;iso&quot;:&quot;100&quot;,&quot;shutter_speed&quot;:&quot;0.008&quot;,&quot;title&quot;:&quot;&quot;,&quot;orientation&quot;:&quot;0&quot;}\" data-image-title=\"CR\u00ca TINAS 1_303 sala de fotografia\" data-image-description=\"\" data-image-caption=\"&lt;p&gt;Foto&lt;\/p&gt;\n\" data-large-file=\"https:\/\/www.jornalja.com.br\/cultura\/wp-content\/uploads\/sites\/2\/2025\/10\/cre-tinas-1-303-sala-de-fotografia-683x1024.jpg\" class=\"size-medium wp-image-91472\" src=\"https:\/\/www.jornalja.com.br\/cultura\/wp-content\/uploads\/sites\/2\/2025\/10\/cre-tinas-1-303-sala-de-fotografia-200x300.jpg\" alt=\"\" width=\"200\" height=\"300\" srcset=\"https:\/\/www.jornalja.com.br\/cultura\/wp-content\/uploads\/sites\/2\/2025\/10\/cre-tinas-1-303-sala-de-fotografia-200x300.jpg 200w, https:\/\/www.jornalja.com.br\/cultura\/wp-content\/uploads\/sites\/2\/2025\/10\/cre-tinas-1-303-sala-de-fotografia-683x1024.jpg 683w, https:\/\/www.jornalja.com.br\/cultura\/wp-content\/uploads\/sites\/2\/2025\/10\/cre-tinas-1-303-sala-de-fotografia-768x1152.jpg 768w, https:\/\/www.jornalja.com.br\/cultura\/wp-content\/uploads\/sites\/2\/2025\/10\/cre-tinas-1-303-sala-de-fotografia-1024x1536.jpg 1024w, https:\/\/www.jornalja.com.br\/cultura\/wp-content\/uploads\/sites\/2\/2025\/10\/cre-tinas-1-303-sala-de-fotografia-1365x2048.jpg 1365w, https:\/\/www.jornalja.com.br\/cultura\/wp-content\/uploads\/sites\/2\/2025\/10\/cre-tinas-1-303-sala-de-fotografia-1200x1800.jpg 1200w, https:\/\/www.jornalja.com.br\/cultura\/wp-content\/uploads\/sites\/2\/2025\/10\/cre-tinas-1-303-sala-de-fotografia-scaled.jpg 1707w\" sizes=\"(max-width: 200px) 100vw, 200px\" \/><figcaption id=\"caption-attachment-91472\" class=\"wp-caption-text\">Foto: Simone Schlindwein\/ Divulga\u00e7\u00e3o<\/figcaption><\/figure>\n<p style=\"font-weight: 400\">Com composi\u00e7\u00f5es pr\u00f3prias que transitam pela m\u00fasica popular brasileira em di\u00e1logo com elementos c\u00eanicos e textuais, o\u00a0<strong>show tem conquistado o p\u00fablico ao abordar o universo feminino em toda sua diversidade, dando visibilidade \u00e0s viv\u00eancias da mulher madura, \u00e0s contradi\u00e7\u00f5es do cotidiano e aos afetos compartilhados.<\/strong>\u00a0Tr\u00eas vocalistas acompanhadas por uma banda que \u201ccantam\u201d hist\u00f3rias costuradas pelo humor de forma sens\u00edvel, ir\u00f4nica, ativista debochada e rom\u00e2ntica.<\/p>\n<figure id=\"attachment_91474\" aria-describedby=\"caption-attachment-91474\" style=\"width: 200px\" class=\"wp-caption alignnone\"><img decoding=\"async\" data-attachment-id=\"91474\" data-permalink=\"https:\/\/www.jornalja.com.br\/cultura\/musica-e-humor-das-cre-tinas-neste-domingo-no-palco-do-espaco-373\/cre-tinas-3_303-sala-de-fotografia\/\" data-orig-file=\"https:\/\/www.jornalja.com.br\/cultura\/wp-content\/uploads\/sites\/2\/2025\/10\/cre-tinas-3-303-sala-de-fotografia-scaled.jpg\" data-orig-size=\"1707,2560\" data-comments-opened=\"0\" data-image-meta=\"{&quot;aperture&quot;:&quot;6.3&quot;,&quot;credit&quot;:&quot;MARIO CARVALHO&quot;,&quot;camera&quot;:&quot;Canon EOS 6D Mark II&quot;,&quot;caption&quot;:&quot;&quot;,&quot;created_timestamp&quot;:&quot;1726698358&quot;,&quot;copyright&quot;:&quot;MARIO.CARVALHO.FOTOGRAFO&quot;,&quot;focal_length&quot;:&quot;40&quot;,&quot;iso&quot;:&quot;100&quot;,&quot;shutter_speed&quot;:&quot;0.008&quot;,&quot;title&quot;:&quot;&quot;,&quot;orientation&quot;:&quot;0&quot;}\" data-image-title=\"CR\u00ca TINAS 3_303 sala de fotografia\" data-image-description=\"\" data-image-caption=\"&lt;p&gt;Foto de &lt;\/p&gt;\n\" data-large-file=\"https:\/\/www.jornalja.com.br\/cultura\/wp-content\/uploads\/sites\/2\/2025\/10\/cre-tinas-3-303-sala-de-fotografia-683x1024.jpg\" class=\"size-medium wp-image-91474\" src=\"https:\/\/www.jornalja.com.br\/cultura\/wp-content\/uploads\/sites\/2\/2025\/10\/cre-tinas-3-303-sala-de-fotografia-200x300.jpg\" alt=\"\" width=\"200\" height=\"300\" srcset=\"https:\/\/www.jornalja.com.br\/cultura\/wp-content\/uploads\/sites\/2\/2025\/10\/cre-tinas-3-303-sala-de-fotografia-200x300.jpg 200w, https:\/\/www.jornalja.com.br\/cultura\/wp-content\/uploads\/sites\/2\/2025\/10\/cre-tinas-3-303-sala-de-fotografia-683x1024.jpg 683w, https:\/\/www.jornalja.com.br\/cultura\/wp-content\/uploads\/sites\/2\/2025\/10\/cre-tinas-3-303-sala-de-fotografia-768x1152.jpg 768w, https:\/\/www.jornalja.com.br\/cultura\/wp-content\/uploads\/sites\/2\/2025\/10\/cre-tinas-3-303-sala-de-fotografia-1024x1536.jpg 1024w, https:\/\/www.jornalja.com.br\/cultura\/wp-content\/uploads\/sites\/2\/2025\/10\/cre-tinas-3-303-sala-de-fotografia-1365x2048.jpg 1365w, https:\/\/www.jornalja.com.br\/cultura\/wp-content\/uploads\/sites\/2\/2025\/10\/cre-tinas-3-303-sala-de-fotografia-1200x1800.jpg 1200w, https:\/\/www.jornalja.com.br\/cultura\/wp-content\/uploads\/sites\/2\/2025\/10\/cre-tinas-3-303-sala-de-fotografia-scaled.jpg 1707w\" sizes=\"(max-width: 200px) 100vw, 200px\" \/><figcaption id=\"caption-attachment-91474\" class=\"wp-caption-text\">Foto: Simone Schlindwein\/ Divulga\u00e7\u00e3o<\/figcaption><\/figure>\n<p style=\"font-weight: 400\"><strong>SERVI\u00c7O<br \/>\nCR\u00ca TINAS<\/strong><br \/>\n<strong>Quando:\u00a0<\/strong>19 de outubro | Quinta-feira | 21h<br \/>\n<strong>Onde:\u00a0<\/strong>Espa\u00e7o 373 (Rua Comendador Coruja, 373 \u2013 Floresta)<br \/>\n<strong>Ingressos:\u00a0<\/strong>R$35 a R$70 | Gratuito para membros do Clube 373<br \/>\n<strong>Ingressos antecipados:<\/strong>\u00a0<a href=\"https:\/\/tri.rs\/event\/65\/cre-tinas\" data-saferedirecturl=\"https:\/\/www.google.com\/url?q=https:\/\/tri.rs\/event\/65\/cre-tinas&amp;source=gmail&amp;ust=1760886567308000&amp;usg=AOvVaw3FSnbB8so94eLDtQ5Ujka4\">https:\/\/tri.rs\/event\/65\/cre-tinas<\/a><br \/>\n<strong>Informa\u00e7\u00f5es e reservas pelo WhatsApp 51 999 99 23 15<\/strong><\/p>\n","protected":false},"excerpt":{"rendered":"<p>No domingo (19), \u00e0s 19h, o trio CR\u00ca TINAS, formado por Cristine Patane, Cristina Oliveira e Daisy Cristina, leva ao Espa\u00e7o 373 um espet\u00e1culo que une m\u00fasica e teatro em uma combina\u00e7\u00e3o \u00fanica de humor, poesia e emo\u00e7\u00e3o. Com composi\u00e7\u00f5es pr\u00f3prias que transitam pela m\u00fasica popular brasileira em di\u00e1logo com elementos c\u00eanicos e textuais, o\u00a0show [&hellip;]<\/p>\n","protected":false},"author":3,"featured_media":91473,"comment_status":"closed","ping_status":"open","sticky":false,"template":"","format":"standard","meta":{"jetpack_post_was_ever_published":false,"_jetpack_newsletter_access":"","_jetpack_dont_email_post_to_subs":false,"_jetpack_newsletter_tier_id":0,"_jetpack_memberships_contains_paywalled_content":false,"_jetpack_memberships_contains_paid_content":false,"footnotes":"","jetpack_publicize_message":"","jetpack_publicize_feature_enabled":true,"jetpack_social_post_already_shared":true,"jetpack_social_options":{"image_generator_settings":{"template":"highway","default_image_id":0,"font":"","enabled":false},"version":2}},"categories":[2],"tags":[],"class_list":["post-91471","post","type-post","status-publish","format-standard","has-post-thumbnail","hentry","category-materiasecundaria"],"aioseo_notices":[],"jetpack_publicize_connections":[],"jetpack_featured_media_url":"https:\/\/www.jornalja.com.br\/cultura\/wp-content\/uploads\/sites\/2\/2025\/10\/cre-tinas-2-simone-schlindwein-scaled.jpg","jetpack-related-posts":[{"id":88119,"url":"https:\/\/www.jornalja.com.br\/cultura\/levitan-corona-e-pezao-cantam-o-mundo-de-l-f-verissimo-no-espaco-373\/","url_meta":{"origin":91471,"position":0},"title":"Levitan, Corona e Pez\u00e3o cantam o mundo de L.F. Ver\u00edssimo, no Espa\u00e7o 373","author":"da Reda\u00e7\u00e3o","date":"17 de julho de 2023","format":false,"excerpt":"Adriana Deffenti e Izm\u00e1lia tamb\u00e9m sobem ao palco do 373 com o show DEFFENTIZM\u00c1LIA No dia\u00a020 de julho (quinta), os\u00a0m\u00fasicos Cl\u00e1udio Levitan, Fernando Corona e Fernando Pez\u00e3o\u00a0retornam ao\u00a0Espa\u00e7o 373 com o espet\u00e1culo\" Cobras com algo na cabe\u00e7a \u2013 No Mundo de Verissimo\". Eles cantam, tocam e interpretam obras de Luis\u2026","rel":"","context":"Em &quot;Cultura-MAT\u00c9RIA&quot;","block_context":{"text":"Cultura-MAT\u00c9RIA","link":"https:\/\/www.jornalja.com.br\/cultura\/category\/materiasecundaria\/"},"img":{"alt_text":"","src":"https:\/\/i0.wp.com\/www.jornalja.com.br\/cultura\/wp-content\/uploads\/sites\/2\/2023\/07\/show-as-cobras-foto-raul-krebs-2-scaled.jpg?resize=350%2C200&ssl=1","width":350,"height":200,"srcset":"https:\/\/i0.wp.com\/www.jornalja.com.br\/cultura\/wp-content\/uploads\/sites\/2\/2023\/07\/show-as-cobras-foto-raul-krebs-2-scaled.jpg?resize=350%2C200&ssl=1 1x, https:\/\/i0.wp.com\/www.jornalja.com.br\/cultura\/wp-content\/uploads\/sites\/2\/2023\/07\/show-as-cobras-foto-raul-krebs-2-scaled.jpg?resize=525%2C300&ssl=1 1.5x, https:\/\/i0.wp.com\/www.jornalja.com.br\/cultura\/wp-content\/uploads\/sites\/2\/2023\/07\/show-as-cobras-foto-raul-krebs-2-scaled.jpg?resize=700%2C400&ssl=1 2x, https:\/\/i0.wp.com\/www.jornalja.com.br\/cultura\/wp-content\/uploads\/sites\/2\/2023\/07\/show-as-cobras-foto-raul-krebs-2-scaled.jpg?resize=1050%2C600&ssl=1 3x, https:\/\/i0.wp.com\/www.jornalja.com.br\/cultura\/wp-content\/uploads\/sites\/2\/2023\/07\/show-as-cobras-foto-raul-krebs-2-scaled.jpg?resize=1400%2C800&ssl=1 4x"},"classes":[]},{"id":84872,"url":"https:\/\/www.jornalja.com.br\/cultura\/as-breguetes-adriana-deffenti-e-alexandra-scotti-resgatam-musicas-dos-anos-1980\/","url_meta":{"origin":91471,"position":1},"title":"&#8220;As breguetes&#8221;, Adriana Deffenti e Alexandra Scotti resgatam m\u00fasicas dos anos 1980","author":"da Reda\u00e7\u00e3o","date":"4 de outubro de 2021","format":false,"excerpt":"No dia\u00a08 de outubro (sexta-feira), as\u00a0cantoras Adriana Deffenti e Alexandra Scotti\u00a0estreiam\u00a0no\u00a0Espa\u00e7o 373\u00a0um\u00a0show que, segundo a Wikipedia, traz a \u201cm\u00fasica rom\u00e2ntica popular de baixa qualidade, com exageros dram\u00e1ticos ou ingenuidade\u201d, mais conhecido como \u201cbrega\u201d.\u00a0No repert\u00f3rio, o auge da MPB dos anos 1980 que marcaram uma gera\u00e7\u00e3o que assistia, por exemplo, aos\u2026","rel":"","context":"Em &quot;Cultura-MAT\u00c9RIA&quot;","block_context":{"text":"Cultura-MAT\u00c9RIA","link":"https:\/\/www.jornalja.com.br\/cultura\/category\/materiasecundaria\/"},"img":{"alt_text":"","src":"https:\/\/i0.wp.com\/www.jornalja.com.br\/cultura\/wp-content\/uploads\/sites\/2\/2021\/10\/as-breguetes-foto-adriana-deffenti-1-scaled.jpg?resize=350%2C200&ssl=1","width":350,"height":200,"srcset":"https:\/\/i0.wp.com\/www.jornalja.com.br\/cultura\/wp-content\/uploads\/sites\/2\/2021\/10\/as-breguetes-foto-adriana-deffenti-1-scaled.jpg?resize=350%2C200&ssl=1 1x, https:\/\/i0.wp.com\/www.jornalja.com.br\/cultura\/wp-content\/uploads\/sites\/2\/2021\/10\/as-breguetes-foto-adriana-deffenti-1-scaled.jpg?resize=525%2C300&ssl=1 1.5x, https:\/\/i0.wp.com\/www.jornalja.com.br\/cultura\/wp-content\/uploads\/sites\/2\/2021\/10\/as-breguetes-foto-adriana-deffenti-1-scaled.jpg?resize=700%2C400&ssl=1 2x, https:\/\/i0.wp.com\/www.jornalja.com.br\/cultura\/wp-content\/uploads\/sites\/2\/2021\/10\/as-breguetes-foto-adriana-deffenti-1-scaled.jpg?resize=1050%2C600&ssl=1 3x, https:\/\/i0.wp.com\/www.jornalja.com.br\/cultura\/wp-content\/uploads\/sites\/2\/2021\/10\/as-breguetes-foto-adriana-deffenti-1-scaled.jpg?resize=1400%2C800&ssl=1 4x"},"classes":[]},{"id":89824,"url":"https:\/\/www.jornalja.com.br\/cultura\/arthur-de-faria-e-pedro-longes-apresentam-o-album-canciones-con-drama-no-espaco-373\/","url_meta":{"origin":91471,"position":2},"title":"Arthur de Faria e Pedro Longes apresentam o \u00e1lbum Canciones con Drama, no Espa\u00e7o 373","author":"da Reda\u00e7\u00e3o","date":"13 de agosto de 2024","format":false,"excerpt":"A semana ainda tem Luciano Le\u00e3es na sexta e Feijoada com Samba no domingo Nesta\u00a0quinta (15),\u00a0Arthur de Faria\u00a0e\u00a0Pedro Longes\u00a0comemoram o encerramento do financiamento coletivo de\u00a0Canciones con Drama, que est\u00e1 em fase de produ\u00e7\u00e3o, no palco do\u00a0Espa\u00e7o 373. Em clima intimista \u2013 piano, mandolina e acordeom \u2013, o p\u00fablico conhecer\u00e1 em\u2026","rel":"","context":"Em &quot;Cultura-NOTAS&quot;","block_context":{"text":"Cultura-NOTAS","link":"https:\/\/www.jornalja.com.br\/cultura\/category\/culturanotas\/"},"img":{"alt_text":"","src":"https:\/\/i0.wp.com\/www.jornalja.com.br\/cultura\/wp-content\/uploads\/sites\/2\/2024\/08\/show-arthur-de-faria-pedro-longes-canciones-con-drama-por-viniangeli-vinicius-angeli-53-scaled.jpg?resize=350%2C200&ssl=1","width":350,"height":200,"srcset":"https:\/\/i0.wp.com\/www.jornalja.com.br\/cultura\/wp-content\/uploads\/sites\/2\/2024\/08\/show-arthur-de-faria-pedro-longes-canciones-con-drama-por-viniangeli-vinicius-angeli-53-scaled.jpg?resize=350%2C200&ssl=1 1x, https:\/\/i0.wp.com\/www.jornalja.com.br\/cultura\/wp-content\/uploads\/sites\/2\/2024\/08\/show-arthur-de-faria-pedro-longes-canciones-con-drama-por-viniangeli-vinicius-angeli-53-scaled.jpg?resize=525%2C300&ssl=1 1.5x, https:\/\/i0.wp.com\/www.jornalja.com.br\/cultura\/wp-content\/uploads\/sites\/2\/2024\/08\/show-arthur-de-faria-pedro-longes-canciones-con-drama-por-viniangeli-vinicius-angeli-53-scaled.jpg?resize=700%2C400&ssl=1 2x, https:\/\/i0.wp.com\/www.jornalja.com.br\/cultura\/wp-content\/uploads\/sites\/2\/2024\/08\/show-arthur-de-faria-pedro-longes-canciones-con-drama-por-viniangeli-vinicius-angeli-53-scaled.jpg?resize=1050%2C600&ssl=1 3x, https:\/\/i0.wp.com\/www.jornalja.com.br\/cultura\/wp-content\/uploads\/sites\/2\/2024\/08\/show-arthur-de-faria-pedro-longes-canciones-con-drama-por-viniangeli-vinicius-angeli-53-scaled.jpg?resize=1400%2C800&ssl=1 4x"},"classes":[]},{"id":90121,"url":"https:\/\/www.jornalja.com.br\/cultura\/espetaculo-musical-para-criancas-baseado-em-ziraldo-com-tum-toin-foin\/","url_meta":{"origin":91471,"position":3},"title":"Espet\u00e1culo musical para crian\u00e7as, baseado em Ziraldo, com Tum Toin Foin","author":"da Reda\u00e7\u00e3o","date":"24 de outubro de 2024","format":false,"excerpt":"Baseado no livro FLICTS, de Ziraldo, banda de c\u00e2mara Tum Toin Foin faz \u00fanica apresenta\u00e7\u00e3o no domingo, \u00e0s 17h. Programa\u00e7\u00e3o cultural no 373 conta, ainda, com a rever\u00eancia \u00e0 MPB com B\u00e1rbara Bit e lan\u00e7amento de single de Rafa Costa No\u00a0domingo (27), a\u00a0banda de c\u00e2mara Tum Toin Foin apresenta o\u2026","rel":"","context":"Em &quot;Cultura-MAT\u00c9RIA&quot;","block_context":{"text":"Cultura-MAT\u00c9RIA","link":"https:\/\/www.jornalja.com.br\/cultura\/category\/materiasecundaria\/"},"img":{"alt_text":"","src":"https:\/\/i0.wp.com\/www.jornalja.com.br\/cultura\/wp-content\/uploads\/sites\/2\/2024\/10\/tum-toin-foin-2024-por-vinicius-angeli-1.jpg?resize=350%2C200&ssl=1","width":350,"height":200,"srcset":"https:\/\/i0.wp.com\/www.jornalja.com.br\/cultura\/wp-content\/uploads\/sites\/2\/2024\/10\/tum-toin-foin-2024-por-vinicius-angeli-1.jpg?resize=350%2C200&ssl=1 1x, https:\/\/i0.wp.com\/www.jornalja.com.br\/cultura\/wp-content\/uploads\/sites\/2\/2024\/10\/tum-toin-foin-2024-por-vinicius-angeli-1.jpg?resize=525%2C300&ssl=1 1.5x, https:\/\/i0.wp.com\/www.jornalja.com.br\/cultura\/wp-content\/uploads\/sites\/2\/2024\/10\/tum-toin-foin-2024-por-vinicius-angeli-1.jpg?resize=700%2C400&ssl=1 2x, https:\/\/i0.wp.com\/www.jornalja.com.br\/cultura\/wp-content\/uploads\/sites\/2\/2024\/10\/tum-toin-foin-2024-por-vinicius-angeli-1.jpg?resize=1050%2C600&ssl=1 3x, https:\/\/i0.wp.com\/www.jornalja.com.br\/cultura\/wp-content\/uploads\/sites\/2\/2024\/10\/tum-toin-foin-2024-por-vinicius-angeli-1.jpg?resize=1400%2C800&ssl=1 4x"},"classes":[]},{"id":87532,"url":"https:\/\/www.jornalja.com.br\/cultura\/grupos-instrumentais-gauchos-participam-de-festival-dedicado-ao-jornalista-paulo-moreira\/","url_meta":{"origin":91471,"position":4},"title":"Grupos instrumentais ga\u00fachos participam de festival dedicado ao jornalista Paulo Moreira","author":"da Reda\u00e7\u00e3o","date":"9 de fevereiro de 2023","format":false,"excerpt":"Primeira edi\u00e7\u00e3o do Festival Paulo Moreira vai reunir mais de 15 grupos de m\u00fasica instrumental do RS As apresenta\u00e7\u00f5es v\u00e3o ocorrer de 2 a 5 de mar\u00e7o, no Caf\u00e9 Fon Fon, Espa\u00e7o 373, Gravador Pub e Sala Jazz Geraldo Flach. Toda a renda ser\u00e1 revertida ao tratamento de sa\u00fade do\u2026","rel":"","context":"Em &quot;Cultura-MAT\u00c9RIA&quot;","block_context":{"text":"Cultura-MAT\u00c9RIA","link":"https:\/\/www.jornalja.com.br\/cultura\/category\/materiasecundaria\/"},"img":{"alt_text":"","src":"https:\/\/i0.wp.com\/www.jornalja.com.br\/cultura\/wp-content\/uploads\/sites\/2\/2023\/02\/festival-paulo-moreira-foto-daisson-flach.jpeg?resize=350%2C200&ssl=1","width":350,"height":200,"srcset":"https:\/\/i0.wp.com\/www.jornalja.com.br\/cultura\/wp-content\/uploads\/sites\/2\/2023\/02\/festival-paulo-moreira-foto-daisson-flach.jpeg?resize=350%2C200&ssl=1 1x, https:\/\/i0.wp.com\/www.jornalja.com.br\/cultura\/wp-content\/uploads\/sites\/2\/2023\/02\/festival-paulo-moreira-foto-daisson-flach.jpeg?resize=525%2C300&ssl=1 1.5x, https:\/\/i0.wp.com\/www.jornalja.com.br\/cultura\/wp-content\/uploads\/sites\/2\/2023\/02\/festival-paulo-moreira-foto-daisson-flach.jpeg?resize=700%2C400&ssl=1 2x, https:\/\/i0.wp.com\/www.jornalja.com.br\/cultura\/wp-content\/uploads\/sites\/2\/2023\/02\/festival-paulo-moreira-foto-daisson-flach.jpeg?resize=1050%2C600&ssl=1 3x"},"classes":[]},{"id":75357,"url":"https:\/\/www.jornalja.com.br\/cultura\/julio-herrlein-quarteto-toca-no-espaco-373-em-despedida-do-saxofonista-diego-ferreira\/","url_meta":{"origin":91471,"position":5},"title":"Julio Herrlein Quarteto toca no Espa\u00e7o 373, em despedida do saxofonista Diego Ferreira","author":"da Reda\u00e7\u00e3o","date":"14 de julho de 2019","format":false,"excerpt":"O Espa\u00e7o 373 recebe Julio Herrlein Quarteto,no dia\u00a019 de julho (sexta-feira),\u00a0.\u00a0Formado por Julio \u201cChumbinho\u201d Herrlein (guitarra, composi\u00e7\u00f5es e arranjos), Diego Ferreira (saxofone), Caio Maurente (contrabaixo) e Bruno Braga (bateria), o grupo apresentar\u00e1 um repert\u00f3rio autoral que revisita os mais de 20 anos de carreira de Chumbinho em composi\u00e7\u00f5es e arranjos\u2026","rel":"","context":"Em &quot;Cultura-MAT\u00c9RIA&quot;","block_context":{"text":"Cultura-MAT\u00c9RIA","link":"https:\/\/www.jornalja.com.br\/cultura\/category\/materiasecundaria\/"},"img":{"alt_text":"","src":"https:\/\/i0.wp.com\/www.jornalja.com.br\/wp-content\/uploads\/2019\/07\/arte-Diego-e-Julio-Foto-Eduardo-Quadros-450x301.jpg?resize=350%2C200&ssl=1","width":350,"height":200},"classes":[]}],"jetpack_shortlink":"https:\/\/wp.me\/pbKnZc-nNl","jetpack_sharing_enabled":true,"_links":{"self":[{"href":"https:\/\/www.jornalja.com.br\/cultura\/wp-json\/wp\/v2\/posts\/91471","targetHints":{"allow":["GET"]}}],"collection":[{"href":"https:\/\/www.jornalja.com.br\/cultura\/wp-json\/wp\/v2\/posts"}],"about":[{"href":"https:\/\/www.jornalja.com.br\/cultura\/wp-json\/wp\/v2\/types\/post"}],"author":[{"embeddable":true,"href":"https:\/\/www.jornalja.com.br\/cultura\/wp-json\/wp\/v2\/users\/3"}],"replies":[{"embeddable":true,"href":"https:\/\/www.jornalja.com.br\/cultura\/wp-json\/wp\/v2\/comments?post=91471"}],"version-history":[{"count":1,"href":"https:\/\/www.jornalja.com.br\/cultura\/wp-json\/wp\/v2\/posts\/91471\/revisions"}],"predecessor-version":[{"id":91475,"href":"https:\/\/www.jornalja.com.br\/cultura\/wp-json\/wp\/v2\/posts\/91471\/revisions\/91475"}],"wp:featuredmedia":[{"embeddable":true,"href":"https:\/\/www.jornalja.com.br\/cultura\/wp-json\/wp\/v2\/media\/91473"}],"wp:attachment":[{"href":"https:\/\/www.jornalja.com.br\/cultura\/wp-json\/wp\/v2\/media?parent=91471"}],"wp:term":[{"taxonomy":"category","embeddable":true,"href":"https:\/\/www.jornalja.com.br\/cultura\/wp-json\/wp\/v2\/categories?post=91471"},{"taxonomy":"post_tag","embeddable":true,"href":"https:\/\/www.jornalja.com.br\/cultura\/wp-json\/wp\/v2\/tags?post=91471"}],"curies":[{"name":"wp","href":"https:\/\/api.w.org\/{rel}","templated":true}]}}