{"id":91587,"date":"2025-11-18T06:15:06","date_gmt":"2025-11-18T09:15:06","guid":{"rendered":"https:\/\/www.jornalja.com.br\/cultura\/?p=91587"},"modified":"2025-11-18T06:15:06","modified_gmt":"2025-11-18T09:15:06","slug":"valter-sobreiro-lanca-seu-novo-romance","status":"publish","type":"post","link":"https:\/\/www.jornalja.com.br\/cultura\/valter-sobreiro-lanca-seu-novo-romance\/","title":{"rendered":"Valter Sobreiro lan\u00e7a seu novo romance"},"content":{"rendered":"<p>Para quem for do teatro ou gostar de literatura, h\u00e1 um bom programa nesta ter\u00e7a-feira (18\/11), no sagu\u00e3o do Teatro Sim\u00f5es Lopes Neto, ao lado do Teatro S\u00e3o Pedro, em Porto Alegre: das 18 \u00e0s 21 horas, o dramaturgo Valter Sobreiro Jr estar\u00e1 apresentando sua \u00faltima produ\u00e7\u00e3o, o romance \u201cO Dem\u00f4nio a Ser Pago no Est\u00fadio dos Fundos\u201d, com foco na figura de Elis Regina.<\/p>\n<p>Simultaneamente, ele dever\u00e1 apor sua rubrica no livro \u201c6 D\u00e9cadas de Teatro\u201d, assinado por Jo\u00e3o Luis Pereira Ourique, organizador da fortuna cr\u00edtica de Sobreiro, cuja obra foi analisada criticamente por acad\u00eamicos da UFPel, da FURG e das federais do MT e do MS. Se tudo sair nos conformes, ser\u00e1 uma tarde-noite de honra e gl\u00f3ria para o ga\u00facho de 8\u2026<br \/>\n[<\/p>\n","protected":false},"excerpt":{"rendered":"<p>Para quem for do teatro ou gostar de literatura, h\u00e1 um bom programa nesta ter\u00e7a-feira (18\/11), no sagu\u00e3o do Teatro Sim\u00f5es Lopes Neto, ao lado do Teatro S\u00e3o Pedro, em Porto Alegre: das 18 \u00e0s 21 horas, o dramaturgo Valter Sobreiro Jr estar\u00e1 apresentando sua \u00faltima produ\u00e7\u00e3o, o romance \u201cO Dem\u00f4nio a Ser Pago no [&hellip;]<\/p>\n","protected":false},"author":4,"featured_media":0,"comment_status":"closed","ping_status":"open","sticky":false,"template":"","format":"standard","meta":{"jetpack_post_was_ever_published":false,"_jetpack_newsletter_access":"","_jetpack_dont_email_post_to_subs":false,"_jetpack_newsletter_tier_id":0,"_jetpack_memberships_contains_paywalled_content":false,"_jetpack_memberships_contains_paid_content":false,"footnotes":"","jetpack_publicize_message":"","jetpack_publicize_feature_enabled":true,"jetpack_social_post_already_shared":true,"jetpack_social_options":{"image_generator_settings":{"template":"highway","default_image_id":0,"font":"","enabled":false},"version":2}},"categories":[9],"tags":[],"class_list":["post-91587","post","type-post","status-publish","format-standard","hentry","category-culturanotas"],"aioseo_notices":[],"jetpack_publicize_connections":[],"jetpack_featured_media_url":"","jetpack-related-posts":[{"id":76045,"url":"https:\/\/www.jornalja.com.br\/cultura\/a-arte-que-se-faz-coletivamente-na-segunda-edicao-do-projeto-rexiste-usina-das-artes\/","url_meta":{"origin":91587,"position":0},"title":"A arte que se faz coletivamente, na segunda edi\u00e7\u00e3o do projeto Rexiste Usina Das Artes","author":"da Reda\u00e7\u00e3o","date":"7 de agosto de 2019","format":false,"excerpt":"A segunda edi\u00e7\u00e3o do projeto Rexiste Usina Das Artes promovida pelos grupos, companhias e coletivos que integram o Projeto Usina das Artes ser\u00e1 realizada de 9 de agosto e se estender\u00e1 at\u00e9 o dia 25. Os eventos ocorrem na KZA Das Artes Santa Terezinha (rua Santa Terezinha, 711 - Santana).\u2026","rel":"","context":"Em &quot;Cultura-MAT\u00c9RIA&quot;","block_context":{"text":"Cultura-MAT\u00c9RIA","link":"https:\/\/www.jornalja.com.br\/cultura\/category\/materiasecundaria\/"},"img":{"alt_text":"","src":"https:\/\/i0.wp.com\/www.jornalja.com.br\/wp-content\/uploads\/2019\/08\/arte-usina-le-bufe-450x300.jpeg?resize=350%2C200&ssl=1","width":350,"height":200},"classes":[]},{"id":86479,"url":"https:\/\/www.jornalja.com.br\/cultura\/trago-sorte-mentira-morte-esta-de-volta-no-teatro-renascenca\/","url_meta":{"origin":91587,"position":1},"title":"&#8220;Trago Sorte Mentira &amp; Morte&#8221; est\u00e1 de volta no Teatro Renascen\u00e7a","author":"da Reda\u00e7\u00e3o","date":"16 de agosto de 2022","format":false,"excerpt":"Espet\u00e1culo estar\u00e1 em quatro apresenta\u00e7\u00f5es, de 18 a 21 de agosto. Durante a temporada, o grupo vai receber doa\u00e7\u00f5es de alimentos para a Casa Mirabal e oferecer ingressos sociais. Um dos mais concorridos espet\u00e1culos do ano est\u00e1 de volta e com op\u00e7\u00f5es de ingressos sociais e a\u00e7\u00e3o solid\u00e1ria. O Grupo\u2026","rel":"","context":"Em &quot;Cultura-MAT\u00c9RIA&quot;","block_context":{"text":"Cultura-MAT\u00c9RIA","link":"https:\/\/www.jornalja.com.br\/cultura\/category\/materiasecundaria\/"},"img":{"alt_text":"","src":"https:\/\/i0.wp.com\/www.jornalja.com.br\/cultura\/wp-content\/uploads\/sites\/2\/2022\/08\/li-adriana-marchiori-coletiva-cena-393.jpg?resize=350%2C200&ssl=1","width":350,"height":200,"srcset":"https:\/\/i0.wp.com\/www.jornalja.com.br\/cultura\/wp-content\/uploads\/sites\/2\/2022\/08\/li-adriana-marchiori-coletiva-cena-393.jpg?resize=350%2C200&ssl=1 1x, https:\/\/i0.wp.com\/www.jornalja.com.br\/cultura\/wp-content\/uploads\/sites\/2\/2022\/08\/li-adriana-marchiori-coletiva-cena-393.jpg?resize=525%2C300&ssl=1 1.5x, https:\/\/i0.wp.com\/www.jornalja.com.br\/cultura\/wp-content\/uploads\/sites\/2\/2022\/08\/li-adriana-marchiori-coletiva-cena-393.jpg?resize=700%2C400&ssl=1 2x, https:\/\/i0.wp.com\/www.jornalja.com.br\/cultura\/wp-content\/uploads\/sites\/2\/2022\/08\/li-adriana-marchiori-coletiva-cena-393.jpg?resize=1050%2C600&ssl=1 3x"},"classes":[]},{"id":91791,"url":"https:\/\/www.jornalja.com.br\/cultura\/a-parabola-diabolica-de-valter-sobreiro-junior\/","url_meta":{"origin":91587,"position":2},"title":"A par\u00e1bola diab\u00f3lica de Valter Sobreiro Junior","author":"da Reda\u00e7\u00e3o","date":"3 de janeiro de 2026","format":false,"excerpt":"GERALDO HASSE O romance \u201cO Dem\u00f4nio a Ser Pago no Est\u00fadio dos Fundos\u201d, de Valter Sobreiro Junior, pode e deve ser lido como uma par\u00e1bola sobre o poder do Dinheiro em seu massacre habitual dos trabalhadores, especialmente os praticantes das Artes. \u00c9 narrado na primeira pessoa por um ex-programador musical\u2026","rel":"","context":"Em &quot;Cultura-MAT\u00c9RIA&quot;","block_context":{"text":"Cultura-MAT\u00c9RIA","link":"https:\/\/www.jornalja.com.br\/cultura\/category\/materiasecundaria\/"},"img":{"alt_text":"","src":"https:\/\/i0.wp.com\/www.jornalja.com.br\/cultura\/wp-content\/uploads\/sites\/2\/2026\/01\/cultura-valter-sobreiro-junior-foto-divulgacao-edited.jpg?resize=350%2C200&ssl=1","width":350,"height":200,"srcset":"https:\/\/i0.wp.com\/www.jornalja.com.br\/cultura\/wp-content\/uploads\/sites\/2\/2026\/01\/cultura-valter-sobreiro-junior-foto-divulgacao-edited.jpg?resize=350%2C200&ssl=1 1x, https:\/\/i0.wp.com\/www.jornalja.com.br\/cultura\/wp-content\/uploads\/sites\/2\/2026\/01\/cultura-valter-sobreiro-junior-foto-divulgacao-edited.jpg?resize=525%2C300&ssl=1 1.5x, https:\/\/i0.wp.com\/www.jornalja.com.br\/cultura\/wp-content\/uploads\/sites\/2\/2026\/01\/cultura-valter-sobreiro-junior-foto-divulgacao-edited.jpg?resize=700%2C400&ssl=1 2x, https:\/\/i0.wp.com\/www.jornalja.com.br\/cultura\/wp-content\/uploads\/sites\/2\/2026\/01\/cultura-valter-sobreiro-junior-foto-divulgacao-edited.jpg?resize=1050%2C600&ssl=1 3x, https:\/\/i0.wp.com\/www.jornalja.com.br\/cultura\/wp-content\/uploads\/sites\/2\/2026\/01\/cultura-valter-sobreiro-junior-foto-divulgacao-edited.jpg?resize=1400%2C800&ssl=1 4x"},"classes":[]},{"id":83457,"url":"https:\/\/www.jornalja.com.br\/cultura\/novos-criticos-de-teatro-no-projeto-ver-a-cena-do-grupo-neelic\/","url_meta":{"origin":91587,"position":3},"title":"Novos cr\u00edticos de teatro\u00a0no projeto &#8220;Ver a Cena&#8221;, do grupo NEELIC","author":"da Reda\u00e7\u00e3o","date":"23 de fevereiro de 2021","format":false,"excerpt":"O Grupo NEELIC inicia o ano de 2021 apresentando uma iniciativa que pretende ampliar os olhares sobre o teatro no Rio Grande do Sul. O projeto Ver a Cena envolve a cria\u00e7\u00e3o e o desenvolvimento de um grande programa art\u00edstico c\u00eanico, com estreia de espet\u00e1culo, mostra de repert\u00f3rio e uma\u2026","rel":"","context":"Em &quot;Cultura-MAT\u00c9RIA&quot;","block_context":{"text":"Cultura-MAT\u00c9RIA","link":"https:\/\/www.jornalja.com.br\/cultura\/category\/materiasecundaria\/"},"img":{"alt_text":"","src":"https:\/\/i0.wp.com\/www.jornalja.com.br\/cultura\/wp-content\/uploads\/sites\/2\/2021\/02\/teatro-1-img-2904-cor-3-marcio-garcia-scaled.jpg?resize=350%2C200&ssl=1","width":350,"height":200,"srcset":"https:\/\/i0.wp.com\/www.jornalja.com.br\/cultura\/wp-content\/uploads\/sites\/2\/2021\/02\/teatro-1-img-2904-cor-3-marcio-garcia-scaled.jpg?resize=350%2C200&ssl=1 1x, https:\/\/i0.wp.com\/www.jornalja.com.br\/cultura\/wp-content\/uploads\/sites\/2\/2021\/02\/teatro-1-img-2904-cor-3-marcio-garcia-scaled.jpg?resize=525%2C300&ssl=1 1.5x, https:\/\/i0.wp.com\/www.jornalja.com.br\/cultura\/wp-content\/uploads\/sites\/2\/2021\/02\/teatro-1-img-2904-cor-3-marcio-garcia-scaled.jpg?resize=700%2C400&ssl=1 2x, https:\/\/i0.wp.com\/www.jornalja.com.br\/cultura\/wp-content\/uploads\/sites\/2\/2021\/02\/teatro-1-img-2904-cor-3-marcio-garcia-scaled.jpg?resize=1050%2C600&ssl=1 3x, https:\/\/i0.wp.com\/www.jornalja.com.br\/cultura\/wp-content\/uploads\/sites\/2\/2021\/02\/teatro-1-img-2904-cor-3-marcio-garcia-scaled.jpg?resize=1400%2C800&ssl=1 4x"},"classes":[]},{"id":83024,"url":"https:\/\/www.jornalja.com.br\/cultura\/rafael-guimaraens-lanca-romance-policial-ambientado-no-ano-da-exposicao-do-centenario-da-revolucao-farroupilha\/","url_meta":{"origin":91587,"position":4},"title":"Rafael Guimaraens lan\u00e7a romance policial, ambientado em 1935","author":"da Reda\u00e7\u00e3o","date":"11 de novembro de 2020","format":false,"excerpt":"O livro \u201c1935\u201d\u00a0(Libretos, 336 p\u00e1ginas, R$45. Na Feira do Livro, R$36) \u00e9 a primeira incurs\u00e3o do\u00a0escritor e jornalista\u00a0Rafael Guimaraens no romance policial. O lan\u00e7amento acontece no dia 13 de novembro, sexta-feira, \u00e0s 18 horas, na programa\u00e7\u00e3o da 66\u00aa Feira do Livro de Porto Alegre. O t\u00edtulo traz uma marcante reconstitui\u00e7\u00e3o\u2026","rel":"","context":"Em &quot;Cultura-MAT\u00c9RIA&quot;","block_context":{"text":"Cultura-MAT\u00c9RIA","link":"https:\/\/www.jornalja.com.br\/cultura\/category\/materiasecundaria\/"},"img":{"alt_text":"","src":"https:\/\/i0.wp.com\/www.jornalja.com.br\/cultura\/wp-content\/uploads\/sites\/2\/2020\/11\/lancamento-1935-capa.jpg?resize=350%2C200&ssl=1","width":350,"height":200,"srcset":"https:\/\/i0.wp.com\/www.jornalja.com.br\/cultura\/wp-content\/uploads\/sites\/2\/2020\/11\/lancamento-1935-capa.jpg?resize=350%2C200&ssl=1 1x, https:\/\/i0.wp.com\/www.jornalja.com.br\/cultura\/wp-content\/uploads\/sites\/2\/2020\/11\/lancamento-1935-capa.jpg?resize=525%2C300&ssl=1 1.5x, https:\/\/i0.wp.com\/www.jornalja.com.br\/cultura\/wp-content\/uploads\/sites\/2\/2020\/11\/lancamento-1935-capa.jpg?resize=700%2C400&ssl=1 2x, https:\/\/i0.wp.com\/www.jornalja.com.br\/cultura\/wp-content\/uploads\/sites\/2\/2020\/11\/lancamento-1935-capa.jpg?resize=1050%2C600&ssl=1 3x, https:\/\/i0.wp.com\/www.jornalja.com.br\/cultura\/wp-content\/uploads\/sites\/2\/2020\/11\/lancamento-1935-capa.jpg?resize=1400%2C800&ssl=1 4x"},"classes":[]},{"id":83803,"url":"https:\/\/www.jornalja.com.br\/cultura\/a-13a-festipoa-literaria-e-sua-primeira-atividade-em-parceria-com-o-coletivo-atinuke-e-deds-ufrgs\/","url_meta":{"origin":91587,"position":5},"title":"A 13\u00aa FestiPoa Liter\u00e1ria e sua primeira atividade, em parceria com o\u00a0\u00a0Coletivo Atinuk\u00e9 e DEDS\/UFRGS","author":"da Reda\u00e7\u00e3o","date":"15 de abril de 2021","format":false,"excerpt":"\"Escrever pode ser uma esp\u00e9cie de vingan\u00e7a (...). N\u00e3o sei se vingan\u00e7a, talvez um desafio, um modo de ferir o sil\u00eancio imposto, ou ainda executar um gesto de teimosa esperan\u00e7a.\u201d Estas s\u00e3o as palavras de Concei\u00e7\u00e3o Evaristo e que representam o ciclo \u201cPercursos do romance de autoria negra feminina\u2019, atividade\u2026","rel":"","context":"Em &quot;Cultura-MAT\u00c9RIA&quot;","block_context":{"text":"Cultura-MAT\u00c9RIA","link":"https:\/\/www.jornalja.com.br\/cultura\/category\/materiasecundaria\/"},"img":{"alt_text":"","src":"https:\/\/i0.wp.com\/www.jornalja.com.br\/cultura\/wp-content\/uploads\/sites\/2\/2021\/04\/ana-maria-goncalves-foto-leo-pinheiro.jpg?resize=350%2C200&ssl=1","width":350,"height":200,"srcset":"https:\/\/i0.wp.com\/www.jornalja.com.br\/cultura\/wp-content\/uploads\/sites\/2\/2021\/04\/ana-maria-goncalves-foto-leo-pinheiro.jpg?resize=350%2C200&ssl=1 1x, https:\/\/i0.wp.com\/www.jornalja.com.br\/cultura\/wp-content\/uploads\/sites\/2\/2021\/04\/ana-maria-goncalves-foto-leo-pinheiro.jpg?resize=525%2C300&ssl=1 1.5x, https:\/\/i0.wp.com\/www.jornalja.com.br\/cultura\/wp-content\/uploads\/sites\/2\/2021\/04\/ana-maria-goncalves-foto-leo-pinheiro.jpg?resize=700%2C400&ssl=1 2x, https:\/\/i0.wp.com\/www.jornalja.com.br\/cultura\/wp-content\/uploads\/sites\/2\/2021\/04\/ana-maria-goncalves-foto-leo-pinheiro.jpg?resize=1050%2C600&ssl=1 3x"},"classes":[]}],"jetpack_shortlink":"https:\/\/wp.me\/pbKnZc-nPd","jetpack_sharing_enabled":true,"_links":{"self":[{"href":"https:\/\/www.jornalja.com.br\/cultura\/wp-json\/wp\/v2\/posts\/91587","targetHints":{"allow":["GET"]}}],"collection":[{"href":"https:\/\/www.jornalja.com.br\/cultura\/wp-json\/wp\/v2\/posts"}],"about":[{"href":"https:\/\/www.jornalja.com.br\/cultura\/wp-json\/wp\/v2\/types\/post"}],"author":[{"embeddable":true,"href":"https:\/\/www.jornalja.com.br\/cultura\/wp-json\/wp\/v2\/users\/4"}],"replies":[{"embeddable":true,"href":"https:\/\/www.jornalja.com.br\/cultura\/wp-json\/wp\/v2\/comments?post=91587"}],"version-history":[{"count":1,"href":"https:\/\/www.jornalja.com.br\/cultura\/wp-json\/wp\/v2\/posts\/91587\/revisions"}],"predecessor-version":[{"id":91588,"href":"https:\/\/www.jornalja.com.br\/cultura\/wp-json\/wp\/v2\/posts\/91587\/revisions\/91588"}],"wp:attachment":[{"href":"https:\/\/www.jornalja.com.br\/cultura\/wp-json\/wp\/v2\/media?parent=91587"}],"wp:term":[{"taxonomy":"category","embeddable":true,"href":"https:\/\/www.jornalja.com.br\/cultura\/wp-json\/wp\/v2\/categories?post=91587"},{"taxonomy":"post_tag","embeddable":true,"href":"https:\/\/www.jornalja.com.br\/cultura\/wp-json\/wp\/v2\/tags?post=91587"}],"curies":[{"name":"wp","href":"https:\/\/api.w.org\/{rel}","templated":true}]}}