{"id":91617,"date":"2025-11-30T15:37:53","date_gmt":"2025-11-30T18:37:53","guid":{"rendered":"https:\/\/www.jornalja.com.br\/cultura\/?p=91617"},"modified":"2025-12-01T15:47:19","modified_gmt":"2025-12-01T18:47:19","slug":"raul-ellwanger-canta-os-sete-povos-no-clube-de-cultura","status":"publish","type":"post","link":"https:\/\/www.jornalja.com.br\/cultura\/raul-ellwanger-canta-os-sete-povos-no-clube-de-cultura\/","title":{"rendered":"Raul Ellwanger canta os Sete Povos no Clube de Cultura"},"content":{"rendered":"<p>A Cantata Sete Povos, su\u00edte composta pelo m\u00fasico ga\u00facho Raul Ellwanger (compositor, cantor e violonista), ser\u00e1 apresentada no Clube de Cultura dia 1\u00ba de dezembro.\u00a0 A obra, com doze can\u00e7\u00f5es, inspira-se na saga dos Guarani nas Miss\u00f5es Jesu\u00edticas, situadas no Noroeste do Rio Grande do Sul, entre os s\u00e9culos XVII e XVIII.<\/p>\n<figure id=\"attachment_91623\" aria-describedby=\"caption-attachment-91623\" style=\"width: 300px\" class=\"wp-caption alignright\"><img decoding=\"async\" data-attachment-id=\"91623\" data-permalink=\"https:\/\/www.jornalja.com.br\/cultura\/raul-ellwanger-canta-os-sete-povos-no-clube-de-cultura\/thiago-colombo\/\" data-orig-file=\"https:\/\/www.jornalja.com.br\/cultura\/wp-content\/uploads\/sites\/2\/2025\/11\/thiago-colombo.jpg\" data-orig-size=\"1280,854\" data-comments-opened=\"0\" data-image-meta=\"{&quot;aperture&quot;:&quot;0&quot;,&quot;credit&quot;:&quot;&quot;,&quot;camera&quot;:&quot;&quot;,&quot;caption&quot;:&quot;&quot;,&quot;created_timestamp&quot;:&quot;0&quot;,&quot;copyright&quot;:&quot;&quot;,&quot;focal_length&quot;:&quot;0&quot;,&quot;iso&quot;:&quot;0&quot;,&quot;shutter_speed&quot;:&quot;0&quot;,&quot;title&quot;:&quot;&quot;,&quot;orientation&quot;:&quot;0&quot;}\" data-image-title=\"thiago colombo\" data-image-description=\"\" data-image-caption=\"&lt;p&gt;O viol\u00e3o de Thiago Colombo acompanha Ellwanger  | Foto Luiz \u00c1vila&lt;\/p&gt;\n\" data-large-file=\"https:\/\/www.jornalja.com.br\/cultura\/wp-content\/uploads\/sites\/2\/2025\/11\/thiago-colombo-1024x683.jpg\" class=\"size-medium wp-image-91623\" src=\"https:\/\/www.jornalja.com.br\/cultura\/wp-content\/uploads\/sites\/2\/2025\/11\/thiago-colombo-300x200.jpg\" alt=\"\" width=\"300\" height=\"200\" srcset=\"https:\/\/www.jornalja.com.br\/cultura\/wp-content\/uploads\/sites\/2\/2025\/11\/thiago-colombo-300x200.jpg 300w, https:\/\/www.jornalja.com.br\/cultura\/wp-content\/uploads\/sites\/2\/2025\/11\/thiago-colombo-1024x683.jpg 1024w, https:\/\/www.jornalja.com.br\/cultura\/wp-content\/uploads\/sites\/2\/2025\/11\/thiago-colombo-768x512.jpg 768w, https:\/\/www.jornalja.com.br\/cultura\/wp-content\/uploads\/sites\/2\/2025\/11\/thiago-colombo-1200x801.jpg 1200w, https:\/\/www.jornalja.com.br\/cultura\/wp-content\/uploads\/sites\/2\/2025\/11\/thiago-colombo.jpg 1280w\" sizes=\"(max-width: 300px) 100vw, 300px\" \/><figcaption id=\"caption-attachment-91623\" class=\"wp-caption-text\">O viol\u00e3o de Thiago Colombo acompanha Ellwanger | Foto Luiz \u00c1vila<\/figcaption><\/figure>\n<p>O espet\u00e1culo integra a programa\u00e7\u00e3o do projeto A Voz da Aldeia, aprovado pelo edital emergencial da Lei Rouanet RS, dentro do Programa Retomada Cultural RS, criado pelo Minist\u00e9rio da Cultura, devido \u00e0 enchente de maio de 2024, e foi selecionado para ser patrocinado pelo Ita\u00fa Unibanco.<\/p>\n<p>O projeto busca promover a cultura dos povos Mby\u00e1 Guarani, com \u00eanfase na comunidade Tekoa Pekuruty, localizada \u00e0s margens da BR 290, em Eldorado do Sul, RS,\u00a0 diretamente atingida pela enchente de maio de 2024.<\/p>\n<p>A programa\u00e7\u00e3o re\u00fane exposi\u00e7\u00e3o, apresenta\u00e7\u00e3o do espet\u00e1culo musical e Roda de Conversa.<\/p>\n<p><strong>Onde:<\/strong> Clube de Cultura &#8211; Rua Ramiro Barcelos, 1853 \u2013 Bom Fim &#8211; Porto Alegre<\/p>\n<p><strong>Data:<\/strong> 1\u00ba. de dezembro de 2025<\/p>\n<p>17h \u2013 Exposi\u00e7\u00e3o e venda de artesanato Mby\u00e1 Guarani<\/p>\n<p>20h \u2013\u00a0Raul Ellwanger\u00a0apresenta\u00a0Cantata Sete Povos<\/p>\n<p>Raul Ellwanger\u00a0(voz) &#8211;\u00a0Thiago Colombo\u00a0(viol\u00e3o)<\/p>\n<p>Ingresso Solid\u00e1rio: R$ 30,00<\/p>\n<p>Informa\u00e7\u00f5es e venda dos ingressos:\u00a0WhatsApp: (51) 99242-9974<\/p>\n<p>(O valor ser\u00e1 destinado integralmente para as aldeias participantes do projeto).<\/p>\n<p>Ap\u00f3s o show\u00a0 haver\u00e1 a Roda de Conversa\u00a0\u00a0intitulada <em>A situa\u00e7\u00e3o dos Povos Ind\u00edgenas no RS<\/em><\/p>\n<p>Painelistas convidados: lideran\u00e7as Mby\u00e1 Guarani e Kaingang e professores das escolas das aldeias.<\/p>\n<p><strong>Roteiro Cantata Sete Povos<\/strong><\/p>\n<p>Su\u00edte popular de 12 can\u00e7\u00f5es, que conta a saga das comunidades Guarani e padres jesu\u00edtas, nos s\u00e9culos XVII e XVIII, na regi\u00e3o das \u201cMisiones\u201d, no Noroeste do atual Rio Grande do Sul.<\/p>\n<p>1-Invoca\u00e7\u00e3o Guarani<\/p>\n<p>2-Bate o Enxad\u00e3o<\/p>\n<p>3-Indiozinho Sep\u00e9<\/p>\n<p>4-Busca da Terra sem Males<\/p>\n<p>5-O Homem de Roma<\/p>\n<p>6-Tapera e Aldeia<\/p>\n<p>7-Alf\u00e9rez de S\u00e3o Miguel<\/p>\n<p>8-R\u00e9quiem da Trai\u00e7\u00e3o<\/p>\n<p>9-Guerra nas Vacarias<\/p>\n<p>10-Chacina do Caiboat\u00e9<\/p>\n<p>11-Heran\u00e7a Missioneira<\/p>\n<p>12-Brado Guarani<\/p>\n<p><strong>A Cantata Sete Povos, por Raul Ellwanger<\/strong><\/p>\n<p>Procura retratar o apogeu da jornada de jesu\u00edtas e guarani no Rio Grande Sul entre 1680 e 1755, evento de longa dura\u00e7\u00e3o que \u00e9 um dos fundamentos de nossa pr\u00f3pria exist\u00eancia e personalidade social.<\/p>\n<p>Est\u00e1 formatada em doze can\u00e7\u00f5es que se inspiram em ritmos sul-americanos, na tradi\u00e7\u00e3o da\u00a0Misa Criolla\u00a0de Ariel Ramirez, na Missa Luba, na Missa da Terra-Sem-Males de D. Pedro Casald\u00e1liga, na pr\u00f3pria forma su\u00edte da m\u00fasica erudita. N\u00e3o est\u00e1 feita com g\u00eaneros folcl\u00f3ricos exclusivamente brasileiros, em aten\u00e7\u00e3o a que essa saga s\u00f3ciocultural abrangia o \u00e2mbito americano em seu conjunto, com suas toadas, milongas, chacareras, chimarritas.<\/p>\n<p>O modelo liter\u00e1rio se comp\u00f5e de doze momentos, como se tratasse de doze \u201ccenas hist\u00f3ricas\u201d em uma arquitetura de can\u00e7\u00f5es independentes que se unem, apoiam e iluminam, fazendo um arcabou\u00e7o claro e mesmo pedag\u00f3gico. Descrevem a inf\u00e2ncia, o trabalho, as cren\u00e7as, os h\u00e1bitos e saberes, as contradi\u00e7\u00f5es, a intera\u00e7\u00e3o entre europeus e americanos, a amea\u00e7a das coroas ib\u00e9ricas, a resist\u00eancia de ind\u00edgenas e curas, as batalhas, a longa lista de heran\u00e7as deixadas a n\u00f3s, a vitalidade de um \u201ccorpus\u201d que \u00e9 raiz fundadora de toda a regi\u00e3o dos Rio da Prata e Uruguai.<\/p>\n<p>Realizei de forma pessoal uma grava\u00e7\u00e3o da Cantata Sete Povos, plasmada num suporte CD onde se incluem tamb\u00e9m arquivos digitalizados com partituras e cifras completas para quinteto (violinos, clarone-clarinete, viola, acorde\u00e3o, viol\u00e3o), grava\u00e7\u00e3o feita com m\u00fasicos da OSPA. Trata-se de uma mostra, apenas.<\/p>\n<p>Focando no quarto centen\u00e1rio do in\u00edcio da radica\u00e7\u00e3o dos jesu\u00edtas nestas regi\u00f5es a oriente do Rio Uruguai, a Cantata Sete Povos pode ser apresentada apenas por um \u00fanico m\u00fasico solista ou chegando at\u00e9 uma orquestra sinf\u00f4nica, caso em que se cogita em novos arranjos adequados, com alguns int\u00e9rpretes vocais convidados. Armar esta Cantata Sete Povos num arcabou\u00e7o sinf\u00f4nico permitiria sua utiliza\u00e7\u00e3o em eventos c\u00edvicos que permear\u00e3o o ano de 2026 com esta tem\u00e1tica. Por se adaptar a diferentes formatos, pode ser utilizada desde pequenos eventos did\u00e1ticos at\u00e9 apresenta\u00e7\u00f5es em pra\u00e7as p\u00fablicas e grandes cen\u00e1rios.<\/p>\n<p>Acessar em:\u00a0<a href=\"https:\/\/www.raulellwanger.com.br\/copia-cantata-2\">https:\/\/www.raulellwanger.com.br\/copia-cantata-2<\/a><\/p>\n<p>Equipe do Projeto:<\/p>\n<p>Produ\u00e7\u00e3o: Leandro Nunes<\/p>\n<p>Assistente de Produ\u00e7\u00e3o: Elaine Regina<\/p>\n<p>Assessoria Intercultural: Artemio S. Marques e M\u00e1rcia Tomazzoni<\/p>\n<p>Assistente de Produ\u00e7\u00e3o oficinas: Everton Kniphoff<\/p>\n<p>Assistente de Produ\u00e7\u00e3o Show: Anderson Gomes<\/p>\n<p>Iluminador: Jo\u00e3o Fraga<\/p>\n<p>Assessoria de Imprensa: Dinorah Ara\u00fajo<\/p>\n<p>Fotografia\/Audiovisual: Alexandre Oliveira<\/p>\n<p>Divulga\u00e7\u00e3o Midias Sociais: Tamires de Moraes e Karen Aguiar<\/p>\n<p>Acessibilidade\/Libras Show: Maysa Velasco e Dully Gunther<\/p>\n<p>Instagram\u00a0@avozdaaldeia.2025<\/p>\n","protected":false},"excerpt":{"rendered":"<p>A Cantata Sete Povos, su\u00edte composta pelo m\u00fasico ga\u00facho Raul Ellwanger (compositor, cantor e violonista), ser\u00e1 apresentada no Clube de Cultura dia 1\u00ba de dezembro.\u00a0 A obra, com doze can\u00e7\u00f5es, inspira-se na saga dos Guarani nas Miss\u00f5es Jesu\u00edticas, situadas no Noroeste do Rio Grande do Sul, entre os s\u00e9culos XVII e XVIII. O espet\u00e1culo integra [&hellip;]<\/p>\n","protected":false},"author":4,"featured_media":91618,"comment_status":"closed","ping_status":"open","sticky":false,"template":"","format":"standard","meta":{"jetpack_post_was_ever_published":false,"_jetpack_newsletter_access":"","_jetpack_dont_email_post_to_subs":false,"_jetpack_newsletter_tier_id":0,"_jetpack_memberships_contains_paywalled_content":false,"_jetpack_memberships_contains_paid_content":false,"footnotes":"","jetpack_publicize_message":"","jetpack_publicize_feature_enabled":true,"jetpack_social_post_already_shared":true,"jetpack_social_options":{"image_generator_settings":{"template":"highway","default_image_id":0,"font":"","enabled":false},"version":2}},"categories":[2],"tags":[],"class_list":["post-91617","post","type-post","status-publish","format-standard","has-post-thumbnail","hentry","category-materiasecundaria"],"aioseo_notices":[],"jetpack_publicize_connections":[],"jetpack_featured_media_url":"https:\/\/www.jornalja.com.br\/cultura\/wp-content\/uploads\/sites\/2\/2025\/11\/raul-ellwanger-foto-luiz-avila-1.jpeg","jetpack-related-posts":[{"id":74729,"url":"https:\/\/www.jornalja.com.br\/cultura\/raul-ellwanger-mostra-novas-parcerias-no-palco-do-cafe-fon-fon\/","url_meta":{"origin":91617,"position":0},"title":"Raul Ellwanger mostra &quot;Novas Parcerias&quot;, no palco do Caf\u00e9 Fon Fon","author":"da Reda\u00e7\u00e3o","date":"5 de junho de 2019","format":false,"excerpt":"Nome seminal na MPG, Raul Ellwanger apresenta o show \"Novas Parcerias\" neste s\u00e1bado, dia 08 de junho, \u00e0s 21h30min, no Caf\u00e9 Fon Fon, em Porto Alegre. O cantor e compositor anuncia uma nova safra de can\u00e7\u00f5es surgidas em 2019, fruto de parcerias com Bethy Krieger, Pablo Lanzoni, Camila Lopes, Marco\u2026","rel":"","context":"Em &quot;Cultura-MAT\u00c9RIA&quot;","block_context":{"text":"Cultura-MAT\u00c9RIA","link":"https:\/\/www.jornalja.com.br\/cultura\/category\/materiasecundaria\/"},"img":{"alt_text":"","src":"","width":0,"height":0},"classes":[]},{"id":74368,"url":"https:\/\/www.jornalja.com.br\/cultura\/luiz-mauro-filho-e-edilson-avila-apresentam-showentre-amigos-na-biblioteca-publica-do-estado\/","url_meta":{"origin":91617,"position":1},"title":"Luiz Mauro Filho e Edilson \u00c1vila apresentam show \u201cEntre Amigos\u201d na Biblioteca P\u00fablica do Estado","author":"da Reda\u00e7\u00e3o","date":"2 de maio de 2019","format":false,"excerpt":"\u00a0Dois consagrados instrumentistas do cen\u00e1rio musical ga\u00facho e brasileiro se re\u00fanem, no dia 7 de maio (ter\u00e7a-feira), para revisitar cl\u00e1ssicos do jazz e da m\u00fasica brasileira, al\u00e9m de composi\u00e7\u00f5es pr\u00f3prias, para uma apresenta\u00e7\u00e3o especial no projeto Chap\u00e9u Ac\u00fastico. O show de Edilson \u00c1vila (guitarra) e Luiz Mauro Filho (piano) ser\u00e1\u2026","rel":"","context":"Em &quot;Cultura-MAT\u00c9RIA&quot;","block_context":{"text":"Cultura-MAT\u00c9RIA","link":"https:\/\/www.jornalja.com.br\/cultura\/category\/materiasecundaria\/"},"img":{"alt_text":"","src":"https:\/\/i0.wp.com\/www.jornalja.com.br\/wp-content\/uploads\/2019\/05\/arte-chap%C3%A9u-Edilson-Avila-foto-arquivo-pessoal-295x450.jpg?resize=350%2C200&ssl=1","width":350,"height":200},"classes":[]},{"id":82477,"url":"https:\/\/www.jornalja.com.br\/cultura\/nair-teresinha-e-paulinho-parada-apresentam-a-live-cantares-pelo-facebook\/","url_meta":{"origin":91617,"position":2},"title":"Nair Teresinha e Paulinho Parada apresentam a Live &#8220;Cantares&#8221;, pelo Facebook","author":"da Reda\u00e7\u00e3o","date":"4 de agosto de 2020","format":false,"excerpt":"Segundo os organizadores ser\u00e1 uma live diferente e com \"cara\" de show, j\u00e1 que o \u00e1udio ser\u00e1 tratado em est\u00fadio profissional por t\u00e9cnicos especialistas e com cen\u00e1rio adequado. O depoimento \u00e9 de Paulinho Parada: \"Teremos 3 c\u00e2meras, ter\u00e1 jeito de grava\u00e7\u00e3o de Dvd, \u00e9 nossa expectativa. \u00c9 a primeira vez,\u2026","rel":"","context":"Em &quot;Cultura-MAT\u00c9RIA&quot;","block_context":{"text":"Cultura-MAT\u00c9RIA","link":"https:\/\/www.jornalja.com.br\/cultura\/category\/materiasecundaria\/"},"img":{"alt_text":"","src":"https:\/\/i0.wp.com\/www.jornalja.com.br\/cultura\/wp-content\/uploads\/sites\/2\/2020\/08\/arte-show-banner.jpeg?resize=350%2C200&ssl=1","width":350,"height":200,"srcset":"https:\/\/i0.wp.com\/www.jornalja.com.br\/cultura\/wp-content\/uploads\/sites\/2\/2020\/08\/arte-show-banner.jpeg?resize=350%2C200&ssl=1 1x, https:\/\/i0.wp.com\/www.jornalja.com.br\/cultura\/wp-content\/uploads\/sites\/2\/2020\/08\/arte-show-banner.jpeg?resize=525%2C300&ssl=1 1.5x, https:\/\/i0.wp.com\/www.jornalja.com.br\/cultura\/wp-content\/uploads\/sites\/2\/2020\/08\/arte-show-banner.jpeg?resize=700%2C400&ssl=1 2x"},"classes":[]},{"id":73656,"url":"https:\/\/www.jornalja.com.br\/cultura\/abril-um-mes-dedicado-a-temas-indigenas-no-memorial-do-rs\/","url_meta":{"origin":91617,"position":3},"title":"Abril, um m\u00eas dedicado a temas ind\u00edgenas, no Memorial do RS","author":"da Reda\u00e7\u00e3o","date":"3 de abril de 2019","format":false,"excerpt":"\"Abril Ind\u00edgena 2019: conhecimentos e territ\u00f3rios tradicionais\". Esse \u00e9 o tema e o t\u00edtulo do evento promovido pelo Museu Antropol\u00f3gico do RS, Arquivo Hist\u00f3rico do RS, Memorial do RS e Museu Arqueol\u00f3gico do RS,\u00a0de\u00a009 de abril a 31 de maio, no primeiro andar do Memorial do Rio Grande do Sul\u2026","rel":"","context":"Em &quot;Cultura-MAT\u00c9RIA&quot;","block_context":{"text":"Cultura-MAT\u00c9RIA","link":"https:\/\/www.jornalja.com.br\/cultura\/category\/materiasecundaria\/"},"img":{"alt_text":"","src":"https:\/\/i0.wp.com\/www.jornalja.com.br\/wp-content\/uploads\/2019\/04\/exposi%C3%A7%C3%A3o-foto-2_-Leticia-Nunes-artesa-indigena-450x299.jpg?resize=350%2C200&ssl=1","width":350,"height":200},"classes":[]},{"id":86630,"url":"https:\/\/www.jornalja.com.br\/cultura\/marcelo-delacroix-e-quinteto-apresentam-musicas-do-novo-trabalho-no-espaco-373\/","url_meta":{"origin":91617,"position":4},"title":"Marcelo Delacroix e quinteto apresentam m\u00fasicas do novo trabalho, no Espa\u00e7o 373","author":"da Reda\u00e7\u00e3o","date":"5 de setembro de 2022","format":false,"excerpt":"\u00a0 No\u00a0pr\u00f3ximo s\u00e1bado (10), o\u00a0Espa\u00e7o 373\u00a0recebe o m\u00fasico e compositor\u00a0Marcelo Delacroix, em formato quinteto:\u00a0Beto Chedid\u00a0(viol\u00f5es, bandolim, cavaquinho, harm\u00f4nica e voz),\u00a0Giovanni Berti\u00a0(percuss\u00e3o e voz),\u00a0Mateus Mapa\u00a0(flauta, baixo, percuss\u00e3o e voz) e\u00a0Zelito\u00a0(viol\u00f5es, violino, baixo e voz). No repert\u00f3rio estar\u00e3o can\u00e7\u00f5es in\u00e9ditas, j\u00e1 apontando para o pr\u00f3ximo disco, como\u00a0Precisamos Conversar\u00a0(parceria com\u00a0M\u00e1rio Falc\u00e3o),\u00a0Benfazeja\u00a0(com\u00a0Arthur de Faria\u00a0e\u00a0Nelson\u2026","rel":"","context":"Em &quot;Cultura-NOTAS&quot;","block_context":{"text":"Cultura-NOTAS","link":"https:\/\/www.jornalja.com.br\/cultura\/category\/culturanotas\/"},"img":{"alt_text":"","src":"https:\/\/i0.wp.com\/www.jornalja.com.br\/cultura\/wp-content\/uploads\/sites\/2\/2022\/09\/show-giovanni-berti-marcelo-delacroix-mateus-mapa-zelito-e-beto-chedid-credito-isidoro-b-guggiana-scaled.jpg?resize=350%2C200&ssl=1","width":350,"height":200,"srcset":"https:\/\/i0.wp.com\/www.jornalja.com.br\/cultura\/wp-content\/uploads\/sites\/2\/2022\/09\/show-giovanni-berti-marcelo-delacroix-mateus-mapa-zelito-e-beto-chedid-credito-isidoro-b-guggiana-scaled.jpg?resize=350%2C200&ssl=1 1x, https:\/\/i0.wp.com\/www.jornalja.com.br\/cultura\/wp-content\/uploads\/sites\/2\/2022\/09\/show-giovanni-berti-marcelo-delacroix-mateus-mapa-zelito-e-beto-chedid-credito-isidoro-b-guggiana-scaled.jpg?resize=525%2C300&ssl=1 1.5x, https:\/\/i0.wp.com\/www.jornalja.com.br\/cultura\/wp-content\/uploads\/sites\/2\/2022\/09\/show-giovanni-berti-marcelo-delacroix-mateus-mapa-zelito-e-beto-chedid-credito-isidoro-b-guggiana-scaled.jpg?resize=700%2C400&ssl=1 2x, https:\/\/i0.wp.com\/www.jornalja.com.br\/cultura\/wp-content\/uploads\/sites\/2\/2022\/09\/show-giovanni-berti-marcelo-delacroix-mateus-mapa-zelito-e-beto-chedid-credito-isidoro-b-guggiana-scaled.jpg?resize=1050%2C600&ssl=1 3x, https:\/\/i0.wp.com\/www.jornalja.com.br\/cultura\/wp-content\/uploads\/sites\/2\/2022\/09\/show-giovanni-berti-marcelo-delacroix-mateus-mapa-zelito-e-beto-chedid-credito-isidoro-b-guggiana-scaled.jpg?resize=1400%2C800&ssl=1 4x"},"classes":[]},{"id":87714,"url":"https:\/\/www.jornalja.com.br\/cultura\/arte-indigena-kaigang-ganha-destaque-com-lancamento-de-colecao-de-roupas-na-ccmq\/","url_meta":{"origin":91617,"position":5},"title":"Arte ind\u00edgena Kaigang ganha destaque, com lan\u00e7amento de cole\u00e7\u00e3o de roupas, na CCMQ","author":"da Reda\u00e7\u00e3o","date":"5 de abril de 2023","format":false,"excerpt":"Pe\u00e7as da marca Monju\u00e1, com estampas criadas por artistas da comunidade K\u00f3gunh M\u00e1g do povo Kaingang, de Canela (RS), ser\u00e3o apresentadas em desfile, no pr\u00f3ximo dia 11 de abril O Mezanino da\u00a0Casa de Cultura Mario Quintana\u00a0(Rua dos Andradas, 736 - Centro Hist\u00f3rico\/POA)\u00a0ser\u00e1 cen\u00e1rio para o\u00a0lan\u00e7amento da\u00a0cole\u00e7\u00e3o\u00a0Eclipse\u00a0-\u00a0da rede de lojas\u00a0Monju\u00e1 -,\u2026","rel":"","context":"Em &quot;Cultura-MAT\u00c9RIA&quot;","block_context":{"text":"Cultura-MAT\u00c9RIA","link":"https:\/\/www.jornalja.com.br\/cultura\/category\/materiasecundaria\/"},"img":{"alt_text":"","src":"https:\/\/i0.wp.com\/www.jornalja.com.br\/cultura\/wp-content\/uploads\/sites\/2\/2023\/04\/arte-indigena-colecao-eclipse-credito-monjua-1-scaled.jpg?resize=350%2C200&ssl=1","width":350,"height":200,"srcset":"https:\/\/i0.wp.com\/www.jornalja.com.br\/cultura\/wp-content\/uploads\/sites\/2\/2023\/04\/arte-indigena-colecao-eclipse-credito-monjua-1-scaled.jpg?resize=350%2C200&ssl=1 1x, https:\/\/i0.wp.com\/www.jornalja.com.br\/cultura\/wp-content\/uploads\/sites\/2\/2023\/04\/arte-indigena-colecao-eclipse-credito-monjua-1-scaled.jpg?resize=525%2C300&ssl=1 1.5x, https:\/\/i0.wp.com\/www.jornalja.com.br\/cultura\/wp-content\/uploads\/sites\/2\/2023\/04\/arte-indigena-colecao-eclipse-credito-monjua-1-scaled.jpg?resize=700%2C400&ssl=1 2x, https:\/\/i0.wp.com\/www.jornalja.com.br\/cultura\/wp-content\/uploads\/sites\/2\/2023\/04\/arte-indigena-colecao-eclipse-credito-monjua-1-scaled.jpg?resize=1050%2C600&ssl=1 3x, https:\/\/i0.wp.com\/www.jornalja.com.br\/cultura\/wp-content\/uploads\/sites\/2\/2023\/04\/arte-indigena-colecao-eclipse-credito-monjua-1-scaled.jpg?resize=1400%2C800&ssl=1 4x"},"classes":[]}],"jetpack_shortlink":"https:\/\/wp.me\/pbKnZc-nPH","jetpack_sharing_enabled":true,"_links":{"self":[{"href":"https:\/\/www.jornalja.com.br\/cultura\/wp-json\/wp\/v2\/posts\/91617","targetHints":{"allow":["GET"]}}],"collection":[{"href":"https:\/\/www.jornalja.com.br\/cultura\/wp-json\/wp\/v2\/posts"}],"about":[{"href":"https:\/\/www.jornalja.com.br\/cultura\/wp-json\/wp\/v2\/types\/post"}],"author":[{"embeddable":true,"href":"https:\/\/www.jornalja.com.br\/cultura\/wp-json\/wp\/v2\/users\/4"}],"replies":[{"embeddable":true,"href":"https:\/\/www.jornalja.com.br\/cultura\/wp-json\/wp\/v2\/comments?post=91617"}],"version-history":[{"count":5,"href":"https:\/\/www.jornalja.com.br\/cultura\/wp-json\/wp\/v2\/posts\/91617\/revisions"}],"predecessor-version":[{"id":91625,"href":"https:\/\/www.jornalja.com.br\/cultura\/wp-json\/wp\/v2\/posts\/91617\/revisions\/91625"}],"wp:featuredmedia":[{"embeddable":true,"href":"https:\/\/www.jornalja.com.br\/cultura\/wp-json\/wp\/v2\/media\/91618"}],"wp:attachment":[{"href":"https:\/\/www.jornalja.com.br\/cultura\/wp-json\/wp\/v2\/media?parent=91617"}],"wp:term":[{"taxonomy":"category","embeddable":true,"href":"https:\/\/www.jornalja.com.br\/cultura\/wp-json\/wp\/v2\/categories?post=91617"},{"taxonomy":"post_tag","embeddable":true,"href":"https:\/\/www.jornalja.com.br\/cultura\/wp-json\/wp\/v2\/tags?post=91617"}],"curies":[{"name":"wp","href":"https:\/\/api.w.org\/{rel}","templated":true}]}}