{"id":91634,"date":"2025-11-28T07:00:26","date_gmt":"2025-11-28T10:00:26","guid":{"rendered":"https:\/\/www.jornalja.com.br\/cultura\/?p=91634"},"modified":"2025-11-28T01:30:07","modified_gmt":"2025-11-28T04:30:07","slug":"zeca-baleiro-toca-sua-musica-de-muitos-ritmos-em-porto-alegre","status":"publish","type":"post","link":"https:\/\/www.jornalja.com.br\/cultura\/zeca-baleiro-toca-sua-musica-de-muitos-ritmos-em-porto-alegre\/","title":{"rendered":"Zeca Baleiro toca sua m\u00fasica de muitos ritmos em Porto Alegre"},"content":{"rendered":"<p><strong>Eduardo Maretti<\/strong><\/p>\n<p>Compositor j\u00e1 consagrado como uma das principais vozes da MPB p\u00f3s-gera\u00e7\u00e3o dos anos 1960, o maranhense Zeca Baleiro se apresenta em Porto Alegre nesta sexta-feira (28), no Audit\u00f3rio Ara\u00fajo Vianna, na companhia do m\u00fasico Adriano Magoo. O show \u00e9 intitulado <em>Piano<\/em>.<\/p>\n<p>Apesar de sua figura, que, mesmo depois de quase 30 anos de carreira, remete a um guri irreverente com o quase indefect\u00edvel bon\u00e9, Baleiro far\u00e1 60 anos em 2026. Nasceu exatamente em 1966, ano em que <em>A Banda<\/em>, de Chico Buarque, ganhou o Festival de M\u00fasica Popular Brasileira, dividindo o pr\u00eamio com <em>Disparada<\/em>, de Geraldo Vandr\u00e9, com Jair Rodrigues.<\/p>\n<p>Ganhador do Grammy Latino 2021 na categoria \u201cmelhor \u00e1lbum de M\u00fasica Popular Brasileira\u201d, por <em>Can\u00e7\u00f5es d&#8217;Al\u00e9m Mar<\/em>, Zeca Baleiro tem uma obra multifacetada. Compositor, poeta e (no bom sentido) c\u00ednico provocador, sua m\u00fasica combina g\u00eaneros e est\u00e9ticas de tal maneira que o resultado soa como se o rock, o samba, o pop, a m\u00fasica regional maranhense, o forr\u00f3, o ponto da Umbanda etc. tivessem o destino de se unir em um novo g\u00eanero musical sedutor, dan\u00e7ante e po\u00e9tico.<\/p>\n<p>Em seus shows, Baleiro encanta plateias com can\u00e7\u00f5es j\u00e1 hist\u00f3ricas, como a bel\u00edssima <em>Babylon<\/em>, que expressa um hedonismo melanc\u00f3lico, com seus acordes que lembram m\u00fasica cigana. N\u00e3o ser\u00e1 por acaso que a composi\u00e7\u00e3o remete \u00e0 Pas\u00e1rgada de Manuel Bandeira, mas j\u00e1 sob a veste espiritual do p\u00f3s-modernismo:<\/p>\n<p>\u201cBaby<br \/>\nI&#8217;m so alone<br \/>\nVamos pra Babylon<br \/>\nVamos pra Babylon<\/p>\n<p>Viver a p\u00e3o de l\u00f3 e m\u00f6et chandon<br \/>\nVamos pra Babylon<br \/>\nBaby, baby Babylon, baby<br \/>\n(&#8230;)<br \/>\nN\u00e3o tenho dinheiro pra pagar a minha yoga<br \/>\nN\u00e3o tenho dinheiro pra bancar a minha droga<br \/>\nEu n\u00e3o tenho renda pra descolar a merenda<br \/>\nCansei de ser duro vou botar minh&#8217;alma \u00e0 venda\u201d<\/p>\n<p>J\u00e1 <em>Na Quitanda<\/em> \u00e9 inspirada ou evoca a cantora da \u00c1frica do Sul Miriam Makeba (1932-2008), amplificando a influ\u00eancia africana no contexto da enorme variedade cultural da megal\u00f3pole de S\u00e3o Paulo, onde mora Baleiro \u2013 cujo apelido se refere a seu h\u00e1bito de sempre carregar balas doces em seus bolsos, na faculdade de agronomia, motivo pelo qual era procurado pelos colegas. Por isso a men\u00e7\u00e3o, em um verso, a \u201cuma can\u00e7\u00e3o antiga\u201d. A composi\u00e7\u00e3o mescla o reggae com o chamado \u201cafro-pop\u201d.<\/p>\n<p>\u00c9 de Baleiro tamb\u00e9m a magn\u00e9tica adapta\u00e7\u00e3o da letra de <em>Mam\u00e3e Oxum<\/em>, m\u00fasica de dom\u00ednio p\u00fablico, interpretada em parceria com Chico C\u00e9sar: \u201cEu vi mam\u00e3e Oxum na cachoeira\/ Sentada na beira do rio\/ Colhendo l\u00edrio lirul\u00ea\/ Colhendo l\u00edrio lirul\u00e1\/ Colhendo l\u00edrio\/ Pra enfeitar o seu Cong\u00e1\u201d, diz a letra, tamb\u00e9m cantada em terreiros de Umbanda.<\/p>\n<p>Em <em>Telegrama<\/em>, uma das can\u00e7\u00f5es mais famosas do artista, o arranjo simples de viol\u00e3o, com batidas secas do in\u00edcio, parece a introdu\u00e7\u00e3o de uma m\u00fasica nordestina, mas evolui para um rock sofisticado. Em primeira pessoa, a letra conta da solid\u00e3o de um rapaz em S\u00e3o Paulo \u201cMais solit\u00e1rio que um paulistano\u201d.<\/p>\n<p>Mas, de repente, ele recebe um telegrama de amor (algo inesperado em 2002, quando telegramas j\u00e1 eram anacr\u00f4nicos) e tem uma s\u00fabita epifania: \u201cPor isso hoje eu acordei com uma vontade danada\/ De mandar flores ao delegado\/ De bater na porta do vizinho e desejar bom dia\/ De beijar o portugu\u00eas da padaria\u201d.<\/p>\n<p>Embora em 1997 Baleiro j\u00e1 estivesse na estrada h\u00e1 pelo menos dez anos, foi ali que lan\u00e7ou seu primeiro \u00e1lbum: \u201cPor Onde Andar\u00e1 Stephen Fry?\u201d Entre as m\u00fasicas do CD, aquela que o lan\u00e7aria definitivamente ao estrelato: <a href=\"https:\/\/pt.wikipedia.org\/wiki\/Flor_da_Pele\"><em>Flor da Pele<\/em><\/a><em>\u00a0\/\u00a0<\/em><a href=\"https:\/\/pt.wikipedia.org\/wiki\/Vapor_Barato\"><em>Vapor Barato<\/em><\/a>.<\/p>\n<p>Tratava-se da jun\u00e7\u00e3o de uma letra do pr\u00f3prio Baleiro (<a href=\"https:\/\/pt.wikipedia.org\/wiki\/Flor_da_Pele\"><em>Flor da Pele<\/em><\/a>) com a lend\u00e1ria composi\u00e7\u00e3o de Jards Macal\u00e9 e Waly Salom\u00e3o para o show <em>Fatal<\/em>, de Gal Costa, em 1971. \u201cEu quero chamar um cara agora, um cara que t\u00e1 come\u00e7ando, que fez uma can\u00e7\u00e3o em homenagem a <em>Vapor Barato<\/em>, que me emocionou muit\u00edssimo, e o convidei pra participar desse meu especial. Se chama Zeca Baleiro\u201d, anunciou Gal em julho de 1997.<\/p>\n<p>O guri, ent\u00e3o com 31 anos, entrou no palco com roupa colorida, visivelmente t\u00edmido diante do monstro sagrado com quem faria ent\u00e3o um dueto, meio sem saber se abra\u00e7ava ou beijava a lenda viva \u00e0 sua frente. A timidez se revelou em sua pr\u00f3pria voz, normalmente mais potente do que ent\u00e3o, mas Baleiro levou a cabo o desafio colossal, e nunca mais saiu dos palcos.<\/p>\n<p><strong>Parceria com L\u00f4 Borges<\/strong><\/p>\n<p>Com o perd\u00e3o do clich\u00ea, por ironia do destino, 28 anos depois Zeca Baleiro foi o \u00faltimo parceiro do grande L\u00f4 Borges, que morreu no \u00faltimo 2 de novembro. Um dos art\u00edfices do Clube da Esquina com Milton Nascimento e outros gigantes da MPB, o m\u00fasico mineiro convidou o maranhense para uma parceria. Enviou-lhe as composi\u00e7\u00f5es, em que Zeca colocou as letras. O \u00e1lbum <em>C\u00e9u de Giz<\/em> foi lan\u00e7ado em agosto passado, pela gravadora Deck.<\/p>\n<p>Para Baleiro, a parceria gerou um \u201cdisco primoroso\u201d. \u00a0\u201cFosse h\u00e1 25 anos atr\u00e1s, o \u00e1lbum seria um acontecimento. Hoje, \u00e9 mais um lan\u00e7amento entre os 100 mil lan\u00e7amentos di\u00e1rios nas plataformas, uma desova truculenta neste tempo de hiperconsumo desenfreado e disperso\u201d, escreveu ele em seu perfil no Facebook, sob a como\u00e7\u00e3o que\u00a0 o impactou, como a milh\u00f5es brasileiros.<\/p>\n<p><strong>Servi\u00e7o: <\/strong><strong>Zeca Baleiro \u2013 <em>Piano<\/em><\/strong><strong><br \/>\n<\/strong>28 de novembro de 2025 | 21:00h<\/p>\n<p><strong>Local:<\/strong> Audit\u00f3rio Ara\u00fajo Vianna<br \/>\nAvenida Osvaldo Aranha, 685, Bom Fim<br \/>\nPorto Alegre | RS<br \/>\nIngressos pelo <a href=\"https:\/\/bileto.sympla.com.br\/event\/104643\/d\/310336\/s\/2114409\">Sympla<\/a><\/p>\n<p>&nbsp;<\/p>\n<p>&nbsp;<\/p>\n","protected":false},"excerpt":{"rendered":"<p>Eduardo Maretti Compositor j\u00e1 consagrado como uma das principais vozes da MPB p\u00f3s-gera\u00e7\u00e3o dos anos 1960, o maranhense Zeca Baleiro se apresenta em Porto Alegre nesta sexta-feira (28), no Audit\u00f3rio Ara\u00fajo Vianna, na companhia do m\u00fasico Adriano Magoo. O show \u00e9 intitulado Piano. Apesar de sua figura, que, mesmo depois de quase 30 anos de [&hellip;]<\/p>\n","protected":false},"author":4,"featured_media":91635,"comment_status":"closed","ping_status":"open","sticky":false,"template":"","format":"standard","meta":{"jetpack_post_was_ever_published":false,"_jetpack_newsletter_access":"","_jetpack_dont_email_post_to_subs":false,"_jetpack_newsletter_tier_id":0,"_jetpack_memberships_contains_paywalled_content":false,"_jetpack_memberships_contains_paid_content":false,"footnotes":"","jetpack_publicize_message":"","jetpack_publicize_feature_enabled":true,"jetpack_social_post_already_shared":true,"jetpack_social_options":{"image_generator_settings":{"template":"highway","default_image_id":0,"font":"","enabled":false},"version":2}},"categories":[2],"tags":[],"class_list":["post-91634","post","type-post","status-publish","format-standard","has-post-thumbnail","hentry","category-materiasecundaria"],"aioseo_notices":[],"jetpack_publicize_connections":[],"jetpack_featured_media_url":"https:\/\/www.jornalja.com.br\/cultura\/wp-content\/uploads\/sites\/2\/2025\/11\/zecabaleiro-divulgacao.jpg","jetpack-related-posts":[{"id":77191,"url":"https:\/\/www.jornalja.com.br\/cultura\/richard-serraria-e-o-convidado-do-sarau-da-alice\/","url_meta":{"origin":91634,"position":0},"title":"Richard Serraria \u00e9 o convidado do Sarau da Alice","author":"da Reda\u00e7\u00e3o","date":"8 de setembro de 2019","format":false,"excerpt":"\u00a0 O material de divulga\u00e7\u00e3o do Sarau da Alice, explica: \"Preocupado com a sa\u00fade dos brasileiros, o Sarau da Alice resolveu convidar um doutor para a pr\u00f3xima ter\u00e7a-feira, dia 10, a partir das 20h, no Bar Divina Com\u00e9dia (Rep\u00fablica, 549). A receita na verdade \u00e9 bem simples: doses de belas\u2026","rel":"","context":"Em &quot;Cultura-MAT\u00c9RIA&quot;","block_context":{"text":"Cultura-MAT\u00c9RIA","link":"https:\/\/www.jornalja.com.br\/cultura\/category\/materiasecundaria\/"},"img":{"alt_text":"","src":"","width":0,"height":0},"classes":[]},{"id":90596,"url":"https:\/\/www.jornalja.com.br\/cultura\/celebrando-os-60-anos-do-flautista-pedrinho-figueiredo-com-cancoes-que-marcaram-sua-carreira\/","url_meta":{"origin":91634,"position":1},"title":"Celebrando os 60 anos do flautista Pedrinho Figueiredo, com can\u00e7\u00f5es que marcaram sua carreira","author":"Higino Barros","date":"7 de fevereiro de 2025","format":false,"excerpt":"No dia\u00a019 de fevereiro (quarta-feira),\u00a0Pedrinho Figueiredo celebra 60 anos com uma grande festa no Espa\u00e7o 373. O encontro de m\u00fasicos come\u00e7ar\u00e1 com um quarteto formado por Antonio Flores (guitarra), Edu Saffi (contrabaixo), Luiz Mauro Filho (piano) e Kiko Freitas (bateria), seguido por uma JAM (Jun\u00e7\u00e3o de Amigos de M\u00fasicos) com\u2026","rel":"","context":"Em &quot;Cultura-MAT\u00c9RIA&quot;","block_context":{"text":"Cultura-MAT\u00c9RIA","link":"https:\/\/www.jornalja.com.br\/cultura\/category\/materiasecundaria\/"},"img":{"alt_text":"","src":"https:\/\/i0.wp.com\/www.jornalja.com.br\/cultura\/wp-content\/uploads\/sites\/2\/2025\/02\/pedrinho-figueiredo-foto-emilo-pacheco-scaled.jpg?resize=350%2C200&ssl=1","width":350,"height":200,"srcset":"https:\/\/i0.wp.com\/www.jornalja.com.br\/cultura\/wp-content\/uploads\/sites\/2\/2025\/02\/pedrinho-figueiredo-foto-emilo-pacheco-scaled.jpg?resize=350%2C200&ssl=1 1x, https:\/\/i0.wp.com\/www.jornalja.com.br\/cultura\/wp-content\/uploads\/sites\/2\/2025\/02\/pedrinho-figueiredo-foto-emilo-pacheco-scaled.jpg?resize=525%2C300&ssl=1 1.5x, https:\/\/i0.wp.com\/www.jornalja.com.br\/cultura\/wp-content\/uploads\/sites\/2\/2025\/02\/pedrinho-figueiredo-foto-emilo-pacheco-scaled.jpg?resize=700%2C400&ssl=1 2x, https:\/\/i0.wp.com\/www.jornalja.com.br\/cultura\/wp-content\/uploads\/sites\/2\/2025\/02\/pedrinho-figueiredo-foto-emilo-pacheco-scaled.jpg?resize=1050%2C600&ssl=1 3x, https:\/\/i0.wp.com\/www.jornalja.com.br\/cultura\/wp-content\/uploads\/sites\/2\/2025\/02\/pedrinho-figueiredo-foto-emilo-pacheco-scaled.jpg?resize=1400%2C800&ssl=1 4x"},"classes":[]},{"id":84129,"url":"https:\/\/www.jornalja.com.br\/cultura\/o-que-aconteceria-se-nada-fosse-dito-novo-single-de-dany-lopez-em-duo-com-aline-stoffel\/","url_meta":{"origin":91634,"position":2},"title":"O que aconteceria se nada fosse dito? Novo single de Dany L\u00f3pez em duo com Aline Stoffel","author":"da Reda\u00e7\u00e3o","date":"29 de junho de 2021","format":false,"excerpt":"\u00a0 Seguindo a sequ\u00eancia de lan\u00e7amentos com participa\u00e7\u00f5es de artistas brasileiros, como Filipe Catto, Diego Moraes, Ta\u00eds Reganelli e Zeca Baleiro, o compositor, cantor, multi-instrumentista, arranjador e produtor\u00a0Dany L\u00f3pez lan\u00e7a no dia 9 de julho, em todas as plataformas digitais, \u201cDitto\u201d. Importante nome no interc\u00e2mbio musical entre o Rio Grande\u2026","rel":"","context":"Em &quot;Cultura-MAT\u00c9RIA&quot;","block_context":{"text":"Cultura-MAT\u00c9RIA","link":"https:\/\/www.jornalja.com.br\/cultura\/category\/materiasecundaria\/"},"img":{"alt_text":"","src":"https:\/\/i0.wp.com\/www.jornalja.com.br\/cultura\/wp-content\/uploads\/sites\/2\/2021\/06\/dany-arte-o-ditto-2-scaled.jpg?resize=350%2C200&ssl=1","width":350,"height":200,"srcset":"https:\/\/i0.wp.com\/www.jornalja.com.br\/cultura\/wp-content\/uploads\/sites\/2\/2021\/06\/dany-arte-o-ditto-2-scaled.jpg?resize=350%2C200&ssl=1 1x, https:\/\/i0.wp.com\/www.jornalja.com.br\/cultura\/wp-content\/uploads\/sites\/2\/2021\/06\/dany-arte-o-ditto-2-scaled.jpg?resize=525%2C300&ssl=1 1.5x, https:\/\/i0.wp.com\/www.jornalja.com.br\/cultura\/wp-content\/uploads\/sites\/2\/2021\/06\/dany-arte-o-ditto-2-scaled.jpg?resize=700%2C400&ssl=1 2x, https:\/\/i0.wp.com\/www.jornalja.com.br\/cultura\/wp-content\/uploads\/sites\/2\/2021\/06\/dany-arte-o-ditto-2-scaled.jpg?resize=1050%2C600&ssl=1 3x, https:\/\/i0.wp.com\/www.jornalja.com.br\/cultura\/wp-content\/uploads\/sites\/2\/2021\/06\/dany-arte-o-ditto-2-scaled.jpg?resize=1400%2C800&ssl=1 4x"},"classes":[]},{"id":86541,"url":"https:\/\/www.jornalja.com.br\/cultura\/na-programacao-do-festival-internacional-literario-de-gramado-mais-de-150-atividades-gratuitas\/","url_meta":{"origin":91634,"position":3},"title":"Na programa\u00e7\u00e3o do Festival Internacional Liter\u00e1rio de Gramado, mais de 150 atividades gratuitas","author":"da Reda\u00e7\u00e3o","date":"28 de agosto de 2022","format":false,"excerpt":"A serra ga\u00facha receber\u00e1, a partir da pr\u00f3xima semana, a primeira edi\u00e7\u00e3o do Festival Internacional Liter\u00e1rio de Gramado. Com o tema\u00a0\u201cO livro est\u00e1 na mesa: o papel da literatura em momentos de transforma\u00e7\u00e3o\u201d, o\u00a0FiliGram\u00a0ser\u00e1 realizado de\u00a002 a 11 de setembro\u00a0no\u00a0Lago Joaquina Rita Bier. Durante 10 dias est\u00e3o previstas mais de\u2026","rel":"","context":"Em &quot;Cultura-MAT\u00c9RIA&quot;","block_context":{"text":"Cultura-MAT\u00c9RIA","link":"https:\/\/www.jornalja.com.br\/cultura\/category\/materiasecundaria\/"},"img":{"alt_text":"","src":"https:\/\/i0.wp.com\/www.jornalja.com.br\/cultura\/wp-content\/uploads\/sites\/2\/2022\/08\/filigram-oliveira-silveira-cred-tania-meinerz.jpg?resize=350%2C200&ssl=1","width":350,"height":200,"srcset":"https:\/\/i0.wp.com\/www.jornalja.com.br\/cultura\/wp-content\/uploads\/sites\/2\/2022\/08\/filigram-oliveira-silveira-cred-tania-meinerz.jpg?resize=350%2C200&ssl=1 1x, https:\/\/i0.wp.com\/www.jornalja.com.br\/cultura\/wp-content\/uploads\/sites\/2\/2022\/08\/filigram-oliveira-silveira-cred-tania-meinerz.jpg?resize=525%2C300&ssl=1 1.5x, https:\/\/i0.wp.com\/www.jornalja.com.br\/cultura\/wp-content\/uploads\/sites\/2\/2022\/08\/filigram-oliveira-silveira-cred-tania-meinerz.jpg?resize=700%2C400&ssl=1 2x, https:\/\/i0.wp.com\/www.jornalja.com.br\/cultura\/wp-content\/uploads\/sites\/2\/2022\/08\/filigram-oliveira-silveira-cred-tania-meinerz.jpg?resize=1050%2C600&ssl=1 3x"},"classes":[]},{"id":85448,"url":"https:\/\/www.jornalja.com.br\/cultura\/noite-dos-abracos-novo-album-de-duda-fortuna-tera-lancamento-nas-plataformas-digitais\/","url_meta":{"origin":91634,"position":4},"title":"&#8220;Noite dos Abra\u00e7os&#8221;, novo \u00e1lbum de Duda Fortuna, ter\u00e1 lan\u00e7amento nas plataformas digitais","author":"da Reda\u00e7\u00e3o","date":"8 de fevereiro de 2022","format":false,"excerpt":"O nome do novo disco de Duda Fortuna traz inten\u00e7\u00e3o, afeto, esperan\u00e7a, solid\u00e3o e horizonte. \"Noite dos Abra\u00e7os\", todo gravado durante a pandemia da COVID 19, chega \u00e0s plataformas dia 11 de fevereiro. Projetando um futuro n\u00e3o muito distante, o \u00e1lbum exalta os (re)encontros p\u00f3s pand\u00eamicos, onde as pessoas possam,\u2026","rel":"","context":"Em &quot;Cultura-MAT\u00c9RIA&quot;","block_context":{"text":"Cultura-MAT\u00c9RIA","link":"https:\/\/www.jornalja.com.br\/cultura\/category\/materiasecundaria\/"},"img":{"alt_text":"","src":"https:\/\/i0.wp.com\/www.jornalja.com.br\/cultura\/wp-content\/uploads\/sites\/2\/2022\/02\/noite-capa-foto-vhera-xunu-arte-final-joao-salazar-scaled.jpg?resize=350%2C200&ssl=1","width":350,"height":200,"srcset":"https:\/\/i0.wp.com\/www.jornalja.com.br\/cultura\/wp-content\/uploads\/sites\/2\/2022\/02\/noite-capa-foto-vhera-xunu-arte-final-joao-salazar-scaled.jpg?resize=350%2C200&ssl=1 1x, https:\/\/i0.wp.com\/www.jornalja.com.br\/cultura\/wp-content\/uploads\/sites\/2\/2022\/02\/noite-capa-foto-vhera-xunu-arte-final-joao-salazar-scaled.jpg?resize=525%2C300&ssl=1 1.5x, https:\/\/i0.wp.com\/www.jornalja.com.br\/cultura\/wp-content\/uploads\/sites\/2\/2022\/02\/noite-capa-foto-vhera-xunu-arte-final-joao-salazar-scaled.jpg?resize=700%2C400&ssl=1 2x, https:\/\/i0.wp.com\/www.jornalja.com.br\/cultura\/wp-content\/uploads\/sites\/2\/2022\/02\/noite-capa-foto-vhera-xunu-arte-final-joao-salazar-scaled.jpg?resize=1050%2C600&ssl=1 3x, https:\/\/i0.wp.com\/www.jornalja.com.br\/cultura\/wp-content\/uploads\/sites\/2\/2022\/02\/noite-capa-foto-vhera-xunu-arte-final-joao-salazar-scaled.jpg?resize=1400%2C800&ssl=1 4x"},"classes":[]},{"id":84946,"url":"https:\/\/www.jornalja.com.br\/cultura\/um-livro-com-o-visual-dos-60-anos-de-fotografia-de-zeca-gerbase\/","url_meta":{"origin":91634,"position":5},"title":"Um livro com o visual dos 60 anos de fotografia de Zeca Gerbase","author":"da Reda\u00e7\u00e3o","date":"14 de outubro de 2021","format":false,"excerpt":"Em outubro, a fam\u00edlia estar\u00e1 reunida em um programa ao vivo, na Sala Libretos, dia 19, \u00e0s 19h, no facebook\/libretoseditora. A estreia deste programa na 67\u00aa Feira do Livro de Porto Alegre. Neste encontro, os cinco irm\u00e3os \u2013 Ant\u00f4nio Carlos, Maria, Luiz Francisco, Carlos, Andr\u00e9a \u2013 e os dois filhos\u2026","rel":"","context":"Em &quot;Cultura-MAT\u00c9RIA&quot;","block_context":{"text":"Cultura-MAT\u00c9RIA","link":"https:\/\/www.jornalja.com.br\/cultura\/category\/materiasecundaria\/"},"img":{"alt_text":"","src":"https:\/\/i0.wp.com\/www.jornalja.com.br\/cultura\/wp-content\/uploads\/sites\/2\/2021\/10\/zeca-8.jpg?resize=350%2C200&ssl=1","width":350,"height":200},"classes":[]}],"jetpack_shortlink":"https:\/\/wp.me\/pbKnZc-nPY","jetpack_sharing_enabled":true,"_links":{"self":[{"href":"https:\/\/www.jornalja.com.br\/cultura\/wp-json\/wp\/v2\/posts\/91634","targetHints":{"allow":["GET"]}}],"collection":[{"href":"https:\/\/www.jornalja.com.br\/cultura\/wp-json\/wp\/v2\/posts"}],"about":[{"href":"https:\/\/www.jornalja.com.br\/cultura\/wp-json\/wp\/v2\/types\/post"}],"author":[{"embeddable":true,"href":"https:\/\/www.jornalja.com.br\/cultura\/wp-json\/wp\/v2\/users\/4"}],"replies":[{"embeddable":true,"href":"https:\/\/www.jornalja.com.br\/cultura\/wp-json\/wp\/v2\/comments?post=91634"}],"version-history":[{"count":2,"href":"https:\/\/www.jornalja.com.br\/cultura\/wp-json\/wp\/v2\/posts\/91634\/revisions"}],"predecessor-version":[{"id":91639,"href":"https:\/\/www.jornalja.com.br\/cultura\/wp-json\/wp\/v2\/posts\/91634\/revisions\/91639"}],"wp:featuredmedia":[{"embeddable":true,"href":"https:\/\/www.jornalja.com.br\/cultura\/wp-json\/wp\/v2\/media\/91635"}],"wp:attachment":[{"href":"https:\/\/www.jornalja.com.br\/cultura\/wp-json\/wp\/v2\/media?parent=91634"}],"wp:term":[{"taxonomy":"category","embeddable":true,"href":"https:\/\/www.jornalja.com.br\/cultura\/wp-json\/wp\/v2\/categories?post=91634"},{"taxonomy":"post_tag","embeddable":true,"href":"https:\/\/www.jornalja.com.br\/cultura\/wp-json\/wp\/v2\/tags?post=91634"}],"curies":[{"name":"wp","href":"https:\/\/api.w.org\/{rel}","templated":true}]}}