{"id":91641,"date":"2025-11-30T10:22:32","date_gmt":"2025-11-30T13:22:32","guid":{"rendered":"https:\/\/www.jornalja.com.br\/cultura\/?p=91641"},"modified":"2025-11-30T10:22:32","modified_gmt":"2025-11-30T13:22:32","slug":"ospa-inicia-venda-de-ingressos-para-o-concerto-de-natal-de-19-de-dezembro","status":"publish","type":"post","link":"https:\/\/www.jornalja.com.br\/cultura\/ospa-inicia-venda-de-ingressos-para-o-concerto-de-natal-de-19-de-dezembro\/","title":{"rendered":"OSPA inicia venda de ingressos para o \u201cConcerto de Natal\u201d de 19 de dezembro"},"content":{"rendered":"<p dir=\"ltr\"><strong>Apresenta\u00e7\u00e3o re\u00fane OSPA, Coro Sinf\u00f4nico, cantores solistas e ainda diferentes grupos da Escola da OSPA em interpreta\u00e7\u00f5es grandiosas de temas natalinos<\/strong><\/p>\n<p dir=\"ltr\">A venda de ingressos para o Concerto de Natal da Orquestra Sinf\u00f4nica de Porto Alegre (OSPA) \u2014 funda\u00e7\u00e3o vinculada \u00e0 Secretaria de Estado da Cultura (Sedac-RS) \u2014 come\u00e7ou na\u00a0 sexta-feira, 28\/11, na <a href=\"https:\/\/bileto.sympla.com.br\/event\/113893\/d\/352450\" target=\"_blank\" rel=\"noopener\" data-saferedirecturl=\"https:\/\/www.google.com\/url?q=https:\/\/bileto.sympla.com.br\/event\/113893\/d\/352450&amp;source=gmail&amp;ust=1764593852689000&amp;usg=AOvVaw0iqiavIuykzH4jczDJOjym\">plataforma Sympla<\/a>, por valores entre R$ 10 e R$ 50. Com um programa recheado de cl\u00e1ssicos de natal, a apresenta\u00e7\u00e3o acontece no dia\u00a019 de dezembro, sexta-feira, a partir das\u00a020h\u00a0no\u00a0Complexo Cultural Casa da OSPA. Estar\u00e3o reunidos no palco centenas de artistas, incluindo os cantores solistas\u00a0Mar\u00edlia Vargas,\u00a0Cec\u00edlia Teles Concei\u00e7\u00e3o\u00a0e\u00a0Beto Vianna,\u00a0a\u00a0OSPA, o\u00a0Coro Sinf\u00f4nico da OSPA, a\u00a0OSPA Jovem\u00a0e os\u00a0Coros Infantojuvenil e Jovem da Escola da OSPA, todos sob a reg\u00eancia do maestro\u00a0Manfredo Schmiedt.<\/p>\n<p dir=\"ltr\">O concerto inicia com a\u00a0Abertura \u201cIl Viaggio a Reims\u201d, de\u00a0Gioachino Rossini\u00a0(1792-1868). Embora n\u00e3o tenha sido apresentada na estreia da \u00f3pera hom\u00f4nima de Rossini, a abertura composta em 1825 foi descoberta e reconstru\u00edda em 1970 por pesquisadores em bibliotecas e musicotecas europeias.\u00a0 A seguir,\u00a0Exsultate jubilate, K.165 (158a), de\u00a0Wolfgang Amadeus Mozart\u00a0(1756-1791), traz ao palco a renomada soprano\u00a0Mar\u00edlia Vargas, conhecida especialmente por sua interpreta\u00e7\u00e3o de repert\u00f3rios barrocos. Com ampla experi\u00eancia em concertos e recitais pelo Brasil, Europa e \u00c1sia, a solista estreou as \u00f3peras\u00a0O Alto da Compadecida,\u00a0Hilda Furac\u00e3o\u00a0e\u00a0Feliz Ano Velho\u00a0sob reg\u00eancia de Rodrigo Toffolo. \u00c9 tamb\u00e9m professora de canto, preparadora vocal e regente.<\/p>\n<figure id=\"attachment_91645\" aria-describedby=\"caption-attachment-91645\" style=\"width: 300px\" class=\"wp-caption alignnone\"><img decoding=\"async\" data-attachment-id=\"91645\" data-permalink=\"https:\/\/www.jornalja.com.br\/cultura\/ospa-inicia-venda-de-ingressos-para-o-concerto-de-natal-de-19-de-dezembro\/ospa-marilia-vargas-_-credito-cleber-correa-1\/\" data-orig-file=\"https:\/\/www.jornalja.com.br\/cultura\/wp-content\/uploads\/sites\/2\/2025\/11\/ospa-marilia-vargas-credito-cleber-correa-1.jpeg\" data-orig-size=\"2000,1334\" data-comments-opened=\"0\" data-image-meta=\"{&quot;aperture&quot;:&quot;0&quot;,&quot;credit&quot;:&quot;&quot;,&quot;camera&quot;:&quot;&quot;,&quot;caption&quot;:&quot;&quot;,&quot;created_timestamp&quot;:&quot;0&quot;,&quot;copyright&quot;:&quot;&quot;,&quot;focal_length&quot;:&quot;0&quot;,&quot;iso&quot;:&quot;0&quot;,&quot;shutter_speed&quot;:&quot;0&quot;,&quot;title&quot;:&quot;&quot;,&quot;orientation&quot;:&quot;0&quot;}\" data-image-title=\"OSPA Marilia Vargas _ Cr\u00e9dito Cleber Corr\u00eaa 1\" data-image-description=\"\" data-image-caption=\"&lt;p&gt;Marilia Vargas _ Cr\u00e9dito Cleber Corr\u00eaa \/Divulga\u00e7\u00e3o&lt;\/p&gt;\n\" data-large-file=\"https:\/\/www.jornalja.com.br\/cultura\/wp-content\/uploads\/sites\/2\/2025\/11\/ospa-marilia-vargas-credito-cleber-correa-1-1024x683.jpeg\" class=\"size-medium wp-image-91645\" src=\"https:\/\/www.jornalja.com.br\/cultura\/wp-content\/uploads\/sites\/2\/2025\/11\/ospa-marilia-vargas-credito-cleber-correa-1-300x200.jpeg\" alt=\"\" width=\"300\" height=\"200\" srcset=\"https:\/\/www.jornalja.com.br\/cultura\/wp-content\/uploads\/sites\/2\/2025\/11\/ospa-marilia-vargas-credito-cleber-correa-1-300x200.jpeg 300w, https:\/\/www.jornalja.com.br\/cultura\/wp-content\/uploads\/sites\/2\/2025\/11\/ospa-marilia-vargas-credito-cleber-correa-1-1024x683.jpeg 1024w, https:\/\/www.jornalja.com.br\/cultura\/wp-content\/uploads\/sites\/2\/2025\/11\/ospa-marilia-vargas-credito-cleber-correa-1-768x512.jpeg 768w, https:\/\/www.jornalja.com.br\/cultura\/wp-content\/uploads\/sites\/2\/2025\/11\/ospa-marilia-vargas-credito-cleber-correa-1-1536x1025.jpeg 1536w, https:\/\/www.jornalja.com.br\/cultura\/wp-content\/uploads\/sites\/2\/2025\/11\/ospa-marilia-vargas-credito-cleber-correa-1-1200x800.jpeg 1200w, https:\/\/www.jornalja.com.br\/cultura\/wp-content\/uploads\/sites\/2\/2025\/11\/ospa-marilia-vargas-credito-cleber-correa-1.jpeg 2000w\" sizes=\"(max-width: 300px) 100vw, 300px\" \/><figcaption id=\"caption-attachment-91645\" class=\"wp-caption-text\">Marilia Vargas _ Cr\u00e9dito Cleber Corr\u00eaa \/Divulga\u00e7\u00e3o<\/figcaption><\/figure>\n<p dir=\"ltr\">A apresenta\u00e7\u00e3o segue com\u00a0Carol of the Bells, m\u00fasica de\u00a0Mykola Leontovych\u00a0(1877-1921) inclu\u00edda na trilha sonora do filme\u00a0Esqueceram de Mim, do diretor Chris Columbus, lan\u00e7ado em 1990. No dia 19, a vers\u00e3o tocada ter\u00e1 o arranjo de\u00a0Gilberto Salvagni.\u00a0To Believe, de\u00a0Mathew Evancho\u00a0com arranjo de\u00a0Davi Coelho, \u00e9 cantada pela solista\u00a0Cec\u00edlia Teles Concei\u00e7\u00e3o. Integrante do Coro Jovem da Escola da OSPA, Cec\u00edlia participa de apresenta\u00e7\u00f5es com grupos de m\u00fasica popular e de c\u00e2mara, incluindo espet\u00e1culos como\u00a0A Sb\u00f8rnia Kontr&#8217;Atracka, criado por Hique Gomez, e\u00a0Cl\u00e1ssicos da Broadway, regido por Manfredo Schmiedt na OSPA.\u00a0Abertura de Natal sobre \u201cVon Himmel hoch\u201d, de\u00a0Otto Nicolai\u00a0(1810-1849), inspirada em um dos textos de Martinho Lutero, \u00e9 a pr\u00f3xima m\u00fasica no concerto, seguida de\u00a0\u00d3 Noite Santa, de\u00a0Adolphe Adam\u00a0(1803-1856), com arranjo de\u00a0Roberto Tibiri\u00e7\u00e1, que traz Mar\u00edlia Vargas de volta ao palco.<\/p>\n<p dir=\"ltr\">O cinema visita a OSPA com\u00a0Su\u00edte de Concerto do filme \u2018O Expresso Polar\u2019, de\u00a0Glen Ballard\u00a0e\u00a0Alan Silvestri, com arranjo de\u00a0Jerry Brubaker. Lan\u00e7ado em 2004, o filme de Robert Zemeckis se tornou um cl\u00e1ssico natalino. O programa segue com\u00a0Sleigh Ride, popular m\u00fasica de\u00a0Leroy Anderson\u00a0(1908 &#8211; 1975) gravada tamb\u00e9m por Gwen Stefani, e\u00a0Can\u00e7\u00f5es de Natal de Todo o mundo, composi\u00e7\u00e3o de\u00a0Alfred H\u00fclsberg\u00a0(1927-2001) que costura algumas das can\u00e7\u00f5es mais tradicionais de Natal, como\u00a0Adeste Fideles, White Christmas, Boas Festas\u00a0e\u00a0Noite Feliz.<\/p>\n<figure id=\"attachment_91643\" aria-describedby=\"caption-attachment-91643\" style=\"width: 200px\" class=\"wp-caption alignnone\"><img decoding=\"async\" data-attachment-id=\"91643\" data-permalink=\"https:\/\/www.jornalja.com.br\/cultura\/ospa-inicia-venda-de-ingressos-para-o-concerto-de-natal-de-19-de-dezembro\/ospa-cecilia-teles-creditos-danielle-bayer-05\/\" data-orig-file=\"https:\/\/www.jornalja.com.br\/cultura\/wp-content\/uploads\/sites\/2\/2025\/11\/ospa-cecilia-teles-creditos-danielle-bayer-05-scaled.jpg\" data-orig-size=\"1707,2560\" data-comments-opened=\"0\" data-image-meta=\"{&quot;aperture&quot;:&quot;4.2&quot;,&quot;credit&quot;:&quot;&quot;,&quot;camera&quot;:&quot;NIKON D5500&quot;,&quot;caption&quot;:&quot;&quot;,&quot;created_timestamp&quot;:&quot;1754916579&quot;,&quot;copyright&quot;:&quot;&quot;,&quot;focal_length&quot;:&quot;31&quot;,&quot;iso&quot;:&quot;1000&quot;,&quot;shutter_speed&quot;:&quot;0.005&quot;,&quot;title&quot;:&quot;&quot;,&quot;orientation&quot;:&quot;0&quot;}\" data-image-title=\"OSPA Cec\u00edlia Teles &amp;#8211; Creditos Danielle Bayer-05\" data-image-description=\"\" data-image-caption=\"&lt;p&gt;OSPA- Cec\u00edlia Teles &amp;#8211; Creditos Danielle Bayer\/ Divulga\u00e7\u00e3o&lt;\/p&gt;\n\" data-large-file=\"https:\/\/www.jornalja.com.br\/cultura\/wp-content\/uploads\/sites\/2\/2025\/11\/ospa-cecilia-teles-creditos-danielle-bayer-05-683x1024.jpg\" class=\"size-medium wp-image-91643\" src=\"https:\/\/www.jornalja.com.br\/cultura\/wp-content\/uploads\/sites\/2\/2025\/11\/ospa-cecilia-teles-creditos-danielle-bayer-05-200x300.jpg\" alt=\"\" width=\"200\" height=\"300\" srcset=\"https:\/\/www.jornalja.com.br\/cultura\/wp-content\/uploads\/sites\/2\/2025\/11\/ospa-cecilia-teles-creditos-danielle-bayer-05-200x300.jpg 200w, https:\/\/www.jornalja.com.br\/cultura\/wp-content\/uploads\/sites\/2\/2025\/11\/ospa-cecilia-teles-creditos-danielle-bayer-05-683x1024.jpg 683w, https:\/\/www.jornalja.com.br\/cultura\/wp-content\/uploads\/sites\/2\/2025\/11\/ospa-cecilia-teles-creditos-danielle-bayer-05-768x1152.jpg 768w, https:\/\/www.jornalja.com.br\/cultura\/wp-content\/uploads\/sites\/2\/2025\/11\/ospa-cecilia-teles-creditos-danielle-bayer-05-1024x1536.jpg 1024w, https:\/\/www.jornalja.com.br\/cultura\/wp-content\/uploads\/sites\/2\/2025\/11\/ospa-cecilia-teles-creditos-danielle-bayer-05-1365x2048.jpg 1365w, https:\/\/www.jornalja.com.br\/cultura\/wp-content\/uploads\/sites\/2\/2025\/11\/ospa-cecilia-teles-creditos-danielle-bayer-05-1200x1800.jpg 1200w, https:\/\/www.jornalja.com.br\/cultura\/wp-content\/uploads\/sites\/2\/2025\/11\/ospa-cecilia-teles-creditos-danielle-bayer-05-scaled.jpg 1707w\" sizes=\"(max-width: 200px) 100vw, 200px\" \/><figcaption id=\"caption-attachment-91643\" class=\"wp-caption-text\">OSPA- Cec\u00edlia Teles &#8211; Creditos Danielle Bayer\/ Divulga\u00e7\u00e3o<\/figcaption><\/figure>\n<p dir=\"ltr\">O encerramento \u00e9 em grande estilo, com\u00a0A Paz, adapta\u00e7\u00e3o em portugu\u00eas feita por\u00a0Nando, do grupo Roupa Nova, para a can\u00e7\u00e3o\u00a0Heal The World, de\u00a0Michael Jackson\u00a0(1958-2009). Para o concerto, a m\u00fasica ganha arranjos do violinista da OSPA\u00a0Dhouglas Umabel\u00a0e a participa\u00e7\u00e3o do cantor\u00a0Beto Vianna. Com 18 anos de carreira, Beto j\u00e1 cantou na Argentina, Paraguai, Chile, Uruguai e M\u00e9xico, e possui dois \u00e1lbuns lan\u00e7ados. \u00c9 cantor residente nos palcos do Hard Rock Cafe Gramado e Porto Alegre, e foi solista no\u00a0Concerto da Primavera\u00a0da UCS e no\u00a0Rock in Concert\u00a0da OSPA.<\/p>\n<p dir=\"ltr\">O concerto reserva ainda muitas surpresas para o p\u00fablico, que tamb\u00e9m poder\u00e1 conferir a apresenta\u00e7\u00e3o pela transmiss\u00e3o ao vivo no\u00a0<a href=\"https:\/\/www.youtube.com\/user\/ospaRS\" target=\"_blank\" rel=\"noopener\" data-saferedirecturl=\"https:\/\/www.google.com\/url?q=https:\/\/www.youtube.com\/user\/ospaRS&amp;source=gmail&amp;ust=1764593852689000&amp;usg=AOvVaw3RAxNH1p8yl4AgRvKKpxkH\">canal da OSPA no Youtube<\/a>.<\/p>\n<figure id=\"attachment_91642\" aria-describedby=\"caption-attachment-91642\" style=\"width: 300px\" class=\"wp-caption alignnone\"><img decoding=\"async\" data-attachment-id=\"91642\" data-permalink=\"https:\/\/www.jornalja.com.br\/cultura\/ospa-inicia-venda-de-ingressos-para-o-concerto-de-natal-de-19-de-dezembro\/ospa-beto-vianna-e-ospa-_-credito-danielle-bayer\/\" data-orig-file=\"https:\/\/www.jornalja.com.br\/cultura\/wp-content\/uploads\/sites\/2\/2025\/11\/ospa-beto-vianna-e-ospa-credito-danielle-bayer-scaled.jpg\" data-orig-size=\"2560,1707\" data-comments-opened=\"0\" data-image-meta=\"{&quot;aperture&quot;:&quot;5&quot;,&quot;credit&quot;:&quot;&quot;,&quot;camera&quot;:&quot;NIKON D5500&quot;,&quot;caption&quot;:&quot;&quot;,&quot;created_timestamp&quot;:&quot;1752421574&quot;,&quot;copyright&quot;:&quot;&quot;,&quot;focal_length&quot;:&quot;145&quot;,&quot;iso&quot;:&quot;1250&quot;,&quot;shutter_speed&quot;:&quot;0.004&quot;,&quot;title&quot;:&quot;&quot;,&quot;orientation&quot;:&quot;0&quot;}\" data-image-title=\"OSPA Beto Vianna e OSPA _ cr\u00e9dito Danielle Bayer\" data-image-description=\"\" data-image-caption=\"&lt;p&gt; Beto Vianna e OSPA _ cr\u00e9dito Danielle Bayer\/ Divulga\u00e7\u00e3o&lt;\/p&gt;\n\" data-large-file=\"https:\/\/www.jornalja.com.br\/cultura\/wp-content\/uploads\/sites\/2\/2025\/11\/ospa-beto-vianna-e-ospa-credito-danielle-bayer-1024x683.jpg\" class=\"size-medium wp-image-91642\" src=\"https:\/\/www.jornalja.com.br\/cultura\/wp-content\/uploads\/sites\/2\/2025\/11\/ospa-beto-vianna-e-ospa-credito-danielle-bayer-300x200.jpg\" alt=\"\" width=\"300\" height=\"200\" srcset=\"https:\/\/www.jornalja.com.br\/cultura\/wp-content\/uploads\/sites\/2\/2025\/11\/ospa-beto-vianna-e-ospa-credito-danielle-bayer-300x200.jpg 300w, https:\/\/www.jornalja.com.br\/cultura\/wp-content\/uploads\/sites\/2\/2025\/11\/ospa-beto-vianna-e-ospa-credito-danielle-bayer-1024x683.jpg 1024w, https:\/\/www.jornalja.com.br\/cultura\/wp-content\/uploads\/sites\/2\/2025\/11\/ospa-beto-vianna-e-ospa-credito-danielle-bayer-768x512.jpg 768w, https:\/\/www.jornalja.com.br\/cultura\/wp-content\/uploads\/sites\/2\/2025\/11\/ospa-beto-vianna-e-ospa-credito-danielle-bayer-1536x1024.jpg 1536w, https:\/\/www.jornalja.com.br\/cultura\/wp-content\/uploads\/sites\/2\/2025\/11\/ospa-beto-vianna-e-ospa-credito-danielle-bayer-2048x1365.jpg 2048w, https:\/\/www.jornalja.com.br\/cultura\/wp-content\/uploads\/sites\/2\/2025\/11\/ospa-beto-vianna-e-ospa-credito-danielle-bayer-1200x800.jpg 1200w\" sizes=\"(max-width: 300px) 100vw, 300px\" \/><figcaption id=\"caption-attachment-91642\" class=\"wp-caption-text\">Beto Vianna e OSPA _ cr\u00e9dito Danielle Bayer\/ Divulga\u00e7\u00e3o<\/figcaption><\/figure>\n<p dir=\"ltr\">FUNDA\u00c7\u00c3O ORQUESTRA SINF\u00d4NICA DE PORTO ALEGRE<\/p>\n<p dir=\"ltr\">Concerto de Natal<\/p>\n<p dir=\"ltr\">SEXTA, 19 DE DEZEMBRO DE 2025<\/p>\n<p dir=\"ltr\">In\u00edcio do concerto:\u00a0\u00e0s 20h.<\/p>\n<p dir=\"ltr\">Onde:\u00a0Complexo Cultural Casa da OSPA (CAFF \u2013 Av. Borges de Medeiros, 1.501, Porto Alegre, RS).<\/p>\n<p dir=\"ltr\">Ingressos: de R$ 10 a R$ 50.\u00a0Descontos:\u00a0ingresso solid\u00e1rio (com doa\u00e7\u00e3o de 1kg de alimento), clientes Banrisul, Amigo OSPA, associados AAMACRS, s\u00f3cio do Clube do Assinante RBS, idoso, doador de\u00a0 sangue, pessoa com defici\u00eancia e acompanhante, estudante, jovem at\u00e9 15 anos e ID Jovem.<\/p>\n<p dir=\"ltr\">Bilheteria:\u00a0em<a href=\"https:\/\/site.bileto.sympla.com.br\/casadaospa\/\" target=\"_blank\" rel=\"noopener\" data-saferedirecturl=\"https:\/\/www.google.com\/url?q=https:\/\/site.bileto.sympla.com.br\/casadaospa\/&amp;source=gmail&amp;ust=1764593852689000&amp;usg=AOvVaw1SREdQlhMGFLzrPU1yLnBQ\">\u00a0sympla.com.br\/casadaospa<\/a>\u00a0ou no Complexo Cultural Casa da OSPA no dia do concerto, das 15h \u00e0s 20h.<\/p>\n<p dir=\"ltr\">Estacionamento:\u00a0gratuito, no local.<\/p>\n<p dir=\"ltr\">Classifica\u00e7\u00e3o indicativa:\u00a0n\u00e3o recomendado para menores de 6 anos.<\/p>\n<p dir=\"ltr\">Transmiss\u00e3o ao vivo:<a href=\"https:\/\/www.youtube.com\/user\/ospaRS\" target=\"_blank\" rel=\"noopener\" data-saferedirecturl=\"https:\/\/www.google.com\/url?q=https:\/\/www.youtube.com\/user\/ospaRS&amp;source=gmail&amp;ust=1764593852689000&amp;usg=AOvVaw3RAxNH1p8yl4AgRvKKpxkH\">\u00a0a partir das 20h no\u00a0canal da OSPA no YouTube<\/a>.<\/p>\n<p dir=\"ltr\">Apresenta\u00e7\u00e3o:\u00a0Orquestra Sinf\u00f4nica de Porto Alegre<\/p>\n<p dir=\"ltr\">Solistas:\u00a0Mar\u00edlia Vargas (soprano), Cec\u00edlia Teles Concei\u00e7\u00e3o (soprano) e Beto Vianna<\/p>\n<p dir=\"ltr\">Participa\u00e7\u00f5es especiais:\u00a0Coro Sinf\u00f4nico da OSPA, OSPA Jovem e Coro Infantojuvenil e Coro Jovem da Escola da OSPA<\/p>\n<p dir=\"ltr\">Regente:\u00a0Manfredo Schmiedt<\/p>\n<p dir=\"ltr\">PROGRAMA<\/p>\n<p dir=\"ltr\">Gioachino Rossini | Abertura \u201cIl Viaggio a Reims\u201d<\/p>\n<p dir=\"ltr\">Wolfgang Amadeus Mozart | Exsultate jubilate, K.165 (158a)<\/p>\n<p dir=\"ltr\">Mykola Leontovych | Carol of the Bells<\/p>\n<p dir=\"ltr\">Mathew Evancho | To Believe<\/p>\n<p dir=\"ltr\">Otto Nicolai | Abertura de Natal sobre \u201cVon Himmel hoch\u201d<\/p>\n<p dir=\"ltr\">Adolphe Adam | O Holy Night (\u00d3 Noite Santa)<\/p>\n<p dir=\"ltr\">Glen Ballard e Alan Silvestri | Su\u00edte de Concerto do filme \u201cO Expresso Polar\u201d<\/p>\n<p dir=\"ltr\">Leroy Anderson | Sleigh Ride<\/p>\n<p dir=\"ltr\">Alfred H\u00fclsberg | Can\u00e7\u00f5es de Natal de todo o Mundo<\/p>\n<p dir=\"ltr\">Michael Jackson e Nando | A Paz<\/p>\n<p dir=\"ltr\">Este evento disponibiliza medidas de acessibilidade.<\/p>\n<p dir=\"ltr\">Lei de Incentivo \u00e0 Cultura<\/p>\n<p dir=\"ltr\">Patroc\u00ednio da Temporada Art\u00edstica: Gerdau, Banrisul, TMSA e Tramontina.<\/p>\n<p dir=\"ltr\">Apoio da Temporada Art\u00edstica: Unimed, Imobi e Intercity. Promo\u00e7\u00e3o: Clube do Assinante.<\/p>\n<p dir=\"ltr\">Realiza\u00e7\u00e3o: Funda\u00e7\u00e3o Cultural Pablo Koml\u00f3s, Funda\u00e7\u00e3o OSPA, Secretaria da Cultura do RS, Minist\u00e9rio da Cultura, Governo Federal \u2013 Do lado do povo brasileiro.<\/p>\n<p dir=\"ltr\">Acompanhe as not\u00edcias da Funda\u00e7\u00e3o OSPA:<\/p>\n<p dir=\"ltr\"><a href=\"http:\/\/ospa.rs.gov.br\/\" target=\"_blank\" rel=\"noopener\" data-saferedirecturl=\"https:\/\/www.google.com\/url?q=http:\/\/ospa.rs.gov.br\/&amp;source=gmail&amp;ust=1764593852689000&amp;usg=AOvVaw0twmx3d_njMTOsJdACPO20\">ospa.rs.gov.br<\/a><\/p>\n<p dir=\"ltr\"><a href=\"https:\/\/www.instagram.com\/ospabr\/\" target=\"_blank\" rel=\"noopener\" data-saferedirecturl=\"https:\/\/www.google.com\/url?q=https:\/\/www.instagram.com\/ospabr\/&amp;source=gmail&amp;ust=1764593852689000&amp;usg=AOvVaw2fK_Vs18NtaWnuWKcmg996\">instagram.com\/ospabr<\/a><\/p>\n<p dir=\"ltr\"><a href=\"http:\/\/instagram.com\/escoladaospa\" target=\"_blank\" rel=\"noopener\" data-saferedirecturl=\"https:\/\/www.google.com\/url?q=http:\/\/instagram.com\/escoladaospa&amp;source=gmail&amp;ust=1764593852689000&amp;usg=AOvVaw0HVyjSXcKfTN4Zw4Aop04-\">instagram.com\/escoladaospa<\/a><\/p>\n<p dir=\"ltr\"><a href=\"http:\/\/facebook.com\/ospabr\" target=\"_blank\" rel=\"noopener\" data-saferedirecturl=\"https:\/\/www.google.com\/url?q=http:\/\/facebook.com\/ospabr&amp;source=gmail&amp;ust=1764593852689000&amp;usg=AOvVaw1mIPAmlcDUNIWNy-Ye1KdG\">facebook.com\/ospabr<\/a><\/p>\n<p dir=\"ltr\"><a href=\"https:\/\/www.youtube.com\/user\/ospaRS\" target=\"_blank\" rel=\"noopener\" data-saferedirecturl=\"https:\/\/www.google.com\/url?q=https:\/\/www.youtube.com\/user\/ospaRS&amp;source=gmail&amp;ust=1764593852689000&amp;usg=AOvVaw3RAxNH1p8yl4AgRvKKpxkH\">youtube.com\/ospaRS<\/a><\/p>\n","protected":false},"excerpt":{"rendered":"<p>Apresenta\u00e7\u00e3o re\u00fane OSPA, Coro Sinf\u00f4nico, cantores solistas e ainda diferentes grupos da Escola da OSPA em interpreta\u00e7\u00f5es grandiosas de temas natalinos A venda de ingressos para o Concerto de Natal da Orquestra Sinf\u00f4nica de Porto Alegre (OSPA) \u2014 funda\u00e7\u00e3o vinculada \u00e0 Secretaria de Estado da Cultura (Sedac-RS) \u2014 come\u00e7ou na\u00a0 sexta-feira, 28\/11, na plataforma Sympla, [&hellip;]<\/p>\n","protected":false},"author":4,"featured_media":91644,"comment_status":"closed","ping_status":"open","sticky":false,"template":"","format":"standard","meta":{"jetpack_post_was_ever_published":false,"_jetpack_newsletter_access":"","_jetpack_dont_email_post_to_subs":false,"_jetpack_newsletter_tier_id":0,"_jetpack_memberships_contains_paywalled_content":false,"_jetpack_memberships_contains_paid_content":false,"footnotes":"","jetpack_publicize_message":"","jetpack_publicize_feature_enabled":true,"jetpack_social_post_already_shared":true,"jetpack_social_options":{"image_generator_settings":{"template":"highway","default_image_id":0,"font":"","enabled":false},"version":2}},"categories":[2],"tags":[],"class_list":["post-91641","post","type-post","status-publish","format-standard","has-post-thumbnail","hentry","category-materiasecundaria"],"aioseo_notices":[],"jetpack_publicize_connections":[],"jetpack_featured_media_url":"https:\/\/www.jornalja.com.br\/cultura\/wp-content\/uploads\/sites\/2\/2025\/11\/ospa-e-coro-sob-regencia-de-manfredo-schmiedt-01-10-2022-credito-vinicius-angeli-41-scaled.jpg","jetpack-related-posts":[{"id":91404,"url":"https:\/\/www.jornalja.com.br\/cultura\/emmanuele-baldini-e-regente-e-solista-em-concerto-da-ospa-com-obras-de-vivaldi-bach-e-faure\/","url_meta":{"origin":91641,"position":0},"title":"Emmanuele Baldini \u00e9 regente e solista em concerto da OSPA, com obras de Vivaldi, Bach e Faur\u00e9","author":"da Reda\u00e7\u00e3o","date":"17 de setembro de 2025","format":false,"excerpt":"Emmanuele Baldini \u00e9 regente e solista ao violino em concerto da OSPA com obras de Vivaldi, Bach e Faur\u00e9 (19\/09). Os solistas Raquel Fortes e Daniel Germano d\u00e3o voz ao \u201cRequiem\u201d do compositor franc\u00eas, que tamb\u00e9m traz a participa\u00e7\u00e3o do Coro Sinf\u00f4nico da OSPA Na sexta-feira,\u00a019 de setembro, a\u00a0Orquestra Sinf\u00f4nica\u2026","rel":"","context":"Em &quot;Cultura-MAT\u00c9RIA&quot;","block_context":{"text":"Cultura-MAT\u00c9RIA","link":"https:\/\/www.jornalja.com.br\/cultura\/category\/materiasecundaria\/"},"img":{"alt_text":"","src":"https:\/\/i0.wp.com\/www.jornalja.com.br\/cultura\/wp-content\/uploads\/sites\/2\/2025\/09\/ospa-2022-04-23-baldini-rege-a-ospa-credito-leandrorodrigues-60-scaled.jpg?resize=350%2C200&ssl=1","width":350,"height":200,"srcset":"https:\/\/i0.wp.com\/www.jornalja.com.br\/cultura\/wp-content\/uploads\/sites\/2\/2025\/09\/ospa-2022-04-23-baldini-rege-a-ospa-credito-leandrorodrigues-60-scaled.jpg?resize=350%2C200&ssl=1 1x, https:\/\/i0.wp.com\/www.jornalja.com.br\/cultura\/wp-content\/uploads\/sites\/2\/2025\/09\/ospa-2022-04-23-baldini-rege-a-ospa-credito-leandrorodrigues-60-scaled.jpg?resize=525%2C300&ssl=1 1.5x, https:\/\/i0.wp.com\/www.jornalja.com.br\/cultura\/wp-content\/uploads\/sites\/2\/2025\/09\/ospa-2022-04-23-baldini-rege-a-ospa-credito-leandrorodrigues-60-scaled.jpg?resize=700%2C400&ssl=1 2x, https:\/\/i0.wp.com\/www.jornalja.com.br\/cultura\/wp-content\/uploads\/sites\/2\/2025\/09\/ospa-2022-04-23-baldini-rege-a-ospa-credito-leandrorodrigues-60-scaled.jpg?resize=1050%2C600&ssl=1 3x, https:\/\/i0.wp.com\/www.jornalja.com.br\/cultura\/wp-content\/uploads\/sites\/2\/2025\/09\/ospa-2022-04-23-baldini-rege-a-ospa-credito-leandrorodrigues-60-scaled.jpg?resize=1400%2C800&ssl=1 4x"},"classes":[]},{"id":88861,"url":"https:\/\/www.jornalja.com.br\/cultura\/ospa-encerra-temporada-artistica-2023-com-concerto-em-canoas-amanha-dia-14\/","url_meta":{"origin":91641,"position":1},"title":"OSPA encerra Temporada Art\u00edstica 2023 com concerto em Canoas amanh\u00e3, dia 14","author":"da Reda\u00e7\u00e3o","date":"13 de dezembro de 2023","format":false,"excerpt":"\u00a0 A Orquestra Sinf\u00f4nica de Porto Alegre (OSPA), funda\u00e7\u00e3o vinculada \u00e0 Secretaria de Estado da Cultura (Sedac-RS), encerra mais uma grande temporada art\u00edstica com um concerto na Par\u00f3quia Nossa Senhora das Gra\u00e7as, Canoas. A apresenta\u00e7\u00e3o est\u00e1 marcada para a pr\u00f3xima quinta-feira, 14 de dezembro, \u00e0s 19h30. A Orquestra estar\u00e1 sob\u2026","rel":"","context":"Em &quot;Cultura-NOTAS&quot;","block_context":{"text":"Cultura-NOTAS","link":"https:\/\/www.jornalja.com.br\/cultura\/category\/culturanotas\/"},"img":{"alt_text":"","src":"https:\/\/i0.wp.com\/www.jornalja.com.br\/cultura\/wp-content\/uploads\/sites\/2\/2023\/12\/ospa-1612-ensaio-serie-interior-canoas-por-luiza-piffero-27-scaled.jpg?resize=350%2C200&ssl=1","width":350,"height":200,"srcset":"https:\/\/i0.wp.com\/www.jornalja.com.br\/cultura\/wp-content\/uploads\/sites\/2\/2023\/12\/ospa-1612-ensaio-serie-interior-canoas-por-luiza-piffero-27-scaled.jpg?resize=350%2C200&ssl=1 1x, https:\/\/i0.wp.com\/www.jornalja.com.br\/cultura\/wp-content\/uploads\/sites\/2\/2023\/12\/ospa-1612-ensaio-serie-interior-canoas-por-luiza-piffero-27-scaled.jpg?resize=525%2C300&ssl=1 1.5x, https:\/\/i0.wp.com\/www.jornalja.com.br\/cultura\/wp-content\/uploads\/sites\/2\/2023\/12\/ospa-1612-ensaio-serie-interior-canoas-por-luiza-piffero-27-scaled.jpg?resize=700%2C400&ssl=1 2x, https:\/\/i0.wp.com\/www.jornalja.com.br\/cultura\/wp-content\/uploads\/sites\/2\/2023\/12\/ospa-1612-ensaio-serie-interior-canoas-por-luiza-piffero-27-scaled.jpg?resize=1050%2C600&ssl=1 3x, https:\/\/i0.wp.com\/www.jornalja.com.br\/cultura\/wp-content\/uploads\/sites\/2\/2023\/12\/ospa-1612-ensaio-serie-interior-canoas-por-luiza-piffero-27-scaled.jpg?resize=1400%2C800&ssl=1 4x"},"classes":[]},{"id":77737,"url":"https:\/\/www.jornalja.com.br\/cultura\/ospa-e-seu-coro-sinfonico-se-apresentam-com-solo-de-violinista-russa\/","url_meta":{"origin":91641,"position":2},"title":"OSPA e seu Coro Sinf\u00f4nico se apresentam com solo de violinista russa","author":"da Reda\u00e7\u00e3o","date":"24 de setembro de 2019","format":false,"excerpt":"Anna Markova, uma das mais renomadas violinistas da atualidade, retorna a Porto Alegre a convite\u00a0da Orquestra Sinf\u00f4nica de Porto Alegre (OSPA). Nascida no Cazaquist\u00e3o, estreou nos palcos aos 13 anos\u00a0pela Orquestra de C\u00e2mara Estatal da Rep\u00fablica da Bielorr\u00fassia. No pr\u00f3ximo\u00a0s\u00e1bado,\u00a028 de setembro, \u00e0s\u00a017h, ela se apresenta como solista em um\u2026","rel":"","context":"Em &quot;Cultura-MAT\u00c9RIA&quot;","block_context":{"text":"Cultura-MAT\u00c9RIA","link":"https:\/\/www.jornalja.com.br\/cultura\/category\/materiasecundaria\/"},"img":{"alt_text":"","src":"","width":0,"height":0},"classes":[]},{"id":86734,"url":"https:\/\/www.jornalja.com.br\/cultura\/beatles-led-zeppelin-e-elvis-presley-estao-em-rock-sinfonico-novo-espetaculo-da-ospa\/","url_meta":{"origin":91641,"position":3},"title":"Beatles, Led Zeppelin e Elvis Presley est\u00e3o em &#8220;Rock Sinf\u00f4nico&#8221;, novo espet\u00e1culo da OSPA","author":"da Reda\u00e7\u00e3o","date":"22 de setembro de 2022","format":false,"excerpt":"\u00a0 Deep Purple, Led Zeppelin, David Bowie, The Beatles, Guns N\u2019 Roses. No pr\u00f3ximo s\u00e1bado, dia 24 de setembro, esses grandes nomes do rock poder\u00e3o ser ouvidos em um contexto incomum: na Sala de Concertos da Orquestra Sinf\u00f4nica de Porto Alegre (OSPA), funda\u00e7\u00e3o vinculada \u00e0 Secretaria de Estado da Cultura\u2026","rel":"","context":"Em &quot;Cultura-MAT\u00c9RIA&quot;","block_context":{"text":"Cultura-MAT\u00c9RIA","link":"https:\/\/www.jornalja.com.br\/cultura\/category\/materiasecundaria\/"},"img":{"alt_text":"","src":"https:\/\/i0.wp.com\/www.jornalja.com.br\/cultura\/wp-content\/uploads\/sites\/2\/2022\/09\/rock-2019-ospa-pinkfloydsinfonico-credito-mauricio-paz-scaled.jpg?resize=350%2C200&ssl=1","width":350,"height":200,"srcset":"https:\/\/i0.wp.com\/www.jornalja.com.br\/cultura\/wp-content\/uploads\/sites\/2\/2022\/09\/rock-2019-ospa-pinkfloydsinfonico-credito-mauricio-paz-scaled.jpg?resize=350%2C200&ssl=1 1x, https:\/\/i0.wp.com\/www.jornalja.com.br\/cultura\/wp-content\/uploads\/sites\/2\/2022\/09\/rock-2019-ospa-pinkfloydsinfonico-credito-mauricio-paz-scaled.jpg?resize=525%2C300&ssl=1 1.5x, https:\/\/i0.wp.com\/www.jornalja.com.br\/cultura\/wp-content\/uploads\/sites\/2\/2022\/09\/rock-2019-ospa-pinkfloydsinfonico-credito-mauricio-paz-scaled.jpg?resize=700%2C400&ssl=1 2x, https:\/\/i0.wp.com\/www.jornalja.com.br\/cultura\/wp-content\/uploads\/sites\/2\/2022\/09\/rock-2019-ospa-pinkfloydsinfonico-credito-mauricio-paz-scaled.jpg?resize=1050%2C600&ssl=1 3x, https:\/\/i0.wp.com\/www.jornalja.com.br\/cultura\/wp-content\/uploads\/sites\/2\/2022\/09\/rock-2019-ospa-pinkfloydsinfonico-credito-mauricio-paz-scaled.jpg?resize=1400%2C800&ssl=1 4x"},"classes":[]},{"id":86610,"url":"https:\/\/www.jornalja.com.br\/cultura\/ospa-realiza-concerto-especial-em-homenagem-ao-bicentenario-da-independencia\/","url_meta":{"origin":91641,"position":4},"title":"OSPA realiza concerto especial em homenagem ao Bicenten\u00e1rio da Independ\u00eancia","author":"da Reda\u00e7\u00e3o","date":"5 de setembro de 2022","format":false,"excerpt":"Na semana em que a Independ\u00eancia do Brasil completa 200 anos, as comemora\u00e7\u00f5es ganham o refor\u00e7o da Orquestra Sinf\u00f4nica de Porto Alegre (OSPA), funda\u00e7\u00e3o vinculada \u00e0 Secretaria de Estado da Cultura (Sedac). A apresenta\u00e7\u00e3o est\u00e1 programada para sexta-feira, 9 de setembro, \u00e0s 20h, na Casa da OSPA. O maestro do\u2026","rel":"","context":"Em &quot;Cultura-MAT\u00c9RIA&quot;","block_context":{"text":"Cultura-MAT\u00c9RIA","link":"https:\/\/www.jornalja.com.br\/cultura\/category\/materiasecundaria\/"},"img":{"alt_text":"","src":"https:\/\/i0.wp.com\/www.jornalja.com.br\/cultura\/wp-content\/uploads\/sites\/2\/2022\/09\/ospa-2022-06-04-ospa-missasolene-credito-luciamoreira-32.jpg?resize=350%2C200&ssl=1","width":350,"height":200,"srcset":"https:\/\/i0.wp.com\/www.jornalja.com.br\/cultura\/wp-content\/uploads\/sites\/2\/2022\/09\/ospa-2022-06-04-ospa-missasolene-credito-luciamoreira-32.jpg?resize=350%2C200&ssl=1 1x, https:\/\/i0.wp.com\/www.jornalja.com.br\/cultura\/wp-content\/uploads\/sites\/2\/2022\/09\/ospa-2022-06-04-ospa-missasolene-credito-luciamoreira-32.jpg?resize=525%2C300&ssl=1 1.5x, https:\/\/i0.wp.com\/www.jornalja.com.br\/cultura\/wp-content\/uploads\/sites\/2\/2022\/09\/ospa-2022-06-04-ospa-missasolene-credito-luciamoreira-32.jpg?resize=700%2C400&ssl=1 2x, https:\/\/i0.wp.com\/www.jornalja.com.br\/cultura\/wp-content\/uploads\/sites\/2\/2022\/09\/ospa-2022-06-04-ospa-missasolene-credito-luciamoreira-32.jpg?resize=1050%2C600&ssl=1 3x, https:\/\/i0.wp.com\/www.jornalja.com.br\/cultura\/wp-content\/uploads\/sites\/2\/2022\/09\/ospa-2022-06-04-ospa-missasolene-credito-luciamoreira-32.jpg?resize=1400%2C800&ssl=1 4x"},"classes":[]},{"id":90672,"url":"https:\/\/www.jornalja.com.br\/cultura\/primeiro-concerto-da-ospa-em-2025-tera-solo-da-harpista-russa-ekaterina-dvoretskaya\/","url_meta":{"origin":91641,"position":5},"title":"Primeiro concerto da OSPA em 2025 ter\u00e1 solo da harpista russa Ekaterina Dvoretskaya","author":"da Reda\u00e7\u00e3o","date":"1 de mar\u00e7o de 2025","format":false,"excerpt":"A nova temporada de concertos da\u00a0Orquestra Sinf\u00f4nica de Porto Alegre\u00a0(OSPA), funda\u00e7\u00e3o vinculada \u00e0 Secretaria de Estado da Cultura do Rio Grande do Sul (Sedac-RS), j\u00e1 tem data para come\u00e7ar:\u00a014 de mar\u00e7o. Neste dia, uma sexta-feira, \u00e0s 20h, o\u00a0Complexo Cultural Casa da OSPA\u00a0recebe a harpista russa\u00a0\u00a0Ekaterina Dvoretskaya, em sua estreia no\u2026","rel":"","context":"Em &quot;Cultura-MAT\u00c9RIA&quot;","block_context":{"text":"Cultura-MAT\u00c9RIA","link":"https:\/\/www.jornalja.com.br\/cultura\/category\/materiasecundaria\/"},"img":{"alt_text":"","src":"https:\/\/i0.wp.com\/www.jornalja.com.br\/cultura\/wp-content\/uploads\/sites\/2\/2025\/03\/ospa-ekaterina-dvoretskaia-credito-vladimir-volkov-1-scaled.jpg?resize=350%2C200&ssl=1","width":350,"height":200,"srcset":"https:\/\/i0.wp.com\/www.jornalja.com.br\/cultura\/wp-content\/uploads\/sites\/2\/2025\/03\/ospa-ekaterina-dvoretskaia-credito-vladimir-volkov-1-scaled.jpg?resize=350%2C200&ssl=1 1x, https:\/\/i0.wp.com\/www.jornalja.com.br\/cultura\/wp-content\/uploads\/sites\/2\/2025\/03\/ospa-ekaterina-dvoretskaia-credito-vladimir-volkov-1-scaled.jpg?resize=525%2C300&ssl=1 1.5x, https:\/\/i0.wp.com\/www.jornalja.com.br\/cultura\/wp-content\/uploads\/sites\/2\/2025\/03\/ospa-ekaterina-dvoretskaia-credito-vladimir-volkov-1-scaled.jpg?resize=700%2C400&ssl=1 2x, https:\/\/i0.wp.com\/www.jornalja.com.br\/cultura\/wp-content\/uploads\/sites\/2\/2025\/03\/ospa-ekaterina-dvoretskaia-credito-vladimir-volkov-1-scaled.jpg?resize=1050%2C600&ssl=1 3x, https:\/\/i0.wp.com\/www.jornalja.com.br\/cultura\/wp-content\/uploads\/sites\/2\/2025\/03\/ospa-ekaterina-dvoretskaia-credito-vladimir-volkov-1-scaled.jpg?resize=1400%2C800&ssl=1 4x"},"classes":[]}],"jetpack_shortlink":"https:\/\/wp.me\/pbKnZc-nQ5","jetpack_sharing_enabled":true,"_links":{"self":[{"href":"https:\/\/www.jornalja.com.br\/cultura\/wp-json\/wp\/v2\/posts\/91641","targetHints":{"allow":["GET"]}}],"collection":[{"href":"https:\/\/www.jornalja.com.br\/cultura\/wp-json\/wp\/v2\/posts"}],"about":[{"href":"https:\/\/www.jornalja.com.br\/cultura\/wp-json\/wp\/v2\/types\/post"}],"author":[{"embeddable":true,"href":"https:\/\/www.jornalja.com.br\/cultura\/wp-json\/wp\/v2\/users\/4"}],"replies":[{"embeddable":true,"href":"https:\/\/www.jornalja.com.br\/cultura\/wp-json\/wp\/v2\/comments?post=91641"}],"version-history":[{"count":1,"href":"https:\/\/www.jornalja.com.br\/cultura\/wp-json\/wp\/v2\/posts\/91641\/revisions"}],"predecessor-version":[{"id":91646,"href":"https:\/\/www.jornalja.com.br\/cultura\/wp-json\/wp\/v2\/posts\/91641\/revisions\/91646"}],"wp:featuredmedia":[{"embeddable":true,"href":"https:\/\/www.jornalja.com.br\/cultura\/wp-json\/wp\/v2\/media\/91644"}],"wp:attachment":[{"href":"https:\/\/www.jornalja.com.br\/cultura\/wp-json\/wp\/v2\/media?parent=91641"}],"wp:term":[{"taxonomy":"category","embeddable":true,"href":"https:\/\/www.jornalja.com.br\/cultura\/wp-json\/wp\/v2\/categories?post=91641"},{"taxonomy":"post_tag","embeddable":true,"href":"https:\/\/www.jornalja.com.br\/cultura\/wp-json\/wp\/v2\/tags?post=91641"}],"curies":[{"name":"wp","href":"https:\/\/api.w.org\/{rel}","templated":true}]}}