{"id":91829,"date":"2026-01-12T20:13:47","date_gmt":"2026-01-12T23:13:47","guid":{"rendered":"https:\/\/www.jornalja.com.br\/cultura\/?p=91829"},"modified":"2026-01-14T17:12:03","modified_gmt":"2026-01-14T20:12:03","slug":"verao-com-arte-em-porto-alegre-tres-exposicoes-na-galeria-duque-recebem-visitantes-ate-o-dia-28-de-fevereiro","status":"publish","type":"post","link":"https:\/\/www.jornalja.com.br\/cultura\/verao-com-arte-em-porto-alegre-tres-exposicoes-na-galeria-duque-recebem-visitantes-ate-o-dia-28-de-fevereiro\/","title":{"rendered":"Tr\u00eas exposi\u00e7\u00f5es na Galeria Duque, recebem visitantes at\u00e9 o dia 28 de fevereiro."},"content":{"rendered":"<p style=\"font-weight: 400\"><strong>Quem estiver em Porto Alegre nesta temporada pode garantir uma programa\u00e7\u00e3o com arte no centro hist\u00f3rico. A Galeria Duque, que tem um dos acervos mais completos do Estado, est\u00e1 com tr\u00eas exposi\u00e7\u00f5es simult\u00e2neas. Em \u201cArte e Imagina\u00e7\u00e3o\u201d, mostra com curadoria de Daisy Viola, \u00e9 poss\u00edvel conferir obras de grandes nomes da arte como Di Cavalcanti, Burle Marx, Vicente do Rego Monteiro, Djanira, Goeldi e Vergara. O espa\u00e7o tamb\u00e9m recebe as exposi\u00e7\u00f5es \u201cRetrospectiva\u201d com a arte abstrata de Berenice Unikowsky, e os \u201cChap\u00e9us de Vidro\u201d, de Carmen Seibert. A programa\u00e7\u00e3o fica na galeria at\u00e9 o dia 28 de fevereiro com entrada franca. Para agendar grupos, entre em contato pelo telefone (51) 3228-6900 ou pelo Whatsapp (51) 8354-1022.<\/strong><\/p>\n<figure id=\"attachment_91834\" aria-describedby=\"caption-attachment-91834\" style=\"width: 169px\" class=\"wp-caption alignnone\"><img decoding=\"async\" data-attachment-id=\"91834\" data-permalink=\"https:\/\/www.jornalja.com.br\/cultura\/verao-com-arte-em-porto-alegre-tres-exposicoes-na-galeria-duque-recebem-visitantes-ate-o-dia-28-de-fevereiro\/duque-visitante-admira-obra-de-salvador-dali-na-galeria-duque\/\" data-orig-file=\"https:\/\/www.jornalja.com.br\/cultura\/wp-content\/uploads\/sites\/2\/2026\/01\/duque-visitante-admira-obra-de-salvador-dali-na-galeria-duque.jpeg\" data-orig-size=\"1440,2560\" data-comments-opened=\"0\" data-image-meta=\"{&quot;aperture&quot;:&quot;0&quot;,&quot;credit&quot;:&quot;&quot;,&quot;camera&quot;:&quot;&quot;,&quot;caption&quot;:&quot;&quot;,&quot;created_timestamp&quot;:&quot;0&quot;,&quot;copyright&quot;:&quot;&quot;,&quot;focal_length&quot;:&quot;0&quot;,&quot;iso&quot;:&quot;0&quot;,&quot;shutter_speed&quot;:&quot;0&quot;,&quot;title&quot;:&quot;&quot;,&quot;orientation&quot;:&quot;0&quot;}\" data-image-title=\"duque Visitante admira obra de Salvador Dal\u00ed na Galeria Duque\" data-image-description=\"\" data-image-caption=\"&lt;p&gt;Visitante admira obra de Salvador Dal\u00ed na Galeria Duque\/ Divulga\u00e7\u00e3o&lt;\/p&gt;\n\" data-large-file=\"https:\/\/www.jornalja.com.br\/cultura\/wp-content\/uploads\/sites\/2\/2026\/01\/duque-visitante-admira-obra-de-salvador-dali-na-galeria-duque-576x1024.jpeg\" class=\"size-medium wp-image-91834\" src=\"https:\/\/www.jornalja.com.br\/cultura\/wp-content\/uploads\/sites\/2\/2026\/01\/duque-visitante-admira-obra-de-salvador-dali-na-galeria-duque-169x300.jpeg\" alt=\"\" width=\"169\" height=\"300\" srcset=\"https:\/\/www.jornalja.com.br\/cultura\/wp-content\/uploads\/sites\/2\/2026\/01\/duque-visitante-admira-obra-de-salvador-dali-na-galeria-duque-169x300.jpeg 169w, https:\/\/www.jornalja.com.br\/cultura\/wp-content\/uploads\/sites\/2\/2026\/01\/duque-visitante-admira-obra-de-salvador-dali-na-galeria-duque-576x1024.jpeg 576w, https:\/\/www.jornalja.com.br\/cultura\/wp-content\/uploads\/sites\/2\/2026\/01\/duque-visitante-admira-obra-de-salvador-dali-na-galeria-duque-768x1365.jpeg 768w, https:\/\/www.jornalja.com.br\/cultura\/wp-content\/uploads\/sites\/2\/2026\/01\/duque-visitante-admira-obra-de-salvador-dali-na-galeria-duque-864x1536.jpeg 864w, https:\/\/www.jornalja.com.br\/cultura\/wp-content\/uploads\/sites\/2\/2026\/01\/duque-visitante-admira-obra-de-salvador-dali-na-galeria-duque-1152x2048.jpeg 1152w, https:\/\/www.jornalja.com.br\/cultura\/wp-content\/uploads\/sites\/2\/2026\/01\/duque-visitante-admira-obra-de-salvador-dali-na-galeria-duque-1200x2133.jpeg 1200w, https:\/\/www.jornalja.com.br\/cultura\/wp-content\/uploads\/sites\/2\/2026\/01\/duque-visitante-admira-obra-de-salvador-dali-na-galeria-duque.jpeg 1440w\" sizes=\"(max-width: 169px) 100vw, 169px\" \/><figcaption id=\"caption-attachment-91834\" class=\"wp-caption-text\">Visitante admira obra de Salvador Dal\u00ed na Galeria Duque\/ Divulga\u00e7\u00e3o<\/figcaption><\/figure>\n<p style=\"font-weight: 400\">\u201cA imagina\u00e7\u00e3o \u00e9 o ponto de partida para o fazer art\u00edstico, com ela podemos voar mesmo sem asas. A arte \u00e9 a possibilidade de materializar nossos voos. A pr\u00f3pria Galeria Duque \u00e9 um exemplo dessa possibilidade\u2019, pontua Daisy Viola. No templo da arte onde se encontra um dos mais completos acervos do Estado, as possibilidades se multiplicam. \u201cDesta vez, vamos mostrar obras felizes, na cor, ou no assunto, artistas que retrataram momentos de felicidade, como este do nosso espa\u00e7o, de olhar para tr\u00e1s e perceber um trajeto de coer\u00eancia com a proposta inicial, de abertura e comunica\u00e7\u00e3o com os (as) artistas da cidade que tamb\u00e9m t\u00eam espa\u00e7o aqui, e principalmente, com o p\u00fablico da cidade, que, afinal, \u00e9 o grande motivo da nossa exist\u00eancia\u201d, afirma Daisy.<\/p>\n<figure id=\"attachment_91832\" aria-describedby=\"caption-attachment-91832\" style=\"width: 206px\" class=\"wp-caption alignnone\"><img decoding=\"async\" data-attachment-id=\"91832\" data-permalink=\"https:\/\/www.jornalja.com.br\/cultura\/verao-com-arte-em-porto-alegre-tres-exposicoes-na-galeria-duque-recebem-visitantes-ate-o-dia-28-de-fevereiro\/duque-o-rinoceronte-de-sonia-ebling\/\" data-orig-file=\"https:\/\/www.jornalja.com.br\/cultura\/wp-content\/uploads\/sites\/2\/2026\/01\/duque-o-rinoceronte-de-sonia-ebling.jpeg\" data-orig-size=\"740,1080\" data-comments-opened=\"0\" data-image-meta=\"{&quot;aperture&quot;:&quot;0&quot;,&quot;credit&quot;:&quot;&quot;,&quot;camera&quot;:&quot;&quot;,&quot;caption&quot;:&quot;&quot;,&quot;created_timestamp&quot;:&quot;0&quot;,&quot;copyright&quot;:&quot;&quot;,&quot;focal_length&quot;:&quot;0&quot;,&quot;iso&quot;:&quot;0&quot;,&quot;shutter_speed&quot;:&quot;0&quot;,&quot;title&quot;:&quot;&quot;,&quot;orientation&quot;:&quot;0&quot;}\" data-image-title=\"duque O Rinoceronte de Sonia Ebling\" data-image-description=\"\" data-image-caption=\"&lt;p&gt;O Rinoceronte de Sonia Ebling\/ Divulga\u00e7\u00e3o&lt;\/p&gt;\n\" data-large-file=\"https:\/\/www.jornalja.com.br\/cultura\/wp-content\/uploads\/sites\/2\/2026\/01\/duque-o-rinoceronte-de-sonia-ebling-702x1024.jpeg\" class=\"size-medium wp-image-91832\" src=\"https:\/\/www.jornalja.com.br\/cultura\/wp-content\/uploads\/sites\/2\/2026\/01\/duque-o-rinoceronte-de-sonia-ebling-206x300.jpeg\" alt=\"\" width=\"206\" height=\"300\" srcset=\"https:\/\/www.jornalja.com.br\/cultura\/wp-content\/uploads\/sites\/2\/2026\/01\/duque-o-rinoceronte-de-sonia-ebling-206x300.jpeg 206w, https:\/\/www.jornalja.com.br\/cultura\/wp-content\/uploads\/sites\/2\/2026\/01\/duque-o-rinoceronte-de-sonia-ebling-702x1024.jpeg 702w, https:\/\/www.jornalja.com.br\/cultura\/wp-content\/uploads\/sites\/2\/2026\/01\/duque-o-rinoceronte-de-sonia-ebling.jpeg 740w\" sizes=\"(max-width: 206px) 100vw, 206px\" \/><figcaption id=\"caption-attachment-91832\" class=\"wp-caption-text\">O Rinoceronte de Sonia Ebling\/ Divulga\u00e7\u00e3o<\/figcaption><\/figure>\n<p style=\"font-weight: 400\">Quem visitar a exposi\u00e7\u00e3o \u201cArte e Imagina\u00e7\u00e3o\u201d vai conferir obras de nomes como Aldo Locatelli, Ado Malagoli, Alfredo Ceschiatti, Am\u00edlcar de Castro, Angelo Guido, Anita Malfatti, Ant\u00f4nio Bandeira, Bruno Giorgi, Calazans Neto, Candido Portinari, Carlos P\u00e1ez Vilar\u00f3, Carlos Scliar, Dan\u00fabio Gon\u00e7alves, Djanira, Emiliano Di Cavalcanti, Glauco Rodrigues, Iber\u00ea Camargo, Ione Saldanha, Milton da Costa, Nelson Jungbluth, Oscar Crusius, Orlando Teruz, Roberto Burle Marx, Ruth Schneider, Tarsila do Amaral, Vera Torres, Zoravia Bettiol, al\u00e9m de homenagem a Ruth Schneider.<\/p>\n<figure id=\"attachment_91830\" aria-describedby=\"caption-attachment-91830\" style=\"width: 300px\" class=\"wp-caption alignnone\"><img decoding=\"async\" data-attachment-id=\"91830\" data-permalink=\"https:\/\/www.jornalja.com.br\/cultura\/verao-com-arte-em-porto-alegre-tres-exposicoes-na-galeria-duque-recebem-visitantes-ate-o-dia-28-de-fevereiro\/duque-berenice-unikowsky\/\" data-orig-file=\"https:\/\/www.jornalja.com.br\/cultura\/wp-content\/uploads\/sites\/2\/2026\/01\/duque-berenice-unikowsky.jpeg\" data-orig-size=\"1080,886\" data-comments-opened=\"0\" data-image-meta=\"{&quot;aperture&quot;:&quot;0&quot;,&quot;credit&quot;:&quot;&quot;,&quot;camera&quot;:&quot;&quot;,&quot;caption&quot;:&quot;&quot;,&quot;created_timestamp&quot;:&quot;0&quot;,&quot;copyright&quot;:&quot;&quot;,&quot;focal_length&quot;:&quot;0&quot;,&quot;iso&quot;:&quot;0&quot;,&quot;shutter_speed&quot;:&quot;0&quot;,&quot;title&quot;:&quot;&quot;,&quot;orientation&quot;:&quot;0&quot;}\" data-image-title=\"duque Berenice Unikowsky\" data-image-description=\"\" data-image-caption=\"&lt;p&gt; Berenice Unikowsky\/ Divulga\u00e7\u00e3o&lt;\/p&gt;\n\" data-large-file=\"https:\/\/www.jornalja.com.br\/cultura\/wp-content\/uploads\/sites\/2\/2026\/01\/duque-berenice-unikowsky-1024x840.jpeg\" class=\"size-medium wp-image-91830\" src=\"https:\/\/www.jornalja.com.br\/cultura\/wp-content\/uploads\/sites\/2\/2026\/01\/duque-berenice-unikowsky-300x246.jpeg\" alt=\"\" width=\"300\" height=\"246\" srcset=\"https:\/\/www.jornalja.com.br\/cultura\/wp-content\/uploads\/sites\/2\/2026\/01\/duque-berenice-unikowsky-300x246.jpeg 300w, https:\/\/www.jornalja.com.br\/cultura\/wp-content\/uploads\/sites\/2\/2026\/01\/duque-berenice-unikowsky-1024x840.jpeg 1024w, https:\/\/www.jornalja.com.br\/cultura\/wp-content\/uploads\/sites\/2\/2026\/01\/duque-berenice-unikowsky-768x630.jpeg 768w, https:\/\/www.jornalja.com.br\/cultura\/wp-content\/uploads\/sites\/2\/2026\/01\/duque-berenice-unikowsky.jpeg 1080w\" sizes=\"(max-width: 300px) 100vw, 300px\" \/><figcaption id=\"caption-attachment-91830\" class=\"wp-caption-text\">Berenice Unikowsky\/ Divulga\u00e7\u00e3o<\/figcaption><\/figure>\n<p style=\"font-weight: 400\"><strong>Mulheres na arte do RS<\/strong><\/p>\n<p style=\"font-weight: 400\"><strong>\u00a0<\/strong>A express\u00e3o contempor\u00e2nea da arte produzida no Estado tamb\u00e9m est\u00e1 presente. Berenice Unikowsky apresenta sua mostra \u201cRetrospectiva\u201d, com cerca de 30 obras. Em sua arte abstrata, Berenice evoca cor e emo\u00e7\u00e3o. Utiliza em seu trabalho tinta acr\u00edlica, bastidores de madeiras nobres recicladas, telas de algod\u00e3o puro e \u00e1gua de fonte natural. Exp\u00f5e individualmente desde 1984 e j\u00e1 participou de in\u00fameras mostras coletivas e sal\u00f5es de arte em Porto Alegre, S\u00e3o Paulo, Curitiba e Rio de Janeiro, recebendo pr\u00eamios e v\u00e1rias men\u00e7\u00f5es honrosas. Vive e trabalha em S\u00e3o Sebasti\u00e3o do Ca\u00ed, no Vale dos Sinos.<\/p>\n<figure id=\"attachment_91831\" aria-describedby=\"caption-attachment-91831\" style=\"width: 202px\" class=\"wp-caption alignnone\"><img decoding=\"async\" data-attachment-id=\"91831\" data-permalink=\"https:\/\/www.jornalja.com.br\/cultura\/verao-com-arte-em-porto-alegre-tres-exposicoes-na-galeria-duque-recebem-visitantes-ate-o-dia-28-de-fevereiro\/duque-escultura-de-vasco-prado-na-galeria-duque\/\" data-orig-file=\"https:\/\/www.jornalja.com.br\/cultura\/wp-content\/uploads\/sites\/2\/2026\/01\/duque-escultura-de-vasco-prado-na-galeria-duque.jpeg\" data-orig-size=\"789,1174\" data-comments-opened=\"0\" data-image-meta=\"{&quot;aperture&quot;:&quot;0&quot;,&quot;credit&quot;:&quot;&quot;,&quot;camera&quot;:&quot;&quot;,&quot;caption&quot;:&quot;&quot;,&quot;created_timestamp&quot;:&quot;0&quot;,&quot;copyright&quot;:&quot;&quot;,&quot;focal_length&quot;:&quot;0&quot;,&quot;iso&quot;:&quot;0&quot;,&quot;shutter_speed&quot;:&quot;0&quot;,&quot;title&quot;:&quot;&quot;,&quot;orientation&quot;:&quot;0&quot;}\" data-image-title=\"duque Escultura de Vasco Prado na Galeria Duque\" data-image-description=\"\" data-image-caption=\"&lt;p&gt;Escultura de Vasco Prado na Galeria Duque\/ Divulga\u00e7\u00e3o&lt;\/p&gt;\n\" data-large-file=\"https:\/\/www.jornalja.com.br\/cultura\/wp-content\/uploads\/sites\/2\/2026\/01\/duque-escultura-de-vasco-prado-na-galeria-duque-688x1024.jpeg\" class=\"size-medium wp-image-91831\" src=\"https:\/\/www.jornalja.com.br\/cultura\/wp-content\/uploads\/sites\/2\/2026\/01\/duque-escultura-de-vasco-prado-na-galeria-duque-202x300.jpeg\" alt=\"\" width=\"202\" height=\"300\" srcset=\"https:\/\/www.jornalja.com.br\/cultura\/wp-content\/uploads\/sites\/2\/2026\/01\/duque-escultura-de-vasco-prado-na-galeria-duque-202x300.jpeg 202w, https:\/\/www.jornalja.com.br\/cultura\/wp-content\/uploads\/sites\/2\/2026\/01\/duque-escultura-de-vasco-prado-na-galeria-duque-688x1024.jpeg 688w, https:\/\/www.jornalja.com.br\/cultura\/wp-content\/uploads\/sites\/2\/2026\/01\/duque-escultura-de-vasco-prado-na-galeria-duque-768x1143.jpeg 768w, https:\/\/www.jornalja.com.br\/cultura\/wp-content\/uploads\/sites\/2\/2026\/01\/duque-escultura-de-vasco-prado-na-galeria-duque.jpeg 789w\" sizes=\"(max-width: 202px) 100vw, 202px\" \/><figcaption id=\"caption-attachment-91831\" class=\"wp-caption-text\">Escultura de Vasco Prado na Galeria Duque\/ Divulga\u00e7\u00e3o<\/figcaption><\/figure>\n<p style=\"font-weight: 400\">Com mais de 30 anos dedicados a transformar garrafas de vidro em arte, Carmen Seibert ocupa o quarto andar da Galeria Duque com produ\u00e7\u00f5es que s\u00e3o sua marca-registrada. Formada em Artes Visuais pelo Instituto de Artes da UFRGS, Carmen Seibert \u00e9 apaixonada pelas possibilidades do vidro como material de modelagem em design e acess\u00f3rios de moda. Na exposi\u00e7\u00e3o, os \u201cChap\u00e9us de Vidro\u201d, que marcaram os primeiros passos na sua trajet\u00f3ria art\u00edstica, em 2001, ganham novas formas e cores. \u201cAp\u00f3s tantos anos, quis fazer a continua\u00e7\u00e3o desse tema que me fascina. Sempre gostei de chap\u00e9us e, no meu cotidiano, costumo us\u00e1-los tanto no inverno como no ver\u00e3o\u201d, conta. \u201cMinha sogra, dona Maria de Lourdes, quando mo\u00e7a tinha uma loja de chap\u00e9us chamada \u2018Casa Leonor\u2019, que ficava na Rua da Conc\u00f3rdia, hoje Rua do Patroc\u00ednio, em Porto Alegre. Gostava de ouvi-la contando como os confeccionava. Associar a cria\u00e7\u00e3o \u00e0 t\u00e9cnica do vidro-fus\u00e3o n\u00e3o \u00e9 tarefa f\u00e1cil e sempre me desafiou\u201d, reconhece a artista.<\/p>\n<p style=\"font-weight: 400\"><strong>Exposi\u00e7\u00e3o Arte e Imagina\u00e7\u00e3o \u2013 Acervo<br \/>\n<\/strong><strong>Exposi\u00e7\u00e3o Retrospectiva: Berenice Unikowsky<br \/>\n<\/strong><strong>Exposi\u00e7\u00e3o \u201cChap\u00e9us de Vidro\u201d, de Carmen Seibert<\/strong><\/p>\n<p style=\"font-weight: 400\"><strong>Galeria Duque<br \/>\nEndere\u00e7o:\u00a0<\/strong>Duque de Caxias, 649 \u2013 Porto Alegre<strong><br \/>\nPer\u00edodo da exposi\u00e7\u00e3o:\u00a0<\/strong>at\u00e9\u00a028 de fevereiro de 2026.<\/p>\n<p style=\"font-weight: 400\"><strong>Hor\u00e1rio de funcionamento:\u00a0<\/strong>Seg\/Sex: 10h \u00e0s 18h | S\u00e1b: 10h \u00e0s 17h<\/p>\n<p style=\"font-weight: 400\"><strong>Agendamento de grupos:<\/strong>\u00a0Telefone: (51) 3228-6900 ou Whatsapp: (51) 8354-1022<br \/>\n<strong>Entrada Franca<br \/>\n<\/strong>Fotos: Cl\u00e1udia R<span style=\"text-decoration: underline\">\u00fcdiger.<\/span><\/p>\n","protected":false},"excerpt":{"rendered":"<p>Quem estiver em Porto Alegre nesta temporada pode garantir uma programa\u00e7\u00e3o com arte no centro hist\u00f3rico. A Galeria Duque, que tem um dos acervos mais completos do Estado, est\u00e1 com tr\u00eas exposi\u00e7\u00f5es simult\u00e2neas. Em \u201cArte e Imagina\u00e7\u00e3o\u201d, mostra com curadoria de Daisy Viola, \u00e9 poss\u00edvel conferir obras de grandes nomes da arte como Di Cavalcanti, [&hellip;]<\/p>\n","protected":false},"author":3,"featured_media":91833,"comment_status":"closed","ping_status":"open","sticky":false,"template":"","format":"standard","meta":{"jetpack_post_was_ever_published":false,"_jetpack_newsletter_access":"","_jetpack_dont_email_post_to_subs":false,"_jetpack_newsletter_tier_id":0,"_jetpack_memberships_contains_paywalled_content":false,"_jetpack_memberships_contains_paid_content":false,"footnotes":"","jetpack_publicize_message":"","jetpack_publicize_feature_enabled":true,"jetpack_social_post_already_shared":true,"jetpack_social_options":{"image_generator_settings":{"template":"highway","default_image_id":0,"font":"","enabled":false},"version":2}},"categories":[2],"tags":[],"class_list":["post-91829","post","type-post","status-publish","format-standard","has-post-thumbnail","hentry","category-materiasecundaria"],"aioseo_notices":[],"jetpack_publicize_connections":[],"jetpack_featured_media_url":"https:\/\/www.jornalja.com.br\/cultura\/wp-content\/uploads\/sites\/2\/2026\/01\/duque-obras-de-bruno-giorgi-em-destaque-na-galeria-duque.jpg","jetpack-related-posts":[{"id":90315,"url":"https:\/\/www.jornalja.com.br\/cultura\/exposicao-da-obra-de-danubio-goncalves-celebra-os-13-anos-da-galeria-duque\/","url_meta":{"origin":91829,"position":0},"title":"Exposi\u00e7\u00e3o da obra de Dan\u00fabio Gon\u00e7alves celebra os 13 anos da Galeria Duque","author":"da Reda\u00e7\u00e3o","date":"21 de novembro de 2024","format":false,"excerpt":"Um \u00edcone que faz parte da hist\u00f3ria da arte do Rio Grande do Sul tamb\u00e9m est\u00e1 na trajet\u00f3ria da Galeria Duque. N\u00e3o por acaso, seu nome foi escolhido para celebrar os 13 anos do espa\u00e7o de arte que tem um dos acervos mais completos do Estado. \u201cDo Ateli\u00ea de Dan\u00fabio\u2026","rel":"","context":"Em &quot;Cultura-MAT\u00c9RIA&quot;","block_context":{"text":"Cultura-MAT\u00c9RIA","link":"https:\/\/www.jornalja.com.br\/cultura\/category\/materiasecundaria\/"},"img":{"alt_text":"","src":"https:\/\/i0.wp.com\/www.jornalja.com.br\/cultura\/wp-content\/uploads\/sites\/2\/2024\/11\/danubio-goncalves-com-a-filha-sandra-acervo-galeria-duque.jpeg?resize=350%2C200&ssl=1","width":350,"height":200,"srcset":"https:\/\/i0.wp.com\/www.jornalja.com.br\/cultura\/wp-content\/uploads\/sites\/2\/2024\/11\/danubio-goncalves-com-a-filha-sandra-acervo-galeria-duque.jpeg?resize=350%2C200&ssl=1 1x, https:\/\/i0.wp.com\/www.jornalja.com.br\/cultura\/wp-content\/uploads\/sites\/2\/2024\/11\/danubio-goncalves-com-a-filha-sandra-acervo-galeria-duque.jpeg?resize=525%2C300&ssl=1 1.5x, https:\/\/i0.wp.com\/www.jornalja.com.br\/cultura\/wp-content\/uploads\/sites\/2\/2024\/11\/danubio-goncalves-com-a-filha-sandra-acervo-galeria-duque.jpeg?resize=700%2C400&ssl=1 2x"},"classes":[]},{"id":89721,"url":"https:\/\/www.jornalja.com.br\/cultura\/duas-novas-mostras-na-galeria-duque-inconfundiveis-e-psicodelicas-encontro-de-singularidades\/","url_meta":{"origin":91829,"position":1},"title":"Duas novas mostras na Galeria Duque, &#8220;Inconfund\u00edveis  e Psicod\u00e9licas: Encontro de Singularidades&#8221;","author":"da Reda\u00e7\u00e3o","date":"12 de julho de 2024","format":false,"excerpt":"\u00a0 Duas novas exposi\u00e7\u00f5es abrem na Galeria Duque: Inconfund\u00edveis e Psicod\u00e9licas- Encontro de Singularidades A vernissage no pr\u00f3ximo s\u00e1bado, 13 de julho, a partir das 13h30min h. \u201cInconfund\u00edveis\u201d exp\u00f5em obras do acervo da Galeria Duque, de artistas singulares, de quem reconhecemos a assinatura mesmo que ela n\u00e3o esteja ali, expl\u00edcita.\u2026","rel":"","context":"Em &quot;Cultura-MAT\u00c9RIA&quot;","block_context":{"text":"Cultura-MAT\u00c9RIA","link":"https:\/\/www.jornalja.com.br\/cultura\/category\/materiasecundaria\/"},"img":{"alt_text":"","src":"https:\/\/i0.wp.com\/www.jornalja.com.br\/cultura\/wp-content\/uploads\/sites\/2\/2024\/07\/galeria-convite.jpg?resize=350%2C200&ssl=1","width":350,"height":200,"srcset":"https:\/\/i0.wp.com\/www.jornalja.com.br\/cultura\/wp-content\/uploads\/sites\/2\/2024\/07\/galeria-convite.jpg?resize=350%2C200&ssl=1 1x, https:\/\/i0.wp.com\/www.jornalja.com.br\/cultura\/wp-content\/uploads\/sites\/2\/2024\/07\/galeria-convite.jpg?resize=525%2C300&ssl=1 1.5x, https:\/\/i0.wp.com\/www.jornalja.com.br\/cultura\/wp-content\/uploads\/sites\/2\/2024\/07\/galeria-convite.jpg?resize=700%2C400&ssl=1 2x, https:\/\/i0.wp.com\/www.jornalja.com.br\/cultura\/wp-content\/uploads\/sites\/2\/2024\/07\/galeria-convite.jpg?resize=1050%2C600&ssl=1 3x"},"classes":[]},{"id":88709,"url":"https:\/\/www.jornalja.com.br\/cultura\/galeria-duque-homenageia-a-obra-de-clara-pechansky-liana-timm-e-rosane-morais-e-expoes-pinturas-de-nomes-consagrados\/","url_meta":{"origin":91829,"position":2},"title":"Galeria Duque homenageia a obra de Clara Pechansky, Liana Timm e Rosane Morais e exp\u00f5es pinturas de nomes consagrados","author":"Higino Barros","date":"16 de novembro de 2023","format":false,"excerpt":"\u201cLugares\u201d celebra 11 anos do espa\u00e7o e destaca produ\u00e7\u00f5es de nomes consagrados da arte como Di Cavalcanti, C\u00e2ndido Portinari, Dan\u00fabio Gon\u00e7alves, Fernando Baril, Anita Malfatti e muitos outros. As mostras \u201cDuas mulheres de fino tra\u00e7o\u201d e \u201cFios que pulsam\u201d complementam a exposi\u00e7\u00e3o, que tem vernissage no s\u00e1bado, 18 de novembro,\u2026","rel":"","context":"Em &quot;Cultura-MAT\u00c9RIA&quot;","block_context":{"text":"Cultura-MAT\u00c9RIA","link":"https:\/\/www.jornalja.com.br\/cultura\/category\/materiasecundaria\/"},"img":{"alt_text":"","src":"https:\/\/i0.wp.com\/www.jornalja.com.br\/cultura\/wp-content\/uploads\/sites\/2\/2023\/11\/duque-fernando-baril.jpg?resize=350%2C200&ssl=1","width":350,"height":200,"srcset":"https:\/\/i0.wp.com\/www.jornalja.com.br\/cultura\/wp-content\/uploads\/sites\/2\/2023\/11\/duque-fernando-baril.jpg?resize=350%2C200&ssl=1 1x, https:\/\/i0.wp.com\/www.jornalja.com.br\/cultura\/wp-content\/uploads\/sites\/2\/2023\/11\/duque-fernando-baril.jpg?resize=525%2C300&ssl=1 1.5x, https:\/\/i0.wp.com\/www.jornalja.com.br\/cultura\/wp-content\/uploads\/sites\/2\/2023\/11\/duque-fernando-baril.jpg?resize=700%2C400&ssl=1 2x, https:\/\/i0.wp.com\/www.jornalja.com.br\/cultura\/wp-content\/uploads\/sites\/2\/2023\/11\/duque-fernando-baril.jpg?resize=1050%2C600&ssl=1 3x, https:\/\/i0.wp.com\/www.jornalja.com.br\/cultura\/wp-content\/uploads\/sites\/2\/2023\/11\/duque-fernando-baril.jpg?resize=1400%2C800&ssl=1 4x"},"classes":[]},{"id":89801,"url":"https:\/\/www.jornalja.com.br\/cultura\/exposicao-van-psicodelica-somente-com-artistas-visuais-mulheres-na-galeria-duque\/","url_meta":{"origin":91829,"position":3},"title":"Exposi\u00e7\u00e3o Van Psicod\u00e9lica, somente com artistas visuais mulheres. na Galeria Duque","author":"da Reda\u00e7\u00e3o","date":"13 de agosto de 2024","format":false,"excerpt":"\u00a0 Galeria Duque recebe exposi\u00e7\u00e3o Van Psicod\u00e9lica com bate-papo com artistas nesta quarta-feira, 14 de agosto, a partir das 14h30.\u00a0 A Galeria Duque, com um dos mais completos acervos de arte do Brasil, exalta a arte produzida por mulheres ga\u00fachas com a exposi\u00e7\u00e3o \u201cVan Psicod\u00e9lica: Encontro de Singularidades\u201d. A mostra\u2026","rel":"","context":"Em &quot;Cultura-MAT\u00c9RIA&quot;","block_context":{"text":"Cultura-MAT\u00c9RIA","link":"https:\/\/www.jornalja.com.br\/cultura\/category\/materiasecundaria\/"},"img":{"alt_text":"","src":"https:\/\/i0.wp.com\/www.jornalja.com.br\/cultura\/wp-content\/uploads\/sites\/2\/2024\/08\/desvelamento-acrilica-e-oieo-sobre-tela-larissa-scavaglione.jpg?resize=350%2C200&ssl=1","width":350,"height":200,"srcset":"https:\/\/i0.wp.com\/www.jornalja.com.br\/cultura\/wp-content\/uploads\/sites\/2\/2024\/08\/desvelamento-acrilica-e-oieo-sobre-tela-larissa-scavaglione.jpg?resize=350%2C200&ssl=1 1x, https:\/\/i0.wp.com\/www.jornalja.com.br\/cultura\/wp-content\/uploads\/sites\/2\/2024\/08\/desvelamento-acrilica-e-oieo-sobre-tela-larissa-scavaglione.jpg?resize=525%2C300&ssl=1 1.5x, https:\/\/i0.wp.com\/www.jornalja.com.br\/cultura\/wp-content\/uploads\/sites\/2\/2024\/08\/desvelamento-acrilica-e-oieo-sobre-tela-larissa-scavaglione.jpg?resize=700%2C400&ssl=1 2x, https:\/\/i0.wp.com\/www.jornalja.com.br\/cultura\/wp-content\/uploads\/sites\/2\/2024\/08\/desvelamento-acrilica-e-oieo-sobre-tela-larissa-scavaglione.jpg?resize=1050%2C600&ssl=1 3x, https:\/\/i0.wp.com\/www.jornalja.com.br\/cultura\/wp-content\/uploads\/sites\/2\/2024\/08\/desvelamento-acrilica-e-oieo-sobre-tela-larissa-scavaglione.jpg?resize=1400%2C800&ssl=1 4x"},"classes":[]},{"id":76529,"url":"https:\/\/www.jornalja.com.br\/cultura\/diversos-e-grandes-tons-da-arte-brasileira-em-exposicao-na-galeria-duque\/","url_meta":{"origin":91829,"position":4},"title":"Diversos (e grandes) tons da arte brasileira em exposi\u00e7\u00e3o, na Galeria Duque","author":"da Reda\u00e7\u00e3o","date":"20 de agosto de 2019","format":false,"excerpt":"\u00a0 Grandes nomes da arte brasileira e os novos talentos reunidos em um \u00fanico espa\u00e7o. A Galeria Duque inaugura na sexta-feira, 23, das 17h30 \u00e0s 19h30, a exposi\u00e7\u00e3o \u201cCor, ou n\u00e3o?\u201d, com curadoria de Daisy Viola. Al\u00e9m das obras de acervo de c\u00e9lebres talentos da da arte nacional, a Galeria\u2026","rel":"","context":"Em &quot;Cultura-MAT\u00c9RIA&quot;","block_context":{"text":"Cultura-MAT\u00c9RIA","link":"https:\/\/www.jornalja.com.br\/cultura\/category\/materiasecundaria\/"},"img":{"alt_text":"","src":"https:\/\/i0.wp.com\/www.jornalja.com.br\/wp-content\/uploads\/2019\/08\/arte-duque-Frank-Stella-2-440x450.jpg?resize=350%2C200&ssl=1","width":350,"height":200},"classes":[]},{"id":83085,"url":"https:\/\/www.jornalja.com.br\/cultura\/a-arte-de-63-artistas-visuais-e-do-acervo-da-galeria-duque-em-duas-exposicoes\/","url_meta":{"origin":91829,"position":5},"title":"\u00a0A arte de 63 artistas visuais e do acervo da Galeria Duque, em duas exposi\u00e7\u00f5es.","author":"da Reda\u00e7\u00e3o","date":"20 de novembro de 2020","format":false,"excerpt":"A altera\u00e7\u00e3o da vida pela pandemia \u00e9 o tema da mostra Instantes no Tempo, que tem abertura neste s\u00e1bado (21\/11), das 11 \u00e0s 17h, na Galeria Duque. Com curadoria de Ana Zavadil, re\u00fane 63 artistas, a grande maioria mulheres. Paralelamente, com curadoria de Daisy Viola, a Duque comemora oito anos\u2026","rel":"","context":"Em &quot;Cultura-MAT\u00c9RIA&quot;","block_context":{"text":"Cultura-MAT\u00c9RIA","link":"https:\/\/www.jornalja.com.br\/cultura\/category\/materiasecundaria\/"},"img":{"alt_text":"","src":"https:\/\/i0.wp.com\/www.jornalja.com.br\/cultura\/wp-content\/uploads\/sites\/2\/2020\/11\/exposicao-duque-simone-bernardi-scaled.jpg?resize=350%2C200&ssl=1","width":350,"height":200,"srcset":"https:\/\/i0.wp.com\/www.jornalja.com.br\/cultura\/wp-content\/uploads\/sites\/2\/2020\/11\/exposicao-duque-simone-bernardi-scaled.jpg?resize=350%2C200&ssl=1 1x, https:\/\/i0.wp.com\/www.jornalja.com.br\/cultura\/wp-content\/uploads\/sites\/2\/2020\/11\/exposicao-duque-simone-bernardi-scaled.jpg?resize=525%2C300&ssl=1 1.5x, https:\/\/i0.wp.com\/www.jornalja.com.br\/cultura\/wp-content\/uploads\/sites\/2\/2020\/11\/exposicao-duque-simone-bernardi-scaled.jpg?resize=700%2C400&ssl=1 2x, https:\/\/i0.wp.com\/www.jornalja.com.br\/cultura\/wp-content\/uploads\/sites\/2\/2020\/11\/exposicao-duque-simone-bernardi-scaled.jpg?resize=1050%2C600&ssl=1 3x, https:\/\/i0.wp.com\/www.jornalja.com.br\/cultura\/wp-content\/uploads\/sites\/2\/2020\/11\/exposicao-duque-simone-bernardi-scaled.jpg?resize=1400%2C800&ssl=1 4x"},"classes":[]}],"jetpack_shortlink":"https:\/\/wp.me\/pbKnZc-nT7","jetpack_sharing_enabled":true,"_links":{"self":[{"href":"https:\/\/www.jornalja.com.br\/cultura\/wp-json\/wp\/v2\/posts\/91829","targetHints":{"allow":["GET"]}}],"collection":[{"href":"https:\/\/www.jornalja.com.br\/cultura\/wp-json\/wp\/v2\/posts"}],"about":[{"href":"https:\/\/www.jornalja.com.br\/cultura\/wp-json\/wp\/v2\/types\/post"}],"author":[{"embeddable":true,"href":"https:\/\/www.jornalja.com.br\/cultura\/wp-json\/wp\/v2\/users\/3"}],"replies":[{"embeddable":true,"href":"https:\/\/www.jornalja.com.br\/cultura\/wp-json\/wp\/v2\/comments?post=91829"}],"version-history":[{"count":4,"href":"https:\/\/www.jornalja.com.br\/cultura\/wp-json\/wp\/v2\/posts\/91829\/revisions"}],"predecessor-version":[{"id":91840,"href":"https:\/\/www.jornalja.com.br\/cultura\/wp-json\/wp\/v2\/posts\/91829\/revisions\/91840"}],"wp:featuredmedia":[{"embeddable":true,"href":"https:\/\/www.jornalja.com.br\/cultura\/wp-json\/wp\/v2\/media\/91833"}],"wp:attachment":[{"href":"https:\/\/www.jornalja.com.br\/cultura\/wp-json\/wp\/v2\/media?parent=91829"}],"wp:term":[{"taxonomy":"category","embeddable":true,"href":"https:\/\/www.jornalja.com.br\/cultura\/wp-json\/wp\/v2\/categories?post=91829"},{"taxonomy":"post_tag","embeddable":true,"href":"https:\/\/www.jornalja.com.br\/cultura\/wp-json\/wp\/v2\/tags?post=91829"}],"curies":[{"name":"wp","href":"https:\/\/api.w.org\/{rel}","templated":true}]}}