{"id":91852,"date":"2026-01-22T16:07:51","date_gmt":"2026-01-22T19:07:51","guid":{"rendered":"https:\/\/www.jornalja.com.br\/cultura\/?p=91852"},"modified":"2026-01-22T16:07:51","modified_gmt":"2026-01-22T19:07:51","slug":"passeios-com-o-memorial-do-mp-rs-a-praca-da-matriz-e-o-positivismo","status":"publish","type":"post","link":"https:\/\/www.jornalja.com.br\/cultura\/passeios-com-o-memorial-do-mp-rs-a-praca-da-matriz-e-o-positivismo\/","title":{"rendered":"Passeios com o Memorial do MP-RS: &#8220;A Pra\u00e7a da Matriz e o Positivismo&#8221;"},"content":{"rendered":"<div dir=\"auto\"><\/div>\n<div dir=\"auto\">O Memorial do Minist\u00e9rio P\u00fablico do RS realiza nesse s\u00e1bado, 24 de janeiro, a continua\u00e7\u00e3o das caminhadas orientadas pelo professor Jos\u00e9 Francisco Alves, pesquisador e autor do livro \u201cA Escultura P\u00fablica de Porto Alegre\u201d (2022).<\/div>\n<div dir=\"auto\"><\/div>\n<div dir=\"auto\">O novo roteiro de Passeios com o Memorial vai tratar de duas importantes obras do nosso patrim\u00f4nio Cultural, o *Monumento a J\u00falio de Castilhos* (1913) e a *Biblioteca P\u00fablica do Estado* (1912-1922).<\/div>\n<div dir=\"auto\">\u2022 *24 de janeiro*, S\u00e1bado,<\/div>\n<div dir=\"auto\">\u2022 Encontro \u00e0s *10h*, no Memorial do MP-RS, Pra\u00e7a da Matriz, 110<\/div>\n<div dir=\"auto\">\u2022 Inscri\u00e7\u00f5es gratuitas realizadas pelo WhatsApp *(51) 99731-7119*<\/div>\n<div dir=\"auto\">\u2022 Vagas limitadas<\/div>\n<div dir=\"auto\"><img decoding=\"async\" data-attachment-id=\"91855\" data-permalink=\"https:\/\/www.jornalja.com.br\/cultura\/passeios-com-o-memorial-do-mp-rs-a-praca-da-matriz-e-o-positivismo\/praca-img-20260122-wa0004\/\" data-orig-file=\"https:\/\/www.jornalja.com.br\/cultura\/wp-content\/uploads\/sites\/2\/2026\/01\/praca-img-20260122-wa0004.jpg\" data-orig-size=\"1600,1600\" data-comments-opened=\"0\" data-image-meta=\"{&quot;aperture&quot;:&quot;0&quot;,&quot;credit&quot;:&quot;&quot;,&quot;camera&quot;:&quot;&quot;,&quot;caption&quot;:&quot;&quot;,&quot;created_timestamp&quot;:&quot;0&quot;,&quot;copyright&quot;:&quot;&quot;,&quot;focal_length&quot;:&quot;0&quot;,&quot;iso&quot;:&quot;0&quot;,&quot;shutter_speed&quot;:&quot;0&quot;,&quot;title&quot;:&quot;&quot;,&quot;orientation&quot;:&quot;0&quot;}\" data-image-title=\"pra\u00e7a IMG-20260122-WA0004\" data-image-description=\"\" data-image-caption=\"\" data-large-file=\"https:\/\/www.jornalja.com.br\/cultura\/wp-content\/uploads\/sites\/2\/2026\/01\/praca-img-20260122-wa0004-1024x1024.jpg\" class=\"alignnone size-medium wp-image-91855\" src=\"https:\/\/www.jornalja.com.br\/cultura\/wp-content\/uploads\/sites\/2\/2026\/01\/praca-img-20260122-wa0004-300x300.jpg\" alt=\"\" width=\"300\" height=\"300\" srcset=\"https:\/\/www.jornalja.com.br\/cultura\/wp-content\/uploads\/sites\/2\/2026\/01\/praca-img-20260122-wa0004-300x300.jpg 300w, https:\/\/www.jornalja.com.br\/cultura\/wp-content\/uploads\/sites\/2\/2026\/01\/praca-img-20260122-wa0004-1024x1024.jpg 1024w, https:\/\/www.jornalja.com.br\/cultura\/wp-content\/uploads\/sites\/2\/2026\/01\/praca-img-20260122-wa0004-150x150.jpg 150w, https:\/\/www.jornalja.com.br\/cultura\/wp-content\/uploads\/sites\/2\/2026\/01\/praca-img-20260122-wa0004-768x768.jpg 768w, https:\/\/www.jornalja.com.br\/cultura\/wp-content\/uploads\/sites\/2\/2026\/01\/praca-img-20260122-wa0004-1536x1536.jpg 1536w, https:\/\/www.jornalja.com.br\/cultura\/wp-content\/uploads\/sites\/2\/2026\/01\/praca-img-20260122-wa0004-1200x1200.jpg 1200w, https:\/\/www.jornalja.com.br\/cultura\/wp-content\/uploads\/sites\/2\/2026\/01\/praca-img-20260122-wa0004.jpg 1600w\" sizes=\"(max-width: 300px) 100vw, 300px\" \/><\/div>\n<div dir=\"auto\">O Monumento a J\u00falio de Castilhos, em seu tempo considerado um dos pais fundadores da Rep\u00fablica, foi encomendado logo ap\u00f3s a sua morte, em 1903. Para execut\u00e1-lo, o governo do estado contratou o escultor e pintor D\u00e9cio Villares, do Rio de Janeiro, sendo os bronzes modelados e fundidos na Fran\u00e7a. Constitui-se em um dos principais monumentos a pol\u00edticos brasileiros.<\/div>\n<div dir=\"auto\">\n<figure id=\"attachment_91853\" aria-describedby=\"caption-attachment-91853\" style=\"width: 300px\" class=\"wp-caption alignnone\"><img decoding=\"async\" data-attachment-id=\"91853\" data-permalink=\"https:\/\/www.jornalja.com.br\/cultura\/passeios-com-o-memorial-do-mp-rs-a-praca-da-matriz-e-o-positivismo\/praca-img-20260122-wa0002\/\" data-orig-file=\"https:\/\/www.jornalja.com.br\/cultura\/wp-content\/uploads\/sites\/2\/2026\/01\/praca-img-20260122-wa0002.jpg\" data-orig-size=\"1600,1600\" data-comments-opened=\"0\" data-image-meta=\"{&quot;aperture&quot;:&quot;0&quot;,&quot;credit&quot;:&quot;&quot;,&quot;camera&quot;:&quot;&quot;,&quot;caption&quot;:&quot;&quot;,&quot;created_timestamp&quot;:&quot;0&quot;,&quot;copyright&quot;:&quot;&quot;,&quot;focal_length&quot;:&quot;0&quot;,&quot;iso&quot;:&quot;0&quot;,&quot;shutter_speed&quot;:&quot;0&quot;,&quot;title&quot;:&quot;&quot;,&quot;orientation&quot;:&quot;0&quot;}\" data-image-title=\"pra\u00e7a IMG-20260122-WA0002\" data-image-description=\"\" data-image-caption=\"&lt;p&gt;Divulga\u00e7\u00e3o&lt;\/p&gt;\n\" data-large-file=\"https:\/\/www.jornalja.com.br\/cultura\/wp-content\/uploads\/sites\/2\/2026\/01\/praca-img-20260122-wa0002-1024x1024.jpg\" class=\"size-medium wp-image-91853\" src=\"https:\/\/www.jornalja.com.br\/cultura\/wp-content\/uploads\/sites\/2\/2026\/01\/praca-img-20260122-wa0002-300x300.jpg\" alt=\"\" width=\"300\" height=\"300\" srcset=\"https:\/\/www.jornalja.com.br\/cultura\/wp-content\/uploads\/sites\/2\/2026\/01\/praca-img-20260122-wa0002-300x300.jpg 300w, https:\/\/www.jornalja.com.br\/cultura\/wp-content\/uploads\/sites\/2\/2026\/01\/praca-img-20260122-wa0002-1024x1024.jpg 1024w, https:\/\/www.jornalja.com.br\/cultura\/wp-content\/uploads\/sites\/2\/2026\/01\/praca-img-20260122-wa0002-150x150.jpg 150w, https:\/\/www.jornalja.com.br\/cultura\/wp-content\/uploads\/sites\/2\/2026\/01\/praca-img-20260122-wa0002-768x768.jpg 768w, https:\/\/www.jornalja.com.br\/cultura\/wp-content\/uploads\/sites\/2\/2026\/01\/praca-img-20260122-wa0002-1536x1536.jpg 1536w, https:\/\/www.jornalja.com.br\/cultura\/wp-content\/uploads\/sites\/2\/2026\/01\/praca-img-20260122-wa0002-1200x1200.jpg 1200w, https:\/\/www.jornalja.com.br\/cultura\/wp-content\/uploads\/sites\/2\/2026\/01\/praca-img-20260122-wa0002.jpg 1600w\" sizes=\"(max-width: 300px) 100vw, 300px\" \/><figcaption id=\"caption-attachment-91853\" class=\"wp-caption-text\">Divulga\u00e7\u00e3o<\/figcaption><\/figure>\n<\/div>\n<div dir=\"auto\">A Biblioteca Publica do Estado \u00e9 um dos mais interessantes pal\u00e1cios das belas artes (arquitetura, escultura e pintura) do Rio Grande do Sul. Foi constru\u00eddo em dois momentos, sendo a primeira parte conclu\u00edda em 1912; a segunda, em 1922. A sua fachada \u00e9 a \u00fanica do mundo, destacando uma vis\u00e3o de mundo muito particular, o calend\u00e1rio positivista, fazendo de um pr\u00e9dio laico (Biblioteca) e p\u00fablico um ve\u00edculo de propaganda do poder, ent\u00e3o empolgado pelo Partido Republicano Rio-grandense, identificado com teses e com o jarg\u00e3o Positivista, corrente sociol\u00f3gica concebida por Augusto Comte.<\/div>\n<div dir=\"auto\"><img decoding=\"async\" data-attachment-id=\"91856\" data-permalink=\"https:\/\/www.jornalja.com.br\/cultura\/passeios-com-o-memorial-do-mp-rs-a-praca-da-matriz-e-o-positivismo\/praca-img-20260122-wa0005\/\" data-orig-file=\"https:\/\/www.jornalja.com.br\/cultura\/wp-content\/uploads\/sites\/2\/2026\/01\/praca-img-20260122-wa0005.jpg\" data-orig-size=\"1600,1600\" data-comments-opened=\"0\" data-image-meta=\"{&quot;aperture&quot;:&quot;0&quot;,&quot;credit&quot;:&quot;&quot;,&quot;camera&quot;:&quot;&quot;,&quot;caption&quot;:&quot;&quot;,&quot;created_timestamp&quot;:&quot;0&quot;,&quot;copyright&quot;:&quot;&quot;,&quot;focal_length&quot;:&quot;0&quot;,&quot;iso&quot;:&quot;0&quot;,&quot;shutter_speed&quot;:&quot;0&quot;,&quot;title&quot;:&quot;&quot;,&quot;orientation&quot;:&quot;0&quot;}\" data-image-title=\"pra\u00e7a IMG-20260122-WA0005\" data-image-description=\"\" data-image-caption=\"\" data-large-file=\"https:\/\/www.jornalja.com.br\/cultura\/wp-content\/uploads\/sites\/2\/2026\/01\/praca-img-20260122-wa0005-1024x1024.jpg\" class=\"alignnone size-medium wp-image-91856\" src=\"https:\/\/www.jornalja.com.br\/cultura\/wp-content\/uploads\/sites\/2\/2026\/01\/praca-img-20260122-wa0005-300x300.jpg\" alt=\"\" width=\"300\" height=\"300\" srcset=\"https:\/\/www.jornalja.com.br\/cultura\/wp-content\/uploads\/sites\/2\/2026\/01\/praca-img-20260122-wa0005-300x300.jpg 300w, https:\/\/www.jornalja.com.br\/cultura\/wp-content\/uploads\/sites\/2\/2026\/01\/praca-img-20260122-wa0005-1024x1024.jpg 1024w, https:\/\/www.jornalja.com.br\/cultura\/wp-content\/uploads\/sites\/2\/2026\/01\/praca-img-20260122-wa0005-150x150.jpg 150w, https:\/\/www.jornalja.com.br\/cultura\/wp-content\/uploads\/sites\/2\/2026\/01\/praca-img-20260122-wa0005-768x768.jpg 768w, https:\/\/www.jornalja.com.br\/cultura\/wp-content\/uploads\/sites\/2\/2026\/01\/praca-img-20260122-wa0005-1536x1536.jpg 1536w, https:\/\/www.jornalja.com.br\/cultura\/wp-content\/uploads\/sites\/2\/2026\/01\/praca-img-20260122-wa0005-1200x1200.jpg 1200w, https:\/\/www.jornalja.com.br\/cultura\/wp-content\/uploads\/sites\/2\/2026\/01\/praca-img-20260122-wa0005.jpg 1600w\" sizes=\"(max-width: 300px) 100vw, 300px\" \/><\/div>\n","protected":false},"excerpt":{"rendered":"<p>O Memorial do Minist\u00e9rio P\u00fablico do RS realiza nesse s\u00e1bado, 24 de janeiro, a continua\u00e7\u00e3o das caminhadas orientadas pelo professor Jos\u00e9 Francisco Alves, pesquisador e autor do livro \u201cA Escultura P\u00fablica de Porto Alegre\u201d (2022). O novo roteiro de Passeios com o Memorial vai tratar de duas importantes obras do nosso patrim\u00f4nio Cultural, o *Monumento [&hellip;]<\/p>\n","protected":false},"author":4,"featured_media":91854,"comment_status":"closed","ping_status":"open","sticky":false,"template":"","format":"standard","meta":{"jetpack_post_was_ever_published":false,"_jetpack_newsletter_access":"","_jetpack_dont_email_post_to_subs":false,"_jetpack_newsletter_tier_id":0,"_jetpack_memberships_contains_paywalled_content":false,"_jetpack_memberships_contains_paid_content":false,"footnotes":"","jetpack_publicize_message":"","jetpack_publicize_feature_enabled":true,"jetpack_social_post_already_shared":true,"jetpack_social_options":{"image_generator_settings":{"template":"highway","default_image_id":0,"font":"","enabled":false},"version":2}},"categories":[2],"tags":[],"class_list":["post-91852","post","type-post","status-publish","format-standard","has-post-thumbnail","hentry","category-materiasecundaria"],"aioseo_notices":[],"jetpack_publicize_connections":[],"jetpack_featured_media_url":"https:\/\/www.jornalja.com.br\/cultura\/wp-content\/uploads\/sites\/2\/2026\/01\/praca-img-20260122-wa0003.jpg","jetpack-related-posts":[{"id":91133,"url":"https:\/\/www.jornalja.com.br\/cultura\/em-reforma-museu-julio-de-castilhos-vai-ao-publico-com-exposicoes-itinerantes\/","url_meta":{"origin":91852,"position":0},"title":"Em reforma, Museu Julio de Castilhos vai ao p\u00fablico com exposi\u00e7\u00f5es itinerantes","author":"da Reda\u00e7\u00e3o","date":"30 de junho de 2025","format":false,"excerpt":"Mesmo com o pr\u00e9dio-sede fechado para obras de restauro e amplia\u00e7\u00e3o, o Museu de Hist\u00f3ria J\u00falio de Castilhos (MHJC), mant\u00e9m plena atividade no segundo semestre de 2025. De julho a setembro, a agenda itinerante inclui exposi\u00e7\u00f5es, a\u00e7\u00f5es educativas em escolas e parcerias institucionais, reafirmando seu compromisso com a preserva\u00e7\u00e3o, a\u2026","rel":"","context":"Em &quot;Cultura-MAT\u00c9RIA&quot;","block_context":{"text":"Cultura-MAT\u00c9RIA","link":"https:\/\/www.jornalja.com.br\/cultura\/category\/materiasecundaria\/"},"img":{"alt_text":"","src":"https:\/\/i0.wp.com\/www.jornalja.com.br\/cultura\/wp-content\/uploads\/sites\/2\/2025\/06\/museu-vai-ao-publico.jpg?resize=350%2C200&ssl=1","width":350,"height":200,"srcset":"https:\/\/i0.wp.com\/www.jornalja.com.br\/cultura\/wp-content\/uploads\/sites\/2\/2025\/06\/museu-vai-ao-publico.jpg?resize=350%2C200&ssl=1 1x, https:\/\/i0.wp.com\/www.jornalja.com.br\/cultura\/wp-content\/uploads\/sites\/2\/2025\/06\/museu-vai-ao-publico.jpg?resize=525%2C300&ssl=1 1.5x, https:\/\/i0.wp.com\/www.jornalja.com.br\/cultura\/wp-content\/uploads\/sites\/2\/2025\/06\/museu-vai-ao-publico.jpg?resize=700%2C400&ssl=1 2x, https:\/\/i0.wp.com\/www.jornalja.com.br\/cultura\/wp-content\/uploads\/sites\/2\/2025\/06\/museu-vai-ao-publico.jpg?resize=1050%2C600&ssl=1 3x, https:\/\/i0.wp.com\/www.jornalja.com.br\/cultura\/wp-content\/uploads\/sites\/2\/2025\/06\/museu-vai-ao-publico.jpg?resize=1400%2C800&ssl=1 4x"},"classes":[]},{"id":90967,"url":"https:\/\/www.jornalja.com.br\/cultura\/a-carne-o-estetico-e-o-conceitual-do-corpo-humano-nas-fotos-de-gilberto-perin\/","url_meta":{"origin":91852,"position":1},"title":"&#8220;A Carne &#8220;: o est\u00e9tico e o conceitual do corpo humano, nas fotos de Gilberto Perin","author":"da Reda\u00e7\u00e3o","date":"2 de maio de 2025","format":false,"excerpt":"Localizado no Centro Hist\u00f3rico de Porto Alegre, o Espa\u00e7o Cultural do Hotel Pra\u00e7a da Matriz (HPM) hospeda de 6 de maio a 2 de junho a exposi\u00e7\u00e3o \u201cA Carne\u201d, com 20 imagens in\u00e9ditas e novos recortes de trabalhos j\u00e1 apresentados pelo fot\u00f3grafo ga\u00facho Gilberto Perin. A mostra tem abertura \u00e0s\u2026","rel":"","context":"Em &quot;Cultura-MAT\u00c9RIA&quot;","block_context":{"text":"Cultura-MAT\u00c9RIA","link":"https:\/\/www.jornalja.com.br\/cultura\/category\/materiasecundaria\/"},"img":{"alt_text":"","src":"https:\/\/i0.wp.com\/www.jornalja.com.br\/cultura\/wp-content\/uploads\/sites\/2\/2025\/05\/exposicao-a-carne-foto-gilberto-perin-2.jpg?resize=350%2C200&ssl=1","width":350,"height":200,"srcset":"https:\/\/i0.wp.com\/www.jornalja.com.br\/cultura\/wp-content\/uploads\/sites\/2\/2025\/05\/exposicao-a-carne-foto-gilberto-perin-2.jpg?resize=350%2C200&ssl=1 1x, https:\/\/i0.wp.com\/www.jornalja.com.br\/cultura\/wp-content\/uploads\/sites\/2\/2025\/05\/exposicao-a-carne-foto-gilberto-perin-2.jpg?resize=525%2C300&ssl=1 1.5x, https:\/\/i0.wp.com\/www.jornalja.com.br\/cultura\/wp-content\/uploads\/sites\/2\/2025\/05\/exposicao-a-carne-foto-gilberto-perin-2.jpg?resize=700%2C400&ssl=1 2x, https:\/\/i0.wp.com\/www.jornalja.com.br\/cultura\/wp-content\/uploads\/sites\/2\/2025\/05\/exposicao-a-carne-foto-gilberto-perin-2.jpg?resize=1050%2C600&ssl=1 3x, https:\/\/i0.wp.com\/www.jornalja.com.br\/cultura\/wp-content\/uploads\/sites\/2\/2025\/05\/exposicao-a-carne-foto-gilberto-perin-2.jpg?resize=1400%2C800&ssl=1 4x"},"classes":[]},{"id":81765,"url":"https:\/\/www.jornalja.com.br\/cultura\/instituicoes-culturais-publicas-do-estado-fecham-para-conter-o-covid-19\/","url_meta":{"origin":91852,"position":2},"title":"Institui\u00e7\u00f5es culturais p\u00fablicas do Estado fecham para conter o virus","author":"Patr\u00edcia Marini","date":"17 de mar\u00e7o de 2020","format":false,"excerpt":"A Secretaria de Estado da Cultura informa que a partir desta quarta-feira (18\/03\/2020) estar\u00e3o suspensas todas as atividades nas 22 institui\u00e7\u00f5es culturais da rede estadual, pelo per\u00edodo de duas semanas, que poder\u00e1 ser prorrogado em caso de necessidade. A medida foi tomada para minimizar a aglomera\u00e7\u00e3o de pessoas em locais\u2026","rel":"","context":"Em &quot;Cultura-MAT\u00c9RIA&quot;","block_context":{"text":"Cultura-MAT\u00c9RIA","link":"https:\/\/www.jornalja.com.br\/cultura\/category\/materiasecundaria\/"},"img":{"alt_text":"","src":"https:\/\/i0.wp.com\/www.jornalja.com.br\/cultura\/wp-content\/uploads\/sites\/2\/2020\/03\/margs-vazio.jpg?resize=350%2C200&ssl=1","width":350,"height":200},"classes":[]},{"id":91323,"url":"https:\/\/www.jornalja.com.br\/cultura\/doenca-de-alzheimer-e-tema-de-exposicao-da-artista-visual-graca-craidy\/","url_meta":{"origin":91852,"position":3},"title":"Doen\u00e7a de Alzheimer \u00e9 tema de exposi\u00e7\u00e3o da artista visual Gra\u00e7a Craidy","author":"Higino Barros","date":"28 de agosto de 2025","format":false,"excerpt":"Mostra da artista visual ga\u00facha ser\u00e1 aberta ter\u00e7a-feira, 2 de setembro, m\u00eas mundial de conscientiza\u00e7\u00e3o sobre esse transtorno neurodegenerativo, no Memorial do MPRS A exposi\u00e7\u00e3o \"Saudade de mim - ensaio sobre a mem\u00f3ria,\" da artista visual Gra\u00e7a Craidy, apresenta 20 pinturas que abordam poeticamente as altera\u00e7\u00f5es de mem\u00f3ria causadas pela\u2026","rel":"","context":"Em &quot;Cultura-MAT\u00c9RIA&quot;","block_context":{"text":"Cultura-MAT\u00c9RIA","link":"https:\/\/www.jornalja.com.br\/cultura\/category\/materiasecundaria\/"},"img":{"alt_text":"","src":"https:\/\/i0.wp.com\/www.jornalja.com.br\/cultura\/wp-content\/uploads\/sites\/2\/2025\/08\/graca-saudade-da-infancia-scaled.jpg?resize=350%2C200&ssl=1","width":350,"height":200,"srcset":"https:\/\/i0.wp.com\/www.jornalja.com.br\/cultura\/wp-content\/uploads\/sites\/2\/2025\/08\/graca-saudade-da-infancia-scaled.jpg?resize=350%2C200&ssl=1 1x, https:\/\/i0.wp.com\/www.jornalja.com.br\/cultura\/wp-content\/uploads\/sites\/2\/2025\/08\/graca-saudade-da-infancia-scaled.jpg?resize=525%2C300&ssl=1 1.5x, https:\/\/i0.wp.com\/www.jornalja.com.br\/cultura\/wp-content\/uploads\/sites\/2\/2025\/08\/graca-saudade-da-infancia-scaled.jpg?resize=700%2C400&ssl=1 2x, https:\/\/i0.wp.com\/www.jornalja.com.br\/cultura\/wp-content\/uploads\/sites\/2\/2025\/08\/graca-saudade-da-infancia-scaled.jpg?resize=1050%2C600&ssl=1 3x, https:\/\/i0.wp.com\/www.jornalja.com.br\/cultura\/wp-content\/uploads\/sites\/2\/2025\/08\/graca-saudade-da-infancia-scaled.jpg?resize=1400%2C800&ssl=1 4x"},"classes":[]},{"id":88977,"url":"https:\/\/www.jornalja.com.br\/cultura\/memorial-da-ospa-e-nova-opcao-de-passeio-cultural-em-porto-alegre\/","url_meta":{"origin":91852,"position":4},"title":"Memorial da OSPA \u00e9 nova op\u00e7\u00e3o de passeio cultural em Porto Alegre","author":"da Reda\u00e7\u00e3o","date":"12 de janeiro de 2024","format":false,"excerpt":"\u00a0 Com entrada gratuita, o espa\u00e7o conta a hist\u00f3ria de sete d\u00e9cadas da Orquestra. No\u00a0Memorial da OSPA, o p\u00fablico pode conhecer a fundo a hist\u00f3ria de uma das mais longevas orquestras do Brasil, a\u00a0Orquestra Sinf\u00f4nica de Porto Alegre (OSPA)\u00a0\u2013 funda\u00e7\u00e3o vinculada \u00e0 Secretaria de Estado da Cultura (Sedac-RS). Inaugurado em\u2026","rel":"","context":"Em &quot;Cultura-MAT\u00c9RIA&quot;","block_context":{"text":"Cultura-MAT\u00c9RIA","link":"https:\/\/www.jornalja.com.br\/cultura\/category\/materiasecundaria\/"},"img":{"alt_text":"","src":"https:\/\/i0.wp.com\/www.jornalja.com.br\/cultura\/wp-content\/uploads\/sites\/2\/2024\/01\/visita-guiada-ao-memorial-da-ospa-francisco-medeiros-divulgacao-ospa-scaled.jpg?resize=350%2C200&ssl=1","width":350,"height":200,"srcset":"https:\/\/i0.wp.com\/www.jornalja.com.br\/cultura\/wp-content\/uploads\/sites\/2\/2024\/01\/visita-guiada-ao-memorial-da-ospa-francisco-medeiros-divulgacao-ospa-scaled.jpg?resize=350%2C200&ssl=1 1x, https:\/\/i0.wp.com\/www.jornalja.com.br\/cultura\/wp-content\/uploads\/sites\/2\/2024\/01\/visita-guiada-ao-memorial-da-ospa-francisco-medeiros-divulgacao-ospa-scaled.jpg?resize=525%2C300&ssl=1 1.5x, https:\/\/i0.wp.com\/www.jornalja.com.br\/cultura\/wp-content\/uploads\/sites\/2\/2024\/01\/visita-guiada-ao-memorial-da-ospa-francisco-medeiros-divulgacao-ospa-scaled.jpg?resize=700%2C400&ssl=1 2x, https:\/\/i0.wp.com\/www.jornalja.com.br\/cultura\/wp-content\/uploads\/sites\/2\/2024\/01\/visita-guiada-ao-memorial-da-ospa-francisco-medeiros-divulgacao-ospa-scaled.jpg?resize=1050%2C600&ssl=1 3x, https:\/\/i0.wp.com\/www.jornalja.com.br\/cultura\/wp-content\/uploads\/sites\/2\/2024\/01\/visita-guiada-ao-memorial-da-ospa-francisco-medeiros-divulgacao-ospa-scaled.jpg?resize=1400%2C800&ssl=1 4x"},"classes":[]},{"id":90698,"url":"https:\/\/www.jornalja.com.br\/cultura\/obra-de-r-66-milhoes-governo-federal-financia-reforma-do-memorial-do-rio-grande-do-sul\/","url_meta":{"origin":91852,"position":5},"title":"Obra de R$ 6,6 milh\u00f5es: Governo Federal financia reforma do Memorial do Rio Grande do Sul","author":"da Reda\u00e7\u00e3o","date":"8 de mar\u00e7o de 2025","format":false,"excerpt":"Come\u00e7am em uma semana as obras de restaura\u00e7\u00e3o do Memorial do Rio Grande do Sul, pr\u00e9dio hist\u00f3rico localizado na Pra\u00e7a da Alf\u00e2ndega,\u00a0 no centro de Porto Alegre. Um evento na segunda feira, 17\/03, \u00e0s 11h, vai marcar o in\u00edcio dos trabalhos, com a presen\u00e7a do superintendente do IPHAN, Raphael Passos;\u00a0\u2026","rel":"","context":"Em &quot;Cultura-MAT\u00c9RIA&quot;","block_context":{"text":"Cultura-MAT\u00c9RIA","link":"https:\/\/www.jornalja.com.br\/cultura\/category\/materiasecundaria\/"},"img":{"alt_text":"","src":"https:\/\/i0.wp.com\/www.jornalja.com.br\/cultura\/wp-content\/uploads\/sites\/2\/2025\/03\/memorial-do-rs-credito-solange-brum-3-ascom-sedac-scaled.jpg?resize=350%2C200&ssl=1","width":350,"height":200,"srcset":"https:\/\/i0.wp.com\/www.jornalja.com.br\/cultura\/wp-content\/uploads\/sites\/2\/2025\/03\/memorial-do-rs-credito-solange-brum-3-ascom-sedac-scaled.jpg?resize=350%2C200&ssl=1 1x, https:\/\/i0.wp.com\/www.jornalja.com.br\/cultura\/wp-content\/uploads\/sites\/2\/2025\/03\/memorial-do-rs-credito-solange-brum-3-ascom-sedac-scaled.jpg?resize=525%2C300&ssl=1 1.5x, https:\/\/i0.wp.com\/www.jornalja.com.br\/cultura\/wp-content\/uploads\/sites\/2\/2025\/03\/memorial-do-rs-credito-solange-brum-3-ascom-sedac-scaled.jpg?resize=700%2C400&ssl=1 2x, https:\/\/i0.wp.com\/www.jornalja.com.br\/cultura\/wp-content\/uploads\/sites\/2\/2025\/03\/memorial-do-rs-credito-solange-brum-3-ascom-sedac-scaled.jpg?resize=1050%2C600&ssl=1 3x, https:\/\/i0.wp.com\/www.jornalja.com.br\/cultura\/wp-content\/uploads\/sites\/2\/2025\/03\/memorial-do-rs-credito-solange-brum-3-ascom-sedac-scaled.jpg?resize=1400%2C800&ssl=1 4x"},"classes":[]}],"jetpack_shortlink":"https:\/\/wp.me\/pbKnZc-nTu","jetpack_sharing_enabled":true,"_links":{"self":[{"href":"https:\/\/www.jornalja.com.br\/cultura\/wp-json\/wp\/v2\/posts\/91852","targetHints":{"allow":["GET"]}}],"collection":[{"href":"https:\/\/www.jornalja.com.br\/cultura\/wp-json\/wp\/v2\/posts"}],"about":[{"href":"https:\/\/www.jornalja.com.br\/cultura\/wp-json\/wp\/v2\/types\/post"}],"author":[{"embeddable":true,"href":"https:\/\/www.jornalja.com.br\/cultura\/wp-json\/wp\/v2\/users\/4"}],"replies":[{"embeddable":true,"href":"https:\/\/www.jornalja.com.br\/cultura\/wp-json\/wp\/v2\/comments?post=91852"}],"version-history":[{"count":1,"href":"https:\/\/www.jornalja.com.br\/cultura\/wp-json\/wp\/v2\/posts\/91852\/revisions"}],"predecessor-version":[{"id":91857,"href":"https:\/\/www.jornalja.com.br\/cultura\/wp-json\/wp\/v2\/posts\/91852\/revisions\/91857"}],"wp:featuredmedia":[{"embeddable":true,"href":"https:\/\/www.jornalja.com.br\/cultura\/wp-json\/wp\/v2\/media\/91854"}],"wp:attachment":[{"href":"https:\/\/www.jornalja.com.br\/cultura\/wp-json\/wp\/v2\/media?parent=91852"}],"wp:term":[{"taxonomy":"category","embeddable":true,"href":"https:\/\/www.jornalja.com.br\/cultura\/wp-json\/wp\/v2\/categories?post=91852"},{"taxonomy":"post_tag","embeddable":true,"href":"https:\/\/www.jornalja.com.br\/cultura\/wp-json\/wp\/v2\/tags?post=91852"}],"curies":[{"name":"wp","href":"https:\/\/api.w.org\/{rel}","templated":true}]}}