{"id":91859,"date":"2026-01-22T19:16:12","date_gmt":"2026-01-22T22:16:12","guid":{"rendered":"https:\/\/www.jornalja.com.br\/cultura\/?p=91859"},"modified":"2026-01-22T19:16:12","modified_gmt":"2026-01-22T22:16:12","slug":"erasure-em-porto-alegre","status":"publish","type":"post","link":"https:\/\/www.jornalja.com.br\/cultura\/erasure-em-porto-alegre\/","title":{"rendered":"Erasure em Porto Alegre"},"content":{"rendered":"<p>Imposs\u00edvel pensar em ir num show como <strong>Erasure<\/strong> e n\u00e3o deduzir que ser\u00e1 apenas de hits ultradan\u00e7antes para cantar junto. Apesar disso, <strong>Andy Bell<\/strong> trouxe, nesta quarta 21, muito de sua carreira solo para o p\u00fablico que lotou o Ara\u00fajo Viana em Porto Alegre.<\/p>\n<p><img decoding=\"async\" data-attachment-id=\"91875\" data-permalink=\"https:\/\/www.jornalja.com.br\/cultura\/erasure-em-porto-alegre\/erasure-andy-bell-porto-alegre-2026-16\/\" data-orig-file=\"https:\/\/www.jornalja.com.br\/cultura\/wp-content\/uploads\/sites\/2\/2026\/01\/erasure-andy-bell-porto-alegre-2026-16-scaled.jpeg\" data-orig-size=\"2560,1920\" data-comments-opened=\"0\" data-image-meta=\"{&quot;aperture&quot;:&quot;1.8&quot;,&quot;credit&quot;:&quot;&quot;,&quot;camera&quot;:&quot;Galaxy S25 FE&quot;,&quot;caption&quot;:&quot;&quot;,&quot;created_timestamp&quot;:&quot;1769033249&quot;,&quot;copyright&quot;:&quot;&quot;,&quot;focal_length&quot;:&quot;5.4&quot;,&quot;iso&quot;:&quot;2500&quot;,&quot;shutter_speed&quot;:&quot;0.06671114&quot;,&quot;title&quot;:&quot;&quot;,&quot;orientation&quot;:&quot;1&quot;}\" data-image-title=\"Erasure-Andy-bell-porto-alegre-2026 (16)\" data-image-description=\"\" data-image-caption=\"\" data-large-file=\"https:\/\/www.jornalja.com.br\/cultura\/wp-content\/uploads\/sites\/2\/2026\/01\/erasure-andy-bell-porto-alegre-2026-16-1024x768.jpeg\" class=\"alignnone size-large wp-image-91875\" src=\"https:\/\/www.jornalja.com.br\/cultura\/wp-content\/uploads\/sites\/2\/2026\/01\/erasure-andy-bell-porto-alegre-2026-16-1024x768.jpeg\" alt=\"\" width=\"840\" height=\"630\" srcset=\"https:\/\/www.jornalja.com.br\/cultura\/wp-content\/uploads\/sites\/2\/2026\/01\/erasure-andy-bell-porto-alegre-2026-16-1024x768.jpeg 1024w, https:\/\/www.jornalja.com.br\/cultura\/wp-content\/uploads\/sites\/2\/2026\/01\/erasure-andy-bell-porto-alegre-2026-16-300x225.jpeg 300w, https:\/\/www.jornalja.com.br\/cultura\/wp-content\/uploads\/sites\/2\/2026\/01\/erasure-andy-bell-porto-alegre-2026-16-768x576.jpeg 768w, https:\/\/www.jornalja.com.br\/cultura\/wp-content\/uploads\/sites\/2\/2026\/01\/erasure-andy-bell-porto-alegre-2026-16-1536x1152.jpeg 1536w, https:\/\/www.jornalja.com.br\/cultura\/wp-content\/uploads\/sites\/2\/2026\/01\/erasure-andy-bell-porto-alegre-2026-16-2048x1536.jpeg 2048w, https:\/\/www.jornalja.com.br\/cultura\/wp-content\/uploads\/sites\/2\/2026\/01\/erasure-andy-bell-porto-alegre-2026-16-1200x900.jpeg 1200w\" sizes=\"(max-width: 840px) 100vw, 840px\" \/><\/p>\n<p>Com figurino explendoroso e uma banda jovem, inclusive com a presen\u00e7a de Chelsea Blankinship, com quem divide o vocal de &#8220;Hart&#8217;s a Liar&#8221; (no \u00e1lbum, parceria com <strong>Debbie Harry<\/strong>, do <strong>Blondie<\/strong>),\u00a0 com certeza a grande surpresa foi o cover de &#8220;<em>Xanadu<\/em>&#8220;, da <strong>Electric Light Orchestra <\/strong>(mais conhecida na voz de <strong>Olivia Newton John<\/strong> em filme hom\u00f4nimo), especialmente quando <strong>Erasure<\/strong> j\u00e1 bebeu muito da fonte do <strong>ABBA<\/strong>, que nem deu os ares pelo <em>setlist<\/em>. Ainda assim, <strong>Andy Bell<\/strong>, no auge de seus 61 anos, mostrou carisma impec\u00e1vel, elogiou a plateia (falando da beleza do p\u00fablico aqui do sul), perguntou como se diz &#8220;<em>I Love You<\/em>&#8221; em portugu\u00eas e fez cl\u00e1ssicas dan\u00e7as de pista anos 80\/90, num <em>revival<\/em> de emo\u00e7\u00f5es.<\/p>\n<p><img decoding=\"async\" data-attachment-id=\"91867\" data-permalink=\"https:\/\/www.jornalja.com.br\/cultura\/erasure-em-porto-alegre\/erasure-andy-bell-porto-alegre-2026-8\/\" data-orig-file=\"https:\/\/www.jornalja.com.br\/cultura\/wp-content\/uploads\/sites\/2\/2026\/01\/erasure-andy-bell-porto-alegre-2026-8-scaled.jpeg\" data-orig-size=\"2560,1920\" data-comments-opened=\"0\" data-image-meta=\"{&quot;aperture&quot;:&quot;1.8&quot;,&quot;credit&quot;:&quot;&quot;,&quot;camera&quot;:&quot;Galaxy S25 FE&quot;,&quot;caption&quot;:&quot;&quot;,&quot;created_timestamp&quot;:&quot;1769031562&quot;,&quot;copyright&quot;:&quot;&quot;,&quot;focal_length&quot;:&quot;5.4&quot;,&quot;iso&quot;:&quot;200&quot;,&quot;shutter_speed&quot;:&quot;0.018867924&quot;,&quot;title&quot;:&quot;&quot;,&quot;orientation&quot;:&quot;1&quot;}\" data-image-title=\"Erasure-Andy-bell-porto-alegre-2026 (8)\" data-image-description=\"\" data-image-caption=\"\" data-large-file=\"https:\/\/www.jornalja.com.br\/cultura\/wp-content\/uploads\/sites\/2\/2026\/01\/erasure-andy-bell-porto-alegre-2026-8-1024x768.jpeg\" class=\"alignnone size-large wp-image-91867\" src=\"https:\/\/www.jornalja.com.br\/cultura\/wp-content\/uploads\/sites\/2\/2026\/01\/erasure-andy-bell-porto-alegre-2026-8-1024x768.jpeg\" alt=\"\" width=\"840\" height=\"630\" srcset=\"https:\/\/www.jornalja.com.br\/cultura\/wp-content\/uploads\/sites\/2\/2026\/01\/erasure-andy-bell-porto-alegre-2026-8-1024x768.jpeg 1024w, https:\/\/www.jornalja.com.br\/cultura\/wp-content\/uploads\/sites\/2\/2026\/01\/erasure-andy-bell-porto-alegre-2026-8-300x225.jpeg 300w, https:\/\/www.jornalja.com.br\/cultura\/wp-content\/uploads\/sites\/2\/2026\/01\/erasure-andy-bell-porto-alegre-2026-8-768x576.jpeg 768w, https:\/\/www.jornalja.com.br\/cultura\/wp-content\/uploads\/sites\/2\/2026\/01\/erasure-andy-bell-porto-alegre-2026-8-1536x1152.jpeg 1536w, https:\/\/www.jornalja.com.br\/cultura\/wp-content\/uploads\/sites\/2\/2026\/01\/erasure-andy-bell-porto-alegre-2026-8-2048x1536.jpeg 2048w, https:\/\/www.jornalja.com.br\/cultura\/wp-content\/uploads\/sites\/2\/2026\/01\/erasure-andy-bell-porto-alegre-2026-8-1200x900.jpeg 1200w\" sizes=\"(max-width: 840px) 100vw, 840px\" \/><\/p>\n<p>O trabalho solo de Andy, &#8220;<strong>Ten Crows<\/strong>&#8220;, n\u00e3o chegou aqui com a for\u00e7a que o <strong>Erasure<\/strong> tem, sendo desconhecido ainda por grande parte do p\u00fablico, mesmo sendo contempor\u00e2neo e n\u00e3o abandonando suas origens. Ainda assim, o que levantou o p\u00fablico foram os cl\u00e1ssicos &#8220;<em>Blue Savannah Song<\/em>&#8220;, &#8220;<em>Chains of Love<\/em>&#8220;, &#8220;<em>Sometimes<\/em>&#8220;, &#8220;<em>Love 2 Hate U<\/em>&#8220;, &#8220;<em>Stop<\/em>&#8220;, &#8220;<em>Oh L&#8217;amour<\/em>&#8221; e &#8220;<em>A Little Respect<\/em>&#8220;.<\/p>\n<p><img decoding=\"async\" data-attachment-id=\"91873\" data-permalink=\"https:\/\/www.jornalja.com.br\/cultura\/erasure-em-porto-alegre\/erasure-andy-bell-porto-alegre-2026-14\/\" data-orig-file=\"https:\/\/www.jornalja.com.br\/cultura\/wp-content\/uploads\/sites\/2\/2026\/01\/erasure-andy-bell-porto-alegre-2026-14-scaled.jpeg\" data-orig-size=\"2560,1920\" data-comments-opened=\"0\" data-image-meta=\"{&quot;aperture&quot;:&quot;1.8&quot;,&quot;credit&quot;:&quot;&quot;,&quot;camera&quot;:&quot;Galaxy S25 FE&quot;,&quot;caption&quot;:&quot;&quot;,&quot;created_timestamp&quot;:&quot;1769032617&quot;,&quot;copyright&quot;:&quot;&quot;,&quot;focal_length&quot;:&quot;5.4&quot;,&quot;iso&quot;:&quot;125&quot;,&quot;shutter_speed&quot;:&quot;0.016666666&quot;,&quot;title&quot;:&quot;&quot;,&quot;orientation&quot;:&quot;1&quot;}\" data-image-title=\"Erasure-Andy-bell-porto-alegre-2026 (14)\" data-image-description=\"\" data-image-caption=\"\" data-large-file=\"https:\/\/www.jornalja.com.br\/cultura\/wp-content\/uploads\/sites\/2\/2026\/01\/erasure-andy-bell-porto-alegre-2026-14-1024x768.jpeg\" class=\"alignnone size-large wp-image-91873\" src=\"https:\/\/www.jornalja.com.br\/cultura\/wp-content\/uploads\/sites\/2\/2026\/01\/erasure-andy-bell-porto-alegre-2026-14-1024x768.jpeg\" alt=\"\" width=\"840\" height=\"630\" srcset=\"https:\/\/www.jornalja.com.br\/cultura\/wp-content\/uploads\/sites\/2\/2026\/01\/erasure-andy-bell-porto-alegre-2026-14-1024x768.jpeg 1024w, https:\/\/www.jornalja.com.br\/cultura\/wp-content\/uploads\/sites\/2\/2026\/01\/erasure-andy-bell-porto-alegre-2026-14-300x225.jpeg 300w, https:\/\/www.jornalja.com.br\/cultura\/wp-content\/uploads\/sites\/2\/2026\/01\/erasure-andy-bell-porto-alegre-2026-14-768x576.jpeg 768w, https:\/\/www.jornalja.com.br\/cultura\/wp-content\/uploads\/sites\/2\/2026\/01\/erasure-andy-bell-porto-alegre-2026-14-1536x1152.jpeg 1536w, https:\/\/www.jornalja.com.br\/cultura\/wp-content\/uploads\/sites\/2\/2026\/01\/erasure-andy-bell-porto-alegre-2026-14-2048x1536.jpeg 2048w, https:\/\/www.jornalja.com.br\/cultura\/wp-content\/uploads\/sites\/2\/2026\/01\/erasure-andy-bell-porto-alegre-2026-14-1200x900.jpeg 1200w\" sizes=\"(max-width: 840px) 100vw, 840px\" \/><\/p>\n<p>Sem d\u00favida, a capital ga\u00facha vem numa crescente de shows muito interessantes, claramente voltando ao circuito das turn\u00eas nacionais, e o <em>synthpop<\/em> ainda atrai multid\u00f5es, percept\u00edvel at\u00e9 quando, antes do tel\u00e3o subir, come\u00e7ou &#8220;<em>Blue Monday<\/em>&#8220;, do<strong> New Order<\/strong>, e j\u00e1 colocou as pessoas a dan\u00e7ar e se emocionar.<\/p>\n<p>Confira algumas imagens do show, de Karina Lacerda.<\/p>\n<div data-carousel-extra='{&quot;blog_id&quot;:2,&quot;permalink&quot;:&quot;https:\/\/www.jornalja.com.br\/cultura\/erasure-em-porto-alegre\/&quot;}' id='gallery-1' class='gallery galleryid-91859 gallery-columns-3 gallery-size-thumbnail'><figure class='gallery-item'>\n\t\t\t<div class='gallery-icon landscape'>\n\t\t\t\t<a href='https:\/\/www.jornalja.com.br\/cultura\/erasure-em-porto-alegre\/erasure-andy-bell-porto-alegre-2026-1\/'><img decoding=\"async\" width=\"150\" height=\"150\" src=\"https:\/\/www.jornalja.com.br\/cultura\/wp-content\/uploads\/sites\/2\/2026\/01\/erasure-andy-bell-porto-alegre-2026-1-150x150.jpeg\" class=\"attachment-thumbnail size-thumbnail\" alt=\"\" data-attachment-id=\"91860\" data-permalink=\"https:\/\/www.jornalja.com.br\/cultura\/erasure-em-porto-alegre\/erasure-andy-bell-porto-alegre-2026-1\/\" data-orig-file=\"https:\/\/www.jornalja.com.br\/cultura\/wp-content\/uploads\/sites\/2\/2026\/01\/erasure-andy-bell-porto-alegre-2026-1-scaled.jpeg\" data-orig-size=\"2560,1920\" data-comments-opened=\"0\" data-image-meta=\"{&quot;aperture&quot;:&quot;1.8&quot;,&quot;credit&quot;:&quot;&quot;,&quot;camera&quot;:&quot;Galaxy S25 FE&quot;,&quot;caption&quot;:&quot;&quot;,&quot;created_timestamp&quot;:&quot;1769031190&quot;,&quot;copyright&quot;:&quot;&quot;,&quot;focal_length&quot;:&quot;5.4&quot;,&quot;iso&quot;:&quot;64&quot;,&quot;shutter_speed&quot;:&quot;0.016666666&quot;,&quot;title&quot;:&quot;&quot;,&quot;orientation&quot;:&quot;1&quot;}\" data-image-title=\"Erasure-Andy-bell-porto-alegre-2026 (1)\" data-image-description=\"\" data-image-caption=\"\" data-large-file=\"https:\/\/www.jornalja.com.br\/cultura\/wp-content\/uploads\/sites\/2\/2026\/01\/erasure-andy-bell-porto-alegre-2026-1-1024x768.jpeg\" \/><\/a>\n\t\t\t<\/div><\/figure><figure class='gallery-item'>\n\t\t\t<div class='gallery-icon portrait'>\n\t\t\t\t<a href='https:\/\/www.jornalja.com.br\/cultura\/erasure-em-porto-alegre\/erasure-andy-bell-porto-alegre-2026-2\/'><img decoding=\"async\" width=\"150\" height=\"150\" src=\"https:\/\/www.jornalja.com.br\/cultura\/wp-content\/uploads\/sites\/2\/2026\/01\/erasure-andy-bell-porto-alegre-2026-2-150x150.jpeg\" class=\"attachment-thumbnail size-thumbnail\" alt=\"\" data-attachment-id=\"91861\" data-permalink=\"https:\/\/www.jornalja.com.br\/cultura\/erasure-em-porto-alegre\/erasure-andy-bell-porto-alegre-2026-2\/\" data-orig-file=\"https:\/\/www.jornalja.com.br\/cultura\/wp-content\/uploads\/sites\/2\/2026\/01\/erasure-andy-bell-porto-alegre-2026-2-scaled.jpeg\" data-orig-size=\"1920,2560\" data-comments-opened=\"0\" data-image-meta=\"{&quot;aperture&quot;:&quot;1.8&quot;,&quot;credit&quot;:&quot;&quot;,&quot;camera&quot;:&quot;Galaxy S25 FE&quot;,&quot;caption&quot;:&quot;&quot;,&quot;created_timestamp&quot;:&quot;1769031245&quot;,&quot;copyright&quot;:&quot;&quot;,&quot;focal_length&quot;:&quot;5.4&quot;,&quot;iso&quot;:&quot;125&quot;,&quot;shutter_speed&quot;:&quot;0.016666666&quot;,&quot;title&quot;:&quot;&quot;,&quot;orientation&quot;:&quot;1&quot;}\" data-image-title=\"Erasure-Andy-bell-porto-alegre-2026 (2)\" data-image-description=\"\" data-image-caption=\"\" data-large-file=\"https:\/\/www.jornalja.com.br\/cultura\/wp-content\/uploads\/sites\/2\/2026\/01\/erasure-andy-bell-porto-alegre-2026-2-768x1024.jpeg\" \/><\/a>\n\t\t\t<\/div><\/figure><figure class='gallery-item'>\n\t\t\t<div class='gallery-icon landscape'>\n\t\t\t\t<a href='https:\/\/www.jornalja.com.br\/cultura\/erasure-em-porto-alegre\/erasure-andy-bell-porto-alegre-2026-3\/'><img decoding=\"async\" width=\"150\" height=\"150\" src=\"https:\/\/www.jornalja.com.br\/cultura\/wp-content\/uploads\/sites\/2\/2026\/01\/erasure-andy-bell-porto-alegre-2026-3-150x150.jpeg\" class=\"attachment-thumbnail size-thumbnail\" alt=\"\" data-attachment-id=\"91862\" data-permalink=\"https:\/\/www.jornalja.com.br\/cultura\/erasure-em-porto-alegre\/erasure-andy-bell-porto-alegre-2026-3\/\" data-orig-file=\"https:\/\/www.jornalja.com.br\/cultura\/wp-content\/uploads\/sites\/2\/2026\/01\/erasure-andy-bell-porto-alegre-2026-3-scaled.jpeg\" data-orig-size=\"2560,1920\" data-comments-opened=\"0\" data-image-meta=\"{&quot;aperture&quot;:&quot;1.8&quot;,&quot;credit&quot;:&quot;&quot;,&quot;camera&quot;:&quot;Galaxy S25 FE&quot;,&quot;caption&quot;:&quot;&quot;,&quot;created_timestamp&quot;:&quot;1769031255&quot;,&quot;copyright&quot;:&quot;&quot;,&quot;focal_length&quot;:&quot;5.4&quot;,&quot;iso&quot;:&quot;64&quot;,&quot;shutter_speed&quot;:&quot;0.016666666&quot;,&quot;title&quot;:&quot;&quot;,&quot;orientation&quot;:&quot;1&quot;}\" data-image-title=\"Erasure-Andy-bell-porto-alegre-2026 (3)\" data-image-description=\"\" data-image-caption=\"\" data-large-file=\"https:\/\/www.jornalja.com.br\/cultura\/wp-content\/uploads\/sites\/2\/2026\/01\/erasure-andy-bell-porto-alegre-2026-3-1024x768.jpeg\" \/><\/a>\n\t\t\t<\/div><\/figure><figure class='gallery-item'>\n\t\t\t<div class='gallery-icon landscape'>\n\t\t\t\t<a href='https:\/\/www.jornalja.com.br\/cultura\/erasure-em-porto-alegre\/erasure-andy-bell-porto-alegre-2026-4\/'><img decoding=\"async\" width=\"150\" height=\"150\" src=\"https:\/\/www.jornalja.com.br\/cultura\/wp-content\/uploads\/sites\/2\/2026\/01\/erasure-andy-bell-porto-alegre-2026-4-150x150.jpeg\" class=\"attachment-thumbnail size-thumbnail\" alt=\"\" data-attachment-id=\"91863\" data-permalink=\"https:\/\/www.jornalja.com.br\/cultura\/erasure-em-porto-alegre\/erasure-andy-bell-porto-alegre-2026-4\/\" data-orig-file=\"https:\/\/www.jornalja.com.br\/cultura\/wp-content\/uploads\/sites\/2\/2026\/01\/erasure-andy-bell-porto-alegre-2026-4-scaled.jpeg\" data-orig-size=\"2560,1920\" data-comments-opened=\"0\" data-image-meta=\"{&quot;aperture&quot;:&quot;1.8&quot;,&quot;credit&quot;:&quot;&quot;,&quot;camera&quot;:&quot;Galaxy S25 FE&quot;,&quot;caption&quot;:&quot;&quot;,&quot;created_timestamp&quot;:&quot;1769031377&quot;,&quot;copyright&quot;:&quot;&quot;,&quot;focal_length&quot;:&quot;5.4&quot;,&quot;iso&quot;:&quot;500&quot;,&quot;shutter_speed&quot;:&quot;0.008333333&quot;,&quot;title&quot;:&quot;&quot;,&quot;orientation&quot;:&quot;1&quot;}\" data-image-title=\"Erasure-Andy-bell-porto-alegre-2026 (4)\" data-image-description=\"\" data-image-caption=\"\" data-large-file=\"https:\/\/www.jornalja.com.br\/cultura\/wp-content\/uploads\/sites\/2\/2026\/01\/erasure-andy-bell-porto-alegre-2026-4-1024x768.jpeg\" \/><\/a>\n\t\t\t<\/div><\/figure><figure class='gallery-item'>\n\t\t\t<div class='gallery-icon landscape'>\n\t\t\t\t<a href='https:\/\/www.jornalja.com.br\/cultura\/erasure-em-porto-alegre\/erasure-andy-bell-porto-alegre-2026-5\/'><img decoding=\"async\" width=\"150\" height=\"150\" src=\"https:\/\/www.jornalja.com.br\/cultura\/wp-content\/uploads\/sites\/2\/2026\/01\/erasure-andy-bell-porto-alegre-2026-5-150x150.jpeg\" class=\"attachment-thumbnail size-thumbnail\" alt=\"\" data-attachment-id=\"91864\" data-permalink=\"https:\/\/www.jornalja.com.br\/cultura\/erasure-em-porto-alegre\/erasure-andy-bell-porto-alegre-2026-5\/\" data-orig-file=\"https:\/\/www.jornalja.com.br\/cultura\/wp-content\/uploads\/sites\/2\/2026\/01\/erasure-andy-bell-porto-alegre-2026-5-scaled.jpeg\" data-orig-size=\"2560,1920\" data-comments-opened=\"0\" data-image-meta=\"{&quot;aperture&quot;:&quot;1.8&quot;,&quot;credit&quot;:&quot;&quot;,&quot;camera&quot;:&quot;Galaxy S25 FE&quot;,&quot;caption&quot;:&quot;&quot;,&quot;created_timestamp&quot;:&quot;1769031412&quot;,&quot;copyright&quot;:&quot;&quot;,&quot;focal_length&quot;:&quot;5.4&quot;,&quot;iso&quot;:&quot;32&quot;,&quot;shutter_speed&quot;:&quot;0.018867924&quot;,&quot;title&quot;:&quot;&quot;,&quot;orientation&quot;:&quot;1&quot;}\" data-image-title=\"Erasure-Andy-bell-porto-alegre-2026 (5)\" data-image-description=\"\" data-image-caption=\"\" data-large-file=\"https:\/\/www.jornalja.com.br\/cultura\/wp-content\/uploads\/sites\/2\/2026\/01\/erasure-andy-bell-porto-alegre-2026-5-1024x768.jpeg\" \/><\/a>\n\t\t\t<\/div><\/figure><figure class='gallery-item'>\n\t\t\t<div class='gallery-icon landscape'>\n\t\t\t\t<a href='https:\/\/www.jornalja.com.br\/cultura\/erasure-em-porto-alegre\/erasure-andy-bell-porto-alegre-2026-6\/'><img decoding=\"async\" width=\"150\" height=\"150\" src=\"https:\/\/www.jornalja.com.br\/cultura\/wp-content\/uploads\/sites\/2\/2026\/01\/erasure-andy-bell-porto-alegre-2026-6-150x150.jpeg\" class=\"attachment-thumbnail size-thumbnail\" alt=\"\" data-attachment-id=\"91865\" data-permalink=\"https:\/\/www.jornalja.com.br\/cultura\/erasure-em-porto-alegre\/erasure-andy-bell-porto-alegre-2026-6\/\" data-orig-file=\"https:\/\/www.jornalja.com.br\/cultura\/wp-content\/uploads\/sites\/2\/2026\/01\/erasure-andy-bell-porto-alegre-2026-6-scaled.jpeg\" data-orig-size=\"2560,1920\" data-comments-opened=\"0\" data-image-meta=\"{&quot;aperture&quot;:&quot;2.2&quot;,&quot;credit&quot;:&quot;&quot;,&quot;camera&quot;:&quot;Galaxy S25 FE&quot;,&quot;caption&quot;:&quot;&quot;,&quot;created_timestamp&quot;:&quot;1769031465&quot;,&quot;copyright&quot;:&quot;&quot;,&quot;focal_length&quot;:&quot;1.74&quot;,&quot;iso&quot;:&quot;160&quot;,&quot;shutter_speed&quot;:&quot;0.016666666&quot;,&quot;title&quot;:&quot;&quot;,&quot;orientation&quot;:&quot;1&quot;}\" data-image-title=\"Erasure-Andy-bell-porto-alegre-2026 (6)\" data-image-description=\"\" data-image-caption=\"\" data-large-file=\"https:\/\/www.jornalja.com.br\/cultura\/wp-content\/uploads\/sites\/2\/2026\/01\/erasure-andy-bell-porto-alegre-2026-6-1024x768.jpeg\" \/><\/a>\n\t\t\t<\/div><\/figure><figure class='gallery-item'>\n\t\t\t<div class='gallery-icon portrait'>\n\t\t\t\t<a href='https:\/\/www.jornalja.com.br\/cultura\/erasure-em-porto-alegre\/erasure-andy-bell-porto-alegre-2026-7\/'><img decoding=\"async\" width=\"150\" height=\"150\" src=\"https:\/\/www.jornalja.com.br\/cultura\/wp-content\/uploads\/sites\/2\/2026\/01\/erasure-andy-bell-porto-alegre-2026-7-150x150.jpeg\" class=\"attachment-thumbnail size-thumbnail\" alt=\"\" data-attachment-id=\"91866\" data-permalink=\"https:\/\/www.jornalja.com.br\/cultura\/erasure-em-porto-alegre\/erasure-andy-bell-porto-alegre-2026-7\/\" data-orig-file=\"https:\/\/www.jornalja.com.br\/cultura\/wp-content\/uploads\/sites\/2\/2026\/01\/erasure-andy-bell-porto-alegre-2026-7-scaled.jpeg\" data-orig-size=\"1920,2560\" data-comments-opened=\"0\" data-image-meta=\"{&quot;aperture&quot;:&quot;1.8&quot;,&quot;credit&quot;:&quot;&quot;,&quot;camera&quot;:&quot;Galaxy S25 FE&quot;,&quot;caption&quot;:&quot;&quot;,&quot;created_timestamp&quot;:&quot;1769031551&quot;,&quot;copyright&quot;:&quot;&quot;,&quot;focal_length&quot;:&quot;5.4&quot;,&quot;iso&quot;:&quot;250&quot;,&quot;shutter_speed&quot;:&quot;0.016666666&quot;,&quot;title&quot;:&quot;&quot;,&quot;orientation&quot;:&quot;1&quot;}\" data-image-title=\"Erasure-Andy-bell-porto-alegre-2026 (7)\" data-image-description=\"\" data-image-caption=\"\" data-large-file=\"https:\/\/www.jornalja.com.br\/cultura\/wp-content\/uploads\/sites\/2\/2026\/01\/erasure-andy-bell-porto-alegre-2026-7-768x1024.jpeg\" \/><\/a>\n\t\t\t<\/div><\/figure><figure class='gallery-item'>\n\t\t\t<div class='gallery-icon landscape'>\n\t\t\t\t<a href='https:\/\/www.jornalja.com.br\/cultura\/erasure-em-porto-alegre\/erasure-andy-bell-porto-alegre-2026-8\/'><img decoding=\"async\" width=\"150\" height=\"150\" src=\"https:\/\/www.jornalja.com.br\/cultura\/wp-content\/uploads\/sites\/2\/2026\/01\/erasure-andy-bell-porto-alegre-2026-8-150x150.jpeg\" class=\"attachment-thumbnail size-thumbnail\" alt=\"\" data-attachment-id=\"91867\" data-permalink=\"https:\/\/www.jornalja.com.br\/cultura\/erasure-em-porto-alegre\/erasure-andy-bell-porto-alegre-2026-8\/\" data-orig-file=\"https:\/\/www.jornalja.com.br\/cultura\/wp-content\/uploads\/sites\/2\/2026\/01\/erasure-andy-bell-porto-alegre-2026-8-scaled.jpeg\" data-orig-size=\"2560,1920\" data-comments-opened=\"0\" data-image-meta=\"{&quot;aperture&quot;:&quot;1.8&quot;,&quot;credit&quot;:&quot;&quot;,&quot;camera&quot;:&quot;Galaxy S25 FE&quot;,&quot;caption&quot;:&quot;&quot;,&quot;created_timestamp&quot;:&quot;1769031562&quot;,&quot;copyright&quot;:&quot;&quot;,&quot;focal_length&quot;:&quot;5.4&quot;,&quot;iso&quot;:&quot;200&quot;,&quot;shutter_speed&quot;:&quot;0.018867924&quot;,&quot;title&quot;:&quot;&quot;,&quot;orientation&quot;:&quot;1&quot;}\" data-image-title=\"Erasure-Andy-bell-porto-alegre-2026 (8)\" data-image-description=\"\" data-image-caption=\"\" data-large-file=\"https:\/\/www.jornalja.com.br\/cultura\/wp-content\/uploads\/sites\/2\/2026\/01\/erasure-andy-bell-porto-alegre-2026-8-1024x768.jpeg\" \/><\/a>\n\t\t\t<\/div><\/figure><figure class='gallery-item'>\n\t\t\t<div class='gallery-icon portrait'>\n\t\t\t\t<a href='https:\/\/www.jornalja.com.br\/cultura\/erasure-em-porto-alegre\/erasure-andy-bell-porto-alegre-2026-9\/'><img decoding=\"async\" width=\"150\" height=\"150\" src=\"https:\/\/www.jornalja.com.br\/cultura\/wp-content\/uploads\/sites\/2\/2026\/01\/erasure-andy-bell-porto-alegre-2026-9-150x150.jpeg\" class=\"attachment-thumbnail size-thumbnail\" alt=\"\" data-attachment-id=\"91868\" data-permalink=\"https:\/\/www.jornalja.com.br\/cultura\/erasure-em-porto-alegre\/erasure-andy-bell-porto-alegre-2026-9\/\" data-orig-file=\"https:\/\/www.jornalja.com.br\/cultura\/wp-content\/uploads\/sites\/2\/2026\/01\/erasure-andy-bell-porto-alegre-2026-9-scaled.jpeg\" data-orig-size=\"1920,2560\" data-comments-opened=\"0\" data-image-meta=\"{&quot;aperture&quot;:&quot;2.4&quot;,&quot;credit&quot;:&quot;&quot;,&quot;camera&quot;:&quot;Galaxy S25 FE&quot;,&quot;caption&quot;:&quot;&quot;,&quot;created_timestamp&quot;:&quot;1769031721&quot;,&quot;copyright&quot;:&quot;&quot;,&quot;focal_length&quot;:&quot;7&quot;,&quot;iso&quot;:&quot;320&quot;,&quot;shutter_speed&quot;:&quot;0.025&quot;,&quot;title&quot;:&quot;&quot;,&quot;orientation&quot;:&quot;1&quot;}\" data-image-title=\"Erasure-Andy-bell-porto-alegre-2026 (9)\" data-image-description=\"\" data-image-caption=\"\" data-large-file=\"https:\/\/www.jornalja.com.br\/cultura\/wp-content\/uploads\/sites\/2\/2026\/01\/erasure-andy-bell-porto-alegre-2026-9-768x1024.jpeg\" \/><\/a>\n\t\t\t<\/div><\/figure><figure class='gallery-item'>\n\t\t\t<div class='gallery-icon portrait'>\n\t\t\t\t<a href='https:\/\/www.jornalja.com.br\/cultura\/erasure-em-porto-alegre\/erasure-andy-bell-porto-alegre-2026-10\/'><img decoding=\"async\" width=\"150\" height=\"150\" src=\"https:\/\/www.jornalja.com.br\/cultura\/wp-content\/uploads\/sites\/2\/2026\/01\/erasure-andy-bell-porto-alegre-2026-10-150x150.jpeg\" class=\"attachment-thumbnail size-thumbnail\" alt=\"\" data-attachment-id=\"91869\" data-permalink=\"https:\/\/www.jornalja.com.br\/cultura\/erasure-em-porto-alegre\/erasure-andy-bell-porto-alegre-2026-10\/\" data-orig-file=\"https:\/\/www.jornalja.com.br\/cultura\/wp-content\/uploads\/sites\/2\/2026\/01\/erasure-andy-bell-porto-alegre-2026-10-scaled.jpeg\" data-orig-size=\"1920,2560\" data-comments-opened=\"0\" data-image-meta=\"{&quot;aperture&quot;:&quot;1.8&quot;,&quot;credit&quot;:&quot;&quot;,&quot;camera&quot;:&quot;Galaxy S25 FE&quot;,&quot;caption&quot;:&quot;&quot;,&quot;created_timestamp&quot;:&quot;1769031794&quot;,&quot;copyright&quot;:&quot;&quot;,&quot;focal_length&quot;:&quot;5.4&quot;,&quot;iso&quot;:&quot;640&quot;,&quot;shutter_speed&quot;:&quot;0.008333333&quot;,&quot;title&quot;:&quot;&quot;,&quot;orientation&quot;:&quot;1&quot;}\" data-image-title=\"Erasure-Andy-bell-porto-alegre-2026 (10)\" data-image-description=\"\" data-image-caption=\"\" data-large-file=\"https:\/\/www.jornalja.com.br\/cultura\/wp-content\/uploads\/sites\/2\/2026\/01\/erasure-andy-bell-porto-alegre-2026-10-768x1024.jpeg\" \/><\/a>\n\t\t\t<\/div><\/figure><figure class='gallery-item'>\n\t\t\t<div class='gallery-icon landscape'>\n\t\t\t\t<a href='https:\/\/www.jornalja.com.br\/cultura\/erasure-em-porto-alegre\/erasure-andy-bell-porto-alegre-2026-11\/'><img decoding=\"async\" width=\"150\" height=\"150\" src=\"https:\/\/www.jornalja.com.br\/cultura\/wp-content\/uploads\/sites\/2\/2026\/01\/erasure-andy-bell-porto-alegre-2026-11-150x150.jpeg\" class=\"attachment-thumbnail size-thumbnail\" alt=\"\" data-attachment-id=\"91870\" data-permalink=\"https:\/\/www.jornalja.com.br\/cultura\/erasure-em-porto-alegre\/erasure-andy-bell-porto-alegre-2026-11\/\" data-orig-file=\"https:\/\/www.jornalja.com.br\/cultura\/wp-content\/uploads\/sites\/2\/2026\/01\/erasure-andy-bell-porto-alegre-2026-11-scaled.jpeg\" data-orig-size=\"2560,1920\" data-comments-opened=\"0\" data-image-meta=\"{&quot;aperture&quot;:&quot;1.8&quot;,&quot;credit&quot;:&quot;&quot;,&quot;camera&quot;:&quot;Galaxy S25 FE&quot;,&quot;caption&quot;:&quot;&quot;,&quot;created_timestamp&quot;:&quot;1769032013&quot;,&quot;copyright&quot;:&quot;&quot;,&quot;focal_length&quot;:&quot;5.4&quot;,&quot;iso&quot;:&quot;1600&quot;,&quot;shutter_speed&quot;:&quot;0.008333333&quot;,&quot;title&quot;:&quot;&quot;,&quot;orientation&quot;:&quot;1&quot;}\" data-image-title=\"Erasure-Andy-bell-porto-alegre-2026 (11)\" data-image-description=\"\" data-image-caption=\"\" data-large-file=\"https:\/\/www.jornalja.com.br\/cultura\/wp-content\/uploads\/sites\/2\/2026\/01\/erasure-andy-bell-porto-alegre-2026-11-1024x768.jpeg\" \/><\/a>\n\t\t\t<\/div><\/figure><figure class='gallery-item'>\n\t\t\t<div class='gallery-icon landscape'>\n\t\t\t\t<a href='https:\/\/www.jornalja.com.br\/cultura\/erasure-em-porto-alegre\/erasure-andy-bell-porto-alegre-2026-12\/'><img decoding=\"async\" width=\"150\" height=\"150\" src=\"https:\/\/www.jornalja.com.br\/cultura\/wp-content\/uploads\/sites\/2\/2026\/01\/erasure-andy-bell-porto-alegre-2026-12-150x150.jpeg\" class=\"attachment-thumbnail size-thumbnail\" alt=\"\" data-attachment-id=\"91871\" data-permalink=\"https:\/\/www.jornalja.com.br\/cultura\/erasure-em-porto-alegre\/erasure-andy-bell-porto-alegre-2026-12\/\" data-orig-file=\"https:\/\/www.jornalja.com.br\/cultura\/wp-content\/uploads\/sites\/2\/2026\/01\/erasure-andy-bell-porto-alegre-2026-12-scaled.jpeg\" data-orig-size=\"2560,1920\" data-comments-opened=\"0\" data-image-meta=\"{&quot;aperture&quot;:&quot;2.4&quot;,&quot;credit&quot;:&quot;&quot;,&quot;camera&quot;:&quot;Galaxy S25 FE&quot;,&quot;caption&quot;:&quot;&quot;,&quot;created_timestamp&quot;:&quot;1769032058&quot;,&quot;copyright&quot;:&quot;&quot;,&quot;focal_length&quot;:&quot;7&quot;,&quot;iso&quot;:&quot;160&quot;,&quot;shutter_speed&quot;:&quot;0.016666666&quot;,&quot;title&quot;:&quot;&quot;,&quot;orientation&quot;:&quot;1&quot;}\" data-image-title=\"Erasure-Andy-bell-porto-alegre-2026 (12)\" data-image-description=\"\" data-image-caption=\"\" data-large-file=\"https:\/\/www.jornalja.com.br\/cultura\/wp-content\/uploads\/sites\/2\/2026\/01\/erasure-andy-bell-porto-alegre-2026-12-1024x768.jpeg\" \/><\/a>\n\t\t\t<\/div><\/figure><figure class='gallery-item'>\n\t\t\t<div class='gallery-icon landscape'>\n\t\t\t\t<a href='https:\/\/www.jornalja.com.br\/cultura\/erasure-em-porto-alegre\/erasure-andy-bell-porto-alegre-2026-13\/'><img decoding=\"async\" width=\"150\" height=\"150\" src=\"https:\/\/www.jornalja.com.br\/cultura\/wp-content\/uploads\/sites\/2\/2026\/01\/erasure-andy-bell-porto-alegre-2026-13-150x150.jpeg\" class=\"attachment-thumbnail size-thumbnail\" alt=\"\" data-attachment-id=\"91872\" data-permalink=\"https:\/\/www.jornalja.com.br\/cultura\/erasure-em-porto-alegre\/erasure-andy-bell-porto-alegre-2026-13\/\" data-orig-file=\"https:\/\/www.jornalja.com.br\/cultura\/wp-content\/uploads\/sites\/2\/2026\/01\/erasure-andy-bell-porto-alegre-2026-13-scaled.jpeg\" data-orig-size=\"2560,1920\" data-comments-opened=\"0\" data-image-meta=\"{&quot;aperture&quot;:&quot;2.4&quot;,&quot;credit&quot;:&quot;&quot;,&quot;camera&quot;:&quot;Galaxy S25 FE&quot;,&quot;caption&quot;:&quot;&quot;,&quot;created_timestamp&quot;:&quot;1769032347&quot;,&quot;copyright&quot;:&quot;&quot;,&quot;focal_length&quot;:&quot;7&quot;,&quot;iso&quot;:&quot;80&quot;,&quot;shutter_speed&quot;:&quot;0.016666666&quot;,&quot;title&quot;:&quot;&quot;,&quot;orientation&quot;:&quot;1&quot;}\" data-image-title=\"Erasure-Andy-bell-porto-alegre-2026 (13)\" data-image-description=\"\" data-image-caption=\"\" data-large-file=\"https:\/\/www.jornalja.com.br\/cultura\/wp-content\/uploads\/sites\/2\/2026\/01\/erasure-andy-bell-porto-alegre-2026-13-1024x768.jpeg\" \/><\/a>\n\t\t\t<\/div><\/figure><figure class='gallery-item'>\n\t\t\t<div class='gallery-icon landscape'>\n\t\t\t\t<a href='https:\/\/www.jornalja.com.br\/cultura\/erasure-em-porto-alegre\/erasure-andy-bell-porto-alegre-2026-15\/'><img decoding=\"async\" width=\"150\" height=\"150\" src=\"https:\/\/www.jornalja.com.br\/cultura\/wp-content\/uploads\/sites\/2\/2026\/01\/erasure-andy-bell-porto-alegre-2026-15-150x150.jpeg\" class=\"attachment-thumbnail size-thumbnail\" alt=\"\" data-attachment-id=\"91874\" data-permalink=\"https:\/\/www.jornalja.com.br\/cultura\/erasure-em-porto-alegre\/erasure-andy-bell-porto-alegre-2026-15\/\" data-orig-file=\"https:\/\/www.jornalja.com.br\/cultura\/wp-content\/uploads\/sites\/2\/2026\/01\/erasure-andy-bell-porto-alegre-2026-15-scaled.jpeg\" data-orig-size=\"2560,1920\" data-comments-opened=\"0\" data-image-meta=\"{&quot;aperture&quot;:&quot;2.4&quot;,&quot;credit&quot;:&quot;&quot;,&quot;camera&quot;:&quot;Galaxy S25 FE&quot;,&quot;caption&quot;:&quot;&quot;,&quot;created_timestamp&quot;:&quot;1769032815&quot;,&quot;copyright&quot;:&quot;&quot;,&quot;focal_length&quot;:&quot;7&quot;,&quot;iso&quot;:&quot;125&quot;,&quot;shutter_speed&quot;:&quot;0.016666666&quot;,&quot;title&quot;:&quot;&quot;,&quot;orientation&quot;:&quot;1&quot;}\" data-image-title=\"Erasure-Andy-bell-porto-alegre-2026 (15)\" data-image-description=\"\" data-image-caption=\"\" data-large-file=\"https:\/\/www.jornalja.com.br\/cultura\/wp-content\/uploads\/sites\/2\/2026\/01\/erasure-andy-bell-porto-alegre-2026-15-1024x768.jpeg\" \/><\/a>\n\t\t\t<\/div><\/figure><figure class='gallery-item'>\n\t\t\t<div class='gallery-icon landscape'>\n\t\t\t\t<a href='https:\/\/www.jornalja.com.br\/cultura\/erasure-em-porto-alegre\/erasure-andy-bell-porto-alegre-2026-17\/'><img decoding=\"async\" width=\"150\" height=\"150\" src=\"https:\/\/www.jornalja.com.br\/cultura\/wp-content\/uploads\/sites\/2\/2026\/01\/erasure-andy-bell-porto-alegre-2026-17-150x150.jpeg\" class=\"attachment-thumbnail size-thumbnail\" alt=\"\" data-attachment-id=\"91876\" data-permalink=\"https:\/\/www.jornalja.com.br\/cultura\/erasure-em-porto-alegre\/erasure-andy-bell-porto-alegre-2026-17\/\" data-orig-file=\"https:\/\/www.jornalja.com.br\/cultura\/wp-content\/uploads\/sites\/2\/2026\/01\/erasure-andy-bell-porto-alegre-2026-17-scaled.jpeg\" data-orig-size=\"2560,1920\" data-comments-opened=\"0\" data-image-meta=\"{&quot;aperture&quot;:&quot;2.4&quot;,&quot;credit&quot;:&quot;&quot;,&quot;camera&quot;:&quot;Galaxy S25 FE&quot;,&quot;caption&quot;:&quot;&quot;,&quot;created_timestamp&quot;:&quot;1769033259&quot;,&quot;copyright&quot;:&quot;&quot;,&quot;focal_length&quot;:&quot;7&quot;,&quot;iso&quot;:&quot;125&quot;,&quot;shutter_speed&quot;:&quot;0.019230769&quot;,&quot;title&quot;:&quot;&quot;,&quot;orientation&quot;:&quot;1&quot;}\" data-image-title=\"Erasure-Andy-bell-porto-alegre-2026 (17)\" data-image-description=\"\" data-image-caption=\"\" data-large-file=\"https:\/\/www.jornalja.com.br\/cultura\/wp-content\/uploads\/sites\/2\/2026\/01\/erasure-andy-bell-porto-alegre-2026-17-1024x768.jpeg\" \/><\/a>\n\t\t\t<\/div><\/figure><figure class='gallery-item'>\n\t\t\t<div class='gallery-icon landscape'>\n\t\t\t\t<a href='https:\/\/www.jornalja.com.br\/cultura\/erasure-em-porto-alegre\/erasure-andy-bell-porto-alegre-2026-18\/'><img decoding=\"async\" width=\"150\" height=\"150\" src=\"https:\/\/www.jornalja.com.br\/cultura\/wp-content\/uploads\/sites\/2\/2026\/01\/erasure-andy-bell-porto-alegre-2026-18-150x150.jpeg\" class=\"attachment-thumbnail size-thumbnail\" alt=\"\" data-attachment-id=\"91877\" data-permalink=\"https:\/\/www.jornalja.com.br\/cultura\/erasure-em-porto-alegre\/erasure-andy-bell-porto-alegre-2026-18\/\" data-orig-file=\"https:\/\/www.jornalja.com.br\/cultura\/wp-content\/uploads\/sites\/2\/2026\/01\/erasure-andy-bell-porto-alegre-2026-18-scaled.jpeg\" data-orig-size=\"2560,1920\" data-comments-opened=\"0\" data-image-meta=\"{&quot;aperture&quot;:&quot;1.8&quot;,&quot;credit&quot;:&quot;&quot;,&quot;camera&quot;:&quot;Galaxy S25 FE&quot;,&quot;caption&quot;:&quot;&quot;,&quot;created_timestamp&quot;:&quot;1769033333&quot;,&quot;copyright&quot;:&quot;&quot;,&quot;focal_length&quot;:&quot;5.4&quot;,&quot;iso&quot;:&quot;1000&quot;,&quot;shutter_speed&quot;:&quot;0.008333333&quot;,&quot;title&quot;:&quot;&quot;,&quot;orientation&quot;:&quot;1&quot;}\" data-image-title=\"Erasure-Andy-bell-porto-alegre-2026 (18)\" data-image-description=\"\" data-image-caption=\"\" data-large-file=\"https:\/\/www.jornalja.com.br\/cultura\/wp-content\/uploads\/sites\/2\/2026\/01\/erasure-andy-bell-porto-alegre-2026-18-1024x768.jpeg\" \/><\/a>\n\t\t\t<\/div><\/figure><figure class='gallery-item'>\n\t\t\t<div class='gallery-icon landscape'>\n\t\t\t\t<a href='https:\/\/www.jornalja.com.br\/cultura\/erasure-em-porto-alegre\/erasure-andy-bell-porto-alegre-2026-19\/'><img decoding=\"async\" width=\"150\" height=\"150\" src=\"https:\/\/www.jornalja.com.br\/cultura\/wp-content\/uploads\/sites\/2\/2026\/01\/erasure-andy-bell-porto-alegre-2026-19-150x150.jpeg\" class=\"attachment-thumbnail size-thumbnail\" alt=\"\" data-attachment-id=\"91878\" data-permalink=\"https:\/\/www.jornalja.com.br\/cultura\/erasure-em-porto-alegre\/erasure-andy-bell-porto-alegre-2026-19\/\" data-orig-file=\"https:\/\/www.jornalja.com.br\/cultura\/wp-content\/uploads\/sites\/2\/2026\/01\/erasure-andy-bell-porto-alegre-2026-19-scaled.jpeg\" data-orig-size=\"2560,1920\" data-comments-opened=\"0\" data-image-meta=\"{&quot;aperture&quot;:&quot;2.4&quot;,&quot;credit&quot;:&quot;&quot;,&quot;camera&quot;:&quot;Galaxy S25 FE&quot;,&quot;caption&quot;:&quot;&quot;,&quot;created_timestamp&quot;:&quot;1769035123&quot;,&quot;copyright&quot;:&quot;&quot;,&quot;focal_length&quot;:&quot;7&quot;,&quot;iso&quot;:&quot;100&quot;,&quot;shutter_speed&quot;:&quot;0.016666666&quot;,&quot;title&quot;:&quot;&quot;,&quot;orientation&quot;:&quot;1&quot;}\" data-image-title=\"Erasure-Andy-bell-porto-alegre-2026 (19)\" data-image-description=\"\" data-image-caption=\"\" data-large-file=\"https:\/\/www.jornalja.com.br\/cultura\/wp-content\/uploads\/sites\/2\/2026\/01\/erasure-andy-bell-porto-alegre-2026-19-1024x768.jpeg\" \/><\/a>\n\t\t\t<\/div><\/figure><figure class='gallery-item'>\n\t\t\t<div class='gallery-icon landscape'>\n\t\t\t\t<a href='https:\/\/www.jornalja.com.br\/cultura\/erasure-em-porto-alegre\/erasure-andy-bell-porto-alegre-2026-20\/'><img decoding=\"async\" width=\"150\" height=\"150\" src=\"https:\/\/www.jornalja.com.br\/cultura\/wp-content\/uploads\/sites\/2\/2026\/01\/erasure-andy-bell-porto-alegre-2026-20-150x150.jpeg\" class=\"attachment-thumbnail size-thumbnail\" alt=\"\" data-attachment-id=\"91879\" data-permalink=\"https:\/\/www.jornalja.com.br\/cultura\/erasure-em-porto-alegre\/erasure-andy-bell-porto-alegre-2026-20\/\" data-orig-file=\"https:\/\/www.jornalja.com.br\/cultura\/wp-content\/uploads\/sites\/2\/2026\/01\/erasure-andy-bell-porto-alegre-2026-20-scaled.jpeg\" data-orig-size=\"2560,1920\" data-comments-opened=\"0\" data-image-meta=\"{&quot;aperture&quot;:&quot;2.4&quot;,&quot;credit&quot;:&quot;&quot;,&quot;camera&quot;:&quot;Galaxy S25 FE&quot;,&quot;caption&quot;:&quot;&quot;,&quot;created_timestamp&quot;:&quot;1769035322&quot;,&quot;copyright&quot;:&quot;&quot;,&quot;focal_length&quot;:&quot;7&quot;,&quot;iso&quot;:&quot;200&quot;,&quot;shutter_speed&quot;:&quot;0.01&quot;,&quot;title&quot;:&quot;&quot;,&quot;orientation&quot;:&quot;1&quot;}\" data-image-title=\"Erasure-Andy-bell-porto-alegre-2026 (20)\" data-image-description=\"\" data-image-caption=\"\" data-large-file=\"https:\/\/www.jornalja.com.br\/cultura\/wp-content\/uploads\/sites\/2\/2026\/01\/erasure-andy-bell-porto-alegre-2026-20-1024x768.jpeg\" \/><\/a>\n\t\t\t<\/div><\/figure><figure class='gallery-item'>\n\t\t\t<div class='gallery-icon portrait'>\n\t\t\t\t<a href='https:\/\/www.jornalja.com.br\/cultura\/erasure-em-porto-alegre\/erasure-andy-bell-porto-alegre-2026-21\/'><img decoding=\"async\" width=\"150\" height=\"150\" src=\"https:\/\/www.jornalja.com.br\/cultura\/wp-content\/uploads\/sites\/2\/2026\/01\/erasure-andy-bell-porto-alegre-2026-21-150x150.jpeg\" class=\"attachment-thumbnail size-thumbnail\" alt=\"\" data-attachment-id=\"91880\" data-permalink=\"https:\/\/www.jornalja.com.br\/cultura\/erasure-em-porto-alegre\/erasure-andy-bell-porto-alegre-2026-21\/\" data-orig-file=\"https:\/\/www.jornalja.com.br\/cultura\/wp-content\/uploads\/sites\/2\/2026\/01\/erasure-andy-bell-porto-alegre-2026-21-scaled.jpeg\" data-orig-size=\"1920,2560\" data-comments-opened=\"0\" data-image-meta=\"{&quot;aperture&quot;:&quot;2.4&quot;,&quot;credit&quot;:&quot;&quot;,&quot;camera&quot;:&quot;Galaxy S25 FE&quot;,&quot;caption&quot;:&quot;&quot;,&quot;created_timestamp&quot;:&quot;1769035373&quot;,&quot;copyright&quot;:&quot;&quot;,&quot;focal_length&quot;:&quot;7&quot;,&quot;iso&quot;:&quot;80&quot;,&quot;shutter_speed&quot;:&quot;0.016666666&quot;,&quot;title&quot;:&quot;&quot;,&quot;orientation&quot;:&quot;1&quot;}\" data-image-title=\"Erasure-Andy-bell-porto-alegre-2026 (21)\" data-image-description=\"\" data-image-caption=\"\" data-large-file=\"https:\/\/www.jornalja.com.br\/cultura\/wp-content\/uploads\/sites\/2\/2026\/01\/erasure-andy-bell-porto-alegre-2026-21-768x1024.jpeg\" \/><\/a>\n\t\t\t<\/div><\/figure><figure class='gallery-item'>\n\t\t\t<div class='gallery-icon landscape'>\n\t\t\t\t<a href='https:\/\/www.jornalja.com.br\/cultura\/erasure-em-porto-alegre\/erasure-andy-bell-porto-alegre-2026-22\/'><img decoding=\"async\" width=\"150\" height=\"150\" src=\"https:\/\/www.jornalja.com.br\/cultura\/wp-content\/uploads\/sites\/2\/2026\/01\/erasure-andy-bell-porto-alegre-2026-22-150x150.jpeg\" class=\"attachment-thumbnail size-thumbnail\" alt=\"\" data-attachment-id=\"91881\" data-permalink=\"https:\/\/www.jornalja.com.br\/cultura\/erasure-em-porto-alegre\/erasure-andy-bell-porto-alegre-2026-22\/\" data-orig-file=\"https:\/\/www.jornalja.com.br\/cultura\/wp-content\/uploads\/sites\/2\/2026\/01\/erasure-andy-bell-porto-alegre-2026-22-scaled.jpeg\" data-orig-size=\"2560,1920\" data-comments-opened=\"0\" data-image-meta=\"{&quot;aperture&quot;:&quot;2.4&quot;,&quot;credit&quot;:&quot;&quot;,&quot;camera&quot;:&quot;Galaxy S25 FE&quot;,&quot;caption&quot;:&quot;&quot;,&quot;created_timestamp&quot;:&quot;1769035703&quot;,&quot;copyright&quot;:&quot;&quot;,&quot;focal_length&quot;:&quot;7&quot;,&quot;iso&quot;:&quot;250&quot;,&quot;shutter_speed&quot;:&quot;0.016666666&quot;,&quot;title&quot;:&quot;&quot;,&quot;orientation&quot;:&quot;1&quot;}\" data-image-title=\"Erasure-Andy-bell-porto-alegre-2026 (22)\" data-image-description=\"\" data-image-caption=\"\" data-large-file=\"https:\/\/www.jornalja.com.br\/cultura\/wp-content\/uploads\/sites\/2\/2026\/01\/erasure-andy-bell-porto-alegre-2026-22-1024x768.jpeg\" \/><\/a>\n\t\t\t<\/div><\/figure><figure class='gallery-item'>\n\t\t\t<div class='gallery-icon landscape'>\n\t\t\t\t<a href='https:\/\/www.jornalja.com.br\/cultura\/erasure-em-porto-alegre\/erasure-andy-bell-porto-alegre-2026-23\/'><img decoding=\"async\" width=\"150\" height=\"150\" src=\"https:\/\/www.jornalja.com.br\/cultura\/wp-content\/uploads\/sites\/2\/2026\/01\/erasure-andy-bell-porto-alegre-2026-23-150x150.jpeg\" class=\"attachment-thumbnail size-thumbnail\" alt=\"\" data-attachment-id=\"91882\" data-permalink=\"https:\/\/www.jornalja.com.br\/cultura\/erasure-em-porto-alegre\/erasure-andy-bell-porto-alegre-2026-23\/\" data-orig-file=\"https:\/\/www.jornalja.com.br\/cultura\/wp-content\/uploads\/sites\/2\/2026\/01\/erasure-andy-bell-porto-alegre-2026-23-scaled.jpeg\" data-orig-size=\"2560,1920\" data-comments-opened=\"0\" data-image-meta=\"{&quot;aperture&quot;:&quot;2.4&quot;,&quot;credit&quot;:&quot;&quot;,&quot;camera&quot;:&quot;Galaxy S25 FE&quot;,&quot;caption&quot;:&quot;&quot;,&quot;created_timestamp&quot;:&quot;1769036155&quot;,&quot;copyright&quot;:&quot;&quot;,&quot;focal_length&quot;:&quot;7&quot;,&quot;iso&quot;:&quot;50&quot;,&quot;shutter_speed&quot;:&quot;0.008333333&quot;,&quot;title&quot;:&quot;&quot;,&quot;orientation&quot;:&quot;1&quot;}\" data-image-title=\"Erasure-Andy-bell-porto-alegre-2026 (23)\" data-image-description=\"\" data-image-caption=\"\" data-large-file=\"https:\/\/www.jornalja.com.br\/cultura\/wp-content\/uploads\/sites\/2\/2026\/01\/erasure-andy-bell-porto-alegre-2026-23-1024x768.jpeg\" \/><\/a>\n\t\t\t<\/div><\/figure>\n\t\t<\/div>\n\n<p>&nbsp;<\/p>\n","protected":false},"excerpt":{"rendered":"<p>Imposs\u00edvel pensar em ir num show como Erasure e n\u00e3o deduzir que ser\u00e1 apenas de hits ultradan\u00e7antes para cantar junto. Apesar disso, Andy Bell trouxe, nesta quarta 21, muito de sua carreira solo para o p\u00fablico que lotou o Ara\u00fajo Viana em Porto Alegre. Com figurino explendoroso e uma banda jovem, inclusive com a presen\u00e7a [&hellip;]<\/p>\n","protected":false},"author":176,"featured_media":91877,"comment_status":"closed","ping_status":"open","sticky":false,"template":"","format":"standard","meta":{"jetpack_post_was_ever_published":false,"_jetpack_newsletter_access":"","_jetpack_dont_email_post_to_subs":false,"_jetpack_newsletter_tier_id":0,"_jetpack_memberships_contains_paywalled_content":false,"_jetpack_memberships_contains_paid_content":false,"footnotes":"","jetpack_publicize_message":"","jetpack_publicize_feature_enabled":true,"jetpack_social_post_already_shared":true,"jetpack_social_options":{"image_generator_settings":{"template":"highway","default_image_id":0,"font":"","enabled":false},"version":2}},"categories":[2],"tags":[104,97,103,93,105,94],"class_list":["post-91859","post","type-post","status-publish","format-standard","has-post-thumbnail","hentry","category-materiasecundaria","tag-andy-bell","tag-araujo-viana","tag-erasure","tag-porto-alegre","tag-redencao","tag-show"],"aioseo_notices":[],"jetpack_publicize_connections":[],"jetpack_featured_media_url":"https:\/\/www.jornalja.com.br\/cultura\/wp-content\/uploads\/sites\/2\/2026\/01\/erasure-andy-bell-porto-alegre-2026-18-scaled.jpeg","jetpack-related-posts":[{"id":84180,"url":"https:\/\/www.jornalja.com.br\/cultura\/socorro-ocidente-show-0-bar-mais-rock-da-capital-faz-um-festival-online\/","url_meta":{"origin":91859,"position":0},"title":"Socorro Ocidente Show: 0 bar mais rock da capital faz um festival online","author":"da Reda\u00e7\u00e3o","date":"15 de julho de 2021","format":false,"excerpt":"\u00a0 O bar Ocidente considerado patrim\u00f4nio hist\u00f3rico cultural de Porto Alegre e que com a chegada do Covid e passados 16 meses,\u00a0 enfrenta dificuldades, pede socorro. Por isso, nos dias 16 e 23 de julho vai acontecer o Festival Online SOCORRO OCIDENTE SHOW. Ser\u00e3o duas noites de transmiss\u00e3o via youtube\u2026","rel":"","context":"Em &quot;Cultura-MAT\u00c9RIA&quot;","block_context":{"text":"Cultura-MAT\u00c9RIA","link":"https:\/\/www.jornalja.com.br\/cultura\/category\/materiasecundaria\/"},"img":{"alt_text":"","src":"https:\/\/i0.wp.com\/www.jornalja.com.br\/cultura\/wp-content\/uploads\/sites\/2\/2021\/07\/189476877-5495291527209008-2356260411655512062-n.jpg?resize=350%2C200&ssl=1","width":350,"height":200,"srcset":"https:\/\/i0.wp.com\/www.jornalja.com.br\/cultura\/wp-content\/uploads\/sites\/2\/2021\/07\/189476877-5495291527209008-2356260411655512062-n.jpg?resize=350%2C200&ssl=1 1x, https:\/\/i0.wp.com\/www.jornalja.com.br\/cultura\/wp-content\/uploads\/sites\/2\/2021\/07\/189476877-5495291527209008-2356260411655512062-n.jpg?resize=525%2C300&ssl=1 1.5x, https:\/\/i0.wp.com\/www.jornalja.com.br\/cultura\/wp-content\/uploads\/sites\/2\/2021\/07\/189476877-5495291527209008-2356260411655512062-n.jpg?resize=700%2C400&ssl=1 2x, https:\/\/i0.wp.com\/www.jornalja.com.br\/cultura\/wp-content\/uploads\/sites\/2\/2021\/07\/189476877-5495291527209008-2356260411655512062-n.jpg?resize=1050%2C600&ssl=1 3x, https:\/\/i0.wp.com\/www.jornalja.com.br\/cultura\/wp-content\/uploads\/sites\/2\/2021\/07\/189476877-5495291527209008-2356260411655512062-n.jpg?resize=1400%2C800&ssl=1 4x"},"classes":[]},{"id":85480,"url":"https:\/\/www.jornalja.com.br\/cultura\/queerides-serie-de-retratos-de-graca-craidy-na-mostra-fora-da-margem-da-chico-lisboa\/","url_meta":{"origin":91859,"position":1},"title":"\u201cQueerides\u201d, s\u00e9rie de retratos de Gra\u00e7a Craidy, na mostra Fora da Margem, da Associa\u00e7\u00e3o Chico Lisboa","author":"Higino Barros","date":"18 de fevereiro de 2022","format":false,"excerpt":"\u00a0A artista visual ga\u00facha Gra\u00e7a Craidy produziu dez retratos de personalidades queer da cultura brasileira e mundial e deu \u00e0 s\u00e9rie o sugestivo nome de \u201cQueerides\u201d. O conjunto de obras participar\u00e1 da mostra Fora da Margem: Panorama Visual das Subjetividades\u00a0Queer, promovida pela Associa\u00e7\u00e3o Riograndense de Artes Pl\u00e1sticas Francisco Lisboa,. A\u2026","rel":"","context":"Em &quot;Cultura-MAT\u00c9RIA&quot;","block_context":{"text":"Cultura-MAT\u00c9RIA","link":"https:\/\/www.jornalja.com.br\/cultura\/category\/materiasecundaria\/"},"img":{"alt_text":"","src":"https:\/\/i0.wp.com\/www.jornalja.com.br\/cultura\/wp-content\/uploads\/sites\/2\/2022\/02\/graca-1.jpg?resize=350%2C200&ssl=1","width":350,"height":200,"srcset":"https:\/\/i0.wp.com\/www.jornalja.com.br\/cultura\/wp-content\/uploads\/sites\/2\/2022\/02\/graca-1.jpg?resize=350%2C200&ssl=1 1x, https:\/\/i0.wp.com\/www.jornalja.com.br\/cultura\/wp-content\/uploads\/sites\/2\/2022\/02\/graca-1.jpg?resize=525%2C300&ssl=1 1.5x, https:\/\/i0.wp.com\/www.jornalja.com.br\/cultura\/wp-content\/uploads\/sites\/2\/2022\/02\/graca-1.jpg?resize=700%2C400&ssl=1 2x, https:\/\/i0.wp.com\/www.jornalja.com.br\/cultura\/wp-content\/uploads\/sites\/2\/2022\/02\/graca-1.jpg?resize=1050%2C600&ssl=1 3x"},"classes":[]},{"id":86815,"url":"https:\/\/www.jornalja.com.br\/cultura\/clube-de-jazz-take-five-celebra-os-90-anos-da-pianista-ivone-pacheco\/","url_meta":{"origin":91859,"position":2},"title":"Clube de jazz &#8220;Take Five&#8221; celebra os 90 anos da pianista Ivone Pacheco","author":"da Reda\u00e7\u00e3o","date":"5 de outubro de 2022","format":false,"excerpt":"\u00a0 O Swan Generation sedia o Take Five, o clube de jazz mais ic\u00f4nico de Porto Alegre. Idealizado pela professora de m\u00fasica Ivone Pacheco, h\u00e1 mais de 40 anos, a iniciativa passa a contar com apresenta\u00e7\u00f5es em formato especial e exclusivo neste hub de hospitalidade. A proposta \u00e9 difundir ainda\u2026","rel":"","context":"Em &quot;Cultura-MAT\u00c9RIA&quot;","block_context":{"text":"Cultura-MAT\u00c9RIA","link":"https:\/\/www.jornalja.com.br\/cultura\/category\/materiasecundaria\/"},"img":{"alt_text":"","src":"https:\/\/i0.wp.com\/www.jornalja.com.br\/cultura\/wp-content\/uploads\/sites\/2\/2022\/10\/jazz-photo-2022-10-04-17-47-40.jpg?resize=350%2C200&ssl=1","width":350,"height":200,"srcset":"https:\/\/i0.wp.com\/www.jornalja.com.br\/cultura\/wp-content\/uploads\/sites\/2\/2022\/10\/jazz-photo-2022-10-04-17-47-40.jpg?resize=350%2C200&ssl=1 1x, https:\/\/i0.wp.com\/www.jornalja.com.br\/cultura\/wp-content\/uploads\/sites\/2\/2022\/10\/jazz-photo-2022-10-04-17-47-40.jpg?resize=525%2C300&ssl=1 1.5x, https:\/\/i0.wp.com\/www.jornalja.com.br\/cultura\/wp-content\/uploads\/sites\/2\/2022\/10\/jazz-photo-2022-10-04-17-47-40.jpg?resize=700%2C400&ssl=1 2x, https:\/\/i0.wp.com\/www.jornalja.com.br\/cultura\/wp-content\/uploads\/sites\/2\/2022\/10\/jazz-photo-2022-10-04-17-47-40.jpg?resize=1050%2C600&ssl=1 3x"},"classes":[]},{"id":91697,"url":"https:\/\/www.jornalja.com.br\/cultura\/information-society-com-thea-austin-e-noel-em-porto-alegre\/","url_meta":{"origin":91859,"position":3},"title":"Information Society com Thea Austin e Noel em Porto Alegre","author":"Kika Freitas","date":"16 de dezembro de 2025","format":false,"excerpt":"Assistir a performance de Noel, Thea Austin e Information Society em Porto Alegre, na noite deste domingo 14 de dezembro, \u00e9, al\u00e9m de uma volta \u00e0 juventude, uma experimenta\u00e7\u00e3o de como bandas que fizeram grandes hits dan\u00e7antes dos anos 80 e 90 ainda mant\u00e9m o pique e a identidade. \u00a0\u2026","rel":"","context":"Em &quot;Cultura-MAT\u00c9RIA&quot;","block_context":{"text":"Cultura-MAT\u00c9RIA","link":"https:\/\/www.jornalja.com.br\/cultura\/category\/materiasecundaria\/"},"img":{"alt_text":"","src":"https:\/\/i0.wp.com\/www.jornalja.com.br\/cultura\/wp-content\/uploads\/sites\/2\/2025\/12\/information-society-porto-alegre-noel-thea-austin-7.jpeg?resize=350%2C200&ssl=1","width":350,"height":200,"srcset":"https:\/\/i0.wp.com\/www.jornalja.com.br\/cultura\/wp-content\/uploads\/sites\/2\/2025\/12\/information-society-porto-alegre-noel-thea-austin-7.jpeg?resize=350%2C200&ssl=1 1x, https:\/\/i0.wp.com\/www.jornalja.com.br\/cultura\/wp-content\/uploads\/sites\/2\/2025\/12\/information-society-porto-alegre-noel-thea-austin-7.jpeg?resize=525%2C300&ssl=1 1.5x, https:\/\/i0.wp.com\/www.jornalja.com.br\/cultura\/wp-content\/uploads\/sites\/2\/2025\/12\/information-society-porto-alegre-noel-thea-austin-7.jpeg?resize=700%2C400&ssl=1 2x, https:\/\/i0.wp.com\/www.jornalja.com.br\/cultura\/wp-content\/uploads\/sites\/2\/2025\/12\/information-society-porto-alegre-noel-thea-austin-7.jpeg?resize=1050%2C600&ssl=1 3x, https:\/\/i0.wp.com\/www.jornalja.com.br\/cultura\/wp-content\/uploads\/sites\/2\/2025\/12\/information-society-porto-alegre-noel-thea-austin-7.jpeg?resize=1400%2C800&ssl=1 4x"},"classes":[]},{"id":90744,"url":"https:\/\/www.jornalja.com.br\/cultura\/paulinho-da-viola-celebra-sua-historia-em-quando-o-samba-chama\/","url_meta":{"origin":91859,"position":4},"title":"Paulinho da Viola celebra sua hist\u00f3ria em &#8220;Quando o Samba Chama&#8221;","author":"Kika Freitas","date":"16 de mar\u00e7o de 2025","format":false,"excerpt":"Quem nunca assistiu Paulinho da Viola ao vivo, certamente, tem uma grata surpresa. N\u00e3o unicamente pela figura calma, serena, quase t\u00edmida em palco, mas tamb\u00e9m pela beleza e simplicidade de sua voz que, al\u00e9m de afinad\u00edssima, traz um acalento para a alma em arranjos complexos que, nesse soar, parecem t\u00e3o\u2026","rel":"","context":"Em &quot;Cultura-MAT\u00c9RIA&quot;","block_context":{"text":"Cultura-MAT\u00c9RIA","link":"https:\/\/www.jornalja.com.br\/cultura\/category\/materiasecundaria\/"},"img":{"alt_text":"","src":"https:\/\/i0.wp.com\/www.jornalja.com.br\/cultura\/wp-content\/uploads\/sites\/2\/2025\/03\/paulinho-da-viola-araujo-viana-porto-alegre-2025-16-scaled.jpg?resize=350%2C200&ssl=1","width":350,"height":200,"srcset":"https:\/\/i0.wp.com\/www.jornalja.com.br\/cultura\/wp-content\/uploads\/sites\/2\/2025\/03\/paulinho-da-viola-araujo-viana-porto-alegre-2025-16-scaled.jpg?resize=350%2C200&ssl=1 1x, https:\/\/i0.wp.com\/www.jornalja.com.br\/cultura\/wp-content\/uploads\/sites\/2\/2025\/03\/paulinho-da-viola-araujo-viana-porto-alegre-2025-16-scaled.jpg?resize=525%2C300&ssl=1 1.5x, https:\/\/i0.wp.com\/www.jornalja.com.br\/cultura\/wp-content\/uploads\/sites\/2\/2025\/03\/paulinho-da-viola-araujo-viana-porto-alegre-2025-16-scaled.jpg?resize=700%2C400&ssl=1 2x, https:\/\/i0.wp.com\/www.jornalja.com.br\/cultura\/wp-content\/uploads\/sites\/2\/2025\/03\/paulinho-da-viola-araujo-viana-porto-alegre-2025-16-scaled.jpg?resize=1050%2C600&ssl=1 3x, https:\/\/i0.wp.com\/www.jornalja.com.br\/cultura\/wp-content\/uploads\/sites\/2\/2025\/03\/paulinho-da-viola-araujo-viana-porto-alegre-2025-16-scaled.jpg?resize=1400%2C800&ssl=1 4x"},"classes":[]},{"id":82035,"url":"https:\/\/www.jornalja.com.br\/cultura\/a-vez-de-chanson-blues-com-luana-pacheco-e-luciano-leaes-no-mistura-fina-virtual\/","url_meta":{"origin":91859,"position":5},"title":"A vez de  &#8220;Chanson &amp; Blues&#8221;, com\u00a0Luana Pacheco e Luciano Le\u00e3es, no Mistura Fina virtual","author":"da Reda\u00e7\u00e3o","date":"25 de maio de 2020","format":false,"excerpt":"O show \"Chanson & Blues\", com\u00a0Luana Pacheco e Luciano Le\u00e3es, d\u00e1 continuidade \u00e0 s\u00e9rie de\u00a0show virtuais\u00a0que integram a programa\u00e7\u00e3o do projeto\u00a0Mistura\u00a0Fina\u00a0- M\u00fasica para Fugir do Tr\u00e2nsito, no pr\u00f3ximo dia\u00a028 de maio,\u00a0quinta-feira. A transmiss\u00e3o \u00e9 feita pelas redes sociais do Mistura Fina, pelo link:\u00a0www.facebook.com\/misturafinamusica\/, a partir das\u00a018h30min. O casal prop\u00f5e uma\u2026","rel":"","context":"Em &quot;Cultura-MAT\u00c9RIA&quot;","block_context":{"text":"Cultura-MAT\u00c9RIA","link":"https:\/\/www.jornalja.com.br\/cultura\/category\/materiasecundaria\/"},"img":{"alt_text":"","src":"https:\/\/i0.wp.com\/www.jornalja.com.br\/cultura\/wp-content\/uploads\/sites\/2\/2020\/05\/arte-luciano.jpg?resize=350%2C200&ssl=1","width":350,"height":200,"srcset":"https:\/\/i0.wp.com\/www.jornalja.com.br\/cultura\/wp-content\/uploads\/sites\/2\/2020\/05\/arte-luciano.jpg?resize=350%2C200&ssl=1 1x, https:\/\/i0.wp.com\/www.jornalja.com.br\/cultura\/wp-content\/uploads\/sites\/2\/2020\/05\/arte-luciano.jpg?resize=525%2C300&ssl=1 1.5x"},"classes":[]}],"jetpack_shortlink":"https:\/\/wp.me\/pbKnZc-nTB","jetpack_sharing_enabled":true,"_links":{"self":[{"href":"https:\/\/www.jornalja.com.br\/cultura\/wp-json\/wp\/v2\/posts\/91859","targetHints":{"allow":["GET"]}}],"collection":[{"href":"https:\/\/www.jornalja.com.br\/cultura\/wp-json\/wp\/v2\/posts"}],"about":[{"href":"https:\/\/www.jornalja.com.br\/cultura\/wp-json\/wp\/v2\/types\/post"}],"author":[{"embeddable":true,"href":"https:\/\/www.jornalja.com.br\/cultura\/wp-json\/wp\/v2\/users\/176"}],"replies":[{"embeddable":true,"href":"https:\/\/www.jornalja.com.br\/cultura\/wp-json\/wp\/v2\/comments?post=91859"}],"version-history":[{"count":1,"href":"https:\/\/www.jornalja.com.br\/cultura\/wp-json\/wp\/v2\/posts\/91859\/revisions"}],"predecessor-version":[{"id":91883,"href":"https:\/\/www.jornalja.com.br\/cultura\/wp-json\/wp\/v2\/posts\/91859\/revisions\/91883"}],"wp:featuredmedia":[{"embeddable":true,"href":"https:\/\/www.jornalja.com.br\/cultura\/wp-json\/wp\/v2\/media\/91877"}],"wp:attachment":[{"href":"https:\/\/www.jornalja.com.br\/cultura\/wp-json\/wp\/v2\/media?parent=91859"}],"wp:term":[{"taxonomy":"category","embeddable":true,"href":"https:\/\/www.jornalja.com.br\/cultura\/wp-json\/wp\/v2\/categories?post=91859"},{"taxonomy":"post_tag","embeddable":true,"href":"https:\/\/www.jornalja.com.br\/cultura\/wp-json\/wp\/v2\/tags?post=91859"}],"curies":[{"name":"wp","href":"https:\/\/api.w.org\/{rel}","templated":true}]}}