{"id":91923,"date":"2026-02-02T16:27:32","date_gmt":"2026-02-02T19:27:32","guid":{"rendered":"https:\/\/www.jornalja.com.br\/cultura\/?p=91923"},"modified":"2026-02-03T16:10:39","modified_gmt":"2026-02-03T19:10:39","slug":"comissao-de-urbanizacao-transporte-e-habitacao-da-camara-de-vereadores-debate-solucoes-para-o-centro-da-capital","status":"publish","type":"post","link":"https:\/\/www.jornalja.com.br\/cultura\/comissao-de-urbanizacao-transporte-e-habitacao-da-camara-de-vereadores-debate-solucoes-para-o-centro-da-capital\/","title":{"rendered":"Comiss\u00e3o de Urbaniza\u00e7\u00e3o, Transporte e Habita\u00e7\u00e3o, da C\u00e2mara de Vereadores, debate solu\u00e7\u00f5es para o Centro da Capital"},"content":{"rendered":"<div dir=\"auto\"><\/div>\n<div dir=\"auto\">O estado de conserva\u00e7\u00e3o das ruas e cal\u00e7adas do Centro Hist\u00f3rico de Porto Alegre virou tema de discuss\u00f5es na C\u00e2mara de Vereadores da capital ga\u00facha. S\u00e3o frequentes as reclama\u00e7\u00f5es de parte da popula\u00e7\u00e3o da cidade, principalmente a idosa, de quedas, acidentes e outras ocorr\u00eancias provocadas pelo mal estado dos locais p\u00fablicos.<\/div>\n<div dir=\"auto\"><\/div>\n<div dir=\"auto\">Por isso a primeira reuni\u00e3o, em 2026, da Comiss\u00e3o de Urbaniza\u00e7\u00e3o, Transporte e Habita\u00e7\u00e3o (Cuthab) ser\u00e1 no<\/div>\n<div dir=\"auto\">dia 03 de fevereiro de 2026 \u2013 ter\u00e7a-feira<\/div>\n<div dir=\"auto\">Com Hora\/local: 10h \u00e0s 12h, salas 301\/303 da C\u00e2mara Municipal de Porto Alegre (CMPA), avenida Loureiro da Silva, 255<\/div>\n<div dir=\"auto\">\n<figure id=\"attachment_91928\" aria-describedby=\"caption-attachment-91928\" style=\"width: 225px\" class=\"wp-caption alignnone\"><img decoding=\"async\" data-attachment-id=\"91928\" data-permalink=\"https:\/\/www.jornalja.com.br\/cultura\/comissao-de-urbanizacao-transporte-e-habitacao-da-camara-de-vereadores-debate-solucoes-para-o-centro-da-capital\/comissao\/\" data-orig-file=\"https:\/\/www.jornalja.com.br\/cultura\/wp-content\/uploads\/sites\/2\/2026\/02\/comissao-scaled.jpg\" data-orig-size=\"1920,2560\" data-comments-opened=\"0\" data-image-meta=\"{&quot;aperture&quot;:&quot;0&quot;,&quot;credit&quot;:&quot;&quot;,&quot;camera&quot;:&quot;&quot;,&quot;caption&quot;:&quot;&quot;,&quot;created_timestamp&quot;:&quot;0&quot;,&quot;copyright&quot;:&quot;&quot;,&quot;focal_length&quot;:&quot;0&quot;,&quot;iso&quot;:&quot;0&quot;,&quot;shutter_speed&quot;:&quot;0&quot;,&quot;title&quot;:&quot;&quot;,&quot;orientation&quot;:&quot;0&quot;}\" data-image-title=\"comiss\u00e3o\" data-image-description=\"\" data-image-caption=\"&lt;p&gt;Foto: Divulga\u00e7\u00e3o&lt;\/p&gt;\n\" data-large-file=\"https:\/\/www.jornalja.com.br\/cultura\/wp-content\/uploads\/sites\/2\/2026\/02\/comissao-768x1024.jpg\" class=\"size-medium wp-image-91928\" src=\"https:\/\/www.jornalja.com.br\/cultura\/wp-content\/uploads\/sites\/2\/2026\/02\/comissao-225x300.jpg\" alt=\"\" width=\"225\" height=\"300\" srcset=\"https:\/\/www.jornalja.com.br\/cultura\/wp-content\/uploads\/sites\/2\/2026\/02\/comissao-225x300.jpg 225w, https:\/\/www.jornalja.com.br\/cultura\/wp-content\/uploads\/sites\/2\/2026\/02\/comissao-768x1024.jpg 768w, https:\/\/www.jornalja.com.br\/cultura\/wp-content\/uploads\/sites\/2\/2026\/02\/comissao-1152x1536.jpg 1152w, https:\/\/www.jornalja.com.br\/cultura\/wp-content\/uploads\/sites\/2\/2026\/02\/comissao-1536x2048.jpg 1536w, https:\/\/www.jornalja.com.br\/cultura\/wp-content\/uploads\/sites\/2\/2026\/02\/comissao-1200x1600.jpg 1200w, https:\/\/www.jornalja.com.br\/cultura\/wp-content\/uploads\/sites\/2\/2026\/02\/comissao-scaled.jpg 1920w\" sizes=\"(max-width: 225px) 100vw, 225px\" \/><figcaption id=\"caption-attachment-91928\" class=\"wp-caption-text\">Foto: Divulga\u00e7\u00e3o<\/figcaption><\/figure>\n<\/div>\n<div dir=\"auto\">O proponente \u00e9 o vereador Pedro Ruas (PSOL), presidente da Cuthab, que coordenar\u00e1 a reuni\u00e3o<\/div>\n<div dir=\"auto\">para debater e propor solu\u00e7\u00f5es para o\u00a0 Urbanismo e Cidadania no Centro Hist\u00f3rico de Porto Alegre,<\/div>\n<div dir=\"auto\"><\/div>\n<div dir=\"auto\">\n<figure id=\"attachment_91924\" aria-describedby=\"caption-attachment-91924\" style=\"width: 225px\" class=\"wp-caption alignnone\"><img decoding=\"async\" data-attachment-id=\"91924\" data-permalink=\"https:\/\/www.jornalja.com.br\/cultura\/comissao-de-urbanizacao-transporte-e-habitacao-da-camara-de-vereadores-debate-solucoes-para-o-centro-da-capital\/comissao-img-20260202-wa0013\/\" data-orig-file=\"https:\/\/www.jornalja.com.br\/cultura\/wp-content\/uploads\/sites\/2\/2026\/02\/comissao-img-20260202-wa0013.jpg\" data-orig-size=\"1200,1600\" data-comments-opened=\"0\" data-image-meta=\"{&quot;aperture&quot;:&quot;0&quot;,&quot;credit&quot;:&quot;&quot;,&quot;camera&quot;:&quot;&quot;,&quot;caption&quot;:&quot;&quot;,&quot;created_timestamp&quot;:&quot;0&quot;,&quot;copyright&quot;:&quot;&quot;,&quot;focal_length&quot;:&quot;0&quot;,&quot;iso&quot;:&quot;0&quot;,&quot;shutter_speed&quot;:&quot;0&quot;,&quot;title&quot;:&quot;&quot;,&quot;orientation&quot;:&quot;0&quot;}\" data-image-title=\"comiss\u00e3o IMG-20260202-WA0013\" data-image-description=\"\" data-image-caption=\"&lt;p&gt;Os monumentos das pra\u00e7as no Centro t\u00eam sido furtados\/ Divulga\u00e7\u00e3o&lt;\/p&gt;\n\" data-large-file=\"https:\/\/www.jornalja.com.br\/cultura\/wp-content\/uploads\/sites\/2\/2026\/02\/comissao-img-20260202-wa0013-768x1024.jpg\" class=\"size-medium wp-image-91924\" src=\"https:\/\/www.jornalja.com.br\/cultura\/wp-content\/uploads\/sites\/2\/2026\/02\/comissao-img-20260202-wa0013-225x300.jpg\" alt=\"\" width=\"225\" height=\"300\" srcset=\"https:\/\/www.jornalja.com.br\/cultura\/wp-content\/uploads\/sites\/2\/2026\/02\/comissao-img-20260202-wa0013-225x300.jpg 225w, https:\/\/www.jornalja.com.br\/cultura\/wp-content\/uploads\/sites\/2\/2026\/02\/comissao-img-20260202-wa0013-768x1024.jpg 768w, https:\/\/www.jornalja.com.br\/cultura\/wp-content\/uploads\/sites\/2\/2026\/02\/comissao-img-20260202-wa0013-1152x1536.jpg 1152w, https:\/\/www.jornalja.com.br\/cultura\/wp-content\/uploads\/sites\/2\/2026\/02\/comissao-img-20260202-wa0013.jpg 1200w\" sizes=\"(max-width: 225px) 100vw, 225px\" \/><figcaption id=\"caption-attachment-91924\" class=\"wp-caption-text\">Os monumentos das pra\u00e7as no Centro t\u00eam sido furtados\/ Divulga\u00e7\u00e3o<\/figcaption><\/figure>\n<\/div>\n<div dir=\"auto\">H\u00e1 muitas queixas como o desaparecimento de bens culturais e est\u00e1tuas (s\u00f3 na Pra\u00e7a da Alf\u00e2ndega foram roubados o Mapa, de M\u00e1rio Quintana e o busto de Artigas, uma homenagem do Uruguai \u00e0 Porto Alegre); a falta de cuidados no conserto do cal\u00e7amento e pra\u00e7as; reformas da \u00e1rea central que prejudicam cadeirantes e outros PcDs; seguran\u00e7a p\u00fablica, entre outros.<\/div>\n<div dir=\"auto\">Para debater o tema foram convidados representantes da Prefeitura de Porto Alegre, pessoas e entidades com atua\u00e7\u00e3o na \u00e1rea.<\/div>\n<div dir=\"auto\"><\/div>\n","protected":false},"excerpt":{"rendered":"<p>O estado de conserva\u00e7\u00e3o das ruas e cal\u00e7adas do Centro Hist\u00f3rico de Porto Alegre virou tema de discuss\u00f5es na C\u00e2mara de Vereadores da capital ga\u00facha. S\u00e3o frequentes as reclama\u00e7\u00f5es de parte da popula\u00e7\u00e3o da cidade, principalmente a idosa, de quedas, acidentes e outras ocorr\u00eancias provocadas pelo mal estado dos locais p\u00fablicos. Por isso a primeira [&hellip;]<\/p>\n","protected":false},"author":3,"featured_media":91927,"comment_status":"closed","ping_status":"open","sticky":false,"template":"","format":"standard","meta":{"jetpack_post_was_ever_published":false,"_jetpack_newsletter_access":"","_jetpack_dont_email_post_to_subs":false,"_jetpack_newsletter_tier_id":0,"_jetpack_memberships_contains_paywalled_content":false,"_jetpack_memberships_contains_paid_content":false,"footnotes":"","jetpack_publicize_message":"","jetpack_publicize_feature_enabled":true,"jetpack_social_post_already_shared":true,"jetpack_social_options":{"image_generator_settings":{"template":"highway","default_image_id":0,"font":"","enabled":false},"version":2}},"categories":[54],"tags":[],"class_list":["post-91923","post","type-post","status-publish","format-standard","has-post-thumbnail","hentry","category-geral"],"aioseo_notices":[],"jetpack_publicize_connections":[],"jetpack_featured_media_url":"https:\/\/www.jornalja.com.br\/cultura\/wp-content\/uploads\/sites\/2\/2026\/02\/comissao-img-20260202-wa0021-scaled.jpg","jetpack-related-posts":[{"id":72096,"url":"https:\/\/www.jornalja.com.br\/cultura\/biblioteca-publica-do-estado-espalha-livros-pelo-centro-da-capital-no-dia-do-leitor\/","url_meta":{"origin":91923,"position":0},"title":"Biblioteca P\u00fablica do Estado espalha livros  pelo centro da capital no\u00a0Dia do Leitor","author":"da Reda\u00e7\u00e3o","date":"4 de janeiro de 2019","format":false,"excerpt":"\u00a0O Dia do Leitor ser\u00e1 comemorado na pr\u00f3xima segunda feira, dia 7 de janeiro, quando a Biblioteca P\u00fablica do Estado do Rio Grande do Sul (BPE-RS) espalhar\u00e1 livros pelo Centro de Porto Alegre. A ideia \u00e9 estimular a leitura e o surgimento de novos leitores. A a\u00e7\u00e3o ter\u00e1 in\u00edcio \u00e0s\u2026","rel":"","context":"Em &quot;Cultura-MAT\u00c9RIA&quot;","block_context":{"text":"Cultura-MAT\u00c9RIA","link":"https:\/\/www.jornalja.com.br\/cultura\/category\/materiasecundaria\/"},"img":{"alt_text":"","src":"https:\/\/i0.wp.com\/www.jornalja.com.br\/wp-content\/uploads\/2019\/01\/a%C3%A7%C3%A3o-dia-do-leitor-2-foto-Vera-Pinto-450x338.jpg?resize=350%2C200&ssl=1","width":350,"height":200},"classes":[]},{"id":85517,"url":"https:\/\/www.jornalja.com.br\/cultura\/o-olhar-amoroso-de-ibere-camargo-sobre-porto-alegre-nos-250-anos-da-cidade\/","url_meta":{"origin":91923,"position":1},"title":"O olhar amoroso de Iber\u00ea Camargo sobre Porto Alegre, nos 250 anos da cidade","author":"da Reda\u00e7\u00e3o","date":"23 de fevereiro de 2022","format":false,"excerpt":"Para celebrar os 250 anos da Capital ga\u00facha, a Funda\u00e7\u00e3o Iber\u00ea Camargo inaugura, no dia 12 de mar\u00e7o, \u00e0s 11 horas, a exposi\u00e7\u00e3o \u201cIber\u00ea e Porto Alegre \u2013 No andar do tempo\u201d. Ser\u00e3o apresentadas 38 obras do acervo, entre pinturas e desenhos, e prop\u00f5e um passeio pelo olhar do artista\u2026","rel":"","context":"Em &quot;Cultura-MAT\u00c9RIA&quot;","block_context":{"text":"Cultura-MAT\u00c9RIA","link":"https:\/\/www.jornalja.com.br\/cultura\/category\/materiasecundaria\/"},"img":{"alt_text":"","src":"https:\/\/i0.wp.com\/www.jornalja.com.br\/cultura\/wp-content\/uploads\/sites\/2\/2022\/02\/ibere-250-anos-poa.png?resize=350%2C200&ssl=1","width":350,"height":200},"classes":[]},{"id":74474,"url":"https:\/\/www.jornalja.com.br\/cultura\/fotografos-mostram-distintos-olhares-sobre-negritude-e-cultura-na-camara-municipal\/","url_meta":{"origin":91923,"position":2},"title":"Fot\u00f3grafos mostram distintos olhares sobre negritude e cultura, na C\u00e2mara Municipal","author":"da Reda\u00e7\u00e3o","date":"10 de maio de 2019","format":false,"excerpt":"Abre na segunda-feira, 20, \u00e0s 20h, na\u00a0Galeria T Cultural Tereza Franco, na\u00a0C\u00e2mara Municipal de Porto Alegre, (av. Loureiro da Silva, 225) a exposi\u00e7\u00e3o Nossa Negritude, Distintos Olhares. A mostra tem o apoio do\u00a0\u00a0Fumproarte e da Coordena\u00e7\u00e3o de Artes Pl\u00e1sticas da Secretaria Municipal da Cultura, do\u00a0Conselho Municipal da Cultura, da\u00a0ONG Suve\u2026","rel":"","context":"Em &quot;Cultura-MAT\u00c9RIA&quot;","block_context":{"text":"Cultura-MAT\u00c9RIA","link":"https:\/\/www.jornalja.com.br\/cultura\/category\/materiasecundaria\/"},"img":{"alt_text":"","src":"https:\/\/i0.wp.com\/www.jornalja.com.br\/wp-content\/uploads\/2019\/05\/arte-Adriana-Rodrigues-Foto-Credito-Lu%C3%ADs-Pedro-Fraga-450x300.jpg?resize=350%2C200&ssl=1","width":350,"height":200},"classes":[]},{"id":85963,"url":"https:\/\/www.jornalja.com.br\/cultura\/noite-dos-museus-o-reencontro-da-populacao-da-capital-com-a-cidade-atraves-da-arte\/","url_meta":{"origin":91923,"position":3},"title":"Noite dos Museus:  o reencontro da popula\u00e7\u00e3o da capital com a cidade , atrav\u00e9s da arte","author":"Higino Barros","date":"23 de maio de 2022","format":false,"excerpt":"Higino Barros Porto Alegre j\u00e1 tem o evento cultural mais impactante do ano: A Noite dos Museus, ocorrida no s\u00e1bado, dia 21, em 20 equipamentos culturais da cidade, que levou \u00e0s ruas da capital ga\u00facha cerca de 180 mil pessoas, segundo os c\u00e1lculos dos seus organizadores. H\u00e1 dois anos o\u2026","rel":"","context":"Em &quot;Cultura-MAT\u00c9RIA&quot;","block_context":{"text":"Cultura-MAT\u00c9RIA","link":"https:\/\/www.jornalja.com.br\/cultura\/category\/materiasecundaria\/"},"img":{"alt_text":"","src":"https:\/\/i0.wp.com\/www.jornalja.com.br\/cultura\/wp-content\/uploads\/sites\/2\/2022\/05\/noite-dos-museus-palacio-piratini-foto-alvaro-bonadiman-1.jpg?resize=350%2C200&ssl=1","width":350,"height":200,"srcset":"https:\/\/i0.wp.com\/www.jornalja.com.br\/cultura\/wp-content\/uploads\/sites\/2\/2022\/05\/noite-dos-museus-palacio-piratini-foto-alvaro-bonadiman-1.jpg?resize=350%2C200&ssl=1 1x, https:\/\/i0.wp.com\/www.jornalja.com.br\/cultura\/wp-content\/uploads\/sites\/2\/2022\/05\/noite-dos-museus-palacio-piratini-foto-alvaro-bonadiman-1.jpg?resize=525%2C300&ssl=1 1.5x, https:\/\/i0.wp.com\/www.jornalja.com.br\/cultura\/wp-content\/uploads\/sites\/2\/2022\/05\/noite-dos-museus-palacio-piratini-foto-alvaro-bonadiman-1.jpg?resize=700%2C400&ssl=1 2x"},"classes":[]},{"id":90238,"url":"https:\/\/www.jornalja.com.br\/cultura\/a-trupi-di-trapu-celebra-a-cultura-afrobrasileira-em-bandele-montagem-que-mistura-linguagens-diferentes\/","url_meta":{"origin":91923,"position":4},"title":"A Trupi di Trapu celebra a cultura afrobrasileira em &#8220;Bandele&#8221;, montagem que mistura linguagens diferentes","author":"da Reda\u00e7\u00e3o","date":"7 de novembro de 2024","format":false,"excerpt":"\u00a0 O espet\u00e1culo \u201cBandele\u201d, que mescla bonecos, narra\u00e7\u00e3o oral e visuais inspiradores, est\u00e1 de volta para duas apresenta\u00e7\u00f5es \u00fanicas nos dias\u00a008 e 09 de novembro,\u00a0sexta-feira\u00a0e\u00a0s\u00e1bado, \u00e0s\u00a015h, no\u00a0Teatro Gl\u00eanio Peres, localizado junto \u00e0 C\u00e2mara de Vereadores de Porto Alegre. A montagem faz parte da\u00a0VIII Mostra de Artes C\u00eanicas e M\u00fasica do\u2026","rel":"","context":"Em &quot;Cultura-NOTAS&quot;","block_context":{"text":"Cultura-NOTAS","link":"https:\/\/www.jornalja.com.br\/cultura\/category\/culturanotas\/"},"img":{"alt_text":"","src":"https:\/\/i0.wp.com\/www.jornalja.com.br\/cultura\/wp-content\/uploads\/sites\/2\/2024\/11\/bandele-100724-bandele-manha-lauratesta-078-scaled.jpg?resize=350%2C200&ssl=1","width":350,"height":200,"srcset":"https:\/\/i0.wp.com\/www.jornalja.com.br\/cultura\/wp-content\/uploads\/sites\/2\/2024\/11\/bandele-100724-bandele-manha-lauratesta-078-scaled.jpg?resize=350%2C200&ssl=1 1x, https:\/\/i0.wp.com\/www.jornalja.com.br\/cultura\/wp-content\/uploads\/sites\/2\/2024\/11\/bandele-100724-bandele-manha-lauratesta-078-scaled.jpg?resize=525%2C300&ssl=1 1.5x, https:\/\/i0.wp.com\/www.jornalja.com.br\/cultura\/wp-content\/uploads\/sites\/2\/2024\/11\/bandele-100724-bandele-manha-lauratesta-078-scaled.jpg?resize=700%2C400&ssl=1 2x, https:\/\/i0.wp.com\/www.jornalja.com.br\/cultura\/wp-content\/uploads\/sites\/2\/2024\/11\/bandele-100724-bandele-manha-lauratesta-078-scaled.jpg?resize=1050%2C600&ssl=1 3x, https:\/\/i0.wp.com\/www.jornalja.com.br\/cultura\/wp-content\/uploads\/sites\/2\/2024\/11\/bandele-100724-bandele-manha-lauratesta-078-scaled.jpg?resize=1400%2C800&ssl=1 4x"},"classes":[]},{"id":87960,"url":"https:\/\/www.jornalja.com.br\/cultura\/mobfotografia-exposicao-com-fotos-de-celular-reune-90-imagens-de-45-fotografos\/","url_meta":{"origin":91923,"position":5},"title":"&#8220;Mobfotografia&#8221;: exposi\u00e7\u00e3o com fotos de celular  re\u00fane 90 imagens de 45 fot\u00f3grafos","author":"da Reda\u00e7\u00e3o","date":"9 de junho de 2023","format":false,"excerpt":"\u2019Mobgrafia - Express\u00e3o Urbana\u201d \u00e9 a exposi\u00e7\u00e3o que ocupar\u00e1 a Galeria Escadaria, em sua segunda edi\u00e7\u00e3o, a partir desse s\u00e1bado,\u00a0 dia 10 de junho, reunindo 90 imagens de 45 fot\u00f3grafos, feitas em celulares ou tablets. Com curadoria do publicit\u00e1rio e fot\u00f3grafo Marcos Monteiro, a iniciativa tem um car\u00e1ter duplamente democr\u00e1tico,\u2026","rel":"","context":"Em &quot;Cultura-MAT\u00c9RIA&quot;","block_context":{"text":"Cultura-MAT\u00c9RIA","link":"https:\/\/www.jornalja.com.br\/cultura\/category\/materiasecundaria\/"},"img":{"alt_text":"","src":"https:\/\/i0.wp.com\/www.jornalja.com.br\/cultura\/wp-content\/uploads\/sites\/2\/2023\/06\/expo-mobgrafia-2022-img-5064-foto-marcos-monteiro.jpg?resize=350%2C200&ssl=1","width":350,"height":200,"srcset":"https:\/\/i0.wp.com\/www.jornalja.com.br\/cultura\/wp-content\/uploads\/sites\/2\/2023\/06\/expo-mobgrafia-2022-img-5064-foto-marcos-monteiro.jpg?resize=350%2C200&ssl=1 1x, https:\/\/i0.wp.com\/www.jornalja.com.br\/cultura\/wp-content\/uploads\/sites\/2\/2023\/06\/expo-mobgrafia-2022-img-5064-foto-marcos-monteiro.jpg?resize=525%2C300&ssl=1 1.5x, https:\/\/i0.wp.com\/www.jornalja.com.br\/cultura\/wp-content\/uploads\/sites\/2\/2023\/06\/expo-mobgrafia-2022-img-5064-foto-marcos-monteiro.jpg?resize=700%2C400&ssl=1 2x"},"classes":[]}],"jetpack_shortlink":"https:\/\/wp.me\/pbKnZc-nUD","jetpack_sharing_enabled":true,"_links":{"self":[{"href":"https:\/\/www.jornalja.com.br\/cultura\/wp-json\/wp\/v2\/posts\/91923","targetHints":{"allow":["GET"]}}],"collection":[{"href":"https:\/\/www.jornalja.com.br\/cultura\/wp-json\/wp\/v2\/posts"}],"about":[{"href":"https:\/\/www.jornalja.com.br\/cultura\/wp-json\/wp\/v2\/types\/post"}],"author":[{"embeddable":true,"href":"https:\/\/www.jornalja.com.br\/cultura\/wp-json\/wp\/v2\/users\/3"}],"replies":[{"embeddable":true,"href":"https:\/\/www.jornalja.com.br\/cultura\/wp-json\/wp\/v2\/comments?post=91923"}],"version-history":[{"count":3,"href":"https:\/\/www.jornalja.com.br\/cultura\/wp-json\/wp\/v2\/posts\/91923\/revisions"}],"predecessor-version":[{"id":91931,"href":"https:\/\/www.jornalja.com.br\/cultura\/wp-json\/wp\/v2\/posts\/91923\/revisions\/91931"}],"wp:featuredmedia":[{"embeddable":true,"href":"https:\/\/www.jornalja.com.br\/cultura\/wp-json\/wp\/v2\/media\/91927"}],"wp:attachment":[{"href":"https:\/\/www.jornalja.com.br\/cultura\/wp-json\/wp\/v2\/media?parent=91923"}],"wp:term":[{"taxonomy":"category","embeddable":true,"href":"https:\/\/www.jornalja.com.br\/cultura\/wp-json\/wp\/v2\/categories?post=91923"},{"taxonomy":"post_tag","embeddable":true,"href":"https:\/\/www.jornalja.com.br\/cultura\/wp-json\/wp\/v2\/tags?post=91923"}],"curies":[{"name":"wp","href":"https:\/\/api.w.org\/{rel}","templated":true}]}}