{"id":92026,"date":"2026-03-03T20:33:13","date_gmt":"2026-03-03T23:33:13","guid":{"rendered":"https:\/\/www.jornalja.com.br\/cultura\/?p=92026"},"modified":"2026-03-04T00:03:59","modified_gmt":"2026-03-04T03:03:59","slug":"feminicidio-artista-visual-graca-craidy-ha-11-anos-produz-obras-sobre-violencia-contra-a-mulher","status":"publish","type":"post","link":"https:\/\/www.jornalja.com.br\/cultura\/feminicidio-artista-visual-graca-craidy-ha-11-anos-produz-obras-sobre-violencia-contra-a-mulher\/","title":{"rendered":"Feminic\u00eddio &#8211; Artista visual Gra\u00e7a Craidy h\u00e1 11 anos produz obras sobre viol\u00eancia contra a mulher"},"content":{"rendered":"\n<p><\/p>\n\n\n\n<p>A artista visual ga\u00facha Gra\u00e7a Craidy produziu, a partir de 2015, uma cole\u00e7\u00e3o com cerca de 60 obras sobre feminic\u00eddio e viol\u00eancia contra a mulher, a fim de denunciar esses tipos de crimes e ajudar a conscientizar a popula\u00e7\u00e3o em favor do fim dessas pr\u00e1ticas delituosas.<\/p>\n\n\n\n<p>Com mais de 20 mortes de mulheres registradas em janeiro e fevereiro deste ano, o Rio Grande do Sul inicia 2026 como l\u00edder nacional da macabra estat\u00edstica do feminic\u00eddio.<\/p>\n\n\n\n<figure class=\"wp-block-image size-large\"><img decoding=\"async\" width=\"1024\" height=\"706\" data-attachment-id=\"92028\" data-permalink=\"https:\/\/www.jornalja.com.br\/cultura\/feminicidio-artista-visual-graca-craidy-ha-11-anos-produz-obras-sobre-violencia-contra-a-mulher\/graca-1-mulher-morta-pelo-marido-foto-de-obra-de-graca-craidy\/\" data-orig-file=\"https:\/\/www.jornalja.com.br\/cultura\/wp-content\/uploads\/sites\/2\/2026\/03\/graca-1mulher-morta-pelo-marido-foto-de-obra-de-graca-craidy-scaled.jpg\" data-orig-size=\"2560,1765\" data-comments-opened=\"0\" data-image-meta=\"{&quot;aperture&quot;:&quot;0&quot;,&quot;credit&quot;:&quot;&quot;,&quot;camera&quot;:&quot;&quot;,&quot;caption&quot;:&quot;&quot;,&quot;created_timestamp&quot;:&quot;0&quot;,&quot;copyright&quot;:&quot;&quot;,&quot;focal_length&quot;:&quot;0&quot;,&quot;iso&quot;:&quot;0&quot;,&quot;shutter_speed&quot;:&quot;0&quot;,&quot;title&quot;:&quot;&quot;,&quot;orientation&quot;:&quot;1&quot;}\" data-image-title=\"gra\u00e7a 1.Mulher morta pelo marido &amp;#8211; Foto de Obra de Gra\u00e7a Craidy\" data-image-description=\"\" data-image-caption=\"\" data-large-file=\"https:\/\/www.jornalja.com.br\/cultura\/wp-content\/uploads\/sites\/2\/2026\/03\/graca-1mulher-morta-pelo-marido-foto-de-obra-de-graca-craidy-1024x706.jpg\" src=\"https:\/\/www.jornalja.com.br\/cultura\/wp-content\/uploads\/sites\/2\/2026\/03\/graca-1mulher-morta-pelo-marido-foto-de-obra-de-graca-craidy-1024x706.jpg\" alt=\"\" class=\"wp-image-92028\" srcset=\"https:\/\/www.jornalja.com.br\/cultura\/wp-content\/uploads\/sites\/2\/2026\/03\/graca-1mulher-morta-pelo-marido-foto-de-obra-de-graca-craidy-1024x706.jpg 1024w, https:\/\/www.jornalja.com.br\/cultura\/wp-content\/uploads\/sites\/2\/2026\/03\/graca-1mulher-morta-pelo-marido-foto-de-obra-de-graca-craidy-300x207.jpg 300w, https:\/\/www.jornalja.com.br\/cultura\/wp-content\/uploads\/sites\/2\/2026\/03\/graca-1mulher-morta-pelo-marido-foto-de-obra-de-graca-craidy-768x529.jpg 768w, https:\/\/www.jornalja.com.br\/cultura\/wp-content\/uploads\/sites\/2\/2026\/03\/graca-1mulher-morta-pelo-marido-foto-de-obra-de-graca-craidy-1536x1059.jpg 1536w, https:\/\/www.jornalja.com.br\/cultura\/wp-content\/uploads\/sites\/2\/2026\/03\/graca-1mulher-morta-pelo-marido-foto-de-obra-de-graca-craidy-2048x1412.jpg 2048w\" sizes=\"(max-width: 1024px) 100vw, 1024px\" \/><figcaption class=\"wp-element-caption\">Obra &#8220;mulher morta pelo marido&#8221;. Reprodu\u00e7\u00e3o<\/figcaption><\/figure>\n\n\n\n<h2 class=\"wp-block-heading\">\u201cMeu bem, meu mal\u201d<\/h2>\n\n\n\n<p>Neste m\u00eas de mar\u00e7o dedicado \u00e0s mulheres, 12 obras da artista, do recorte intitulado \u201cMeu bem, meu mal\u201d, estar\u00e3o expostas na Assembleia Legislativa do RS.<\/p>\n\n\n\n<p>O projeto integra o ato de lan\u00e7amento do Relat\u00f3rio Lil\u00e1s 2026, da Comiss\u00e3o de Cidadania e Direitos Humanos da Casa, na quarta-feira (4\/3).<\/p>\n\n\n\n<figure class=\"wp-block-image alignleft size-large is-resized\"><img decoding=\"async\" width=\"1024\" height=\"768\" data-attachment-id=\"92029\" data-permalink=\"https:\/\/www.jornalja.com.br\/cultura\/feminicidio-artista-visual-graca-craidy-ha-11-anos-produz-obras-sobre-violencia-contra-a-mulher\/graca-iii-angulo-de-exposicao-ja-montada-foto-carlos-souza\/\" data-orig-file=\"https:\/\/www.jornalja.com.br\/cultura\/wp-content\/uploads\/sites\/2\/2026\/03\/graca-iiiangulo-de-exposicao-ja-montada-foto-carlos-souza-scaled.jpg\" data-orig-size=\"2560,1920\" data-comments-opened=\"0\" data-image-meta=\"{&quot;aperture&quot;:&quot;0&quot;,&quot;credit&quot;:&quot;&quot;,&quot;camera&quot;:&quot;&quot;,&quot;caption&quot;:&quot;&quot;,&quot;created_timestamp&quot;:&quot;0&quot;,&quot;copyright&quot;:&quot;&quot;,&quot;focal_length&quot;:&quot;0&quot;,&quot;iso&quot;:&quot;0&quot;,&quot;shutter_speed&quot;:&quot;0&quot;,&quot;title&quot;:&quot;&quot;,&quot;orientation&quot;:&quot;1&quot;}\" data-image-title=\"gra\u00e7a III.\u00c2ngulo de exposi\u00e7\u00e3o j\u00e1 montada &amp;#8211; Foto Carlos Souza\" data-image-description=\"\" data-image-caption=\"\" data-large-file=\"https:\/\/www.jornalja.com.br\/cultura\/wp-content\/uploads\/sites\/2\/2026\/03\/graca-iiiangulo-de-exposicao-ja-montada-foto-carlos-souza-1024x768.jpg\" src=\"https:\/\/www.jornalja.com.br\/cultura\/wp-content\/uploads\/sites\/2\/2026\/03\/graca-iiiangulo-de-exposicao-ja-montada-foto-carlos-souza-1024x768.jpg\" alt=\"\" class=\"wp-image-92029\" style=\"width:371px;height:auto\" srcset=\"https:\/\/www.jornalja.com.br\/cultura\/wp-content\/uploads\/sites\/2\/2026\/03\/graca-iiiangulo-de-exposicao-ja-montada-foto-carlos-souza-1024x768.jpg 1024w, https:\/\/www.jornalja.com.br\/cultura\/wp-content\/uploads\/sites\/2\/2026\/03\/graca-iiiangulo-de-exposicao-ja-montada-foto-carlos-souza-300x225.jpg 300w, https:\/\/www.jornalja.com.br\/cultura\/wp-content\/uploads\/sites\/2\/2026\/03\/graca-iiiangulo-de-exposicao-ja-montada-foto-carlos-souza-768x576.jpg 768w, https:\/\/www.jornalja.com.br\/cultura\/wp-content\/uploads\/sites\/2\/2026\/03\/graca-iiiangulo-de-exposicao-ja-montada-foto-carlos-souza-1536x1152.jpg 1536w, https:\/\/www.jornalja.com.br\/cultura\/wp-content\/uploads\/sites\/2\/2026\/03\/graca-iiiangulo-de-exposicao-ja-montada-foto-carlos-souza-2048x1536.jpg 2048w\" sizes=\"(max-width: 1024px) 100vw, 1024px\" \/><figcaption class=\"wp-element-caption\">Foto Carlos Souza\/Divulga\u00e7\u00e3o<\/figcaption><\/figure>\n\n\n\n<p>A mostra permanecer\u00e1 aberta \u00e0 visita\u00e7\u00e3o at\u00e9 as 18h de sexta-feira (6), no Espa\u00e7o de Exposi\u00e7\u00e3o Dep. Carlos Santos. A entrada \u00e9 gratuita. S\u00e3o quadros, acr\u00edlica sobre tela e sobre papel, que variam de 60 x 40 cm a 1.80 x 3.60 m.<\/p>\n\n\n\n<p>A primeira exposi\u00e7\u00e3o de Gra\u00e7a nessa tem\u00e1tica coincidiu com o surgimento da Lei do Feminic\u00eddio, que tipificou o assassinato de mulheres por raz\u00f5es de g\u00eanero como crime hediondo no pa\u00eds, em 2015.<\/p>\n\n\n\n<p>De l\u00e1 para c\u00e1, em praticamente todos os meses de mar\u00e7o as obras de sua cole\u00e7\u00e3o foram expostas em institui\u00e7\u00f5es como Tribunal de Justi\u00e7a do RS, Justi\u00e7a Federal, Tribunal Regional do Trabalho, Memorial do Minist\u00e9rio P\u00fablico, Associa\u00e7\u00e3o dos Ju\u00edzes, Universidade Federal do Rio Grande do Sul (UFRGS), Universidade Federal do Rio Grande (Furg) e Universidade Federal do Paran\u00e1 (UFPR) \u2013 Campo Mour\u00e3o, entre outras.<\/p>\n\n\n\n<figure class=\"wp-block-image alignright size-large is-resized\"><img decoding=\"async\" width=\"673\" height=\"1024\" data-attachment-id=\"92033\" data-permalink=\"https:\/\/www.jornalja.com.br\/cultura\/feminicidio-artista-visual-graca-craidy-ha-11-anos-produz-obras-sobre-violencia-contra-a-mulher\/graca-4-imagem-de-obra-sob-violencia-psicologica-usada-em-capa-de-livro-de-desembargadora\/\" data-orig-file=\"https:\/\/www.jornalja.com.br\/cultura\/wp-content\/uploads\/sites\/2\/2026\/03\/graca-4imagem-de-obra-sob-violencia-psicologica-usada-em-capa-de-livro-de-desembargadora-scaled.jpg\" data-orig-size=\"1683,2560\" data-comments-opened=\"0\" data-image-meta=\"{&quot;aperture&quot;:&quot;0&quot;,&quot;credit&quot;:&quot;&quot;,&quot;camera&quot;:&quot;&quot;,&quot;caption&quot;:&quot;&quot;,&quot;created_timestamp&quot;:&quot;0&quot;,&quot;copyright&quot;:&quot;&quot;,&quot;focal_length&quot;:&quot;0&quot;,&quot;iso&quot;:&quot;0&quot;,&quot;shutter_speed&quot;:&quot;0&quot;,&quot;title&quot;:&quot;&quot;,&quot;orientation&quot;:&quot;1&quot;}\" data-image-title=\"gra\u00e7a 4.Imagem de obra sob viol\u00eancia psicol\u00f3gica usada em capa de livro de desembargadora\" data-image-description=\"\" data-image-caption=\"\" data-large-file=\"https:\/\/www.jornalja.com.br\/cultura\/wp-content\/uploads\/sites\/2\/2026\/03\/graca-4imagem-de-obra-sob-violencia-psicologica-usada-em-capa-de-livro-de-desembargadora-673x1024.jpg\" src=\"https:\/\/www.jornalja.com.br\/cultura\/wp-content\/uploads\/sites\/2\/2026\/03\/graca-4imagem-de-obra-sob-violencia-psicologica-usada-em-capa-de-livro-de-desembargadora-673x1024.jpg\" alt=\"\" class=\"wp-image-92033\" style=\"aspect-ratio:0.6572267634350274;width:131px;height:auto\" srcset=\"https:\/\/www.jornalja.com.br\/cultura\/wp-content\/uploads\/sites\/2\/2026\/03\/graca-4imagem-de-obra-sob-violencia-psicologica-usada-em-capa-de-livro-de-desembargadora-673x1024.jpg 673w, https:\/\/www.jornalja.com.br\/cultura\/wp-content\/uploads\/sites\/2\/2026\/03\/graca-4imagem-de-obra-sob-violencia-psicologica-usada-em-capa-de-livro-de-desembargadora-197x300.jpg 197w, https:\/\/www.jornalja.com.br\/cultura\/wp-content\/uploads\/sites\/2\/2026\/03\/graca-4imagem-de-obra-sob-violencia-psicologica-usada-em-capa-de-livro-de-desembargadora-768x1168.jpg 768w, https:\/\/www.jornalja.com.br\/cultura\/wp-content\/uploads\/sites\/2\/2026\/03\/graca-4imagem-de-obra-sob-violencia-psicologica-usada-em-capa-de-livro-de-desembargadora-1010x1536.jpg 1010w, https:\/\/www.jornalja.com.br\/cultura\/wp-content\/uploads\/sites\/2\/2026\/03\/graca-4imagem-de-obra-sob-violencia-psicologica-usada-em-capa-de-livro-de-desembargadora-1346x2048.jpg 1346w, https:\/\/www.jornalja.com.br\/cultura\/wp-content\/uploads\/sites\/2\/2026\/03\/graca-4imagem-de-obra-sob-violencia-psicologica-usada-em-capa-de-livro-de-desembargadora-scaled.jpg 1683w\" sizes=\"(max-width: 673px) 100vw, 673px\" \/><figcaption class=\"wp-element-caption\">Obra da artista j\u00e1 foi utilizada em capa de livro. Reprodu\u00e7\u00e3o<\/figcaption><\/figure>\n\n\n\n<p>Obras suas tamb\u00e9m j\u00e1 ilustraram capa de livros sobre o tema, como o de autoria da primeira desembargadora ga\u00facha, Maria Berenice Dias (aposentada), e foram objeto do estudo acad\u00eamico no Instituto de Artes da UFRGS.<\/p>\n\n\n\n<p><\/p>\n\n\n\n<p><\/p>\n\n\n\n<h2 class=\"wp-block-heading\">\u201cAt\u00e9 que a morte nos separe\u201d<\/h2>\n\n\n\n<p>Al\u00e9m de \u201cMeu bem, meu mal\u201d, t\u00edtulo que alude ao contexto onde geralmente acontecem os crimes, dentro de casa, muitas vezes diante dos filhos, Gra\u00e7a tamb\u00e9m possui outros diversos recortes: \u201cAt\u00e9 que a morte nos separe\u201d &#8211; pinturas a partir de fotos das cenas dos crimes publicadas em jornais; \u201cLivrai-nos do Mal\u201d &#8211; que aponta as viol\u00eancias referidas na Lei Maria da Penha; \u201cFeminicidas, o machismo que mata\u201d &#8211; na qual os homens s\u00e3o representados com rev\u00f3lveres no lugar do p\u00eanis; e \u201cEstupro\u201d &#8211; que retrata abuso sexual coletivo cometido por homens contra uma mulher.<\/p>\n\n\n\n<figure class=\"wp-block-image aligncenter size-large is-resized\"><img decoding=\"async\" width=\"1024\" height=\"523\" data-attachment-id=\"92035\" data-permalink=\"https:\/\/www.jornalja.com.br\/cultura\/feminicidio-artista-visual-graca-craidy-ha-11-anos-produz-obras-sobre-violencia-contra-a-mulher\/graca-2-poliptico-com-a-represencao-de-autores-de-feminicidio-com-revolveres-no-lugar-do-penis-obra-de-graca-craidy\/\" data-orig-file=\"https:\/\/www.jornalja.com.br\/cultura\/wp-content\/uploads\/sites\/2\/2026\/03\/graca-2poliptico-com-a-represencao-de-autores-de-feminicidio-com-revolveres-no-lugar-do-penis-obra-de-graca-craidy-scaled.jpg\" data-orig-size=\"2560,1307\" data-comments-opened=\"0\" data-image-meta=\"{&quot;aperture&quot;:&quot;0&quot;,&quot;credit&quot;:&quot;&quot;,&quot;camera&quot;:&quot;&quot;,&quot;caption&quot;:&quot;&quot;,&quot;created_timestamp&quot;:&quot;0&quot;,&quot;copyright&quot;:&quot;&quot;,&quot;focal_length&quot;:&quot;0&quot;,&quot;iso&quot;:&quot;0&quot;,&quot;shutter_speed&quot;:&quot;0&quot;,&quot;title&quot;:&quot;&quot;,&quot;orientation&quot;:&quot;1&quot;}\" data-image-title=\"gra\u00e7a  2.Pol\u00edptico com a represen\u00e7\u00e3o de autores de feminic\u00eddio com rev\u00f3lveres no lugar do p\u00eanis &amp;#8211; obra de Gra\u00e7a Craidy\" data-image-description=\"\" data-image-caption=\"\" data-large-file=\"https:\/\/www.jornalja.com.br\/cultura\/wp-content\/uploads\/sites\/2\/2026\/03\/graca-2poliptico-com-a-represencao-de-autores-de-feminicidio-com-revolveres-no-lugar-do-penis-obra-de-graca-craidy-1024x523.jpg\" src=\"https:\/\/www.jornalja.com.br\/cultura\/wp-content\/uploads\/sites\/2\/2026\/03\/graca-2poliptico-com-a-represencao-de-autores-de-feminicidio-com-revolveres-no-lugar-do-penis-obra-de-graca-craidy-1024x523.jpg\" alt=\"\" class=\"wp-image-92035\" style=\"width:625px;height:auto\" srcset=\"https:\/\/www.jornalja.com.br\/cultura\/wp-content\/uploads\/sites\/2\/2026\/03\/graca-2poliptico-com-a-represencao-de-autores-de-feminicidio-com-revolveres-no-lugar-do-penis-obra-de-graca-craidy-1024x523.jpg 1024w, https:\/\/www.jornalja.com.br\/cultura\/wp-content\/uploads\/sites\/2\/2026\/03\/graca-2poliptico-com-a-represencao-de-autores-de-feminicidio-com-revolveres-no-lugar-do-penis-obra-de-graca-craidy-300x153.jpg 300w, https:\/\/www.jornalja.com.br\/cultura\/wp-content\/uploads\/sites\/2\/2026\/03\/graca-2poliptico-com-a-represencao-de-autores-de-feminicidio-com-revolveres-no-lugar-do-penis-obra-de-graca-craidy-768x392.jpg 768w, https:\/\/www.jornalja.com.br\/cultura\/wp-content\/uploads\/sites\/2\/2026\/03\/graca-2poliptico-com-a-represencao-de-autores-de-feminicidio-com-revolveres-no-lugar-do-penis-obra-de-graca-craidy-1536x784.jpg 1536w, https:\/\/www.jornalja.com.br\/cultura\/wp-content\/uploads\/sites\/2\/2026\/03\/graca-2poliptico-com-a-represencao-de-autores-de-feminicidio-com-revolveres-no-lugar-do-penis-obra-de-graca-craidy-2048x1046.jpg 2048w\" sizes=\"(max-width: 1024px) 100vw, 1024px\" \/><\/figure>\n\n\n\n<p><\/p>\n\n\n\n<h2 class=\"wp-block-heading\">Mudan\u00e7a pela educa\u00e7\u00e3o<\/h2>\n\n\n\n<p>A artista defende que \u00e9 preciso \u201cmudar a cultura do machismo, do senhor propriet\u00e1rio, da mulher propriedade\u201d, o que, acredita, s\u00f3 vai acontecer &nbsp;pela educa\u00e7\u00e3o.<\/p>\n\n\n\n<p>Aos 74 anos de idade, Gra\u00e7a acredita que a arte pode sensibilizar pessoas com poder de interferir para a revers\u00e3o do atual quadro. \u201cA arte n\u00e3o pode impor igualdade, barrar o gesto nem conter o tiro. Mas quem \u00e9 tocado pela arte pode\u201d.<\/p>\n\n\n\n<figure class=\"wp-block-image aligncenter size-large is-resized\"><img decoding=\"async\" width=\"746\" height=\"1024\" data-attachment-id=\"92037\" data-permalink=\"https:\/\/www.jornalja.com.br\/cultura\/feminicidio-artista-visual-graca-craidy-ha-11-anos-produz-obras-sobre-violencia-contra-a-mulher\/graca-5-artista-graca-craidy-foto-carlos-souza\/\" data-orig-file=\"https:\/\/www.jornalja.com.br\/cultura\/wp-content\/uploads\/sites\/2\/2026\/03\/graca-5artista-graca-craidy-foto-carlos-souza-scaled.jpg\" data-orig-size=\"1866,2560\" data-comments-opened=\"0\" data-image-meta=\"{&quot;aperture&quot;:&quot;0&quot;,&quot;credit&quot;:&quot;&quot;,&quot;camera&quot;:&quot;&quot;,&quot;caption&quot;:&quot;&quot;,&quot;created_timestamp&quot;:&quot;0&quot;,&quot;copyright&quot;:&quot;&quot;,&quot;focal_length&quot;:&quot;0&quot;,&quot;iso&quot;:&quot;0&quot;,&quot;shutter_speed&quot;:&quot;0&quot;,&quot;title&quot;:&quot;&quot;,&quot;orientation&quot;:&quot;0&quot;}\" data-image-title=\"gra\u00e7a 5.Artista Gra\u00e7a Craidy &amp;#8211; Foto Carlos Souza\" data-image-description=\"\" data-image-caption=\"\" data-large-file=\"https:\/\/www.jornalja.com.br\/cultura\/wp-content\/uploads\/sites\/2\/2026\/03\/graca-5artista-graca-craidy-foto-carlos-souza-746x1024.jpg\" src=\"https:\/\/www.jornalja.com.br\/cultura\/wp-content\/uploads\/sites\/2\/2026\/03\/graca-5artista-graca-craidy-foto-carlos-souza-746x1024.jpg\" alt=\"\" class=\"wp-image-92037\" style=\"width:348px;height:auto\" srcset=\"https:\/\/www.jornalja.com.br\/cultura\/wp-content\/uploads\/sites\/2\/2026\/03\/graca-5artista-graca-craidy-foto-carlos-souza-746x1024.jpg 746w, https:\/\/www.jornalja.com.br\/cultura\/wp-content\/uploads\/sites\/2\/2026\/03\/graca-5artista-graca-craidy-foto-carlos-souza-219x300.jpg 219w, https:\/\/www.jornalja.com.br\/cultura\/wp-content\/uploads\/sites\/2\/2026\/03\/graca-5artista-graca-craidy-foto-carlos-souza-768x1054.jpg 768w, https:\/\/www.jornalja.com.br\/cultura\/wp-content\/uploads\/sites\/2\/2026\/03\/graca-5artista-graca-craidy-foto-carlos-souza-1119x1536.jpg 1119w, https:\/\/www.jornalja.com.br\/cultura\/wp-content\/uploads\/sites\/2\/2026\/03\/graca-5artista-graca-craidy-foto-carlos-souza-1493x2048.jpg 1493w, https:\/\/www.jornalja.com.br\/cultura\/wp-content\/uploads\/sites\/2\/2026\/03\/graca-5artista-graca-craidy-foto-carlos-souza-scaled.jpg 1866w\" sizes=\"(max-width: 746px) 100vw, 746px\" \/><figcaption class=\"wp-element-caption\">A artista Gra\u00e7a Craidy. Foto Carlos Souza\/Divulga\u00e7\u00e3o<\/figcaption><\/figure>\n\n\n\n<p>Expressionista, ela soma dezenas de trabalhos individuais e coletivos, em cidades como S\u00e3o Paulo, Rio de Janeiro e Bras\u00edlia; no exterior, j\u00e1 apresentou uma mostra individual na It\u00e1lia, onde tamb\u00e9m fez cursos em Roma e Floren\u00e7a.<\/p>\n\n\n\n<p><\/p>\n\n\n\n<h2 class=\"wp-block-heading\">Relat\u00f3rio Lil\u00e1s<\/h2>\n\n\n\n<p>Com 165 p\u00e1ginas, o Relat\u00f3rio Lil\u00e1s re\u00fane uma s\u00e9rie de textos, entre os quais o do presidente da Comiss\u00e3o de Cidadania e Direitos Humanos, deputado Ad\u00e3o Pretto Filho (PT). Ele diz que a realidade brutal \u201cexige resposta en\u00e9rgica, estrutura institucional e, acima de tudo, compromisso com a vida das mulheres\u201d. Dado trazido por Pretto aponta que, em abril de 2025, o RS registrou um aumento de mais de 1000% nos casos de feminic\u00eddio em compara\u00e7\u00e3o com o mesmo per\u00edodo do ano anterior. Em um s\u00f3 m\u00eas, 11 mulheres foram v\u00edtimas de feminic\u00eddio.<\/p>\n\n\n\n<p>Em sua 4\u00aa edi\u00e7\u00e3o, o Relat\u00f3rio Lil\u00e1s conclui que \u201ca combina\u00e7\u00e3o de medidas judiciais c\u00e9leres, mutir\u00f5es processuais, capacita\u00e7\u00e3o da rede de prote\u00e7\u00e3o, educa\u00e7\u00e3o para a igualdade de g\u00eanero e reeduca\u00e7\u00e3o dos autores de viol\u00eancia, juntamente com o envolvimento em a\u00e7\u00f5es promovidas por outros \u00f3rg\u00e3os, tem gerado resultados significativos\u201d.<\/p>\n\n\n\n<p><strong>Casos consumados e tentados &#8211;<\/strong> O Brasil registrou 6.904 v\u00edtimas de casos consumados e tentados de feminic\u00eddio em 2025, o que representa um aumento de 34% em rela\u00e7\u00e3o ao ano de 2024, quando houve 5.150 v\u00edtimas. Foram 4.755 tentativas e 2.149 assassinatos, totalizando quase seis (5,89) mulheres mortas por dia no pa\u00eds. Os dados s\u00e3o do Relat\u00f3rio Anual de Feminic\u00eddios no Brasil 2025, elaborado pelo Laborat\u00f3rio de Estudos de Feminic\u00eddios da Universidade Estadual de Londrina\/PR (Lesfem\/UEL).<\/p>\n\n\n\n<p>No in\u00edcio de fevereiro, o Executivo, o Legislativo e o Judici\u00e1rio firmaram o Pacto Brasil entre os Tr\u00eas Poderes para Enfrentamento do Feminic\u00eddio.<\/p>\n","protected":false},"excerpt":{"rendered":"<p>A artista visual ga\u00facha Gra\u00e7a Craidy produziu, a partir de 2015, uma cole\u00e7\u00e3o com cerca de 60 obras sobre feminic\u00eddio e viol\u00eancia contra a mulher, a fim de denunciar esses tipos de crimes e ajudar a conscientizar a popula\u00e7\u00e3o em favor do fim dessas pr\u00e1ticas delituosas. Com mais de 20 mortes de mulheres registradas em [&hellip;]<\/p>\n","protected":false},"author":4,"featured_media":92027,"comment_status":"closed","ping_status":"open","sticky":false,"template":"","format":"standard","meta":{"jetpack_post_was_ever_published":false,"_jetpack_newsletter_access":"","_jetpack_dont_email_post_to_subs":false,"_jetpack_newsletter_tier_id":0,"_jetpack_memberships_contains_paywalled_content":false,"_jetpack_memberships_contains_paid_content":false,"footnotes":"","jetpack_publicize_message":"","jetpack_publicize_feature_enabled":true,"jetpack_social_post_already_shared":true,"jetpack_social_options":{"image_generator_settings":{"template":"highway","default_image_id":0,"font":"","enabled":false},"version":2}},"categories":[2],"tags":[],"class_list":["post-92026","post","type-post","status-publish","format-standard","has-post-thumbnail","hentry","category-materiasecundaria"],"aioseo_notices":[],"jetpack_publicize_connections":[],"jetpack_featured_media_url":"https:\/\/www.jornalja.com.br\/cultura\/wp-content\/uploads\/sites\/2\/2026\/03\/graca-3mulher-agredida-obra-de-graca-craidy-scaled.jpg","jetpack-related-posts":[{"id":87539,"url":"https:\/\/www.jornalja.com.br\/cultura\/feminicidio-tema-da-nova-exposicao-da-artista-visual-graca-craidy\/","url_meta":{"origin":92026,"position":0},"title":"Feminic\u00eddio, tema da nova exposi\u00e7\u00e3o da artista visual Gra\u00e7a Craidy","author":"da Reda\u00e7\u00e3o","date":"27 de fevereiro de 2023","format":false,"excerpt":"\u00a0 De 3 a 31 de mar\u00e7o, a artista visual Gra\u00e7a Craidy apresenta a mostra \u201cManifesto Antifeminic\u00eddio\u201d, a convite da Ajuris (Associa\u00e7\u00e3o dos Ju\u00edzes do Rio Grande do Sul), no\u00a0\u00c1trio do Foro II de Porto Alegre.\u00a0 As obras denunciam a escalada do feminic\u00eddio no pa\u00eds, incluindo o Estado, e buscam\u2026","rel":"","context":"Em &quot;Cultura-MAT\u00c9RIA&quot;","block_context":{"text":"Cultura-MAT\u00c9RIA","link":"https:\/\/www.jornalja.com.br\/cultura\/category\/materiasecundaria\/"},"img":{"alt_text":"","src":"https:\/\/i0.wp.com\/www.jornalja.com.br\/cultura\/wp-content\/uploads\/sites\/2\/2023\/02\/graca-1noiva-cadaver-i-scaled.jpg?resize=350%2C200&ssl=1","width":350,"height":200,"srcset":"https:\/\/i0.wp.com\/www.jornalja.com.br\/cultura\/wp-content\/uploads\/sites\/2\/2023\/02\/graca-1noiva-cadaver-i-scaled.jpg?resize=350%2C200&ssl=1 1x, https:\/\/i0.wp.com\/www.jornalja.com.br\/cultura\/wp-content\/uploads\/sites\/2\/2023\/02\/graca-1noiva-cadaver-i-scaled.jpg?resize=525%2C300&ssl=1 1.5x, https:\/\/i0.wp.com\/www.jornalja.com.br\/cultura\/wp-content\/uploads\/sites\/2\/2023\/02\/graca-1noiva-cadaver-i-scaled.jpg?resize=700%2C400&ssl=1 2x, https:\/\/i0.wp.com\/www.jornalja.com.br\/cultura\/wp-content\/uploads\/sites\/2\/2023\/02\/graca-1noiva-cadaver-i-scaled.jpg?resize=1050%2C600&ssl=1 3x, https:\/\/i0.wp.com\/www.jornalja.com.br\/cultura\/wp-content\/uploads\/sites\/2\/2023\/02\/graca-1noiva-cadaver-i-scaled.jpg?resize=1400%2C800&ssl=1 4x"},"classes":[]},{"id":90575,"url":"https:\/\/www.jornalja.com.br\/cultura\/graca-graidy-completa-dez-anos-de-arte-expondo-violencia-contra-mulher-em-meu-bem-meu-mal\/","url_meta":{"origin":92026,"position":1},"title":"Gra\u00e7a Craidy completa dez anos de arte expondo viol\u00eancia contra mulher em  &#8220;Meu bem, meu mal&#8221;","author":"da Reda\u00e7\u00e3o","date":"5 de fevereiro de 2025","format":false,"excerpt":"\u00a0 Depois de uma d\u00e9cada denunciando viol\u00eancia contra a mulher com suas pinturas, a artista visual ga\u00facha Gra\u00e7a Craidy re\u00fane obras das suas v\u00e1rias cole\u00e7\u00f5es como a s\u00e9rie At\u00e9 que a morte nos separe, com retratos das cenas dos crimes de feminic\u00eddio coletadas em fotos de notici\u00e1rios, a s\u00e9rie Livrai-nos\u2026","rel":"","context":"Em &quot;Cultura-MAT\u00c9RIA&quot;","block_context":{"text":"Cultura-MAT\u00c9RIA","link":"https:\/\/www.jornalja.com.br\/cultura\/category\/materiasecundaria\/"},"img":{"alt_text":"","src":"https:\/\/i0.wp.com\/www.jornalja.com.br\/cultura\/wp-content\/uploads\/sites\/2\/2025\/02\/foto-4-img-20250204-wa0006.jpg?resize=350%2C200&ssl=1","width":350,"height":200,"srcset":"https:\/\/i0.wp.com\/www.jornalja.com.br\/cultura\/wp-content\/uploads\/sites\/2\/2025\/02\/foto-4-img-20250204-wa0006.jpg?resize=350%2C200&ssl=1 1x, https:\/\/i0.wp.com\/www.jornalja.com.br\/cultura\/wp-content\/uploads\/sites\/2\/2025\/02\/foto-4-img-20250204-wa0006.jpg?resize=525%2C300&ssl=1 1.5x, https:\/\/i0.wp.com\/www.jornalja.com.br\/cultura\/wp-content\/uploads\/sites\/2\/2025\/02\/foto-4-img-20250204-wa0006.jpg?resize=700%2C400&ssl=1 2x, https:\/\/i0.wp.com\/www.jornalja.com.br\/cultura\/wp-content\/uploads\/sites\/2\/2025\/02\/foto-4-img-20250204-wa0006.jpg?resize=1050%2C600&ssl=1 3x, https:\/\/i0.wp.com\/www.jornalja.com.br\/cultura\/wp-content\/uploads\/sites\/2\/2025\/02\/foto-4-img-20250204-wa0006.jpg?resize=1400%2C800&ssl=1 4x"},"classes":[]},{"id":73049,"url":"https:\/\/www.jornalja.com.br\/cultura\/nova-exposicao-de-graca-craidy-tem-como-tema-o-machismo-que-mata\/","url_meta":{"origin":92026,"position":2},"title":"Nova exposi\u00e7\u00e3o de Gra\u00e7a Craidy tem como tema o machismo que mata","author":"da Reda\u00e7\u00e3o","date":"27 de fevereiro de 2019","format":false,"excerpt":"Feminicidas - O machismo que mata. Esse \u00e9 o tema da exposi\u00e7\u00e3o da artista\u00a0pl\u00e1stica ga\u00facha Gra\u00e7a Craidy, que alerta para o crescente n\u00famero de feminic\u00eddios no Brasil. A mostra inaugura na quinta-feira, 7 de mar\u00e7o, \u00e0s 19h, no Foyer da Sala O Retrato, no 4\u00ba andar, do Centro Cultural CEEE\u2026","rel":"","context":"Em &quot;Cultura-MAT\u00c9RIA&quot;","block_context":{"text":"Cultura-MAT\u00c9RIA","link":"https:\/\/www.jornalja.com.br\/cultura\/category\/materiasecundaria\/"},"img":{"alt_text":"","src":"https:\/\/i0.wp.com\/www.jornalja.com.br\/wp-content\/uploads\/2019\/02\/gra%C3%A7a-1-001-450x207.jpg?resize=350%2C200&ssl=1","width":350,"height":200},"classes":[]},{"id":89170,"url":"https:\/\/www.jornalja.com.br\/cultura\/exposicao-manifesto-antifeminicidio-da-artista-visual-graca-craidy-celebra-o-dia-internacional-da-mulher\/","url_meta":{"origin":92026,"position":3},"title":"Exposi\u00e7\u00e3o Manifesto Antifeminic\u00eddio, da artista visual Gra\u00e7a Craidy, celebra o Dia Internacional da Mulher","author":"Higino Barros","date":"6 de mar\u00e7o de 2024","format":false,"excerpt":"Quem circular pela Assembleia Legislativa do Rio Grande do Sul nesta semana, marcada pelo Dia Internacional da Mulher (8), deparar\u00e1 com um Manifesto Antifeminic\u00eddio, em forma de arte, exposto pela artista visual Gra\u00e7a Craidy no Espa\u00e7o Carlos Santos, principal acesso \u00e0 Casa Parlamentar. O Manifesto Antifeminic\u00eddio \u00e9 composto de seis\u2026","rel":"","context":"Em &quot;Cultura-MAT\u00c9RIA&quot;","block_context":{"text":"Cultura-MAT\u00c9RIA","link":"https:\/\/www.jornalja.com.br\/cultura\/category\/materiasecundaria\/"},"img":{"alt_text":"","src":"https:\/\/i0.wp.com\/www.jornalja.com.br\/cultura\/wp-content\/uploads\/sites\/2\/2024\/03\/graca-img-20240306-wa0012.jpg?resize=350%2C200&ssl=1","width":350,"height":200,"srcset":"https:\/\/i0.wp.com\/www.jornalja.com.br\/cultura\/wp-content\/uploads\/sites\/2\/2024\/03\/graca-img-20240306-wa0012.jpg?resize=350%2C200&ssl=1 1x, https:\/\/i0.wp.com\/www.jornalja.com.br\/cultura\/wp-content\/uploads\/sites\/2\/2024\/03\/graca-img-20240306-wa0012.jpg?resize=525%2C300&ssl=1 1.5x, https:\/\/i0.wp.com\/www.jornalja.com.br\/cultura\/wp-content\/uploads\/sites\/2\/2024\/03\/graca-img-20240306-wa0012.jpg?resize=700%2C400&ssl=1 2x, https:\/\/i0.wp.com\/www.jornalja.com.br\/cultura\/wp-content\/uploads\/sites\/2\/2024\/03\/graca-img-20240306-wa0012.jpg?resize=1050%2C600&ssl=1 3x, https:\/\/i0.wp.com\/www.jornalja.com.br\/cultura\/wp-content\/uploads\/sites\/2\/2024\/03\/graca-img-20240306-wa0012.jpg?resize=1400%2C800&ssl=1 4x"},"classes":[]},{"id":80912,"url":"https:\/\/www.jornalja.com.br\/cultura\/ato-de-repudio-ao-feminicidio-reune-mulheres-e-comunidade-cultural-da-capital-e-regiao\/","url_meta":{"origin":92026,"position":4},"title":"Ato de Rep\u00fadio ao Feminic\u00eddio re\u00fane mulheres e comunidade cultural da capital e regi\u00e3o","author":"da Reda\u00e7\u00e3o","date":"3 de fevereiro de 2020","format":false,"excerpt":"Porto Alegre far\u00e1 parte das manifesta\u00e7\u00f5es que est\u00e3o acontecendo em todo o Brasil contra o feminic\u00eddio. Segundo a organiza\u00e7\u00e3o, o ato promovido por mulheres e artistas de Porto Alegre e regi\u00e3o, de forma aut\u00f4noma e espont\u00e2nea, \u00e9 em rep\u00fadio \u00e0 viol\u00eancia de g\u00eanero e em mem\u00f3ria daquelas que morreram por\u2026","rel":"","context":"Em &quot;Cultura-MAT\u00c9RIA&quot;","block_context":{"text":"Cultura-MAT\u00c9RIA","link":"https:\/\/www.jornalja.com.br\/cultura\/category\/materiasecundaria\/"},"img":{"alt_text":"","src":"https:\/\/i0.wp.com\/www.jornalja.com.br\/cultura\/wp-content\/uploads\/sites\/2\/2020\/02\/arte-A-vida-pede-passagem.jpeg?resize=350%2C200&ssl=1","width":350,"height":200,"srcset":"https:\/\/i0.wp.com\/www.jornalja.com.br\/cultura\/wp-content\/uploads\/sites\/2\/2020\/02\/arte-A-vida-pede-passagem.jpeg?resize=350%2C200&ssl=1 1x, https:\/\/i0.wp.com\/www.jornalja.com.br\/cultura\/wp-content\/uploads\/sites\/2\/2020\/02\/arte-A-vida-pede-passagem.jpeg?resize=525%2C300&ssl=1 1.5x, https:\/\/i0.wp.com\/www.jornalja.com.br\/cultura\/wp-content\/uploads\/sites\/2\/2020\/02\/arte-A-vida-pede-passagem.jpeg?resize=700%2C400&ssl=1 2x"},"classes":[]},{"id":90077,"url":"https:\/\/www.jornalja.com.br\/cultura\/as-imagens-do-desassossego-na-pintura-de-sandra-goncalves\/","url_meta":{"origin":92026,"position":5},"title":"As &#8220;Imagens do Desassossego&#8221; na pintura de Sandra Gon\u00e7alves","author":"da Reda\u00e7\u00e3o","date":"15 de outubro de 2024","format":false,"excerpt":"\u00a0 Temas como o feminic\u00eddio, a viol\u00eancia e o silenciamento hist\u00f3rico das mulheres est\u00e3o presentes na exposi\u00e7\u00e3o que inaugura nesta ter\u00e7a-feira, 15 de outubro, \u00e0s 19h, no Espa\u00e7o de Artes da UFSCPA. \u00a0As mulheres, resilientes e sobreviventes, buscam for\u00e7as na vida marcada pelo vermelho na exposi\u00e7\u00e3o \u201cImagens do Desassossego\u201d da\u2026","rel":"","context":"Em &quot;Cultura-MAT\u00c9RIA&quot;","block_context":{"text":"Cultura-MAT\u00c9RIA","link":"https:\/\/www.jornalja.com.br\/cultura\/category\/materiasecundaria\/"},"img":{"alt_text":"","src":"https:\/\/i0.wp.com\/www.jornalja.com.br\/cultura\/wp-content\/uploads\/sites\/2\/2024\/10\/copia-de-10-tudo-danca-transmutacao-18-2021-100-x-70-cm-72-dpi.jpg?resize=350%2C200&ssl=1","width":350,"height":200,"srcset":"https:\/\/i0.wp.com\/www.jornalja.com.br\/cultura\/wp-content\/uploads\/sites\/2\/2024\/10\/copia-de-10-tudo-danca-transmutacao-18-2021-100-x-70-cm-72-dpi.jpg?resize=350%2C200&ssl=1 1x, https:\/\/i0.wp.com\/www.jornalja.com.br\/cultura\/wp-content\/uploads\/sites\/2\/2024\/10\/copia-de-10-tudo-danca-transmutacao-18-2021-100-x-70-cm-72-dpi.jpg?resize=525%2C300&ssl=1 1.5x, https:\/\/i0.wp.com\/www.jornalja.com.br\/cultura\/wp-content\/uploads\/sites\/2\/2024\/10\/copia-de-10-tudo-danca-transmutacao-18-2021-100-x-70-cm-72-dpi.jpg?resize=700%2C400&ssl=1 2x, https:\/\/i0.wp.com\/www.jornalja.com.br\/cultura\/wp-content\/uploads\/sites\/2\/2024\/10\/copia-de-10-tudo-danca-transmutacao-18-2021-100-x-70-cm-72-dpi.jpg?resize=1050%2C600&ssl=1 3x"},"classes":[]}],"jetpack_shortlink":"https:\/\/wp.me\/pbKnZc-nWi","jetpack_sharing_enabled":true,"_links":{"self":[{"href":"https:\/\/www.jornalja.com.br\/cultura\/wp-json\/wp\/v2\/posts\/92026","targetHints":{"allow":["GET"]}}],"collection":[{"href":"https:\/\/www.jornalja.com.br\/cultura\/wp-json\/wp\/v2\/posts"}],"about":[{"href":"https:\/\/www.jornalja.com.br\/cultura\/wp-json\/wp\/v2\/types\/post"}],"author":[{"embeddable":true,"href":"https:\/\/www.jornalja.com.br\/cultura\/wp-json\/wp\/v2\/users\/4"}],"replies":[{"embeddable":true,"href":"https:\/\/www.jornalja.com.br\/cultura\/wp-json\/wp\/v2\/comments?post=92026"}],"version-history":[{"count":7,"href":"https:\/\/www.jornalja.com.br\/cultura\/wp-json\/wp\/v2\/posts\/92026\/revisions"}],"predecessor-version":[{"id":92039,"href":"https:\/\/www.jornalja.com.br\/cultura\/wp-json\/wp\/v2\/posts\/92026\/revisions\/92039"}],"wp:featuredmedia":[{"embeddable":true,"href":"https:\/\/www.jornalja.com.br\/cultura\/wp-json\/wp\/v2\/media\/92027"}],"wp:attachment":[{"href":"https:\/\/www.jornalja.com.br\/cultura\/wp-json\/wp\/v2\/media?parent=92026"}],"wp:term":[{"taxonomy":"category","embeddable":true,"href":"https:\/\/www.jornalja.com.br\/cultura\/wp-json\/wp\/v2\/categories?post=92026"},{"taxonomy":"post_tag","embeddable":true,"href":"https:\/\/www.jornalja.com.br\/cultura\/wp-json\/wp\/v2\/tags?post=92026"}],"curies":[{"name":"wp","href":"https:\/\/api.w.org\/{rel}","templated":true}]}}