{"id":92041,"date":"2026-03-10T00:31:14","date_gmt":"2026-03-10T03:31:14","guid":{"rendered":"https:\/\/www.jornalja.com.br\/cultura\/?p=92041"},"modified":"2026-03-10T00:31:14","modified_gmt":"2026-03-10T03:31:14","slug":"ospa-e-grandes-nomes-da-musica-gaucha-celebram-400-anos-das-missoes","status":"publish","type":"post","link":"https:\/\/www.jornalja.com.br\/cultura\/ospa-e-grandes-nomes-da-musica-gaucha-celebram-400-anos-das-missoes\/","title":{"rendered":"OSPA e grandes nomes da m\u00fasica ga\u00facha celebram 400 Anos das Miss\u00f5es"},"content":{"rendered":"\n<p><\/p>\n\n\n\n<p>Para celebrar os quatro s\u00e9culos das Miss\u00f5es Jesu\u00edticas Guaranis a\u00a0Orquestra Sinf\u00f4nica de Porto Alegre\u00a0(OSPA) promove um encontro art\u00edstico com a tradi\u00e7\u00e3o ga\u00facha no concerto\u00a0\u201c400 Anos das Miss\u00f5es&#8221;. Sob reg\u00eancia de Manfredo Schmiedt, orquestra e artistas missioneiros convidados interpretam algumas das can\u00e7\u00f5es mais representativas da regi\u00e3o. Promovido pela Secretaria da Cultura (Sedac), a apresenta\u00e7\u00e3o ocorre no Complexo Cultural Casa da OSPA na\u00a0sexta-feira\u00a0(13\/3), \u00e0s 20h. Os ingressos custam entre R$ 15 e R$ 70 na plataforma\u00a0<strong><a href=\"https:\/\/www.sympla.com.br\/\" target=\"_blank\" rel=\"noreferrer noopener\">Sympla<\/a>.<\/strong> O concerto tamb\u00e9m ser\u00e1 transmitido ao vivo pelo\u00a0canal da OSPA no Youtube.<\/p>\n\n\n\n<p>A apresenta\u00e7\u00e3o re\u00fane no palco da Casa da OSPA a hist\u00f3rica Fam\u00edlia Orta\u00e7a, que ser\u00e1 representada por Marianita, Gabriel e Alberto Orta\u00e7a, filhos de Pedro Orta\u00e7a \u2014 \u00faltimo \u201cTronco Missioneiro\u201d vivo e refer\u00eancia da cultura popular missioneira.<\/p>\n\n\n\n<figure class=\"wp-block-image aligncenter size-large is-resized\"><img decoding=\"async\" width=\"1024\" height=\"683\" data-attachment-id=\"92044\" data-permalink=\"https:\/\/www.jornalja.com.br\/cultura\/ospa-e-grandes-nomes-da-musica-gaucha-celebram-400-anos-das-missoes\/ospa-familia-ortaca-2-cred-clioluconi-fineart-fotografia\/\" data-orig-file=\"https:\/\/www.jornalja.com.br\/cultura\/wp-content\/uploads\/sites\/2\/2026\/03\/ospa-familia-ortaca-2-cred-clioluconi-fineart-fotografia.jpeg\" data-orig-size=\"2048,1365\" data-comments-opened=\"0\" data-image-meta=\"{&quot;aperture&quot;:&quot;2.8&quot;,&quot;credit&quot;:&quot;CLIO LUCONI&quot;,&quot;camera&quot;:&quot;Canon EOS 5D Mark IV&quot;,&quot;caption&quot;:&quot;&quot;,&quot;created_timestamp&quot;:&quot;1681832949&quot;,&quot;copyright&quot;:&quot;@CLIOLUCONI&quot;,&quot;focal_length&quot;:&quot;115&quot;,&quot;iso&quot;:&quot;1600&quot;,&quot;shutter_speed&quot;:&quot;0.01&quot;,&quot;title&quot;:&quot;&quot;,&quot;orientation&quot;:&quot;0&quot;}\" data-image-title=\"ospa familia orta\u00e7a 2 &amp;#8211; cred ClioLuconi Fineart Fotografia\" data-image-description=\"\" data-image-caption=\"&lt;p&gt;Fam\u00edlia Orta\u00e7a. Foto Divulga\u00e7\u00e3o\/OSPA&lt;\/p&gt;\n\" data-large-file=\"https:\/\/www.jornalja.com.br\/cultura\/wp-content\/uploads\/sites\/2\/2026\/03\/ospa-familia-ortaca-2-cred-clioluconi-fineart-fotografia-1024x683.jpeg\" src=\"https:\/\/www.jornalja.com.br\/cultura\/wp-content\/uploads\/sites\/2\/2026\/03\/ospa-familia-ortaca-2-cred-clioluconi-fineart-fotografia-1024x683.jpeg\" alt=\"\" class=\"wp-image-92044\" style=\"aspect-ratio:1.4993118392925122;width:704px;height:auto\" srcset=\"https:\/\/www.jornalja.com.br\/cultura\/wp-content\/uploads\/sites\/2\/2026\/03\/ospa-familia-ortaca-2-cred-clioluconi-fineart-fotografia-1024x683.jpeg 1024w, https:\/\/www.jornalja.com.br\/cultura\/wp-content\/uploads\/sites\/2\/2026\/03\/ospa-familia-ortaca-2-cred-clioluconi-fineart-fotografia-300x200.jpeg 300w, https:\/\/www.jornalja.com.br\/cultura\/wp-content\/uploads\/sites\/2\/2026\/03\/ospa-familia-ortaca-2-cred-clioluconi-fineart-fotografia-768x512.jpeg 768w, https:\/\/www.jornalja.com.br\/cultura\/wp-content\/uploads\/sites\/2\/2026\/03\/ospa-familia-ortaca-2-cred-clioluconi-fineart-fotografia-1536x1024.jpeg 1536w, https:\/\/www.jornalja.com.br\/cultura\/wp-content\/uploads\/sites\/2\/2026\/03\/ospa-familia-ortaca-2-cred-clioluconi-fineart-fotografia.jpeg 2048w\" sizes=\"(max-width: 1024px) 100vw, 1024px\" \/><figcaption class=\"wp-element-caption\">Fam\u00edlia Orta\u00e7a. Foto Divulga\u00e7\u00e3o\/OSPA<\/figcaption><\/figure>\n\n\n\n<p>Como participa\u00e7\u00f5es especiais, o concerto contar\u00e1 com o contrabaixista uruguaio Miguel Tejera, reconhecido por sua atua\u00e7\u00e3o na cena instrumental sul-americana, e o violonista, compositor e produtor Guilherme Castilhos, premiado em importantes festivais do Estado.<\/p>\n\n\n\n<figure class=\"wp-block-gallery has-nested-images columns-default is-cropped wp-block-gallery-1 is-layout-flex wp-block-gallery-is-layout-flex\">\n<figure class=\"wp-block-image size-large is-resized\"><img decoding=\"async\" width=\"948\" height=\"1024\" data-attachment-id=\"92045\" data-permalink=\"https:\/\/www.jornalja.com.br\/cultura\/ospa-e-grandes-nomes-da-musica-gaucha-celebram-400-anos-das-missoes\/ospa-guilherme-castilhos-_cred-edson-filho\/\" data-orig-file=\"https:\/\/www.jornalja.com.br\/cultura\/wp-content\/uploads\/sites\/2\/2026\/03\/ospa-guilherme-castilhos-cred-edson-filho.jpeg\" data-orig-size=\"1075,1161\" data-comments-opened=\"0\" data-image-meta=\"{&quot;aperture&quot;:&quot;0&quot;,&quot;credit&quot;:&quot;&quot;,&quot;camera&quot;:&quot;&quot;,&quot;caption&quot;:&quot;&quot;,&quot;created_timestamp&quot;:&quot;0&quot;,&quot;copyright&quot;:&quot;&quot;,&quot;focal_length&quot;:&quot;0&quot;,&quot;iso&quot;:&quot;0&quot;,&quot;shutter_speed&quot;:&quot;0&quot;,&quot;title&quot;:&quot;&quot;,&quot;orientation&quot;:&quot;0&quot;}\" data-image-title=\"ospa Guilherme Castilhos _cred. Edson Filho\" data-image-description=\"\" data-image-caption=\"\" data-large-file=\"https:\/\/www.jornalja.com.br\/cultura\/wp-content\/uploads\/sites\/2\/2026\/03\/ospa-guilherme-castilhos-cred-edson-filho-948x1024.jpeg\" data-id=\"92045\" src=\"https:\/\/www.jornalja.com.br\/cultura\/wp-content\/uploads\/sites\/2\/2026\/03\/ospa-guilherme-castilhos-cred-edson-filho-948x1024.jpeg\" alt=\"\" class=\"wp-image-92045\" style=\"width:457px;height:auto\" srcset=\"https:\/\/www.jornalja.com.br\/cultura\/wp-content\/uploads\/sites\/2\/2026\/03\/ospa-guilherme-castilhos-cred-edson-filho-948x1024.jpeg 948w, https:\/\/www.jornalja.com.br\/cultura\/wp-content\/uploads\/sites\/2\/2026\/03\/ospa-guilherme-castilhos-cred-edson-filho-278x300.jpeg 278w, https:\/\/www.jornalja.com.br\/cultura\/wp-content\/uploads\/sites\/2\/2026\/03\/ospa-guilherme-castilhos-cred-edson-filho-768x829.jpeg 768w, https:\/\/www.jornalja.com.br\/cultura\/wp-content\/uploads\/sites\/2\/2026\/03\/ospa-guilherme-castilhos-cred-edson-filho.jpeg 1075w\" sizes=\"(max-width: 948px) 100vw, 948px\" \/><figcaption class=\"wp-element-caption\">Guilherme Castilhos<\/figcaption><\/figure>\n\n\n\n<figure class=\"wp-block-image size-large\"><img decoding=\"async\" width=\"589\" height=\"1024\" data-attachment-id=\"92047\" data-permalink=\"https:\/\/www.jornalja.com.br\/cultura\/ospa-e-grandes-nomes-da-musica-gaucha-celebram-400-anos-das-missoes\/ospa-miguel-tejera-_-cred-rafa-costa\/\" data-orig-file=\"https:\/\/www.jornalja.com.br\/cultura\/wp-content\/uploads\/sites\/2\/2026\/03\/ospa-miguel-tejera-cred-rafa-costa-scaled.jpg\" data-orig-size=\"1473,2560\" data-comments-opened=\"0\" data-image-meta=\"{&quot;aperture&quot;:&quot;8&quot;,&quot;credit&quot;:&quot;&quot;,&quot;camera&quot;:&quot;ILCE-6400&quot;,&quot;caption&quot;:&quot;&quot;,&quot;created_timestamp&quot;:&quot;1759765993&quot;,&quot;copyright&quot;:&quot;&quot;,&quot;focal_length&quot;:&quot;50&quot;,&quot;iso&quot;:&quot;100&quot;,&quot;shutter_speed&quot;:&quot;0.008&quot;,&quot;title&quot;:&quot;&quot;,&quot;orientation&quot;:&quot;0&quot;}\" data-image-title=\"ospa Miguel Tejera _ cred. Rafa Costa\" data-image-description=\"\" data-image-caption=\"\" data-large-file=\"https:\/\/www.jornalja.com.br\/cultura\/wp-content\/uploads\/sites\/2\/2026\/03\/ospa-miguel-tejera-cred-rafa-costa-589x1024.jpg\" data-id=\"92047\" src=\"https:\/\/www.jornalja.com.br\/cultura\/wp-content\/uploads\/sites\/2\/2026\/03\/ospa-miguel-tejera-cred-rafa-costa-589x1024.jpg\" alt=\"\" class=\"wp-image-92047\" srcset=\"https:\/\/www.jornalja.com.br\/cultura\/wp-content\/uploads\/sites\/2\/2026\/03\/ospa-miguel-tejera-cred-rafa-costa-589x1024.jpg 589w, https:\/\/www.jornalja.com.br\/cultura\/wp-content\/uploads\/sites\/2\/2026\/03\/ospa-miguel-tejera-cred-rafa-costa-173x300.jpg 173w, https:\/\/www.jornalja.com.br\/cultura\/wp-content\/uploads\/sites\/2\/2026\/03\/ospa-miguel-tejera-cred-rafa-costa-768x1335.jpg 768w, https:\/\/www.jornalja.com.br\/cultura\/wp-content\/uploads\/sites\/2\/2026\/03\/ospa-miguel-tejera-cred-rafa-costa-884x1536.jpg 884w, https:\/\/www.jornalja.com.br\/cultura\/wp-content\/uploads\/sites\/2\/2026\/03\/ospa-miguel-tejera-cred-rafa-costa-1178x2048.jpg 1178w, https:\/\/www.jornalja.com.br\/cultura\/wp-content\/uploads\/sites\/2\/2026\/03\/ospa-miguel-tejera-cred-rafa-costa-scaled.jpg 1473w\" sizes=\"(max-width: 589px) 100vw, 589px\" \/><figcaption class=\"wp-element-caption\">Miguel Tejera<\/figcaption><\/figure>\n<\/figure>\n\n\n\n<p>O repert\u00f3rio valoriza sobretudo os quatro representantes do tronco missioneiro: Pedro Orta\u00e7a, Cenair Maic\u00e1, Jayme Caetano Braun e Noel Guarany. \u201cEsses quatro nomes s\u00e3o a ess\u00eancia desse concerto, cada um tem pelo menos uma obra bem importante presente no repert\u00f3rio. Al\u00e9m disso, temos outras obras que foram de festivais e outros eventos ao redor das miss\u00f5es\u201d, comenta o diretor art\u00edstico da OSPA, Manfredo Schmiedt.<\/p>\n\n\n\n<p>A ponte entre a m\u00fasica regional e a sonoridade sinf\u00f4nica foi constru\u00edda com arranjos in\u00e9ditos compostos pelo violinista da OSPA Dhouglas Umabel, que tem forma\u00e7\u00e3o cl\u00e1ssica, mas tamb\u00e9m ampla experi\u00eancia em festivais de m\u00fasica regional ga\u00facha. Todos os arranjos do concerto, com exce\u00e7\u00e3o de \u201cMilonga para as Miss\u00f5es\u201d, que foi arranjada pelo violinista da OSPA Arthur Barbosa, s\u00e3o de Umabel.&nbsp;<\/p>\n\n\n\n<p>Participam ainda nomes consagrados como Lucio Yanel, um dos pilares do viol\u00e3o solista na m\u00fasica sulina; Ernesto Fagundes e Neto Fagundes, representantes de uma linhagem que mant\u00e9m viva a tradi\u00e7\u00e3o do Pampa em di\u00e1logo com a contemporaneidade; Shana M\u00fcller, uma das principais vozes femininas da m\u00fasica regional e latino-americana; \u00c9rlon P\u00e9ricles, compositor de destaque e autor recorrente dos temas dos Festejos Farroupilhas; Patr\u00edcio Maic\u00e1, herdeiro art\u00edstico de Cenair Maic\u00e1; Laura Guarany, int\u00e9rprete da tradi\u00e7\u00e3o missioneira e da heran\u00e7a de Noel Guarany; Lincon Ramos, gaiteiro, cantor e multi-instrumentista com tr\u00eas d\u00e9cadas de atua\u00e7\u00e3o; e Angelo Franco, cantor e compositor com mais de seiscentas m\u00fasicas gravadas e trajet\u00f3ria marcada pela integra\u00e7\u00e3o cultural missioneira.<\/p>\n\n\n\n<p>O espet\u00e1culo est\u00e1 estruturado em tr\u00eas partes tem\u00e1ticas: \u201cParte I &#8211; O Grito e a Resist\u00eancia\u201d, que evoca o trabalho de Pedro Orta\u00e7a na preserva\u00e7\u00e3o da tradi\u00e7\u00e3o; \u201cParte II \u2013 A Alma, o Verso e a M\u00edstica\u201d, que ressalta o lirismo do cancioneiro regional, incluindo o poema campeiro \u201cBochincho\u201d, de Jayme Caetano Braun; a \u201cParte III \u2013 Legado, Uni\u00e3o e Fronteiras\u201d reafirma os la\u00e7os entre passado e presente com obras como Veterano (Ant\u00f4nio Augusto Ferreira \/ Ewerton Ferreira) e Milonga para as Miss\u00f5es (Gilberto Monteiro); e o encerramento traz de volta ao palco todos os artistas convidados para interpretar o emocionante \u201cCanto dos Livres\u201d (Cenair Maic\u00e1). \u201c\u00c9 um repert\u00f3rio que fala das m\u00fasicas da regi\u00e3o das Miss\u00f5es, mas tamb\u00e9m como isso se espalhou pelo Rio Grande do Sul e formou a nossa cultura de m\u00fasica tradicional ga\u00facha\u201d, pontua o diretor art\u00edstico da OSPA.<\/p>\n\n\n\n<p><strong>Programa\u00e7\u00e3o 400 Anos das Miss\u00f5es<\/strong> &#8211; O concerto da OSPA integra o conjunto de a\u00e7\u00f5es orientado pelo Decreto n\u00ba 57.369\/2023, que institui 2026 como o ano oficial das Miss\u00f5es. O calend\u00e1rio comemorativo do governo estadual valoriza o patrim\u00f4nio hist\u00f3rico e cultural das Miss\u00f5es Jesu\u00edticas Guaranis, fundadas em 1626, enquanto promove o desenvolvimento sustent\u00e1vel da regi\u00e3o.<\/p>\n\n\n\n<p><\/p>\n\n\n\n<h2 class=\"wp-block-heading\"><strong>Servi\u00e7o\u00a0<\/strong><\/h2>\n\n\n\n<p><strong>Concerto especial da Ospa celebra os 400 Anos das Miss\u00f5es Jesu\u00edticas Guaranis<br><\/strong><\/p>\n\n\n\n<p><strong>Quando:<\/strong>\u00a0Sexta-feira (13\/3), \u00e0s 20h<br><\/p>\n\n\n\n<p><strong>Onde:<\/strong>\u00a0Complexo Cultural Casa da Ospa (Caff \u2013 Av. Borges de Medeiros, 1.501, Porto Alegre, RS)<br><\/p>\n\n\n\n<p><strong>Ingressos:<\/strong>\u00a0De R$ 15 a R$ 70, na bilheteria do Complexo Cultural Casa da Ospa no dia do concerto, das 15h \u00e0s 20h<br><\/p>\n\n\n\n<p><strong>Descontos:<\/strong>\u00a0Ingresso solid\u00e1rio (com doa\u00e7\u00e3o de 1kg de alimento), clientes Banrisul, Amigo Ospa, associados AAMAC RS, s\u00f3cio do Clube do Assinante RBS, idoso, doador de\u00a0 sangue, pessoa com defici\u00eancia e acompanhante, estudante, jovem at\u00e9 15 anos e ID Jovem<br><\/p>\n\n\n\n<p><strong>Estacionamento:<\/strong>\u00a0Gratuito, no local<br><\/p>\n\n\n\n<p><strong>Classifica\u00e7\u00e3o indicativa:<\/strong>\u00a0N\u00e3o recomendado para menores de 6 anos<br><\/p>\n\n\n\n<p><strong>Transmiss\u00e3o ao vivo:<\/strong>\u00a0A partir das 20h, no\u00a0<a href=\"https:\/\/www.youtube.com\/@ospaRS\" target=\"_blank\" rel=\"noreferrer noopener\">canal da Ospa no YouTube<br><\/a>O evento disponibiliza medidas de acessibilidade.<\/p>\n","protected":false},"excerpt":{"rendered":"<p>Para celebrar os quatro s\u00e9culos das Miss\u00f5es Jesu\u00edticas Guaranis a\u00a0Orquestra Sinf\u00f4nica de Porto Alegre\u00a0(OSPA) promove um encontro art\u00edstico com a tradi\u00e7\u00e3o ga\u00facha no concerto\u00a0\u201c400 Anos das Miss\u00f5es&#8221;. Sob reg\u00eancia de Manfredo Schmiedt, orquestra e artistas missioneiros convidados interpretam algumas das can\u00e7\u00f5es mais representativas da regi\u00e3o. Promovido pela Secretaria da Cultura (Sedac), a apresenta\u00e7\u00e3o ocorre no [&hellip;]<\/p>\n","protected":false},"author":4,"featured_media":92042,"comment_status":"closed","ping_status":"open","sticky":false,"template":"","format":"standard","meta":{"jetpack_post_was_ever_published":false,"_jetpack_newsletter_access":"","_jetpack_dont_email_post_to_subs":false,"_jetpack_newsletter_tier_id":0,"_jetpack_memberships_contains_paywalled_content":false,"_jetpack_memberships_contains_paid_content":false,"footnotes":"","jetpack_publicize_message":"","jetpack_publicize_feature_enabled":true,"jetpack_social_post_already_shared":false,"jetpack_social_options":{"image_generator_settings":{"template":"highway","default_image_id":0,"font":"","enabled":false},"version":2}},"categories":[2],"tags":[],"class_list":["post-92041","post","type-post","status-publish","format-standard","has-post-thumbnail","hentry","category-materiasecundaria"],"aioseo_notices":[],"jetpack_publicize_connections":[],"jetpack_featured_media_url":"https:\/\/www.jornalja.com.br\/cultura\/wp-content\/uploads\/sites\/2\/2026\/03\/ospa-ospa-14032025-por-vinicius-angeli-185.jpg","jetpack-related-posts":[{"id":91575,"url":"https:\/\/www.jornalja.com.br\/cultura\/ospa-celebra-aniversario-de-75-anos-com-concerto-comemorativo-nos-dias-22-e-23-11\/","url_meta":{"origin":92041,"position":0},"title":"OSPA celebra anivers\u00e1rio de 75 anos com concerto comemorativo nos dias 22 e 23\/11","author":"da Reda\u00e7\u00e3o","date":"13 de novembro de 2025","format":false,"excerpt":"Em duas sess\u00f5es, concerto especial traz \u00e0 Porto Alegre o conceituado grupo de percuss\u00e3o Martelo No dia 23 de novembro de 2025, a\u00a0Orquestra Sinf\u00f4nica de Porto Alegre\u00a0(OSPA) \u2014 funda\u00e7\u00e3o vinculada \u00e0 Secretaria de Estado da Cultura (Sedac-RS) \u2014 completa 75 anos. E para comemorar, prepara uma grande celebra\u00e7\u00e3o no concerto\u00a0OSPA\u2026","rel":"","context":"Em &quot;Cultura-MAT\u00c9RIA&quot;","block_context":{"text":"Cultura-MAT\u00c9RIA","link":"https:\/\/www.jornalja.com.br\/cultura\/category\/materiasecundaria\/"},"img":{"alt_text":"","src":"https:\/\/i0.wp.com\/www.jornalja.com.br\/cultura\/wp-content\/uploads\/sites\/2\/2025\/11\/ospa-1409-por-vinicius-angeli-viniangeli-141.jpg?resize=350%2C200&ssl=1","width":350,"height":200,"srcset":"https:\/\/i0.wp.com\/www.jornalja.com.br\/cultura\/wp-content\/uploads\/sites\/2\/2025\/11\/ospa-1409-por-vinicius-angeli-viniangeli-141.jpg?resize=350%2C200&ssl=1 1x, https:\/\/i0.wp.com\/www.jornalja.com.br\/cultura\/wp-content\/uploads\/sites\/2\/2025\/11\/ospa-1409-por-vinicius-angeli-viniangeli-141.jpg?resize=525%2C300&ssl=1 1.5x, https:\/\/i0.wp.com\/www.jornalja.com.br\/cultura\/wp-content\/uploads\/sites\/2\/2025\/11\/ospa-1409-por-vinicius-angeli-viniangeli-141.jpg?resize=700%2C400&ssl=1 2x, https:\/\/i0.wp.com\/www.jornalja.com.br\/cultura\/wp-content\/uploads\/sites\/2\/2025\/11\/ospa-1409-por-vinicius-angeli-viniangeli-141.jpg?resize=1050%2C600&ssl=1 3x, https:\/\/i0.wp.com\/www.jornalja.com.br\/cultura\/wp-content\/uploads\/sites\/2\/2025\/11\/ospa-1409-por-vinicius-angeli-viniangeli-141.jpg?resize=1400%2C800&ssl=1 4x"},"classes":[]},{"id":90672,"url":"https:\/\/www.jornalja.com.br\/cultura\/primeiro-concerto-da-ospa-em-2025-tera-solo-da-harpista-russa-ekaterina-dvoretskaya\/","url_meta":{"origin":92041,"position":1},"title":"Primeiro concerto da OSPA em 2025 ter\u00e1 solo da harpista russa Ekaterina Dvoretskaya","author":"da Reda\u00e7\u00e3o","date":"1 de mar\u00e7o de 2025","format":false,"excerpt":"A nova temporada de concertos da\u00a0Orquestra Sinf\u00f4nica de Porto Alegre\u00a0(OSPA), funda\u00e7\u00e3o vinculada \u00e0 Secretaria de Estado da Cultura do Rio Grande do Sul (Sedac-RS), j\u00e1 tem data para come\u00e7ar:\u00a014 de mar\u00e7o. Neste dia, uma sexta-feira, \u00e0s 20h, o\u00a0Complexo Cultural Casa da OSPA\u00a0recebe a harpista russa\u00a0\u00a0Ekaterina Dvoretskaya, em sua estreia no\u2026","rel":"","context":"Em &quot;Cultura-MAT\u00c9RIA&quot;","block_context":{"text":"Cultura-MAT\u00c9RIA","link":"https:\/\/www.jornalja.com.br\/cultura\/category\/materiasecundaria\/"},"img":{"alt_text":"","src":"https:\/\/i0.wp.com\/www.jornalja.com.br\/cultura\/wp-content\/uploads\/sites\/2\/2025\/03\/ospa-ekaterina-dvoretskaia-credito-vladimir-volkov-1-scaled.jpg?resize=350%2C200&ssl=1","width":350,"height":200,"srcset":"https:\/\/i0.wp.com\/www.jornalja.com.br\/cultura\/wp-content\/uploads\/sites\/2\/2025\/03\/ospa-ekaterina-dvoretskaia-credito-vladimir-volkov-1-scaled.jpg?resize=350%2C200&ssl=1 1x, https:\/\/i0.wp.com\/www.jornalja.com.br\/cultura\/wp-content\/uploads\/sites\/2\/2025\/03\/ospa-ekaterina-dvoretskaia-credito-vladimir-volkov-1-scaled.jpg?resize=525%2C300&ssl=1 1.5x, https:\/\/i0.wp.com\/www.jornalja.com.br\/cultura\/wp-content\/uploads\/sites\/2\/2025\/03\/ospa-ekaterina-dvoretskaia-credito-vladimir-volkov-1-scaled.jpg?resize=700%2C400&ssl=1 2x, https:\/\/i0.wp.com\/www.jornalja.com.br\/cultura\/wp-content\/uploads\/sites\/2\/2025\/03\/ospa-ekaterina-dvoretskaia-credito-vladimir-volkov-1-scaled.jpg?resize=1050%2C600&ssl=1 3x, https:\/\/i0.wp.com\/www.jornalja.com.br\/cultura\/wp-content\/uploads\/sites\/2\/2025\/03\/ospa-ekaterina-dvoretskaia-credito-vladimir-volkov-1-scaled.jpg?resize=1400%2C800&ssl=1 4x"},"classes":[]},{"id":86570,"url":"https:\/\/www.jornalja.com.br\/cultura\/ospa-traz-a-porto-alegre-antonio-meneses-o-maior-violoncelista-brasileiro\/","url_meta":{"origin":92041,"position":2},"title":"OSPA traz \u00e0 Porto Alegre Antonio Meneses, o maior violoncelista brasileiro","author":"Higino Barros","date":"30 de agosto de 2022","format":false,"excerpt":"\u00a0 O maior nome do violoncelo no Brasil e um dos maiores do mundo, Antonio Meneses est\u00e1 viajando pelo pa\u00eds em uma turn\u00ea comemorativa aos seus 65 anos. No pr\u00f3ximo s\u00e1bado, 3 de setembro, ele estar\u00e1 na capital ga\u00facha para solar em uma bel\u00edssima obra de Anton\u00edn Dvo\u0159\u00e1k como convidado\u2026","rel":"","context":"Em &quot;Cultura-MAT\u00c9RIA&quot;","block_context":{"text":"Cultura-MAT\u00c9RIA","link":"https:\/\/www.jornalja.com.br\/cultura\/category\/materiasecundaria\/"},"img":{"alt_text":"","src":"https:\/\/i0.wp.com\/www.jornalja.com.br\/cultura\/wp-content\/uploads\/sites\/2\/2022\/08\/ospa-antonio-meneses-creditos-clive-barda.jpg?resize=350%2C200&ssl=1","width":350,"height":200,"srcset":"https:\/\/i0.wp.com\/www.jornalja.com.br\/cultura\/wp-content\/uploads\/sites\/2\/2022\/08\/ospa-antonio-meneses-creditos-clive-barda.jpg?resize=350%2C200&ssl=1 1x, https:\/\/i0.wp.com\/www.jornalja.com.br\/cultura\/wp-content\/uploads\/sites\/2\/2022\/08\/ospa-antonio-meneses-creditos-clive-barda.jpg?resize=525%2C300&ssl=1 1.5x, https:\/\/i0.wp.com\/www.jornalja.com.br\/cultura\/wp-content\/uploads\/sites\/2\/2022\/08\/ospa-antonio-meneses-creditos-clive-barda.jpg?resize=700%2C400&ssl=1 2x"},"classes":[]},{"id":89347,"url":"https:\/\/www.jornalja.com.br\/cultura\/ospa-celebra-os-100-anos-de-rhapsody-in-blue-de-gershwin-com-atracoes-internacionais\/","url_meta":{"origin":92041,"position":3},"title":"OSPA celebra os 100 anos de \u201cRhapsody in Blue\u201d, de Gershwin, com atra\u00e7\u00f5es internacionais","author":"da Reda\u00e7\u00e3o","date":"16 de abril de 2024","format":false,"excerpt":"Sob reg\u00eancia de Catherine Larsen-Maguire, a Orquestra interpreta um programa dedicado \u00e0 m\u00fasica norte-americana, com participa\u00e7\u00e3o da pianista russa Anastasiya Evsina Uma das obras orquestrais mais famosas do s\u00e9culo 20, \u201cRhapsody in Blue\u201d foi um sucesso desde a estreia, em 1924. Os acordes concebidos por George Gershwin (1898-1937) chegaram aos\u2026","rel":"","context":"Em &quot;Cultura-MAT\u00c9RIA&quot;","block_context":{"text":"Cultura-MAT\u00c9RIA","link":"https:\/\/www.jornalja.com.br\/cultura\/category\/materiasecundaria\/"},"img":{"alt_text":"","src":"https:\/\/i0.wp.com\/www.jornalja.com.br\/cultura\/wp-content\/uploads\/sites\/2\/2024\/04\/ospa-catherine-larsen-maguire-rege-a-ospa-em-13-05-2023-credito-vitoria-proenca-divulgacao-ospa-scaled.jpg?resize=350%2C200&ssl=1","width":350,"height":200,"srcset":"https:\/\/i0.wp.com\/www.jornalja.com.br\/cultura\/wp-content\/uploads\/sites\/2\/2024\/04\/ospa-catherine-larsen-maguire-rege-a-ospa-em-13-05-2023-credito-vitoria-proenca-divulgacao-ospa-scaled.jpg?resize=350%2C200&ssl=1 1x, https:\/\/i0.wp.com\/www.jornalja.com.br\/cultura\/wp-content\/uploads\/sites\/2\/2024\/04\/ospa-catherine-larsen-maguire-rege-a-ospa-em-13-05-2023-credito-vitoria-proenca-divulgacao-ospa-scaled.jpg?resize=525%2C300&ssl=1 1.5x, https:\/\/i0.wp.com\/www.jornalja.com.br\/cultura\/wp-content\/uploads\/sites\/2\/2024\/04\/ospa-catherine-larsen-maguire-rege-a-ospa-em-13-05-2023-credito-vitoria-proenca-divulgacao-ospa-scaled.jpg?resize=700%2C400&ssl=1 2x, https:\/\/i0.wp.com\/www.jornalja.com.br\/cultura\/wp-content\/uploads\/sites\/2\/2024\/04\/ospa-catherine-larsen-maguire-rege-a-ospa-em-13-05-2023-credito-vitoria-proenca-divulgacao-ospa-scaled.jpg?resize=1050%2C600&ssl=1 3x, https:\/\/i0.wp.com\/www.jornalja.com.br\/cultura\/wp-content\/uploads\/sites\/2\/2024\/04\/ospa-catherine-larsen-maguire-rege-a-ospa-em-13-05-2023-credito-vitoria-proenca-divulgacao-ospa-scaled.jpg?resize=1400%2C800&ssl=1 4x"},"classes":[]},{"id":86610,"url":"https:\/\/www.jornalja.com.br\/cultura\/ospa-realiza-concerto-especial-em-homenagem-ao-bicentenario-da-independencia\/","url_meta":{"origin":92041,"position":4},"title":"OSPA realiza concerto especial em homenagem ao Bicenten\u00e1rio da Independ\u00eancia","author":"da Reda\u00e7\u00e3o","date":"5 de setembro de 2022","format":false,"excerpt":"Na semana em que a Independ\u00eancia do Brasil completa 200 anos, as comemora\u00e7\u00f5es ganham o refor\u00e7o da Orquestra Sinf\u00f4nica de Porto Alegre (OSPA), funda\u00e7\u00e3o vinculada \u00e0 Secretaria de Estado da Cultura (Sedac). A apresenta\u00e7\u00e3o est\u00e1 programada para sexta-feira, 9 de setembro, \u00e0s 20h, na Casa da OSPA. O maestro do\u2026","rel":"","context":"Em &quot;Cultura-MAT\u00c9RIA&quot;","block_context":{"text":"Cultura-MAT\u00c9RIA","link":"https:\/\/www.jornalja.com.br\/cultura\/category\/materiasecundaria\/"},"img":{"alt_text":"","src":"https:\/\/i0.wp.com\/www.jornalja.com.br\/cultura\/wp-content\/uploads\/sites\/2\/2022\/09\/ospa-2022-06-04-ospa-missasolene-credito-luciamoreira-32.jpg?resize=350%2C200&ssl=1","width":350,"height":200,"srcset":"https:\/\/i0.wp.com\/www.jornalja.com.br\/cultura\/wp-content\/uploads\/sites\/2\/2022\/09\/ospa-2022-06-04-ospa-missasolene-credito-luciamoreira-32.jpg?resize=350%2C200&ssl=1 1x, https:\/\/i0.wp.com\/www.jornalja.com.br\/cultura\/wp-content\/uploads\/sites\/2\/2022\/09\/ospa-2022-06-04-ospa-missasolene-credito-luciamoreira-32.jpg?resize=525%2C300&ssl=1 1.5x, https:\/\/i0.wp.com\/www.jornalja.com.br\/cultura\/wp-content\/uploads\/sites\/2\/2022\/09\/ospa-2022-06-04-ospa-missasolene-credito-luciamoreira-32.jpg?resize=700%2C400&ssl=1 2x, https:\/\/i0.wp.com\/www.jornalja.com.br\/cultura\/wp-content\/uploads\/sites\/2\/2022\/09\/ospa-2022-06-04-ospa-missasolene-credito-luciamoreira-32.jpg?resize=1050%2C600&ssl=1 3x, https:\/\/i0.wp.com\/www.jornalja.com.br\/cultura\/wp-content\/uploads\/sites\/2\/2022\/09\/ospa-2022-06-04-ospa-missasolene-credito-luciamoreira-32.jpg?resize=1400%2C800&ssl=1 4x"},"classes":[]},{"id":90855,"url":"https:\/\/www.jornalja.com.br\/cultura\/ritmos-latinos-e-musica-de-concerto-se-encontram-na-casa-da-ospa\/","url_meta":{"origin":92041,"position":5},"title":"Ritmos latinos e m\u00fasica de concerto se encontram na Casa da OSPA","author":"da Reda\u00e7\u00e3o","date":"2 de abril de 2025","format":false,"excerpt":"\u00a0 Sonoridades brasileiras e caribenhas tomam conta do\u00a0Complexo Cultural Casa da OSPA\u00a0no concerto\u00a0Latinidades, que ser\u00e1 apresentado na pr\u00f3xima\u00a0sexta-feira (04\/04)\u00a0pela\u00a0Orquestra Sinf\u00f4nica de Porto Alegre\u00a0(OSPA), funda\u00e7\u00e3o vinculada \u00e0 Secretaria de Estado da Cultura (Sedac-RS). A partir das 20h, o grupo percorre um repert\u00f3rio onde a m\u00fasica de concerto se encontra com boleros,\u2026","rel":"","context":"Em &quot;Cultura-MAT\u00c9RIA&quot;","block_context":{"text":"Cultura-MAT\u00c9RIA","link":"https:\/\/www.jornalja.com.br\/cultura\/category\/materiasecundaria\/"},"img":{"alt_text":"","src":"https:\/\/i0.wp.com\/www.jornalja.com.br\/cultura\/wp-content\/uploads\/sites\/2\/2025\/04\/ospa-arthur-barbosa-4-credito-fabio-kremer.jpg?resize=350%2C200&ssl=1","width":350,"height":200,"srcset":"https:\/\/i0.wp.com\/www.jornalja.com.br\/cultura\/wp-content\/uploads\/sites\/2\/2025\/04\/ospa-arthur-barbosa-4-credito-fabio-kremer.jpg?resize=350%2C200&ssl=1 1x, https:\/\/i0.wp.com\/www.jornalja.com.br\/cultura\/wp-content\/uploads\/sites\/2\/2025\/04\/ospa-arthur-barbosa-4-credito-fabio-kremer.jpg?resize=525%2C300&ssl=1 1.5x, https:\/\/i0.wp.com\/www.jornalja.com.br\/cultura\/wp-content\/uploads\/sites\/2\/2025\/04\/ospa-arthur-barbosa-4-credito-fabio-kremer.jpg?resize=700%2C400&ssl=1 2x, https:\/\/i0.wp.com\/www.jornalja.com.br\/cultura\/wp-content\/uploads\/sites\/2\/2025\/04\/ospa-arthur-barbosa-4-credito-fabio-kremer.jpg?resize=1050%2C600&ssl=1 3x, https:\/\/i0.wp.com\/www.jornalja.com.br\/cultura\/wp-content\/uploads\/sites\/2\/2025\/04\/ospa-arthur-barbosa-4-credito-fabio-kremer.jpg?resize=1400%2C800&ssl=1 4x"},"classes":[]}],"jetpack_shortlink":"https:\/\/wp.me\/pbKnZc-nWx","jetpack_sharing_enabled":true,"_links":{"self":[{"href":"https:\/\/www.jornalja.com.br\/cultura\/wp-json\/wp\/v2\/posts\/92041","targetHints":{"allow":["GET"]}}],"collection":[{"href":"https:\/\/www.jornalja.com.br\/cultura\/wp-json\/wp\/v2\/posts"}],"about":[{"href":"https:\/\/www.jornalja.com.br\/cultura\/wp-json\/wp\/v2\/types\/post"}],"author":[{"embeddable":true,"href":"https:\/\/www.jornalja.com.br\/cultura\/wp-json\/wp\/v2\/users\/4"}],"replies":[{"embeddable":true,"href":"https:\/\/www.jornalja.com.br\/cultura\/wp-json\/wp\/v2\/comments?post=92041"}],"version-history":[{"count":3,"href":"https:\/\/www.jornalja.com.br\/cultura\/wp-json\/wp\/v2\/posts\/92041\/revisions"}],"predecessor-version":[{"id":92049,"href":"https:\/\/www.jornalja.com.br\/cultura\/wp-json\/wp\/v2\/posts\/92041\/revisions\/92049"}],"wp:featuredmedia":[{"embeddable":true,"href":"https:\/\/www.jornalja.com.br\/cultura\/wp-json\/wp\/v2\/media\/92042"}],"wp:attachment":[{"href":"https:\/\/www.jornalja.com.br\/cultura\/wp-json\/wp\/v2\/media?parent=92041"}],"wp:term":[{"taxonomy":"category","embeddable":true,"href":"https:\/\/www.jornalja.com.br\/cultura\/wp-json\/wp\/v2\/categories?post=92041"},{"taxonomy":"post_tag","embeddable":true,"href":"https:\/\/www.jornalja.com.br\/cultura\/wp-json\/wp\/v2\/tags?post=92041"}],"curies":[{"name":"wp","href":"https:\/\/api.w.org\/{rel}","templated":true}]}}