{"id":92053,"date":"2026-03-10T19:48:50","date_gmt":"2026-03-10T22:48:50","guid":{"rendered":"https:\/\/www.jornalja.com.br\/cultura\/?p=92053"},"modified":"2026-03-11T18:48:34","modified_gmt":"2026-03-11T21:48:34","slug":"moveis-coloniais-de-acaju-volta-as-atividades-e-aos-palcos-do-opiniao","status":"publish","type":"post","link":"https:\/\/www.jornalja.com.br\/cultura\/moveis-coloniais-de-acaju-volta-as-atividades-e-aos-palcos-do-opiniao\/","title":{"rendered":"M\u00f3veis Coloniais de Acaju volta \u00e0s atividades e aos palcos do Opini\u00e3o"},"content":{"rendered":"\n<p data-wp-context---core-fit-text=\"core\/fit-text::{&quot;fontSize&quot;:&quot;&quot;}\" data-wp-init---core-fit-text=\"core\/fit-text::callbacks.init\" data-wp-interactive data-wp-style--font-size=\"core\/fit-text::context.fontSize\" class=\"has-fit-text\"><\/p>\n\n\n\n<p>Certamente M\u00f3veis Coloniais de Acaju n\u00e3o \u00e9 das bandas mais conhecidas hoje em dia, ainda mais se pensarmos que se passaram 8 anos desde que eles tinham &#8220;dado um tempo&#8221;. Talvez isso seja o elemento mais surpreendente ao ver um p\u00fablico bem mesclado, mas, com muitos jovens, cantando todas as m\u00fasicas nesse s\u00e1bado, 07, no Opini\u00e3o.<\/p>\n\n\n\n<p>Se h\u00e1 uma garantia, \u00e9 que assistir a banda brasiliense ao vivo \u00e9 sin\u00f4nimo de divers\u00e3o. N\u00e3o unicamente por m\u00fasicos incr\u00edveis e letras que v\u00e3o do sagaz ao gentil, mas por ser uma miscel\u00e2nea de entretenimento ao p\u00fablico: quer solo de instrumentos? TEM! Quer fazer a dan\u00e7a da cordinha passando por baixo de um trombone? TEM! Que tal um passinho coletivo? GARANTIDO! <\/p>\n\n\n\n<p>A cada momento, cada movimenta\u00e7\u00e3o se dava de forma muito org\u00e2nica, e um lugar como o Opini\u00e3o, mesmo lugar que pudemos assistir ao show h\u00e1 14 anos, sem d\u00favida vemos o ambiente perfeito para todo esse frenesi se orquestrar, inclusive abrindo um momento ic\u00f4nico e reflexivo de perguntas e respostas com a plateia, onde se explicou essa &#8220;pausa indeterminada&#8221; de quase uma d\u00e9cada e se refletiu sobre a import\u00e2ncia do 8M, Dia Internacional das Mulheres, e sobre o papel do homem em meio a isso, com um longo discurso (para o momento) de uma mulher da plateia. Tal momento foi (talvez) muito intenso para um meio de show, ainda mais seguido de &#8220;Campo de Batalha&#8221;, tendo uma quebra no ritmo do p\u00fablico que enchia o bar. Mas nada que &#8220;Tempo&#8221; n\u00e3o levantasse os \u00e2nimos novamente, seguida de &#8220;Copacabana&#8221;, que levou a plateia a loucura!<\/p>\n\n\n\n<figure class=\"wp-block-image size-large\"><img decoding=\"async\" width=\"1024\" height=\"768\" data-attachment-id=\"92072\" data-permalink=\"https:\/\/www.jornalja.com.br\/cultura\/moveis-coloniais-de-acaju-volta-as-atividades-e-aos-palcos-do-opiniao\/d59eb9a0-6f33-4cfb-b778-00320d84157e\/\" data-orig-file=\"https:\/\/www.jornalja.com.br\/cultura\/wp-content\/uploads\/sites\/2\/2026\/03\/d59eb9a0-6f33-4cfb-b778-00320d84157e.jpg\" data-orig-size=\"1600,1200\" data-comments-opened=\"0\" data-image-meta=\"{&quot;aperture&quot;:&quot;0&quot;,&quot;credit&quot;:&quot;&quot;,&quot;camera&quot;:&quot;&quot;,&quot;caption&quot;:&quot;&quot;,&quot;created_timestamp&quot;:&quot;0&quot;,&quot;copyright&quot;:&quot;&quot;,&quot;focal_length&quot;:&quot;0&quot;,&quot;iso&quot;:&quot;0&quot;,&quot;shutter_speed&quot;:&quot;0&quot;,&quot;title&quot;:&quot;&quot;,&quot;orientation&quot;:&quot;0&quot;}\" data-image-title=\"d59eb9a0-6f33-4cfb-b778-00320d84157e\" data-image-description=\"\" data-image-caption=\"\" data-large-file=\"https:\/\/www.jornalja.com.br\/cultura\/wp-content\/uploads\/sites\/2\/2026\/03\/d59eb9a0-6f33-4cfb-b778-00320d84157e-1024x768.jpg\" src=\"https:\/\/www.jornalja.com.br\/cultura\/wp-content\/uploads\/sites\/2\/2026\/03\/d59eb9a0-6f33-4cfb-b778-00320d84157e-1024x768.jpg\" alt=\"\" class=\"wp-image-92072\" srcset=\"https:\/\/www.jornalja.com.br\/cultura\/wp-content\/uploads\/sites\/2\/2026\/03\/d59eb9a0-6f33-4cfb-b778-00320d84157e-1024x768.jpg 1024w, https:\/\/www.jornalja.com.br\/cultura\/wp-content\/uploads\/sites\/2\/2026\/03\/d59eb9a0-6f33-4cfb-b778-00320d84157e-300x225.jpg 300w, https:\/\/www.jornalja.com.br\/cultura\/wp-content\/uploads\/sites\/2\/2026\/03\/d59eb9a0-6f33-4cfb-b778-00320d84157e-768x576.jpg 768w, https:\/\/www.jornalja.com.br\/cultura\/wp-content\/uploads\/sites\/2\/2026\/03\/d59eb9a0-6f33-4cfb-b778-00320d84157e-1536x1152.jpg 1536w, https:\/\/www.jornalja.com.br\/cultura\/wp-content\/uploads\/sites\/2\/2026\/03\/d59eb9a0-6f33-4cfb-b778-00320d84157e.jpg 1600w\" sizes=\"(max-width: 1024px) 100vw, 1024px\" \/><\/figure>\n\n\n\n<p>Em momento algum a m\u00fasica fica em segundo plano. Ao vivo, inclusive, os metais tomam mais for\u00e7a ainda, e a pegada fica ainda mais presente. <\/p>\n\n\n\n<p>Fundamental destacar o pique da banda, especialmente de Xande Bursztyn (Trombone) e Beto Mej\u00eda\u00a0(<a href=\"https:\/\/pt.wikipedia.org\/wiki\/Flauta_transversal\">flauta transversal<\/a>), com dancinhas pulantes dignas de Ska das antigas, animad\u00edssimas e hil\u00e1rias, impressionantes por manterem o f\u00f4lego. Ali\u00e1s, o divertimento pessoal que se viu em palco \u00e9 de quem realmente t\u00e1 em contato com o p\u00fablico, onde amigos cheios de piadas internas se apresentam e est\u00e3o ali para se divertir. E isso \u00e9 imprescind\u00edvel para se acompanhar adequadamente o show: se jogar no divertimento.<\/p>\n\n\n\n<figure class=\"wp-block-image size-large\"><img decoding=\"async\" width=\"1024\" height=\"770\" data-attachment-id=\"92068\" data-permalink=\"https:\/\/www.jornalja.com.br\/cultura\/moveis-coloniais-de-acaju-volta-as-atividades-e-aos-palcos-do-opiniao\/08cba5df-e12f-43ee-a94d-b9799248efe9\/\" data-orig-file=\"https:\/\/www.jornalja.com.br\/cultura\/wp-content\/uploads\/sites\/2\/2026\/03\/08cba5df-e12f-43ee-a94d-b9799248efe9.jpg\" data-orig-size=\"1280,963\" data-comments-opened=\"0\" data-image-meta=\"{&quot;aperture&quot;:&quot;0&quot;,&quot;credit&quot;:&quot;&quot;,&quot;camera&quot;:&quot;&quot;,&quot;caption&quot;:&quot;&quot;,&quot;created_timestamp&quot;:&quot;0&quot;,&quot;copyright&quot;:&quot;&quot;,&quot;focal_length&quot;:&quot;0&quot;,&quot;iso&quot;:&quot;0&quot;,&quot;shutter_speed&quot;:&quot;0&quot;,&quot;title&quot;:&quot;&quot;,&quot;orientation&quot;:&quot;0&quot;}\" data-image-title=\"08cba5df-e12f-43ee-a94d-b9799248efe9\" data-image-description=\"\" data-image-caption=\"\" data-large-file=\"https:\/\/www.jornalja.com.br\/cultura\/wp-content\/uploads\/sites\/2\/2026\/03\/08cba5df-e12f-43ee-a94d-b9799248efe9-1024x770.jpg\" src=\"https:\/\/www.jornalja.com.br\/cultura\/wp-content\/uploads\/sites\/2\/2026\/03\/08cba5df-e12f-43ee-a94d-b9799248efe9-1024x770.jpg\" alt=\"\" class=\"wp-image-92068\" srcset=\"https:\/\/www.jornalja.com.br\/cultura\/wp-content\/uploads\/sites\/2\/2026\/03\/08cba5df-e12f-43ee-a94d-b9799248efe9-1024x770.jpg 1024w, https:\/\/www.jornalja.com.br\/cultura\/wp-content\/uploads\/sites\/2\/2026\/03\/08cba5df-e12f-43ee-a94d-b9799248efe9-300x226.jpg 300w, https:\/\/www.jornalja.com.br\/cultura\/wp-content\/uploads\/sites\/2\/2026\/03\/08cba5df-e12f-43ee-a94d-b9799248efe9-768x578.jpg 768w, https:\/\/www.jornalja.com.br\/cultura\/wp-content\/uploads\/sites\/2\/2026\/03\/08cba5df-e12f-43ee-a94d-b9799248efe9.jpg 1280w\" sizes=\"(max-width: 1024px) 100vw, 1024px\" \/><\/figure>\n\n\n\n<p>Desde que surgiu, M\u00f3veis Coloniais de Acaju chamaram a aten\u00e7\u00e3o. Aos viventes do tempo de MTV, pudemos ver que eles faziam parte de uma vertente musical muito inteligente e sarc\u00e1stica, onde seus clipes tinham muita influ\u00eancia de artes e refer\u00eancias visuais que levavam a uma ascend\u00eancia cultural muito engrandecedora para algumas gera\u00e7\u00f5es. Para mostrar que essa verve segue viva, pudemos sentir uma homenagem a Jorge Ben Jor (em ano de Ogum, &#8220;Jorge da Capad\u00f3cia&#8221; \u00e9 muito adequada para um momento mais luz baixa)<\/p>\n\n\n\n<p data-wp-context---core-fit-text=\"core\/fit-text::{&quot;fontSize&quot;:&quot;&quot;}\" data-wp-init---core-fit-text=\"core\/fit-text::callbacks.init\" data-wp-interactive data-wp-style--font-size=\"core\/fit-text::context.fontSize\" class=\"has-fit-text\"><strong><em>*Um agradecimento especial ao gentil Fabio Pedrosa, baixista, que nos cedeu um setlist para orientar nessa mat\u00e9ria.<\/em><\/strong><\/p>\n\n\n\n<p><strong>Confira Imagens do show. Fotos: Fabiane Marques<\/strong><\/p>\n\n\n\n<div class=\"wp-block-jetpack-tiled-gallery aligncenter is-style-rectangular\"><div class=\"\"><div class=\"tiled-gallery__gallery\"><div class=\"tiled-gallery__row\"><div class=\"tiled-gallery__col\" style=\"flex-basis:66.74538%\"><figure class=\"tiled-gallery__item\"><a href=\"https:\/\/www.jornalja.com.br\/cultura\/wp-content\/uploads\/sites\/2\/2026\/03\/08cba5df-e12f-43ee-a94d-b9799248efe9-1024x770.jpg\"><img decoding=\"async\" data-attachment-id=\"92068\" data-permalink=\"https:\/\/www.jornalja.com.br\/cultura\/moveis-coloniais-de-acaju-volta-as-atividades-e-aos-palcos-do-opiniao\/08cba5df-e12f-43ee-a94d-b9799248efe9\/\" data-orig-file=\"https:\/\/www.jornalja.com.br\/cultura\/wp-content\/uploads\/sites\/2\/2026\/03\/08cba5df-e12f-43ee-a94d-b9799248efe9.jpg\" data-orig-size=\"1280,963\" data-comments-opened=\"0\" data-image-meta=\"{&quot;aperture&quot;:&quot;0&quot;,&quot;credit&quot;:&quot;&quot;,&quot;camera&quot;:&quot;&quot;,&quot;caption&quot;:&quot;&quot;,&quot;created_timestamp&quot;:&quot;0&quot;,&quot;copyright&quot;:&quot;&quot;,&quot;focal_length&quot;:&quot;0&quot;,&quot;iso&quot;:&quot;0&quot;,&quot;shutter_speed&quot;:&quot;0&quot;,&quot;title&quot;:&quot;&quot;,&quot;orientation&quot;:&quot;0&quot;}\" data-image-title=\"08cba5df-e12f-43ee-a94d-b9799248efe9\" data-image-description=\"\" data-image-caption=\"\" data-large-file=\"https:\/\/www.jornalja.com.br\/cultura\/wp-content\/uploads\/sites\/2\/2026\/03\/08cba5df-e12f-43ee-a94d-b9799248efe9-1024x770.jpg\" data-attachment-id=\"92068\" data-permalink=\"https:\/\/www.jornalja.com.br\/cultura\/moveis-coloniais-de-acaju-volta-as-atividades-e-aos-palcos-do-opiniao\/08cba5df-e12f-43ee-a94d-b9799248efe9\/\" data-orig-file=\"https:\/\/www.jornalja.com.br\/cultura\/wp-content\/uploads\/sites\/2\/2026\/03\/08cba5df-e12f-43ee-a94d-b9799248efe9.jpg\" data-orig-size=\"1280,963\" data-comments-opened=\"0\" data-image-meta=\"{&quot;aperture&quot;:&quot;0&quot;,&quot;credit&quot;:&quot;&quot;,&quot;camera&quot;:&quot;&quot;,&quot;caption&quot;:&quot;&quot;,&quot;created_timestamp&quot;:&quot;0&quot;,&quot;copyright&quot;:&quot;&quot;,&quot;focal_length&quot;:&quot;0&quot;,&quot;iso&quot;:&quot;0&quot;,&quot;shutter_speed&quot;:&quot;0&quot;,&quot;title&quot;:&quot;&quot;,&quot;orientation&quot;:&quot;0&quot;}\" data-image-title=\"08cba5df-e12f-43ee-a94d-b9799248efe9\" data-image-description=\"\" data-image-caption=\"\" data-large-file=\"https:\/\/www.jornalja.com.br\/cultura\/wp-content\/uploads\/sites\/2\/2026\/03\/08cba5df-e12f-43ee-a94d-b9799248efe9-1024x770.jpg\" role=\"button\" tabindex=\"0\" aria-label=\"Abrir imagem 1 de 16 em tela cheia\"srcset=\"https:\/\/i0.wp.com\/www.jornalja.com.br\/cultura\/wp-content\/uploads\/sites\/2\/2026\/03\/08cba5df-e12f-43ee-a94d-b9799248efe9-1024x770.jpg?strip=info&#038;w=600&#038;ssl=1 600w,https:\/\/i0.wp.com\/www.jornalja.com.br\/cultura\/wp-content\/uploads\/sites\/2\/2026\/03\/08cba5df-e12f-43ee-a94d-b9799248efe9-1024x770.jpg?strip=info&#038;w=900&#038;ssl=1 900w,https:\/\/i0.wp.com\/www.jornalja.com.br\/cultura\/wp-content\/uploads\/sites\/2\/2026\/03\/08cba5df-e12f-43ee-a94d-b9799248efe9-1024x770.jpg?strip=info&#038;w=1200&#038;ssl=1 1200w,https:\/\/i0.wp.com\/www.jornalja.com.br\/cultura\/wp-content\/uploads\/sites\/2\/2026\/03\/08cba5df-e12f-43ee-a94d-b9799248efe9-1024x770.jpg?strip=info&#038;w=1280&#038;ssl=1 1280w\" alt=\"\" data-height=\"963\" data-id=\"92068\" data-link=\"https:\/\/www.jornalja.com.br\/cultura\/?attachment_id=92068\" data-url=\"https:\/\/www.jornalja.com.br\/cultura\/wp-content\/uploads\/sites\/2\/2026\/03\/08cba5df-e12f-43ee-a94d-b9799248efe9-1024x770.jpg\" data-width=\"1280\" src=\"https:\/\/i0.wp.com\/www.jornalja.com.br\/cultura\/wp-content\/uploads\/sites\/2\/2026\/03\/08cba5df-e12f-43ee-a94d-b9799248efe9-1024x770.jpg?ssl=1\" data-amp-layout=\"responsive\" \/><\/a><\/figure><\/div><div class=\"tiled-gallery__col\" style=\"flex-basis:33.25462%\"><figure class=\"tiled-gallery__item\"><a href=\"https:\/\/www.jornalja.com.br\/cultura\/wp-content\/uploads\/sites\/2\/2026\/03\/6fd21e64-ea29-4591-8059-c3d01c8cb482-1024x770.jpg\"><img decoding=\"async\" data-attachment-id=\"92054\" data-permalink=\"https:\/\/www.jornalja.com.br\/cultura\/moveis-coloniais-de-acaju-volta-as-atividades-e-aos-palcos-do-opiniao\/6fd21e64-ea29-4591-8059-c3d01c8cb482\/\" data-orig-file=\"https:\/\/www.jornalja.com.br\/cultura\/wp-content\/uploads\/sites\/2\/2026\/03\/6fd21e64-ea29-4591-8059-c3d01c8cb482.jpg\" data-orig-size=\"1280,963\" data-comments-opened=\"0\" data-image-meta=\"{&quot;aperture&quot;:&quot;0&quot;,&quot;credit&quot;:&quot;&quot;,&quot;camera&quot;:&quot;&quot;,&quot;caption&quot;:&quot;&quot;,&quot;created_timestamp&quot;:&quot;0&quot;,&quot;copyright&quot;:&quot;&quot;,&quot;focal_length&quot;:&quot;0&quot;,&quot;iso&quot;:&quot;0&quot;,&quot;shutter_speed&quot;:&quot;0&quot;,&quot;title&quot;:&quot;&quot;,&quot;orientation&quot;:&quot;0&quot;}\" data-image-title=\"6fd21e64-ea29-4591-8059-c3d01c8cb482\" data-image-description=\"\" data-image-caption=\"\" data-large-file=\"https:\/\/www.jornalja.com.br\/cultura\/wp-content\/uploads\/sites\/2\/2026\/03\/6fd21e64-ea29-4591-8059-c3d01c8cb482-1024x770.jpg\" data-attachment-id=\"92054\" data-permalink=\"https:\/\/www.jornalja.com.br\/cultura\/moveis-coloniais-de-acaju-volta-as-atividades-e-aos-palcos-do-opiniao\/6fd21e64-ea29-4591-8059-c3d01c8cb482\/\" data-orig-file=\"https:\/\/www.jornalja.com.br\/cultura\/wp-content\/uploads\/sites\/2\/2026\/03\/6fd21e64-ea29-4591-8059-c3d01c8cb482.jpg\" data-orig-size=\"1280,963\" data-comments-opened=\"0\" data-image-meta=\"{&quot;aperture&quot;:&quot;0&quot;,&quot;credit&quot;:&quot;&quot;,&quot;camera&quot;:&quot;&quot;,&quot;caption&quot;:&quot;&quot;,&quot;created_timestamp&quot;:&quot;0&quot;,&quot;copyright&quot;:&quot;&quot;,&quot;focal_length&quot;:&quot;0&quot;,&quot;iso&quot;:&quot;0&quot;,&quot;shutter_speed&quot;:&quot;0&quot;,&quot;title&quot;:&quot;&quot;,&quot;orientation&quot;:&quot;0&quot;}\" data-image-title=\"6fd21e64-ea29-4591-8059-c3d01c8cb482\" data-image-description=\"\" data-image-caption=\"\" data-large-file=\"https:\/\/www.jornalja.com.br\/cultura\/wp-content\/uploads\/sites\/2\/2026\/03\/6fd21e64-ea29-4591-8059-c3d01c8cb482-1024x770.jpg\" role=\"button\" tabindex=\"0\" aria-label=\"Abrir imagem 2 de 16 em tela cheia\"srcset=\"https:\/\/i0.wp.com\/www.jornalja.com.br\/cultura\/wp-content\/uploads\/sites\/2\/2026\/03\/6fd21e64-ea29-4591-8059-c3d01c8cb482-1024x770.jpg?strip=info&#038;w=600&#038;ssl=1 600w,https:\/\/i0.wp.com\/www.jornalja.com.br\/cultura\/wp-content\/uploads\/sites\/2\/2026\/03\/6fd21e64-ea29-4591-8059-c3d01c8cb482-1024x770.jpg?strip=info&#038;w=900&#038;ssl=1 900w,https:\/\/i0.wp.com\/www.jornalja.com.br\/cultura\/wp-content\/uploads\/sites\/2\/2026\/03\/6fd21e64-ea29-4591-8059-c3d01c8cb482-1024x770.jpg?strip=info&#038;w=1200&#038;ssl=1 1200w,https:\/\/i0.wp.com\/www.jornalja.com.br\/cultura\/wp-content\/uploads\/sites\/2\/2026\/03\/6fd21e64-ea29-4591-8059-c3d01c8cb482-1024x770.jpg?strip=info&#038;w=1280&#038;ssl=1 1280w\" alt=\"\" data-height=\"963\" data-id=\"92054\" data-link=\"https:\/\/www.jornalja.com.br\/cultura\/?attachment_id=92054\" data-url=\"https:\/\/www.jornalja.com.br\/cultura\/wp-content\/uploads\/sites\/2\/2026\/03\/6fd21e64-ea29-4591-8059-c3d01c8cb482-1024x770.jpg\" data-width=\"1280\" src=\"https:\/\/i0.wp.com\/www.jornalja.com.br\/cultura\/wp-content\/uploads\/sites\/2\/2026\/03\/6fd21e64-ea29-4591-8059-c3d01c8cb482-1024x770.jpg?ssl=1\" data-amp-layout=\"responsive\" \/><\/a><\/figure><figure class=\"tiled-gallery__item\"><a href=\"https:\/\/www.jornalja.com.br\/cultura\/wp-content\/uploads\/sites\/2\/2026\/03\/9c339b00-fc4a-4cd8-ab83-85bab7d7fe88-1024x768.jpg\"><img decoding=\"async\" data-attachment-id=\"92066\" data-permalink=\"https:\/\/www.jornalja.com.br\/cultura\/moveis-coloniais-de-acaju-volta-as-atividades-e-aos-palcos-do-opiniao\/9c339b00-fc4a-4cd8-ab83-85bab7d7fe88\/\" data-orig-file=\"https:\/\/www.jornalja.com.br\/cultura\/wp-content\/uploads\/sites\/2\/2026\/03\/9c339b00-fc4a-4cd8-ab83-85bab7d7fe88.jpg\" data-orig-size=\"1600,1200\" data-comments-opened=\"0\" data-image-meta=\"{&quot;aperture&quot;:&quot;0&quot;,&quot;credit&quot;:&quot;&quot;,&quot;camera&quot;:&quot;&quot;,&quot;caption&quot;:&quot;&quot;,&quot;created_timestamp&quot;:&quot;0&quot;,&quot;copyright&quot;:&quot;&quot;,&quot;focal_length&quot;:&quot;0&quot;,&quot;iso&quot;:&quot;0&quot;,&quot;shutter_speed&quot;:&quot;0&quot;,&quot;title&quot;:&quot;&quot;,&quot;orientation&quot;:&quot;0&quot;}\" data-image-title=\"9c339b00-fc4a-4cd8-ab83-85bab7d7fe88\" data-image-description=\"\" data-image-caption=\"\" data-large-file=\"https:\/\/www.jornalja.com.br\/cultura\/wp-content\/uploads\/sites\/2\/2026\/03\/9c339b00-fc4a-4cd8-ab83-85bab7d7fe88-1024x768.jpg\" data-attachment-id=\"92066\" data-permalink=\"https:\/\/www.jornalja.com.br\/cultura\/moveis-coloniais-de-acaju-volta-as-atividades-e-aos-palcos-do-opiniao\/9c339b00-fc4a-4cd8-ab83-85bab7d7fe88\/\" data-orig-file=\"https:\/\/www.jornalja.com.br\/cultura\/wp-content\/uploads\/sites\/2\/2026\/03\/9c339b00-fc4a-4cd8-ab83-85bab7d7fe88.jpg\" data-orig-size=\"1600,1200\" data-comments-opened=\"0\" data-image-meta=\"{&quot;aperture&quot;:&quot;0&quot;,&quot;credit&quot;:&quot;&quot;,&quot;camera&quot;:&quot;&quot;,&quot;caption&quot;:&quot;&quot;,&quot;created_timestamp&quot;:&quot;0&quot;,&quot;copyright&quot;:&quot;&quot;,&quot;focal_length&quot;:&quot;0&quot;,&quot;iso&quot;:&quot;0&quot;,&quot;shutter_speed&quot;:&quot;0&quot;,&quot;title&quot;:&quot;&quot;,&quot;orientation&quot;:&quot;0&quot;}\" data-image-title=\"9c339b00-fc4a-4cd8-ab83-85bab7d7fe88\" data-image-description=\"\" data-image-caption=\"\" data-large-file=\"https:\/\/www.jornalja.com.br\/cultura\/wp-content\/uploads\/sites\/2\/2026\/03\/9c339b00-fc4a-4cd8-ab83-85bab7d7fe88-1024x768.jpg\" role=\"button\" tabindex=\"0\" aria-label=\"Abrir imagem 3 de 16 em tela cheia\"srcset=\"https:\/\/i0.wp.com\/www.jornalja.com.br\/cultura\/wp-content\/uploads\/sites\/2\/2026\/03\/9c339b00-fc4a-4cd8-ab83-85bab7d7fe88-1024x768.jpg?strip=info&#038;w=600&#038;ssl=1 600w,https:\/\/i0.wp.com\/www.jornalja.com.br\/cultura\/wp-content\/uploads\/sites\/2\/2026\/03\/9c339b00-fc4a-4cd8-ab83-85bab7d7fe88-1024x768.jpg?strip=info&#038;w=900&#038;ssl=1 900w,https:\/\/i0.wp.com\/www.jornalja.com.br\/cultura\/wp-content\/uploads\/sites\/2\/2026\/03\/9c339b00-fc4a-4cd8-ab83-85bab7d7fe88-1024x768.jpg?strip=info&#038;w=1200&#038;ssl=1 1200w,https:\/\/i0.wp.com\/www.jornalja.com.br\/cultura\/wp-content\/uploads\/sites\/2\/2026\/03\/9c339b00-fc4a-4cd8-ab83-85bab7d7fe88-1024x768.jpg?strip=info&#038;w=1500&#038;ssl=1 1500w,https:\/\/i0.wp.com\/www.jornalja.com.br\/cultura\/wp-content\/uploads\/sites\/2\/2026\/03\/9c339b00-fc4a-4cd8-ab83-85bab7d7fe88-1024x768.jpg?strip=info&#038;w=1600&#038;ssl=1 1600w\" alt=\"\" data-height=\"1200\" data-id=\"92066\" data-link=\"https:\/\/www.jornalja.com.br\/cultura\/?attachment_id=92066\" data-url=\"https:\/\/www.jornalja.com.br\/cultura\/wp-content\/uploads\/sites\/2\/2026\/03\/9c339b00-fc4a-4cd8-ab83-85bab7d7fe88-1024x768.jpg\" data-width=\"1600\" src=\"https:\/\/i0.wp.com\/www.jornalja.com.br\/cultura\/wp-content\/uploads\/sites\/2\/2026\/03\/9c339b00-fc4a-4cd8-ab83-85bab7d7fe88-1024x768.jpg?ssl=1\" data-amp-layout=\"responsive\" \/><\/a><\/figure><\/div><\/div><div class=\"tiled-gallery__row\"><div class=\"tiled-gallery__col\" style=\"flex-basis:33.33333%\"><figure class=\"tiled-gallery__item\"><a href=\"https:\/\/www.jornalja.com.br\/cultura\/wp-content\/uploads\/sites\/2\/2026\/03\/113b1a0a-cab7-4207-aa3c-b03b4d50975d-1024x768.jpg\"><img decoding=\"async\" data-attachment-id=\"92061\" data-permalink=\"https:\/\/www.jornalja.com.br\/cultura\/moveis-coloniais-de-acaju-volta-as-atividades-e-aos-palcos-do-opiniao\/113b1a0a-cab7-4207-aa3c-b03b4d50975d\/\" data-orig-file=\"https:\/\/www.jornalja.com.br\/cultura\/wp-content\/uploads\/sites\/2\/2026\/03\/113b1a0a-cab7-4207-aa3c-b03b4d50975d.jpg\" data-orig-size=\"1600,1200\" data-comments-opened=\"0\" data-image-meta=\"{&quot;aperture&quot;:&quot;0&quot;,&quot;credit&quot;:&quot;&quot;,&quot;camera&quot;:&quot;&quot;,&quot;caption&quot;:&quot;&quot;,&quot;created_timestamp&quot;:&quot;0&quot;,&quot;copyright&quot;:&quot;&quot;,&quot;focal_length&quot;:&quot;0&quot;,&quot;iso&quot;:&quot;0&quot;,&quot;shutter_speed&quot;:&quot;0&quot;,&quot;title&quot;:&quot;&quot;,&quot;orientation&quot;:&quot;0&quot;}\" data-image-title=\"113b1a0a-cab7-4207-aa3c-b03b4d50975d\" data-image-description=\"\" data-image-caption=\"\" data-large-file=\"https:\/\/www.jornalja.com.br\/cultura\/wp-content\/uploads\/sites\/2\/2026\/03\/113b1a0a-cab7-4207-aa3c-b03b4d50975d-1024x768.jpg\" data-attachment-id=\"92061\" data-permalink=\"https:\/\/www.jornalja.com.br\/cultura\/moveis-coloniais-de-acaju-volta-as-atividades-e-aos-palcos-do-opiniao\/113b1a0a-cab7-4207-aa3c-b03b4d50975d\/\" data-orig-file=\"https:\/\/www.jornalja.com.br\/cultura\/wp-content\/uploads\/sites\/2\/2026\/03\/113b1a0a-cab7-4207-aa3c-b03b4d50975d.jpg\" data-orig-size=\"1600,1200\" data-comments-opened=\"0\" data-image-meta=\"{&quot;aperture&quot;:&quot;0&quot;,&quot;credit&quot;:&quot;&quot;,&quot;camera&quot;:&quot;&quot;,&quot;caption&quot;:&quot;&quot;,&quot;created_timestamp&quot;:&quot;0&quot;,&quot;copyright&quot;:&quot;&quot;,&quot;focal_length&quot;:&quot;0&quot;,&quot;iso&quot;:&quot;0&quot;,&quot;shutter_speed&quot;:&quot;0&quot;,&quot;title&quot;:&quot;&quot;,&quot;orientation&quot;:&quot;0&quot;}\" data-image-title=\"113b1a0a-cab7-4207-aa3c-b03b4d50975d\" data-image-description=\"\" data-image-caption=\"\" data-large-file=\"https:\/\/www.jornalja.com.br\/cultura\/wp-content\/uploads\/sites\/2\/2026\/03\/113b1a0a-cab7-4207-aa3c-b03b4d50975d-1024x768.jpg\" role=\"button\" tabindex=\"0\" aria-label=\"Abrir imagem 4 de 16 em tela cheia\"srcset=\"https:\/\/i0.wp.com\/www.jornalja.com.br\/cultura\/wp-content\/uploads\/sites\/2\/2026\/03\/113b1a0a-cab7-4207-aa3c-b03b4d50975d-1024x768.jpg?strip=info&#038;w=600&#038;ssl=1 600w,https:\/\/i0.wp.com\/www.jornalja.com.br\/cultura\/wp-content\/uploads\/sites\/2\/2026\/03\/113b1a0a-cab7-4207-aa3c-b03b4d50975d-1024x768.jpg?strip=info&#038;w=900&#038;ssl=1 900w,https:\/\/i0.wp.com\/www.jornalja.com.br\/cultura\/wp-content\/uploads\/sites\/2\/2026\/03\/113b1a0a-cab7-4207-aa3c-b03b4d50975d-1024x768.jpg?strip=info&#038;w=1200&#038;ssl=1 1200w,https:\/\/i0.wp.com\/www.jornalja.com.br\/cultura\/wp-content\/uploads\/sites\/2\/2026\/03\/113b1a0a-cab7-4207-aa3c-b03b4d50975d-1024x768.jpg?strip=info&#038;w=1500&#038;ssl=1 1500w,https:\/\/i0.wp.com\/www.jornalja.com.br\/cultura\/wp-content\/uploads\/sites\/2\/2026\/03\/113b1a0a-cab7-4207-aa3c-b03b4d50975d-1024x768.jpg?strip=info&#038;w=1600&#038;ssl=1 1600w\" alt=\"\" data-height=\"1200\" data-id=\"92061\" data-link=\"https:\/\/www.jornalja.com.br\/cultura\/?attachment_id=92061\" data-url=\"https:\/\/www.jornalja.com.br\/cultura\/wp-content\/uploads\/sites\/2\/2026\/03\/113b1a0a-cab7-4207-aa3c-b03b4d50975d-1024x768.jpg\" data-width=\"1600\" src=\"https:\/\/i0.wp.com\/www.jornalja.com.br\/cultura\/wp-content\/uploads\/sites\/2\/2026\/03\/113b1a0a-cab7-4207-aa3c-b03b4d50975d-1024x768.jpg?ssl=1\" data-amp-layout=\"responsive\" \/><\/a><\/figure><\/div><div class=\"tiled-gallery__col\" style=\"flex-basis:33.33333%\"><figure class=\"tiled-gallery__item\"><a href=\"https:\/\/www.jornalja.com.br\/cultura\/wp-content\/uploads\/sites\/2\/2026\/03\/301eb25f-4e61-4743-a9f4-93e5975459d0-1024x768.jpg\"><img decoding=\"async\" data-attachment-id=\"92071\" data-permalink=\"https:\/\/www.jornalja.com.br\/cultura\/moveis-coloniais-de-acaju-volta-as-atividades-e-aos-palcos-do-opiniao\/301eb25f-4e61-4743-a9f4-93e5975459d0\/\" data-orig-file=\"https:\/\/www.jornalja.com.br\/cultura\/wp-content\/uploads\/sites\/2\/2026\/03\/301eb25f-4e61-4743-a9f4-93e5975459d0.jpg\" data-orig-size=\"1600,1200\" data-comments-opened=\"0\" data-image-meta=\"{&quot;aperture&quot;:&quot;0&quot;,&quot;credit&quot;:&quot;&quot;,&quot;camera&quot;:&quot;&quot;,&quot;caption&quot;:&quot;&quot;,&quot;created_timestamp&quot;:&quot;0&quot;,&quot;copyright&quot;:&quot;&quot;,&quot;focal_length&quot;:&quot;0&quot;,&quot;iso&quot;:&quot;0&quot;,&quot;shutter_speed&quot;:&quot;0&quot;,&quot;title&quot;:&quot;&quot;,&quot;orientation&quot;:&quot;0&quot;}\" data-image-title=\"301eb25f-4e61-4743-a9f4-93e5975459d0\" data-image-description=\"\" data-image-caption=\"\" data-large-file=\"https:\/\/www.jornalja.com.br\/cultura\/wp-content\/uploads\/sites\/2\/2026\/03\/301eb25f-4e61-4743-a9f4-93e5975459d0-1024x768.jpg\" data-attachment-id=\"92071\" data-permalink=\"https:\/\/www.jornalja.com.br\/cultura\/moveis-coloniais-de-acaju-volta-as-atividades-e-aos-palcos-do-opiniao\/301eb25f-4e61-4743-a9f4-93e5975459d0\/\" data-orig-file=\"https:\/\/www.jornalja.com.br\/cultura\/wp-content\/uploads\/sites\/2\/2026\/03\/301eb25f-4e61-4743-a9f4-93e5975459d0.jpg\" data-orig-size=\"1600,1200\" data-comments-opened=\"0\" data-image-meta=\"{&quot;aperture&quot;:&quot;0&quot;,&quot;credit&quot;:&quot;&quot;,&quot;camera&quot;:&quot;&quot;,&quot;caption&quot;:&quot;&quot;,&quot;created_timestamp&quot;:&quot;0&quot;,&quot;copyright&quot;:&quot;&quot;,&quot;focal_length&quot;:&quot;0&quot;,&quot;iso&quot;:&quot;0&quot;,&quot;shutter_speed&quot;:&quot;0&quot;,&quot;title&quot;:&quot;&quot;,&quot;orientation&quot;:&quot;0&quot;}\" data-image-title=\"301eb25f-4e61-4743-a9f4-93e5975459d0\" data-image-description=\"\" data-image-caption=\"\" data-large-file=\"https:\/\/www.jornalja.com.br\/cultura\/wp-content\/uploads\/sites\/2\/2026\/03\/301eb25f-4e61-4743-a9f4-93e5975459d0-1024x768.jpg\" role=\"button\" tabindex=\"0\" aria-label=\"Abrir imagem 5 de 16 em tela cheia\"srcset=\"https:\/\/i0.wp.com\/www.jornalja.com.br\/cultura\/wp-content\/uploads\/sites\/2\/2026\/03\/301eb25f-4e61-4743-a9f4-93e5975459d0-1024x768.jpg?strip=info&#038;w=600&#038;ssl=1 600w,https:\/\/i0.wp.com\/www.jornalja.com.br\/cultura\/wp-content\/uploads\/sites\/2\/2026\/03\/301eb25f-4e61-4743-a9f4-93e5975459d0-1024x768.jpg?strip=info&#038;w=900&#038;ssl=1 900w,https:\/\/i0.wp.com\/www.jornalja.com.br\/cultura\/wp-content\/uploads\/sites\/2\/2026\/03\/301eb25f-4e61-4743-a9f4-93e5975459d0-1024x768.jpg?strip=info&#038;w=1200&#038;ssl=1 1200w,https:\/\/i0.wp.com\/www.jornalja.com.br\/cultura\/wp-content\/uploads\/sites\/2\/2026\/03\/301eb25f-4e61-4743-a9f4-93e5975459d0-1024x768.jpg?strip=info&#038;w=1500&#038;ssl=1 1500w,https:\/\/i0.wp.com\/www.jornalja.com.br\/cultura\/wp-content\/uploads\/sites\/2\/2026\/03\/301eb25f-4e61-4743-a9f4-93e5975459d0-1024x768.jpg?strip=info&#038;w=1600&#038;ssl=1 1600w\" alt=\"\" data-height=\"1200\" data-id=\"92071\" data-link=\"https:\/\/www.jornalja.com.br\/cultura\/?attachment_id=92071\" data-url=\"https:\/\/www.jornalja.com.br\/cultura\/wp-content\/uploads\/sites\/2\/2026\/03\/301eb25f-4e61-4743-a9f4-93e5975459d0-1024x768.jpg\" data-width=\"1600\" src=\"https:\/\/i0.wp.com\/www.jornalja.com.br\/cultura\/wp-content\/uploads\/sites\/2\/2026\/03\/301eb25f-4e61-4743-a9f4-93e5975459d0-1024x768.jpg?ssl=1\" data-amp-layout=\"responsive\" \/><\/a><\/figure><\/div><div class=\"tiled-gallery__col\" style=\"flex-basis:33.33333%\"><figure class=\"tiled-gallery__item\"><a href=\"https:\/\/www.jornalja.com.br\/cultura\/wp-content\/uploads\/sites\/2\/2026\/03\/371a5e6e-7ab5-4f9b-9ca8-7d5730ee279f-1-1024x768.jpg\"><img decoding=\"async\" data-attachment-id=\"92060\" data-permalink=\"https:\/\/www.jornalja.com.br\/cultura\/moveis-coloniais-de-acaju-volta-as-atividades-e-aos-palcos-do-opiniao\/371a5e6e-7ab5-4f9b-9ca8-7d5730ee279f-1\/\" data-orig-file=\"https:\/\/www.jornalja.com.br\/cultura\/wp-content\/uploads\/sites\/2\/2026\/03\/371a5e6e-7ab5-4f9b-9ca8-7d5730ee279f-1.jpg\" data-orig-size=\"1600,1200\" data-comments-opened=\"0\" data-image-meta=\"{&quot;aperture&quot;:&quot;0&quot;,&quot;credit&quot;:&quot;&quot;,&quot;camera&quot;:&quot;&quot;,&quot;caption&quot;:&quot;&quot;,&quot;created_timestamp&quot;:&quot;0&quot;,&quot;copyright&quot;:&quot;&quot;,&quot;focal_length&quot;:&quot;0&quot;,&quot;iso&quot;:&quot;0&quot;,&quot;shutter_speed&quot;:&quot;0&quot;,&quot;title&quot;:&quot;&quot;,&quot;orientation&quot;:&quot;0&quot;}\" data-image-title=\"371a5e6e-7ab5-4f9b-9ca8-7d5730ee279f (1)\" data-image-description=\"\" data-image-caption=\"\" data-large-file=\"https:\/\/www.jornalja.com.br\/cultura\/wp-content\/uploads\/sites\/2\/2026\/03\/371a5e6e-7ab5-4f9b-9ca8-7d5730ee279f-1-1024x768.jpg\" data-attachment-id=\"92060\" data-permalink=\"https:\/\/www.jornalja.com.br\/cultura\/moveis-coloniais-de-acaju-volta-as-atividades-e-aos-palcos-do-opiniao\/371a5e6e-7ab5-4f9b-9ca8-7d5730ee279f-1\/\" data-orig-file=\"https:\/\/www.jornalja.com.br\/cultura\/wp-content\/uploads\/sites\/2\/2026\/03\/371a5e6e-7ab5-4f9b-9ca8-7d5730ee279f-1.jpg\" data-orig-size=\"1600,1200\" data-comments-opened=\"0\" data-image-meta=\"{&quot;aperture&quot;:&quot;0&quot;,&quot;credit&quot;:&quot;&quot;,&quot;camera&quot;:&quot;&quot;,&quot;caption&quot;:&quot;&quot;,&quot;created_timestamp&quot;:&quot;0&quot;,&quot;copyright&quot;:&quot;&quot;,&quot;focal_length&quot;:&quot;0&quot;,&quot;iso&quot;:&quot;0&quot;,&quot;shutter_speed&quot;:&quot;0&quot;,&quot;title&quot;:&quot;&quot;,&quot;orientation&quot;:&quot;0&quot;}\" data-image-title=\"371a5e6e-7ab5-4f9b-9ca8-7d5730ee279f (1)\" data-image-description=\"\" data-image-caption=\"\" data-large-file=\"https:\/\/www.jornalja.com.br\/cultura\/wp-content\/uploads\/sites\/2\/2026\/03\/371a5e6e-7ab5-4f9b-9ca8-7d5730ee279f-1-1024x768.jpg\" role=\"button\" tabindex=\"0\" aria-label=\"Abrir imagem 6 de 16 em tela cheia\"srcset=\"https:\/\/i0.wp.com\/www.jornalja.com.br\/cultura\/wp-content\/uploads\/sites\/2\/2026\/03\/371a5e6e-7ab5-4f9b-9ca8-7d5730ee279f-1-1024x768.jpg?strip=info&#038;w=600&#038;ssl=1 600w,https:\/\/i0.wp.com\/www.jornalja.com.br\/cultura\/wp-content\/uploads\/sites\/2\/2026\/03\/371a5e6e-7ab5-4f9b-9ca8-7d5730ee279f-1-1024x768.jpg?strip=info&#038;w=900&#038;ssl=1 900w,https:\/\/i0.wp.com\/www.jornalja.com.br\/cultura\/wp-content\/uploads\/sites\/2\/2026\/03\/371a5e6e-7ab5-4f9b-9ca8-7d5730ee279f-1-1024x768.jpg?strip=info&#038;w=1200&#038;ssl=1 1200w,https:\/\/i0.wp.com\/www.jornalja.com.br\/cultura\/wp-content\/uploads\/sites\/2\/2026\/03\/371a5e6e-7ab5-4f9b-9ca8-7d5730ee279f-1-1024x768.jpg?strip=info&#038;w=1500&#038;ssl=1 1500w,https:\/\/i0.wp.com\/www.jornalja.com.br\/cultura\/wp-content\/uploads\/sites\/2\/2026\/03\/371a5e6e-7ab5-4f9b-9ca8-7d5730ee279f-1-1024x768.jpg?strip=info&#038;w=1600&#038;ssl=1 1600w\" alt=\"\" data-height=\"1200\" data-id=\"92060\" data-link=\"https:\/\/www.jornalja.com.br\/cultura\/?attachment_id=92060\" data-url=\"https:\/\/www.jornalja.com.br\/cultura\/wp-content\/uploads\/sites\/2\/2026\/03\/371a5e6e-7ab5-4f9b-9ca8-7d5730ee279f-1-1024x768.jpg\" data-width=\"1600\" src=\"https:\/\/i0.wp.com\/www.jornalja.com.br\/cultura\/wp-content\/uploads\/sites\/2\/2026\/03\/371a5e6e-7ab5-4f9b-9ca8-7d5730ee279f-1-1024x768.jpg?ssl=1\" data-amp-layout=\"responsive\" \/><\/a><\/figure><\/div><\/div><div class=\"tiled-gallery__row\"><div class=\"tiled-gallery__col\" style=\"flex-basis:33.25462%\"><figure class=\"tiled-gallery__item\"><a href=\"https:\/\/www.jornalja.com.br\/cultura\/wp-content\/uploads\/sites\/2\/2026\/03\/9561e65c-1d31-4696-b6b4-57e8d7d3c413-1024x768.jpg\"><img decoding=\"async\" data-attachment-id=\"92059\" data-permalink=\"https:\/\/www.jornalja.com.br\/cultura\/moveis-coloniais-de-acaju-volta-as-atividades-e-aos-palcos-do-opiniao\/9561e65c-1d31-4696-b6b4-57e8d7d3c413\/\" data-orig-file=\"https:\/\/www.jornalja.com.br\/cultura\/wp-content\/uploads\/sites\/2\/2026\/03\/9561e65c-1d31-4696-b6b4-57e8d7d3c413.jpg\" data-orig-size=\"1600,1200\" data-comments-opened=\"0\" data-image-meta=\"{&quot;aperture&quot;:&quot;0&quot;,&quot;credit&quot;:&quot;&quot;,&quot;camera&quot;:&quot;&quot;,&quot;caption&quot;:&quot;&quot;,&quot;created_timestamp&quot;:&quot;0&quot;,&quot;copyright&quot;:&quot;&quot;,&quot;focal_length&quot;:&quot;0&quot;,&quot;iso&quot;:&quot;0&quot;,&quot;shutter_speed&quot;:&quot;0&quot;,&quot;title&quot;:&quot;&quot;,&quot;orientation&quot;:&quot;0&quot;}\" data-image-title=\"9561e65c-1d31-4696-b6b4-57e8d7d3c413\" data-image-description=\"\" data-image-caption=\"\" data-large-file=\"https:\/\/www.jornalja.com.br\/cultura\/wp-content\/uploads\/sites\/2\/2026\/03\/9561e65c-1d31-4696-b6b4-57e8d7d3c413-1024x768.jpg\" data-attachment-id=\"92059\" data-permalink=\"https:\/\/www.jornalja.com.br\/cultura\/moveis-coloniais-de-acaju-volta-as-atividades-e-aos-palcos-do-opiniao\/9561e65c-1d31-4696-b6b4-57e8d7d3c413\/\" data-orig-file=\"https:\/\/www.jornalja.com.br\/cultura\/wp-content\/uploads\/sites\/2\/2026\/03\/9561e65c-1d31-4696-b6b4-57e8d7d3c413.jpg\" data-orig-size=\"1600,1200\" data-comments-opened=\"0\" data-image-meta=\"{&quot;aperture&quot;:&quot;0&quot;,&quot;credit&quot;:&quot;&quot;,&quot;camera&quot;:&quot;&quot;,&quot;caption&quot;:&quot;&quot;,&quot;created_timestamp&quot;:&quot;0&quot;,&quot;copyright&quot;:&quot;&quot;,&quot;focal_length&quot;:&quot;0&quot;,&quot;iso&quot;:&quot;0&quot;,&quot;shutter_speed&quot;:&quot;0&quot;,&quot;title&quot;:&quot;&quot;,&quot;orientation&quot;:&quot;0&quot;}\" data-image-title=\"9561e65c-1d31-4696-b6b4-57e8d7d3c413\" data-image-description=\"\" data-image-caption=\"\" data-large-file=\"https:\/\/www.jornalja.com.br\/cultura\/wp-content\/uploads\/sites\/2\/2026\/03\/9561e65c-1d31-4696-b6b4-57e8d7d3c413-1024x768.jpg\" role=\"button\" tabindex=\"0\" aria-label=\"Abrir imagem 7 de 16 em tela cheia\"srcset=\"https:\/\/i0.wp.com\/www.jornalja.com.br\/cultura\/wp-content\/uploads\/sites\/2\/2026\/03\/9561e65c-1d31-4696-b6b4-57e8d7d3c413-1024x768.jpg?strip=info&#038;w=600&#038;ssl=1 600w,https:\/\/i0.wp.com\/www.jornalja.com.br\/cultura\/wp-content\/uploads\/sites\/2\/2026\/03\/9561e65c-1d31-4696-b6b4-57e8d7d3c413-1024x768.jpg?strip=info&#038;w=900&#038;ssl=1 900w,https:\/\/i0.wp.com\/www.jornalja.com.br\/cultura\/wp-content\/uploads\/sites\/2\/2026\/03\/9561e65c-1d31-4696-b6b4-57e8d7d3c413-1024x768.jpg?strip=info&#038;w=1200&#038;ssl=1 1200w,https:\/\/i0.wp.com\/www.jornalja.com.br\/cultura\/wp-content\/uploads\/sites\/2\/2026\/03\/9561e65c-1d31-4696-b6b4-57e8d7d3c413-1024x768.jpg?strip=info&#038;w=1500&#038;ssl=1 1500w,https:\/\/i0.wp.com\/www.jornalja.com.br\/cultura\/wp-content\/uploads\/sites\/2\/2026\/03\/9561e65c-1d31-4696-b6b4-57e8d7d3c413-1024x768.jpg?strip=info&#038;w=1600&#038;ssl=1 1600w\" alt=\"\" data-height=\"1200\" data-id=\"92059\" data-link=\"https:\/\/www.jornalja.com.br\/cultura\/?attachment_id=92059\" data-url=\"https:\/\/www.jornalja.com.br\/cultura\/wp-content\/uploads\/sites\/2\/2026\/03\/9561e65c-1d31-4696-b6b4-57e8d7d3c413-1024x768.jpg\" data-width=\"1600\" src=\"https:\/\/i0.wp.com\/www.jornalja.com.br\/cultura\/wp-content\/uploads\/sites\/2\/2026\/03\/9561e65c-1d31-4696-b6b4-57e8d7d3c413-1024x768.jpg?ssl=1\" data-amp-layout=\"responsive\" \/><\/a><\/figure><figure class=\"tiled-gallery__item\"><a href=\"https:\/\/www.jornalja.com.br\/cultura\/wp-content\/uploads\/sites\/2\/2026\/03\/36708f51-182e-4133-8a84-52cb4c368104-1024x770.jpg\"><img decoding=\"async\" data-attachment-id=\"92065\" data-permalink=\"https:\/\/www.jornalja.com.br\/cultura\/moveis-coloniais-de-acaju-volta-as-atividades-e-aos-palcos-do-opiniao\/36708f51-182e-4133-8a84-52cb4c368104\/\" data-orig-file=\"https:\/\/www.jornalja.com.br\/cultura\/wp-content\/uploads\/sites\/2\/2026\/03\/36708f51-182e-4133-8a84-52cb4c368104.jpg\" data-orig-size=\"1280,963\" data-comments-opened=\"0\" data-image-meta=\"{&quot;aperture&quot;:&quot;0&quot;,&quot;credit&quot;:&quot;&quot;,&quot;camera&quot;:&quot;&quot;,&quot;caption&quot;:&quot;&quot;,&quot;created_timestamp&quot;:&quot;0&quot;,&quot;copyright&quot;:&quot;&quot;,&quot;focal_length&quot;:&quot;0&quot;,&quot;iso&quot;:&quot;0&quot;,&quot;shutter_speed&quot;:&quot;0&quot;,&quot;title&quot;:&quot;&quot;,&quot;orientation&quot;:&quot;0&quot;}\" data-image-title=\"36708f51-182e-4133-8a84-52cb4c368104\" data-image-description=\"\" data-image-caption=\"\" data-large-file=\"https:\/\/www.jornalja.com.br\/cultura\/wp-content\/uploads\/sites\/2\/2026\/03\/36708f51-182e-4133-8a84-52cb4c368104-1024x770.jpg\" data-attachment-id=\"92065\" data-permalink=\"https:\/\/www.jornalja.com.br\/cultura\/moveis-coloniais-de-acaju-volta-as-atividades-e-aos-palcos-do-opiniao\/36708f51-182e-4133-8a84-52cb4c368104\/\" data-orig-file=\"https:\/\/www.jornalja.com.br\/cultura\/wp-content\/uploads\/sites\/2\/2026\/03\/36708f51-182e-4133-8a84-52cb4c368104.jpg\" data-orig-size=\"1280,963\" data-comments-opened=\"0\" data-image-meta=\"{&quot;aperture&quot;:&quot;0&quot;,&quot;credit&quot;:&quot;&quot;,&quot;camera&quot;:&quot;&quot;,&quot;caption&quot;:&quot;&quot;,&quot;created_timestamp&quot;:&quot;0&quot;,&quot;copyright&quot;:&quot;&quot;,&quot;focal_length&quot;:&quot;0&quot;,&quot;iso&quot;:&quot;0&quot;,&quot;shutter_speed&quot;:&quot;0&quot;,&quot;title&quot;:&quot;&quot;,&quot;orientation&quot;:&quot;0&quot;}\" data-image-title=\"36708f51-182e-4133-8a84-52cb4c368104\" data-image-description=\"\" data-image-caption=\"\" data-large-file=\"https:\/\/www.jornalja.com.br\/cultura\/wp-content\/uploads\/sites\/2\/2026\/03\/36708f51-182e-4133-8a84-52cb4c368104-1024x770.jpg\" role=\"button\" tabindex=\"0\" aria-label=\"Abrir imagem 8 de 16 em tela cheia\"srcset=\"https:\/\/i0.wp.com\/www.jornalja.com.br\/cultura\/wp-content\/uploads\/sites\/2\/2026\/03\/36708f51-182e-4133-8a84-52cb4c368104-1024x770.jpg?strip=info&#038;w=600&#038;ssl=1 600w,https:\/\/i0.wp.com\/www.jornalja.com.br\/cultura\/wp-content\/uploads\/sites\/2\/2026\/03\/36708f51-182e-4133-8a84-52cb4c368104-1024x770.jpg?strip=info&#038;w=900&#038;ssl=1 900w,https:\/\/i0.wp.com\/www.jornalja.com.br\/cultura\/wp-content\/uploads\/sites\/2\/2026\/03\/36708f51-182e-4133-8a84-52cb4c368104-1024x770.jpg?strip=info&#038;w=1200&#038;ssl=1 1200w,https:\/\/i0.wp.com\/www.jornalja.com.br\/cultura\/wp-content\/uploads\/sites\/2\/2026\/03\/36708f51-182e-4133-8a84-52cb4c368104-1024x770.jpg?strip=info&#038;w=1280&#038;ssl=1 1280w\" alt=\"\" data-height=\"963\" data-id=\"92065\" data-link=\"https:\/\/www.jornalja.com.br\/cultura\/?attachment_id=92065\" data-url=\"https:\/\/www.jornalja.com.br\/cultura\/wp-content\/uploads\/sites\/2\/2026\/03\/36708f51-182e-4133-8a84-52cb4c368104-1024x770.jpg\" data-width=\"1280\" src=\"https:\/\/i0.wp.com\/www.jornalja.com.br\/cultura\/wp-content\/uploads\/sites\/2\/2026\/03\/36708f51-182e-4133-8a84-52cb4c368104-1024x770.jpg?ssl=1\" data-amp-layout=\"responsive\" \/><\/a><\/figure><\/div><div class=\"tiled-gallery__col\" style=\"flex-basis:66.74538%\"><figure class=\"tiled-gallery__item\"><a href=\"https:\/\/www.jornalja.com.br\/cultura\/wp-content\/uploads\/sites\/2\/2026\/03\/18290721-5675-47ff-8058-2275645a4256-1024x770.jpg\"><img decoding=\"async\" data-attachment-id=\"92062\" data-permalink=\"https:\/\/www.jornalja.com.br\/cultura\/moveis-coloniais-de-acaju-volta-as-atividades-e-aos-palcos-do-opiniao\/18290721-5675-47ff-8058-2275645a4256\/\" data-orig-file=\"https:\/\/www.jornalja.com.br\/cultura\/wp-content\/uploads\/sites\/2\/2026\/03\/18290721-5675-47ff-8058-2275645a4256.jpg\" data-orig-size=\"1280,963\" data-comments-opened=\"0\" data-image-meta=\"{&quot;aperture&quot;:&quot;0&quot;,&quot;credit&quot;:&quot;&quot;,&quot;camera&quot;:&quot;&quot;,&quot;caption&quot;:&quot;&quot;,&quot;created_timestamp&quot;:&quot;0&quot;,&quot;copyright&quot;:&quot;&quot;,&quot;focal_length&quot;:&quot;0&quot;,&quot;iso&quot;:&quot;0&quot;,&quot;shutter_speed&quot;:&quot;0&quot;,&quot;title&quot;:&quot;&quot;,&quot;orientation&quot;:&quot;0&quot;}\" data-image-title=\"18290721-5675-47ff-8058-2275645a4256\" data-image-description=\"\" data-image-caption=\"\" data-large-file=\"https:\/\/www.jornalja.com.br\/cultura\/wp-content\/uploads\/sites\/2\/2026\/03\/18290721-5675-47ff-8058-2275645a4256-1024x770.jpg\" data-attachment-id=\"92062\" data-permalink=\"https:\/\/www.jornalja.com.br\/cultura\/moveis-coloniais-de-acaju-volta-as-atividades-e-aos-palcos-do-opiniao\/18290721-5675-47ff-8058-2275645a4256\/\" data-orig-file=\"https:\/\/www.jornalja.com.br\/cultura\/wp-content\/uploads\/sites\/2\/2026\/03\/18290721-5675-47ff-8058-2275645a4256.jpg\" data-orig-size=\"1280,963\" data-comments-opened=\"0\" data-image-meta=\"{&quot;aperture&quot;:&quot;0&quot;,&quot;credit&quot;:&quot;&quot;,&quot;camera&quot;:&quot;&quot;,&quot;caption&quot;:&quot;&quot;,&quot;created_timestamp&quot;:&quot;0&quot;,&quot;copyright&quot;:&quot;&quot;,&quot;focal_length&quot;:&quot;0&quot;,&quot;iso&quot;:&quot;0&quot;,&quot;shutter_speed&quot;:&quot;0&quot;,&quot;title&quot;:&quot;&quot;,&quot;orientation&quot;:&quot;0&quot;}\" data-image-title=\"18290721-5675-47ff-8058-2275645a4256\" data-image-description=\"\" data-image-caption=\"\" data-large-file=\"https:\/\/www.jornalja.com.br\/cultura\/wp-content\/uploads\/sites\/2\/2026\/03\/18290721-5675-47ff-8058-2275645a4256-1024x770.jpg\" role=\"button\" tabindex=\"0\" aria-label=\"Abrir imagem 9 de 16 em tela cheia\"srcset=\"https:\/\/i0.wp.com\/www.jornalja.com.br\/cultura\/wp-content\/uploads\/sites\/2\/2026\/03\/18290721-5675-47ff-8058-2275645a4256-1024x770.jpg?strip=info&#038;w=600&#038;ssl=1 600w,https:\/\/i0.wp.com\/www.jornalja.com.br\/cultura\/wp-content\/uploads\/sites\/2\/2026\/03\/18290721-5675-47ff-8058-2275645a4256-1024x770.jpg?strip=info&#038;w=900&#038;ssl=1 900w,https:\/\/i0.wp.com\/www.jornalja.com.br\/cultura\/wp-content\/uploads\/sites\/2\/2026\/03\/18290721-5675-47ff-8058-2275645a4256-1024x770.jpg?strip=info&#038;w=1200&#038;ssl=1 1200w,https:\/\/i0.wp.com\/www.jornalja.com.br\/cultura\/wp-content\/uploads\/sites\/2\/2026\/03\/18290721-5675-47ff-8058-2275645a4256-1024x770.jpg?strip=info&#038;w=1280&#038;ssl=1 1280w\" alt=\"\" data-height=\"963\" data-id=\"92062\" data-link=\"https:\/\/www.jornalja.com.br\/cultura\/?attachment_id=92062\" data-url=\"https:\/\/www.jornalja.com.br\/cultura\/wp-content\/uploads\/sites\/2\/2026\/03\/18290721-5675-47ff-8058-2275645a4256-1024x770.jpg\" data-width=\"1280\" src=\"https:\/\/i0.wp.com\/www.jornalja.com.br\/cultura\/wp-content\/uploads\/sites\/2\/2026\/03\/18290721-5675-47ff-8058-2275645a4256-1024x770.jpg?ssl=1\" data-amp-layout=\"responsive\" \/><\/a><\/figure><\/div><\/div><div class=\"tiled-gallery__row\"><div class=\"tiled-gallery__col\" style=\"flex-basis:50.00000%\"><figure class=\"tiled-gallery__item\"><a href=\"https:\/\/www.jornalja.com.br\/cultura\/wp-content\/uploads\/sites\/2\/2026\/03\/aade8c73-2a54-4346-ab3e-68671fbd1095-1024x768.jpg\"><img decoding=\"async\" data-attachment-id=\"92056\" data-permalink=\"https:\/\/www.jornalja.com.br\/cultura\/moveis-coloniais-de-acaju-volta-as-atividades-e-aos-palcos-do-opiniao\/aade8c73-2a54-4346-ab3e-68671fbd1095\/\" data-orig-file=\"https:\/\/www.jornalja.com.br\/cultura\/wp-content\/uploads\/sites\/2\/2026\/03\/aade8c73-2a54-4346-ab3e-68671fbd1095.jpg\" data-orig-size=\"1600,1200\" data-comments-opened=\"0\" data-image-meta=\"{&quot;aperture&quot;:&quot;0&quot;,&quot;credit&quot;:&quot;&quot;,&quot;camera&quot;:&quot;&quot;,&quot;caption&quot;:&quot;&quot;,&quot;created_timestamp&quot;:&quot;0&quot;,&quot;copyright&quot;:&quot;&quot;,&quot;focal_length&quot;:&quot;0&quot;,&quot;iso&quot;:&quot;0&quot;,&quot;shutter_speed&quot;:&quot;0&quot;,&quot;title&quot;:&quot;&quot;,&quot;orientation&quot;:&quot;0&quot;}\" data-image-title=\"aade8c73-2a54-4346-ab3e-68671fbd1095\" data-image-description=\"\" data-image-caption=\"\" data-large-file=\"https:\/\/www.jornalja.com.br\/cultura\/wp-content\/uploads\/sites\/2\/2026\/03\/aade8c73-2a54-4346-ab3e-68671fbd1095-1024x768.jpg\" data-attachment-id=\"92056\" data-permalink=\"https:\/\/www.jornalja.com.br\/cultura\/moveis-coloniais-de-acaju-volta-as-atividades-e-aos-palcos-do-opiniao\/aade8c73-2a54-4346-ab3e-68671fbd1095\/\" data-orig-file=\"https:\/\/www.jornalja.com.br\/cultura\/wp-content\/uploads\/sites\/2\/2026\/03\/aade8c73-2a54-4346-ab3e-68671fbd1095.jpg\" data-orig-size=\"1600,1200\" data-comments-opened=\"0\" data-image-meta=\"{&quot;aperture&quot;:&quot;0&quot;,&quot;credit&quot;:&quot;&quot;,&quot;camera&quot;:&quot;&quot;,&quot;caption&quot;:&quot;&quot;,&quot;created_timestamp&quot;:&quot;0&quot;,&quot;copyright&quot;:&quot;&quot;,&quot;focal_length&quot;:&quot;0&quot;,&quot;iso&quot;:&quot;0&quot;,&quot;shutter_speed&quot;:&quot;0&quot;,&quot;title&quot;:&quot;&quot;,&quot;orientation&quot;:&quot;0&quot;}\" data-image-title=\"aade8c73-2a54-4346-ab3e-68671fbd1095\" data-image-description=\"\" data-image-caption=\"\" data-large-file=\"https:\/\/www.jornalja.com.br\/cultura\/wp-content\/uploads\/sites\/2\/2026\/03\/aade8c73-2a54-4346-ab3e-68671fbd1095-1024x768.jpg\" role=\"button\" tabindex=\"0\" aria-label=\"Abrir imagem 10 de 16 em tela cheia\"srcset=\"https:\/\/i0.wp.com\/www.jornalja.com.br\/cultura\/wp-content\/uploads\/sites\/2\/2026\/03\/aade8c73-2a54-4346-ab3e-68671fbd1095-1024x768.jpg?strip=info&#038;w=600&#038;ssl=1 600w,https:\/\/i0.wp.com\/www.jornalja.com.br\/cultura\/wp-content\/uploads\/sites\/2\/2026\/03\/aade8c73-2a54-4346-ab3e-68671fbd1095-1024x768.jpg?strip=info&#038;w=900&#038;ssl=1 900w,https:\/\/i0.wp.com\/www.jornalja.com.br\/cultura\/wp-content\/uploads\/sites\/2\/2026\/03\/aade8c73-2a54-4346-ab3e-68671fbd1095-1024x768.jpg?strip=info&#038;w=1200&#038;ssl=1 1200w,https:\/\/i0.wp.com\/www.jornalja.com.br\/cultura\/wp-content\/uploads\/sites\/2\/2026\/03\/aade8c73-2a54-4346-ab3e-68671fbd1095-1024x768.jpg?strip=info&#038;w=1500&#038;ssl=1 1500w,https:\/\/i0.wp.com\/www.jornalja.com.br\/cultura\/wp-content\/uploads\/sites\/2\/2026\/03\/aade8c73-2a54-4346-ab3e-68671fbd1095-1024x768.jpg?strip=info&#038;w=1600&#038;ssl=1 1600w\" alt=\"\" data-height=\"1200\" data-id=\"92056\" data-link=\"https:\/\/www.jornalja.com.br\/cultura\/?attachment_id=92056\" data-url=\"https:\/\/www.jornalja.com.br\/cultura\/wp-content\/uploads\/sites\/2\/2026\/03\/aade8c73-2a54-4346-ab3e-68671fbd1095-1024x768.jpg\" data-width=\"1600\" src=\"https:\/\/i0.wp.com\/www.jornalja.com.br\/cultura\/wp-content\/uploads\/sites\/2\/2026\/03\/aade8c73-2a54-4346-ab3e-68671fbd1095-1024x768.jpg?ssl=1\" data-amp-layout=\"responsive\" \/><\/a><\/figure><\/div><div class=\"tiled-gallery__col\" style=\"flex-basis:50.00000%\"><figure class=\"tiled-gallery__item\"><a href=\"https:\/\/www.jornalja.com.br\/cultura\/wp-content\/uploads\/sites\/2\/2026\/03\/b4d95e76-ea50-43a7-bdcd-41dbfe3dc0fe-1024x768.jpg\"><img decoding=\"async\" data-attachment-id=\"92064\" data-permalink=\"https:\/\/www.jornalja.com.br\/cultura\/moveis-coloniais-de-acaju-volta-as-atividades-e-aos-palcos-do-opiniao\/b4d95e76-ea50-43a7-bdcd-41dbfe3dc0fe\/\" data-orig-file=\"https:\/\/www.jornalja.com.br\/cultura\/wp-content\/uploads\/sites\/2\/2026\/03\/b4d95e76-ea50-43a7-bdcd-41dbfe3dc0fe.jpg\" data-orig-size=\"1600,1200\" data-comments-opened=\"0\" data-image-meta=\"{&quot;aperture&quot;:&quot;0&quot;,&quot;credit&quot;:&quot;&quot;,&quot;camera&quot;:&quot;&quot;,&quot;caption&quot;:&quot;&quot;,&quot;created_timestamp&quot;:&quot;0&quot;,&quot;copyright&quot;:&quot;&quot;,&quot;focal_length&quot;:&quot;0&quot;,&quot;iso&quot;:&quot;0&quot;,&quot;shutter_speed&quot;:&quot;0&quot;,&quot;title&quot;:&quot;&quot;,&quot;orientation&quot;:&quot;0&quot;}\" data-image-title=\"b4d95e76-ea50-43a7-bdcd-41dbfe3dc0fe\" data-image-description=\"\" data-image-caption=\"\" data-large-file=\"https:\/\/www.jornalja.com.br\/cultura\/wp-content\/uploads\/sites\/2\/2026\/03\/b4d95e76-ea50-43a7-bdcd-41dbfe3dc0fe-1024x768.jpg\" data-attachment-id=\"92064\" data-permalink=\"https:\/\/www.jornalja.com.br\/cultura\/moveis-coloniais-de-acaju-volta-as-atividades-e-aos-palcos-do-opiniao\/b4d95e76-ea50-43a7-bdcd-41dbfe3dc0fe\/\" data-orig-file=\"https:\/\/www.jornalja.com.br\/cultura\/wp-content\/uploads\/sites\/2\/2026\/03\/b4d95e76-ea50-43a7-bdcd-41dbfe3dc0fe.jpg\" data-orig-size=\"1600,1200\" data-comments-opened=\"0\" data-image-meta=\"{&quot;aperture&quot;:&quot;0&quot;,&quot;credit&quot;:&quot;&quot;,&quot;camera&quot;:&quot;&quot;,&quot;caption&quot;:&quot;&quot;,&quot;created_timestamp&quot;:&quot;0&quot;,&quot;copyright&quot;:&quot;&quot;,&quot;focal_length&quot;:&quot;0&quot;,&quot;iso&quot;:&quot;0&quot;,&quot;shutter_speed&quot;:&quot;0&quot;,&quot;title&quot;:&quot;&quot;,&quot;orientation&quot;:&quot;0&quot;}\" data-image-title=\"b4d95e76-ea50-43a7-bdcd-41dbfe3dc0fe\" data-image-description=\"\" data-image-caption=\"\" data-large-file=\"https:\/\/www.jornalja.com.br\/cultura\/wp-content\/uploads\/sites\/2\/2026\/03\/b4d95e76-ea50-43a7-bdcd-41dbfe3dc0fe-1024x768.jpg\" role=\"button\" tabindex=\"0\" aria-label=\"Abrir imagem 11 de 16 em tela cheia\"srcset=\"https:\/\/i0.wp.com\/www.jornalja.com.br\/cultura\/wp-content\/uploads\/sites\/2\/2026\/03\/b4d95e76-ea50-43a7-bdcd-41dbfe3dc0fe-1024x768.jpg?strip=info&#038;w=600&#038;ssl=1 600w,https:\/\/i0.wp.com\/www.jornalja.com.br\/cultura\/wp-content\/uploads\/sites\/2\/2026\/03\/b4d95e76-ea50-43a7-bdcd-41dbfe3dc0fe-1024x768.jpg?strip=info&#038;w=900&#038;ssl=1 900w,https:\/\/i0.wp.com\/www.jornalja.com.br\/cultura\/wp-content\/uploads\/sites\/2\/2026\/03\/b4d95e76-ea50-43a7-bdcd-41dbfe3dc0fe-1024x768.jpg?strip=info&#038;w=1200&#038;ssl=1 1200w,https:\/\/i0.wp.com\/www.jornalja.com.br\/cultura\/wp-content\/uploads\/sites\/2\/2026\/03\/b4d95e76-ea50-43a7-bdcd-41dbfe3dc0fe-1024x768.jpg?strip=info&#038;w=1500&#038;ssl=1 1500w,https:\/\/i0.wp.com\/www.jornalja.com.br\/cultura\/wp-content\/uploads\/sites\/2\/2026\/03\/b4d95e76-ea50-43a7-bdcd-41dbfe3dc0fe-1024x768.jpg?strip=info&#038;w=1600&#038;ssl=1 1600w\" alt=\"\" data-height=\"1200\" data-id=\"92064\" data-link=\"https:\/\/www.jornalja.com.br\/cultura\/?attachment_id=92064\" data-url=\"https:\/\/www.jornalja.com.br\/cultura\/wp-content\/uploads\/sites\/2\/2026\/03\/b4d95e76-ea50-43a7-bdcd-41dbfe3dc0fe-1024x768.jpg\" data-width=\"1600\" src=\"https:\/\/i0.wp.com\/www.jornalja.com.br\/cultura\/wp-content\/uploads\/sites\/2\/2026\/03\/b4d95e76-ea50-43a7-bdcd-41dbfe3dc0fe-1024x768.jpg?ssl=1\" data-amp-layout=\"responsive\" \/><\/a><\/figure><\/div><\/div><div class=\"tiled-gallery__row\"><div class=\"tiled-gallery__col\" style=\"flex-basis:66.71100%\"><figure class=\"tiled-gallery__item\"><a href=\"https:\/\/www.jornalja.com.br\/cultura\/wp-content\/uploads\/sites\/2\/2026\/03\/b9556a3a-6edd-4844-ad34-b3cc694895fc-1024x770.jpg\"><img decoding=\"async\" data-attachment-id=\"92055\" data-permalink=\"https:\/\/www.jornalja.com.br\/cultura\/moveis-coloniais-de-acaju-volta-as-atividades-e-aos-palcos-do-opiniao\/b9556a3a-6edd-4844-ad34-b3cc694895fc\/\" data-orig-file=\"https:\/\/www.jornalja.com.br\/cultura\/wp-content\/uploads\/sites\/2\/2026\/03\/b9556a3a-6edd-4844-ad34-b3cc694895fc.jpg\" data-orig-size=\"1280,963\" data-comments-opened=\"0\" data-image-meta=\"{&quot;aperture&quot;:&quot;0&quot;,&quot;credit&quot;:&quot;&quot;,&quot;camera&quot;:&quot;&quot;,&quot;caption&quot;:&quot;&quot;,&quot;created_timestamp&quot;:&quot;0&quot;,&quot;copyright&quot;:&quot;&quot;,&quot;focal_length&quot;:&quot;0&quot;,&quot;iso&quot;:&quot;0&quot;,&quot;shutter_speed&quot;:&quot;0&quot;,&quot;title&quot;:&quot;&quot;,&quot;orientation&quot;:&quot;0&quot;}\" data-image-title=\"b9556a3a-6edd-4844-ad34-b3cc694895fc\" data-image-description=\"\" data-image-caption=\"&lt;p&gt;O show trouxe debate, reflex\u00e3o e divers\u00e3o ao palco do Opini\u00e3o ap\u00f3s 14 anos. Foto Fabiane Marques\/Divulga\u00e7\u00e3o&lt;\/p&gt;\n\" data-large-file=\"https:\/\/www.jornalja.com.br\/cultura\/wp-content\/uploads\/sites\/2\/2026\/03\/b9556a3a-6edd-4844-ad34-b3cc694895fc-1024x770.jpg\" data-attachment-id=\"92055\" data-permalink=\"https:\/\/www.jornalja.com.br\/cultura\/moveis-coloniais-de-acaju-volta-as-atividades-e-aos-palcos-do-opiniao\/b9556a3a-6edd-4844-ad34-b3cc694895fc\/\" data-orig-file=\"https:\/\/www.jornalja.com.br\/cultura\/wp-content\/uploads\/sites\/2\/2026\/03\/b9556a3a-6edd-4844-ad34-b3cc694895fc.jpg\" data-orig-size=\"1280,963\" data-comments-opened=\"0\" data-image-meta=\"{&quot;aperture&quot;:&quot;0&quot;,&quot;credit&quot;:&quot;&quot;,&quot;camera&quot;:&quot;&quot;,&quot;caption&quot;:&quot;&quot;,&quot;created_timestamp&quot;:&quot;0&quot;,&quot;copyright&quot;:&quot;&quot;,&quot;focal_length&quot;:&quot;0&quot;,&quot;iso&quot;:&quot;0&quot;,&quot;shutter_speed&quot;:&quot;0&quot;,&quot;title&quot;:&quot;&quot;,&quot;orientation&quot;:&quot;0&quot;}\" data-image-title=\"b9556a3a-6edd-4844-ad34-b3cc694895fc\" data-image-description=\"\" data-image-caption=\"&lt;p&gt;O show trouxe debate, reflex\u00e3o e divers\u00e3o ao palco do Opini\u00e3o ap\u00f3s 14 anos. Foto Fabiane Marques\/Divulga\u00e7\u00e3o&lt;\/p&gt;\n\" data-large-file=\"https:\/\/www.jornalja.com.br\/cultura\/wp-content\/uploads\/sites\/2\/2026\/03\/b9556a3a-6edd-4844-ad34-b3cc694895fc-1024x770.jpg\" role=\"button\" tabindex=\"0\" aria-label=\"Abrir imagem 12 de 16 em tela cheia\"srcset=\"https:\/\/i0.wp.com\/www.jornalja.com.br\/cultura\/wp-content\/uploads\/sites\/2\/2026\/03\/b9556a3a-6edd-4844-ad34-b3cc694895fc-1024x770.jpg?strip=info&#038;w=600&#038;ssl=1 600w,https:\/\/i0.wp.com\/www.jornalja.com.br\/cultura\/wp-content\/uploads\/sites\/2\/2026\/03\/b9556a3a-6edd-4844-ad34-b3cc694895fc-1024x770.jpg?strip=info&#038;w=900&#038;ssl=1 900w,https:\/\/i0.wp.com\/www.jornalja.com.br\/cultura\/wp-content\/uploads\/sites\/2\/2026\/03\/b9556a3a-6edd-4844-ad34-b3cc694895fc-1024x770.jpg?strip=info&#038;w=1200&#038;ssl=1 1200w,https:\/\/i0.wp.com\/www.jornalja.com.br\/cultura\/wp-content\/uploads\/sites\/2\/2026\/03\/b9556a3a-6edd-4844-ad34-b3cc694895fc-1024x770.jpg?strip=info&#038;w=1280&#038;ssl=1 1280w\" alt=\"\" data-height=\"963\" data-id=\"92055\" data-link=\"https:\/\/www.jornalja.com.br\/cultura\/?attachment_id=92055\" data-url=\"https:\/\/www.jornalja.com.br\/cultura\/wp-content\/uploads\/sites\/2\/2026\/03\/b9556a3a-6edd-4844-ad34-b3cc694895fc-1024x770.jpg\" data-width=\"1280\" src=\"https:\/\/i0.wp.com\/www.jornalja.com.br\/cultura\/wp-content\/uploads\/sites\/2\/2026\/03\/b9556a3a-6edd-4844-ad34-b3cc694895fc-1024x770.jpg?ssl=1\" data-amp-layout=\"responsive\" \/><\/a><\/figure><\/div><div class=\"tiled-gallery__col\" style=\"flex-basis:33.28900%\"><figure class=\"tiled-gallery__item\"><a href=\"https:\/\/www.jornalja.com.br\/cultura\/wp-content\/uploads\/sites\/2\/2026\/03\/cc36d965-df00-4db9-aa50-9586e8e5c403-1-1024x768.jpg\"><img decoding=\"async\" data-attachment-id=\"92063\" data-permalink=\"https:\/\/www.jornalja.com.br\/cultura\/moveis-coloniais-de-acaju-volta-as-atividades-e-aos-palcos-do-opiniao\/cc36d965-df00-4db9-aa50-9586e8e5c403-1\/\" data-orig-file=\"https:\/\/www.jornalja.com.br\/cultura\/wp-content\/uploads\/sites\/2\/2026\/03\/cc36d965-df00-4db9-aa50-9586e8e5c403-1.jpg\" data-orig-size=\"1600,1200\" data-comments-opened=\"0\" data-image-meta=\"{&quot;aperture&quot;:&quot;0&quot;,&quot;credit&quot;:&quot;&quot;,&quot;camera&quot;:&quot;&quot;,&quot;caption&quot;:&quot;&quot;,&quot;created_timestamp&quot;:&quot;0&quot;,&quot;copyright&quot;:&quot;&quot;,&quot;focal_length&quot;:&quot;0&quot;,&quot;iso&quot;:&quot;0&quot;,&quot;shutter_speed&quot;:&quot;0&quot;,&quot;title&quot;:&quot;&quot;,&quot;orientation&quot;:&quot;0&quot;}\" data-image-title=\"cc36d965-df00-4db9-aa50-9586e8e5c403 (1)\" data-image-description=\"\" data-image-caption=\"\" data-large-file=\"https:\/\/www.jornalja.com.br\/cultura\/wp-content\/uploads\/sites\/2\/2026\/03\/cc36d965-df00-4db9-aa50-9586e8e5c403-1-1024x768.jpg\" data-attachment-id=\"92063\" data-permalink=\"https:\/\/www.jornalja.com.br\/cultura\/moveis-coloniais-de-acaju-volta-as-atividades-e-aos-palcos-do-opiniao\/cc36d965-df00-4db9-aa50-9586e8e5c403-1\/\" data-orig-file=\"https:\/\/www.jornalja.com.br\/cultura\/wp-content\/uploads\/sites\/2\/2026\/03\/cc36d965-df00-4db9-aa50-9586e8e5c403-1.jpg\" data-orig-size=\"1600,1200\" data-comments-opened=\"0\" data-image-meta=\"{&quot;aperture&quot;:&quot;0&quot;,&quot;credit&quot;:&quot;&quot;,&quot;camera&quot;:&quot;&quot;,&quot;caption&quot;:&quot;&quot;,&quot;created_timestamp&quot;:&quot;0&quot;,&quot;copyright&quot;:&quot;&quot;,&quot;focal_length&quot;:&quot;0&quot;,&quot;iso&quot;:&quot;0&quot;,&quot;shutter_speed&quot;:&quot;0&quot;,&quot;title&quot;:&quot;&quot;,&quot;orientation&quot;:&quot;0&quot;}\" data-image-title=\"cc36d965-df00-4db9-aa50-9586e8e5c403 (1)\" data-image-description=\"\" data-image-caption=\"\" data-large-file=\"https:\/\/www.jornalja.com.br\/cultura\/wp-content\/uploads\/sites\/2\/2026\/03\/cc36d965-df00-4db9-aa50-9586e8e5c403-1-1024x768.jpg\" role=\"button\" tabindex=\"0\" aria-label=\"Abrir imagem 13 de 16 em tela cheia\"srcset=\"https:\/\/i0.wp.com\/www.jornalja.com.br\/cultura\/wp-content\/uploads\/sites\/2\/2026\/03\/cc36d965-df00-4db9-aa50-9586e8e5c403-1-1024x768.jpg?strip=info&#038;w=600&#038;ssl=1 600w,https:\/\/i0.wp.com\/www.jornalja.com.br\/cultura\/wp-content\/uploads\/sites\/2\/2026\/03\/cc36d965-df00-4db9-aa50-9586e8e5c403-1-1024x768.jpg?strip=info&#038;w=900&#038;ssl=1 900w,https:\/\/i0.wp.com\/www.jornalja.com.br\/cultura\/wp-content\/uploads\/sites\/2\/2026\/03\/cc36d965-df00-4db9-aa50-9586e8e5c403-1-1024x768.jpg?strip=info&#038;w=1200&#038;ssl=1 1200w,https:\/\/i0.wp.com\/www.jornalja.com.br\/cultura\/wp-content\/uploads\/sites\/2\/2026\/03\/cc36d965-df00-4db9-aa50-9586e8e5c403-1-1024x768.jpg?strip=info&#038;w=1500&#038;ssl=1 1500w,https:\/\/i0.wp.com\/www.jornalja.com.br\/cultura\/wp-content\/uploads\/sites\/2\/2026\/03\/cc36d965-df00-4db9-aa50-9586e8e5c403-1-1024x768.jpg?strip=info&#038;w=1600&#038;ssl=1 1600w\" alt=\"\" data-height=\"1200\" data-id=\"92063\" data-link=\"https:\/\/www.jornalja.com.br\/cultura\/?attachment_id=92063\" data-url=\"https:\/\/www.jornalja.com.br\/cultura\/wp-content\/uploads\/sites\/2\/2026\/03\/cc36d965-df00-4db9-aa50-9586e8e5c403-1-1024x768.jpg\" data-width=\"1600\" src=\"https:\/\/i0.wp.com\/www.jornalja.com.br\/cultura\/wp-content\/uploads\/sites\/2\/2026\/03\/cc36d965-df00-4db9-aa50-9586e8e5c403-1-1024x768.jpg?ssl=1\" data-amp-layout=\"responsive\" \/><\/a><\/figure><figure class=\"tiled-gallery__item\"><a href=\"https:\/\/www.jornalja.com.br\/cultura\/wp-content\/uploads\/sites\/2\/2026\/03\/cc36d965-df00-4db9-aa50-9586e8e5c403-1024x768.jpg\"><img decoding=\"async\" data-attachment-id=\"92067\" data-permalink=\"https:\/\/www.jornalja.com.br\/cultura\/moveis-coloniais-de-acaju-volta-as-atividades-e-aos-palcos-do-opiniao\/cc36d965-df00-4db9-aa50-9586e8e5c403\/\" data-orig-file=\"https:\/\/www.jornalja.com.br\/cultura\/wp-content\/uploads\/sites\/2\/2026\/03\/cc36d965-df00-4db9-aa50-9586e8e5c403.jpg\" data-orig-size=\"1600,1200\" data-comments-opened=\"0\" data-image-meta=\"{&quot;aperture&quot;:&quot;0&quot;,&quot;credit&quot;:&quot;&quot;,&quot;camera&quot;:&quot;&quot;,&quot;caption&quot;:&quot;&quot;,&quot;created_timestamp&quot;:&quot;0&quot;,&quot;copyright&quot;:&quot;&quot;,&quot;focal_length&quot;:&quot;0&quot;,&quot;iso&quot;:&quot;0&quot;,&quot;shutter_speed&quot;:&quot;0&quot;,&quot;title&quot;:&quot;&quot;,&quot;orientation&quot;:&quot;0&quot;}\" data-image-title=\"cc36d965-df00-4db9-aa50-9586e8e5c403\" data-image-description=\"\" data-image-caption=\"\" data-large-file=\"https:\/\/www.jornalja.com.br\/cultura\/wp-content\/uploads\/sites\/2\/2026\/03\/cc36d965-df00-4db9-aa50-9586e8e5c403-1024x768.jpg\" data-attachment-id=\"92067\" data-permalink=\"https:\/\/www.jornalja.com.br\/cultura\/moveis-coloniais-de-acaju-volta-as-atividades-e-aos-palcos-do-opiniao\/cc36d965-df00-4db9-aa50-9586e8e5c403\/\" data-orig-file=\"https:\/\/www.jornalja.com.br\/cultura\/wp-content\/uploads\/sites\/2\/2026\/03\/cc36d965-df00-4db9-aa50-9586e8e5c403.jpg\" data-orig-size=\"1600,1200\" data-comments-opened=\"0\" data-image-meta=\"{&quot;aperture&quot;:&quot;0&quot;,&quot;credit&quot;:&quot;&quot;,&quot;camera&quot;:&quot;&quot;,&quot;caption&quot;:&quot;&quot;,&quot;created_timestamp&quot;:&quot;0&quot;,&quot;copyright&quot;:&quot;&quot;,&quot;focal_length&quot;:&quot;0&quot;,&quot;iso&quot;:&quot;0&quot;,&quot;shutter_speed&quot;:&quot;0&quot;,&quot;title&quot;:&quot;&quot;,&quot;orientation&quot;:&quot;0&quot;}\" data-image-title=\"cc36d965-df00-4db9-aa50-9586e8e5c403\" data-image-description=\"\" data-image-caption=\"\" data-large-file=\"https:\/\/www.jornalja.com.br\/cultura\/wp-content\/uploads\/sites\/2\/2026\/03\/cc36d965-df00-4db9-aa50-9586e8e5c403-1024x768.jpg\" role=\"button\" tabindex=\"0\" aria-label=\"Abrir imagem 14 de 16 em tela cheia\"srcset=\"https:\/\/i0.wp.com\/www.jornalja.com.br\/cultura\/wp-content\/uploads\/sites\/2\/2026\/03\/cc36d965-df00-4db9-aa50-9586e8e5c403-1024x768.jpg?strip=info&#038;w=600&#038;ssl=1 600w,https:\/\/i0.wp.com\/www.jornalja.com.br\/cultura\/wp-content\/uploads\/sites\/2\/2026\/03\/cc36d965-df00-4db9-aa50-9586e8e5c403-1024x768.jpg?strip=info&#038;w=900&#038;ssl=1 900w,https:\/\/i0.wp.com\/www.jornalja.com.br\/cultura\/wp-content\/uploads\/sites\/2\/2026\/03\/cc36d965-df00-4db9-aa50-9586e8e5c403-1024x768.jpg?strip=info&#038;w=1200&#038;ssl=1 1200w,https:\/\/i0.wp.com\/www.jornalja.com.br\/cultura\/wp-content\/uploads\/sites\/2\/2026\/03\/cc36d965-df00-4db9-aa50-9586e8e5c403-1024x768.jpg?strip=info&#038;w=1500&#038;ssl=1 1500w,https:\/\/i0.wp.com\/www.jornalja.com.br\/cultura\/wp-content\/uploads\/sites\/2\/2026\/03\/cc36d965-df00-4db9-aa50-9586e8e5c403-1024x768.jpg?strip=info&#038;w=1600&#038;ssl=1 1600w\" alt=\"\" data-height=\"1200\" data-id=\"92067\" data-link=\"https:\/\/www.jornalja.com.br\/cultura\/?attachment_id=92067\" data-url=\"https:\/\/www.jornalja.com.br\/cultura\/wp-content\/uploads\/sites\/2\/2026\/03\/cc36d965-df00-4db9-aa50-9586e8e5c403-1024x768.jpg\" data-width=\"1600\" src=\"https:\/\/i0.wp.com\/www.jornalja.com.br\/cultura\/wp-content\/uploads\/sites\/2\/2026\/03\/cc36d965-df00-4db9-aa50-9586e8e5c403-1024x768.jpg?ssl=1\" data-amp-layout=\"responsive\" \/><\/a><\/figure><\/div><\/div><div class=\"tiled-gallery__row\"><div class=\"tiled-gallery__col\" style=\"flex-basis:50.00000%\"><figure class=\"tiled-gallery__item\"><a href=\"https:\/\/www.jornalja.com.br\/cultura\/wp-content\/uploads\/sites\/2\/2026\/03\/d59eb9a0-6f33-4cfb-b778-00320d84157e-1024x768.jpg\"><img decoding=\"async\" data-attachment-id=\"92072\" data-permalink=\"https:\/\/www.jornalja.com.br\/cultura\/moveis-coloniais-de-acaju-volta-as-atividades-e-aos-palcos-do-opiniao\/d59eb9a0-6f33-4cfb-b778-00320d84157e\/\" data-orig-file=\"https:\/\/www.jornalja.com.br\/cultura\/wp-content\/uploads\/sites\/2\/2026\/03\/d59eb9a0-6f33-4cfb-b778-00320d84157e.jpg\" data-orig-size=\"1600,1200\" data-comments-opened=\"0\" data-image-meta=\"{&quot;aperture&quot;:&quot;0&quot;,&quot;credit&quot;:&quot;&quot;,&quot;camera&quot;:&quot;&quot;,&quot;caption&quot;:&quot;&quot;,&quot;created_timestamp&quot;:&quot;0&quot;,&quot;copyright&quot;:&quot;&quot;,&quot;focal_length&quot;:&quot;0&quot;,&quot;iso&quot;:&quot;0&quot;,&quot;shutter_speed&quot;:&quot;0&quot;,&quot;title&quot;:&quot;&quot;,&quot;orientation&quot;:&quot;0&quot;}\" data-image-title=\"d59eb9a0-6f33-4cfb-b778-00320d84157e\" data-image-description=\"\" data-image-caption=\"\" data-large-file=\"https:\/\/www.jornalja.com.br\/cultura\/wp-content\/uploads\/sites\/2\/2026\/03\/d59eb9a0-6f33-4cfb-b778-00320d84157e-1024x768.jpg\" data-attachment-id=\"92072\" data-permalink=\"https:\/\/www.jornalja.com.br\/cultura\/moveis-coloniais-de-acaju-volta-as-atividades-e-aos-palcos-do-opiniao\/d59eb9a0-6f33-4cfb-b778-00320d84157e\/\" data-orig-file=\"https:\/\/www.jornalja.com.br\/cultura\/wp-content\/uploads\/sites\/2\/2026\/03\/d59eb9a0-6f33-4cfb-b778-00320d84157e.jpg\" data-orig-size=\"1600,1200\" data-comments-opened=\"0\" data-image-meta=\"{&quot;aperture&quot;:&quot;0&quot;,&quot;credit&quot;:&quot;&quot;,&quot;camera&quot;:&quot;&quot;,&quot;caption&quot;:&quot;&quot;,&quot;created_timestamp&quot;:&quot;0&quot;,&quot;copyright&quot;:&quot;&quot;,&quot;focal_length&quot;:&quot;0&quot;,&quot;iso&quot;:&quot;0&quot;,&quot;shutter_speed&quot;:&quot;0&quot;,&quot;title&quot;:&quot;&quot;,&quot;orientation&quot;:&quot;0&quot;}\" data-image-title=\"d59eb9a0-6f33-4cfb-b778-00320d84157e\" data-image-description=\"\" data-image-caption=\"\" data-large-file=\"https:\/\/www.jornalja.com.br\/cultura\/wp-content\/uploads\/sites\/2\/2026\/03\/d59eb9a0-6f33-4cfb-b778-00320d84157e-1024x768.jpg\" role=\"button\" tabindex=\"0\" aria-label=\"Abrir imagem 15 de 16 em tela cheia\"srcset=\"https:\/\/i0.wp.com\/www.jornalja.com.br\/cultura\/wp-content\/uploads\/sites\/2\/2026\/03\/d59eb9a0-6f33-4cfb-b778-00320d84157e-1024x768.jpg?strip=info&#038;w=600&#038;ssl=1 600w,https:\/\/i0.wp.com\/www.jornalja.com.br\/cultura\/wp-content\/uploads\/sites\/2\/2026\/03\/d59eb9a0-6f33-4cfb-b778-00320d84157e-1024x768.jpg?strip=info&#038;w=900&#038;ssl=1 900w,https:\/\/i0.wp.com\/www.jornalja.com.br\/cultura\/wp-content\/uploads\/sites\/2\/2026\/03\/d59eb9a0-6f33-4cfb-b778-00320d84157e-1024x768.jpg?strip=info&#038;w=1200&#038;ssl=1 1200w,https:\/\/i0.wp.com\/www.jornalja.com.br\/cultura\/wp-content\/uploads\/sites\/2\/2026\/03\/d59eb9a0-6f33-4cfb-b778-00320d84157e-1024x768.jpg?strip=info&#038;w=1500&#038;ssl=1 1500w,https:\/\/i0.wp.com\/www.jornalja.com.br\/cultura\/wp-content\/uploads\/sites\/2\/2026\/03\/d59eb9a0-6f33-4cfb-b778-00320d84157e-1024x768.jpg?strip=info&#038;w=1600&#038;ssl=1 1600w\" alt=\"\" data-height=\"1200\" data-id=\"92072\" data-link=\"https:\/\/www.jornalja.com.br\/cultura\/?attachment_id=92072\" data-url=\"https:\/\/www.jornalja.com.br\/cultura\/wp-content\/uploads\/sites\/2\/2026\/03\/d59eb9a0-6f33-4cfb-b778-00320d84157e-1024x768.jpg\" data-width=\"1600\" src=\"https:\/\/i0.wp.com\/www.jornalja.com.br\/cultura\/wp-content\/uploads\/sites\/2\/2026\/03\/d59eb9a0-6f33-4cfb-b778-00320d84157e-1024x768.jpg?ssl=1\" data-amp-layout=\"responsive\" \/><\/a><\/figure><\/div><div class=\"tiled-gallery__col\" style=\"flex-basis:50.00000%\"><figure class=\"tiled-gallery__item\"><a href=\"https:\/\/www.jornalja.com.br\/cultura\/wp-content\/uploads\/sites\/2\/2026\/03\/f599139d-30ec-45fd-8fce-6d7521704c93-1024x768.jpg\"><img decoding=\"async\" data-attachment-id=\"92057\" data-permalink=\"https:\/\/www.jornalja.com.br\/cultura\/moveis-coloniais-de-acaju-volta-as-atividades-e-aos-palcos-do-opiniao\/f599139d-30ec-45fd-8fce-6d7521704c93\/\" data-orig-file=\"https:\/\/www.jornalja.com.br\/cultura\/wp-content\/uploads\/sites\/2\/2026\/03\/f599139d-30ec-45fd-8fce-6d7521704c93.jpg\" data-orig-size=\"1600,1200\" data-comments-opened=\"0\" data-image-meta=\"{&quot;aperture&quot;:&quot;0&quot;,&quot;credit&quot;:&quot;&quot;,&quot;camera&quot;:&quot;&quot;,&quot;caption&quot;:&quot;&quot;,&quot;created_timestamp&quot;:&quot;0&quot;,&quot;copyright&quot;:&quot;&quot;,&quot;focal_length&quot;:&quot;0&quot;,&quot;iso&quot;:&quot;0&quot;,&quot;shutter_speed&quot;:&quot;0&quot;,&quot;title&quot;:&quot;&quot;,&quot;orientation&quot;:&quot;0&quot;}\" data-image-title=\"f599139d-30ec-45fd-8fce-6d7521704c93\" data-image-description=\"\" data-image-caption=\"\" data-large-file=\"https:\/\/www.jornalja.com.br\/cultura\/wp-content\/uploads\/sites\/2\/2026\/03\/f599139d-30ec-45fd-8fce-6d7521704c93-1024x768.jpg\" data-attachment-id=\"92057\" data-permalink=\"https:\/\/www.jornalja.com.br\/cultura\/moveis-coloniais-de-acaju-volta-as-atividades-e-aos-palcos-do-opiniao\/f599139d-30ec-45fd-8fce-6d7521704c93\/\" data-orig-file=\"https:\/\/www.jornalja.com.br\/cultura\/wp-content\/uploads\/sites\/2\/2026\/03\/f599139d-30ec-45fd-8fce-6d7521704c93.jpg\" data-orig-size=\"1600,1200\" data-comments-opened=\"0\" data-image-meta=\"{&quot;aperture&quot;:&quot;0&quot;,&quot;credit&quot;:&quot;&quot;,&quot;camera&quot;:&quot;&quot;,&quot;caption&quot;:&quot;&quot;,&quot;created_timestamp&quot;:&quot;0&quot;,&quot;copyright&quot;:&quot;&quot;,&quot;focal_length&quot;:&quot;0&quot;,&quot;iso&quot;:&quot;0&quot;,&quot;shutter_speed&quot;:&quot;0&quot;,&quot;title&quot;:&quot;&quot;,&quot;orientation&quot;:&quot;0&quot;}\" data-image-title=\"f599139d-30ec-45fd-8fce-6d7521704c93\" data-image-description=\"\" data-image-caption=\"\" data-large-file=\"https:\/\/www.jornalja.com.br\/cultura\/wp-content\/uploads\/sites\/2\/2026\/03\/f599139d-30ec-45fd-8fce-6d7521704c93-1024x768.jpg\" role=\"button\" tabindex=\"0\" aria-label=\"Abrir imagem 16 de 16 em tela cheia\"srcset=\"https:\/\/i0.wp.com\/www.jornalja.com.br\/cultura\/wp-content\/uploads\/sites\/2\/2026\/03\/f599139d-30ec-45fd-8fce-6d7521704c93-1024x768.jpg?strip=info&#038;w=600&#038;ssl=1 600w,https:\/\/i0.wp.com\/www.jornalja.com.br\/cultura\/wp-content\/uploads\/sites\/2\/2026\/03\/f599139d-30ec-45fd-8fce-6d7521704c93-1024x768.jpg?strip=info&#038;w=900&#038;ssl=1 900w,https:\/\/i0.wp.com\/www.jornalja.com.br\/cultura\/wp-content\/uploads\/sites\/2\/2026\/03\/f599139d-30ec-45fd-8fce-6d7521704c93-1024x768.jpg?strip=info&#038;w=1200&#038;ssl=1 1200w,https:\/\/i0.wp.com\/www.jornalja.com.br\/cultura\/wp-content\/uploads\/sites\/2\/2026\/03\/f599139d-30ec-45fd-8fce-6d7521704c93-1024x768.jpg?strip=info&#038;w=1500&#038;ssl=1 1500w,https:\/\/i0.wp.com\/www.jornalja.com.br\/cultura\/wp-content\/uploads\/sites\/2\/2026\/03\/f599139d-30ec-45fd-8fce-6d7521704c93-1024x768.jpg?strip=info&#038;w=1600&#038;ssl=1 1600w\" alt=\"\" data-height=\"1200\" data-id=\"92057\" data-link=\"https:\/\/www.jornalja.com.br\/cultura\/?attachment_id=92057\" data-url=\"https:\/\/www.jornalja.com.br\/cultura\/wp-content\/uploads\/sites\/2\/2026\/03\/f599139d-30ec-45fd-8fce-6d7521704c93-1024x768.jpg\" data-width=\"1600\" src=\"https:\/\/i0.wp.com\/www.jornalja.com.br\/cultura\/wp-content\/uploads\/sites\/2\/2026\/03\/f599139d-30ec-45fd-8fce-6d7521704c93-1024x768.jpg?ssl=1\" data-amp-layout=\"responsive\" \/><\/a><\/figure><\/div><\/div><\/div><\/div><\/div>\n","protected":false},"excerpt":{"rendered":"<p>Certamente M\u00f3veis Coloniais de Acaju n\u00e3o \u00e9 das bandas mais conhecidas hoje em dia, ainda mais se pensarmos que se passaram 8 anos desde que eles tinham &#8220;dado um tempo&#8221;. Talvez isso seja o elemento mais surpreendente ao ver um p\u00fablico bem mesclado, mas, com muitos jovens, cantando todas as m\u00fasicas nesse s\u00e1bado, 07, no [&hellip;]<\/p>\n","protected":false},"author":176,"featured_media":92055,"comment_status":"closed","ping_status":"open","sticky":false,"template":"","format":"standard","meta":{"jetpack_post_was_ever_published":false,"_jetpack_newsletter_access":"","_jetpack_dont_email_post_to_subs":false,"_jetpack_newsletter_tier_id":0,"_jetpack_memberships_contains_paywalled_content":false,"_jetpack_memberships_contains_paid_content":false,"footnotes":"","jetpack_publicize_message":"Fomos conferir o retorno do @moveis no @baropini\u00e3o","jetpack_publicize_feature_enabled":true,"jetpack_social_post_already_shared":false,"jetpack_social_options":{"image_generator_settings":{"template":"highway","default_image_id":0,"font":"","enabled":false},"version":2}},"categories":[2],"tags":[],"class_list":["post-92053","post","type-post","status-publish","format-standard","has-post-thumbnail","hentry","category-materiasecundaria"],"aioseo_notices":[],"jetpack_publicize_connections":[],"jetpack_featured_media_url":"https:\/\/www.jornalja.com.br\/cultura\/wp-content\/uploads\/sites\/2\/2026\/03\/b9556a3a-6edd-4844-ad34-b3cc694895fc.jpg","jetpack-related-posts":[{"id":81737,"url":"https:\/\/www.jornalja.com.br\/cultura\/bibi-jazz-band-apresenta-parla-piu-piano-na-paisagem-idilica-de-o-butia\/","url_meta":{"origin":92053,"position":0},"title":"B\u00edbi Jazz Band apresenta &#8220;Parla piu piano&#8221;  na paisagem id\u00edlica de O Buti\u00e1.","author":"Higino Barros","date":"11 de mar\u00e7o de 2020","format":false,"excerpt":"\u00a0 No pr\u00f3ximo domingo , dia 15, Bibi Jazz Band apresenta o show \"Parla Piu Piano\", em refer\u00eancia \u00e0 cl\u00e1ssica trilha sonora do filme O Poderoso Chef\u00e3o (1972).\u00a0No repert\u00f3rio cl\u00e1ssicos italianos da d\u00e9cada de 60 e 70, como\u00a0\u00a0Via Con Me, do pianista cantor e compositor de jazz, Paolo Conte, considerado\u2026","rel":"","context":"Em &quot;Cultura-MAT\u00c9RIA&quot;","block_context":{"text":"Cultura-MAT\u00c9RIA","link":"https:\/\/www.jornalja.com.br\/cultura\/category\/materiasecundaria\/"},"img":{"alt_text":"","src":"https:\/\/i0.wp.com\/www.jornalja.com.br\/cultura\/wp-content\/uploads\/sites\/2\/2020\/03\/arte-Bibi-Divulga%C3%A7%C3%A3o-1-scaled.jpg?resize=350%2C200&ssl=1","width":350,"height":200,"srcset":"https:\/\/i0.wp.com\/www.jornalja.com.br\/cultura\/wp-content\/uploads\/sites\/2\/2020\/03\/arte-Bibi-Divulga%C3%A7%C3%A3o-1-scaled.jpg?resize=350%2C200&ssl=1 1x, https:\/\/i0.wp.com\/www.jornalja.com.br\/cultura\/wp-content\/uploads\/sites\/2\/2020\/03\/arte-Bibi-Divulga%C3%A7%C3%A3o-1-scaled.jpg?resize=525%2C300&ssl=1 1.5x, https:\/\/i0.wp.com\/www.jornalja.com.br\/cultura\/wp-content\/uploads\/sites\/2\/2020\/03\/arte-Bibi-Divulga%C3%A7%C3%A3o-1-scaled.jpg?resize=700%2C400&ssl=1 2x"},"classes":[]},{"id":90637,"url":"https:\/\/www.jornalja.com.br\/cultura\/nacao-zumbi-trouxe-da-lama-ao-caos-de-volta-ao-opiniao-em-porto-alegre-na-noite-de-ontem\/","url_meta":{"origin":92053,"position":1},"title":"Na\u00e7\u00e3o Zumbi trouxe Da Lama ao Caos de volta ao Opini\u00e3o em Porto Alegre na noite de ontem","author":"Kika Freitas","date":"14 de fevereiro de 2025","format":false,"excerpt":"Modernizar o passado \u00c9 uma evolu\u00e7\u00e3o musical Cad\u00ea as notas que estavam aqui? N\u00e3o preciso delas! Basta deixar tudo soando bem aos ouvidos O medo d\u00e1 origem ao mal O homem coletivo sente a necessidade de lutar O orgulho, a arrog\u00e2ncia, a gl\u00f3ria Enche a imagina\u00e7\u00e3o de dom\u00ednio S\u00e3o dem\u00f4nios\u2026","rel":"","context":"Em &quot;Cultura-MAT\u00c9RIA&quot;","block_context":{"text":"Cultura-MAT\u00c9RIA","link":"https:\/\/www.jornalja.com.br\/cultura\/category\/materiasecundaria\/"},"img":{"alt_text":"","src":"https:\/\/i0.wp.com\/www.jornalja.com.br\/cultura\/wp-content\/uploads\/sites\/2\/2025\/02\/chico-science-nacao-zumbi-csnz-da-lama-ao-caos.jpg?resize=350%2C200&ssl=1","width":350,"height":200,"srcset":"https:\/\/i0.wp.com\/www.jornalja.com.br\/cultura\/wp-content\/uploads\/sites\/2\/2025\/02\/chico-science-nacao-zumbi-csnz-da-lama-ao-caos.jpg?resize=350%2C200&ssl=1 1x, https:\/\/i0.wp.com\/www.jornalja.com.br\/cultura\/wp-content\/uploads\/sites\/2\/2025\/02\/chico-science-nacao-zumbi-csnz-da-lama-ao-caos.jpg?resize=525%2C300&ssl=1 1.5x"},"classes":[]},{"id":89846,"url":"https:\/\/www.jornalja.com.br\/cultura\/duas-noites-para-celebrar-a-soul-music-com-a-the-hard-working-band\/","url_meta":{"origin":92053,"position":2},"title":"Duas noites para celebrar a Soul Music , com a The Hard Working Band","author":"da Reda\u00e7\u00e3o","date":"23 de agosto de 2024","format":false,"excerpt":"Duas noites para celebrar tr\u00eas d\u00e9cadas de trabalho e um tributo \u00e0 hist\u00f3ria da Soul Music. Essa \u00e9 a ideia da\u00a0The Hard Working Band, nos dias\u00a005 e 06 de setembro, \u00e0s\u00a021h, no\u00a0TEATRO CIEE-RS BANRISUL\u00a0(Av. Dom Pedro II, 861).\u00a0 Grandes nomes da cena musical do Rio Grande do Sul, como Luciano\u2026","rel":"","context":"Em &quot;Cultura-MAT\u00c9RIA&quot;","block_context":{"text":"Cultura-MAT\u00c9RIA","link":"https:\/\/www.jornalja.com.br\/cultura\/category\/materiasecundaria\/"},"img":{"alt_text":"","src":"https:\/\/i0.wp.com\/www.jornalja.com.br\/cultura\/wp-content\/uploads\/sites\/2\/2024\/08\/foto-02-thwb-credito-de-alexandre-birck-scaled.jpg?resize=350%2C200&ssl=1","width":350,"height":200,"srcset":"https:\/\/i0.wp.com\/www.jornalja.com.br\/cultura\/wp-content\/uploads\/sites\/2\/2024\/08\/foto-02-thwb-credito-de-alexandre-birck-scaled.jpg?resize=350%2C200&ssl=1 1x, https:\/\/i0.wp.com\/www.jornalja.com.br\/cultura\/wp-content\/uploads\/sites\/2\/2024\/08\/foto-02-thwb-credito-de-alexandre-birck-scaled.jpg?resize=525%2C300&ssl=1 1.5x, https:\/\/i0.wp.com\/www.jornalja.com.br\/cultura\/wp-content\/uploads\/sites\/2\/2024\/08\/foto-02-thwb-credito-de-alexandre-birck-scaled.jpg?resize=700%2C400&ssl=1 2x, https:\/\/i0.wp.com\/www.jornalja.com.br\/cultura\/wp-content\/uploads\/sites\/2\/2024\/08\/foto-02-thwb-credito-de-alexandre-birck-scaled.jpg?resize=1050%2C600&ssl=1 3x, https:\/\/i0.wp.com\/www.jornalja.com.br\/cultura\/wp-content\/uploads\/sites\/2\/2024\/08\/foto-02-thwb-credito-de-alexandre-birck-scaled.jpg?resize=1400%2C800&ssl=1 4x"},"classes":[]},{"id":91697,"url":"https:\/\/www.jornalja.com.br\/cultura\/information-society-com-thea-austin-e-noel-em-porto-alegre\/","url_meta":{"origin":92053,"position":3},"title":"Information Society com Thea Austin e Noel em Porto Alegre","author":"Kika Freitas","date":"16 de dezembro de 2025","format":false,"excerpt":"Assistir a performance de Noel, Thea Austin e Information Society em Porto Alegre, na noite deste domingo 14 de dezembro, \u00e9, al\u00e9m de uma volta \u00e0 juventude, uma experimenta\u00e7\u00e3o de como bandas que fizeram grandes hits dan\u00e7antes dos anos 80 e 90 ainda mant\u00e9m o pique e a identidade. \u00a0\u2026","rel":"","context":"Em &quot;Cultura-MAT\u00c9RIA&quot;","block_context":{"text":"Cultura-MAT\u00c9RIA","link":"https:\/\/www.jornalja.com.br\/cultura\/category\/materiasecundaria\/"},"img":{"alt_text":"","src":"https:\/\/i0.wp.com\/www.jornalja.com.br\/cultura\/wp-content\/uploads\/sites\/2\/2025\/12\/information-society-porto-alegre-noel-thea-austin-7.jpeg?resize=350%2C200&ssl=1","width":350,"height":200,"srcset":"https:\/\/i0.wp.com\/www.jornalja.com.br\/cultura\/wp-content\/uploads\/sites\/2\/2025\/12\/information-society-porto-alegre-noel-thea-austin-7.jpeg?resize=350%2C200&ssl=1 1x, https:\/\/i0.wp.com\/www.jornalja.com.br\/cultura\/wp-content\/uploads\/sites\/2\/2025\/12\/information-society-porto-alegre-noel-thea-austin-7.jpeg?resize=525%2C300&ssl=1 1.5x, https:\/\/i0.wp.com\/www.jornalja.com.br\/cultura\/wp-content\/uploads\/sites\/2\/2025\/12\/information-society-porto-alegre-noel-thea-austin-7.jpeg?resize=700%2C400&ssl=1 2x, https:\/\/i0.wp.com\/www.jornalja.com.br\/cultura\/wp-content\/uploads\/sites\/2\/2025\/12\/information-society-porto-alegre-noel-thea-austin-7.jpeg?resize=1050%2C600&ssl=1 3x, https:\/\/i0.wp.com\/www.jornalja.com.br\/cultura\/wp-content\/uploads\/sites\/2\/2025\/12\/information-society-porto-alegre-noel-thea-austin-7.jpeg?resize=1400%2C800&ssl=1 4x"},"classes":[]},{"id":89263,"url":"https:\/\/www.jornalja.com.br\/cultura\/replicantes-40-anos-da-banda-em-exposicao-imersiva-no-museu-do-trabalho\/","url_meta":{"origin":92053,"position":4},"title":"Replicantes: 40 anos da banda, em exposi\u00e7\u00e3o imersiva, no Museu do Trabalho","author":"da Reda\u00e7\u00e3o","date":"25 de mar\u00e7o de 2024","format":false,"excerpt":"A hist\u00f3ria de uma das bandas mais importantes da cena punk rock nacional chega ao Museu do Trabalho com a exposi\u00e7\u00e3o\u00a0Os Replicantes 1984\/2024. A abertura acontece dia 27 de mar\u00e7o e a mostra permanece at\u00e9 19 de maio, com um passeio imersivo e essencialmente musical em duas salas do Museu\u2026","rel":"","context":"Em &quot;Cultura-MAT\u00c9RIA&quot;","block_context":{"text":"Cultura-MAT\u00c9RIA","link":"https:\/\/www.jornalja.com.br\/cultura\/category\/materiasecundaria\/"},"img":{"alt_text":"","src":"https:\/\/i0.wp.com\/www.jornalja.com.br\/cultura\/wp-content\/uploads\/sites\/2\/2024\/03\/replicantes-2013-12-09-773-osreplicantes-30anos-showfotofernandachemale-scaled.jpg?resize=350%2C200&ssl=1","width":350,"height":200,"srcset":"https:\/\/i0.wp.com\/www.jornalja.com.br\/cultura\/wp-content\/uploads\/sites\/2\/2024\/03\/replicantes-2013-12-09-773-osreplicantes-30anos-showfotofernandachemale-scaled.jpg?resize=350%2C200&ssl=1 1x, https:\/\/i0.wp.com\/www.jornalja.com.br\/cultura\/wp-content\/uploads\/sites\/2\/2024\/03\/replicantes-2013-12-09-773-osreplicantes-30anos-showfotofernandachemale-scaled.jpg?resize=525%2C300&ssl=1 1.5x, https:\/\/i0.wp.com\/www.jornalja.com.br\/cultura\/wp-content\/uploads\/sites\/2\/2024\/03\/replicantes-2013-12-09-773-osreplicantes-30anos-showfotofernandachemale-scaled.jpg?resize=700%2C400&ssl=1 2x, https:\/\/i0.wp.com\/www.jornalja.com.br\/cultura\/wp-content\/uploads\/sites\/2\/2024\/03\/replicantes-2013-12-09-773-osreplicantes-30anos-showfotofernandachemale-scaled.jpg?resize=1050%2C600&ssl=1 3x, https:\/\/i0.wp.com\/www.jornalja.com.br\/cultura\/wp-content\/uploads\/sites\/2\/2024\/03\/replicantes-2013-12-09-773-osreplicantes-30anos-showfotofernandachemale-scaled.jpg?resize=1400%2C800&ssl=1 4x"},"classes":[]},{"id":83463,"url":"https:\/\/www.jornalja.com.br\/cultura\/i-tal-novo-trabalho-da-banda-groovi-chega-as-plataformas-digitais\/","url_meta":{"origin":92053,"position":5},"title":"&#8220;I-tal&#8221;, novo trabalho da\u00a0banda GrooVI, chega \u00e0s plataformas digitais","author":"da Reda\u00e7\u00e3o","date":"23 de fevereiro de 2021","format":false,"excerpt":"\"I-tal\" e\u0301 uma terminologia utilizada dentro da cultura Rastafari para designar o que e\u0301 vital, natural, limpo e sauda\u0301vel. O prefixo \u201cI\u201d (Eu) expressa o entendimento de unicidade\/na\u0303o separac\u0327a\u0303o. I-tal e\u0301 um conceito que, ale\u0301m da alimentac\u0327a\u0303o, se estende \u00e0 relac\u0327a\u0303o com o divino, com a natureza, com a criac\u0327a\u0303o\u2026","rel":"","context":"Em &quot;Cultura-MAT\u00c9RIA&quot;","block_context":{"text":"Cultura-MAT\u00c9RIA","link":"https:\/\/www.jornalja.com.br\/cultura\/category\/materiasecundaria\/"},"img":{"alt_text":"","src":"https:\/\/i0.wp.com\/www.jornalja.com.br\/cultura\/wp-content\/uploads\/sites\/2\/2021\/02\/banda-i-tal-groovi-fotos-manu-freitas-5-scaled.jpg?resize=350%2C200&ssl=1","width":350,"height":200,"srcset":"https:\/\/i0.wp.com\/www.jornalja.com.br\/cultura\/wp-content\/uploads\/sites\/2\/2021\/02\/banda-i-tal-groovi-fotos-manu-freitas-5-scaled.jpg?resize=350%2C200&ssl=1 1x, https:\/\/i0.wp.com\/www.jornalja.com.br\/cultura\/wp-content\/uploads\/sites\/2\/2021\/02\/banda-i-tal-groovi-fotos-manu-freitas-5-scaled.jpg?resize=525%2C300&ssl=1 1.5x, https:\/\/i0.wp.com\/www.jornalja.com.br\/cultura\/wp-content\/uploads\/sites\/2\/2021\/02\/banda-i-tal-groovi-fotos-manu-freitas-5-scaled.jpg?resize=700%2C400&ssl=1 2x, https:\/\/i0.wp.com\/www.jornalja.com.br\/cultura\/wp-content\/uploads\/sites\/2\/2021\/02\/banda-i-tal-groovi-fotos-manu-freitas-5-scaled.jpg?resize=1050%2C600&ssl=1 3x, https:\/\/i0.wp.com\/www.jornalja.com.br\/cultura\/wp-content\/uploads\/sites\/2\/2021\/02\/banda-i-tal-groovi-fotos-manu-freitas-5-scaled.jpg?resize=1400%2C800&ssl=1 4x"},"classes":[]}],"jetpack_shortlink":"https:\/\/wp.me\/pbKnZc-nWJ","jetpack_sharing_enabled":true,"_links":{"self":[{"href":"https:\/\/www.jornalja.com.br\/cultura\/wp-json\/wp\/v2\/posts\/92053","targetHints":{"allow":["GET"]}}],"collection":[{"href":"https:\/\/www.jornalja.com.br\/cultura\/wp-json\/wp\/v2\/posts"}],"about":[{"href":"https:\/\/www.jornalja.com.br\/cultura\/wp-json\/wp\/v2\/types\/post"}],"author":[{"embeddable":true,"href":"https:\/\/www.jornalja.com.br\/cultura\/wp-json\/wp\/v2\/users\/176"}],"replies":[{"embeddable":true,"href":"https:\/\/www.jornalja.com.br\/cultura\/wp-json\/wp\/v2\/comments?post=92053"}],"version-history":[{"count":6,"href":"https:\/\/www.jornalja.com.br\/cultura\/wp-json\/wp\/v2\/posts\/92053\/revisions"}],"predecessor-version":[{"id":92082,"href":"https:\/\/www.jornalja.com.br\/cultura\/wp-json\/wp\/v2\/posts\/92053\/revisions\/92082"}],"wp:featuredmedia":[{"embeddable":true,"href":"https:\/\/www.jornalja.com.br\/cultura\/wp-json\/wp\/v2\/media\/92055"}],"wp:attachment":[{"href":"https:\/\/www.jornalja.com.br\/cultura\/wp-json\/wp\/v2\/media?parent=92053"}],"wp:term":[{"taxonomy":"category","embeddable":true,"href":"https:\/\/www.jornalja.com.br\/cultura\/wp-json\/wp\/v2\/categories?post=92053"},{"taxonomy":"post_tag","embeddable":true,"href":"https:\/\/www.jornalja.com.br\/cultura\/wp-json\/wp\/v2\/tags?post=92053"}],"curies":[{"name":"wp","href":"https:\/\/api.w.org\/{rel}","templated":true}]}}