{"id":92083,"date":"2026-03-13T13:55:17","date_gmt":"2026-03-13T16:55:17","guid":{"rendered":"https:\/\/www.jornalja.com.br\/cultura\/?p=92083"},"modified":"2026-03-13T13:55:20","modified_gmt":"2026-03-13T16:55:20","slug":"brizola-abre-o-coracao-e-solta-o-verbo-em-livro-raro","status":"publish","type":"post","link":"https:\/\/www.jornalja.com.br\/cultura\/brizola-abre-o-coracao-e-solta-o-verbo-em-livro-raro\/","title":{"rendered":"Brizola abre o cora\u00e7\u00e3o e solta o verbo em livro raro"},"content":{"rendered":"\n<p>H\u00e1 30 anos, o ex-governador Leonel de Moura Brizola deu um raro depoimento de mais de quatro horas a um pequeno grupo de amigos -nativos, como ele, de Carazinho, ex-distrito de Passo Fundo, no norte do Rio Grande do Sul. A grava\u00e7\u00e3o feita num audit\u00f3rio da C\u00e2mara de Vereadores, na noite de 6 de abril de 1996, rendeu um rolo de fita BASF e quatro fitas Phillips K7, transcritas nos dias seguintes pela historiadora Silvana Moura, que integrou, com o tamb\u00e9m historiador Nei d\u2019Avila, a bancada de profissionais de Hist\u00f3ria Oral escalada para a miss\u00e3o.<\/p>\n\n\n\n<p>Um m\u00eas depois, Silvana entregou o material impresso \u2013 um catatau de 67 p\u00e1ginas \u2013 ao carazinhense Romeu Barleze, ex-deputado estadual trabalhista que convencera o amigo Brizola a contar em detalhes a hist\u00f3ria de sua vida. Mesmo alegando que sempre esteve mais voltado para o futuro, o ex-prefeito de Porto Alegre concordou em falar sobre o seu passado. E abriu seu cora\u00e7\u00e3o, falou sem parar diante da plateia m\u00ednima, formada por cinco amigos, a dupla de historiadores e o t\u00e9cnico Daniel de Paula Manh\u00e3es, encarregado de operar os dois gravadores.<\/p>\n\n\n\n<figure class=\"wp-block-image aligncenter size-full\"><img decoding=\"async\" width=\"598\" height=\"478\" data-attachment-id=\"92093\" data-permalink=\"https:\/\/www.jornalja.com.br\/cultura\/brizola-abre-o-coracao-e-solta-o-verbo-em-livro-raro\/fotos-da-entrevista-do-brizola-arquivo-pessoal-de-silvana-moura-e1772671916889\/\" data-orig-file=\"https:\/\/www.jornalja.com.br\/cultura\/wp-content\/uploads\/sites\/2\/2026\/03\/fotos-da-entrevista-do-brizola-arquivo-pessoal-de-silvana-moura-e1772671916889.jpeg\" data-orig-size=\"598,478\" data-comments-opened=\"0\" data-image-meta=\"{&quot;aperture&quot;:&quot;0&quot;,&quot;credit&quot;:&quot;&quot;,&quot;camera&quot;:&quot;&quot;,&quot;caption&quot;:&quot;&quot;,&quot;created_timestamp&quot;:&quot;0&quot;,&quot;copyright&quot;:&quot;&quot;,&quot;focal_length&quot;:&quot;0&quot;,&quot;iso&quot;:&quot;0&quot;,&quot;shutter_speed&quot;:&quot;0&quot;,&quot;title&quot;:&quot;&quot;,&quot;orientation&quot;:&quot;0&quot;}\" data-image-title=\"fotos-da-entrevista-do-brizola-arquivo-pessoal-de-silvana-moura-e1772671916889\" data-image-description=\"\" data-image-caption=\"&lt;p&gt;Reprodu\u00e7\u00e3o da foto da entrevista de Brizola em 1996. Arquivo pessoal da professora Silvana Moura&lt;\/p&gt;\n\" data-large-file=\"https:\/\/www.jornalja.com.br\/cultura\/wp-content\/uploads\/sites\/2\/2026\/03\/fotos-da-entrevista-do-brizola-arquivo-pessoal-de-silvana-moura-e1772671916889.jpeg\" src=\"https:\/\/www.jornalja.com.br\/cultura\/wp-content\/uploads\/sites\/2\/2026\/03\/fotos-da-entrevista-do-brizola-arquivo-pessoal-de-silvana-moura-e1772671916889.jpeg\" alt=\"\" class=\"wp-image-92093\" srcset=\"https:\/\/www.jornalja.com.br\/cultura\/wp-content\/uploads\/sites\/2\/2026\/03\/fotos-da-entrevista-do-brizola-arquivo-pessoal-de-silvana-moura-e1772671916889.jpeg 598w, https:\/\/www.jornalja.com.br\/cultura\/wp-content\/uploads\/sites\/2\/2026\/03\/fotos-da-entrevista-do-brizola-arquivo-pessoal-de-silvana-moura-e1772671916889-300x240.jpeg 300w\" sizes=\"(max-width: 598px) 100vw, 598px\" \/><figcaption class=\"wp-element-caption\">Reprodu\u00e7\u00e3o da foto da entrevista de Brizola em 1996. Arquivo pessoal da professora Silvana Moura<\/figcaption><\/figure>\n\n\n\n<p>E o que aconteceu? Nada! Seguiu-se um sil\u00eancio de tr\u00eas d\u00e9cadas, s\u00f3 rompido agora pela Editora Insular, de Florian\u00f3polis, que acaba de lan\u00e7ar \u201cLeonel Brizola por ele mesmo\u201d, livro de 208 p\u00e1ginas contendo o depoimento hist\u00f3rico, uma sucess\u00e3o de fotos e o QR Code que facilita a escuta da maior fala do comandante da Campanha da Legalidade de 1961. Ele vai lembrando e, de repente, est\u00e1 falando da paisagem, dos pinheirais, dos trens carregados de madeira, dos trabalhadores, dos irm\u00e3os, da m\u00e3e, do negro Ot\u00e1vio, seu \u201ctutor\u201d, um pe\u00e3o-tropeiro que lhe deu um peti\u00e7o&#8230; \u00c9 comovedor ler e\/ou ouvir Brizola dizendo que tudo aquilo de sua inf\u00e2ncia lembra \u201cAs Vinhas da Ira\u201d, de John Steinbeck, e merecia ser alvo da escrita de um Jo\u00e3o Guimar\u00e3es Rosa.<\/p>\n\n\n\n<p>Com lan\u00e7amento em Porto Alegre, Carazinho e no Rio, esse livro parece predestinado a virar um divisor de \u00e1guas na hist\u00f3ria do Rio Grande do Sul, governado nos \u00faltimos 12 anos por pol\u00edticos de centro-direita, entre os quais se alinhou o que restou do partido fundado por Brizola.<\/p>\n\n\n\n<p>Por ora, vale a pena esclarecer o que rolou nesses 30 anos em que a voz do trabalhismo foi perdendo resson\u00e2ncia.<\/p>\n\n\n\n<p>Na esperan\u00e7a de transformar o material em livro, j\u00e1 no s\u00e9culo XXI, Silvana Moura entregou as quatro fitas K7 ao professor Nildo Ouriques, da UFSC, para que as repassasse a Nelson Rolim de Moura, dono da Editora Insular, de Floripa, que constatou que as fitas estavam perdendo qualidade \u2013 atucanado por outras demandas editoriais, ele demorou at\u00e9 ser aconselhado a restaurar o material magn\u00e9tico. Enquanto isso, em 2015, o depoimento impresso foi entregue por Romeu Barleze a Juliana Brizola, neta do ex-governador. Ocupada com seu mandato de deputado estadual, ela passou o calhama\u00e7o para Rejane Guerra, jornalista mineira residente no Rio a quem conheceu no diret\u00f3rio do PDT-RJ. Come\u00e7ou ent\u00e3o um esfor\u00e7o para juntar o impresso \u00e0s fitas que lhe deram origem. Assim, a bola voltou \u00e0s m\u00e3os de Silvana Moura.<\/p>\n\n\n\n<p>Inicialmente projetado para sair em 2022, o livro somente se materializou agora, \u00e0s v\u00e9speras da campanha para as elei\u00e7\u00f5es gerais de outubro. Sup\u00f5e-se que o depoimento do l\u00edder trabalhista possa ser um trunfo a favor de Juliana Brizola em sua candidatura ao cargo de governadora.<\/p>\n\n\n\n<p>O \u00fanico sen\u00e3o \u00e9 que a historiadora Silvana Moura, que tanto se empenhou para publicar seu trabalho, <a href=\"https:\/\/www.jornalja.com.br\/colunas\/entrevista-com-leonel-brizola-como-nascem-as-falsificacoes-historicas\/\" title=\"\"><mark style=\"background-color:#FFFFFF\" class=\"has-inline-color has-accent-1-color\">estrilou publicamente diante da omiss\u00e3o de seu nome na capa, onde aparecem como organizadoras Juliana Brizola e Rejane Guerra.<\/mark><\/a><\/p>\n\n\n\n<p>Surpreendido pela pol\u00eamica, o editor Nelson Rolim, que tamb\u00e9m \u00e9 de Moura, acha que fez o certo, tanto que contemplou a historiadora com a primeira orelha do livro, um dos espa\u00e7os mais nobres na ind\u00fastria editorial.\u00a0Afinal, o que fica \u00e9 a voz e mem\u00f3ria de Brizola, por ele mesmo. <\/p>\n\n\n\n<p><\/p>\n","protected":false},"excerpt":{"rendered":"<p>H\u00e1 30 anos, o ex-governador Leonel de Moura Brizola deu um raro depoimento de mais de quatro horas a um pequeno grupo de amigos -nativos, como ele, de Carazinho, ex-distrito de Passo Fundo, no norte do Rio Grande do Sul. A grava\u00e7\u00e3o feita num audit\u00f3rio da C\u00e2mara de Vereadores, na noite de 6 de abril [&hellip;]<\/p>\n","protected":false},"author":5,"featured_media":92092,"comment_status":"closed","ping_status":"open","sticky":false,"template":"","format":"standard","meta":{"jetpack_post_was_ever_published":false,"_jetpack_newsletter_access":"","_jetpack_dont_email_post_to_subs":false,"_jetpack_newsletter_tier_id":0,"_jetpack_memberships_contains_paywalled_content":false,"_jetpack_memberships_contains_paid_content":false,"footnotes":"","jetpack_publicize_message":"","jetpack_publicize_feature_enabled":true,"jetpack_social_post_already_shared":true,"jetpack_social_options":{"image_generator_settings":{"template":"highway","default_image_id":0,"font":"","enabled":false},"version":2}},"categories":[2],"tags":[],"class_list":["post-92083","post","type-post","status-publish","format-standard","has-post-thumbnail","hentry","category-materiasecundaria"],"aioseo_notices":[],"jetpack_publicize_connections":[],"jetpack_featured_media_url":"https:\/\/www.jornalja.com.br\/cultura\/wp-content\/uploads\/sites\/2\/2026\/03\/5832586-97c379bd86db477.jpg","jetpack-related-posts":[{"id":85434,"url":"https:\/\/www.jornalja.com.br\/cultura\/a-trajetoria-humana-de-leonel-brizola-no-ano-seu-centenario-no-teatro-dante-barone\/","url_meta":{"origin":92083,"position":0},"title":"A trajet\u00f3ria humana de Leonel Brizola, no ano de seu centen\u00e1rio, no Teatro Dante Barone","author":"da Reda\u00e7\u00e3o","date":"7 de fevereiro de 2022","format":false,"excerpt":"O\u00a0Teatro Dante Barone da Assembleia Legislativa ser\u00e1\u00a0palco\u00a0das\u00a0comemora\u00e7\u00f5es dos 100 anos de Leonel Brizola. Com\u00a0realiza\u00e7\u00e3o\u00a0da\u00a0Funda\u00e7\u00e3o Caminho da Soberania, o espet\u00e1culo\u00a0LEONEL\u00a0acontece de\u00a011 a 13 de fevereiro, dentro da\u00a0programa\u00e7\u00e3o do Porto Ver\u00e3o Alegre. Nos dias 11 e 12 (sexta e s\u00e1bado), a montagem ocorre \u00e0s 21h, e, no dia 13 (domingo), \u00e0s 20h:\u2026","rel":"","context":"Em &quot;Cultura-MAT\u00c9RIA&quot;","block_context":{"text":"Cultura-MAT\u00c9RIA","link":"https:\/\/www.jornalja.com.br\/cultura\/category\/materiasecundaria\/"},"img":{"alt_text":"","src":"https:\/\/i0.wp.com\/www.jornalja.com.br\/cultura\/wp-content\/uploads\/sites\/2\/2022\/02\/20220121-leonel-100-anos-foto-nilton-santolin-img-0699-5-scaled.jpg?resize=350%2C200&ssl=1","width":350,"height":200,"srcset":"https:\/\/i0.wp.com\/www.jornalja.com.br\/cultura\/wp-content\/uploads\/sites\/2\/2022\/02\/20220121-leonel-100-anos-foto-nilton-santolin-img-0699-5-scaled.jpg?resize=350%2C200&ssl=1 1x, https:\/\/i0.wp.com\/www.jornalja.com.br\/cultura\/wp-content\/uploads\/sites\/2\/2022\/02\/20220121-leonel-100-anos-foto-nilton-santolin-img-0699-5-scaled.jpg?resize=525%2C300&ssl=1 1.5x, https:\/\/i0.wp.com\/www.jornalja.com.br\/cultura\/wp-content\/uploads\/sites\/2\/2022\/02\/20220121-leonel-100-anos-foto-nilton-santolin-img-0699-5-scaled.jpg?resize=700%2C400&ssl=1 2x, https:\/\/i0.wp.com\/www.jornalja.com.br\/cultura\/wp-content\/uploads\/sites\/2\/2022\/02\/20220121-leonel-100-anos-foto-nilton-santolin-img-0699-5-scaled.jpg?resize=1050%2C600&ssl=1 3x, https:\/\/i0.wp.com\/www.jornalja.com.br\/cultura\/wp-content\/uploads\/sites\/2\/2022\/02\/20220121-leonel-100-anos-foto-nilton-santolin-img-0699-5-scaled.jpg?resize=1400%2C800&ssl=1 4x"},"classes":[]},{"id":90023,"url":"https:\/\/www.jornalja.com.br\/cultura\/eleicoes-2024-fator-juliana-da-novo-rumo-a-campanha-em-porto-alegre\/","url_meta":{"origin":92083,"position":1},"title":"Elei\u00e7\u00f5es 2024: a dez dias das urnas, polariza\u00e7\u00e3o n\u00e3o se confirma em Porto Alegre","author":"da Reda\u00e7\u00e3o","date":"25 de setembro de 2024","format":false,"excerpt":"A dez dias das urnas, a elei\u00e7\u00e3o em Porto Alegre est\u00e1 tomando um rumo inesperado. O crescimento nas inten\u00e7\u00f5es de voto (de 11 para 17%, segundo a \u00faltima pesquisa feita pela Quaest) e a entrada do governador Eduardo Leite na campanha, nos \u00faltimos dias, colocam a candidatura de Juliana Brizola,\u2026","rel":"","context":"Em &quot;Cultura-MAT\u00c9RIA&quot;","block_context":{"text":"Cultura-MAT\u00c9RIA","link":"https:\/\/www.jornalja.com.br\/cultura\/category\/materiasecundaria\/"},"img":{"alt_text":"","src":"https:\/\/i0.wp.com\/www.jornalja.com.br\/cultura\/wp-content\/uploads\/sites\/2\/2024\/10\/eleicoes-2024-juliana-brizola-scaled.jpg?resize=350%2C200&ssl=1","width":350,"height":200,"srcset":"https:\/\/i0.wp.com\/www.jornalja.com.br\/cultura\/wp-content\/uploads\/sites\/2\/2024\/10\/eleicoes-2024-juliana-brizola-scaled.jpg?resize=350%2C200&ssl=1 1x, https:\/\/i0.wp.com\/www.jornalja.com.br\/cultura\/wp-content\/uploads\/sites\/2\/2024\/10\/eleicoes-2024-juliana-brizola-scaled.jpg?resize=525%2C300&ssl=1 1.5x, https:\/\/i0.wp.com\/www.jornalja.com.br\/cultura\/wp-content\/uploads\/sites\/2\/2024\/10\/eleicoes-2024-juliana-brizola-scaled.jpg?resize=700%2C400&ssl=1 2x, https:\/\/i0.wp.com\/www.jornalja.com.br\/cultura\/wp-content\/uploads\/sites\/2\/2024\/10\/eleicoes-2024-juliana-brizola-scaled.jpg?resize=1050%2C600&ssl=1 3x, https:\/\/i0.wp.com\/www.jornalja.com.br\/cultura\/wp-content\/uploads\/sites\/2\/2024\/10\/eleicoes-2024-juliana-brizola-scaled.jpg?resize=1400%2C800&ssl=1 4x"},"classes":[]},{"id":90025,"url":"https:\/\/www.jornalja.com.br\/cultura\/eleicoes-2024-fator-juliana-da-novo-rumo-a-campanha-em-porto-alegre-2\/","url_meta":{"origin":92083,"position":2},"title":"Elei\u00e7\u00f5es 2024: a dez dias das urnas, polariza\u00e7\u00e3o n\u00e3o se confirma em Porto Alegre","author":"da Reda\u00e7\u00e3o","date":"25 de setembro de 2024","format":false,"excerpt":"A dez dias das urnas, a elei\u00e7\u00e3o em Porto Alegre est\u00e1 tomando um rumo inesperado. O crescimento nas inten\u00e7\u00f5es de voto (de 11 para 17%, segundo a \u00faltima pesquisa feita pela Quaest) e a entrada do governador Eduardo Leite na campanha, nos \u00faltimos dias, colocam a candidatura de Juliana Brizola,\u2026","rel":"","context":"Em &quot;Cultura-MAT\u00c9RIA&quot;","block_context":{"text":"Cultura-MAT\u00c9RIA","link":"https:\/\/www.jornalja.com.br\/cultura\/category\/materiasecundaria\/"},"img":{"alt_text":"","src":"https:\/\/i0.wp.com\/www.jornalja.com.br\/cultura\/wp-content\/uploads\/sites\/2\/2024\/10\/eleicoes-2024-juliana-brizola-scaled.jpg?resize=350%2C200&ssl=1","width":350,"height":200,"srcset":"https:\/\/i0.wp.com\/www.jornalja.com.br\/cultura\/wp-content\/uploads\/sites\/2\/2024\/10\/eleicoes-2024-juliana-brizola-scaled.jpg?resize=350%2C200&ssl=1 1x, https:\/\/i0.wp.com\/www.jornalja.com.br\/cultura\/wp-content\/uploads\/sites\/2\/2024\/10\/eleicoes-2024-juliana-brizola-scaled.jpg?resize=525%2C300&ssl=1 1.5x, https:\/\/i0.wp.com\/www.jornalja.com.br\/cultura\/wp-content\/uploads\/sites\/2\/2024\/10\/eleicoes-2024-juliana-brizola-scaled.jpg?resize=700%2C400&ssl=1 2x, https:\/\/i0.wp.com\/www.jornalja.com.br\/cultura\/wp-content\/uploads\/sites\/2\/2024\/10\/eleicoes-2024-juliana-brizola-scaled.jpg?resize=1050%2C600&ssl=1 3x, https:\/\/i0.wp.com\/www.jornalja.com.br\/cultura\/wp-content\/uploads\/sites\/2\/2024\/10\/eleicoes-2024-juliana-brizola-scaled.jpg?resize=1400%2C800&ssl=1 4x"},"classes":[]},{"id":84572,"url":"https:\/\/www.jornalja.com.br\/cultura\/homenagem-ao-desenho-de-paulo-davila-em-exposicao-na-galeria-bublitz\/","url_meta":{"origin":92083,"position":3},"title":"Homenagem ao desenho de Paulo d\u2019Avila, em exposi\u00e7\u00e3o na Galeria Bublitz","author":"da Reda\u00e7\u00e3o","date":"3 de setembro de 2021","format":false,"excerpt":"\u00a0 O arquiteto e artista Paulo d\u2019Avila inaugura a exposi\u00e7\u00e3o \u201cVelho Amigo\u201d na Bublitz Galeria de Arte, na quinta-feira, 9 de setembro. Natural de Cachoeira do Sul, d\u2019Avila \u00e9 considerado um expoente no meio ga\u00facho das artes e figura no \u00edndice de Artistas Pl\u00e1sticos do Rio Grande do Sul, de\u2026","rel":"","context":"Em &quot;Cultura-MAT\u00c9RIA&quot;","block_context":{"text":"Cultura-MAT\u00c9RIA","link":"https:\/\/www.jornalja.com.br\/cultura\/category\/materiasecundaria\/"},"img":{"alt_text":"","src":"https:\/\/i0.wp.com\/www.jornalja.com.br\/cultura\/wp-content\/uploads\/sites\/2\/2021\/09\/bublitz-ast-paulo-davila-38-x-55-cm-2017.jpg?resize=350%2C200&ssl=1","width":350,"height":200,"srcset":"https:\/\/i0.wp.com\/www.jornalja.com.br\/cultura\/wp-content\/uploads\/sites\/2\/2021\/09\/bublitz-ast-paulo-davila-38-x-55-cm-2017.jpg?resize=350%2C200&ssl=1 1x, https:\/\/i0.wp.com\/www.jornalja.com.br\/cultura\/wp-content\/uploads\/sites\/2\/2021\/09\/bublitz-ast-paulo-davila-38-x-55-cm-2017.jpg?resize=525%2C300&ssl=1 1.5x, https:\/\/i0.wp.com\/www.jornalja.com.br\/cultura\/wp-content\/uploads\/sites\/2\/2021\/09\/bublitz-ast-paulo-davila-38-x-55-cm-2017.jpg?resize=700%2C400&ssl=1 2x, https:\/\/i0.wp.com\/www.jornalja.com.br\/cultura\/wp-content\/uploads\/sites\/2\/2021\/09\/bublitz-ast-paulo-davila-38-x-55-cm-2017.jpg?resize=1050%2C600&ssl=1 3x, https:\/\/i0.wp.com\/www.jornalja.com.br\/cultura\/wp-content\/uploads\/sites\/2\/2021\/09\/bublitz-ast-paulo-davila-38-x-55-cm-2017.jpg?resize=1400%2C800&ssl=1 4x"},"classes":[]},{"id":84999,"url":"https:\/\/www.jornalja.com.br\/cultura\/livro-reune-reportagens-do-tempo-da-ditadura-a-pandemia-do-coronavirus\/","url_meta":{"origin":92083,"position":4},"title":"Livro re\u00fane reportagens, do tempo da ditadura \u00e0 pandemia do coronavirus","author":"da Reda\u00e7\u00e3o","date":"20 de outubro de 2021","format":false,"excerpt":"Organizado em vinte cap\u00edtulos, o livro \u201cReportagem- da ditadura \u00e0 pandemia\u201d mostra os bastidores de reportagens publicadas ao longo de um amplo per\u00edodo. As hist\u00f3rias contadas pela jornalista M\u00e1rcia Turcato s\u00e3o uma s\u00edntese que vai do golpe militar de 64 at\u00e9 a crise sanit\u00e1ria internacional provocada pelo novo coronav\u00edrus, expondo\u2026","rel":"","context":"Em &quot;Cultura-MAT\u00c9RIA&quot;","block_context":{"text":"Cultura-MAT\u00c9RIA","link":"https:\/\/www.jornalja.com.br\/cultura\/category\/materiasecundaria\/"},"img":{"alt_text":"","src":"","width":0,"height":0},"classes":[]},{"id":72878,"url":"https:\/\/www.jornalja.com.br\/cultura\/biblioteca-publica-busca-apoio-para-restaurar-obras-raras\/","url_meta":{"origin":92083,"position":5},"title":"Biblioteca P\u00fablica busca apoio para restaurar obras raras","author":"da Reda\u00e7\u00e3o","date":"18 de fevereiro de 2019","format":false,"excerpt":"\u201cBiblioteca P\u00fablica Recuperando a Mem\u00f3ria\" \u00e9 o projeto da Biblioteca P\u00fablica do Estado do Rio Grande do Sul (BPE-RS), de arrecada\u00e7\u00e3o de recursos para o restauro de algumas obras de seu acervo, que caracterizam a hist\u00f3ria ga\u00facha. Qualquer um \u2013 pessoa f\u00edsica ou jur\u00eddica - pode participar, doando um valor\u2026","rel":"","context":"Em &quot;Cultura-MAT\u00c9RIA&quot;","block_context":{"text":"Cultura-MAT\u00c9RIA","link":"https:\/\/www.jornalja.com.br\/cultura\/category\/materiasecundaria\/"},"img":{"alt_text":"","src":"https:\/\/i0.wp.com\/www.jornalja.com.br\/wp-content\/uploads\/2019\/02\/Biblioteca-Publica-recupera%C3%A7%C3%A3o-de-livros-338x450.jpg?resize=350%2C200&ssl=1","width":350,"height":200},"classes":[]}],"jetpack_shortlink":"https:\/\/wp.me\/pbKnZc-nXd","jetpack_sharing_enabled":true,"_links":{"self":[{"href":"https:\/\/www.jornalja.com.br\/cultura\/wp-json\/wp\/v2\/posts\/92083","targetHints":{"allow":["GET"]}}],"collection":[{"href":"https:\/\/www.jornalja.com.br\/cultura\/wp-json\/wp\/v2\/posts"}],"about":[{"href":"https:\/\/www.jornalja.com.br\/cultura\/wp-json\/wp\/v2\/types\/post"}],"author":[{"embeddable":true,"href":"https:\/\/www.jornalja.com.br\/cultura\/wp-json\/wp\/v2\/users\/5"}],"replies":[{"embeddable":true,"href":"https:\/\/www.jornalja.com.br\/cultura\/wp-json\/wp\/v2\/comments?post=92083"}],"version-history":[{"count":4,"href":"https:\/\/www.jornalja.com.br\/cultura\/wp-json\/wp\/v2\/posts\/92083\/revisions"}],"predecessor-version":[{"id":92095,"href":"https:\/\/www.jornalja.com.br\/cultura\/wp-json\/wp\/v2\/posts\/92083\/revisions\/92095"}],"wp:featuredmedia":[{"embeddable":true,"href":"https:\/\/www.jornalja.com.br\/cultura\/wp-json\/wp\/v2\/media\/92092"}],"wp:attachment":[{"href":"https:\/\/www.jornalja.com.br\/cultura\/wp-json\/wp\/v2\/media?parent=92083"}],"wp:term":[{"taxonomy":"category","embeddable":true,"href":"https:\/\/www.jornalja.com.br\/cultura\/wp-json\/wp\/v2\/categories?post=92083"},{"taxonomy":"post_tag","embeddable":true,"href":"https:\/\/www.jornalja.com.br\/cultura\/wp-json\/wp\/v2\/tags?post=92083"}],"curies":[{"name":"wp","href":"https:\/\/api.w.org\/{rel}","templated":true}]}}