{"id":92098,"date":"2026-03-16T18:43:32","date_gmt":"2026-03-16T21:43:32","guid":{"rendered":"https:\/\/www.jornalja.com.br\/cultura\/?p=92098"},"modified":"2026-03-16T18:43:32","modified_gmt":"2026-03-16T21:43:32","slug":"artista-visual-erico-santos-homenageia-os-254-anos-de-porto-alegre","status":"publish","type":"post","link":"https:\/\/www.jornalja.com.br\/cultura\/artista-visual-erico-santos-homenageia-os-254-anos-de-porto-alegre\/","title":{"rendered":"Artista visual Erico Santos homenageia os 254 anos de Porto Alegre"},"content":{"rendered":"\n<p>A<a href=\"https:\/\/www.gravuragaleria.com.br\/\" title=\"\"><mark style=\"background-color:#FFFFFF\" class=\"has-inline-color has-accent-1-color\"> Gravura Galeria de Arte<\/mark><\/a> homenageia os 254 anos de Porto Alegre com uma exposi\u00e7\u00e3o do artista visual Erico Santos que retrata locais hist\u00f3ricos da capital.<\/p>\n\n\n\n<p>A Sala Negra da galeria, na Rua Coronel Corte Real, 647, bairro Petr\u00f3polis, recebe dez telas a \u00f3leo em que Erico usa paleta vibrante e harmoniosa, que transmite uma sensa\u00e7\u00e3o de luminosidade, de acordo com an\u00e1lise do professor de artes Jos\u00e9 Francisco Alves.<\/p>\n\n\n\n<figure class=\"wp-block-image aligncenter size-large\"><img decoding=\"async\" width=\"1024\" height=\"768\" data-attachment-id=\"92101\" data-permalink=\"https:\/\/www.jornalja.com.br\/cultura\/artista-visual-erico-santos-homenageia-os-254-anos-de-porto-alegre\/erico-3-b-erico-santos-posa-diante-da-ponte-de-perdra-que-retratou\/\" data-orig-file=\"https:\/\/www.jornalja.com.br\/cultura\/wp-content\/uploads\/sites\/2\/2026\/03\/erico-3b-erico-santos-posa-diante-da-ponte-de-perdra-que-retratou-scaled.jpg\" data-orig-size=\"2560,1920\" data-comments-opened=\"0\" data-image-meta=\"{&quot;aperture&quot;:&quot;0&quot;,&quot;credit&quot;:&quot;&quot;,&quot;camera&quot;:&quot;&quot;,&quot;caption&quot;:&quot;&quot;,&quot;created_timestamp&quot;:&quot;0&quot;,&quot;copyright&quot;:&quot;&quot;,&quot;focal_length&quot;:&quot;0&quot;,&quot;iso&quot;:&quot;0&quot;,&quot;shutter_speed&quot;:&quot;0&quot;,&quot;title&quot;:&quot;&quot;,&quot;orientation&quot;:&quot;1&quot;}\" data-image-title=\"erico 3.b. Erico Santos posa diante da Ponte de Perdra, que retratou\" data-image-description=\"\" data-image-caption=\"&lt;p&gt;Erico Santos diante da Ponte de Pedra. Um dos locais homenageados pelo artista. Foto Carlos Souza\/Divulga\u00e7\u00e3o&lt;\/p&gt;\n\" data-large-file=\"https:\/\/www.jornalja.com.br\/cultura\/wp-content\/uploads\/sites\/2\/2026\/03\/erico-3b-erico-santos-posa-diante-da-ponte-de-perdra-que-retratou-1024x768.jpg\" src=\"https:\/\/www.jornalja.com.br\/cultura\/wp-content\/uploads\/sites\/2\/2026\/03\/erico-3b-erico-santos-posa-diante-da-ponte-de-perdra-que-retratou-1024x768.jpg\" alt=\"\" class=\"wp-image-92101\" srcset=\"https:\/\/www.jornalja.com.br\/cultura\/wp-content\/uploads\/sites\/2\/2026\/03\/erico-3b-erico-santos-posa-diante-da-ponte-de-perdra-que-retratou-1024x768.jpg 1024w, https:\/\/www.jornalja.com.br\/cultura\/wp-content\/uploads\/sites\/2\/2026\/03\/erico-3b-erico-santos-posa-diante-da-ponte-de-perdra-que-retratou-300x225.jpg 300w, https:\/\/www.jornalja.com.br\/cultura\/wp-content\/uploads\/sites\/2\/2026\/03\/erico-3b-erico-santos-posa-diante-da-ponte-de-perdra-que-retratou-768x576.jpg 768w, https:\/\/www.jornalja.com.br\/cultura\/wp-content\/uploads\/sites\/2\/2026\/03\/erico-3b-erico-santos-posa-diante-da-ponte-de-perdra-que-retratou-1536x1152.jpg 1536w, https:\/\/www.jornalja.com.br\/cultura\/wp-content\/uploads\/sites\/2\/2026\/03\/erico-3b-erico-santos-posa-diante-da-ponte-de-perdra-que-retratou-2048x1536.jpg 2048w\" sizes=\"(max-width: 1024px) 100vw, 1024px\" \/><figcaption class=\"wp-element-caption\">Erico Santos diante da Ponte de Pedra. Um dos locais homenageados pelo artista. Foto Carlos Souza\/Divulga\u00e7\u00e3o<\/figcaption><\/figure>\n\n\n\n<p>A abertura da mostra &#8220;Erico Santos por Porto Alegre&#8221; acontece nesta quinta-feira, 19\/03, das 17h \u00e0s 19h, e a visita\u00e7\u00e3o se estende at\u00e9 31 de mar\u00e7o.<\/p>\n\n\n\n<p>J\u00e1 o professor Armindo Trevisan diz que Erico n\u00e3o abstrai do legado figurativo que devemos aos grandes mestres do passado: &#8220;\u00c9 uma est\u00e9tica que, sem pedantismo nem pretens\u00e3o, se mostra superior, e al\u00e9rgica ao consumismo visual&#8221;.<\/p>\n\n\n\n<p>Entre os trabalhos est\u00e3o, por exemplo, os que retratam a <strong>Ponte de Pedra <\/strong>(constru\u00edda entre 1848 e 1854), o <strong>Viaduto da Borges<\/strong> (inaugurado em 1932) e o Monumento aos A\u00e7orianos, criado pelo artista Carlos Tenius, em tributo aos imigrantes que deram origem \u00e0 cidade, cuja data de anivers\u00e1rio \u00e9 26 de mar\u00e7o.<\/p>\n\n\n\n<figure class=\"wp-block-gallery has-nested-images columns-default is-cropped wp-block-gallery-1 is-layout-flex wp-block-gallery-is-layout-flex\">\n<figure class=\"wp-block-image size-large is-resized\"><img decoding=\"async\" width=\"1024\" height=\"746\" data-attachment-id=\"92103\" data-permalink=\"https:\/\/www.jornalja.com.br\/cultura\/artista-visual-erico-santos-homenageia-os-254-anos-de-porto-alegre\/erico-3-a-ponte-de-pedra-ou-ponte-dos-acorianos-foi-retratada-por-erico-santos-oleo-60-x-80-cm\/\" data-orig-file=\"https:\/\/www.jornalja.com.br\/cultura\/wp-content\/uploads\/sites\/2\/2026\/03\/erico-3a-ponte-de-pedra-ou-ponte-dos-acorianos-foi-retratada-por-erico-santos-oleo-60-x-80-cm-scaled.jpeg\" data-orig-size=\"2560,1865\" data-comments-opened=\"0\" data-image-meta=\"{&quot;aperture&quot;:&quot;0&quot;,&quot;credit&quot;:&quot;&quot;,&quot;camera&quot;:&quot;&quot;,&quot;caption&quot;:&quot;&quot;,&quot;created_timestamp&quot;:&quot;0&quot;,&quot;copyright&quot;:&quot;&quot;,&quot;focal_length&quot;:&quot;0&quot;,&quot;iso&quot;:&quot;0&quot;,&quot;shutter_speed&quot;:&quot;0&quot;,&quot;title&quot;:&quot;&quot;,&quot;orientation&quot;:&quot;0&quot;}\" data-image-title=\"erico 3.a. Ponte de Pedra, ou Ponte dos A\u00e7orianos, foi retratada por Erico Santos \u00d3leo 60 x 80 cm\" data-image-description=\"\" data-image-caption=\"\" data-large-file=\"https:\/\/www.jornalja.com.br\/cultura\/wp-content\/uploads\/sites\/2\/2026\/03\/erico-3a-ponte-de-pedra-ou-ponte-dos-acorianos-foi-retratada-por-erico-santos-oleo-60-x-80-cm-1024x746.jpeg\" data-id=\"92103\" src=\"https:\/\/www.jornalja.com.br\/cultura\/wp-content\/uploads\/sites\/2\/2026\/03\/erico-3a-ponte-de-pedra-ou-ponte-dos-acorianos-foi-retratada-por-erico-santos-oleo-60-x-80-cm-1024x746.jpeg\" alt=\"\" class=\"wp-image-92103\" style=\"width:492px;height:auto\" srcset=\"https:\/\/www.jornalja.com.br\/cultura\/wp-content\/uploads\/sites\/2\/2026\/03\/erico-3a-ponte-de-pedra-ou-ponte-dos-acorianos-foi-retratada-por-erico-santos-oleo-60-x-80-cm-1024x746.jpeg 1024w, https:\/\/www.jornalja.com.br\/cultura\/wp-content\/uploads\/sites\/2\/2026\/03\/erico-3a-ponte-de-pedra-ou-ponte-dos-acorianos-foi-retratada-por-erico-santos-oleo-60-x-80-cm-300x219.jpeg 300w, https:\/\/www.jornalja.com.br\/cultura\/wp-content\/uploads\/sites\/2\/2026\/03\/erico-3a-ponte-de-pedra-ou-ponte-dos-acorianos-foi-retratada-por-erico-santos-oleo-60-x-80-cm-768x560.jpeg 768w, https:\/\/www.jornalja.com.br\/cultura\/wp-content\/uploads\/sites\/2\/2026\/03\/erico-3a-ponte-de-pedra-ou-ponte-dos-acorianos-foi-retratada-por-erico-santos-oleo-60-x-80-cm-1536x1119.jpeg 1536w, https:\/\/www.jornalja.com.br\/cultura\/wp-content\/uploads\/sites\/2\/2026\/03\/erico-3a-ponte-de-pedra-ou-ponte-dos-acorianos-foi-retratada-por-erico-santos-oleo-60-x-80-cm-2048x1492.jpeg 2048w\" sizes=\"(max-width: 1024px) 100vw, 1024px\" \/><\/figure>\n\n\n\n<figure class=\"wp-block-image size-large\"><img decoding=\"async\" width=\"1024\" height=\"864\" data-attachment-id=\"92102\" data-permalink=\"https:\/\/www.jornalja.com.br\/cultura\/artista-visual-erico-santos-homenageia-os-254-anos-de-porto-alegre\/erico-2-a-viaduto-otavio-rocha-na-av-borges-de-medeiros-foi-retratado-por-erico-santos-oleo-50-x-60-cm\/\" data-orig-file=\"https:\/\/www.jornalja.com.br\/cultura\/wp-content\/uploads\/sites\/2\/2026\/03\/erico-2a-viaduto-otavio-rocha-na-av-borges-de-medeiros-foi-retratado-por-erico-santos-oleo-50-x-60-cm-scaled.jpeg\" data-orig-size=\"2560,2159\" data-comments-opened=\"0\" data-image-meta=\"{&quot;aperture&quot;:&quot;0&quot;,&quot;credit&quot;:&quot;&quot;,&quot;camera&quot;:&quot;&quot;,&quot;caption&quot;:&quot;&quot;,&quot;created_timestamp&quot;:&quot;0&quot;,&quot;copyright&quot;:&quot;&quot;,&quot;focal_length&quot;:&quot;0&quot;,&quot;iso&quot;:&quot;0&quot;,&quot;shutter_speed&quot;:&quot;0&quot;,&quot;title&quot;:&quot;&quot;,&quot;orientation&quot;:&quot;0&quot;}\" data-image-title=\"erico 2.a. Viaduto Ot\u00e1vio Rocha, na Av. Borges de Medeiros, foi retratado por Erico Santos. \u00d3leo 50 x 60 cm\" data-image-description=\"\" data-image-caption=\"\" data-large-file=\"https:\/\/www.jornalja.com.br\/cultura\/wp-content\/uploads\/sites\/2\/2026\/03\/erico-2a-viaduto-otavio-rocha-na-av-borges-de-medeiros-foi-retratado-por-erico-santos-oleo-50-x-60-cm-1024x864.jpeg\" data-id=\"92102\" src=\"https:\/\/www.jornalja.com.br\/cultura\/wp-content\/uploads\/sites\/2\/2026\/03\/erico-2a-viaduto-otavio-rocha-na-av-borges-de-medeiros-foi-retratado-por-erico-santos-oleo-50-x-60-cm-1024x864.jpeg\" alt=\"\" class=\"wp-image-92102\" srcset=\"https:\/\/www.jornalja.com.br\/cultura\/wp-content\/uploads\/sites\/2\/2026\/03\/erico-2a-viaduto-otavio-rocha-na-av-borges-de-medeiros-foi-retratado-por-erico-santos-oleo-50-x-60-cm-1024x864.jpeg 1024w, https:\/\/www.jornalja.com.br\/cultura\/wp-content\/uploads\/sites\/2\/2026\/03\/erico-2a-viaduto-otavio-rocha-na-av-borges-de-medeiros-foi-retratado-por-erico-santos-oleo-50-x-60-cm-300x253.jpeg 300w, https:\/\/www.jornalja.com.br\/cultura\/wp-content\/uploads\/sites\/2\/2026\/03\/erico-2a-viaduto-otavio-rocha-na-av-borges-de-medeiros-foi-retratado-por-erico-santos-oleo-50-x-60-cm-768x648.jpeg 768w, https:\/\/www.jornalja.com.br\/cultura\/wp-content\/uploads\/sites\/2\/2026\/03\/erico-2a-viaduto-otavio-rocha-na-av-borges-de-medeiros-foi-retratado-por-erico-santos-oleo-50-x-60-cm-1536x1296.jpeg 1536w, https:\/\/www.jornalja.com.br\/cultura\/wp-content\/uploads\/sites\/2\/2026\/03\/erico-2a-viaduto-otavio-rocha-na-av-borges-de-medeiros-foi-retratado-por-erico-santos-oleo-50-x-60-cm-2048x1727.jpeg 2048w\" sizes=\"(max-width: 1024px) 100vw, 1024px\" \/><\/figure>\n<\/figure>\n\n\n\n<p>Ampliando a amostragem das obras, pode-se citar ainda as pinturas da <strong>Igreja Nossa Senhora das Dores<\/strong>, constru\u00edda em 1807 e elevada \u00e0 condi\u00e7\u00e3o de Bas\u00edlica Menor pelo Papa Francisco, em 2022; e a Pra\u00e7a Montevid\u00e9u, de um \u00e2ngulo que contempla a <strong>Fonte Talavera da la Reina<\/strong>, criada em 1855 pelo ceramista espanhol Juan Ruiz de Luna, o Museu do Pa\u00e7o (pr\u00e9dio da antiga prefeitura), de 1901, e o Mercado P\u00fablico, inaugurado em 1869.\u00a0<\/p>\n\n\n\n<figure class=\"wp-block-gallery has-nested-images columns-default is-cropped wp-block-gallery-2 is-layout-flex wp-block-gallery-is-layout-flex\">\n<figure class=\"wp-block-image size-large is-resized\"><img decoding=\"async\" width=\"1024\" height=\"815\" data-attachment-id=\"92107\" data-permalink=\"https:\/\/www.jornalja.com.br\/cultura\/artista-visual-erico-santos-homenageia-os-254-anos-de-porto-alegre\/erico-fonte-talavera-80-x-100-cm\/\" data-orig-file=\"https:\/\/www.jornalja.com.br\/cultura\/wp-content\/uploads\/sites\/2\/2026\/03\/erico-fonte-talavera-80-x-100-cm-scaled.jpeg\" data-orig-size=\"2560,2038\" data-comments-opened=\"0\" data-image-meta=\"{&quot;aperture&quot;:&quot;0&quot;,&quot;credit&quot;:&quot;&quot;,&quot;camera&quot;:&quot;&quot;,&quot;caption&quot;:&quot;&quot;,&quot;created_timestamp&quot;:&quot;0&quot;,&quot;copyright&quot;:&quot;&quot;,&quot;focal_length&quot;:&quot;0&quot;,&quot;iso&quot;:&quot;0&quot;,&quot;shutter_speed&quot;:&quot;0&quot;,&quot;title&quot;:&quot;&quot;,&quot;orientation&quot;:&quot;0&quot;}\" data-image-title=\"erico Fonte Talavera, 80 x 100 cm\" data-image-description=\"\" data-image-caption=\"\" data-large-file=\"https:\/\/www.jornalja.com.br\/cultura\/wp-content\/uploads\/sites\/2\/2026\/03\/erico-fonte-talavera-80-x-100-cm-1024x815.jpeg\" data-id=\"92107\" src=\"https:\/\/www.jornalja.com.br\/cultura\/wp-content\/uploads\/sites\/2\/2026\/03\/erico-fonte-talavera-80-x-100-cm-1024x815.jpeg\" alt=\"\" class=\"wp-image-92107\" style=\"width:545px;height:auto\" srcset=\"https:\/\/www.jornalja.com.br\/cultura\/wp-content\/uploads\/sites\/2\/2026\/03\/erico-fonte-talavera-80-x-100-cm-1024x815.jpeg 1024w, https:\/\/www.jornalja.com.br\/cultura\/wp-content\/uploads\/sites\/2\/2026\/03\/erico-fonte-talavera-80-x-100-cm-300x239.jpeg 300w, https:\/\/www.jornalja.com.br\/cultura\/wp-content\/uploads\/sites\/2\/2026\/03\/erico-fonte-talavera-80-x-100-cm-768x611.jpeg 768w, https:\/\/www.jornalja.com.br\/cultura\/wp-content\/uploads\/sites\/2\/2026\/03\/erico-fonte-talavera-80-x-100-cm-1536x1223.jpeg 1536w, https:\/\/www.jornalja.com.br\/cultura\/wp-content\/uploads\/sites\/2\/2026\/03\/erico-fonte-talavera-80-x-100-cm-2048x1631.jpeg 2048w\" sizes=\"(max-width: 1024px) 100vw, 1024px\" \/><\/figure>\n\n\n\n<figure class=\"wp-block-image size-large\"><img decoding=\"async\" width=\"1024\" height=\"718\" data-attachment-id=\"92106\" data-permalink=\"https:\/\/www.jornalja.com.br\/cultura\/artista-visual-erico-santos-homenageia-os-254-anos-de-porto-alegre\/erico\/\" data-orig-file=\"https:\/\/www.jornalja.com.br\/cultura\/wp-content\/uploads\/sites\/2\/2026\/03\/erico-scaled.jpeg\" data-orig-size=\"2560,1795\" data-comments-opened=\"0\" data-image-meta=\"{&quot;aperture&quot;:&quot;0&quot;,&quot;credit&quot;:&quot;&quot;,&quot;camera&quot;:&quot;&quot;,&quot;caption&quot;:&quot;&quot;,&quot;created_timestamp&quot;:&quot;0&quot;,&quot;copyright&quot;:&quot;&quot;,&quot;focal_length&quot;:&quot;0&quot;,&quot;iso&quot;:&quot;0&quot;,&quot;shutter_speed&quot;:&quot;0&quot;,&quot;title&quot;:&quot;&quot;,&quot;orientation&quot;:&quot;0&quot;}\" data-image-title=\"erico\" data-image-description=\"\" data-image-caption=\"\" data-large-file=\"https:\/\/www.jornalja.com.br\/cultura\/wp-content\/uploads\/sites\/2\/2026\/03\/erico-1024x718.jpeg\" data-id=\"92106\" src=\"https:\/\/www.jornalja.com.br\/cultura\/wp-content\/uploads\/sites\/2\/2026\/03\/erico-1024x718.jpeg\" alt=\"\" class=\"wp-image-92106\" srcset=\"https:\/\/www.jornalja.com.br\/cultura\/wp-content\/uploads\/sites\/2\/2026\/03\/erico-1024x718.jpeg 1024w, https:\/\/www.jornalja.com.br\/cultura\/wp-content\/uploads\/sites\/2\/2026\/03\/erico-300x210.jpeg 300w, https:\/\/www.jornalja.com.br\/cultura\/wp-content\/uploads\/sites\/2\/2026\/03\/erico-768x538.jpeg 768w, https:\/\/www.jornalja.com.br\/cultura\/wp-content\/uploads\/sites\/2\/2026\/03\/erico-1536x1077.jpeg 1536w, https:\/\/www.jornalja.com.br\/cultura\/wp-content\/uploads\/sites\/2\/2026\/03\/erico-2048x1436.jpeg 2048w\" sizes=\"(max-width: 1024px) 100vw, 1024px\" \/><\/figure>\n<\/figure>\n\n\n\n<p>Nascido em Cacequi, Erico Santos, de 74 anos de idade e 51 de carreira, morou em Santa Maria e S\u00e3o Paulo, antes de se estabelecer em Porto Alegre. H\u00e1 cerca de 20 anos divide-se entre a capital ga\u00facha e Mil\u00e3o, onde tamb\u00e9m tem ateli\u00ea.<\/p>\n\n\n\n<p>Bastante conhecido no estado e fora dele pelo tema das colhedeiras de flores, Erico, na exposi\u00e7\u00e3o da Gravura, usa \u201ctons quentes e frios que proporcionam um contraste equilibrado, em composi\u00e7\u00e3o que confere profundidade\u201d, acrescenta o professor Francisco Alves na sua an\u00e1lise. \u201cAs pinceladas soltas e expressivas de Erico, e o uso da luz e sombra, sugerem uma atmosfera din\u00e2mica e cheia de movimento\u201d, enfatiza o especialista.&nbsp;<\/p>\n\n\n\n<figure class=\"wp-block-image size-large\"><img decoding=\"async\" width=\"1024\" height=\"720\" data-attachment-id=\"92105\" data-permalink=\"https:\/\/www.jornalja.com.br\/cultura\/artista-visual-erico-santos-homenageia-os-254-anos-de-porto-alegre\/erico-mercado-do-bom-fim-70-x-100-cm\/\" data-orig-file=\"https:\/\/www.jornalja.com.br\/cultura\/wp-content\/uploads\/sites\/2\/2026\/03\/erico-mercado-do-bom-fim-70-x-100-cm-scaled.jpeg\" data-orig-size=\"2560,1799\" data-comments-opened=\"0\" data-image-meta=\"{&quot;aperture&quot;:&quot;0&quot;,&quot;credit&quot;:&quot;&quot;,&quot;camera&quot;:&quot;&quot;,&quot;caption&quot;:&quot;&quot;,&quot;created_timestamp&quot;:&quot;0&quot;,&quot;copyright&quot;:&quot;&quot;,&quot;focal_length&quot;:&quot;0&quot;,&quot;iso&quot;:&quot;0&quot;,&quot;shutter_speed&quot;:&quot;0&quot;,&quot;title&quot;:&quot;&quot;,&quot;orientation&quot;:&quot;0&quot;}\" data-image-title=\"erico Mercado do Bom Fim, 70 x 100 cm\" data-image-description=\"\" data-image-caption=\"\" data-large-file=\"https:\/\/www.jornalja.com.br\/cultura\/wp-content\/uploads\/sites\/2\/2026\/03\/erico-mercado-do-bom-fim-70-x-100-cm-1024x720.jpeg\" src=\"https:\/\/www.jornalja.com.br\/cultura\/wp-content\/uploads\/sites\/2\/2026\/03\/erico-mercado-do-bom-fim-70-x-100-cm-1024x720.jpeg\" alt=\"\" class=\"wp-image-92105\" srcset=\"https:\/\/www.jornalja.com.br\/cultura\/wp-content\/uploads\/sites\/2\/2026\/03\/erico-mercado-do-bom-fim-70-x-100-cm-1024x720.jpeg 1024w, https:\/\/www.jornalja.com.br\/cultura\/wp-content\/uploads\/sites\/2\/2026\/03\/erico-mercado-do-bom-fim-70-x-100-cm-300x211.jpeg 300w, https:\/\/www.jornalja.com.br\/cultura\/wp-content\/uploads\/sites\/2\/2026\/03\/erico-mercado-do-bom-fim-70-x-100-cm-768x540.jpeg 768w, https:\/\/www.jornalja.com.br\/cultura\/wp-content\/uploads\/sites\/2\/2026\/03\/erico-mercado-do-bom-fim-70-x-100-cm-1536x1080.jpeg 1536w, https:\/\/www.jornalja.com.br\/cultura\/wp-content\/uploads\/sites\/2\/2026\/03\/erico-mercado-do-bom-fim-70-x-100-cm-2048x1439.jpeg 2048w\" sizes=\"(max-width: 1024px) 100vw, 1024px\" \/><\/figure>\n\n\n\n<figure class=\"wp-block-image size-large\"><img decoding=\"async\" width=\"1024\" height=\"825\" data-attachment-id=\"92104\" data-permalink=\"https:\/\/www.jornalja.com.br\/cultura\/artista-visual-erico-santos-homenageia-os-254-anos-de-porto-alegre\/erico-por-do-sol-em-poa-80-x-100-cm\/\" data-orig-file=\"https:\/\/www.jornalja.com.br\/cultura\/wp-content\/uploads\/sites\/2\/2026\/03\/erico-por-do-sol-em-poa-80-x-100-cm-scaled.jpeg\" data-orig-size=\"2560,2062\" data-comments-opened=\"0\" data-image-meta=\"{&quot;aperture&quot;:&quot;0&quot;,&quot;credit&quot;:&quot;&quot;,&quot;camera&quot;:&quot;&quot;,&quot;caption&quot;:&quot;&quot;,&quot;created_timestamp&quot;:&quot;0&quot;,&quot;copyright&quot;:&quot;&quot;,&quot;focal_length&quot;:&quot;0&quot;,&quot;iso&quot;:&quot;0&quot;,&quot;shutter_speed&quot;:&quot;0&quot;,&quot;title&quot;:&quot;&quot;,&quot;orientation&quot;:&quot;0&quot;}\" data-image-title=\"erico P\u00f4r do sol em POA, 80 x 100 cm\" data-image-description=\"\" data-image-caption=\"\" data-large-file=\"https:\/\/www.jornalja.com.br\/cultura\/wp-content\/uploads\/sites\/2\/2026\/03\/erico-por-do-sol-em-poa-80-x-100-cm-1024x825.jpeg\" src=\"https:\/\/www.jornalja.com.br\/cultura\/wp-content\/uploads\/sites\/2\/2026\/03\/erico-por-do-sol-em-poa-80-x-100-cm-1024x825.jpeg\" alt=\"\" class=\"wp-image-92104\" srcset=\"https:\/\/www.jornalja.com.br\/cultura\/wp-content\/uploads\/sites\/2\/2026\/03\/erico-por-do-sol-em-poa-80-x-100-cm-1024x825.jpeg 1024w, https:\/\/www.jornalja.com.br\/cultura\/wp-content\/uploads\/sites\/2\/2026\/03\/erico-por-do-sol-em-poa-80-x-100-cm-300x242.jpeg 300w, https:\/\/www.jornalja.com.br\/cultura\/wp-content\/uploads\/sites\/2\/2026\/03\/erico-por-do-sol-em-poa-80-x-100-cm-768x619.jpeg 768w, https:\/\/www.jornalja.com.br\/cultura\/wp-content\/uploads\/sites\/2\/2026\/03\/erico-por-do-sol-em-poa-80-x-100-cm-1536x1237.jpeg 1536w, https:\/\/www.jornalja.com.br\/cultura\/wp-content\/uploads\/sites\/2\/2026\/03\/erico-por-do-sol-em-poa-80-x-100-cm-2048x1650.jpeg 2048w\" sizes=\"(max-width: 1024px) 100vw, 1024px\" \/><\/figure>\n","protected":false},"excerpt":{"rendered":"<p>A Gravura Galeria de Arte homenageia os 254 anos de Porto Alegre com uma exposi\u00e7\u00e3o do artista visual Erico Santos que retrata locais hist\u00f3ricos da capital. A Sala Negra da galeria, na Rua Coronel Corte Real, 647, bairro Petr\u00f3polis, recebe dez telas a \u00f3leo em que Erico usa paleta vibrante e harmoniosa, que transmite uma [&hellip;]<\/p>\n","protected":false},"author":4,"featured_media":92100,"comment_status":"closed","ping_status":"open","sticky":false,"template":"","format":"standard","meta":{"jetpack_post_was_ever_published":false,"_jetpack_newsletter_access":"","_jetpack_dont_email_post_to_subs":false,"_jetpack_newsletter_tier_id":0,"_jetpack_memberships_contains_paywalled_content":false,"_jetpack_memberships_contains_paid_content":false,"footnotes":"","jetpack_publicize_message":"","jetpack_publicize_feature_enabled":true,"jetpack_social_post_already_shared":false,"jetpack_social_options":{"image_generator_settings":{"template":"highway","default_image_id":0,"font":"","enabled":false},"version":2}},"categories":[2],"tags":[],"class_list":["post-92098","post","type-post","status-publish","format-standard","has-post-thumbnail","hentry","category-materiasecundaria"],"aioseo_notices":[],"jetpack_publicize_connections":[],"jetpack_featured_media_url":"https:\/\/www.jornalja.com.br\/cultura\/wp-content\/uploads\/sites\/2\/2026\/03\/erico-1a-monumento-aos-acorianos-criado-por-carlos-tenius-foi-retratado-por-erico-santos-oleo-40-x-80-cm-scaled.jpeg","jetpack-related-posts":[{"id":91505,"url":"https:\/\/www.jornalja.com.br\/cultura\/exposicao-de-47-artistas-visuais-homenageia-erico-verissimo-no-espaco-forca-e-luz\/","url_meta":{"origin":92098,"position":0},"title":"Exposi\u00e7\u00e3o de 47 artistas visuais homenageia Erico\u00a0Verissimo no Espa\u00e7o For\u00e7a e Luz","author":"da Reda\u00e7\u00e3o","date":"29 de outubro de 2025","format":false,"excerpt":"\u00a0 O Rio Grande do Sul est\u00e1 mobilizado para lembrar as datas de nascimento (17 de dezembro de 1905) e morte (28 de novembro de 1975) de Erico Verissimo. Um grupo de 47 artistas visuais apresentar\u00e1 em Porto Alegre uma exposi\u00e7\u00e3o em homenagem ao escritor. Fato pouco conhecido \u00e9 que\u2026","rel":"","context":"Em &quot;Cultura-MAT\u00c9RIA&quot;","block_context":{"text":"Cultura-MAT\u00c9RIA","link":"https:\/\/www.jornalja.com.br\/cultura\/category\/materiasecundaria\/"},"img":{"alt_text":"","src":"https:\/\/i0.wp.com\/www.jornalja.com.br\/cultura\/wp-content\/uploads\/sites\/2\/2025\/10\/erico-1erico-por-graca-craidy-scaled.jpg?resize=350%2C200&ssl=1","width":350,"height":200,"srcset":"https:\/\/i0.wp.com\/www.jornalja.com.br\/cultura\/wp-content\/uploads\/sites\/2\/2025\/10\/erico-1erico-por-graca-craidy-scaled.jpg?resize=350%2C200&ssl=1 1x, https:\/\/i0.wp.com\/www.jornalja.com.br\/cultura\/wp-content\/uploads\/sites\/2\/2025\/10\/erico-1erico-por-graca-craidy-scaled.jpg?resize=525%2C300&ssl=1 1.5x, https:\/\/i0.wp.com\/www.jornalja.com.br\/cultura\/wp-content\/uploads\/sites\/2\/2025\/10\/erico-1erico-por-graca-craidy-scaled.jpg?resize=700%2C400&ssl=1 2x, https:\/\/i0.wp.com\/www.jornalja.com.br\/cultura\/wp-content\/uploads\/sites\/2\/2025\/10\/erico-1erico-por-graca-craidy-scaled.jpg?resize=1050%2C600&ssl=1 3x, https:\/\/i0.wp.com\/www.jornalja.com.br\/cultura\/wp-content\/uploads\/sites\/2\/2025\/10\/erico-1erico-por-graca-craidy-scaled.jpg?resize=1400%2C800&ssl=1 4x"},"classes":[]},{"id":91115,"url":"https:\/\/www.jornalja.com.br\/cultura\/as-belezas-as-cores-da-arquitetura-e-natureza-de-porto-alegre-sao-celebradas-na-pintura-de-erico-santos\/","url_meta":{"origin":92098,"position":1},"title":"As belezas, as cores da arquitetura e natureza de Porto Alegre s\u00e3o celebradas na pintura de Erico Santos","author":"Higino Barros","date":"23 de junho de 2025","format":false,"excerpt":"\u00a0 As belezas e as cores da arquitetura e da natureza da cidade s\u00e3o celebradas pela exposi\u00e7\u00e3o \u201cPaisagens de Porto Alegre\u201d. Erico Santos revela seus tra\u00e7os e cores caracter\u00edsticos em 16 obras que estar\u00e3o em exposi\u00e7\u00e3o na Galeria Bublitz a partir do pr\u00f3ximo s\u00e1bado, 28 de junho. O vernissage ser\u00e1\u2026","rel":"","context":"Em &quot;Cultura-MAT\u00c9RIA&quot;","block_context":{"text":"Cultura-MAT\u00c9RIA","link":"https:\/\/www.jornalja.com.br\/cultura\/category\/materiasecundaria\/"},"img":{"alt_text":"","src":"https:\/\/i0.wp.com\/www.jornalja.com.br\/cultura\/wp-content\/uploads\/sites\/2\/2025\/06\/erico-ponte-de-pedra-erico-santos-scaled.jpg?resize=350%2C200&ssl=1","width":350,"height":200,"srcset":"https:\/\/i0.wp.com\/www.jornalja.com.br\/cultura\/wp-content\/uploads\/sites\/2\/2025\/06\/erico-ponte-de-pedra-erico-santos-scaled.jpg?resize=350%2C200&ssl=1 1x, https:\/\/i0.wp.com\/www.jornalja.com.br\/cultura\/wp-content\/uploads\/sites\/2\/2025\/06\/erico-ponte-de-pedra-erico-santos-scaled.jpg?resize=525%2C300&ssl=1 1.5x, https:\/\/i0.wp.com\/www.jornalja.com.br\/cultura\/wp-content\/uploads\/sites\/2\/2025\/06\/erico-ponte-de-pedra-erico-santos-scaled.jpg?resize=700%2C400&ssl=1 2x, https:\/\/i0.wp.com\/www.jornalja.com.br\/cultura\/wp-content\/uploads\/sites\/2\/2025\/06\/erico-ponte-de-pedra-erico-santos-scaled.jpg?resize=1050%2C600&ssl=1 3x, https:\/\/i0.wp.com\/www.jornalja.com.br\/cultura\/wp-content\/uploads\/sites\/2\/2025\/06\/erico-ponte-de-pedra-erico-santos-scaled.jpg?resize=1400%2C800&ssl=1 4x"},"classes":[]},{"id":90713,"url":"https:\/\/www.jornalja.com.br\/cultura\/pintor-erico-santos-mostra-locais-iconicos-da-arquitetura-da-capital-no-paco-municipal\/","url_meta":{"origin":92098,"position":2},"title":"Pintor Erico Santos mostra locais ic\u00f4nicos da arquitetura da capital, no Pa\u00e7o Municipal","author":"da Reda\u00e7\u00e3o","date":"11 de mar\u00e7o de 2025","format":false,"excerpt":"O consagrado artista visual exp\u00f5e quadros de locais \u00edcones do patrim\u00f4nio arquitet\u00f4nico de Porto Alegre, no Museu de Arte do Pa\u00e7o Municipal, entre 27\/3 e 23\/5, com curadoria de Jos\u00e9 Francisco Alves No anivers\u00e1rio de 253 anos da capital ga\u00facha n\u00e3o poderia faltar uma exposi\u00e7\u00e3o inteiramente dedicada \u00e0 data. \u201cPaisagens\u2026","rel":"","context":"Em &quot;Cultura-MAT\u00c9RIA&quot;","block_context":{"text":"Cultura-MAT\u00c9RIA","link":"https:\/\/www.jornalja.com.br\/cultura\/category\/materiasecundaria\/"},"img":{"alt_text":"","src":"https:\/\/i0.wp.com\/www.jornalja.com.br\/cultura\/wp-content\/uploads\/sites\/2\/2025\/03\/paco-paco-municipal-80-x-110-cm-scaled.jpeg?resize=350%2C200&ssl=1","width":350,"height":200,"srcset":"https:\/\/i0.wp.com\/www.jornalja.com.br\/cultura\/wp-content\/uploads\/sites\/2\/2025\/03\/paco-paco-municipal-80-x-110-cm-scaled.jpeg?resize=350%2C200&ssl=1 1x, https:\/\/i0.wp.com\/www.jornalja.com.br\/cultura\/wp-content\/uploads\/sites\/2\/2025\/03\/paco-paco-municipal-80-x-110-cm-scaled.jpeg?resize=525%2C300&ssl=1 1.5x, https:\/\/i0.wp.com\/www.jornalja.com.br\/cultura\/wp-content\/uploads\/sites\/2\/2025\/03\/paco-paco-municipal-80-x-110-cm-scaled.jpeg?resize=700%2C400&ssl=1 2x, https:\/\/i0.wp.com\/www.jornalja.com.br\/cultura\/wp-content\/uploads\/sites\/2\/2025\/03\/paco-paco-municipal-80-x-110-cm-scaled.jpeg?resize=1050%2C600&ssl=1 3x, https:\/\/i0.wp.com\/www.jornalja.com.br\/cultura\/wp-content\/uploads\/sites\/2\/2025\/03\/paco-paco-municipal-80-x-110-cm-scaled.jpeg?resize=1400%2C800&ssl=1 4x"},"classes":[]},{"id":84963,"url":"https:\/\/www.jornalja.com.br\/cultura\/galeria-ao-ar-livre-expoe-arte-na-rua-e-vira-novo-point-cultural-em-porto-alegre\/","url_meta":{"origin":92098,"position":3},"title":"Galeria ao ar livre exp\u00f5e arte na rua e vira novo\u00a0point\u00a0cultural em Porto Alegre","author":"da Reda\u00e7\u00e3o","date":"15 de outubro de 2021","format":false,"excerpt":"Carlos Souza, jornalista. Um novo e inusitado espa\u00e7o cultural oferece \u00e0 popula\u00e7\u00e3o e turistas que visitam Porto Alegre uma conjuga\u00e7\u00e3o de fatores positivos e ben\u00e9ficos neste momento de crise sanit\u00e1ria e de amea\u00e7as de retrocesso pol\u00edtico: ar livre, exposi\u00e7\u00e3o de arte 24 horas por dia, gratuidade, possibilidade de total despojamento\u2026","rel":"","context":"Em &quot;Cultura-MAT\u00c9RIA&quot;","block_context":{"text":"Cultura-MAT\u00c9RIA","link":"https:\/\/www.jornalja.com.br\/cultura\/category\/materiasecundaria\/"},"img":{"alt_text":"","src":"https:\/\/i0.wp.com\/www.jornalja.com.br\/cultura\/wp-content\/uploads\/sites\/2\/2021\/10\/galeria-4-scaled.jpg?resize=350%2C200&ssl=1","width":350,"height":200,"srcset":"https:\/\/i0.wp.com\/www.jornalja.com.br\/cultura\/wp-content\/uploads\/sites\/2\/2021\/10\/galeria-4-scaled.jpg?resize=350%2C200&ssl=1 1x, https:\/\/i0.wp.com\/www.jornalja.com.br\/cultura\/wp-content\/uploads\/sites\/2\/2021\/10\/galeria-4-scaled.jpg?resize=525%2C300&ssl=1 1.5x, https:\/\/i0.wp.com\/www.jornalja.com.br\/cultura\/wp-content\/uploads\/sites\/2\/2021\/10\/galeria-4-scaled.jpg?resize=700%2C400&ssl=1 2x, https:\/\/i0.wp.com\/www.jornalja.com.br\/cultura\/wp-content\/uploads\/sites\/2\/2021\/10\/galeria-4-scaled.jpg?resize=1050%2C600&ssl=1 3x, https:\/\/i0.wp.com\/www.jornalja.com.br\/cultura\/wp-content\/uploads\/sites\/2\/2021\/10\/galeria-4-scaled.jpg?resize=1400%2C800&ssl=1 4x"},"classes":[]},{"id":84777,"url":"https:\/\/www.jornalja.com.br\/cultura\/exposicao-ao-ar-livre-junta-artes-visuais-e-literatura-na-escadaria-da-borges\/","url_meta":{"origin":92098,"position":4},"title":"Exposi\u00e7\u00e3o ao ar livre junta artes visuais e literatura, na Escadaria da Borges","author":"Higino Barros","date":"28 de setembro de 2021","format":false,"excerpt":"\u00a0 Higino Barros A exposi\u00e7\u00e3o coletiva \"Autorias\" \u00e9 uma homenagem das artes visuais \u00e0 literatura produzida no Rio Grande do Sul. Nela, um grupo de 18 artistas, entre os quais alguns dos nomes mais reconhecidos, exibe retratos in\u00e9ditos de 26 importantes autores ga\u00fachos. A mostra abre dia\u00a0 1\u00ba (sexta-feira pr\u00f3xima)\u2026","rel":"","context":"Em &quot;Cultura-MAT\u00c9RIA&quot;","block_context":{"text":"Cultura-MAT\u00c9RIA","link":"https:\/\/www.jornalja.com.br\/cultura\/category\/materiasecundaria\/"},"img":{"alt_text":"","src":"https:\/\/i0.wp.com\/www.jornalja.com.br\/cultura\/wp-content\/uploads\/sites\/2\/2021\/09\/expo-cartaz.jpg?resize=350%2C200&ssl=1","width":350,"height":200,"srcset":"https:\/\/i0.wp.com\/www.jornalja.com.br\/cultura\/wp-content\/uploads\/sites\/2\/2021\/09\/expo-cartaz.jpg?resize=350%2C200&ssl=1 1x, https:\/\/i0.wp.com\/www.jornalja.com.br\/cultura\/wp-content\/uploads\/sites\/2\/2021\/09\/expo-cartaz.jpg?resize=525%2C300&ssl=1 1.5x, https:\/\/i0.wp.com\/www.jornalja.com.br\/cultura\/wp-content\/uploads\/sites\/2\/2021\/09\/expo-cartaz.jpg?resize=700%2C400&ssl=1 2x, https:\/\/i0.wp.com\/www.jornalja.com.br\/cultura\/wp-content\/uploads\/sites\/2\/2021\/09\/expo-cartaz.jpg?resize=1050%2C600&ssl=1 3x"},"classes":[]},{"id":83379,"url":"https:\/\/www.jornalja.com.br\/cultura\/uma-semana-de-arte-visual-no-litoral-com-o-acervo-da-galeria-bublitz\/","url_meta":{"origin":92098,"position":5},"title":"Uma semana de arte visual no litoral, com o acervo da galeria Bublitz","author":"da Reda\u00e7\u00e3o","date":"3 de fevereiro de 2021","format":false,"excerpt":"A Bublitz Galeria de Arte tem uma tradi\u00e7\u00e3o no Litoral Norte. H\u00e1 mais de 25 anos, o espa\u00e7o localizado em Porto Alegre promove leil\u00f5es e eventos itinerantes em cidades como Cap\u00e3o da Canoa, Xangri-l\u00e1 e Torres e no interior do estado. Este ano, n\u00e3o haver\u00e1 leil\u00e3o, mas a exposi\u00e7\u00e3o de\u2026","rel":"","context":"Em &quot;Cultura-MAT\u00c9RIA&quot;","block_context":{"text":"Cultura-MAT\u00c9RIA","link":"https:\/\/www.jornalja.com.br\/cultura\/category\/materiasecundaria\/"},"img":{"alt_text":"","src":"https:\/\/i0.wp.com\/www.jornalja.com.br\/cultura\/wp-content\/uploads\/sites\/2\/2021\/02\/bublitz-5-vitorio-gheno-ost-floral-70-x-100.png?resize=350%2C200&ssl=1","width":350,"height":200,"srcset":"https:\/\/i0.wp.com\/www.jornalja.com.br\/cultura\/wp-content\/uploads\/sites\/2\/2021\/02\/bublitz-5-vitorio-gheno-ost-floral-70-x-100.png?resize=350%2C200&ssl=1 1x, https:\/\/i0.wp.com\/www.jornalja.com.br\/cultura\/wp-content\/uploads\/sites\/2\/2021\/02\/bublitz-5-vitorio-gheno-ost-floral-70-x-100.png?resize=525%2C300&ssl=1 1.5x, https:\/\/i0.wp.com\/www.jornalja.com.br\/cultura\/wp-content\/uploads\/sites\/2\/2021\/02\/bublitz-5-vitorio-gheno-ost-floral-70-x-100.png?resize=700%2C400&ssl=1 2x, https:\/\/i0.wp.com\/www.jornalja.com.br\/cultura\/wp-content\/uploads\/sites\/2\/2021\/02\/bublitz-5-vitorio-gheno-ost-floral-70-x-100.png?resize=1050%2C600&ssl=1 3x, https:\/\/i0.wp.com\/www.jornalja.com.br\/cultura\/wp-content\/uploads\/sites\/2\/2021\/02\/bublitz-5-vitorio-gheno-ost-floral-70-x-100.png?resize=1400%2C800&ssl=1 4x"},"classes":[]}],"jetpack_shortlink":"https:\/\/wp.me\/pbKnZc-nXs","jetpack_sharing_enabled":true,"_links":{"self":[{"href":"https:\/\/www.jornalja.com.br\/cultura\/wp-json\/wp\/v2\/posts\/92098","targetHints":{"allow":["GET"]}}],"collection":[{"href":"https:\/\/www.jornalja.com.br\/cultura\/wp-json\/wp\/v2\/posts"}],"about":[{"href":"https:\/\/www.jornalja.com.br\/cultura\/wp-json\/wp\/v2\/types\/post"}],"author":[{"embeddable":true,"href":"https:\/\/www.jornalja.com.br\/cultura\/wp-json\/wp\/v2\/users\/4"}],"replies":[{"embeddable":true,"href":"https:\/\/www.jornalja.com.br\/cultura\/wp-json\/wp\/v2\/comments?post=92098"}],"version-history":[{"count":2,"href":"https:\/\/www.jornalja.com.br\/cultura\/wp-json\/wp\/v2\/posts\/92098\/revisions"}],"predecessor-version":[{"id":92108,"href":"https:\/\/www.jornalja.com.br\/cultura\/wp-json\/wp\/v2\/posts\/92098\/revisions\/92108"}],"wp:featuredmedia":[{"embeddable":true,"href":"https:\/\/www.jornalja.com.br\/cultura\/wp-json\/wp\/v2\/media\/92100"}],"wp:attachment":[{"href":"https:\/\/www.jornalja.com.br\/cultura\/wp-json\/wp\/v2\/media?parent=92098"}],"wp:term":[{"taxonomy":"category","embeddable":true,"href":"https:\/\/www.jornalja.com.br\/cultura\/wp-json\/wp\/v2\/categories?post=92098"},{"taxonomy":"post_tag","embeddable":true,"href":"https:\/\/www.jornalja.com.br\/cultura\/wp-json\/wp\/v2\/tags?post=92098"}],"curies":[{"name":"wp","href":"https:\/\/api.w.org\/{rel}","templated":true}]}}