{"id":92109,"date":"2026-03-19T01:38:38","date_gmt":"2026-03-19T04:38:38","guid":{"rendered":"https:\/\/www.jornalja.com.br\/cultura\/?p=92109"},"modified":"2026-03-19T01:38:38","modified_gmt":"2026-03-19T04:38:38","slug":"virada-sustentavel-apresenta-exposicao-de-araquem-alcantara","status":"publish","type":"post","link":"https:\/\/www.jornalja.com.br\/cultura\/virada-sustentavel-apresenta-exposicao-de-araquem-alcantara\/","title":{"rendered":"Virada sustent\u00e1vel apresenta exposi\u00e7\u00e3o de Araqu\u00e9m Alc\u00e2ntara"},"content":{"rendered":"\n<p>A Virada Sustent\u00e1vel apresenta, entre suas atra\u00e7\u00f5es comemorativas dos 10 anos, a exposi\u00e7\u00e3o: O Brasil de Araqu\u00e9m Alc\u00e2ntara. Ser\u00e1 no dia 21 de mar\u00e7o, \u00e0s 17h, na Galeria Escadaria do p\u00eder da Usina do Gas\u00f4metro, em Porto Alegre.<\/p>\n\n\n\n<p>Esta exposi\u00e7\u00e3o cont\u00e9m fragmentos visuais de um Brasil que pulsa para al\u00e9m das fronteiras urbanas, capturado pelo olhar sens\u00edvel de Araqu\u00e9m Alc\u00e2ntara. Atrav\u00e9s destas imagens, somos convidados para uma jornada pelos territ\u00f3rios onde \u00e1gua, luz e vida selvagem comp\u00f5em uma gram\u00e1tica do existir.<\/p>\n\n\n\n<figure class=\"wp-block-image size-large\"><img decoding=\"async\" width=\"1024\" height=\"682\" data-attachment-id=\"92111\" data-permalink=\"https:\/\/www.jornalja.com.br\/cultura\/virada-sustentavel-apresenta-exposicao-de-araquem-alcantara\/pantanal-img-20260317-wa0016\/\" data-orig-file=\"https:\/\/www.jornalja.com.br\/cultura\/wp-content\/uploads\/sites\/2\/2026\/03\/pantanal-img-20260317-wa0016.jpg\" data-orig-size=\"1600,1066\" data-comments-opened=\"0\" data-image-meta=\"{&quot;aperture&quot;:&quot;0&quot;,&quot;credit&quot;:&quot;&quot;,&quot;camera&quot;:&quot;&quot;,&quot;caption&quot;:&quot;&quot;,&quot;created_timestamp&quot;:&quot;0&quot;,&quot;copyright&quot;:&quot;&quot;,&quot;focal_length&quot;:&quot;0&quot;,&quot;iso&quot;:&quot;0&quot;,&quot;shutter_speed&quot;:&quot;0&quot;,&quot;title&quot;:&quot;&quot;,&quot;orientation&quot;:&quot;0&quot;}\" data-image-title=\"pantanal IMG-20260317-WA0016\" data-image-description=\"\" data-image-caption=\"\" data-large-file=\"https:\/\/www.jornalja.com.br\/cultura\/wp-content\/uploads\/sites\/2\/2026\/03\/pantanal-img-20260317-wa0016-1024x682.jpg\" src=\"https:\/\/www.jornalja.com.br\/cultura\/wp-content\/uploads\/sites\/2\/2026\/03\/pantanal-img-20260317-wa0016-1024x682.jpg\" alt=\"\" class=\"wp-image-92111\" srcset=\"https:\/\/www.jornalja.com.br\/cultura\/wp-content\/uploads\/sites\/2\/2026\/03\/pantanal-img-20260317-wa0016-1024x682.jpg 1024w, https:\/\/www.jornalja.com.br\/cultura\/wp-content\/uploads\/sites\/2\/2026\/03\/pantanal-img-20260317-wa0016-300x200.jpg 300w, https:\/\/www.jornalja.com.br\/cultura\/wp-content\/uploads\/sites\/2\/2026\/03\/pantanal-img-20260317-wa0016-768x512.jpg 768w, https:\/\/www.jornalja.com.br\/cultura\/wp-content\/uploads\/sites\/2\/2026\/03\/pantanal-img-20260317-wa0016-1536x1023.jpg 1536w, https:\/\/www.jornalja.com.br\/cultura\/wp-content\/uploads\/sites\/2\/2026\/03\/pantanal-img-20260317-wa0016.jpg 1600w\" sizes=\"(max-width: 1024px) 100vw, 1024px\" \/><\/figure>\n\n\n\n<p>Araqu\u00e9m Alc\u00e2ntara, um dos mais importantes fot\u00f3grafos e precursor da fotografia de natureza do Brasil, dedicou sua vida a registrar a vida em nossos biomas.<\/p>\n\n\n\n<p>Com mais de cinco d\u00e9cadas de trabalho, sua c\u00e2mera se transforma em instrumento de resist\u00eancia e mem\u00f3ria, documentando simultaneamente a exuber\u00e2ncia e a fragilidade dos ecossistemas brasileiros.<\/p>\n\n\n\n<p>A proposta \u00e9 sensibilizar o p\u00fablico para a preserva\u00e7\u00e3o da biodiversidade ao revelar sua plena exuber\u00e2ncia no territ\u00f3rio mato-grossense: Amaz\u00f4nia, Cerrado e Pantanal.<\/p>\n\n\n\n<p><\/p>\n\n\n\n<figure class=\"wp-block-image\"><img decoding=\"async\" width=\"1600\" height=\"1002\" data-attachment-id=\"92112\" data-permalink=\"https:\/\/www.jornalja.com.br\/cultura\/virada-sustentavel-apresenta-exposicao-de-araquem-alcantara\/pantanal-img-20260317-wa0013\/\" data-orig-file=\"https:\/\/www.jornalja.com.br\/cultura\/wp-content\/uploads\/sites\/2\/2026\/03\/pantanal-img-20260317-wa0013.jpg\" data-orig-size=\"1600,1002\" data-comments-opened=\"0\" data-image-meta=\"{&quot;aperture&quot;:&quot;0&quot;,&quot;credit&quot;:&quot;&quot;,&quot;camera&quot;:&quot;&quot;,&quot;caption&quot;:&quot;&quot;,&quot;created_timestamp&quot;:&quot;0&quot;,&quot;copyright&quot;:&quot;&quot;,&quot;focal_length&quot;:&quot;0&quot;,&quot;iso&quot;:&quot;0&quot;,&quot;shutter_speed&quot;:&quot;0&quot;,&quot;title&quot;:&quot;&quot;,&quot;orientation&quot;:&quot;0&quot;}\" data-image-title=\"pantanal IMG-20260317-WA0013\" data-image-description=\"\" data-image-caption=\"\" data-large-file=\"https:\/\/www.jornalja.com.br\/cultura\/wp-content\/uploads\/sites\/2\/2026\/03\/pantanal-img-20260317-wa0013-1024x641.jpg\" src=\"https:\/\/www.jornalja.com.br\/cultura\/wp-content\/uploads\/sites\/2\/2026\/03\/pantanal-img-20260317-wa0013.jpg\" alt=\"\" class=\"wp-image-92112\" srcset=\"https:\/\/www.jornalja.com.br\/cultura\/wp-content\/uploads\/sites\/2\/2026\/03\/pantanal-img-20260317-wa0013.jpg 1600w, https:\/\/www.jornalja.com.br\/cultura\/wp-content\/uploads\/sites\/2\/2026\/03\/pantanal-img-20260317-wa0013-300x188.jpg 300w, https:\/\/www.jornalja.com.br\/cultura\/wp-content\/uploads\/sites\/2\/2026\/03\/pantanal-img-20260317-wa0013-1024x641.jpg 1024w, https:\/\/www.jornalja.com.br\/cultura\/wp-content\/uploads\/sites\/2\/2026\/03\/pantanal-img-20260317-wa0013-768x481.jpg 768w, https:\/\/www.jornalja.com.br\/cultura\/wp-content\/uploads\/sites\/2\/2026\/03\/pantanal-img-20260317-wa0013-1536x962.jpg 1536w\" sizes=\"(max-width: 1600px) 100vw, 1600px\" \/><\/figure>\n\n\n\n<p>Nestas fotografias, vemos um pa\u00eds-organismo vivo, na on\u00e7a vigilante, na mata fechada, no pescador que corta o rio como extens\u00e3o de si mesmo, nas vit\u00f3rias-r\u00e9gias que flutuam como planetas aqu\u00e1ticos.&nbsp;<\/p>\n\n\n\n<p>O fot\u00f3grafo revela um Brasil das fronteiras dissolvidas \u2013 onde a \u00e1gua vira c\u00e9u nos reflexos perfeitos, onde luz esculpe silhuetas, onde o encontro entre preserva\u00e7\u00e3o e desaparecimento permanece em tenso equil\u00edbrio.<\/p>\n\n\n\n<figure class=\"wp-block-image size-large\"><img decoding=\"async\" width=\"1024\" height=\"679\" data-attachment-id=\"92114\" data-permalink=\"https:\/\/www.jornalja.com.br\/cultura\/virada-sustentavel-apresenta-exposicao-de-araquem-alcantara\/pantanal-img-20260317-wa0017\/\" data-orig-file=\"https:\/\/www.jornalja.com.br\/cultura\/wp-content\/uploads\/sites\/2\/2026\/03\/pantanal-img-20260317-wa0017.jpg\" data-orig-size=\"1600,1061\" data-comments-opened=\"0\" data-image-meta=\"{&quot;aperture&quot;:&quot;0&quot;,&quot;credit&quot;:&quot;&quot;,&quot;camera&quot;:&quot;&quot;,&quot;caption&quot;:&quot;&quot;,&quot;created_timestamp&quot;:&quot;0&quot;,&quot;copyright&quot;:&quot;&quot;,&quot;focal_length&quot;:&quot;0&quot;,&quot;iso&quot;:&quot;0&quot;,&quot;shutter_speed&quot;:&quot;0&quot;,&quot;title&quot;:&quot;&quot;,&quot;orientation&quot;:&quot;0&quot;}\" data-image-title=\"pantanal IMG-20260317-WA0017\" data-image-description=\"\" data-image-caption=\"\" data-large-file=\"https:\/\/www.jornalja.com.br\/cultura\/wp-content\/uploads\/sites\/2\/2026\/03\/pantanal-img-20260317-wa0017-1024x679.jpg\" src=\"https:\/\/www.jornalja.com.br\/cultura\/wp-content\/uploads\/sites\/2\/2026\/03\/pantanal-img-20260317-wa0017-1024x679.jpg\" alt=\"\" class=\"wp-image-92114\" srcset=\"https:\/\/www.jornalja.com.br\/cultura\/wp-content\/uploads\/sites\/2\/2026\/03\/pantanal-img-20260317-wa0017-1024x679.jpg 1024w, https:\/\/www.jornalja.com.br\/cultura\/wp-content\/uploads\/sites\/2\/2026\/03\/pantanal-img-20260317-wa0017-300x199.jpg 300w, https:\/\/www.jornalja.com.br\/cultura\/wp-content\/uploads\/sites\/2\/2026\/03\/pantanal-img-20260317-wa0017-768x509.jpg 768w, https:\/\/www.jornalja.com.br\/cultura\/wp-content\/uploads\/sites\/2\/2026\/03\/pantanal-img-20260317-wa0017-1536x1019.jpg 1536w, https:\/\/www.jornalja.com.br\/cultura\/wp-content\/uploads\/sites\/2\/2026\/03\/pantanal-img-20260317-wa0017.jpg 1600w\" sizes=\"(max-width: 1024px) 100vw, 1024px\" \/><\/figure>\n\n\n\n<figure class=\"wp-block-image aligncenter size-large\"><img decoding=\"async\" width=\"1024\" height=\"687\" data-attachment-id=\"92110\" data-permalink=\"https:\/\/www.jornalja.com.br\/cultura\/virada-sustentavel-apresenta-exposicao-de-araquem-alcantara\/pantanal-img-20260317-wa0018\/\" data-orig-file=\"https:\/\/www.jornalja.com.br\/cultura\/wp-content\/uploads\/sites\/2\/2026\/03\/pantanal-img-20260317-wa0018.jpg\" data-orig-size=\"1600,1074\" data-comments-opened=\"0\" data-image-meta=\"{&quot;aperture&quot;:&quot;0&quot;,&quot;credit&quot;:&quot;&quot;,&quot;camera&quot;:&quot;&quot;,&quot;caption&quot;:&quot;&quot;,&quot;created_timestamp&quot;:&quot;0&quot;,&quot;copyright&quot;:&quot;&quot;,&quot;focal_length&quot;:&quot;0&quot;,&quot;iso&quot;:&quot;0&quot;,&quot;shutter_speed&quot;:&quot;0&quot;,&quot;title&quot;:&quot;&quot;,&quot;orientation&quot;:&quot;0&quot;}\" data-image-title=\"pantanal IMG-20260317-WA0018\" data-image-description=\"\" data-image-caption=\"&lt;p&gt;Fotos Araqu\u00e9m Alc\u00e2ntara&lt;\/p&gt;\n\" data-large-file=\"https:\/\/www.jornalja.com.br\/cultura\/wp-content\/uploads\/sites\/2\/2026\/03\/pantanal-img-20260317-wa0018-1024x687.jpg\" src=\"https:\/\/www.jornalja.com.br\/cultura\/wp-content\/uploads\/sites\/2\/2026\/03\/pantanal-img-20260317-wa0018-1024x687.jpg\" alt=\"\" class=\"wp-image-92110\" srcset=\"https:\/\/www.jornalja.com.br\/cultura\/wp-content\/uploads\/sites\/2\/2026\/03\/pantanal-img-20260317-wa0018-1024x687.jpg 1024w, https:\/\/www.jornalja.com.br\/cultura\/wp-content\/uploads\/sites\/2\/2026\/03\/pantanal-img-20260317-wa0018-300x201.jpg 300w, https:\/\/www.jornalja.com.br\/cultura\/wp-content\/uploads\/sites\/2\/2026\/03\/pantanal-img-20260317-wa0018-768x516.jpg 768w, https:\/\/www.jornalja.com.br\/cultura\/wp-content\/uploads\/sites\/2\/2026\/03\/pantanal-img-20260317-wa0018-1536x1031.jpg 1536w, https:\/\/www.jornalja.com.br\/cultura\/wp-content\/uploads\/sites\/2\/2026\/03\/pantanal-img-20260317-wa0018.jpg 1600w\" sizes=\"(max-width: 1024px) 100vw, 1024px\" \/><figcaption class=\"wp-element-caption\">Fotos Araqu\u00e9m Alc\u00e2ntara<\/figcaption><\/figure>\n\n\n\n<p><\/p>\n\n\n\n<h2 class=\"wp-block-heading\">Virada Sustent\u00e1vel<\/h2>\n\n\n\n<p>A cidade de Porto Alegre recebe, entre os dias\u00a0<strong>18 e 22 de mar\u00e7o, a 10\u00aa edi\u00e7\u00e3o da Virada Sustent\u00e1vel<\/strong>, evento que se consolidou como um dos maiores movimentos de cultura e conscientiza\u00e7\u00e3o ambiental do pa\u00eds. Dentro da programa\u00e7\u00e3o, o\u00a0Festival Multiartes ganha destaque ao reunir diferentes manifesta\u00e7\u00f5es art\u00edsticas que dialogam com a sustentabilidade e a rela\u00e7\u00e3o entre natureza e vida urbana.<\/p>\n\n\n\n<p>Mais informa\u00e7\u00f5es da<mark style=\"background-color:#FFFFFF\" class=\"has-inline-color has-accent-1-color\"> <strong><em><a href=\"https:\/\/www.instagram.com\/viradasustentavelpoa\/\" title=\"\">Virada no insta do evento<\/a><\/em><\/strong><\/mark><\/p>\n","protected":false},"excerpt":{"rendered":"<p>A Virada Sustent\u00e1vel apresenta, entre suas atra\u00e7\u00f5es comemorativas dos 10 anos, a exposi\u00e7\u00e3o: O Brasil de Araqu\u00e9m Alc\u00e2ntara. Ser\u00e1 no dia 21 de mar\u00e7o, \u00e0s 17h, na Galeria Escadaria do p\u00eder da Usina do Gas\u00f4metro, em Porto Alegre. Esta exposi\u00e7\u00e3o cont\u00e9m fragmentos visuais de um Brasil que pulsa para al\u00e9m das fronteiras urbanas, capturado pelo [&hellip;]<\/p>\n","protected":false},"author":4,"featured_media":92113,"comment_status":"closed","ping_status":"open","sticky":false,"template":"","format":"standard","meta":{"jetpack_post_was_ever_published":false,"_jetpack_newsletter_access":"","_jetpack_dont_email_post_to_subs":false,"_jetpack_newsletter_tier_id":0,"_jetpack_memberships_contains_paywalled_content":false,"_jetpack_memberships_contains_paid_content":false,"footnotes":"","jetpack_publicize_message":"","jetpack_publicize_feature_enabled":true,"jetpack_social_post_already_shared":false,"jetpack_social_options":{"image_generator_settings":{"template":"highway","default_image_id":0,"font":"","enabled":false},"version":2}},"categories":[2],"tags":[],"class_list":["post-92109","post","type-post","status-publish","format-standard","has-post-thumbnail","hentry","category-materiasecundaria"],"aioseo_notices":[],"jetpack_publicize_connections":[],"jetpack_featured_media_url":"https:\/\/www.jornalja.com.br\/cultura\/wp-content\/uploads\/sites\/2\/2026\/03\/pantanal-img-20260317-wa0015.jpg","jetpack-related-posts":[{"id":87960,"url":"https:\/\/www.jornalja.com.br\/cultura\/mobfotografia-exposicao-com-fotos-de-celular-reune-90-imagens-de-45-fotografos\/","url_meta":{"origin":92109,"position":0},"title":"&#8220;Mobfotografia&#8221;: exposi\u00e7\u00e3o com fotos de celular  re\u00fane 90 imagens de 45 fot\u00f3grafos","author":"da Reda\u00e7\u00e3o","date":"9 de junho de 2023","format":false,"excerpt":"\u2019Mobgrafia - Express\u00e3o Urbana\u201d \u00e9 a exposi\u00e7\u00e3o que ocupar\u00e1 a Galeria Escadaria, em sua segunda edi\u00e7\u00e3o, a partir desse s\u00e1bado,\u00a0 dia 10 de junho, reunindo 90 imagens de 45 fot\u00f3grafos, feitas em celulares ou tablets. Com curadoria do publicit\u00e1rio e fot\u00f3grafo Marcos Monteiro, a iniciativa tem um car\u00e1ter duplamente democr\u00e1tico,\u2026","rel":"","context":"Em &quot;Cultura-MAT\u00c9RIA&quot;","block_context":{"text":"Cultura-MAT\u00c9RIA","link":"https:\/\/www.jornalja.com.br\/cultura\/category\/materiasecundaria\/"},"img":{"alt_text":"","src":"https:\/\/i0.wp.com\/www.jornalja.com.br\/cultura\/wp-content\/uploads\/sites\/2\/2023\/06\/expo-mobgrafia-2022-img-5064-foto-marcos-monteiro.jpg?resize=350%2C200&ssl=1","width":350,"height":200,"srcset":"https:\/\/i0.wp.com\/www.jornalja.com.br\/cultura\/wp-content\/uploads\/sites\/2\/2023\/06\/expo-mobgrafia-2022-img-5064-foto-marcos-monteiro.jpg?resize=350%2C200&ssl=1 1x, https:\/\/i0.wp.com\/www.jornalja.com.br\/cultura\/wp-content\/uploads\/sites\/2\/2023\/06\/expo-mobgrafia-2022-img-5064-foto-marcos-monteiro.jpg?resize=525%2C300&ssl=1 1.5x, https:\/\/i0.wp.com\/www.jornalja.com.br\/cultura\/wp-content\/uploads\/sites\/2\/2023\/06\/expo-mobgrafia-2022-img-5064-foto-marcos-monteiro.jpg?resize=700%2C400&ssl=1 2x"},"classes":[]},{"id":84848,"url":"https:\/\/www.jornalja.com.br\/cultura\/com-ave-tekoha-o-lancamento-de-livro-de-exposicao-de-fotografia-e-de-arte-guarani\/","url_meta":{"origin":92109,"position":1},"title":"Com \u201cAve, Tekoh\u00e1\u201d, o lan\u00e7amento de livro, de exposi\u00e7\u00e3o de fotografia e de arte Guarani","author":"Higino Barros","date":"29 de setembro de 2021","format":false,"excerpt":"A escritora Cleonice Bourscheid, o fot\u00f3grafo Arist\u00f3teles Bourscheid e o editor Alfredo Aquino s\u00e3o parceiros no projeto AVE, TEKOH\u00c1. No dia 5 de outubro, \u00e0s 16h, no Theatro S\u00e3o Pedro, acontece o lan\u00e7amento do livro Ave, Tekoh\u00e1 (Edi\u00e7\u00f5es Ardotempo, 96 p\u00e1ginas,\u00a0ISBN n\u00ba 978-65-00-10371-7,\u00a0R$60)\u00a0e a abertura da\u00a0exposi\u00e7\u00e3o de fotografias, poemas e\u2026","rel":"","context":"Em &quot;Cultura-MAT\u00c9RIA&quot;","block_context":{"text":"Cultura-MAT\u00c9RIA","link":"https:\/\/www.jornalja.com.br\/cultura\/category\/materiasecundaria\/"},"img":{"alt_text":"","src":"https:\/\/i0.wp.com\/www.jornalja.com.br\/cultura\/wp-content\/uploads\/sites\/2\/2021\/09\/cleonice-2-avetekoha.png?resize=350%2C200&ssl=1","width":350,"height":200},"classes":[]},{"id":73669,"url":"https:\/\/www.jornalja.com.br\/cultura\/perola-mae-de-beto-rodrigues-e-susie-prunes-esta-na-exposicao-os-ods-na-virada\/","url_meta":{"origin":92109,"position":2},"title":"&quot;P\u00e9rola M\u00e3e&quot;, de Beto Rodrigues e Susie Prunes, est\u00e1 na exposi\u00e7\u00e3o \u201cOs ODS na Virada\u201d","author":"da Reda\u00e7\u00e3o","date":"4 de abril de 2019","format":false,"excerpt":"Fotos de T\u00e2nia Meinerz Inaugura dia 05 de abril, na Orla Moacir Scliar (Gas\u00f4metro), no centro hist\u00f3rico de Porto Alegre, a exposi\u00e7\u00e3o Os ODS na Virada. A mostra, que ser\u00e1 montada a c\u00e9u aberto, pretende chamar aten\u00e7\u00e3o para os 17 Objetivos de Desenvolvimento Sustent\u00e1vel (ODS) que norteiam a agenda 2030\u2026","rel":"","context":"Em &quot;Cultura-MAT\u00c9RIA&quot;","block_context":{"text":"Cultura-MAT\u00c9RIA","link":"https:\/\/www.jornalja.com.br\/cultura\/category\/materiasecundaria\/"},"img":{"alt_text":"","src":"https:\/\/i0.wp.com\/www.jornalja.com.br\/wp-content\/uploads\/2019\/04\/beto-pm04_montagem-450x300.jpg?resize=350%2C200&ssl=1","width":350,"height":200},"classes":[]},{"id":86590,"url":"https:\/\/www.jornalja.com.br\/cultura\/fotografias-com-alma-e-graca-na-exposicao-ir-real-2-de-marcos-monteiro\/","url_meta":{"origin":92109,"position":3},"title":"Fotografias com alma e gra\u00e7a, na exposi\u00e7\u00e3o \u201cIr-Real 2 \u201d, de Marcos Monteiro","author":"da Reda\u00e7\u00e3o","date":"1 de setembro de 2022","format":false,"excerpt":"\u00a0 O fot\u00f3grafo e produtor cultural Marcos Monteiro abre dia seis, ter\u00e7a-feira, na Galeria Escadaria, no Viaduto Ot\u00e1vio Rocha, onde \u00e9 curador, sua nova exposi\u00e7\u00e3o \u201cIr-Real 2\u201d, que fica no local de tr\u00eas de setembro a 31 de outubro. A mesma mostra ser\u00e1 levada para a Galeria de Arte Restinga,\u2026","rel":"","context":"Em &quot;Cultura-MAT\u00c9RIA&quot;","block_context":{"text":"Cultura-MAT\u00c9RIA","link":"https:\/\/www.jornalja.com.br\/cultura\/category\/materiasecundaria\/"},"img":{"alt_text":"","src":"https:\/\/i0.wp.com\/www.jornalja.com.br\/cultura\/wp-content\/uploads\/sites\/2\/2022\/09\/marcos-9.jpg?resize=350%2C200&ssl=1","width":350,"height":200,"srcset":"https:\/\/i0.wp.com\/www.jornalja.com.br\/cultura\/wp-content\/uploads\/sites\/2\/2022\/09\/marcos-9.jpg?resize=350%2C200&ssl=1 1x, https:\/\/i0.wp.com\/www.jornalja.com.br\/cultura\/wp-content\/uploads\/sites\/2\/2022\/09\/marcos-9.jpg?resize=525%2C300&ssl=1 1.5x, https:\/\/i0.wp.com\/www.jornalja.com.br\/cultura\/wp-content\/uploads\/sites\/2\/2022\/09\/marcos-9.jpg?resize=700%2C400&ssl=1 2x"},"classes":[]},{"id":83144,"url":"https:\/\/www.jornalja.com.br\/cultura\/street-poa-2020-de-volta-a-maior-exposicao-de-fotografia-do-brasil-a-ceu-aberto\/","url_meta":{"origin":92109,"position":4},"title":"Street Expo Photo 2020: de volta, a maior exposi\u00e7\u00e3o de fotografia do Brasil a c\u00e9u aberto","author":"da Reda\u00e7\u00e3o","date":"4 de dezembro de 2020","format":false,"excerpt":"A Street Expo Photo 2020 ser\u00e1 realizada em 12.12.2020 com dura\u00e7\u00e3o de 30 dias, na escadaria Ver\u00e3o do centen\u00e1rio viaduto da Borges de Medeiros em Porto Alegre -RS Brasil. Lugar nobre e bonito e com circula\u00e7\u00e3o de milhares de pessoas. Essa ser\u00e1 a 3\u00aa edi\u00e7\u00e3o da Street Expo Photo. No\u2026","rel":"","context":"Em &quot;Cultura-MAT\u00c9RIA&quot;","block_context":{"text":"Cultura-MAT\u00c9RIA","link":"https:\/\/www.jornalja.com.br\/cultura\/category\/materiasecundaria\/"},"img":{"alt_text":"","src":"https:\/\/i0.wp.com\/www.jornalja.com.br\/cultura\/wp-content\/uploads\/sites\/2\/2020\/12\/exposicao-street-3-scaled.jpg?resize=350%2C200&ssl=1","width":350,"height":200,"srcset":"https:\/\/i0.wp.com\/www.jornalja.com.br\/cultura\/wp-content\/uploads\/sites\/2\/2020\/12\/exposicao-street-3-scaled.jpg?resize=350%2C200&ssl=1 1x, https:\/\/i0.wp.com\/www.jornalja.com.br\/cultura\/wp-content\/uploads\/sites\/2\/2020\/12\/exposicao-street-3-scaled.jpg?resize=525%2C300&ssl=1 1.5x, https:\/\/i0.wp.com\/www.jornalja.com.br\/cultura\/wp-content\/uploads\/sites\/2\/2020\/12\/exposicao-street-3-scaled.jpg?resize=700%2C400&ssl=1 2x, https:\/\/i0.wp.com\/www.jornalja.com.br\/cultura\/wp-content\/uploads\/sites\/2\/2020\/12\/exposicao-street-3-scaled.jpg?resize=1050%2C600&ssl=1 3x, https:\/\/i0.wp.com\/www.jornalja.com.br\/cultura\/wp-content\/uploads\/sites\/2\/2020\/12\/exposicao-street-3-scaled.jpg?resize=1400%2C800&ssl=1 4x"},"classes":[]},{"id":89263,"url":"https:\/\/www.jornalja.com.br\/cultura\/replicantes-40-anos-da-banda-em-exposicao-imersiva-no-museu-do-trabalho\/","url_meta":{"origin":92109,"position":5},"title":"Replicantes: 40 anos da banda, em exposi\u00e7\u00e3o imersiva, no Museu do Trabalho","author":"da Reda\u00e7\u00e3o","date":"25 de mar\u00e7o de 2024","format":false,"excerpt":"A hist\u00f3ria de uma das bandas mais importantes da cena punk rock nacional chega ao Museu do Trabalho com a exposi\u00e7\u00e3o\u00a0Os Replicantes 1984\/2024. A abertura acontece dia 27 de mar\u00e7o e a mostra permanece at\u00e9 19 de maio, com um passeio imersivo e essencialmente musical em duas salas do Museu\u2026","rel":"","context":"Em &quot;Cultura-MAT\u00c9RIA&quot;","block_context":{"text":"Cultura-MAT\u00c9RIA","link":"https:\/\/www.jornalja.com.br\/cultura\/category\/materiasecundaria\/"},"img":{"alt_text":"","src":"https:\/\/i0.wp.com\/www.jornalja.com.br\/cultura\/wp-content\/uploads\/sites\/2\/2024\/03\/replicantes-2013-12-09-773-osreplicantes-30anos-showfotofernandachemale-scaled.jpg?resize=350%2C200&ssl=1","width":350,"height":200,"srcset":"https:\/\/i0.wp.com\/www.jornalja.com.br\/cultura\/wp-content\/uploads\/sites\/2\/2024\/03\/replicantes-2013-12-09-773-osreplicantes-30anos-showfotofernandachemale-scaled.jpg?resize=350%2C200&ssl=1 1x, https:\/\/i0.wp.com\/www.jornalja.com.br\/cultura\/wp-content\/uploads\/sites\/2\/2024\/03\/replicantes-2013-12-09-773-osreplicantes-30anos-showfotofernandachemale-scaled.jpg?resize=525%2C300&ssl=1 1.5x, https:\/\/i0.wp.com\/www.jornalja.com.br\/cultura\/wp-content\/uploads\/sites\/2\/2024\/03\/replicantes-2013-12-09-773-osreplicantes-30anos-showfotofernandachemale-scaled.jpg?resize=700%2C400&ssl=1 2x, https:\/\/i0.wp.com\/www.jornalja.com.br\/cultura\/wp-content\/uploads\/sites\/2\/2024\/03\/replicantes-2013-12-09-773-osreplicantes-30anos-showfotofernandachemale-scaled.jpg?resize=1050%2C600&ssl=1 3x, https:\/\/i0.wp.com\/www.jornalja.com.br\/cultura\/wp-content\/uploads\/sites\/2\/2024\/03\/replicantes-2013-12-09-773-osreplicantes-30anos-showfotofernandachemale-scaled.jpg?resize=1400%2C800&ssl=1 4x"},"classes":[]}],"jetpack_shortlink":"https:\/\/wp.me\/pbKnZc-nXD","jetpack_sharing_enabled":true,"_links":{"self":[{"href":"https:\/\/www.jornalja.com.br\/cultura\/wp-json\/wp\/v2\/posts\/92109","targetHints":{"allow":["GET"]}}],"collection":[{"href":"https:\/\/www.jornalja.com.br\/cultura\/wp-json\/wp\/v2\/posts"}],"about":[{"href":"https:\/\/www.jornalja.com.br\/cultura\/wp-json\/wp\/v2\/types\/post"}],"author":[{"embeddable":true,"href":"https:\/\/www.jornalja.com.br\/cultura\/wp-json\/wp\/v2\/users\/4"}],"replies":[{"embeddable":true,"href":"https:\/\/www.jornalja.com.br\/cultura\/wp-json\/wp\/v2\/comments?post=92109"}],"version-history":[{"count":13,"href":"https:\/\/www.jornalja.com.br\/cultura\/wp-json\/wp\/v2\/posts\/92109\/revisions"}],"predecessor-version":[{"id":92127,"href":"https:\/\/www.jornalja.com.br\/cultura\/wp-json\/wp\/v2\/posts\/92109\/revisions\/92127"}],"wp:featuredmedia":[{"embeddable":true,"href":"https:\/\/www.jornalja.com.br\/cultura\/wp-json\/wp\/v2\/media\/92113"}],"wp:attachment":[{"href":"https:\/\/www.jornalja.com.br\/cultura\/wp-json\/wp\/v2\/media?parent=92109"}],"wp:term":[{"taxonomy":"category","embeddable":true,"href":"https:\/\/www.jornalja.com.br\/cultura\/wp-json\/wp\/v2\/categories?post=92109"},{"taxonomy":"post_tag","embeddable":true,"href":"https:\/\/www.jornalja.com.br\/cultura\/wp-json\/wp\/v2\/tags?post=92109"}],"curies":[{"name":"wp","href":"https:\/\/api.w.org\/{rel}","templated":true}]}}