{"id":92430,"date":"2026-09-03T09:35:27","date_gmt":"2026-09-03T12:35:27","guid":{"rendered":"https:\/\/www.jornalja.com.br\/cultura\/?p=92430"},"modified":"2026-09-03T09:35:28","modified_gmt":"2026-09-03T12:35:28","slug":"casa-ramil-a-transicao-geracional-de-uma-familia-musical","status":"publish","type":"post","link":"https:\/\/www.jornalja.com.br\/cultura\/casa-ramil-a-transicao-geracional-de-uma-familia-musical\/","title":{"rendered":"Casa Ramil: a transi\u00e7\u00e3o geracional de uma fam\u00edlia musical"},"content":{"rendered":"\n<p class=\"wp-block-paragraph\">A Casa Ramil, espet\u00e1culo musical que vem se apresentando em cidades brasileiras, \u00e9 um caso raro de sucesso de cr\u00edtica e de p\u00fablico. No \u00faltimo fim de semana de agosto, lotou por duas noites seguidas os 900 lugares do Teatro Ademir Rosa em Floripa.<\/p>\n\n\n\n<p class=\"wp-block-paragraph\">S\u00e3o sete figuras no palco, seis homens e uma mulher, v\u00e1rios instrumentos se alternando nas m\u00e3os de pais, filhos, tios e sobrinhos, uns compositores, todos cantores unidos pelo sobrenome Ramil. Uma caixinha de m\u00fasica recicl\u00e1vel cujos integrantes moram em cidades distantes (Rio, Pelotas, Porto Alegre e Macap\u00e1), onde est\u00e3o sempre prontos e dispostos a se juntar para mais um show.<\/p>\n\n\n\n<p class=\"wp-block-paragraph\">A reinven\u00e7\u00e3o dos Ramil n\u00e3o acontece s\u00f3 no palco. Nos bastidores tamb\u00e9m atua um grupo de mulheres portadoras da mesma gen\u00e9tica. Com Branca no comando, Karina, Isabel e Khris d\u00e3o o chamado suporte art\u00edstico ao grupo musicista&nbsp;<em>made in Laranjal Beach&nbsp;<\/em>em 2018.<\/p>\n\n\n\n<p class=\"wp-block-paragraph\">Recordemos: no in\u00edcio, h\u00e1 mais 50 anos, os dois mais velhos da irmandade montaram um grupo chamado Almondegas, que deu \u00e0 luz a dupla Kleiton e Kledir, estrelas da m\u00fasica popular que subiram de Pelotas ao Rio com trilhas de novelas da Globo. Solito no pampa, com os ouvidos abertos para a m\u00fasica da fronteira, ascendeu o ca\u00e7ula Vitor com uma s\u00e9rie de can\u00e7\u00f5es de raro lirismo. &nbsp;<\/p>\n\n\n\n<p class=\"wp-block-paragraph\">Quarenta anos depois, os Ramil vivem uma transi\u00e7\u00e3o geracional. Os veteranos KK+V passam a bola para Ian, Thiago, Gutcha e Jo\u00e3o. Al\u00e9m de mesclar hits antigos como Vira Virou (de Kleiton) a can\u00e7\u00f5es recentes como Artigo 5\u00ba (de Ian), o ajuntamento art\u00edstico-familiar enriqueceu as apresenta\u00e7\u00f5es com conversas, lembran\u00e7as, coment\u00e1rios e cita\u00e7\u00f5es nos intervalos entre as can\u00e7\u00f5es. Tanto para o p\u00fablico como para os artistas, \u00e9 um achado que propicia distens\u00e3o e intimidade. &nbsp;<\/p>\n\n\n\n<p class=\"wp-block-paragraph\">Nessas pausas relaxadas, os mais novos jogam conf\u00e9ti nos mais velhos (suas \u201crefer\u00eancias\u201d), que lan\u00e7am farpas e lantejoulas entre si. \u00c9 tudo t\u00e3o natural que nem parece ser combinado. Segundo Vitor, \u201ca gente se diverte enquanto vai mostrando nosso trabalho\u201d. S\u00e3o momentos em que se misturam emo\u00e7\u00e3o e bom humor, sem l\u00e1grimas nem baixarias, como nas boas casa do ramo. Tudo leve, lindo e solto com deve ter sido em outras casas mais antigas de fam\u00edlias musicais (Caymmi, Gil e Velloso).<\/p>\n\n\n\n<p class=\"wp-block-paragraph\">Eles falam da casa de veraneio na praia do Laranjal, na Lagoa dos Patos, em Pelotas, ponto de encontro familiar nos finais de ano. A casa foi constru\u00edda pelo imigrante uruguaio Miguel Ramil, cuja sensibilidade como marceneiro transparece no vitral mostrado na abertura do show \u2013 \u00e9 tipo um logo familiar. Num painel no fundo do palco, aparecem folhas e galhos do salso chor\u00e3o do jardim, imagem fotogr\u00e1fica tamb\u00e9m usada em show solo de Vitor Ramil. Em alguns momentos, um \u00e1udio passeia trechos de cantorias caseiras da matriarca Dalva (1926-2024), a antena musical da fam\u00edlia a quem os filhos e netos quiseram homenagear neste espet\u00e1culo ao mesmo tempo singelo e grandioso. &nbsp;<\/p>\n\n\n\n<p class=\"wp-block-paragraph\">Sem d\u00favida, a mescla de gera\u00e7\u00f5es veio em boa hora. A ascens\u00e3o dos jovens est\u00e1 permitindo que, na altern\u00e2ncia dos versos e das vozes, os veteranos possam descansar as cordas vocais calejadas ap\u00f3s tantos anos de estrada. Ainda assim, o vocal coletivo \u00e9 t\u00e3o intenso que a Casa Ramil poderia reduzir o volume da engenharia de som, aparentemente desnecess\u00e1ria nos solos da gurizada.Sem desfazer da pot\u00eancia do macharedo que a cerca, postada no fundo do palco, Gutcha Ramil \u00e9 uma revela\u00e7\u00e3o: toca flauta e rabeca em algumas can\u00e7\u00f5es, mas seu forte \u00e9 a percuss\u00e3o, do pandeiro ao bombo leguero. E a voz, um brado de fera. Segundo o l\u00edder Kleiton, a sobrinha (filha da mana K\u00e1tia e irm\u00e3 de Thiago Ramil) est\u00e1 madura para gravar um trabalho solo. \u201cMerece\u201d, como se diz em Pelotas.\u00a0<strong>(Geraldo Hasse)<\/strong><\/p>\n","protected":false},"excerpt":{"rendered":"<p>A Casa Ramil, espet\u00e1culo musical que vem se apresentando em cidades brasileiras, \u00e9 um caso raro de sucesso de cr\u00edtica e de p\u00fablico. No \u00faltimo fim de semana de agosto, lotou por duas noites seguidas os 900 lugares do Teatro Ademir Rosa em Floripa. S\u00e3o sete figuras no palco, seis homens e uma mulher, v\u00e1rios [&hellip;]<\/p>\n","protected":false},"author":5,"featured_media":92431,"comment_status":"closed","ping_status":"open","sticky":false,"template":"","format":"standard","meta":{"_jetpack_newsletter_access":"","_jetpack_dont_email_post_to_subs":false,"_jetpack_newsletter_tier_id":0,"_jetpack_memberships_contains_paywalled_content":false,"_jetpack_feature_clip_id":0,"_jetpack_memberships_contains_paid_content":false,"footnotes":"","jetpack_publicize_message":"","jetpack_publicize_feature_enabled":true,"jetpack_social_post_already_shared":true,"jetpack_social_options":{"image_generator_settings":{"template":"highway","default_image_id":0,"font":"","enabled":false},"version":2},"jetpack_post_was_ever_published":false},"categories":[2],"tags":[],"class_list":["post-92430","post","type-post","status-publish","format-standard","has-post-thumbnail","hentry","category-materiasecundaria"],"aioseo_notices":[],"aioseo_head":"\n\t\t<!-- All in One SEO 5.0.1.1 - aioseo.com -->\n\t<meta name=\"description\" content=\"A Casa Ramil, espet\u00e1culo musical que vem se apresentando em cidades brasileiras, \u00e9 um caso raro de sucesso de cr\u00edtica e de p\u00fablico. No \u00faltimo fim de semana de agosto, lotou por duas noites seguidas os 900 lugares do Teatro Ademir Rosa em Floripa. S\u00e3o sete figuras no palco, seis homens e uma mulher, v\u00e1rios\" \/>\n\t<meta name=\"robots\" content=\"max-image-preview:large\" \/>\n\t<meta name=\"author\" content=\"Elmar Bones\"\/>\n\t<link rel=\"canonical\" href=\"https:\/\/www.jornalja.com.br\/cultura\/casa-ramil-a-transicao-geracional-de-uma-familia-musical\/\" \/>\n\t<meta name=\"generator\" content=\"All in One SEO (AIOSEO) 5.0.1.1\" \/>\n\t\t<meta property=\"og:locale\" content=\"pt_BR\" \/>\n\t\t<meta property=\"og:site_name\" content=\"Cultura\" \/>\n\t\t<meta property=\"og:type\" content=\"article\" \/>\n\t\t<meta property=\"og:title\" content=\"Casa Ramil: a transi\u00e7\u00e3o geracional de uma fam\u00edlia musical | Cultura\" \/>\n\t\t<meta property=\"og:description\" content=\"A Casa Ramil, espet\u00e1culo musical que vem se apresentando em cidades brasileiras, \u00e9 um caso raro de sucesso de cr\u00edtica e de p\u00fablico. No \u00faltimo fim de semana de agosto, lotou por duas noites seguidas os 900 lugares do Teatro Ademir Rosa em Floripa. S\u00e3o sete figuras no palco, seis homens e uma mulher, v\u00e1rios\" \/>\n\t\t<meta property=\"og:url\" content=\"https:\/\/www.jornalja.com.br\/cultura\/casa-ramil-a-transicao-geracional-de-uma-familia-musical\/\" \/>\n\t\t<meta property=\"og:image\" content=\"https:\/\/www.jornalja.com.br\/economics\/wp-content\/uploads\/sites\/11\/2026\/08\/ja-folhaderosto-facebook.jpg\" \/>\n\t\t<meta property=\"og:image:secure_url\" content=\"https:\/\/www.jornalja.com.br\/economics\/wp-content\/uploads\/sites\/11\/2026\/08\/ja-folhaderosto-facebook.jpg\" \/>\n\t\t<meta property=\"article:published_time\" content=\"2026-09-03T12:35:27+00:00\" \/>\n\t\t<meta property=\"article:modified_time\" content=\"2026-09-03T12:35:28+00:00\" \/>\n\t\t<meta property=\"article:publisher\" content=\"https:\/\/www.facebook.com\/jornaljanaweb\" \/>\n\t\t<meta name=\"twitter:card\" content=\"summary\" \/>\n\t\t<meta name=\"twitter:site\" content=\"@jornal_ja\" \/>\n\t\t<meta name=\"twitter:title\" content=\"Casa Ramil: a transi\u00e7\u00e3o geracional de uma fam\u00edlia musical | Cultura\" \/>\n\t\t<meta name=\"twitter:description\" content=\"A Casa Ramil, espet\u00e1culo musical que vem se apresentando em cidades brasileiras, \u00e9 um caso raro de sucesso de cr\u00edtica e de p\u00fablico. No \u00faltimo fim de semana de agosto, lotou por duas noites seguidas os 900 lugares do Teatro Ademir Rosa em Floripa. S\u00e3o sete figuras no palco, seis homens e uma mulher, v\u00e1rios\" \/>\n\t\t<meta name=\"twitter:image\" content=\"https:\/\/www.jornalja.com.br\/economics\/wp-content\/uploads\/sites\/11\/2026\/08\/ja-folhaderosto-facebook.jpg\" \/>\n\t\t<script type=\"application\/ld+json\" class=\"aioseo-schema\">\n\t\t\t{\"@context\":\"https:\\\/\\\/schema.org\",\"@graph\":[{\"@type\":\"Article\",\"@id\":\"https:\\\/\\\/www.jornalja.com.br\\\/cultura\\\/casa-ramil-a-transicao-geracional-de-uma-familia-musical\\\/#article\",\"name\":\"Casa Ramil: a transi\\u00e7\\u00e3o geracional de uma fam\\u00edlia musical | Cultura\",\"headline\":\"Casa Ramil: a transi\\u00e7\\u00e3o geracional de uma fam\\u00edlia musical\",\"author\":{\"@id\":\"https:\\\/\\\/www.jornalja.com.br\\\/cultura\\\/author\\\/elmar\\\/#author\"},\"publisher\":{\"@id\":\"https:\\\/\\\/www.jornalja.com.br\\\/cultura\\\/#organization\"},\"image\":{\"@type\":\"ImageObject\",\"url\":\"https:\\\/\\\/www.jornalja.com.br\\\/cultura\\\/wp-content\\\/uploads\\\/sites\\\/2\\\/2026\\\/09\\\/ramil-gh.jpg\",\"width\":1200,\"height\":1600},\"datePublished\":\"2026-09-03T09:35:27-03:00\",\"dateModified\":\"2026-09-03T09:35:28-03:00\",\"inLanguage\":\"pt-BR\",\"mainEntityOfPage\":{\"@id\":\"https:\\\/\\\/www.jornalja.com.br\\\/cultura\\\/casa-ramil-a-transicao-geracional-de-uma-familia-musical\\\/#webpage\"},\"isPartOf\":{\"@id\":\"https:\\\/\\\/www.jornalja.com.br\\\/cultura\\\/casa-ramil-a-transicao-geracional-de-uma-familia-musical\\\/#webpage\"},\"articleSection\":\"Cultura-MAT\\u00c9RIA\"},{\"@type\":\"BreadcrumbList\",\"@id\":\"https:\\\/\\\/www.jornalja.com.br\\\/cultura\\\/casa-ramil-a-transicao-geracional-de-uma-familia-musical\\\/#breadcrumblist\",\"itemListElement\":[{\"@type\":\"ListItem\",\"@id\":\"https:\\\/\\\/www.jornalja.com.br\\\/cultura#listItem\",\"position\":1,\"name\":\"Home\",\"item\":\"https:\\\/\\\/www.jornalja.com.br\\\/cultura\",\"nextItem\":{\"@type\":\"ListItem\",\"@id\":\"https:\\\/\\\/www.jornalja.com.br\\\/cultura\\\/category\\\/materiasecundaria\\\/#listItem\",\"name\":\"Cultura-MAT\\u00c9RIA\"}},{\"@type\":\"ListItem\",\"@id\":\"https:\\\/\\\/www.jornalja.com.br\\\/cultura\\\/category\\\/materiasecundaria\\\/#listItem\",\"position\":2,\"name\":\"Cultura-MAT\\u00c9RIA\",\"item\":\"https:\\\/\\\/www.jornalja.com.br\\\/cultura\\\/category\\\/materiasecundaria\\\/\",\"nextItem\":{\"@type\":\"ListItem\",\"@id\":\"https:\\\/\\\/www.jornalja.com.br\\\/cultura\\\/casa-ramil-a-transicao-geracional-de-uma-familia-musical\\\/#listItem\",\"name\":\"Casa Ramil: a transi\\u00e7\\u00e3o geracional de uma fam\\u00edlia musical\"},\"previousItem\":{\"@type\":\"ListItem\",\"@id\":\"https:\\\/\\\/www.jornalja.com.br\\\/cultura#listItem\",\"name\":\"Home\"}},{\"@type\":\"ListItem\",\"@id\":\"https:\\\/\\\/www.jornalja.com.br\\\/cultura\\\/casa-ramil-a-transicao-geracional-de-uma-familia-musical\\\/#listItem\",\"position\":3,\"name\":\"Casa Ramil: a transi\\u00e7\\u00e3o geracional de uma fam\\u00edlia musical\",\"previousItem\":{\"@type\":\"ListItem\",\"@id\":\"https:\\\/\\\/www.jornalja.com.br\\\/cultura\\\/category\\\/materiasecundaria\\\/#listItem\",\"name\":\"Cultura-MAT\\u00c9RIA\"}}]},{\"@type\":\"Organization\",\"@id\":\"https:\\\/\\\/www.jornalja.com.br\\\/cultura\\\/#organization\",\"name\":\"Jornal J\\u00c1 Editora\",\"description\":\"Jornal J\\u00c1 | Porto Alegre\",\"url\":\"https:\\\/\\\/www.jornalja.com.br\\\/cultura\\\/\",\"telephone\":\"+555133307272\",\"logo\":{\"@type\":\"ImageObject\",\"url\":\"https:\\\/\\\/www.jornalja.com.br\\\/cultura\\\/wp-content\\\/uploads\\\/sites\\\/2\\\/2021\\\/05\\\/2020-logotipia-ja-35anos.jpg\",\"@id\":\"https:\\\/\\\/www.jornalja.com.br\\\/cultura\\\/casa-ramil-a-transicao-geracional-de-uma-familia-musical\\\/#organizationLogo\",\"width\":1067,\"height\":800},\"image\":{\"@id\":\"https:\\\/\\\/www.jornalja.com.br\\\/cultura\\\/casa-ramil-a-transicao-geracional-de-uma-familia-musical\\\/#organizationLogo\"},\"sameAs\":[\"https:\\\/\\\/www.instagram.com\\\/jornaljapoa\",\"https:\\\/\\\/www.youtube.com\\\/c\\\/JornalJ\"]},{\"@type\":\"Person\",\"@id\":\"https:\\\/\\\/www.jornalja.com.br\\\/cultura\\\/author\\\/elmar\\\/#author\",\"url\":\"https:\\\/\\\/www.jornalja.com.br\\\/cultura\\\/author\\\/elmar\\\/\",\"name\":\"Elmar Bones\",\"image\":{\"@type\":\"ImageObject\",\"@id\":\"https:\\\/\\\/www.jornalja.com.br\\\/cultura\\\/casa-ramil-a-transicao-geracional-de-uma-familia-musical\\\/#authorImage\",\"url\":\"https:\\\/\\\/secure.gravatar.com\\\/avatar\\\/b77dcbcfbeb2587e3d39dfb8909ba1351d3396507cd56d08f66097336bd2e49a?s=96&d=mm&r=g\",\"width\":96,\"height\":96,\"caption\":\"Elmar Bones\"}},{\"@type\":\"WebPage\",\"@id\":\"https:\\\/\\\/www.jornalja.com.br\\\/cultura\\\/casa-ramil-a-transicao-geracional-de-uma-familia-musical\\\/#webpage\",\"url\":\"https:\\\/\\\/www.jornalja.com.br\\\/cultura\\\/casa-ramil-a-transicao-geracional-de-uma-familia-musical\\\/\",\"name\":\"Casa Ramil: a transi\\u00e7\\u00e3o geracional de uma fam\\u00edlia musical | Cultura\",\"description\":\"A Casa Ramil, espet\\u00e1culo musical que vem se apresentando em cidades brasileiras, \\u00e9 um caso raro de sucesso de cr\\u00edtica e de p\\u00fablico. No \\u00faltimo fim de semana de agosto, lotou por duas noites seguidas os 900 lugares do Teatro Ademir Rosa em Floripa. S\\u00e3o sete figuras no palco, seis homens e uma mulher, v\\u00e1rios\",\"inLanguage\":\"pt-BR\",\"isPartOf\":{\"@id\":\"https:\\\/\\\/www.jornalja.com.br\\\/cultura\\\/#website\"},\"breadcrumb\":{\"@id\":\"https:\\\/\\\/www.jornalja.com.br\\\/cultura\\\/casa-ramil-a-transicao-geracional-de-uma-familia-musical\\\/#breadcrumblist\"},\"author\":{\"@id\":\"https:\\\/\\\/www.jornalja.com.br\\\/cultura\\\/author\\\/elmar\\\/#author\"},\"creator\":{\"@id\":\"https:\\\/\\\/www.jornalja.com.br\\\/cultura\\\/author\\\/elmar\\\/#author\"},\"image\":{\"@type\":\"ImageObject\",\"url\":\"https:\\\/\\\/www.jornalja.com.br\\\/cultura\\\/wp-content\\\/uploads\\\/sites\\\/2\\\/2026\\\/09\\\/ramil-gh.jpg\",\"@id\":\"https:\\\/\\\/www.jornalja.com.br\\\/cultura\\\/casa-ramil-a-transicao-geracional-de-uma-familia-musical\\\/#mainImage\",\"width\":1200,\"height\":1600},\"primaryImageOfPage\":{\"@id\":\"https:\\\/\\\/www.jornalja.com.br\\\/cultura\\\/casa-ramil-a-transicao-geracional-de-uma-familia-musical\\\/#mainImage\"},\"datePublished\":\"2026-09-03T09:35:27-03:00\",\"dateModified\":\"2026-09-03T09:35:28-03:00\"},{\"@type\":\"WebSite\",\"@id\":\"https:\\\/\\\/www.jornalja.com.br\\\/cultura\\\/#website\",\"url\":\"https:\\\/\\\/www.jornalja.com.br\\\/cultura\\\/\",\"name\":\"Cultura\",\"description\":\"Jornal J\\u00c1 | Porto Alegre\",\"inLanguage\":\"pt-BR\",\"publisher\":{\"@id\":\"https:\\\/\\\/www.jornalja.com.br\\\/cultura\\\/#organization\"}}]}\n\t\t<\/script>\n\t\t<!-- All in One SEO -->\n\n","aioseo_head_json":{"title":"Casa Ramil: a transi\u00e7\u00e3o geracional de uma fam\u00edlia musical | Cultura","description":"A Casa Ramil, espet\u00e1culo musical que vem se apresentando em cidades brasileiras, \u00e9 um caso raro de sucesso de cr\u00edtica e de p\u00fablico. No \u00faltimo fim de semana de agosto, lotou por duas noites seguidas os 900 lugares do Teatro Ademir Rosa em Floripa. S\u00e3o sete figuras no palco, seis homens e uma mulher, v\u00e1rios","canonical_url":"https:\/\/www.jornalja.com.br\/cultura\/casa-ramil-a-transicao-geracional-de-uma-familia-musical\/","robots":"max-image-preview:large","keywords":"","webmasterTools":{"miscellaneous":""},"schema":{"@context":"https:\/\/schema.org","@graph":[{"@type":"Article","@id":"https:\/\/www.jornalja.com.br\/cultura\/casa-ramil-a-transicao-geracional-de-uma-familia-musical\/#article","name":"Casa Ramil: a transi\u00e7\u00e3o geracional de uma fam\u00edlia musical | Cultura","headline":"Casa Ramil: a transi\u00e7\u00e3o geracional de uma fam\u00edlia musical","author":{"@id":"https:\/\/www.jornalja.com.br\/cultura\/author\/elmar\/#author"},"publisher":{"@id":"https:\/\/www.jornalja.com.br\/cultura\/#organization"},"image":{"@type":"ImageObject","url":"https:\/\/www.jornalja.com.br\/cultura\/wp-content\/uploads\/sites\/2\/2026\/09\/ramil-gh.jpg","width":1200,"height":1600},"datePublished":"2026-09-03T09:35:27-03:00","dateModified":"2026-09-03T09:35:28-03:00","inLanguage":"pt-BR","mainEntityOfPage":{"@id":"https:\/\/www.jornalja.com.br\/cultura\/casa-ramil-a-transicao-geracional-de-uma-familia-musical\/#webpage"},"isPartOf":{"@id":"https:\/\/www.jornalja.com.br\/cultura\/casa-ramil-a-transicao-geracional-de-uma-familia-musical\/#webpage"},"articleSection":"Cultura-MAT\u00c9RIA"},{"@type":"BreadcrumbList","@id":"https:\/\/www.jornalja.com.br\/cultura\/casa-ramil-a-transicao-geracional-de-uma-familia-musical\/#breadcrumblist","itemListElement":[{"@type":"ListItem","@id":"https:\/\/www.jornalja.com.br\/cultura#listItem","position":1,"name":"Home","item":"https:\/\/www.jornalja.com.br\/cultura","nextItem":{"@type":"ListItem","@id":"https:\/\/www.jornalja.com.br\/cultura\/category\/materiasecundaria\/#listItem","name":"Cultura-MAT\u00c9RIA"}},{"@type":"ListItem","@id":"https:\/\/www.jornalja.com.br\/cultura\/category\/materiasecundaria\/#listItem","position":2,"name":"Cultura-MAT\u00c9RIA","item":"https:\/\/www.jornalja.com.br\/cultura\/category\/materiasecundaria\/","nextItem":{"@type":"ListItem","@id":"https:\/\/www.jornalja.com.br\/cultura\/casa-ramil-a-transicao-geracional-de-uma-familia-musical\/#listItem","name":"Casa Ramil: a transi\u00e7\u00e3o geracional de uma fam\u00edlia musical"},"previousItem":{"@type":"ListItem","@id":"https:\/\/www.jornalja.com.br\/cultura#listItem","name":"Home"}},{"@type":"ListItem","@id":"https:\/\/www.jornalja.com.br\/cultura\/casa-ramil-a-transicao-geracional-de-uma-familia-musical\/#listItem","position":3,"name":"Casa Ramil: a transi\u00e7\u00e3o geracional de uma fam\u00edlia musical","previousItem":{"@type":"ListItem","@id":"https:\/\/www.jornalja.com.br\/cultura\/category\/materiasecundaria\/#listItem","name":"Cultura-MAT\u00c9RIA"}}]},{"@type":"Organization","@id":"https:\/\/www.jornalja.com.br\/cultura\/#organization","name":"Jornal J\u00c1 Editora","description":"Jornal J\u00c1 | Porto Alegre","url":"https:\/\/www.jornalja.com.br\/cultura\/","telephone":"+555133307272","logo":{"@type":"ImageObject","url":"https:\/\/www.jornalja.com.br\/cultura\/wp-content\/uploads\/sites\/2\/2021\/05\/2020-logotipia-ja-35anos.jpg","@id":"https:\/\/www.jornalja.com.br\/cultura\/casa-ramil-a-transicao-geracional-de-uma-familia-musical\/#organizationLogo","width":1067,"height":800},"image":{"@id":"https:\/\/www.jornalja.com.br\/cultura\/casa-ramil-a-transicao-geracional-de-uma-familia-musical\/#organizationLogo"},"sameAs":["https:\/\/www.instagram.com\/jornaljapoa","https:\/\/www.youtube.com\/c\/JornalJ"]},{"@type":"Person","@id":"https:\/\/www.jornalja.com.br\/cultura\/author\/elmar\/#author","url":"https:\/\/www.jornalja.com.br\/cultura\/author\/elmar\/","name":"Elmar Bones","image":{"@type":"ImageObject","@id":"https:\/\/www.jornalja.com.br\/cultura\/casa-ramil-a-transicao-geracional-de-uma-familia-musical\/#authorImage","url":"https:\/\/secure.gravatar.com\/avatar\/b77dcbcfbeb2587e3d39dfb8909ba1351d3396507cd56d08f66097336bd2e49a?s=96&d=mm&r=g","width":96,"height":96,"caption":"Elmar Bones"}},{"@type":"WebPage","@id":"https:\/\/www.jornalja.com.br\/cultura\/casa-ramil-a-transicao-geracional-de-uma-familia-musical\/#webpage","url":"https:\/\/www.jornalja.com.br\/cultura\/casa-ramil-a-transicao-geracional-de-uma-familia-musical\/","name":"Casa Ramil: a transi\u00e7\u00e3o geracional de uma fam\u00edlia musical | Cultura","description":"A Casa Ramil, espet\u00e1culo musical que vem se apresentando em cidades brasileiras, \u00e9 um caso raro de sucesso de cr\u00edtica e de p\u00fablico. No \u00faltimo fim de semana de agosto, lotou por duas noites seguidas os 900 lugares do Teatro Ademir Rosa em Floripa. S\u00e3o sete figuras no palco, seis homens e uma mulher, v\u00e1rios","inLanguage":"pt-BR","isPartOf":{"@id":"https:\/\/www.jornalja.com.br\/cultura\/#website"},"breadcrumb":{"@id":"https:\/\/www.jornalja.com.br\/cultura\/casa-ramil-a-transicao-geracional-de-uma-familia-musical\/#breadcrumblist"},"author":{"@id":"https:\/\/www.jornalja.com.br\/cultura\/author\/elmar\/#author"},"creator":{"@id":"https:\/\/www.jornalja.com.br\/cultura\/author\/elmar\/#author"},"image":{"@type":"ImageObject","url":"https:\/\/www.jornalja.com.br\/cultura\/wp-content\/uploads\/sites\/2\/2026\/09\/ramil-gh.jpg","@id":"https:\/\/www.jornalja.com.br\/cultura\/casa-ramil-a-transicao-geracional-de-uma-familia-musical\/#mainImage","width":1200,"height":1600},"primaryImageOfPage":{"@id":"https:\/\/www.jornalja.com.br\/cultura\/casa-ramil-a-transicao-geracional-de-uma-familia-musical\/#mainImage"},"datePublished":"2026-09-03T09:35:27-03:00","dateModified":"2026-09-03T09:35:28-03:00"},{"@type":"WebSite","@id":"https:\/\/www.jornalja.com.br\/cultura\/#website","url":"https:\/\/www.jornalja.com.br\/cultura\/","name":"Cultura","description":"Jornal J\u00c1 | Porto Alegre","inLanguage":"pt-BR","publisher":{"@id":"https:\/\/www.jornalja.com.br\/cultura\/#organization"}}]},"og:locale":"pt_BR","og:site_name":"Cultura","og:type":"article","og:title":"Casa Ramil: a transi\u00e7\u00e3o geracional de uma fam\u00edlia musical | Cultura","og:description":"A Casa Ramil, espet\u00e1culo musical que vem se apresentando em cidades brasileiras, \u00e9 um caso raro de sucesso de cr\u00edtica e de p\u00fablico. No \u00faltimo fim de semana de agosto, lotou por duas noites seguidas os 900 lugares do Teatro Ademir Rosa em Floripa. S\u00e3o sete figuras no palco, seis homens e uma mulher, v\u00e1rios","og:url":"https:\/\/www.jornalja.com.br\/cultura\/casa-ramil-a-transicao-geracional-de-uma-familia-musical\/","og:image":"https:\/\/www.jornalja.com.br\/economics\/wp-content\/uploads\/sites\/11\/2026\/08\/ja-folhaderosto-facebook.jpg","og:image:secure_url":"https:\/\/www.jornalja.com.br\/economics\/wp-content\/uploads\/sites\/11\/2026\/08\/ja-folhaderosto-facebook.jpg","article:published_time":"2026-09-03T12:35:27+00:00","article:modified_time":"2026-09-03T12:35:28+00:00","article:publisher":"https:\/\/www.facebook.com\/jornaljanaweb","twitter:card":"summary","twitter:site":"@jornal_ja","twitter:title":"Casa Ramil: a transi\u00e7\u00e3o geracional de uma fam\u00edlia musical | Cultura","twitter:description":"A Casa Ramil, espet\u00e1culo musical que vem se apresentando em cidades brasileiras, \u00e9 um caso raro de sucesso de cr\u00edtica e de p\u00fablico. No \u00faltimo fim de semana de agosto, lotou por duas noites seguidas os 900 lugares do Teatro Ademir Rosa em Floripa. S\u00e3o sete figuras no palco, seis homens e uma mulher, v\u00e1rios","twitter:image":"https:\/\/www.jornalja.com.br\/economics\/wp-content\/uploads\/sites\/11\/2026\/08\/ja-folhaderosto-facebook.jpg"},"aioseo_meta_data":{"post_id":"92430","title":null,"description":null,"keywords":null,"keyphrases":{"focus":{"keyphrase":"","score":0,"analysis":{"keyphraseInTitle":{"score":0,"maxScore":9,"error":1}}},"additional":[]},"primary_term":null,"canonical_url":null,"og_title":null,"og_description":null,"og_object_type":"default","og_image_type":"default","og_image_url":null,"og_image_width":null,"og_image_height":null,"og_image_custom_url":null,"og_image_custom_fields":null,"og_video":"","og_custom_url":null,"og_article_section":null,"og_article_tags":null,"twitter_use_og":false,"twitter_card":"default","twitter_image_type":"default","twitter_image_url":null,"twitter_image_custom_url":null,"twitter_image_custom_fields":null,"twitter_title":null,"twitter_description":null,"schema":{"blockGraphs":[],"customGraphs":[],"default":{"data":{"Article":[],"Course":[],"Dataset":[],"FAQPage":[],"Movie":[],"Person":[],"Product":[],"ProductReview":[],"Car":[],"Recipe":[],"Service":[],"SoftwareApplication":[],"WebPage":[]},"graphName":"Article","isEnabled":true},"graphs":[]},"schema_type":"default","schema_type_options":null,"pillar_content":false,"robots_default":true,"robots_noindex":false,"robots_noarchive":false,"robots_nosnippet":false,"robots_nofollow":false,"robots_noimageindex":false,"robots_noodp":false,"robots_notranslate":false,"robots_max_snippet":"-1","robots_max_videopreview":"-1","robots_max_imagepreview":"large","priority":null,"frequency":"default","location":null,"local_seo":null,"breadcrumb_settings":null,"limit_modified_date":false,"ai":{"faqs":[],"keyPoints":[],"schemas":[],"titles":[],"descriptions":[],"socialPosts":{"email":{"subject":"","preview":"","content":""},"linkedin":[],"twitter":[],"facebook":[],"instagram":[]}},"created":"2026-09-03 12:26:13","updated":"2026-09-03 12:35:28","seo_analyzer_scan_date":null,"focus_keyword":null,"additional_keywords":null,"truseo_locale":null},"jetpack_publicize_connections":[],"jetpack-related-posts":[{"id":79281,"url":"https:\/\/www.jornalja.com.br\/cultura\/em-afluencia-danca-musica-artes-visuais-e-experimentacoes-no-teatro-glenio-peres\/","url_meta":{"origin":92430,"position":0},"title":"Em &quot;Aflu\u00eancia&quot; dan\u00e7a, m\u00fasica, artes visuais e experimenta\u00e7\u00f5es, no Teatro Gl\u00eanio Peres","author":"da Reda\u00e7\u00e3o","date":"18 de novembro de 2019","format":false,"excerpt":"\"Aflu\u00eancia\" \u00e9 um espet\u00e1culo h\u00edbrido. N\u00e3o h\u00e1 centro, h\u00e1 uma esp\u00e9cie de conflu\u00eancia cont\u00ednua de express\u00f5es art\u00edsticas, criando a coreografia do espet\u00e1culo e colocando diferentes vis\u00f5es em di\u00e1logo. As cenas, como met\u00e1foras, sugerem que cada sujeito, centro do seu universo de rela\u00e7\u00f5es, crie as suas imagens e significados. Assim, o\u2026","rel":"","context":"Em &quot;Cultura-MAT\u00c9RIA&quot;","block_context":{"text":"Cultura-MAT\u00c9RIA","link":"https:\/\/www.jornalja.com.br\/cultura\/category\/materiasecundaria\/"},"img":{"alt_text":"","src":"https:\/\/i0.wp.com\/www.jornalja.com.br\/wp-content\/uploads\/2019\/11\/arte-Aflu%C3%AAncia.-Sala-Alvaro-Moreyra.-Foto-de-Renata-Hilal.2-300x450.jpg?resize=350%2C200&ssl=1","width":350,"height":200},"classes":[]},{"id":75488,"url":"https:\/\/www.jornalja.com.br\/cultura\/noite-de-ian-ramil-idowu-fela-in-motion-e-ddj-ge-powers-no-casa-expandida\/","url_meta":{"origin":92430,"position":1},"title":"Noite de Ian Ramil, Idowu &amp; Fela In Motion e dDJ G\u00ea Powers, no Casa Expandida","author":"da Reda\u00e7\u00e3o","date":"22 de julho de 2019","format":false,"excerpt":"O s\u00e1bado, dia 03 de agosto, ser\u00e1 novamente de arte at\u00e9 altas horas na Casa de Cultura Mario Quintana (CCMQ). O projeto Casa Expandida deixa todos os espa\u00e7os da CCMQ abertos at\u00e9 a meia-noite, oferecendo ao p\u00fablico uma alternativa cultural gratuita sempre no primeiro s\u00e1bado de cada m\u00eas. A partir\u2026","rel":"","context":"Em &quot;Cultura-MAT\u00c9RIA&quot;","block_context":{"text":"Cultura-MAT\u00c9RIA","link":"https:\/\/www.jornalja.com.br\/cultura\/category\/materiasecundaria\/"},"img":{"alt_text":"Foto; Tuane\/ Divulga\u00e7\u00e3o","src":"https:\/\/i0.wp.com\/www.jornalja.com.br\/wp-content\/uploads\/2019\/07\/arte-casa-site_IanRamil_fotoTuaneEggers-450x300.jpg?resize=350%2C200&ssl=1","width":350,"height":200},"classes":[]},{"id":82506,"url":"https:\/\/www.jornalja.com.br\/cultura\/no-canto-de-juliana-cortes-jazz-world-music-e-musica-contemporanea-brasileira\/","url_meta":{"origin":92430,"position":2},"title":"No canto de Juliana Cortes &#8211; jazz, world music e m\u00fasica contempor\u00e2nea brasileira","author":"da Reda\u00e7\u00e3o","date":"13 de agosto de 2020","format":false,"excerpt":"Com uma mistura de jazz, world music e m\u00fasica contempor\u00e2nea brasileira, a cantora curitibana Juliana Cortes \u00e9 destaque no pr\u00f3ximo dia 20 de agosto, quinta-feira, na programa\u00e7\u00e3o virtual do projeto Mistura Fina - M\u00fasica para Fugir do Tr\u00e2nsito. A transmiss\u00e3o \u00e9 feita pelo link: www.facebook.com\/misturafinamusica\/, a partir das\u00a018h30min. A iniciativa\u2026","rel":"","context":"Em &quot;Cultura-MAT\u00c9RIA&quot;","block_context":{"text":"Cultura-MAT\u00c9RIA","link":"https:\/\/www.jornalja.com.br\/cultura\/category\/materiasecundaria\/"},"img":{"alt_text":"","src":"https:\/\/i0.wp.com\/www.jornalja.com.br\/cultura\/wp-content\/uploads\/sites\/2\/2020\/08\/juliana-flores.jpg?resize=350%2C200&ssl=1","width":350,"height":200,"srcset":"https:\/\/i0.wp.com\/www.jornalja.com.br\/cultura\/wp-content\/uploads\/sites\/2\/2020\/08\/juliana-flores.jpg?resize=350%2C200&ssl=1 1x, https:\/\/i0.wp.com\/www.jornalja.com.br\/cultura\/wp-content\/uploads\/sites\/2\/2020\/08\/juliana-flores.jpg?resize=525%2C300&ssl=1 1.5x"},"classes":[]},{"id":91081,"url":"https:\/\/www.jornalja.com.br\/cultura\/voz-violao-e-poesia-ian-ramil-e-atracao-no-mistura-fina-em-porto-alegre\/","url_meta":{"origin":92430,"position":3},"title":"Voz, viol\u00e3o e poesia: Ian Ramil \u00e9 atra\u00e7\u00e3o no Mistura Fina em Porto Alegre","author":"Higino Barros","date":"20 de junho de 2025","format":false,"excerpt":"Show em formato voz e viol\u00e3o percorre diferentes fases da carreira do artista, com composi\u00e7\u00f5es autorais e releituras afetivas O cantor e compositor\u00a0Ian Ramil\u00a0apresenta, no dia\u00a026 de junho, \u00e0s\u00a019h, um show em formato voz e viol\u00e3o no\u00a0Teatro Oficina Olga Reverbel \u2013 Multipalco Eva Sopher. A apresenta\u00e7\u00e3o integra a programa\u00e7\u00e3o da\u2026","rel":"","context":"Em &quot;Cultura-MAT\u00c9RIA&quot;","block_context":{"text":"Cultura-MAT\u00c9RIA","link":"https:\/\/www.jornalja.com.br\/cultura\/category\/materiasecundaria\/"},"img":{"alt_text":"","src":"https:\/\/i0.wp.com\/www.jornalja.com.br\/cultura\/wp-content\/uploads\/sites\/2\/2025\/06\/ramil.jpg?resize=350%2C200&ssl=1","width":350,"height":200,"srcset":"https:\/\/i0.wp.com\/www.jornalja.com.br\/cultura\/wp-content\/uploads\/sites\/2\/2025\/06\/ramil.jpg?resize=350%2C200&ssl=1 1x, https:\/\/i0.wp.com\/www.jornalja.com.br\/cultura\/wp-content\/uploads\/sites\/2\/2025\/06\/ramil.jpg?resize=525%2C300&ssl=1 1.5x, https:\/\/i0.wp.com\/www.jornalja.com.br\/cultura\/wp-content\/uploads\/sites\/2\/2025\/06\/ramil.jpg?resize=700%2C400&ssl=1 2x"},"classes":[]},{"id":84281,"url":"https:\/\/www.jornalja.com.br\/cultura\/biba-meira-e-seu-microscopicos-ritmos-de-uma-maquina-de-escrever\/","url_meta":{"origin":92430,"position":4},"title":"Biba Meira e seu &#8220;Microsc\u00f3picos Ritmos de uma M\u00e1quina de Escrever&#8221;","author":"da Reda\u00e7\u00e3o","date":"3 de agosto de 2021","format":false,"excerpt":"A baterista e percursionista Biba Meira est\u00e1 com financiamento coletivo para viabilizar seu segundo trabalho solo \u2018Microsc\u00f3picos Ritmos de uma M\u00e1quina de Escrever\u2019 O projeto est\u00e1 na plataforma Benfeitoria e o p\u00fablico pode conferir e participar de diversas formas. O prazo para contribuir \u00e9 at\u00e9 16 de agosto. Confira em:\u00a0www.benfeitoria.com\/bibameira\u2026","rel":"","context":"Em &quot;Cultura-MAT\u00c9RIA&quot;","block_context":{"text":"Cultura-MAT\u00c9RIA","link":"https:\/\/www.jornalja.com.br\/cultura\/category\/materiasecundaria\/"},"img":{"alt_text":"","src":"https:\/\/i0.wp.com\/www.jornalja.com.br\/cultura\/wp-content\/uploads\/sites\/2\/2021\/08\/biba-2018-07-22-208-bibameira-fotofernandachemale-scaled.jpg?resize=350%2C200&ssl=1","width":350,"height":200,"srcset":"https:\/\/i0.wp.com\/www.jornalja.com.br\/cultura\/wp-content\/uploads\/sites\/2\/2021\/08\/biba-2018-07-22-208-bibameira-fotofernandachemale-scaled.jpg?resize=350%2C200&ssl=1 1x, https:\/\/i0.wp.com\/www.jornalja.com.br\/cultura\/wp-content\/uploads\/sites\/2\/2021\/08\/biba-2018-07-22-208-bibameira-fotofernandachemale-scaled.jpg?resize=525%2C300&ssl=1 1.5x, https:\/\/i0.wp.com\/www.jornalja.com.br\/cultura\/wp-content\/uploads\/sites\/2\/2021\/08\/biba-2018-07-22-208-bibameira-fotofernandachemale-scaled.jpg?resize=700%2C400&ssl=1 2x, https:\/\/i0.wp.com\/www.jornalja.com.br\/cultura\/wp-content\/uploads\/sites\/2\/2021\/08\/biba-2018-07-22-208-bibameira-fotofernandachemale-scaled.jpg?resize=1050%2C600&ssl=1 3x, https:\/\/i0.wp.com\/www.jornalja.com.br\/cultura\/wp-content\/uploads\/sites\/2\/2021\/08\/biba-2018-07-22-208-bibameira-fotofernandachemale-scaled.jpg?resize=1400%2C800&ssl=1 4x"},"classes":[]},{"id":84421,"url":"https:\/\/www.jornalja.com.br\/cultura\/aceleradora-lanceiros-negros-promove-live-destacando-a-cena-musical-afro-gaucha\/","url_meta":{"origin":92430,"position":5},"title":"Aceleradora Lanceiros Negros promove live destacando a cena musical afro-ga\u00facha","author":"da Reda\u00e7\u00e3o","date":"17 de agosto de 2021","format":false,"excerpt":"\u00a0 \u00a0 Ser\u00e1 realizada nesta quinta-feira, dia 19 de agosto, \u00e0s 20h30min, a segunda live do projeto Aceleradora Lanceiros Negros. \u00a0Participam, como convidados, o rapper Rafa Rafuagi; a cantora e soci\u00f3loga Nina Fola, \u00a0e o rapper\u00a0e\u00a0beatmaker,\u00a0Zilla, com a tem\u00e1tica \u201cCena musical Afro-Ga\u00facha\u201d. A media\u00e7\u00e3o \u00e9 da comunicadora\u00a0Mall\u00ea Barcelos, com transmiss\u00e3o\u2026","rel":"","context":"Em &quot;Cultura-MAT\u00c9RIA&quot;","block_context":{"text":"Cultura-MAT\u00c9RIA","link":"https:\/\/www.jornalja.com.br\/cultura\/category\/materiasecundaria\/"},"img":{"alt_text":"","src":"https:\/\/i0.wp.com\/www.jornalja.com.br\/cultura\/wp-content\/uploads\/sites\/2\/2021\/08\/lanceiros.jpg?resize=350%2C200&ssl=1","width":350,"height":200,"srcset":"https:\/\/i0.wp.com\/www.jornalja.com.br\/cultura\/wp-content\/uploads\/sites\/2\/2021\/08\/lanceiros.jpg?resize=350%2C200&ssl=1 1x, https:\/\/i0.wp.com\/www.jornalja.com.br\/cultura\/wp-content\/uploads\/sites\/2\/2021\/08\/lanceiros.jpg?resize=525%2C300&ssl=1 1.5x, https:\/\/i0.wp.com\/www.jornalja.com.br\/cultura\/wp-content\/uploads\/sites\/2\/2021\/08\/lanceiros.jpg?resize=700%2C400&ssl=1 2x, https:\/\/i0.wp.com\/www.jornalja.com.br\/cultura\/wp-content\/uploads\/sites\/2\/2021\/08\/lanceiros.jpg?resize=1050%2C600&ssl=1 3x, https:\/\/i0.wp.com\/www.jornalja.com.br\/cultura\/wp-content\/uploads\/sites\/2\/2021\/08\/lanceiros.jpg?resize=1400%2C800&ssl=1 4x"},"classes":[]}],"jetpack_shortlink":"https:\/\/wp.me\/pbKnZc-o2O","jetpack_sharing_enabled":true,"jetpack_featured_media_url":"https:\/\/www.jornalja.com.br\/cultura\/wp-content\/uploads\/sites\/2\/2026\/09\/ramil-gh.jpg","_links":{"self":[{"href":"https:\/\/www.jornalja.com.br\/cultura\/wp-json\/wp\/v2\/posts\/92430","targetHints":{"allow":["GET"]}}],"collection":[{"href":"https:\/\/www.jornalja.com.br\/cultura\/wp-json\/wp\/v2\/posts"}],"about":[{"href":"https:\/\/www.jornalja.com.br\/cultura\/wp-json\/wp\/v2\/types\/post"}],"author":[{"embeddable":true,"href":"https:\/\/www.jornalja.com.br\/cultura\/wp-json\/wp\/v2\/users\/5"}],"replies":[{"embeddable":true,"href":"https:\/\/www.jornalja.com.br\/cultura\/wp-json\/wp\/v2\/comments?post=92430"}],"version-history":[{"count":1,"href":"https:\/\/www.jornalja.com.br\/cultura\/wp-json\/wp\/v2\/posts\/92430\/revisions"}],"predecessor-version":[{"id":92432,"href":"https:\/\/www.jornalja.com.br\/cultura\/wp-json\/wp\/v2\/posts\/92430\/revisions\/92432"}],"wp:featuredmedia":[{"embeddable":true,"href":"https:\/\/www.jornalja.com.br\/cultura\/wp-json\/wp\/v2\/media\/92431"}],"wp:attachment":[{"href":"https:\/\/www.jornalja.com.br\/cultura\/wp-json\/wp\/v2\/media?parent=92430"}],"wp:term":[{"taxonomy":"category","embeddable":true,"href":"https:\/\/www.jornalja.com.br\/cultura\/wp-json\/wp\/v2\/categories?post=92430"},{"taxonomy":"post_tag","embeddable":true,"href":"https:\/\/www.jornalja.com.br\/cultura\/wp-json\/wp\/v2\/tags?post=92430"}],"curies":[{"name":"wp","href":"https:\/\/api.w.org\/{rel}","templated":true}]}}