{"id":1455,"date":"2025-01-03T18:30:38","date_gmt":"2025-01-03T21:30:38","guid":{"rendered":"https:\/\/www.jornalja.com.br\/economics\/?p=1455"},"modified":"2025-01-03T18:30:38","modified_gmt":"2025-01-03T21:30:38","slug":"caminhos-tortuosos-do-dolar","status":"publish","type":"post","link":"https:\/\/www.jornalja.com.br\/economics\/caminhos-tortuosos-do-dolar\/","title":{"rendered":"Caminhos tortuosos do d\u00f3lar"},"content":{"rendered":"<p><span style=\"font-size: 12pt\">Quem garante que o d\u00f3lar estadunidense continue como moeda de refer\u00eancia no com\u00e9rcio internacional nas pr\u00f3ximas d\u00e9cadas? Economistas de peso como Joseph Stiglitz, Nobel de economia e professor da Universidade de Columbia, ressaltam a import\u00e2ncia de ter uma nova moeda independente como reserva mundial que tomasse o lugar do d\u00f3lar. Ela n\u00e3o dependeria do desempenho econ\u00f4mico de nenhum pa\u00eds, provocando em tese mais estabilidade ao sistema monet\u00e1rio internacional.<\/span><\/p>\n<p><span style=\"font-size: 12pt\">A participa\u00e7\u00e3o do d\u00f3lar estadunidense nas reservas cambiais globais caiu para o menor n\u00edvel em quase 30 anos, de acordo com o levantamento do Fundo Monet\u00e1rio Internacional (FMI) sobre a Composi\u00e7\u00e3o em Moedas das Reservas Cambiais Oficiais (COFER), que corresponde a uma base de dados que cont\u00e9m informa\u00e7\u00f5es trimestrais de 149 pa\u00edses\/jurisdi\u00e7\u00f5es, representando at\u00e9 93% das reservas cambiais globais, com a identifica\u00e7\u00e3o separada em v\u00e1rias moedas.<\/span><\/p>\n<p><span style=\"font-size: 12pt\">As estat\u00edsticas monitoradas pela institui\u00e7\u00e3o sediada em Washington mostram que a participa\u00e7\u00e3o do d\u00f3lar nas reservas oficiais caiu 0,85% entre julho e setembro de 2024, e agora est\u00e1 em 57,4% \u2014 seu menor n\u00edvel desde 1995. O FMI n\u00e3o fornece estat\u00edsticas para anos anteriores.<\/span><\/p>\n<p><span style=\"font-size: 12pt\">O FMI sinalizou a tend\u00eancia em junho de 2024, quando observou em um blog oficial que o decl\u00ednio do d\u00f3lar estava ocorrendo em meio a esfor\u00e7os de diversifica\u00e7\u00e3o por pa\u00edses ao redor do mundo. Por exemplo, enquanto os dados mostram que a participa\u00e7\u00e3o do d\u00f3lar tem ca\u00eddo constantemente nos \u00faltimos tr\u00eas trimestres, a participa\u00e7\u00e3o de moedas \u201cn\u00e3o tradicionais\u201d ganha terreno.<\/span><\/p>\n<p><span style=\"font-size: 12pt\">De acordo com dados de setembro de 2024, os pa\u00edses integrantes do bloco econ\u00f4mico BRICS est\u00e3o agora usando moedas nacionais em 65% dos acordos comerciais m\u00fatuos. Em um discurso na c\u00fapula do BRICS em Kazan em outubro de 2024, o presidente russo Vladimir Putin alertou que o uso pol\u00edtico do d\u00f3lar por Washington por meio de san\u00e7\u00f5es e nega\u00e7\u00e3o de acesso dos pa\u00edses ao sistema financeiro ocidental foi um \u201cgrande erro\u201d que os for\u00e7ar\u00e1 \u201ca procurar outras alternativas, que \u00e9 o que est\u00e1 acontecendo\u201d.<\/span><\/p>\n<p><span style=\"font-size: 12pt\"><em>T\u00edtulos chineses em d\u00f3lar<\/em><\/span><\/p>\n<p><span style=\"font-size: 12pt\">E agora a China emite t\u00edtulos em d\u00f3lar na Ar\u00e1bia Saudita, oferecendo alternativas de investimento para os excedentes financeiros do reino. Essa iniciativa permite que a Ar\u00e1bia Saudita diversifique seus investimentos e reduza a depend\u00eancia dos mercados financeiros ocidentais.<\/span><\/p>\n<p><span style=\"font-size: 12pt\">O Minist\u00e9rio das Finan\u00e7as da China, com aux\u00edlio dos bancos do pa\u00eds, afirmou recentemente que vendeu t\u00edtulos de d\u00edvida denominados em d\u00f3lar no mercado financeiro de Riad, capital da Ar\u00e1bia Saudita. O valor anunciado da emiss\u00e3o foi de US$ 2 bilh\u00f5es (cerca de R$ 12 bilh\u00f5es), um valor m\u00ednimo, que serve mais como teste na regi\u00e3o. A emiss\u00e3o foi um sucesso, quase 20 vezes mais subscrita.<\/span><\/p>\n<p><span style=\"font-size: 12pt\">Esta foi a primeira transi\u00e7\u00e3o de t\u00edtulo soberano da China emitido e negociado no Oriente M\u00e9dio. A venda significa que Pequim emitiu uma \u201cd\u00edvida externa\u201d em d\u00f3lares ao inv\u00e9s de emitir \u201cd\u00edvida interna\u201d na sua pr\u00f3pria moeda, a Renminbi.<\/span><\/p>\n<p><span style=\"font-size: 12pt\">Agora, a Ar\u00e1bia Saudita pode utilizar seus petrod\u00f3lares em um investimento oferecido pelo governo chin\u00eas. Dessa forma, eles t\u00eam a seguran\u00e7a de manter investimentos em d\u00f3lar, n\u00e3o em moeda chinesa, mas tamb\u00e9m est\u00e3o livres da influ\u00eancia dos Estados Unidos e suas amea\u00e7as e san\u00e7\u00f5es.<\/span><\/p>\n<p><span style=\"font-size: 12pt\">Embora a escolha da Ar\u00e1bia Saudita seja incomum \u2014 Hong Kong, Nova York e Londres s\u00e3o as escolhas tradicionais para as emiss\u00f5es de t\u00edtulos soberanos denominados em d\u00f3lares da China \u2014 ela marca la\u00e7os crescentes entre o reino e a China. No in\u00edcio deste ano, a Investcorp, o maior investidor alternativo do Oriente M\u00e9dio, criou um fundo de US$ 1 bilh\u00e3o com investidores da China Investment Corp., um fundo soberano chin\u00eas. Em 2025, a operadora da bolsa de valores de Hong Kong abrir\u00e1 um escrit\u00f3rio na capital saudita, Riad.<\/span><\/p>\n<p><span style=\"font-size: 12pt\">Empresas chinesas est\u00e3o envolvidas em diversos projetos de infraestrutura na Ar\u00e1bia Saudita, contribuindo para a constru\u00e7\u00e3o de instala\u00e7\u00f5es industriais e de transporte que apoiam a diversifica\u00e7\u00e3o econ\u00f4mica prevista na Vis\u00e3o 2030 do pa\u00eds, que inclui a constru\u00e7\u00e3o de uma megacidade que pode exigir mais de um trilh\u00e3o de d\u00f3lares.<\/span><\/p>\n<p><span style=\"font-size: 12pt\">A Ar\u00e1bia Saudita busca fortalecer a coopera\u00e7\u00e3o com a China na ind\u00fastria verde, reconhecendo a lideran\u00e7a chinesa em tecnologias de energia renov\u00e1vel, ve\u00edculos el\u00e9tricos e rob\u00f3tica. O ministro das Finan\u00e7as saudita, Mohammed Al-Jadaan, destacou a import\u00e2ncia dessa parceria para o desenvolvimento sustent\u00e1vel do reino.<\/span><\/p>\n<p><span style=\"font-size: 12pt\"><em>Com Global Times, Nikkei Asia e Xinhua\u00a0<\/em><\/span><\/p>\n<p>&nbsp;<\/p>\n","protected":false},"excerpt":{"rendered":"<p>Quem garante que o d\u00f3lar estadunidense continue como moeda de refer\u00eancia no com\u00e9rcio internacional nas pr\u00f3ximas d\u00e9cadas? Economistas de peso como Joseph Stiglitz, Nobel de economia e professor da Universidade de Columbia, ressaltam a import\u00e2ncia de ter uma nova moeda independente como reserva mundial que tomasse o lugar do d\u00f3lar. Ela n\u00e3o dependeria do desempenho [&hellip;]<\/p>\n","protected":false},"author":9,"featured_media":0,"comment_status":"closed","ping_status":"open","sticky":false,"template":"","format":"standard","meta":{"jetpack_post_was_ever_published":false,"_jetpack_newsletter_access":"","_jetpack_dont_email_post_to_subs":false,"_jetpack_newsletter_tier_id":0,"_jetpack_memberships_contains_paywalled_content":false,"_jetpack_memberships_contains_paid_content":false,"footnotes":"","jetpack_publicize_message":"","jetpack_publicize_feature_enabled":true,"jetpack_social_post_already_shared":false,"jetpack_social_options":{"image_generator_settings":{"template":"highway","default_image_id":0,"font":"","enabled":false},"version":2}},"categories":[1],"tags":[],"class_list":["post-1455","post","type-post","status-publish","format-standard","hentry","category-sem-categoria"],"aioseo_notices":[],"jetpack_publicize_connections":[],"jetpack_featured_media_url":"","jetpack-related-posts":[{"id":2008,"url":"https:\/\/www.jornalja.com.br\/economics\/guerra-contra-ira-derruba-titulos-da-divida-dos-eua\/","url_meta":{"origin":1455,"position":0},"title":"Guerra contra Ir\u00e3 derruba t\u00edtulos da d\u00edvida dos EUA","author":"S\u00e9rgio Lagranha","date":"3 de abril de 2026","format":false,"excerpt":"A guerra dos Estados Unidos (EUA) e Israel contra o Ir\u00e3 provocou forte volatilidade no mercado financeiro. Bancos centrais de v\u00e1rios pa\u00edses \u2014 principalmente exportadores de petr\u00f3leo do Oriente M\u00e9dio \u2014 cortaram de forma dr\u00e1stica as reservas de Treasuries (t\u00edtulos do Tesouro dos EUA) que mant\u00eam no Federal Reserve (Fed,\u2026","rel":"","context":"Em &quot;Sem categoria&quot;","block_context":{"text":"Sem categoria","link":"https:\/\/www.jornalja.com.br\/economics\/category\/sem-categoria\/"},"img":{"alt_text":"","src":"https:\/\/i0.wp.com\/www.jornalja.com.br\/economics\/wp-content\/uploads\/sites\/11\/2026\/04\/conflito-eua-israel-ira.jpg?resize=350%2C200&ssl=1","width":350,"height":200,"srcset":"https:\/\/i0.wp.com\/www.jornalja.com.br\/economics\/wp-content\/uploads\/sites\/11\/2026\/04\/conflito-eua-israel-ira.jpg?resize=350%2C200&ssl=1 1x, https:\/\/i0.wp.com\/www.jornalja.com.br\/economics\/wp-content\/uploads\/sites\/11\/2026\/04\/conflito-eua-israel-ira.jpg?resize=525%2C300&ssl=1 1.5x, https:\/\/i0.wp.com\/www.jornalja.com.br\/economics\/wp-content\/uploads\/sites\/11\/2026\/04\/conflito-eua-israel-ira.jpg?resize=700%2C400&ssl=1 2x"},"classes":[]},{"id":2012,"url":"https:\/\/www.jornalja.com.br\/economics\/controle-do-estreito-de-ormuz-e-a-arma-mais-poderosa-do-ira\/","url_meta":{"origin":1455,"position":1},"title":"Controle do Estreito de Ormuz \u00e9 a arma mais poderosa do Ir\u00e3","author":"S\u00e9rgio Lagranha","date":"10 de abril de 2026","format":false,"excerpt":"Neste momento, a situa\u00e7\u00e3o no Estreito de Ormuz \u00e9 definida por uma\u00a0reabertura fr\u00e1gil e sob forte restri\u00e7\u00e3o iraniana, ap\u00f3s um duvidoso cessar-fogo de duas semanas, anunciado na noite de\u00a0ter\u00e7a-feira, 7 de abril, por Ir\u00e3 e os Estados Unidos (EUA), com intermedia\u00e7\u00e3o do Paquist\u00e3o. O acordo n\u00e3o foi seguido por Israel,\u2026","rel":"","context":"Em &quot;Sem categoria&quot;","block_context":{"text":"Sem categoria","link":"https:\/\/www.jornalja.com.br\/economics\/category\/sem-categoria\/"},"img":{"alt_text":"","src":"https:\/\/i0.wp.com\/www.jornalja.com.br\/economics\/wp-content\/uploads\/sites\/11\/2026\/04\/conflito-eua-israel-ira5.jpg?resize=350%2C200&ssl=1","width":350,"height":200,"srcset":"https:\/\/i0.wp.com\/www.jornalja.com.br\/economics\/wp-content\/uploads\/sites\/11\/2026\/04\/conflito-eua-israel-ira5.jpg?resize=350%2C200&ssl=1 1x, https:\/\/i0.wp.com\/www.jornalja.com.br\/economics\/wp-content\/uploads\/sites\/11\/2026\/04\/conflito-eua-israel-ira5.jpg?resize=525%2C300&ssl=1 1.5x, https:\/\/i0.wp.com\/www.jornalja.com.br\/economics\/wp-content\/uploads\/sites\/11\/2026\/04\/conflito-eua-israel-ira5.jpg?resize=700%2C400&ssl=1 2x"},"classes":[]},{"id":2025,"url":"https:\/\/www.jornalja.com.br\/economics\/estreito-de-ormuz-esta-liberado-pelo-ira-e-um-acordo-volta-a-ser-discutido\/","url_meta":{"origin":1455,"position":2},"title":"Abertura do Estreito de Ormuz dura um dia e volta o controle rigoroso","author":"S\u00e9rgio Lagranha","date":"17 de abril de 2026","format":false,"excerpt":"\u00a0Nesta sexta-feira, 17 de abril, o Ir\u00e3 anunciou que permitiria a\u00a0passagem de\u00a0\"todos os navios comerciais\"\u00a0pelo estrat\u00e9gico Estreito de Ormuz, onde passam 20% da produ\u00e7\u00e3o global de petr\u00f3leo e g\u00e1s natural liquefeito (GNL), ap\u00f3s a declara\u00e7\u00e3o de um cessar-fogo de 10 dias entre Israel e L\u00edbano. J\u00e1 no s\u00e1bado o Ir\u00e3\u2026","rel":"","context":"Em &quot;Sem categoria&quot;","block_context":{"text":"Sem categoria","link":"https:\/\/www.jornalja.com.br\/economics\/category\/sem-categoria\/"},"img":{"alt_text":"","src":"https:\/\/i0.wp.com\/www.jornalja.com.br\/economics\/wp-content\/uploads\/sites\/11\/2026\/04\/ilustracao-ormuz2.jpg?resize=350%2C200&ssl=1","width":350,"height":200,"srcset":"https:\/\/i0.wp.com\/www.jornalja.com.br\/economics\/wp-content\/uploads\/sites\/11\/2026\/04\/ilustracao-ormuz2.jpg?resize=350%2C200&ssl=1 1x, https:\/\/i0.wp.com\/www.jornalja.com.br\/economics\/wp-content\/uploads\/sites\/11\/2026\/04\/ilustracao-ormuz2.jpg?resize=525%2C300&ssl=1 1.5x, https:\/\/i0.wp.com\/www.jornalja.com.br\/economics\/wp-content\/uploads\/sites\/11\/2026\/04\/ilustracao-ormuz2.jpg?resize=700%2C400&ssl=1 2x, https:\/\/i0.wp.com\/www.jornalja.com.br\/economics\/wp-content\/uploads\/sites\/11\/2026\/04\/ilustracao-ormuz2.jpg?resize=1050%2C600&ssl=1 3x, https:\/\/i0.wp.com\/www.jornalja.com.br\/economics\/wp-content\/uploads\/sites\/11\/2026\/04\/ilustracao-ormuz2.jpg?resize=1400%2C800&ssl=1 4x"},"classes":[]},{"id":2051,"url":"https:\/\/www.jornalja.com.br\/economics\/copom-reduz-taxa-de-juros-pero-no-mucho\/","url_meta":{"origin":1455,"position":3},"title":"Copom reduz taxa de juros, pero no mucho","author":"S\u00e9rgio Lagranha","date":"1 de maio de 2026","format":false,"excerpt":"O Comit\u00ea de Pol\u00edtica Monet\u00e1ria (Copom) do Banco Central (BC) reduziu a taxa b\u00e1sica de juros, a Selic, em 0,25 ponto percentual, de 14,75% para 14,50%, segundo corte dos juros iniciado na reuni\u00e3o de mar\u00e7o.\u00a0A desculpa por uma redu\u00e7\u00e3o t\u00e3o p\u00edfia \u00e9 o ambiente externo, que permanece incerto, em fun\u00e7\u00e3o\u2026","rel":"","context":"Em &quot;Sem categoria&quot;","block_context":{"text":"Sem categoria","link":"https:\/\/www.jornalja.com.br\/economics\/category\/sem-categoria\/"},"img":{"alt_text":"","src":"https:\/\/i0.wp.com\/www.jornalja.com.br\/economics\/wp-content\/uploads\/sites\/11\/2026\/05\/ilustracao-taxa-de-juros.jpg?resize=350%2C200&ssl=1","width":350,"height":200,"srcset":"https:\/\/i0.wp.com\/www.jornalja.com.br\/economics\/wp-content\/uploads\/sites\/11\/2026\/05\/ilustracao-taxa-de-juros.jpg?resize=350%2C200&ssl=1 1x, https:\/\/i0.wp.com\/www.jornalja.com.br\/economics\/wp-content\/uploads\/sites\/11\/2026\/05\/ilustracao-taxa-de-juros.jpg?resize=525%2C300&ssl=1 1.5x, https:\/\/i0.wp.com\/www.jornalja.com.br\/economics\/wp-content\/uploads\/sites\/11\/2026\/05\/ilustracao-taxa-de-juros.jpg?resize=700%2C400&ssl=1 2x, https:\/\/i0.wp.com\/www.jornalja.com.br\/economics\/wp-content\/uploads\/sites\/11\/2026\/05\/ilustracao-taxa-de-juros.jpg?resize=1050%2C600&ssl=1 3x, https:\/\/i0.wp.com\/www.jornalja.com.br\/economics\/wp-content\/uploads\/sites\/11\/2026\/05\/ilustracao-taxa-de-juros.jpg?resize=1400%2C800&ssl=1 4x"},"classes":[]},{"id":2038,"url":"https:\/\/www.jornalja.com.br\/economics\/minerais-criticos-como-controlar-da-mineracao-ao-refino\/","url_meta":{"origin":1455,"position":4},"title":"Minerais cr\u00edticos: como controlar da minera\u00e7\u00e3o ao refino","author":"S\u00e9rgio Lagranha","date":"24 de abril de 2026","format":false,"excerpt":"A venda anunciada esta semana da empresa brasileira Serra Verde, que atua com minera\u00e7\u00e3o de terras raras, pela empresa\u00a0USA Rare Earth (USAR), mineradora norte-americana,\u00a0em negocia\u00e7\u00e3o equivalente a\u00a0cerca de US$ 2,8 bilh\u00f5es, provocou um rebuli\u00e7o no setor de minera\u00e7\u00e3o nacional. Serra Verde\u00a0opera a mina de Pela Ema, em Mina\u00e7u (GO), a\u00a0\u00fanica\u2026","rel":"","context":"Em &quot;Sem categoria&quot;","block_context":{"text":"Sem categoria","link":"https:\/\/www.jornalja.com.br\/economics\/category\/sem-categoria\/"},"img":{"alt_text":"","src":"https:\/\/i0.wp.com\/www.jornalja.com.br\/economics\/wp-content\/uploads\/sites\/11\/2026\/04\/ilustracao-minerais-criticos2.jpg?resize=350%2C200&ssl=1","width":350,"height":200,"srcset":"https:\/\/i0.wp.com\/www.jornalja.com.br\/economics\/wp-content\/uploads\/sites\/11\/2026\/04\/ilustracao-minerais-criticos2.jpg?resize=350%2C200&ssl=1 1x, https:\/\/i0.wp.com\/www.jornalja.com.br\/economics\/wp-content\/uploads\/sites\/11\/2026\/04\/ilustracao-minerais-criticos2.jpg?resize=525%2C300&ssl=1 1.5x, https:\/\/i0.wp.com\/www.jornalja.com.br\/economics\/wp-content\/uploads\/sites\/11\/2026\/04\/ilustracao-minerais-criticos2.jpg?resize=700%2C400&ssl=1 2x"},"classes":[]},{"id":1997,"url":"https:\/\/www.jornalja.com.br\/economics\/guerra-no-oriente-medio-expoe-erros-na-venda-de-ativos-petrobras-parte-ii\/","url_meta":{"origin":1455,"position":5},"title":"Guerra no Oriente M\u00e9dio exp\u00f5e erros na venda de ativos Petrobras (Parte II)\u00a0","author":"S\u00e9rgio Lagranha","date":"20 de mar\u00e7o de 2026","format":false,"excerpt":"A guerra de Estados Unidos e Israel contra o Ir\u00e3, no Oriente M\u00e9dio, est\u00e1 escalando, com ataques no Golfo P\u00e9rsico que amea\u00e7am causar danos de longo prazo a importantes instala\u00e7\u00f5es de energia. O pre\u00e7o do barril de petr\u00f3leo Brent j\u00e1 est\u00e1 pr\u00f3ximo dos US$ 120,00 e pode chegar a US$\u2026","rel":"","context":"Em &quot;Sem categoria&quot;","block_context":{"text":"Sem categoria","link":"https:\/\/www.jornalja.com.br\/economics\/category\/sem-categoria\/"},"img":{"alt_text":"","src":"https:\/\/i0.wp.com\/www.jornalja.com.br\/economics\/wp-content\/uploads\/sites\/11\/2026\/03\/petrobras-fernando-frazao-ab.jpg?resize=350%2C200&ssl=1","width":350,"height":200,"srcset":"https:\/\/i0.wp.com\/www.jornalja.com.br\/economics\/wp-content\/uploads\/sites\/11\/2026\/03\/petrobras-fernando-frazao-ab.jpg?resize=350%2C200&ssl=1 1x, https:\/\/i0.wp.com\/www.jornalja.com.br\/economics\/wp-content\/uploads\/sites\/11\/2026\/03\/petrobras-fernando-frazao-ab.jpg?resize=525%2C300&ssl=1 1.5x, https:\/\/i0.wp.com\/www.jornalja.com.br\/economics\/wp-content\/uploads\/sites\/11\/2026\/03\/petrobras-fernando-frazao-ab.jpg?resize=700%2C400&ssl=1 2x, https:\/\/i0.wp.com\/www.jornalja.com.br\/economics\/wp-content\/uploads\/sites\/11\/2026\/03\/petrobras-fernando-frazao-ab.jpg?resize=1050%2C600&ssl=1 3x, https:\/\/i0.wp.com\/www.jornalja.com.br\/economics\/wp-content\/uploads\/sites\/11\/2026\/03\/petrobras-fernando-frazao-ab.jpg?resize=1400%2C800&ssl=1 4x"},"classes":[]}],"jetpack_shortlink":"https:\/\/wp.me\/pbMbUF-nt","jetpack_sharing_enabled":true,"_links":{"self":[{"href":"https:\/\/www.jornalja.com.br\/economics\/wp-json\/wp\/v2\/posts\/1455","targetHints":{"allow":["GET"]}}],"collection":[{"href":"https:\/\/www.jornalja.com.br\/economics\/wp-json\/wp\/v2\/posts"}],"about":[{"href":"https:\/\/www.jornalja.com.br\/economics\/wp-json\/wp\/v2\/types\/post"}],"author":[{"embeddable":true,"href":"https:\/\/www.jornalja.com.br\/economics\/wp-json\/wp\/v2\/users\/9"}],"replies":[{"embeddable":true,"href":"https:\/\/www.jornalja.com.br\/economics\/wp-json\/wp\/v2\/comments?post=1455"}],"version-history":[{"count":1,"href":"https:\/\/www.jornalja.com.br\/economics\/wp-json\/wp\/v2\/posts\/1455\/revisions"}],"predecessor-version":[{"id":1456,"href":"https:\/\/www.jornalja.com.br\/economics\/wp-json\/wp\/v2\/posts\/1455\/revisions\/1456"}],"wp:attachment":[{"href":"https:\/\/www.jornalja.com.br\/economics\/wp-json\/wp\/v2\/media?parent=1455"}],"wp:term":[{"taxonomy":"category","embeddable":true,"href":"https:\/\/www.jornalja.com.br\/economics\/wp-json\/wp\/v2\/categories?post=1455"},{"taxonomy":"post_tag","embeddable":true,"href":"https:\/\/www.jornalja.com.br\/economics\/wp-json\/wp\/v2\/tags?post=1455"}],"curies":[{"name":"wp","href":"https:\/\/api.w.org\/{rel}","templated":true}]}}