{"id":1567,"date":"2025-05-09T19:18:01","date_gmt":"2025-05-09T22:18:01","guid":{"rendered":"https:\/\/www.jornalja.com.br\/economics\/?p=1567"},"modified":"2025-05-12T10:16:36","modified_gmt":"2025-05-12T13:16:36","slug":"taxa-basica-de-juros-chega-a-assustadores-1475","status":"publish","type":"post","link":"https:\/\/www.jornalja.com.br\/economics\/taxa-basica-de-juros-chega-a-assustadores-1475\/","title":{"rendered":"Taxa b\u00e1sica de juros chega a assustadores 14,75%"},"content":{"rendered":"<p><span style=\"font-size: 12pt\">Como o mercado j\u00e1 tinha projetado desde os tempos de Campos Neto na presid\u00eancia do Banco Central (BC), no final de 2024, nesta semana a taxa b\u00e1sica de juros, a Selic, aumentou mais uma vez em 0,50 ponto percentual (p.p.), passando de 14,25% para 14,75% ao ano. Assim, o juro real do pa\u00eds, que \u00e9 formado basicamente pela taxa de juros nominal subtra\u00edda a infla\u00e7\u00e3o, ficou em 9,22%, enquanto o \u00cdndice Nacional de Pre\u00e7os ao Consumidor Amplo (IPCA) em 12 meses, at\u00e9 abril, chegou a 5,53%.<\/span><\/p>\n<p><span style=\"font-size: 12pt\">Esse ganho real de 9,22% pontos percentuais est\u00e1 entre os tr\u00eas maiores do mundo, pr\u00f3ximo da Turquia e R\u00fassia, pa\u00eds em guerra e com san\u00e7\u00f5es. Essa alta afeta especialmente os juros dos pap\u00e9is de renda fixa que acompanham o CDI (uma taxa que anda colada na Selic), como os Certificados de Dep\u00f3sito Banc\u00e1rio (CDBs) e as Letras de Cr\u00e9dito Agr\u00edcola e Imobili\u00e1rio (LCAs e LCIs), e aqueles que s\u00e3o atrelados \u00e0 Selic, como o t\u00edtulo do Tesouro Direto chamado de Tesouro Selic. Assim que o Copom eleva os juros, esses pap\u00e9is passam a remunerar mais os investidores.<\/span><\/p>\n<p><span style=\"font-size: 12pt\">As implica\u00e7\u00f5es da d\u00edvida p\u00fablica do governo federal s\u00e3o evidentes para a economia nacional. Pelos c\u00e1lculos do BC, para cada aumento de 1 ponto percentual da Selic, mantido por 12 meses, a eleva\u00e7\u00e3o da d\u00edvida \u00e9 de 0,45 ponto, ou R$ 54,2 bilh\u00f5es. J\u00e1 um aumento de 1 ponto na infla\u00e7\u00e3o, mantido por 12 meses, eleva a d\u00edvida em 0,16 ponto, ou R$ 19,8 bilh\u00f5es. A d\u00edvida l\u00edquida do setor p\u00fablico n\u00e3o financeiro ficou em 61,6% do Produto Interno Bruto (PIB) em mar\u00e7o passado (R$ 7,380 trilh\u00f5es).\u00a0<\/span><\/p>\n<p><span style=\"font-size: 12pt\">Os ganhos no sistema financeiro em detrimento ao trabalho remunerado provocam uma distor\u00e7\u00e3o facilmente verificada nos dados divulgados nesta quinta-feira (8) pelo Instituto Brasileiro de Geografia e Estat\u00edstica (IBGE), que mostram o quadro de desigualdade no pa\u00eds marcado por diferentes indicadores de renda.<\/span><\/p>\n<p><span style=\"font-size: 12pt\">O 1% da popula\u00e7\u00e3o com maiores rendimentos recebia o equivalente a 36,2 vezes o rendimento dos 40% de menor renda. Essa tamb\u00e9m foi a menor raz\u00e3o da s\u00e9rie da PNAD (Pesquisa Nacional por Amostra de Domic\u00edlios) Cont\u00ednua Rendimento de todas as fontes. O auge desse indicador (48,9 vezes) foi atingido em 2019. A disparidade permanece no pa\u00eds, apesar de esta ser a menor raz\u00e3o para o indicador desde 2012, in\u00edcio da s\u00e9rie hist\u00f3rica da PNAD.<\/span><\/p>\n<p><span style=\"font-size: 12pt\">O Comit\u00ea de Pol\u00edtica Monet\u00e1ria (Copom) do Banco Central iniciou o atual ciclo de alta da taxa Selic em setembro de 2024, quando a taxa estava em 10,50% ao ano. Naquela reuni\u00e3o, elevou a Selic em 0,25 ponto percentual, para 10,75% ao ano. Desde ent\u00e3o, ocorreram seis aumentos consecutivos, incluindo o mais recente esta semana (7), quando a Selic atingiu 14,75% ao ano \u2014 o maior patamar desde 2006.<\/span><\/p>\n<p><span style=\"font-size: 12pt\">Esse ciclo de aperto monet\u00e1rio foi motivado por press\u00f5es do mercado, legitimadas pela m\u00eddia corporativa, sempre usando a desculpa da infla\u00e7\u00e3o, defendendo as pol\u00edticas neoliberais, enquanto boa parte da popula\u00e7\u00e3o vive da m\u00e3o para boca. Na verdade, hoje a infla\u00e7\u00e3o \u00e9 praticamente a metade da taxa b\u00e1sica de juros, no acumulado de 12 meses. O argumento \u00e9 que est\u00e1 acima do teto da meta de 4,5% definida pelo Conselho Monet\u00e1rio Nacional (CMN).<\/span><\/p>\n<p><span style=\"font-size: 12pt\">Essa estrutura com margem de toler\u00e2ncia vem desde que o regime de metas foi adotado em 1999, per\u00edodo neoliberal de Fernando Henrique Cardoso na presid\u00eancia da Rep\u00fablica. A meta da infla\u00e7\u00e3o de 4,5% ao ano foi estabelecida pelo CMN em 2005 e permaneceu nesse patamar at\u00e9 2018. Em 2019, assume a presid\u00eancia Jair Bolsonaro, que provoca mais arrocho fiscal e reduz a meta de infla\u00e7\u00e3o para 4,25% a.a., com margem de 1,5 p.p. para menos ou para mais.<\/span><\/p>\n<p><span style=\"font-size: 12pt\">O \u201cNovo Regime Fiscal\u201d entrou em vigor em 31 de agosto de 2023, poucos meses de Luiz In\u00e1cio Lula da Silva na Presid\u00eancia. O Congresso conservador decide que o novo governo s\u00f3 poderia aumentar suas despesas de acordo com o aumento da arrecada\u00e7\u00e3o, com um limite de 70% do crescimento da receita real (ajustada pela infla\u00e7\u00e3o). Piso e teto para o crescimento das despesas fiscais, entre 0,6% e 2,5% ao ano. O objetivo, claro,\u00a0 \u00e9 garantir o pagamento dos juros da\u00a0 d\u00edvida p\u00fablica, com a desculpa de <\/span><span style=\"font-size: 12pt\">promover o equil\u00edbrio das contas p\u00fablicas.\u00a0\u00a0<\/span><\/p>\n<p><span style=\"font-size: 12pt\">Em 2024, o CMN muda a meta de infla\u00e7\u00e3o para 3%. \u00a0No entanto, esse valor n\u00e3o \u00e9 um ponto fixo e r\u00edgido: existe uma margem de toler\u00e2ncia de 1,5 ponto percentual para mais ou para menos, o que significa que a infla\u00e7\u00e3o pode variar entre 1,5% e 4,5% e ainda assim estar dentro da meta.<\/span><\/p>\n<p><span style=\"font-size: 12pt\">Sempre um conjunto de amarras provocadas por press\u00e3o do sistema de poder que impede o Brasil de crescer, evitando uma desconcentra\u00e7\u00e3o da renda, mais produ\u00e7\u00e3o, empregos, melhores sal\u00e1rios. Enfim, um mercado interno forte. \u00a0Ainda continuamos majoritariamente uma economia neocolonial agroexportadora de commodities.<\/span><\/p>\n<p class=\"\" data-start=\"0\" data-end=\"74\"><span style=\"font-size: 12pt\"><span class=\"relative -mx-px my-[-0.2rem] rounded px-px py-[0.2rem] transition-colors duration-100 ease-in-out\">Em 2024, os cinco principais produtos exportados pelo Brasil foram: <\/span><\/span><span style=\"font-size: 12pt\">\u00d3leos brutos de petr\u00f3leo ou de minerais betuminosos, crus \u2013 <span class=\"relative -mx-px my-[-0.2rem] rounded px-px py-[0.2rem] transition-colors duration-100 ease-in-out\">US$ 44,8 bilh\u00f5es; <\/span><\/span><span style=\"font-size: 12pt\">Soja \u2013 <span class=\"relative -mx-px my-[-0.2rem] rounded px-px py-[0.2rem] transition-colors duration-100 ease-in-out\">US$ 42,9 bilh\u00f5es; <\/span><\/span><span style=\"font-size: 12pt\">Min\u00e9rio de ferro e seus concentrados \u2013 <span class=\"relative -mx-px my-[-0.2rem] rounded px-px py-[0.2rem] transition-colors duration-100 ease-in-out\">US$ 29,8 bilh\u00f5es; <\/span><\/span><span style=\"font-size: 12pt\">A\u00e7\u00facares e mela\u00e7os \u2013 <span class=\"relative -mx-px my-[-0.2rem] rounded px-px py-[0.2rem] transition-colors duration-100 ease-in-out\">US$ 18,6 bilh\u00f5es; <\/span><\/span><span style=\"font-size: 12pt\">\u00d3leos combust\u00edveis de petr\u00f3leo ou de minerais betuminosos (exceto \u00f3leos brutos) \u2013 <span class=\"relative -mx-px my-[-0.2rem] rounded px-px py-[0.2rem] transition-colors duration-100 ease-in-out\">US$ 11,7 bilh\u00f5es.<\/span><\/span><\/p>\n<p class=\"\" data-start=\"596\" data-end=\"834\"><span style=\"font-size: 12pt\"><span class=\"relative -mx-px my-[-0.2rem] rounded px-px py-[0.2rem] transition-colors duration-100 ease-in-out\">Quanto \u00e0s exporta\u00e7\u00f5es de aeronaves, que incluem os avi\u00f5es da Embraer, elas totalizaram US$ 4,4 bilh\u00f5es em 2024, representando um aumento de 22,7% em rela\u00e7\u00e3o ao ano anterior, mas <\/span><span class=\"relative -mx-px my-[-0.2rem] rounded px-px py-[0.2rem] transition-colors duration-100 ease-in-out\">n\u00e3o figuram entre os dez principais produtos exportados pelo Brasil em termos de valor absoluto.<\/span> <span class=\"relative -mx-px my-[-0.2rem] rounded px-px py-[0.2rem] transition-colors duration-100 ease-in-out\">No entanto, o setor de bens de alta tecnologia, no qual as aeronaves est\u00e3o inclu\u00eddas, foi o que mais cresceu nas exporta\u00e7\u00f5es brasileiras em 2024. Um sopro de esperan\u00e7a que pode acabar se a direita entreguista assumir o poder.<\/span><\/span><\/p>\n<p><span style=\"font-size: 12pt\"><em><span style=\"font-size: 12pt\">C<\/span>om Banco Central, IBGE e Valor Econ\u00f4mico\u00a0<\/em><\/span><\/p>\n","protected":false},"excerpt":{"rendered":"<p>Como o mercado j\u00e1 tinha projetado desde os tempos de Campos Neto na presid\u00eancia do Banco Central (BC), no final de 2024, nesta semana a taxa b\u00e1sica de juros, a Selic, aumentou mais uma vez em 0,50 ponto percentual (p.p.), passando de 14,25% para 14,75% ao ano. Assim, o juro real do pa\u00eds, que \u00e9 [&hellip;]<\/p>\n","protected":false},"author":9,"featured_media":1568,"comment_status":"closed","ping_status":"open","sticky":false,"template":"","format":"standard","meta":{"jetpack_post_was_ever_published":false,"_jetpack_newsletter_access":"","_jetpack_dont_email_post_to_subs":false,"_jetpack_newsletter_tier_id":0,"_jetpack_memberships_contains_paywalled_content":false,"_jetpack_memberships_contains_paid_content":false,"footnotes":"","jetpack_publicize_message":"","jetpack_publicize_feature_enabled":true,"jetpack_social_post_already_shared":false,"jetpack_social_options":{"image_generator_settings":{"template":"highway","default_image_id":0,"font":"","enabled":false},"version":2}},"categories":[1],"tags":[],"class_list":["post-1567","post","type-post","status-publish","format-standard","has-post-thumbnail","hentry","category-sem-categoria"],"aioseo_notices":[],"jetpack_publicize_connections":[],"jetpack_featured_media_url":"https:\/\/www.jornalja.com.br\/economics\/wp-content\/uploads\/sites\/11\/2025\/05\/imagem-taxa-de-juros.png","jetpack-related-posts":[{"id":2051,"url":"https:\/\/www.jornalja.com.br\/economics\/copom-reduz-taxa-de-juros-pero-no-mucho\/","url_meta":{"origin":1567,"position":0},"title":"Copom reduz taxa de juros, pero no mucho","author":"S\u00e9rgio Lagranha","date":"1 de maio de 2026","format":false,"excerpt":"O Comit\u00ea de Pol\u00edtica Monet\u00e1ria (Copom) do Banco Central (BC) reduziu a taxa b\u00e1sica de juros, a Selic, em 0,25 ponto percentual, de 14,75% para 14,50%, segundo corte iniciado na reuni\u00e3o de mar\u00e7o.\u00a0A desculpa por uma redu\u00e7\u00e3o t\u00e3o p\u00edfia \u00e9 o ambiente externo, que permanece incerto, em fun\u00e7\u00e3o da indefini\u00e7\u00e3o\u2026","rel":"","context":"Em &quot;Sem categoria&quot;","block_context":{"text":"Sem categoria","link":"https:\/\/www.jornalja.com.br\/economics\/category\/sem-categoria\/"},"img":{"alt_text":"","src":"https:\/\/i0.wp.com\/www.jornalja.com.br\/economics\/wp-content\/uploads\/sites\/11\/2026\/05\/ilustracao-taxa-de-juros.jpg?resize=350%2C200&ssl=1","width":350,"height":200,"srcset":"https:\/\/i0.wp.com\/www.jornalja.com.br\/economics\/wp-content\/uploads\/sites\/11\/2026\/05\/ilustracao-taxa-de-juros.jpg?resize=350%2C200&ssl=1 1x, https:\/\/i0.wp.com\/www.jornalja.com.br\/economics\/wp-content\/uploads\/sites\/11\/2026\/05\/ilustracao-taxa-de-juros.jpg?resize=525%2C300&ssl=1 1.5x, https:\/\/i0.wp.com\/www.jornalja.com.br\/economics\/wp-content\/uploads\/sites\/11\/2026\/05\/ilustracao-taxa-de-juros.jpg?resize=700%2C400&ssl=1 2x, https:\/\/i0.wp.com\/www.jornalja.com.br\/economics\/wp-content\/uploads\/sites\/11\/2026\/05\/ilustracao-taxa-de-juros.jpg?resize=1050%2C600&ssl=1 3x, https:\/\/i0.wp.com\/www.jornalja.com.br\/economics\/wp-content\/uploads\/sites\/11\/2026\/05\/ilustracao-taxa-de-juros.jpg?resize=1400%2C800&ssl=1 4x"},"classes":[]},{"id":1983,"url":"https:\/\/www.jornalja.com.br\/economics\/qual-o-pais-queremos-nos-proximos-anos\/","url_meta":{"origin":1567,"position":1},"title":"Qual o pa\u00eds queremos nos pr\u00f3ximos anos","author":"S\u00e9rgio Lagranha","date":"6 de mar\u00e7o de 2026","format":false,"excerpt":"O Produto Interno Bruto (PIB) do Brasil, em 2025, cresceu 2,3%, frente ao ano anterior. Em valores correntes, totalizou R$ 12,7 trilh\u00f5es e o PIB per capita chegou a R$ 59.687,49, com avan\u00e7o real de 1,9% frente ao ano anterior. \u00a0A taxa de investimento foi de 16,8% do PIB, contra\u2026","rel":"","context":"Em &quot;Sem categoria&quot;","block_context":{"text":"Sem categoria","link":"https:\/\/www.jornalja.com.br\/economics\/category\/sem-categoria\/"},"img":{"alt_text":"","src":"","width":0,"height":0},"classes":[]},{"id":2008,"url":"https:\/\/www.jornalja.com.br\/economics\/guerra-contra-ira-derruba-titulos-da-divida-dos-eua\/","url_meta":{"origin":1567,"position":2},"title":"Guerra contra Ir\u00e3 derruba t\u00edtulos da d\u00edvida dos EUA","author":"S\u00e9rgio Lagranha","date":"3 de abril de 2026","format":false,"excerpt":"A guerra dos Estados Unidos (EUA) e Israel contra o Ir\u00e3 provocou forte volatilidade no mercado financeiro. Bancos centrais de v\u00e1rios pa\u00edses \u2014 principalmente exportadores de petr\u00f3leo do Oriente M\u00e9dio \u2014 cortaram de forma dr\u00e1stica as reservas de Treasuries (t\u00edtulos do Tesouro dos EUA) que mant\u00eam no Federal Reserve (Fed,\u2026","rel":"","context":"Em &quot;Sem categoria&quot;","block_context":{"text":"Sem categoria","link":"https:\/\/www.jornalja.com.br\/economics\/category\/sem-categoria\/"},"img":{"alt_text":"","src":"https:\/\/i0.wp.com\/www.jornalja.com.br\/economics\/wp-content\/uploads\/sites\/11\/2026\/04\/conflito-eua-israel-ira.jpg?resize=350%2C200&ssl=1","width":350,"height":200,"srcset":"https:\/\/i0.wp.com\/www.jornalja.com.br\/economics\/wp-content\/uploads\/sites\/11\/2026\/04\/conflito-eua-israel-ira.jpg?resize=350%2C200&ssl=1 1x, https:\/\/i0.wp.com\/www.jornalja.com.br\/economics\/wp-content\/uploads\/sites\/11\/2026\/04\/conflito-eua-israel-ira.jpg?resize=525%2C300&ssl=1 1.5x, https:\/\/i0.wp.com\/www.jornalja.com.br\/economics\/wp-content\/uploads\/sites\/11\/2026\/04\/conflito-eua-israel-ira.jpg?resize=700%2C400&ssl=1 2x"},"classes":[]},{"id":2025,"url":"https:\/\/www.jornalja.com.br\/economics\/estreito-de-ormuz-esta-liberado-pelo-ira-e-um-acordo-volta-a-ser-discutido\/","url_meta":{"origin":1567,"position":3},"title":"Abertura do Estreito de Ormuz dura um dia e volta o controle rigoroso","author":"S\u00e9rgio Lagranha","date":"17 de abril de 2026","format":false,"excerpt":"\u00a0Nesta sexta-feira, 17 de abril, o Ir\u00e3 anunciou que permitiria a\u00a0passagem de\u00a0\"todos os navios comerciais\"\u00a0pelo estrat\u00e9gico Estreito de Ormuz, onde passam 20% da produ\u00e7\u00e3o global de petr\u00f3leo e g\u00e1s natural liquefeito (GNL), ap\u00f3s a declara\u00e7\u00e3o de um cessar-fogo de 10 dias entre Israel e L\u00edbano. J\u00e1 no s\u00e1bado o Ir\u00e3\u2026","rel":"","context":"Em &quot;Sem categoria&quot;","block_context":{"text":"Sem categoria","link":"https:\/\/www.jornalja.com.br\/economics\/category\/sem-categoria\/"},"img":{"alt_text":"","src":"https:\/\/i0.wp.com\/www.jornalja.com.br\/economics\/wp-content\/uploads\/sites\/11\/2026\/04\/ilustracao-ormuz2.jpg?resize=350%2C200&ssl=1","width":350,"height":200,"srcset":"https:\/\/i0.wp.com\/www.jornalja.com.br\/economics\/wp-content\/uploads\/sites\/11\/2026\/04\/ilustracao-ormuz2.jpg?resize=350%2C200&ssl=1 1x, https:\/\/i0.wp.com\/www.jornalja.com.br\/economics\/wp-content\/uploads\/sites\/11\/2026\/04\/ilustracao-ormuz2.jpg?resize=525%2C300&ssl=1 1.5x, https:\/\/i0.wp.com\/www.jornalja.com.br\/economics\/wp-content\/uploads\/sites\/11\/2026\/04\/ilustracao-ormuz2.jpg?resize=700%2C400&ssl=1 2x, https:\/\/i0.wp.com\/www.jornalja.com.br\/economics\/wp-content\/uploads\/sites\/11\/2026\/04\/ilustracao-ormuz2.jpg?resize=1050%2C600&ssl=1 3x, https:\/\/i0.wp.com\/www.jornalja.com.br\/economics\/wp-content\/uploads\/sites\/11\/2026\/04\/ilustracao-ormuz2.jpg?resize=1400%2C800&ssl=1 4x"},"classes":[]},{"id":1954,"url":"https:\/\/www.jornalja.com.br\/economics\/corrida-pelas-terras-raras-movimentam-economia-mundial\/","url_meta":{"origin":1567,"position":4},"title":"Corrida pelas terras raras movimenta economia mundial","author":"S\u00e9rgio Lagranha","date":"27 de fevereiro de 2026","format":false,"excerpt":"Durante a visita do presidente da Rep\u00fablica Luiz In\u00e1cio Lula da Silva \u00e0 \u00cdndia, que ocorreu entre os dias 18 e 22 de fevereiro, os dois pa\u00edses avan\u00e7aram em memorandos e negocia\u00e7\u00f5es para coopera\u00e7\u00e3o em minerais cr\u00edticos e terras raras, investimentos em minera\u00e7\u00e3o, pesquisa tecnol\u00f3gica e aplica\u00e7\u00f5es de intelig\u00eancia artificial\u2026","rel":"","context":"Em &quot;Sem categoria&quot;","block_context":{"text":"Sem categoria","link":"https:\/\/www.jornalja.com.br\/economics\/category\/sem-categoria\/"},"img":{"alt_text":"","src":"https:\/\/i0.wp.com\/www.jornalja.com.br\/economics\/wp-content\/uploads\/sites\/11\/2026\/02\/ilustracao-terras-raras2.jpg?resize=350%2C200&ssl=1","width":350,"height":200,"srcset":"https:\/\/i0.wp.com\/www.jornalja.com.br\/economics\/wp-content\/uploads\/sites\/11\/2026\/02\/ilustracao-terras-raras2.jpg?resize=350%2C200&ssl=1 1x, https:\/\/i0.wp.com\/www.jornalja.com.br\/economics\/wp-content\/uploads\/sites\/11\/2026\/02\/ilustracao-terras-raras2.jpg?resize=525%2C300&ssl=1 1.5x, https:\/\/i0.wp.com\/www.jornalja.com.br\/economics\/wp-content\/uploads\/sites\/11\/2026\/02\/ilustracao-terras-raras2.jpg?resize=700%2C400&ssl=1 2x, https:\/\/i0.wp.com\/www.jornalja.com.br\/economics\/wp-content\/uploads\/sites\/11\/2026\/02\/ilustracao-terras-raras2.jpg?resize=1050%2C600&ssl=1 3x, https:\/\/i0.wp.com\/www.jornalja.com.br\/economics\/wp-content\/uploads\/sites\/11\/2026\/02\/ilustracao-terras-raras2.jpg?resize=1400%2C800&ssl=1 4x"},"classes":[]},{"id":2038,"url":"https:\/\/www.jornalja.com.br\/economics\/minerais-criticos-como-controlar-da-mineracao-ao-refino\/","url_meta":{"origin":1567,"position":5},"title":"Minerais cr\u00edticos: como controlar da minera\u00e7\u00e3o ao refino","author":"S\u00e9rgio Lagranha","date":"24 de abril de 2026","format":false,"excerpt":"A venda anunciada esta semana da empresa brasileira Serra Verde, que atua com minera\u00e7\u00e3o de terras raras, pela empresa\u00a0USA Rare Earth (USAR), mineradora norte-americana,\u00a0em negocia\u00e7\u00e3o equivalente a\u00a0cerca de US$ 2,8 bilh\u00f5es, provocou um rebuli\u00e7o no setor de minera\u00e7\u00e3o nacional. Serra Verde\u00a0opera a mina de Pela Ema, em Mina\u00e7u (GO), a\u00a0\u00fanica\u2026","rel":"","context":"Em &quot;Sem categoria&quot;","block_context":{"text":"Sem categoria","link":"https:\/\/www.jornalja.com.br\/economics\/category\/sem-categoria\/"},"img":{"alt_text":"","src":"https:\/\/i0.wp.com\/www.jornalja.com.br\/economics\/wp-content\/uploads\/sites\/11\/2026\/04\/ilustracao-minerais-criticos2.jpg?resize=350%2C200&ssl=1","width":350,"height":200,"srcset":"https:\/\/i0.wp.com\/www.jornalja.com.br\/economics\/wp-content\/uploads\/sites\/11\/2026\/04\/ilustracao-minerais-criticos2.jpg?resize=350%2C200&ssl=1 1x, https:\/\/i0.wp.com\/www.jornalja.com.br\/economics\/wp-content\/uploads\/sites\/11\/2026\/04\/ilustracao-minerais-criticos2.jpg?resize=525%2C300&ssl=1 1.5x, https:\/\/i0.wp.com\/www.jornalja.com.br\/economics\/wp-content\/uploads\/sites\/11\/2026\/04\/ilustracao-minerais-criticos2.jpg?resize=700%2C400&ssl=1 2x"},"classes":[]}],"jetpack_shortlink":"https:\/\/wp.me\/pbMbUF-ph","jetpack_sharing_enabled":true,"_links":{"self":[{"href":"https:\/\/www.jornalja.com.br\/economics\/wp-json\/wp\/v2\/posts\/1567","targetHints":{"allow":["GET"]}}],"collection":[{"href":"https:\/\/www.jornalja.com.br\/economics\/wp-json\/wp\/v2\/posts"}],"about":[{"href":"https:\/\/www.jornalja.com.br\/economics\/wp-json\/wp\/v2\/types\/post"}],"author":[{"embeddable":true,"href":"https:\/\/www.jornalja.com.br\/economics\/wp-json\/wp\/v2\/users\/9"}],"replies":[{"embeddable":true,"href":"https:\/\/www.jornalja.com.br\/economics\/wp-json\/wp\/v2\/comments?post=1567"}],"version-history":[{"count":5,"href":"https:\/\/www.jornalja.com.br\/economics\/wp-json\/wp\/v2\/posts\/1567\/revisions"}],"predecessor-version":[{"id":1588,"href":"https:\/\/www.jornalja.com.br\/economics\/wp-json\/wp\/v2\/posts\/1567\/revisions\/1588"}],"wp:featuredmedia":[{"embeddable":true,"href":"https:\/\/www.jornalja.com.br\/economics\/wp-json\/wp\/v2\/media\/1568"}],"wp:attachment":[{"href":"https:\/\/www.jornalja.com.br\/economics\/wp-json\/wp\/v2\/media?parent=1567"}],"wp:term":[{"taxonomy":"category","embeddable":true,"href":"https:\/\/www.jornalja.com.br\/economics\/wp-json\/wp\/v2\/categories?post=1567"},{"taxonomy":"post_tag","embeddable":true,"href":"https:\/\/www.jornalja.com.br\/economics\/wp-json\/wp\/v2\/tags?post=1567"}],"curies":[{"name":"wp","href":"https:\/\/api.w.org\/{rel}","templated":true}]}}