{"id":1990,"date":"2026-03-13T16:25:55","date_gmt":"2026-03-13T19:25:55","guid":{"rendered":"https:\/\/www.jornalja.com.br\/economics\/?p=1990"},"modified":"2026-03-15T21:48:38","modified_gmt":"2026-03-16T00:48:38","slug":"guerra-no-oriente-medio-expoe-erros-na-venda-de-ativos-petrobras-parte-i","status":"publish","type":"post","link":"https:\/\/www.jornalja.com.br\/economics\/guerra-no-oriente-medio-expoe-erros-na-venda-de-ativos-petrobras-parte-i\/","title":{"rendered":"Guerra no Oriente M\u00e9dio exp\u00f5e erros na venda de ativos Petrobras (Parte I) \u00a0"},"content":{"rendered":"\n<p><\/p>\n\n\n\n<p>A guerra de Estados Unidos e Israel contra o Ir\u00e3, no Oriente M\u00e9dio, est\u00e1 provocando uma instabilidade no pre\u00e7o internacional do petr\u00f3leo. O controle do Estreito de Ormuz, no Golfo P\u00e9rsico, pelo Ir\u00e3, por onde passa cerca de 20% do petr\u00f3leo do mundo, levou ao aumento de 70% nos pre\u00e7os do g\u00e1s natural liquefeito (GNL) e o barril de petr\u00f3leo Brent opera em patamares acima de US$ 100,00.<\/p>\n\n\n\n<p>Segundo dados da Ag\u00eancia Nacional de Petr\u00f3leo (ANP), em 2025, o Brasil produziu 3,770 milh\u00f5es de barris de petr\u00f3leo por dia, um recorde hist\u00f3rico. &nbsp;O Pa\u00eds tem 19 refinarias que produzem diversos tipos de subprodutos de petr\u00f3leo. Dessas unidades, 10 s\u00e3o da Petrobras.<\/p>\n\n\n\n<p>Em 2025, o valor total aproximado das exporta\u00e7\u00f5es de petr\u00f3leo bruto e derivados do Brasil ficou entre US$ 55\u201370 bilh\u00f5es. Com o barril por volta de U$ 100,00, a receita adicional anual aproximada pode ficar entre US$ 20\u201322 bilh\u00f5es. Portanto, os reflexos da guerra do Oriente M\u00e9dio deveriam ser limitados. N\u00e3o \u00e9 o que acontece.<\/p>\n\n\n\n<p>A perda do controle da Petrobras na distribui\u00e7\u00e3o provocou agora um aumento de pre\u00e7os dos combust\u00edveis nas bombas, com reflexos na infla\u00e7\u00e3o. O presidente da Rep\u00fablica Luiz In\u00e1cio Lula da Silva assinou um&nbsp;decreto presidencial nesta quinta-feira (12)&nbsp;zerando as al\u00edquotas do PIS e do Cofins sobre a importa\u00e7\u00e3o e comercializa\u00e7\u00e3o do diesel. Al\u00e9m disso, assinou medida provis\u00f3ria (MP) com subven\u00e7\u00e3o ao diesel para produtores e importadores.\u200b\u200b<strong>\u200b<\/strong>As medidas foram anunciadas em car\u00e1ter tempor\u00e1rio \u2013 at\u00e9 dia 31 de dezembro deste ano.&nbsp;<\/p>\n\n\n\n<p>A subven\u00e7\u00e3o aos produtores e importadores ser\u00e1 condicionada a uma comprova\u00e7\u00e3o de que o valor foi transferido para os consumidores finais. Para compensar a perda na arrecada\u00e7\u00e3o e incentivar o refino de petr\u00f3leo no Brasil, o&nbsp;governo passar\u00e1 a cobrar uma al\u00edquota de 12% sobre a exporta\u00e7\u00e3o de petr\u00f3leo.<\/p>\n\n\n\n<p>Foi publicado ainda um segundo decreto, esse em car\u00e1ter permanente, com medidas de fiscaliza\u00e7\u00e3o e transpar\u00eancia para combater o aumento abusivo dos pre\u00e7os dos combust\u00edveis para fins de especula\u00e7\u00e3o.<\/p>\n\n\n\n<p><em>Venda da BR Distribuidora<\/em><\/p>\n\n\n\n<p>A venda da distribuidora da Petrobras \u2014 a antiga BR Distribuidora, hoje chamada Vibra Energia \u2014 ocorreu em etapas entre 2017 (governo Temer) e 2021 (governo Bolsonaro). O processo \u00e9 pol\u00eamico porque envolveu perda do controle estatal de um setor estrat\u00e9gico (a distribui\u00e7\u00e3o de combust\u00edveis) e levantou cr\u00edticas sobre pre\u00e7o, modelo de venda e impactos para a Petrobras.<\/p>\n\n\n\n<p>A BR era a maior distribuidora de combust\u00edveis do Brasil, cerca de 30% do mercado nacional, quase oito mil postos de combust\u00edveis, com atua\u00e7\u00e3o em aeroportos e grandes consumidores industriais. Ela era o bra\u00e7o de venda direta da Petrobras ao consumidor.<\/p>\n\n\n\n<p>Em 2017 (governo Temer), a Petrobras abriu o capital da distribuidora e vendeu cerca de 29% das a\u00e7\u00f5es, continuando como controladora. Em 2019, j\u00e1 no governo Bolsonaro, a Petrobras vendeu mais 30% das a\u00e7\u00f5es em bolsa, caindo a participa\u00e7\u00e3o da estatal de 71% para cerca de 37%, perdendo o controle. O valor arrecadado foi de cerca de R$ 9,6 bilh\u00f5es.<\/p>\n\n\n\n<p>Em 2021, ainda no governo Bolsonaro, a Petrobras vendeu o restante da participa\u00e7\u00e3o (37,5%) pelo valor de R$ 11,3 bilh\u00f5es. \u00a0Com isso, a Petrobras saiu completamente da empresa distribuidora. N\u00e3o houve um \u00fanico comprador. As a\u00e7\u00f5es foram compradas por fundos internacionais, bancos, investidores institucionais e fundos de investimento. A BlackRock, por exemplo, det\u00e9m cerca de 5,2%. Ou seja, foi uma privatiza\u00e7\u00e3o via mercado financeiro.<\/p>\n\n\n\n<p>O processo s\u00f3 foi poss\u00edvel porque o Supremo Tribunal Federal (STF) decidiu, em 2019, que subsidi\u00e1rias de estatais podem ser vendidas sem aprova\u00e7\u00e3o do Congresso. Isso abriu caminho para v\u00e1rias vendas de ativos da Petrobras.<\/p>\n\n\n\n<p>O pre\u00e7o foi considerado baixo por economistas e sindicatos do setor, al\u00e9m de n\u00e3o ter sentido entregar uma distribuidora estatal lucrativa. A BR era l\u00edder de mercado, com um lucro de cerca de R$ 3,9 bilh\u00f5es em 2020. Para cr\u00edticos, vender o controle por cerca de R$ 20 bilh\u00f5es no total foi um esc\u00e2ndalo.<\/p>\n\n\n\n<p>Antes, a Petrobras controlava toda a cadeia, da produ\u00e7\u00e3o de petr\u00f3leo, refino e distribui\u00e7\u00e3o. Depois da venda, a Petrobras perdeu a rede pr\u00f3pria de postos e log\u00edstica final. Com a BR estatal, o governo podia influenciar margens da distribui\u00e7\u00e3o e reduzir impactos de alta internacional. Sem ela, o pre\u00e7o final depende mais do mercado.<\/p>\n\n\n\n<p><em>Importa\u00e7\u00e3o de derivados<\/em><\/p>\n\n\n\n<p>Mesmo sendo um grande produtor de petr\u00f3leo, o Brasil ainda importa alguns derivados importantes, principalmente por limita\u00e7\u00f5es da capacidade de refino. Importa cerca de 20% a 30% do diesel que consome. Em 2025, as importa\u00e7\u00f5es chegaram a 17,3 bilh\u00f5es de litros, recorde hist\u00f3rico. Isso ocorre porque a demanda \u00e9 enorme (transporte rodovi\u00e1rio e agroneg\u00f3cio) e o parque de refinarias n\u00e3o produz diesel suficiente. O diesel \u00e9 o maior gargalo da seguran\u00e7a energ\u00e9tica brasileira.<\/p>\n\n\n\n<p>Em rela\u00e7\u00e3o \u00e0 gasolina a depend\u00eancia \u00e9 pequena, com importa\u00e7\u00e3o de menos de 5% a cerca de 8% do total consumido. A mistura de etanol na gasolina (30%) reduz ainda mais a necessidade de importa\u00e7\u00e3o.<\/p>\n\n\n\n<p>O Brasil ainda importa uma parte relevante do g\u00e1s de cozinha (GLP), geralmente entre 20% e 30% do consumo, porque a produ\u00e7\u00e3o nas refinarias e no g\u00e1s natural n\u00e3o cobre toda a demanda. Tamb\u00e9m h\u00e1 alguma importa\u00e7\u00e3o de cerca de 17% do querosene de avia\u00e7\u00e3o.<\/p>\n\n\n\n<p>Esses gargalos resultam de decis\u00f5es nos governos de Michel Temer e Jair Bolsonaro de fracionar a Petrobras. Os dois governos optaram por venda de ativos como refinarias, gasodutos, distribuidoras, petroqu\u00edmica e fertilizantes.<\/p>\n\n\n\n<p>Al\u00e9m disso, teve a Opera\u00e7\u00e3o Lava Jato, um conjunto de investiga\u00e7\u00f5es liderado pela Pol\u00edcia Federal, com atua\u00e7\u00e3o central e cont\u00ednua do Minist\u00e9rio P\u00fablico Federal (MPF), que atingiu em cheio a estatal.<\/p>\n\n\n\n<p><em>Continua&#8230;<\/em><\/p>\n","protected":false},"excerpt":{"rendered":"<p>A guerra de Estados Unidos e Israel contra o Ir\u00e3, no Oriente M\u00e9dio, est\u00e1 provocando uma instabilidade no pre\u00e7o internacional do petr\u00f3leo. O controle do Estreito de Ormuz, no Golfo P\u00e9rsico, pelo Ir\u00e3, por onde passa cerca de 20% do petr\u00f3leo do mundo, levou ao aumento de 70% nos pre\u00e7os do g\u00e1s natural liquefeito (GNL) [&hellip;]<\/p>\n","protected":false},"author":9,"featured_media":1991,"comment_status":"closed","ping_status":"open","sticky":false,"template":"","format":"standard","meta":{"jetpack_post_was_ever_published":false,"_jetpack_newsletter_access":"","_jetpack_dont_email_post_to_subs":false,"_jetpack_newsletter_tier_id":0,"_jetpack_memberships_contains_paywalled_content":false,"_jetpack_memberships_contains_paid_content":false,"footnotes":"","jetpack_publicize_message":"","jetpack_publicize_feature_enabled":true,"jetpack_social_post_already_shared":true,"jetpack_social_options":{"image_generator_settings":{"template":"highway","default_image_id":0,"font":"","enabled":false},"version":2}},"categories":[1],"tags":[],"class_list":["post-1990","post","type-post","status-publish","format-standard","has-post-thumbnail","hentry","category-sem-categoria"],"aioseo_notices":[],"jetpack_publicize_connections":[],"jetpack_featured_media_url":"https:\/\/www.jornalja.com.br\/economics\/wp-content\/uploads\/sites\/11\/2026\/03\/petrobras-fernando-frazao-agencia-brasil-scaled.jpg","jetpack-related-posts":[{"id":1997,"url":"https:\/\/www.jornalja.com.br\/economics\/guerra-no-oriente-medio-expoe-erros-na-venda-de-ativos-petrobras-parte-ii\/","url_meta":{"origin":1990,"position":0},"title":"Guerra no Oriente M\u00e9dio exp\u00f5e erros na venda de ativos Petrobras (Parte II)\u00a0","author":"S\u00e9rgio Lagranha","date":"20 de mar\u00e7o de 2026","format":false,"excerpt":"A guerra de Estados Unidos e Israel contra o Ir\u00e3, no Oriente M\u00e9dio, est\u00e1 escalando, com ataques no Golfo P\u00e9rsico que amea\u00e7am causar danos de longo prazo a importantes instala\u00e7\u00f5es de energia. O pre\u00e7o do barril de petr\u00f3leo Brent j\u00e1 est\u00e1 pr\u00f3ximo dos US$ 120,00 e pode chegar a US$\u2026","rel":"","context":"Em &quot;Sem categoria&quot;","block_context":{"text":"Sem categoria","link":"https:\/\/www.jornalja.com.br\/economics\/category\/sem-categoria\/"},"img":{"alt_text":"","src":"https:\/\/i0.wp.com\/www.jornalja.com.br\/economics\/wp-content\/uploads\/sites\/11\/2026\/03\/petrobras-fernando-frazao-ab.jpg?resize=350%2C200&ssl=1","width":350,"height":200,"srcset":"https:\/\/i0.wp.com\/www.jornalja.com.br\/economics\/wp-content\/uploads\/sites\/11\/2026\/03\/petrobras-fernando-frazao-ab.jpg?resize=350%2C200&ssl=1 1x, https:\/\/i0.wp.com\/www.jornalja.com.br\/economics\/wp-content\/uploads\/sites\/11\/2026\/03\/petrobras-fernando-frazao-ab.jpg?resize=525%2C300&ssl=1 1.5x, https:\/\/i0.wp.com\/www.jornalja.com.br\/economics\/wp-content\/uploads\/sites\/11\/2026\/03\/petrobras-fernando-frazao-ab.jpg?resize=700%2C400&ssl=1 2x, https:\/\/i0.wp.com\/www.jornalja.com.br\/economics\/wp-content\/uploads\/sites\/11\/2026\/03\/petrobras-fernando-frazao-ab.jpg?resize=1050%2C600&ssl=1 3x, https:\/\/i0.wp.com\/www.jornalja.com.br\/economics\/wp-content\/uploads\/sites\/11\/2026\/03\/petrobras-fernando-frazao-ab.jpg?resize=1400%2C800&ssl=1 4x"},"classes":[]},{"id":2005,"url":"https:\/\/www.jornalja.com.br\/economics\/guerra-no-oriente-medio-expoe-erros-na-venda-de-ativos-petrobras-parte-iii\/","url_meta":{"origin":1990,"position":1},"title":"Guerra no Oriente M\u00e9dio exp\u00f5e erros na venda de ativos Petrobras (Parte III)\u00a0","author":"S\u00e9rgio Lagranha","date":"27 de mar\u00e7o de 2026","format":false,"excerpt":"A guerra de Estados Unidos e Israel contra o Ir\u00e3, no Oriente M\u00e9dio, continua escalando e o ambiente de incerteza j\u00e1 traz uma press\u00e3o de pre\u00e7os em cadeia devido alta de combust\u00edveis.\u00a0Uma opera\u00e7\u00e3o conjunta envolvendo Pol\u00edcia Federal, Secretaria Nacional do Consumidor (Senacon) e Ag\u00eancia Nacional do Petr\u00f3leo, G\u00e1s Natural e\u2026","rel":"","context":"Em &quot;Sem categoria&quot;","block_context":{"text":"Sem categoria","link":"https:\/\/www.jornalja.com.br\/economics\/category\/sem-categoria\/"},"img":{"alt_text":"","src":"https:\/\/i0.wp.com\/www.jornalja.com.br\/economics\/wp-content\/uploads\/sites\/11\/2026\/03\/policia-federal2.jpg?resize=350%2C200&ssl=1","width":350,"height":200,"srcset":"https:\/\/i0.wp.com\/www.jornalja.com.br\/economics\/wp-content\/uploads\/sites\/11\/2026\/03\/policia-federal2.jpg?resize=350%2C200&ssl=1 1x, https:\/\/i0.wp.com\/www.jornalja.com.br\/economics\/wp-content\/uploads\/sites\/11\/2026\/03\/policia-federal2.jpg?resize=525%2C300&ssl=1 1.5x, https:\/\/i0.wp.com\/www.jornalja.com.br\/economics\/wp-content\/uploads\/sites\/11\/2026\/03\/policia-federal2.jpg?resize=700%2C400&ssl=1 2x"},"classes":[]},{"id":2008,"url":"https:\/\/www.jornalja.com.br\/economics\/guerra-contra-ira-derruba-titulos-da-divida-dos-eua\/","url_meta":{"origin":1990,"position":2},"title":"Guerra contra Ir\u00e3 derruba t\u00edtulos da d\u00edvida dos EUA","author":"S\u00e9rgio Lagranha","date":"3 de abril de 2026","format":false,"excerpt":"A guerra dos Estados Unidos (EUA) e Israel contra o Ir\u00e3 provocou forte volatilidade no mercado financeiro. Bancos centrais de v\u00e1rios pa\u00edses \u2014 principalmente exportadores de petr\u00f3leo do Oriente M\u00e9dio \u2014 cortaram de forma dr\u00e1stica as reservas de Treasuries (t\u00edtulos do Tesouro dos EUA) que mant\u00eam no Federal Reserve (Fed,\u2026","rel":"","context":"Em &quot;Sem categoria&quot;","block_context":{"text":"Sem categoria","link":"https:\/\/www.jornalja.com.br\/economics\/category\/sem-categoria\/"},"img":{"alt_text":"","src":"https:\/\/i0.wp.com\/www.jornalja.com.br\/economics\/wp-content\/uploads\/sites\/11\/2026\/04\/conflito-eua-israel-ira.jpg?resize=350%2C200&ssl=1","width":350,"height":200,"srcset":"https:\/\/i0.wp.com\/www.jornalja.com.br\/economics\/wp-content\/uploads\/sites\/11\/2026\/04\/conflito-eua-israel-ira.jpg?resize=350%2C200&ssl=1 1x, https:\/\/i0.wp.com\/www.jornalja.com.br\/economics\/wp-content\/uploads\/sites\/11\/2026\/04\/conflito-eua-israel-ira.jpg?resize=525%2C300&ssl=1 1.5x, https:\/\/i0.wp.com\/www.jornalja.com.br\/economics\/wp-content\/uploads\/sites\/11\/2026\/04\/conflito-eua-israel-ira.jpg?resize=700%2C400&ssl=1 2x"},"classes":[]},{"id":2012,"url":"https:\/\/www.jornalja.com.br\/economics\/controle-do-estreito-de-ormuz-e-a-arma-mais-poderosa-do-ira\/","url_meta":{"origin":1990,"position":3},"title":"Controle do Estreito de Ormuz \u00e9 a arma mais poderosa do Ir\u00e3","author":"S\u00e9rgio Lagranha","date":"10 de abril de 2026","format":false,"excerpt":"Neste momento, a situa\u00e7\u00e3o no Estreito de Ormuz \u00e9 definida por uma\u00a0reabertura fr\u00e1gil e sob forte restri\u00e7\u00e3o iraniana, ap\u00f3s um duvidoso cessar-fogo de duas semanas, anunciado na noite de\u00a0ter\u00e7a-feira, 7 de abril, por Ir\u00e3 e os Estados Unidos (EUA), com intermedia\u00e7\u00e3o do Paquist\u00e3o. O acordo n\u00e3o foi seguido por Israel,\u2026","rel":"","context":"Em &quot;Sem categoria&quot;","block_context":{"text":"Sem categoria","link":"https:\/\/www.jornalja.com.br\/economics\/category\/sem-categoria\/"},"img":{"alt_text":"","src":"https:\/\/i0.wp.com\/www.jornalja.com.br\/economics\/wp-content\/uploads\/sites\/11\/2026\/04\/conflito-eua-israel-ira5.jpg?resize=350%2C200&ssl=1","width":350,"height":200,"srcset":"https:\/\/i0.wp.com\/www.jornalja.com.br\/economics\/wp-content\/uploads\/sites\/11\/2026\/04\/conflito-eua-israel-ira5.jpg?resize=350%2C200&ssl=1 1x, https:\/\/i0.wp.com\/www.jornalja.com.br\/economics\/wp-content\/uploads\/sites\/11\/2026\/04\/conflito-eua-israel-ira5.jpg?resize=525%2C300&ssl=1 1.5x, https:\/\/i0.wp.com\/www.jornalja.com.br\/economics\/wp-content\/uploads\/sites\/11\/2026\/04\/conflito-eua-israel-ira5.jpg?resize=700%2C400&ssl=1 2x"},"classes":[]},{"id":2025,"url":"https:\/\/www.jornalja.com.br\/economics\/estreito-de-ormuz-esta-liberado-pelo-ira-e-um-acordo-volta-a-ser-discutido\/","url_meta":{"origin":1990,"position":4},"title":"Abertura do Estreito de Ormuz dura um dia e volta o controle rigoroso","author":"S\u00e9rgio Lagranha","date":"17 de abril de 2026","format":false,"excerpt":"\u00a0Nesta sexta-feira, 17 de abril, o Ir\u00e3 anunciou que permitiria a\u00a0passagem de\u00a0\"todos os navios comerciais\"\u00a0pelo estrat\u00e9gico Estreito de Ormuz, onde passam 20% da produ\u00e7\u00e3o global de petr\u00f3leo e g\u00e1s natural liquefeito (GNL), ap\u00f3s a declara\u00e7\u00e3o de um cessar-fogo de 10 dias entre Israel e L\u00edbano. J\u00e1 no s\u00e1bado o Ir\u00e3\u2026","rel":"","context":"Em &quot;Sem categoria&quot;","block_context":{"text":"Sem categoria","link":"https:\/\/www.jornalja.com.br\/economics\/category\/sem-categoria\/"},"img":{"alt_text":"","src":"https:\/\/i0.wp.com\/www.jornalja.com.br\/economics\/wp-content\/uploads\/sites\/11\/2026\/04\/ilustracao-ormuz2.jpg?resize=350%2C200&ssl=1","width":350,"height":200,"srcset":"https:\/\/i0.wp.com\/www.jornalja.com.br\/economics\/wp-content\/uploads\/sites\/11\/2026\/04\/ilustracao-ormuz2.jpg?resize=350%2C200&ssl=1 1x, https:\/\/i0.wp.com\/www.jornalja.com.br\/economics\/wp-content\/uploads\/sites\/11\/2026\/04\/ilustracao-ormuz2.jpg?resize=525%2C300&ssl=1 1.5x, https:\/\/i0.wp.com\/www.jornalja.com.br\/economics\/wp-content\/uploads\/sites\/11\/2026\/04\/ilustracao-ormuz2.jpg?resize=700%2C400&ssl=1 2x, https:\/\/i0.wp.com\/www.jornalja.com.br\/economics\/wp-content\/uploads\/sites\/11\/2026\/04\/ilustracao-ormuz2.jpg?resize=1050%2C600&ssl=1 3x, https:\/\/i0.wp.com\/www.jornalja.com.br\/economics\/wp-content\/uploads\/sites\/11\/2026\/04\/ilustracao-ormuz2.jpg?resize=1400%2C800&ssl=1 4x"},"classes":[]},{"id":1954,"url":"https:\/\/www.jornalja.com.br\/economics\/corrida-pelas-terras-raras-movimentam-economia-mundial\/","url_meta":{"origin":1990,"position":5},"title":"Corrida pelas terras raras movimenta economia mundial","author":"S\u00e9rgio Lagranha","date":"27 de fevereiro de 2026","format":false,"excerpt":"Durante a visita do presidente da Rep\u00fablica Luiz In\u00e1cio Lula da Silva \u00e0 \u00cdndia, que ocorreu entre os dias 18 e 22 de fevereiro, os dois pa\u00edses avan\u00e7aram em memorandos e negocia\u00e7\u00f5es para coopera\u00e7\u00e3o em minerais cr\u00edticos e terras raras, investimentos em minera\u00e7\u00e3o, pesquisa tecnol\u00f3gica e aplica\u00e7\u00f5es de intelig\u00eancia artificial\u2026","rel":"","context":"Em &quot;Sem categoria&quot;","block_context":{"text":"Sem categoria","link":"https:\/\/www.jornalja.com.br\/economics\/category\/sem-categoria\/"},"img":{"alt_text":"","src":"https:\/\/i0.wp.com\/www.jornalja.com.br\/economics\/wp-content\/uploads\/sites\/11\/2026\/02\/ilustracao-terras-raras2.jpg?resize=350%2C200&ssl=1","width":350,"height":200,"srcset":"https:\/\/i0.wp.com\/www.jornalja.com.br\/economics\/wp-content\/uploads\/sites\/11\/2026\/02\/ilustracao-terras-raras2.jpg?resize=350%2C200&ssl=1 1x, https:\/\/i0.wp.com\/www.jornalja.com.br\/economics\/wp-content\/uploads\/sites\/11\/2026\/02\/ilustracao-terras-raras2.jpg?resize=525%2C300&ssl=1 1.5x, https:\/\/i0.wp.com\/www.jornalja.com.br\/economics\/wp-content\/uploads\/sites\/11\/2026\/02\/ilustracao-terras-raras2.jpg?resize=700%2C400&ssl=1 2x, https:\/\/i0.wp.com\/www.jornalja.com.br\/economics\/wp-content\/uploads\/sites\/11\/2026\/02\/ilustracao-terras-raras2.jpg?resize=1050%2C600&ssl=1 3x, https:\/\/i0.wp.com\/www.jornalja.com.br\/economics\/wp-content\/uploads\/sites\/11\/2026\/02\/ilustracao-terras-raras2.jpg?resize=1400%2C800&ssl=1 4x"},"classes":[]}],"jetpack_shortlink":"https:\/\/wp.me\/pbMbUF-w6","jetpack_sharing_enabled":true,"_links":{"self":[{"href":"https:\/\/www.jornalja.com.br\/economics\/wp-json\/wp\/v2\/posts\/1990","targetHints":{"allow":["GET"]}}],"collection":[{"href":"https:\/\/www.jornalja.com.br\/economics\/wp-json\/wp\/v2\/posts"}],"about":[{"href":"https:\/\/www.jornalja.com.br\/economics\/wp-json\/wp\/v2\/types\/post"}],"author":[{"embeddable":true,"href":"https:\/\/www.jornalja.com.br\/economics\/wp-json\/wp\/v2\/users\/9"}],"replies":[{"embeddable":true,"href":"https:\/\/www.jornalja.com.br\/economics\/wp-json\/wp\/v2\/comments?post=1990"}],"version-history":[{"count":3,"href":"https:\/\/www.jornalja.com.br\/economics\/wp-json\/wp\/v2\/posts\/1990\/revisions"}],"predecessor-version":[{"id":1996,"href":"https:\/\/www.jornalja.com.br\/economics\/wp-json\/wp\/v2\/posts\/1990\/revisions\/1996"}],"wp:featuredmedia":[{"embeddable":true,"href":"https:\/\/www.jornalja.com.br\/economics\/wp-json\/wp\/v2\/media\/1991"}],"wp:attachment":[{"href":"https:\/\/www.jornalja.com.br\/economics\/wp-json\/wp\/v2\/media?parent=1990"}],"wp:term":[{"taxonomy":"category","embeddable":true,"href":"https:\/\/www.jornalja.com.br\/economics\/wp-json\/wp\/v2\/categories?post=1990"},{"taxonomy":"post_tag","embeddable":true,"href":"https:\/\/www.jornalja.com.br\/economics\/wp-json\/wp\/v2\/tags?post=1990"}],"curies":[{"name":"wp","href":"https:\/\/api.w.org\/{rel}","templated":true}]}}