{"id":2051,"date":"2026-05-01T13:19:30","date_gmt":"2026-05-01T16:19:30","guid":{"rendered":"https:\/\/www.jornalja.com.br\/economics\/?p=2051"},"modified":"2026-05-01T13:19:31","modified_gmt":"2026-05-01T16:19:31","slug":"copom-reduz-taxa-de-juros-pero-no-mucho","status":"publish","type":"post","link":"https:\/\/www.jornalja.com.br\/economics\/copom-reduz-taxa-de-juros-pero-no-mucho\/","title":{"rendered":"Copom reduz taxa de juros, pero no mucho"},"content":{"rendered":"\n<p>O Comit\u00ea de Pol\u00edtica Monet\u00e1ria (Copom) do Banco Central (BC) reduziu a taxa b\u00e1sica de juros, a Selic, em 0,25 ponto percentual, de 14,75% para 14,50%, segundo corte dos juros iniciado na reuni\u00e3o de mar\u00e7o.&nbsp;A desculpa por uma redu\u00e7\u00e3o t\u00e3o p\u00edfia \u00e9 o ambiente externo, que permanece incerto, em fun\u00e7\u00e3o da indefini\u00e7\u00e3o a respeito da dura\u00e7\u00e3o, extens\u00e3o, e desdobramentos dos conflitos geopol\u00edticos no Oriente M\u00e9dio, com reflexos nas condi\u00e7\u00f5es financeiras globais. \u201cTal cen\u00e1rio exige cautela por parte de pa\u00edses emergentes em ambiente marcado por eleva\u00e7\u00e3o da volatilidade de pre\u00e7os de ativos e commodities\u201d, diz a nota do BC.<\/p>\n\n\n\n<p>Em rela\u00e7\u00e3o ao cen\u00e1rio dom\u00e9stico, continua a nota, \u201co conjunto dos indicadores segue apresentando, conforme esperado, trajet\u00f3ria de modera\u00e7\u00e3o no crescimento da atividade econ\u00f4mica, enquanto o mercado de trabalho ainda mostra sinais de resili\u00eancia. Nas divulga\u00e7\u00f5es mais recentes, a infla\u00e7\u00e3o cheia e as medidas subjacentes aceleraram, distanciando-se adicionalmente da meta para a infla\u00e7\u00e3o.\u201d<\/p>\n\n\n\n<p>E complementa: \u201cas expectativas de infla\u00e7\u00e3o para 2026 e 2027 apuradas pela pesquisa Focus permanecem em valores acima da meta, situando-se em 4,9% e 4,0%, respectivamente\u201d. \u00c9 necess\u00e1rio esclarecer que o relat\u00f3rio semanal Focus, apresenta as expectativas de agentes do mercado, como bancos e financeiras, para os principais indicadores da economia brasileira, inclusive taxa de juros. \u00c9 divulgado como algo inquestion\u00e1vel pela grande m\u00eddia corporativa, quando na realidade \u00e9 uma proje\u00e7\u00e3o de um setor que tem interesse direto naqueles n\u00fameros.<\/p>\n\n\n\n<p>Para o BC, n\u00e3o importa que nos \u00faltimos 12 meses o \u00cdndice Nacional de Pre\u00e7os ao Consumidor Amplo (IPCA) ficou em 4,14%. Como os t\u00edtulos p\u00fablicos, especialmente o&nbsp;Tesouro Selic&nbsp;(p\u00f3s-fixado), acompanham a varia\u00e7\u00e3o da taxa Selic de 14,50% ao ano, o ganho real dos investidores \u2013 bancos, grandes fortunas \u2013 chega a 10,36 pontos percentuais acima da infla\u00e7\u00e3o. O Brasil est\u00e1 entre os tr\u00eas pa\u00edses do mundo que melhor remunera os investidores de seus t\u00edtulos. &nbsp;A desculpa \u00e9 sempre o perigo da infla\u00e7\u00e3o.<\/p>\n\n\n\n<p>A infla\u00e7\u00e3o e sua meta futura s\u00e3o usadas pelo mercado para manter a taxa de juros nas alturas. No Brasil, o sistema de metas de infla\u00e7\u00e3o foi adotado em 1999, no governo de Fernando Henrique Cardoso (PSDB), em um contexto de instabilidade econ\u00f4mica e transi\u00e7\u00e3o para o c\u00e2mbio flutuante. Em 2024, j\u00e1 no governo Lula, a meta de infla\u00e7\u00e3o foi estabelecida pelo Conselho Monet\u00e1rio Nacional (CMN) em 3,0%, com um intervalo de toler\u00e2ncia de 1,5 ponto percentual para mais ou para menos, resultando em um limite de at\u00e9 4,5%. \u00a0\u00a0\u00a0\u00a0\u00a0 \u00a0<\/p>\n\n\n\n<p>A consequ\u00eancia de uma meta t\u00e3o baixa \u00e9 que o Banco Central \u00e9 for\u00e7ado a adotar uma pol\u00edtica monet\u00e1ria contracionista, elevando a taxa Selic para frear o consumo e o investimento, o que aumenta o custo da d\u00edvida p\u00fablica e desacelera o crescimento econ\u00f4mico.<\/p>\n\n\n\n<p>Os garrotes s\u00e3o alinhados criteriosamente. O governo do presidente Luiz In\u00e1cio Lula da Silva (PT), por n\u00e3o ter maioria no Congresso, enfrenta bloqueio de recursos do governo federal para investimentos porque \u00e9 obrigado a adequar os gastos p\u00fablicos \u00e0s regras fiscais estabelecidas por lei, como o arcabou\u00e7o fiscal e a meta de resultado prim\u00e1rio. <\/p>\n\n\n\n<p>Ao juntar as medidas de um Congresso conservador com a  taxa de juros nas alturas por press\u00e3o de um sistema financeiro apoiado pela m\u00eddia corporativa, um mercado consumidor interno forte fica prejudicado, com cr\u00e9dito caro dificultando investimentos e empregos com sal\u00e1rios melhores. A raz\u00e3o \u00e9 muito simples: mercado interno forte distribui renda e a elite brasileira historicamente nunca aceitou reduzir seus ganhos bilion\u00e1rios.<\/p>\n\n\n\n<p><em>Concentra\u00e7\u00e3o de renda<\/em><\/p>\n\n\n\n<p>Tem uma hist\u00f3ria por tr\u00e1s da escolha de aumentar a taxa de juros com a desculpa de conter a infla\u00e7\u00e3o. Em agosto de 1979, a pol\u00edtica econ\u00f4mica do ent\u00e3o presidente dos Estados Unidos (EUA), Jimmy Carter, estava ca\u00f3tica. O d\u00f3lar estava se enfraquecendo novamente e a infla\u00e7\u00e3o subia na esteira de sucessivos choques nos pre\u00e7os do petr\u00f3leo. Numa nomea\u00e7\u00e3o inspirada, Carter pediu a uma lenda das finan\u00e7as norte-americana, o economista Paul Volcker, que assumisse a presid\u00eancia do Federal Reserve (Fed), o banco central dos EUA. &nbsp;Ele presidiu o BC estadunidense de 1979 a 1987 e serviu aos presidentes de John F. Kennedy a Barack Obama.<\/p>\n\n\n\n<p>Entre 1979 e 1982, Volcker implementou uma mudan\u00e7a radical: a taxa de juros passou a desempenhar um papel muito mais central. Apesar de manter o discurso de metas monet\u00e1rias no in\u00edcio, o Fed passou a aceitar grandes flutua\u00e7\u00f5es nas taxas de juros como consequ\u00eancia do controle da oferta de dinheiro.<\/p>\n\n\n\n<p>No in\u00edcio da d\u00e9cada de 1980, o uso da taxa de juros como instrumento prim\u00e1rio de combate \u00e0 infla\u00e7\u00e3o ficou evidente. P\u00f3s-1982, o Fed abandonou de vez as metas monet\u00e1rias expl\u00edcitas e passou a mirar diretamente a infla\u00e7\u00e3o via taxa de juros, modelo que prevalece at\u00e9 hoje.<\/p>\n\n\n\n<p>A partir de Volcker (e consolidando-se nos anos 1990), a pol\u00edtica monet\u00e1ria global passou a girar em torno de metas de infla\u00e7\u00e3o com controle via taxa de juros de curto prazo. Na pr\u00e1tica, os juros altos esfriam a economia para controlar a infla\u00e7\u00e3o, enquanto juros baixos estimulam cr\u00e9dito, consumo e crescimento.<\/p>\n\n\n\n<p>Pode-se argumentar que o uso da taxa de juros como instrumento central da pol\u00edtica monet\u00e1ria, especialmente quando desacompanhado de pol\u00edticas fiscais, industriais e sociais compensat\u00f3rias, contribuiu para uma concentra\u00e7\u00e3o brutal de renda no mundo, o que aconteceu a partir dos anos 1990.<\/p>\n\n\n\n<p>Por isso, a gest\u00e3o do presidente do Banco Central, Gabriel Gal\u00edpolo, em rela\u00e7\u00e3o \u00e0 taxa Selic \u00e9 muito semelhante \u00e0 de Campos Neto, que ocupou o mesmo cargo durante o governo Bolsonaro. O economista e ex-ministro Luiz Carlos Bresser-Pereira chamou Gal\u00edpolo de &#8220;traidor&#8221; ao avaliar que ele se aproximou do mercado financeiro e frustrou as expectativas de mudan\u00e7a na pol\u00edtica monet\u00e1ria, mantendo juros elevados. No entanto, o tema \u00e9 bem mais complexo.<\/p>\n","protected":false},"excerpt":{"rendered":"<p>O Comit\u00ea de Pol\u00edtica Monet\u00e1ria (Copom) do Banco Central (BC) reduziu a taxa b\u00e1sica de juros, a Selic, em 0,25 ponto percentual, de 14,75% para 14,50%, segundo corte dos juros iniciado na reuni\u00e3o de mar\u00e7o.&nbsp;A desculpa por uma redu\u00e7\u00e3o t\u00e3o p\u00edfia \u00e9 o ambiente externo, que permanece incerto, em fun\u00e7\u00e3o da indefini\u00e7\u00e3o a respeito da [&hellip;]<\/p>\n","protected":false},"author":9,"featured_media":2052,"comment_status":"closed","ping_status":"open","sticky":false,"template":"","format":"standard","meta":{"jetpack_post_was_ever_published":false,"_jetpack_newsletter_access":"","_jetpack_dont_email_post_to_subs":false,"_jetpack_newsletter_tier_id":0,"_jetpack_memberships_contains_paywalled_content":false,"_jetpack_memberships_contains_paid_content":false,"footnotes":"","jetpack_publicize_message":"","jetpack_publicize_feature_enabled":true,"jetpack_social_post_already_shared":true,"jetpack_social_options":{"image_generator_settings":{"template":"highway","default_image_id":0,"font":"","enabled":false},"version":2}},"categories":[1],"tags":[],"class_list":["post-2051","post","type-post","status-publish","format-standard","has-post-thumbnail","hentry","category-sem-categoria"],"aioseo_notices":[],"jetpack_publicize_connections":[],"jetpack_featured_media_url":"https:\/\/www.jornalja.com.br\/economics\/wp-content\/uploads\/sites\/11\/2026\/05\/ilustracao-taxa-de-juros.jpg","jetpack-related-posts":[{"id":1983,"url":"https:\/\/www.jornalja.com.br\/economics\/qual-o-pais-queremos-nos-proximos-anos\/","url_meta":{"origin":2051,"position":0},"title":"Qual o pa\u00eds queremos nos pr\u00f3ximos anos","author":"S\u00e9rgio Lagranha","date":"6 de mar\u00e7o de 2026","format":false,"excerpt":"O Produto Interno Bruto (PIB) do Brasil, em 2025, cresceu 2,3%, frente ao ano anterior. Em valores correntes, totalizou R$ 12,7 trilh\u00f5es e o PIB per capita chegou a R$ 59.687,49, com avan\u00e7o real de 1,9% frente ao ano anterior. \u00a0A taxa de investimento foi de 16,8% do PIB, contra\u2026","rel":"","context":"Em &quot;Sem categoria&quot;","block_context":{"text":"Sem categoria","link":"https:\/\/www.jornalja.com.br\/economics\/category\/sem-categoria\/"},"img":{"alt_text":"","src":"","width":0,"height":0},"classes":[]},{"id":2008,"url":"https:\/\/www.jornalja.com.br\/economics\/guerra-contra-ira-derruba-titulos-da-divida-dos-eua\/","url_meta":{"origin":2051,"position":1},"title":"Guerra contra Ir\u00e3 derruba t\u00edtulos da d\u00edvida dos EUA","author":"S\u00e9rgio Lagranha","date":"3 de abril de 2026","format":false,"excerpt":"A guerra dos Estados Unidos (EUA) e Israel contra o Ir\u00e3 provocou forte volatilidade no mercado financeiro. Bancos centrais de v\u00e1rios pa\u00edses \u2014 principalmente exportadores de petr\u00f3leo do Oriente M\u00e9dio \u2014 cortaram de forma dr\u00e1stica as reservas de Treasuries (t\u00edtulos do Tesouro dos EUA) que mant\u00eam no Federal Reserve (Fed,\u2026","rel":"","context":"Em &quot;Sem categoria&quot;","block_context":{"text":"Sem categoria","link":"https:\/\/www.jornalja.com.br\/economics\/category\/sem-categoria\/"},"img":{"alt_text":"","src":"https:\/\/i0.wp.com\/www.jornalja.com.br\/economics\/wp-content\/uploads\/sites\/11\/2026\/04\/conflito-eua-israel-ira.jpg?resize=350%2C200&ssl=1","width":350,"height":200,"srcset":"https:\/\/i0.wp.com\/www.jornalja.com.br\/economics\/wp-content\/uploads\/sites\/11\/2026\/04\/conflito-eua-israel-ira.jpg?resize=350%2C200&ssl=1 1x, https:\/\/i0.wp.com\/www.jornalja.com.br\/economics\/wp-content\/uploads\/sites\/11\/2026\/04\/conflito-eua-israel-ira.jpg?resize=525%2C300&ssl=1 1.5x, https:\/\/i0.wp.com\/www.jornalja.com.br\/economics\/wp-content\/uploads\/sites\/11\/2026\/04\/conflito-eua-israel-ira.jpg?resize=700%2C400&ssl=1 2x"},"classes":[]},{"id":2025,"url":"https:\/\/www.jornalja.com.br\/economics\/estreito-de-ormuz-esta-liberado-pelo-ira-e-um-acordo-volta-a-ser-discutido\/","url_meta":{"origin":2051,"position":2},"title":"Abertura do Estreito de Ormuz dura um dia e volta o controle rigoroso","author":"S\u00e9rgio Lagranha","date":"17 de abril de 2026","format":false,"excerpt":"\u00a0Nesta sexta-feira, 17 de abril, o Ir\u00e3 anunciou que permitiria a\u00a0passagem de\u00a0\"todos os navios comerciais\"\u00a0pelo estrat\u00e9gico Estreito de Ormuz, onde passam 20% da produ\u00e7\u00e3o global de petr\u00f3leo e g\u00e1s natural liquefeito (GNL), ap\u00f3s a declara\u00e7\u00e3o de um cessar-fogo de 10 dias entre Israel e L\u00edbano. J\u00e1 no s\u00e1bado o Ir\u00e3\u2026","rel":"","context":"Em &quot;Sem categoria&quot;","block_context":{"text":"Sem categoria","link":"https:\/\/www.jornalja.com.br\/economics\/category\/sem-categoria\/"},"img":{"alt_text":"","src":"https:\/\/i0.wp.com\/www.jornalja.com.br\/economics\/wp-content\/uploads\/sites\/11\/2026\/04\/ilustracao-ormuz2.jpg?resize=350%2C200&ssl=1","width":350,"height":200,"srcset":"https:\/\/i0.wp.com\/www.jornalja.com.br\/economics\/wp-content\/uploads\/sites\/11\/2026\/04\/ilustracao-ormuz2.jpg?resize=350%2C200&ssl=1 1x, https:\/\/i0.wp.com\/www.jornalja.com.br\/economics\/wp-content\/uploads\/sites\/11\/2026\/04\/ilustracao-ormuz2.jpg?resize=525%2C300&ssl=1 1.5x, https:\/\/i0.wp.com\/www.jornalja.com.br\/economics\/wp-content\/uploads\/sites\/11\/2026\/04\/ilustracao-ormuz2.jpg?resize=700%2C400&ssl=1 2x, https:\/\/i0.wp.com\/www.jornalja.com.br\/economics\/wp-content\/uploads\/sites\/11\/2026\/04\/ilustracao-ormuz2.jpg?resize=1050%2C600&ssl=1 3x, https:\/\/i0.wp.com\/www.jornalja.com.br\/economics\/wp-content\/uploads\/sites\/11\/2026\/04\/ilustracao-ormuz2.jpg?resize=1400%2C800&ssl=1 4x"},"classes":[]},{"id":2005,"url":"https:\/\/www.jornalja.com.br\/economics\/guerra-no-oriente-medio-expoe-erros-na-venda-de-ativos-petrobras-parte-iii\/","url_meta":{"origin":2051,"position":3},"title":"Guerra no Oriente M\u00e9dio exp\u00f5e erros na venda de ativos Petrobras (Parte III)\u00a0","author":"S\u00e9rgio Lagranha","date":"27 de mar\u00e7o de 2026","format":false,"excerpt":"A guerra de Estados Unidos e Israel contra o Ir\u00e3, no Oriente M\u00e9dio, continua escalando e o ambiente de incerteza j\u00e1 traz uma press\u00e3o de pre\u00e7os em cadeia devido alta de combust\u00edveis.\u00a0Uma opera\u00e7\u00e3o conjunta envolvendo Pol\u00edcia Federal, Secretaria Nacional do Consumidor (Senacon) e Ag\u00eancia Nacional do Petr\u00f3leo, G\u00e1s Natural e\u2026","rel":"","context":"Em &quot;Sem categoria&quot;","block_context":{"text":"Sem categoria","link":"https:\/\/www.jornalja.com.br\/economics\/category\/sem-categoria\/"},"img":{"alt_text":"","src":"https:\/\/i0.wp.com\/www.jornalja.com.br\/economics\/wp-content\/uploads\/sites\/11\/2026\/03\/policia-federal2.jpg?resize=350%2C200&ssl=1","width":350,"height":200,"srcset":"https:\/\/i0.wp.com\/www.jornalja.com.br\/economics\/wp-content\/uploads\/sites\/11\/2026\/03\/policia-federal2.jpg?resize=350%2C200&ssl=1 1x, https:\/\/i0.wp.com\/www.jornalja.com.br\/economics\/wp-content\/uploads\/sites\/11\/2026\/03\/policia-federal2.jpg?resize=525%2C300&ssl=1 1.5x, https:\/\/i0.wp.com\/www.jornalja.com.br\/economics\/wp-content\/uploads\/sites\/11\/2026\/03\/policia-federal2.jpg?resize=700%2C400&ssl=1 2x"},"classes":[]},{"id":1990,"url":"https:\/\/www.jornalja.com.br\/economics\/guerra-no-oriente-medio-expoe-erros-na-venda-de-ativos-petrobras-parte-i\/","url_meta":{"origin":2051,"position":4},"title":"Guerra no Oriente M\u00e9dio exp\u00f5e erros na venda de ativos Petrobras (Parte I) \u00a0","author":"S\u00e9rgio Lagranha","date":"13 de mar\u00e7o de 2026","format":false,"excerpt":"A guerra de Estados Unidos e Israel contra o Ir\u00e3, no Oriente M\u00e9dio, est\u00e1 provocando uma instabilidade no pre\u00e7o internacional do petr\u00f3leo. O controle do Estreito de Ormuz, no Golfo P\u00e9rsico, pelo Ir\u00e3, por onde passa cerca de 20% do petr\u00f3leo do mundo, levou ao aumento de 70% nos pre\u00e7os\u2026","rel":"","context":"Em &quot;Sem categoria&quot;","block_context":{"text":"Sem categoria","link":"https:\/\/www.jornalja.com.br\/economics\/category\/sem-categoria\/"},"img":{"alt_text":"","src":"https:\/\/i0.wp.com\/www.jornalja.com.br\/economics\/wp-content\/uploads\/sites\/11\/2026\/03\/petrobras-fernando-frazao-agencia-brasil-scaled.jpg?resize=350%2C200&ssl=1","width":350,"height":200,"srcset":"https:\/\/i0.wp.com\/www.jornalja.com.br\/economics\/wp-content\/uploads\/sites\/11\/2026\/03\/petrobras-fernando-frazao-agencia-brasil-scaled.jpg?resize=350%2C200&ssl=1 1x, https:\/\/i0.wp.com\/www.jornalja.com.br\/economics\/wp-content\/uploads\/sites\/11\/2026\/03\/petrobras-fernando-frazao-agencia-brasil-scaled.jpg?resize=525%2C300&ssl=1 1.5x, https:\/\/i0.wp.com\/www.jornalja.com.br\/economics\/wp-content\/uploads\/sites\/11\/2026\/03\/petrobras-fernando-frazao-agencia-brasil-scaled.jpg?resize=700%2C400&ssl=1 2x, https:\/\/i0.wp.com\/www.jornalja.com.br\/economics\/wp-content\/uploads\/sites\/11\/2026\/03\/petrobras-fernando-frazao-agencia-brasil-scaled.jpg?resize=1050%2C600&ssl=1 3x, https:\/\/i0.wp.com\/www.jornalja.com.br\/economics\/wp-content\/uploads\/sites\/11\/2026\/03\/petrobras-fernando-frazao-agencia-brasil-scaled.jpg?resize=1400%2C800&ssl=1 4x"},"classes":[]},{"id":1943,"url":"https:\/\/www.jornalja.com.br\/economics\/a-retomada-do-projeto-cais-maua-parte-ii\/","url_meta":{"origin":2051,"position":5},"title":"A retomada do projeto Cais Mau\u00e1  (Parte II)","author":"S\u00e9rgio Lagranha","date":"20 de fevereiro de 2026","format":false,"excerpt":"O Cais Mau\u00e1, no Centro Hist\u00f3rico de Porto Alegre, foi concedido por meio de uma Parceria P\u00fablico-Privada (PPP) pelo Governo do Estado do Rio Grande do Sul ao Cons\u00f3rcio Pulsa RS, que venceu o leil\u00e3o em fevereiro de 2024 e retoma o projeto agora. Como concession\u00e1rio, o Pulsa RS ter\u00e1\u2026","rel":"","context":"Em &quot;Sem categoria&quot;","block_context":{"text":"Sem categoria","link":"https:\/\/www.jornalja.com.br\/economics\/category\/sem-categoria\/"},"img":{"alt_text":"","src":"https:\/\/i0.wp.com\/www.jornalja.com.br\/economics\/wp-content\/uploads\/sites\/11\/2026\/02\/cais-maua-tabela2-jpg-3.jpg?resize=350%2C200&ssl=1","width":350,"height":200,"srcset":"https:\/\/i0.wp.com\/www.jornalja.com.br\/economics\/wp-content\/uploads\/sites\/11\/2026\/02\/cais-maua-tabela2-jpg-3.jpg?resize=350%2C200&ssl=1 1x, https:\/\/i0.wp.com\/www.jornalja.com.br\/economics\/wp-content\/uploads\/sites\/11\/2026\/02\/cais-maua-tabela2-jpg-3.jpg?resize=525%2C300&ssl=1 1.5x"},"classes":[]}],"jetpack_shortlink":"https:\/\/wp.me\/pbMbUF-x5","jetpack_sharing_enabled":true,"_links":{"self":[{"href":"https:\/\/www.jornalja.com.br\/economics\/wp-json\/wp\/v2\/posts\/2051","targetHints":{"allow":["GET"]}}],"collection":[{"href":"https:\/\/www.jornalja.com.br\/economics\/wp-json\/wp\/v2\/posts"}],"about":[{"href":"https:\/\/www.jornalja.com.br\/economics\/wp-json\/wp\/v2\/types\/post"}],"author":[{"embeddable":true,"href":"https:\/\/www.jornalja.com.br\/economics\/wp-json\/wp\/v2\/users\/9"}],"replies":[{"embeddable":true,"href":"https:\/\/www.jornalja.com.br\/economics\/wp-json\/wp\/v2\/comments?post=2051"}],"version-history":[{"count":1,"href":"https:\/\/www.jornalja.com.br\/economics\/wp-json\/wp\/v2\/posts\/2051\/revisions"}],"predecessor-version":[{"id":2053,"href":"https:\/\/www.jornalja.com.br\/economics\/wp-json\/wp\/v2\/posts\/2051\/revisions\/2053"}],"wp:featuredmedia":[{"embeddable":true,"href":"https:\/\/www.jornalja.com.br\/economics\/wp-json\/wp\/v2\/media\/2052"}],"wp:attachment":[{"href":"https:\/\/www.jornalja.com.br\/economics\/wp-json\/wp\/v2\/media?parent=2051"}],"wp:term":[{"taxonomy":"category","embeddable":true,"href":"https:\/\/www.jornalja.com.br\/economics\/wp-json\/wp\/v2\/categories?post=2051"},{"taxonomy":"post_tag","embeddable":true,"href":"https:\/\/www.jornalja.com.br\/economics\/wp-json\/wp\/v2\/tags?post=2051"}],"curies":[{"name":"wp","href":"https:\/\/api.w.org\/{rel}","templated":true}]}}