{"id":2187,"date":"2026-09-04T14:12:43","date_gmt":"2026-09-04T17:12:43","guid":{"rendered":"https:\/\/www.jornalja.com.br\/economics\/?p=2187"},"modified":"2026-09-04T14:12:45","modified_gmt":"2026-09-04T17:12:45","slug":"taxa-de-juros-deveria-ser-tema-da-campanha-eleitoral","status":"publish","type":"post","link":"https:\/\/www.jornalja.com.br\/economics\/taxa-de-juros-deveria-ser-tema-da-campanha-eleitoral\/","title":{"rendered":"Taxa de juros deveria ser tema da campanha eleitoral"},"content":{"rendered":"\n<p class=\"wp-block-paragraph\">No Brasil, atualmente, os juros s\u00e3o um componente muito maior da din\u00e2mica da d\u00edvida do que o d\u00e9ficit prim\u00e1rio e deveriam ser tema dos candidatos \u00e0 Presid\u00eancia da Rep\u00fablica. Segundo o Banco Central, os juros nominais do setor p\u00fablico consolidado, no acumulado em doze meses at\u00e9 julho, alcan\u00e7aram R$1,15 trilh\u00e3o (8,67% do PIB). Traduzindo, \u00e9 o saldo final e definitivo das contas p\u00fablicas, que engloba todas as receitas e despesas do governo, incluindo o pagamento dos juros da d\u00edvida acrescidos da corre\u00e7\u00e3o monet\u00e1ria (infla\u00e7\u00e3o) do per\u00edodo. &nbsp;<\/p>\n\n\n\n<p class=\"wp-block-paragraph\">Desconsiderando os gastos com os juros da d\u00edvida, no mesmo per\u00edodo, o acumulado do d\u00e9ficit prim\u00e1rio foi de R$89,3 bilh\u00f5es, equivalente a 0,67% do PIB, que ocorre quando as despesas de um governo s\u00e3o maiores que as suas receitas.<\/p>\n\n\n\n<p class=\"wp-block-paragraph\">Portanto, hoje o problema da d\u00edvida brasileira \u00e9 muito mais &#8220;juros + d\u00edvida j\u00e1 existente&#8221; do que simplesmente &#8220;gasto p\u00fablico maior que arrecada\u00e7\u00e3o&#8221;. Se h\u00e1 d\u00e9ficit prim\u00e1rio, o governo precisa financiar essa diferen\u00e7a, normalmente emitindo t\u00edtulos da d\u00edvida. Portanto, o d\u00e9ficit fiscal importa, mas atualmente ele \u00e9 bem menor que a conta de juros.<\/p>\n\n\n\n<p class=\"wp-block-paragraph\">A maior parte da d\u00edvida p\u00fablica \u00e9 indexada \u00e0 taxa b\u00e1sica de juros (Selic) ou tem seu custo fortemente influenciado por ela. Em an\u00e1lise recente, cerca de 65% da d\u00edvida mobili\u00e1ria (t\u00edtulos emitidos pelo governo), somada \u00e0s opera\u00e7\u00f5es compromissadas, vencimentos de curto prazo e dep\u00f3sitos remunerados, aparece diretamente sens\u00edvel \u00e0 Selic.<\/p>\n\n\n\n<p class=\"wp-block-paragraph\">Nas opera\u00e7\u00f5es compromissadas, o Banco Central recolhe o excesso de dinheiro dos bancos comerciais com o argumento de controlar a infla\u00e7\u00e3o. O saldo total desse dinheiro &#8220;guardado&#8221; no BC diariamente est\u00e1 pr\u00f3ximo de R$ 1,5 trilh\u00e3o. O BC remunera os bancos por esse dinheiro guardado utilizando a taxa Selic. O custo anual auditado pelo Tribunal de Contas da Uni\u00e3o (TCU) foi de R$ 170,4 bilh\u00f5es para o ano de 2025.<\/p>\n\n\n\n<p class=\"wp-block-paragraph\">Se tomarmos a taxa Selic de 14% ao ano e o IPCA dos \u00faltimos 12 meses, que est\u00e1 em 4,44%, temos um juro real pr\u00f3ximo de 10% ao ano. A economia brasileira est\u00e1 sendo submetida a uma taxa de juros excessivamente elevada. Isso aumenta a despesa financeira do Estado, transfere renda para os detentores de riqueza financeira e reduz investimento produtivo. A pr\u00f3pria d\u00edvida cresce por causa dos juros.<\/p>\n\n\n\n<p class=\"wp-block-paragraph\">Existe uma estrutura de interesses que favorece juros elevados: o sistema financeiro e os grandes detentores de patrim\u00f4nio t\u00eam muito a ganhar com taxas reais elevadas, enquanto os custos recaem de maneira mais difusa sobre trabalhadores, empresas e Estado.<\/p>\n\n\n\n<p class=\"wp-block-paragraph\">O endividamento das fam\u00edlias permanece em patamar historicamente alto, e o comprometimento de renda atingiu o maior n\u00edvel da s\u00e9rie hist\u00f3rica. Em rela\u00e7\u00e3o \u00e0 renda acumulada dos \u00faltimos doze meses foi de 49,75% em junho ante 48,82% do mesmo per\u00edodo de 2025, conforme dados do Banco Central. O c\u00e1lculo \u00e9 feito com base na Renda Nacional Dispon\u00edvel Bruta das Fam\u00edlias (RNBF). A s\u00e9rie hist\u00f3rica da estat\u00edstica come\u00e7ou em 2005, e mede a disponibilidade de recursos da popula\u00e7\u00e3o brasileira com base nos ganhos financeiros com trabalho, ajudas do governo, rendas de aluguel, por exemplo.<\/p>\n\n\n\n<p class=\"wp-block-paragraph\"><em>Financeiriza\u00e7\u00e3o x crescimento<\/em><\/p>\n\n\n\n<p class=\"wp-block-paragraph\">A economia brasileira apresentou uma taxa m\u00e9dia de crescimento do Produto Interno Bruto (PIB) de 7,4% ao ano entre 1947 e 1980. Nesse per\u00edodo, o Brasil passou por um expressivo processo de industrializa\u00e7\u00e3o e urbaniza\u00e7\u00e3o que implicou numa mudan\u00e7a significativa da sua estrutura social e econ\u00f4mica. No entanto, o processo de crescimento econ\u00f4mico do pa\u00eds, a partir dos anos 1980, tem passado por uma desacelera\u00e7\u00e3o importante. A taxa m\u00e9dia de crescimento anual do PIB encolheu para 2,21% ao ano.<\/p>\n\n\n\n<p class=\"wp-block-paragraph\">As raz\u00f5es para a desacelera\u00e7\u00e3o do crescimento brasileiro foram discutidas no trabalho <em>Taxa de juros, servi\u00e7o da d\u00edvida e investimento p\u00fablico: as rela\u00e7\u00f5es entre a financeiriza\u00e7\u00e3o subordinada e o crescimento econ\u00f4mico do Brasil<\/em>, dos economistas Luiz Carlos Magalh\u00e3es e Beatriz Estulano Vieira, publicado pelo Instituto de Pesquisa Econ\u00f4mica Aplicada (IPEA).<\/p>\n\n\n\n<p class=\"wp-block-paragraph\">Segundo os autores, o diagn\u00f3stico cl\u00e1ssico-marxista avalia que a taxa de juros e a financeiriza\u00e7\u00e3o em geral da economia criam mecanismos de valoriza\u00e7\u00e3o do capital que fogem ao circuito da produ\u00e7\u00e3o, como, por exemplo, aplica\u00e7\u00e3o em ativos financeiros, dividendos e diferentes formas de remunera\u00e7\u00e3o do capital.<\/p>\n\n\n\n<p class=\"wp-block-paragraph\">\u201cA taxa de juros estruturalmente elevada para padr\u00f5es internacionais que incide sobre o estoque da d\u00edvida p\u00fablica implica um alto custo fiscal para o Estado. Dessa forma, para manter a trajet\u00f3ria sustent\u00e1vel, na percep\u00e7\u00e3o dos rentistas que a carregam, o governo federal \u00e9 obrigado a se comprometer com super\u00e1vits prim\u00e1rios, que significa conten\u00e7\u00e3o dos gastos p\u00fablicos. O efeito desse comportamento, dadas as press\u00f5es dos diferentes grupos de interesse do or\u00e7amento federal, \u00e9 o investimento p\u00fablico tornar-se sistematicamente comprimido.\u201d<\/p>\n\n\n\n<p class=\"wp-block-paragraph\">Como a posse de ativos financeiros \u00e9 extremamente concentrada, os efeitos tamb\u00e9m s\u00e3o desiguais. Com a Selic alta os t\u00edtulos p\u00fablicos rendem mais para fundos, bancos e investidores financeiros. A renda financeira aumenta. Ao mesmo tempo, com a Selic alta o cr\u00e9dito fica caro, consumo e investimento diminuem, empresas investem menos, atividade econ\u00f4mica e emprego s\u00e3o pressionados.<\/p>\n\n\n\n<p class=\"wp-block-paragraph\"><\/p>\n\n\n\n<p class=\"wp-block-paragraph\"><strong>Radiografia do Rombo Fiscal Brasileiro<\/strong><\/p>\n\n\n\n<p class=\"wp-block-paragraph\"><em>Os dados abaixo mostram o acumulado recente em rela\u00e7\u00e3o ao PIB do Brasil<\/em><\/p>\n\n\n\n<figure class=\"wp-block-table\"><table class=\"has-fixed-layout\"><tbody><tr><td><strong>Indicador Fiscal<\/strong><\/td><td><strong>Percentual do PIB<\/strong><\/td><td><strong>O que esse n\u00famero significa na pr\u00e1tica?<\/strong><\/td><\/tr><tr><td><strong>1. D\u00e9ficit Prim\u00e1rio<\/strong><br><em>(Gastos cotidianos vs. Arrecada\u00e7\u00e3o)<\/em><\/td><td><strong>1,14%<\/strong><\/td><td>\u00c9 o quanto o governo gastou a mais do que arrecadou no &#8220;dia a dia&#8221; (sa\u00fade, educa\u00e7\u00e3o, infraestrutura).<\/td><\/tr><tr><td><strong>2. Juros Nominais<\/strong><br><em>(Custo da d\u00edvida acumulada + infla\u00e7\u00e3o)<\/em><\/td><td><strong>8,52%<\/strong><\/td><td>\u00c9 a despesa financeira gerada pela taxa de juros incidindo sobre a d\u00edvida antiga e acumulada do pa\u00eds.<\/td><\/tr><tr><td><strong>Resultado Nominal<\/strong><br><em>(O Rombo Definitivo Total)<\/em><\/td><td><strong>9,66%<\/strong><\/td><td><strong>\u00c9 a soma dos dois itens acima.<\/strong> O d\u00e9ficit total salta de 1,1% para quase 10% do PIB devido ao peso esmagador dos juros.<\/td><\/tr><\/tbody><\/table><\/figure>\n\n\n\n<p class=\"wp-block-paragraph\"><\/p>\n","protected":false},"excerpt":{"rendered":"<p>No Brasil, atualmente, os juros s\u00e3o um componente muito maior da din\u00e2mica da d\u00edvida do que o d\u00e9ficit prim\u00e1rio e deveriam ser tema dos candidatos \u00e0 Presid\u00eancia da Rep\u00fablica. Segundo o Banco Central, os juros nominais do setor p\u00fablico consolidado, no acumulado em doze meses at\u00e9 julho, alcan\u00e7aram R$1,15 trilh\u00e3o (8,67% do PIB). Traduzindo, \u00e9 [&hellip;]<\/p>\n","protected":false},"author":9,"featured_media":0,"comment_status":"closed","ping_status":"open","sticky":false,"template":"","format":"standard","meta":{"_jetpack_newsletter_access":"","_jetpack_dont_email_post_to_subs":false,"_jetpack_newsletter_tier_id":0,"_jetpack_memberships_contains_paywalled_content":false,"_jetpack_feature_clip_id":0,"_jetpack_memberships_contains_paid_content":false,"footnotes":"","jetpack_publicize_message":"","jetpack_publicize_feature_enabled":true,"jetpack_social_post_already_shared":true,"jetpack_social_options":{"image_generator_settings":{"template":"highway","default_image_id":0,"font":"","enabled":false},"version":2},"jetpack_post_was_ever_published":false},"categories":[1],"tags":[],"class_list":["post-2187","post","type-post","status-publish","format-standard","hentry","category-sem-categoria"],"aioseo_notices":[],"aioseo_head":"\n\t\t<!-- All in One SEO 5.0.1.1 - aioseo.com -->\n\t<meta name=\"robots\" content=\"max-image-preview:large\" \/>\n\t<meta name=\"author\" content=\"S\u00e9rgio Lagranha\"\/>\n\t<link rel=\"canonical\" href=\"https:\/\/www.jornalja.com.br\/economics\/taxa-de-juros-deveria-ser-tema-da-campanha-eleitoral\/\" \/>\n\t<meta name=\"generator\" content=\"All in One SEO (AIOSEO) 5.0.1.1\" \/>\n\t\t<meta property=\"og:locale\" content=\"pt_BR\" \/>\n\t\t<meta property=\"og:site_name\" content=\"Economics\" \/>\n\t\t<meta property=\"og:type\" content=\"article\" \/>\n\t\t<meta property=\"og:title\" content=\"Taxa de juros deveria ser tema da campanha eleitoral | Economics\" \/>\n\t\t<meta property=\"og:url\" content=\"https:\/\/www.jornalja.com.br\/economics\/taxa-de-juros-deveria-ser-tema-da-campanha-eleitoral\/\" \/>\n\t\t<meta property=\"og:image\" content=\"https:\/\/www.jornalja.com.br\/economics\/wp-content\/uploads\/sites\/11\/2026\/08\/ja-folhaderosto-facebook.jpg\" \/>\n\t\t<meta property=\"og:image:secure_url\" content=\"https:\/\/www.jornalja.com.br\/economics\/wp-content\/uploads\/sites\/11\/2026\/08\/ja-folhaderosto-facebook.jpg\" \/>\n\t\t<meta property=\"og:image:width\" content=\"1640\" \/>\n\t\t<meta property=\"og:image:height\" content=\"856\" \/>\n\t\t<meta property=\"article:published_time\" content=\"2026-09-04T17:12:43+00:00\" \/>\n\t\t<meta property=\"article:modified_time\" content=\"2026-09-04T17:12:45+00:00\" \/>\n\t\t<meta name=\"twitter:card\" content=\"summary\" \/>\n\t\t<meta name=\"twitter:title\" content=\"Taxa de juros deveria ser tema da campanha eleitoral | Economics\" \/>\n\t\t<meta name=\"twitter:image\" content=\"https:\/\/www.jornalja.com.br\/economics\/wp-content\/uploads\/sites\/11\/2026\/08\/ja-folhaderosto-facebook.jpg\" \/>\n\t\t<script type=\"application\/ld+json\" class=\"aioseo-schema\">\n\t\t\t{\"@context\":\"https:\\\/\\\/schema.org\",\"@graph\":[{\"@type\":\"Article\",\"@id\":\"https:\\\/\\\/www.jornalja.com.br\\\/economics\\\/taxa-de-juros-deveria-ser-tema-da-campanha-eleitoral\\\/#article\",\"name\":\"Taxa de juros deveria ser tema da campanha eleitoral | Economics\",\"headline\":\"Taxa de juros deveria ser tema da campanha eleitoral\",\"author\":{\"@id\":\"https:\\\/\\\/www.jornalja.com.br\\\/economics\\\/author\\\/selagranha\\\/#author\"},\"publisher\":{\"@id\":\"https:\\\/\\\/www.jornalja.com.br\\\/economics\\\/#organization\"},\"image\":{\"@type\":\"ImageObject\",\"url\":\"https:\\\/\\\/www.jornalja.com.br\\\/wp-content\\\/uploads\\\/cards\\\/JAslogan.png\",\"@id\":\"https:\\\/\\\/www.jornalja.com.br\\\/economics\\\/#articleImage\"},\"datePublished\":\"2026-09-04T14:12:43-03:00\",\"dateModified\":\"2026-09-04T14:12:45-03:00\",\"inLanguage\":\"pt-BR\",\"mainEntityOfPage\":{\"@id\":\"https:\\\/\\\/www.jornalja.com.br\\\/economics\\\/taxa-de-juros-deveria-ser-tema-da-campanha-eleitoral\\\/#webpage\"},\"isPartOf\":{\"@id\":\"https:\\\/\\\/www.jornalja.com.br\\\/economics\\\/taxa-de-juros-deveria-ser-tema-da-campanha-eleitoral\\\/#webpage\"},\"articleSection\":\"Sem categoria\"},{\"@type\":\"BreadcrumbList\",\"@id\":\"https:\\\/\\\/www.jornalja.com.br\\\/economics\\\/taxa-de-juros-deveria-ser-tema-da-campanha-eleitoral\\\/#breadcrumblist\",\"itemListElement\":[{\"@type\":\"ListItem\",\"@id\":\"https:\\\/\\\/www.jornalja.com.br\\\/economics#listItem\",\"position\":1,\"name\":\"Home\",\"item\":\"https:\\\/\\\/www.jornalja.com.br\\\/economics\",\"nextItem\":{\"@type\":\"ListItem\",\"@id\":\"https:\\\/\\\/www.jornalja.com.br\\\/economics\\\/category\\\/sem-categoria\\\/#listItem\",\"name\":\"Sem categoria\"}},{\"@type\":\"ListItem\",\"@id\":\"https:\\\/\\\/www.jornalja.com.br\\\/economics\\\/category\\\/sem-categoria\\\/#listItem\",\"position\":2,\"name\":\"Sem categoria\",\"item\":\"https:\\\/\\\/www.jornalja.com.br\\\/economics\\\/category\\\/sem-categoria\\\/\",\"nextItem\":{\"@type\":\"ListItem\",\"@id\":\"https:\\\/\\\/www.jornalja.com.br\\\/economics\\\/taxa-de-juros-deveria-ser-tema-da-campanha-eleitoral\\\/#listItem\",\"name\":\"Taxa de juros deveria ser tema da campanha eleitoral\"},\"previousItem\":{\"@type\":\"ListItem\",\"@id\":\"https:\\\/\\\/www.jornalja.com.br\\\/economics#listItem\",\"name\":\"Home\"}},{\"@type\":\"ListItem\",\"@id\":\"https:\\\/\\\/www.jornalja.com.br\\\/economics\\\/taxa-de-juros-deveria-ser-tema-da-campanha-eleitoral\\\/#listItem\",\"position\":3,\"name\":\"Taxa de juros deveria ser tema da campanha eleitoral\",\"previousItem\":{\"@type\":\"ListItem\",\"@id\":\"https:\\\/\\\/www.jornalja.com.br\\\/economics\\\/category\\\/sem-categoria\\\/#listItem\",\"name\":\"Sem categoria\"}}]},{\"@type\":\"Organization\",\"@id\":\"https:\\\/\\\/www.jornalja.com.br\\\/economics\\\/#organization\",\"name\":\"Jornal J\\u00c1\",\"description\":\"Jornal J\\u00c1 | Porto Alegre\",\"url\":\"https:\\\/\\\/www.jornalja.com.br\\\/economics\\\/\",\"telephone\":\"+555133307272\",\"logo\":{\"@type\":\"ImageObject\",\"url\":\"https:\\\/\\\/www.jornalja.com.br\\\/wp-content\\\/uploads\\\/cards\\\/JAslogan.png\",\"@id\":\"https:\\\/\\\/www.jornalja.com.br\\\/economics\\\/taxa-de-juros-deveria-ser-tema-da-campanha-eleitoral\\\/#organizationLogo\"},\"image\":{\"@id\":\"https:\\\/\\\/www.jornalja.com.br\\\/economics\\\/taxa-de-juros-deveria-ser-tema-da-campanha-eleitoral\\\/#organizationLogo\"}},{\"@type\":\"Person\",\"@id\":\"https:\\\/\\\/www.jornalja.com.br\\\/economics\\\/author\\\/selagranha\\\/#author\",\"url\":\"https:\\\/\\\/www.jornalja.com.br\\\/economics\\\/author\\\/selagranha\\\/\",\"name\":\"S\\u00e9rgio Lagranha\",\"image\":{\"@type\":\"ImageObject\",\"@id\":\"https:\\\/\\\/www.jornalja.com.br\\\/economics\\\/taxa-de-juros-deveria-ser-tema-da-campanha-eleitoral\\\/#authorImage\",\"url\":\"https:\\\/\\\/secure.gravatar.com\\\/avatar\\\/cf9814e3435e3322354ca3cfee83d0653f34e15b50d4fd9da687954d96ee95f3?s=96&d=mm&r=g\",\"width\":96,\"height\":96,\"caption\":\"S\\u00e9rgio Lagranha\"}},{\"@type\":\"WebPage\",\"@id\":\"https:\\\/\\\/www.jornalja.com.br\\\/economics\\\/taxa-de-juros-deveria-ser-tema-da-campanha-eleitoral\\\/#webpage\",\"url\":\"https:\\\/\\\/www.jornalja.com.br\\\/economics\\\/taxa-de-juros-deveria-ser-tema-da-campanha-eleitoral\\\/\",\"name\":\"Taxa de juros deveria ser tema da campanha eleitoral | Economics\",\"inLanguage\":\"pt-BR\",\"isPartOf\":{\"@id\":\"https:\\\/\\\/www.jornalja.com.br\\\/economics\\\/#website\"},\"breadcrumb\":{\"@id\":\"https:\\\/\\\/www.jornalja.com.br\\\/economics\\\/taxa-de-juros-deveria-ser-tema-da-campanha-eleitoral\\\/#breadcrumblist\"},\"author\":{\"@id\":\"https:\\\/\\\/www.jornalja.com.br\\\/economics\\\/author\\\/selagranha\\\/#author\"},\"creator\":{\"@id\":\"https:\\\/\\\/www.jornalja.com.br\\\/economics\\\/author\\\/selagranha\\\/#author\"},\"datePublished\":\"2026-09-04T14:12:43-03:00\",\"dateModified\":\"2026-09-04T14:12:45-03:00\"},{\"@type\":\"WebSite\",\"@id\":\"https:\\\/\\\/www.jornalja.com.br\\\/economics\\\/#website\",\"url\":\"https:\\\/\\\/www.jornalja.com.br\\\/economics\\\/\",\"name\":\"Economics\",\"description\":\"Jornal J\\u00c1 | Porto Alegre\",\"inLanguage\":\"pt-BR\",\"publisher\":{\"@id\":\"https:\\\/\\\/www.jornalja.com.br\\\/economics\\\/#organization\"}}]}\n\t\t<\/script>\n\t\t<!-- All in One SEO -->\n\n","aioseo_head_json":{"title":"Taxa de juros deveria ser tema da campanha eleitoral | Economics","description":"","canonical_url":"https:\/\/www.jornalja.com.br\/economics\/taxa-de-juros-deveria-ser-tema-da-campanha-eleitoral\/","robots":"max-image-preview:large","keywords":"","webmasterTools":{"miscellaneous":""},"schema":{"@context":"https:\/\/schema.org","@graph":[{"@type":"Article","@id":"https:\/\/www.jornalja.com.br\/economics\/taxa-de-juros-deveria-ser-tema-da-campanha-eleitoral\/#article","name":"Taxa de juros deveria ser tema da campanha eleitoral | Economics","headline":"Taxa de juros deveria ser tema da campanha eleitoral","author":{"@id":"https:\/\/www.jornalja.com.br\/economics\/author\/selagranha\/#author"},"publisher":{"@id":"https:\/\/www.jornalja.com.br\/economics\/#organization"},"image":{"@type":"ImageObject","url":"https:\/\/www.jornalja.com.br\/wp-content\/uploads\/cards\/JAslogan.png","@id":"https:\/\/www.jornalja.com.br\/economics\/#articleImage"},"datePublished":"2026-09-04T14:12:43-03:00","dateModified":"2026-09-04T14:12:45-03:00","inLanguage":"pt-BR","mainEntityOfPage":{"@id":"https:\/\/www.jornalja.com.br\/economics\/taxa-de-juros-deveria-ser-tema-da-campanha-eleitoral\/#webpage"},"isPartOf":{"@id":"https:\/\/www.jornalja.com.br\/economics\/taxa-de-juros-deveria-ser-tema-da-campanha-eleitoral\/#webpage"},"articleSection":"Sem categoria"},{"@type":"BreadcrumbList","@id":"https:\/\/www.jornalja.com.br\/economics\/taxa-de-juros-deveria-ser-tema-da-campanha-eleitoral\/#breadcrumblist","itemListElement":[{"@type":"ListItem","@id":"https:\/\/www.jornalja.com.br\/economics#listItem","position":1,"name":"Home","item":"https:\/\/www.jornalja.com.br\/economics","nextItem":{"@type":"ListItem","@id":"https:\/\/www.jornalja.com.br\/economics\/category\/sem-categoria\/#listItem","name":"Sem categoria"}},{"@type":"ListItem","@id":"https:\/\/www.jornalja.com.br\/economics\/category\/sem-categoria\/#listItem","position":2,"name":"Sem categoria","item":"https:\/\/www.jornalja.com.br\/economics\/category\/sem-categoria\/","nextItem":{"@type":"ListItem","@id":"https:\/\/www.jornalja.com.br\/economics\/taxa-de-juros-deveria-ser-tema-da-campanha-eleitoral\/#listItem","name":"Taxa de juros deveria ser tema da campanha eleitoral"},"previousItem":{"@type":"ListItem","@id":"https:\/\/www.jornalja.com.br\/economics#listItem","name":"Home"}},{"@type":"ListItem","@id":"https:\/\/www.jornalja.com.br\/economics\/taxa-de-juros-deveria-ser-tema-da-campanha-eleitoral\/#listItem","position":3,"name":"Taxa de juros deveria ser tema da campanha eleitoral","previousItem":{"@type":"ListItem","@id":"https:\/\/www.jornalja.com.br\/economics\/category\/sem-categoria\/#listItem","name":"Sem categoria"}}]},{"@type":"Organization","@id":"https:\/\/www.jornalja.com.br\/economics\/#organization","name":"Jornal J\u00c1","description":"Jornal J\u00c1 | Porto Alegre","url":"https:\/\/www.jornalja.com.br\/economics\/","telephone":"+555133307272","logo":{"@type":"ImageObject","url":"https:\/\/www.jornalja.com.br\/wp-content\/uploads\/cards\/JAslogan.png","@id":"https:\/\/www.jornalja.com.br\/economics\/taxa-de-juros-deveria-ser-tema-da-campanha-eleitoral\/#organizationLogo"},"image":{"@id":"https:\/\/www.jornalja.com.br\/economics\/taxa-de-juros-deveria-ser-tema-da-campanha-eleitoral\/#organizationLogo"}},{"@type":"Person","@id":"https:\/\/www.jornalja.com.br\/economics\/author\/selagranha\/#author","url":"https:\/\/www.jornalja.com.br\/economics\/author\/selagranha\/","name":"S\u00e9rgio Lagranha","image":{"@type":"ImageObject","@id":"https:\/\/www.jornalja.com.br\/economics\/taxa-de-juros-deveria-ser-tema-da-campanha-eleitoral\/#authorImage","url":"https:\/\/secure.gravatar.com\/avatar\/cf9814e3435e3322354ca3cfee83d0653f34e15b50d4fd9da687954d96ee95f3?s=96&d=mm&r=g","width":96,"height":96,"caption":"S\u00e9rgio Lagranha"}},{"@type":"WebPage","@id":"https:\/\/www.jornalja.com.br\/economics\/taxa-de-juros-deveria-ser-tema-da-campanha-eleitoral\/#webpage","url":"https:\/\/www.jornalja.com.br\/economics\/taxa-de-juros-deveria-ser-tema-da-campanha-eleitoral\/","name":"Taxa de juros deveria ser tema da campanha eleitoral | Economics","inLanguage":"pt-BR","isPartOf":{"@id":"https:\/\/www.jornalja.com.br\/economics\/#website"},"breadcrumb":{"@id":"https:\/\/www.jornalja.com.br\/economics\/taxa-de-juros-deveria-ser-tema-da-campanha-eleitoral\/#breadcrumblist"},"author":{"@id":"https:\/\/www.jornalja.com.br\/economics\/author\/selagranha\/#author"},"creator":{"@id":"https:\/\/www.jornalja.com.br\/economics\/author\/selagranha\/#author"},"datePublished":"2026-09-04T14:12:43-03:00","dateModified":"2026-09-04T14:12:45-03:00"},{"@type":"WebSite","@id":"https:\/\/www.jornalja.com.br\/economics\/#website","url":"https:\/\/www.jornalja.com.br\/economics\/","name":"Economics","description":"Jornal J\u00c1 | Porto Alegre","inLanguage":"pt-BR","publisher":{"@id":"https:\/\/www.jornalja.com.br\/economics\/#organization"}}]},"og:locale":"pt_BR","og:site_name":"Economics","og:type":"article","og:title":"Taxa de juros deveria ser tema da campanha eleitoral | Economics","og:url":"https:\/\/www.jornalja.com.br\/economics\/taxa-de-juros-deveria-ser-tema-da-campanha-eleitoral\/","og:image":"https:\/\/www.jornalja.com.br\/economics\/wp-content\/uploads\/sites\/11\/2026\/08\/ja-folhaderosto-facebook.jpg","og:image:secure_url":"https:\/\/www.jornalja.com.br\/economics\/wp-content\/uploads\/sites\/11\/2026\/08\/ja-folhaderosto-facebook.jpg","og:image:width":1640,"og:image:height":856,"article:published_time":"2026-09-04T17:12:43+00:00","article:modified_time":"2026-09-04T17:12:45+00:00","twitter:card":"summary","twitter:title":"Taxa de juros deveria ser tema da campanha eleitoral | Economics","twitter:image":"https:\/\/www.jornalja.com.br\/economics\/wp-content\/uploads\/sites\/11\/2026\/08\/ja-folhaderosto-facebook.jpg"},"aioseo_meta_data":{"post_id":"2187","title":null,"description":null,"keywords":null,"keyphrases":{"focus":{"keyphrase":"","score":0,"analysis":{"keyphraseInTitle":{"score":0,"maxScore":9,"error":1}}},"additional":[]},"primary_term":null,"canonical_url":null,"og_title":null,"og_description":null,"og_object_type":"default","og_image_type":"default","og_image_url":null,"og_image_width":null,"og_image_height":null,"og_image_custom_url":null,"og_image_custom_fields":null,"og_video":"","og_custom_url":null,"og_article_section":null,"og_article_tags":null,"twitter_use_og":false,"twitter_card":"default","twitter_image_type":"default","twitter_image_url":null,"twitter_image_custom_url":null,"twitter_image_custom_fields":null,"twitter_title":null,"twitter_description":null,"schema":{"blockGraphs":[],"customGraphs":[],"default":{"data":{"Article":[],"Course":[],"Dataset":[],"FAQPage":[],"Movie":[],"Person":[],"Product":[],"ProductReview":[],"Car":[],"Recipe":[],"Service":[],"SoftwareApplication":[],"WebPage":[]},"graphName":"Article","isEnabled":true},"graphs":[]},"schema_type":"default","schema_type_options":null,"pillar_content":false,"robots_default":true,"robots_noindex":false,"robots_noarchive":false,"robots_nosnippet":false,"robots_nofollow":false,"robots_noimageindex":false,"robots_noodp":false,"robots_notranslate":false,"robots_max_snippet":"-1","robots_max_videopreview":"-1","robots_max_imagepreview":"large","priority":null,"frequency":"default","location":null,"local_seo":null,"breadcrumb_settings":null,"limit_modified_date":false,"ai":{"faqs":[],"keyPoints":[],"schemas":[],"titles":[],"descriptions":[],"socialPosts":{"email":{"subject":"","preview":"","content":""},"linkedin":[],"twitter":[],"facebook":[],"instagram":[]}},"created":"2026-09-04 13:45:24","updated":"2026-09-04 17:12:45","seo_analyzer_scan_date":null,"focus_keyword":null,"additional_keywords":null,"truseo_locale":null},"jetpack_publicize_connections":[],"jetpack-related-posts":[{"id":1983,"url":"https:\/\/www.jornalja.com.br\/economics\/qual-o-pais-queremos-nos-proximos-anos\/","url_meta":{"origin":2187,"position":0},"title":"Qual o pa\u00eds queremos nos pr\u00f3ximos anos","author":"S\u00e9rgio Lagranha","date":"6 de mar\u00e7o de 2026","format":false,"excerpt":"O Produto Interno Bruto (PIB) do Brasil, em 2025, cresceu 2,3%, frente ao ano anterior. Em valores correntes, totalizou R$ 12,7 trilh\u00f5es e o PIB per capita chegou a R$ 59.687,49, com avan\u00e7o real de 1,9% frente ao ano anterior. \u00a0A taxa de investimento foi de 16,8% do PIB, contra\u2026","rel":"","context":"Em &quot;Sem categoria&quot;","block_context":{"text":"Sem categoria","link":"https:\/\/www.jornalja.com.br\/economics\/category\/sem-categoria\/"},"img":{"alt_text":"","src":"","width":0,"height":0},"classes":[]},{"id":2051,"url":"https:\/\/www.jornalja.com.br\/economics\/copom-reduz-taxa-de-juros-pero-no-mucho\/","url_meta":{"origin":2187,"position":1},"title":"Copom reduz taxa de juros, pero no mucho","author":"S\u00e9rgio Lagranha","date":"1 de maio de 2026","format":false,"excerpt":"O Comit\u00ea de Pol\u00edtica Monet\u00e1ria (Copom) do Banco Central (BC) reduziu a taxa b\u00e1sica de juros, a Selic, em 0,25 ponto percentual, de 14,75% para 14,50%, segundo corte iniciado na reuni\u00e3o de mar\u00e7o.\u00a0A desculpa por uma redu\u00e7\u00e3o t\u00e3o p\u00edfia \u00e9 o ambiente externo, que permanece incerto, em fun\u00e7\u00e3o da indefini\u00e7\u00e3o\u2026","rel":"","context":"Em &quot;Sem categoria&quot;","block_context":{"text":"Sem categoria","link":"https:\/\/www.jornalja.com.br\/economics\/category\/sem-categoria\/"},"img":{"alt_text":"","src":"https:\/\/i0.wp.com\/www.jornalja.com.br\/economics\/wp-content\/uploads\/sites\/11\/2026\/05\/ilustracao-taxa-de-juros.jpg?resize=350%2C200&ssl=1","width":350,"height":200,"srcset":"https:\/\/i0.wp.com\/www.jornalja.com.br\/economics\/wp-content\/uploads\/sites\/11\/2026\/05\/ilustracao-taxa-de-juros.jpg?resize=350%2C200&ssl=1 1x, https:\/\/i0.wp.com\/www.jornalja.com.br\/economics\/wp-content\/uploads\/sites\/11\/2026\/05\/ilustracao-taxa-de-juros.jpg?resize=525%2C300&ssl=1 1.5x, https:\/\/i0.wp.com\/www.jornalja.com.br\/economics\/wp-content\/uploads\/sites\/11\/2026\/05\/ilustracao-taxa-de-juros.jpg?resize=700%2C400&ssl=1 2x, https:\/\/i0.wp.com\/www.jornalja.com.br\/economics\/wp-content\/uploads\/sites\/11\/2026\/05\/ilustracao-taxa-de-juros.jpg?resize=1050%2C600&ssl=1 3x, https:\/\/i0.wp.com\/www.jornalja.com.br\/economics\/wp-content\/uploads\/sites\/11\/2026\/05\/ilustracao-taxa-de-juros.jpg?resize=1400%2C800&ssl=1 4x"},"classes":[]},{"id":2008,"url":"https:\/\/www.jornalja.com.br\/economics\/guerra-contra-ira-derruba-titulos-da-divida-dos-eua\/","url_meta":{"origin":2187,"position":2},"title":"Guerra contra Ir\u00e3 derruba t\u00edtulos da d\u00edvida dos EUA","author":"S\u00e9rgio Lagranha","date":"3 de abril de 2026","format":false,"excerpt":"A guerra dos Estados Unidos (EUA) e Israel contra o Ir\u00e3 provocou forte volatilidade no mercado financeiro. Bancos centrais de v\u00e1rios pa\u00edses \u2014 principalmente exportadores de petr\u00f3leo do Oriente M\u00e9dio \u2014 cortaram de forma dr\u00e1stica as reservas de Treasuries (t\u00edtulos do Tesouro dos EUA) que mant\u00eam no Federal Reserve (Fed,\u2026","rel":"","context":"Em &quot;Sem categoria&quot;","block_context":{"text":"Sem categoria","link":"https:\/\/www.jornalja.com.br\/economics\/category\/sem-categoria\/"},"img":{"alt_text":"","src":"https:\/\/i0.wp.com\/www.jornalja.com.br\/economics\/wp-content\/uploads\/sites\/11\/2026\/04\/conflito-eua-israel-ira.jpg?resize=350%2C200&ssl=1","width":350,"height":200,"srcset":"https:\/\/i0.wp.com\/www.jornalja.com.br\/economics\/wp-content\/uploads\/sites\/11\/2026\/04\/conflito-eua-israel-ira.jpg?resize=350%2C200&ssl=1 1x, https:\/\/i0.wp.com\/www.jornalja.com.br\/economics\/wp-content\/uploads\/sites\/11\/2026\/04\/conflito-eua-israel-ira.jpg?resize=525%2C300&ssl=1 1.5x, https:\/\/i0.wp.com\/www.jornalja.com.br\/economics\/wp-content\/uploads\/sites\/11\/2026\/04\/conflito-eua-israel-ira.jpg?resize=700%2C400&ssl=1 2x"},"classes":[]},{"id":2140,"url":"https:\/\/www.jornalja.com.br\/economics\/lula-defende-fortalecimento-da-industria-de-defesa-em-visita-a-avibras\/","url_meta":{"origin":2187,"position":3},"title":"Lula defende fortalecimento da ind\u00fastria de defesa em visita \u00e0 Avibras","author":"S\u00e9rgio Lagranha","date":"24 de julho de 2026","format":false,"excerpt":"A visita do presidente Luiz In\u00e1cio Lula da Silva \u00e0 Avibras Aeroco, em Jacare\u00ed (SP), nesta sexta-feira, 24 de julho, \u00e9 vista como um marco pol\u00edtico e industrial na tentativa de recupera\u00e7\u00e3o da principal fabricante brasileira de componentes met\u00e1licos para m\u00edsseis e foguetes, montagem de sistemas de defesa e de\u2026","rel":"","context":"Em &quot;Sem categoria&quot;","block_context":{"text":"Sem categoria","link":"https:\/\/www.jornalja.com.br\/economics\/category\/sem-categoria\/"},"img":{"alt_text":"","src":"https:\/\/i0.wp.com\/www.jornalja.com.br\/economics\/wp-content\/uploads\/sites\/11\/2026\/07\/avibras-divulgacao.jpg?resize=350%2C200&ssl=1","width":350,"height":200,"srcset":"https:\/\/i0.wp.com\/www.jornalja.com.br\/economics\/wp-content\/uploads\/sites\/11\/2026\/07\/avibras-divulgacao.jpg?resize=350%2C200&ssl=1 1x, https:\/\/i0.wp.com\/www.jornalja.com.br\/economics\/wp-content\/uploads\/sites\/11\/2026\/07\/avibras-divulgacao.jpg?resize=525%2C300&ssl=1 1.5x"},"classes":[]},{"id":2025,"url":"https:\/\/www.jornalja.com.br\/economics\/estreito-de-ormuz-esta-liberado-pelo-ira-e-um-acordo-volta-a-ser-discutido\/","url_meta":{"origin":2187,"position":4},"title":"Abertura do Estreito de Ormuz dura um dia e volta o controle rigoroso","author":"S\u00e9rgio Lagranha","date":"17 de abril de 2026","format":false,"excerpt":"\u00a0Nesta sexta-feira, 17 de abril, o Ir\u00e3 anunciou que permitiria a\u00a0passagem de\u00a0\"todos os navios comerciais\"\u00a0pelo estrat\u00e9gico Estreito de Ormuz, onde passam 20% da produ\u00e7\u00e3o global de petr\u00f3leo e g\u00e1s natural liquefeito (GNL), ap\u00f3s a declara\u00e7\u00e3o de um cessar-fogo de 10 dias entre Israel e L\u00edbano. J\u00e1 no s\u00e1bado o Ir\u00e3\u2026","rel":"","context":"Em &quot;Sem categoria&quot;","block_context":{"text":"Sem categoria","link":"https:\/\/www.jornalja.com.br\/economics\/category\/sem-categoria\/"},"img":{"alt_text":"","src":"https:\/\/i0.wp.com\/www.jornalja.com.br\/economics\/wp-content\/uploads\/sites\/11\/2026\/04\/ilustracao-ormuz2.jpg?resize=350%2C200&ssl=1","width":350,"height":200,"srcset":"https:\/\/i0.wp.com\/www.jornalja.com.br\/economics\/wp-content\/uploads\/sites\/11\/2026\/04\/ilustracao-ormuz2.jpg?resize=350%2C200&ssl=1 1x, https:\/\/i0.wp.com\/www.jornalja.com.br\/economics\/wp-content\/uploads\/sites\/11\/2026\/04\/ilustracao-ormuz2.jpg?resize=525%2C300&ssl=1 1.5x, https:\/\/i0.wp.com\/www.jornalja.com.br\/economics\/wp-content\/uploads\/sites\/11\/2026\/04\/ilustracao-ormuz2.jpg?resize=700%2C400&ssl=1 2x, https:\/\/i0.wp.com\/www.jornalja.com.br\/economics\/wp-content\/uploads\/sites\/11\/2026\/04\/ilustracao-ormuz2.jpg?resize=1050%2C600&ssl=1 3x, https:\/\/i0.wp.com\/www.jornalja.com.br\/economics\/wp-content\/uploads\/sites\/11\/2026\/04\/ilustracao-ormuz2.jpg?resize=1400%2C800&ssl=1 4x"},"classes":[]},{"id":2078,"url":"https:\/\/www.jornalja.com.br\/economics\/comemoracao-do-dia-da-industria-esquece-licoes-de-roberto-simonsen\/","url_meta":{"origin":2187,"position":5},"title":"Comemora\u00e7\u00e3o do Dia da Ind\u00fastria esquece li\u00e7\u00f5es de Roberto Simonsen","author":"S\u00e9rgio Lagranha","date":"29 de maio de 2026","format":false,"excerpt":"O Dia da Ind\u00fastria, celebrado em 25 de maio no Brasil, \u00e9 uma homenagem a Roberto Simonsen, considerado o patrono da ind\u00fastria nacional. A data foi escolhida porque Simonsen faleceu em 25 de maio de 1948. Empres\u00e1rio, engenheiro, historiador, professor e pol\u00edtico, ele teve papel central na defesa da industrializa\u00e7\u00e3o\u2026","rel":"","context":"Em &quot;Sem categoria&quot;","block_context":{"text":"Sem categoria","link":"https:\/\/www.jornalja.com.br\/economics\/category\/sem-categoria\/"},"img":{"alt_text":"","src":"https:\/\/i0.wp.com\/www.jornalja.com.br\/economics\/wp-content\/uploads\/sites\/11\/2026\/05\/ilustracao-educacao-politica2.jpg?resize=350%2C200&ssl=1","width":350,"height":200,"srcset":"https:\/\/i0.wp.com\/www.jornalja.com.br\/economics\/wp-content\/uploads\/sites\/11\/2026\/05\/ilustracao-educacao-politica2.jpg?resize=350%2C200&ssl=1 1x, https:\/\/i0.wp.com\/www.jornalja.com.br\/economics\/wp-content\/uploads\/sites\/11\/2026\/05\/ilustracao-educacao-politica2.jpg?resize=525%2C300&ssl=1 1.5x, https:\/\/i0.wp.com\/www.jornalja.com.br\/economics\/wp-content\/uploads\/sites\/11\/2026\/05\/ilustracao-educacao-politica2.jpg?resize=700%2C400&ssl=1 2x, https:\/\/i0.wp.com\/www.jornalja.com.br\/economics\/wp-content\/uploads\/sites\/11\/2026\/05\/ilustracao-educacao-politica2.jpg?resize=1050%2C600&ssl=1 3x, https:\/\/i0.wp.com\/www.jornalja.com.br\/economics\/wp-content\/uploads\/sites\/11\/2026\/05\/ilustracao-educacao-politica2.jpg?resize=1400%2C800&ssl=1 4x"},"classes":[]}],"jetpack_shortlink":"https:\/\/wp.me\/pbMbUF-zh","jetpack_sharing_enabled":true,"jetpack_featured_media_url":"","_links":{"self":[{"href":"https:\/\/www.jornalja.com.br\/economics\/wp-json\/wp\/v2\/posts\/2187","targetHints":{"allow":["GET"]}}],"collection":[{"href":"https:\/\/www.jornalja.com.br\/economics\/wp-json\/wp\/v2\/posts"}],"about":[{"href":"https:\/\/www.jornalja.com.br\/economics\/wp-json\/wp\/v2\/types\/post"}],"author":[{"embeddable":true,"href":"https:\/\/www.jornalja.com.br\/economics\/wp-json\/wp\/v2\/users\/9"}],"replies":[{"embeddable":true,"href":"https:\/\/www.jornalja.com.br\/economics\/wp-json\/wp\/v2\/comments?post=2187"}],"version-history":[{"count":3,"href":"https:\/\/www.jornalja.com.br\/economics\/wp-json\/wp\/v2\/posts\/2187\/revisions"}],"predecessor-version":[{"id":2190,"href":"https:\/\/www.jornalja.com.br\/economics\/wp-json\/wp\/v2\/posts\/2187\/revisions\/2190"}],"wp:attachment":[{"href":"https:\/\/www.jornalja.com.br\/economics\/wp-json\/wp\/v2\/media?parent=2187"}],"wp:term":[{"taxonomy":"category","embeddable":true,"href":"https:\/\/www.jornalja.com.br\/economics\/wp-json\/wp\/v2\/categories?post=2187"},{"taxonomy":"post_tag","embeddable":true,"href":"https:\/\/www.jornalja.com.br\/economics\/wp-json\/wp\/v2\/tags?post=2187"}],"curies":[{"name":"wp","href":"https:\/\/api.w.org\/{rel}","templated":true}]}}