{"id":950,"date":"2023-05-12T18:41:32","date_gmt":"2023-05-12T21:41:32","guid":{"rendered":"https:\/\/www.jornalja.com.br\/economics\/?p=950"},"modified":"2023-10-04T09:38:27","modified_gmt":"2023-10-04T12:38:27","slug":"china-quer-reduzir-dependencia-das-importacoes-de-soja","status":"publish","type":"post","link":"https:\/\/www.jornalja.com.br\/economics\/china-quer-reduzir-dependencia-das-importacoes-de-soja\/","title":{"rendered":"China quer reduzir depend\u00eancia das importa\u00e7\u00f5es de soja"},"content":{"rendered":"<p><span style=\"font-size: 12pt\">O vice-chefe da Administra\u00e7\u00e3o Nacional de Alimentos e Reservas Estrat\u00e9gicas da China, Lu Jingbo, em uma coletiva de imprensa nesta semana, em Pequim, disse que nos \u00faltimos anos a China intensificou os esfor\u00e7os para expandir a produ\u00e7\u00e3o de soja e oleaginosas, vegetais que possuem \u00f3leos e gorduras, comest\u00edveis. Os resultados j\u00e1 surgiram com aumento da produ\u00e7\u00e3o.<\/span><\/p>\n<p><span style=\"font-size: 12pt\">Segundo ele, a produ\u00e7\u00e3o de soja na China atingiu 20,28 milh\u00f5es de toneladas em 2022, um aumento de 23,7% em rela\u00e7\u00e3o ao ano anterior, atingindo um recorde hist\u00f3rico. &#8220;H\u00e1 um excedente de cerca de cinco milh\u00f5es de toneladas depois de atender ao consumo dom\u00e9stico de comest\u00edveis&#8221;, disse Lu, observando que a oferta dom\u00e9stica est\u00e1 est\u00e1vel.<\/span><\/p>\n<p><span style=\"font-size: 12pt\">No ano passado, as importa\u00e7\u00f5es de soja do pa\u00eds ficaram em 91,08 milh\u00f5es de toneladas, uma queda de 5,6% em rela\u00e7\u00e3o ao ano anterior, mostraram os dados oficiais. &#8220;A soja produzida domesticamente na China \u00e9 usada principalmente para uso comest\u00edvel, com consumo anual entre 13 milh\u00f5es e 15 milh\u00f5es de toneladas. A soja importada \u00e9 usada principalmente para oleaginosas e ra\u00e7\u00e3o animal&#8221;, completou Lu.<\/span><\/p>\n<p><span style=\"font-size: 12pt\">O Minist\u00e9rio da Agricultura da China lan\u00e7ou em 2023 um plano de a\u00e7\u00e3o de tr\u00eas anos para reduzir o uso de farelo de soja na alimenta\u00e7\u00e3o animal, para reduzir sua forte depend\u00eancia das importa\u00e7\u00f5es de soja. O novo plano prop\u00f5e que a propor\u00e7\u00e3o de farelo de soja na alimenta\u00e7\u00e3o animal seja reduzida para menos de 13% at\u00e9 2025, ante 14,5% em 2022. E, ainda mais preocupante para nossas exporta\u00e7\u00f5es de soja, a China continua a diversificar as fontes de importa\u00e7\u00e3o.<\/span><\/p>\n<p><span style=\"font-size: 12pt\">A diferen\u00e7a entre a produ\u00e7\u00e3o chinesa e a necessidade de ra\u00e7\u00e3o de soja para o consumo animal ainda \u00e9 muito grande, mas a mudan\u00e7a de postura n\u00e3o deve ser ignorada pelo Rio Grande do Sul. As exporta\u00e7\u00f5es do agroneg\u00f3cio ga\u00facho no ano de 2022 totalizaram US$ 16,0 bilh\u00f5es, o que corresponde a 71,5% das exporta\u00e7\u00f5es totais do Estado no per\u00edodo. O principal setor das exporta\u00e7\u00f5es do agroneg\u00f3cio ga\u00facho no ano de 2022 foi o complexo soja (US$ 5,5 bilh\u00f5es). \u00a0E o principal destino no mesmo per\u00edodo foi a China, com 37,8% de crescimento no valor em rela\u00e7\u00e3o a 2021, conforme dados do Departamento de Economia e Estat\u00edstica da Secretaria de Planejamento, Governan\u00e7a e Gest\u00e3o do RS.<\/span><\/p>\n<p><span style=\"font-size: 12pt\">Pode-se usar esse gancho para discutir a fragilidade da economia ga\u00facha sem a necess\u00e1ria diversifica\u00e7\u00e3o, n\u00e3o deixando de reconhecer a import\u00e2ncia do setor prim\u00e1rio. O Produto Interno Bruto (PIB) do Rio Grande do Sul caiu 5,1% em 2022, conforme dados divulgados pelo governo do estado. O \u00edndice somou R$ 594,96 bilh\u00f5es. No mesmo per\u00edodo, o PIB do Brasil cresceu 2,9%. Segundo o estudo, os impactos da estiagem sobre a agropecu\u00e1ria influenciaram na queda. \u00a0<\/span><\/p>\n<p><span style=\"font-size: 12pt\"><em>Com ag\u00eancia de not\u00edcias Global Times <\/em><\/span><\/p>\n<p>&nbsp;<\/p>\n<p>&nbsp;<\/p>\n","protected":false},"excerpt":{"rendered":"<p>O vice-chefe da Administra\u00e7\u00e3o Nacional de Alimentos e Reservas Estrat\u00e9gicas da China, Lu Jingbo, em uma coletiva de imprensa nesta semana, em Pequim, disse que nos \u00faltimos anos a China intensificou os esfor\u00e7os para expandir a produ\u00e7\u00e3o de soja e oleaginosas, vegetais que possuem \u00f3leos e gorduras, comest\u00edveis. Os resultados j\u00e1 surgiram com aumento da [&hellip;]<\/p>\n","protected":false},"author":9,"featured_media":0,"comment_status":"closed","ping_status":"open","sticky":false,"template":"","format":"standard","meta":{"jetpack_post_was_ever_published":false,"_jetpack_newsletter_access":"","_jetpack_dont_email_post_to_subs":false,"_jetpack_newsletter_tier_id":0,"_jetpack_memberships_contains_paywalled_content":false,"_jetpack_memberships_contains_paid_content":false,"footnotes":"","jetpack_publicize_message":"","jetpack_publicize_feature_enabled":true,"jetpack_social_post_already_shared":false,"jetpack_social_options":{"image_generator_settings":{"template":"highway","default_image_id":0,"font":"","enabled":false},"version":2}},"categories":[1],"tags":[],"class_list":["post-950","post","type-post","status-publish","format-standard","hentry","category-sem-categoria"],"aioseo_notices":[],"jetpack_publicize_connections":[],"jetpack_featured_media_url":"","jetpack-related-posts":[{"id":2038,"url":"https:\/\/www.jornalja.com.br\/economics\/minerais-criticos-como-controlar-da-mineracao-ao-refino\/","url_meta":{"origin":950,"position":0},"title":"Minerais cr\u00edticos: como controlar da minera\u00e7\u00e3o ao refino","author":"S\u00e9rgio Lagranha","date":"24 de abril de 2026","format":false,"excerpt":"A venda anunciada esta semana da empresa brasileira Serra Verde, que atua com minera\u00e7\u00e3o de terras raras, pela empresa\u00a0USA Rare Earth (USAR), mineradora norte-americana,\u00a0em negocia\u00e7\u00e3o equivalente a\u00a0cerca de US$ 2,8 bilh\u00f5es, provocou um rebuli\u00e7o no setor de minera\u00e7\u00e3o nacional. Serra Verde\u00a0opera a mina de Pela Ema, em Mina\u00e7u (GO), a\u00a0\u00fanica\u2026","rel":"","context":"Em &quot;Sem categoria&quot;","block_context":{"text":"Sem categoria","link":"https:\/\/www.jornalja.com.br\/economics\/category\/sem-categoria\/"},"img":{"alt_text":"","src":"https:\/\/i0.wp.com\/www.jornalja.com.br\/economics\/wp-content\/uploads\/sites\/11\/2026\/04\/ilustracao-minerais-criticos2.jpg?resize=350%2C200&ssl=1","width":350,"height":200,"srcset":"https:\/\/i0.wp.com\/www.jornalja.com.br\/economics\/wp-content\/uploads\/sites\/11\/2026\/04\/ilustracao-minerais-criticos2.jpg?resize=350%2C200&ssl=1 1x, https:\/\/i0.wp.com\/www.jornalja.com.br\/economics\/wp-content\/uploads\/sites\/11\/2026\/04\/ilustracao-minerais-criticos2.jpg?resize=525%2C300&ssl=1 1.5x, https:\/\/i0.wp.com\/www.jornalja.com.br\/economics\/wp-content\/uploads\/sites\/11\/2026\/04\/ilustracao-minerais-criticos2.jpg?resize=700%2C400&ssl=1 2x"},"classes":[]},{"id":1954,"url":"https:\/\/www.jornalja.com.br\/economics\/corrida-pelas-terras-raras-movimentam-economia-mundial\/","url_meta":{"origin":950,"position":1},"title":"Corrida pelas terras raras movimenta economia mundial","author":"S\u00e9rgio Lagranha","date":"27 de fevereiro de 2026","format":false,"excerpt":"Durante a visita do presidente da Rep\u00fablica Luiz In\u00e1cio Lula da Silva \u00e0 \u00cdndia, que ocorreu entre os dias 18 e 22 de fevereiro, os dois pa\u00edses avan\u00e7aram em memorandos e negocia\u00e7\u00f5es para coopera\u00e7\u00e3o em minerais cr\u00edticos e terras raras, investimentos em minera\u00e7\u00e3o, pesquisa tecnol\u00f3gica e aplica\u00e7\u00f5es de intelig\u00eancia artificial\u2026","rel":"","context":"Em &quot;Sem categoria&quot;","block_context":{"text":"Sem categoria","link":"https:\/\/www.jornalja.com.br\/economics\/category\/sem-categoria\/"},"img":{"alt_text":"","src":"https:\/\/i0.wp.com\/www.jornalja.com.br\/economics\/wp-content\/uploads\/sites\/11\/2026\/02\/ilustracao-terras-raras2.jpg?resize=350%2C200&ssl=1","width":350,"height":200,"srcset":"https:\/\/i0.wp.com\/www.jornalja.com.br\/economics\/wp-content\/uploads\/sites\/11\/2026\/02\/ilustracao-terras-raras2.jpg?resize=350%2C200&ssl=1 1x, https:\/\/i0.wp.com\/www.jornalja.com.br\/economics\/wp-content\/uploads\/sites\/11\/2026\/02\/ilustracao-terras-raras2.jpg?resize=525%2C300&ssl=1 1.5x, https:\/\/i0.wp.com\/www.jornalja.com.br\/economics\/wp-content\/uploads\/sites\/11\/2026\/02\/ilustracao-terras-raras2.jpg?resize=700%2C400&ssl=1 2x, https:\/\/i0.wp.com\/www.jornalja.com.br\/economics\/wp-content\/uploads\/sites\/11\/2026\/02\/ilustracao-terras-raras2.jpg?resize=1050%2C600&ssl=1 3x, https:\/\/i0.wp.com\/www.jornalja.com.br\/economics\/wp-content\/uploads\/sites\/11\/2026\/02\/ilustracao-terras-raras2.jpg?resize=1400%2C800&ssl=1 4x"},"classes":[]},{"id":1983,"url":"https:\/\/www.jornalja.com.br\/economics\/qual-o-pais-queremos-nos-proximos-anos\/","url_meta":{"origin":950,"position":2},"title":"Qual o pa\u00eds queremos nos pr\u00f3ximos anos","author":"S\u00e9rgio Lagranha","date":"6 de mar\u00e7o de 2026","format":false,"excerpt":"O Produto Interno Bruto (PIB) do Brasil, em 2025, cresceu 2,3%, frente ao ano anterior. Em valores correntes, totalizou R$ 12,7 trilh\u00f5es e o PIB per capita chegou a R$ 59.687,49, com avan\u00e7o real de 1,9% frente ao ano anterior. \u00a0A taxa de investimento foi de 16,8% do PIB, contra\u2026","rel":"","context":"Em &quot;Sem categoria&quot;","block_context":{"text":"Sem categoria","link":"https:\/\/www.jornalja.com.br\/economics\/category\/sem-categoria\/"},"img":{"alt_text":"","src":"","width":0,"height":0},"classes":[]},{"id":2005,"url":"https:\/\/www.jornalja.com.br\/economics\/guerra-no-oriente-medio-expoe-erros-na-venda-de-ativos-petrobras-parte-iii\/","url_meta":{"origin":950,"position":3},"title":"Guerra no Oriente M\u00e9dio exp\u00f5e erros na venda de ativos Petrobras (Parte III)\u00a0","author":"S\u00e9rgio Lagranha","date":"27 de mar\u00e7o de 2026","format":false,"excerpt":"A guerra de Estados Unidos e Israel contra o Ir\u00e3, no Oriente M\u00e9dio, continua escalando e o ambiente de incerteza j\u00e1 traz uma press\u00e3o de pre\u00e7os em cadeia devido alta de combust\u00edveis.\u00a0Uma opera\u00e7\u00e3o conjunta envolvendo Pol\u00edcia Federal, Secretaria Nacional do Consumidor (Senacon) e Ag\u00eancia Nacional do Petr\u00f3leo, G\u00e1s Natural e\u2026","rel":"","context":"Em &quot;Sem categoria&quot;","block_context":{"text":"Sem categoria","link":"https:\/\/www.jornalja.com.br\/economics\/category\/sem-categoria\/"},"img":{"alt_text":"","src":"https:\/\/i0.wp.com\/www.jornalja.com.br\/economics\/wp-content\/uploads\/sites\/11\/2026\/03\/policia-federal2.jpg?resize=350%2C200&ssl=1","width":350,"height":200,"srcset":"https:\/\/i0.wp.com\/www.jornalja.com.br\/economics\/wp-content\/uploads\/sites\/11\/2026\/03\/policia-federal2.jpg?resize=350%2C200&ssl=1 1x, https:\/\/i0.wp.com\/www.jornalja.com.br\/economics\/wp-content\/uploads\/sites\/11\/2026\/03\/policia-federal2.jpg?resize=525%2C300&ssl=1 1.5x, https:\/\/i0.wp.com\/www.jornalja.com.br\/economics\/wp-content\/uploads\/sites\/11\/2026\/03\/policia-federal2.jpg?resize=700%2C400&ssl=1 2x"},"classes":[]},{"id":2025,"url":"https:\/\/www.jornalja.com.br\/economics\/estreito-de-ormuz-esta-liberado-pelo-ira-e-um-acordo-volta-a-ser-discutido\/","url_meta":{"origin":950,"position":4},"title":"Abertura do Estreito de Ormuz dura um dia e volta o controle rigoroso","author":"S\u00e9rgio Lagranha","date":"17 de abril de 2026","format":false,"excerpt":"\u00a0Nesta sexta-feira, 17 de abril, o Ir\u00e3 anunciou que permitiria a\u00a0passagem de\u00a0\"todos os navios comerciais\"\u00a0pelo estrat\u00e9gico Estreito de Ormuz, onde passam 20% da produ\u00e7\u00e3o global de petr\u00f3leo e g\u00e1s natural liquefeito (GNL), ap\u00f3s a declara\u00e7\u00e3o de um cessar-fogo de 10 dias entre Israel e L\u00edbano. J\u00e1 no s\u00e1bado o Ir\u00e3\u2026","rel":"","context":"Em &quot;Sem categoria&quot;","block_context":{"text":"Sem categoria","link":"https:\/\/www.jornalja.com.br\/economics\/category\/sem-categoria\/"},"img":{"alt_text":"","src":"https:\/\/i0.wp.com\/www.jornalja.com.br\/economics\/wp-content\/uploads\/sites\/11\/2026\/04\/ilustracao-ormuz2.jpg?resize=350%2C200&ssl=1","width":350,"height":200,"srcset":"https:\/\/i0.wp.com\/www.jornalja.com.br\/economics\/wp-content\/uploads\/sites\/11\/2026\/04\/ilustracao-ormuz2.jpg?resize=350%2C200&ssl=1 1x, https:\/\/i0.wp.com\/www.jornalja.com.br\/economics\/wp-content\/uploads\/sites\/11\/2026\/04\/ilustracao-ormuz2.jpg?resize=525%2C300&ssl=1 1.5x, https:\/\/i0.wp.com\/www.jornalja.com.br\/economics\/wp-content\/uploads\/sites\/11\/2026\/04\/ilustracao-ormuz2.jpg?resize=700%2C400&ssl=1 2x, https:\/\/i0.wp.com\/www.jornalja.com.br\/economics\/wp-content\/uploads\/sites\/11\/2026\/04\/ilustracao-ormuz2.jpg?resize=1050%2C600&ssl=1 3x, https:\/\/i0.wp.com\/www.jornalja.com.br\/economics\/wp-content\/uploads\/sites\/11\/2026\/04\/ilustracao-ormuz2.jpg?resize=1400%2C800&ssl=1 4x"},"classes":[]},{"id":2008,"url":"https:\/\/www.jornalja.com.br\/economics\/guerra-contra-ira-derruba-titulos-da-divida-dos-eua\/","url_meta":{"origin":950,"position":5},"title":"Guerra contra Ir\u00e3 derruba t\u00edtulos da d\u00edvida dos EUA","author":"S\u00e9rgio Lagranha","date":"3 de abril de 2026","format":false,"excerpt":"A guerra dos Estados Unidos (EUA) e Israel contra o Ir\u00e3 provocou forte volatilidade no mercado financeiro. Bancos centrais de v\u00e1rios pa\u00edses \u2014 principalmente exportadores de petr\u00f3leo do Oriente M\u00e9dio \u2014 cortaram de forma dr\u00e1stica as reservas de Treasuries (t\u00edtulos do Tesouro dos EUA) que mant\u00eam no Federal Reserve (Fed,\u2026","rel":"","context":"Em &quot;Sem categoria&quot;","block_context":{"text":"Sem categoria","link":"https:\/\/www.jornalja.com.br\/economics\/category\/sem-categoria\/"},"img":{"alt_text":"","src":"https:\/\/i0.wp.com\/www.jornalja.com.br\/economics\/wp-content\/uploads\/sites\/11\/2026\/04\/conflito-eua-israel-ira.jpg?resize=350%2C200&ssl=1","width":350,"height":200,"srcset":"https:\/\/i0.wp.com\/www.jornalja.com.br\/economics\/wp-content\/uploads\/sites\/11\/2026\/04\/conflito-eua-israel-ira.jpg?resize=350%2C200&ssl=1 1x, https:\/\/i0.wp.com\/www.jornalja.com.br\/economics\/wp-content\/uploads\/sites\/11\/2026\/04\/conflito-eua-israel-ira.jpg?resize=525%2C300&ssl=1 1.5x, https:\/\/i0.wp.com\/www.jornalja.com.br\/economics\/wp-content\/uploads\/sites\/11\/2026\/04\/conflito-eua-israel-ira.jpg?resize=700%2C400&ssl=1 2x"},"classes":[]}],"jetpack_shortlink":"https:\/\/wp.me\/pbMbUF-fk","jetpack_sharing_enabled":true,"_links":{"self":[{"href":"https:\/\/www.jornalja.com.br\/economics\/wp-json\/wp\/v2\/posts\/950","targetHints":{"allow":["GET"]}}],"collection":[{"href":"https:\/\/www.jornalja.com.br\/economics\/wp-json\/wp\/v2\/posts"}],"about":[{"href":"https:\/\/www.jornalja.com.br\/economics\/wp-json\/wp\/v2\/types\/post"}],"author":[{"embeddable":true,"href":"https:\/\/www.jornalja.com.br\/economics\/wp-json\/wp\/v2\/users\/9"}],"replies":[{"embeddable":true,"href":"https:\/\/www.jornalja.com.br\/economics\/wp-json\/wp\/v2\/comments?post=950"}],"version-history":[{"count":5,"href":"https:\/\/www.jornalja.com.br\/economics\/wp-json\/wp\/v2\/posts\/950\/revisions"}],"predecessor-version":[{"id":957,"href":"https:\/\/www.jornalja.com.br\/economics\/wp-json\/wp\/v2\/posts\/950\/revisions\/957"}],"wp:attachment":[{"href":"https:\/\/www.jornalja.com.br\/economics\/wp-json\/wp\/v2\/media?parent=950"}],"wp:term":[{"taxonomy":"category","embeddable":true,"href":"https:\/\/www.jornalja.com.br\/economics\/wp-json\/wp\/v2\/categories?post=950"},{"taxonomy":"post_tag","embeddable":true,"href":"https:\/\/www.jornalja.com.br\/economics\/wp-json\/wp\/v2\/tags?post=950"}],"curies":[{"name":"wp","href":"https:\/\/api.w.org\/{rel}","templated":true}]}}