{"id":22144,"date":"2015-05-22T15:44:17","date_gmt":"2015-05-22T18:44:17","guid":{"rendered":"https:\/\/jornalja.com.br\/?p=22144"},"modified":"2015-05-22T15:44:17","modified_gmt":"2015-05-22T18:44:17","slug":"audiencia-publica-discutira-rumos-do-zoologico-de-sapucaia-do-sul","status":"publish","type":"post","link":"https:\/\/www.jornalja.com.br\/especiais\/audiencia-publica-discutira-rumos-do-zoologico-de-sapucaia-do-sul\/","title":{"rendered":"Audi\u00eancia p\u00fablica discutir\u00e1 rumos do zool\u00f3gico de Sapucaia do Sul"},"content":{"rendered":"<p><span class=\"assina\">Felipe Uhr<\/span><br \/>\nA Comiss\u00e3o de Sa\u00fade e Meio Ambiente da Assembleia Legislativa realizar\u00e1 um audi\u00eancia p\u00fablica que discutir\u00e1 a situa\u00e7\u00e3o do zool\u00f3gico de Sapucaia do Sul. O debate, proposto\u00a0pelos deputados Altemir Tortelli (PT) e Manuela D&#8217;\u00c1vila (PCdoB),\u00a0ocorre no pr\u00f3ximo dia 3 de junho \u00e0s 10h30 no plenarinho da Casa.<br \/>\nA informa\u00e7\u00e3o de que o governo do Estado estuda\u00a0privatizar autarquias e empresas p\u00fablicas &#8211; entre elas, o zoo &#8211; para\u00a0reduzir o tamanho &#8211; e o gasto do Tesouro gerou preocupa\u00e7\u00e3o na bancada oposicionista.<br \/>\n&#8220;Queremos compreender quais possibilidades o governo pode\u00a0apresentar&#8221; afirmou Tortelli.<br \/>\nEmbora a justificativa seja a delicada situa\u00e7\u00e3o financeira do Estado, o parlamentar n\u00e3o descarta uma eventual press\u00e3o do setor imobili\u00e1rio\u00a0para que a \u00e1rea seja vendida. &#8220;S\u00e3o\u00a0160 hectares&#8221;, explica.<br \/>\nH\u00e1 tamb\u00e9m uma preocupa\u00e7\u00e3o com os funcion\u00e1rios, que poderiam perder o emprego caso a iniciativa privada assumisse o controle do lugar.<br \/>\nO zoo de Sapucaia possui cerca de mil animais sob seus cuidados. Tortelli argumenta que o espa\u00e7o\u00a0pode ser utilizado para lazer\u00a0e para a\u00a0pesquisa ambiental, al\u00e9m de servir \u00e0\u00a0preserva\u00e7\u00e3o da fauna e da flora do Estado. A\u00a0privatiza\u00e7\u00e3o, portanto, n\u00e3o seria\u00a0aceit\u00e1vel. &#8220;O cidad\u00e3o merece lugares para lazer com sua fam\u00edlia&#8221;.<br \/>\nEst\u00e3o convidados para a audi\u00eancia p\u00fablica representantes das secretarias estaduais do Meio Ambiente, Casa Civil, Fazenda, al\u00e9m de funcion\u00e1rios do parque, dirigentes da Funda\u00e7\u00e3o Zoobot\u00e2nica e a comunidade em geral.<br \/>\nAt\u00e9 mesmo o governador Jos\u00e9 Ivo Sartori foi chamado. &#8220;Seria muito bom se ele\u00a0estivesse presente para essa importante discuss\u00e3o&#8221; provoca\u00a0o deputado.<\/p>\n","protected":false},"excerpt":{"rendered":"<p>Felipe Uhr A Comiss\u00e3o de Sa\u00fade e Meio Ambiente da Assembleia Legislativa realizar\u00e1 um audi\u00eancia p\u00fablica que discutir\u00e1 a situa\u00e7\u00e3o do zool\u00f3gico de Sapucaia do Sul. O debate, proposto\u00a0pelos deputados Altemir Tortelli (PT) e Manuela D&#8217;\u00c1vila (PCdoB),\u00a0ocorre no pr\u00f3ximo dia 3 de junho \u00e0s 10h30 no plenarinho da Casa. A informa\u00e7\u00e3o de que o governo [&hellip;]<\/p>\n","protected":false},"author":4,"featured_media":22151,"comment_status":"open","ping_status":"closed","sticky":false,"template":"","format":"standard","meta":{"_jetpack_memberships_contains_paid_content":false,"footnotes":""},"categories":[8],"tags":[],"class_list":["post-22144","post","type-post","status-publish","format-standard","has-post-thumbnail","hentry","category-patrimonio"],"aioseo_notices":[],"jetpack_featured_media_url":"https:\/\/www.jornalja.com.br\/especiais\/wp-content\/uploads\/sites\/14\/2015\/05\/gd-20121002105054dsc03400.jpg","jetpack_sharing_enabled":true,"_links":{"self":[{"href":"https:\/\/www.jornalja.com.br\/especiais\/wp-json\/wp\/v2\/posts\/22144","targetHints":{"allow":["GET"]}}],"collection":[{"href":"https:\/\/www.jornalja.com.br\/especiais\/wp-json\/wp\/v2\/posts"}],"about":[{"href":"https:\/\/www.jornalja.com.br\/especiais\/wp-json\/wp\/v2\/types\/post"}],"author":[{"embeddable":true,"href":"https:\/\/www.jornalja.com.br\/especiais\/wp-json\/wp\/v2\/users\/4"}],"replies":[{"embeddable":true,"href":"https:\/\/www.jornalja.com.br\/especiais\/wp-json\/wp\/v2\/comments?post=22144"}],"version-history":[{"count":0,"href":"https:\/\/www.jornalja.com.br\/especiais\/wp-json\/wp\/v2\/posts\/22144\/revisions"}],"wp:featuredmedia":[{"embeddable":true,"href":"https:\/\/www.jornalja.com.br\/especiais\/wp-json\/wp\/v2\/media\/22151"}],"wp:attachment":[{"href":"https:\/\/www.jornalja.com.br\/especiais\/wp-json\/wp\/v2\/media?parent=22144"}],"wp:term":[{"taxonomy":"category","embeddable":true,"href":"https:\/\/www.jornalja.com.br\/especiais\/wp-json\/wp\/v2\/categories?post=22144"},{"taxonomy":"post_tag","embeddable":true,"href":"https:\/\/www.jornalja.com.br\/especiais\/wp-json\/wp\/v2\/tags?post=22144"}],"curies":[{"name":"wp","href":"https:\/\/api.w.org\/{rel}","templated":true}]}}