{"id":33313,"date":"2016-05-25T01:00:55","date_gmt":"2016-05-25T04:00:55","guid":{"rendered":"http:\/\/www.jornalja.com.br\/?p=33313"},"modified":"2016-05-25T01:00:55","modified_gmt":"2016-05-25T04:00:55","slug":"confissoes-quem-viver-vera","status":"publish","type":"post","link":"https:\/\/www.jornalja.com.br\/especiais\/confissoes-quem-viver-vera\/","title":{"rendered":"Confiss\u00f5es: Quem viver ver\u00e1"},"content":{"rendered":"<p>[avatar user=&#8221;X-CDD &#8211; Paulo Timm&#8221; size=&#8221;medium&#8221; align=&#8221;left&#8221;]<span class=\"assina\">Paulo Timm*<\/span><br \/>\nVai cair (de podre:? de inani\u00e7\u00e3o? N\u00e3o sei)<br \/>\n1. Pela LAVAJATO como s\u00edmbolo de todo um conjunto de amadurecimento institucional no Estado de controle de contas.<br \/>\n2. Pelos sacolej\u00f5es internos: Paulinho da For\u00e7a Newt\u00e3o, e vem mais., com a FIESP contra a CPMF. N\u00e3o ha coer\u00eancia interna m\u00ednima. O pr\u00f3ximo a bater ser\u00e1 o Senador Cristovam.<br \/>\n3. Pelo clamor que se est\u00e1 levantando na opini\u00e3o p\u00fabica em decorr\u00eancia das mensagem emitidas pelas primeiras IMAGENS.<br \/>\n5. Pela combatividade at\u00e9 inusitada do PT e aliados, feridos como tigres no canto da sala e dispostos a combater ou sumir da cena pol\u00edtica brasileira.<br \/>\n6. Porque est\u00e1 mais FORA DA REALIDADE que a pr\u00f3pria Dilma em seu labirinto. N\u00e3o est\u00e1 vendo nada.<br \/>\n7. Porque a crise fiscal no curt\u00edssimo prazo \u00e9 grav\u00edssima e n\u00e3o saber\u00e3o ENCAMINHAR isso al\u00e9m da ideia de reinventar a CPMF em plena campanha eleitoral pra Prefeitos. Suic\u00eddio.<br \/>\n8. Porque Temer \u00e9 INDECISO e fraco. Politicamente fraco. Confunde exerc\u00edcio do Governo como constru\u00e7\u00e3o hegem\u00f4nica com reuni\u00e3o de petit comit\u00ea.<br \/>\n9. Porque s\u00e3o MENOS DO MESMO, que vem sendo rejeitado desde junho de 2013.<br \/>\n10. Porque h\u00e1 ESPERAN\u00c7A de que uma na\u00e7\u00e3o ansiosa para nascer para &#8220;outra coisa&#8221;, acabar\u00e1 NASCENDO. A vida, enfim, \u00e9 sempre mais vigorosa do que a morte. O Imp\u00e9rio escravocrata morreu. A Republica Velha do bico de pena morreu. A Ditadura Militar morreu. A Nova Rep\u00fablica do redemocratiza\u00e7\u00e3o controlada acabou de ser enterrada.<br \/>\nQuerem mais?<br \/>\nEis o recado de Cam\u00f5es: &#8221; O Rei fraco faz fraca a sua forte gente&#8221; . Mas ela reage. Quer viver&#8230;<br \/>\n*\u00a0Economista, professor (aposentado) da Universidade de Brasilia,\u00a0Fundador do PDT e candidato ao Governo por este partido em 1982 (GO) e 1994 (DF).<\/p>\n","protected":false},"excerpt":{"rendered":"<p>[avatar user=&#8221;X-CDD &#8211; Paulo Timm&#8221; size=&#8221;medium&#8221; align=&#8221;left&#8221;]Paulo Timm* Vai cair (de podre:? de inani\u00e7\u00e3o? N\u00e3o sei) 1. Pela LAVAJATO como s\u00edmbolo de todo um conjunto de amadurecimento institucional no Estado de controle de contas. 2. Pelos sacolej\u00f5es internos: Paulinho da For\u00e7a Newt\u00e3o, e vem mais., com a FIESP contra a CPMF. N\u00e3o ha coer\u00eancia interna [&hellip;]<\/p>\n","protected":false},"author":21,"featured_media":0,"comment_status":"open","ping_status":"closed","sticky":false,"template":"","format":"standard","meta":{"_jetpack_memberships_contains_paid_content":false,"footnotes":""},"categories":[82],"tags":[80],"class_list":["post-33313","post","type-post","status-publish","format-standard","hentry","category-debates","tag-efeitos"],"aioseo_notices":[],"jetpack_featured_media_url":"","jetpack_sharing_enabled":true,"_links":{"self":[{"href":"https:\/\/www.jornalja.com.br\/especiais\/wp-json\/wp\/v2\/posts\/33313","targetHints":{"allow":["GET"]}}],"collection":[{"href":"https:\/\/www.jornalja.com.br\/especiais\/wp-json\/wp\/v2\/posts"}],"about":[{"href":"https:\/\/www.jornalja.com.br\/especiais\/wp-json\/wp\/v2\/types\/post"}],"author":[{"embeddable":true,"href":"https:\/\/www.jornalja.com.br\/especiais\/wp-json\/wp\/v2\/users\/21"}],"replies":[{"embeddable":true,"href":"https:\/\/www.jornalja.com.br\/especiais\/wp-json\/wp\/v2\/comments?post=33313"}],"version-history":[{"count":0,"href":"https:\/\/www.jornalja.com.br\/especiais\/wp-json\/wp\/v2\/posts\/33313\/revisions"}],"wp:attachment":[{"href":"https:\/\/www.jornalja.com.br\/especiais\/wp-json\/wp\/v2\/media?parent=33313"}],"wp:term":[{"taxonomy":"category","embeddable":true,"href":"https:\/\/www.jornalja.com.br\/especiais\/wp-json\/wp\/v2\/categories?post=33313"},{"taxonomy":"post_tag","embeddable":true,"href":"https:\/\/www.jornalja.com.br\/especiais\/wp-json\/wp\/v2\/tags?post=33313"}],"curies":[{"name":"wp","href":"https:\/\/api.w.org\/{rel}","templated":true}]}}