{"id":33537,"date":"2016-05-26T01:00:24","date_gmt":"2016-05-26T04:00:24","guid":{"rendered":"http:\/\/www.jornalja.com.br\/?p=33537"},"modified":"2016-05-26T01:00:24","modified_gmt":"2016-05-26T04:00:24","slug":"me-serra-e-nao-ideologia-ideologica","status":"publish","type":"post","link":"https:\/\/www.jornalja.com.br\/especiais\/me-serra-e-nao-ideologia-ideologica\/","title":{"rendered":"Serra e a n\u00e3o ideologia ideol\u00f3gica"},"content":{"rendered":"<p>[avatar user=&#8221;X-CDD &#8211; Ricardo F Leaes&#8221; size=&#8221;thumbnail&#8221; align=&#8221;left&#8221; \/]<br \/>\n<span class=\"assina\">Ricardo Fagundes Le\u00e3es*<\/span><br \/>\nNo momento em que o governo provis\u00f3rio tomou posse, j\u00e1 era de conhecimento geral que o Minist\u00e9rio das Rela\u00e7\u00f5es Exteriores seria chefiado por Jos\u00e9 Serra (PSDB), ex-governador, prefeito e Ministro de Estado. Serra, que substitui o diplomata Mauro Vieira, \u00e9 o primeiro pol\u00edtico a assumir o comando do Itamaraty desde Fernando Henrique Cardoso, ainda no governo de Itamar Franco. T\u00e3o logo assumiu sua nova fun\u00e7\u00e3o, Serra tratou de imprimir sua digital, patrocinando duas duras notas contra os governos de Venezuela, Cuba, Bol\u00edvia, Equador e Nicar\u00e1gua e contra o Secret\u00e1rio-Geral da UNASUL, Ernesto Samper, que questionaram a legitimidade do impeachment de Dilma Rousseff. Em resposta, o Itamaraty repudiou as declara\u00e7\u00f5es \u201cbolivarianas\u201d e reafirmou que o impedimento da presidente se deu conforme os ritos legais estabelecidos pela Constitui\u00e7\u00e3o Federal. Al\u00e9m disso, qualificou como \u201cfalsas\u201d e \u201cequivocadas\u201d as cr\u00edticas que lhe foram dirigidas.<br \/>\nImediatamente, n\u00e3o faltaram elogios por parte da grande imprensa brasileira \u00e0 atitude patrocinada por Serra: Folha de S\u00e3o Paulo, O Globo, Estad\u00e3o e Exame \u2013 al\u00e9m, \u00e9 claro, de Veja e Isto\u00e9 \u2013 aplaudiram, em seus editoriais, as atitudes do novo ministro, que estaria devolvendo o protagonismo e a isen\u00e7\u00e3o que historicamente caracterizariam o Itamaraty, desde os tempos do Bar\u00e3o do Rio Branco. Nos dias subsequentes, quando de sua posse oficial, Serra asseverou que o Itamaraty n\u00e3o mais representaria os interesses de um partido pol\u00edtico, mas seria um delegado dos interesses e valores leg\u00edtimos da sociedade brasileira. Ap\u00f3s cr\u00edticas \u00e0s gest\u00f5es anteriores \u2013 vistas como estatistas, anacr\u00f4nicas e partidarizadas \u2013, Serra anunciou que daria aten\u00e7\u00e3o especial aos acordos de livre-com\u00e9rcio (em sua vis\u00e3o, negligenciados pelo PT) e que, como chanceler, n\u00e3o permitiria uma ideologiza\u00e7\u00e3o do Itamaraty.<br \/>\nN\u00e3o \u00e9 do escopo deste texto analisar a pol\u00edtica externa brasileira sob os governos do PT ou a conveni\u00eancia de rela\u00e7\u00f5es estreitas com os Estados Unidos ou com pa\u00edses dirigidos por governos de esquerda. Trata-se, sim, de entender e problematizar a pol\u00eamica envolvendo a ideologiza\u00e7\u00e3o do Itamaraty e o porqu\u00ea do crescente apelo desse discurso em prol da neutralidade e do apartidarismo. Com efeito, observamos, cada vez mais, manifesta\u00e7\u00f5es contra o que se convencionou chamar \u201cideol\u00f3gico\u201d: seja nos governos, nas escolas ou nas institui\u00e7\u00f5es p\u00fablicas, \u00e9 reprov\u00e1vel que se encontrem vest\u00edgio de uma determinada vis\u00e3o de mundo. Seria prefer\u00edvel, ent\u00e3o, que predominasse nesses locais um pensamento isento, imparcial e independente, de modo a n\u00e3o privilegiar uma concep\u00e7\u00e3o de mundo em rela\u00e7\u00e3o \u00e0s demais. Pululam, no Brasil, projetos de leis nos moldes de \u201cescola sem partido\u201d, como os sugeridos pelo deputado estadual Marcel van Hattem (PP), no Rio Grande do Sul, e pelo vereador Valter Nagelstein (PMDB), em Porto Alegre.<br \/>\nOcorre que \u00e9 poss\u00edvel encontrar um padr\u00e3o nas cr\u00edticas que s\u00e3o feitas \u00e0 ideologia: quase sempre, s\u00e3o pessoas ou institui\u00e7\u00f5es de vi\u00e9s conservador que reprocham tomadas de posi\u00e7\u00e3o com um sinal ideol\u00f3gico contr\u00e1rio. Por isso, os movimentos feminista e LBGT s\u00e3o acusados de preconizar uma \u201cideologia de g\u00eanero\u201d, os professores que problematizam as mazelas sociais s\u00e3o tachados de \u201cpoliticamente ideol\u00f3gicos\u201d e os governos que n\u00e3o se curvam aos interesses dos Estados Unidos s\u00e3o responsabilizados por encampar uma \u201cideologia partid\u00e1ria\u201d. V\u00ea-se, com esses exemplos, que os grupos conservadores n\u00e3o se limitam a rejeitar e contrapor as ideias de seus opositores, mas procuram desqualific\u00e1-las como se s\u00f3 elas representassem uma parte e n\u00e3o o todo de uma sociedade. Assim, a perspectiva em conson\u00e2ncia com um matiz conservador e que recha\u00e7a grandes transforma\u00e7\u00f5es se pretende como neutra, apartid\u00e1ria racional e objetiva, ao passo que as interpreta\u00e7\u00f5es distintas s\u00e3o ideol\u00f3gicas, partid\u00e1rias, emocionais e subjetivas.<br \/>\nEssa manifesta\u00e7\u00e3o \u00e9 perigosa e ilus\u00f3ria, na medida em que parte de um pressuposto n\u00e3o democr\u00e1tico sobre a natureza da pol\u00edtica e da sociedade. Segundo essa linha de pensamento, haveria uma vontade geral te\u00f3rica e disfar\u00e7adamente acima dos grupos de interesse, que apenas atuariam em benef\u00edcio pr\u00f3prio e com o fito de desvirtuar a l\u00f3gica das rela\u00e7\u00f5es normais de poder. Na verdade, a sociedade jamais \u00e9 um todo uniforme e un\u00edssono, sendo seus interesses e objetivos distribu\u00eddos em classe, g\u00eanero, partidos e institui\u00e7\u00f5es. A natureza da democracia \u00e9 justamente reconhecer que h\u00e1 divis\u00f5es, fraturas e disputas no seio de cada sociedade, e que essas s\u00e3o canalizadas por meio da pol\u00edtica: elei\u00e7\u00f5es, manifesta\u00e7\u00f5es, vota\u00e7\u00f5es, etc. Em \u00faltima inst\u00e2ncia, a afirma\u00e7\u00e3o de que somente o outro \u00e9 ideol\u00f3gico \u00e9 um apego dissimulado ao status quo, travestido como \u201cbem maior\u201d. Ao inv\u00e9s de admitirem que advogam o que lhes \u00e9 favor\u00e1vel, alguns grupos travestem seus interesses particulares como se fossem universais, e denunciam seus rivais por agirem de forma an\u00e1loga.<br \/>\nNo caso concreto da pol\u00edtica externa, causa espanto que um pol\u00edtico tarimbado como Jos\u00e9 Serra afirme que seu intento maior \u00e9 desideologizar o Itamaraty, que supostamente teria sido sequestrado pelos prop\u00f3sitos \u2013 ileg\u00edtimos, porque partid\u00e1rios \u2013 do PT. Ora, o partido democraticamente eleito tem a prerrogativa, sen\u00e3o o dever, de aplicar o programa com o qual sagrou-se vencedor. A pol\u00edtica externa \u00e9, por \u00f3bvio, tamb\u00e9m pol\u00edtica, raz\u00e3o pela qual est\u00e1 sempre sujeita ao conflito dos mais diversos grupos de interesse. O pr\u00f3prio Serra demonstra esse fen\u00f4meno ao adotar um discurso r\u00edspido em rela\u00e7\u00e3o aos \u201cbolivarianos\u201d, ao propor rela\u00e7\u00f5es estreitas com os Estados Unidos e ao priorizar acordos comerciais. Ben\u00e9ficas ou n\u00e3o, essas medidas s\u00e3o t\u00e3o ideol\u00f3gicas quanto todas as atitudes dos governos anteriores. Salta aos olhos, ent\u00e3o, a inconsist\u00eancia l\u00f3gica de quem patrocina uma pol\u00edtica externa alinhada aos Estados Unidos ao mesmo tempo em que pedem neutralidade e pragmatismo.<br \/>\nN\u00e3o vivemos em um mundo neutro. Em pol\u00edtica, ainda mais, nada \u00e9 mais ideol\u00f3gico do que o apelo \u00e0 n\u00e3o ideologia.<br \/>\n*\u00a0Doutorando em Ci\u00eancia Pol\u00edtica pela UFRGS, pesquisador em Rela\u00e7\u00f5es Internacionais da FEE<\/p>\n","protected":false},"excerpt":{"rendered":"<p>[avatar user=&#8221;X-CDD &#8211; Ricardo F Leaes&#8221; size=&#8221;thumbnail&#8221; align=&#8221;left&#8221; \/] Ricardo Fagundes Le\u00e3es* No momento em que o governo provis\u00f3rio tomou posse, j\u00e1 era de conhecimento geral que o Minist\u00e9rio das Rela\u00e7\u00f5es Exteriores seria chefiado por Jos\u00e9 Serra (PSDB), ex-governador, prefeito e Ministro de Estado. Serra, que substitui o diplomata Mauro Vieira, \u00e9 o primeiro pol\u00edtico [&hellip;]<\/p>\n","protected":false},"author":21,"featured_media":0,"comment_status":"open","ping_status":"closed","sticky":false,"template":"","format":"standard","meta":{"_jetpack_memberships_contains_paid_content":false,"footnotes":""},"categories":[82],"tags":[71,29],"class_list":["post-33537","post","type-post","status-publish","format-standard","hentry","category-debates","tag-imprensa","tag-sao-paulo"],"aioseo_notices":[],"jetpack_featured_media_url":"","jetpack_sharing_enabled":true,"_links":{"self":[{"href":"https:\/\/www.jornalja.com.br\/especiais\/wp-json\/wp\/v2\/posts\/33537","targetHints":{"allow":["GET"]}}],"collection":[{"href":"https:\/\/www.jornalja.com.br\/especiais\/wp-json\/wp\/v2\/posts"}],"about":[{"href":"https:\/\/www.jornalja.com.br\/especiais\/wp-json\/wp\/v2\/types\/post"}],"author":[{"embeddable":true,"href":"https:\/\/www.jornalja.com.br\/especiais\/wp-json\/wp\/v2\/users\/21"}],"replies":[{"embeddable":true,"href":"https:\/\/www.jornalja.com.br\/especiais\/wp-json\/wp\/v2\/comments?post=33537"}],"version-history":[{"count":0,"href":"https:\/\/www.jornalja.com.br\/especiais\/wp-json\/wp\/v2\/posts\/33537\/revisions"}],"wp:attachment":[{"href":"https:\/\/www.jornalja.com.br\/especiais\/wp-json\/wp\/v2\/media?parent=33537"}],"wp:term":[{"taxonomy":"category","embeddable":true,"href":"https:\/\/www.jornalja.com.br\/especiais\/wp-json\/wp\/v2\/categories?post=33537"},{"taxonomy":"post_tag","embeddable":true,"href":"https:\/\/www.jornalja.com.br\/especiais\/wp-json\/wp\/v2\/tags?post=33537"}],"curies":[{"name":"wp","href":"https:\/\/api.w.org\/{rel}","templated":true}]}}