{"id":34450,"date":"2016-06-10T00:01:56","date_gmt":"2016-06-10T03:01:56","guid":{"rendered":"http:\/\/www.jornalja.com.br\/?p=34450"},"modified":"2016-06-10T00:01:56","modified_gmt":"2016-06-10T03:01:56","slug":"a-conjuntura-do-impeachment-e-o-desgoverno-temer","status":"publish","type":"post","link":"https:\/\/www.jornalja.com.br\/especiais\/a-conjuntura-do-impeachment-e-o-desgoverno-temer\/","title":{"rendered":"A conjuntura do impeachment e o (des)governo Temer"},"content":{"rendered":"<p>Programa Entrevista Coletiva, na R\u00e1dio da Universidade (UFRGS), com Benedito Tadeu C\u00e9sar, cientista pol\u00edtico e coordenador do Comit\u00ea em Defesa da Democracia e do Estado Democr\u00e1tico de Direito, sobre o processo de impeachment da presidenta Dilma Rousseff e o governo interino de Michael Temer.<br \/>\n<a href=\"https:\/\/soundcloud.com\/benedito-tadeu-c-sar\/entrevista-coletiva-d09-06-16\" target=\"_blank\" rel=\"noopener noreferrer\">https:\/\/soundcloud.com\/benedito-tadeu-c-sar\/entrevista-coletiva-d09-06-16<\/a><br \/>\nO Programa Entrevista Coletiva \u00e9 um programa feito pelos alunos (neste foram todas alunas) da cadeira de Radiojornalismo III, do curso de Jornalismo, sob a coordena\u00e7\u00e3o da professora Sandra de Deus. Contou com a participa\u00e7\u00e3o das alunas: D\u00e9bora Sander, Mariana Somariva, Marih\u00e1 Gon\u00e7alves e Nath\u00e1lia Lazzarin.<br \/>\nA R\u00e1dio da Universidade \u00e9 a pioneira das r\u00e1dios universit\u00e1rias brasileiras e a pioneira na transmiss\u00e3o ao vivo pela internet. Opera na frequ\u00eancia AM 1080 e pelo site\u00a0<a href=\"http:\/\/www.ufrgs.br\/radio\/\" target=\"_blank\" rel=\"noopener noreferrer\">http:\/\/www.ufrgs.br\/radio\/<\/a><\/p>\n","protected":false},"excerpt":{"rendered":"<p>Programa Entrevista Coletiva, na R\u00e1dio da Universidade (UFRGS), com Benedito Tadeu C\u00e9sar, cientista pol\u00edtico e coordenador do Comit\u00ea em Defesa da Democracia e do Estado Democr\u00e1tico de Direito, sobre o processo de impeachment da presidenta Dilma Rousseff e o governo interino de Michael Temer. https:\/\/soundcloud.com\/benedito-tadeu-c-sar\/entrevista-coletiva-d09-06-16 O Programa Entrevista Coletiva \u00e9 um programa feito pelos alunos [&hellip;]<\/p>\n","protected":false},"author":21,"featured_media":34461,"comment_status":"open","ping_status":"closed","sticky":false,"template":"","format":"standard","meta":{"_jetpack_memberships_contains_paid_content":false,"footnotes":""},"categories":[82],"tags":[],"class_list":["post-34450","post","type-post","status-publish","format-standard","has-post-thumbnail","hentry","category-debates"],"aioseo_notices":[],"jetpack_featured_media_url":"","jetpack_sharing_enabled":true,"_links":{"self":[{"href":"https:\/\/www.jornalja.com.br\/especiais\/wp-json\/wp\/v2\/posts\/34450","targetHints":{"allow":["GET"]}}],"collection":[{"href":"https:\/\/www.jornalja.com.br\/especiais\/wp-json\/wp\/v2\/posts"}],"about":[{"href":"https:\/\/www.jornalja.com.br\/especiais\/wp-json\/wp\/v2\/types\/post"}],"author":[{"embeddable":true,"href":"https:\/\/www.jornalja.com.br\/especiais\/wp-json\/wp\/v2\/users\/21"}],"replies":[{"embeddable":true,"href":"https:\/\/www.jornalja.com.br\/especiais\/wp-json\/wp\/v2\/comments?post=34450"}],"version-history":[{"count":0,"href":"https:\/\/www.jornalja.com.br\/especiais\/wp-json\/wp\/v2\/posts\/34450\/revisions"}],"wp:featuredmedia":[{"embeddable":true,"href":"https:\/\/www.jornalja.com.br\/especiais\/wp-json\/"}],"wp:attachment":[{"href":"https:\/\/www.jornalja.com.br\/especiais\/wp-json\/wp\/v2\/media?parent=34450"}],"wp:term":[{"taxonomy":"category","embeddable":true,"href":"https:\/\/www.jornalja.com.br\/especiais\/wp-json\/wp\/v2\/categories?post=34450"},{"taxonomy":"post_tag","embeddable":true,"href":"https:\/\/www.jornalja.com.br\/especiais\/wp-json\/wp\/v2\/tags?post=34450"}],"curies":[{"name":"wp","href":"https:\/\/api.w.org\/{rel}","templated":true}]}}