{"id":34488,"date":"2016-06-09T21:38:38","date_gmt":"2016-06-10T00:38:38","guid":{"rendered":"http:\/\/www.jornalja.com.br\/?p=34488"},"modified":"2016-06-09T21:38:38","modified_gmt":"2016-06-10T00:38:38","slug":"a-cultura-do-estupro-esta-no-congresso-bancadas-conservadoras-e-os-mitos-ligados-ao-feminino","status":"publish","type":"post","link":"https:\/\/www.jornalja.com.br\/especiais\/a-cultura-do-estupro-esta-no-congresso-bancadas-conservadoras-e-os-mitos-ligados-ao-feminino\/","title":{"rendered":"A Cultura do estupro est\u00e1 no Congresso: bancadas conservadoras e os mitos ligados ao feminino"},"content":{"rendered":"<p>O risco de retrocesso de d\u00e9cadas que estamos vivendo nesse momento \u00e9 imenso, preocupante e mesmo desesperador para quem, como eu, tem lutado para avan\u00e7ar ainda mais, e n\u00e3o ter de lutar pelo que j\u00e1 \u00e9 e j\u00e1 foi conquistado. Fica muito claro como Ernst Bloch, o fil\u00f3sofo ut\u00f3pico ligado \u00e0 escola de Frankfurt, tinha raz\u00e3o: \u201cJunto a cada esperan\u00e7a, h\u00e1 sempre um caix\u00e3o \u00e0 espera\u201d, dizia ele. O caix\u00e3o carregado pelos machistas, mis\u00f3ginos, reacion\u00e1rios, moralistas, c\u00ednicos, tolos, inocentes \u00fateis, todos descompromissados com os valores da justi\u00e7a, da igualdade e da solidariedade.<br \/>\nExemplo disso \u2013 em meio a uma enxurrada de exemplos, especialmente depois que o interino assumiu atrav\u00e9s de um golpe na democracia \u2013 \u00e9 a posi\u00e7\u00e3o da nova secret\u00e1ria das mulheres, F\u00e1tima Pelaes, do PMDB, convertida a uma religi\u00e3o conservadora desde um naufr\u00e1gio no rio Amazonas, em 2002 (t\u00edpico, ali\u00e1s, que a pasta que j\u00e1 teve status de minist\u00e9rio \u201ccaia\u201d de posi\u00e7\u00e3o para uma secretaria \u201csubordinada\u201d a um minist\u00e9rio chefiado por homens). Ela apoia o Estatuto do Nascituro e brada, aos prantos, que \u201cnasceu de um estupro\u201d. Ela e sua m\u00e3e t\u00eam direito a viver como bem entenderem, a terem filhos concebidos no horror da viol\u00eancia, se assim o desejarem; qualquer pessoa tem direito de viver segundo suas cren\u00e7as e disposi\u00e7\u00f5es pessoais. Mas ela n\u00e3o tem o direito de impor tamanho retrocesso a quem quer que seja.<br \/>\nAl\u00e9m do Estatuto do Nascituro, est\u00e3o em tramita\u00e7\u00e3o no Congresso Nacional outros projetos de lei que afetam diretamente a todas as mulheres do pa\u00eds. O PL 5069\/2013, por exemplo, proposto pelo trevoso e sabidamente corrupto Eduardo Cunha, coloca obst\u00e1culos ao atendimento das v\u00edtimas de estupro nas institui\u00e7\u00f5es de sa\u00fade. Tal projeto obriga uma mulher agredida, fragilizada, violentada e machucada a primeiro ter de registrar boletim de ocorr\u00eancia na delegacia, passar pelo exame de corpo delito para s\u00f3 ent\u00e3o poder ter o direito a ser atendida em uma unidade de sa\u00fade! Estou falando de casos onde a interrup\u00e7\u00e3o da gravidez \u00e9 legal, como nos casos de estupro, anencefalia do embri\u00e3o ou risco de vida da gr\u00e1vida por condi\u00e7\u00f5es de sa\u00fade desta. Por isso trata-se de um retrocesso, de tornar a legisla\u00e7\u00e3o mais restritiva.<br \/>\nA concep\u00e7\u00e3o de mulher que est\u00e1 por tr\u00e1s desse tipo de formula\u00e7\u00e3o \u00e9 mis\u00f3gina, pois a toma como potencial mentirosa, ladina e que tenta \u201cenganar\u201d as autoridades mentindo que foi violentada quando na verdade teria tido um \u201ccomportamento prom\u00edscuo\u201d e \u201cdepravado\u201d (como j\u00e1 li em um coment\u00e1rio nas redes sociais), al\u00e9m de descuidado, que resultou em gravidez. E o descuido \u00e9 sempre dela, o homem que a engravidou sempre desaparece da equa\u00e7\u00e3o.<br \/>\nA Lilith perigosa e demon\u00edaca, ou a serpente p\u00e9rfida do mal, s\u00e3o mitos que emprestam sentido a certas representa\u00e7\u00f5es da mulher, at\u00e9 os dias atuais. O real, meus caros e caras, \u00e9 arquet\u00edpico. Nessa perspectiva, existe uma estrutura ps\u00edquica universal, presente em qualquer lugar ou cultura, em diferentes contextos sociais. O que se repete s\u00e3o os conte\u00fados, uma vez que as formas mudam conforme variam as forma\u00e7\u00f5es culturais. Carl Gustav Jung, o grande psicanalista, escreveu que partilhamos no inconsciente coletivo \u201cimagens primordiais\u201d, conte\u00fados recheados de sentidos que a humanidade desenvolveu em milh\u00f5es de anos, e vamos acess\u00e1-las conforme nossas circunst\u00e2ncias existenciais e pessoais. Essas imagens e figuras podem remeter a temas mitol\u00f3gicos, aparecer em contos e hist\u00f3rias, lendas populares e cren\u00e7as: s\u00e3o os arqu\u00e9tipos.<br \/>\nAparecem nas cartas do tar\u00f4, bem como est\u00e3o presentes em nossos sonhos e devaneios. E sustentam nossas cren\u00e7as: a morte \u00e9 um arqu\u00e9tipo poderoso e assustador, e passamos a vida assombrados por ele. A santa, a \u2018puta\u2019, a virgem, a bruxa, a fada, a sereia (arqu\u00e9tipos ligados \u00e0 figura feminina), o her\u00f3i, o s\u00e1bio, o ditador, o mago, o louco (ligados \u00e0 masculina) etc. A lista de arqu\u00e9tipos \u00e9 grande e cada um deles tem a sua carga e o seu poder. Talvez, em algum momento da vida, nos identifiquemos com muitos deles. Lembrando que, para Jung, todos t\u00eam uma dimens\u00e3o feminina e uma masculina, pois no inconsciente do homem existe a presen\u00e7a da anima (o sentido feminino) e no inconsciente da mulher existe o animus (o sentido masculino), portanto os arqu\u00e9tipos todos nos habitam, independentemente do g\u00eanero sentido e praticado. Toda essa riqueza criativa determinou, ali\u00e1s, sua ruptura com o mestre Freud, por incompatibilidade te\u00f3rica!<br \/>\nMas voltando ao nosso assunto, muitos mitos s\u00e3o tomados como definidores reais das mulheres, em sociedades conservadoras que tentam avan\u00e7ar nas transforma\u00e7\u00f5es culturais emancipat\u00f3rias e voltadas \u00e0 igualdade. A Lilith ladina e perigosa, que \u201cseduz\u201d o \u201cpobre\u201d homem que cai nos seus encantos&#8230; ela \u00e9 um dem\u00f4nio ligado \u00e0 noite e aos ventos, nas tradi\u00e7\u00f5es judaica e isl\u00e2mica, tida tamb\u00e9m como a primeira mulher de Ad\u00e3o, inclusive sendo acusada de ser a serpente que levou Eva a comer a ma\u00e7\u00e3 (mas mesmo Eva, feita de uma costela, mais d\u00f3cil e dependente, leva a pecha de ter desencaminhado Ad\u00e3o&#8230;). A prostituta us\u00e1vel, mas pouco confi\u00e1vel e descart\u00e1vel; a \u201cmulher de Atenas\u201d, Am\u00e9lia que tudo suporta calada (esta foi cantada por Chico Buarque); a m\u00e3e santificada, assexuada e que \u00e9 puro afeto, doa\u00e7\u00e3o e nutri\u00e7\u00e3o: nomeie aqui seu arqu\u00e9tipo feminino predileto!<br \/>\nAs religi\u00f5es s\u00e3o todas povoadas de mitos e arqu\u00e9tipos, e n\u00e3o h\u00e1 a princ\u00edpio nada de mal nisso; mas come\u00e7a a haver quando elas se misturam com a pol\u00edtica e se infiltram no Estado. Por isso o Estado tem de ser laico, ou seja, assegurar a liberdade de cren\u00e7a e pr\u00e1tica religiosa, mas ele mesmo n\u00e3o pode ter nada a ver com religi\u00e3o! Nenhuma cren\u00e7a baseada em religi\u00e3o deve se misturar na gest\u00e3o do Estado. Este precisa assegurar servi\u00e7os b\u00e1sicos como sa\u00fade, educa\u00e7\u00e3o, assist\u00eancia social e seguran\u00e7a, todos baseados em crit\u00e9rios humanit\u00e1rios, filos\u00f3ficos (bio\u00e9ticos), cient\u00edficos e pol\u00edticos.<br \/>\nPortanto, para embasar pol\u00edticas voltadas \u00e0 sa\u00fade da mulher, h\u00e1 que levar em considera\u00e7\u00e3o campos como a epidemiologia, a psicologia e demais ci\u00eancias sociais, a medicina, a enfermagem etc. Jamais arqu\u00e9tipos religiosos tomados como realidade pol\u00edtica, isso \u00e9 o mais completo absurdo e fere o princ\u00edpio da laicidade do Estado. Este \u00e9 uma institui\u00e7\u00e3o pol\u00edtica, no sentido de gest\u00e3o da Polis, a sociedade que regula e gere. Cidad\u00e3s e cidad\u00e3os precisam participar dessa gest\u00e3o na esfera p\u00fablica democr\u00e1tica, eleger seus representantes para c\u00e2maras, conselhos e senados, em todos os n\u00edveis, controlando como esses legislam e implementam pol\u00edticas p\u00fablicas que beneficiem a popula\u00e7\u00e3o. Esta \u00e9 sua obriga\u00e7\u00e3o, ali\u00e1s; o resto \u00e9 obscurantismo, ignor\u00e2ncia e fanatismo, sendo impostos de cima para baixo em uma sociedade aturdida \u2013 como a nossa hoje.<br \/>\nA mulher agredida e estuprada precisa ser acolhida com compet\u00eancia, humanidade, respeito e se poss\u00edvel carinho (algo que ela vai precisar), mas se imposs\u00edvel, apenas os tr\u00eas primeiros itens ser\u00e3o suficientes. Projetos no sentido contr\u00e1rio t\u00eam o meu mais completo rep\u00fadio e irei \u00e0s ruas contra eles tantas vezes quantas forem necess\u00e1rias, at\u00e9 derrub\u00e1-los. Nossas antepassadas sufragistas comeram o p\u00e3o que o diabo amassou nas ruas, com a pol\u00edcia mis\u00f3gina em cima delas; n\u00e3o vamos ter medo agora que as coisas j\u00e1 avan\u00e7aram um pouco. Pouco mesmo, deviam ter avan\u00e7ado muito mais, mas pelo menos hoje temos mais respaldo das leis (e da intelectualidade que n\u00e3o desistiu de melhorar o mundo).<br \/>\nS\u00e3o cinco mil mulheres mortas por ano, treze por dia, segundo dados da cartilha lan\u00e7ada pelo PSOL \u201cA Luta das Mulheres Muda o Mundo\u201d, publica\u00e7\u00e3o da Assembleia Legislativa de Porto Alegre (<a href=\"https:\/\/issuu.com\/lucianagenro5\/docs\/cartilha_das_mulheres\/1\" target=\"_blank\" rel=\"noopener noreferrer\">dispon\u00edvel\u00a0aqui<\/a>). A cada tr\u00eas horas uma mulher \u00e9 estuprada no Brasil. Muitas v\u00edtimas n\u00e3o denunciam por medo, vergonha, solid\u00e3o&#8230; Um crime sempre sem testemunhas, se a palavra da v\u00edtima n\u00e3o vale nada, tende a ser cada vez menos denunciado e mais subnotificado, levando \u00e0 impunidade que o retroalimenta. Ou seja: esses projetos mis\u00f3ginos s\u00e3o mais um crime contra as mulheres no Brasil. Convido a todos e todas, para dizermos N\u00c3O! Para gritarmos em un\u00edssono, BASTA DE VIOL\u00caNCIA! Nos encontramos nas ruas e nas redes, espero voc\u00eas por l\u00e1.<\/p>\n","protected":false},"excerpt":{"rendered":"<p>O risco de retrocesso de d\u00e9cadas que estamos vivendo nesse momento \u00e9 imenso, preocupante e mesmo desesperador para quem, como eu, tem lutado para avan\u00e7ar ainda mais, e n\u00e3o ter de lutar pelo que j\u00e1 \u00e9 e j\u00e1 foi conquistado. Fica muito claro como Ernst Bloch, o fil\u00f3sofo ut\u00f3pico ligado \u00e0 escola de Frankfurt, tinha [&hellip;]<\/p>\n","protected":false},"author":21,"featured_media":33937,"comment_status":"open","ping_status":"closed","sticky":false,"template":"","format":"standard","meta":{"_jetpack_memberships_contains_paid_content":false,"footnotes":""},"categories":[82],"tags":[],"class_list":["post-34488","post","type-post","status-publish","format-standard","has-post-thumbnail","hentry","category-debates"],"aioseo_notices":[],"jetpack_featured_media_url":"","jetpack_sharing_enabled":true,"_links":{"self":[{"href":"https:\/\/www.jornalja.com.br\/especiais\/wp-json\/wp\/v2\/posts\/34488","targetHints":{"allow":["GET"]}}],"collection":[{"href":"https:\/\/www.jornalja.com.br\/especiais\/wp-json\/wp\/v2\/posts"}],"about":[{"href":"https:\/\/www.jornalja.com.br\/especiais\/wp-json\/wp\/v2\/types\/post"}],"author":[{"embeddable":true,"href":"https:\/\/www.jornalja.com.br\/especiais\/wp-json\/wp\/v2\/users\/21"}],"replies":[{"embeddable":true,"href":"https:\/\/www.jornalja.com.br\/especiais\/wp-json\/wp\/v2\/comments?post=34488"}],"version-history":[{"count":0,"href":"https:\/\/www.jornalja.com.br\/especiais\/wp-json\/wp\/v2\/posts\/34488\/revisions"}],"wp:featuredmedia":[{"embeddable":true,"href":"https:\/\/www.jornalja.com.br\/especiais\/wp-json\/"}],"wp:attachment":[{"href":"https:\/\/www.jornalja.com.br\/especiais\/wp-json\/wp\/v2\/media?parent=34488"}],"wp:term":[{"taxonomy":"category","embeddable":true,"href":"https:\/\/www.jornalja.com.br\/especiais\/wp-json\/wp\/v2\/categories?post=34488"},{"taxonomy":"post_tag","embeddable":true,"href":"https:\/\/www.jornalja.com.br\/especiais\/wp-json\/wp\/v2\/tags?post=34488"}],"curies":[{"name":"wp","href":"https:\/\/api.w.org\/{rel}","templated":true}]}}