{"id":34625,"date":"2016-06-11T19:23:41","date_gmt":"2016-06-11T22:23:41","guid":{"rendered":"http:\/\/www.jornalja.com.br\/?p=34625"},"modified":"2016-06-11T19:23:41","modified_gmt":"2016-06-11T22:23:41","slug":"dilma-sai-das-cordas","status":"publish","type":"post","link":"https:\/\/www.jornalja.com.br\/especiais\/dilma-sai-das-cordas\/","title":{"rendered":"Dilma sai das cordas"},"content":{"rendered":"<p>Nas duas entrevistas concedidas na semana de 05 a 11 de junho por Dilma Rousseff, a presidenta afastada se apresentou com uma imagem completamente diferente da mantida durante o exerc\u00edcio pleno da Presid\u00eancia da Rep\u00fablica. Muito mais solta, descontra\u00edda, falando de modo fluente e claro, demonstrando dom\u00ednio dos temas tratados e, talvez de modo surpreendente, assumindo a iniciativa pol\u00edtica e desafiando o governo interino.<br \/>\nAl\u00e9m de explicar a\u00e7\u00f5es tomadas por seu governo no plano da economia, como a redu\u00e7\u00e3o e posterior eleva\u00e7\u00e3o dos juros b\u00e1sicos da economia, indicando\u00a0as press\u00f5es que sofreu para elev\u00e1-los novamente, al\u00e9m de elucidar as dificuldades que enfrentou com as resist\u00eancias das elites empresariais para que elas usassem as isen\u00e7\u00f5es tribut\u00e1rias e os empr\u00e9stimos do BNDES\u00a0(subsidiados pelo tesouro nacional) para investir,\u00a0gerar empreso e\u00a0alavancar a economia, Dilma foi fundo na avalia\u00e7\u00e3o pol\u00edtica, tanto do seu governo quanto do interino.<br \/>\nA presidenta mostrou-se disposta ao di\u00e1logo e, ao mesmo tempo, confirmou o perfil de algu\u00e9m que n\u00e3o tem medo de enfrentar desafios. Afirmou que o processo do seu afastamento \u00e9 um golpe parlamentar, criticou ministros do STF que &#8220;falam fora dos autos&#8221; e tamb\u00e9m a vis\u00e3o meramente criminal\u00edstica de ju\u00edzes e procuradores federais que, no af\u00e3 de combater a corrup\u00e7\u00e3o, desestruturam empresas e as institui\u00e7\u00f5es do pa\u00eds.<br \/>\nAl\u00e9m de criticar a pol\u00edtica externa e as a\u00e7\u00f5es internas do governo do seu substituto interino, deixou claro que o papel desempenhado pelo Brasil no cen\u00e1rio internacional desde o governo Lula, somado \u00e0 descoberta do Pr\u00e9-Sal, que torna o Brasil um dos maiores produtores mundiais de petr\u00f3leo, e \u00e0 cria\u00e7\u00e3o do Banco dos Brics despertaram uma forte rea\u00e7\u00e3o conservadora por parte de grupos de interesses internacionais e nacionais.<br \/>\nSaindo das cordas, Dilma tomou a iniciativa e partiu para o ataque. Afirmou que o &#8220;pacto da constituinte de 1988 foi rompido&#8221; e que a constru\u00e7\u00e3o de um novo pacto s\u00f3 poder\u00e1 ser feita por meio de consulta popular. Para sair do impasse atual,\u00a0&#8220;o povo ter\u00e1 que ser ouvido&#8221;, disse.<br \/>\nDevolvendo ao povo a soberania para decidir quem o governa e os rumos que imprime \u00e0\u00a0pol\u00edtica nacional, Dilma Rousseff prop\u00f4s e comprometeu-se a realizar uma consulta popular, talvez um\u00a0plebiscito, t\u00e3o logo ela reassuma o governo federal,\u00a0para que a popula\u00e7\u00e3o, por meio do voto, decida se quer que ela continue na Presid\u00eancia da Rep\u00fablica ou se prefere que sejam realizadas novas elei\u00e7\u00f5es.<br \/>\nEncurralou, com esta proposta, o presidente interino, levando-o ao corner do ringue.\u00a0Com apenas 11% de confian\u00e7a popular, segundo as pesquisas de opini\u00e3o p\u00fablica divulgadas, Temer ter\u00e1 coragem para se submeter ao crivo das urnas? Registrar\u00e1 o ataque ou o ignorar\u00e1 solenemente?<br \/>\nA grande imprensa que se aliou ao movimento pela destitui\u00e7\u00e3o de Dilma e que j\u00e1 se desencantou com Temer deixar\u00e1 passar em brancas nuvens a proposta de Dilma ou exigir\u00e1 resposta de Temer? Como reagir\u00e3o os senadores respons\u00e1veis pela vota\u00e7\u00e3o do impeachment e, consequentemente, pela perman\u00eancia ou n\u00e3o de Dilma ou de Temer na Presid\u00eancia da Rep\u00fablica?<br \/>\n<a href=\"https:\/\/youtu.be\/HCB74ydQKEg\" target=\"_blank\" rel=\"noopener noreferrer\">Veja aqui a \u00edntegra da entrevista de Dilma Rousseff \u00e0 Lu\u00eds Nassif, na TV Brasil.<\/a><br \/>\n<a href=\"http:\/\/www.redetv.uol.com.br\/jornalismo\/marianagodoyentrevista\/videos\/ultimos-programas\/mariana-godoy-recebe-a-presidente-afastada-dilma-rousseff-integra\" target=\"_blank\" rel=\"noopener noreferrer\">Veja aqui a \u00edntegra da entrevista de Dilma Rousseff \u00e0 Mariana Godoy, na Rede TV.<\/a><br \/>\n&nbsp;<\/p>\n","protected":false},"excerpt":{"rendered":"<p>Nas duas entrevistas concedidas na semana de 05 a 11 de junho por Dilma Rousseff, a presidenta afastada se apresentou com uma imagem completamente diferente da mantida durante o exerc\u00edcio pleno da Presid\u00eancia da Rep\u00fablica. Muito mais solta, descontra\u00edda, falando de modo fluente e claro, demonstrando dom\u00ednio dos temas tratados e, talvez de modo surpreendente, [&hellip;]<\/p>\n","protected":false},"author":21,"featured_media":34629,"comment_status":"open","ping_status":"closed","sticky":false,"template":"","format":"standard","meta":{"_jetpack_memberships_contains_paid_content":false,"footnotes":""},"categories":[82],"tags":[71],"class_list":["post-34625","post","type-post","status-publish","format-standard","has-post-thumbnail","hentry","category-debates","tag-imprensa"],"aioseo_notices":[],"jetpack_featured_media_url":"","jetpack_sharing_enabled":true,"_links":{"self":[{"href":"https:\/\/www.jornalja.com.br\/especiais\/wp-json\/wp\/v2\/posts\/34625","targetHints":{"allow":["GET"]}}],"collection":[{"href":"https:\/\/www.jornalja.com.br\/especiais\/wp-json\/wp\/v2\/posts"}],"about":[{"href":"https:\/\/www.jornalja.com.br\/especiais\/wp-json\/wp\/v2\/types\/post"}],"author":[{"embeddable":true,"href":"https:\/\/www.jornalja.com.br\/especiais\/wp-json\/wp\/v2\/users\/21"}],"replies":[{"embeddable":true,"href":"https:\/\/www.jornalja.com.br\/especiais\/wp-json\/wp\/v2\/comments?post=34625"}],"version-history":[{"count":0,"href":"https:\/\/www.jornalja.com.br\/especiais\/wp-json\/wp\/v2\/posts\/34625\/revisions"}],"wp:featuredmedia":[{"embeddable":true,"href":"https:\/\/www.jornalja.com.br\/especiais\/wp-json\/"}],"wp:attachment":[{"href":"https:\/\/www.jornalja.com.br\/especiais\/wp-json\/wp\/v2\/media?parent=34625"}],"wp:term":[{"taxonomy":"category","embeddable":true,"href":"https:\/\/www.jornalja.com.br\/especiais\/wp-json\/wp\/v2\/categories?post=34625"},{"taxonomy":"post_tag","embeddable":true,"href":"https:\/\/www.jornalja.com.br\/especiais\/wp-json\/wp\/v2\/tags?post=34625"}],"curies":[{"name":"wp","href":"https:\/\/api.w.org\/{rel}","templated":true}]}}