{"id":34867,"date":"2016-06-15T00:49:06","date_gmt":"2016-06-15T03:49:06","guid":{"rendered":"http:\/\/www.jornalja.com.br\/?p=34867"},"modified":"2016-06-15T00:49:06","modified_gmt":"2016-06-15T03:49:06","slug":"o-posicionamento-ideologico-de-dilma-rousseff-e-de-michel-temer-visto-por-meio-dos-discursos-de-posse","status":"publish","type":"post","link":"https:\/\/www.jornalja.com.br\/especiais\/o-posicionamento-ideologico-de-dilma-rousseff-e-de-michel-temer-visto-por-meio-dos-discursos-de-posse\/","title":{"rendered":"O posicionamento ideol\u00f3gico de Dilma Rousseff e de Michel Temer visto por meio dos discursos de posse"},"content":{"rendered":"<p>Embora os posicionamentos ideol\u00f3gicos da Presidenta Dilma Rousseff e do presidente interino Michel Temer j\u00e1 n\u00e3o sejam novidade para a maioria, nem sempre se faz uma an\u00e1lise acurada, do ponto de vista lingu\u00edstico, dos elementos que comprovam esses posicionamentos. Neste artigo, buscamos contrastar o discurso de posse do segundo mandato de Dilma Rousseff, em 2015, e o de Michel Temer, em 2016, salientando alguns aspectos que situam esses atores pol\u00edticos, a partir da identifica\u00e7\u00e3o dos seus interlocutores.<br \/>\nO texto de Dilma Rousseff foi pronunciado no Congresso Nacional em 1\u00ba de janeiro de 2015 e apresenta as propostas de governo para o novo mandato. O discurso de Temer foi pronunciado ao assumir como presidente interino e dirigido a um conjunto de convidados no dia 12 de maio de 2016.<br \/>\nNeste artigo, escolhemos apenas um dos aspectos poss\u00edveis de serem analisados nos dois discursos: a quem eles se dirigem e de que forma o fazem. Aparentemente, s\u00e3o formas simples, como <em>brasileiros, brasileiras e amigos<\/em>. Mas uma an\u00e1lise mais aprofundada revela o real significado dessas palavras neste contexto.<br \/>\nAp\u00f3s dirigir-se ao p\u00fablico presente \u2013 presidentes do Senado e da C\u00e2mara, vice-presidente, ministros, governadores e representantes de delega\u00e7\u00f5es estrangeiras, entre outros \u2013, Dilma Rousseff inicia seu discurso utilizando a forma <em>meus queridos brasileiros e brasileiras<\/em>; as varia\u00e7\u00f5es desse vocativo (<em>queridas brasileiras e queridos brasileiros, queridas e queridos brasileiras e brasileiros<\/em>) repetem-se quatro vezes ao longo do texto. A Presidenta tamb\u00e9m utiliza duas vezes a forma <em>amigos e amigas<\/em>.<br \/>\nMichel Temer, por sua vez, ao cumprimentar os ministros empossados, governadores, parlamentares, familiares e amigos, utiliza a express\u00e3o <em>meus amigos<\/em>, repetida oito vezes ao longo de seu discurso. Temer n\u00e3o faz men\u00e7\u00e3o aos <em>brasileiros e brasileiras<\/em>.<br \/>\nMas a quem, de fato, fazem refer\u00eancia as formas <em>brasileiros e brasileiras<\/em> <em>e amigos<\/em>? Como podemos ler esse endere\u00e7amento?<br \/>\nNo discurso de Dilma Rousseff, \u00e9 poss\u00edvel verificar, pela sequ\u00eancia da informa\u00e7\u00e3o apresentada ap\u00f3s o uso do vocativo, que <em>brasileiros e brasileiras<\/em> referem-se ao pa\u00eds, ao conjunto da popula\u00e7\u00e3o ou \u00e0 parcela pertencente \u00e0s classes sociais mais desfavorecidas, como se pode ver nos exemplos abaixo, indicados em it\u00e1lico:<br \/>\n<em>Queridas e queridos brasileiros e brasileiras<\/em>,<br \/>\n<em>O Brasil<\/em> vai continuar como o pa\u00eds l\u00edder, no mundo, em <em>pol\u00edticas sociais<\/em> transformadoras. Aos <em>benefici\u00e1rios do Bolsa Fam\u00edlia<\/em> continuaremos assegurando o acesso \u00e0s <em>pol\u00edticas sociais<\/em> e a novas oportunidades de renda.<br \/>\n<em>Queridos brasileiros e queridas brasileiras<\/em>,<br \/>\n<em>O Brasil<\/em> n\u00e3o ser\u00e1 sempre um <em>pa\u00eds<\/em> em desenvolvimento. Seu destino \u00e9 ser um <em>pa\u00eds<\/em> desenvolvido e justo, e \u00e9 este destino que estamos construindo e buscando cada vez mais, com o <em>esfor\u00e7o de todos<\/em>, construir.<br \/>\n&nbsp;<br \/>\nNo primeiro exemplo, segue-se a refer\u00eancia ao Brasil, \u00e0s pol\u00edticas sociais e aos benefici\u00e1rios do Bolsa Fam\u00edlia em particular. No segundo, ela menciona novamente o pa\u00eds, qualificando-o como desenvolvido e justo, constru\u00eddo com o esfor\u00e7o de todos. Essa refer\u00eancia fica mais evidente ainda quando correlacionada a outras partes do discurso, como no trecho a seguir, em que se faz men\u00e7\u00e3o a toda a popula\u00e7\u00e3o sem exclus\u00e3o de nenhum tipo:<br \/>\nS\u00f3 a educa\u00e7\u00e3o liberta um povo e lhe abre as portas de um futuro pr\u00f3spero. Democratizar o conhecimento significa <em>universalizar<\/em> o acesso a um ensino de qualidade em todos os n\u00edveis, <em>da creche \u00e0 p\u00f3s-gradua\u00e7\u00e3o<\/em>. Significa tamb\u00e9m levar a <em>todos os segmentos da popula\u00e7\u00e3o<\/em> dos mais marginalizados, <em>aos negros, \u00e0s mulheres e a todos os brasileiros<\/em> a educa\u00e7\u00e3o de qualidade.<br \/>\nMesmo quando a Presidenta emprega a forma \u201camigos e amigas\u201d, trata-se de um \u201cchamamento\u201d a seus interlocutores, mas o conte\u00fado do texto refere-se ao coletivo (sociedade, movimentos sociais e povo), como vemos na passagem seguinte:<br \/>\n<em>Amigos e amigas<\/em>,<br \/>\nTudo que estamos dizendo, tudo que estamos propondo converge para um grande objetivo: ampliar e fortalecer a democracia, democratizando verdadeiramente o poder. Democratizar o poder significa lutar pela reforma pol\u00edtica, ouvir com aten\u00e7\u00e3o a<em> sociedade e os movimentos sociais<\/em> e buscar a opini\u00e3o do povo para refor\u00e7ar a legitimidade das a\u00e7\u00f5es do Executivo.<br \/>\nAl\u00e9m do estabelecimento dessas correla\u00e7\u00f5es, que indicam um endere\u00e7amento ao coletivo, a Presidenta sempre utiliza conjuntamente a forma feminina (<em>brasileiras, amigas<\/em>) e a forma masculina (<em>brasileiros, amigos<\/em>), nunca exclusivamente a forma masculina. Isso revela sua preocupa\u00e7\u00e3o por incluir as mulheres em seu discurso. Essa perspectiva inclusiva \u00e9 clara no trecho reproduzido abaixo:<br \/>\nSinto alegria por ter vencido os desafios e honrado o nome da <em>mulher brasileira<\/em>. O nome de milh\u00f5es de <em>mulheres<\/em> guerreiras, <em>mulheres<\/em> an\u00f4nimas que voltam a ocupar, encarnadas na minha figura, o mais alto posto dessa nossa grande na\u00e7\u00e3o.<br \/>\n\u00c9 exatamente essa perspectiva que o presidente interino busca suprimir ao vetar recentemente a forma de tratamento \u201cpresidenta\u201d na televis\u00e3o e na ag\u00eancia de not\u00edcias Brasil.<br \/>\n<img decoding=\"async\" class=\"alignnone size-full wp-image-34869\" src=\"http:\/\/www.jornalja.com.br\/wp-content\/uploads\/2016\/06\/Posse-de-Temer.jpg\" alt=\"Posse de Michael Temer\" width=\"290\" height=\"174\" \/><br \/>\nNo discurso de Michel Temer, n\u00e3o h\u00e1 uma \u00fanica refer\u00eancia a <em>brasileiros e brasileiras<\/em>. Quando emprega a forma <em>amigos<\/em>, sempre no masculino, dirige-se aos seus correligion\u00e1rios de partido e apoiadores (<em>colegas parlamentares<\/em>, <em>senhores governadores<\/em>) e decorre da longa conviv\u00eancia ao longo do tempo. Isso pode ser visto no trecho a seguir:<br \/>\n<em>Amigos<\/em>,<br \/>\nSenhoras e senhores,<br \/>\nEu pretendia que esta cerim\u00f4nia fosse extremamente s\u00f3bria e discreta, como conv\u00e9m ao momento que vivemos. Entretanto, eu vejo o entusiasmo dos <em>colegas parlamentares<\/em>, dos <em>senhores governadores<\/em>, e tenho absoluta convic\u00e7\u00e3o de que este entusiasmo deriva, precisamente, <em>da longa conviv\u00eancia que n\u00f3s todos tivemos ao longo do tempo<\/em>.<br \/>\nEle fala tamb\u00e9m aos investidores, aos empres\u00e1rios e ao setor privado, como se v\u00ea abaixo:<br \/>\nEu quero, tamb\u00e9m, para <em>tranquilizar o mercado<\/em>, dizer que ser\u00e3o mantidas todas as garantias que a dire\u00e7\u00e3o do Banco Central hoje desfruta para fortalecer sua atua\u00e7\u00e3o como condutora da pol\u00edtica monet\u00e1ria e fiscal. \u00c9 preciso, <em>meus amigos<\/em>, &#8211; e aqui eu percebo que eu fico dizendo umas obviedades, umas trivialidades, mas que s\u00e3o necess\u00e1rias porque, ao longo do tempo, eu percebo como as pessoas v\u00e3o se esquecendo de certos conceitos fundamentais da vida p\u00fablica e da vida no Estado.<br \/>\nAo Estado compete &#8211; vou dizer, aqui, o \u00f3bvio -, compete cuidar da seguran\u00e7a, da sa\u00fade, da educa\u00e7\u00e3o, ou seja, dos espa\u00e7os e setores fundamentais, que n\u00e3o podem sair da \u00f3rbita p\u00fablica. O restante ter\u00e1 que ser compartilhado com a <em>iniciativa privada<\/em>, aqui entendida como a conjuga\u00e7\u00e3o de a\u00e7\u00e3o entre trabalhadores e empregadores.<br \/>\nMesmo quando faz men\u00e7\u00e3o ao <em>povo brasileiro<\/em> ou \u00e0 <em>sociedade<\/em>, esses n\u00e3o s\u00e3o seu foco, pois sempre aparecem referidos em \u00faltimo lugar numa enumera\u00e7\u00e3o de v\u00e1rios atores, como vemos a seguir:<br \/>\nReitero, como tenho dito ao longo do tempo, que \u00e9 urgente pacificar a Na\u00e7\u00e3o e unificar o Brasil. \u00c9 urgente fazermos um governo de salva\u00e7\u00e3o nacional. Partidos pol\u00edticos, lideran\u00e7as e entidades organizadas e o <em>povo brasileiro<\/em> h\u00e3o de emprestar sua colabora\u00e7\u00e3o para tirar o pa\u00eds dessa grave crise em que nos encontramos.<br \/>\nNingu\u00e9m, absolutamente ningu\u00e9m, individualmente, tem as melhores receitas para as reformas que precisamos realizar. Mas n\u00f3s, governo, Parlamento\u00a0e <em>sociedade<\/em>, juntos, vamos encontr\u00e1-las.<br \/>\nE \u00e9 por isso que hoje n\u00f3s estamos na fase da democracia da efici\u00eancia, com o que eu quero contar com o trabalho dos senhores ministros, do Parlamento e de todo o <em>povo brasileiro<\/em>.<br \/>\nPor meio desta breve an\u00e1lise aqui apresentada, as express\u00f5es <em>brasileiros e brasileiras<\/em> e <em>amigos<\/em> e seus contextos j\u00e1 s\u00e3o suficientes para evidenciar a presen\u00e7a de duas posi\u00e7\u00f5es antag\u00f4nicas. Por um lado, a da Presidenta Dilma Rousseff, que se dirige ao povo brasileiro, \u00e0 na\u00e7\u00e3o brasileira sem distin\u00e7\u00e3o de g\u00eanero, ra\u00e7a ou posi\u00e7\u00e3o social. Seu pronunciamento se endere\u00e7a ao <em>povo<\/em> e indica que ela pretende governar <em>com<\/em> ele. Por outro, o discurso de Michel Temer \u00e9 endere\u00e7ado diretamente aos <em>amigos<\/em>, todos do sexo masculino, o que tamb\u00e9m se comprova pela escolha de apenas homens para os minist\u00e9rios. E mesmo que essa forma lingu\u00edstica possa incluir as mulheres, pragmaticamente a refer\u00eancia \u00e9 a um grupo seleto, os amigos presentes em sua posse, do mesmo que quando emprega <em>senhoras e senhores<\/em>. Constata-se ainda que, embora fa\u00e7a refer\u00eancia ao povo brasileiro e \u00e0 sociedade, em primeiro lugar s\u00e3o sempre mencionados outros setores, como os investidores, o setor privado, os empres\u00e1rios.<br \/>\nPor fim, salientamos a individualidade expressa no pronunciamento do presidente interino \u2013 que se contrap\u00f5e \u00e0 express\u00e3o de coletividade manifesta no da Presidenta \u2013 por meio de seu lapso do pronome <em>meus<\/em> em um dos trechos finais do discurso:<br \/>\nFarei muitos outros pronunciamentos. E <em>meus<\/em> ministros tamb\u00e9m. <em>Meus<\/em> ministros \u00e9 exagerado, s\u00e3o ministros do governo. O presidente n\u00e3o tem vice-presidente, n\u00e3o tem ministro, quem tem ministro \u00e9 o governo.<br \/>\nEm que pese a retomada imediata \u2013 \u201c<em>meus<\/em> ministros \u00e9 exagerado\u201d \u2013, palavra pronunciada \u00e9 como flecha lan\u00e7ada&#8230; Esse fato \u00e9 ind\u00edcio concreto de que, assim como a linguagem pode nos libertar, ela tamb\u00e9m pode nos trair. Esse lapso evidencia que, ao inv\u00e9s de se posicionar como mandat\u00e1rio, a quem cabe governar em nome do povo e para o povo, ele se coloca na posi\u00e7\u00e3o de dono do poder, ou seja, a <em>res<\/em> publica \u00e9 algo que lhe pertence \u2013 a ele e a <em>seus<\/em> amigos.<br \/>\nFontes:<br \/>\nDiscurso de posse de Dilma Roussef no Congresso Nacional, 2015 Dispon\u00edvel em: <a href=\"http:\/\/www2.planalto.gov.br\/acompanhe-o-planalto\/discursos\/discursos-da-presidenta\/discurso-da-presidenta-da-republica-dilma-rousseff-durante-compromisso-constitucional-perante-o-congresso-nacional-1\">http:\/\/www2.planalto.gov.br\/acompanhe-o-planalto\/discursos\/discursos-da-presidenta\/discurso-da-presidenta-da-republica-dilma-rousseff-durante-compromisso-constitucional-perante-o-congresso-nacional-1<\/a> Acesso em 06\/06\/2016<br \/>\nDiscurso de posse de Michel Temer, em 13 de maio de 2016. Dispon\u00edvel em:<a href=\"http:\/\/www2.planalto.gov.br\/presidente-interino\/discursos\/discursos-do-presidente-interino\/discurso-do-presidente-da-republica-michel-temer-durante-cerimonia-de-posse-dos-novos-ministros-de-estado-palacio-do-planalto\">\u00a0http:\/\/www2.planalto.gov.br\/presidente-interino\/discursos\/discursos-do-presidente-interino\/discurso-do-presidente-da-republica-michel-temer-durante-cerimonia-de-posse-dos-novos-ministros-de-estado-palacio-do-planalto<\/a> Acesso em 06\/06\/2016<br \/>\n<img decoding=\"async\" class=\"alignnone size-full wp-image-34866\" src=\"http:\/\/www.jornalja.com.br\/wp-content\/uploads\/2016\/06\/Cleci.jpg\" alt=\"Cleci Bevilacqua\" width=\"140\" height=\"139\" \/>Cleci Regina Bevilacqua: professora do Departamento de L\u00ednguas Modernas e do Programa de\u00a0P\u00f3s-Gradua\u00e7\u00e3o em Letras do Instituto de Letras.<br \/>\n<img decoding=\"async\" class=\"alignnone size-medium wp-image-34249\" src=\"http:\/\/www.jornalja.com.br\/wp-content\/uploads\/2016\/06\/Reuillard-211x300.jpg\" alt=\"Patr\u00edcia Reuillard\" width=\"211\" height=\"300\" \/>Patr\u00edcia Reuillard:\u00a0professora do Departamento de L\u00ednguas Modernas e do Programa de P\u00f3s-Gradua\u00e7\u00e3o em Letras do Instituto de Letras.<br \/>\n&nbsp;<\/p>\n","protected":false},"excerpt":{"rendered":"<p>Embora os posicionamentos ideol\u00f3gicos da Presidenta Dilma Rousseff e do presidente interino Michel Temer j\u00e1 n\u00e3o sejam novidade para a maioria, nem sempre se faz uma an\u00e1lise acurada, do ponto de vista lingu\u00edstico, dos elementos que comprovam esses posicionamentos. Neste artigo, buscamos contrastar o discurso de posse do segundo mandato de Dilma Rousseff, em 2015, [&hellip;]<\/p>\n","protected":false},"author":21,"featured_media":34868,"comment_status":"open","ping_status":"closed","sticky":false,"template":"","format":"standard","meta":{"_jetpack_memberships_contains_paid_content":false,"footnotes":""},"categories":[82],"tags":[],"class_list":["post-34867","post","type-post","status-publish","format-standard","has-post-thumbnail","hentry","category-debates"],"aioseo_notices":[],"jetpack_featured_media_url":"","jetpack_sharing_enabled":true,"_links":{"self":[{"href":"https:\/\/www.jornalja.com.br\/especiais\/wp-json\/wp\/v2\/posts\/34867","targetHints":{"allow":["GET"]}}],"collection":[{"href":"https:\/\/www.jornalja.com.br\/especiais\/wp-json\/wp\/v2\/posts"}],"about":[{"href":"https:\/\/www.jornalja.com.br\/especiais\/wp-json\/wp\/v2\/types\/post"}],"author":[{"embeddable":true,"href":"https:\/\/www.jornalja.com.br\/especiais\/wp-json\/wp\/v2\/users\/21"}],"replies":[{"embeddable":true,"href":"https:\/\/www.jornalja.com.br\/especiais\/wp-json\/wp\/v2\/comments?post=34867"}],"version-history":[{"count":0,"href":"https:\/\/www.jornalja.com.br\/especiais\/wp-json\/wp\/v2\/posts\/34867\/revisions"}],"wp:featuredmedia":[{"embeddable":true,"href":"https:\/\/www.jornalja.com.br\/especiais\/wp-json\/"}],"wp:attachment":[{"href":"https:\/\/www.jornalja.com.br\/especiais\/wp-json\/wp\/v2\/media?parent=34867"}],"wp:term":[{"taxonomy":"category","embeddable":true,"href":"https:\/\/www.jornalja.com.br\/especiais\/wp-json\/wp\/v2\/categories?post=34867"},{"taxonomy":"post_tag","embeddable":true,"href":"https:\/\/www.jornalja.com.br\/especiais\/wp-json\/wp\/v2\/tags?post=34867"}],"curies":[{"name":"wp","href":"https:\/\/api.w.org\/{rel}","templated":true}]}}