{"id":35019,"date":"2016-06-16T23:33:59","date_gmt":"2016-06-17T02:33:59","guid":{"rendered":"http:\/\/www.jornalja.com.br\/?p=35019"},"modified":"2016-06-16T23:33:59","modified_gmt":"2016-06-17T02:33:59","slug":"manifestacao-estudantil-pacifica-e-violencia-da-brigada-militar-nota-de-repudio","status":"publish","type":"post","link":"https:\/\/www.jornalja.com.br\/especiais\/manifestacao-estudantil-pacifica-e-violencia-da-brigada-militar-nota-de-repudio\/","title":{"rendered":"Manifesta\u00e7\u00e3o estudantil pac\u00edfica e a viol\u00eancia da Brigada Militar \u2013 Nota de Rep\u00fadio"},"content":{"rendered":"<p>O Comit\u00ea em Defesa da Democracia e do Estado Democr\u00e1tico de Direito vem a p\u00fablico repudiar a a\u00e7\u00e3o repressiva da Brigada Militar do Rio Grande do Sul durante o processo de desocupa\u00e7\u00e3o da Secretaria da Fazenda, no dia 15 de junho.<br \/>\nNesse processo, foi utilizada viol\u00eancia desmedida contra um grupo de jovens estudantes, que se manifestavam de forma n\u00e3o violenta contra a pol\u00edtica educacional do governo do Rio Grande do Sul.<br \/>\n\u00c9 de conhecimento p\u00fablico &#8211; atrav\u00e9s de v\u00eddeos, fotos e depoimentos divulgados nas redes sociais &#8211; o tratamento utilizado pela Brigada Militar, que, inclusive, empregou, no espa\u00e7o interno da Secretaria, jatos de spray de pimenta contra adolescentes que se encontravam sentados e sem expressar qualquer inten\u00e7\u00e3o de rea\u00e7\u00e3o.<br \/>\nO Comit\u00ea est\u00e1 aguardando audi\u00eancia com o Sr. Governador e outras autoridades p\u00fablicas, solicitada por tr\u00eas vezes desde o dia 30 de maio, para expressar sua posi\u00e7\u00e3o de defesa de solu\u00e7\u00f5es pac\u00edficas para a resolu\u00e7\u00e3o dos conflitos sociais que t\u00eam ocorrido neste per\u00edodo de crise institucional no pa\u00eds.<br \/>\nReiteramos que, entre os direitos fundamentais da cidadania, est\u00e3o o respeito \u00e0 integridade f\u00edsica, \u00e0 organiza\u00e7\u00e3o e \u00e0 livre manifesta\u00e7\u00e3o das opini\u00f5es \u2013 pilares do processo de constru\u00e7\u00e3o da democracia.<br \/>\nPorto Alegre, 16 de junho de 2016<\/p>\n","protected":false},"excerpt":{"rendered":"<p>O Comit\u00ea em Defesa da Democracia e do Estado Democr\u00e1tico de Direito vem a p\u00fablico repudiar a a\u00e7\u00e3o repressiva da Brigada Militar do Rio Grande do Sul durante o processo de desocupa\u00e7\u00e3o da Secretaria da Fazenda, no dia 15 de junho. Nesse processo, foi utilizada viol\u00eancia desmedida contra um grupo de jovens estudantes, que se [&hellip;]<\/p>\n","protected":false},"author":21,"featured_media":0,"comment_status":"open","ping_status":"closed","sticky":false,"template":"","format":"standard","meta":{"_jetpack_memberships_contains_paid_content":false,"footnotes":""},"categories":[82],"tags":[],"class_list":["post-35019","post","type-post","status-publish","format-standard","hentry","category-debates"],"aioseo_notices":[],"jetpack_featured_media_url":"","jetpack_sharing_enabled":true,"_links":{"self":[{"href":"https:\/\/www.jornalja.com.br\/especiais\/wp-json\/wp\/v2\/posts\/35019","targetHints":{"allow":["GET"]}}],"collection":[{"href":"https:\/\/www.jornalja.com.br\/especiais\/wp-json\/wp\/v2\/posts"}],"about":[{"href":"https:\/\/www.jornalja.com.br\/especiais\/wp-json\/wp\/v2\/types\/post"}],"author":[{"embeddable":true,"href":"https:\/\/www.jornalja.com.br\/especiais\/wp-json\/wp\/v2\/users\/21"}],"replies":[{"embeddable":true,"href":"https:\/\/www.jornalja.com.br\/especiais\/wp-json\/wp\/v2\/comments?post=35019"}],"version-history":[{"count":0,"href":"https:\/\/www.jornalja.com.br\/especiais\/wp-json\/wp\/v2\/posts\/35019\/revisions"}],"wp:attachment":[{"href":"https:\/\/www.jornalja.com.br\/especiais\/wp-json\/wp\/v2\/media?parent=35019"}],"wp:term":[{"taxonomy":"category","embeddable":true,"href":"https:\/\/www.jornalja.com.br\/especiais\/wp-json\/wp\/v2\/categories?post=35019"},{"taxonomy":"post_tag","embeddable":true,"href":"https:\/\/www.jornalja.com.br\/especiais\/wp-json\/wp\/v2\/tags?post=35019"}],"curies":[{"name":"wp","href":"https:\/\/api.w.org\/{rel}","templated":true}]}}