{"id":35311,"date":"2016-06-22T02:58:06","date_gmt":"2016-06-22T05:58:06","guid":{"rendered":"http:\/\/www.jornalja.com.br\/?p=35311"},"modified":"2016-06-22T02:58:06","modified_gmt":"2016-06-22T05:58:06","slug":"as-ilusoes-da-conjuntura-e-o-silencio-das-esquerdas","status":"publish","type":"post","link":"https:\/\/www.jornalja.com.br\/especiais\/as-ilusoes-da-conjuntura-e-o-silencio-das-esquerdas\/","title":{"rendered":"As ilus\u00f5es da conjuntura e o sil\u00eancio das esquerdas"},"content":{"rendered":"<p>A gravidade da dela\u00e7\u00e3o premiada de\u00a0<a href=\"http:\/\/www.ihu.unisinos.br\/noticias\/556456-a-delacao-de-sergio-machado-ameaca-os-planos-de-decolagem-de-temer\">S\u00e9rgio Machado<\/a>\u00a0deveria ter produzido o efeito de uma bomba termob\u00e1rica sobre o governo e sobre o sistema pol\u00edtico brasileiro. N\u00e3o teve. Em qualquer pa\u00eds s\u00e9rio, os dirigentes dos principais postos pol\u00edticos do pa\u00eds teriam sido obrigados a se afastar de seus cargos e estariam presos, inclusive o presidente ileg\u00edtimo Michel Temer,\u00a0Renan Calheiros,\u00a0Eduardo Cunha, v\u00e1rios ministros e as c\u00fapulas dos principais partidos. N\u00e3o est\u00e3o. Se a dela\u00e7\u00e3o tivesse ocorrido durante o governo\u00a0Dilma, a m\u00eddia teria feito uma enorme escandaliza\u00e7\u00e3o, mas agora n\u00e3o fez. A oposi\u00e7\u00e3o teria sa\u00eddo a campo para exigir explica\u00e7\u00f5es, demiss\u00f5es, afastamentos, ren\u00fancias. A oposi\u00e7\u00e3o de agora mal se pronunciou. Como entender essa situa\u00e7\u00e3o an\u00f4mala?<br \/>\nOcorre que a vit\u00f3ria do golpe foi tamb\u00e9m a vit\u00f3ria da hipocrisia e do cinismo. Nos ambientes c\u00ednicos impera a desfa\u00e7atez, n\u00e3o h\u00e1 mais mesuras com a moral e os bons costumes e nem sequer os pol\u00edticos se importam com as apar\u00eancias. Nem mesmo os colunistas e analistas pol\u00edticos de plant\u00e3o e a grande m\u00eddia em geral: todos foram tragados pelo cinismo ao ponto da grande m\u00eddia brasileira ver-se desmoralizada junto \u00e0 m\u00eddia europeia e norte-americana.<br \/>\nNo ambiente c\u00ednico as den\u00fancias j\u00e1 n\u00e3o importam. Tanto faz ser considerado honesto ou corrupto. Os pol\u00edticos, comTemer\u00a0\u00e0 frente, se d\u00e3o uma qualquer miss\u00e3o autoatribu\u00edda e agem em nome dela ignorando as den\u00fancias que os atingem. A grande m\u00eddia e boa parte da opini\u00e3o p\u00fablica, ambas desmoralizadas pelo monstro que ajudaram a produzir, procuram envernizar a aquilo que n\u00e3o comporta nenhuma ader\u00eancia a qualquer produto lustroso. Mas tanto faz. Afinal de contas, a\u00a0Dilma\u00a0foi afastada e tenta-se dar a esse golpe desastroso para a democracia brasileira a apar\u00eancia de normalidade.<br \/>\nA aparente inviabilidade do governo\u00a0Temer\u00a0produz todo tipo de ilus\u00e3o na presente conjuntura. A primeira ilus\u00e3o \u00e9 a ideia da volta de\u00a0Dilma. Nem mesmo o\u00a0PT\u00a0quer que ela volte. Basta conversar com dirigentes do partido ou mesmo ler as entrelinhas da reportagem da\u00a0Folha de S. Paulo\u00a0do final de semana que traz an\u00e1lises dos petistas indicando que n\u00e3o acreditam que as dela\u00e7\u00f5es de\u00a0Machado\u00a0possam ajudar\u00a0Dilma. As an\u00e1lises est\u00e3o corretas. Ocorre que\u00a0Dilma\u00a0n\u00e3o oferece uma sa\u00edda para a crise e para a governabilidade e o\u00a0PT\u00a0n\u00e3o a quer de volta. Mesmo que mais dela\u00e7\u00f5es firam de morte o governo ileg\u00edtimo, o afastamento de\u00a0Dilma\u00a0parece ser um ponto de n\u00e3o-retorno.<br \/>\nSe o governo\u00a0Temer\u00a0se inviabilizar, a tend\u00eancia \u00e9 a de que o golpe se aprofunde, com a superveni\u00eancia de um presidente escolhido pelo Congresso no in\u00edcio de 2017. Os golpes n\u00e3o retrocedem. Aprofundam-se. Lembremos que as promessas de elei\u00e7\u00f5es feitas por\u00a0Castelo Branco\u00a0em 1964 n\u00e3o se concretizaram. Ademais, se o\u00a0<a href=\"http:\/\/www.ihu.unisinos.br\/entrevistas\/554103-processo-de-impeachment-foi-grosseiramente-forjado-entrevista-especial-com-fabio-konder-comparato\">impeachment<\/a>\u00a0for aprovado em definitivo, tend\u00eancia mais prov\u00e1vel,\u00a0Temer\u00a0tentar\u00e1 virar o jogo com uma reforma ministerial afastando os ministros mais inc\u00f4modos visando preservar-se. A repress\u00e3o aos movimentos sociais ser\u00e1 a praxe para enfrentar a press\u00e3o das ruas.<br \/>\nA poss\u00edvel inviabilidade de\u00a0Temer\u00a0vem gerando a segunda grande ilus\u00e3o: a ilus\u00e3o do pacto. \u00c9 preciso perceber que o pacto j\u00e1 foi feito: o pacto conservador das elites atrav\u00e9s do afastamento de\u00a0Dilma. A \u00e1rea econ\u00f4mica do minist\u00e9rioTemer, com\u00a0Meirelles\u00a0\u00e0 frente, \u00e9 o rosto vis\u00edvel do pacto.\u00a0Temer\u00a0\u00e9 um instrumento desse pacto. Se ele se tornar um estorvo, ser\u00e1 removido.<br \/>\nPor outro lado, se o governo\u00a0Temer\u00a0\u00e9 produto de um golpe, como de fato o \u00e9, o\u00a0PT\u00a0ou qualquer for\u00e7a democr\u00e1tica, progressista e de esquerda n\u00e3o pode pactuar com esse governo ou com as for\u00e7as que apoiaram o golpe. O lugar dos progressistas, dos democratas e das esquerdas \u00e9 na oposi\u00e7\u00e3o ao governo ileg\u00edtimo ou qualquer subproduto que ele produza para continuar. Pactuar com essas for\u00e7as representar\u00e1 uma trai\u00e7\u00e3o aos\u00a0movimentos sociais\u00a0e aos progressistas que protestaram e protestam nas ruas contra o golpe. Ser\u00e1 uma trai\u00e7\u00e3o aos trabalhadores e aos mais pobres que ter\u00e3o direitos decepados e o desemprego crescente. O pacto conservador do golpe visa superar a crise com um brutal corte do delgado colch\u00e3o de prote\u00e7\u00e3o social que se construiu desde a Constitui\u00e7\u00e3o de 1988, garantindo os altos ganhos do rentismo e dos bancos. N\u00e3o \u00e9 outro objetivo da proposta de\u00a0PEC\u00a0de\u00a0Meirelles, que limitar\u00e1 os gastos com o social, mas n\u00e3o o limitar\u00e1 com o pagamento de juros.<br \/>\nOs pactos nunca formam bons para os trabalhadores e para as for\u00e7as populares e progressistas. Sempre representaram a continuidade da domina\u00e7\u00e3o das elites conservadoras. Foram \u201ctransi\u00e7\u00f5es transadas\u201d, na defini\u00e7\u00e3o de\u00a0Raimundo Faoro, para manter as mesmas elites no poder sob a apar\u00eancia de uma falsa mudan\u00e7a. Os pactos expressam a velha e ludibriosa f\u00f3rmula de produzir uma apar\u00eancia de mudan\u00e7a para manter tudo como est\u00e1.<br \/>\n<span class=\"intertit\">O Solene Sil\u00eancio das Esquerdas<\/span><br \/>\nN\u00e3o passou despercebida a rea\u00e7\u00e3o quase protocolar dos partidos de esquerda \u2013\u00a0PC do B,\u00a0PSol\u00a0e\u00a0PT\u00a0\u2013 em face das estarrecedoras revela\u00e7\u00f5es da dela\u00e7\u00e3o de\u00a0<a href=\"http:\/\/www.ihu.unisinos.br\/noticias\/555472-sergio-machado-o-paranoico-com-grampos-que-virou-algoz-do-pmdb\">S\u00e9rgio Machado<\/a>.\u00a0Temer\u00a0foi citado e os partidos de esquerda n\u00e3o exigiram a sua ren\u00fancia imediata. Sequer foram ao Supremo Tribunal Federal exigir uma investiga\u00e7\u00e3o formal de\u00a0Temer, como fazia a antiga oposi\u00e7\u00e3o com\u00a0Dilma. A antiga oposi\u00e7\u00e3o pediu que se investigasse at\u00e9 os gastos com cabeleireiro. Na verdade, agora, trata-se de um sil\u00eancio cheio de alaridos reveladores.<br \/>\nNo jogo de acomoda\u00e7\u00f5es, os partidos citados j\u00e1 encontraram o seu lugar: fazer oposi\u00e7\u00e3o ao governo e tentar salvar, ao m\u00e1ximo, postos avan\u00e7ados de poder nas elei\u00e7\u00f5es municipais deste ano. Para alcan\u00e7ar este \u00faltimo objetivo, no c\u00e1lculo desses partidos, chegou-se \u00e0 conclus\u00e3o de que \u00e9 mais vantajoso estar em oposi\u00e7\u00e3o a\u00a0Temer\u00a0do que ter a volta deDilma. Mal ou bem \u00e9 uma estrat\u00e9gia. Se vai dar certo ou n\u00e3o, o tempo dir\u00e1. Mas \u00e9 preciso prestar aten\u00e7\u00e3o ao movimento de aprofundamento do golpe. O pre\u00e7o de sua viabilidade \u00e9 muito alto para ser suportado apenas por c\u00e1lculos eleitorais.<br \/>\nOutro solene sil\u00eancio das esquerdas diz respeito \u00e0s iniciativas cada vez mais abertas para por um fim \u00e0\u00a0<a href=\"http:\/\/www.ihu.unisinos.br\/noticias\/555406-em-dialogos-gravados-juca-fala-em-pacto-para-deter-avanco-da-lava-jato\">Lava Jato<\/a>. Iniciativas que v\u00eam do\u00a0PMDB, do\u00a0PSDB, do chamado centr\u00e3o e de analistas e comentaristas da grande m\u00eddia. Estes \u00faltimos come\u00e7am a sugerir, de forma enviesada, a tese de que a\u00a0Lava Jato\u00a0precisa chegar a um fim. Est\u00e3o at\u00e9 mesmo definindo um prazo: dezembro de 2016. N\u00e3o \u00e9 um jogo simples: precisaria a coniv\u00eancia da Procuradoria Geral da Rep\u00fablica e do\u00a0STF. \u00c9 preciso perceber que o eixo principal da\u00a0Lava Jato\u00a0se deslocou de Curitiba para Bras\u00edlia, de <a href=\"http:\/\/www.ihu.unisinos.br\/noticias\/552520-boulos-sergio-moro-juiz-ingenuo\">S\u00e9rgio Moro<\/a>\u00a0para\u00a0Rodrigo Janot.<br \/>\nO caso da investiga\u00e7\u00e3o de\u00a0Lula\u00a0agora est\u00e1 com\u00a0S\u00e9rgio Moro, que tem se mostrado c\u00e9lere proferindo mais de 100 condena\u00e7\u00f5es contra nenhuma do\u00a0STF.\u00a0As c\u00fapulas do\u00a0PMDB\u00a0e do\u00a0PSDB\u00a0est\u00e3o em Bras\u00edlia, com\u00a0Janot\u00a0e o\u00a0STF. Bastar\u00e1Moro\u00a0decidir alguma condena\u00e7\u00e3o contra\u00a0Lula\u00a0e a press\u00e3o para paralisar a\u00a0Lava Jato\u00a0aumentar\u00e1. O jogo do abafa crescer\u00e1. Desta forma, \u00e9 incompreens\u00edvel o silencia das esquerdas ante as manobras e press\u00f5es contra a\u00a0Lava Jato. Esse sil\u00eancio, que \u00e9 omiss\u00e3o, tende a se tornar coniv\u00eancia. Poder\u00e1 colocar no mesmo lado o\u00a0PMDB, o\u00a0PSDB, o\u00a0PT\u00a0e a rede\u00a0Globo. Estariam os dirigentes do\u00a0PT\u00a0tomados pela\u00a0S\u00edndrome de Estocolmo?<br \/>\nArtigo originalmente publicado no\u00a0<a href=\"http:\/\/jornalggn.com.br\/noticia\/as-ilusoes-da-conjuntura-e-o-silencio-das-esquerdas-por-aldo-fornazieri\">Jornal GGN<\/a>, 20-06-2016.<br \/>\n&nbsp;<\/p>\n","protected":false},"excerpt":{"rendered":"<p>A gravidade da dela\u00e7\u00e3o premiada de\u00a0S\u00e9rgio Machado\u00a0deveria ter produzido o efeito de uma bomba termob\u00e1rica sobre o governo e sobre o sistema pol\u00edtico brasileiro. N\u00e3o teve. Em qualquer pa\u00eds s\u00e9rio, os dirigentes dos principais postos pol\u00edticos do pa\u00eds teriam sido obrigados a se afastar de seus cargos e estariam presos, inclusive o presidente ileg\u00edtimo Michel [&hellip;]<\/p>\n","protected":false},"author":21,"featured_media":35312,"comment_status":"open","ping_status":"closed","sticky":false,"template":"","format":"standard","meta":{"_jetpack_memberships_contains_paid_content":false,"footnotes":""},"categories":[82],"tags":[],"class_list":["post-35311","post","type-post","status-publish","format-standard","has-post-thumbnail","hentry","category-debates"],"aioseo_notices":[],"jetpack_featured_media_url":"","jetpack_sharing_enabled":true,"_links":{"self":[{"href":"https:\/\/www.jornalja.com.br\/especiais\/wp-json\/wp\/v2\/posts\/35311","targetHints":{"allow":["GET"]}}],"collection":[{"href":"https:\/\/www.jornalja.com.br\/especiais\/wp-json\/wp\/v2\/posts"}],"about":[{"href":"https:\/\/www.jornalja.com.br\/especiais\/wp-json\/wp\/v2\/types\/post"}],"author":[{"embeddable":true,"href":"https:\/\/www.jornalja.com.br\/especiais\/wp-json\/wp\/v2\/users\/21"}],"replies":[{"embeddable":true,"href":"https:\/\/www.jornalja.com.br\/especiais\/wp-json\/wp\/v2\/comments?post=35311"}],"version-history":[{"count":0,"href":"https:\/\/www.jornalja.com.br\/especiais\/wp-json\/wp\/v2\/posts\/35311\/revisions"}],"wp:featuredmedia":[{"embeddable":true,"href":"https:\/\/www.jornalja.com.br\/especiais\/wp-json\/"}],"wp:attachment":[{"href":"https:\/\/www.jornalja.com.br\/especiais\/wp-json\/wp\/v2\/media?parent=35311"}],"wp:term":[{"taxonomy":"category","embeddable":true,"href":"https:\/\/www.jornalja.com.br\/especiais\/wp-json\/wp\/v2\/categories?post=35311"},{"taxonomy":"post_tag","embeddable":true,"href":"https:\/\/www.jornalja.com.br\/especiais\/wp-json\/wp\/v2\/tags?post=35311"}],"curies":[{"name":"wp","href":"https:\/\/api.w.org\/{rel}","templated":true}]}}