{"id":35585,"date":"2016-06-28T21:27:19","date_gmt":"2016-06-29T00:27:19","guid":{"rendered":"http:\/\/www.jornalja.com.br\/?p=35585"},"modified":"2016-06-28T21:27:19","modified_gmt":"2016-06-29T00:27:19","slug":"o-macnaima-e-e-e","status":"publish","type":"post","link":"https:\/\/www.jornalja.com.br\/especiais\/o-macnaima-e-e-e\/","title":{"rendered":"\u00d3 Mac\u00b4Naima!  &#8230;\u00c9, e \u00e9."},"content":{"rendered":"<p>(Uma par\u00f3dia sertaneja de Macbeth)<\/p>\n<p style=\"text-align: right\">Paulo Timm \u2013 Maio, 2016<\/p>\n<p>N\u00e3o temas! Advai!<br \/>\nS\u00f3 um homem\u00a0\u00a0\u00a0que\u00a0\u00a0n\u00e3o foi parido pelo ventre de mulher<br \/>\nTe far\u00e1 mal. A cujo.<br \/>\nDisse\u00a0\u00a0Quelem\u00e9n:<br \/>\nO que foi feito, est\u00e1 feito.<br \/>\n&nbsp;<br \/>\nSe queres ser o homem que ontem foste\u00a0\u00a0\u00e0 noite, encara!<br \/>\nO inferno \u00e9 l\u00fagubre . A noite densa. O punhal\u00a0\u00a0profundo.<br \/>\n\u201cS\u00ea violento, ousado e firme\u201d\u00a0 . H\u00e1-de-o.<br \/>\nDisse ainda Quelem\u00e9n:<br \/>\nMas o que foi feito, est\u00e1 feito.<br \/>\n&nbsp;<br \/>\nO destempero\u00a0\u00a0\u00a0j\u00e1 n\u00e3o cabe nas fezes\u00a0\u00a0do Rep\u00fablica<br \/>\nO verbo\u00a0\u00a0j\u00e1 n\u00e3o arrefece a a\u00e7\u00e3o.<br \/>\nNem a\u00a0\u00a0a\u00e7\u00e3o aquece o verbo. E que!<br \/>\nQuelem\u00e9n sabe de tudo<br \/>\nTudo o que foi feito,\u00a0\u00a0est\u00e1 feito<br \/>\n&nbsp;<br \/>\nO sangue verte\u00a0\u00a0sobre o sangue cru<br \/>\nSangue infenso aos ares\u00a0\u00a0perfumados de Bel\u00e9m.<br \/>\nA carne, sim,\u00a0\u00a0cria\u00a0\u00a0carne crua. Os quantos.<br \/>\nSempre a sina ao longe de Quelem\u00e9n:<br \/>\nO que foi feito,\u00a0\u00a0est\u00e1 feito<br \/>\n&nbsp;<br \/>\nAh! Se eu\u00a0\u00a0pudesse examinar a urina dos acontecimentos<br \/>\nVem &#8230; vem,,, vem carinho!<br \/>\nHoje. Amanh\u00e3, talvez. Ou depois de amanh\u00e3. No nunca.<br \/>\n\u00d3 Quelem\u00e9n! Tu o disseste<br \/>\nO que foi feito , n\u00e3o pode\u00a0\u00a0mais ser desfeito<br \/>\n&nbsp;<br \/>\nA verdade \u00e9 esta sombra\u00a0\u00a0contada por mentirosos<br \/>\nMilh\u00f5es de almas paridas pelo destino<br \/>\nE apenas uma\u00a0\u00a0farta do seu pr\u00f3prio sangue\u00a0\u00a0letal Oressa.<br \/>\nQuelem\u00e9n! Quelem\u00e9n!<br \/>\nO que n\u00e3o pode ser consertado n\u00e3o deve preocupar<br \/>\n&nbsp;<br \/>\nTe entrega covarde!<br \/>\n\u00c0 puni\u00e7\u00e3o exemplar do\u00a0\u00a0teu tempo ido<br \/>\nVai! A pois.<br \/>\nDesconcertado. Preocupar&#8230;Deslei&#8230;<br \/>\nNonada<\/p>\n","protected":false},"excerpt":{"rendered":"<p>(Uma par\u00f3dia sertaneja de Macbeth) Paulo Timm \u2013 Maio, 2016 N\u00e3o temas! Advai! S\u00f3 um homem\u00a0\u00a0\u00a0que\u00a0\u00a0n\u00e3o foi parido pelo ventre de mulher Te far\u00e1 mal. A cujo. Disse\u00a0\u00a0Quelem\u00e9n: O que foi feito, est\u00e1 feito. &nbsp; Se queres ser o homem que ontem foste\u00a0\u00a0\u00e0 noite, encara! O inferno \u00e9 l\u00fagubre . A noite densa. O punhal\u00a0\u00a0profundo. [&hellip;]<\/p>\n","protected":false},"author":21,"featured_media":35587,"comment_status":"open","ping_status":"closed","sticky":false,"template":"","format":"standard","meta":{"_jetpack_memberships_contains_paid_content":false,"footnotes":""},"categories":[82],"tags":[],"class_list":["post-35585","post","type-post","status-publish","format-standard","has-post-thumbnail","hentry","category-debates"],"aioseo_notices":[],"jetpack_featured_media_url":"","jetpack_sharing_enabled":true,"_links":{"self":[{"href":"https:\/\/www.jornalja.com.br\/especiais\/wp-json\/wp\/v2\/posts\/35585","targetHints":{"allow":["GET"]}}],"collection":[{"href":"https:\/\/www.jornalja.com.br\/especiais\/wp-json\/wp\/v2\/posts"}],"about":[{"href":"https:\/\/www.jornalja.com.br\/especiais\/wp-json\/wp\/v2\/types\/post"}],"author":[{"embeddable":true,"href":"https:\/\/www.jornalja.com.br\/especiais\/wp-json\/wp\/v2\/users\/21"}],"replies":[{"embeddable":true,"href":"https:\/\/www.jornalja.com.br\/especiais\/wp-json\/wp\/v2\/comments?post=35585"}],"version-history":[{"count":0,"href":"https:\/\/www.jornalja.com.br\/especiais\/wp-json\/wp\/v2\/posts\/35585\/revisions"}],"wp:featuredmedia":[{"embeddable":true,"href":"https:\/\/www.jornalja.com.br\/especiais\/wp-json\/"}],"wp:attachment":[{"href":"https:\/\/www.jornalja.com.br\/especiais\/wp-json\/wp\/v2\/media?parent=35585"}],"wp:term":[{"taxonomy":"category","embeddable":true,"href":"https:\/\/www.jornalja.com.br\/especiais\/wp-json\/wp\/v2\/categories?post=35585"},{"taxonomy":"post_tag","embeddable":true,"href":"https:\/\/www.jornalja.com.br\/especiais\/wp-json\/wp\/v2\/tags?post=35585"}],"curies":[{"name":"wp","href":"https:\/\/api.w.org\/{rel}","templated":true}]}}