{"id":35810,"date":"2016-06-30T22:44:28","date_gmt":"2016-07-01T01:44:28","guid":{"rendered":"http:\/\/www.jornalja.com.br\/?p=35810"},"modified":"2016-06-30T22:44:28","modified_gmt":"2016-07-01T01:44:28","slug":"a-tragicomedia-brasileira","status":"publish","type":"post","link":"https:\/\/www.jornalja.com.br\/especiais\/a-tragicomedia-brasileira\/","title":{"rendered":"A tragicom\u00e9dia brasileira"},"content":{"rendered":"<p>Desde 17\/04\/2016 \u2013 ou ser\u00e1 desde 1500, mesmo? &#8211; estamos vivendo uma situa\u00e7\u00e3o surreal, com toques de tragicom\u00e9dia que as redes sociais potencializam atrav\u00e9s da \u201cguerra\u201d de vers\u00f5es e interpreta\u00e7\u00f5es que ali circulam. Como usu\u00e1ria da rede social Facebook, tenho utilizado tanto o bot\u00e3ozinho do riso quanto o da f\u00faria ou da tristeza. Vejamos alguns exemplos, dentre muitos outros.<br \/>\nO \u201cnovo regime fiscal\u201d proposto pelo governo interino \u00e9 um golpe a machadadas na constitui\u00e7\u00e3o de 1988, a chamada constitui\u00e7\u00e3o cidad\u00e3. Trata, simplificando, de reduzir em 50% os gastos sociais em 20 anos. Os investimentos ainda eram poucos e insuficientes, mas se isso passar pelo congresso (e \u00e9 prov\u00e1vel que sim, dado o car\u00e1ter majoritariamente antipopular do mesmo), ser\u00e1 decretado um retrocesso de mais de 30 anos no Brasil; profundamente tr\u00e1gico. Voltaremos aos tempos pr\u00e9-1988. Parece que temos todo um passado pela frente, parafraseando Clarice Lispector no seu livro A ma\u00e7\u00e3 no escuro. O toque c\u00f4mico, aqui, vem do Sensacionalista: \u201cA\u00e9cio j\u00e1 \u00e9 mais citado na Lava Jato que Clarice Lispector no Facebook!\u201d. Para os n\u00e3o usu\u00e1rios da rede, esclare\u00e7o que tanto Clarice, como Caio Fernando Abreu, Luis Fernado Verissimo e outros escritores s\u00e3o abundantemente \u201ccitados\u201d como autores de textos ap\u00f3crifos, de autoajuda, horr\u00edveis e rasos, que jamais teriam sido escritos por eles&#8230;<br \/>\nO tristemente engra\u00e7ado \u00e9 que aqueles que sa\u00edram \u00e0s ruas com a camisa da corrupta CBF pedindo \u201cmais educa\u00e7\u00e3o e mais sa\u00fade\u201d (genericamente, tudo por eles \u00e9 falado sempre genericamente, devido \u00e0 falta de informa\u00e7\u00e3o precisa e de conhecimento mais profundo e complexo dos problemas sociais) s\u00e3o os primeiros a aplaudir esse achaque sem precedentes, desde a redemocratiza\u00e7\u00e3o, aos direitos sociais no pa\u00eds. Acham tudo lindo, desde que o \u2018pet\u00ea\u2019 tenha sa\u00eddo do executivo. O \u2018pet\u00ea\u2019, realmente, deu margem \u00e0 parte do que se fala dele. Certo que tem muito del\u00edrio envolvido, boatos falsos e hoax povoaram a internet sobre Lula e seu partido, mas n\u00e3o se pode negar que a c\u00fapula paulista tornou-se proto-mafiosa, que pr\u00e1ticas de propina foram conduzidas por gente como Edinha Silva, que o modo de governar corrente desde 1500, t\u00e3o criticado pelo antigo Partido dos Trabalhadores, nunca foi extinto no pa\u00eds, como era nossa esperan\u00e7a no in\u00edcio de 2003. Juc\u00e1s, Sarneys, Cunhas e Renans continuaram a rapinagem de sempre.<br \/>\nMas a se reconhecer, uma pol\u00edtica p\u00fablica que buscou ser transversal com pol\u00edticas de educa\u00e7\u00e3o, sa\u00fade e trabalho, a transfer\u00eancia de renda condicionada, tirou o Brasil do mapa da fome da ONU. Isso deveria ter sido amplamente divulgado e comemorado no pa\u00eds. A m\u00eddia hegem\u00f4nica, contudo, calou. N\u00e3o lhe interessava divulgar bons feitos do governo petista. Quem n\u00e3o circula nas redes sociais, provavelmente nem ficou sabendo. O toque c\u00f4mico, aqui, s\u00e3o os coment\u00e1rios no perfil da ONU Brasil e da UNESCO, que noticiaram o positivo acontecimento: \u201cONU petralha, infestada de comunistas!\u201d hahaha! Surrealismo puro, e eles est\u00e3o plenamente convictos das sandices que bradam por a\u00ed. Not\u00e1vel como caem como patos em discursos absurdos e descolados da realidade.<br \/>\nMas por falar em pato, outro personagem interessante na farsa, digo, no enredo do golpe em curso \u00e9 a FIESP, aquela do pato roubado do artista holand\u00eas*, aquela que financiou regiamente a repress\u00e3o durante a ditadura. Seus membros est\u00e3o doidos para terceirizar em massa, para cortar custos em cima do trabalho (jamais cortam nos lucros, qu\u00e9 isso, n\u00e9, meu!) e precarizar ainda mais a condi\u00e7\u00e3o do trabalhador das camadas m\u00e9dias e pobres. Li agora a pouco uma excelente entrevista publicada no Jornal Extra-Classe (n\u00ba 204), com o juiz Sidinei Brzuska, que pondera o seguinte: \u201cO Brasil tem 500 anos, arredondando. Destes 500, tamb\u00e9m arredondando, conviveu 400 com a escravid\u00e3o. Nos \u00faltimos 70 anos, apenas quatro presidentes da Rep\u00fablica eleitos por voto direto e popular conclu\u00edram seus mandatos.\u201d Ou seja, n\u00e3o temos uma cultura cidad\u00e3 e democr\u00e1tica, muito antes pelo contr\u00e1rio! \u00c9 naturalizado em nossa sociedade que existem alguns que v\u00e3o fazer um trabalho pesado e sujo, duro e dif\u00edcil, e v\u00e3o ganhar pouco para isso. E que outros v\u00e3o fazer os melhores trabalhos e v\u00e3o ser regiamente remunerados, e que os primeiros nasceram para servir aos \u00faltimos. No per\u00edodo colonial, os n\u00e3o-brancos (ind\u00edgenas e negros) n\u00e3o eram considerados aptos a receber sal\u00e1rios: para eles s\u00f3 era pens\u00e1vel a servid\u00e3o e a escravid\u00e3o. O pensamento das \u201celites\u201d (que na verdade s\u00e3o rasteiras, rapineiras e mesquinhas) ainda \u00e9 escravocrata, herdeiro daqueles tempos.<br \/>\nO objetivo do juiz entrevistado \u00e9 humanizar o sistema penitenci\u00e1rio. Ali\u00e1s, falando em pris\u00f5es, que coisa, hein? Hoje, quando consegui finalizar esse texto, li a not\u00edcia da pris\u00e3o de mais um petista, o ex-ministro Paulo Bernardo. Tudo bem se a pris\u00e3o foi necess\u00e1ria, a\u00ed eu n\u00e3o terei nada contra ela, eu realmente n\u00e3o sei. Mas por que, algu\u00e9m me responda, por que Cunha, A\u00e9cio, Sarney, Perrela e outros est\u00e3o livres, leves e soltos? Por que as pris\u00f5es s\u00e3o seletivas? Quando se prender\u00e1 indiscriminadamente corruptos ou suspeitos de todo o espectro pol\u00edtico? Sergio Moro, cujo pai foi fundador do PSDB no Paran\u00e1, \u00e9 furiosamente tucano, todo mundo sabe disso. A partidariza\u00e7\u00e3o tem prejudicado demais a opera\u00e7\u00e3o Lava-Jato, que poderia significar um divisor de \u00e1guas em nosso pa\u00eds no combate \u00e0 corrup\u00e7\u00e3o. Lamentavelmente, n\u00e3o parece que vai ser assim.<br \/>\nQue a folha corrida dos ocupantes de cargos do governo golpista \u00e9 grande, j\u00e1 sabemos, pois cai um ministro por semana, mais ou menos, devido ao envolvimento em corrup\u00e7\u00e3o. (Par\u00eantesis para outro lance c\u00f4mico, na postagem do amigo internauta Gustavo Gindre: \u201cCuidado ao andar na rua, pode cair um ministro na sua cabe\u00e7a!\u201d). Outro amigo postou ainda essa semana: O ministro do Esporte, Leonardo Picciani (PMDB), nomeou, nesta sexta-feira, o ex-deputado estadual em Minas Gerais Gustavo Perrella\u00a0\u2013\u00a0que ficou famoso ap\u00f3s um helic\u00f3ptero de sua empresa ser apreendido pela Pol\u00edcia Federal com 445 kg de pasta de coca\u00edna em 2013 \u2013\u00a0para o cargo de secret\u00e1rio nacional de Futebol e Defesa dos Direitos do Torcedor. Os Perrella tinham tamb\u00e9m abastecido a aeronave com 14.000 reais de dinheiro p\u00fablico. Sabem o que a pol\u00edcia concluiu ap\u00f3s as investiga\u00e7\u00f5es, para encerrar o inqu\u00e9rito? Que a culpa era toda do piloto, o funcion\u00e1rio da fam\u00edlia, e eles n\u00e3o sabiam de nada! Hahahaha! Com\u00e9dia de novo. Ou seja, tragicom\u00e9dia, pois o fato em si denuncia a completa fal\u00eancia de nossas institui\u00e7\u00f5es, denuncia a fragilidade de nossa institucionalidade pseudodemocr\u00e1tica.<br \/>\nA cole\u00e7\u00e3o de trag\u00e9dias em curso \u00e9 grande, o espa\u00e7o desse texto n\u00e3o comporta todas. O governo (interino) brasileiro suspendeu negocia\u00e7\u00f5es que mantinha com a Uni\u00e3o Europeia para receber fam\u00edlias desalojadas pela guerra civil na S\u00edria. No ano passado, Dilma disse que o Brasil estava de bra\u00e7os abertos para acolher refugiados. Em 2013, o governo passou a facilitar o ingresso de s\u00edrios ao permitir que viajassem ao pa\u00eds com um visto especial, mais f\u00e1cil de obter (a modalidade tamb\u00e9m \u00e9 oferecida a haitianos). Ajuda humanit\u00e1ria internacional, solidariedade global, nem pensar.<br \/>\nEst\u00e1 tamb\u00e9m tentando fechar a TV Brasil, usando a desculpa esfarrapada e mentirosa de que virou um cabide de empregos (a maioria dos trabalhadores \u00e9 concursada) e que custa caro. Comunica\u00e7\u00e3o p\u00fablica e democr\u00e1tica n\u00e3o lhes interessa, claro. Legal \u00e9 ficar s\u00f3 com Globo, Record, SBT, Veja e similares. Essas est\u00e3o do mesmo lado, o lado das elites de sempre, sempre a defender seus interesses escusos. Acabar com a Comunica\u00e7\u00e3o P\u00fablica \u00e9 colocar o pa\u00eds entre os mais atrasados do planeta, afirmou a jornalista Cynara Menezes. Concordo plenamente. Prevista na Constitui\u00e7\u00e3o de 1988, a Comunica\u00e7\u00e3o P\u00fablica permite que uma sociedade tenha canais de express\u00e3o com interesse p\u00fablico e n\u00e3o apenas comercial.<br \/>\nOutro personagem bem conhecido dos ga\u00fachos, Eliseu Qua&#8230; digo, Padilha, teve o pedido de confisco de seus bens publicado pelo MPF, na semana que passou. Os toscos integrantes do governo interino s\u00e3o permanente fonte de tragicom\u00e9dia. Impressionante como essa gente n\u00e3o t\u00eam quadros! S\u00e3o s\u00f3 corruptos, despreparados, investigados, pastores reacion\u00e1rios&#8230; n\u00e3o h\u00e1, entre eles, quadros qualificados para ocuparem cargos por m\u00e9rito. Trag\u00e9dia total.<br \/>\nMas a parte da com\u00e9dia fica tamb\u00e9m por conta da criatividade do povo e da patetice das figuras midi\u00e1ticas de plant\u00e3o. Exemplo: certo comentarista da RBS\/R\u00e1dio Ga\u00facha, sempre contr\u00e1ria a governos de perfil popular, revela que dormiu em 1990 e acordou hoje de manh\u00e3 (dia 18\/06\/2016, em que escrevi essa parte do texto): anuncia, solene, que a UNI\u00c3O SOVI\u00c9TICA n\u00e3o vir\u00e1 \u00e0s Olimp\u00edadas. E ainda refor\u00e7a, convicto, \u201cos sovi\u00e9ticos n\u00e3o vir\u00e3o\u201d! Gente, quer dizer que os bolcheviques ressuscitaram?!? Desde 1991 estavam extintos!<br \/>\nToquem a Internacional na r\u00e1dio Ga\u00facha para dar o alarme e vamos tirar as crian\u00e7as da sala. Continua o tom tragic\u00f4mico dos acontecimentos no \u2018Brazil\u2019 de 2016!<br \/>\n*Para quem n\u00e3o leu a respeito: http:\/\/www.diariodocentrodomundo.com.br\/essencial\/pato-da-fiesp-e-plagio-afirma-artista-holandes\/<br \/>\n&nbsp;<\/p>\n","protected":false},"excerpt":{"rendered":"<p>Desde 17\/04\/2016 \u2013 ou ser\u00e1 desde 1500, mesmo? &#8211; estamos vivendo uma situa\u00e7\u00e3o surreal, com toques de tragicom\u00e9dia que as redes sociais potencializam atrav\u00e9s da \u201cguerra\u201d de vers\u00f5es e interpreta\u00e7\u00f5es que ali circulam. Como usu\u00e1ria da rede social Facebook, tenho utilizado tanto o bot\u00e3ozinho do riso quanto o da f\u00faria ou da tristeza. Vejamos alguns [&hellip;]<\/p>\n","protected":false},"author":21,"featured_media":35811,"comment_status":"open","ping_status":"closed","sticky":false,"template":"","format":"standard","meta":{"_jetpack_memberships_contains_paid_content":false,"footnotes":""},"categories":[82],"tags":[34],"class_list":["post-35810","post","type-post","status-publish","format-standard","has-post-thumbnail","hentry","category-debates","tag-facebook"],"aioseo_notices":[],"jetpack_featured_media_url":"","jetpack_sharing_enabled":true,"_links":{"self":[{"href":"https:\/\/www.jornalja.com.br\/especiais\/wp-json\/wp\/v2\/posts\/35810","targetHints":{"allow":["GET"]}}],"collection":[{"href":"https:\/\/www.jornalja.com.br\/especiais\/wp-json\/wp\/v2\/posts"}],"about":[{"href":"https:\/\/www.jornalja.com.br\/especiais\/wp-json\/wp\/v2\/types\/post"}],"author":[{"embeddable":true,"href":"https:\/\/www.jornalja.com.br\/especiais\/wp-json\/wp\/v2\/users\/21"}],"replies":[{"embeddable":true,"href":"https:\/\/www.jornalja.com.br\/especiais\/wp-json\/wp\/v2\/comments?post=35810"}],"version-history":[{"count":0,"href":"https:\/\/www.jornalja.com.br\/especiais\/wp-json\/wp\/v2\/posts\/35810\/revisions"}],"wp:featuredmedia":[{"embeddable":true,"href":"https:\/\/www.jornalja.com.br\/especiais\/wp-json\/"}],"wp:attachment":[{"href":"https:\/\/www.jornalja.com.br\/especiais\/wp-json\/wp\/v2\/media?parent=35810"}],"wp:term":[{"taxonomy":"category","embeddable":true,"href":"https:\/\/www.jornalja.com.br\/especiais\/wp-json\/wp\/v2\/categories?post=35810"},{"taxonomy":"post_tag","embeddable":true,"href":"https:\/\/www.jornalja.com.br\/especiais\/wp-json\/wp\/v2\/tags?post=35810"}],"curies":[{"name":"wp","href":"https:\/\/api.w.org\/{rel}","templated":true}]}}