{"id":35848,"date":"2016-07-02T14:31:16","date_gmt":"2016-07-02T17:31:16","guid":{"rendered":"http:\/\/www.jornalja.com.br\/?p=35848"},"modified":"2016-07-02T14:31:16","modified_gmt":"2016-07-02T17:31:16","slug":"video-palestra-divida-publica-e-financeirizacao-o-caso-brasileiro","status":"publish","type":"post","link":"https:\/\/www.jornalja.com.br\/especiais\/video-palestra-divida-publica-e-financeirizacao-o-caso-brasileiro\/","title":{"rendered":"V\u00eddeo: palestra &quot;D\u00edvida p\u00fablica e financeiriza\u00e7\u00e3o &#8211; o caso brasileiro&quot;"},"content":{"rendered":"<p>O Comit\u00ea em Defesa da Democracia e do Estado Democr\u00e1tico de Direito\u00a0promoveu\u00a0a palestra &#8220;D\u00edvida p\u00fablica e financeiriza\u00e7\u00e3o &#8211; o caso brasileiro&#8221; no dia 1\u00ba\/07, das 19h \u00e0s 21h, direto do audit\u00f3rio da Afocefe Sindicato, em Porto Alegre.<br \/>\nA palestra contou com a participa\u00e7\u00e3o dos debatedores Josu\u00e9 Martins, presidente do Sindicado dos Auditores do TCE\/RS e integrante do N\u00facleo Ga\u00facho da Auditoria Cidad\u00e3 da D\u00edvida, \u00a0e do professor de Economia da UFRGS, <strong>Marcelo Milan<\/strong>.<br \/>\nConfira a integra da palestra.<\/p>\n<p>&nbsp;<br \/>\n&nbsp;<\/p>\n","protected":false},"excerpt":{"rendered":"<p>O Comit\u00ea em Defesa da Democracia e do Estado Democr\u00e1tico de Direito\u00a0promoveu\u00a0a palestra &#8220;D\u00edvida p\u00fablica e financeiriza\u00e7\u00e3o &#8211; o caso brasileiro&#8221; no dia 1\u00ba\/07, das 19h \u00e0s 21h, direto do audit\u00f3rio da Afocefe Sindicato, em Porto Alegre. A palestra contou com a participa\u00e7\u00e3o dos debatedores Josu\u00e9 Martins, presidente do Sindicado dos Auditores do TCE\/RS e [&hellip;]<\/p>\n","protected":false},"author":21,"featured_media":35851,"comment_status":"open","ping_status":"closed","sticky":false,"template":"","format":"video","meta":{"_jetpack_memberships_contains_paid_content":false,"footnotes":""},"categories":[82],"tags":[],"class_list":["post-35848","post","type-post","status-publish","format-video","has-post-thumbnail","hentry","category-debates","post_format-post-format-video"],"aioseo_notices":[],"jetpack_featured_media_url":"","jetpack_sharing_enabled":true,"_links":{"self":[{"href":"https:\/\/www.jornalja.com.br\/especiais\/wp-json\/wp\/v2\/posts\/35848","targetHints":{"allow":["GET"]}}],"collection":[{"href":"https:\/\/www.jornalja.com.br\/especiais\/wp-json\/wp\/v2\/posts"}],"about":[{"href":"https:\/\/www.jornalja.com.br\/especiais\/wp-json\/wp\/v2\/types\/post"}],"author":[{"embeddable":true,"href":"https:\/\/www.jornalja.com.br\/especiais\/wp-json\/wp\/v2\/users\/21"}],"replies":[{"embeddable":true,"href":"https:\/\/www.jornalja.com.br\/especiais\/wp-json\/wp\/v2\/comments?post=35848"}],"version-history":[{"count":0,"href":"https:\/\/www.jornalja.com.br\/especiais\/wp-json\/wp\/v2\/posts\/35848\/revisions"}],"wp:featuredmedia":[{"embeddable":true,"href":"https:\/\/www.jornalja.com.br\/especiais\/wp-json\/"}],"wp:attachment":[{"href":"https:\/\/www.jornalja.com.br\/especiais\/wp-json\/wp\/v2\/media?parent=35848"}],"wp:term":[{"taxonomy":"category","embeddable":true,"href":"https:\/\/www.jornalja.com.br\/especiais\/wp-json\/wp\/v2\/categories?post=35848"},{"taxonomy":"post_tag","embeddable":true,"href":"https:\/\/www.jornalja.com.br\/especiais\/wp-json\/wp\/v2\/tags?post=35848"}],"curies":[{"name":"wp","href":"https:\/\/api.w.org\/{rel}","templated":true}]}}